{"id":660943,"date":"2026-04-23T16:07:50","date_gmt":"2026-04-23T14:07:50","guid":{"rendered":"https:\/\/kohenavocats.com\/cour-dappel-de-orleans-le-28-janvier-2026-n24-00069\/"},"modified":"2026-04-23T16:07:50","modified_gmt":"2026-04-23T14:07:50","slug":"cour-dappel-de-orleans-le-28-janvier-2026-n24-00069","status":"publish","type":"post","link":"https:\/\/kohenavocats.com\/ru\/cour-dappel-de-orleans-le-28-janvier-2026-n24-00069\/","title":{"rendered":"Cour d&#8217;appel de Orl\u00e9ans, le 28 janvier 2026, n\u00b024\/00069"},"content":{"rendered":"<div class=\"article-content\">\n<p>La Cour d&#8217;appel d&#8217;Orl\u00e9ans, statuant le 28 janvier 2026, a examin\u00e9 le licenciement pour insuffisance professionnelle d&#8217;un ing\u00e9nieur commercial. Apr\u00e8s plus de vingt ans d&#8217;anciennet\u00e9, l&#8217;employeur lui reprochait divers manquements dans l&#8217;exercice de ses fonctions. La cour a infirm\u00e9 le jugement des prud&#8217;hommes pour statuer sur la cause r\u00e9elle et s\u00e9rieuse du licenciement et sur d&#8217;autres demandes du salari\u00e9. Elle a finalement annul\u00e9 le licenciement pour absence de cause r\u00e9elle et s\u00e9rieuse et condamn\u00e9 l&#8217;employeur \u00e0 diverses indemnit\u00e9s.<\/p>\n<p>L&#8217;exigence d&#8217;une d\u00e9monstration probante de l&#8217;insuffisance professionnelle<\/p>\n<p>La cour a m\u00e9thodiquement rejet\u00e9 chacun des griefs avanc\u00e9s par l&#8217;employeur pour justifier le licenciement. Elle a rappel\u00e9 que la caract\u00e9risation d&#8217;une insuffisance professionnelle exige des preuves solides et objectives. Elle a ainsi \u00e9cart\u00e9 les reproches fond\u00e9s sur une simple comparaison avec les r\u00e9sultats d&#8217;autres membres de l&#8217;\u00e9quipe. &#171;La comparaison op\u00e9r\u00e9e par l&#8217;employeur avec les autres membres de l&#8217;\u00e9quipe n&#8217;est pas probante, celui-ci ne d\u00e9montrant pas que les coll\u00e8gues concern\u00e9s exer\u00e7aient dans des conditions similaires&#187; (Sur le constat tenant \u00e0 une activit\u00e9 inefficace du salari\u00e9). La port\u00e9e de ce point est essentielle pour encadrer le pouvoir de contr\u00f4le de l&#8217;employeur. Il ne peut se fonder sur des appr\u00e9ciations subjectives ou des comparaisons biais\u00e9es pour \u00e9tablir une insuffisance. La valeur de cette analyse rejoint une jurisprudence constante exigeant que l&#8217;employeur d\u00e9montre concr\u00e8tement les manquements. &#171;Les \u00e9l\u00e9ments vers\u00e9s aux d\u00e9bats (&#8230;) ne permettent pas d&#8217;\u00e9tablir l&#8217;insuffisance professionnelle reproch\u00e9e au salari\u00e9&#187; (Cour d&#8217;appel de Lyon, le 28 janvier 2026, n\u00b022\/08203). L&#8217;employeur doit ainsi prouver que les objectifs \u00e9taient r\u00e9alistes et les moyens fournis.<\/p>\n<p>L&#8217;appr\u00e9ciation stricte des moyens de d\u00e9fense et des obligations de l&#8217;employeur<\/p>\n<p>La cour a op\u00e9r\u00e9 une distinction nette entre les manquements ponctuels et une insuffisance professionnelle caract\u00e9ris\u00e9e. Elle a reconnu certains faits, comme le d\u00e9faut de transmission de comptes rendus, mais les a jug\u00e9s isol\u00e9s. &#171;Ce manquement demeure isol\u00e9 au regard de l&#8217;ensemble de sa carri\u00e8re&#187; (Sur le constat du mauvais suivi des clients). Le sens de cette analyse est de pr\u00e9venir la transformation d&#8217;\u00e9carts mineurs en cause de licenciement. Par ailleurs, la cour a requalifi\u00e9 certains agissements reproch\u00e9s en fautes disciplinaires, soumises \u00e0 la prescription de deux mois. &#171;Les faits d\u00e9nonc\u00e9s par l&#8217;employeur s&#8217;apparentent \u00e0 des agissements d\u00e9lib\u00e9r\u00e9s susceptibles d&#8217;\u00eatre qualifi\u00e9s de faute&#187; (Sur les man\u0153uvres commerciales qui discr\u00e9ditent la soci\u00e9t\u00e9). La port\u00e9e de cette requalification prot\u00e8ge le salari\u00e9 contre l&#8217;usage tardif de griefs anciens. Enfin, la cour a sanctionn\u00e9 le manquement de l&#8217;employeur \u00e0 son obligation de formation. Elle a relev\u00e9 l&#8217;absence d&#8217;accompagnement effectif et de formations cibl\u00e9es. &#171;La seule existence de plans d&#8217;action formalis\u00e9s, non suivis d&#8217;un accompagnement effectif, ne saurait suffire&#187; (Sur le manquement de l&#8217;employeur en mati\u00e8re de formation). La valeur de cette condamnation rappelle que l&#8217;obligation de formation est une charge proactive incombant \u00e0 l&#8217;employeur.<\/p>\n<\/div>\n","protected":false},"excerpt":{"rendered":"<p>La Cour d&#8217;appel d&#8217;Orl\u00e9ans, statuant le 28 janvier 2026, a examin\u00e9 le licenciement pour insuffisance professionnelle d&#8217;un ing\u00e9nieur commercial. Apr\u00e8s plus de &#8230;<\/p>\n","protected":false},"author":232070755,"featured_media":9655,"comment_status":"open","ping_status":"open","sticky":false,"template":"","format":"standard","meta":{"_crdt_document":"","_jetpack_newsletter_access":"","_jetpack_dont_email_post_to_subs":false,"_jetpack_newsletter_tier_id":0,"_jetpack_memberships_contains_paywalled_content":false,"_kj_source_type":"","_kj_official_id":"","_kj_official_url":"","_kj_judilibre_id":"","_kj_jur":"","_kj_lieu":"","_kj_chambre":"","_kj_rg":"","_kj_date":"","_jetpack_memberships_contains_paid_content":false,"footnotes":"","jetpack_post_was_ever_published":false},"categories":[7597],"tags":[],"class_list":["post-660943","post","type-post","status-publish","format-standard","has-post-thumbnail","hentry","category-jurisprudence"],"yoast_head":"<!-- This site is optimized with the Yoast SEO Premium plugin v27.5 (Yoast SEO v27.5) - https:\/\/yoast.com\/product\/yoast-seo-premium-wordpress\/ -->\n<title>Cour d&#039;appel de Orl\u00e9ans, le 28 janvier 2026, n\u00b024\/00069 - Ma\u00eetre Hassan Kohen, avocat en droit p\u00e9nal \u00e0 Paris<\/title>\n<meta name=\"description\" content=\"La Cour d&#039;appel d&#039;Orl\u00e9ans, statuant le 28 janvier 2026, a examin\u00e9 le licenciement pour insuffisance professionnelle d&#039;un ing\u00e9nieur commercial. Apr\u00e8s plus de ...\" \/>\n<meta name=\"robots\" content=\"index, follow, max-snippet:-1, max-image-preview:large, max-video-preview:-1\" \/>\n<link rel=\"canonical\" href=\"https:\/\/kohenavocats.com\/ru\/cour-dappel-de-orleans-le-28-janvier-2026-n24-00069\/\" \/>\n<meta property=\"og:locale\" content=\"ru_RU\" \/>\n<meta property=\"og:type\" content=\"article\" \/>\n<meta property=\"og:title\" content=\"Cour d&#039;appel de Orl\u00e9ans, le 28 janvier 2026, n\u00b024\/00069\" \/>\n<meta property=\"og:description\" content=\"La Cour d&#039;appel d&#039;Orl\u00e9ans, statuant le 28 janvier 2026, a examin\u00e9 le licenciement pour insuffisance professionnelle d&#039;un ing\u00e9nieur commercial. Apr\u00e8s plus de ...\" \/>\n<meta property=\"og:url\" content=\"https:\/\/kohenavocats.com\/ru\/cour-dappel-de-orleans-le-28-janvier-2026-n24-00069\/\" \/>\n<meta property=\"og:site_name\" content=\"Ma\u00eetre Hassan Kohen, avocat en droit p\u00e9nal \u00e0 Paris\" \/>\n<meta property=\"article:published_time\" content=\"2026-04-23T14:07:50+00:00\" \/>\n<meta property=\"og:image\" content=\"https:\/\/kohenavocats.com\/wp-content\/uploads\/2024\/11\/umpholphat-dangam-le9eON7OAXo-unsplash.webp\" \/>\n\t<meta property=\"og:image:width\" content=\"2888\" \/>\n\t<meta property=\"og:image:height\" content=\"4332\" \/>\n\t<meta property=\"og:image:type\" content=\"image\/webp\" \/>\n<meta name=\"author\" content=\"Kohen\" \/>\n<meta name=\"twitter:card\" content=\"summary_large_image\" \/>\n<meta name=\"twitter:label1\" content=\"\u041d\u0430\u043f\u0438\u0441\u0430\u043d\u043e \u0430\u0432\u0442\u043e\u0440\u043e\u043c\" \/>\n\t<meta name=\"twitter:data1\" content=\"Kohen\" \/>\n\t<meta name=\"twitter:label2\" content=\"\u041f\u0440\u0438\u043c\u0435\u0440\u043d\u043e\u0435 \u0432\u0440\u0435\u043c\u044f \u0434\u043b\u044f \u0447\u0442\u0435\u043d\u0438\u044f\" \/>\n\t<meta name=\"twitter:data2\" content=\"3 \u043c\u0438\u043d\u0443\u0442\u044b\" \/>\n<script type=\"application\/ld+json\" class=\"yoast-schema-graph\">{\"@context\":\"https:\\\/\\\/schema.org\",\"@graph\":[{\"@type\":\"Article\",\"@id\":\"https:\\\/\\\/kohenavocats.com\\\/ru\\\/cour-dappel-de-orleans-le-28-janvier-2026-n24-00069\\\/#article\",\"isPartOf\":{\"@id\":\"https:\\\/\\\/kohenavocats.com\\\/ru\\\/cour-dappel-de-orleans-le-28-janvier-2026-n24-00069\\\/\"},\"author\":{\"name\":\"Kohen\",\"@id\":\"https:\\\/\\\/kohenavocats.com\\\/ru\\\/#\\\/schema\\\/person\\\/761c9ba54fa1ca84d405cef0831ff751\"},\"headline\":\"Cour d&#8217;appel de Orl\u00e9ans, le 28 janvier 2026, n\u00b024\\\/00069\",\"datePublished\":\"2026-04-23T14:07:50+00:00\",\"mainEntityOfPage\":{\"@id\":\"https:\\\/\\\/kohenavocats.com\\\/ru\\\/cour-dappel-de-orleans-le-28-janvier-2026-n24-00069\\\/\"},\"wordCount\":551,\"commentCount\":0,\"publisher\":{\"@id\":\"https:\\\/\\\/kohenavocats.com\\\/ru\\\/#organization\"},\"image\":{\"@id\":\"https:\\\/\\\/kohenavocats.com\\\/ru\\\/cour-dappel-de-orleans-le-28-janvier-2026-n24-00069\\\/#primaryimage\"},\"thumbnailUrl\":\"https:\\\/\\\/kohenavocats.com\\\/wp-content\\\/uploads\\\/2024\\\/11\\\/umpholphat-dangam-le9eON7OAXo-unsplash.webp\",\"articleSection\":[\"Jurisprudence\"],\"inLanguage\":\"ru-RU\",\"potentialAction\":[{\"@type\":\"CommentAction\",\"name\":\"Comment\",\"target\":[\"https:\\\/\\\/kohenavocats.com\\\/ru\\\/cour-dappel-de-orleans-le-28-janvier-2026-n24-00069\\\/#respond\"]}],\"citation\":\"Cour d&#8217;appel de Orl\u00e9ans, le 28 janvier 2026, n\u00b024\\\/00069\",\"about\":[{\"@type\":\"Thing\",\"name\":\"Jurisprudence\"}],\"dateModified\":\"2026-04-23T14:07:50+00:00\",\"speakable\":{\"@type\":\"SpeakableSpecification\",\"cssSelector\":[\".article-content > p:first-of-type\"]}},{\"@type\":\"WebPage\",\"@id\":\"https:\\\/\\\/kohenavocats.com\\\/ru\\\/cour-dappel-de-orleans-le-28-janvier-2026-n24-00069\\\/\",\"url\":\"https:\\\/\\\/kohenavocats.com\\\/ru\\\/cour-dappel-de-orleans-le-28-janvier-2026-n24-00069\\\/\",\"name\":\"Cour d'appel de Orl\u00e9ans, le 28 janvier 2026, n\u00b024\\\/00069 - Ma\u00eetre Hassan Kohen, avocat en droit p\u00e9nal \u00e0 Paris\",\"isPartOf\":{\"@id\":\"https:\\\/\\\/kohenavocats.com\\\/ru\\\/#website\"},\"primaryImageOfPage\":{\"@id\":\"https:\\\/\\\/kohenavocats.com\\\/ru\\\/cour-dappel-de-orleans-le-28-janvier-2026-n24-00069\\\/#primaryimage\"},\"image\":{\"@id\":\"https:\\\/\\\/kohenavocats.com\\\/ru\\\/cour-dappel-de-orleans-le-28-janvier-2026-n24-00069\\\/#primaryimage\"},\"thumbnailUrl\":\"https:\\\/\\\/kohenavocats.com\\\/wp-content\\\/uploads\\\/2024\\\/11\\\/umpholphat-dangam-le9eON7OAXo-unsplash.webp\",\"datePublished\":\"2026-04-23T14:07:50+00:00\",\"description\":\"La Cour d'appel d'Orl\u00e9ans, statuant le 28 janvier 2026, a examin\u00e9 le licenciement pour insuffisance professionnelle d'un ing\u00e9nieur commercial. Apr\u00e8s plus de ...\",\"breadcrumb\":{\"@id\":\"https:\\\/\\\/kohenavocats.com\\\/ru\\\/cour-dappel-de-orleans-le-28-janvier-2026-n24-00069\\\/#breadcrumb\"},\"inLanguage\":\"ru-RU\",\"potentialAction\":[{\"@type\":\"ReadAction\",\"target\":[\"https:\\\/\\\/kohenavocats.com\\\/ru\\\/cour-dappel-de-orleans-le-28-janvier-2026-n24-00069\\\/\"]}]},{\"@type\":\"ImageObject\",\"inLanguage\":\"ru-RU\",\"@id\":\"https:\\\/\\\/kohenavocats.com\\\/ru\\\/cour-dappel-de-orleans-le-28-janvier-2026-n24-00069\\\/#primaryimage\",\"url\":\"https:\\\/\\\/kohenavocats.com\\\/wp-content\\\/uploads\\\/2024\\\/11\\\/umpholphat-dangam-le9eON7OAXo-unsplash.webp\",\"contentUrl\":\"https:\\\/\\\/kohenavocats.com\\\/wp-content\\\/uploads\\\/2024\\\/11\\\/umpholphat-dangam-le9eON7OAXo-unsplash.webp\",\"width\":2888,\"height\":4332},{\"@type\":\"BreadcrumbList\",\"@id\":\"https:\\\/\\\/kohenavocats.com\\\/ru\\\/cour-dappel-de-orleans-le-28-janvier-2026-n24-00069\\\/#breadcrumb\",\"itemListElement\":[{\"@type\":\"ListItem\",\"position\":1,\"name\":\"Home\",\"item\":\"https:\\\/\\\/kohenavocats.com\\\/ru\\\/avocats-en-droit-penal-a-paris-conseil-et-defense-strategique\\\/\"},{\"@type\":\"ListItem\",\"position\":2,\"name\":\"Cour d&rsquo;appel de Orl\u00e9ans, le 28 janvier 2026, n\u00b024\\\/00069\"}]},{\"@type\":\"WebSite\",\"@id\":\"https:\\\/\\\/kohenavocats.com\\\/ru\\\/#website\",\"url\":\"https:\\\/\\\/kohenavocats.com\\\/ru\\\/\",\"name\":\"Kohen Avocats\",\"description\":\"Ma\u00eetre Hassan Kohen, avocat p\u00e9naliste \u00e0 Paris, intervient exclusivement en droit p\u00e9nal pour la d\u00e9fense des particuliers, notamment en mati\u00e8re d\u2019accusations de viol. Il assure un accompagnement rigoureux d\u00e8s la garde \u00e0 vue jusqu\u2019\u00e0 la Cour d\u2019assises, veillant au strict respect des garanties proc\u00e9durales.\",\"publisher\":{\"@id\":\"https:\\\/\\\/kohenavocats.com\\\/ru\\\/#organization\"},\"potentialAction\":[{\"@type\":\"SearchAction\",\"target\":{\"@type\":\"EntryPoint\",\"urlTemplate\":\"https:\\\/\\\/kohenavocats.com\\\/ru\\\/?s={search_term_string}\"},\"query-input\":{\"@type\":\"PropertyValueSpecification\",\"valueRequired\":true,\"valueName\":\"search_term_string\"}}],\"inLanguage\":\"ru-RU\"},{\"@type\":\"Organization\",\"@id\":\"https:\\\/\\\/kohenavocats.com\\\/ru\\\/#organization\",\"name\":\"Kohen Avocats\",\"url\":\"https:\\\/\\\/kohenavocats.com\\\/ru\\\/\",\"logo\":{\"@type\":\"ImageObject\",\"inLanguage\":\"ru-RU\",\"@id\":\"https:\\\/\\\/kohenavocats.com\\\/ru\\\/#\\\/schema\\\/logo\\\/image\\\/\",\"url\":\"https:\\\/\\\/kohenavocats.com\\\/wp-content\\\/uploads\\\/2026\\\/01\\\/Logo-2-1.webp\",\"contentUrl\":\"https:\\\/\\\/kohenavocats.com\\\/wp-content\\\/uploads\\\/2026\\\/01\\\/Logo-2-1.webp\",\"width\":2114,\"height\":1253,\"caption\":\"Kohen Avocats\"},\"image\":{\"@id\":\"https:\\\/\\\/kohenavocats.com\\\/ru\\\/#\\\/schema\\\/logo\\\/image\\\/\"}},{\"@type\":\"Person\",\"@id\":\"https:\\\/\\\/kohenavocats.com\\\/ru\\\/#\\\/schema\\\/person\\\/761c9ba54fa1ca84d405cef0831ff751\",\"name\":\"Kohen\",\"image\":{\"@type\":\"ImageObject\",\"inLanguage\":\"ru-RU\",\"@id\":\"https:\\\/\\\/secure.gravatar.com\\\/avatar\\\/1c5e76ef76bbbfdd2b4da984e2bf2fa4056fd51a27d25ce2c332047f1dfd6e00?s=96&d=identicon&r=g\",\"url\":\"https:\\\/\\\/secure.gravatar.com\\\/avatar\\\/1c5e76ef76bbbfdd2b4da984e2bf2fa4056fd51a27d25ce2c332047f1dfd6e00?s=96&d=identicon&r=g\",\"contentUrl\":\"https:\\\/\\\/secure.gravatar.com\\\/avatar\\\/1c5e76ef76bbbfdd2b4da984e2bf2fa4056fd51a27d25ce2c332047f1dfd6e00?s=96&d=identicon&r=g\",\"caption\":\"Kohen\"},\"sameAs\":[\"https:\\\/\\\/www.linkedin.com\\\/in\\\/hassan-kohen-448548192\\\/\",\"https:\\\/\\\/www.youtube.com\\\/@Kohen-Avocats\"],\"url\":\"https:\\\/\\\/kohenavocats.com\\\/ru\\\/author\\\/kohenmlk\\\/\"}]}<\/script>\n<!-- \/ Yoast SEO Premium plugin. -->","yoast_head_json":{"title":"Cour d'appel de Orl\u00e9ans, le 28 janvier 2026, n\u00b024\/00069 - Ma\u00eetre Hassan Kohen, avocat en droit p\u00e9nal \u00e0 Paris","description":"La Cour d'appel d'Orl\u00e9ans, statuant le 28 janvier 2026, a examin\u00e9 le licenciement pour insuffisance professionnelle d'un ing\u00e9nieur commercial. Apr\u00e8s plus de ...","robots":{"index":"index","follow":"follow","max-snippet":"max-snippet:-1","max-image-preview":"max-image-preview:large","max-video-preview":"max-video-preview:-1"},"canonical":"https:\/\/kohenavocats.com\/ru\/cour-dappel-de-orleans-le-28-janvier-2026-n24-00069\/","og_locale":"ru_RU","og_type":"article","og_title":"Cour d'appel de Orl\u00e9ans, le 28 janvier 2026, n\u00b024\/00069","og_description":"La Cour d'appel d'Orl\u00e9ans, statuant le 28 janvier 2026, a examin\u00e9 le licenciement pour insuffisance professionnelle d'un ing\u00e9nieur commercial. Apr\u00e8s plus de ...","og_url":"https:\/\/kohenavocats.com\/ru\/cour-dappel-de-orleans-le-28-janvier-2026-n24-00069\/","og_site_name":"Ma\u00eetre Hassan Kohen, avocat en droit p\u00e9nal \u00e0 Paris","article_published_time":"2026-04-23T14:07:50+00:00","og_image":[{"width":2888,"height":4332,"url":"https:\/\/kohenavocats.com\/wp-content\/uploads\/2024\/11\/umpholphat-dangam-le9eON7OAXo-unsplash.webp","type":"image\/webp"}],"author":"Kohen","twitter_card":"summary_large_image","twitter_misc":{"\u041d\u0430\u043f\u0438\u0441\u0430\u043d\u043e \u0430\u0432\u0442\u043e\u0440\u043e\u043c":"Kohen","\u041f\u0440\u0438\u043c\u0435\u0440\u043d\u043e\u0435 \u0432\u0440\u0435\u043c\u044f \u0434\u043b\u044f \u0447\u0442\u0435\u043d\u0438\u044f":"3 \u043c\u0438\u043d\u0443\u0442\u044b"},"schema":{"@context":"https:\/\/schema.org","@graph":[{"@type":"Article","@id":"https:\/\/kohenavocats.com\/ru\/cour-dappel-de-orleans-le-28-janvier-2026-n24-00069\/#article","isPartOf":{"@id":"https:\/\/kohenavocats.com\/ru\/cour-dappel-de-orleans-le-28-janvier-2026-n24-00069\/"},"author":{"name":"Kohen","@id":"https:\/\/kohenavocats.com\/ru\/#\/schema\/person\/761c9ba54fa1ca84d405cef0831ff751"},"headline":"Cour d&#8217;appel de Orl\u00e9ans, le 28 janvier 2026, n\u00b024\/00069","datePublished":"2026-04-23T14:07:50+00:00","mainEntityOfPage":{"@id":"https:\/\/kohenavocats.com\/ru\/cour-dappel-de-orleans-le-28-janvier-2026-n24-00069\/"},"wordCount":551,"commentCount":0,"publisher":{"@id":"https:\/\/kohenavocats.com\/ru\/#organization"},"image":{"@id":"https:\/\/kohenavocats.com\/ru\/cour-dappel-de-orleans-le-28-janvier-2026-n24-00069\/#primaryimage"},"thumbnailUrl":"https:\/\/kohenavocats.com\/wp-content\/uploads\/2024\/11\/umpholphat-dangam-le9eON7OAXo-unsplash.webp","articleSection":["Jurisprudence"],"inLanguage":"ru-RU","potentialAction":[{"@type":"CommentAction","name":"Comment","target":["https:\/\/kohenavocats.com\/ru\/cour-dappel-de-orleans-le-28-janvier-2026-n24-00069\/#respond"]}],"citation":"Cour d&#8217;appel de Orl\u00e9ans, le 28 janvier 2026, n\u00b024\/00069","about":[{"@type":"Thing","name":"Jurisprudence"}],"dateModified":"2026-04-23T14:07:50+00:00","speakable":{"@type":"SpeakableSpecification","cssSelector":[".article-content > p:first-of-type"]}},{"@type":"WebPage","@id":"https:\/\/kohenavocats.com\/ru\/cour-dappel-de-orleans-le-28-janvier-2026-n24-00069\/","url":"https:\/\/kohenavocats.com\/ru\/cour-dappel-de-orleans-le-28-janvier-2026-n24-00069\/","name":"Cour d'appel de Orl\u00e9ans, le 28 janvier 2026, n\u00b024\/00069 - Ma\u00eetre Hassan Kohen, avocat en droit p\u00e9nal \u00e0 Paris","isPartOf":{"@id":"https:\/\/kohenavocats.com\/ru\/#website"},"primaryImageOfPage":{"@id":"https:\/\/kohenavocats.com\/ru\/cour-dappel-de-orleans-le-28-janvier-2026-n24-00069\/#primaryimage"},"image":{"@id":"https:\/\/kohenavocats.com\/ru\/cour-dappel-de-orleans-le-28-janvier-2026-n24-00069\/#primaryimage"},"thumbnailUrl":"https:\/\/kohenavocats.com\/wp-content\/uploads\/2024\/11\/umpholphat-dangam-le9eON7OAXo-unsplash.webp","datePublished":"2026-04-23T14:07:50+00:00","description":"La Cour d'appel d'Orl\u00e9ans, statuant le 28 janvier 2026, a examin\u00e9 le licenciement pour insuffisance professionnelle d'un ing\u00e9nieur commercial. Apr\u00e8s plus de ...","breadcrumb":{"@id":"https:\/\/kohenavocats.com\/ru\/cour-dappel-de-orleans-le-28-janvier-2026-n24-00069\/#breadcrumb"},"inLanguage":"ru-RU","potentialAction":[{"@type":"ReadAction","target":["https:\/\/kohenavocats.com\/ru\/cour-dappel-de-orleans-le-28-janvier-2026-n24-00069\/"]}]},{"@type":"ImageObject","inLanguage":"ru-RU","@id":"https:\/\/kohenavocats.com\/ru\/cour-dappel-de-orleans-le-28-janvier-2026-n24-00069\/#primaryimage","url":"https:\/\/kohenavocats.com\/wp-content\/uploads\/2024\/11\/umpholphat-dangam-le9eON7OAXo-unsplash.webp","contentUrl":"https:\/\/kohenavocats.com\/wp-content\/uploads\/2024\/11\/umpholphat-dangam-le9eON7OAXo-unsplash.webp","width":2888,"height":4332},{"@type":"BreadcrumbList","@id":"https:\/\/kohenavocats.com\/ru\/cour-dappel-de-orleans-le-28-janvier-2026-n24-00069\/#breadcrumb","itemListElement":[{"@type":"ListItem","position":1,"name":"Home","item":"https:\/\/kohenavocats.com\/ru\/avocats-en-droit-penal-a-paris-conseil-et-defense-strategique\/"},{"@type":"ListItem","position":2,"name":"Cour d&rsquo;appel de Orl\u00e9ans, le 28 janvier 2026, n\u00b024\/00069"}]},{"@type":"WebSite","@id":"https:\/\/kohenavocats.com\/ru\/#website","url":"https:\/\/kohenavocats.com\/ru\/","name":"Kohen Avocats","description":"Ma\u00eetre Hassan Kohen, avocat p\u00e9naliste \u00e0 Paris, intervient exclusivement en droit p\u00e9nal pour la d\u00e9fense des particuliers, notamment en mati\u00e8re d\u2019accusations de viol. Il assure un accompagnement rigoureux d\u00e8s la garde \u00e0 vue jusqu\u2019\u00e0 la Cour d\u2019assises, veillant au strict respect des garanties proc\u00e9durales.","publisher":{"@id":"https:\/\/kohenavocats.com\/ru\/#organization"},"potentialAction":[{"@type":"SearchAction","target":{"@type":"EntryPoint","urlTemplate":"https:\/\/kohenavocats.com\/ru\/?s={search_term_string}"},"query-input":{"@type":"PropertyValueSpecification","valueRequired":true,"valueName":"search_term_string"}}],"inLanguage":"ru-RU"},{"@type":"Organization","@id":"https:\/\/kohenavocats.com\/ru\/#organization","name":"Kohen Avocats","url":"https:\/\/kohenavocats.com\/ru\/","logo":{"@type":"ImageObject","inLanguage":"ru-RU","@id":"https:\/\/kohenavocats.com\/ru\/#\/schema\/logo\/image\/","url":"https:\/\/kohenavocats.com\/wp-content\/uploads\/2026\/01\/Logo-2-1.webp","contentUrl":"https:\/\/kohenavocats.com\/wp-content\/uploads\/2026\/01\/Logo-2-1.webp","width":2114,"height":1253,"caption":"Kohen Avocats"},"image":{"@id":"https:\/\/kohenavocats.com\/ru\/#\/schema\/logo\/image\/"}},{"@type":"Person","@id":"https:\/\/kohenavocats.com\/ru\/#\/schema\/person\/761c9ba54fa1ca84d405cef0831ff751","name":"Kohen","image":{"@type":"ImageObject","inLanguage":"ru-RU","@id":"https:\/\/secure.gravatar.com\/avatar\/1c5e76ef76bbbfdd2b4da984e2bf2fa4056fd51a27d25ce2c332047f1dfd6e00?s=96&d=identicon&r=g","url":"https:\/\/secure.gravatar.com\/avatar\/1c5e76ef76bbbfdd2b4da984e2bf2fa4056fd51a27d25ce2c332047f1dfd6e00?s=96&d=identicon&r=g","contentUrl":"https:\/\/secure.gravatar.com\/avatar\/1c5e76ef76bbbfdd2b4da984e2bf2fa4056fd51a27d25ce2c332047f1dfd6e00?s=96&d=identicon&r=g","caption":"Kohen"},"sameAs":["https:\/\/www.linkedin.com\/in\/hassan-kohen-448548192\/","https:\/\/www.youtube.com\/@Kohen-Avocats"],"url":"https:\/\/kohenavocats.com\/ru\/author\/kohenmlk\/"}]}},"jetpack_featured_media_url":"https:\/\/kohenavocats.com\/wp-content\/uploads\/2024\/11\/umpholphat-dangam-le9eON7OAXo-unsplash.webp","jetpack_likes_enabled":false,"jetpack_shortlink":"https:\/\/wp.me\/peCrII-2LWn","jetpack-related-posts":[{"id":669666,"url":"https:\/\/kohenavocats.com\/ru\/cour-dappel-de-aix-en-provence-le-15-janvier-2026-n22-00011\/","url_meta":{"origin":660943,"position":0},"title":"Cour d&#8217;appel de Aix-en-Provence, le 15 janvier 2026, n\u00b022\/00011","author":"Kohen","date":"24.04.2026","format":false,"excerpt":"La Cour d'appel d'Aix-en-Provence, le 15 janvier 2026, statue sur un litige n\u00e9 du licenciement d'une cadre commerciale. L'employeur invoquait une insuffisanc...","rel":"","context":"\u0412 &quot;Code des assurances&quot;","block_context":{"text":"Code des assurances","link":"https:\/\/kohenavocats.com\/category\/code-des-assurances\/"},"img":{"alt_text":"","src":"https:\/\/i0.wp.com\/kohenavocats.com\/wp-content\/uploads\/2024\/08\/emily-bentley-26_Z2TrY_hw-unsplash.webp?resize=350%2C200&ssl=1","width":350,"height":200,"srcset":"https:\/\/i0.wp.com\/kohenavocats.com\/wp-content\/uploads\/2024\/08\/emily-bentley-26_Z2TrY_hw-unsplash.webp?resize=350%2C200&ssl=1 1x, https:\/\/i0.wp.com\/kohenavocats.com\/wp-content\/uploads\/2024\/08\/emily-bentley-26_Z2TrY_hw-unsplash.webp?resize=525%2C300&ssl=1 1.5x, https:\/\/i0.wp.com\/kohenavocats.com\/wp-content\/uploads\/2024\/08\/emily-bentley-26_Z2TrY_hw-unsplash.webp?resize=700%2C400&ssl=1 2x, https:\/\/i0.wp.com\/kohenavocats.com\/wp-content\/uploads\/2024\/08\/emily-bentley-26_Z2TrY_hw-unsplash.webp?resize=1050%2C600&ssl=1 3x, https:\/\/i0.wp.com\/kohenavocats.com\/wp-content\/uploads\/2024\/08\/emily-bentley-26_Z2TrY_hw-unsplash.webp?resize=1400%2C800&ssl=1 4x"},"classes":[]},{"id":439777,"url":"https:\/\/kohenavocats.com\/ru\/cour-dappel-de-rennes-le-5-mars-2026-n23-00114\/","url_meta":{"origin":660943,"position":1},"title":"Cour d&#8217;appel de Rennes, le 5 mars 2026, n\u00b023\/00114","author":"Kohen","date":"27.03.2026","format":false,"excerpt":"La Cour d\u2019appel de Rennes, dans un arr\u00eat du 5 mars 2026, a \u00e9t\u00e9 saisie d\u2019un pourvoi form\u00e9 par un \u00e9tablissement bancaire contre un jugement du conseil de prud\u2019hommes de Rennes du 9 d\u00e9cembre 2022. Ce jugement avait qualifi\u00e9 le licenciement d\u2019une salari\u00e9e, employ\u00e9e depuis 1995, de sans cause r\u00e9elle\u2026","rel":"","context":"\u0412 &quot;Cour d'appel&quot;","block_context":{"text":"Cour d'appel","link":"https:\/\/kohenavocats.com\/category\/cour-dappel\/"},"img":{"alt_text":"","src":"https:\/\/i0.wp.com\/kohenavocats.com\/wp-content\/uploads\/2024\/08\/anthony-choren-WU1RbgzDoAs-unsplash.webp?resize=350%2C200&ssl=1","width":350,"height":200,"srcset":"https:\/\/i0.wp.com\/kohenavocats.com\/wp-content\/uploads\/2024\/08\/anthony-choren-WU1RbgzDoAs-unsplash.webp?resize=350%2C200&ssl=1 1x, https:\/\/i0.wp.com\/kohenavocats.com\/wp-content\/uploads\/2024\/08\/anthony-choren-WU1RbgzDoAs-unsplash.webp?resize=525%2C300&ssl=1 1.5x, https:\/\/i0.wp.com\/kohenavocats.com\/wp-content\/uploads\/2024\/08\/anthony-choren-WU1RbgzDoAs-unsplash.webp?resize=700%2C400&ssl=1 2x, https:\/\/i0.wp.com\/kohenavocats.com\/wp-content\/uploads\/2024\/08\/anthony-choren-WU1RbgzDoAs-unsplash.webp?resize=1050%2C600&ssl=1 3x, https:\/\/i0.wp.com\/kohenavocats.com\/wp-content\/uploads\/2024\/08\/anthony-choren-WU1RbgzDoAs-unsplash.webp?resize=1400%2C800&ssl=1 4x"},"classes":[]},{"id":439683,"url":"https:\/\/kohenavocats.com\/ru\/cour-dappel-de-toulouse-le-5-mars-2026-n24-00478\/","url_meta":{"origin":660943,"position":2},"title":"Cour d&#8217;appel de Toulouse, le 5 mars 2026, n\u00b024\/00478","author":"Kohen","date":"27.03.2026","format":false,"excerpt":"Un salari\u00e9, engag\u00e9 en 2003 et devenu chef d\u2019agence en 2010, a \u00e9t\u00e9 licenci\u00e9 pour motif personnel le 2 juillet 2021 suite \u00e0 une fusion intervenue au sein de l\u2019entreprise. Il a saisi le conseil de prud\u2019hommes de Toulouse pour contester ce licenciement et r\u00e9clamer le paiement d\u2019heures suppl\u00e9mentaires. Par\u2026","rel":"","context":"\u0412 &quot;Cour d'appel&quot;","block_context":{"text":"Cour d'appel","link":"https:\/\/kohenavocats.com\/category\/cour-dappel\/"},"img":{"alt_text":"","src":"https:\/\/i0.wp.com\/kohenavocats.com\/wp-content\/uploads\/2024\/11\/mohamed-nohassi-vGTXy8FS7b0-unsplash.webp?resize=350%2C200&ssl=1","width":350,"height":200,"srcset":"https:\/\/i0.wp.com\/kohenavocats.com\/wp-content\/uploads\/2024\/11\/mohamed-nohassi-vGTXy8FS7b0-unsplash.webp?resize=350%2C200&ssl=1 1x, https:\/\/i0.wp.com\/kohenavocats.com\/wp-content\/uploads\/2024\/11\/mohamed-nohassi-vGTXy8FS7b0-unsplash.webp?resize=525%2C300&ssl=1 1.5x, https:\/\/i0.wp.com\/kohenavocats.com\/wp-content\/uploads\/2024\/11\/mohamed-nohassi-vGTXy8FS7b0-unsplash.webp?resize=700%2C400&ssl=1 2x, https:\/\/i0.wp.com\/kohenavocats.com\/wp-content\/uploads\/2024\/11\/mohamed-nohassi-vGTXy8FS7b0-unsplash.webp?resize=1050%2C600&ssl=1 3x, https:\/\/i0.wp.com\/kohenavocats.com\/wp-content\/uploads\/2024\/11\/mohamed-nohassi-vGTXy8FS7b0-unsplash.webp?resize=1400%2C800&ssl=1 4x"},"classes":[]},{"id":712741,"url":"https:\/\/kohenavocats.com\/ru\/cour-dappel-de-chambery-le-8-janvier-2026-n24-00774\/","url_meta":{"origin":660943,"position":3},"title":"Cour d&#8217;appel de Chamb\u00e9ry, le 8 janvier 2026, n\u00b024\/00774","author":"Kohen","date":"27.04.2026","format":false,"excerpt":"La cour d\u2019appel de Chamb\u00e9ry, dans son arr\u00eat du 8 janvier 2026, \u00e9tait saisie d\u2019un litige opposant une salari\u00e9e \u00e0 son employeur apr\u00e8s un licenciement pour insu...","rel":"","context":"\u0412 &quot;Jurisprudence&quot;","block_context":{"text":"Jurisprudence","link":"https:\/\/kohenavocats.com\/category\/jurisprudence\/"},"img":{"alt_text":"","src":"https:\/\/i0.wp.com\/kohenavocats.com\/wp-content\/uploads\/2024\/11\/virginia-marinova-xqo5V5aU09g-unsplash-1.webp?resize=350%2C200&ssl=1","width":350,"height":200,"srcset":"https:\/\/i0.wp.com\/kohenavocats.com\/wp-content\/uploads\/2024\/11\/virginia-marinova-xqo5V5aU09g-unsplash-1.webp?resize=350%2C200&ssl=1 1x, https:\/\/i0.wp.com\/kohenavocats.com\/wp-content\/uploads\/2024\/11\/virginia-marinova-xqo5V5aU09g-unsplash-1.webp?resize=525%2C300&ssl=1 1.5x, https:\/\/i0.wp.com\/kohenavocats.com\/wp-content\/uploads\/2024\/11\/virginia-marinova-xqo5V5aU09g-unsplash-1.webp?resize=700%2C400&ssl=1 2x, https:\/\/i0.wp.com\/kohenavocats.com\/wp-content\/uploads\/2024\/11\/virginia-marinova-xqo5V5aU09g-unsplash-1.webp?resize=1050%2C600&ssl=1 3x, https:\/\/i0.wp.com\/kohenavocats.com\/wp-content\/uploads\/2024\/11\/virginia-marinova-xqo5V5aU09g-unsplash-1.webp?resize=1400%2C800&ssl=1 4x"},"classes":[]},{"id":480277,"url":"https:\/\/kohenavocats.com\/ru\/cour-dappel-de-aix-en-provence-le-28-aout-2025-n22-06085\/","url_meta":{"origin":660943,"position":4},"title":"Cour d&#8217;appel de Aix-en-Provence, le 28 ao\u00fbt 2025, n\u00b022\/06085","author":"Kohen","date":"07.04.2026","format":false,"excerpt":"La Cour d\u2019appel d\u2019Aix-en-Provence, statuant le 28 ao\u00fbt 2025, examine un litige n\u00e9 du licenciement pour faute grave d\u2019un salari\u00e9. La juridiction prud\u2019homale a...","rel":"","context":"\u0412 &quot;Jurisprudence&quot;","block_context":{"text":"Jurisprudence","link":"https:\/\/kohenavocats.com\/category\/jurisprudence\/"},"img":{"alt_text":"","src":"https:\/\/i0.wp.com\/kohenavocats.com\/wp-content\/uploads\/2024\/11\/gabriella-clare-marino-cSNzKJN-LNI-unsplash.webp?resize=350%2C200&ssl=1","width":350,"height":200,"srcset":"https:\/\/i0.wp.com\/kohenavocats.com\/wp-content\/uploads\/2024\/11\/gabriella-clare-marino-cSNzKJN-LNI-unsplash.webp?resize=350%2C200&ssl=1 1x, https:\/\/i0.wp.com\/kohenavocats.com\/wp-content\/uploads\/2024\/11\/gabriella-clare-marino-cSNzKJN-LNI-unsplash.webp?resize=525%2C300&ssl=1 1.5x, https:\/\/i0.wp.com\/kohenavocats.com\/wp-content\/uploads\/2024\/11\/gabriella-clare-marino-cSNzKJN-LNI-unsplash.webp?resize=700%2C400&ssl=1 2x, https:\/\/i0.wp.com\/kohenavocats.com\/wp-content\/uploads\/2024\/11\/gabriella-clare-marino-cSNzKJN-LNI-unsplash.webp?resize=1050%2C600&ssl=1 3x, https:\/\/i0.wp.com\/kohenavocats.com\/wp-content\/uploads\/2024\/11\/gabriella-clare-marino-cSNzKJN-LNI-unsplash.webp?resize=1400%2C800&ssl=1 4x"},"classes":[]},{"id":755153,"url":"https:\/\/kohenavocats.com\/ru\/cour-dappel-de-aix-en-provence-le-16-janvier-2026-n21-10409\/","url_meta":{"origin":660943,"position":5},"title":"Cour d&#8217;appel de Aix-en-Provence, le 16 janvier 2026, n\u00b021\/10409","author":"Kohen","date":"29.04.2026","format":false,"excerpt":"La cour d\u2019appel d\u2019Aix-en-Provence, dans un arr\u00eat du 16 janvier 2026, a infirm\u00e9 le jugement prud\u2019homal qui validait un licenciement pour insuffisance professi...","rel":"","context":"\u0412 &quot;Jurisprudence&quot;","block_context":{"text":"Jurisprudence","link":"https:\/\/kohenavocats.com\/category\/jurisprudence\/"},"img":{"alt_text":"","src":"https:\/\/i0.wp.com\/kohenavocats.com\/wp-content\/uploads\/2024\/08\/allan-francis-ymVi7QhCiTI-unsplash.webp?resize=350%2C200&ssl=1","width":350,"height":200,"srcset":"https:\/\/i0.wp.com\/kohenavocats.com\/wp-content\/uploads\/2024\/08\/allan-francis-ymVi7QhCiTI-unsplash.webp?resize=350%2C200&ssl=1 1x, https:\/\/i0.wp.com\/kohenavocats.com\/wp-content\/uploads\/2024\/08\/allan-francis-ymVi7QhCiTI-unsplash.webp?resize=525%2C300&ssl=1 1.5x, https:\/\/i0.wp.com\/kohenavocats.com\/wp-content\/uploads\/2024\/08\/allan-francis-ymVi7QhCiTI-unsplash.webp?resize=700%2C400&ssl=1 2x, https:\/\/i0.wp.com\/kohenavocats.com\/wp-content\/uploads\/2024\/08\/allan-francis-ymVi7QhCiTI-unsplash.webp?resize=1050%2C600&ssl=1 3x, https:\/\/i0.wp.com\/kohenavocats.com\/wp-content\/uploads\/2024\/08\/allan-francis-ymVi7QhCiTI-unsplash.webp?resize=1400%2C800&ssl=1 4x"},"classes":[]}],"jetpack_sharing_enabled":true,"_links":{"self":[{"href":"https:\/\/kohenavocats.com\/ru\/wp-json\/wp\/v2\/posts\/660943","targetHints":{"allow":["GET"]}}],"collection":[{"href":"https:\/\/kohenavocats.com\/ru\/wp-json\/wp\/v2\/posts"}],"about":[{"href":"https:\/\/kohenavocats.com\/ru\/wp-json\/wp\/v2\/types\/post"}],"author":[{"embeddable":true,"href":"https:\/\/kohenavocats.com\/ru\/wp-json\/wp\/v2\/users\/232070755"}],"replies":[{"embeddable":true,"href":"https:\/\/kohenavocats.com\/ru\/wp-json\/wp\/v2\/comments?post=660943"}],"version-history":[{"count":0,"href":"https:\/\/kohenavocats.com\/ru\/wp-json\/wp\/v2\/posts\/660943\/revisions"}],"wp:featuredmedia":[{"embeddable":true,"href":"https:\/\/kohenavocats.com\/ru\/wp-json\/wp\/v2\/media\/9655"}],"wp:attachment":[{"href":"https:\/\/kohenavocats.com\/ru\/wp-json\/wp\/v2\/media?parent=660943"}],"wp:term":[{"taxonomy":"category","embeddable":true,"href":"https:\/\/kohenavocats.com\/ru\/wp-json\/wp\/v2\/categories?post=660943"},{"taxonomy":"post_tag","embeddable":true,"href":"https:\/\/kohenavocats.com\/ru\/wp-json\/wp\/v2\/tags?post=660943"}],"curies":[{"name":"wp","href":"https:\/\/api.w.org\/{rel}","templated":true}]}}