{"id":661523,"date":"2026-04-23T17:37:19","date_gmt":"2026-04-23T15:37:19","guid":{"rendered":"https:\/\/kohenavocats.com\/tribunal-judiciaire-de-toulon-le-3-septembre-2025-n24-01135\/"},"modified":"2026-04-23T17:37:19","modified_gmt":"2026-04-23T15:37:19","slug":"tribunal-judiciaire-de-toulon-le-3-septembre-2025-n24-01135","status":"publish","type":"post","link":"https:\/\/kohenavocats.com\/ru\/tribunal-judiciaire-de-toulon-le-3-septembre-2025-n24-01135\/","title":{"rendered":"Tribunal judiciaire de Toulon, le 3 septembre 2025, n\u00b024\/01135"},"content":{"rendered":"<div class=\"article-content\">\n<p>Le tribunal judiciaire de Toulon, le 3 septembre 2025, statue sur l&#8217;indemnisation d&#8217;une victime d&#8217;un accident de la circulation. La d\u00e9cision retient une faute de la victime conductrice r\u00e9duisant son droit \u00e0 indemnisation de vingt-cinq pour cent. Elle op\u00e8re une r\u00e9partition d\u00e9taill\u00e9e des pr\u00e9judices corporels entre la victime et les tiers payeurs. Le jugement pr\u00e9cise \u00e9galement les obligations des assureurs impliqu\u00e9s et sanctionne le d\u00e9faut d&#8217;offre d&#8217;indemnisation.<\/p>\n<p>La r\u00e9duction du droit \u00e0 indemnisation pour faute de la victime<\/p>\n<p>L&#8217;appr\u00e9ciation autonome de la faute de la victime conductrice. Le tribunal applique le r\u00e9gime de la loi du 5 juillet 1985 et retient une faute de la victime ayant concouru \u00e0 la r\u00e9alisation de son dommage. Cette faute commande une r\u00e9duction de son droit \u00e0 indemnisation \u00e0 hauteur de vingt-cinq pour cent. La solution rappelle que l&#8217;appr\u00e9ciation de cette faute est ind\u00e9pendante du comportement des autres conducteurs. &#171;Il est de jurisprudence constante que la faute de la victime conductrice doit \u00eatre appr\u00e9ci\u00e9e sans \u00e9gard au comportement des autres conducteurs impliqu\u00e9s dans l&#8217;accident&#187; (Tribunal judiciaire de Toulon, le 3 septembre 2025, n\u00b024\/01034). Cette approche isole la conduite de la victime pour en mesurer la contribution au dommage subi.<\/p>\n<p>L&#8217;opposabilit\u00e9 de la limitation aux tiers payeurs. La d\u00e9cision \u00e9tend les effets de la r\u00e9duction aux organismes sociaux subrog\u00e9s dans les droits de la victime. Le montant de leur recours est ainsi diminu\u00e9 \u00e0 due concurrence de la part de responsabilit\u00e9 imputable \u00e0 la victime elle-m\u00eame. Cette solution assure la coh\u00e9rence du syst\u00e8me indemnitaire et \u00e9vite que le tiers payeur ne recouvre plus que la victime elle-m\u00eame. Elle garantit que la sanction de la faute trouve un effet pleinement effectif dans les relations entre tous les intervenants.<\/p>\n<p>La m\u00e9thodologie d&#8217;\u00e9valuation des pr\u00e9judices corporels<\/p>\n<p>La distinction rigoureuse entre pr\u00e9judices patrimoniaux et extrapatrimoniaux. Le jugement proc\u00e8de \u00e0 une analyse m\u00e9ticuleuse de chaque chef de pr\u00e9judice en suivant la nomenclature Dintilhac. Il illustre la n\u00e9cessit\u00e9 d&#8217;une justification concr\u00e8te pour chaque demande, notamment pour les pertes de gains professionnels futurs. La victime doit d\u00e9montrer le lien de causalit\u00e9 et l&#8217;impossibilit\u00e9 de travailler, faute de quoi ce poste est rejet\u00e9. La d\u00e9cision souligne ainsi l&#8217;exigence d&#8217;un pr\u00e9judice certain et directement imputable \u00e0 l&#8217;accident.<\/p>\n<p>La pr\u00e9cision dans la d\u00e9finition et l&#8217;\u00e9valuation de pr\u00e9judices sp\u00e9cifiques. Le tribunal d\u00e9limite avec soin le contenu de certains postes, comme le pr\u00e9judice d&#8217;agr\u00e9ment. Il rappelle que celui-ci vise exclusivement l&#8217;impossibilit\u00e9 ou la limitation d&#8217;une activit\u00e9 sp\u00e9cifique de loisirs ou sportive. &#171;Le pr\u00e9judice d&#8217;agr\u00e9ment est constitu\u00e9 par l&#8217;impossibilit\u00e9 pour la victime de continuer \u00e0 pratiquer r\u00e9guli\u00e8rement une activit\u00e9 sportive ou de loisirs&#187; (Tribunal judiciaire de Lyon, le 3 juin 2025, n\u00b020\/01860). Les troubles dans la vie courante rel\u00e8vent du d\u00e9ficit fonctionnel permanent. Cette distinction \u00e9vite les doubles indemnisations et assure une r\u00e9paration plus exacte.<\/p>\n<p>La port\u00e9e de la d\u00e9cision r\u00e9side dans son application stricte des principes de la r\u00e9paration. Elle rappelle l&#8217;autonomie de l&#8217;appr\u00e9ciation de la faute de la victime conductrice et son incidence sur les recours des tiers payeurs. La m\u00e9thode d&#8217;\u00e9valuation d\u00e9taill\u00e9e et exigeante sert le principe de r\u00e9paration int\u00e9grale sans perte ni profit. Ce jugement constitue un guide pratique pour la liquidation des pr\u00e9judices complexes, en insistant sur la charge de la preuve et le respect des distinctions juridiques fondamentales.<\/p>\n<\/div>\n","protected":false},"excerpt":{"rendered":"<p>Le tribunal judiciaire de Toulon, le 3 septembre 2025, statue sur l&#8217;indemnisation d&#8217;une victime d&#8217;un accident de la circulation. La d\u00e9cision retient une faut&#8230;<\/p>\n","protected":false},"author":232070755,"featured_media":3902,"comment_status":"open","ping_status":"open","sticky":false,"template":"","format":"standard","meta":{"_crdt_document":"","_jetpack_newsletter_access":"","_jetpack_dont_email_post_to_subs":false,"_jetpack_newsletter_tier_id":0,"_jetpack_memberships_contains_paywalled_content":false,"_kj_source_type":"","_kj_official_id":"","_kj_official_url":"","_kj_judilibre_id":"","_kj_jur":"","_kj_lieu":"","_kj_chambre":"","_kj_rg":"","_kj_date":"","_jetpack_memberships_contains_paid_content":false,"footnotes":"","jetpack_post_was_ever_published":false},"categories":[7597],"tags":[],"class_list":["post-661523","post","type-post","status-publish","format-standard","has-post-thumbnail","hentry","category-jurisprudence"],"yoast_head":"<!-- This site is optimized with the Yoast SEO Premium plugin v27.5 (Yoast SEO v27.5) - https:\/\/yoast.com\/product\/yoast-seo-premium-wordpress\/ -->\n<title>Tribunal judiciaire de Toulon, le 3 septembre 2025, n\u00b024\/01135 - Ma\u00eetre Hassan Kohen, avocat en droit p\u00e9nal \u00e0 Paris<\/title>\n<meta name=\"description\" content=\"Le tribunal judiciaire de Toulon, le 3 septembre 2025, statue sur l&#039;indemnisation d&#039;une victime d&#039;un accident de la circulation. La d\u00e9cision retient une faut...\" \/>\n<meta name=\"robots\" content=\"index, follow, max-snippet:-1, max-image-preview:large, max-video-preview:-1\" \/>\n<link rel=\"canonical\" href=\"https:\/\/kohenavocats.com\/ru\/tribunal-judiciaire-de-toulon-le-3-septembre-2025-n24-01135\/\" \/>\n<meta property=\"og:locale\" content=\"ru_RU\" \/>\n<meta property=\"og:type\" content=\"article\" \/>\n<meta property=\"og:title\" content=\"Tribunal judiciaire de Toulon, le 3 septembre 2025, n\u00b024\/01135\" \/>\n<meta property=\"og:description\" content=\"Le tribunal judiciaire de Toulon, le 3 septembre 2025, statue sur l&#039;indemnisation d&#039;une victime d&#039;un accident de la circulation. La d\u00e9cision retient une faut...\" \/>\n<meta property=\"og:url\" content=\"https:\/\/kohenavocats.com\/ru\/tribunal-judiciaire-de-toulon-le-3-septembre-2025-n24-01135\/\" \/>\n<meta property=\"og:site_name\" content=\"Ma\u00eetre Hassan Kohen, avocat en droit p\u00e9nal \u00e0 Paris\" \/>\n<meta property=\"article:published_time\" content=\"2026-04-23T15:37:19+00:00\" \/>\n<meta property=\"og:image\" content=\"https:\/\/kohenavocats.com\/wp-content\/uploads\/2024\/07\/giammarco-boscaro-xLhKkk2tKkA-unsplash.webp\" \/>\n\t<meta property=\"og:image:width\" content=\"5969\" \/>\n\t<meta property=\"og:image:height\" content=\"3979\" \/>\n\t<meta property=\"og:image:type\" content=\"image\/webp\" \/>\n<meta name=\"author\" content=\"Kohen\" \/>\n<meta name=\"twitter:card\" content=\"summary_large_image\" \/>\n<meta name=\"twitter:label1\" content=\"\u041d\u0430\u043f\u0438\u0441\u0430\u043d\u043e \u0430\u0432\u0442\u043e\u0440\u043e\u043c\" \/>\n\t<meta name=\"twitter:data1\" content=\"Kohen\" \/>\n\t<meta name=\"twitter:label2\" content=\"\u041f\u0440\u0438\u043c\u0435\u0440\u043d\u043e\u0435 \u0432\u0440\u0435\u043c\u044f \u0434\u043b\u044f \u0447\u0442\u0435\u043d\u0438\u044f\" \/>\n\t<meta name=\"twitter:data2\" content=\"3 \u043c\u0438\u043d\u0443\u0442\u044b\" \/>\n<script type=\"application\/ld+json\" class=\"yoast-schema-graph\">{\"@context\":\"https:\\\/\\\/schema.org\",\"@graph\":[{\"@type\":\"Article\",\"@id\":\"https:\\\/\\\/kohenavocats.com\\\/ru\\\/tribunal-judiciaire-de-toulon-le-3-septembre-2025-n24-01135\\\/#article\",\"isPartOf\":{\"@id\":\"https:\\\/\\\/kohenavocats.com\\\/ru\\\/tribunal-judiciaire-de-toulon-le-3-septembre-2025-n24-01135\\\/\"},\"author\":{\"name\":\"Kohen\",\"@id\":\"https:\\\/\\\/kohenavocats.com\\\/ru\\\/#\\\/schema\\\/person\\\/761c9ba54fa1ca84d405cef0831ff751\"},\"headline\":\"Tribunal judiciaire de Toulon, le 3 septembre 2025, n\u00b024\\\/01135\",\"datePublished\":\"2026-04-23T15:37:19+00:00\",\"mainEntityOfPage\":{\"@id\":\"https:\\\/\\\/kohenavocats.com\\\/ru\\\/tribunal-judiciaire-de-toulon-le-3-septembre-2025-n24-01135\\\/\"},\"wordCount\":613,\"commentCount\":0,\"publisher\":{\"@id\":\"https:\\\/\\\/kohenavocats.com\\\/ru\\\/#organization\"},\"image\":{\"@id\":\"https:\\\/\\\/kohenavocats.com\\\/ru\\\/tribunal-judiciaire-de-toulon-le-3-septembre-2025-n24-01135\\\/#primaryimage\"},\"thumbnailUrl\":\"https:\\\/\\\/kohenavocats.com\\\/wp-content\\\/uploads\\\/2024\\\/07\\\/giammarco-boscaro-xLhKkk2tKkA-unsplash.webp\",\"articleSection\":[\"Jurisprudence\"],\"inLanguage\":\"ru-RU\",\"potentialAction\":[{\"@type\":\"CommentAction\",\"name\":\"Comment\",\"target\":[\"https:\\\/\\\/kohenavocats.com\\\/ru\\\/tribunal-judiciaire-de-toulon-le-3-septembre-2025-n24-01135\\\/#respond\"]}],\"citation\":\"Tribunal judiciaire de Toulon, le 3 septembre 2025, n\u00b024\\\/01135\",\"about\":[{\"@type\":\"Thing\",\"name\":\"Jurisprudence\"}],\"dateModified\":\"2026-04-23T15:37:19+00:00\",\"speakable\":{\"@type\":\"SpeakableSpecification\",\"cssSelector\":[\".article-content > p:first-of-type\"]}},{\"@type\":\"WebPage\",\"@id\":\"https:\\\/\\\/kohenavocats.com\\\/ru\\\/tribunal-judiciaire-de-toulon-le-3-septembre-2025-n24-01135\\\/\",\"url\":\"https:\\\/\\\/kohenavocats.com\\\/ru\\\/tribunal-judiciaire-de-toulon-le-3-septembre-2025-n24-01135\\\/\",\"name\":\"Tribunal judiciaire de Toulon, le 3 septembre 2025, n\u00b024\\\/01135 - Ma\u00eetre Hassan Kohen, avocat en droit p\u00e9nal \u00e0 Paris\",\"isPartOf\":{\"@id\":\"https:\\\/\\\/kohenavocats.com\\\/ru\\\/#website\"},\"primaryImageOfPage\":{\"@id\":\"https:\\\/\\\/kohenavocats.com\\\/ru\\\/tribunal-judiciaire-de-toulon-le-3-septembre-2025-n24-01135\\\/#primaryimage\"},\"image\":{\"@id\":\"https:\\\/\\\/kohenavocats.com\\\/ru\\\/tribunal-judiciaire-de-toulon-le-3-septembre-2025-n24-01135\\\/#primaryimage\"},\"thumbnailUrl\":\"https:\\\/\\\/kohenavocats.com\\\/wp-content\\\/uploads\\\/2024\\\/07\\\/giammarco-boscaro-xLhKkk2tKkA-unsplash.webp\",\"datePublished\":\"2026-04-23T15:37:19+00:00\",\"description\":\"Le tribunal judiciaire de Toulon, le 3 septembre 2025, statue sur l'indemnisation d'une victime d'un accident de la circulation. La d\u00e9cision retient une faut...\",\"breadcrumb\":{\"@id\":\"https:\\\/\\\/kohenavocats.com\\\/ru\\\/tribunal-judiciaire-de-toulon-le-3-septembre-2025-n24-01135\\\/#breadcrumb\"},\"inLanguage\":\"ru-RU\",\"potentialAction\":[{\"@type\":\"ReadAction\",\"target\":[\"https:\\\/\\\/kohenavocats.com\\\/ru\\\/tribunal-judiciaire-de-toulon-le-3-septembre-2025-n24-01135\\\/\"]}]},{\"@type\":\"ImageObject\",\"inLanguage\":\"ru-RU\",\"@id\":\"https:\\\/\\\/kohenavocats.com\\\/ru\\\/tribunal-judiciaire-de-toulon-le-3-septembre-2025-n24-01135\\\/#primaryimage\",\"url\":\"https:\\\/\\\/kohenavocats.com\\\/wp-content\\\/uploads\\\/2024\\\/07\\\/giammarco-boscaro-xLhKkk2tKkA-unsplash.webp\",\"contentUrl\":\"https:\\\/\\\/kohenavocats.com\\\/wp-content\\\/uploads\\\/2024\\\/07\\\/giammarco-boscaro-xLhKkk2tKkA-unsplash.webp\",\"width\":5969,\"height\":3979},{\"@type\":\"BreadcrumbList\",\"@id\":\"https:\\\/\\\/kohenavocats.com\\\/ru\\\/tribunal-judiciaire-de-toulon-le-3-septembre-2025-n24-01135\\\/#breadcrumb\",\"itemListElement\":[{\"@type\":\"ListItem\",\"position\":1,\"name\":\"Home\",\"item\":\"https:\\\/\\\/kohenavocats.com\\\/ru\\\/avocats-en-droit-penal-a-paris-conseil-et-defense-strategique\\\/\"},{\"@type\":\"ListItem\",\"position\":2,\"name\":\"Tribunal judiciaire de Toulon, le 3 septembre 2025, n\u00b024\\\/01135\"}]},{\"@type\":\"WebSite\",\"@id\":\"https:\\\/\\\/kohenavocats.com\\\/ru\\\/#website\",\"url\":\"https:\\\/\\\/kohenavocats.com\\\/ru\\\/\",\"name\":\"Kohen Avocats\",\"description\":\"Ma\u00eetre Hassan Kohen, avocat p\u00e9naliste \u00e0 Paris, intervient exclusivement en droit p\u00e9nal pour la d\u00e9fense des particuliers, notamment en mati\u00e8re d\u2019accusations de viol. Il assure un accompagnement rigoureux d\u00e8s la garde \u00e0 vue jusqu\u2019\u00e0 la Cour d\u2019assises, veillant au strict respect des garanties proc\u00e9durales.\",\"publisher\":{\"@id\":\"https:\\\/\\\/kohenavocats.com\\\/ru\\\/#organization\"},\"potentialAction\":[{\"@type\":\"SearchAction\",\"target\":{\"@type\":\"EntryPoint\",\"urlTemplate\":\"https:\\\/\\\/kohenavocats.com\\\/ru\\\/?s={search_term_string}\"},\"query-input\":{\"@type\":\"PropertyValueSpecification\",\"valueRequired\":true,\"valueName\":\"search_term_string\"}}],\"inLanguage\":\"ru-RU\"},{\"@type\":\"Organization\",\"@id\":\"https:\\\/\\\/kohenavocats.com\\\/ru\\\/#organization\",\"name\":\"Kohen Avocats\",\"url\":\"https:\\\/\\\/kohenavocats.com\\\/ru\\\/\",\"logo\":{\"@type\":\"ImageObject\",\"inLanguage\":\"ru-RU\",\"@id\":\"https:\\\/\\\/kohenavocats.com\\\/ru\\\/#\\\/schema\\\/logo\\\/image\\\/\",\"url\":\"https:\\\/\\\/kohenavocats.com\\\/wp-content\\\/uploads\\\/2026\\\/01\\\/Logo-2-1.webp\",\"contentUrl\":\"https:\\\/\\\/kohenavocats.com\\\/wp-content\\\/uploads\\\/2026\\\/01\\\/Logo-2-1.webp\",\"width\":2114,\"height\":1253,\"caption\":\"Kohen Avocats\"},\"image\":{\"@id\":\"https:\\\/\\\/kohenavocats.com\\\/ru\\\/#\\\/schema\\\/logo\\\/image\\\/\"}},{\"@type\":\"Person\",\"@id\":\"https:\\\/\\\/kohenavocats.com\\\/ru\\\/#\\\/schema\\\/person\\\/761c9ba54fa1ca84d405cef0831ff751\",\"name\":\"Kohen\",\"image\":{\"@type\":\"ImageObject\",\"inLanguage\":\"ru-RU\",\"@id\":\"https:\\\/\\\/secure.gravatar.com\\\/avatar\\\/1c5e76ef76bbbfdd2b4da984e2bf2fa4056fd51a27d25ce2c332047f1dfd6e00?s=96&d=identicon&r=g\",\"url\":\"https:\\\/\\\/secure.gravatar.com\\\/avatar\\\/1c5e76ef76bbbfdd2b4da984e2bf2fa4056fd51a27d25ce2c332047f1dfd6e00?s=96&d=identicon&r=g\",\"contentUrl\":\"https:\\\/\\\/secure.gravatar.com\\\/avatar\\\/1c5e76ef76bbbfdd2b4da984e2bf2fa4056fd51a27d25ce2c332047f1dfd6e00?s=96&d=identicon&r=g\",\"caption\":\"Kohen\"},\"sameAs\":[\"https:\\\/\\\/www.linkedin.com\\\/in\\\/hassan-kohen-448548192\\\/\",\"https:\\\/\\\/www.youtube.com\\\/@Kohen-Avocats\"],\"url\":\"https:\\\/\\\/kohenavocats.com\\\/ru\\\/author\\\/kohenmlk\\\/\"}]}<\/script>\n<!-- \/ Yoast SEO Premium plugin. -->","yoast_head_json":{"title":"Tribunal judiciaire de Toulon, le 3 septembre 2025, n\u00b024\/01135 - Ma\u00eetre Hassan Kohen, avocat en droit p\u00e9nal \u00e0 Paris","description":"Le tribunal judiciaire de Toulon, le 3 septembre 2025, statue sur l'indemnisation d'une victime d'un accident de la circulation. La d\u00e9cision retient une faut...","robots":{"index":"index","follow":"follow","max-snippet":"max-snippet:-1","max-image-preview":"max-image-preview:large","max-video-preview":"max-video-preview:-1"},"canonical":"https:\/\/kohenavocats.com\/ru\/tribunal-judiciaire-de-toulon-le-3-septembre-2025-n24-01135\/","og_locale":"ru_RU","og_type":"article","og_title":"Tribunal judiciaire de Toulon, le 3 septembre 2025, n\u00b024\/01135","og_description":"Le tribunal judiciaire de Toulon, le 3 septembre 2025, statue sur l'indemnisation d'une victime d'un accident de la circulation. La d\u00e9cision retient une faut...","og_url":"https:\/\/kohenavocats.com\/ru\/tribunal-judiciaire-de-toulon-le-3-septembre-2025-n24-01135\/","og_site_name":"Ma\u00eetre Hassan Kohen, avocat en droit p\u00e9nal \u00e0 Paris","article_published_time":"2026-04-23T15:37:19+00:00","og_image":[{"width":5969,"height":3979,"url":"https:\/\/kohenavocats.com\/wp-content\/uploads\/2024\/07\/giammarco-boscaro-xLhKkk2tKkA-unsplash.webp","type":"image\/webp"}],"author":"Kohen","twitter_card":"summary_large_image","twitter_misc":{"\u041d\u0430\u043f\u0438\u0441\u0430\u043d\u043e \u0430\u0432\u0442\u043e\u0440\u043e\u043c":"Kohen","\u041f\u0440\u0438\u043c\u0435\u0440\u043d\u043e\u0435 \u0432\u0440\u0435\u043c\u044f \u0434\u043b\u044f \u0447\u0442\u0435\u043d\u0438\u044f":"3 \u043c\u0438\u043d\u0443\u0442\u044b"},"schema":{"@context":"https:\/\/schema.org","@graph":[{"@type":"Article","@id":"https:\/\/kohenavocats.com\/ru\/tribunal-judiciaire-de-toulon-le-3-septembre-2025-n24-01135\/#article","isPartOf":{"@id":"https:\/\/kohenavocats.com\/ru\/tribunal-judiciaire-de-toulon-le-3-septembre-2025-n24-01135\/"},"author":{"name":"Kohen","@id":"https:\/\/kohenavocats.com\/ru\/#\/schema\/person\/761c9ba54fa1ca84d405cef0831ff751"},"headline":"Tribunal judiciaire de Toulon, le 3 septembre 2025, n\u00b024\/01135","datePublished":"2026-04-23T15:37:19+00:00","mainEntityOfPage":{"@id":"https:\/\/kohenavocats.com\/ru\/tribunal-judiciaire-de-toulon-le-3-septembre-2025-n24-01135\/"},"wordCount":613,"commentCount":0,"publisher":{"@id":"https:\/\/kohenavocats.com\/ru\/#organization"},"image":{"@id":"https:\/\/kohenavocats.com\/ru\/tribunal-judiciaire-de-toulon-le-3-septembre-2025-n24-01135\/#primaryimage"},"thumbnailUrl":"https:\/\/kohenavocats.com\/wp-content\/uploads\/2024\/07\/giammarco-boscaro-xLhKkk2tKkA-unsplash.webp","articleSection":["Jurisprudence"],"inLanguage":"ru-RU","potentialAction":[{"@type":"CommentAction","name":"Comment","target":["https:\/\/kohenavocats.com\/ru\/tribunal-judiciaire-de-toulon-le-3-septembre-2025-n24-01135\/#respond"]}],"citation":"Tribunal judiciaire de Toulon, le 3 septembre 2025, n\u00b024\/01135","about":[{"@type":"Thing","name":"Jurisprudence"}],"dateModified":"2026-04-23T15:37:19+00:00","speakable":{"@type":"SpeakableSpecification","cssSelector":[".article-content > p:first-of-type"]}},{"@type":"WebPage","@id":"https:\/\/kohenavocats.com\/ru\/tribunal-judiciaire-de-toulon-le-3-septembre-2025-n24-01135\/","url":"https:\/\/kohenavocats.com\/ru\/tribunal-judiciaire-de-toulon-le-3-septembre-2025-n24-01135\/","name":"Tribunal judiciaire de Toulon, le 3 septembre 2025, n\u00b024\/01135 - Ma\u00eetre Hassan Kohen, avocat en droit p\u00e9nal \u00e0 Paris","isPartOf":{"@id":"https:\/\/kohenavocats.com\/ru\/#website"},"primaryImageOfPage":{"@id":"https:\/\/kohenavocats.com\/ru\/tribunal-judiciaire-de-toulon-le-3-septembre-2025-n24-01135\/#primaryimage"},"image":{"@id":"https:\/\/kohenavocats.com\/ru\/tribunal-judiciaire-de-toulon-le-3-septembre-2025-n24-01135\/#primaryimage"},"thumbnailUrl":"https:\/\/kohenavocats.com\/wp-content\/uploads\/2024\/07\/giammarco-boscaro-xLhKkk2tKkA-unsplash.webp","datePublished":"2026-04-23T15:37:19+00:00","description":"Le tribunal judiciaire de Toulon, le 3 septembre 2025, statue sur l'indemnisation d'une victime d'un accident de la circulation. La d\u00e9cision retient une faut...","breadcrumb":{"@id":"https:\/\/kohenavocats.com\/ru\/tribunal-judiciaire-de-toulon-le-3-septembre-2025-n24-01135\/#breadcrumb"},"inLanguage":"ru-RU","potentialAction":[{"@type":"ReadAction","target":["https:\/\/kohenavocats.com\/ru\/tribunal-judiciaire-de-toulon-le-3-septembre-2025-n24-01135\/"]}]},{"@type":"ImageObject","inLanguage":"ru-RU","@id":"https:\/\/kohenavocats.com\/ru\/tribunal-judiciaire-de-toulon-le-3-septembre-2025-n24-01135\/#primaryimage","url":"https:\/\/kohenavocats.com\/wp-content\/uploads\/2024\/07\/giammarco-boscaro-xLhKkk2tKkA-unsplash.webp","contentUrl":"https:\/\/kohenavocats.com\/wp-content\/uploads\/2024\/07\/giammarco-boscaro-xLhKkk2tKkA-unsplash.webp","width":5969,"height":3979},{"@type":"BreadcrumbList","@id":"https:\/\/kohenavocats.com\/ru\/tribunal-judiciaire-de-toulon-le-3-septembre-2025-n24-01135\/#breadcrumb","itemListElement":[{"@type":"ListItem","position":1,"name":"Home","item":"https:\/\/kohenavocats.com\/ru\/avocats-en-droit-penal-a-paris-conseil-et-defense-strategique\/"},{"@type":"ListItem","position":2,"name":"Tribunal judiciaire de Toulon, le 3 septembre 2025, n\u00b024\/01135"}]},{"@type":"WebSite","@id":"https:\/\/kohenavocats.com\/ru\/#website","url":"https:\/\/kohenavocats.com\/ru\/","name":"Kohen Avocats","description":"Ma\u00eetre Hassan Kohen, avocat p\u00e9naliste \u00e0 Paris, intervient exclusivement en droit p\u00e9nal pour la d\u00e9fense des particuliers, notamment en mati\u00e8re d\u2019accusations de viol. Il assure un accompagnement rigoureux d\u00e8s la garde \u00e0 vue jusqu\u2019\u00e0 la Cour d\u2019assises, veillant au strict respect des garanties proc\u00e9durales.","publisher":{"@id":"https:\/\/kohenavocats.com\/ru\/#organization"},"potentialAction":[{"@type":"SearchAction","target":{"@type":"EntryPoint","urlTemplate":"https:\/\/kohenavocats.com\/ru\/?s={search_term_string}"},"query-input":{"@type":"PropertyValueSpecification","valueRequired":true,"valueName":"search_term_string"}}],"inLanguage":"ru-RU"},{"@type":"Organization","@id":"https:\/\/kohenavocats.com\/ru\/#organization","name":"Kohen Avocats","url":"https:\/\/kohenavocats.com\/ru\/","logo":{"@type":"ImageObject","inLanguage":"ru-RU","@id":"https:\/\/kohenavocats.com\/ru\/#\/schema\/logo\/image\/","url":"https:\/\/kohenavocats.com\/wp-content\/uploads\/2026\/01\/Logo-2-1.webp","contentUrl":"https:\/\/kohenavocats.com\/wp-content\/uploads\/2026\/01\/Logo-2-1.webp","width":2114,"height":1253,"caption":"Kohen Avocats"},"image":{"@id":"https:\/\/kohenavocats.com\/ru\/#\/schema\/logo\/image\/"}},{"@type":"Person","@id":"https:\/\/kohenavocats.com\/ru\/#\/schema\/person\/761c9ba54fa1ca84d405cef0831ff751","name":"Kohen","image":{"@type":"ImageObject","inLanguage":"ru-RU","@id":"https:\/\/secure.gravatar.com\/avatar\/1c5e76ef76bbbfdd2b4da984e2bf2fa4056fd51a27d25ce2c332047f1dfd6e00?s=96&d=identicon&r=g","url":"https:\/\/secure.gravatar.com\/avatar\/1c5e76ef76bbbfdd2b4da984e2bf2fa4056fd51a27d25ce2c332047f1dfd6e00?s=96&d=identicon&r=g","contentUrl":"https:\/\/secure.gravatar.com\/avatar\/1c5e76ef76bbbfdd2b4da984e2bf2fa4056fd51a27d25ce2c332047f1dfd6e00?s=96&d=identicon&r=g","caption":"Kohen"},"sameAs":["https:\/\/www.linkedin.com\/in\/hassan-kohen-448548192\/","https:\/\/www.youtube.com\/@Kohen-Avocats"],"url":"https:\/\/kohenavocats.com\/ru\/author\/kohenmlk\/"}]}},"jetpack_featured_media_url":"https:\/\/kohenavocats.com\/wp-content\/uploads\/2024\/07\/giammarco-boscaro-xLhKkk2tKkA-unsplash.webp","jetpack_likes_enabled":false,"jetpack_shortlink":"https:\/\/wp.me\/peCrII-2M5J","jetpack-related-posts":[{"id":263780,"url":"https:\/\/kohenavocats.com\/ru\/tribunal-judiciaire-de-chartres-le-25-juin-2025-n20-00881\/","url_meta":{"origin":661523,"position":0},"title":"Tribunal judiciaire de Chartres, le 25 juin 2025, n\u00b020\/00881","author":"Kohen","date":"09.01.2026","format":false,"excerpt":"Rendu par le tribunal judiciaire de [Localit\u00e9 11] le 25 juin 2025, le jugement statue sur les suites civiles d\u2019une agression p\u00e9nalement sanctionn\u00e9e d\u00e8s 2015. La juridiction devait d\u00e9terminer l\u2019\u00e9tendue du droit \u00e0 indemnisation de la victime apr\u00e8s la condamnation p\u00e9nale, ainsi que l\u2019articulation des d\u00e9bours de l\u2019organisme social avec\u2026","rel":"","context":"\u0412 &quot;D\u00e9cisions juridiques&quot;","block_context":{"text":"D\u00e9cisions juridiques","link":"https:\/\/kohenavocats.com\/category\/decisions-juridiques\/"},"img":{"alt_text":"","src":"https:\/\/i0.wp.com\/kohenavocats.com\/wp-content\/uploads\/2024\/11\/mohamed-nohassi-IriAhed60QU-unsplash.webp?resize=350%2C200&ssl=1","width":350,"height":200,"srcset":"https:\/\/i0.wp.com\/kohenavocats.com\/wp-content\/uploads\/2024\/11\/mohamed-nohassi-IriAhed60QU-unsplash.webp?resize=350%2C200&ssl=1 1x, https:\/\/i0.wp.com\/kohenavocats.com\/wp-content\/uploads\/2024\/11\/mohamed-nohassi-IriAhed60QU-unsplash.webp?resize=525%2C300&ssl=1 1.5x, https:\/\/i0.wp.com\/kohenavocats.com\/wp-content\/uploads\/2024\/11\/mohamed-nohassi-IriAhed60QU-unsplash.webp?resize=700%2C400&ssl=1 2x, https:\/\/i0.wp.com\/kohenavocats.com\/wp-content\/uploads\/2024\/11\/mohamed-nohassi-IriAhed60QU-unsplash.webp?resize=1050%2C600&ssl=1 3x, https:\/\/i0.wp.com\/kohenavocats.com\/wp-content\/uploads\/2024\/11\/mohamed-nohassi-IriAhed60QU-unsplash.webp?resize=1400%2C800&ssl=1 4x"},"classes":[]},{"id":269611,"url":"https:\/\/kohenavocats.com\/ru\/cour-dappel-administrative-de-toulouse-le-9-decembre-2025-n24tl00270\/","url_meta":{"origin":661523,"position":1},"title":"Cour d&#8217;appel administrative de Toulouse, le 9 d\u00e9cembre 2025, n\u00b024TL00270","author":"Kohen","date":"11.01.2026","format":false,"excerpt":"La Cour administrative d'appel de Toulouse a rendu, le 9 d\u00e9cembre 2025, un arr\u00eat relatif \u00e0 la responsabilit\u00e9 de l'\u00c9tat pour d\u00e9faut d'entretien normal d'un ouvrage public. Le 15 d\u00e9cembre 2020, une conductrice circulant sur l'autoroute a perdu le contr\u00f4le de son v\u00e9hicule en raison de la chauss\u00e9e glissante lors\u2026","rel":"","context":"\u0412 &quot;6913&quot;","block_context":{"text":"6913","link":"https:\/\/kohenavocats.com\/category\/6913\/"},"img":{"alt_text":"","src":"https:\/\/i0.wp.com\/kohenavocats.com\/wp-content\/uploads\/2024\/08\/diane-picchiottino-MgllRDA6GIA-unsplash.webp?resize=350%2C200&ssl=1","width":350,"height":200,"srcset":"https:\/\/i0.wp.com\/kohenavocats.com\/wp-content\/uploads\/2024\/08\/diane-picchiottino-MgllRDA6GIA-unsplash.webp?resize=350%2C200&ssl=1 1x, https:\/\/i0.wp.com\/kohenavocats.com\/wp-content\/uploads\/2024\/08\/diane-picchiottino-MgllRDA6GIA-unsplash.webp?resize=525%2C300&ssl=1 1.5x, https:\/\/i0.wp.com\/kohenavocats.com\/wp-content\/uploads\/2024\/08\/diane-picchiottino-MgllRDA6GIA-unsplash.webp?resize=700%2C400&ssl=1 2x, https:\/\/i0.wp.com\/kohenavocats.com\/wp-content\/uploads\/2024\/08\/diane-picchiottino-MgllRDA6GIA-unsplash.webp?resize=1050%2C600&ssl=1 3x, https:\/\/i0.wp.com\/kohenavocats.com\/wp-content\/uploads\/2024\/08\/diane-picchiottino-MgllRDA6GIA-unsplash.webp?resize=1400%2C800&ssl=1 4x"},"classes":[]},{"id":264865,"url":"https:\/\/kohenavocats.com\/ru\/tribunal-judiciaire-de-paris-le-23-juin-2025-n23-15211\/","url_meta":{"origin":661523,"position":2},"title":"Tribunal judiciaire de Paris, le 23 juin 2025, n\u00b023\/15211","author":"Kohen","date":"10.01.2026","format":false,"excerpt":"Le Tribunal judiciaire de [Localit\u00e9 12], 19e chambre civile, a statu\u00e9 le 23 juin 2025 \u00e0 la suite d\u2019un accident de la circulation survenu le 5 novembre 2019. La victime, conductrice d\u2019un deux-roues, a \u00e9t\u00e9 percut\u00e9e par un v\u00e9hicule, l\u2019assureur ne contestant pas le droit \u00e0 indemnisation au titre de\u2026","rel":"","context":"\u0412 &quot;6923&quot;","block_context":{"text":"6923","link":"https:\/\/kohenavocats.com\/category\/6923\/"},"img":{"alt_text":"","src":"https:\/\/i0.wp.com\/kohenavocats.com\/wp-content\/uploads\/2024\/11\/zyanya-citlalli-VKn4-6O9LWk-unsplash-1.webp?resize=350%2C200&ssl=1","width":350,"height":200,"srcset":"https:\/\/i0.wp.com\/kohenavocats.com\/wp-content\/uploads\/2024\/11\/zyanya-citlalli-VKn4-6O9LWk-unsplash-1.webp?resize=350%2C200&ssl=1 1x, https:\/\/i0.wp.com\/kohenavocats.com\/wp-content\/uploads\/2024\/11\/zyanya-citlalli-VKn4-6O9LWk-unsplash-1.webp?resize=525%2C300&ssl=1 1.5x, https:\/\/i0.wp.com\/kohenavocats.com\/wp-content\/uploads\/2024\/11\/zyanya-citlalli-VKn4-6O9LWk-unsplash-1.webp?resize=700%2C400&ssl=1 2x, https:\/\/i0.wp.com\/kohenavocats.com\/wp-content\/uploads\/2024\/11\/zyanya-citlalli-VKn4-6O9LWk-unsplash-1.webp?resize=1050%2C600&ssl=1 3x, https:\/\/i0.wp.com\/kohenavocats.com\/wp-content\/uploads\/2024\/11\/zyanya-citlalli-VKn4-6O9LWk-unsplash-1.webp?resize=1400%2C800&ssl=1 4x"},"classes":[]},{"id":281515,"url":"https:\/\/kohenavocats.com\/ru\/cour-dappel-administrative-de-marseille-le-19-decembre-2025-n24ma02958\/","url_meta":{"origin":661523,"position":3},"title":"Cour d&#8217;appel administrative de Marseille, le 19 d\u00e9cembre 2025, n\u00b024MA02958","author":"Kohen","date":"12.01.2026","format":false,"excerpt":"La cour administrative d'appel de Marseille, par un arr\u00eat du 19 d\u00e9cembre 2025, pr\u00e9cise les modalit\u00e9s d'indemnisation provisionnelle des dommages corporels n\u00e9s d'une faute m\u00e9dicale. Un nouveau-n\u00e9 a subi des l\u00e9sions neurologiques irr\u00e9versibles apr\u00e8s un retard fautif de c\u00e9sarienne, entra\u00eenant une perte de chance de 50 % d'\u00e9viter ce dommage.\u2026","rel":"","context":"\u0412 &quot;Cour administrative d'appel&quot;","block_context":{"text":"Cour administrative d'appel","link":"https:\/\/kohenavocats.com\/category\/cour-administrative-dappel\/"},"img":{"alt_text":"","src":"https:\/\/i0.wp.com\/kohenavocats.com\/wp-content\/uploads\/2024\/11\/planet-volumes-3RB8kCN90q8-unsplash.webp?resize=350%2C200&ssl=1","width":350,"height":200,"srcset":"https:\/\/i0.wp.com\/kohenavocats.com\/wp-content\/uploads\/2024\/11\/planet-volumes-3RB8kCN90q8-unsplash.webp?resize=350%2C200&ssl=1 1x, https:\/\/i0.wp.com\/kohenavocats.com\/wp-content\/uploads\/2024\/11\/planet-volumes-3RB8kCN90q8-unsplash.webp?resize=525%2C300&ssl=1 1.5x, https:\/\/i0.wp.com\/kohenavocats.com\/wp-content\/uploads\/2024\/11\/planet-volumes-3RB8kCN90q8-unsplash.webp?resize=700%2C400&ssl=1 2x, https:\/\/i0.wp.com\/kohenavocats.com\/wp-content\/uploads\/2024\/11\/planet-volumes-3RB8kCN90q8-unsplash.webp?resize=1050%2C600&ssl=1 3x, https:\/\/i0.wp.com\/kohenavocats.com\/wp-content\/uploads\/2024\/11\/planet-volumes-3RB8kCN90q8-unsplash.webp?resize=1400%2C800&ssl=1 4x"},"classes":[]},{"id":723883,"url":"https:\/\/kohenavocats.com\/ru\/tribunal-judiciaire-de-toulon-le-5-fevrier-2026-n25-01359\/","url_meta":{"origin":661523,"position":4},"title":"Tribunal judiciaire de Toulon, le 5 f\u00e9vrier 2026, n\u00b025\/01359","author":"Kohen","date":"28.04.2026","format":false,"excerpt":"Le Tribunal judiciaire de Toulon, dans un jugement du 5 f\u00e9vrier 2026, a statu\u00e9 sur l'indemnisation d'une victime d'accident de la circulation. La conductrice...","rel":"","context":"\u0412 &quot;Jurisprudence&quot;","block_context":{"text":"Jurisprudence","link":"https:\/\/kohenavocats.com\/category\/jurisprudence\/"},"img":{"alt_text":"","src":"https:\/\/i0.wp.com\/kohenavocats.com\/wp-content\/uploads\/2024\/11\/getty-images-sMJ3mY9amdU-unsplash.webp?resize=350%2C200&ssl=1","width":350,"height":200,"srcset":"https:\/\/i0.wp.com\/kohenavocats.com\/wp-content\/uploads\/2024\/11\/getty-images-sMJ3mY9amdU-unsplash.webp?resize=350%2C200&ssl=1 1x, https:\/\/i0.wp.com\/kohenavocats.com\/wp-content\/uploads\/2024\/11\/getty-images-sMJ3mY9amdU-unsplash.webp?resize=525%2C300&ssl=1 1.5x, https:\/\/i0.wp.com\/kohenavocats.com\/wp-content\/uploads\/2024\/11\/getty-images-sMJ3mY9amdU-unsplash.webp?resize=700%2C400&ssl=1 2x, https:\/\/i0.wp.com\/kohenavocats.com\/wp-content\/uploads\/2024\/11\/getty-images-sMJ3mY9amdU-unsplash.webp?resize=1050%2C600&ssl=1 3x, https:\/\/i0.wp.com\/kohenavocats.com\/wp-content\/uploads\/2024\/11\/getty-images-sMJ3mY9amdU-unsplash.webp?resize=1400%2C800&ssl=1 4x"},"classes":[]},{"id":281064,"url":"https:\/\/kohenavocats.com\/ru\/cour-dappel-administrative-de-marseille-le-19-decembre-2025-n23ma01656\/","url_meta":{"origin":661523,"position":5},"title":"Cour d&#8217;appel administrative de Marseille, le 19 d\u00e9cembre 2025, n\u00b023MA01656","author":"Kohen","date":"12.01.2026","format":false,"excerpt":"Par un arr\u00eat rendu le 19 d\u00e9cembre 2025, la cour administrative d\u2019appel de Marseille pr\u00e9cise les conditions d\u2019engagement de la responsabilit\u00e9 d\u2019un \u00e9tablissement public de sant\u00e9. Une enfant n\u00e9e en mars 1994 pr\u00e9sente une paralysie du plexus brachial gauche suite \u00e0 un accouchement marqu\u00e9 par une dystocie des \u00e9paules. L\u2019int\u00e9ress\u00e9e,\u2026","rel":"","context":"\u0412 &quot;Cour administrative d'appel&quot;","block_context":{"text":"Cour administrative d'appel","link":"https:\/\/kohenavocats.com\/category\/cour-administrative-dappel\/"},"img":{"alt_text":"","src":"https:\/\/i0.wp.com\/kohenavocats.com\/wp-content\/uploads\/2024\/11\/viktor-forgacs-5j8nd3QpRbo-unsplash.webp?resize=350%2C200&ssl=1","width":350,"height":200,"srcset":"https:\/\/i0.wp.com\/kohenavocats.com\/wp-content\/uploads\/2024\/11\/viktor-forgacs-5j8nd3QpRbo-unsplash.webp?resize=350%2C200&ssl=1 1x, https:\/\/i0.wp.com\/kohenavocats.com\/wp-content\/uploads\/2024\/11\/viktor-forgacs-5j8nd3QpRbo-unsplash.webp?resize=525%2C300&ssl=1 1.5x, https:\/\/i0.wp.com\/kohenavocats.com\/wp-content\/uploads\/2024\/11\/viktor-forgacs-5j8nd3QpRbo-unsplash.webp?resize=700%2C400&ssl=1 2x, https:\/\/i0.wp.com\/kohenavocats.com\/wp-content\/uploads\/2024\/11\/viktor-forgacs-5j8nd3QpRbo-unsplash.webp?resize=1050%2C600&ssl=1 3x, https:\/\/i0.wp.com\/kohenavocats.com\/wp-content\/uploads\/2024\/11\/viktor-forgacs-5j8nd3QpRbo-unsplash.webp?resize=1400%2C800&ssl=1 4x"},"classes":[]}],"jetpack_sharing_enabled":true,"_links":{"self":[{"href":"https:\/\/kohenavocats.com\/ru\/wp-json\/wp\/v2\/posts\/661523","targetHints":{"allow":["GET"]}}],"collection":[{"href":"https:\/\/kohenavocats.com\/ru\/wp-json\/wp\/v2\/posts"}],"about":[{"href":"https:\/\/kohenavocats.com\/ru\/wp-json\/wp\/v2\/types\/post"}],"author":[{"embeddable":true,"href":"https:\/\/kohenavocats.com\/ru\/wp-json\/wp\/v2\/users\/232070755"}],"replies":[{"embeddable":true,"href":"https:\/\/kohenavocats.com\/ru\/wp-json\/wp\/v2\/comments?post=661523"}],"version-history":[{"count":0,"href":"https:\/\/kohenavocats.com\/ru\/wp-json\/wp\/v2\/posts\/661523\/revisions"}],"wp:featuredmedia":[{"embeddable":true,"href":"https:\/\/kohenavocats.com\/ru\/wp-json\/wp\/v2\/media\/3902"}],"wp:attachment":[{"href":"https:\/\/kohenavocats.com\/ru\/wp-json\/wp\/v2\/media?parent=661523"}],"wp:term":[{"taxonomy":"category","embeddable":true,"href":"https:\/\/kohenavocats.com\/ru\/wp-json\/wp\/v2\/categories?post=661523"},{"taxonomy":"post_tag","embeddable":true,"href":"https:\/\/kohenavocats.com\/ru\/wp-json\/wp\/v2\/tags?post=661523"}],"curies":[{"name":"wp","href":"https:\/\/api.w.org\/{rel}","templated":true}]}}