{"id":661534,"date":"2026-04-23T17:38:21","date_gmt":"2026-04-23T15:38:21","guid":{"rendered":"https:\/\/kohenavocats.com\/tribunal-judiciaire-de-grenoble-le-8-juillet-2025-n23-01295\/"},"modified":"2026-04-23T17:38:21","modified_gmt":"2026-04-23T15:38:21","slug":"tribunal-judiciaire-de-grenoble-le-8-juillet-2025-n23-01295","status":"publish","type":"post","link":"https:\/\/kohenavocats.com\/ru\/tribunal-judiciaire-de-grenoble-le-8-juillet-2025-n23-01295\/","title":{"rendered":"Tribunal judiciaire de Grenoble, le 8 juillet 2025, n\u00b023\/01295"},"content":{"rendered":"<div class=\"article-content\">\n<p>Le p\u00f4le social du tribunal judiciaire de Grenoble, statuant en premier ressort le 8 juillet 2025, se prononce sur une demande de prise en charge de l\u00e9sions. Un travailleur, ayant d\u00e9j\u00e0 obtenu la reconnaissance d\u2019un accident du travail, sollicite \u00e9galement la qualification de maladie professionnelle pour des affections similaires. La juridiction ordonne un sursis \u00e0 statuer dans l\u2019attente de la d\u00e9cision d\u00e9finitive sur la maladie professionnelle, \u00e9vitant ainsi une double prise en charge.<\/p>\n<p>Le principe d\u2019exclusion d\u2019une double qualification<\/p>\n<p>Le juge affirme l\u2019impossibilit\u00e9 d\u2019une double prise en charge pour des l\u00e9sions identiques. Des dispositions l\u00e9gales distinctes r\u00e9gissent l\u2019accident du travail et la maladie professionnelle. Le tribunal estime que leur application cumulative \u00e0 un m\u00eame \u00e9tat pathologique est interdite. &#171;Des l\u00e9sions ne peuvent en m\u00eame temps faire l\u2019objet d\u2019une prise en charge comme accident du travail et comme maladie professionnelle, \u00e0 peine d\u2019aboutir \u00e0 une double prise en charge.&#187; (Motifs de la d\u00e9cision) Cette position consacre le principe d\u2019unicit\u00e9 de qualification pour un m\u00eame pr\u00e9judice corporel. Elle vise \u00e0 pr\u00e9server l\u2019int\u00e9grit\u00e9 des r\u00e9gimes l\u00e9gaux de r\u00e9paration et \u00e9viter toute indemnisation cumulative.<\/p>\n<p>La n\u00e9cessaire pr\u00e9vention d\u2019une d\u00e9cision contradictoire<\/p>\n<p>La situation proc\u00e9durale justifie la suspension de l\u2019instance sur le fondement de l\u2019article 378 du code de proc\u00e9dure civile. Deux proc\u00e9dures distinctes sont engag\u00e9es par le m\u00eame requ\u00e9rant concernant des l\u00e9sions au m\u00eame si\u00e8ge anatomique. Le juge constate que les deux qualifications sont simultan\u00e9ment recherch\u00e9es pour un ensemble de douleurs cervicales et du membre sup\u00e9rieur. &#171;La d\u00e9cision \u00e0 intervenir sur la maladie professionnelle aura n\u00e9cessairement une incidence sur la demande de prise en charge de l\u2019accident du travail.&#187; (Motifs de la d\u00e9cision) Le sursis \u00e0 statuer appara\u00eet ainsi comme une mesure de bonne administration de la justice. Il garantit la coh\u00e9rence des d\u00e9cisions \u00e0 venir et respecte le principe d\u2019\u00e9conomie proc\u00e9durale.<\/p>\n<p>La port\u00e9e restrictive de la solution<\/p>\n<p>Cette d\u00e9cision limite strictement les possibilit\u00e9s de cumul de qualifications juridiques. Elle \u00e9tablit que le b\u00e9n\u00e9fice de la l\u00e9gislation professionnelle ne peut \u00eatre revendiqu\u00e9 sur deux fondements pour un m\u00eame \u00e9tat. La solution s\u2019applique sp\u00e9cifiquement lorsque les l\u00e9sions all\u00e9gu\u00e9es sont substantiellement identiques dans les deux proc\u00e9dures. Elle ne remet pas en cause la possibilit\u00e9 d\u2019instructions parall\u00e8les pour des pathologies distinctes, comme le permet une jurisprudence r\u00e9cente. &#171;La caisse pouvait valablement instruire ces deux demandes distinctes de prise en charge, et ce nonobstant l\u2019existence d\u2019une m\u00eame pathologie invoqu\u00e9e.&#187; (Tribunal judiciaire de N\u00eemes, le 3 juillet 2025, n\u00b022\/00036) Le pr\u00e9sent jugement se distingue en sanctionnant la demande concurrente d\u2019une m\u00eame prise en charge.<\/p>\n<p>Les cons\u00e9quences sur la strat\u00e9gie contentieuse des assur\u00e9s<\/p>\n<p>Le sursis \u00e0 statuer impose une s\u00e9quence dans le traitement des demandes de reconnaissance. Il oblige le requ\u00e9rant \u00e0 attendre la d\u00e9cision d\u00e9finitive sur la qualification de maladie professionnelle avant de poursuivre sur le volet accident du travail. Cette mesure suspend le cours de l\u2019instance sans pr\u00e9juger du fond du litige principal. Elle r\u00e9serve les demandes des parties pour un examen ult\u00e9rieur par le m\u00eame juge. La d\u00e9cision a pour effet de clarifier l\u2019ordre logique des qualifications \u00e0 rechercher. Elle incite les assur\u00e9s \u00e0 un choix strat\u00e9gique initial entre les deux voies de reconnaissance, sous peine de voir leur proc\u00e9dure suspendue.<\/p>\n<\/div>\n","protected":false},"excerpt":{"rendered":"<p>Le p\u00f4le social du tribunal judiciaire de Grenoble, statuant en premier ressort le 8 juillet 2025, se prononce sur une demande de prise en charge de l\u00e9sions. &#8230;<\/p>\n","protected":false},"author":232070755,"featured_media":9437,"comment_status":"open","ping_status":"open","sticky":false,"template":"","format":"standard","meta":{"_crdt_document":"","_jetpack_newsletter_access":"","_jetpack_dont_email_post_to_subs":false,"_jetpack_newsletter_tier_id":0,"_jetpack_memberships_contains_paywalled_content":false,"_jetpack_memberships_contains_paid_content":false,"footnotes":"","jetpack_post_was_ever_published":false},"categories":[7597],"tags":[],"class_list":["post-661534","post","type-post","status-publish","format-standard","has-post-thumbnail","hentry","category-jurisprudence"],"yoast_head":"<!-- This site is optimized with the Yoast SEO Premium plugin v27.4 (Yoast SEO v27.4) - https:\/\/yoast.com\/product\/yoast-seo-premium-wordpress\/ -->\n<title>Tribunal judiciaire de Grenoble, le 8 juillet 2025, n\u00b023\/01295 - Ma\u00eetre Hassan Kohen, avocat en droit p\u00e9nal \u00e0 Paris<\/title>\n<meta name=\"description\" content=\"Le p\u00f4le social du tribunal judiciaire de Grenoble, statuant en premier ressort le 8 juillet 2025, se prononce sur une demande de prise en charge de l\u00e9sions. ...\" \/>\n<meta name=\"robots\" content=\"index, follow, max-snippet:-1, max-image-preview:large, max-video-preview:-1\" \/>\n<link rel=\"canonical\" href=\"https:\/\/kohenavocats.com\/ru\/tribunal-judiciaire-de-grenoble-le-8-juillet-2025-n23-01295\/\" \/>\n<meta property=\"og:locale\" content=\"ru_RU\" \/>\n<meta property=\"og:type\" content=\"article\" \/>\n<meta property=\"og:title\" content=\"Tribunal judiciaire de Grenoble, le 8 juillet 2025, n\u00b023\/01295\" \/>\n<meta property=\"og:description\" content=\"Le p\u00f4le social du tribunal judiciaire de Grenoble, statuant en premier ressort le 8 juillet 2025, se prononce sur une demande de prise en charge de l\u00e9sions. ...\" \/>\n<meta property=\"og:url\" content=\"https:\/\/kohenavocats.com\/ru\/tribunal-judiciaire-de-grenoble-le-8-juillet-2025-n23-01295\/\" \/>\n<meta property=\"og:site_name\" content=\"Ma\u00eetre Hassan Kohen, avocat en droit p\u00e9nal \u00e0 Paris\" \/>\n<meta property=\"article:published_time\" content=\"2026-04-23T15:38:21+00:00\" \/>\n<meta property=\"og:image\" content=\"https:\/\/kohenavocats.com\/wp-content\/uploads\/2024\/11\/mohamed-nohassi-AE9Z7hVNOPE-unsplash.webp\" \/>\n\t<meta property=\"og:image:width\" content=\"6528\" \/>\n\t<meta property=\"og:image:height\" content=\"3672\" \/>\n\t<meta property=\"og:image:type\" content=\"image\/webp\" \/>\n<meta name=\"author\" content=\"Kohen\" \/>\n<meta name=\"twitter:card\" content=\"summary_large_image\" \/>\n<meta name=\"twitter:label1\" content=\"\u041d\u0430\u043f\u0438\u0441\u0430\u043d\u043e \u0430\u0432\u0442\u043e\u0440\u043e\u043c\" \/>\n\t<meta name=\"twitter:data1\" content=\"Kohen\" \/>\n\t<meta name=\"twitter:label2\" content=\"\u041f\u0440\u0438\u043c\u0435\u0440\u043d\u043e\u0435 \u0432\u0440\u0435\u043c\u044f \u0434\u043b\u044f \u0447\u0442\u0435\u043d\u0438\u044f\" \/>\n\t<meta name=\"twitter:data2\" content=\"3 \u043c\u0438\u043d\u0443\u0442\u044b\" \/>\n<script type=\"application\/ld+json\" class=\"yoast-schema-graph\">{\"@context\":\"https:\\\/\\\/schema.org\",\"@graph\":[{\"@type\":\"Article\",\"@id\":\"https:\\\/\\\/kohenavocats.com\\\/ru\\\/tribunal-judiciaire-de-grenoble-le-8-juillet-2025-n23-01295\\\/#article\",\"isPartOf\":{\"@id\":\"https:\\\/\\\/kohenavocats.com\\\/ru\\\/tribunal-judiciaire-de-grenoble-le-8-juillet-2025-n23-01295\\\/\"},\"author\":{\"name\":\"Kohen\",\"@id\":\"https:\\\/\\\/kohenavocats.com\\\/ru\\\/#\\\/schema\\\/person\\\/761c9ba54fa1ca84d405cef0831ff751\"},\"headline\":\"Tribunal judiciaire de Grenoble, le 8 juillet 2025, n\u00b023\\\/01295\",\"datePublished\":\"2026-04-23T15:38:21+00:00\",\"mainEntityOfPage\":{\"@id\":\"https:\\\/\\\/kohenavocats.com\\\/ru\\\/tribunal-judiciaire-de-grenoble-le-8-juillet-2025-n23-01295\\\/\"},\"wordCount\":612,\"commentCount\":0,\"publisher\":{\"@id\":\"https:\\\/\\\/kohenavocats.com\\\/ru\\\/#organization\"},\"image\":{\"@id\":\"https:\\\/\\\/kohenavocats.com\\\/ru\\\/tribunal-judiciaire-de-grenoble-le-8-juillet-2025-n23-01295\\\/#primaryimage\"},\"thumbnailUrl\":\"https:\\\/\\\/kohenavocats.com\\\/wp-content\\\/uploads\\\/2024\\\/11\\\/mohamed-nohassi-AE9Z7hVNOPE-unsplash.webp\",\"articleSection\":[\"Jurisprudence\"],\"inLanguage\":\"ru-RU\",\"potentialAction\":[{\"@type\":\"CommentAction\",\"name\":\"Comment\",\"target\":[\"https:\\\/\\\/kohenavocats.com\\\/ru\\\/tribunal-judiciaire-de-grenoble-le-8-juillet-2025-n23-01295\\\/#respond\"]}],\"citation\":\"Tribunal judiciaire de Grenoble, le 8 juillet 2025, n\u00b023\\\/01295\",\"about\":[{\"@type\":\"Thing\",\"name\":\"Jurisprudence\"}],\"dateModified\":\"2026-04-23T15:38:21+00:00\",\"speakable\":{\"@type\":\"SpeakableSpecification\",\"cssSelector\":[\".article-content > p:first-of-type\"]}},{\"@type\":\"WebPage\",\"@id\":\"https:\\\/\\\/kohenavocats.com\\\/ru\\\/tribunal-judiciaire-de-grenoble-le-8-juillet-2025-n23-01295\\\/\",\"url\":\"https:\\\/\\\/kohenavocats.com\\\/ru\\\/tribunal-judiciaire-de-grenoble-le-8-juillet-2025-n23-01295\\\/\",\"name\":\"Tribunal judiciaire de Grenoble, le 8 juillet 2025, n\u00b023\\\/01295 - Ma\u00eetre Hassan Kohen, avocat en droit p\u00e9nal \u00e0 Paris\",\"isPartOf\":{\"@id\":\"https:\\\/\\\/kohenavocats.com\\\/ru\\\/#website\"},\"primaryImageOfPage\":{\"@id\":\"https:\\\/\\\/kohenavocats.com\\\/ru\\\/tribunal-judiciaire-de-grenoble-le-8-juillet-2025-n23-01295\\\/#primaryimage\"},\"image\":{\"@id\":\"https:\\\/\\\/kohenavocats.com\\\/ru\\\/tribunal-judiciaire-de-grenoble-le-8-juillet-2025-n23-01295\\\/#primaryimage\"},\"thumbnailUrl\":\"https:\\\/\\\/kohenavocats.com\\\/wp-content\\\/uploads\\\/2024\\\/11\\\/mohamed-nohassi-AE9Z7hVNOPE-unsplash.webp\",\"datePublished\":\"2026-04-23T15:38:21+00:00\",\"description\":\"Le p\u00f4le social du tribunal judiciaire de Grenoble, statuant en premier ressort le 8 juillet 2025, se prononce sur une demande de prise en charge de l\u00e9sions. ...\",\"breadcrumb\":{\"@id\":\"https:\\\/\\\/kohenavocats.com\\\/ru\\\/tribunal-judiciaire-de-grenoble-le-8-juillet-2025-n23-01295\\\/#breadcrumb\"},\"inLanguage\":\"ru-RU\",\"potentialAction\":[{\"@type\":\"ReadAction\",\"target\":[\"https:\\\/\\\/kohenavocats.com\\\/ru\\\/tribunal-judiciaire-de-grenoble-le-8-juillet-2025-n23-01295\\\/\"]}]},{\"@type\":\"ImageObject\",\"inLanguage\":\"ru-RU\",\"@id\":\"https:\\\/\\\/kohenavocats.com\\\/ru\\\/tribunal-judiciaire-de-grenoble-le-8-juillet-2025-n23-01295\\\/#primaryimage\",\"url\":\"https:\\\/\\\/kohenavocats.com\\\/wp-content\\\/uploads\\\/2024\\\/11\\\/mohamed-nohassi-AE9Z7hVNOPE-unsplash.webp\",\"contentUrl\":\"https:\\\/\\\/kohenavocats.com\\\/wp-content\\\/uploads\\\/2024\\\/11\\\/mohamed-nohassi-AE9Z7hVNOPE-unsplash.webp\",\"width\":6528,\"height\":3672},{\"@type\":\"BreadcrumbList\",\"@id\":\"https:\\\/\\\/kohenavocats.com\\\/ru\\\/tribunal-judiciaire-de-grenoble-le-8-juillet-2025-n23-01295\\\/#breadcrumb\",\"itemListElement\":[{\"@type\":\"ListItem\",\"position\":1,\"name\":\"Home\",\"item\":\"https:\\\/\\\/kohenavocats.com\\\/ru\\\/avocats-en-droit-penal-a-paris-conseil-et-defense-strategique\\\/\"},{\"@type\":\"ListItem\",\"position\":2,\"name\":\"Tribunal judiciaire de Grenoble, le 8 juillet 2025, n\u00b023\\\/01295\"}]},{\"@type\":\"WebSite\",\"@id\":\"https:\\\/\\\/kohenavocats.com\\\/ru\\\/#website\",\"url\":\"https:\\\/\\\/kohenavocats.com\\\/ru\\\/\",\"name\":\"Kohen Avocats\",\"description\":\"Ma\u00eetre Hassan Kohen, avocat p\u00e9naliste \u00e0 Paris, intervient exclusivement en droit p\u00e9nal pour la d\u00e9fense des particuliers, notamment en mati\u00e8re d\u2019accusations de viol. Il assure un accompagnement rigoureux d\u00e8s la garde \u00e0 vue jusqu\u2019\u00e0 la Cour d\u2019assises, veillant au strict respect des garanties proc\u00e9durales.\",\"publisher\":{\"@id\":\"https:\\\/\\\/kohenavocats.com\\\/ru\\\/#organization\"},\"potentialAction\":[{\"@type\":\"SearchAction\",\"target\":{\"@type\":\"EntryPoint\",\"urlTemplate\":\"https:\\\/\\\/kohenavocats.com\\\/ru\\\/?s={search_term_string}\"},\"query-input\":{\"@type\":\"PropertyValueSpecification\",\"valueRequired\":true,\"valueName\":\"search_term_string\"}}],\"inLanguage\":\"ru-RU\"},{\"@type\":\"Organization\",\"@id\":\"https:\\\/\\\/kohenavocats.com\\\/ru\\\/#organization\",\"name\":\"Kohen Avocats\",\"url\":\"https:\\\/\\\/kohenavocats.com\\\/ru\\\/\",\"logo\":{\"@type\":\"ImageObject\",\"inLanguage\":\"ru-RU\",\"@id\":\"https:\\\/\\\/kohenavocats.com\\\/ru\\\/#\\\/schema\\\/logo\\\/image\\\/\",\"url\":\"https:\\\/\\\/kohenavocats.com\\\/wp-content\\\/uploads\\\/2026\\\/01\\\/Logo-2-1.webp\",\"contentUrl\":\"https:\\\/\\\/kohenavocats.com\\\/wp-content\\\/uploads\\\/2026\\\/01\\\/Logo-2-1.webp\",\"width\":2114,\"height\":1253,\"caption\":\"Kohen Avocats\"},\"image\":{\"@id\":\"https:\\\/\\\/kohenavocats.com\\\/ru\\\/#\\\/schema\\\/logo\\\/image\\\/\"}},{\"@type\":\"Person\",\"@id\":\"https:\\\/\\\/kohenavocats.com\\\/ru\\\/#\\\/schema\\\/person\\\/761c9ba54fa1ca84d405cef0831ff751\",\"name\":\"Kohen\",\"image\":{\"@type\":\"ImageObject\",\"inLanguage\":\"ru-RU\",\"@id\":\"https:\\\/\\\/secure.gravatar.com\\\/avatar\\\/1c5e76ef76bbbfdd2b4da984e2bf2fa4056fd51a27d25ce2c332047f1dfd6e00?s=96&d=identicon&r=g\",\"url\":\"https:\\\/\\\/secure.gravatar.com\\\/avatar\\\/1c5e76ef76bbbfdd2b4da984e2bf2fa4056fd51a27d25ce2c332047f1dfd6e00?s=96&d=identicon&r=g\",\"contentUrl\":\"https:\\\/\\\/secure.gravatar.com\\\/avatar\\\/1c5e76ef76bbbfdd2b4da984e2bf2fa4056fd51a27d25ce2c332047f1dfd6e00?s=96&d=identicon&r=g\",\"caption\":\"Kohen\"},\"sameAs\":[\"https:\\\/\\\/www.linkedin.com\\\/in\\\/hassan-kohen-448548192\\\/\",\"https:\\\/\\\/www.youtube.com\\\/@Kohen-Avocats\"],\"url\":\"https:\\\/\\\/kohenavocats.com\\\/ru\\\/author\\\/kohenmlk\\\/\"}]}<\/script>\n<!-- \/ Yoast SEO Premium plugin. -->","yoast_head_json":{"title":"Tribunal judiciaire de Grenoble, le 8 juillet 2025, n\u00b023\/01295 - Ma\u00eetre Hassan Kohen, avocat en droit p\u00e9nal \u00e0 Paris","description":"Le p\u00f4le social du tribunal judiciaire de Grenoble, statuant en premier ressort le 8 juillet 2025, se prononce sur une demande de prise en charge de l\u00e9sions. ...","robots":{"index":"index","follow":"follow","max-snippet":"max-snippet:-1","max-image-preview":"max-image-preview:large","max-video-preview":"max-video-preview:-1"},"canonical":"https:\/\/kohenavocats.com\/ru\/tribunal-judiciaire-de-grenoble-le-8-juillet-2025-n23-01295\/","og_locale":"ru_RU","og_type":"article","og_title":"Tribunal judiciaire de Grenoble, le 8 juillet 2025, n\u00b023\/01295","og_description":"Le p\u00f4le social du tribunal judiciaire de Grenoble, statuant en premier ressort le 8 juillet 2025, se prononce sur une demande de prise en charge de l\u00e9sions. ...","og_url":"https:\/\/kohenavocats.com\/ru\/tribunal-judiciaire-de-grenoble-le-8-juillet-2025-n23-01295\/","og_site_name":"Ma\u00eetre Hassan Kohen, avocat en droit p\u00e9nal \u00e0 Paris","article_published_time":"2026-04-23T15:38:21+00:00","og_image":[{"width":6528,"height":3672,"url":"https:\/\/kohenavocats.com\/wp-content\/uploads\/2024\/11\/mohamed-nohassi-AE9Z7hVNOPE-unsplash.webp","type":"image\/webp"}],"author":"Kohen","twitter_card":"summary_large_image","twitter_misc":{"\u041d\u0430\u043f\u0438\u0441\u0430\u043d\u043e \u0430\u0432\u0442\u043e\u0440\u043e\u043c":"Kohen","\u041f\u0440\u0438\u043c\u0435\u0440\u043d\u043e\u0435 \u0432\u0440\u0435\u043c\u044f \u0434\u043b\u044f \u0447\u0442\u0435\u043d\u0438\u044f":"3 \u043c\u0438\u043d\u0443\u0442\u044b"},"schema":{"@context":"https:\/\/schema.org","@graph":[{"@type":"Article","@id":"https:\/\/kohenavocats.com\/ru\/tribunal-judiciaire-de-grenoble-le-8-juillet-2025-n23-01295\/#article","isPartOf":{"@id":"https:\/\/kohenavocats.com\/ru\/tribunal-judiciaire-de-grenoble-le-8-juillet-2025-n23-01295\/"},"author":{"name":"Kohen","@id":"https:\/\/kohenavocats.com\/ru\/#\/schema\/person\/761c9ba54fa1ca84d405cef0831ff751"},"headline":"Tribunal judiciaire de Grenoble, le 8 juillet 2025, n\u00b023\/01295","datePublished":"2026-04-23T15:38:21+00:00","mainEntityOfPage":{"@id":"https:\/\/kohenavocats.com\/ru\/tribunal-judiciaire-de-grenoble-le-8-juillet-2025-n23-01295\/"},"wordCount":612,"commentCount":0,"publisher":{"@id":"https:\/\/kohenavocats.com\/ru\/#organization"},"image":{"@id":"https:\/\/kohenavocats.com\/ru\/tribunal-judiciaire-de-grenoble-le-8-juillet-2025-n23-01295\/#primaryimage"},"thumbnailUrl":"https:\/\/kohenavocats.com\/wp-content\/uploads\/2024\/11\/mohamed-nohassi-AE9Z7hVNOPE-unsplash.webp","articleSection":["Jurisprudence"],"inLanguage":"ru-RU","potentialAction":[{"@type":"CommentAction","name":"Comment","target":["https:\/\/kohenavocats.com\/ru\/tribunal-judiciaire-de-grenoble-le-8-juillet-2025-n23-01295\/#respond"]}],"citation":"Tribunal judiciaire de Grenoble, le 8 juillet 2025, n\u00b023\/01295","about":[{"@type":"Thing","name":"Jurisprudence"}],"dateModified":"2026-04-23T15:38:21+00:00","speakable":{"@type":"SpeakableSpecification","cssSelector":[".article-content > p:first-of-type"]}},{"@type":"WebPage","@id":"https:\/\/kohenavocats.com\/ru\/tribunal-judiciaire-de-grenoble-le-8-juillet-2025-n23-01295\/","url":"https:\/\/kohenavocats.com\/ru\/tribunal-judiciaire-de-grenoble-le-8-juillet-2025-n23-01295\/","name":"Tribunal judiciaire de Grenoble, le 8 juillet 2025, n\u00b023\/01295 - Ma\u00eetre Hassan Kohen, avocat en droit p\u00e9nal \u00e0 Paris","isPartOf":{"@id":"https:\/\/kohenavocats.com\/ru\/#website"},"primaryImageOfPage":{"@id":"https:\/\/kohenavocats.com\/ru\/tribunal-judiciaire-de-grenoble-le-8-juillet-2025-n23-01295\/#primaryimage"},"image":{"@id":"https:\/\/kohenavocats.com\/ru\/tribunal-judiciaire-de-grenoble-le-8-juillet-2025-n23-01295\/#primaryimage"},"thumbnailUrl":"https:\/\/kohenavocats.com\/wp-content\/uploads\/2024\/11\/mohamed-nohassi-AE9Z7hVNOPE-unsplash.webp","datePublished":"2026-04-23T15:38:21+00:00","description":"Le p\u00f4le social du tribunal judiciaire de Grenoble, statuant en premier ressort le 8 juillet 2025, se prononce sur une demande de prise en charge de l\u00e9sions. ...","breadcrumb":{"@id":"https:\/\/kohenavocats.com\/ru\/tribunal-judiciaire-de-grenoble-le-8-juillet-2025-n23-01295\/#breadcrumb"},"inLanguage":"ru-RU","potentialAction":[{"@type":"ReadAction","target":["https:\/\/kohenavocats.com\/ru\/tribunal-judiciaire-de-grenoble-le-8-juillet-2025-n23-01295\/"]}]},{"@type":"ImageObject","inLanguage":"ru-RU","@id":"https:\/\/kohenavocats.com\/ru\/tribunal-judiciaire-de-grenoble-le-8-juillet-2025-n23-01295\/#primaryimage","url":"https:\/\/kohenavocats.com\/wp-content\/uploads\/2024\/11\/mohamed-nohassi-AE9Z7hVNOPE-unsplash.webp","contentUrl":"https:\/\/kohenavocats.com\/wp-content\/uploads\/2024\/11\/mohamed-nohassi-AE9Z7hVNOPE-unsplash.webp","width":6528,"height":3672},{"@type":"BreadcrumbList","@id":"https:\/\/kohenavocats.com\/ru\/tribunal-judiciaire-de-grenoble-le-8-juillet-2025-n23-01295\/#breadcrumb","itemListElement":[{"@type":"ListItem","position":1,"name":"Home","item":"https:\/\/kohenavocats.com\/ru\/avocats-en-droit-penal-a-paris-conseil-et-defense-strategique\/"},{"@type":"ListItem","position":2,"name":"Tribunal judiciaire de Grenoble, le 8 juillet 2025, n\u00b023\/01295"}]},{"@type":"WebSite","@id":"https:\/\/kohenavocats.com\/ru\/#website","url":"https:\/\/kohenavocats.com\/ru\/","name":"Kohen Avocats","description":"Ma\u00eetre Hassan Kohen, avocat p\u00e9naliste \u00e0 Paris, intervient exclusivement en droit p\u00e9nal pour la d\u00e9fense des particuliers, notamment en mati\u00e8re d\u2019accusations de viol. Il assure un accompagnement rigoureux d\u00e8s la garde \u00e0 vue jusqu\u2019\u00e0 la Cour d\u2019assises, veillant au strict respect des garanties proc\u00e9durales.","publisher":{"@id":"https:\/\/kohenavocats.com\/ru\/#organization"},"potentialAction":[{"@type":"SearchAction","target":{"@type":"EntryPoint","urlTemplate":"https:\/\/kohenavocats.com\/ru\/?s={search_term_string}"},"query-input":{"@type":"PropertyValueSpecification","valueRequired":true,"valueName":"search_term_string"}}],"inLanguage":"ru-RU"},{"@type":"Organization","@id":"https:\/\/kohenavocats.com\/ru\/#organization","name":"Kohen Avocats","url":"https:\/\/kohenavocats.com\/ru\/","logo":{"@type":"ImageObject","inLanguage":"ru-RU","@id":"https:\/\/kohenavocats.com\/ru\/#\/schema\/logo\/image\/","url":"https:\/\/kohenavocats.com\/wp-content\/uploads\/2026\/01\/Logo-2-1.webp","contentUrl":"https:\/\/kohenavocats.com\/wp-content\/uploads\/2026\/01\/Logo-2-1.webp","width":2114,"height":1253,"caption":"Kohen Avocats"},"image":{"@id":"https:\/\/kohenavocats.com\/ru\/#\/schema\/logo\/image\/"}},{"@type":"Person","@id":"https:\/\/kohenavocats.com\/ru\/#\/schema\/person\/761c9ba54fa1ca84d405cef0831ff751","name":"Kohen","image":{"@type":"ImageObject","inLanguage":"ru-RU","@id":"https:\/\/secure.gravatar.com\/avatar\/1c5e76ef76bbbfdd2b4da984e2bf2fa4056fd51a27d25ce2c332047f1dfd6e00?s=96&d=identicon&r=g","url":"https:\/\/secure.gravatar.com\/avatar\/1c5e76ef76bbbfdd2b4da984e2bf2fa4056fd51a27d25ce2c332047f1dfd6e00?s=96&d=identicon&r=g","contentUrl":"https:\/\/secure.gravatar.com\/avatar\/1c5e76ef76bbbfdd2b4da984e2bf2fa4056fd51a27d25ce2c332047f1dfd6e00?s=96&d=identicon&r=g","caption":"Kohen"},"sameAs":["https:\/\/www.linkedin.com\/in\/hassan-kohen-448548192\/","https:\/\/www.youtube.com\/@Kohen-Avocats"],"url":"https:\/\/kohenavocats.com\/ru\/author\/kohenmlk\/"}]}},"jetpack_featured_media_url":"https:\/\/kohenavocats.com\/wp-content\/uploads\/2024\/11\/mohamed-nohassi-AE9Z7hVNOPE-unsplash.webp","jetpack_likes_enabled":false,"jetpack_shortlink":"https:\/\/wp.me\/peCrII-2M5U","jetpack-related-posts":[{"id":262330,"url":"https:\/\/kohenavocats.com\/ru\/tribunal-judiciaire-de-saint-etienne-le-26-juin-2025-n24-00007\/","url_meta":{"origin":661534,"position":0},"title":"Tribunal judiciaire de Saint Etienne, le 26 juin 2025, n\u00b024\/00007","author":"Kohen","date":"09.01.2026","format":false,"excerpt":"Saint\u2011\u00c9tienne, 26 juin 2025. La juridiction sociale tranche un double contentieux n\u00e9 d\u2019un accident du travail : la recevabilit\u00e9 temporelle du recours de l\u2019employeur et l\u2019opposabilit\u00e9 de la dur\u00e9e des soins et arr\u00eats de travail pris en charge. L\u2019enjeu porte sur le point de d\u00e9part de la prescription quinquennale et\u2026","rel":"","context":"\u0412 &quot;D\u00e9cisions juridiques&quot;","block_context":{"text":"D\u00e9cisions juridiques","link":"https:\/\/kohenavocats.com\/category\/decisions-juridiques\/"},"img":{"alt_text":"","src":"https:\/\/i0.wp.com\/kohenavocats.com\/wp-content\/uploads\/2024\/11\/margaret-jaszowska-iJ4qhyNQEjE-unsplash.webp?resize=350%2C200&ssl=1","width":350,"height":200,"srcset":"https:\/\/i0.wp.com\/kohenavocats.com\/wp-content\/uploads\/2024\/11\/margaret-jaszowska-iJ4qhyNQEjE-unsplash.webp?resize=350%2C200&ssl=1 1x, https:\/\/i0.wp.com\/kohenavocats.com\/wp-content\/uploads\/2024\/11\/margaret-jaszowska-iJ4qhyNQEjE-unsplash.webp?resize=525%2C300&ssl=1 1.5x, https:\/\/i0.wp.com\/kohenavocats.com\/wp-content\/uploads\/2024\/11\/margaret-jaszowska-iJ4qhyNQEjE-unsplash.webp?resize=700%2C400&ssl=1 2x, https:\/\/i0.wp.com\/kohenavocats.com\/wp-content\/uploads\/2024\/11\/margaret-jaszowska-iJ4qhyNQEjE-unsplash.webp?resize=1050%2C600&ssl=1 3x, https:\/\/i0.wp.com\/kohenavocats.com\/wp-content\/uploads\/2024\/11\/margaret-jaszowska-iJ4qhyNQEjE-unsplash.webp?resize=1400%2C800&ssl=1 4x"},"classes":[]},{"id":263823,"url":"https:\/\/kohenavocats.com\/ru\/tribunal-judiciaire-de-reims-le-30-juin-2025-n24-00321\/","url_meta":{"origin":661534,"position":1},"title":"Tribunal judiciaire de Reims, le 30 juin 2025, n\u00b024\/00321","author":"Kohen","date":"10.01.2026","format":false,"excerpt":"Rendue par le p\u00f4le social du tribunal judiciaire de Reims le 30 juin 2025, la d\u00e9cision tranche un recours form\u00e9 par l\u2019employeur contre la prise en charge, au titre des risques professionnels, d\u2019un \u00e9v\u00e9nement survenu le 22 d\u00e9cembre 2023. La juridiction devait d\u00e9terminer si une altercation sur le lieu de\u2026","rel":"","context":"\u0412 &quot;D\u00e9cisions juridiques&quot;","block_context":{"text":"D\u00e9cisions juridiques","link":"https:\/\/kohenavocats.com\/category\/decisions-juridiques\/"},"img":{"alt_text":"","src":"https:\/\/i0.wp.com\/kohenavocats.com\/wp-content\/uploads\/2024\/08\/real_-jansen-vGG8w7zDoMw-unsplash.webp?resize=350%2C200&ssl=1","width":350,"height":200,"srcset":"https:\/\/i0.wp.com\/kohenavocats.com\/wp-content\/uploads\/2024\/08\/real_-jansen-vGG8w7zDoMw-unsplash.webp?resize=350%2C200&ssl=1 1x, https:\/\/i0.wp.com\/kohenavocats.com\/wp-content\/uploads\/2024\/08\/real_-jansen-vGG8w7zDoMw-unsplash.webp?resize=525%2C300&ssl=1 1.5x, https:\/\/i0.wp.com\/kohenavocats.com\/wp-content\/uploads\/2024\/08\/real_-jansen-vGG8w7zDoMw-unsplash.webp?resize=700%2C400&ssl=1 2x, https:\/\/i0.wp.com\/kohenavocats.com\/wp-content\/uploads\/2024\/08\/real_-jansen-vGG8w7zDoMw-unsplash.webp?resize=1050%2C600&ssl=1 3x, https:\/\/i0.wp.com\/kohenavocats.com\/wp-content\/uploads\/2024\/08\/real_-jansen-vGG8w7zDoMw-unsplash.webp?resize=1400%2C800&ssl=1 4x"},"classes":[]},{"id":269095,"url":"https:\/\/kohenavocats.com\/ru\/tribunal-judiciaire-de-lyon-le-1-juillet-2025-n21-02104\/","url_meta":{"origin":661534,"position":2},"title":"Tribunal judiciaire de Lyon, le 1 juillet 2025, n\u00b021\/02104","author":"Kohen","date":"10.01.2026","format":false,"excerpt":"Rendu par le p\u00f4le social du tribunal judiciaire de Lyon le 1er juillet 2025, le jugement tranche un recours en inopposabilit\u00e9 d\u2019une d\u00e9cision de prise en charge d\u2019un accident du travail. Le litige porte sur un malaise survenu dans l\u2019entreprise et sur l\u2019\u00e9tendue du contr\u00f4le du juge sur l\u2019instruction men\u00e9e\u2026","rel":"","context":"\u0412 &quot;6917&quot;","block_context":{"text":"6917","link":"https:\/\/kohenavocats.com\/category\/6917\/"},"img":{"alt_text":"","src":"https:\/\/i0.wp.com\/kohenavocats.com\/wp-content\/uploads\/2024\/11\/getty-images-imdnMdUDomE-unsplash.webp?resize=350%2C200&ssl=1","width":350,"height":200,"srcset":"https:\/\/i0.wp.com\/kohenavocats.com\/wp-content\/uploads\/2024\/11\/getty-images-imdnMdUDomE-unsplash.webp?resize=350%2C200&ssl=1 1x, https:\/\/i0.wp.com\/kohenavocats.com\/wp-content\/uploads\/2024\/11\/getty-images-imdnMdUDomE-unsplash.webp?resize=525%2C300&ssl=1 1.5x, https:\/\/i0.wp.com\/kohenavocats.com\/wp-content\/uploads\/2024\/11\/getty-images-imdnMdUDomE-unsplash.webp?resize=700%2C400&ssl=1 2x, https:\/\/i0.wp.com\/kohenavocats.com\/wp-content\/uploads\/2024\/11\/getty-images-imdnMdUDomE-unsplash.webp?resize=1050%2C600&ssl=1 3x, https:\/\/i0.wp.com\/kohenavocats.com\/wp-content\/uploads\/2024\/11\/getty-images-imdnMdUDomE-unsplash.webp?resize=1400%2C800&ssl=1 4x"},"classes":[]},{"id":263469,"url":"https:\/\/kohenavocats.com\/ru\/tribunal-judiciaire-de-paris-le-25-juin-2025-n19-04004\/","url_meta":{"origin":661534,"position":3},"title":"Tribunal judiciaire de Paris, le 25 juin 2025, n\u00b019\/04004","author":"Kohen","date":"09.01.2026","format":false,"excerpt":"P\u00f4le social du tribunal judiciaire de [Localit\u00e9 10], 25 juin 2025, jugement avant dire droit, statuant sur un litige relatif au taux d\u2019incapacit\u00e9 permanente et \u00e0 une rechute cons\u00e9cutive \u00e0 un accident du travail. Le juge ordonne une expertise sur pi\u00e8ces afin d\u2019\u00e9clairer l\u2019\u00e9valuation m\u00e9dico-l\u00e9gale contest\u00e9e.Un salari\u00e9, sous-chef de cuisine,\u2026","rel":"","context":"\u0412 &quot;D\u00e9cisions juridiques&quot;","block_context":{"text":"D\u00e9cisions juridiques","link":"https:\/\/kohenavocats.com\/category\/decisions-juridiques\/"},"img":{"alt_text":"","src":"https:\/\/i0.wp.com\/kohenavocats.com\/wp-content\/uploads\/2024\/08\/luis-cortes-NkmP4u5P1PM-unsplash.webp?resize=350%2C200&ssl=1","width":350,"height":200,"srcset":"https:\/\/i0.wp.com\/kohenavocats.com\/wp-content\/uploads\/2024\/08\/luis-cortes-NkmP4u5P1PM-unsplash.webp?resize=350%2C200&ssl=1 1x, https:\/\/i0.wp.com\/kohenavocats.com\/wp-content\/uploads\/2024\/08\/luis-cortes-NkmP4u5P1PM-unsplash.webp?resize=525%2C300&ssl=1 1.5x, https:\/\/i0.wp.com\/kohenavocats.com\/wp-content\/uploads\/2024\/08\/luis-cortes-NkmP4u5P1PM-unsplash.webp?resize=700%2C400&ssl=1 2x, https:\/\/i0.wp.com\/kohenavocats.com\/wp-content\/uploads\/2024\/08\/luis-cortes-NkmP4u5P1PM-unsplash.webp?resize=1050%2C600&ssl=1 3x, https:\/\/i0.wp.com\/kohenavocats.com\/wp-content\/uploads\/2024\/08\/luis-cortes-NkmP4u5P1PM-unsplash.webp?resize=1400%2C800&ssl=1 4x"},"classes":[]},{"id":263721,"url":"https:\/\/kohenavocats.com\/ru\/tribunal-judiciaire-de-saint-etienne-le-30-juin-2025-n24-00109\/","url_meta":{"origin":661534,"position":4},"title":"Tribunal judiciaire de Saint Etienne, le 30 juin 2025, n\u00b024\/00109","author":"Kohen","date":"09.01.2026","format":false,"excerpt":"Le tribunal judiciaire de Saint\u2011\u00c9tienne, le 30 juin 2025, a reconnu le caract\u00e8re professionnel d\u2019une atteinte psychique cons\u00e9cutive \u00e0 un entretien de recadrage. Un salari\u00e9, apr\u00e8s une r\u00e9union le 16 juin 2023, a pr\u00e9sent\u00e9 un \u00e9tat anxiod\u00e9pressif objectiv\u00e9 m\u00e9dicalement le 20 juin, puis a sollicit\u00e9 la prise en charge au\u2026","rel":"","context":"\u0412 &quot;D\u00e9cisions juridiques&quot;","block_context":{"text":"D\u00e9cisions juridiques","link":"https:\/\/kohenavocats.com\/category\/decisions-juridiques\/"},"img":{"alt_text":"","src":"https:\/\/i0.wp.com\/kohenavocats.com\/wp-content\/uploads\/2024\/08\/peter-bucks-cDueGDswXy8-unsplash.webp?resize=350%2C200&ssl=1","width":350,"height":200,"srcset":"https:\/\/i0.wp.com\/kohenavocats.com\/wp-content\/uploads\/2024\/08\/peter-bucks-cDueGDswXy8-unsplash.webp?resize=350%2C200&ssl=1 1x, https:\/\/i0.wp.com\/kohenavocats.com\/wp-content\/uploads\/2024\/08\/peter-bucks-cDueGDswXy8-unsplash.webp?resize=525%2C300&ssl=1 1.5x, https:\/\/i0.wp.com\/kohenavocats.com\/wp-content\/uploads\/2024\/08\/peter-bucks-cDueGDswXy8-unsplash.webp?resize=700%2C400&ssl=1 2x, https:\/\/i0.wp.com\/kohenavocats.com\/wp-content\/uploads\/2024\/08\/peter-bucks-cDueGDswXy8-unsplash.webp?resize=1050%2C600&ssl=1 3x, https:\/\/i0.wp.com\/kohenavocats.com\/wp-content\/uploads\/2024\/08\/peter-bucks-cDueGDswXy8-unsplash.webp?resize=1400%2C800&ssl=1 4x"},"classes":[]},{"id":265450,"url":"https:\/\/kohenavocats.com\/ru\/tribunal-judiciaire-de-lille-le-1-juillet-2025-n25-00810\/","url_meta":{"origin":661534,"position":5},"title":"Tribunal judiciaire de Lille, le 1 juillet 2025, n\u00b025\/00810","author":"Kohen","date":"10.01.2026","format":false,"excerpt":"Le Tribunal judiciaire de Lille, p\u00f4le social, 1er juillet 2025, a \u00e9t\u00e9 saisi du recours d\u2019un assur\u00e9 contestant le refus de prise en charge, au titre des maladies professionnelles, d\u2019un \u00e9tat de burn out assorti d\u2019un syndrome d\u00e9pressif. La caisse avait obtenu un avis d\u00e9favorable du comit\u00e9 r\u00e9gional, qui a\u2026","rel":"","context":"\u0412 &quot;D\u00e9cisions juridiques&quot;","block_context":{"text":"D\u00e9cisions juridiques","link":"https:\/\/kohenavocats.com\/category\/decisions-juridiques\/"},"img":{"alt_text":"","src":"https:\/\/i0.wp.com\/kohenavocats.com\/wp-content\/uploads\/2024\/08\/diogo-nunes-bNEaIT3HIMk-unsplash.webp?resize=350%2C200&ssl=1","width":350,"height":200,"srcset":"https:\/\/i0.wp.com\/kohenavocats.com\/wp-content\/uploads\/2024\/08\/diogo-nunes-bNEaIT3HIMk-unsplash.webp?resize=350%2C200&ssl=1 1x, https:\/\/i0.wp.com\/kohenavocats.com\/wp-content\/uploads\/2024\/08\/diogo-nunes-bNEaIT3HIMk-unsplash.webp?resize=525%2C300&ssl=1 1.5x, https:\/\/i0.wp.com\/kohenavocats.com\/wp-content\/uploads\/2024\/08\/diogo-nunes-bNEaIT3HIMk-unsplash.webp?resize=700%2C400&ssl=1 2x, https:\/\/i0.wp.com\/kohenavocats.com\/wp-content\/uploads\/2024\/08\/diogo-nunes-bNEaIT3HIMk-unsplash.webp?resize=1050%2C600&ssl=1 3x, https:\/\/i0.wp.com\/kohenavocats.com\/wp-content\/uploads\/2024\/08\/diogo-nunes-bNEaIT3HIMk-unsplash.webp?resize=1400%2C800&ssl=1 4x"},"classes":[]}],"jetpack_sharing_enabled":true,"_links":{"self":[{"href":"https:\/\/kohenavocats.com\/ru\/wp-json\/wp\/v2\/posts\/661534","targetHints":{"allow":["GET"]}}],"collection":[{"href":"https:\/\/kohenavocats.com\/ru\/wp-json\/wp\/v2\/posts"}],"about":[{"href":"https:\/\/kohenavocats.com\/ru\/wp-json\/wp\/v2\/types\/post"}],"author":[{"embeddable":true,"href":"https:\/\/kohenavocats.com\/ru\/wp-json\/wp\/v2\/users\/232070755"}],"replies":[{"embeddable":true,"href":"https:\/\/kohenavocats.com\/ru\/wp-json\/wp\/v2\/comments?post=661534"}],"version-history":[{"count":0,"href":"https:\/\/kohenavocats.com\/ru\/wp-json\/wp\/v2\/posts\/661534\/revisions"}],"wp:featuredmedia":[{"embeddable":true,"href":"https:\/\/kohenavocats.com\/ru\/wp-json\/wp\/v2\/media\/9437"}],"wp:attachment":[{"href":"https:\/\/kohenavocats.com\/ru\/wp-json\/wp\/v2\/media?parent=661534"}],"wp:term":[{"taxonomy":"category","embeddable":true,"href":"https:\/\/kohenavocats.com\/ru\/wp-json\/wp\/v2\/categories?post=661534"},{"taxonomy":"post_tag","embeddable":true,"href":"https:\/\/kohenavocats.com\/ru\/wp-json\/wp\/v2\/tags?post=661534"}],"curies":[{"name":"wp","href":"https:\/\/api.w.org\/{rel}","templated":true}]}}