{"id":661610,"date":"2026-04-23T17:47:39","date_gmt":"2026-04-23T15:47:39","guid":{"rendered":"https:\/\/kohenavocats.com\/tribunal-judiciaire-de-strasbourg-le-25-septembre-2025-n24-02582\/"},"modified":"2026-04-23T17:47:39","modified_gmt":"2026-04-23T15:47:39","slug":"tribunal-judiciaire-de-strasbourg-le-25-septembre-2025-n24-02582","status":"publish","type":"post","link":"https:\/\/kohenavocats.com\/ru\/tribunal-judiciaire-de-strasbourg-le-25-septembre-2025-n24-02582\/","title":{"rendered":"Tribunal judiciaire de Strasbourg, le 25 septembre 2025, n\u00b024\/02582"},"content":{"rendered":"<div class=\"article-content\">\n<p>Le Tribunal judiciaire de Strasbourg, le 25 septembre 2025, a statu\u00e9 sur une demande en r\u00e9solution de vente pour vice cach\u00e9. L&#8217;acqu\u00e9reur d&#8217;un v\u00e9hicule d&#8217;occasion invoquait une surconsommation d&#8217;huile moteur. Le tribunal a d\u00e9bout\u00e9 l&#8217;acheteur de sa demande, estimant que l&#8217;ant\u00e9riorit\u00e9 du vice par rapport \u00e0 la vente n&#8217;\u00e9tait pas \u00e9tablie. Il a \u00e9galement rejet\u00e9 la demande de dommages-int\u00e9r\u00eats pour r\u00e9sistance abusive.<\/p>\n<p>La caract\u00e9risation exigeante du vice cach\u00e9<\/p>\n<p>Le juge rappelle les conditions l\u00e9gales de la garantie. Le d\u00e9faut doit \u00eatre cach\u00e9, grave et ant\u00e9rieur \u00e0 la vente. &#171;Cette garantie contre les vices cach\u00e9s suppose la d\u00e9monstration par l&#8217;acheteur d&#8217;un d\u00e9faut inh\u00e9rent \u00e0 la chose vendue, suffisamment grave et compromettant l&#8217;usage normal de la chose, qui soit ant\u00e9rieur \u00e0 la vente.&#187; (Motifs, 1\/) L&#8217;acheteur ne doit pas avoir pu d\u00e9couvrir le vice par des v\u00e9rifications normales. La charge de la preuve p\u00e8se int\u00e9gralement sur l&#8217;acqu\u00e9reur, qui doit d\u00e9montrer chaque \u00e9l\u00e9ment.<\/p>\n<p>La preuve insuffisante de l&#8217;ant\u00e9riorit\u00e9 du vice<\/p>\n<p>Le tribunal analyse les \u00e9l\u00e9ments produits pour \u00e9tablir l&#8217;existence du vice avant la vente. Un d\u00e9faut d&#8217;alerte \u00e9tait pr\u00e9sent avant l&#8217;acquisition, mais cela ne suffit pas. &#171;il ne peut \u00eatre prouv\u00e9, sur la base de la pr\u00e9sence d&#8217;un d\u00e9faut d&#8217;alerte de pression d&#8217;huile moteur lorsque le v\u00e9hicule avait 72.641km, soit avant la vente du v\u00e9hicule, que ce dernier consommait d\u00e9j\u00e0 une quantit\u00e9 anormale d&#8217;huile moteur.&#187; (Motifs, 1\/) La mesure de consommation post\u00e9rieure est jug\u00e9e non probante. Le juge souligne aussi un possible mauvais usage par l&#8217;acheteur apr\u00e8s la vente.<\/p>\n<p>La port\u00e9e de l&#8217;exigence probatoire<\/p>\n<p>Cette d\u00e9cision renforce la rigueur requise pour prouver l&#8217;ant\u00e9riorit\u00e9. Un simple indice technique ant\u00e9rieur \u00e0 la vente ne vaut pas preuve du vice all\u00e9gu\u00e9. Elle rejoint une jurisprudence exigeante sur ce point. &#171;Le tribunal a retenu qu&#8217;il n&#8217;\u00e9tait pas d\u00e9montr\u00e9 que le pulv\u00e9risateur litigieux \u00e9tait affect\u00e9 ant\u00e9rieurement \u00e0 son acquisition de d\u00e9fauts le rendant impropre \u00e0 son usage.&#187; (Cour d&#8217;appel de N\u00eemes, le 23 janvier 2025, n\u00b023\/02520) L&#8217;acheteur doit rapporter une preuve certaine liant le d\u00e9faut constat\u00e9 \u00e0 un \u00e9tat ant\u00e9rieur \u00e0 la transaction.<\/p>\n<p>La distinction entre indice et preuve certaine<\/p>\n<p>L&#8217;arr\u00eat op\u00e8re une distinction cruciale entre un sympt\u00f4me et le vice lui-m\u00eame. Un t\u00e9moin d&#8217;alerte allum\u00e9 peut avoir diverses causes. Il ne d\u00e9montre pas automatiquement une surconsommation structurelle. La preuve doit \u00eatre directe et sp\u00e9cifique au vice invoqu\u00e9. Une expertise contradictoire aurait pu offrir une force probante sup\u00e9rieure. Le juge refuse de d\u00e9duire l&#8217;existence d&#8217;un vice cach\u00e9 d&#8217;un simple \u00e9l\u00e9ment d&#8217;information technique. Cette approche prot\u00e8ge le vendeur de professionnel contre des demandes fond\u00e9es sur des pr\u00e9somptions.<\/p>\n<p>Le rejet des demandes accessoires<\/p>\n<p>Concernant la r\u00e9sistance abusive, le tribunal en rejette le principe. &#171;la r\u00e9sistance abusive doit \u00eatre caract\u00e9ris\u00e9e par une faute ou la mauvaise foi et doit causer un pr\u00e9judice distinct.&#187; (Motifs, 2\/) La partie succombante est condamn\u00e9e aux d\u00e9pens et \u00e0 une indemnit\u00e9 au titre de l&#8217;article 700 du code de proc\u00e9dure civile. L&#8217;ex\u00e9cution provisoire est ordonn\u00e9e, conform\u00e9ment au droit commun. Cette solution est coh\u00e9rente avec le rejet de l&#8217;action principale, la d\u00e9fense du vendeur n&#8217;\u00e9tant pas jug\u00e9e fautive.<\/p>\n<\/div>\n","protected":false},"excerpt":{"rendered":"<p>Le Tribunal judiciaire de Strasbourg, le 25 septembre 2025, a statu\u00e9 sur une demande en r\u00e9solution de vente pour vice cach\u00e9. L&#8217;acqu\u00e9reur d&#8217;un v\u00e9hicule d&#8217;occa&#8230;<\/p>\n","protected":false},"author":232070755,"featured_media":9671,"comment_status":"open","ping_status":"open","sticky":false,"template":"","format":"standard","meta":{"_crdt_document":"","_jetpack_newsletter_access":"","_jetpack_dont_email_post_to_subs":false,"_jetpack_newsletter_tier_id":0,"_jetpack_memberships_contains_paywalled_content":false,"_kj_source_type":"","_kj_official_id":"","_kj_official_url":"","_kj_judilibre_id":"","_kj_jur":"","_kj_lieu":"","_kj_chambre":"","_kj_rg":"","_kj_date":"","_jetpack_memberships_contains_paid_content":false,"footnotes":"","jetpack_post_was_ever_published":false},"categories":[7597],"tags":[],"class_list":["post-661610","post","type-post","status-publish","format-standard","has-post-thumbnail","hentry","category-jurisprudence"],"yoast_head":"<!-- This site is optimized with the Yoast SEO Premium plugin v27.5 (Yoast SEO v27.5) - https:\/\/yoast.com\/product\/yoast-seo-premium-wordpress\/ -->\n<title>Tribunal judiciaire de Strasbourg, le 25 septembre 2025, n\u00b024\/02582 - Ma\u00eetre Hassan Kohen, avocat en droit p\u00e9nal \u00e0 Paris<\/title>\n<meta name=\"description\" content=\"Le Tribunal judiciaire de Strasbourg, le 25 septembre 2025, a statu\u00e9 sur une demande en r\u00e9solution de vente pour vice cach\u00e9. L&#039;acqu\u00e9reur d&#039;un v\u00e9hicule d&#039;occa...\" \/>\n<meta name=\"robots\" content=\"index, follow, max-snippet:-1, max-image-preview:large, max-video-preview:-1\" \/>\n<link rel=\"canonical\" href=\"https:\/\/kohenavocats.com\/ru\/tribunal-judiciaire-de-strasbourg-le-25-septembre-2025-n24-02582\/\" \/>\n<meta property=\"og:locale\" content=\"ru_RU\" \/>\n<meta property=\"og:type\" content=\"article\" \/>\n<meta property=\"og:title\" content=\"Tribunal judiciaire de Strasbourg, le 25 septembre 2025, n\u00b024\/02582\" \/>\n<meta property=\"og:description\" content=\"Le Tribunal judiciaire de Strasbourg, le 25 septembre 2025, a statu\u00e9 sur une demande en r\u00e9solution de vente pour vice cach\u00e9. L&#039;acqu\u00e9reur d&#039;un v\u00e9hicule d&#039;occa...\" \/>\n<meta property=\"og:url\" content=\"https:\/\/kohenavocats.com\/ru\/tribunal-judiciaire-de-strasbourg-le-25-septembre-2025-n24-02582\/\" \/>\n<meta property=\"og:site_name\" content=\"Ma\u00eetre Hassan Kohen, avocat en droit p\u00e9nal \u00e0 Paris\" \/>\n<meta property=\"article:published_time\" content=\"2026-04-23T15:47:39+00:00\" \/>\n<meta property=\"og:image\" content=\"https:\/\/kohenavocats.com\/wp-content\/uploads\/2024\/11\/lala-azizli-IdY1J7h1vwQ-unsplash.webp\" \/>\n\t<meta property=\"og:image:width\" content=\"6000\" \/>\n\t<meta property=\"og:image:height\" content=\"4000\" \/>\n\t<meta property=\"og:image:type\" content=\"image\/webp\" \/>\n<meta name=\"author\" content=\"Kohen\" \/>\n<meta name=\"twitter:card\" content=\"summary_large_image\" \/>\n<meta name=\"twitter:label1\" content=\"\u041d\u0430\u043f\u0438\u0441\u0430\u043d\u043e \u0430\u0432\u0442\u043e\u0440\u043e\u043c\" \/>\n\t<meta name=\"twitter:data1\" content=\"Kohen\" \/>\n\t<meta name=\"twitter:label2\" content=\"\u041f\u0440\u0438\u043c\u0435\u0440\u043d\u043e\u0435 \u0432\u0440\u0435\u043c\u044f \u0434\u043b\u044f \u0447\u0442\u0435\u043d\u0438\u044f\" \/>\n\t<meta name=\"twitter:data2\" content=\"3 \u043c\u0438\u043d\u0443\u0442\u044b\" \/>\n<script type=\"application\/ld+json\" class=\"yoast-schema-graph\">{\"@context\":\"https:\\\/\\\/schema.org\",\"@graph\":[{\"@type\":\"Article\",\"@id\":\"https:\\\/\\\/kohenavocats.com\\\/ru\\\/tribunal-judiciaire-de-strasbourg-le-25-septembre-2025-n24-02582\\\/#article\",\"isPartOf\":{\"@id\":\"https:\\\/\\\/kohenavocats.com\\\/ru\\\/tribunal-judiciaire-de-strasbourg-le-25-septembre-2025-n24-02582\\\/\"},\"author\":{\"name\":\"Kohen\",\"@id\":\"https:\\\/\\\/kohenavocats.com\\\/ru\\\/#\\\/schema\\\/person\\\/761c9ba54fa1ca84d405cef0831ff751\"},\"headline\":\"Tribunal judiciaire de Strasbourg, le 25 septembre 2025, n\u00b024\\\/02582\",\"datePublished\":\"2026-04-23T15:47:39+00:00\",\"mainEntityOfPage\":{\"@id\":\"https:\\\/\\\/kohenavocats.com\\\/ru\\\/tribunal-judiciaire-de-strasbourg-le-25-septembre-2025-n24-02582\\\/\"},\"wordCount\":602,\"commentCount\":0,\"publisher\":{\"@id\":\"https:\\\/\\\/kohenavocats.com\\\/ru\\\/#organization\"},\"image\":{\"@id\":\"https:\\\/\\\/kohenavocats.com\\\/ru\\\/tribunal-judiciaire-de-strasbourg-le-25-septembre-2025-n24-02582\\\/#primaryimage\"},\"thumbnailUrl\":\"https:\\\/\\\/kohenavocats.com\\\/wp-content\\\/uploads\\\/2024\\\/11\\\/lala-azizli-IdY1J7h1vwQ-unsplash.webp\",\"articleSection\":[\"Jurisprudence\"],\"inLanguage\":\"ru-RU\",\"potentialAction\":[{\"@type\":\"CommentAction\",\"name\":\"Comment\",\"target\":[\"https:\\\/\\\/kohenavocats.com\\\/ru\\\/tribunal-judiciaire-de-strasbourg-le-25-septembre-2025-n24-02582\\\/#respond\"]}],\"citation\":\"Tribunal judiciaire de Strasbourg, le 25 septembre 2025, n\u00b024\\\/02582\",\"about\":[{\"@type\":\"Thing\",\"name\":\"Jurisprudence\"}],\"dateModified\":\"2026-04-23T15:47:39+00:00\",\"speakable\":{\"@type\":\"SpeakableSpecification\",\"cssSelector\":[\".article-content > p:first-of-type\"]}},{\"@type\":\"WebPage\",\"@id\":\"https:\\\/\\\/kohenavocats.com\\\/ru\\\/tribunal-judiciaire-de-strasbourg-le-25-septembre-2025-n24-02582\\\/\",\"url\":\"https:\\\/\\\/kohenavocats.com\\\/ru\\\/tribunal-judiciaire-de-strasbourg-le-25-septembre-2025-n24-02582\\\/\",\"name\":\"Tribunal judiciaire de Strasbourg, le 25 septembre 2025, n\u00b024\\\/02582 - Ma\u00eetre Hassan Kohen, avocat en droit p\u00e9nal \u00e0 Paris\",\"isPartOf\":{\"@id\":\"https:\\\/\\\/kohenavocats.com\\\/ru\\\/#website\"},\"primaryImageOfPage\":{\"@id\":\"https:\\\/\\\/kohenavocats.com\\\/ru\\\/tribunal-judiciaire-de-strasbourg-le-25-septembre-2025-n24-02582\\\/#primaryimage\"},\"image\":{\"@id\":\"https:\\\/\\\/kohenavocats.com\\\/ru\\\/tribunal-judiciaire-de-strasbourg-le-25-septembre-2025-n24-02582\\\/#primaryimage\"},\"thumbnailUrl\":\"https:\\\/\\\/kohenavocats.com\\\/wp-content\\\/uploads\\\/2024\\\/11\\\/lala-azizli-IdY1J7h1vwQ-unsplash.webp\",\"datePublished\":\"2026-04-23T15:47:39+00:00\",\"description\":\"Le Tribunal judiciaire de Strasbourg, le 25 septembre 2025, a statu\u00e9 sur une demande en r\u00e9solution de vente pour vice cach\u00e9. L'acqu\u00e9reur d'un v\u00e9hicule d'occa...\",\"breadcrumb\":{\"@id\":\"https:\\\/\\\/kohenavocats.com\\\/ru\\\/tribunal-judiciaire-de-strasbourg-le-25-septembre-2025-n24-02582\\\/#breadcrumb\"},\"inLanguage\":\"ru-RU\",\"potentialAction\":[{\"@type\":\"ReadAction\",\"target\":[\"https:\\\/\\\/kohenavocats.com\\\/ru\\\/tribunal-judiciaire-de-strasbourg-le-25-septembre-2025-n24-02582\\\/\"]}]},{\"@type\":\"ImageObject\",\"inLanguage\":\"ru-RU\",\"@id\":\"https:\\\/\\\/kohenavocats.com\\\/ru\\\/tribunal-judiciaire-de-strasbourg-le-25-septembre-2025-n24-02582\\\/#primaryimage\",\"url\":\"https:\\\/\\\/kohenavocats.com\\\/wp-content\\\/uploads\\\/2024\\\/11\\\/lala-azizli-IdY1J7h1vwQ-unsplash.webp\",\"contentUrl\":\"https:\\\/\\\/kohenavocats.com\\\/wp-content\\\/uploads\\\/2024\\\/11\\\/lala-azizli-IdY1J7h1vwQ-unsplash.webp\",\"width\":6000,\"height\":4000},{\"@type\":\"BreadcrumbList\",\"@id\":\"https:\\\/\\\/kohenavocats.com\\\/ru\\\/tribunal-judiciaire-de-strasbourg-le-25-septembre-2025-n24-02582\\\/#breadcrumb\",\"itemListElement\":[{\"@type\":\"ListItem\",\"position\":1,\"name\":\"Home\",\"item\":\"https:\\\/\\\/kohenavocats.com\\\/ru\\\/avocats-en-droit-penal-a-paris-conseil-et-defense-strategique\\\/\"},{\"@type\":\"ListItem\",\"position\":2,\"name\":\"Tribunal judiciaire de Strasbourg, le 25 septembre 2025, n\u00b024\\\/02582\"}]},{\"@type\":\"WebSite\",\"@id\":\"https:\\\/\\\/kohenavocats.com\\\/ru\\\/#website\",\"url\":\"https:\\\/\\\/kohenavocats.com\\\/ru\\\/\",\"name\":\"Kohen Avocats\",\"description\":\"Ma\u00eetre Hassan Kohen, avocat p\u00e9naliste \u00e0 Paris, intervient exclusivement en droit p\u00e9nal pour la d\u00e9fense des particuliers, notamment en mati\u00e8re d\u2019accusations de viol. Il assure un accompagnement rigoureux d\u00e8s la garde \u00e0 vue jusqu\u2019\u00e0 la Cour d\u2019assises, veillant au strict respect des garanties proc\u00e9durales.\",\"publisher\":{\"@id\":\"https:\\\/\\\/kohenavocats.com\\\/ru\\\/#organization\"},\"potentialAction\":[{\"@type\":\"SearchAction\",\"target\":{\"@type\":\"EntryPoint\",\"urlTemplate\":\"https:\\\/\\\/kohenavocats.com\\\/ru\\\/?s={search_term_string}\"},\"query-input\":{\"@type\":\"PropertyValueSpecification\",\"valueRequired\":true,\"valueName\":\"search_term_string\"}}],\"inLanguage\":\"ru-RU\"},{\"@type\":\"Organization\",\"@id\":\"https:\\\/\\\/kohenavocats.com\\\/ru\\\/#organization\",\"name\":\"Kohen Avocats\",\"url\":\"https:\\\/\\\/kohenavocats.com\\\/ru\\\/\",\"logo\":{\"@type\":\"ImageObject\",\"inLanguage\":\"ru-RU\",\"@id\":\"https:\\\/\\\/kohenavocats.com\\\/ru\\\/#\\\/schema\\\/logo\\\/image\\\/\",\"url\":\"https:\\\/\\\/kohenavocats.com\\\/wp-content\\\/uploads\\\/2026\\\/01\\\/Logo-2-1.webp\",\"contentUrl\":\"https:\\\/\\\/kohenavocats.com\\\/wp-content\\\/uploads\\\/2026\\\/01\\\/Logo-2-1.webp\",\"width\":2114,\"height\":1253,\"caption\":\"Kohen Avocats\"},\"image\":{\"@id\":\"https:\\\/\\\/kohenavocats.com\\\/ru\\\/#\\\/schema\\\/logo\\\/image\\\/\"}},{\"@type\":\"Person\",\"@id\":\"https:\\\/\\\/kohenavocats.com\\\/ru\\\/#\\\/schema\\\/person\\\/761c9ba54fa1ca84d405cef0831ff751\",\"name\":\"Kohen\",\"image\":{\"@type\":\"ImageObject\",\"inLanguage\":\"ru-RU\",\"@id\":\"https:\\\/\\\/secure.gravatar.com\\\/avatar\\\/1c5e76ef76bbbfdd2b4da984e2bf2fa4056fd51a27d25ce2c332047f1dfd6e00?s=96&d=identicon&r=g\",\"url\":\"https:\\\/\\\/secure.gravatar.com\\\/avatar\\\/1c5e76ef76bbbfdd2b4da984e2bf2fa4056fd51a27d25ce2c332047f1dfd6e00?s=96&d=identicon&r=g\",\"contentUrl\":\"https:\\\/\\\/secure.gravatar.com\\\/avatar\\\/1c5e76ef76bbbfdd2b4da984e2bf2fa4056fd51a27d25ce2c332047f1dfd6e00?s=96&d=identicon&r=g\",\"caption\":\"Kohen\"},\"sameAs\":[\"https:\\\/\\\/www.linkedin.com\\\/in\\\/hassan-kohen-448548192\\\/\",\"https:\\\/\\\/www.youtube.com\\\/@Kohen-Avocats\"],\"url\":\"https:\\\/\\\/kohenavocats.com\\\/ru\\\/author\\\/kohenmlk\\\/\"}]}<\/script>\n<!-- \/ Yoast SEO Premium plugin. -->","yoast_head_json":{"title":"Tribunal judiciaire de Strasbourg, le 25 septembre 2025, n\u00b024\/02582 - Ma\u00eetre Hassan Kohen, avocat en droit p\u00e9nal \u00e0 Paris","description":"Le Tribunal judiciaire de Strasbourg, le 25 septembre 2025, a statu\u00e9 sur une demande en r\u00e9solution de vente pour vice cach\u00e9. L'acqu\u00e9reur d'un v\u00e9hicule d'occa...","robots":{"index":"index","follow":"follow","max-snippet":"max-snippet:-1","max-image-preview":"max-image-preview:large","max-video-preview":"max-video-preview:-1"},"canonical":"https:\/\/kohenavocats.com\/ru\/tribunal-judiciaire-de-strasbourg-le-25-septembre-2025-n24-02582\/","og_locale":"ru_RU","og_type":"article","og_title":"Tribunal judiciaire de Strasbourg, le 25 septembre 2025, n\u00b024\/02582","og_description":"Le Tribunal judiciaire de Strasbourg, le 25 septembre 2025, a statu\u00e9 sur une demande en r\u00e9solution de vente pour vice cach\u00e9. L'acqu\u00e9reur d'un v\u00e9hicule d'occa...","og_url":"https:\/\/kohenavocats.com\/ru\/tribunal-judiciaire-de-strasbourg-le-25-septembre-2025-n24-02582\/","og_site_name":"Ma\u00eetre Hassan Kohen, avocat en droit p\u00e9nal \u00e0 Paris","article_published_time":"2026-04-23T15:47:39+00:00","og_image":[{"width":6000,"height":4000,"url":"https:\/\/kohenavocats.com\/wp-content\/uploads\/2024\/11\/lala-azizli-IdY1J7h1vwQ-unsplash.webp","type":"image\/webp"}],"author":"Kohen","twitter_card":"summary_large_image","twitter_misc":{"\u041d\u0430\u043f\u0438\u0441\u0430\u043d\u043e \u0430\u0432\u0442\u043e\u0440\u043e\u043c":"Kohen","\u041f\u0440\u0438\u043c\u0435\u0440\u043d\u043e\u0435 \u0432\u0440\u0435\u043c\u044f \u0434\u043b\u044f \u0447\u0442\u0435\u043d\u0438\u044f":"3 \u043c\u0438\u043d\u0443\u0442\u044b"},"schema":{"@context":"https:\/\/schema.org","@graph":[{"@type":"Article","@id":"https:\/\/kohenavocats.com\/ru\/tribunal-judiciaire-de-strasbourg-le-25-septembre-2025-n24-02582\/#article","isPartOf":{"@id":"https:\/\/kohenavocats.com\/ru\/tribunal-judiciaire-de-strasbourg-le-25-septembre-2025-n24-02582\/"},"author":{"name":"Kohen","@id":"https:\/\/kohenavocats.com\/ru\/#\/schema\/person\/761c9ba54fa1ca84d405cef0831ff751"},"headline":"Tribunal judiciaire de Strasbourg, le 25 septembre 2025, n\u00b024\/02582","datePublished":"2026-04-23T15:47:39+00:00","mainEntityOfPage":{"@id":"https:\/\/kohenavocats.com\/ru\/tribunal-judiciaire-de-strasbourg-le-25-septembre-2025-n24-02582\/"},"wordCount":602,"commentCount":0,"publisher":{"@id":"https:\/\/kohenavocats.com\/ru\/#organization"},"image":{"@id":"https:\/\/kohenavocats.com\/ru\/tribunal-judiciaire-de-strasbourg-le-25-septembre-2025-n24-02582\/#primaryimage"},"thumbnailUrl":"https:\/\/kohenavocats.com\/wp-content\/uploads\/2024\/11\/lala-azizli-IdY1J7h1vwQ-unsplash.webp","articleSection":["Jurisprudence"],"inLanguage":"ru-RU","potentialAction":[{"@type":"CommentAction","name":"Comment","target":["https:\/\/kohenavocats.com\/ru\/tribunal-judiciaire-de-strasbourg-le-25-septembre-2025-n24-02582\/#respond"]}],"citation":"Tribunal judiciaire de Strasbourg, le 25 septembre 2025, n\u00b024\/02582","about":[{"@type":"Thing","name":"Jurisprudence"}],"dateModified":"2026-04-23T15:47:39+00:00","speakable":{"@type":"SpeakableSpecification","cssSelector":[".article-content > p:first-of-type"]}},{"@type":"WebPage","@id":"https:\/\/kohenavocats.com\/ru\/tribunal-judiciaire-de-strasbourg-le-25-septembre-2025-n24-02582\/","url":"https:\/\/kohenavocats.com\/ru\/tribunal-judiciaire-de-strasbourg-le-25-septembre-2025-n24-02582\/","name":"Tribunal judiciaire de Strasbourg, le 25 septembre 2025, n\u00b024\/02582 - Ma\u00eetre Hassan Kohen, avocat en droit p\u00e9nal \u00e0 Paris","isPartOf":{"@id":"https:\/\/kohenavocats.com\/ru\/#website"},"primaryImageOfPage":{"@id":"https:\/\/kohenavocats.com\/ru\/tribunal-judiciaire-de-strasbourg-le-25-septembre-2025-n24-02582\/#primaryimage"},"image":{"@id":"https:\/\/kohenavocats.com\/ru\/tribunal-judiciaire-de-strasbourg-le-25-septembre-2025-n24-02582\/#primaryimage"},"thumbnailUrl":"https:\/\/kohenavocats.com\/wp-content\/uploads\/2024\/11\/lala-azizli-IdY1J7h1vwQ-unsplash.webp","datePublished":"2026-04-23T15:47:39+00:00","description":"Le Tribunal judiciaire de Strasbourg, le 25 septembre 2025, a statu\u00e9 sur une demande en r\u00e9solution de vente pour vice cach\u00e9. L'acqu\u00e9reur d'un v\u00e9hicule d'occa...","breadcrumb":{"@id":"https:\/\/kohenavocats.com\/ru\/tribunal-judiciaire-de-strasbourg-le-25-septembre-2025-n24-02582\/#breadcrumb"},"inLanguage":"ru-RU","potentialAction":[{"@type":"ReadAction","target":["https:\/\/kohenavocats.com\/ru\/tribunal-judiciaire-de-strasbourg-le-25-septembre-2025-n24-02582\/"]}]},{"@type":"ImageObject","inLanguage":"ru-RU","@id":"https:\/\/kohenavocats.com\/ru\/tribunal-judiciaire-de-strasbourg-le-25-septembre-2025-n24-02582\/#primaryimage","url":"https:\/\/kohenavocats.com\/wp-content\/uploads\/2024\/11\/lala-azizli-IdY1J7h1vwQ-unsplash.webp","contentUrl":"https:\/\/kohenavocats.com\/wp-content\/uploads\/2024\/11\/lala-azizli-IdY1J7h1vwQ-unsplash.webp","width":6000,"height":4000},{"@type":"BreadcrumbList","@id":"https:\/\/kohenavocats.com\/ru\/tribunal-judiciaire-de-strasbourg-le-25-septembre-2025-n24-02582\/#breadcrumb","itemListElement":[{"@type":"ListItem","position":1,"name":"Home","item":"https:\/\/kohenavocats.com\/ru\/avocats-en-droit-penal-a-paris-conseil-et-defense-strategique\/"},{"@type":"ListItem","position":2,"name":"Tribunal judiciaire de Strasbourg, le 25 septembre 2025, n\u00b024\/02582"}]},{"@type":"WebSite","@id":"https:\/\/kohenavocats.com\/ru\/#website","url":"https:\/\/kohenavocats.com\/ru\/","name":"Kohen Avocats","description":"Ma\u00eetre Hassan Kohen, avocat p\u00e9naliste \u00e0 Paris, intervient exclusivement en droit p\u00e9nal pour la d\u00e9fense des particuliers, notamment en mati\u00e8re d\u2019accusations de viol. Il assure un accompagnement rigoureux d\u00e8s la garde \u00e0 vue jusqu\u2019\u00e0 la Cour d\u2019assises, veillant au strict respect des garanties proc\u00e9durales.","publisher":{"@id":"https:\/\/kohenavocats.com\/ru\/#organization"},"potentialAction":[{"@type":"SearchAction","target":{"@type":"EntryPoint","urlTemplate":"https:\/\/kohenavocats.com\/ru\/?s={search_term_string}"},"query-input":{"@type":"PropertyValueSpecification","valueRequired":true,"valueName":"search_term_string"}}],"inLanguage":"ru-RU"},{"@type":"Organization","@id":"https:\/\/kohenavocats.com\/ru\/#organization","name":"Kohen Avocats","url":"https:\/\/kohenavocats.com\/ru\/","logo":{"@type":"ImageObject","inLanguage":"ru-RU","@id":"https:\/\/kohenavocats.com\/ru\/#\/schema\/logo\/image\/","url":"https:\/\/kohenavocats.com\/wp-content\/uploads\/2026\/01\/Logo-2-1.webp","contentUrl":"https:\/\/kohenavocats.com\/wp-content\/uploads\/2026\/01\/Logo-2-1.webp","width":2114,"height":1253,"caption":"Kohen Avocats"},"image":{"@id":"https:\/\/kohenavocats.com\/ru\/#\/schema\/logo\/image\/"}},{"@type":"Person","@id":"https:\/\/kohenavocats.com\/ru\/#\/schema\/person\/761c9ba54fa1ca84d405cef0831ff751","name":"Kohen","image":{"@type":"ImageObject","inLanguage":"ru-RU","@id":"https:\/\/secure.gravatar.com\/avatar\/1c5e76ef76bbbfdd2b4da984e2bf2fa4056fd51a27d25ce2c332047f1dfd6e00?s=96&d=identicon&r=g","url":"https:\/\/secure.gravatar.com\/avatar\/1c5e76ef76bbbfdd2b4da984e2bf2fa4056fd51a27d25ce2c332047f1dfd6e00?s=96&d=identicon&r=g","contentUrl":"https:\/\/secure.gravatar.com\/avatar\/1c5e76ef76bbbfdd2b4da984e2bf2fa4056fd51a27d25ce2c332047f1dfd6e00?s=96&d=identicon&r=g","caption":"Kohen"},"sameAs":["https:\/\/www.linkedin.com\/in\/hassan-kohen-448548192\/","https:\/\/www.youtube.com\/@Kohen-Avocats"],"url":"https:\/\/kohenavocats.com\/ru\/author\/kohenmlk\/"}]}},"jetpack_featured_media_url":"https:\/\/kohenavocats.com\/wp-content\/uploads\/2024\/11\/lala-azizli-IdY1J7h1vwQ-unsplash.webp","jetpack_likes_enabled":false,"jetpack_shortlink":"https:\/\/wp.me\/peCrII-2M78","jetpack-related-posts":[{"id":638193,"url":"https:\/\/kohenavocats.com\/ru\/tribunal-judiciaire-de-strasbourg-le-9-octobre-2025-n25-03388\/","url_meta":{"origin":661610,"position":0},"title":"Tribunal judiciaire de Strasbourg, le 9 octobre 2025, n\u00b025\/03388","author":"Kohen","date":"21.04.2026","format":false,"excerpt":"Le tribunal de proximit\u00e9 de Haguenau, le 9 octobre 2025, statue sur une action en garantie des vices cach\u00e9s. L'acqu\u00e9reur d'un v\u00e9hicule d'occasion assigne le ...","rel":"","context":"\u0412 &quot;Jurisprudence&quot;","block_context":{"text":"Jurisprudence","link":"https:\/\/kohenavocats.com\/category\/jurisprudence\/"},"img":{"alt_text":"","src":"https:\/\/i0.wp.com\/kohenavocats.com\/wp-content\/uploads\/2024\/08\/ionut-dobre-nnlVXi1lp3k-unsplash.webp?resize=350%2C200&ssl=1","width":350,"height":200,"srcset":"https:\/\/i0.wp.com\/kohenavocats.com\/wp-content\/uploads\/2024\/08\/ionut-dobre-nnlVXi1lp3k-unsplash.webp?resize=350%2C200&ssl=1 1x, https:\/\/i0.wp.com\/kohenavocats.com\/wp-content\/uploads\/2024\/08\/ionut-dobre-nnlVXi1lp3k-unsplash.webp?resize=525%2C300&ssl=1 1.5x, https:\/\/i0.wp.com\/kohenavocats.com\/wp-content\/uploads\/2024\/08\/ionut-dobre-nnlVXi1lp3k-unsplash.webp?resize=700%2C400&ssl=1 2x, https:\/\/i0.wp.com\/kohenavocats.com\/wp-content\/uploads\/2024\/08\/ionut-dobre-nnlVXi1lp3k-unsplash.webp?resize=1050%2C600&ssl=1 3x, https:\/\/i0.wp.com\/kohenavocats.com\/wp-content\/uploads\/2024\/08\/ionut-dobre-nnlVXi1lp3k-unsplash.webp?resize=1400%2C800&ssl=1 4x"},"classes":[]},{"id":487120,"url":"https:\/\/kohenavocats.com\/ru\/tribunal-judiciaire-de-strasbourg-le-9-decembre-2024-n24-07279\/","url_meta":{"origin":661610,"position":1},"title":"Tribunal judiciaire de Strasbourg, le 9 d\u00e9cembre 2024, n\u00b024\/07279","author":"Kohen","date":"08.04.2026","format":false,"excerpt":"Le tribunal judiciaire de Strasbourg, par jugement du 9 d\u00e9cembre 2024, statue sur une action en garantie des vices cach\u00e9s. Une acheteuse avait acquis un camp...","rel":"","context":"\u0412 &quot;Jurisprudence&quot;","block_context":{"text":"Jurisprudence","link":"https:\/\/kohenavocats.com\/category\/jurisprudence\/"},"img":{"alt_text":"","src":"https:\/\/i0.wp.com\/kohenavocats.com\/wp-content\/uploads\/2024\/11\/zyanya-citlalli-gy0ATtkEcZs-unsplash.webp?resize=350%2C200&ssl=1","width":350,"height":200,"srcset":"https:\/\/i0.wp.com\/kohenavocats.com\/wp-content\/uploads\/2024\/11\/zyanya-citlalli-gy0ATtkEcZs-unsplash.webp?resize=350%2C200&ssl=1 1x, https:\/\/i0.wp.com\/kohenavocats.com\/wp-content\/uploads\/2024\/11\/zyanya-citlalli-gy0ATtkEcZs-unsplash.webp?resize=525%2C300&ssl=1 1.5x, https:\/\/i0.wp.com\/kohenavocats.com\/wp-content\/uploads\/2024\/11\/zyanya-citlalli-gy0ATtkEcZs-unsplash.webp?resize=700%2C400&ssl=1 2x, https:\/\/i0.wp.com\/kohenavocats.com\/wp-content\/uploads\/2024\/11\/zyanya-citlalli-gy0ATtkEcZs-unsplash.webp?resize=1050%2C600&ssl=1 3x, https:\/\/i0.wp.com\/kohenavocats.com\/wp-content\/uploads\/2024\/11\/zyanya-citlalli-gy0ATtkEcZs-unsplash.webp?resize=1400%2C800&ssl=1 4x"},"classes":[]},{"id":670276,"url":"https:\/\/kohenavocats.com\/ru\/tribunal-judiciaire-de-paris-le-18-septembre-2025-n22-06178\/","url_meta":{"origin":661610,"position":2},"title":"Tribunal judiciaire de Paris, le 18 septembre 2025, n\u00b022\/06178","author":"Kohen","date":"24.04.2026","format":false,"excerpt":"Le tribunal judiciaire, statuant le 18 septembre 2025, a examin\u00e9 un litige relatif \u00e0 la vente d'un appareil laser m\u00e9dical professionnel. L'acqu\u00e9reur, un m\u00e9de...","rel":"","context":"\u0412 &quot;Immobilier&quot;","block_context":{"text":"Immobilier","link":"https:\/\/kohenavocats.com\/category\/immobilier\/"},"img":{"alt_text":"","src":"https:\/\/i0.wp.com\/kohenavocats.com\/wp-content\/uploads\/2024\/08\/yohan-marion-UYA82FGMzFE-unsplash.webp?resize=350%2C200&ssl=1","width":350,"height":200,"srcset":"https:\/\/i0.wp.com\/kohenavocats.com\/wp-content\/uploads\/2024\/08\/yohan-marion-UYA82FGMzFE-unsplash.webp?resize=350%2C200&ssl=1 1x, https:\/\/i0.wp.com\/kohenavocats.com\/wp-content\/uploads\/2024\/08\/yohan-marion-UYA82FGMzFE-unsplash.webp?resize=525%2C300&ssl=1 1.5x, https:\/\/i0.wp.com\/kohenavocats.com\/wp-content\/uploads\/2024\/08\/yohan-marion-UYA82FGMzFE-unsplash.webp?resize=700%2C400&ssl=1 2x, https:\/\/i0.wp.com\/kohenavocats.com\/wp-content\/uploads\/2024\/08\/yohan-marion-UYA82FGMzFE-unsplash.webp?resize=1050%2C600&ssl=1 3x, https:\/\/i0.wp.com\/kohenavocats.com\/wp-content\/uploads\/2024\/08\/yohan-marion-UYA82FGMzFE-unsplash.webp?resize=1400%2C800&ssl=1 4x"},"classes":[]},{"id":647543,"url":"https:\/\/kohenavocats.com\/ru\/tribunal-judiciaire-de-vienne-le-3-octobre-2025-n25-00063\/","url_meta":{"origin":661610,"position":3},"title":"Tribunal judiciaire de Vienne, le 3 octobre 2025, n\u00b025\/00063","author":"Kohen","date":"22.04.2026","format":false,"excerpt":"Le tribunal judiciaire de Vienne, quatri\u00e8me chambre statuant selon la proc\u00e9dure orale, a rendu un jugement le 3 octobre 2025. Un acheteur demandait la r\u00e9solu...","rel":"","context":"\u0412 &quot;Jurisprudence&quot;","block_context":{"text":"Jurisprudence","link":"https:\/\/kohenavocats.com\/category\/jurisprudence\/"},"img":{"alt_text":"","src":"https:\/\/i0.wp.com\/kohenavocats.com\/wp-content\/uploads\/2024\/11\/tim-schmidbauer-EnC5f7At4ac-unsplash-1.webp?resize=350%2C200&ssl=1","width":350,"height":200,"srcset":"https:\/\/i0.wp.com\/kohenavocats.com\/wp-content\/uploads\/2024\/11\/tim-schmidbauer-EnC5f7At4ac-unsplash-1.webp?resize=350%2C200&ssl=1 1x, https:\/\/i0.wp.com\/kohenavocats.com\/wp-content\/uploads\/2024\/11\/tim-schmidbauer-EnC5f7At4ac-unsplash-1.webp?resize=525%2C300&ssl=1 1.5x, https:\/\/i0.wp.com\/kohenavocats.com\/wp-content\/uploads\/2024\/11\/tim-schmidbauer-EnC5f7At4ac-unsplash-1.webp?resize=700%2C400&ssl=1 2x, https:\/\/i0.wp.com\/kohenavocats.com\/wp-content\/uploads\/2024\/11\/tim-schmidbauer-EnC5f7At4ac-unsplash-1.webp?resize=1050%2C600&ssl=1 3x, https:\/\/i0.wp.com\/kohenavocats.com\/wp-content\/uploads\/2024\/11\/tim-schmidbauer-EnC5f7At4ac-unsplash-1.webp?resize=1400%2C800&ssl=1 4x"},"classes":[]},{"id":632795,"url":"https:\/\/kohenavocats.com\/ru\/tribunal-judiciaire-de-strasbourg-le-27-juin-2024-n24-01904\/","url_meta":{"origin":661610,"position":4},"title":"Tribunal judiciaire de Strasbourg, le 27 juin 2024, n\u00b024\/01904","author":"Kohen","date":"21.04.2026","format":false,"excerpt":"Le tribunal judiciaire de Strasbourg, statuant le 27 juin 2024, tranche un litige complexe n\u00e9 de la vente en cha\u00eene d'un v\u00e9hicule d'occasion. L'acqu\u00e9reur fin...","rel":"","context":"\u0412 &quot;Jurisprudence&quot;","block_context":{"text":"Jurisprudence","link":"https:\/\/kohenavocats.com\/category\/jurisprudence\/"},"img":{"alt_text":"","src":"https:\/\/i0.wp.com\/kohenavocats.com\/wp-content\/uploads\/2024\/11\/toa-heftiba-BUG3Exlsdko-unsplash.webp?resize=350%2C200&ssl=1","width":350,"height":200,"srcset":"https:\/\/i0.wp.com\/kohenavocats.com\/wp-content\/uploads\/2024\/11\/toa-heftiba-BUG3Exlsdko-unsplash.webp?resize=350%2C200&ssl=1 1x, https:\/\/i0.wp.com\/kohenavocats.com\/wp-content\/uploads\/2024\/11\/toa-heftiba-BUG3Exlsdko-unsplash.webp?resize=525%2C300&ssl=1 1.5x, https:\/\/i0.wp.com\/kohenavocats.com\/wp-content\/uploads\/2024\/11\/toa-heftiba-BUG3Exlsdko-unsplash.webp?resize=700%2C400&ssl=1 2x, https:\/\/i0.wp.com\/kohenavocats.com\/wp-content\/uploads\/2024\/11\/toa-heftiba-BUG3Exlsdko-unsplash.webp?resize=1050%2C600&ssl=1 3x, https:\/\/i0.wp.com\/kohenavocats.com\/wp-content\/uploads\/2024\/11\/toa-heftiba-BUG3Exlsdko-unsplash.webp?resize=1400%2C800&ssl=1 4x"},"classes":[]},{"id":484989,"url":"https:\/\/kohenavocats.com\/ru\/tribunal-judiciaire-de-strasbourg-le-28-novembre-2025-n25-01704\/","url_meta":{"origin":661610,"position":5},"title":"Tribunal judiciaire de Strasbourg, le 28 novembre 2025, n\u00b025\/01704","author":"Kohen","date":"08.04.2026","format":false,"excerpt":"Le tribunal judiciaire de Strasbourg, statuant par jugement r\u00e9put\u00e9 contradictoire le 28 novembre 2025, a \u00e9t\u00e9 saisi par l'acqu\u00e9reur d'un v\u00e9hicule d'occasion c...","rel":"","context":"\u0412 &quot;Jurisprudence&quot;","block_context":{"text":"Jurisprudence","link":"https:\/\/kohenavocats.com\/category\/jurisprudence\/"},"img":{"alt_text":"","src":"https:\/\/i0.wp.com\/kohenavocats.com\/wp-content\/uploads\/2024\/06\/giammarco-boscaro-eWpBNXRHfTI-unsplash.jpg?resize=350%2C200&ssl=1","width":350,"height":200,"srcset":"https:\/\/i0.wp.com\/kohenavocats.com\/wp-content\/uploads\/2024\/06\/giammarco-boscaro-eWpBNXRHfTI-unsplash.jpg?resize=350%2C200&ssl=1 1x, https:\/\/i0.wp.com\/kohenavocats.com\/wp-content\/uploads\/2024\/06\/giammarco-boscaro-eWpBNXRHfTI-unsplash.jpg?resize=525%2C300&ssl=1 1.5x, https:\/\/i0.wp.com\/kohenavocats.com\/wp-content\/uploads\/2024\/06\/giammarco-boscaro-eWpBNXRHfTI-unsplash.jpg?resize=700%2C400&ssl=1 2x, https:\/\/i0.wp.com\/kohenavocats.com\/wp-content\/uploads\/2024\/06\/giammarco-boscaro-eWpBNXRHfTI-unsplash.jpg?resize=1050%2C600&ssl=1 3x, https:\/\/i0.wp.com\/kohenavocats.com\/wp-content\/uploads\/2024\/06\/giammarco-boscaro-eWpBNXRHfTI-unsplash.jpg?resize=1400%2C800&ssl=1 4x"},"classes":[]}],"jetpack_sharing_enabled":true,"_links":{"self":[{"href":"https:\/\/kohenavocats.com\/ru\/wp-json\/wp\/v2\/posts\/661610","targetHints":{"allow":["GET"]}}],"collection":[{"href":"https:\/\/kohenavocats.com\/ru\/wp-json\/wp\/v2\/posts"}],"about":[{"href":"https:\/\/kohenavocats.com\/ru\/wp-json\/wp\/v2\/types\/post"}],"author":[{"embeddable":true,"href":"https:\/\/kohenavocats.com\/ru\/wp-json\/wp\/v2\/users\/232070755"}],"replies":[{"embeddable":true,"href":"https:\/\/kohenavocats.com\/ru\/wp-json\/wp\/v2\/comments?post=661610"}],"version-history":[{"count":0,"href":"https:\/\/kohenavocats.com\/ru\/wp-json\/wp\/v2\/posts\/661610\/revisions"}],"wp:featuredmedia":[{"embeddable":true,"href":"https:\/\/kohenavocats.com\/ru\/wp-json\/wp\/v2\/media\/9671"}],"wp:attachment":[{"href":"https:\/\/kohenavocats.com\/ru\/wp-json\/wp\/v2\/media?parent=661610"}],"wp:term":[{"taxonomy":"category","embeddable":true,"href":"https:\/\/kohenavocats.com\/ru\/wp-json\/wp\/v2\/categories?post=661610"},{"taxonomy":"post_tag","embeddable":true,"href":"https:\/\/kohenavocats.com\/ru\/wp-json\/wp\/v2\/tags?post=661610"}],"curies":[{"name":"wp","href":"https:\/\/api.w.org\/{rel}","templated":true}]}}