{"id":662572,"date":"2026-04-23T19:48:28","date_gmt":"2026-04-23T17:48:28","guid":{"rendered":"https:\/\/kohenavocats.com\/tribunal-judiciaire-de-lyon-le-28-juin-2021-n21-07094\/"},"modified":"2026-04-23T19:48:28","modified_gmt":"2026-04-23T17:48:28","slug":"tribunal-judiciaire-de-lyon-le-28-juin-2021-n21-07094","status":"publish","type":"post","link":"https:\/\/kohenavocats.com\/ru\/tribunal-judiciaire-de-lyon-le-28-juin-2021-n21-07094\/","title":{"rendered":"Tribunal judiciaire de Lyon, le 28 juin 2021, n\u00b021\/07094"},"content":{"rendered":"<div class=\"article-content\">\n<p>Le tribunal correctionnel, statuant sur les int\u00e9r\u00eats civils, a rendu un jugement le 28 juin 2021. Il a indemnis\u00e9 la victime d\u2019une agression ayant entra\u00een\u00e9 une incapacit\u00e9 permanente partielle. La d\u00e9cision pr\u00e9cise les modalit\u00e9s de la r\u00e9paration et le recours subrogatoire de la caisse d\u2019assurance maladie. Elle apporte des clarifications sur l\u2019\u00e9valuation de plusieurs postes de pr\u00e9judice patrimoniaux et extra-patrimoniaux. L\u2019analyse porte sur la r\u00e9partition des indemnit\u00e9s et le principe de la subrogation.<\/p>\n<p>La r\u00e9partition des pr\u00e9judices patrimoniaux<\/p>\n<p>La d\u00e9termination des pertes de gains professionnels. Le tribunal a retenu une perte financi\u00e8re li\u00e9e \u00e0 des primes calcul\u00e9es au prorata du temps de pr\u00e9sence. La victime a d\u00e9montr\u00e9 une diminution de sa prime de participation et d\u2019int\u00e9ressement. Le calcul a isol\u00e9 la part variable li\u00e9e \u00e0 l\u2019absence pour arr\u00eat de travail. &#171;Il s\u2019av\u00e8re que ces deux primes sont calcul\u00e9es pour 70% au prorata des salaires annuels de l&#8217;entreprise, et pour 30% au prorata du temps de pr\u00e9sence&#187; (Motifs). Cette approche affine l\u2019indemnisation des revenus accessoires directement impact\u00e9s par l\u2019incapacit\u00e9 temporaire. Elle confirme que tout \u00e9l\u00e9ment de r\u00e9mun\u00e9ration proportionnel au temps travaill\u00e9 constitue un gain professionnel indemnisable.<\/p>\n<p>Les limites du recours subrogatoire de la CPAM. Le d\u00e9biteur a contest\u00e9 la cr\u00e9ance de la caisse pour d\u00e9faut de preuve et pour des d\u00e9penses post-consolidation. La CPAM a rectifi\u00e9 sa demande pour ne inclure que les d\u00e9bours ant\u00e9rieurs \u00e0 la consolidation. &#171;Suite \u00e0 cette contestation, la Caisse a produit une cr\u00e9ance rectifi\u00e9e faisant \u00e9tat des d\u00e9penses arr\u00eat\u00e9e au 1er juillet 2020&#187; (Motifs). La d\u00e9cision rappelle que la subrogation s\u2019exerce sur les seuls pr\u00e9judices patrimoniaux que l\u2019organisme a pris en charge. Elle valide le principe d\u2019une cr\u00e9ance d\u00e9taill\u00e9e et justifi\u00e9e pour \u00eatre recevable, excluant les soins li\u00e9s \u00e0 un nouvel \u00e9v\u00e9nement.<\/p>\n<p>L\u2019\u00e9valuation des pr\u00e9judices extra-patrimoniaux<\/p>\n<p>La fixation du d\u00e9ficit fonctionnel permanent. Le condamn\u00e9 a contest\u00e9 le taux de 5% d\u2019incapacit\u00e9 retenu par l\u2019expert, invoquant une erreur mat\u00e9rielle. Le tribunal a constat\u00e9 que la limitation d\u2019amplitude concernait bien le genou l\u00e9s\u00e9. &#171;Il s\u2019av\u00e8re \u00e0 la lecture des donn\u00e9es m\u00e9dico-l\u00e9gales figurant dans le rapport d\u2019expertise que la limitation de l\u2019amplitude concerne bien le genou droit&#187; (Motifs). La juridiction souligne l\u2019importance de la contradiction lors de l\u2019expertise pour contester valablement une \u00e9valuation. Elle affirme son pouvoir souverain d\u2019appr\u00e9ciation des conclusions du rapport d\u2019expertise, qui ne la lie pas.<\/p>\n<p>La distinction entre pr\u00e9judices esth\u00e9tiques temporaire et permanent. L\u2019expert avait reconnu un pr\u00e9judice esth\u00e9tique temporaire sans l\u2019\u00e9valuer financi\u00e8rement. Le tribunal a proc\u00e9d\u00e9 \u00e0 son \u00e9valuation sur des bases distinctes de la r\u00e9paration sur la vie enti\u00e8re. &#171;Ce poste ne peut \u00eatre indemnis\u00e9 sur les m\u00eames bases qu\u2019un Pr\u00e9judice Esth\u00e9tique Permanent (vie enti\u00e8re)&#187; (Motifs). Cette distinction est essentielle pour une r\u00e9paration proportionn\u00e9e \u00e0 la dur\u00e9e de l\u2019atteinte. Elle permet d\u2019indemniser sp\u00e9cifiquement les p\u00e9riodes d\u2019immobilisation ou de soins visibles modifiant temporairement l\u2019apparence.<\/p>\n<p>La port\u00e9e de la d\u00e9cision est significative en mati\u00e8re de preuve des pr\u00e9judices accessoires. Elle valide une m\u00e9thode de calcul pr\u00e9cise pour les pertes de revenus variables. La solution renforce les obligations probatoires des tiers payeurs subrog\u00e9s, qui doivent produire une cr\u00e9ance d\u00e9taill\u00e9e. Enfin, elle rappelle la souverainet\u00e9 du juge dans l\u2019appr\u00e9ciation des taux d\u2019incapacit\u00e9 et l\u2019\u00e9valuation distincte des pr\u00e9judices temporaires.<\/p>\n<\/div>\n","protected":false},"excerpt":{"rendered":"<p>Le tribunal correctionnel, statuant sur les int\u00e9r\u00eats civils, a rendu un jugement le 28 juin 2021. Il a indemnis\u00e9 la victime d\u2019une agression ayant entra\u00een\u00e9 un&#8230;<\/p>\n","protected":false},"author":232070755,"featured_media":9723,"comment_status":"open","ping_status":"open","sticky":false,"template":"","format":"standard","meta":{"_crdt_document":"","_jetpack_newsletter_access":"","_jetpack_dont_email_post_to_subs":false,"_jetpack_newsletter_tier_id":0,"_jetpack_memberships_contains_paywalled_content":false,"_kj_source_type":"judilibre","_kj_official_id":"68d6d861d22713eb88c7634b","_kj_official_url":"https:\/\/www.courdecassation.fr\/decision\/68d6d861d22713eb88c7634b","_kj_judilibre_id":"68d6d861d22713eb88c7634b","_kj_jur":"Tribunal judiciaire","_kj_lieu":"Tribunal judiciaire de Lyon","_kj_chambre":"Quatri\u00e8me Int\u00e9r\u00eats Civils","_kj_rg":"21\/07094","_kj_date":"2025-09-25","_jetpack_memberships_contains_paid_content":false,"footnotes":"","jetpack_post_was_ever_published":false},"categories":[7597],"tags":[],"class_list":["post-662572","post","type-post","status-publish","format-standard","has-post-thumbnail","hentry","category-jurisprudence"],"yoast_head":"<!-- This site is optimized with the Yoast SEO Premium plugin v27.5 (Yoast SEO v27.5) - https:\/\/yoast.com\/product\/yoast-seo-premium-wordpress\/ -->\n<title>Tribunal judiciaire de Lyon, le 28 juin 2021, n\u00b021\/07094 - Ma\u00eetre Hassan Kohen, avocat en droit p\u00e9nal \u00e0 Paris<\/title>\n<meta name=\"description\" content=\"Le tribunal correctionnel, statuant sur les int\u00e9r\u00eats civils, a rendu un jugement le 28 juin 2021. Il a indemnis\u00e9 la victime d\u2019une agression ayant entra\u00een\u00e9 un...\" \/>\n<meta name=\"robots\" content=\"index, follow, max-snippet:-1, max-image-preview:large, max-video-preview:-1\" \/>\n<link rel=\"canonical\" href=\"https:\/\/kohenavocats.com\/ru\/tribunal-judiciaire-de-lyon-le-28-juin-2021-n21-07094\/\" \/>\n<meta property=\"og:locale\" content=\"ru_RU\" \/>\n<meta property=\"og:type\" content=\"article\" \/>\n<meta property=\"og:title\" content=\"Tribunal judiciaire de Lyon, le 28 juin 2021, n\u00b021\/07094\" \/>\n<meta property=\"og:description\" content=\"Le tribunal correctionnel, statuant sur les int\u00e9r\u00eats civils, a rendu un jugement le 28 juin 2021. Il a indemnis\u00e9 la victime d\u2019une agression ayant entra\u00een\u00e9 un...\" \/>\n<meta property=\"og:url\" content=\"https:\/\/kohenavocats.com\/ru\/tribunal-judiciaire-de-lyon-le-28-juin-2021-n21-07094\/\" \/>\n<meta property=\"og:site_name\" content=\"Ma\u00eetre Hassan Kohen, avocat en droit p\u00e9nal \u00e0 Paris\" \/>\n<meta property=\"article:published_time\" content=\"2026-04-23T17:48:28+00:00\" \/>\n<meta property=\"og:image\" content=\"https:\/\/kohenavocats.com\/wp-content\/uploads\/2024\/11\/allison-saeng-otvLRPkYfIo-unsplash.webp\" \/>\n\t<meta property=\"og:image:width\" content=\"4000\" \/>\n\t<meta property=\"og:image:height\" content=\"3000\" \/>\n\t<meta property=\"og:image:type\" content=\"image\/webp\" \/>\n<meta name=\"author\" content=\"Kohen\" \/>\n<meta name=\"twitter:card\" content=\"summary_large_image\" \/>\n<meta name=\"twitter:label1\" content=\"\u041d\u0430\u043f\u0438\u0441\u0430\u043d\u043e \u0430\u0432\u0442\u043e\u0440\u043e\u043c\" \/>\n\t<meta name=\"twitter:data1\" content=\"Kohen\" \/>\n\t<meta name=\"twitter:label2\" content=\"\u041f\u0440\u0438\u043c\u0435\u0440\u043d\u043e\u0435 \u0432\u0440\u0435\u043c\u044f \u0434\u043b\u044f \u0447\u0442\u0435\u043d\u0438\u044f\" \/>\n\t<meta name=\"twitter:data2\" content=\"3 \u043c\u0438\u043d\u0443\u0442\u044b\" \/>\n<script type=\"application\/ld+json\" class=\"yoast-schema-graph\">{\"@context\":\"https:\\\/\\\/schema.org\",\"@graph\":[{\"@type\":\"Article\",\"@id\":\"https:\\\/\\\/kohenavocats.com\\\/ru\\\/tribunal-judiciaire-de-lyon-le-28-juin-2021-n21-07094\\\/#article\",\"isPartOf\":{\"@id\":\"https:\\\/\\\/kohenavocats.com\\\/ru\\\/tribunal-judiciaire-de-lyon-le-28-juin-2021-n21-07094\\\/\"},\"author\":{\"name\":\"Kohen\",\"@id\":\"https:\\\/\\\/kohenavocats.com\\\/ru\\\/#\\\/schema\\\/person\\\/761c9ba54fa1ca84d405cef0831ff751\"},\"headline\":\"Tribunal judiciaire de Lyon, le 28 juin 2021, n\u00b021\\\/07094\",\"datePublished\":\"2026-04-23T17:48:28+00:00\",\"mainEntityOfPage\":{\"@id\":\"https:\\\/\\\/kohenavocats.com\\\/ru\\\/tribunal-judiciaire-de-lyon-le-28-juin-2021-n21-07094\\\/\"},\"wordCount\":633,\"commentCount\":0,\"publisher\":{\"@id\":\"https:\\\/\\\/kohenavocats.com\\\/ru\\\/#organization\"},\"image\":{\"@id\":\"https:\\\/\\\/kohenavocats.com\\\/ru\\\/tribunal-judiciaire-de-lyon-le-28-juin-2021-n21-07094\\\/#primaryimage\"},\"thumbnailUrl\":\"https:\\\/\\\/kohenavocats.com\\\/wp-content\\\/uploads\\\/2024\\\/11\\\/allison-saeng-otvLRPkYfIo-unsplash.webp\",\"articleSection\":[\"Jurisprudence\"],\"inLanguage\":\"ru-RU\",\"potentialAction\":[{\"@type\":\"CommentAction\",\"name\":\"Comment\",\"target\":[\"https:\\\/\\\/kohenavocats.com\\\/ru\\\/tribunal-judiciaire-de-lyon-le-28-juin-2021-n21-07094\\\/#respond\"]}],\"citation\":\"Tribunal judiciaire de Lyon, le 28 juin 2021, n\u00b021\\\/07094\",\"about\":[{\"@type\":\"Thing\",\"name\":\"Jurisprudence\"}],\"dateModified\":\"2026-04-23T17:48:28+00:00\",\"speakable\":{\"@type\":\"SpeakableSpecification\",\"cssSelector\":[\".article-content > p:first-of-type\"]}},{\"@type\":\"WebPage\",\"@id\":\"https:\\\/\\\/kohenavocats.com\\\/ru\\\/tribunal-judiciaire-de-lyon-le-28-juin-2021-n21-07094\\\/\",\"url\":\"https:\\\/\\\/kohenavocats.com\\\/ru\\\/tribunal-judiciaire-de-lyon-le-28-juin-2021-n21-07094\\\/\",\"name\":\"Tribunal judiciaire de Lyon, le 28 juin 2021, n\u00b021\\\/07094 - Ma\u00eetre Hassan Kohen, avocat en droit p\u00e9nal \u00e0 Paris\",\"isPartOf\":{\"@id\":\"https:\\\/\\\/kohenavocats.com\\\/ru\\\/#website\"},\"primaryImageOfPage\":{\"@id\":\"https:\\\/\\\/kohenavocats.com\\\/ru\\\/tribunal-judiciaire-de-lyon-le-28-juin-2021-n21-07094\\\/#primaryimage\"},\"image\":{\"@id\":\"https:\\\/\\\/kohenavocats.com\\\/ru\\\/tribunal-judiciaire-de-lyon-le-28-juin-2021-n21-07094\\\/#primaryimage\"},\"thumbnailUrl\":\"https:\\\/\\\/kohenavocats.com\\\/wp-content\\\/uploads\\\/2024\\\/11\\\/allison-saeng-otvLRPkYfIo-unsplash.webp\",\"datePublished\":\"2026-04-23T17:48:28+00:00\",\"description\":\"Le tribunal correctionnel, statuant sur les int\u00e9r\u00eats civils, a rendu un jugement le 28 juin 2021. Il a indemnis\u00e9 la victime d\u2019une agression ayant entra\u00een\u00e9 un...\",\"breadcrumb\":{\"@id\":\"https:\\\/\\\/kohenavocats.com\\\/ru\\\/tribunal-judiciaire-de-lyon-le-28-juin-2021-n21-07094\\\/#breadcrumb\"},\"inLanguage\":\"ru-RU\",\"potentialAction\":[{\"@type\":\"ReadAction\",\"target\":[\"https:\\\/\\\/kohenavocats.com\\\/ru\\\/tribunal-judiciaire-de-lyon-le-28-juin-2021-n21-07094\\\/\"]}]},{\"@type\":\"ImageObject\",\"inLanguage\":\"ru-RU\",\"@id\":\"https:\\\/\\\/kohenavocats.com\\\/ru\\\/tribunal-judiciaire-de-lyon-le-28-juin-2021-n21-07094\\\/#primaryimage\",\"url\":\"https:\\\/\\\/kohenavocats.com\\\/wp-content\\\/uploads\\\/2024\\\/11\\\/allison-saeng-otvLRPkYfIo-unsplash.webp\",\"contentUrl\":\"https:\\\/\\\/kohenavocats.com\\\/wp-content\\\/uploads\\\/2024\\\/11\\\/allison-saeng-otvLRPkYfIo-unsplash.webp\",\"width\":4000,\"height\":3000},{\"@type\":\"BreadcrumbList\",\"@id\":\"https:\\\/\\\/kohenavocats.com\\\/ru\\\/tribunal-judiciaire-de-lyon-le-28-juin-2021-n21-07094\\\/#breadcrumb\",\"itemListElement\":[{\"@type\":\"ListItem\",\"position\":1,\"name\":\"Home\",\"item\":\"https:\\\/\\\/kohenavocats.com\\\/ru\\\/avocats-en-droit-penal-a-paris-conseil-et-defense-strategique\\\/\"},{\"@type\":\"ListItem\",\"position\":2,\"name\":\"Tribunal judiciaire de Lyon, le 28 juin 2021, n\u00b021\\\/07094\"}]},{\"@type\":\"WebSite\",\"@id\":\"https:\\\/\\\/kohenavocats.com\\\/ru\\\/#website\",\"url\":\"https:\\\/\\\/kohenavocats.com\\\/ru\\\/\",\"name\":\"Kohen Avocats\",\"description\":\"Ma\u00eetre Hassan Kohen, avocat p\u00e9naliste \u00e0 Paris, intervient exclusivement en droit p\u00e9nal pour la d\u00e9fense des particuliers, notamment en mati\u00e8re d\u2019accusations de viol. Il assure un accompagnement rigoureux d\u00e8s la garde \u00e0 vue jusqu\u2019\u00e0 la Cour d\u2019assises, veillant au strict respect des garanties proc\u00e9durales.\",\"publisher\":{\"@id\":\"https:\\\/\\\/kohenavocats.com\\\/ru\\\/#organization\"},\"potentialAction\":[{\"@type\":\"SearchAction\",\"target\":{\"@type\":\"EntryPoint\",\"urlTemplate\":\"https:\\\/\\\/kohenavocats.com\\\/ru\\\/?s={search_term_string}\"},\"query-input\":{\"@type\":\"PropertyValueSpecification\",\"valueRequired\":true,\"valueName\":\"search_term_string\"}}],\"inLanguage\":\"ru-RU\"},{\"@type\":\"Organization\",\"@id\":\"https:\\\/\\\/kohenavocats.com\\\/ru\\\/#organization\",\"name\":\"Kohen Avocats\",\"url\":\"https:\\\/\\\/kohenavocats.com\\\/ru\\\/\",\"logo\":{\"@type\":\"ImageObject\",\"inLanguage\":\"ru-RU\",\"@id\":\"https:\\\/\\\/kohenavocats.com\\\/ru\\\/#\\\/schema\\\/logo\\\/image\\\/\",\"url\":\"https:\\\/\\\/kohenavocats.com\\\/wp-content\\\/uploads\\\/2026\\\/01\\\/Logo-2-1.webp\",\"contentUrl\":\"https:\\\/\\\/kohenavocats.com\\\/wp-content\\\/uploads\\\/2026\\\/01\\\/Logo-2-1.webp\",\"width\":2114,\"height\":1253,\"caption\":\"Kohen Avocats\"},\"image\":{\"@id\":\"https:\\\/\\\/kohenavocats.com\\\/ru\\\/#\\\/schema\\\/logo\\\/image\\\/\"}},{\"@type\":\"Person\",\"@id\":\"https:\\\/\\\/kohenavocats.com\\\/ru\\\/#\\\/schema\\\/person\\\/761c9ba54fa1ca84d405cef0831ff751\",\"name\":\"Kohen\",\"image\":{\"@type\":\"ImageObject\",\"inLanguage\":\"ru-RU\",\"@id\":\"https:\\\/\\\/secure.gravatar.com\\\/avatar\\\/1c5e76ef76bbbfdd2b4da984e2bf2fa4056fd51a27d25ce2c332047f1dfd6e00?s=96&d=identicon&r=g\",\"url\":\"https:\\\/\\\/secure.gravatar.com\\\/avatar\\\/1c5e76ef76bbbfdd2b4da984e2bf2fa4056fd51a27d25ce2c332047f1dfd6e00?s=96&d=identicon&r=g\",\"contentUrl\":\"https:\\\/\\\/secure.gravatar.com\\\/avatar\\\/1c5e76ef76bbbfdd2b4da984e2bf2fa4056fd51a27d25ce2c332047f1dfd6e00?s=96&d=identicon&r=g\",\"caption\":\"Kohen\"},\"sameAs\":[\"https:\\\/\\\/www.linkedin.com\\\/in\\\/hassan-kohen-448548192\\\/\",\"https:\\\/\\\/www.youtube.com\\\/@Kohen-Avocats\"],\"url\":\"https:\\\/\\\/kohenavocats.com\\\/ru\\\/author\\\/kohenmlk\\\/\"}]}<\/script>\n<!-- \/ Yoast SEO Premium plugin. -->","yoast_head_json":{"title":"Tribunal judiciaire de Lyon, le 28 juin 2021, n\u00b021\/07094 - Ma\u00eetre Hassan Kohen, avocat en droit p\u00e9nal \u00e0 Paris","description":"Le tribunal correctionnel, statuant sur les int\u00e9r\u00eats civils, a rendu un jugement le 28 juin 2021. Il a indemnis\u00e9 la victime d\u2019une agression ayant entra\u00een\u00e9 un...","robots":{"index":"index","follow":"follow","max-snippet":"max-snippet:-1","max-image-preview":"max-image-preview:large","max-video-preview":"max-video-preview:-1"},"canonical":"https:\/\/kohenavocats.com\/ru\/tribunal-judiciaire-de-lyon-le-28-juin-2021-n21-07094\/","og_locale":"ru_RU","og_type":"article","og_title":"Tribunal judiciaire de Lyon, le 28 juin 2021, n\u00b021\/07094","og_description":"Le tribunal correctionnel, statuant sur les int\u00e9r\u00eats civils, a rendu un jugement le 28 juin 2021. Il a indemnis\u00e9 la victime d\u2019une agression ayant entra\u00een\u00e9 un...","og_url":"https:\/\/kohenavocats.com\/ru\/tribunal-judiciaire-de-lyon-le-28-juin-2021-n21-07094\/","og_site_name":"Ma\u00eetre Hassan Kohen, avocat en droit p\u00e9nal \u00e0 Paris","article_published_time":"2026-04-23T17:48:28+00:00","og_image":[{"width":4000,"height":3000,"url":"https:\/\/kohenavocats.com\/wp-content\/uploads\/2024\/11\/allison-saeng-otvLRPkYfIo-unsplash.webp","type":"image\/webp"}],"author":"Kohen","twitter_card":"summary_large_image","twitter_misc":{"\u041d\u0430\u043f\u0438\u0441\u0430\u043d\u043e \u0430\u0432\u0442\u043e\u0440\u043e\u043c":"Kohen","\u041f\u0440\u0438\u043c\u0435\u0440\u043d\u043e\u0435 \u0432\u0440\u0435\u043c\u044f \u0434\u043b\u044f \u0447\u0442\u0435\u043d\u0438\u044f":"3 \u043c\u0438\u043d\u0443\u0442\u044b"},"schema":{"@context":"https:\/\/schema.org","@graph":[{"@type":"Article","@id":"https:\/\/kohenavocats.com\/ru\/tribunal-judiciaire-de-lyon-le-28-juin-2021-n21-07094\/#article","isPartOf":{"@id":"https:\/\/kohenavocats.com\/ru\/tribunal-judiciaire-de-lyon-le-28-juin-2021-n21-07094\/"},"author":{"name":"Kohen","@id":"https:\/\/kohenavocats.com\/ru\/#\/schema\/person\/761c9ba54fa1ca84d405cef0831ff751"},"headline":"Tribunal judiciaire de Lyon, le 28 juin 2021, n\u00b021\/07094","datePublished":"2026-04-23T17:48:28+00:00","mainEntityOfPage":{"@id":"https:\/\/kohenavocats.com\/ru\/tribunal-judiciaire-de-lyon-le-28-juin-2021-n21-07094\/"},"wordCount":633,"commentCount":0,"publisher":{"@id":"https:\/\/kohenavocats.com\/ru\/#organization"},"image":{"@id":"https:\/\/kohenavocats.com\/ru\/tribunal-judiciaire-de-lyon-le-28-juin-2021-n21-07094\/#primaryimage"},"thumbnailUrl":"https:\/\/kohenavocats.com\/wp-content\/uploads\/2024\/11\/allison-saeng-otvLRPkYfIo-unsplash.webp","articleSection":["Jurisprudence"],"inLanguage":"ru-RU","potentialAction":[{"@type":"CommentAction","name":"Comment","target":["https:\/\/kohenavocats.com\/ru\/tribunal-judiciaire-de-lyon-le-28-juin-2021-n21-07094\/#respond"]}],"citation":"Tribunal judiciaire de Lyon, le 28 juin 2021, n\u00b021\/07094","about":[{"@type":"Thing","name":"Jurisprudence"}],"dateModified":"2026-04-23T17:48:28+00:00","speakable":{"@type":"SpeakableSpecification","cssSelector":[".article-content > p:first-of-type"]}},{"@type":"WebPage","@id":"https:\/\/kohenavocats.com\/ru\/tribunal-judiciaire-de-lyon-le-28-juin-2021-n21-07094\/","url":"https:\/\/kohenavocats.com\/ru\/tribunal-judiciaire-de-lyon-le-28-juin-2021-n21-07094\/","name":"Tribunal judiciaire de Lyon, le 28 juin 2021, n\u00b021\/07094 - Ma\u00eetre Hassan Kohen, avocat en droit p\u00e9nal \u00e0 Paris","isPartOf":{"@id":"https:\/\/kohenavocats.com\/ru\/#website"},"primaryImageOfPage":{"@id":"https:\/\/kohenavocats.com\/ru\/tribunal-judiciaire-de-lyon-le-28-juin-2021-n21-07094\/#primaryimage"},"image":{"@id":"https:\/\/kohenavocats.com\/ru\/tribunal-judiciaire-de-lyon-le-28-juin-2021-n21-07094\/#primaryimage"},"thumbnailUrl":"https:\/\/kohenavocats.com\/wp-content\/uploads\/2024\/11\/allison-saeng-otvLRPkYfIo-unsplash.webp","datePublished":"2026-04-23T17:48:28+00:00","description":"Le tribunal correctionnel, statuant sur les int\u00e9r\u00eats civils, a rendu un jugement le 28 juin 2021. Il a indemnis\u00e9 la victime d\u2019une agression ayant entra\u00een\u00e9 un...","breadcrumb":{"@id":"https:\/\/kohenavocats.com\/ru\/tribunal-judiciaire-de-lyon-le-28-juin-2021-n21-07094\/#breadcrumb"},"inLanguage":"ru-RU","potentialAction":[{"@type":"ReadAction","target":["https:\/\/kohenavocats.com\/ru\/tribunal-judiciaire-de-lyon-le-28-juin-2021-n21-07094\/"]}]},{"@type":"ImageObject","inLanguage":"ru-RU","@id":"https:\/\/kohenavocats.com\/ru\/tribunal-judiciaire-de-lyon-le-28-juin-2021-n21-07094\/#primaryimage","url":"https:\/\/kohenavocats.com\/wp-content\/uploads\/2024\/11\/allison-saeng-otvLRPkYfIo-unsplash.webp","contentUrl":"https:\/\/kohenavocats.com\/wp-content\/uploads\/2024\/11\/allison-saeng-otvLRPkYfIo-unsplash.webp","width":4000,"height":3000},{"@type":"BreadcrumbList","@id":"https:\/\/kohenavocats.com\/ru\/tribunal-judiciaire-de-lyon-le-28-juin-2021-n21-07094\/#breadcrumb","itemListElement":[{"@type":"ListItem","position":1,"name":"Home","item":"https:\/\/kohenavocats.com\/ru\/avocats-en-droit-penal-a-paris-conseil-et-defense-strategique\/"},{"@type":"ListItem","position":2,"name":"Tribunal judiciaire de Lyon, le 28 juin 2021, n\u00b021\/07094"}]},{"@type":"WebSite","@id":"https:\/\/kohenavocats.com\/ru\/#website","url":"https:\/\/kohenavocats.com\/ru\/","name":"Kohen Avocats","description":"Ma\u00eetre Hassan Kohen, avocat p\u00e9naliste \u00e0 Paris, intervient exclusivement en droit p\u00e9nal pour la d\u00e9fense des particuliers, notamment en mati\u00e8re d\u2019accusations de viol. Il assure un accompagnement rigoureux d\u00e8s la garde \u00e0 vue jusqu\u2019\u00e0 la Cour d\u2019assises, veillant au strict respect des garanties proc\u00e9durales.","publisher":{"@id":"https:\/\/kohenavocats.com\/ru\/#organization"},"potentialAction":[{"@type":"SearchAction","target":{"@type":"EntryPoint","urlTemplate":"https:\/\/kohenavocats.com\/ru\/?s={search_term_string}"},"query-input":{"@type":"PropertyValueSpecification","valueRequired":true,"valueName":"search_term_string"}}],"inLanguage":"ru-RU"},{"@type":"Organization","@id":"https:\/\/kohenavocats.com\/ru\/#organization","name":"Kohen Avocats","url":"https:\/\/kohenavocats.com\/ru\/","logo":{"@type":"ImageObject","inLanguage":"ru-RU","@id":"https:\/\/kohenavocats.com\/ru\/#\/schema\/logo\/image\/","url":"https:\/\/kohenavocats.com\/wp-content\/uploads\/2026\/01\/Logo-2-1.webp","contentUrl":"https:\/\/kohenavocats.com\/wp-content\/uploads\/2026\/01\/Logo-2-1.webp","width":2114,"height":1253,"caption":"Kohen Avocats"},"image":{"@id":"https:\/\/kohenavocats.com\/ru\/#\/schema\/logo\/image\/"}},{"@type":"Person","@id":"https:\/\/kohenavocats.com\/ru\/#\/schema\/person\/761c9ba54fa1ca84d405cef0831ff751","name":"Kohen","image":{"@type":"ImageObject","inLanguage":"ru-RU","@id":"https:\/\/secure.gravatar.com\/avatar\/1c5e76ef76bbbfdd2b4da984e2bf2fa4056fd51a27d25ce2c332047f1dfd6e00?s=96&d=identicon&r=g","url":"https:\/\/secure.gravatar.com\/avatar\/1c5e76ef76bbbfdd2b4da984e2bf2fa4056fd51a27d25ce2c332047f1dfd6e00?s=96&d=identicon&r=g","contentUrl":"https:\/\/secure.gravatar.com\/avatar\/1c5e76ef76bbbfdd2b4da984e2bf2fa4056fd51a27d25ce2c332047f1dfd6e00?s=96&d=identicon&r=g","caption":"Kohen"},"sameAs":["https:\/\/www.linkedin.com\/in\/hassan-kohen-448548192\/","https:\/\/www.youtube.com\/@Kohen-Avocats"],"url":"https:\/\/kohenavocats.com\/ru\/author\/kohenmlk\/"}]}},"jetpack_featured_media_url":"https:\/\/kohenavocats.com\/wp-content\/uploads\/2024\/11\/allison-saeng-otvLRPkYfIo-unsplash.webp","jetpack_likes_enabled":false,"jetpack_shortlink":"https:\/\/wp.me\/peCrII-2MmE","jetpack-related-posts":[{"id":236426,"url":"https:\/\/kohenavocats.com\/ru\/tribunal-judiciaire-de-marseille-le-17-juin-2025-n24-04381\/","url_meta":{"origin":662572,"position":0},"title":"Tribunal judiciaire de Marseille, le 17 juin 2025, n\u00b024\/04381","author":"Kohen","date":"29.12.2025","format":false,"excerpt":"Le droit \u00e0 indemnisation des victimes d'accidents de la circulation constitue un pilier du droit de la responsabilit\u00e9 civile, r\u00e9gime institu\u00e9 par la loi du 5 juillet 1985. Le jugement rendu par le Tribunal judiciaire de Marseille le 17 juin 2025 illustre l'application quotidienne de ce dispositif protecteur dans le\u2026","rel":"","context":"\u0412 &quot;D\u00e9cisions juridiques&quot;","block_context":{"text":"D\u00e9cisions juridiques","link":"https:\/\/kohenavocats.com\/category\/decisions-juridiques\/"},"img":{"alt_text":"","src":"https:\/\/i0.wp.com\/kohenavocats.com\/wp-content\/uploads\/2024\/11\/mourad-saadi-LWhFQL0hL7o-unsplash.webp?resize=350%2C200&ssl=1","width":350,"height":200,"srcset":"https:\/\/i0.wp.com\/kohenavocats.com\/wp-content\/uploads\/2024\/11\/mourad-saadi-LWhFQL0hL7o-unsplash.webp?resize=350%2C200&ssl=1 1x, https:\/\/i0.wp.com\/kohenavocats.com\/wp-content\/uploads\/2024\/11\/mourad-saadi-LWhFQL0hL7o-unsplash.webp?resize=525%2C300&ssl=1 1.5x, https:\/\/i0.wp.com\/kohenavocats.com\/wp-content\/uploads\/2024\/11\/mourad-saadi-LWhFQL0hL7o-unsplash.webp?resize=700%2C400&ssl=1 2x, https:\/\/i0.wp.com\/kohenavocats.com\/wp-content\/uploads\/2024\/11\/mourad-saadi-LWhFQL0hL7o-unsplash.webp?resize=1050%2C600&ssl=1 3x, https:\/\/i0.wp.com\/kohenavocats.com\/wp-content\/uploads\/2024\/11\/mourad-saadi-LWhFQL0hL7o-unsplash.webp?resize=1400%2C800&ssl=1 4x"},"classes":[]},{"id":661552,"url":"https:\/\/kohenavocats.com\/ru\/tribunal-judiciaire-de-lyon-le-23-juin-2023-n23-05958\/","url_meta":{"origin":662572,"position":1},"title":"Tribunal judiciaire de Lyon, le 23 juin 2023, n\u00b023\/05958","author":"Kohen","date":"23.04.2026","format":false,"excerpt":"Le tribunal correctionnel de Lyon, par jugement du 23 juin 2023, a statu\u00e9 sur l'indemnisation d'une victime de violences conjugales. Apr\u00e8s une condamnation p...","rel":"","context":"\u0412 &quot;Jurisprudence&quot;","block_context":{"text":"Jurisprudence","link":"https:\/\/kohenavocats.com\/category\/jurisprudence\/"},"img":{"alt_text":"","src":"https:\/\/i0.wp.com\/kohenavocats.com\/wp-content\/uploads\/2024\/11\/leandra-rieger-LrXNGasPQ2M-unsplash.webp?resize=350%2C200&ssl=1","width":350,"height":200,"srcset":"https:\/\/i0.wp.com\/kohenavocats.com\/wp-content\/uploads\/2024\/11\/leandra-rieger-LrXNGasPQ2M-unsplash.webp?resize=350%2C200&ssl=1 1x, https:\/\/i0.wp.com\/kohenavocats.com\/wp-content\/uploads\/2024\/11\/leandra-rieger-LrXNGasPQ2M-unsplash.webp?resize=525%2C300&ssl=1 1.5x, https:\/\/i0.wp.com\/kohenavocats.com\/wp-content\/uploads\/2024\/11\/leandra-rieger-LrXNGasPQ2M-unsplash.webp?resize=700%2C400&ssl=1 2x, https:\/\/i0.wp.com\/kohenavocats.com\/wp-content\/uploads\/2024\/11\/leandra-rieger-LrXNGasPQ2M-unsplash.webp?resize=1050%2C600&ssl=1 3x, https:\/\/i0.wp.com\/kohenavocats.com\/wp-content\/uploads\/2024\/11\/leandra-rieger-LrXNGasPQ2M-unsplash.webp?resize=1400%2C800&ssl=1 4x"},"classes":[]},{"id":290174,"url":"https:\/\/kohenavocats.com\/ru\/tribunal-judiciaire-de-paris-le-1-juillet-2025-n24-03490\/","url_meta":{"origin":662572,"position":2},"title":"Tribunal judiciaire de Paris, le 1 juillet 2025, n\u00b024\/03490","author":"Kohen","date":"18.01.2026","format":false,"excerpt":"Le Tribunal judiciaire de Paris, dans un jugement du 1er juillet 2025, a proc\u00e9d\u00e9 \u00e0 la liquidation des pr\u00e9judices corporels d\u2019une victime d\u2019un accident de la circulation survenu le 28 octobre 2019. La victime, un grutier n\u00e9 en 1962, a subi des blessures extr\u00eamement graves entra\u00eenant un d\u00e9ficit fonctionnel permanent\u2026","rel":"","context":"\u0412 &quot;D\u00e9cisions juridiques&quot;","block_context":{"text":"D\u00e9cisions juridiques","link":"https:\/\/kohenavocats.com\/category\/decisions-juridiques\/"},"img":{"alt_text":"","src":"https:\/\/i0.wp.com\/kohenavocats.com\/wp-content\/uploads\/2024\/11\/philip-oroni-7cSSg-1365U-unsplash.webp?resize=350%2C200&ssl=1","width":350,"height":200,"srcset":"https:\/\/i0.wp.com\/kohenavocats.com\/wp-content\/uploads\/2024\/11\/philip-oroni-7cSSg-1365U-unsplash.webp?resize=350%2C200&ssl=1 1x, https:\/\/i0.wp.com\/kohenavocats.com\/wp-content\/uploads\/2024\/11\/philip-oroni-7cSSg-1365U-unsplash.webp?resize=525%2C300&ssl=1 1.5x, https:\/\/i0.wp.com\/kohenavocats.com\/wp-content\/uploads\/2024\/11\/philip-oroni-7cSSg-1365U-unsplash.webp?resize=700%2C400&ssl=1 2x, https:\/\/i0.wp.com\/kohenavocats.com\/wp-content\/uploads\/2024\/11\/philip-oroni-7cSSg-1365U-unsplash.webp?resize=1050%2C600&ssl=1 3x, https:\/\/i0.wp.com\/kohenavocats.com\/wp-content\/uploads\/2024\/11\/philip-oroni-7cSSg-1365U-unsplash.webp?resize=1400%2C800&ssl=1 4x"},"classes":[]},{"id":493606,"url":"https:\/\/kohenavocats.com\/ru\/tribunal-judiciaire-de-lyon-le-11-juin-2021-n21-04628\/","url_meta":{"origin":662572,"position":3},"title":"Tribunal judiciaire de Lyon, le 11 juin 2021, n\u00b021\/04628","author":"Kohen","date":"08.04.2026","format":false,"excerpt":"Le tribunal correctionnel de Lyon, par jugement du 11 juin 2021, a statu\u00e9 sur l'indemnisation d'une victime de violences conjugales. L'auteur reconnu coupabl...","rel":"","context":"\u0412 &quot;Jurisprudence&quot;","block_context":{"text":"Jurisprudence","link":"https:\/\/kohenavocats.com\/category\/jurisprudence\/"},"img":{"alt_text":"","src":"https:\/\/i0.wp.com\/kohenavocats.com\/wp-content\/uploads\/2024\/08\/heriberto-murrieta-2RFLn3BzqHA-unsplash.webp?resize=350%2C200&ssl=1","width":350,"height":200,"srcset":"https:\/\/i0.wp.com\/kohenavocats.com\/wp-content\/uploads\/2024\/08\/heriberto-murrieta-2RFLn3BzqHA-unsplash.webp?resize=350%2C200&ssl=1 1x, https:\/\/i0.wp.com\/kohenavocats.com\/wp-content\/uploads\/2024\/08\/heriberto-murrieta-2RFLn3BzqHA-unsplash.webp?resize=525%2C300&ssl=1 1.5x, https:\/\/i0.wp.com\/kohenavocats.com\/wp-content\/uploads\/2024\/08\/heriberto-murrieta-2RFLn3BzqHA-unsplash.webp?resize=700%2C400&ssl=1 2x, https:\/\/i0.wp.com\/kohenavocats.com\/wp-content\/uploads\/2024\/08\/heriberto-murrieta-2RFLn3BzqHA-unsplash.webp?resize=1050%2C600&ssl=1 3x, https:\/\/i0.wp.com\/kohenavocats.com\/wp-content\/uploads\/2024\/08\/heriberto-murrieta-2RFLn3BzqHA-unsplash.webp?resize=1400%2C800&ssl=1 4x"},"classes":[]},{"id":426382,"url":"https:\/\/kohenavocats.com\/ru\/cour-dappel-de-rennes-le-25-fevrier-2026-n21-04495\/","url_meta":{"origin":662572,"position":4},"title":"Cour d&#8217;appel de Rennes, le 25 f\u00e9vrier 2026, n\u00b021\/04495","author":"Kohen","date":"23.03.2026","format":false,"excerpt":"Le 28 d\u00e9cembre 2011, un accident de la circulation est survenu. La victime, percut\u00e9e \u00e0 l\u2019arri\u00e8re alors que son v\u00e9hicule \u00e9tait \u00e0 l\u2019arr\u00eat, a pr\u00e9sent\u00e9 initialement une entorse cervicale. Ult\u00e9rieurement, des douleurs lombaires et une hernie discale L5-S1 ont \u00e9t\u00e9 diagnostiqu\u00e9es. La caisse d\u2019assurance maladie et l\u2019assureur du responsable ont\u2026","rel":"","context":"\u0412 &quot;Cour d'appel&quot;","block_context":{"text":"Cour d'appel","link":"https:\/\/kohenavocats.com\/category\/cour-dappel\/"},"img":{"alt_text":"","src":"https:\/\/i0.wp.com\/kohenavocats.com\/wp-content\/uploads\/2024\/08\/allan-francis-ymVi7QhCiTI-unsplash.webp?resize=350%2C200&ssl=1","width":350,"height":200,"srcset":"https:\/\/i0.wp.com\/kohenavocats.com\/wp-content\/uploads\/2024\/08\/allan-francis-ymVi7QhCiTI-unsplash.webp?resize=350%2C200&ssl=1 1x, https:\/\/i0.wp.com\/kohenavocats.com\/wp-content\/uploads\/2024\/08\/allan-francis-ymVi7QhCiTI-unsplash.webp?resize=525%2C300&ssl=1 1.5x, https:\/\/i0.wp.com\/kohenavocats.com\/wp-content\/uploads\/2024\/08\/allan-francis-ymVi7QhCiTI-unsplash.webp?resize=700%2C400&ssl=1 2x, https:\/\/i0.wp.com\/kohenavocats.com\/wp-content\/uploads\/2024\/08\/allan-francis-ymVi7QhCiTI-unsplash.webp?resize=1050%2C600&ssl=1 3x, https:\/\/i0.wp.com\/kohenavocats.com\/wp-content\/uploads\/2024\/08\/allan-francis-ymVi7QhCiTI-unsplash.webp?resize=1400%2C800&ssl=1 4x"},"classes":[]},{"id":477448,"url":"https:\/\/kohenavocats.com\/ru\/caa-caa-de-douai-04-06-2025-n-24da00583\/","url_meta":{"origin":662572,"position":5},"title":"CAA \u2013 CAA de DOUAI \u2013 04\/06\/2025 \u2013 n\u00b0 24DA00583","author":"Kohen","date":"07.04.2026","format":false,"excerpt":"L'arr\u00eat rendu par une cour administrative d'appel le 4 juin 2025 offre une illustration classique des principes r\u00e9gissant la responsabilit\u00e9 hospitali\u00e8re...","rel":"","context":"\u0412 &quot;Juridictions administratives&quot;","block_context":{"text":"Juridictions administratives","link":"https:\/\/kohenavocats.com\/category\/juridictions-administratives\/"},"img":{"alt_text":"","src":"https:\/\/i0.wp.com\/kohenavocats.com\/wp-content\/uploads\/2024\/11\/mohamed-nohassi-wHmB_RPpurI-unsplash.webp?resize=350%2C200&ssl=1","width":350,"height":200,"srcset":"https:\/\/i0.wp.com\/kohenavocats.com\/wp-content\/uploads\/2024\/11\/mohamed-nohassi-wHmB_RPpurI-unsplash.webp?resize=350%2C200&ssl=1 1x, https:\/\/i0.wp.com\/kohenavocats.com\/wp-content\/uploads\/2024\/11\/mohamed-nohassi-wHmB_RPpurI-unsplash.webp?resize=525%2C300&ssl=1 1.5x, https:\/\/i0.wp.com\/kohenavocats.com\/wp-content\/uploads\/2024\/11\/mohamed-nohassi-wHmB_RPpurI-unsplash.webp?resize=700%2C400&ssl=1 2x, https:\/\/i0.wp.com\/kohenavocats.com\/wp-content\/uploads\/2024\/11\/mohamed-nohassi-wHmB_RPpurI-unsplash.webp?resize=1050%2C600&ssl=1 3x, https:\/\/i0.wp.com\/kohenavocats.com\/wp-content\/uploads\/2024\/11\/mohamed-nohassi-wHmB_RPpurI-unsplash.webp?resize=1400%2C800&ssl=1 4x"},"classes":[]}],"jetpack_sharing_enabled":true,"_links":{"self":[{"href":"https:\/\/kohenavocats.com\/ru\/wp-json\/wp\/v2\/posts\/662572","targetHints":{"allow":["GET"]}}],"collection":[{"href":"https:\/\/kohenavocats.com\/ru\/wp-json\/wp\/v2\/posts"}],"about":[{"href":"https:\/\/kohenavocats.com\/ru\/wp-json\/wp\/v2\/types\/post"}],"author":[{"embeddable":true,"href":"https:\/\/kohenavocats.com\/ru\/wp-json\/wp\/v2\/users\/232070755"}],"replies":[{"embeddable":true,"href":"https:\/\/kohenavocats.com\/ru\/wp-json\/wp\/v2\/comments?post=662572"}],"version-history":[{"count":0,"href":"https:\/\/kohenavocats.com\/ru\/wp-json\/wp\/v2\/posts\/662572\/revisions"}],"wp:featuredmedia":[{"embeddable":true,"href":"https:\/\/kohenavocats.com\/ru\/wp-json\/wp\/v2\/media\/9723"}],"wp:attachment":[{"href":"https:\/\/kohenavocats.com\/ru\/wp-json\/wp\/v2\/media?parent=662572"}],"wp:term":[{"taxonomy":"category","embeddable":true,"href":"https:\/\/kohenavocats.com\/ru\/wp-json\/wp\/v2\/categories?post=662572"},{"taxonomy":"post_tag","embeddable":true,"href":"https:\/\/kohenavocats.com\/ru\/wp-json\/wp\/v2\/tags?post=662572"}],"curies":[{"name":"wp","href":"https:\/\/api.w.org\/{rel}","templated":true}]}}