{"id":662587,"date":"2026-04-23T19:50:52","date_gmt":"2026-04-23T17:50:52","guid":{"rendered":"https:\/\/kohenavocats.com\/tribunal-judiciaire-de-grenoble-le-16-decembre-2025-n21-00113\/"},"modified":"2026-04-23T19:50:52","modified_gmt":"2026-04-23T17:50:52","slug":"tribunal-judiciaire-de-grenoble-le-16-decembre-2025-n21-00113","status":"publish","type":"post","link":"https:\/\/kohenavocats.com\/ru\/tribunal-judiciaire-de-grenoble-le-16-decembre-2025-n21-00113\/","title":{"rendered":"Tribunal judiciaire de Grenoble, le 16 d\u00e9cembre 2025, n\u00b021\/00113"},"content":{"rendered":"<div class=\"article-content\">\n<p>Le tribunal judiciaire, statuant le 16 d\u00e9cembre 2025, a eu \u00e0 conna\u00eetre d\u2019un sinistre caus\u00e9 par l\u2019incendie d\u2019une habitation. Cet incendie trouvait son origine dans une installation photovolta\u00efque int\u00e9gr\u00e9e en toiture. Les propri\u00e9taires ont engag\u00e9 la responsabilit\u00e9 d\u00e9cennale de l\u2019entreprise installatrice et actionn\u00e9 son assureur. La juridiction a retenu la responsabilit\u00e9 d\u00e9cennale du constructeur et condamn\u00e9 son assureur \u00e0 indemniser int\u00e9gralement les pr\u00e9judices. Elle a en revanche rejet\u00e9 l\u2019appel en garantie form\u00e9 par cet assureur contre le fabricant des panneaux.<\/p>\n<p>La qualification d\u00e9cennale de l\u2019installation photovolta\u00efque<\/p>\n<p>La nature d\u2019ouvrage de l\u2019installation. La d\u00e9cision qualifie l\u2019installation photovolta\u00efque int\u00e9gr\u00e9e en toiture d\u2019ouvrage au sens de l\u2019article 1792 du code civil. Elle rel\u00e8ve ainsi de la garantie d\u00e9cennale et de l\u2019assurance obligatoire. Cette analyse s\u2019appuie sur le caract\u00e8re indissociable de l\u2019\u00e9quipement avec la couverture de l\u2019habitation. L\u2019int\u00e9gration physique \u00e0 la toiture conf\u00e8re \u00e0 l\u2019installation la nature d\u2019un \u00e9l\u00e9ment constitutif de l\u2019ouvrage. Cette solution consacre une application extensive de la notion d\u2019ouvrage au profit des ma\u00eetres d\u2019ouvrage.<\/p>\n<p>La pr\u00e9somption de responsabilit\u00e9 et l\u2019absence de cause \u00e9trang\u00e8re. Le juge applique strictement le r\u00e9gime de la responsabilit\u00e9 d\u00e9cennale. Il rappelle que la pr\u00e9somption p\u00e8se sur le constructeur, qui doit prouver une cause \u00e9trang\u00e8re. &#171;Il n&#8217;est pas n\u00e9cessaire, pour retenir la responsabilit\u00e9 d\u00e9cennale du constructeur, de d\u00e9montrer l&#8217;existence d&#8217;un vice de construction&#187; (Motifs, point 2). L\u2019origine \u00e9lectrique du sinistre suffit \u00e0 \u00e9tablir le lien avec les travaux. Une d\u00e9faillance interne des composants fournis par l\u2019installateur ne constitue pas une cause \u00e9trang\u00e8re. Cette interpr\u00e9tation prot\u00e8ge la victime en facilitant la preuve de l\u2019imputabilit\u00e9 du dommage.<\/p>\n<p>L\u2019\u00e9chec des recours de l\u2019assureur contre le fabricant<\/p>\n<p>L\u2019irrecevabilit\u00e9 de l\u2019action subrogatoire. L\u2019assureur du constructeur a tent\u00e9 un recours subrogatoire contre le fabricant des panneaux. Le tribunal d\u00e9clare cette action irrecevable pour d\u00e9faut d\u2019int\u00e9r\u00eat \u00e0 agir. La subrogation l\u00e9gale de l\u2019article L. 121-12 du code des assurances suppose un paiement pr\u00e9alable. &#171;La SA SMA ne d\u00e9montre pas qu&#8217;elle \u00e9tait tenue contractuellement du paiement&#187; (Motifs, point 8). L\u2019assureur n\u2019apporte pas la preuve d\u2019avoir indemnis\u00e9 son propre assur\u00e9, le constructeur. Ce formalisme strict prot\u00e8ge le fabricant contre des actions non fond\u00e9es sur un paiement effectif.<\/p>\n<p>La prescription de l\u2019action en garantie des vices cach\u00e9s. Le tribunal \u00e9carte \u00e9galement le fondement de la garantie des vices cach\u00e9s en raison de la prescription. Le vice a \u00e9t\u00e9 d\u00e9couvert avec le rapport d\u2019expertise du 11 mars 2019. L\u2019assignation n\u2019est intervenue que le 4 mars 2021. &#171;La premi\u00e8re demande de la SA SMA \u00e0 l&#8217;encontre de la soci\u00e9t\u00e9 BOSCH SOLAR SERVICES GMBH est donc intervenue plus de 2 ans apr\u00e8s la d\u00e9couverte du vice&#187; (Motifs, point 8). Ce point est conforme \u00e0 la jurisprudence disponible. &#171;L\u2019action r\u00e9sultant des vices r\u00e9dhibitoires doit \u00eatre intent\u00e9e par l&#8217;acqu\u00e9reur dans un d\u00e9lai de deux ans \u00e0 compter de la d\u00e9couverte du vice&#187; (Tribunal judiciaire de Bordeaux, le 16 d\u00e9cembre 2025, n\u00b024\/02401). Un autre arr\u00eat confirme que l\u2019action est prescrite si l\u2019assignation intervient apr\u00e8s ce d\u00e9lai biennal (Tribunal judiciaire, le 15 d\u00e9cembre 2025, n\u00b023\/00639). Le rejet du recours d\u00e9lictuel consacre le principe du non-cumul des responsabilit\u00e9s.<\/p>\n<p>Cette d\u00e9cision renforce la s\u00e9curit\u00e9 juridique des ma\u00eetres d\u2019ouvrage victimes de sinistres. Elle affirme avec nettet\u00e9 l\u2019application de la garantie d\u00e9cennale aux \u00e9quipements int\u00e9gr\u00e9s. La solution simplifie leur indemnisation en retenant une pr\u00e9somption de responsabilit\u00e9 large. Elle limite en revanche les recours en cascade entre professionnels par un strict contr\u00f4le des conditions de la subrogation. Le respect des d\u00e9lais de prescription est rigoureusement exig\u00e9 pour les actions en garantie.<\/p>\n<\/div>\n","protected":false},"excerpt":{"rendered":"<p>Le tribunal judiciaire, statuant le 16 d\u00e9cembre 2025, a eu \u00e0 conna\u00eetre d\u2019un sinistre caus\u00e9 par l\u2019incendie d\u2019une habitation. Cet incendie trouvait son origine&#8230;<\/p>\n","protected":false},"author":232070755,"featured_media":4882,"comment_status":"open","ping_status":"open","sticky":false,"template":"","format":"standard","meta":{"_crdt_document":"","_jetpack_newsletter_access":"","_jetpack_dont_email_post_to_subs":false,"_jetpack_newsletter_tier_id":0,"_jetpack_memberships_contains_paywalled_content":false,"_kj_source_type":"","_kj_official_id":"","_kj_official_url":"","_kj_judilibre_id":"","_kj_jur":"","_kj_lieu":"","_kj_chambre":"","_kj_rg":"","_kj_date":"","_jetpack_memberships_contains_paid_content":false,"footnotes":"","jetpack_post_was_ever_published":false},"categories":[7597],"tags":[],"class_list":["post-662587","post","type-post","status-publish","format-standard","has-post-thumbnail","hentry","category-jurisprudence"],"yoast_head":"<!-- This site is optimized with the Yoast SEO Premium plugin v27.5 (Yoast SEO v27.5) - https:\/\/yoast.com\/product\/yoast-seo-premium-wordpress\/ -->\n<title>Tribunal judiciaire de Grenoble, le 16 d\u00e9cembre 2025, n\u00b021\/00113 - Ma\u00eetre Hassan Kohen, avocat en droit p\u00e9nal \u00e0 Paris<\/title>\n<meta name=\"description\" content=\"Le tribunal judiciaire, statuant le 16 d\u00e9cembre 2025, a eu \u00e0 conna\u00eetre d\u2019un sinistre caus\u00e9 par l\u2019incendie d\u2019une habitation. Cet incendie trouvait son origine...\" \/>\n<meta name=\"robots\" content=\"index, follow, max-snippet:-1, max-image-preview:large, max-video-preview:-1\" \/>\n<link rel=\"canonical\" href=\"https:\/\/kohenavocats.com\/ru\/tribunal-judiciaire-de-grenoble-le-16-decembre-2025-n21-00113\/\" \/>\n<meta property=\"og:locale\" content=\"ru_RU\" \/>\n<meta property=\"og:type\" content=\"article\" \/>\n<meta property=\"og:title\" content=\"Tribunal judiciaire de Grenoble, le 16 d\u00e9cembre 2025, n\u00b021\/00113\" \/>\n<meta property=\"og:description\" content=\"Le tribunal judiciaire, statuant le 16 d\u00e9cembre 2025, a eu \u00e0 conna\u00eetre d\u2019un sinistre caus\u00e9 par l\u2019incendie d\u2019une habitation. Cet incendie trouvait son origine...\" \/>\n<meta property=\"og:url\" content=\"https:\/\/kohenavocats.com\/ru\/tribunal-judiciaire-de-grenoble-le-16-decembre-2025-n21-00113\/\" \/>\n<meta property=\"og:site_name\" content=\"Ma\u00eetre Hassan Kohen, avocat en droit p\u00e9nal \u00e0 Paris\" \/>\n<meta property=\"article:published_time\" content=\"2026-04-23T17:50:52+00:00\" \/>\n<meta property=\"og:image\" content=\"https:\/\/kohenavocats.com\/wp-content\/uploads\/2024\/08\/marius-badstuber-wFHqJCuGB1g-unsplash.webp\" \/>\n\t<meta property=\"og:image:width\" content=\"5184\" \/>\n\t<meta property=\"og:image:height\" content=\"3456\" \/>\n\t<meta property=\"og:image:type\" content=\"image\/webp\" \/>\n<meta name=\"author\" content=\"Kohen\" \/>\n<meta name=\"twitter:card\" content=\"summary_large_image\" \/>\n<meta name=\"twitter:label1\" content=\"\u041d\u0430\u043f\u0438\u0441\u0430\u043d\u043e \u0430\u0432\u0442\u043e\u0440\u043e\u043c\" \/>\n\t<meta name=\"twitter:data1\" content=\"Kohen\" \/>\n\t<meta name=\"twitter:label2\" content=\"\u041f\u0440\u0438\u043c\u0435\u0440\u043d\u043e\u0435 \u0432\u0440\u0435\u043c\u044f \u0434\u043b\u044f \u0447\u0442\u0435\u043d\u0438\u044f\" \/>\n\t<meta name=\"twitter:data2\" content=\"3 \u043c\u0438\u043d\u0443\u0442\u044b\" \/>\n<script type=\"application\/ld+json\" class=\"yoast-schema-graph\">{\"@context\":\"https:\\\/\\\/schema.org\",\"@graph\":[{\"@type\":\"Article\",\"@id\":\"https:\\\/\\\/kohenavocats.com\\\/ru\\\/tribunal-judiciaire-de-grenoble-le-16-decembre-2025-n21-00113\\\/#article\",\"isPartOf\":{\"@id\":\"https:\\\/\\\/kohenavocats.com\\\/ru\\\/tribunal-judiciaire-de-grenoble-le-16-decembre-2025-n21-00113\\\/\"},\"author\":{\"name\":\"Kohen\",\"@id\":\"https:\\\/\\\/kohenavocats.com\\\/ru\\\/#\\\/schema\\\/person\\\/761c9ba54fa1ca84d405cef0831ff751\"},\"headline\":\"Tribunal judiciaire de Grenoble, le 16 d\u00e9cembre 2025, n\u00b021\\\/00113\",\"datePublished\":\"2026-04-23T17:50:52+00:00\",\"mainEntityOfPage\":{\"@id\":\"https:\\\/\\\/kohenavocats.com\\\/ru\\\/tribunal-judiciaire-de-grenoble-le-16-decembre-2025-n21-00113\\\/\"},\"wordCount\":680,\"commentCount\":0,\"publisher\":{\"@id\":\"https:\\\/\\\/kohenavocats.com\\\/ru\\\/#organization\"},\"image\":{\"@id\":\"https:\\\/\\\/kohenavocats.com\\\/ru\\\/tribunal-judiciaire-de-grenoble-le-16-decembre-2025-n21-00113\\\/#primaryimage\"},\"thumbnailUrl\":\"https:\\\/\\\/kohenavocats.com\\\/wp-content\\\/uploads\\\/2024\\\/08\\\/marius-badstuber-wFHqJCuGB1g-unsplash.webp\",\"articleSection\":[\"Jurisprudence\"],\"inLanguage\":\"ru-RU\",\"potentialAction\":[{\"@type\":\"CommentAction\",\"name\":\"Comment\",\"target\":[\"https:\\\/\\\/kohenavocats.com\\\/ru\\\/tribunal-judiciaire-de-grenoble-le-16-decembre-2025-n21-00113\\\/#respond\"]}],\"citation\":\"Tribunal judiciaire de Grenoble, le 16 d\u00e9cembre 2025, n\u00b021\\\/00113\",\"about\":[{\"@type\":\"Thing\",\"name\":\"Jurisprudence\"}],\"dateModified\":\"2026-04-23T17:50:52+00:00\",\"speakable\":{\"@type\":\"SpeakableSpecification\",\"cssSelector\":[\".article-content > p:first-of-type\"]}},{\"@type\":\"WebPage\",\"@id\":\"https:\\\/\\\/kohenavocats.com\\\/ru\\\/tribunal-judiciaire-de-grenoble-le-16-decembre-2025-n21-00113\\\/\",\"url\":\"https:\\\/\\\/kohenavocats.com\\\/ru\\\/tribunal-judiciaire-de-grenoble-le-16-decembre-2025-n21-00113\\\/\",\"name\":\"Tribunal judiciaire de Grenoble, le 16 d\u00e9cembre 2025, n\u00b021\\\/00113 - Ma\u00eetre Hassan Kohen, avocat en droit p\u00e9nal \u00e0 Paris\",\"isPartOf\":{\"@id\":\"https:\\\/\\\/kohenavocats.com\\\/ru\\\/#website\"},\"primaryImageOfPage\":{\"@id\":\"https:\\\/\\\/kohenavocats.com\\\/ru\\\/tribunal-judiciaire-de-grenoble-le-16-decembre-2025-n21-00113\\\/#primaryimage\"},\"image\":{\"@id\":\"https:\\\/\\\/kohenavocats.com\\\/ru\\\/tribunal-judiciaire-de-grenoble-le-16-decembre-2025-n21-00113\\\/#primaryimage\"},\"thumbnailUrl\":\"https:\\\/\\\/kohenavocats.com\\\/wp-content\\\/uploads\\\/2024\\\/08\\\/marius-badstuber-wFHqJCuGB1g-unsplash.webp\",\"datePublished\":\"2026-04-23T17:50:52+00:00\",\"description\":\"Le tribunal judiciaire, statuant le 16 d\u00e9cembre 2025, a eu \u00e0 conna\u00eetre d\u2019un sinistre caus\u00e9 par l\u2019incendie d\u2019une habitation. Cet incendie trouvait son origine...\",\"breadcrumb\":{\"@id\":\"https:\\\/\\\/kohenavocats.com\\\/ru\\\/tribunal-judiciaire-de-grenoble-le-16-decembre-2025-n21-00113\\\/#breadcrumb\"},\"inLanguage\":\"ru-RU\",\"potentialAction\":[{\"@type\":\"ReadAction\",\"target\":[\"https:\\\/\\\/kohenavocats.com\\\/ru\\\/tribunal-judiciaire-de-grenoble-le-16-decembre-2025-n21-00113\\\/\"]}]},{\"@type\":\"ImageObject\",\"inLanguage\":\"ru-RU\",\"@id\":\"https:\\\/\\\/kohenavocats.com\\\/ru\\\/tribunal-judiciaire-de-grenoble-le-16-decembre-2025-n21-00113\\\/#primaryimage\",\"url\":\"https:\\\/\\\/kohenavocats.com\\\/wp-content\\\/uploads\\\/2024\\\/08\\\/marius-badstuber-wFHqJCuGB1g-unsplash.webp\",\"contentUrl\":\"https:\\\/\\\/kohenavocats.com\\\/wp-content\\\/uploads\\\/2024\\\/08\\\/marius-badstuber-wFHqJCuGB1g-unsplash.webp\",\"width\":5184,\"height\":3456},{\"@type\":\"BreadcrumbList\",\"@id\":\"https:\\\/\\\/kohenavocats.com\\\/ru\\\/tribunal-judiciaire-de-grenoble-le-16-decembre-2025-n21-00113\\\/#breadcrumb\",\"itemListElement\":[{\"@type\":\"ListItem\",\"position\":1,\"name\":\"Home\",\"item\":\"https:\\\/\\\/kohenavocats.com\\\/ru\\\/avocats-en-droit-penal-a-paris-conseil-et-defense-strategique\\\/\"},{\"@type\":\"ListItem\",\"position\":2,\"name\":\"Tribunal judiciaire de Grenoble, le 16 d\u00e9cembre 2025, n\u00b021\\\/00113\"}]},{\"@type\":\"WebSite\",\"@id\":\"https:\\\/\\\/kohenavocats.com\\\/ru\\\/#website\",\"url\":\"https:\\\/\\\/kohenavocats.com\\\/ru\\\/\",\"name\":\"Kohen Avocats\",\"description\":\"Ma\u00eetre Hassan Kohen, avocat p\u00e9naliste \u00e0 Paris, intervient exclusivement en droit p\u00e9nal pour la d\u00e9fense des particuliers, notamment en mati\u00e8re d\u2019accusations de viol. Il assure un accompagnement rigoureux d\u00e8s la garde \u00e0 vue jusqu\u2019\u00e0 la Cour d\u2019assises, veillant au strict respect des garanties proc\u00e9durales.\",\"publisher\":{\"@id\":\"https:\\\/\\\/kohenavocats.com\\\/ru\\\/#organization\"},\"potentialAction\":[{\"@type\":\"SearchAction\",\"target\":{\"@type\":\"EntryPoint\",\"urlTemplate\":\"https:\\\/\\\/kohenavocats.com\\\/ru\\\/?s={search_term_string}\"},\"query-input\":{\"@type\":\"PropertyValueSpecification\",\"valueRequired\":true,\"valueName\":\"search_term_string\"}}],\"inLanguage\":\"ru-RU\"},{\"@type\":\"Organization\",\"@id\":\"https:\\\/\\\/kohenavocats.com\\\/ru\\\/#organization\",\"name\":\"Kohen Avocats\",\"url\":\"https:\\\/\\\/kohenavocats.com\\\/ru\\\/\",\"logo\":{\"@type\":\"ImageObject\",\"inLanguage\":\"ru-RU\",\"@id\":\"https:\\\/\\\/kohenavocats.com\\\/ru\\\/#\\\/schema\\\/logo\\\/image\\\/\",\"url\":\"https:\\\/\\\/kohenavocats.com\\\/wp-content\\\/uploads\\\/2026\\\/01\\\/Logo-2-1.webp\",\"contentUrl\":\"https:\\\/\\\/kohenavocats.com\\\/wp-content\\\/uploads\\\/2026\\\/01\\\/Logo-2-1.webp\",\"width\":2114,\"height\":1253,\"caption\":\"Kohen Avocats\"},\"image\":{\"@id\":\"https:\\\/\\\/kohenavocats.com\\\/ru\\\/#\\\/schema\\\/logo\\\/image\\\/\"}},{\"@type\":\"Person\",\"@id\":\"https:\\\/\\\/kohenavocats.com\\\/ru\\\/#\\\/schema\\\/person\\\/761c9ba54fa1ca84d405cef0831ff751\",\"name\":\"Kohen\",\"image\":{\"@type\":\"ImageObject\",\"inLanguage\":\"ru-RU\",\"@id\":\"https:\\\/\\\/secure.gravatar.com\\\/avatar\\\/1c5e76ef76bbbfdd2b4da984e2bf2fa4056fd51a27d25ce2c332047f1dfd6e00?s=96&d=identicon&r=g\",\"url\":\"https:\\\/\\\/secure.gravatar.com\\\/avatar\\\/1c5e76ef76bbbfdd2b4da984e2bf2fa4056fd51a27d25ce2c332047f1dfd6e00?s=96&d=identicon&r=g\",\"contentUrl\":\"https:\\\/\\\/secure.gravatar.com\\\/avatar\\\/1c5e76ef76bbbfdd2b4da984e2bf2fa4056fd51a27d25ce2c332047f1dfd6e00?s=96&d=identicon&r=g\",\"caption\":\"Kohen\"},\"sameAs\":[\"https:\\\/\\\/www.linkedin.com\\\/in\\\/hassan-kohen-448548192\\\/\",\"https:\\\/\\\/www.youtube.com\\\/@Kohen-Avocats\"],\"url\":\"https:\\\/\\\/kohenavocats.com\\\/ru\\\/author\\\/kohenmlk\\\/\"}]}<\/script>\n<!-- \/ Yoast SEO Premium plugin. -->","yoast_head_json":{"title":"Tribunal judiciaire de Grenoble, le 16 d\u00e9cembre 2025, n\u00b021\/00113 - Ma\u00eetre Hassan Kohen, avocat en droit p\u00e9nal \u00e0 Paris","description":"Le tribunal judiciaire, statuant le 16 d\u00e9cembre 2025, a eu \u00e0 conna\u00eetre d\u2019un sinistre caus\u00e9 par l\u2019incendie d\u2019une habitation. Cet incendie trouvait son origine...","robots":{"index":"index","follow":"follow","max-snippet":"max-snippet:-1","max-image-preview":"max-image-preview:large","max-video-preview":"max-video-preview:-1"},"canonical":"https:\/\/kohenavocats.com\/ru\/tribunal-judiciaire-de-grenoble-le-16-decembre-2025-n21-00113\/","og_locale":"ru_RU","og_type":"article","og_title":"Tribunal judiciaire de Grenoble, le 16 d\u00e9cembre 2025, n\u00b021\/00113","og_description":"Le tribunal judiciaire, statuant le 16 d\u00e9cembre 2025, a eu \u00e0 conna\u00eetre d\u2019un sinistre caus\u00e9 par l\u2019incendie d\u2019une habitation. Cet incendie trouvait son origine...","og_url":"https:\/\/kohenavocats.com\/ru\/tribunal-judiciaire-de-grenoble-le-16-decembre-2025-n21-00113\/","og_site_name":"Ma\u00eetre Hassan Kohen, avocat en droit p\u00e9nal \u00e0 Paris","article_published_time":"2026-04-23T17:50:52+00:00","og_image":[{"width":5184,"height":3456,"url":"https:\/\/kohenavocats.com\/wp-content\/uploads\/2024\/08\/marius-badstuber-wFHqJCuGB1g-unsplash.webp","type":"image\/webp"}],"author":"Kohen","twitter_card":"summary_large_image","twitter_misc":{"\u041d\u0430\u043f\u0438\u0441\u0430\u043d\u043e \u0430\u0432\u0442\u043e\u0440\u043e\u043c":"Kohen","\u041f\u0440\u0438\u043c\u0435\u0440\u043d\u043e\u0435 \u0432\u0440\u0435\u043c\u044f \u0434\u043b\u044f \u0447\u0442\u0435\u043d\u0438\u044f":"3 \u043c\u0438\u043d\u0443\u0442\u044b"},"schema":{"@context":"https:\/\/schema.org","@graph":[{"@type":"Article","@id":"https:\/\/kohenavocats.com\/ru\/tribunal-judiciaire-de-grenoble-le-16-decembre-2025-n21-00113\/#article","isPartOf":{"@id":"https:\/\/kohenavocats.com\/ru\/tribunal-judiciaire-de-grenoble-le-16-decembre-2025-n21-00113\/"},"author":{"name":"Kohen","@id":"https:\/\/kohenavocats.com\/ru\/#\/schema\/person\/761c9ba54fa1ca84d405cef0831ff751"},"headline":"Tribunal judiciaire de Grenoble, le 16 d\u00e9cembre 2025, n\u00b021\/00113","datePublished":"2026-04-23T17:50:52+00:00","mainEntityOfPage":{"@id":"https:\/\/kohenavocats.com\/ru\/tribunal-judiciaire-de-grenoble-le-16-decembre-2025-n21-00113\/"},"wordCount":680,"commentCount":0,"publisher":{"@id":"https:\/\/kohenavocats.com\/ru\/#organization"},"image":{"@id":"https:\/\/kohenavocats.com\/ru\/tribunal-judiciaire-de-grenoble-le-16-decembre-2025-n21-00113\/#primaryimage"},"thumbnailUrl":"https:\/\/kohenavocats.com\/wp-content\/uploads\/2024\/08\/marius-badstuber-wFHqJCuGB1g-unsplash.webp","articleSection":["Jurisprudence"],"inLanguage":"ru-RU","potentialAction":[{"@type":"CommentAction","name":"Comment","target":["https:\/\/kohenavocats.com\/ru\/tribunal-judiciaire-de-grenoble-le-16-decembre-2025-n21-00113\/#respond"]}],"citation":"Tribunal judiciaire de Grenoble, le 16 d\u00e9cembre 2025, n\u00b021\/00113","about":[{"@type":"Thing","name":"Jurisprudence"}],"dateModified":"2026-04-23T17:50:52+00:00","speakable":{"@type":"SpeakableSpecification","cssSelector":[".article-content > p:first-of-type"]}},{"@type":"WebPage","@id":"https:\/\/kohenavocats.com\/ru\/tribunal-judiciaire-de-grenoble-le-16-decembre-2025-n21-00113\/","url":"https:\/\/kohenavocats.com\/ru\/tribunal-judiciaire-de-grenoble-le-16-decembre-2025-n21-00113\/","name":"Tribunal judiciaire de Grenoble, le 16 d\u00e9cembre 2025, n\u00b021\/00113 - Ma\u00eetre Hassan Kohen, avocat en droit p\u00e9nal \u00e0 Paris","isPartOf":{"@id":"https:\/\/kohenavocats.com\/ru\/#website"},"primaryImageOfPage":{"@id":"https:\/\/kohenavocats.com\/ru\/tribunal-judiciaire-de-grenoble-le-16-decembre-2025-n21-00113\/#primaryimage"},"image":{"@id":"https:\/\/kohenavocats.com\/ru\/tribunal-judiciaire-de-grenoble-le-16-decembre-2025-n21-00113\/#primaryimage"},"thumbnailUrl":"https:\/\/kohenavocats.com\/wp-content\/uploads\/2024\/08\/marius-badstuber-wFHqJCuGB1g-unsplash.webp","datePublished":"2026-04-23T17:50:52+00:00","description":"Le tribunal judiciaire, statuant le 16 d\u00e9cembre 2025, a eu \u00e0 conna\u00eetre d\u2019un sinistre caus\u00e9 par l\u2019incendie d\u2019une habitation. Cet incendie trouvait son origine...","breadcrumb":{"@id":"https:\/\/kohenavocats.com\/ru\/tribunal-judiciaire-de-grenoble-le-16-decembre-2025-n21-00113\/#breadcrumb"},"inLanguage":"ru-RU","potentialAction":[{"@type":"ReadAction","target":["https:\/\/kohenavocats.com\/ru\/tribunal-judiciaire-de-grenoble-le-16-decembre-2025-n21-00113\/"]}]},{"@type":"ImageObject","inLanguage":"ru-RU","@id":"https:\/\/kohenavocats.com\/ru\/tribunal-judiciaire-de-grenoble-le-16-decembre-2025-n21-00113\/#primaryimage","url":"https:\/\/kohenavocats.com\/wp-content\/uploads\/2024\/08\/marius-badstuber-wFHqJCuGB1g-unsplash.webp","contentUrl":"https:\/\/kohenavocats.com\/wp-content\/uploads\/2024\/08\/marius-badstuber-wFHqJCuGB1g-unsplash.webp","width":5184,"height":3456},{"@type":"BreadcrumbList","@id":"https:\/\/kohenavocats.com\/ru\/tribunal-judiciaire-de-grenoble-le-16-decembre-2025-n21-00113\/#breadcrumb","itemListElement":[{"@type":"ListItem","position":1,"name":"Home","item":"https:\/\/kohenavocats.com\/ru\/avocats-en-droit-penal-a-paris-conseil-et-defense-strategique\/"},{"@type":"ListItem","position":2,"name":"Tribunal judiciaire de Grenoble, le 16 d\u00e9cembre 2025, n\u00b021\/00113"}]},{"@type":"WebSite","@id":"https:\/\/kohenavocats.com\/ru\/#website","url":"https:\/\/kohenavocats.com\/ru\/","name":"Kohen Avocats","description":"Ma\u00eetre Hassan Kohen, avocat p\u00e9naliste \u00e0 Paris, intervient exclusivement en droit p\u00e9nal pour la d\u00e9fense des particuliers, notamment en mati\u00e8re d\u2019accusations de viol. Il assure un accompagnement rigoureux d\u00e8s la garde \u00e0 vue jusqu\u2019\u00e0 la Cour d\u2019assises, veillant au strict respect des garanties proc\u00e9durales.","publisher":{"@id":"https:\/\/kohenavocats.com\/ru\/#organization"},"potentialAction":[{"@type":"SearchAction","target":{"@type":"EntryPoint","urlTemplate":"https:\/\/kohenavocats.com\/ru\/?s={search_term_string}"},"query-input":{"@type":"PropertyValueSpecification","valueRequired":true,"valueName":"search_term_string"}}],"inLanguage":"ru-RU"},{"@type":"Organization","@id":"https:\/\/kohenavocats.com\/ru\/#organization","name":"Kohen Avocats","url":"https:\/\/kohenavocats.com\/ru\/","logo":{"@type":"ImageObject","inLanguage":"ru-RU","@id":"https:\/\/kohenavocats.com\/ru\/#\/schema\/logo\/image\/","url":"https:\/\/kohenavocats.com\/wp-content\/uploads\/2026\/01\/Logo-2-1.webp","contentUrl":"https:\/\/kohenavocats.com\/wp-content\/uploads\/2026\/01\/Logo-2-1.webp","width":2114,"height":1253,"caption":"Kohen Avocats"},"image":{"@id":"https:\/\/kohenavocats.com\/ru\/#\/schema\/logo\/image\/"}},{"@type":"Person","@id":"https:\/\/kohenavocats.com\/ru\/#\/schema\/person\/761c9ba54fa1ca84d405cef0831ff751","name":"Kohen","image":{"@type":"ImageObject","inLanguage":"ru-RU","@id":"https:\/\/secure.gravatar.com\/avatar\/1c5e76ef76bbbfdd2b4da984e2bf2fa4056fd51a27d25ce2c332047f1dfd6e00?s=96&d=identicon&r=g","url":"https:\/\/secure.gravatar.com\/avatar\/1c5e76ef76bbbfdd2b4da984e2bf2fa4056fd51a27d25ce2c332047f1dfd6e00?s=96&d=identicon&r=g","contentUrl":"https:\/\/secure.gravatar.com\/avatar\/1c5e76ef76bbbfdd2b4da984e2bf2fa4056fd51a27d25ce2c332047f1dfd6e00?s=96&d=identicon&r=g","caption":"Kohen"},"sameAs":["https:\/\/www.linkedin.com\/in\/hassan-kohen-448548192\/","https:\/\/www.youtube.com\/@Kohen-Avocats"],"url":"https:\/\/kohenavocats.com\/ru\/author\/kohenmlk\/"}]}},"jetpack_featured_media_url":"https:\/\/kohenavocats.com\/wp-content\/uploads\/2024\/08\/marius-badstuber-wFHqJCuGB1g-unsplash.webp","jetpack_likes_enabled":false,"jetpack_shortlink":"https:\/\/wp.me\/peCrII-2MmT","jetpack-related-posts":[{"id":657231,"url":"https:\/\/kohenavocats.com\/ru\/cour-dappel-de-poitiers-le-10-juillet-2024-n23-02643\/","url_meta":{"origin":662587,"position":0},"title":"Cour d&#8217;appel de Poitiers, le 10 juillet 2024, n\u00b023\/02643","author":"Kohen","date":"23.04.2026","format":false,"excerpt":"La cour d'appel de Poitiers, statuant le 10 juillet 2024, a examin\u00e9 un litige relatif \u00e0 des infiltrations d'eau survenues dans une habitation. Ces d\u00e9sordres ...","rel":"","context":"\u0412 &quot;Jurisprudence&quot;","block_context":{"text":"Jurisprudence","link":"https:\/\/kohenavocats.com\/category\/jurisprudence\/"},"img":{"alt_text":"","src":"https:\/\/i0.wp.com\/kohenavocats.com\/wp-content\/uploads\/2024\/11\/kristijan-arsov-C8ilked7AJ8-unsplash.webp?resize=350%2C200&ssl=1","width":350,"height":200,"srcset":"https:\/\/i0.wp.com\/kohenavocats.com\/wp-content\/uploads\/2024\/11\/kristijan-arsov-C8ilked7AJ8-unsplash.webp?resize=350%2C200&ssl=1 1x, https:\/\/i0.wp.com\/kohenavocats.com\/wp-content\/uploads\/2024\/11\/kristijan-arsov-C8ilked7AJ8-unsplash.webp?resize=525%2C300&ssl=1 1.5x, https:\/\/i0.wp.com\/kohenavocats.com\/wp-content\/uploads\/2024\/11\/kristijan-arsov-C8ilked7AJ8-unsplash.webp?resize=700%2C400&ssl=1 2x, https:\/\/i0.wp.com\/kohenavocats.com\/wp-content\/uploads\/2024\/11\/kristijan-arsov-C8ilked7AJ8-unsplash.webp?resize=1050%2C600&ssl=1 3x, https:\/\/i0.wp.com\/kohenavocats.com\/wp-content\/uploads\/2024\/11\/kristijan-arsov-C8ilked7AJ8-unsplash.webp?resize=1400%2C800&ssl=1 4x"},"classes":[]},{"id":356685,"url":"https:\/\/kohenavocats.com\/ru\/tribunal-judiciaire-de-grenoble-le-25-septembre-2025-n21-00113\/","url_meta":{"origin":662587,"position":1},"title":"Tribunal judiciaire de Grenoble, le 25 septembre 2025, n\u00b021\/00113","author":"Kohen","date":"11.02.2026","format":false,"excerpt":"Le Tribunal judiciaire de Grenoble, dans un jugement du 25 septembre 2025, statue sur les cons\u00e9quences d\u2019un incendie survenu en 2016 dans une habitation,...","rel":"","context":"\u0412 &quot;D\u00e9cisions juridiques&quot;","block_context":{"text":"D\u00e9cisions juridiques","link":"https:\/\/kohenavocats.com\/category\/decisions-juridiques\/"},"img":{"alt_text":"","src":"https:\/\/i0.wp.com\/kohenavocats.com\/wp-content\/uploads\/2024\/11\/getty-images-qZQ7l1FLcgI-unsplash.webp?resize=350%2C200&ssl=1","width":350,"height":200,"srcset":"https:\/\/i0.wp.com\/kohenavocats.com\/wp-content\/uploads\/2024\/11\/getty-images-qZQ7l1FLcgI-unsplash.webp?resize=350%2C200&ssl=1 1x, https:\/\/i0.wp.com\/kohenavocats.com\/wp-content\/uploads\/2024\/11\/getty-images-qZQ7l1FLcgI-unsplash.webp?resize=525%2C300&ssl=1 1.5x, https:\/\/i0.wp.com\/kohenavocats.com\/wp-content\/uploads\/2024\/11\/getty-images-qZQ7l1FLcgI-unsplash.webp?resize=700%2C400&ssl=1 2x, https:\/\/i0.wp.com\/kohenavocats.com\/wp-content\/uploads\/2024\/11\/getty-images-qZQ7l1FLcgI-unsplash.webp?resize=1050%2C600&ssl=1 3x, https:\/\/i0.wp.com\/kohenavocats.com\/wp-content\/uploads\/2024\/11\/getty-images-qZQ7l1FLcgI-unsplash.webp?resize=1400%2C800&ssl=1 4x"},"classes":[]},{"id":485864,"url":"https:\/\/kohenavocats.com\/ru\/tribunal-judiciaire-de-paris-le-2-decembre-2025-n24-00733\/","url_meta":{"origin":662587,"position":2},"title":"Tribunal judiciaire de Paris, le 2 d\u00e9cembre 2025, n\u00b024\/00733","author":"Kohen","date":"08.04.2026","format":false,"excerpt":"Le tribunal judiciaire de Paris, statuant le 2 d\u00e9cembre 2025, a eu \u00e0 conna\u00eetre d'un litige relatif \u00e0 une installation photovolta\u00efque d\u00e9fectueuse. L'acqu\u00e9reur...","rel":"","context":"\u0412 &quot;Jurisprudence&quot;","block_context":{"text":"Jurisprudence","link":"https:\/\/kohenavocats.com\/category\/jurisprudence\/"},"img":{"alt_text":"","src":"https:\/\/i0.wp.com\/kohenavocats.com\/wp-content\/uploads\/2024\/08\/brandy-willetts-8gXjWj-9OD0-unsplash.webp?resize=350%2C200&ssl=1","width":350,"height":200,"srcset":"https:\/\/i0.wp.com\/kohenavocats.com\/wp-content\/uploads\/2024\/08\/brandy-willetts-8gXjWj-9OD0-unsplash.webp?resize=350%2C200&ssl=1 1x, https:\/\/i0.wp.com\/kohenavocats.com\/wp-content\/uploads\/2024\/08\/brandy-willetts-8gXjWj-9OD0-unsplash.webp?resize=525%2C300&ssl=1 1.5x, https:\/\/i0.wp.com\/kohenavocats.com\/wp-content\/uploads\/2024\/08\/brandy-willetts-8gXjWj-9OD0-unsplash.webp?resize=700%2C400&ssl=1 2x, https:\/\/i0.wp.com\/kohenavocats.com\/wp-content\/uploads\/2024\/08\/brandy-willetts-8gXjWj-9OD0-unsplash.webp?resize=1050%2C600&ssl=1 3x, https:\/\/i0.wp.com\/kohenavocats.com\/wp-content\/uploads\/2024\/08\/brandy-willetts-8gXjWj-9OD0-unsplash.webp?resize=1400%2C800&ssl=1 4x"},"classes":[]},{"id":531854,"url":"https:\/\/kohenavocats.com\/ru\/tribunal-judiciaire-de-gap-le-17-octobre-2025-n21-00982\/","url_meta":{"origin":662587,"position":3},"title":"Tribunal judiciaire de Gap, le 17 octobre 2025, n\u00b021\/00982","author":"Kohen","date":"09.04.2026","format":false,"excerpt":"Le tribunal judiciaire de Gap, le 17 octobre 2025, statue sur une action directe en responsabilit\u00e9 d\u00e9cennale. Des propri\u00e9taires assignent l'assureur d\u00e9cennal...","rel":"","context":"\u0412 &quot;Jurisprudence&quot;","block_context":{"text":"Jurisprudence","link":"https:\/\/kohenavocats.com\/category\/jurisprudence\/"},"img":{"alt_text":"","src":"https:\/\/i0.wp.com\/kohenavocats.com\/wp-content\/uploads\/2024\/06\/giammarco-boscaro-OPzWvgL-upY-unsplash.jpg?resize=350%2C200&ssl=1","width":350,"height":200,"srcset":"https:\/\/i0.wp.com\/kohenavocats.com\/wp-content\/uploads\/2024\/06\/giammarco-boscaro-OPzWvgL-upY-unsplash.jpg?resize=350%2C200&ssl=1 1x, https:\/\/i0.wp.com\/kohenavocats.com\/wp-content\/uploads\/2024\/06\/giammarco-boscaro-OPzWvgL-upY-unsplash.jpg?resize=525%2C300&ssl=1 1.5x, https:\/\/i0.wp.com\/kohenavocats.com\/wp-content\/uploads\/2024\/06\/giammarco-boscaro-OPzWvgL-upY-unsplash.jpg?resize=700%2C400&ssl=1 2x, https:\/\/i0.wp.com\/kohenavocats.com\/wp-content\/uploads\/2024\/06\/giammarco-boscaro-OPzWvgL-upY-unsplash.jpg?resize=1050%2C600&ssl=1 3x, https:\/\/i0.wp.com\/kohenavocats.com\/wp-content\/uploads\/2024\/06\/giammarco-boscaro-OPzWvgL-upY-unsplash.jpg?resize=1400%2C800&ssl=1 4x"},"classes":[]},{"id":547990,"url":"https:\/\/kohenavocats.com\/ru\/tribunal-judiciaire-de-aix-en-provence-le-20-fevrier-2025-n23-01126\/","url_meta":{"origin":662587,"position":4},"title":"Tribunal judiciaire de Aix-en-Provence, le 20 f\u00e9vrier 2025, n\u00b023\/01126","author":"Kohen","date":"09.04.2026","format":false,"excerpt":"Le tribunal judiciaire d\u2019Aix-en-Provence, statuant le 20 f\u00e9vrier 2025, a examin\u00e9 une action directe intent\u00e9e par des ma\u00eetres d\u2019ouvrage contre l\u2019assureur d\u00e9ce...","rel":"","context":"\u0412 &quot;Jurisprudence&quot;","block_context":{"text":"Jurisprudence","link":"https:\/\/kohenavocats.com\/category\/jurisprudence\/"},"img":{"alt_text":"","src":"https:\/\/i0.wp.com\/kohenavocats.com\/wp-content\/uploads\/2024\/07\/wesley-tingey-kjXbfNTPMHY-unsplash.webp?resize=350%2C200&ssl=1","width":350,"height":200,"srcset":"https:\/\/i0.wp.com\/kohenavocats.com\/wp-content\/uploads\/2024\/07\/wesley-tingey-kjXbfNTPMHY-unsplash.webp?resize=350%2C200&ssl=1 1x, https:\/\/i0.wp.com\/kohenavocats.com\/wp-content\/uploads\/2024\/07\/wesley-tingey-kjXbfNTPMHY-unsplash.webp?resize=525%2C300&ssl=1 1.5x, https:\/\/i0.wp.com\/kohenavocats.com\/wp-content\/uploads\/2024\/07\/wesley-tingey-kjXbfNTPMHY-unsplash.webp?resize=700%2C400&ssl=1 2x, https:\/\/i0.wp.com\/kohenavocats.com\/wp-content\/uploads\/2024\/07\/wesley-tingey-kjXbfNTPMHY-unsplash.webp?resize=1050%2C600&ssl=1 3x, https:\/\/i0.wp.com\/kohenavocats.com\/wp-content\/uploads\/2024\/07\/wesley-tingey-kjXbfNTPMHY-unsplash.webp?resize=1400%2C800&ssl=1 4x"},"classes":[]},{"id":514677,"url":"https:\/\/kohenavocats.com\/ru\/tribunal-judiciaire-le-10-mars-2025-n25-00090\/","url_meta":{"origin":662587,"position":5},"title":"Tribunal judiciaire, le 10 mars 2025, n\u00b025\/00090","author":"Kohen","date":"08.04.2026","format":false,"excerpt":"Le tribunal judiciaire, dans un jugement du 10 mars 2025, statue sur un litige relatif \u00e0 des d\u00e9sordres affectant une installation photovolta\u00efque int\u00e9gr\u00e9e en ...","rel":"","context":"\u0412 &quot;Jurisprudence&quot;","block_context":{"text":"Jurisprudence","link":"https:\/\/kohenavocats.com\/category\/jurisprudence\/"},"img":{"alt_text":"","src":"https:\/\/i0.wp.com\/kohenavocats.com\/wp-content\/uploads\/2024\/08\/stefanos-kogkas-9zo1-38VfCE-unsplash.webp?resize=350%2C200&ssl=1","width":350,"height":200,"srcset":"https:\/\/i0.wp.com\/kohenavocats.com\/wp-content\/uploads\/2024\/08\/stefanos-kogkas-9zo1-38VfCE-unsplash.webp?resize=350%2C200&ssl=1 1x, https:\/\/i0.wp.com\/kohenavocats.com\/wp-content\/uploads\/2024\/08\/stefanos-kogkas-9zo1-38VfCE-unsplash.webp?resize=525%2C300&ssl=1 1.5x, https:\/\/i0.wp.com\/kohenavocats.com\/wp-content\/uploads\/2024\/08\/stefanos-kogkas-9zo1-38VfCE-unsplash.webp?resize=700%2C400&ssl=1 2x, https:\/\/i0.wp.com\/kohenavocats.com\/wp-content\/uploads\/2024\/08\/stefanos-kogkas-9zo1-38VfCE-unsplash.webp?resize=1050%2C600&ssl=1 3x, https:\/\/i0.wp.com\/kohenavocats.com\/wp-content\/uploads\/2024\/08\/stefanos-kogkas-9zo1-38VfCE-unsplash.webp?resize=1400%2C800&ssl=1 4x"},"classes":[]}],"jetpack_sharing_enabled":true,"_links":{"self":[{"href":"https:\/\/kohenavocats.com\/ru\/wp-json\/wp\/v2\/posts\/662587","targetHints":{"allow":["GET"]}}],"collection":[{"href":"https:\/\/kohenavocats.com\/ru\/wp-json\/wp\/v2\/posts"}],"about":[{"href":"https:\/\/kohenavocats.com\/ru\/wp-json\/wp\/v2\/types\/post"}],"author":[{"embeddable":true,"href":"https:\/\/kohenavocats.com\/ru\/wp-json\/wp\/v2\/users\/232070755"}],"replies":[{"embeddable":true,"href":"https:\/\/kohenavocats.com\/ru\/wp-json\/wp\/v2\/comments?post=662587"}],"version-history":[{"count":0,"href":"https:\/\/kohenavocats.com\/ru\/wp-json\/wp\/v2\/posts\/662587\/revisions"}],"wp:featuredmedia":[{"embeddable":true,"href":"https:\/\/kohenavocats.com\/ru\/wp-json\/wp\/v2\/media\/4882"}],"wp:attachment":[{"href":"https:\/\/kohenavocats.com\/ru\/wp-json\/wp\/v2\/media?parent=662587"}],"wp:term":[{"taxonomy":"category","embeddable":true,"href":"https:\/\/kohenavocats.com\/ru\/wp-json\/wp\/v2\/categories?post=662587"},{"taxonomy":"post_tag","embeddable":true,"href":"https:\/\/kohenavocats.com\/ru\/wp-json\/wp\/v2\/tags?post=662587"}],"curies":[{"name":"wp","href":"https:\/\/api.w.org\/{rel}","templated":true}]}}