{"id":662589,"date":"2026-04-23T19:50:56","date_gmt":"2026-04-23T17:50:56","guid":{"rendered":"https:\/\/kohenavocats.com\/tribunal-judiciaire-de-paris-le-15-mars-2027-n24-06718\/"},"modified":"2026-04-23T19:50:56","modified_gmt":"2026-04-23T17:50:56","slug":"tribunal-judiciaire-de-paris-le-15-mars-2027-n24-06718","status":"publish","type":"post","link":"https:\/\/kohenavocats.com\/ru\/tribunal-judiciaire-de-paris-le-15-mars-2027-n24-06718\/","title":{"rendered":"Tribunal judiciaire de Paris, le 15 mars 2027, n\u00b024\/06718"},"content":{"rendered":"<div class=\"article-content\">\n<p>Le Tribunal judiciaire de Paris, dans une d\u00e9cision du 15 mars 2027, a statu\u00e9 sur un recours subrogatoire du Fonds de garantie des victimes des actes de terrorisme et d\u2019autres infractions. Le fonds demandait le remboursement des indemnit\u00e9s vers\u00e9es \u00e0 des victimes d\u2019infractions. Les auteurs condamn\u00e9s avaient partiellement ex\u00e9cut\u00e9 leur obligation. La juridiction a accueilli la demande en principal et a pr\u00e9cis\u00e9 le point de d\u00e9part des int\u00e9r\u00eats moratoires. Elle a \u00e9galement allou\u00e9 une somme au titre de l\u2019article 700 du code de proc\u00e9dure civile.<\/p>\n<p>Le recours subrogatoire du fonds de garantie<\/p>\n<p>Le tribunal rappelle le fondement l\u00e9gal de l\u2019action r\u00e9cursoire du fonds. Il applique strictement l\u2019article 706-11 du code de proc\u00e9dure p\u00e9nale. Le texte dispose que &#171;le fonds est subrog\u00e9 dans les droits de la victime pour obtenir des personnes responsables du dommage caus\u00e9 par l&#8217;infraction ou tenues \u00e0 un titre quelconque d&#8217;en assurer la r\u00e9paration totale ou partielle le remboursement de l&#8217;indemnit\u00e9 ou de la provision vers\u00e9e par lui, dans la limite du montant des r\u00e9parations \u00e0 la charge desdites personnes&#187; (article 706-11 du code de proc\u00e9dure p\u00e9nale). Cette citation ancre l\u2019action du fonds dans une subrogation l\u00e9gale classique. La solution consacre le r\u00f4le indemnitaire du fonds en lui permettant de r\u00e9cup\u00e9rer ses d\u00e9bours. Elle assure l\u2019\u00e9quilibre financier du syst\u00e8me de garantie pour les victimes d\u2019infractions. La port\u00e9e est large car le recours s\u2019exerce contre toute personne tenue \u00e0 la r\u00e9paration.<\/p>\n<p>La mise en \u0153uvre du recours est ensuite facilit\u00e9e par des dispositions proc\u00e9durales sp\u00e9cifiques. Le tribunal note que les sommes dues n\u2019ont \u00e9t\u00e9 que partiellement rembours\u00e9es par les condamn\u00e9s. Il constate que &#171;le FGTI a r\u00e9gl\u00e9 les sommes dues aux victimes en leur lieu et place de sorte qu&#8217;il est bien fond\u00e9 \u00e0 solliciter le remboursement des sommes&#187; (Motifs de la d\u00e9cision). Cette application concr\u00e8te permet la condamnation solidaire des responsables au paiement du solde restant. La d\u00e9cision renforce l\u2019efficacit\u00e9 du recours subrogatoire en le rendant effectif. Elle \u00e9vite que le fonds supporte d\u00e9finitivement la charge financi\u00e8re de l\u2019indemnisation. La valeur r\u00e9side dans l\u2019ex\u00e9cution pratique du m\u00e9canisme l\u00e9gal de subrogation.<\/p>\n<p>Le r\u00e9gime des int\u00e9r\u00eats et des frais irr\u00e9p\u00e9tibles<\/p>\n<p>Sur la question des int\u00e9r\u00eats, le tribunal op\u00e8re une modulation du point de d\u00e9part l\u00e9gal. L\u2019article 1231-7 du code civil pr\u00e9voit que les int\u00e9r\u00eats courent g\u00e9n\u00e9ralement du prononc\u00e9 du jugement. Le juge peut cependant en d\u00e9cider autrement en fonction des circonstances de l\u2019esp\u00e8ce. Il retient ici que &#171;le point de d\u00e9part des int\u00e9r\u00eats sera fix\u00e9 \u00e0 compter de l&#8217;assignation compte tenu des multiples relances du FGTI&#187; (Motifs de la d\u00e9cision). Cette d\u00e9cision est une application du pouvoir souverain d\u2019appr\u00e9ciation des juges du fond. Elle sanctionne le retard fautif des d\u00e9biteurs apr\u00e8s des mises en demeure r\u00e9p\u00e9t\u00e9es. La solution a une port\u00e9e incitative pour le paiement rapide des dettes certaines et liquides. Elle compense \u00e9quitablement le pr\u00e9judice subi par le cr\u00e9ancier du fait du retard.<\/p>\n<p>La condamnation aux frais irr\u00e9p\u00e9tibles fait l\u2019objet d\u2019une appr\u00e9ciation souveraine et \u00e9quitable. Le tribunal applique les articles 696 et 700 du code de proc\u00e9dure civile. Il condamne solidairement les auteurs des infractions \u00e0 payer une somme forfaitaire au fonds. Cette somme vise \u00e0 compenser les frais expos\u00e9s et non compris dans les d\u00e9pens. La d\u00e9cision est prise en tenant compte de l\u2019\u00e9quit\u00e9 et de la situation \u00e9conomique des parties. Elle illustre le caract\u00e8re discr\u00e9tionnaire de cette indemnisation accessoire. La port\u00e9e est limit\u00e9e \u00e0 l\u2019esp\u00e8ce mais rappelle l\u2019existence de cette facult\u00e9 pour le juge. La valeur r\u00e9side dans la recherche d\u2019une justice compl\u00e8te, incluant les frais de proc\u00e9dure.<\/p>\n<\/div>\n","protected":false},"excerpt":{"rendered":"<p>Le Tribunal judiciaire de Paris, dans une d\u00e9cision du 15 mars 2027, a statu\u00e9 sur un recours subrogatoire du Fonds de garantie des victimes des actes de terro&#8230;<\/p>\n","protected":false},"author":232070755,"featured_media":4700,"comment_status":"open","ping_status":"open","sticky":false,"template":"","format":"standard","meta":{"_crdt_document":"","_jetpack_newsletter_access":"","_jetpack_dont_email_post_to_subs":false,"_jetpack_newsletter_tier_id":0,"_jetpack_memberships_contains_paywalled_content":false,"_kj_source_type":"judilibre","_kj_official_id":"68daf65e763c15057e599607","_kj_official_url":"https:\/\/www.courdecassation.fr\/decision\/68daf65e763c15057e599607","_kj_judilibre_id":"68daf65e763c15057e599607","_kj_jur":"Tribunal judiciaire","_kj_lieu":"Tribunal judiciaire de Grenoble","_kj_chambre":"6\u00e8me chambre civile","_kj_rg":"24\/06718","_kj_date":"2025-09-25","_jetpack_memberships_contains_paid_content":false,"footnotes":"","jetpack_post_was_ever_published":false},"categories":[7597],"tags":[],"class_list":["post-662589","post","type-post","status-publish","format-standard","has-post-thumbnail","hentry","category-jurisprudence"],"yoast_head":"<!-- This site is optimized with the Yoast SEO Premium plugin v27.5 (Yoast SEO v27.5) - https:\/\/yoast.com\/product\/yoast-seo-premium-wordpress\/ -->\n<title>Tribunal judiciaire de Paris, le 15 mars 2027, n\u00b024\/06718 - Ma\u00eetre Hassan Kohen, avocat en droit p\u00e9nal \u00e0 Paris<\/title>\n<meta name=\"description\" content=\"Le Tribunal judiciaire de Paris, dans une d\u00e9cision du 15 mars 2027, a statu\u00e9 sur un recours subrogatoire du Fonds de garantie des victimes des actes de terro...\" \/>\n<meta name=\"robots\" content=\"index, follow, max-snippet:-1, max-image-preview:large, max-video-preview:-1\" \/>\n<link rel=\"canonical\" href=\"https:\/\/kohenavocats.com\/ru\/tribunal-judiciaire-de-paris-le-15-mars-2027-n24-06718\/\" \/>\n<meta property=\"og:locale\" content=\"ru_RU\" \/>\n<meta property=\"og:type\" content=\"article\" \/>\n<meta property=\"og:title\" content=\"Tribunal judiciaire de Paris, le 15 mars 2027, n\u00b024\/06718\" \/>\n<meta property=\"og:description\" content=\"Le Tribunal judiciaire de Paris, dans une d\u00e9cision du 15 mars 2027, a statu\u00e9 sur un recours subrogatoire du Fonds de garantie des victimes des actes de terro...\" \/>\n<meta property=\"og:url\" content=\"https:\/\/kohenavocats.com\/ru\/tribunal-judiciaire-de-paris-le-15-mars-2027-n24-06718\/\" \/>\n<meta property=\"og:site_name\" content=\"Ma\u00eetre Hassan Kohen, avocat en droit p\u00e9nal \u00e0 Paris\" \/>\n<meta property=\"article:published_time\" content=\"2026-04-23T17:50:56+00:00\" \/>\n<meta property=\"og:image\" content=\"https:\/\/kohenavocats.com\/wp-content\/uploads\/2024\/08\/camille-brodard-uZDXjqtVifU-unsplash.webp\" \/>\n\t<meta property=\"og:image:width\" content=\"3000\" \/>\n\t<meta property=\"og:image:height\" content=\"2000\" \/>\n\t<meta property=\"og:image:type\" content=\"image\/webp\" \/>\n<meta name=\"author\" content=\"Kohen\" \/>\n<meta name=\"twitter:card\" content=\"summary_large_image\" \/>\n<meta name=\"twitter:label1\" content=\"\u041d\u0430\u043f\u0438\u0441\u0430\u043d\u043e \u0430\u0432\u0442\u043e\u0440\u043e\u043c\" \/>\n\t<meta name=\"twitter:data1\" content=\"Kohen\" \/>\n\t<meta name=\"twitter:label2\" content=\"\u041f\u0440\u0438\u043c\u0435\u0440\u043d\u043e\u0435 \u0432\u0440\u0435\u043c\u044f \u0434\u043b\u044f \u0447\u0442\u0435\u043d\u0438\u044f\" \/>\n\t<meta name=\"twitter:data2\" content=\"3 \u043c\u0438\u043d\u0443\u0442\u044b\" \/>\n<script type=\"application\/ld+json\" class=\"yoast-schema-graph\">{\"@context\":\"https:\\\/\\\/schema.org\",\"@graph\":[{\"@type\":\"Article\",\"@id\":\"https:\\\/\\\/kohenavocats.com\\\/ru\\\/tribunal-judiciaire-de-paris-le-15-mars-2027-n24-06718\\\/#article\",\"isPartOf\":{\"@id\":\"https:\\\/\\\/kohenavocats.com\\\/ru\\\/tribunal-judiciaire-de-paris-le-15-mars-2027-n24-06718\\\/\"},\"author\":{\"name\":\"Kohen\",\"@id\":\"https:\\\/\\\/kohenavocats.com\\\/ru\\\/#\\\/schema\\\/person\\\/761c9ba54fa1ca84d405cef0831ff751\"},\"headline\":\"Tribunal judiciaire de Paris, le 15 mars 2027, n\u00b024\\\/06718\",\"datePublished\":\"2026-04-23T17:50:56+00:00\",\"mainEntityOfPage\":{\"@id\":\"https:\\\/\\\/kohenavocats.com\\\/ru\\\/tribunal-judiciaire-de-paris-le-15-mars-2027-n24-06718\\\/\"},\"wordCount\":690,\"commentCount\":0,\"publisher\":{\"@id\":\"https:\\\/\\\/kohenavocats.com\\\/ru\\\/#organization\"},\"image\":{\"@id\":\"https:\\\/\\\/kohenavocats.com\\\/ru\\\/tribunal-judiciaire-de-paris-le-15-mars-2027-n24-06718\\\/#primaryimage\"},\"thumbnailUrl\":\"https:\\\/\\\/kohenavocats.com\\\/wp-content\\\/uploads\\\/2024\\\/08\\\/camille-brodard-uZDXjqtVifU-unsplash.webp\",\"articleSection\":[\"Jurisprudence\"],\"inLanguage\":\"ru-RU\",\"potentialAction\":[{\"@type\":\"CommentAction\",\"name\":\"Comment\",\"target\":[\"https:\\\/\\\/kohenavocats.com\\\/ru\\\/tribunal-judiciaire-de-paris-le-15-mars-2027-n24-06718\\\/#respond\"]}],\"citation\":\"Tribunal judiciaire de Paris, le 15 mars 2027, n\u00b024\\\/06718\",\"about\":[{\"@type\":\"Thing\",\"name\":\"Jurisprudence\"}],\"dateModified\":\"2026-04-23T17:50:56+00:00\",\"speakable\":{\"@type\":\"SpeakableSpecification\",\"cssSelector\":[\".article-content > p:first-of-type\"]}},{\"@type\":\"WebPage\",\"@id\":\"https:\\\/\\\/kohenavocats.com\\\/ru\\\/tribunal-judiciaire-de-paris-le-15-mars-2027-n24-06718\\\/\",\"url\":\"https:\\\/\\\/kohenavocats.com\\\/ru\\\/tribunal-judiciaire-de-paris-le-15-mars-2027-n24-06718\\\/\",\"name\":\"Tribunal judiciaire de Paris, le 15 mars 2027, n\u00b024\\\/06718 - Ma\u00eetre Hassan Kohen, avocat en droit p\u00e9nal \u00e0 Paris\",\"isPartOf\":{\"@id\":\"https:\\\/\\\/kohenavocats.com\\\/ru\\\/#website\"},\"primaryImageOfPage\":{\"@id\":\"https:\\\/\\\/kohenavocats.com\\\/ru\\\/tribunal-judiciaire-de-paris-le-15-mars-2027-n24-06718\\\/#primaryimage\"},\"image\":{\"@id\":\"https:\\\/\\\/kohenavocats.com\\\/ru\\\/tribunal-judiciaire-de-paris-le-15-mars-2027-n24-06718\\\/#primaryimage\"},\"thumbnailUrl\":\"https:\\\/\\\/kohenavocats.com\\\/wp-content\\\/uploads\\\/2024\\\/08\\\/camille-brodard-uZDXjqtVifU-unsplash.webp\",\"datePublished\":\"2026-04-23T17:50:56+00:00\",\"description\":\"Le Tribunal judiciaire de Paris, dans une d\u00e9cision du 15 mars 2027, a statu\u00e9 sur un recours subrogatoire du Fonds de garantie des victimes des actes de terro...\",\"breadcrumb\":{\"@id\":\"https:\\\/\\\/kohenavocats.com\\\/ru\\\/tribunal-judiciaire-de-paris-le-15-mars-2027-n24-06718\\\/#breadcrumb\"},\"inLanguage\":\"ru-RU\",\"potentialAction\":[{\"@type\":\"ReadAction\",\"target\":[\"https:\\\/\\\/kohenavocats.com\\\/ru\\\/tribunal-judiciaire-de-paris-le-15-mars-2027-n24-06718\\\/\"]}]},{\"@type\":\"ImageObject\",\"inLanguage\":\"ru-RU\",\"@id\":\"https:\\\/\\\/kohenavocats.com\\\/ru\\\/tribunal-judiciaire-de-paris-le-15-mars-2027-n24-06718\\\/#primaryimage\",\"url\":\"https:\\\/\\\/kohenavocats.com\\\/wp-content\\\/uploads\\\/2024\\\/08\\\/camille-brodard-uZDXjqtVifU-unsplash.webp\",\"contentUrl\":\"https:\\\/\\\/kohenavocats.com\\\/wp-content\\\/uploads\\\/2024\\\/08\\\/camille-brodard-uZDXjqtVifU-unsplash.webp\",\"width\":3000,\"height\":2000},{\"@type\":\"BreadcrumbList\",\"@id\":\"https:\\\/\\\/kohenavocats.com\\\/ru\\\/tribunal-judiciaire-de-paris-le-15-mars-2027-n24-06718\\\/#breadcrumb\",\"itemListElement\":[{\"@type\":\"ListItem\",\"position\":1,\"name\":\"Home\",\"item\":\"https:\\\/\\\/kohenavocats.com\\\/ru\\\/avocats-en-droit-penal-a-paris-conseil-et-defense-strategique\\\/\"},{\"@type\":\"ListItem\",\"position\":2,\"name\":\"Tribunal judiciaire de Paris, le 15 mars 2027, n\u00b024\\\/06718\"}]},{\"@type\":\"WebSite\",\"@id\":\"https:\\\/\\\/kohenavocats.com\\\/ru\\\/#website\",\"url\":\"https:\\\/\\\/kohenavocats.com\\\/ru\\\/\",\"name\":\"Kohen Avocats\",\"description\":\"Ma\u00eetre Hassan Kohen, avocat p\u00e9naliste \u00e0 Paris, intervient exclusivement en droit p\u00e9nal pour la d\u00e9fense des particuliers, notamment en mati\u00e8re d\u2019accusations de viol. Il assure un accompagnement rigoureux d\u00e8s la garde \u00e0 vue jusqu\u2019\u00e0 la Cour d\u2019assises, veillant au strict respect des garanties proc\u00e9durales.\",\"publisher\":{\"@id\":\"https:\\\/\\\/kohenavocats.com\\\/ru\\\/#organization\"},\"potentialAction\":[{\"@type\":\"SearchAction\",\"target\":{\"@type\":\"EntryPoint\",\"urlTemplate\":\"https:\\\/\\\/kohenavocats.com\\\/ru\\\/?s={search_term_string}\"},\"query-input\":{\"@type\":\"PropertyValueSpecification\",\"valueRequired\":true,\"valueName\":\"search_term_string\"}}],\"inLanguage\":\"ru-RU\"},{\"@type\":\"Organization\",\"@id\":\"https:\\\/\\\/kohenavocats.com\\\/ru\\\/#organization\",\"name\":\"Kohen Avocats\",\"url\":\"https:\\\/\\\/kohenavocats.com\\\/ru\\\/\",\"logo\":{\"@type\":\"ImageObject\",\"inLanguage\":\"ru-RU\",\"@id\":\"https:\\\/\\\/kohenavocats.com\\\/ru\\\/#\\\/schema\\\/logo\\\/image\\\/\",\"url\":\"https:\\\/\\\/kohenavocats.com\\\/wp-content\\\/uploads\\\/2026\\\/01\\\/Logo-2-1.webp\",\"contentUrl\":\"https:\\\/\\\/kohenavocats.com\\\/wp-content\\\/uploads\\\/2026\\\/01\\\/Logo-2-1.webp\",\"width\":2114,\"height\":1253,\"caption\":\"Kohen Avocats\"},\"image\":{\"@id\":\"https:\\\/\\\/kohenavocats.com\\\/ru\\\/#\\\/schema\\\/logo\\\/image\\\/\"}},{\"@type\":\"Person\",\"@id\":\"https:\\\/\\\/kohenavocats.com\\\/ru\\\/#\\\/schema\\\/person\\\/761c9ba54fa1ca84d405cef0831ff751\",\"name\":\"Kohen\",\"image\":{\"@type\":\"ImageObject\",\"inLanguage\":\"ru-RU\",\"@id\":\"https:\\\/\\\/secure.gravatar.com\\\/avatar\\\/1c5e76ef76bbbfdd2b4da984e2bf2fa4056fd51a27d25ce2c332047f1dfd6e00?s=96&d=identicon&r=g\",\"url\":\"https:\\\/\\\/secure.gravatar.com\\\/avatar\\\/1c5e76ef76bbbfdd2b4da984e2bf2fa4056fd51a27d25ce2c332047f1dfd6e00?s=96&d=identicon&r=g\",\"contentUrl\":\"https:\\\/\\\/secure.gravatar.com\\\/avatar\\\/1c5e76ef76bbbfdd2b4da984e2bf2fa4056fd51a27d25ce2c332047f1dfd6e00?s=96&d=identicon&r=g\",\"caption\":\"Kohen\"},\"sameAs\":[\"https:\\\/\\\/www.linkedin.com\\\/in\\\/hassan-kohen-448548192\\\/\",\"https:\\\/\\\/www.youtube.com\\\/@Kohen-Avocats\"],\"url\":\"https:\\\/\\\/kohenavocats.com\\\/ru\\\/author\\\/kohenmlk\\\/\"}]}<\/script>\n<!-- \/ Yoast SEO Premium plugin. -->","yoast_head_json":{"title":"Tribunal judiciaire de Paris, le 15 mars 2027, n\u00b024\/06718 - Ma\u00eetre Hassan Kohen, avocat en droit p\u00e9nal \u00e0 Paris","description":"Le Tribunal judiciaire de Paris, dans une d\u00e9cision du 15 mars 2027, a statu\u00e9 sur un recours subrogatoire du Fonds de garantie des victimes des actes de terro...","robots":{"index":"index","follow":"follow","max-snippet":"max-snippet:-1","max-image-preview":"max-image-preview:large","max-video-preview":"max-video-preview:-1"},"canonical":"https:\/\/kohenavocats.com\/ru\/tribunal-judiciaire-de-paris-le-15-mars-2027-n24-06718\/","og_locale":"ru_RU","og_type":"article","og_title":"Tribunal judiciaire de Paris, le 15 mars 2027, n\u00b024\/06718","og_description":"Le Tribunal judiciaire de Paris, dans une d\u00e9cision du 15 mars 2027, a statu\u00e9 sur un recours subrogatoire du Fonds de garantie des victimes des actes de terro...","og_url":"https:\/\/kohenavocats.com\/ru\/tribunal-judiciaire-de-paris-le-15-mars-2027-n24-06718\/","og_site_name":"Ma\u00eetre Hassan Kohen, avocat en droit p\u00e9nal \u00e0 Paris","article_published_time":"2026-04-23T17:50:56+00:00","og_image":[{"width":3000,"height":2000,"url":"https:\/\/kohenavocats.com\/wp-content\/uploads\/2024\/08\/camille-brodard-uZDXjqtVifU-unsplash.webp","type":"image\/webp"}],"author":"Kohen","twitter_card":"summary_large_image","twitter_misc":{"\u041d\u0430\u043f\u0438\u0441\u0430\u043d\u043e \u0430\u0432\u0442\u043e\u0440\u043e\u043c":"Kohen","\u041f\u0440\u0438\u043c\u0435\u0440\u043d\u043e\u0435 \u0432\u0440\u0435\u043c\u044f \u0434\u043b\u044f \u0447\u0442\u0435\u043d\u0438\u044f":"3 \u043c\u0438\u043d\u0443\u0442\u044b"},"schema":{"@context":"https:\/\/schema.org","@graph":[{"@type":"Article","@id":"https:\/\/kohenavocats.com\/ru\/tribunal-judiciaire-de-paris-le-15-mars-2027-n24-06718\/#article","isPartOf":{"@id":"https:\/\/kohenavocats.com\/ru\/tribunal-judiciaire-de-paris-le-15-mars-2027-n24-06718\/"},"author":{"name":"Kohen","@id":"https:\/\/kohenavocats.com\/ru\/#\/schema\/person\/761c9ba54fa1ca84d405cef0831ff751"},"headline":"Tribunal judiciaire de Paris, le 15 mars 2027, n\u00b024\/06718","datePublished":"2026-04-23T17:50:56+00:00","mainEntityOfPage":{"@id":"https:\/\/kohenavocats.com\/ru\/tribunal-judiciaire-de-paris-le-15-mars-2027-n24-06718\/"},"wordCount":690,"commentCount":0,"publisher":{"@id":"https:\/\/kohenavocats.com\/ru\/#organization"},"image":{"@id":"https:\/\/kohenavocats.com\/ru\/tribunal-judiciaire-de-paris-le-15-mars-2027-n24-06718\/#primaryimage"},"thumbnailUrl":"https:\/\/kohenavocats.com\/wp-content\/uploads\/2024\/08\/camille-brodard-uZDXjqtVifU-unsplash.webp","articleSection":["Jurisprudence"],"inLanguage":"ru-RU","potentialAction":[{"@type":"CommentAction","name":"Comment","target":["https:\/\/kohenavocats.com\/ru\/tribunal-judiciaire-de-paris-le-15-mars-2027-n24-06718\/#respond"]}],"citation":"Tribunal judiciaire de Paris, le 15 mars 2027, n\u00b024\/06718","about":[{"@type":"Thing","name":"Jurisprudence"}],"dateModified":"2026-04-23T17:50:56+00:00","speakable":{"@type":"SpeakableSpecification","cssSelector":[".article-content > p:first-of-type"]}},{"@type":"WebPage","@id":"https:\/\/kohenavocats.com\/ru\/tribunal-judiciaire-de-paris-le-15-mars-2027-n24-06718\/","url":"https:\/\/kohenavocats.com\/ru\/tribunal-judiciaire-de-paris-le-15-mars-2027-n24-06718\/","name":"Tribunal judiciaire de Paris, le 15 mars 2027, n\u00b024\/06718 - Ma\u00eetre Hassan Kohen, avocat en droit p\u00e9nal \u00e0 Paris","isPartOf":{"@id":"https:\/\/kohenavocats.com\/ru\/#website"},"primaryImageOfPage":{"@id":"https:\/\/kohenavocats.com\/ru\/tribunal-judiciaire-de-paris-le-15-mars-2027-n24-06718\/#primaryimage"},"image":{"@id":"https:\/\/kohenavocats.com\/ru\/tribunal-judiciaire-de-paris-le-15-mars-2027-n24-06718\/#primaryimage"},"thumbnailUrl":"https:\/\/kohenavocats.com\/wp-content\/uploads\/2024\/08\/camille-brodard-uZDXjqtVifU-unsplash.webp","datePublished":"2026-04-23T17:50:56+00:00","description":"Le Tribunal judiciaire de Paris, dans une d\u00e9cision du 15 mars 2027, a statu\u00e9 sur un recours subrogatoire du Fonds de garantie des victimes des actes de terro...","breadcrumb":{"@id":"https:\/\/kohenavocats.com\/ru\/tribunal-judiciaire-de-paris-le-15-mars-2027-n24-06718\/#breadcrumb"},"inLanguage":"ru-RU","potentialAction":[{"@type":"ReadAction","target":["https:\/\/kohenavocats.com\/ru\/tribunal-judiciaire-de-paris-le-15-mars-2027-n24-06718\/"]}]},{"@type":"ImageObject","inLanguage":"ru-RU","@id":"https:\/\/kohenavocats.com\/ru\/tribunal-judiciaire-de-paris-le-15-mars-2027-n24-06718\/#primaryimage","url":"https:\/\/kohenavocats.com\/wp-content\/uploads\/2024\/08\/camille-brodard-uZDXjqtVifU-unsplash.webp","contentUrl":"https:\/\/kohenavocats.com\/wp-content\/uploads\/2024\/08\/camille-brodard-uZDXjqtVifU-unsplash.webp","width":3000,"height":2000},{"@type":"BreadcrumbList","@id":"https:\/\/kohenavocats.com\/ru\/tribunal-judiciaire-de-paris-le-15-mars-2027-n24-06718\/#breadcrumb","itemListElement":[{"@type":"ListItem","position":1,"name":"Home","item":"https:\/\/kohenavocats.com\/ru\/avocats-en-droit-penal-a-paris-conseil-et-defense-strategique\/"},{"@type":"ListItem","position":2,"name":"Tribunal judiciaire de Paris, le 15 mars 2027, n\u00b024\/06718"}]},{"@type":"WebSite","@id":"https:\/\/kohenavocats.com\/ru\/#website","url":"https:\/\/kohenavocats.com\/ru\/","name":"Kohen Avocats","description":"Ma\u00eetre Hassan Kohen, avocat p\u00e9naliste \u00e0 Paris, intervient exclusivement en droit p\u00e9nal pour la d\u00e9fense des particuliers, notamment en mati\u00e8re d\u2019accusations de viol. Il assure un accompagnement rigoureux d\u00e8s la garde \u00e0 vue jusqu\u2019\u00e0 la Cour d\u2019assises, veillant au strict respect des garanties proc\u00e9durales.","publisher":{"@id":"https:\/\/kohenavocats.com\/ru\/#organization"},"potentialAction":[{"@type":"SearchAction","target":{"@type":"EntryPoint","urlTemplate":"https:\/\/kohenavocats.com\/ru\/?s={search_term_string}"},"query-input":{"@type":"PropertyValueSpecification","valueRequired":true,"valueName":"search_term_string"}}],"inLanguage":"ru-RU"},{"@type":"Organization","@id":"https:\/\/kohenavocats.com\/ru\/#organization","name":"Kohen Avocats","url":"https:\/\/kohenavocats.com\/ru\/","logo":{"@type":"ImageObject","inLanguage":"ru-RU","@id":"https:\/\/kohenavocats.com\/ru\/#\/schema\/logo\/image\/","url":"https:\/\/kohenavocats.com\/wp-content\/uploads\/2026\/01\/Logo-2-1.webp","contentUrl":"https:\/\/kohenavocats.com\/wp-content\/uploads\/2026\/01\/Logo-2-1.webp","width":2114,"height":1253,"caption":"Kohen Avocats"},"image":{"@id":"https:\/\/kohenavocats.com\/ru\/#\/schema\/logo\/image\/"}},{"@type":"Person","@id":"https:\/\/kohenavocats.com\/ru\/#\/schema\/person\/761c9ba54fa1ca84d405cef0831ff751","name":"Kohen","image":{"@type":"ImageObject","inLanguage":"ru-RU","@id":"https:\/\/secure.gravatar.com\/avatar\/1c5e76ef76bbbfdd2b4da984e2bf2fa4056fd51a27d25ce2c332047f1dfd6e00?s=96&d=identicon&r=g","url":"https:\/\/secure.gravatar.com\/avatar\/1c5e76ef76bbbfdd2b4da984e2bf2fa4056fd51a27d25ce2c332047f1dfd6e00?s=96&d=identicon&r=g","contentUrl":"https:\/\/secure.gravatar.com\/avatar\/1c5e76ef76bbbfdd2b4da984e2bf2fa4056fd51a27d25ce2c332047f1dfd6e00?s=96&d=identicon&r=g","caption":"Kohen"},"sameAs":["https:\/\/www.linkedin.com\/in\/hassan-kohen-448548192\/","https:\/\/www.youtube.com\/@Kohen-Avocats"],"url":"https:\/\/kohenavocats.com\/ru\/author\/kohenmlk\/"}]}},"jetpack_featured_media_url":"https:\/\/kohenavocats.com\/wp-content\/uploads\/2024\/08\/camille-brodard-uZDXjqtVifU-unsplash.webp","jetpack_likes_enabled":false,"jetpack_shortlink":"https:\/\/wp.me\/peCrII-2MmV","jetpack-related-posts":[{"id":489855,"url":"https:\/\/kohenavocats.com\/ru\/tribunal-judiciaire-de-paris-le-10-juillet-2024-n24-05126\/","url_meta":{"origin":662589,"position":0},"title":"Tribunal judiciaire de Paris, le 10 juillet 2024, n\u00b024\/05126","author":"Kohen","date":"08.04.2026","format":false,"excerpt":"Le tribunal judiciaire de Paris, statuant en la chambre de la mise en \u00e9tat, a rendu une ordonnance le 10 juillet 2024. Cette d\u00e9cision tranche un incident d'i...","rel":"","context":"\u0412 &quot;Jurisprudence&quot;","block_context":{"text":"Jurisprudence","link":"https:\/\/kohenavocats.com\/category\/jurisprudence\/"},"img":{"alt_text":"","src":"https:\/\/i0.wp.com\/kohenavocats.com\/wp-content\/uploads\/2024\/11\/mohamed-nohassi-IriAhed60QU-unsplash.webp?resize=350%2C200&ssl=1","width":350,"height":200,"srcset":"https:\/\/i0.wp.com\/kohenavocats.com\/wp-content\/uploads\/2024\/11\/mohamed-nohassi-IriAhed60QU-unsplash.webp?resize=350%2C200&ssl=1 1x, https:\/\/i0.wp.com\/kohenavocats.com\/wp-content\/uploads\/2024\/11\/mohamed-nohassi-IriAhed60QU-unsplash.webp?resize=525%2C300&ssl=1 1.5x, https:\/\/i0.wp.com\/kohenavocats.com\/wp-content\/uploads\/2024\/11\/mohamed-nohassi-IriAhed60QU-unsplash.webp?resize=700%2C400&ssl=1 2x, https:\/\/i0.wp.com\/kohenavocats.com\/wp-content\/uploads\/2024\/11\/mohamed-nohassi-IriAhed60QU-unsplash.webp?resize=1050%2C600&ssl=1 3x, https:\/\/i0.wp.com\/kohenavocats.com\/wp-content\/uploads\/2024\/11\/mohamed-nohassi-IriAhed60QU-unsplash.webp?resize=1400%2C800&ssl=1 4x"},"classes":[]},{"id":413394,"url":"https:\/\/kohenavocats.com\/ru\/cour-dappel-de-paris-le-19-fevrier-2026-n25-03987\/","url_meta":{"origin":662589,"position":1},"title":"Cour d&#8217;appel de Paris, le 19 f\u00e9vrier 2026, n\u00b025\/03987","author":"Kohen","date":"21.03.2026","format":false,"excerpt":"La Cour d'appel de Paris, dans un arr\u00eat du 19 f\u00e9vrier 2026, a eu \u00e0 conna\u00eetre d'un litige opposant le Fonds de garantie des victimes des actes de terrorisme et d'autres infractions \u00e0 l'auteur d'une infraction p\u00e9nale. Le fonds, ayant indemnis\u00e9 la victime sur le fondement de la proc\u00e9dure d'indemnisation\u2026","rel":"","context":"\u0412 &quot;Cour d'appel&quot;","block_context":{"text":"Cour d'appel","link":"https:\/\/kohenavocats.com\/category\/cour-dappel\/"},"img":{"alt_text":"","src":"https:\/\/i0.wp.com\/kohenavocats.com\/wp-content\/uploads\/2024\/07\/valdemaras-d-7VPFyhB_j8Y-unsplash.webp?resize=350%2C200&ssl=1","width":350,"height":200,"srcset":"https:\/\/i0.wp.com\/kohenavocats.com\/wp-content\/uploads\/2024\/07\/valdemaras-d-7VPFyhB_j8Y-unsplash.webp?resize=350%2C200&ssl=1 1x, https:\/\/i0.wp.com\/kohenavocats.com\/wp-content\/uploads\/2024\/07\/valdemaras-d-7VPFyhB_j8Y-unsplash.webp?resize=525%2C300&ssl=1 1.5x, https:\/\/i0.wp.com\/kohenavocats.com\/wp-content\/uploads\/2024\/07\/valdemaras-d-7VPFyhB_j8Y-unsplash.webp?resize=700%2C400&ssl=1 2x, https:\/\/i0.wp.com\/kohenavocats.com\/wp-content\/uploads\/2024\/07\/valdemaras-d-7VPFyhB_j8Y-unsplash.webp?resize=1050%2C600&ssl=1 3x, https:\/\/i0.wp.com\/kohenavocats.com\/wp-content\/uploads\/2024\/07\/valdemaras-d-7VPFyhB_j8Y-unsplash.webp?resize=1400%2C800&ssl=1 4x"},"classes":[]},{"id":661677,"url":"https:\/\/kohenavocats.com\/ru\/tribunal-judiciaire-de-nanterre-le-10-mars-2025-n22-04306\/","url_meta":{"origin":662589,"position":2},"title":"Tribunal judiciaire de Nanterre, le 10 mars 2025, n\u00b022\/04306","author":"Kohen","date":"23.04.2026","format":false,"excerpt":"Le tribunal judiciaire, statuant le 10 mars 2025, examine un recours subrogatoire exerc\u00e9 par le Fonds de garantie. Ce dernier, ayant indemnis\u00e9 une victime d\u2019...","rel":"","context":"\u0412 &quot;Jurisprudence&quot;","block_context":{"text":"Jurisprudence","link":"https:\/\/kohenavocats.com\/category\/jurisprudence\/"},"img":{"alt_text":"","src":"https:\/\/i0.wp.com\/kohenavocats.com\/wp-content\/uploads\/2024\/11\/anita-austvika-lFdweM584mQ-unsplash.webp?resize=350%2C200&ssl=1","width":350,"height":200,"srcset":"https:\/\/i0.wp.com\/kohenavocats.com\/wp-content\/uploads\/2024\/11\/anita-austvika-lFdweM584mQ-unsplash.webp?resize=350%2C200&ssl=1 1x, https:\/\/i0.wp.com\/kohenavocats.com\/wp-content\/uploads\/2024\/11\/anita-austvika-lFdweM584mQ-unsplash.webp?resize=525%2C300&ssl=1 1.5x, https:\/\/i0.wp.com\/kohenavocats.com\/wp-content\/uploads\/2024\/11\/anita-austvika-lFdweM584mQ-unsplash.webp?resize=700%2C400&ssl=1 2x, https:\/\/i0.wp.com\/kohenavocats.com\/wp-content\/uploads\/2024\/11\/anita-austvika-lFdweM584mQ-unsplash.webp?resize=1050%2C600&ssl=1 3x, https:\/\/i0.wp.com\/kohenavocats.com\/wp-content\/uploads\/2024\/11\/anita-austvika-lFdweM584mQ-unsplash.webp?resize=1400%2C800&ssl=1 4x"},"classes":[]},{"id":413346,"url":"https:\/\/kohenavocats.com\/ru\/cour-dappel-de-paris-le-19-fevrier-2026-n25-04011\/","url_meta":{"origin":662589,"position":3},"title":"Cour d&#8217;appel de Paris, le 19 f\u00e9vrier 2026, n\u00b025\/04011","author":"Kohen","date":"21.03.2026","format":false,"excerpt":"La Cour d\u2019appel de Paris, dans un arr\u00eat du 19 f\u00e9vrier 2026, a \u00e9t\u00e9 saisie d\u2019un litige relatif \u00e0 la preuve du paiement effectu\u00e9 par le Fonds de garantie des victimes des actes de terrorisme et d\u2019autres infractions. Ce dernier, ayant indemnis\u00e9 une victime sur le fondement d\u2019une d\u00e9cision de\u2026","rel":"","context":"\u0412 &quot;Cour d'appel&quot;","block_context":{"text":"Cour d'appel","link":"https:\/\/kohenavocats.com\/category\/cour-dappel\/"},"img":{"alt_text":"","src":"https:\/\/i0.wp.com\/kohenavocats.com\/wp-content\/uploads\/2024\/11\/zyanya-citlalli-rHPdKZUQqv4-unsplash.webp?resize=350%2C200&ssl=1","width":350,"height":200,"srcset":"https:\/\/i0.wp.com\/kohenavocats.com\/wp-content\/uploads\/2024\/11\/zyanya-citlalli-rHPdKZUQqv4-unsplash.webp?resize=350%2C200&ssl=1 1x, https:\/\/i0.wp.com\/kohenavocats.com\/wp-content\/uploads\/2024\/11\/zyanya-citlalli-rHPdKZUQqv4-unsplash.webp?resize=525%2C300&ssl=1 1.5x, https:\/\/i0.wp.com\/kohenavocats.com\/wp-content\/uploads\/2024\/11\/zyanya-citlalli-rHPdKZUQqv4-unsplash.webp?resize=700%2C400&ssl=1 2x, https:\/\/i0.wp.com\/kohenavocats.com\/wp-content\/uploads\/2024\/11\/zyanya-citlalli-rHPdKZUQqv4-unsplash.webp?resize=1050%2C600&ssl=1 3x, https:\/\/i0.wp.com\/kohenavocats.com\/wp-content\/uploads\/2024\/11\/zyanya-citlalli-rHPdKZUQqv4-unsplash.webp?resize=1400%2C800&ssl=1 4x"},"classes":[]},{"id":665232,"url":"https:\/\/kohenavocats.com\/ru\/cour-dappel-de-amiens-le-10-juillet-2025-n24-03459\/","url_meta":{"origin":662589,"position":4},"title":"Cour d&#8217;appel de Amiens, le 10 juillet 2025, n\u00b024\/03459","author":"Kohen","date":"23.04.2026","format":false,"excerpt":"La Cour d'appel d'Amiens, statuant le 10 juillet 2025, examine un recours subrogatoire du Fonds de garantie des victimes. L'auteur d'une infraction, pr\u00e9alabl...","rel":"","context":"\u0412 &quot;Jurisprudence&quot;","block_context":{"text":"Jurisprudence","link":"https:\/\/kohenavocats.com\/category\/jurisprudence\/"},"img":{"alt_text":"","src":"https:\/\/i0.wp.com\/kohenavocats.com\/wp-content\/uploads\/2024\/08\/nelson-ricardo-7L4Yr-xfHE0-unsplash.webp?resize=350%2C200&ssl=1","width":350,"height":200,"srcset":"https:\/\/i0.wp.com\/kohenavocats.com\/wp-content\/uploads\/2024\/08\/nelson-ricardo-7L4Yr-xfHE0-unsplash.webp?resize=350%2C200&ssl=1 1x, https:\/\/i0.wp.com\/kohenavocats.com\/wp-content\/uploads\/2024\/08\/nelson-ricardo-7L4Yr-xfHE0-unsplash.webp?resize=525%2C300&ssl=1 1.5x, https:\/\/i0.wp.com\/kohenavocats.com\/wp-content\/uploads\/2024\/08\/nelson-ricardo-7L4Yr-xfHE0-unsplash.webp?resize=700%2C400&ssl=1 2x, https:\/\/i0.wp.com\/kohenavocats.com\/wp-content\/uploads\/2024\/08\/nelson-ricardo-7L4Yr-xfHE0-unsplash.webp?resize=1050%2C600&ssl=1 3x, https:\/\/i0.wp.com\/kohenavocats.com\/wp-content\/uploads\/2024\/08\/nelson-ricardo-7L4Yr-xfHE0-unsplash.webp?resize=1400%2C800&ssl=1 4x"},"classes":[]},{"id":472094,"url":"https:\/\/kohenavocats.com\/ru\/tribunal-judiciaire-de-paris-le-11-decembre-2025-n24-09452\/","url_meta":{"origin":662589,"position":5},"title":"Tribunal judiciaire de Paris, le 11 d\u00e9cembre 2025, n\u00b024\/09452","author":"Kohen","date":"07.04.2026","format":false,"excerpt":"Le tribunal judiciaire de Paris, statuant le 11 d\u00e9cembre 2025, a examin\u00e9 le recours subrogatoire d'une caisse primaire d'assurance maladie. L'organisme deman...","rel":"","context":"\u0412 &quot;Jurisprudence&quot;","block_context":{"text":"Jurisprudence","link":"https:\/\/kohenavocats.com\/category\/jurisprudence\/"},"img":{"alt_text":"","src":"https:\/\/i0.wp.com\/kohenavocats.com\/wp-content\/uploads\/2024\/11\/planet-volumes-3eXgkMpE-pQ-unsplash.webp?resize=350%2C200&ssl=1","width":350,"height":200,"srcset":"https:\/\/i0.wp.com\/kohenavocats.com\/wp-content\/uploads\/2024\/11\/planet-volumes-3eXgkMpE-pQ-unsplash.webp?resize=350%2C200&ssl=1 1x, https:\/\/i0.wp.com\/kohenavocats.com\/wp-content\/uploads\/2024\/11\/planet-volumes-3eXgkMpE-pQ-unsplash.webp?resize=525%2C300&ssl=1 1.5x, https:\/\/i0.wp.com\/kohenavocats.com\/wp-content\/uploads\/2024\/11\/planet-volumes-3eXgkMpE-pQ-unsplash.webp?resize=700%2C400&ssl=1 2x, https:\/\/i0.wp.com\/kohenavocats.com\/wp-content\/uploads\/2024\/11\/planet-volumes-3eXgkMpE-pQ-unsplash.webp?resize=1050%2C600&ssl=1 3x, https:\/\/i0.wp.com\/kohenavocats.com\/wp-content\/uploads\/2024\/11\/planet-volumes-3eXgkMpE-pQ-unsplash.webp?resize=1400%2C800&ssl=1 4x"},"classes":[]}],"jetpack_sharing_enabled":true,"_links":{"self":[{"href":"https:\/\/kohenavocats.com\/ru\/wp-json\/wp\/v2\/posts\/662589","targetHints":{"allow":["GET"]}}],"collection":[{"href":"https:\/\/kohenavocats.com\/ru\/wp-json\/wp\/v2\/posts"}],"about":[{"href":"https:\/\/kohenavocats.com\/ru\/wp-json\/wp\/v2\/types\/post"}],"author":[{"embeddable":true,"href":"https:\/\/kohenavocats.com\/ru\/wp-json\/wp\/v2\/users\/232070755"}],"replies":[{"embeddable":true,"href":"https:\/\/kohenavocats.com\/ru\/wp-json\/wp\/v2\/comments?post=662589"}],"version-history":[{"count":0,"href":"https:\/\/kohenavocats.com\/ru\/wp-json\/wp\/v2\/posts\/662589\/revisions"}],"wp:featuredmedia":[{"embeddable":true,"href":"https:\/\/kohenavocats.com\/ru\/wp-json\/wp\/v2\/media\/4700"}],"wp:attachment":[{"href":"https:\/\/kohenavocats.com\/ru\/wp-json\/wp\/v2\/media?parent=662589"}],"wp:term":[{"taxonomy":"category","embeddable":true,"href":"https:\/\/kohenavocats.com\/ru\/wp-json\/wp\/v2\/categories?post=662589"},{"taxonomy":"post_tag","embeddable":true,"href":"https:\/\/kohenavocats.com\/ru\/wp-json\/wp\/v2\/tags?post=662589"}],"curies":[{"name":"wp","href":"https:\/\/api.w.org\/{rel}","templated":true}]}}