{"id":662972,"date":"2026-04-23T20:24:49","date_gmt":"2026-04-23T18:24:49","guid":{"rendered":"https:\/\/kohenavocats.com\/tribunal-judiciaire-de-mans-le-9-janvier-2025-n22-02584\/"},"modified":"2026-04-23T20:24:49","modified_gmt":"2026-04-23T18:24:49","slug":"tribunal-judiciaire-de-mans-le-9-janvier-2025-n22-02584","status":"publish","type":"post","link":"https:\/\/kohenavocats.com\/ru\/tribunal-judiciaire-de-mans-le-9-janvier-2025-n22-02584\/","title":{"rendered":"Tribunal judiciaire de Mans, le 9 janvier 2025, n\u00b022\/02584"},"content":{"rendered":"<div class=\"article-content\">\n<p>Le Tribunal judiciaire, le 9 janvier 2025, statue sur une demande de sursis \u00e0 statuer. Un appel est en cours devant une cour d\u2019appel, dont l\u2019arr\u00eat est jug\u00e9 d\u00e9terminant pour la proc\u00e9dure. Le juge de la mise en \u00e9tat, saisi de cette demande, ordonne le sursis dans l\u2019attente de la d\u00e9cision d\u2019appel. Il rejette \u00e9galement une demande d\u2019indemnit\u00e9 au titre de l\u2019article 700 du code de proc\u00e9dure civile et renvoie l\u2019affaire en mise en \u00e9tat.<\/p>\n<p>La comp\u00e9tence exclusive du juge de la mise en \u00e9tat<\/p>\n<p>Le juge fonde sa comp\u00e9tence sur le texte pr\u00e9cis du code de proc\u00e9dure civile. Il rappelle que le juge de la mise en \u00e9tat est seul comp\u00e9tent pour statuer sur les incidents d\u2019instance. &#187; lorsque la demande est pr\u00e9sent\u00e9e post\u00e9rieurement \u00e0 sa d\u00e9signation, le juge de la mise en \u00e9tat est, jusqu\u2019\u00e0 son dessaisissement, seul comp\u00e9tent, \u00e0 l\u2019exclusion de tout autre formation du tribunal pour statuer sur les exceptions de proc\u00e9dure&#187; (article 789 du code de proc\u00e9dure civile). Cette pr\u00e9cision affirme l\u2019autorit\u00e9 du juge charg\u00e9 de l\u2019instruction pendant toute la phase pr\u00e9paratoire. Elle \u00e9vite ainsi les conflits de comp\u00e9tence au sein de la juridiction et garantit une instruction efficace.<\/p>\n<p>Le sursis \u00e0 statuer est ensuite qualifi\u00e9 d\u2019incident d\u2019instance soumis \u00e0 ce r\u00e9gime. &#171;Si dans le code de proc\u00e9dure civile, le sursis fait partie des incidents d\u2019instance, il est soumis au r\u00e9gime des exceptions de proc\u00e9dure et rel\u00e8ve de la comp\u00e9tence du juge de la mise en \u00e9tat&#187; (Motifs de la d\u00e9cision). Cette assimilation renforce la ma\u00eetrise proc\u00e9durale du juge de la mise en \u00e9tat. Elle confirme une approche syst\u00e9matique o\u00f9 tout incident suspensif rel\u00e8ve de son office jusqu\u2019\u00e0 son dessaisissement.<\/p>\n<p>Les conditions d\u2019octroi du sursis \u00e0 statuer<\/p>\n<p>Le juge \u00e9nonce le principe g\u00e9n\u00e9ral r\u00e9gissant le sursis \u00e0 statuer facultatif. Il se r\u00e9f\u00e8re \u00e0 l\u2019int\u00e9r\u00eat d\u2019une bonne administration de la justice comme fondement l\u00e9gal. &#171;Hors les cas o\u00f9 il est pr\u00e9vu par la loi, le sursis \u00e0 statuer peut \u00eatre prononc\u00e9 dans le souci d\u2019une bonne administration de la justice&#187; (Motifs de la d\u00e9cision). Ce pouvoir discr\u00e9tionnaire est ainsi encadr\u00e9 par un objectif proc\u00e9dural sup\u00e9rieur. Il permet d\u2019\u00e9viter des d\u00e9cisions contradictoires ou inutiles lorsque l\u2019issue d\u2019une autre instance est attendue.<\/p>\n<p>La d\u00e9cision applique ce principe aux circonstances de l\u2019esp\u00e8ce. Elle constate l\u2019existence d\u2019un appel en cours dont l\u2019arr\u00eat est d\u00e9terminant. &#171;Or, l\u2019arr\u00eat appara\u00eet d\u00e9terminant pour la suite de la pr\u00e9sente proc\u00e9dure, notamment sur la poursuite ou non de l\u2019affaire&#187; (Motifs de la d\u00e9cision). Le juge retient donc un lien direct entre les deux proc\u00e9dures. Cette appr\u00e9ciation concr\u00e8te justifie la suspension pour garantir la coh\u00e9rence des d\u00e9cisions de justice et l\u2019\u00e9conomie des moyens.<\/p>\n<p>Cette solution rejoint une jurisprudence constante sur les conditions du sursis. &#171;Il r\u00e9sulte de l&#8217;article 377 du code de proc\u00e9dure civile, qu&#8217;en dehors des cas express\u00e9ment pr\u00e9vus par la loi dans lesquels il est obligatoire, le sursis \u00e0 statuer est facultatif et peut \u00eatre prononc\u00e9 dans l\u2019int\u00e9r\u00eat d\u2019une bonne administration de la justice si l\u2019issue d\u2019une autre proc\u00e9dure est susceptible d\u2019avoir une incidence directe sur la solution du litige&#187; (Tribunal judiciaire de Meaux, le 11 juillet 2025, n\u00b024\/04673). La d\u00e9cision comment\u00e9e illustre parfaitement cette exigence d\u2019une incidence directe. Elle montre la flexibilit\u00e9 proc\u00e9durale au service de l\u2019efficacit\u00e9 et de la s\u00e9curit\u00e9 juridique.<\/p>\n<\/div>\n","protected":false},"excerpt":{"rendered":"<p>Le Tribunal judiciaire, le 9 janvier 2025, statue sur une demande de sursis \u00e0 statuer. Un appel est en cours devant une cour d\u2019appel, dont l\u2019arr\u00eat est jug\u00e9 d&#8230;<\/p>\n","protected":false},"author":232070755,"featured_media":9505,"comment_status":"open","ping_status":"open","sticky":false,"template":"","format":"standard","meta":{"_crdt_document":"","_jetpack_newsletter_access":"","_jetpack_dont_email_post_to_subs":false,"_jetpack_newsletter_tier_id":0,"_jetpack_memberships_contains_paywalled_content":false,"_kj_source_type":"","_kj_official_id":"","_kj_official_url":"","_kj_judilibre_id":"","_kj_jur":"","_kj_lieu":"","_kj_chambre":"","_kj_rg":"","_kj_date":"","_jetpack_memberships_contains_paid_content":false,"footnotes":"","jetpack_post_was_ever_published":false},"categories":[7597],"tags":[],"class_list":["post-662972","post","type-post","status-publish","format-standard","has-post-thumbnail","hentry","category-jurisprudence"],"yoast_head":"<!-- This site is optimized with the Yoast SEO Premium plugin v27.4 (Yoast SEO v27.4) - https:\/\/yoast.com\/product\/yoast-seo-premium-wordpress\/ -->\n<title>Tribunal judiciaire de Mans, le 9 janvier 2025, n\u00b022\/02584 - Ma\u00eetre Hassan Kohen, avocat en droit p\u00e9nal \u00e0 Paris<\/title>\n<meta name=\"description\" content=\"Le Tribunal judiciaire, le 9 janvier 2025, statue sur une demande de sursis \u00e0 statuer. Un appel est en cours devant une cour d\u2019appel, dont l\u2019arr\u00eat est jug\u00e9 d...\" \/>\n<meta name=\"robots\" content=\"index, follow, max-snippet:-1, max-image-preview:large, max-video-preview:-1\" \/>\n<link rel=\"canonical\" href=\"https:\/\/kohenavocats.com\/ru\/tribunal-judiciaire-de-mans-le-9-janvier-2025-n22-02584\/\" \/>\n<meta property=\"og:locale\" content=\"ru_RU\" \/>\n<meta property=\"og:type\" content=\"article\" \/>\n<meta property=\"og:title\" content=\"Tribunal judiciaire de Mans, le 9 janvier 2025, n\u00b022\/02584\" \/>\n<meta property=\"og:description\" content=\"Le Tribunal judiciaire, le 9 janvier 2025, statue sur une demande de sursis \u00e0 statuer. Un appel est en cours devant une cour d\u2019appel, dont l\u2019arr\u00eat est jug\u00e9 d...\" \/>\n<meta property=\"og:url\" content=\"https:\/\/kohenavocats.com\/ru\/tribunal-judiciaire-de-mans-le-9-janvier-2025-n22-02584\/\" \/>\n<meta property=\"og:site_name\" content=\"Ma\u00eetre Hassan Kohen, avocat en droit p\u00e9nal \u00e0 Paris\" \/>\n<meta property=\"article:published_time\" content=\"2026-04-23T18:24:49+00:00\" \/>\n<meta property=\"og:image\" content=\"https:\/\/kohenavocats.com\/wp-content\/uploads\/2024\/11\/getty-images-dWqNBrbg25A-unsplash.webp\" \/>\n\t<meta property=\"og:image:width\" content=\"4500\" \/>\n\t<meta property=\"og:image:height\" content=\"2250\" \/>\n\t<meta property=\"og:image:type\" content=\"image\/webp\" \/>\n<meta name=\"author\" content=\"Kohen\" \/>\n<meta name=\"twitter:card\" content=\"summary_large_image\" \/>\n<meta name=\"twitter:label1\" content=\"\u041d\u0430\u043f\u0438\u0441\u0430\u043d\u043e \u0430\u0432\u0442\u043e\u0440\u043e\u043c\" \/>\n\t<meta name=\"twitter:data1\" content=\"Kohen\" \/>\n\t<meta name=\"twitter:label2\" content=\"\u041f\u0440\u0438\u043c\u0435\u0440\u043d\u043e\u0435 \u0432\u0440\u0435\u043c\u044f \u0434\u043b\u044f \u0447\u0442\u0435\u043d\u0438\u044f\" \/>\n\t<meta name=\"twitter:data2\" content=\"3 \u043c\u0438\u043d\u0443\u0442\u044b\" \/>\n<script type=\"application\/ld+json\" class=\"yoast-schema-graph\">{\"@context\":\"https:\\\/\\\/schema.org\",\"@graph\":[{\"@type\":\"Article\",\"@id\":\"https:\\\/\\\/kohenavocats.com\\\/ru\\\/tribunal-judiciaire-de-mans-le-9-janvier-2025-n22-02584\\\/#article\",\"isPartOf\":{\"@id\":\"https:\\\/\\\/kohenavocats.com\\\/ru\\\/tribunal-judiciaire-de-mans-le-9-janvier-2025-n22-02584\\\/\"},\"author\":{\"name\":\"Kohen\",\"@id\":\"https:\\\/\\\/kohenavocats.com\\\/ru\\\/#\\\/schema\\\/person\\\/761c9ba54fa1ca84d405cef0831ff751\"},\"headline\":\"Tribunal judiciaire de Mans, le 9 janvier 2025, n\u00b022\\\/02584\",\"datePublished\":\"2026-04-23T18:24:49+00:00\",\"mainEntityOfPage\":{\"@id\":\"https:\\\/\\\/kohenavocats.com\\\/ru\\\/tribunal-judiciaire-de-mans-le-9-janvier-2025-n22-02584\\\/\"},\"wordCount\":635,\"commentCount\":0,\"publisher\":{\"@id\":\"https:\\\/\\\/kohenavocats.com\\\/ru\\\/#organization\"},\"image\":{\"@id\":\"https:\\\/\\\/kohenavocats.com\\\/ru\\\/tribunal-judiciaire-de-mans-le-9-janvier-2025-n22-02584\\\/#primaryimage\"},\"thumbnailUrl\":\"https:\\\/\\\/kohenavocats.com\\\/wp-content\\\/uploads\\\/2024\\\/11\\\/getty-images-dWqNBrbg25A-unsplash.webp\",\"articleSection\":[\"Jurisprudence\"],\"inLanguage\":\"ru-RU\",\"potentialAction\":[{\"@type\":\"CommentAction\",\"name\":\"Comment\",\"target\":[\"https:\\\/\\\/kohenavocats.com\\\/ru\\\/tribunal-judiciaire-de-mans-le-9-janvier-2025-n22-02584\\\/#respond\"]}],\"citation\":\"Tribunal judiciaire de Mans, le 9 janvier 2025, n\u00b022\\\/02584\",\"about\":[{\"@type\":\"Thing\",\"name\":\"Jurisprudence\"}],\"dateModified\":\"2026-04-23T18:24:49+00:00\",\"speakable\":{\"@type\":\"SpeakableSpecification\",\"cssSelector\":[\".article-content > p:first-of-type\"]}},{\"@type\":\"WebPage\",\"@id\":\"https:\\\/\\\/kohenavocats.com\\\/ru\\\/tribunal-judiciaire-de-mans-le-9-janvier-2025-n22-02584\\\/\",\"url\":\"https:\\\/\\\/kohenavocats.com\\\/ru\\\/tribunal-judiciaire-de-mans-le-9-janvier-2025-n22-02584\\\/\",\"name\":\"Tribunal judiciaire de Mans, le 9 janvier 2025, n\u00b022\\\/02584 - Ma\u00eetre Hassan Kohen, avocat en droit p\u00e9nal \u00e0 Paris\",\"isPartOf\":{\"@id\":\"https:\\\/\\\/kohenavocats.com\\\/ru\\\/#website\"},\"primaryImageOfPage\":{\"@id\":\"https:\\\/\\\/kohenavocats.com\\\/ru\\\/tribunal-judiciaire-de-mans-le-9-janvier-2025-n22-02584\\\/#primaryimage\"},\"image\":{\"@id\":\"https:\\\/\\\/kohenavocats.com\\\/ru\\\/tribunal-judiciaire-de-mans-le-9-janvier-2025-n22-02584\\\/#primaryimage\"},\"thumbnailUrl\":\"https:\\\/\\\/kohenavocats.com\\\/wp-content\\\/uploads\\\/2024\\\/11\\\/getty-images-dWqNBrbg25A-unsplash.webp\",\"datePublished\":\"2026-04-23T18:24:49+00:00\",\"description\":\"Le Tribunal judiciaire, le 9 janvier 2025, statue sur une demande de sursis \u00e0 statuer. Un appel est en cours devant une cour d\u2019appel, dont l\u2019arr\u00eat est jug\u00e9 d...\",\"breadcrumb\":{\"@id\":\"https:\\\/\\\/kohenavocats.com\\\/ru\\\/tribunal-judiciaire-de-mans-le-9-janvier-2025-n22-02584\\\/#breadcrumb\"},\"inLanguage\":\"ru-RU\",\"potentialAction\":[{\"@type\":\"ReadAction\",\"target\":[\"https:\\\/\\\/kohenavocats.com\\\/ru\\\/tribunal-judiciaire-de-mans-le-9-janvier-2025-n22-02584\\\/\"]}]},{\"@type\":\"ImageObject\",\"inLanguage\":\"ru-RU\",\"@id\":\"https:\\\/\\\/kohenavocats.com\\\/ru\\\/tribunal-judiciaire-de-mans-le-9-janvier-2025-n22-02584\\\/#primaryimage\",\"url\":\"https:\\\/\\\/kohenavocats.com\\\/wp-content\\\/uploads\\\/2024\\\/11\\\/getty-images-dWqNBrbg25A-unsplash.webp\",\"contentUrl\":\"https:\\\/\\\/kohenavocats.com\\\/wp-content\\\/uploads\\\/2024\\\/11\\\/getty-images-dWqNBrbg25A-unsplash.webp\",\"width\":4500,\"height\":2250},{\"@type\":\"BreadcrumbList\",\"@id\":\"https:\\\/\\\/kohenavocats.com\\\/ru\\\/tribunal-judiciaire-de-mans-le-9-janvier-2025-n22-02584\\\/#breadcrumb\",\"itemListElement\":[{\"@type\":\"ListItem\",\"position\":1,\"name\":\"Home\",\"item\":\"https:\\\/\\\/kohenavocats.com\\\/ru\\\/avocats-en-droit-penal-a-paris-conseil-et-defense-strategique\\\/\"},{\"@type\":\"ListItem\",\"position\":2,\"name\":\"Tribunal judiciaire de Mans, le 9 janvier 2025, n\u00b022\\\/02584\"}]},{\"@type\":\"WebSite\",\"@id\":\"https:\\\/\\\/kohenavocats.com\\\/ru\\\/#website\",\"url\":\"https:\\\/\\\/kohenavocats.com\\\/ru\\\/\",\"name\":\"Kohen Avocats\",\"description\":\"Ma\u00eetre Hassan Kohen, avocat p\u00e9naliste \u00e0 Paris, intervient exclusivement en droit p\u00e9nal pour la d\u00e9fense des particuliers, notamment en mati\u00e8re d\u2019accusations de viol. Il assure un accompagnement rigoureux d\u00e8s la garde \u00e0 vue jusqu\u2019\u00e0 la Cour d\u2019assises, veillant au strict respect des garanties proc\u00e9durales.\",\"publisher\":{\"@id\":\"https:\\\/\\\/kohenavocats.com\\\/ru\\\/#organization\"},\"potentialAction\":[{\"@type\":\"SearchAction\",\"target\":{\"@type\":\"EntryPoint\",\"urlTemplate\":\"https:\\\/\\\/kohenavocats.com\\\/ru\\\/?s={search_term_string}\"},\"query-input\":{\"@type\":\"PropertyValueSpecification\",\"valueRequired\":true,\"valueName\":\"search_term_string\"}}],\"inLanguage\":\"ru-RU\"},{\"@type\":\"Organization\",\"@id\":\"https:\\\/\\\/kohenavocats.com\\\/ru\\\/#organization\",\"name\":\"Kohen Avocats\",\"url\":\"https:\\\/\\\/kohenavocats.com\\\/ru\\\/\",\"logo\":{\"@type\":\"ImageObject\",\"inLanguage\":\"ru-RU\",\"@id\":\"https:\\\/\\\/kohenavocats.com\\\/ru\\\/#\\\/schema\\\/logo\\\/image\\\/\",\"url\":\"https:\\\/\\\/kohenavocats.com\\\/wp-content\\\/uploads\\\/2026\\\/01\\\/Logo-2-1.webp\",\"contentUrl\":\"https:\\\/\\\/kohenavocats.com\\\/wp-content\\\/uploads\\\/2026\\\/01\\\/Logo-2-1.webp\",\"width\":2114,\"height\":1253,\"caption\":\"Kohen Avocats\"},\"image\":{\"@id\":\"https:\\\/\\\/kohenavocats.com\\\/ru\\\/#\\\/schema\\\/logo\\\/image\\\/\"}},{\"@type\":\"Person\",\"@id\":\"https:\\\/\\\/kohenavocats.com\\\/ru\\\/#\\\/schema\\\/person\\\/761c9ba54fa1ca84d405cef0831ff751\",\"name\":\"Kohen\",\"image\":{\"@type\":\"ImageObject\",\"inLanguage\":\"ru-RU\",\"@id\":\"https:\\\/\\\/secure.gravatar.com\\\/avatar\\\/1c5e76ef76bbbfdd2b4da984e2bf2fa4056fd51a27d25ce2c332047f1dfd6e00?s=96&d=identicon&r=g\",\"url\":\"https:\\\/\\\/secure.gravatar.com\\\/avatar\\\/1c5e76ef76bbbfdd2b4da984e2bf2fa4056fd51a27d25ce2c332047f1dfd6e00?s=96&d=identicon&r=g\",\"contentUrl\":\"https:\\\/\\\/secure.gravatar.com\\\/avatar\\\/1c5e76ef76bbbfdd2b4da984e2bf2fa4056fd51a27d25ce2c332047f1dfd6e00?s=96&d=identicon&r=g\",\"caption\":\"Kohen\"},\"sameAs\":[\"https:\\\/\\\/www.linkedin.com\\\/in\\\/hassan-kohen-448548192\\\/\",\"https:\\\/\\\/www.youtube.com\\\/@Kohen-Avocats\"],\"url\":\"https:\\\/\\\/kohenavocats.com\\\/ru\\\/author\\\/kohenmlk\\\/\"}]}<\/script>\n<!-- \/ Yoast SEO Premium plugin. -->","yoast_head_json":{"title":"Tribunal judiciaire de Mans, le 9 janvier 2025, n\u00b022\/02584 - Ma\u00eetre Hassan Kohen, avocat en droit p\u00e9nal \u00e0 Paris","description":"Le Tribunal judiciaire, le 9 janvier 2025, statue sur une demande de sursis \u00e0 statuer. Un appel est en cours devant une cour d\u2019appel, dont l\u2019arr\u00eat est jug\u00e9 d...","robots":{"index":"index","follow":"follow","max-snippet":"max-snippet:-1","max-image-preview":"max-image-preview:large","max-video-preview":"max-video-preview:-1"},"canonical":"https:\/\/kohenavocats.com\/ru\/tribunal-judiciaire-de-mans-le-9-janvier-2025-n22-02584\/","og_locale":"ru_RU","og_type":"article","og_title":"Tribunal judiciaire de Mans, le 9 janvier 2025, n\u00b022\/02584","og_description":"Le Tribunal judiciaire, le 9 janvier 2025, statue sur une demande de sursis \u00e0 statuer. Un appel est en cours devant une cour d\u2019appel, dont l\u2019arr\u00eat est jug\u00e9 d...","og_url":"https:\/\/kohenavocats.com\/ru\/tribunal-judiciaire-de-mans-le-9-janvier-2025-n22-02584\/","og_site_name":"Ma\u00eetre Hassan Kohen, avocat en droit p\u00e9nal \u00e0 Paris","article_published_time":"2026-04-23T18:24:49+00:00","og_image":[{"width":4500,"height":2250,"url":"https:\/\/kohenavocats.com\/wp-content\/uploads\/2024\/11\/getty-images-dWqNBrbg25A-unsplash.webp","type":"image\/webp"}],"author":"Kohen","twitter_card":"summary_large_image","twitter_misc":{"\u041d\u0430\u043f\u0438\u0441\u0430\u043d\u043e \u0430\u0432\u0442\u043e\u0440\u043e\u043c":"Kohen","\u041f\u0440\u0438\u043c\u0435\u0440\u043d\u043e\u0435 \u0432\u0440\u0435\u043c\u044f \u0434\u043b\u044f \u0447\u0442\u0435\u043d\u0438\u044f":"3 \u043c\u0438\u043d\u0443\u0442\u044b"},"schema":{"@context":"https:\/\/schema.org","@graph":[{"@type":"Article","@id":"https:\/\/kohenavocats.com\/ru\/tribunal-judiciaire-de-mans-le-9-janvier-2025-n22-02584\/#article","isPartOf":{"@id":"https:\/\/kohenavocats.com\/ru\/tribunal-judiciaire-de-mans-le-9-janvier-2025-n22-02584\/"},"author":{"name":"Kohen","@id":"https:\/\/kohenavocats.com\/ru\/#\/schema\/person\/761c9ba54fa1ca84d405cef0831ff751"},"headline":"Tribunal judiciaire de Mans, le 9 janvier 2025, n\u00b022\/02584","datePublished":"2026-04-23T18:24:49+00:00","mainEntityOfPage":{"@id":"https:\/\/kohenavocats.com\/ru\/tribunal-judiciaire-de-mans-le-9-janvier-2025-n22-02584\/"},"wordCount":635,"commentCount":0,"publisher":{"@id":"https:\/\/kohenavocats.com\/ru\/#organization"},"image":{"@id":"https:\/\/kohenavocats.com\/ru\/tribunal-judiciaire-de-mans-le-9-janvier-2025-n22-02584\/#primaryimage"},"thumbnailUrl":"https:\/\/kohenavocats.com\/wp-content\/uploads\/2024\/11\/getty-images-dWqNBrbg25A-unsplash.webp","articleSection":["Jurisprudence"],"inLanguage":"ru-RU","potentialAction":[{"@type":"CommentAction","name":"Comment","target":["https:\/\/kohenavocats.com\/ru\/tribunal-judiciaire-de-mans-le-9-janvier-2025-n22-02584\/#respond"]}],"citation":"Tribunal judiciaire de Mans, le 9 janvier 2025, n\u00b022\/02584","about":[{"@type":"Thing","name":"Jurisprudence"}],"dateModified":"2026-04-23T18:24:49+00:00","speakable":{"@type":"SpeakableSpecification","cssSelector":[".article-content > p:first-of-type"]}},{"@type":"WebPage","@id":"https:\/\/kohenavocats.com\/ru\/tribunal-judiciaire-de-mans-le-9-janvier-2025-n22-02584\/","url":"https:\/\/kohenavocats.com\/ru\/tribunal-judiciaire-de-mans-le-9-janvier-2025-n22-02584\/","name":"Tribunal judiciaire de Mans, le 9 janvier 2025, n\u00b022\/02584 - Ma\u00eetre Hassan Kohen, avocat en droit p\u00e9nal \u00e0 Paris","isPartOf":{"@id":"https:\/\/kohenavocats.com\/ru\/#website"},"primaryImageOfPage":{"@id":"https:\/\/kohenavocats.com\/ru\/tribunal-judiciaire-de-mans-le-9-janvier-2025-n22-02584\/#primaryimage"},"image":{"@id":"https:\/\/kohenavocats.com\/ru\/tribunal-judiciaire-de-mans-le-9-janvier-2025-n22-02584\/#primaryimage"},"thumbnailUrl":"https:\/\/kohenavocats.com\/wp-content\/uploads\/2024\/11\/getty-images-dWqNBrbg25A-unsplash.webp","datePublished":"2026-04-23T18:24:49+00:00","description":"Le Tribunal judiciaire, le 9 janvier 2025, statue sur une demande de sursis \u00e0 statuer. Un appel est en cours devant une cour d\u2019appel, dont l\u2019arr\u00eat est jug\u00e9 d...","breadcrumb":{"@id":"https:\/\/kohenavocats.com\/ru\/tribunal-judiciaire-de-mans-le-9-janvier-2025-n22-02584\/#breadcrumb"},"inLanguage":"ru-RU","potentialAction":[{"@type":"ReadAction","target":["https:\/\/kohenavocats.com\/ru\/tribunal-judiciaire-de-mans-le-9-janvier-2025-n22-02584\/"]}]},{"@type":"ImageObject","inLanguage":"ru-RU","@id":"https:\/\/kohenavocats.com\/ru\/tribunal-judiciaire-de-mans-le-9-janvier-2025-n22-02584\/#primaryimage","url":"https:\/\/kohenavocats.com\/wp-content\/uploads\/2024\/11\/getty-images-dWqNBrbg25A-unsplash.webp","contentUrl":"https:\/\/kohenavocats.com\/wp-content\/uploads\/2024\/11\/getty-images-dWqNBrbg25A-unsplash.webp","width":4500,"height":2250},{"@type":"BreadcrumbList","@id":"https:\/\/kohenavocats.com\/ru\/tribunal-judiciaire-de-mans-le-9-janvier-2025-n22-02584\/#breadcrumb","itemListElement":[{"@type":"ListItem","position":1,"name":"Home","item":"https:\/\/kohenavocats.com\/ru\/avocats-en-droit-penal-a-paris-conseil-et-defense-strategique\/"},{"@type":"ListItem","position":2,"name":"Tribunal judiciaire de Mans, le 9 janvier 2025, n\u00b022\/02584"}]},{"@type":"WebSite","@id":"https:\/\/kohenavocats.com\/ru\/#website","url":"https:\/\/kohenavocats.com\/ru\/","name":"Kohen Avocats","description":"Ma\u00eetre Hassan Kohen, avocat p\u00e9naliste \u00e0 Paris, intervient exclusivement en droit p\u00e9nal pour la d\u00e9fense des particuliers, notamment en mati\u00e8re d\u2019accusations de viol. Il assure un accompagnement rigoureux d\u00e8s la garde \u00e0 vue jusqu\u2019\u00e0 la Cour d\u2019assises, veillant au strict respect des garanties proc\u00e9durales.","publisher":{"@id":"https:\/\/kohenavocats.com\/ru\/#organization"},"potentialAction":[{"@type":"SearchAction","target":{"@type":"EntryPoint","urlTemplate":"https:\/\/kohenavocats.com\/ru\/?s={search_term_string}"},"query-input":{"@type":"PropertyValueSpecification","valueRequired":true,"valueName":"search_term_string"}}],"inLanguage":"ru-RU"},{"@type":"Organization","@id":"https:\/\/kohenavocats.com\/ru\/#organization","name":"Kohen Avocats","url":"https:\/\/kohenavocats.com\/ru\/","logo":{"@type":"ImageObject","inLanguage":"ru-RU","@id":"https:\/\/kohenavocats.com\/ru\/#\/schema\/logo\/image\/","url":"https:\/\/kohenavocats.com\/wp-content\/uploads\/2026\/01\/Logo-2-1.webp","contentUrl":"https:\/\/kohenavocats.com\/wp-content\/uploads\/2026\/01\/Logo-2-1.webp","width":2114,"height":1253,"caption":"Kohen Avocats"},"image":{"@id":"https:\/\/kohenavocats.com\/ru\/#\/schema\/logo\/image\/"}},{"@type":"Person","@id":"https:\/\/kohenavocats.com\/ru\/#\/schema\/person\/761c9ba54fa1ca84d405cef0831ff751","name":"Kohen","image":{"@type":"ImageObject","inLanguage":"ru-RU","@id":"https:\/\/secure.gravatar.com\/avatar\/1c5e76ef76bbbfdd2b4da984e2bf2fa4056fd51a27d25ce2c332047f1dfd6e00?s=96&d=identicon&r=g","url":"https:\/\/secure.gravatar.com\/avatar\/1c5e76ef76bbbfdd2b4da984e2bf2fa4056fd51a27d25ce2c332047f1dfd6e00?s=96&d=identicon&r=g","contentUrl":"https:\/\/secure.gravatar.com\/avatar\/1c5e76ef76bbbfdd2b4da984e2bf2fa4056fd51a27d25ce2c332047f1dfd6e00?s=96&d=identicon&r=g","caption":"Kohen"},"sameAs":["https:\/\/www.linkedin.com\/in\/hassan-kohen-448548192\/","https:\/\/www.youtube.com\/@Kohen-Avocats"],"url":"https:\/\/kohenavocats.com\/ru\/author\/kohenmlk\/"}]}},"jetpack_featured_media_url":"https:\/\/kohenavocats.com\/wp-content\/uploads\/2024\/11\/getty-images-dWqNBrbg25A-unsplash.webp","jetpack_likes_enabled":false,"jetpack_shortlink":"https:\/\/wp.me\/peCrII-2Mt6","jetpack-related-posts":[{"id":625187,"url":"https:\/\/kohenavocats.com\/ru\/tribunal-judiciaire-de-meaux-le-19-janvier-2026-n24-02564\/","url_meta":{"origin":662972,"position":0},"title":"Tribunal judiciaire de Meaux, le 19 janvier 2026, n\u00b024\/02564","author":"Kohen","date":"20.04.2026","format":false,"excerpt":"Le Tribunal judiciaire de Meaux, le 19 janvier 2026, statue sur une demande de sursis \u00e0 statuer. La proc\u00e9dure oppose une soci\u00e9t\u00e9 civile immobili\u00e8re en liquid...","rel":"","context":"\u0412 &quot;Jurisprudence&quot;","block_context":{"text":"Jurisprudence","link":"https:\/\/kohenavocats.com\/category\/jurisprudence\/"},"img":{"alt_text":"","src":"https:\/\/i0.wp.com\/kohenavocats.com\/wp-content\/uploads\/2024\/08\/xavier-photography-Cgzlv8ZL188-unsplash.webp?resize=350%2C200&ssl=1","width":350,"height":200,"srcset":"https:\/\/i0.wp.com\/kohenavocats.com\/wp-content\/uploads\/2024\/08\/xavier-photography-Cgzlv8ZL188-unsplash.webp?resize=350%2C200&ssl=1 1x, https:\/\/i0.wp.com\/kohenavocats.com\/wp-content\/uploads\/2024\/08\/xavier-photography-Cgzlv8ZL188-unsplash.webp?resize=525%2C300&ssl=1 1.5x, https:\/\/i0.wp.com\/kohenavocats.com\/wp-content\/uploads\/2024\/08\/xavier-photography-Cgzlv8ZL188-unsplash.webp?resize=700%2C400&ssl=1 2x, https:\/\/i0.wp.com\/kohenavocats.com\/wp-content\/uploads\/2024\/08\/xavier-photography-Cgzlv8ZL188-unsplash.webp?resize=1050%2C600&ssl=1 3x, https:\/\/i0.wp.com\/kohenavocats.com\/wp-content\/uploads\/2024\/08\/xavier-photography-Cgzlv8ZL188-unsplash.webp?resize=1400%2C800&ssl=1 4x"},"classes":[]},{"id":661556,"url":"https:\/\/kohenavocats.com\/ru\/tribunal-judiciaire-de-meaux-le-19-janvier-2026-n25-00564\/","url_meta":{"origin":662972,"position":1},"title":"Tribunal judiciaire de Meaux, le 19 janvier 2026, n\u00b025\/00564","author":"Kohen","date":"23.04.2026","format":false,"excerpt":"Le tribunal judiciaire de Meaux, le 19 janvier 2026, statue sur une demande de sursis \u00e0 statuer dans une instance civile. Une expertise dommages-ouvrage est ...","rel":"","context":"\u0412 &quot;Jurisprudence&quot;","block_context":{"text":"Jurisprudence","link":"https:\/\/kohenavocats.com\/category\/jurisprudence\/"},"img":{"alt_text":"","src":"https:\/\/i0.wp.com\/kohenavocats.com\/wp-content\/uploads\/2024\/07\/henry-be-Pg63JThyCg-unsplash.webp?resize=350%2C200&ssl=1","width":350,"height":200,"srcset":"https:\/\/i0.wp.com\/kohenavocats.com\/wp-content\/uploads\/2024\/07\/henry-be-Pg63JThyCg-unsplash.webp?resize=350%2C200&ssl=1 1x, https:\/\/i0.wp.com\/kohenavocats.com\/wp-content\/uploads\/2024\/07\/henry-be-Pg63JThyCg-unsplash.webp?resize=525%2C300&ssl=1 1.5x, https:\/\/i0.wp.com\/kohenavocats.com\/wp-content\/uploads\/2024\/07\/henry-be-Pg63JThyCg-unsplash.webp?resize=700%2C400&ssl=1 2x, https:\/\/i0.wp.com\/kohenavocats.com\/wp-content\/uploads\/2024\/07\/henry-be-Pg63JThyCg-unsplash.webp?resize=1050%2C600&ssl=1 3x, https:\/\/i0.wp.com\/kohenavocats.com\/wp-content\/uploads\/2024\/07\/henry-be-Pg63JThyCg-unsplash.webp?resize=1400%2C800&ssl=1 4x"},"classes":[]},{"id":644870,"url":"https:\/\/kohenavocats.com\/ru\/tribunal-judiciaire-de-rennes-le-15-janvier-2026-n24-12439\/","url_meta":{"origin":662972,"position":2},"title":"Tribunal judiciaire de Rennes, le 15 janvier 2026, n\u00b024\/12439","author":"Kohen","date":"22.04.2026","format":false,"excerpt":"Le tribunal judiciaire de Rennes, le 15 janvier 2026, statue sur une demande de sursis \u00e0 statuer dans une instance en cours. Une expertise judiciaire est n\u00e9c...","rel":"","context":"\u0412 &quot;Jurisprudence&quot;","block_context":{"text":"Jurisprudence","link":"https:\/\/kohenavocats.com\/category\/jurisprudence\/"},"img":{"alt_text":"","src":"https:\/\/i0.wp.com\/kohenavocats.com\/wp-content\/uploads\/2024\/11\/zyanya-citlalli-UacA8X7HWwg-unsplash-1.webp?resize=350%2C200&ssl=1","width":350,"height":200,"srcset":"https:\/\/i0.wp.com\/kohenavocats.com\/wp-content\/uploads\/2024\/11\/zyanya-citlalli-UacA8X7HWwg-unsplash-1.webp?resize=350%2C200&ssl=1 1x, https:\/\/i0.wp.com\/kohenavocats.com\/wp-content\/uploads\/2024\/11\/zyanya-citlalli-UacA8X7HWwg-unsplash-1.webp?resize=525%2C300&ssl=1 1.5x, https:\/\/i0.wp.com\/kohenavocats.com\/wp-content\/uploads\/2024\/11\/zyanya-citlalli-UacA8X7HWwg-unsplash-1.webp?resize=700%2C400&ssl=1 2x, https:\/\/i0.wp.com\/kohenavocats.com\/wp-content\/uploads\/2024\/11\/zyanya-citlalli-UacA8X7HWwg-unsplash-1.webp?resize=1050%2C600&ssl=1 3x, https:\/\/i0.wp.com\/kohenavocats.com\/wp-content\/uploads\/2024\/11\/zyanya-citlalli-UacA8X7HWwg-unsplash-1.webp?resize=1400%2C800&ssl=1 4x"},"classes":[]},{"id":418739,"url":"https:\/\/kohenavocats.com\/ru\/tribunal-de-commerce-de-paris-le-30-janvier-2025-n2024025195\/","url_meta":{"origin":662972,"position":3},"title":"Tribunal de commerce de Paris, le 30 janvier 2025, n\u00b02024025195","author":"Kohen","date":"22.03.2026","format":false,"excerpt":"Le Tribunal des activit\u00e9s \u00e9conomiques de Paris, statuant en premi\u00e8re instance, a rendu un jugement le 30 janvier 2025. Une soci\u00e9t\u00e9 de logistique r\u00e9unionnaise poursuivait une soci\u00e9t\u00e9 de transport pour complicit\u00e9 de violation d\u2019une clause de non-concurrence par un ancien salari\u00e9. La d\u00e9fenderesse sollicitait un sursis \u00e0 statuer dans l\u2019attente\u2026","rel":"","context":"\u0412 &quot;D\u00e9cisions juridiques&quot;","block_context":{"text":"D\u00e9cisions juridiques","link":"https:\/\/kohenavocats.com\/category\/decisions-juridiques\/"},"img":{"alt_text":"","src":"https:\/\/i0.wp.com\/kohenavocats.com\/wp-content\/uploads\/2024\/08\/louis-paulin-SYJrwRyI51E-unsplash.webp?resize=350%2C200&ssl=1","width":350,"height":200,"srcset":"https:\/\/i0.wp.com\/kohenavocats.com\/wp-content\/uploads\/2024\/08\/louis-paulin-SYJrwRyI51E-unsplash.webp?resize=350%2C200&ssl=1 1x, https:\/\/i0.wp.com\/kohenavocats.com\/wp-content\/uploads\/2024\/08\/louis-paulin-SYJrwRyI51E-unsplash.webp?resize=525%2C300&ssl=1 1.5x, https:\/\/i0.wp.com\/kohenavocats.com\/wp-content\/uploads\/2024\/08\/louis-paulin-SYJrwRyI51E-unsplash.webp?resize=700%2C400&ssl=1 2x, https:\/\/i0.wp.com\/kohenavocats.com\/wp-content\/uploads\/2024\/08\/louis-paulin-SYJrwRyI51E-unsplash.webp?resize=1050%2C600&ssl=1 3x, https:\/\/i0.wp.com\/kohenavocats.com\/wp-content\/uploads\/2024\/08\/louis-paulin-SYJrwRyI51E-unsplash.webp?resize=1400%2C800&ssl=1 4x"},"classes":[]},{"id":480081,"url":"https:\/\/kohenavocats.com\/ru\/tribunal-judiciaire-de-paris-le-6-novembre-2025-n23-12648\/","url_meta":{"origin":662972,"position":4},"title":"Tribunal judiciaire de Paris, le 6 novembre 2025, n\u00b023\/12648","author":"Kohen","date":"07.04.2026","format":false,"excerpt":"Le tribunal judiciaire de Paris, par ordonnance du juge de la mise en \u00e9tat du 6 novembre 2025, statue sur plusieurs incidents soulev\u00e9s dans une instance en r...","rel":"","context":"\u0412 &quot;Jurisprudence&quot;","block_context":{"text":"Jurisprudence","link":"https:\/\/kohenavocats.com\/category\/jurisprudence\/"},"img":{"alt_text":"","src":"https:\/\/i0.wp.com\/kohenavocats.com\/wp-content\/uploads\/2024\/08\/pascal-bernardon-X8u7lVCzhT4-unsplash.webp?resize=350%2C200&ssl=1","width":350,"height":200,"srcset":"https:\/\/i0.wp.com\/kohenavocats.com\/wp-content\/uploads\/2024\/08\/pascal-bernardon-X8u7lVCzhT4-unsplash.webp?resize=350%2C200&ssl=1 1x, https:\/\/i0.wp.com\/kohenavocats.com\/wp-content\/uploads\/2024\/08\/pascal-bernardon-X8u7lVCzhT4-unsplash.webp?resize=525%2C300&ssl=1 1.5x, https:\/\/i0.wp.com\/kohenavocats.com\/wp-content\/uploads\/2024\/08\/pascal-bernardon-X8u7lVCzhT4-unsplash.webp?resize=700%2C400&ssl=1 2x, https:\/\/i0.wp.com\/kohenavocats.com\/wp-content\/uploads\/2024\/08\/pascal-bernardon-X8u7lVCzhT4-unsplash.webp?resize=1050%2C600&ssl=1 3x, https:\/\/i0.wp.com\/kohenavocats.com\/wp-content\/uploads\/2024\/08\/pascal-bernardon-X8u7lVCzhT4-unsplash.webp?resize=1400%2C800&ssl=1 4x"},"classes":[]},{"id":420331,"url":"https:\/\/kohenavocats.com\/ru\/tribunal-de-commerce-de-paris-le-30-janvier-2025-n2024025195-2\/","url_meta":{"origin":662972,"position":5},"title":"Tribunal de commerce de Paris, le 30 janvier 2025, n\u00b02024025195","author":"Kohen","date":"22.03.2026","format":false,"excerpt":"Une soci\u00e9t\u00e9 de transport r\u00e9unionnaise engage des poursuites contre une soci\u00e9t\u00e9 concurrente. Elle lui reproche d\u2019avoir embauch\u00e9 un ancien salari\u00e9 li\u00e9 par une clause de non-concurrence. La demanderesse invoque la complicit\u00e9 de violation de cette clause et des pratiques commerciales d\u00e9loyales. Elle sollicite r\u00e9paration sur le fondement de la responsabilit\u00e9\u2026","rel":"","context":"\u0412 &quot;D\u00e9cisions juridiques&quot;","block_context":{"text":"D\u00e9cisions juridiques","link":"https:\/\/kohenavocats.com\/category\/decisions-juridiques\/"},"img":{"alt_text":"","src":"https:\/\/i0.wp.com\/kohenavocats.com\/wp-content\/uploads\/2024\/11\/getty-images-SjE4Eirl2ro-unsplash.webp?resize=350%2C200&ssl=1","width":350,"height":200,"srcset":"https:\/\/i0.wp.com\/kohenavocats.com\/wp-content\/uploads\/2024\/11\/getty-images-SjE4Eirl2ro-unsplash.webp?resize=350%2C200&ssl=1 1x, https:\/\/i0.wp.com\/kohenavocats.com\/wp-content\/uploads\/2024\/11\/getty-images-SjE4Eirl2ro-unsplash.webp?resize=525%2C300&ssl=1 1.5x, https:\/\/i0.wp.com\/kohenavocats.com\/wp-content\/uploads\/2024\/11\/getty-images-SjE4Eirl2ro-unsplash.webp?resize=700%2C400&ssl=1 2x, https:\/\/i0.wp.com\/kohenavocats.com\/wp-content\/uploads\/2024\/11\/getty-images-SjE4Eirl2ro-unsplash.webp?resize=1050%2C600&ssl=1 3x, https:\/\/i0.wp.com\/kohenavocats.com\/wp-content\/uploads\/2024\/11\/getty-images-SjE4Eirl2ro-unsplash.webp?resize=1400%2C800&ssl=1 4x"},"classes":[]}],"jetpack_sharing_enabled":true,"_links":{"self":[{"href":"https:\/\/kohenavocats.com\/ru\/wp-json\/wp\/v2\/posts\/662972","targetHints":{"allow":["GET"]}}],"collection":[{"href":"https:\/\/kohenavocats.com\/ru\/wp-json\/wp\/v2\/posts"}],"about":[{"href":"https:\/\/kohenavocats.com\/ru\/wp-json\/wp\/v2\/types\/post"}],"author":[{"embeddable":true,"href":"https:\/\/kohenavocats.com\/ru\/wp-json\/wp\/v2\/users\/232070755"}],"replies":[{"embeddable":true,"href":"https:\/\/kohenavocats.com\/ru\/wp-json\/wp\/v2\/comments?post=662972"}],"version-history":[{"count":0,"href":"https:\/\/kohenavocats.com\/ru\/wp-json\/wp\/v2\/posts\/662972\/revisions"}],"wp:featuredmedia":[{"embeddable":true,"href":"https:\/\/kohenavocats.com\/ru\/wp-json\/wp\/v2\/media\/9505"}],"wp:attachment":[{"href":"https:\/\/kohenavocats.com\/ru\/wp-json\/wp\/v2\/media?parent=662972"}],"wp:term":[{"taxonomy":"category","embeddable":true,"href":"https:\/\/kohenavocats.com\/ru\/wp-json\/wp\/v2\/categories?post=662972"},{"taxonomy":"post_tag","embeddable":true,"href":"https:\/\/kohenavocats.com\/ru\/wp-json\/wp\/v2\/tags?post=662972"}],"curies":[{"name":"wp","href":"https:\/\/api.w.org\/{rel}","templated":true}]}}