{"id":663805,"date":"2026-04-23T21:43:17","date_gmt":"2026-04-23T19:43:17","guid":{"rendered":"https:\/\/kohenavocats.com\/cour-dappel-de-aix-en-provence-le-8-juillet-2021-n21-03288\/"},"modified":"2026-04-23T21:43:17","modified_gmt":"2026-04-23T19:43:17","slug":"cour-dappel-de-aix-en-provence-le-8-juillet-2021-n21-03288","status":"publish","type":"post","link":"https:\/\/kohenavocats.com\/ru\/cour-dappel-de-aix-en-provence-le-8-juillet-2021-n21-03288\/","title":{"rendered":"Cour d&#8217;appel de Aix-en-Provence, le 8 juillet 2021, n\u00b021\/03288"},"content":{"rendered":"<div class=\"article-content\">\n<p>La cour d&#8217;appel d&#8217;Aix-en-Provence, statuant en date du 8 juillet 2021, a examin\u00e9 un litige entre un ancien dirigeant devenu salari\u00e9 et l&#8217;organisme de garantie des salaires. L&#8217;affaire concernait la fixation de cr\u00e9ances salariales impay\u00e9es \u00e0 la suite d&#8217;une liquidation judiciaire. La juridiction a confirm\u00e9 en partie le jugement prud&#8217;homal tout en rectifiant le calcul de certaines indemnit\u00e9s. Elle a pr\u00e9cis\u00e9 les conditions de preuve du paiement des salaires et le r\u00f4le de l&#8217;AGS.<\/p>\n<p>La preuve du paiement des salaires et ses cons\u00e9quences<\/p>\n<p>La charge de la preuve du versement incombe \u00e0 l&#8217;employeur. La cour rappelle que les documents comptables internes ne suffisent pas \u00e0 \u00e9tablir la r\u00e9alit\u00e9 du paiement. &#171;Les indications port\u00e9es sur les bulletins de salaire ne constituent pas une preuve du versement effectif du salaire&#187; (Motifs). En l&#8217;esp\u00e8ce, le salari\u00e9 n&#8217;avait re\u00e7u qu&#8217;un bulletin r\u00e9gularisant la situation, mentionnant des acomptes. Cette solution renforce la protection du cr\u00e9ancier salarial, souvent en position de faiblesse probatoire. Elle impose \u00e0 l&#8217;employeur de conserver et de produire des justificatifs de paiement irr\u00e9futables, tels que les relev\u00e9s bancaires.<\/p>\n<p>Le d\u00e9faut de preuve entra\u00eene la condamnation au paiement des rappels de salaire. La cour a fix\u00e9 la cr\u00e9ance sur une base brute pour le mois de juin, sous d\u00e9duction du net per\u00e7u. Elle a \u00e9galement accord\u00e9 le maintien de salaire pour la p\u00e9riode de dispense de travail suivant une rupture conventionnelle. Cette approche garantit au salari\u00e9 l&#8217;int\u00e9gralit\u00e9 de sa r\u00e9mun\u00e9ration contractuelle due. Elle s\u00e9curise ainsi la situation du salari\u00e9 m\u00eame lors des phases de pr\u00e9paration \u00e0 la rupture de son contrat.<\/p>\n<p>Le calcul des indemnit\u00e9s et la garantie de l&#8217;AGS<\/p>\n<p>Le calcul de l&#8217;indemnit\u00e9 compensatrice de cong\u00e9s pay\u00e9s ob\u00e9it \u00e0 des r\u00e8gles pr\u00e9cises. La cour a recalcul\u00e9 cette indemnit\u00e9 sur la base des jours r\u00e9ellement acquis et de la r\u00e8gle du maintien de salaire. Elle a retenu le salaire brut du mois de juin et le nombre de jours ouvr\u00e9s du mois d&#8217;ao\u00fbt pour \u00e9tablir la valeur journali\u00e8re. Cette m\u00e9thode de calcul, conforme aux dispositions du code du travail, assure une indemnisation exacte du pr\u00e9judice subi. Elle \u00e9vite toute approximation au d\u00e9triment du salari\u00e9 comme de l&#8217;employeur.<\/p>\n<p>La d\u00e9cision pr\u00e9cise les conditions de mise en \u0153uvre de la garantie de l&#8217;AGS. La cr\u00e9ance fix\u00e9e par la justice est inscrite au passif de la liquidation, conditionnant l&#8217;intervention de l&#8217;organisme. &#171;La cr\u00e9ance b\u00e9n\u00e9ficie de la garantie l\u00e9gale de l&#8217;AGS dans les conditions pr\u00e9vues aux dispositions des articles L.3253-6 et suivants du code du travail sur l&#8217;\u00e9tablissement d&#8217;un relev\u00e9 des cr\u00e9ances par le mandataire judiciaire&#187; (Motifs). Cette solution souligne que seul un titre juridictionnel permet l&#8217;inscription au passif. Elle rejoint la jurisprudence selon laquelle &#171;le visa du juge-commissaire est d\u00e8s lors d\u00e9pourvu de valeur juridictionnelle&#187; (Cour d&#8217;appel de Paris, le 4 novembre 2025, n\u00b022\/06090). L&#8217;AGS ne peut \u00eatre tenue qu&#8217;apr\u00e8s justification de l&#8217;absence de fonds disponibles par le liquidateur.<\/p>\n<\/div>\n","protected":false},"excerpt":{"rendered":"<p>La cour d&#8217;appel d&#8217;Aix-en-Provence, statuant en date du 8 juillet 2021, a examin\u00e9 un litige entre un ancien dirigeant devenu salari\u00e9 et l&#8217;organisme de garanti&#8230;<\/p>\n","protected":false},"author":232070755,"featured_media":9569,"comment_status":"open","ping_status":"open","sticky":false,"template":"","format":"standard","meta":{"_crdt_document":"","_jetpack_newsletter_access":"","_jetpack_dont_email_post_to_subs":false,"_jetpack_newsletter_tier_id":0,"_jetpack_memberships_contains_paywalled_content":false,"_kj_source_type":"judilibre","_kj_official_id":"68d62a14c52dd73e0dd8f5ab","_kj_official_url":"https:\/\/www.courdecassation.fr\/decision\/68d62a14c52dd73e0dd8f5ab","_kj_judilibre_id":"68d62a14c52dd73e0dd8f5ab","_kj_jur":"Cour d'appel","_kj_lieu":"Cour d'appel d'Aix-en-Provence","_kj_chambre":"Chambre 4-3","_kj_rg":"21\/03288","_kj_date":"2025-09-25","_jetpack_memberships_contains_paid_content":false,"footnotes":"","jetpack_post_was_ever_published":false},"categories":[7597],"tags":[],"class_list":["post-663805","post","type-post","status-publish","format-standard","has-post-thumbnail","hentry","category-jurisprudence"],"yoast_head":"<!-- This site is optimized with the Yoast SEO Premium plugin v27.5 (Yoast SEO v27.5) - https:\/\/yoast.com\/product\/yoast-seo-premium-wordpress\/ -->\n<title>Cour d&#039;appel de Aix-en-Provence, le 8 juillet 2021, n\u00b021\/03288 - Ma\u00eetre Hassan Kohen, avocat en droit p\u00e9nal \u00e0 Paris<\/title>\n<meta name=\"description\" content=\"La cour d&#039;appel d&#039;Aix-en-Provence, statuant en date du 8 juillet 2021, a examin\u00e9 un litige entre un ancien dirigeant devenu salari\u00e9 et l&#039;organisme de garanti...\" \/>\n<meta name=\"robots\" content=\"index, follow, max-snippet:-1, max-image-preview:large, max-video-preview:-1\" \/>\n<link rel=\"canonical\" href=\"https:\/\/kohenavocats.com\/ru\/cour-dappel-de-aix-en-provence-le-8-juillet-2021-n21-03288\/\" \/>\n<meta property=\"og:locale\" content=\"ru_RU\" \/>\n<meta property=\"og:type\" content=\"article\" \/>\n<meta property=\"og:title\" content=\"Cour d&#039;appel de Aix-en-Provence, le 8 juillet 2021, n\u00b021\/03288\" \/>\n<meta property=\"og:description\" content=\"La cour d&#039;appel d&#039;Aix-en-Provence, statuant en date du 8 juillet 2021, a examin\u00e9 un litige entre un ancien dirigeant devenu salari\u00e9 et l&#039;organisme de garanti...\" \/>\n<meta property=\"og:url\" content=\"https:\/\/kohenavocats.com\/ru\/cour-dappel-de-aix-en-provence-le-8-juillet-2021-n21-03288\/\" \/>\n<meta property=\"og:site_name\" content=\"Ma\u00eetre Hassan Kohen, avocat en droit p\u00e9nal \u00e0 Paris\" \/>\n<meta property=\"article:published_time\" content=\"2026-04-23T19:43:17+00:00\" \/>\n<meta property=\"og:image\" content=\"https:\/\/kohenavocats.com\/wp-content\/uploads\/2024\/11\/ave-calvar-34SzSSXv2Qk-unsplash.webp\" \/>\n\t<meta property=\"og:image:width\" content=\"4447\" \/>\n\t<meta property=\"og:image:height\" content=\"6477\" \/>\n\t<meta property=\"og:image:type\" content=\"image\/webp\" \/>\n<meta name=\"author\" content=\"Kohen\" \/>\n<meta name=\"twitter:card\" content=\"summary_large_image\" \/>\n<meta name=\"twitter:label1\" content=\"\u041d\u0430\u043f\u0438\u0441\u0430\u043d\u043e \u0430\u0432\u0442\u043e\u0440\u043e\u043c\" \/>\n\t<meta name=\"twitter:data1\" content=\"Kohen\" \/>\n\t<meta name=\"twitter:label2\" content=\"\u041f\u0440\u0438\u043c\u0435\u0440\u043d\u043e\u0435 \u0432\u0440\u0435\u043c\u044f \u0434\u043b\u044f \u0447\u0442\u0435\u043d\u0438\u044f\" \/>\n\t<meta name=\"twitter:data2\" content=\"3 \u043c\u0438\u043d\u0443\u0442\u044b\" \/>\n<script type=\"application\/ld+json\" class=\"yoast-schema-graph\">{\"@context\":\"https:\\\/\\\/schema.org\",\"@graph\":[{\"@type\":\"Article\",\"@id\":\"https:\\\/\\\/kohenavocats.com\\\/ru\\\/cour-dappel-de-aix-en-provence-le-8-juillet-2021-n21-03288\\\/#article\",\"isPartOf\":{\"@id\":\"https:\\\/\\\/kohenavocats.com\\\/ru\\\/cour-dappel-de-aix-en-provence-le-8-juillet-2021-n21-03288\\\/\"},\"author\":{\"name\":\"Kohen\",\"@id\":\"https:\\\/\\\/kohenavocats.com\\\/ru\\\/#\\\/schema\\\/person\\\/761c9ba54fa1ca84d405cef0831ff751\"},\"headline\":\"Cour d&#8217;appel de Aix-en-Provence, le 8 juillet 2021, n\u00b021\\\/03288\",\"datePublished\":\"2026-04-23T19:43:17+00:00\",\"mainEntityOfPage\":{\"@id\":\"https:\\\/\\\/kohenavocats.com\\\/ru\\\/cour-dappel-de-aix-en-provence-le-8-juillet-2021-n21-03288\\\/\"},\"wordCount\":553,\"commentCount\":0,\"publisher\":{\"@id\":\"https:\\\/\\\/kohenavocats.com\\\/ru\\\/#organization\"},\"image\":{\"@id\":\"https:\\\/\\\/kohenavocats.com\\\/ru\\\/cour-dappel-de-aix-en-provence-le-8-juillet-2021-n21-03288\\\/#primaryimage\"},\"thumbnailUrl\":\"https:\\\/\\\/kohenavocats.com\\\/wp-content\\\/uploads\\\/2024\\\/11\\\/ave-calvar-34SzSSXv2Qk-unsplash.webp\",\"articleSection\":[\"Jurisprudence\"],\"inLanguage\":\"ru-RU\",\"potentialAction\":[{\"@type\":\"CommentAction\",\"name\":\"Comment\",\"target\":[\"https:\\\/\\\/kohenavocats.com\\\/ru\\\/cour-dappel-de-aix-en-provence-le-8-juillet-2021-n21-03288\\\/#respond\"]}],\"citation\":\"Cour d&#8217;appel de Aix-en-Provence, le 8 juillet 2021, n\u00b021\\\/03288\",\"about\":[{\"@type\":\"Thing\",\"name\":\"Jurisprudence\"}],\"dateModified\":\"2026-04-23T19:43:17+00:00\",\"speakable\":{\"@type\":\"SpeakableSpecification\",\"cssSelector\":[\".article-content > p:first-of-type\"]}},{\"@type\":\"WebPage\",\"@id\":\"https:\\\/\\\/kohenavocats.com\\\/ru\\\/cour-dappel-de-aix-en-provence-le-8-juillet-2021-n21-03288\\\/\",\"url\":\"https:\\\/\\\/kohenavocats.com\\\/ru\\\/cour-dappel-de-aix-en-provence-le-8-juillet-2021-n21-03288\\\/\",\"name\":\"Cour d'appel de Aix-en-Provence, le 8 juillet 2021, n\u00b021\\\/03288 - Ma\u00eetre Hassan Kohen, avocat en droit p\u00e9nal \u00e0 Paris\",\"isPartOf\":{\"@id\":\"https:\\\/\\\/kohenavocats.com\\\/ru\\\/#website\"},\"primaryImageOfPage\":{\"@id\":\"https:\\\/\\\/kohenavocats.com\\\/ru\\\/cour-dappel-de-aix-en-provence-le-8-juillet-2021-n21-03288\\\/#primaryimage\"},\"image\":{\"@id\":\"https:\\\/\\\/kohenavocats.com\\\/ru\\\/cour-dappel-de-aix-en-provence-le-8-juillet-2021-n21-03288\\\/#primaryimage\"},\"thumbnailUrl\":\"https:\\\/\\\/kohenavocats.com\\\/wp-content\\\/uploads\\\/2024\\\/11\\\/ave-calvar-34SzSSXv2Qk-unsplash.webp\",\"datePublished\":\"2026-04-23T19:43:17+00:00\",\"description\":\"La cour d'appel d'Aix-en-Provence, statuant en date du 8 juillet 2021, a examin\u00e9 un litige entre un ancien dirigeant devenu salari\u00e9 et l'organisme de garanti...\",\"breadcrumb\":{\"@id\":\"https:\\\/\\\/kohenavocats.com\\\/ru\\\/cour-dappel-de-aix-en-provence-le-8-juillet-2021-n21-03288\\\/#breadcrumb\"},\"inLanguage\":\"ru-RU\",\"potentialAction\":[{\"@type\":\"ReadAction\",\"target\":[\"https:\\\/\\\/kohenavocats.com\\\/ru\\\/cour-dappel-de-aix-en-provence-le-8-juillet-2021-n21-03288\\\/\"]}]},{\"@type\":\"ImageObject\",\"inLanguage\":\"ru-RU\",\"@id\":\"https:\\\/\\\/kohenavocats.com\\\/ru\\\/cour-dappel-de-aix-en-provence-le-8-juillet-2021-n21-03288\\\/#primaryimage\",\"url\":\"https:\\\/\\\/kohenavocats.com\\\/wp-content\\\/uploads\\\/2024\\\/11\\\/ave-calvar-34SzSSXv2Qk-unsplash.webp\",\"contentUrl\":\"https:\\\/\\\/kohenavocats.com\\\/wp-content\\\/uploads\\\/2024\\\/11\\\/ave-calvar-34SzSSXv2Qk-unsplash.webp\",\"width\":4447,\"height\":6477},{\"@type\":\"BreadcrumbList\",\"@id\":\"https:\\\/\\\/kohenavocats.com\\\/ru\\\/cour-dappel-de-aix-en-provence-le-8-juillet-2021-n21-03288\\\/#breadcrumb\",\"itemListElement\":[{\"@type\":\"ListItem\",\"position\":1,\"name\":\"Home\",\"item\":\"https:\\\/\\\/kohenavocats.com\\\/ru\\\/avocats-en-droit-penal-a-paris-conseil-et-defense-strategique\\\/\"},{\"@type\":\"ListItem\",\"position\":2,\"name\":\"Cour d&rsquo;appel de Aix-en-Provence, le 8 juillet 2021, n\u00b021\\\/03288\"}]},{\"@type\":\"WebSite\",\"@id\":\"https:\\\/\\\/kohenavocats.com\\\/ru\\\/#website\",\"url\":\"https:\\\/\\\/kohenavocats.com\\\/ru\\\/\",\"name\":\"Kohen Avocats\",\"description\":\"Ma\u00eetre Hassan Kohen, avocat p\u00e9naliste \u00e0 Paris, intervient exclusivement en droit p\u00e9nal pour la d\u00e9fense des particuliers, notamment en mati\u00e8re d\u2019accusations de viol. Il assure un accompagnement rigoureux d\u00e8s la garde \u00e0 vue jusqu\u2019\u00e0 la Cour d\u2019assises, veillant au strict respect des garanties proc\u00e9durales.\",\"publisher\":{\"@id\":\"https:\\\/\\\/kohenavocats.com\\\/ru\\\/#organization\"},\"potentialAction\":[{\"@type\":\"SearchAction\",\"target\":{\"@type\":\"EntryPoint\",\"urlTemplate\":\"https:\\\/\\\/kohenavocats.com\\\/ru\\\/?s={search_term_string}\"},\"query-input\":{\"@type\":\"PropertyValueSpecification\",\"valueRequired\":true,\"valueName\":\"search_term_string\"}}],\"inLanguage\":\"ru-RU\"},{\"@type\":\"Organization\",\"@id\":\"https:\\\/\\\/kohenavocats.com\\\/ru\\\/#organization\",\"name\":\"Kohen Avocats\",\"url\":\"https:\\\/\\\/kohenavocats.com\\\/ru\\\/\",\"logo\":{\"@type\":\"ImageObject\",\"inLanguage\":\"ru-RU\",\"@id\":\"https:\\\/\\\/kohenavocats.com\\\/ru\\\/#\\\/schema\\\/logo\\\/image\\\/\",\"url\":\"https:\\\/\\\/kohenavocats.com\\\/wp-content\\\/uploads\\\/2026\\\/01\\\/Logo-2-1.webp\",\"contentUrl\":\"https:\\\/\\\/kohenavocats.com\\\/wp-content\\\/uploads\\\/2026\\\/01\\\/Logo-2-1.webp\",\"width\":2114,\"height\":1253,\"caption\":\"Kohen Avocats\"},\"image\":{\"@id\":\"https:\\\/\\\/kohenavocats.com\\\/ru\\\/#\\\/schema\\\/logo\\\/image\\\/\"}},{\"@type\":\"Person\",\"@id\":\"https:\\\/\\\/kohenavocats.com\\\/ru\\\/#\\\/schema\\\/person\\\/761c9ba54fa1ca84d405cef0831ff751\",\"name\":\"Kohen\",\"image\":{\"@type\":\"ImageObject\",\"inLanguage\":\"ru-RU\",\"@id\":\"https:\\\/\\\/secure.gravatar.com\\\/avatar\\\/1c5e76ef76bbbfdd2b4da984e2bf2fa4056fd51a27d25ce2c332047f1dfd6e00?s=96&d=identicon&r=g\",\"url\":\"https:\\\/\\\/secure.gravatar.com\\\/avatar\\\/1c5e76ef76bbbfdd2b4da984e2bf2fa4056fd51a27d25ce2c332047f1dfd6e00?s=96&d=identicon&r=g\",\"contentUrl\":\"https:\\\/\\\/secure.gravatar.com\\\/avatar\\\/1c5e76ef76bbbfdd2b4da984e2bf2fa4056fd51a27d25ce2c332047f1dfd6e00?s=96&d=identicon&r=g\",\"caption\":\"Kohen\"},\"sameAs\":[\"https:\\\/\\\/www.linkedin.com\\\/in\\\/hassan-kohen-448548192\\\/\",\"https:\\\/\\\/www.youtube.com\\\/@Kohen-Avocats\"],\"url\":\"https:\\\/\\\/kohenavocats.com\\\/ru\\\/author\\\/kohenmlk\\\/\"}]}<\/script>\n<!-- \/ Yoast SEO Premium plugin. -->","yoast_head_json":{"title":"Cour d'appel de Aix-en-Provence, le 8 juillet 2021, n\u00b021\/03288 - Ma\u00eetre Hassan Kohen, avocat en droit p\u00e9nal \u00e0 Paris","description":"La cour d'appel d'Aix-en-Provence, statuant en date du 8 juillet 2021, a examin\u00e9 un litige entre un ancien dirigeant devenu salari\u00e9 et l'organisme de garanti...","robots":{"index":"index","follow":"follow","max-snippet":"max-snippet:-1","max-image-preview":"max-image-preview:large","max-video-preview":"max-video-preview:-1"},"canonical":"https:\/\/kohenavocats.com\/ru\/cour-dappel-de-aix-en-provence-le-8-juillet-2021-n21-03288\/","og_locale":"ru_RU","og_type":"article","og_title":"Cour d'appel de Aix-en-Provence, le 8 juillet 2021, n\u00b021\/03288","og_description":"La cour d'appel d'Aix-en-Provence, statuant en date du 8 juillet 2021, a examin\u00e9 un litige entre un ancien dirigeant devenu salari\u00e9 et l'organisme de garanti...","og_url":"https:\/\/kohenavocats.com\/ru\/cour-dappel-de-aix-en-provence-le-8-juillet-2021-n21-03288\/","og_site_name":"Ma\u00eetre Hassan Kohen, avocat en droit p\u00e9nal \u00e0 Paris","article_published_time":"2026-04-23T19:43:17+00:00","og_image":[{"width":4447,"height":6477,"url":"https:\/\/kohenavocats.com\/wp-content\/uploads\/2024\/11\/ave-calvar-34SzSSXv2Qk-unsplash.webp","type":"image\/webp"}],"author":"Kohen","twitter_card":"summary_large_image","twitter_misc":{"\u041d\u0430\u043f\u0438\u0441\u0430\u043d\u043e \u0430\u0432\u0442\u043e\u0440\u043e\u043c":"Kohen","\u041f\u0440\u0438\u043c\u0435\u0440\u043d\u043e\u0435 \u0432\u0440\u0435\u043c\u044f \u0434\u043b\u044f \u0447\u0442\u0435\u043d\u0438\u044f":"3 \u043c\u0438\u043d\u0443\u0442\u044b"},"schema":{"@context":"https:\/\/schema.org","@graph":[{"@type":"Article","@id":"https:\/\/kohenavocats.com\/ru\/cour-dappel-de-aix-en-provence-le-8-juillet-2021-n21-03288\/#article","isPartOf":{"@id":"https:\/\/kohenavocats.com\/ru\/cour-dappel-de-aix-en-provence-le-8-juillet-2021-n21-03288\/"},"author":{"name":"Kohen","@id":"https:\/\/kohenavocats.com\/ru\/#\/schema\/person\/761c9ba54fa1ca84d405cef0831ff751"},"headline":"Cour d&#8217;appel de Aix-en-Provence, le 8 juillet 2021, n\u00b021\/03288","datePublished":"2026-04-23T19:43:17+00:00","mainEntityOfPage":{"@id":"https:\/\/kohenavocats.com\/ru\/cour-dappel-de-aix-en-provence-le-8-juillet-2021-n21-03288\/"},"wordCount":553,"commentCount":0,"publisher":{"@id":"https:\/\/kohenavocats.com\/ru\/#organization"},"image":{"@id":"https:\/\/kohenavocats.com\/ru\/cour-dappel-de-aix-en-provence-le-8-juillet-2021-n21-03288\/#primaryimage"},"thumbnailUrl":"https:\/\/kohenavocats.com\/wp-content\/uploads\/2024\/11\/ave-calvar-34SzSSXv2Qk-unsplash.webp","articleSection":["Jurisprudence"],"inLanguage":"ru-RU","potentialAction":[{"@type":"CommentAction","name":"Comment","target":["https:\/\/kohenavocats.com\/ru\/cour-dappel-de-aix-en-provence-le-8-juillet-2021-n21-03288\/#respond"]}],"citation":"Cour d&#8217;appel de Aix-en-Provence, le 8 juillet 2021, n\u00b021\/03288","about":[{"@type":"Thing","name":"Jurisprudence"}],"dateModified":"2026-04-23T19:43:17+00:00","speakable":{"@type":"SpeakableSpecification","cssSelector":[".article-content > p:first-of-type"]}},{"@type":"WebPage","@id":"https:\/\/kohenavocats.com\/ru\/cour-dappel-de-aix-en-provence-le-8-juillet-2021-n21-03288\/","url":"https:\/\/kohenavocats.com\/ru\/cour-dappel-de-aix-en-provence-le-8-juillet-2021-n21-03288\/","name":"Cour d'appel de Aix-en-Provence, le 8 juillet 2021, n\u00b021\/03288 - Ma\u00eetre Hassan Kohen, avocat en droit p\u00e9nal \u00e0 Paris","isPartOf":{"@id":"https:\/\/kohenavocats.com\/ru\/#website"},"primaryImageOfPage":{"@id":"https:\/\/kohenavocats.com\/ru\/cour-dappel-de-aix-en-provence-le-8-juillet-2021-n21-03288\/#primaryimage"},"image":{"@id":"https:\/\/kohenavocats.com\/ru\/cour-dappel-de-aix-en-provence-le-8-juillet-2021-n21-03288\/#primaryimage"},"thumbnailUrl":"https:\/\/kohenavocats.com\/wp-content\/uploads\/2024\/11\/ave-calvar-34SzSSXv2Qk-unsplash.webp","datePublished":"2026-04-23T19:43:17+00:00","description":"La cour d'appel d'Aix-en-Provence, statuant en date du 8 juillet 2021, a examin\u00e9 un litige entre un ancien dirigeant devenu salari\u00e9 et l'organisme de garanti...","breadcrumb":{"@id":"https:\/\/kohenavocats.com\/ru\/cour-dappel-de-aix-en-provence-le-8-juillet-2021-n21-03288\/#breadcrumb"},"inLanguage":"ru-RU","potentialAction":[{"@type":"ReadAction","target":["https:\/\/kohenavocats.com\/ru\/cour-dappel-de-aix-en-provence-le-8-juillet-2021-n21-03288\/"]}]},{"@type":"ImageObject","inLanguage":"ru-RU","@id":"https:\/\/kohenavocats.com\/ru\/cour-dappel-de-aix-en-provence-le-8-juillet-2021-n21-03288\/#primaryimage","url":"https:\/\/kohenavocats.com\/wp-content\/uploads\/2024\/11\/ave-calvar-34SzSSXv2Qk-unsplash.webp","contentUrl":"https:\/\/kohenavocats.com\/wp-content\/uploads\/2024\/11\/ave-calvar-34SzSSXv2Qk-unsplash.webp","width":4447,"height":6477},{"@type":"BreadcrumbList","@id":"https:\/\/kohenavocats.com\/ru\/cour-dappel-de-aix-en-provence-le-8-juillet-2021-n21-03288\/#breadcrumb","itemListElement":[{"@type":"ListItem","position":1,"name":"Home","item":"https:\/\/kohenavocats.com\/ru\/avocats-en-droit-penal-a-paris-conseil-et-defense-strategique\/"},{"@type":"ListItem","position":2,"name":"Cour d&rsquo;appel de Aix-en-Provence, le 8 juillet 2021, n\u00b021\/03288"}]},{"@type":"WebSite","@id":"https:\/\/kohenavocats.com\/ru\/#website","url":"https:\/\/kohenavocats.com\/ru\/","name":"Kohen Avocats","description":"Ma\u00eetre Hassan Kohen, avocat p\u00e9naliste \u00e0 Paris, intervient exclusivement en droit p\u00e9nal pour la d\u00e9fense des particuliers, notamment en mati\u00e8re d\u2019accusations de viol. Il assure un accompagnement rigoureux d\u00e8s la garde \u00e0 vue jusqu\u2019\u00e0 la Cour d\u2019assises, veillant au strict respect des garanties proc\u00e9durales.","publisher":{"@id":"https:\/\/kohenavocats.com\/ru\/#organization"},"potentialAction":[{"@type":"SearchAction","target":{"@type":"EntryPoint","urlTemplate":"https:\/\/kohenavocats.com\/ru\/?s={search_term_string}"},"query-input":{"@type":"PropertyValueSpecification","valueRequired":true,"valueName":"search_term_string"}}],"inLanguage":"ru-RU"},{"@type":"Organization","@id":"https:\/\/kohenavocats.com\/ru\/#organization","name":"Kohen Avocats","url":"https:\/\/kohenavocats.com\/ru\/","logo":{"@type":"ImageObject","inLanguage":"ru-RU","@id":"https:\/\/kohenavocats.com\/ru\/#\/schema\/logo\/image\/","url":"https:\/\/kohenavocats.com\/wp-content\/uploads\/2026\/01\/Logo-2-1.webp","contentUrl":"https:\/\/kohenavocats.com\/wp-content\/uploads\/2026\/01\/Logo-2-1.webp","width":2114,"height":1253,"caption":"Kohen Avocats"},"image":{"@id":"https:\/\/kohenavocats.com\/ru\/#\/schema\/logo\/image\/"}},{"@type":"Person","@id":"https:\/\/kohenavocats.com\/ru\/#\/schema\/person\/761c9ba54fa1ca84d405cef0831ff751","name":"Kohen","image":{"@type":"ImageObject","inLanguage":"ru-RU","@id":"https:\/\/secure.gravatar.com\/avatar\/1c5e76ef76bbbfdd2b4da984e2bf2fa4056fd51a27d25ce2c332047f1dfd6e00?s=96&d=identicon&r=g","url":"https:\/\/secure.gravatar.com\/avatar\/1c5e76ef76bbbfdd2b4da984e2bf2fa4056fd51a27d25ce2c332047f1dfd6e00?s=96&d=identicon&r=g","contentUrl":"https:\/\/secure.gravatar.com\/avatar\/1c5e76ef76bbbfdd2b4da984e2bf2fa4056fd51a27d25ce2c332047f1dfd6e00?s=96&d=identicon&r=g","caption":"Kohen"},"sameAs":["https:\/\/www.linkedin.com\/in\/hassan-kohen-448548192\/","https:\/\/www.youtube.com\/@Kohen-Avocats"],"url":"https:\/\/kohenavocats.com\/ru\/author\/kohenmlk\/"}]}},"jetpack_featured_media_url":"https:\/\/kohenavocats.com\/wp-content\/uploads\/2024\/11\/ave-calvar-34SzSSXv2Qk-unsplash.webp","jetpack_likes_enabled":false,"jetpack_shortlink":"https:\/\/wp.me\/peCrII-2MGx","jetpack-related-posts":[{"id":482375,"url":"https:\/\/kohenavocats.com\/ru\/cour-dappel-de-aix-en-provence-le-6-fevrier-2025-n23-02586\/","url_meta":{"origin":663805,"position":0},"title":"Cour d&#8217;appel de Aix-en-Provence, le 6 f\u00e9vrier 2025, n\u00b023\/02586","author":"Kohen","date":"08.04.2026","format":false,"excerpt":"La Cour d'appel d'Aix-en-Provence, statuant le 6 f\u00e9vrier 2025, examine un litige n\u00e9 de la modification unilat\u00e9rale des conditions de travail d'une salari\u00e9e. ...","rel":"","context":"\u0412 &quot;Jurisprudence&quot;","block_context":{"text":"Jurisprudence","link":"https:\/\/kohenavocats.com\/category\/jurisprudence\/"},"img":{"alt_text":"","src":"https:\/\/i0.wp.com\/kohenavocats.com\/wp-content\/uploads\/2024\/11\/getty-images-C3aPAKHj558-unsplash.webp?resize=350%2C200&ssl=1","width":350,"height":200,"srcset":"https:\/\/i0.wp.com\/kohenavocats.com\/wp-content\/uploads\/2024\/11\/getty-images-C3aPAKHj558-unsplash.webp?resize=350%2C200&ssl=1 1x, https:\/\/i0.wp.com\/kohenavocats.com\/wp-content\/uploads\/2024\/11\/getty-images-C3aPAKHj558-unsplash.webp?resize=525%2C300&ssl=1 1.5x, https:\/\/i0.wp.com\/kohenavocats.com\/wp-content\/uploads\/2024\/11\/getty-images-C3aPAKHj558-unsplash.webp?resize=700%2C400&ssl=1 2x, https:\/\/i0.wp.com\/kohenavocats.com\/wp-content\/uploads\/2024\/11\/getty-images-C3aPAKHj558-unsplash.webp?resize=1050%2C600&ssl=1 3x, https:\/\/i0.wp.com\/kohenavocats.com\/wp-content\/uploads\/2024\/11\/getty-images-C3aPAKHj558-unsplash.webp?resize=1400%2C800&ssl=1 4x"},"classes":[]},{"id":239191,"url":"https:\/\/kohenavocats.com\/ru\/cour-dappel-de-aix-en-provence-le-12-septembre-2025-n21-12053\/","url_meta":{"origin":663805,"position":1},"title":"Cour d&#8217;appel de Aix-en-Provence, le 12 septembre 2025, n\u00b021\/12053","author":"Kohen","date":"01.01.2026","format":false,"excerpt":"Par un arr\u00eat du 12 septembre 2025, la cour d'appel d'Aix-en-Provence s'est prononc\u00e9e sur un litige portant sur la r\u00e9mun\u00e9ration du temps de travail d'un ambulancier, soulevant la question de l'articulation entre les dispositions conventionnelles et les usages d'entreprise en mati\u00e8re de calcul des heures de permanence.Un salari\u00e9 avait \u00e9t\u00e9\u2026","rel":"","context":"\u0412 &quot;Cour d'appel&quot;","block_context":{"text":"Cour d'appel","link":"https:\/\/kohenavocats.com\/category\/cour-dappel\/"},"img":{"alt_text":"","src":"https:\/\/i0.wp.com\/kohenavocats.com\/wp-content\/uploads\/2024\/08\/filtergrade-TZ63XfVx_uE-unsplash.webp?resize=350%2C200&ssl=1","width":350,"height":200,"srcset":"https:\/\/i0.wp.com\/kohenavocats.com\/wp-content\/uploads\/2024\/08\/filtergrade-TZ63XfVx_uE-unsplash.webp?resize=350%2C200&ssl=1 1x, https:\/\/i0.wp.com\/kohenavocats.com\/wp-content\/uploads\/2024\/08\/filtergrade-TZ63XfVx_uE-unsplash.webp?resize=525%2C300&ssl=1 1.5x, https:\/\/i0.wp.com\/kohenavocats.com\/wp-content\/uploads\/2024\/08\/filtergrade-TZ63XfVx_uE-unsplash.webp?resize=700%2C400&ssl=1 2x, https:\/\/i0.wp.com\/kohenavocats.com\/wp-content\/uploads\/2024\/08\/filtergrade-TZ63XfVx_uE-unsplash.webp?resize=1050%2C600&ssl=1 3x, https:\/\/i0.wp.com\/kohenavocats.com\/wp-content\/uploads\/2024\/08\/filtergrade-TZ63XfVx_uE-unsplash.webp?resize=1400%2C800&ssl=1 4x"},"classes":[]},{"id":660760,"url":"https:\/\/kohenavocats.com\/ru\/cour-dappel-de-aix-en-provence-le-8-juillet-2021-n21-14250\/","url_meta":{"origin":663805,"position":2},"title":"Cour d&#8217;appel de Aix-en-Provence, le 8 juillet 2021, n\u00b021\/14250","author":"Kohen","date":"23.04.2026","format":false,"excerpt":"La cour d\u2019appel d\u2019Aix-en-Provence, dans un arr\u00eat du 8 juillet 2021, a examin\u00e9 une pluralit\u00e9 de griefs soulev\u00e9s par un salari\u00e9 contre son employeur. Le litige...","rel":"","context":"\u0412 &quot;Jurisprudence&quot;","block_context":{"text":"Jurisprudence","link":"https:\/\/kohenavocats.com\/category\/jurisprudence\/"},"img":{"alt_text":"","src":"https:\/\/i0.wp.com\/kohenavocats.com\/wp-content\/uploads\/2024\/11\/mohamed-nohassi-vGTXy8FS7b0-unsplash.webp?resize=350%2C200&ssl=1","width":350,"height":200,"srcset":"https:\/\/i0.wp.com\/kohenavocats.com\/wp-content\/uploads\/2024\/11\/mohamed-nohassi-vGTXy8FS7b0-unsplash.webp?resize=350%2C200&ssl=1 1x, https:\/\/i0.wp.com\/kohenavocats.com\/wp-content\/uploads\/2024\/11\/mohamed-nohassi-vGTXy8FS7b0-unsplash.webp?resize=525%2C300&ssl=1 1.5x, https:\/\/i0.wp.com\/kohenavocats.com\/wp-content\/uploads\/2024\/11\/mohamed-nohassi-vGTXy8FS7b0-unsplash.webp?resize=700%2C400&ssl=1 2x, https:\/\/i0.wp.com\/kohenavocats.com\/wp-content\/uploads\/2024\/11\/mohamed-nohassi-vGTXy8FS7b0-unsplash.webp?resize=1050%2C600&ssl=1 3x, https:\/\/i0.wp.com\/kohenavocats.com\/wp-content\/uploads\/2024\/11\/mohamed-nohassi-vGTXy8FS7b0-unsplash.webp?resize=1400%2C800&ssl=1 4x"},"classes":[]},{"id":434019,"url":"https:\/\/kohenavocats.com\/ru\/cour-dappel-de-aix-en-provence-le-26-fevrier-2026-n21-09576\/","url_meta":{"origin":663805,"position":3},"title":"Cour d&#8217;appel de Aix-en-Provence, le 26 f\u00e9vrier 2026, n\u00b021\/09576","author":"Kohen","date":"24.03.2026","format":false,"excerpt":"La Cour d\u2019appel d\u2019Aix-en-Provence, dans un arr\u00eat du 26 f\u00e9vrier 2026, a \u00e9t\u00e9 saisie d\u2019un litige portant sur le paiement de salaires impay\u00e9s. Un salari\u00e9 avait \u00e9t\u00e9 engag\u00e9 par une soci\u00e9t\u00e9 sous deux contrats \u00e0 dur\u00e9e d\u00e9termin\u00e9e successifs en 2018 et 2019. Aucune r\u00e9mun\u00e9ration ne lui fut vers\u00e9e. Apr\u00e8s la\u2026","rel":"","context":"\u0412 &quot;Cour d'appel&quot;","block_context":{"text":"Cour d'appel","link":"https:\/\/kohenavocats.com\/category\/cour-dappel\/"},"img":{"alt_text":"","src":"https:\/\/i0.wp.com\/kohenavocats.com\/wp-content\/uploads\/2024\/11\/lala-azizli-FwzWgaUqjlc-unsplash.webp?resize=350%2C200&ssl=1","width":350,"height":200,"srcset":"https:\/\/i0.wp.com\/kohenavocats.com\/wp-content\/uploads\/2024\/11\/lala-azizli-FwzWgaUqjlc-unsplash.webp?resize=350%2C200&ssl=1 1x, https:\/\/i0.wp.com\/kohenavocats.com\/wp-content\/uploads\/2024\/11\/lala-azizli-FwzWgaUqjlc-unsplash.webp?resize=525%2C300&ssl=1 1.5x, https:\/\/i0.wp.com\/kohenavocats.com\/wp-content\/uploads\/2024\/11\/lala-azizli-FwzWgaUqjlc-unsplash.webp?resize=700%2C400&ssl=1 2x, https:\/\/i0.wp.com\/kohenavocats.com\/wp-content\/uploads\/2024\/11\/lala-azizli-FwzWgaUqjlc-unsplash.webp?resize=1050%2C600&ssl=1 3x, https:\/\/i0.wp.com\/kohenavocats.com\/wp-content\/uploads\/2024\/11\/lala-azizli-FwzWgaUqjlc-unsplash.webp?resize=1400%2C800&ssl=1 4x"},"classes":[]},{"id":238390,"url":"https:\/\/kohenavocats.com\/ru\/cour-dappel-de-aix-en-provence-le-25-aout-2025-n21-15532\/","url_meta":{"origin":663805,"position":4},"title":"Cour d&#8217;appel de Aix-en-Provence, le 25 ao\u00fbt 2025, n\u00b021\/15532","author":"Kohen","date":"31.12.2025","format":false,"excerpt":"La jurisprudence relative \u00e0 la preuve de l'ex\u00e9cution d\u00e9loyale du contrat de travail t\u00e9moigne d'une exigence probatoire dont les contours demeurent parfois incertains. L'arr\u00eat rendu par la cour d'appel d'Aix-en-Provence le 25 ao\u00fbt 2025 illustre la rigueur avec laquelle les juridictions appr\u00e9cient les \u00e9l\u00e9ments soumis par le salari\u00e9 invoquant un\u2026","rel":"","context":"\u0412 &quot;Cour d'appel&quot;","block_context":{"text":"Cour d'appel","link":"https:\/\/kohenavocats.com\/category\/cour-dappel\/"},"img":{"alt_text":"","src":"https:\/\/i0.wp.com\/kohenavocats.com\/wp-content\/uploads\/2024\/11\/and-machines-W9sXFAZVTMY-unsplash.webp?resize=350%2C200&ssl=1","width":350,"height":200,"srcset":"https:\/\/i0.wp.com\/kohenavocats.com\/wp-content\/uploads\/2024\/11\/and-machines-W9sXFAZVTMY-unsplash.webp?resize=350%2C200&ssl=1 1x, https:\/\/i0.wp.com\/kohenavocats.com\/wp-content\/uploads\/2024\/11\/and-machines-W9sXFAZVTMY-unsplash.webp?resize=525%2C300&ssl=1 1.5x, https:\/\/i0.wp.com\/kohenavocats.com\/wp-content\/uploads\/2024\/11\/and-machines-W9sXFAZVTMY-unsplash.webp?resize=700%2C400&ssl=1 2x, https:\/\/i0.wp.com\/kohenavocats.com\/wp-content\/uploads\/2024\/11\/and-machines-W9sXFAZVTMY-unsplash.webp?resize=1050%2C600&ssl=1 3x, https:\/\/i0.wp.com\/kohenavocats.com\/wp-content\/uploads\/2024\/11\/and-machines-W9sXFAZVTMY-unsplash.webp?resize=1400%2C800&ssl=1 4x"},"classes":[]},{"id":466579,"url":"https:\/\/kohenavocats.com\/ru\/cour-dappel-de-aix-en-provence-2025-10-02-n23-15891\/","url_meta":{"origin":663805,"position":5},"title":"Cour d&#8217;appel de Aix-en-Provence &#8212; 2025-10-02 &#8212; n\u00b023\/15891","author":"Kohen","date":"07.04.2026","format":false,"excerpt":"La cour d'appel d'Aix-en-Provence, le 19 f\u00e9vrier 2025, statue sur un recours form\u00e9 par un assureur. L'instance concerne le recours d'un organisme public contre cet assureur pour le remboursement de di...","rel":"","context":"\u0412 &quot;Jurisprudence&quot;","block_context":{"text":"Jurisprudence","link":"https:\/\/kohenavocats.com\/category\/jurisprudence\/"},"img":{"alt_text":"","src":"https:\/\/i0.wp.com\/kohenavocats.com\/wp-content\/uploads\/2024\/08\/maximilian-zahn-SKf_POUVJnQ-unsplash.webp?resize=350%2C200&ssl=1","width":350,"height":200,"srcset":"https:\/\/i0.wp.com\/kohenavocats.com\/wp-content\/uploads\/2024\/08\/maximilian-zahn-SKf_POUVJnQ-unsplash.webp?resize=350%2C200&ssl=1 1x, https:\/\/i0.wp.com\/kohenavocats.com\/wp-content\/uploads\/2024\/08\/maximilian-zahn-SKf_POUVJnQ-unsplash.webp?resize=525%2C300&ssl=1 1.5x, https:\/\/i0.wp.com\/kohenavocats.com\/wp-content\/uploads\/2024\/08\/maximilian-zahn-SKf_POUVJnQ-unsplash.webp?resize=700%2C400&ssl=1 2x, https:\/\/i0.wp.com\/kohenavocats.com\/wp-content\/uploads\/2024\/08\/maximilian-zahn-SKf_POUVJnQ-unsplash.webp?resize=1050%2C600&ssl=1 3x, https:\/\/i0.wp.com\/kohenavocats.com\/wp-content\/uploads\/2024\/08\/maximilian-zahn-SKf_POUVJnQ-unsplash.webp?resize=1400%2C800&ssl=1 4x"},"classes":[]}],"jetpack_sharing_enabled":true,"_links":{"self":[{"href":"https:\/\/kohenavocats.com\/ru\/wp-json\/wp\/v2\/posts\/663805","targetHints":{"allow":["GET"]}}],"collection":[{"href":"https:\/\/kohenavocats.com\/ru\/wp-json\/wp\/v2\/posts"}],"about":[{"href":"https:\/\/kohenavocats.com\/ru\/wp-json\/wp\/v2\/types\/post"}],"author":[{"embeddable":true,"href":"https:\/\/kohenavocats.com\/ru\/wp-json\/wp\/v2\/users\/232070755"}],"replies":[{"embeddable":true,"href":"https:\/\/kohenavocats.com\/ru\/wp-json\/wp\/v2\/comments?post=663805"}],"version-history":[{"count":0,"href":"https:\/\/kohenavocats.com\/ru\/wp-json\/wp\/v2\/posts\/663805\/revisions"}],"wp:featuredmedia":[{"embeddable":true,"href":"https:\/\/kohenavocats.com\/ru\/wp-json\/wp\/v2\/media\/9569"}],"wp:attachment":[{"href":"https:\/\/kohenavocats.com\/ru\/wp-json\/wp\/v2\/media?parent=663805"}],"wp:term":[{"taxonomy":"category","embeddable":true,"href":"https:\/\/kohenavocats.com\/ru\/wp-json\/wp\/v2\/categories?post=663805"},{"taxonomy":"post_tag","embeddable":true,"href":"https:\/\/kohenavocats.com\/ru\/wp-json\/wp\/v2\/tags?post=663805"}],"curies":[{"name":"wp","href":"https:\/\/api.w.org\/{rel}","templated":true}]}}