{"id":663816,"date":"2026-04-23T21:45:08","date_gmt":"2026-04-23T19:45:08","guid":{"rendered":"https:\/\/kohenavocats.com\/cour-dappel-de-paris-le-8-janvier-2026-n24-11076\/"},"modified":"2026-04-23T21:45:08","modified_gmt":"2026-04-23T19:45:08","slug":"cour-dappel-de-paris-le-8-janvier-2026-n24-11076","status":"publish","type":"post","link":"https:\/\/kohenavocats.com\/ru\/cour-dappel-de-paris-le-8-janvier-2026-n24-11076\/","title":{"rendered":"Cour d&#8217;appel de Paris, le 8 janvier 2026, n\u00b024\/11076"},"content":{"rendered":"<div class=\"article-content\">\n<p>La cour d&#8217;appel de Paris, statuant le 8 janvier 2026, a confirm\u00e9 une ordonnance de r\u00e9f\u00e9r\u00e9. L&#8217;affaire opposait l&#8217;usufruitier d&#8217;un immeuble \u00e0 une boulangerie voisine, auteur de nuisances sonores. La juridiction a rejet\u00e9 les exceptions de proc\u00e9dure soulev\u00e9es par l&#8217;exploitant et a retenu l&#8217;existence d&#8217;un trouble manifestement illicite justifiant les mesures ordonn\u00e9es.<\/p>\n<p>La r\u00e9gularit\u00e9 proc\u00e9durale de la saisine du juge des r\u00e9f\u00e9r\u00e9s<\/p>\n<p>L&#8217;absence de tentative pr\u00e9alable de r\u00e9solution amiable ne fait pas obstacle \u00e0 la saisine du juge des r\u00e9f\u00e9r\u00e9s en cas de trouble manifestement illicite. La cour rappelle le principe pos\u00e9 par l&#8217;article 750-1 du code de proc\u00e9dure civile. Elle souligne cependant que les notions de trouble manifestement illicite et de dommage imminent sont attach\u00e9es \u00e0 l&#8217;id\u00e9e de l&#8217;urgence manifeste. &#171;L&#8217;absence de recours \u00e0 l&#8217;un des modes de r\u00e9solution amiable mentionn\u00e9s \u00e0 l&#8217;article 750-1 du code de proc\u00e9dure civile susvis\u00e9 par [le demandeur] ne fait pas obstacle \u00e0 la saisine du juge des r\u00e9f\u00e9r\u00e9s.&#187; (Motifs) Cette solution pr\u00e9serve l&#8217;efficacit\u00e9 de la proc\u00e9dure de r\u00e9f\u00e9r\u00e9 face \u00e0 des troubles n\u00e9cessitant une intervention rapide.<\/p>\n<p>L&#8217;usufruitier dispose d&#8217;un int\u00e9r\u00eat \u00e0 agir personnel pour faire cesser les troubles affectant son droit. La cour \u00e9carte la fin de non-recevoir tir\u00e9e d&#8217;un pr\u00e9tendu d\u00e9faut de droit d&#8217;agir. Elle fonde sa d\u00e9cision sur la nature du droit d&#8217;usufruit, d\u00e9fini par l&#8217;article 578 du code civil. L&#8217;usufruitier entend &#171;poursuivre, \u00e0 la fois, la pr\u00e9servation de son droit d&#8217;user et de jouir de la chose dont il est usufruitier et la conservation de la substance du bien.&#187; (Motifs) Cette analyse consacre une action directe de l&#8217;usufruitier contre les tiers, ind\u00e9pendante de celle du nu-propri\u00e9taire.<\/p>\n<p>La caract\u00e9risation d&#8217;un trouble manifestement illicite de voisinage<\/p>\n<p>La preuve des nuisances sonores est \u00e9tablie par des constats et expertises concordants. Les mesures acoustiques r\u00e9v\u00e8lent des d\u00e9passements des seuils r\u00e9glementaires. Le commissaire de justice a relev\u00e9 que &#171;le fonctionnement des blocs de climatisation [&#8230;] et la manipulation de la porte de ladite chambre font appara\u00eetre [&#8230;] des niveaux sonores qui d\u00e9passent le seuil de tol\u00e9rance et les valeurs limites fix\u00e9es par la r\u00e9glementation.&#187; (Motifs) L&#8217;expert commis par la d\u00e9fenderesse lui-m\u00eame pr\u00e9conise des correctifs, n&#8217;excluant pas l&#8217;existence de bruits anormaux. L&#8217;appr\u00e9ciation souveraine des juges du fond se fonde ainsi sur une preuve technique solide.<\/p>\n<p>Le trouble constat\u00e9 pr\u00e9sente le caract\u00e8re manifestement illicite requis pour l&#8217;article 835 du code de proc\u00e9dure civile. La violation des r\u00e8gles relatives aux bruits de voisinage est \u00e9vidente. La cour rappelle que &#171;nul ne doit causer \u00e0 autrui un trouble anormal de voisinage&#187;, un tel trouble \u00e9tant &#171;susceptible de constituer un trouble manifestement illicite&#187;. (Motifs) Elle rejette le moyen tir\u00e9 de l&#8217;ant\u00e9riorit\u00e9, la d\u00e9fenderesse ayant modifi\u00e9 ses installations. Cette d\u00e9cision affirme la primaut\u00e9 de la norme de tranquillit\u00e9 sur un pr\u00e9tendu droit acquis \u00e0 nuire.<\/p>\n<p>Cette d\u00e9cision renforce l&#8217;effectivit\u00e9 du recours en r\u00e9f\u00e9r\u00e9 pour les troubles anormaux de voisinage. Elle assouplit l&#8217;exigence de tentative amiable pr\u00e9alable lorsque l&#8217;illic\u00e9it\u00e9 est patente. Elle reconna\u00eet \u00e9galement un droit d&#8217;action autonome \u00e0 l&#8217;usufruitier, prot\u00e9geant ainsi pleinement sa jouissance. Enfin, elle d\u00e9montre que la preuve technique des nuisances, lorsqu&#8217;elle est concordante, permet de caract\u00e9riser avec \u00e9vidence le trouble illicite. La port\u00e9e de l&#8217;arr\u00eat est donc pratique, offrant une voie juridique efficace contre les nuisances sonores commerciales.<\/p>\n<\/div>\n","protected":false},"excerpt":{"rendered":"<p>La cour d&#8217;appel de Paris, statuant le 8 janvier 2026, a confirm\u00e9 une ordonnance de r\u00e9f\u00e9r\u00e9. L&#8217;affaire opposait l&#8217;usufruitier d&#8217;un immeuble \u00e0 une boulangerie v&#8230;<\/p>\n","protected":false},"author":232070755,"featured_media":4893,"comment_status":"open","ping_status":"open","sticky":false,"template":"","format":"standard","meta":{"_crdt_document":"","_jetpack_newsletter_access":"","_jetpack_dont_email_post_to_subs":false,"_jetpack_newsletter_tier_id":0,"_jetpack_memberships_contains_paywalled_content":false,"_jetpack_memberships_contains_paid_content":false,"footnotes":"","jetpack_post_was_ever_published":false},"categories":[7597],"tags":[],"class_list":["post-663816","post","type-post","status-publish","format-standard","has-post-thumbnail","hentry","category-jurisprudence"],"yoast_head":"<!-- This site is optimized with the Yoast SEO Premium plugin v27.4 (Yoast SEO v27.4) - https:\/\/yoast.com\/product\/yoast-seo-premium-wordpress\/ -->\n<title>Cour d&#039;appel de Paris, le 8 janvier 2026, n\u00b024\/11076 - Ma\u00eetre Hassan Kohen, avocat en droit p\u00e9nal \u00e0 Paris<\/title>\n<meta name=\"description\" content=\"La cour d&#039;appel de Paris, statuant le 8 janvier 2026, a confirm\u00e9 une ordonnance de r\u00e9f\u00e9r\u00e9. L&#039;affaire opposait l&#039;usufruitier d&#039;un immeuble \u00e0 une boulangerie v...\" \/>\n<meta name=\"robots\" content=\"index, follow, max-snippet:-1, max-image-preview:large, max-video-preview:-1\" \/>\n<link rel=\"canonical\" href=\"https:\/\/kohenavocats.com\/ru\/cour-dappel-de-paris-le-8-janvier-2026-n24-11076\/\" \/>\n<meta property=\"og:locale\" content=\"ru_RU\" \/>\n<meta property=\"og:type\" content=\"article\" \/>\n<meta property=\"og:title\" content=\"Cour d&#039;appel de Paris, le 8 janvier 2026, n\u00b024\/11076\" \/>\n<meta property=\"og:description\" content=\"La cour d&#039;appel de Paris, statuant le 8 janvier 2026, a confirm\u00e9 une ordonnance de r\u00e9f\u00e9r\u00e9. L&#039;affaire opposait l&#039;usufruitier d&#039;un immeuble \u00e0 une boulangerie v...\" \/>\n<meta property=\"og:url\" content=\"https:\/\/kohenavocats.com\/ru\/cour-dappel-de-paris-le-8-janvier-2026-n24-11076\/\" \/>\n<meta property=\"og:site_name\" content=\"Ma\u00eetre Hassan Kohen, avocat en droit p\u00e9nal \u00e0 Paris\" \/>\n<meta property=\"article:published_time\" content=\"2026-04-23T19:45:08+00:00\" \/>\n<meta property=\"og:image\" content=\"https:\/\/kohenavocats.com\/wp-content\/uploads\/2024\/08\/mohammed-haashir-2EfVKRpiHn0-unsplash.webp\" \/>\n\t<meta property=\"og:image:width\" content=\"4608\" \/>\n\t<meta property=\"og:image:height\" content=\"3456\" \/>\n\t<meta property=\"og:image:type\" content=\"image\/webp\" \/>\n<meta name=\"author\" content=\"Kohen\" \/>\n<meta name=\"twitter:card\" content=\"summary_large_image\" \/>\n<meta name=\"twitter:label1\" content=\"\u041d\u0430\u043f\u0438\u0441\u0430\u043d\u043e \u0430\u0432\u0442\u043e\u0440\u043e\u043c\" \/>\n\t<meta name=\"twitter:data1\" content=\"Kohen\" \/>\n\t<meta name=\"twitter:label2\" content=\"\u041f\u0440\u0438\u043c\u0435\u0440\u043d\u043e\u0435 \u0432\u0440\u0435\u043c\u044f \u0434\u043b\u044f \u0447\u0442\u0435\u043d\u0438\u044f\" \/>\n\t<meta name=\"twitter:data2\" content=\"3 \u043c\u0438\u043d\u0443\u0442\u044b\" \/>\n<script type=\"application\/ld+json\" class=\"yoast-schema-graph\">{\"@context\":\"https:\\\/\\\/schema.org\",\"@graph\":[{\"@type\":\"Article\",\"@id\":\"https:\\\/\\\/kohenavocats.com\\\/ru\\\/cour-dappel-de-paris-le-8-janvier-2026-n24-11076\\\/#article\",\"isPartOf\":{\"@id\":\"https:\\\/\\\/kohenavocats.com\\\/ru\\\/cour-dappel-de-paris-le-8-janvier-2026-n24-11076\\\/\"},\"author\":{\"name\":\"Kohen\",\"@id\":\"https:\\\/\\\/kohenavocats.com\\\/ru\\\/#\\\/schema\\\/person\\\/761c9ba54fa1ca84d405cef0831ff751\"},\"headline\":\"Cour d&#8217;appel de Paris, le 8 janvier 2026, n\u00b024\\\/11076\",\"datePublished\":\"2026-04-23T19:45:08+00:00\",\"mainEntityOfPage\":{\"@id\":\"https:\\\/\\\/kohenavocats.com\\\/ru\\\/cour-dappel-de-paris-le-8-janvier-2026-n24-11076\\\/\"},\"wordCount\":630,\"commentCount\":0,\"publisher\":{\"@id\":\"https:\\\/\\\/kohenavocats.com\\\/ru\\\/#organization\"},\"image\":{\"@id\":\"https:\\\/\\\/kohenavocats.com\\\/ru\\\/cour-dappel-de-paris-le-8-janvier-2026-n24-11076\\\/#primaryimage\"},\"thumbnailUrl\":\"https:\\\/\\\/kohenavocats.com\\\/wp-content\\\/uploads\\\/2024\\\/08\\\/mohammed-haashir-2EfVKRpiHn0-unsplash.webp\",\"articleSection\":[\"Jurisprudence\"],\"inLanguage\":\"ru-RU\",\"potentialAction\":[{\"@type\":\"CommentAction\",\"name\":\"Comment\",\"target\":[\"https:\\\/\\\/kohenavocats.com\\\/ru\\\/cour-dappel-de-paris-le-8-janvier-2026-n24-11076\\\/#respond\"]}],\"citation\":\"Cour d&#8217;appel de Paris, le 8 janvier 2026, n\u00b024\\\/11076\",\"about\":[{\"@type\":\"Thing\",\"name\":\"Jurisprudence\"}],\"dateModified\":\"2026-04-23T19:45:08+00:00\",\"speakable\":{\"@type\":\"SpeakableSpecification\",\"cssSelector\":[\".article-content > p:first-of-type\"]}},{\"@type\":\"WebPage\",\"@id\":\"https:\\\/\\\/kohenavocats.com\\\/ru\\\/cour-dappel-de-paris-le-8-janvier-2026-n24-11076\\\/\",\"url\":\"https:\\\/\\\/kohenavocats.com\\\/ru\\\/cour-dappel-de-paris-le-8-janvier-2026-n24-11076\\\/\",\"name\":\"Cour d'appel de Paris, le 8 janvier 2026, n\u00b024\\\/11076 - Ma\u00eetre Hassan Kohen, avocat en droit p\u00e9nal \u00e0 Paris\",\"isPartOf\":{\"@id\":\"https:\\\/\\\/kohenavocats.com\\\/ru\\\/#website\"},\"primaryImageOfPage\":{\"@id\":\"https:\\\/\\\/kohenavocats.com\\\/ru\\\/cour-dappel-de-paris-le-8-janvier-2026-n24-11076\\\/#primaryimage\"},\"image\":{\"@id\":\"https:\\\/\\\/kohenavocats.com\\\/ru\\\/cour-dappel-de-paris-le-8-janvier-2026-n24-11076\\\/#primaryimage\"},\"thumbnailUrl\":\"https:\\\/\\\/kohenavocats.com\\\/wp-content\\\/uploads\\\/2024\\\/08\\\/mohammed-haashir-2EfVKRpiHn0-unsplash.webp\",\"datePublished\":\"2026-04-23T19:45:08+00:00\",\"description\":\"La cour d'appel de Paris, statuant le 8 janvier 2026, a confirm\u00e9 une ordonnance de r\u00e9f\u00e9r\u00e9. L'affaire opposait l'usufruitier d'un immeuble \u00e0 une boulangerie v...\",\"breadcrumb\":{\"@id\":\"https:\\\/\\\/kohenavocats.com\\\/ru\\\/cour-dappel-de-paris-le-8-janvier-2026-n24-11076\\\/#breadcrumb\"},\"inLanguage\":\"ru-RU\",\"potentialAction\":[{\"@type\":\"ReadAction\",\"target\":[\"https:\\\/\\\/kohenavocats.com\\\/ru\\\/cour-dappel-de-paris-le-8-janvier-2026-n24-11076\\\/\"]}]},{\"@type\":\"ImageObject\",\"inLanguage\":\"ru-RU\",\"@id\":\"https:\\\/\\\/kohenavocats.com\\\/ru\\\/cour-dappel-de-paris-le-8-janvier-2026-n24-11076\\\/#primaryimage\",\"url\":\"https:\\\/\\\/kohenavocats.com\\\/wp-content\\\/uploads\\\/2024\\\/08\\\/mohammed-haashir-2EfVKRpiHn0-unsplash.webp\",\"contentUrl\":\"https:\\\/\\\/kohenavocats.com\\\/wp-content\\\/uploads\\\/2024\\\/08\\\/mohammed-haashir-2EfVKRpiHn0-unsplash.webp\",\"width\":4608,\"height\":3456},{\"@type\":\"BreadcrumbList\",\"@id\":\"https:\\\/\\\/kohenavocats.com\\\/ru\\\/cour-dappel-de-paris-le-8-janvier-2026-n24-11076\\\/#breadcrumb\",\"itemListElement\":[{\"@type\":\"ListItem\",\"position\":1,\"name\":\"Home\",\"item\":\"https:\\\/\\\/kohenavocats.com\\\/ru\\\/avocats-en-droit-penal-a-paris-conseil-et-defense-strategique\\\/\"},{\"@type\":\"ListItem\",\"position\":2,\"name\":\"Cour d&rsquo;appel de Paris, le 8 janvier 2026, n\u00b024\\\/11076\"}]},{\"@type\":\"WebSite\",\"@id\":\"https:\\\/\\\/kohenavocats.com\\\/ru\\\/#website\",\"url\":\"https:\\\/\\\/kohenavocats.com\\\/ru\\\/\",\"name\":\"Kohen Avocats\",\"description\":\"Ma\u00eetre Hassan Kohen, avocat p\u00e9naliste \u00e0 Paris, intervient exclusivement en droit p\u00e9nal pour la d\u00e9fense des particuliers, notamment en mati\u00e8re d\u2019accusations de viol. Il assure un accompagnement rigoureux d\u00e8s la garde \u00e0 vue jusqu\u2019\u00e0 la Cour d\u2019assises, veillant au strict respect des garanties proc\u00e9durales.\",\"publisher\":{\"@id\":\"https:\\\/\\\/kohenavocats.com\\\/ru\\\/#organization\"},\"potentialAction\":[{\"@type\":\"SearchAction\",\"target\":{\"@type\":\"EntryPoint\",\"urlTemplate\":\"https:\\\/\\\/kohenavocats.com\\\/ru\\\/?s={search_term_string}\"},\"query-input\":{\"@type\":\"PropertyValueSpecification\",\"valueRequired\":true,\"valueName\":\"search_term_string\"}}],\"inLanguage\":\"ru-RU\"},{\"@type\":\"Organization\",\"@id\":\"https:\\\/\\\/kohenavocats.com\\\/ru\\\/#organization\",\"name\":\"Kohen Avocats\",\"url\":\"https:\\\/\\\/kohenavocats.com\\\/ru\\\/\",\"logo\":{\"@type\":\"ImageObject\",\"inLanguage\":\"ru-RU\",\"@id\":\"https:\\\/\\\/kohenavocats.com\\\/ru\\\/#\\\/schema\\\/logo\\\/image\\\/\",\"url\":\"https:\\\/\\\/kohenavocats.com\\\/wp-content\\\/uploads\\\/2026\\\/01\\\/Logo-2-1.webp\",\"contentUrl\":\"https:\\\/\\\/kohenavocats.com\\\/wp-content\\\/uploads\\\/2026\\\/01\\\/Logo-2-1.webp\",\"width\":2114,\"height\":1253,\"caption\":\"Kohen Avocats\"},\"image\":{\"@id\":\"https:\\\/\\\/kohenavocats.com\\\/ru\\\/#\\\/schema\\\/logo\\\/image\\\/\"}},{\"@type\":\"Person\",\"@id\":\"https:\\\/\\\/kohenavocats.com\\\/ru\\\/#\\\/schema\\\/person\\\/761c9ba54fa1ca84d405cef0831ff751\",\"name\":\"Kohen\",\"image\":{\"@type\":\"ImageObject\",\"inLanguage\":\"ru-RU\",\"@id\":\"https:\\\/\\\/secure.gravatar.com\\\/avatar\\\/1c5e76ef76bbbfdd2b4da984e2bf2fa4056fd51a27d25ce2c332047f1dfd6e00?s=96&d=identicon&r=g\",\"url\":\"https:\\\/\\\/secure.gravatar.com\\\/avatar\\\/1c5e76ef76bbbfdd2b4da984e2bf2fa4056fd51a27d25ce2c332047f1dfd6e00?s=96&d=identicon&r=g\",\"contentUrl\":\"https:\\\/\\\/secure.gravatar.com\\\/avatar\\\/1c5e76ef76bbbfdd2b4da984e2bf2fa4056fd51a27d25ce2c332047f1dfd6e00?s=96&d=identicon&r=g\",\"caption\":\"Kohen\"},\"sameAs\":[\"https:\\\/\\\/www.linkedin.com\\\/in\\\/hassan-kohen-448548192\\\/\",\"https:\\\/\\\/www.youtube.com\\\/@Kohen-Avocats\"],\"url\":\"https:\\\/\\\/kohenavocats.com\\\/ru\\\/author\\\/kohenmlk\\\/\"}]}<\/script>\n<!-- \/ Yoast SEO Premium plugin. -->","yoast_head_json":{"title":"Cour d'appel de Paris, le 8 janvier 2026, n\u00b024\/11076 - Ma\u00eetre Hassan Kohen, avocat en droit p\u00e9nal \u00e0 Paris","description":"La cour d'appel de Paris, statuant le 8 janvier 2026, a confirm\u00e9 une ordonnance de r\u00e9f\u00e9r\u00e9. L'affaire opposait l'usufruitier d'un immeuble \u00e0 une boulangerie v...","robots":{"index":"index","follow":"follow","max-snippet":"max-snippet:-1","max-image-preview":"max-image-preview:large","max-video-preview":"max-video-preview:-1"},"canonical":"https:\/\/kohenavocats.com\/ru\/cour-dappel-de-paris-le-8-janvier-2026-n24-11076\/","og_locale":"ru_RU","og_type":"article","og_title":"Cour d'appel de Paris, le 8 janvier 2026, n\u00b024\/11076","og_description":"La cour d'appel de Paris, statuant le 8 janvier 2026, a confirm\u00e9 une ordonnance de r\u00e9f\u00e9r\u00e9. L'affaire opposait l'usufruitier d'un immeuble \u00e0 une boulangerie v...","og_url":"https:\/\/kohenavocats.com\/ru\/cour-dappel-de-paris-le-8-janvier-2026-n24-11076\/","og_site_name":"Ma\u00eetre Hassan Kohen, avocat en droit p\u00e9nal \u00e0 Paris","article_published_time":"2026-04-23T19:45:08+00:00","og_image":[{"width":4608,"height":3456,"url":"https:\/\/kohenavocats.com\/wp-content\/uploads\/2024\/08\/mohammed-haashir-2EfVKRpiHn0-unsplash.webp","type":"image\/webp"}],"author":"Kohen","twitter_card":"summary_large_image","twitter_misc":{"\u041d\u0430\u043f\u0438\u0441\u0430\u043d\u043e \u0430\u0432\u0442\u043e\u0440\u043e\u043c":"Kohen","\u041f\u0440\u0438\u043c\u0435\u0440\u043d\u043e\u0435 \u0432\u0440\u0435\u043c\u044f \u0434\u043b\u044f \u0447\u0442\u0435\u043d\u0438\u044f":"3 \u043c\u0438\u043d\u0443\u0442\u044b"},"schema":{"@context":"https:\/\/schema.org","@graph":[{"@type":"Article","@id":"https:\/\/kohenavocats.com\/ru\/cour-dappel-de-paris-le-8-janvier-2026-n24-11076\/#article","isPartOf":{"@id":"https:\/\/kohenavocats.com\/ru\/cour-dappel-de-paris-le-8-janvier-2026-n24-11076\/"},"author":{"name":"Kohen","@id":"https:\/\/kohenavocats.com\/ru\/#\/schema\/person\/761c9ba54fa1ca84d405cef0831ff751"},"headline":"Cour d&#8217;appel de Paris, le 8 janvier 2026, n\u00b024\/11076","datePublished":"2026-04-23T19:45:08+00:00","mainEntityOfPage":{"@id":"https:\/\/kohenavocats.com\/ru\/cour-dappel-de-paris-le-8-janvier-2026-n24-11076\/"},"wordCount":630,"commentCount":0,"publisher":{"@id":"https:\/\/kohenavocats.com\/ru\/#organization"},"image":{"@id":"https:\/\/kohenavocats.com\/ru\/cour-dappel-de-paris-le-8-janvier-2026-n24-11076\/#primaryimage"},"thumbnailUrl":"https:\/\/kohenavocats.com\/wp-content\/uploads\/2024\/08\/mohammed-haashir-2EfVKRpiHn0-unsplash.webp","articleSection":["Jurisprudence"],"inLanguage":"ru-RU","potentialAction":[{"@type":"CommentAction","name":"Comment","target":["https:\/\/kohenavocats.com\/ru\/cour-dappel-de-paris-le-8-janvier-2026-n24-11076\/#respond"]}],"citation":"Cour d&#8217;appel de Paris, le 8 janvier 2026, n\u00b024\/11076","about":[{"@type":"Thing","name":"Jurisprudence"}],"dateModified":"2026-04-23T19:45:08+00:00","speakable":{"@type":"SpeakableSpecification","cssSelector":[".article-content > p:first-of-type"]}},{"@type":"WebPage","@id":"https:\/\/kohenavocats.com\/ru\/cour-dappel-de-paris-le-8-janvier-2026-n24-11076\/","url":"https:\/\/kohenavocats.com\/ru\/cour-dappel-de-paris-le-8-janvier-2026-n24-11076\/","name":"Cour d'appel de Paris, le 8 janvier 2026, n\u00b024\/11076 - Ma\u00eetre Hassan Kohen, avocat en droit p\u00e9nal \u00e0 Paris","isPartOf":{"@id":"https:\/\/kohenavocats.com\/ru\/#website"},"primaryImageOfPage":{"@id":"https:\/\/kohenavocats.com\/ru\/cour-dappel-de-paris-le-8-janvier-2026-n24-11076\/#primaryimage"},"image":{"@id":"https:\/\/kohenavocats.com\/ru\/cour-dappel-de-paris-le-8-janvier-2026-n24-11076\/#primaryimage"},"thumbnailUrl":"https:\/\/kohenavocats.com\/wp-content\/uploads\/2024\/08\/mohammed-haashir-2EfVKRpiHn0-unsplash.webp","datePublished":"2026-04-23T19:45:08+00:00","description":"La cour d'appel de Paris, statuant le 8 janvier 2026, a confirm\u00e9 une ordonnance de r\u00e9f\u00e9r\u00e9. L'affaire opposait l'usufruitier d'un immeuble \u00e0 une boulangerie v...","breadcrumb":{"@id":"https:\/\/kohenavocats.com\/ru\/cour-dappel-de-paris-le-8-janvier-2026-n24-11076\/#breadcrumb"},"inLanguage":"ru-RU","potentialAction":[{"@type":"ReadAction","target":["https:\/\/kohenavocats.com\/ru\/cour-dappel-de-paris-le-8-janvier-2026-n24-11076\/"]}]},{"@type":"ImageObject","inLanguage":"ru-RU","@id":"https:\/\/kohenavocats.com\/ru\/cour-dappel-de-paris-le-8-janvier-2026-n24-11076\/#primaryimage","url":"https:\/\/kohenavocats.com\/wp-content\/uploads\/2024\/08\/mohammed-haashir-2EfVKRpiHn0-unsplash.webp","contentUrl":"https:\/\/kohenavocats.com\/wp-content\/uploads\/2024\/08\/mohammed-haashir-2EfVKRpiHn0-unsplash.webp","width":4608,"height":3456},{"@type":"BreadcrumbList","@id":"https:\/\/kohenavocats.com\/ru\/cour-dappel-de-paris-le-8-janvier-2026-n24-11076\/#breadcrumb","itemListElement":[{"@type":"ListItem","position":1,"name":"Home","item":"https:\/\/kohenavocats.com\/ru\/avocats-en-droit-penal-a-paris-conseil-et-defense-strategique\/"},{"@type":"ListItem","position":2,"name":"Cour d&rsquo;appel de Paris, le 8 janvier 2026, n\u00b024\/11076"}]},{"@type":"WebSite","@id":"https:\/\/kohenavocats.com\/ru\/#website","url":"https:\/\/kohenavocats.com\/ru\/","name":"Kohen Avocats","description":"Ma\u00eetre Hassan Kohen, avocat p\u00e9naliste \u00e0 Paris, intervient exclusivement en droit p\u00e9nal pour la d\u00e9fense des particuliers, notamment en mati\u00e8re d\u2019accusations de viol. Il assure un accompagnement rigoureux d\u00e8s la garde \u00e0 vue jusqu\u2019\u00e0 la Cour d\u2019assises, veillant au strict respect des garanties proc\u00e9durales.","publisher":{"@id":"https:\/\/kohenavocats.com\/ru\/#organization"},"potentialAction":[{"@type":"SearchAction","target":{"@type":"EntryPoint","urlTemplate":"https:\/\/kohenavocats.com\/ru\/?s={search_term_string}"},"query-input":{"@type":"PropertyValueSpecification","valueRequired":true,"valueName":"search_term_string"}}],"inLanguage":"ru-RU"},{"@type":"Organization","@id":"https:\/\/kohenavocats.com\/ru\/#organization","name":"Kohen Avocats","url":"https:\/\/kohenavocats.com\/ru\/","logo":{"@type":"ImageObject","inLanguage":"ru-RU","@id":"https:\/\/kohenavocats.com\/ru\/#\/schema\/logo\/image\/","url":"https:\/\/kohenavocats.com\/wp-content\/uploads\/2026\/01\/Logo-2-1.webp","contentUrl":"https:\/\/kohenavocats.com\/wp-content\/uploads\/2026\/01\/Logo-2-1.webp","width":2114,"height":1253,"caption":"Kohen Avocats"},"image":{"@id":"https:\/\/kohenavocats.com\/ru\/#\/schema\/logo\/image\/"}},{"@type":"Person","@id":"https:\/\/kohenavocats.com\/ru\/#\/schema\/person\/761c9ba54fa1ca84d405cef0831ff751","name":"Kohen","image":{"@type":"ImageObject","inLanguage":"ru-RU","@id":"https:\/\/secure.gravatar.com\/avatar\/1c5e76ef76bbbfdd2b4da984e2bf2fa4056fd51a27d25ce2c332047f1dfd6e00?s=96&d=identicon&r=g","url":"https:\/\/secure.gravatar.com\/avatar\/1c5e76ef76bbbfdd2b4da984e2bf2fa4056fd51a27d25ce2c332047f1dfd6e00?s=96&d=identicon&r=g","contentUrl":"https:\/\/secure.gravatar.com\/avatar\/1c5e76ef76bbbfdd2b4da984e2bf2fa4056fd51a27d25ce2c332047f1dfd6e00?s=96&d=identicon&r=g","caption":"Kohen"},"sameAs":["https:\/\/www.linkedin.com\/in\/hassan-kohen-448548192\/","https:\/\/www.youtube.com\/@Kohen-Avocats"],"url":"https:\/\/kohenavocats.com\/ru\/author\/kohenmlk\/"}]}},"jetpack_featured_media_url":"https:\/\/kohenavocats.com\/wp-content\/uploads\/2024\/08\/mohammed-haashir-2EfVKRpiHn0-unsplash.webp","jetpack_likes_enabled":false,"jetpack_shortlink":"https:\/\/wp.me\/peCrII-2MGI","jetpack-related-posts":[{"id":663483,"url":"https:\/\/kohenavocats.com\/ru\/cour-dappel-de-rennes-le-16-janvier-2026-n25-00248\/","url_meta":{"origin":663816,"position":0},"title":"Cour d&#8217;appel de Rennes, le 16 janvier 2026, n\u00b025\/00248","author":"Kohen","date":"23.04.2026","format":false,"excerpt":"La cour d'appel de Rennes, statuant le 16 janvier 2026, examine un litige entre des acqu\u00e9reurs en VEFA et leur syndicat de copropri\u00e9taires. Les premiers, inv...","rel":"","context":"\u0412 &quot;Jurisprudence&quot;","block_context":{"text":"Jurisprudence","link":"https:\/\/kohenavocats.com\/category\/jurisprudence\/"},"img":{"alt_text":"","src":"https:\/\/i0.wp.com\/kohenavocats.com\/wp-content\/uploads\/2024\/08\/pascal-bernardon-X8u7lVCzhT4-unsplash.webp?resize=350%2C200&ssl=1","width":350,"height":200,"srcset":"https:\/\/i0.wp.com\/kohenavocats.com\/wp-content\/uploads\/2024\/08\/pascal-bernardon-X8u7lVCzhT4-unsplash.webp?resize=350%2C200&ssl=1 1x, https:\/\/i0.wp.com\/kohenavocats.com\/wp-content\/uploads\/2024\/08\/pascal-bernardon-X8u7lVCzhT4-unsplash.webp?resize=525%2C300&ssl=1 1.5x, https:\/\/i0.wp.com\/kohenavocats.com\/wp-content\/uploads\/2024\/08\/pascal-bernardon-X8u7lVCzhT4-unsplash.webp?resize=700%2C400&ssl=1 2x, https:\/\/i0.wp.com\/kohenavocats.com\/wp-content\/uploads\/2024\/08\/pascal-bernardon-X8u7lVCzhT4-unsplash.webp?resize=1050%2C600&ssl=1 3x, https:\/\/i0.wp.com\/kohenavocats.com\/wp-content\/uploads\/2024\/08\/pascal-bernardon-X8u7lVCzhT4-unsplash.webp?resize=1400%2C800&ssl=1 4x"},"classes":[]},{"id":474797,"url":"https:\/\/kohenavocats.com\/ru\/tribunal-judiciaire-de-nimes-le-10-decembre-2025-n25-00398\/","url_meta":{"origin":663816,"position":1},"title":"Tribunal judiciaire de N\u00eemes, le 10 d\u00e9cembre 2025, n\u00b025\/00398","author":"Kohen","date":"07.04.2026","format":false,"excerpt":"Le tribunal judiciaire de N\u00eemes, statuant en r\u00e9f\u00e9r\u00e9 le dix d\u00e9cembre deux mille vingt-cinq, a \u00e9t\u00e9 saisi par une organisation syndicale. Cette derni\u00e8re contest...","rel":"","context":"\u0412 &quot;Jurisprudence&quot;","block_context":{"text":"Jurisprudence","link":"https:\/\/kohenavocats.com\/category\/jurisprudence\/"},"img":{"alt_text":"","src":"https:\/\/i0.wp.com\/kohenavocats.com\/wp-content\/uploads\/2024\/08\/clark-van-der-beken-Azns3dVZEBQ-unsplash.webp?resize=350%2C200&ssl=1","width":350,"height":200,"srcset":"https:\/\/i0.wp.com\/kohenavocats.com\/wp-content\/uploads\/2024\/08\/clark-van-der-beken-Azns3dVZEBQ-unsplash.webp?resize=350%2C200&ssl=1 1x, https:\/\/i0.wp.com\/kohenavocats.com\/wp-content\/uploads\/2024\/08\/clark-van-der-beken-Azns3dVZEBQ-unsplash.webp?resize=525%2C300&ssl=1 1.5x, https:\/\/i0.wp.com\/kohenavocats.com\/wp-content\/uploads\/2024\/08\/clark-van-der-beken-Azns3dVZEBQ-unsplash.webp?resize=700%2C400&ssl=1 2x, https:\/\/i0.wp.com\/kohenavocats.com\/wp-content\/uploads\/2024\/08\/clark-van-der-beken-Azns3dVZEBQ-unsplash.webp?resize=1050%2C600&ssl=1 3x, https:\/\/i0.wp.com\/kohenavocats.com\/wp-content\/uploads\/2024\/08\/clark-van-der-beken-Azns3dVZEBQ-unsplash.webp?resize=1400%2C800&ssl=1 4x"},"classes":[]},{"id":497119,"url":"https:\/\/kohenavocats.com\/ru\/cour-dappel-de-versailles-le-8-janvier-2025-n25-00605\/","url_meta":{"origin":663816,"position":2},"title":"Cour d&#8217;appel de Versailles, le 8 janvier 2025, n\u00b025\/00605","author":"Kohen","date":"08.04.2026","format":false,"excerpt":"La Cour d'appel de Versailles, chambre civile, le 8 janvier 2025, a statu\u00e9 sur un appel concernant une ordonnance de r\u00e9f\u00e9r\u00e9. Cette derni\u00e8re enjoignait \u00e0 une ...","rel":"","context":"\u0412 &quot;Jurisprudence&quot;","block_context":{"text":"Jurisprudence","link":"https:\/\/kohenavocats.com\/category\/jurisprudence\/"},"img":{"alt_text":"","src":"https:\/\/i0.wp.com\/kohenavocats.com\/wp-content\/uploads\/2024\/08\/joshua-rawson-harris-WLXkaubn0Ig-unsplash.webp?resize=350%2C200&ssl=1","width":350,"height":200,"srcset":"https:\/\/i0.wp.com\/kohenavocats.com\/wp-content\/uploads\/2024\/08\/joshua-rawson-harris-WLXkaubn0Ig-unsplash.webp?resize=350%2C200&ssl=1 1x, https:\/\/i0.wp.com\/kohenavocats.com\/wp-content\/uploads\/2024\/08\/joshua-rawson-harris-WLXkaubn0Ig-unsplash.webp?resize=525%2C300&ssl=1 1.5x, https:\/\/i0.wp.com\/kohenavocats.com\/wp-content\/uploads\/2024\/08\/joshua-rawson-harris-WLXkaubn0Ig-unsplash.webp?resize=700%2C400&ssl=1 2x, https:\/\/i0.wp.com\/kohenavocats.com\/wp-content\/uploads\/2024\/08\/joshua-rawson-harris-WLXkaubn0Ig-unsplash.webp?resize=1050%2C600&ssl=1 3x, https:\/\/i0.wp.com\/kohenavocats.com\/wp-content\/uploads\/2024\/08\/joshua-rawson-harris-WLXkaubn0Ig-unsplash.webp?resize=1400%2C800&ssl=1 4x"},"classes":[]},{"id":651602,"url":"https:\/\/kohenavocats.com\/ru\/tribunal-judiciaire-de-strasbourg-le-25-mars-2026-n25-00567\/","url_meta":{"origin":663816,"position":3},"title":"Tribunal judiciaire de Strasbourg, le 25 mars 2026, n\u00b025\/00567","author":"Kohen","date":"22.04.2026","format":false,"excerpt":"Le juge des r\u00e9f\u00e9r\u00e9s du tribunal judiciaire de Paris, statuant le 25 mars 2026, a \u00e9t\u00e9 saisi par le gestionnaire du r\u00e9seau de distribution de gaz. Ce dernier s...","rel":"","context":"\u0412 &quot;Jurisprudence&quot;","block_context":{"text":"Jurisprudence","link":"https:\/\/kohenavocats.com\/category\/jurisprudence\/"},"img":{"alt_text":"","src":"https:\/\/i0.wp.com\/kohenavocats.com\/wp-content\/uploads\/2024\/11\/85gb-photo-DKP0bwBFP9I-unsplash.webp?resize=350%2C200&ssl=1","width":350,"height":200,"srcset":"https:\/\/i0.wp.com\/kohenavocats.com\/wp-content\/uploads\/2024\/11\/85gb-photo-DKP0bwBFP9I-unsplash.webp?resize=350%2C200&ssl=1 1x, https:\/\/i0.wp.com\/kohenavocats.com\/wp-content\/uploads\/2024\/11\/85gb-photo-DKP0bwBFP9I-unsplash.webp?resize=525%2C300&ssl=1 1.5x, https:\/\/i0.wp.com\/kohenavocats.com\/wp-content\/uploads\/2024\/11\/85gb-photo-DKP0bwBFP9I-unsplash.webp?resize=700%2C400&ssl=1 2x, https:\/\/i0.wp.com\/kohenavocats.com\/wp-content\/uploads\/2024\/11\/85gb-photo-DKP0bwBFP9I-unsplash.webp?resize=1050%2C600&ssl=1 3x, https:\/\/i0.wp.com\/kohenavocats.com\/wp-content\/uploads\/2024\/11\/85gb-photo-DKP0bwBFP9I-unsplash.webp?resize=1400%2C800&ssl=1 4x"},"classes":[]},{"id":632700,"url":"https:\/\/kohenavocats.com\/ru\/tribunal-judiciaire-de-bordeaux-le-16-mars-2026-n25-00014\/","url_meta":{"origin":663816,"position":4},"title":"Tribunal judiciaire de Bordeaux, le 16 mars 2026, n\u00b025\/00014","author":"Kohen","date":"21.04.2026","format":false,"excerpt":"Le tribunal judiciaire, statuant en r\u00e9f\u00e9r\u00e9, a rendu une ordonnance le 16 mars 2026. Le juge a examin\u00e9 une demande de constat de r\u00e9siliation de bail pour d\u00e9fa...","rel":"","context":"\u0412 &quot;Jurisprudence&quot;","block_context":{"text":"Jurisprudence","link":"https:\/\/kohenavocats.com\/category\/jurisprudence\/"},"img":{"alt_text":"","src":"https:\/\/i0.wp.com\/kohenavocats.com\/wp-content\/uploads\/2024\/11\/getty-images-7NmYG4-AE24-unsplash.webp?resize=350%2C200&ssl=1","width":350,"height":200,"srcset":"https:\/\/i0.wp.com\/kohenavocats.com\/wp-content\/uploads\/2024\/11\/getty-images-7NmYG4-AE24-unsplash.webp?resize=350%2C200&ssl=1 1x, https:\/\/i0.wp.com\/kohenavocats.com\/wp-content\/uploads\/2024\/11\/getty-images-7NmYG4-AE24-unsplash.webp?resize=525%2C300&ssl=1 1.5x, https:\/\/i0.wp.com\/kohenavocats.com\/wp-content\/uploads\/2024\/11\/getty-images-7NmYG4-AE24-unsplash.webp?resize=700%2C400&ssl=1 2x, https:\/\/i0.wp.com\/kohenavocats.com\/wp-content\/uploads\/2024\/11\/getty-images-7NmYG4-AE24-unsplash.webp?resize=1050%2C600&ssl=1 3x, https:\/\/i0.wp.com\/kohenavocats.com\/wp-content\/uploads\/2024\/11\/getty-images-7NmYG4-AE24-unsplash.webp?resize=1400%2C800&ssl=1 4x"},"classes":[]},{"id":667327,"url":"https:\/\/kohenavocats.com\/ru\/tribunal-judiciaire-de-la-rochelle-le-25-fevrier-2026-n25-00137\/","url_meta":{"origin":663816,"position":5},"title":"Tribunal judiciaire de La Rochelle, le 25 f\u00e9vrier 2026, n\u00b025\/00137","author":"Kohen","date":"24.04.2026","format":false,"excerpt":"Le tribunal judiciaire, statuant en la forme des r\u00e9f\u00e9r\u00e9s, a rendu une d\u00e9cision le 25 f\u00e9vrier 2026. Des acqu\u00e9reurs poursuivaient l\u2019ex\u00e9cution de travaux et des...","rel":"","context":"\u0412 &quot;Jurisprudence&quot;","block_context":{"text":"Jurisprudence","link":"https:\/\/kohenavocats.com\/category\/jurisprudence\/"},"img":{"alt_text":"","src":"https:\/\/i0.wp.com\/kohenavocats.com\/wp-content\/uploads\/2024\/08\/pierre-antona-ir9dYEOvx5s-unsplash.webp?resize=350%2C200&ssl=1","width":350,"height":200,"srcset":"https:\/\/i0.wp.com\/kohenavocats.com\/wp-content\/uploads\/2024\/08\/pierre-antona-ir9dYEOvx5s-unsplash.webp?resize=350%2C200&ssl=1 1x, https:\/\/i0.wp.com\/kohenavocats.com\/wp-content\/uploads\/2024\/08\/pierre-antona-ir9dYEOvx5s-unsplash.webp?resize=525%2C300&ssl=1 1.5x, https:\/\/i0.wp.com\/kohenavocats.com\/wp-content\/uploads\/2024\/08\/pierre-antona-ir9dYEOvx5s-unsplash.webp?resize=700%2C400&ssl=1 2x, https:\/\/i0.wp.com\/kohenavocats.com\/wp-content\/uploads\/2024\/08\/pierre-antona-ir9dYEOvx5s-unsplash.webp?resize=1050%2C600&ssl=1 3x, https:\/\/i0.wp.com\/kohenavocats.com\/wp-content\/uploads\/2024\/08\/pierre-antona-ir9dYEOvx5s-unsplash.webp?resize=1400%2C800&ssl=1 4x"},"classes":[]}],"jetpack_sharing_enabled":true,"_links":{"self":[{"href":"https:\/\/kohenavocats.com\/ru\/wp-json\/wp\/v2\/posts\/663816","targetHints":{"allow":["GET"]}}],"collection":[{"href":"https:\/\/kohenavocats.com\/ru\/wp-json\/wp\/v2\/posts"}],"about":[{"href":"https:\/\/kohenavocats.com\/ru\/wp-json\/wp\/v2\/types\/post"}],"author":[{"embeddable":true,"href":"https:\/\/kohenavocats.com\/ru\/wp-json\/wp\/v2\/users\/232070755"}],"replies":[{"embeddable":true,"href":"https:\/\/kohenavocats.com\/ru\/wp-json\/wp\/v2\/comments?post=663816"}],"version-history":[{"count":0,"href":"https:\/\/kohenavocats.com\/ru\/wp-json\/wp\/v2\/posts\/663816\/revisions"}],"wp:featuredmedia":[{"embeddable":true,"href":"https:\/\/kohenavocats.com\/ru\/wp-json\/wp\/v2\/media\/4893"}],"wp:attachment":[{"href":"https:\/\/kohenavocats.com\/ru\/wp-json\/wp\/v2\/media?parent=663816"}],"wp:term":[{"taxonomy":"category","embeddable":true,"href":"https:\/\/kohenavocats.com\/ru\/wp-json\/wp\/v2\/categories?post=663816"},{"taxonomy":"post_tag","embeddable":true,"href":"https:\/\/kohenavocats.com\/ru\/wp-json\/wp\/v2\/tags?post=663816"}],"curies":[{"name":"wp","href":"https:\/\/api.w.org\/{rel}","templated":true}]}}