{"id":663818,"date":"2026-04-23T21:45:21","date_gmt":"2026-04-23T19:45:21","guid":{"rendered":"https:\/\/kohenavocats.com\/cour-dappel-de-douai-le-7-mai-2025-n24-10004\/"},"modified":"2026-04-23T21:45:21","modified_gmt":"2026-04-23T19:45:21","slug":"cour-dappel-de-douai-le-7-mai-2025-n24-10004","status":"publish","type":"post","link":"https:\/\/kohenavocats.com\/ru\/cour-dappel-de-douai-le-7-mai-2025-n24-10004\/","title":{"rendered":"Cour d&#8217;appel de Douai, le 7 mai 2025, n\u00b024\/10004"},"content":{"rendered":"<div class=\"article-content\">\n<p>La cour d&#8217;appel de Douai, dans un arr\u00eat du 7 mai 2025, se prononce sur un pourvoi en nullit\u00e9 d&#8217;une saisie-attribution. Le d\u00e9biteur saisie contestait la validit\u00e9 de l&#8217;acte pour d\u00e9faut de d\u00e9compte distinct des sommes. La juridiction rejette le moyen et confirme le jugement de premi\u00e8re instance.<\/p>\n<p>La distinction n\u00e9cessaire entre cr\u00e9ances multiples et unique cr\u00e9ance<\/p>\n<p>L&#8217;exigence d&#8217;un d\u00e9compte distinct pour chaque titre ex\u00e9cutoire trouve son fondement. La cour rappelle la jurisprudence de la deuxi\u00e8me chambre civile en la mati\u00e8re. &#171;Lorsqu&#8217;un acte de saisie-attribution est d\u00e9livr\u00e9 sur le fondement de plusieurs titres ex\u00e9cutoires, constatant des cr\u00e9ances distinctes, l&#8217;acte de saisie doit, en application de l&#8217;article R. 211-1, 3, du Code des proc\u00e9dures civiles d&#8217;ex\u00e9cution, contenir un d\u00e9compte distinct en principal, frais et int\u00e9r\u00eats \u00e9chus pour chacun d&#8217;eux.&#187; (Motifs de l&#8217;arr\u00eat). Cette r\u00e8gle vise \u00e0 garantir une information claire du tiers saisi et du d\u00e9biteur. Elle permet d&#8217;identifier pr\u00e9cis\u00e9ment l&#8217;origine et le montant de chaque cr\u00e9ance poursuivie.<\/p>\n<p>La solution s&#8217;applique uniquement en pr\u00e9sence de plusieurs cr\u00e9ances autonomes. En l&#8217;esp\u00e8ce, la cour constate l&#8217;existence d&#8217;une seule cr\u00e9ance globale. Celle-ci d\u00e9coule de l&#8217;annulation judiciaire d&#8217;un protocole de cession de soci\u00e9t\u00e9s. Les diff\u00e9rents postes de condamnation forment un tout indivisible. Ils repr\u00e9sentent les cons\u00e9quences financi\u00e8res d&#8217;une seule et m\u00eame cause. L&#8217;\u00e9tablissement de deux d\u00e9comptes distincts n&#8217;\u00e9tait donc pas requis par la loi. La jurisprudence invoqu\u00e9e par l&#8217;appelant \u00e9tait ainsi inop\u00e9rante.<\/p>\n<p>La nature de l&#8217;erreur sur les sommes et ses cons\u00e9quences proc\u00e9durales<\/p>\n<p>L&#8217;absence totale de d\u00e9compte constitue une cause de nullit\u00e9 de l&#8217;acte. La cour rappelle le caract\u00e8re imp\u00e9ratif des mentions de l&#8217;article R. 211-1 du CPCE. L&#8217;omission du d\u00e9compte distinct des sommes r\u00e9clam\u00e9es est sanctionn\u00e9e. Cette nullit\u00e9 prot\u00e8ge les droits de la d\u00e9fense et la s\u00e9curit\u00e9 juridique. Elle garantit que le d\u00e9biteur puisse contester la mesure en connaissance de cause. La formalit\u00e9 est donc substantielle et d&#8217;ordre public.<\/p>\n<p>En revanche, une simple erreur dans le calcul n&#8217;affecte pas la validit\u00e9 de la saisie. &#171;La Cour juge que seule l&#8217;absence de d\u00e9compte des sommes dues est susceptible d&#8217;entra\u00eener la nullit\u00e9 de l&#8217;acte et que tel n&#8217;est pas le cas de l&#8217;erreur portant sur la somme r\u00e9clam\u00e9e, le juge de l&#8217;ex\u00e9cution effectuant, dans ce cas, les redressements n\u00e9cessaires.&#187; (Motifs de l&#8217;arr\u00eat). Cette solution rejoint la jurisprudence des tribunaux judiciaires. &#171;L&#8217;erreur portant sur la somme r\u00e9clam\u00e9e dans un acte de saisie-attribution n&#8217;\u00e9tant pas une cause de nullit\u00e9 de l&#8217;acte&#187; (Tribunal judiciaire de Nanterre, le 30 janvier 2025, n\u00b024\/03842). Le juge de l&#8217;ex\u00e9cution poss\u00e8de le pouvoir de corriger les inexactitudes mat\u00e9rielles. Cette approche pragmatique \u00e9vite la nullit\u00e9 pour un vice purement formel. Elle privil\u00e9gie la r\u00e9gularisation de la proc\u00e9dure sur son an\u00e9antissement.<\/p>\n<p>La port\u00e9e de la d\u00e9cision renforce la s\u00e9curit\u00e9 des proc\u00e9dures d&#8217;ex\u00e9cution. Elle limite les nullit\u00e9s aux seuls cas d&#8217;omission substantielle d&#8217;une mention l\u00e9gale. Une erreur de calcul ou une inexactitude dans le d\u00e9tail des sommes est r\u00e9parable. Le juge peut proc\u00e9der aux redressements utiles sans invalider l&#8217;acte. Cette solution concilie l&#8217;efficacit\u00e9 de la saisie et les droits du d\u00e9biteur. Elle est conforme \u00e0 l&#8217;\u00e9conomie g\u00e9n\u00e9rale du code des proc\u00e9dures civiles d&#8217;ex\u00e9cution. La jurisprudence ant\u00e9rieure est ainsi confirm\u00e9e et pr\u00e9cis\u00e9e.<\/p>\n<\/div>\n","protected":false},"excerpt":{"rendered":"<p>La cour d&#8217;appel de Douai, dans un arr\u00eat du 7 mai 2025, se prononce sur un pourvoi en nullit\u00e9 d&#8217;une saisie-attribution. Le d\u00e9biteur saisie contestait la valid&#8230;<\/p>\n","protected":false},"author":232070755,"featured_media":9454,"comment_status":"open","ping_status":"open","sticky":false,"template":"","format":"standard","meta":{"_crdt_document":"","_jetpack_newsletter_access":"","_jetpack_dont_email_post_to_subs":false,"_jetpack_newsletter_tier_id":0,"_jetpack_memberships_contains_paywalled_content":false,"_kj_source_type":"judilibre","_kj_official_id":"68d62a0ac52dd73e0dd8f4d5","_kj_official_url":"https:\/\/www.courdecassation.fr\/decision\/68d62a0ac52dd73e0dd8f4d5","_kj_judilibre_id":"68d62a0ac52dd73e0dd8f4d5","_kj_jur":"Cour d'appel","_kj_lieu":"Cour d'appel d'Aix-en-Provence","_kj_chambre":"Chambre 1-9","_kj_rg":"24\/10004","_kj_date":"2025-09-25","_jetpack_memberships_contains_paid_content":false,"footnotes":"","jetpack_post_was_ever_published":false},"categories":[7597],"tags":[],"class_list":["post-663818","post","type-post","status-publish","format-standard","has-post-thumbnail","hentry","category-jurisprudence"],"yoast_head":"<!-- This site is optimized with the Yoast SEO Premium plugin v27.5 (Yoast SEO v27.5) - https:\/\/yoast.com\/product\/yoast-seo-premium-wordpress\/ -->\n<title>Cour d&#039;appel de Douai, le 7 mai 2025, n\u00b024\/10004 - Ma\u00eetre Hassan Kohen, avocat en droit p\u00e9nal \u00e0 Paris<\/title>\n<meta name=\"description\" content=\"La cour d&#039;appel de Douai, dans un arr\u00eat du 7 mai 2025, se prononce sur un pourvoi en nullit\u00e9 d&#039;une saisie-attribution. Le d\u00e9biteur saisie contestait la valid...\" \/>\n<meta name=\"robots\" content=\"index, follow, max-snippet:-1, max-image-preview:large, max-video-preview:-1\" \/>\n<link rel=\"canonical\" href=\"https:\/\/kohenavocats.com\/ru\/cour-dappel-de-douai-le-7-mai-2025-n24-10004\/\" \/>\n<meta property=\"og:locale\" content=\"ru_RU\" \/>\n<meta property=\"og:type\" content=\"article\" \/>\n<meta property=\"og:title\" content=\"Cour d&#039;appel de Douai, le 7 mai 2025, n\u00b024\/10004\" \/>\n<meta property=\"og:description\" content=\"La cour d&#039;appel de Douai, dans un arr\u00eat du 7 mai 2025, se prononce sur un pourvoi en nullit\u00e9 d&#039;une saisie-attribution. Le d\u00e9biteur saisie contestait la valid...\" \/>\n<meta property=\"og:url\" content=\"https:\/\/kohenavocats.com\/ru\/cour-dappel-de-douai-le-7-mai-2025-n24-10004\/\" \/>\n<meta property=\"og:site_name\" content=\"Ma\u00eetre Hassan Kohen, avocat en droit p\u00e9nal \u00e0 Paris\" \/>\n<meta property=\"article:published_time\" content=\"2026-04-23T19:45:21+00:00\" \/>\n<meta property=\"og:image\" content=\"https:\/\/kohenavocats.com\/wp-content\/uploads\/2024\/11\/allison-saeng-Hpw4nI_QUWQ-unsplash.webp\" \/>\n\t<meta property=\"og:image:width\" content=\"4000\" \/>\n\t<meta property=\"og:image:height\" content=\"3000\" \/>\n\t<meta property=\"og:image:type\" content=\"image\/webp\" \/>\n<meta name=\"author\" content=\"Kohen\" \/>\n<meta name=\"twitter:card\" content=\"summary_large_image\" \/>\n<meta name=\"twitter:label1\" content=\"\u041d\u0430\u043f\u0438\u0441\u0430\u043d\u043e \u0430\u0432\u0442\u043e\u0440\u043e\u043c\" \/>\n\t<meta name=\"twitter:data1\" content=\"Kohen\" \/>\n\t<meta name=\"twitter:label2\" content=\"\u041f\u0440\u0438\u043c\u0435\u0440\u043d\u043e\u0435 \u0432\u0440\u0435\u043c\u044f \u0434\u043b\u044f \u0447\u0442\u0435\u043d\u0438\u044f\" \/>\n\t<meta name=\"twitter:data2\" content=\"3 \u043c\u0438\u043d\u0443\u0442\u044b\" \/>\n<script type=\"application\/ld+json\" class=\"yoast-schema-graph\">{\"@context\":\"https:\\\/\\\/schema.org\",\"@graph\":[{\"@type\":\"Article\",\"@id\":\"https:\\\/\\\/kohenavocats.com\\\/ru\\\/cour-dappel-de-douai-le-7-mai-2025-n24-10004\\\/#article\",\"isPartOf\":{\"@id\":\"https:\\\/\\\/kohenavocats.com\\\/ru\\\/cour-dappel-de-douai-le-7-mai-2025-n24-10004\\\/\"},\"author\":{\"name\":\"Kohen\",\"@id\":\"https:\\\/\\\/kohenavocats.com\\\/ru\\\/#\\\/schema\\\/person\\\/761c9ba54fa1ca84d405cef0831ff751\"},\"headline\":\"Cour d&#8217;appel de Douai, le 7 mai 2025, n\u00b024\\\/10004\",\"datePublished\":\"2026-04-23T19:45:21+00:00\",\"mainEntityOfPage\":{\"@id\":\"https:\\\/\\\/kohenavocats.com\\\/ru\\\/cour-dappel-de-douai-le-7-mai-2025-n24-10004\\\/\"},\"wordCount\":652,\"commentCount\":0,\"publisher\":{\"@id\":\"https:\\\/\\\/kohenavocats.com\\\/ru\\\/#organization\"},\"image\":{\"@id\":\"https:\\\/\\\/kohenavocats.com\\\/ru\\\/cour-dappel-de-douai-le-7-mai-2025-n24-10004\\\/#primaryimage\"},\"thumbnailUrl\":\"https:\\\/\\\/kohenavocats.com\\\/wp-content\\\/uploads\\\/2024\\\/11\\\/allison-saeng-Hpw4nI_QUWQ-unsplash.webp\",\"articleSection\":[\"Jurisprudence\"],\"inLanguage\":\"ru-RU\",\"potentialAction\":[{\"@type\":\"CommentAction\",\"name\":\"Comment\",\"target\":[\"https:\\\/\\\/kohenavocats.com\\\/ru\\\/cour-dappel-de-douai-le-7-mai-2025-n24-10004\\\/#respond\"]}],\"citation\":\"Cour d&#8217;appel de Douai, le 7 mai 2025, n\u00b024\\\/10004\",\"about\":[{\"@type\":\"Thing\",\"name\":\"Jurisprudence\"}],\"dateModified\":\"2026-04-23T19:45:21+00:00\",\"speakable\":{\"@type\":\"SpeakableSpecification\",\"cssSelector\":[\".article-content > p:first-of-type\"]}},{\"@type\":\"WebPage\",\"@id\":\"https:\\\/\\\/kohenavocats.com\\\/ru\\\/cour-dappel-de-douai-le-7-mai-2025-n24-10004\\\/\",\"url\":\"https:\\\/\\\/kohenavocats.com\\\/ru\\\/cour-dappel-de-douai-le-7-mai-2025-n24-10004\\\/\",\"name\":\"Cour d'appel de Douai, le 7 mai 2025, n\u00b024\\\/10004 - Ma\u00eetre Hassan Kohen, avocat en droit p\u00e9nal \u00e0 Paris\",\"isPartOf\":{\"@id\":\"https:\\\/\\\/kohenavocats.com\\\/ru\\\/#website\"},\"primaryImageOfPage\":{\"@id\":\"https:\\\/\\\/kohenavocats.com\\\/ru\\\/cour-dappel-de-douai-le-7-mai-2025-n24-10004\\\/#primaryimage\"},\"image\":{\"@id\":\"https:\\\/\\\/kohenavocats.com\\\/ru\\\/cour-dappel-de-douai-le-7-mai-2025-n24-10004\\\/#primaryimage\"},\"thumbnailUrl\":\"https:\\\/\\\/kohenavocats.com\\\/wp-content\\\/uploads\\\/2024\\\/11\\\/allison-saeng-Hpw4nI_QUWQ-unsplash.webp\",\"datePublished\":\"2026-04-23T19:45:21+00:00\",\"description\":\"La cour d'appel de Douai, dans un arr\u00eat du 7 mai 2025, se prononce sur un pourvoi en nullit\u00e9 d'une saisie-attribution. Le d\u00e9biteur saisie contestait la valid...\",\"breadcrumb\":{\"@id\":\"https:\\\/\\\/kohenavocats.com\\\/ru\\\/cour-dappel-de-douai-le-7-mai-2025-n24-10004\\\/#breadcrumb\"},\"inLanguage\":\"ru-RU\",\"potentialAction\":[{\"@type\":\"ReadAction\",\"target\":[\"https:\\\/\\\/kohenavocats.com\\\/ru\\\/cour-dappel-de-douai-le-7-mai-2025-n24-10004\\\/\"]}]},{\"@type\":\"ImageObject\",\"inLanguage\":\"ru-RU\",\"@id\":\"https:\\\/\\\/kohenavocats.com\\\/ru\\\/cour-dappel-de-douai-le-7-mai-2025-n24-10004\\\/#primaryimage\",\"url\":\"https:\\\/\\\/kohenavocats.com\\\/wp-content\\\/uploads\\\/2024\\\/11\\\/allison-saeng-Hpw4nI_QUWQ-unsplash.webp\",\"contentUrl\":\"https:\\\/\\\/kohenavocats.com\\\/wp-content\\\/uploads\\\/2024\\\/11\\\/allison-saeng-Hpw4nI_QUWQ-unsplash.webp\",\"width\":4000,\"height\":3000},{\"@type\":\"BreadcrumbList\",\"@id\":\"https:\\\/\\\/kohenavocats.com\\\/ru\\\/cour-dappel-de-douai-le-7-mai-2025-n24-10004\\\/#breadcrumb\",\"itemListElement\":[{\"@type\":\"ListItem\",\"position\":1,\"name\":\"Home\",\"item\":\"https:\\\/\\\/kohenavocats.com\\\/ru\\\/avocats-en-droit-penal-a-paris-conseil-et-defense-strategique\\\/\"},{\"@type\":\"ListItem\",\"position\":2,\"name\":\"Cour d&rsquo;appel de Douai, le 7 mai 2025, n\u00b024\\\/10004\"}]},{\"@type\":\"WebSite\",\"@id\":\"https:\\\/\\\/kohenavocats.com\\\/ru\\\/#website\",\"url\":\"https:\\\/\\\/kohenavocats.com\\\/ru\\\/\",\"name\":\"Kohen Avocats\",\"description\":\"Ma\u00eetre Hassan Kohen, avocat p\u00e9naliste \u00e0 Paris, intervient exclusivement en droit p\u00e9nal pour la d\u00e9fense des particuliers, notamment en mati\u00e8re d\u2019accusations de viol. Il assure un accompagnement rigoureux d\u00e8s la garde \u00e0 vue jusqu\u2019\u00e0 la Cour d\u2019assises, veillant au strict respect des garanties proc\u00e9durales.\",\"publisher\":{\"@id\":\"https:\\\/\\\/kohenavocats.com\\\/ru\\\/#organization\"},\"potentialAction\":[{\"@type\":\"SearchAction\",\"target\":{\"@type\":\"EntryPoint\",\"urlTemplate\":\"https:\\\/\\\/kohenavocats.com\\\/ru\\\/?s={search_term_string}\"},\"query-input\":{\"@type\":\"PropertyValueSpecification\",\"valueRequired\":true,\"valueName\":\"search_term_string\"}}],\"inLanguage\":\"ru-RU\"},{\"@type\":\"Organization\",\"@id\":\"https:\\\/\\\/kohenavocats.com\\\/ru\\\/#organization\",\"name\":\"Kohen Avocats\",\"url\":\"https:\\\/\\\/kohenavocats.com\\\/ru\\\/\",\"logo\":{\"@type\":\"ImageObject\",\"inLanguage\":\"ru-RU\",\"@id\":\"https:\\\/\\\/kohenavocats.com\\\/ru\\\/#\\\/schema\\\/logo\\\/image\\\/\",\"url\":\"https:\\\/\\\/kohenavocats.com\\\/wp-content\\\/uploads\\\/2026\\\/01\\\/Logo-2-1.webp\",\"contentUrl\":\"https:\\\/\\\/kohenavocats.com\\\/wp-content\\\/uploads\\\/2026\\\/01\\\/Logo-2-1.webp\",\"width\":2114,\"height\":1253,\"caption\":\"Kohen Avocats\"},\"image\":{\"@id\":\"https:\\\/\\\/kohenavocats.com\\\/ru\\\/#\\\/schema\\\/logo\\\/image\\\/\"}},{\"@type\":\"Person\",\"@id\":\"https:\\\/\\\/kohenavocats.com\\\/ru\\\/#\\\/schema\\\/person\\\/761c9ba54fa1ca84d405cef0831ff751\",\"name\":\"Kohen\",\"image\":{\"@type\":\"ImageObject\",\"inLanguage\":\"ru-RU\",\"@id\":\"https:\\\/\\\/secure.gravatar.com\\\/avatar\\\/1c5e76ef76bbbfdd2b4da984e2bf2fa4056fd51a27d25ce2c332047f1dfd6e00?s=96&d=identicon&r=g\",\"url\":\"https:\\\/\\\/secure.gravatar.com\\\/avatar\\\/1c5e76ef76bbbfdd2b4da984e2bf2fa4056fd51a27d25ce2c332047f1dfd6e00?s=96&d=identicon&r=g\",\"contentUrl\":\"https:\\\/\\\/secure.gravatar.com\\\/avatar\\\/1c5e76ef76bbbfdd2b4da984e2bf2fa4056fd51a27d25ce2c332047f1dfd6e00?s=96&d=identicon&r=g\",\"caption\":\"Kohen\"},\"sameAs\":[\"https:\\\/\\\/www.linkedin.com\\\/in\\\/hassan-kohen-448548192\\\/\",\"https:\\\/\\\/www.youtube.com\\\/@Kohen-Avocats\"],\"url\":\"https:\\\/\\\/kohenavocats.com\\\/ru\\\/author\\\/kohenmlk\\\/\"}]}<\/script>\n<!-- \/ Yoast SEO Premium plugin. -->","yoast_head_json":{"title":"Cour d'appel de Douai, le 7 mai 2025, n\u00b024\/10004 - Ma\u00eetre Hassan Kohen, avocat en droit p\u00e9nal \u00e0 Paris","description":"La cour d'appel de Douai, dans un arr\u00eat du 7 mai 2025, se prononce sur un pourvoi en nullit\u00e9 d'une saisie-attribution. Le d\u00e9biteur saisie contestait la valid...","robots":{"index":"index","follow":"follow","max-snippet":"max-snippet:-1","max-image-preview":"max-image-preview:large","max-video-preview":"max-video-preview:-1"},"canonical":"https:\/\/kohenavocats.com\/ru\/cour-dappel-de-douai-le-7-mai-2025-n24-10004\/","og_locale":"ru_RU","og_type":"article","og_title":"Cour d'appel de Douai, le 7 mai 2025, n\u00b024\/10004","og_description":"La cour d'appel de Douai, dans un arr\u00eat du 7 mai 2025, se prononce sur un pourvoi en nullit\u00e9 d'une saisie-attribution. Le d\u00e9biteur saisie contestait la valid...","og_url":"https:\/\/kohenavocats.com\/ru\/cour-dappel-de-douai-le-7-mai-2025-n24-10004\/","og_site_name":"Ma\u00eetre Hassan Kohen, avocat en droit p\u00e9nal \u00e0 Paris","article_published_time":"2026-04-23T19:45:21+00:00","og_image":[{"width":4000,"height":3000,"url":"https:\/\/kohenavocats.com\/wp-content\/uploads\/2024\/11\/allison-saeng-Hpw4nI_QUWQ-unsplash.webp","type":"image\/webp"}],"author":"Kohen","twitter_card":"summary_large_image","twitter_misc":{"\u041d\u0430\u043f\u0438\u0441\u0430\u043d\u043e \u0430\u0432\u0442\u043e\u0440\u043e\u043c":"Kohen","\u041f\u0440\u0438\u043c\u0435\u0440\u043d\u043e\u0435 \u0432\u0440\u0435\u043c\u044f \u0434\u043b\u044f \u0447\u0442\u0435\u043d\u0438\u044f":"3 \u043c\u0438\u043d\u0443\u0442\u044b"},"schema":{"@context":"https:\/\/schema.org","@graph":[{"@type":"Article","@id":"https:\/\/kohenavocats.com\/ru\/cour-dappel-de-douai-le-7-mai-2025-n24-10004\/#article","isPartOf":{"@id":"https:\/\/kohenavocats.com\/ru\/cour-dappel-de-douai-le-7-mai-2025-n24-10004\/"},"author":{"name":"Kohen","@id":"https:\/\/kohenavocats.com\/ru\/#\/schema\/person\/761c9ba54fa1ca84d405cef0831ff751"},"headline":"Cour d&#8217;appel de Douai, le 7 mai 2025, n\u00b024\/10004","datePublished":"2026-04-23T19:45:21+00:00","mainEntityOfPage":{"@id":"https:\/\/kohenavocats.com\/ru\/cour-dappel-de-douai-le-7-mai-2025-n24-10004\/"},"wordCount":652,"commentCount":0,"publisher":{"@id":"https:\/\/kohenavocats.com\/ru\/#organization"},"image":{"@id":"https:\/\/kohenavocats.com\/ru\/cour-dappel-de-douai-le-7-mai-2025-n24-10004\/#primaryimage"},"thumbnailUrl":"https:\/\/kohenavocats.com\/wp-content\/uploads\/2024\/11\/allison-saeng-Hpw4nI_QUWQ-unsplash.webp","articleSection":["Jurisprudence"],"inLanguage":"ru-RU","potentialAction":[{"@type":"CommentAction","name":"Comment","target":["https:\/\/kohenavocats.com\/ru\/cour-dappel-de-douai-le-7-mai-2025-n24-10004\/#respond"]}],"citation":"Cour d&#8217;appel de Douai, le 7 mai 2025, n\u00b024\/10004","about":[{"@type":"Thing","name":"Jurisprudence"}],"dateModified":"2026-04-23T19:45:21+00:00","speakable":{"@type":"SpeakableSpecification","cssSelector":[".article-content > p:first-of-type"]}},{"@type":"WebPage","@id":"https:\/\/kohenavocats.com\/ru\/cour-dappel-de-douai-le-7-mai-2025-n24-10004\/","url":"https:\/\/kohenavocats.com\/ru\/cour-dappel-de-douai-le-7-mai-2025-n24-10004\/","name":"Cour d'appel de Douai, le 7 mai 2025, n\u00b024\/10004 - Ma\u00eetre Hassan Kohen, avocat en droit p\u00e9nal \u00e0 Paris","isPartOf":{"@id":"https:\/\/kohenavocats.com\/ru\/#website"},"primaryImageOfPage":{"@id":"https:\/\/kohenavocats.com\/ru\/cour-dappel-de-douai-le-7-mai-2025-n24-10004\/#primaryimage"},"image":{"@id":"https:\/\/kohenavocats.com\/ru\/cour-dappel-de-douai-le-7-mai-2025-n24-10004\/#primaryimage"},"thumbnailUrl":"https:\/\/kohenavocats.com\/wp-content\/uploads\/2024\/11\/allison-saeng-Hpw4nI_QUWQ-unsplash.webp","datePublished":"2026-04-23T19:45:21+00:00","description":"La cour d'appel de Douai, dans un arr\u00eat du 7 mai 2025, se prononce sur un pourvoi en nullit\u00e9 d'une saisie-attribution. Le d\u00e9biteur saisie contestait la valid...","breadcrumb":{"@id":"https:\/\/kohenavocats.com\/ru\/cour-dappel-de-douai-le-7-mai-2025-n24-10004\/#breadcrumb"},"inLanguage":"ru-RU","potentialAction":[{"@type":"ReadAction","target":["https:\/\/kohenavocats.com\/ru\/cour-dappel-de-douai-le-7-mai-2025-n24-10004\/"]}]},{"@type":"ImageObject","inLanguage":"ru-RU","@id":"https:\/\/kohenavocats.com\/ru\/cour-dappel-de-douai-le-7-mai-2025-n24-10004\/#primaryimage","url":"https:\/\/kohenavocats.com\/wp-content\/uploads\/2024\/11\/allison-saeng-Hpw4nI_QUWQ-unsplash.webp","contentUrl":"https:\/\/kohenavocats.com\/wp-content\/uploads\/2024\/11\/allison-saeng-Hpw4nI_QUWQ-unsplash.webp","width":4000,"height":3000},{"@type":"BreadcrumbList","@id":"https:\/\/kohenavocats.com\/ru\/cour-dappel-de-douai-le-7-mai-2025-n24-10004\/#breadcrumb","itemListElement":[{"@type":"ListItem","position":1,"name":"Home","item":"https:\/\/kohenavocats.com\/ru\/avocats-en-droit-penal-a-paris-conseil-et-defense-strategique\/"},{"@type":"ListItem","position":2,"name":"Cour d&rsquo;appel de Douai, le 7 mai 2025, n\u00b024\/10004"}]},{"@type":"WebSite","@id":"https:\/\/kohenavocats.com\/ru\/#website","url":"https:\/\/kohenavocats.com\/ru\/","name":"Kohen Avocats","description":"Ma\u00eetre Hassan Kohen, avocat p\u00e9naliste \u00e0 Paris, intervient exclusivement en droit p\u00e9nal pour la d\u00e9fense des particuliers, notamment en mati\u00e8re d\u2019accusations de viol. Il assure un accompagnement rigoureux d\u00e8s la garde \u00e0 vue jusqu\u2019\u00e0 la Cour d\u2019assises, veillant au strict respect des garanties proc\u00e9durales.","publisher":{"@id":"https:\/\/kohenavocats.com\/ru\/#organization"},"potentialAction":[{"@type":"SearchAction","target":{"@type":"EntryPoint","urlTemplate":"https:\/\/kohenavocats.com\/ru\/?s={search_term_string}"},"query-input":{"@type":"PropertyValueSpecification","valueRequired":true,"valueName":"search_term_string"}}],"inLanguage":"ru-RU"},{"@type":"Organization","@id":"https:\/\/kohenavocats.com\/ru\/#organization","name":"Kohen Avocats","url":"https:\/\/kohenavocats.com\/ru\/","logo":{"@type":"ImageObject","inLanguage":"ru-RU","@id":"https:\/\/kohenavocats.com\/ru\/#\/schema\/logo\/image\/","url":"https:\/\/kohenavocats.com\/wp-content\/uploads\/2026\/01\/Logo-2-1.webp","contentUrl":"https:\/\/kohenavocats.com\/wp-content\/uploads\/2026\/01\/Logo-2-1.webp","width":2114,"height":1253,"caption":"Kohen Avocats"},"image":{"@id":"https:\/\/kohenavocats.com\/ru\/#\/schema\/logo\/image\/"}},{"@type":"Person","@id":"https:\/\/kohenavocats.com\/ru\/#\/schema\/person\/761c9ba54fa1ca84d405cef0831ff751","name":"Kohen","image":{"@type":"ImageObject","inLanguage":"ru-RU","@id":"https:\/\/secure.gravatar.com\/avatar\/1c5e76ef76bbbfdd2b4da984e2bf2fa4056fd51a27d25ce2c332047f1dfd6e00?s=96&d=identicon&r=g","url":"https:\/\/secure.gravatar.com\/avatar\/1c5e76ef76bbbfdd2b4da984e2bf2fa4056fd51a27d25ce2c332047f1dfd6e00?s=96&d=identicon&r=g","contentUrl":"https:\/\/secure.gravatar.com\/avatar\/1c5e76ef76bbbfdd2b4da984e2bf2fa4056fd51a27d25ce2c332047f1dfd6e00?s=96&d=identicon&r=g","caption":"Kohen"},"sameAs":["https:\/\/www.linkedin.com\/in\/hassan-kohen-448548192\/","https:\/\/www.youtube.com\/@Kohen-Avocats"],"url":"https:\/\/kohenavocats.com\/ru\/author\/kohenmlk\/"}]}},"jetpack_featured_media_url":"https:\/\/kohenavocats.com\/wp-content\/uploads\/2024\/11\/allison-saeng-Hpw4nI_QUWQ-unsplash.webp","jetpack_likes_enabled":false,"jetpack_shortlink":"https:\/\/wp.me\/peCrII-2MGK","jetpack-related-posts":[{"id":664017,"url":"https:\/\/kohenavocats.com\/ru\/cour-dappel-de-douai-le-6-juin-2024-n24-10002\/","url_meta":{"origin":663818,"position":0},"title":"Cour d&#8217;appel de Douai, le 6 juin 2024, n\u00b024\/10002","author":"Kohen","date":"23.04.2026","format":false,"excerpt":"La Cour d\u2019appel de Douai, statuant le 6 juin 2024, examine un pourvoi contre un jugement du juge de l\u2019ex\u00e9cution. Le litige porte sur la validit\u00e9 d\u2019une saisie...","rel":"","context":"\u0412 &quot;Jurisprudence&quot;","block_context":{"text":"Jurisprudence","link":"https:\/\/kohenavocats.com\/category\/jurisprudence\/"},"img":{"alt_text":"","src":"https:\/\/i0.wp.com\/kohenavocats.com\/wp-content\/uploads\/2024\/07\/andreas-MKGu9ihH46k-unsplash-1.webp?resize=350%2C200&ssl=1","width":350,"height":200,"srcset":"https:\/\/i0.wp.com\/kohenavocats.com\/wp-content\/uploads\/2024\/07\/andreas-MKGu9ihH46k-unsplash-1.webp?resize=350%2C200&ssl=1 1x, https:\/\/i0.wp.com\/kohenavocats.com\/wp-content\/uploads\/2024\/07\/andreas-MKGu9ihH46k-unsplash-1.webp?resize=525%2C300&ssl=1 1.5x, https:\/\/i0.wp.com\/kohenavocats.com\/wp-content\/uploads\/2024\/07\/andreas-MKGu9ihH46k-unsplash-1.webp?resize=700%2C400&ssl=1 2x, https:\/\/i0.wp.com\/kohenavocats.com\/wp-content\/uploads\/2024\/07\/andreas-MKGu9ihH46k-unsplash-1.webp?resize=1050%2C600&ssl=1 3x, https:\/\/i0.wp.com\/kohenavocats.com\/wp-content\/uploads\/2024\/07\/andreas-MKGu9ihH46k-unsplash-1.webp?resize=1400%2C800&ssl=1 4x"},"classes":[]},{"id":663625,"url":"https:\/\/kohenavocats.com\/ru\/cour-dappel-de-douai-le-4-fevrier-2026-n24-10439\/","url_meta":{"origin":663818,"position":1},"title":"Cour d&#8217;appel de Douai, le 4 f\u00e9vrier 2026, n\u00b024\/10439","author":"Kohen","date":"23.04.2026","format":false,"excerpt":"La Cour d'appel de Douai, le 4 f\u00e9vrier 2026, a statu\u00e9 sur un pourvoi form\u00e9 contre un jugement du juge de l'ex\u00e9cution. Les intim\u00e9s, \u00e9poux et cod\u00e9biteurs solid...","rel":"","context":"\u0412 &quot;Jurisprudence&quot;","block_context":{"text":"Jurisprudence","link":"https:\/\/kohenavocats.com\/category\/jurisprudence\/"},"img":{"alt_text":"","src":"https:\/\/i0.wp.com\/kohenavocats.com\/wp-content\/uploads\/2024\/11\/haut-risque-JoyJpFZM-ZE-unsplash.webp?resize=350%2C200&ssl=1","width":350,"height":200,"srcset":"https:\/\/i0.wp.com\/kohenavocats.com\/wp-content\/uploads\/2024\/11\/haut-risque-JoyJpFZM-ZE-unsplash.webp?resize=350%2C200&ssl=1 1x, https:\/\/i0.wp.com\/kohenavocats.com\/wp-content\/uploads\/2024\/11\/haut-risque-JoyJpFZM-ZE-unsplash.webp?resize=525%2C300&ssl=1 1.5x, https:\/\/i0.wp.com\/kohenavocats.com\/wp-content\/uploads\/2024\/11\/haut-risque-JoyJpFZM-ZE-unsplash.webp?resize=700%2C400&ssl=1 2x, https:\/\/i0.wp.com\/kohenavocats.com\/wp-content\/uploads\/2024\/11\/haut-risque-JoyJpFZM-ZE-unsplash.webp?resize=1050%2C600&ssl=1 3x, https:\/\/i0.wp.com\/kohenavocats.com\/wp-content\/uploads\/2024\/11\/haut-risque-JoyJpFZM-ZE-unsplash.webp?resize=1400%2C800&ssl=1 4x"},"classes":[]},{"id":78453,"url":"https:\/\/kohenavocats.com\/ru\/cour-dappel-de-douai-le-19-juin-2025-n24-04591\/","url_meta":{"origin":663818,"position":2},"title":"Cour d&#8217;appel de Douai, le 19 juin 2025, n\u00b024\/04591","author":"Kohen","date":"10.11.2025","format":false,"excerpt":"Par un arr\u00eat du 19 juin 2025, la Cour d\u2019appel de Douai, chambre 8 section 3, statue sur la contestation d\u2019une saisie-attribution r\u00e9alis\u00e9e au titre de frais li\u00e9s aux enfants. Le litige na\u00eet d\u2019un divorce par consentement mutuel pr\u00e9voyant une contribution paternelle et un partage des frais scolaires et extrascolaires,\u2026","rel":"","context":"\u0412 &quot;6920&quot;","block_context":{"text":"6920","link":"https:\/\/kohenavocats.com\/category\/6920\/"},"img":{"alt_text":"","src":"https:\/\/i0.wp.com\/kohenavocats.com\/wp-content\/uploads\/2024\/11\/chris-barbalis-2t1i0nXa-BI-unsplash.webp?resize=350%2C200&ssl=1","width":350,"height":200,"srcset":"https:\/\/i0.wp.com\/kohenavocats.com\/wp-content\/uploads\/2024\/11\/chris-barbalis-2t1i0nXa-BI-unsplash.webp?resize=350%2C200&ssl=1 1x, https:\/\/i0.wp.com\/kohenavocats.com\/wp-content\/uploads\/2024\/11\/chris-barbalis-2t1i0nXa-BI-unsplash.webp?resize=525%2C300&ssl=1 1.5x, https:\/\/i0.wp.com\/kohenavocats.com\/wp-content\/uploads\/2024\/11\/chris-barbalis-2t1i0nXa-BI-unsplash.webp?resize=700%2C400&ssl=1 2x, https:\/\/i0.wp.com\/kohenavocats.com\/wp-content\/uploads\/2024\/11\/chris-barbalis-2t1i0nXa-BI-unsplash.webp?resize=1050%2C600&ssl=1 3x, https:\/\/i0.wp.com\/kohenavocats.com\/wp-content\/uploads\/2024\/11\/chris-barbalis-2t1i0nXa-BI-unsplash.webp?resize=1400%2C800&ssl=1 4x"},"classes":[]},{"id":416816,"url":"https:\/\/kohenavocats.com\/ru\/cour-dappel-de-douai-le-29-mars-2012-n11-02619\/","url_meta":{"origin":663818,"position":3},"title":"Cour d&#8217;appel de Douai, le 29 mars 2012, n\u00b011\/02619","author":"Kohen","date":"22.03.2026","format":false,"excerpt":"L\u2019arr\u00eat rendu par la Cour d\u2019appel de Douai le 29 mars 2012 confirme la condamnation d\u2019une soci\u00e9t\u00e9 tiers saisie au paiement d\u2019une somme due \u00e0 l\u2019administration fiscale. Cette derni\u00e8re avait proc\u00e9d\u00e9 \u00e0 une saisie conservatoire puis \u00e0 une saisie attribution sur une cr\u00e9ance d\u00e9tenue par le d\u00e9biteur principal. Le tiers\u2026","rel":"","context":"\u0412 &quot;Cour d'appel&quot;","block_context":{"text":"Cour d'appel","link":"https:\/\/kohenavocats.com\/category\/cour-dappel\/"},"img":{"alt_text":"","src":"https:\/\/i0.wp.com\/kohenavocats.com\/wp-content\/uploads\/2024\/11\/mohamed-nohassi-CRktpOMkRIs-unsplash.webp?resize=350%2C200&ssl=1","width":350,"height":200,"srcset":"https:\/\/i0.wp.com\/kohenavocats.com\/wp-content\/uploads\/2024\/11\/mohamed-nohassi-CRktpOMkRIs-unsplash.webp?resize=350%2C200&ssl=1 1x, https:\/\/i0.wp.com\/kohenavocats.com\/wp-content\/uploads\/2024\/11\/mohamed-nohassi-CRktpOMkRIs-unsplash.webp?resize=525%2C300&ssl=1 1.5x, https:\/\/i0.wp.com\/kohenavocats.com\/wp-content\/uploads\/2024\/11\/mohamed-nohassi-CRktpOMkRIs-unsplash.webp?resize=700%2C400&ssl=1 2x, https:\/\/i0.wp.com\/kohenavocats.com\/wp-content\/uploads\/2024\/11\/mohamed-nohassi-CRktpOMkRIs-unsplash.webp?resize=1050%2C600&ssl=1 3x, https:\/\/i0.wp.com\/kohenavocats.com\/wp-content\/uploads\/2024\/11\/mohamed-nohassi-CRktpOMkRIs-unsplash.webp?resize=1400%2C800&ssl=1 4x"},"classes":[]},{"id":29481,"url":"https:\/\/kohenavocats.com\/ru\/cour-dappel-de-aix-en-provence-le-19-juin-2025-n24-11646\/","url_meta":{"origin":663818,"position":4},"title":"Cour d&#8217;appel de Aix-en-Provence, le 19 juin 2025, n\u00b024\/11646","author":"Kohen","date":"05.11.2025","format":false,"excerpt":"Par arr\u00eat au fond du 19 juin 2025, la cour d\u2019appel d\u2019Aix-en-Provence confirme le jugement rendu par le juge de l\u2019ex\u00e9cution de Marseille le 12 septembre 2024. Le litige na\u00eet d\u2019une saisie-attribution pratiqu\u00e9e apr\u00e8s une cassation partielle intervenue dans une cha\u00eene proc\u00e9durale longue et heurt\u00e9e.La cause trouve son origine dans\u2026","rel":"","context":"\u0412 &quot;Cour d'appel&quot;","block_context":{"text":"Cour d'appel","link":"https:\/\/kohenavocats.com\/category\/cour-dappel\/"},"img":{"alt_text":"","src":"https:\/\/i0.wp.com\/kohenavocats.com\/wp-content\/uploads\/2024\/08\/nathan-cima-chaLsSBHLAs-unsplash.webp?resize=350%2C200&ssl=1","width":350,"height":200,"srcset":"https:\/\/i0.wp.com\/kohenavocats.com\/wp-content\/uploads\/2024\/08\/nathan-cima-chaLsSBHLAs-unsplash.webp?resize=350%2C200&ssl=1 1x, https:\/\/i0.wp.com\/kohenavocats.com\/wp-content\/uploads\/2024\/08\/nathan-cima-chaLsSBHLAs-unsplash.webp?resize=525%2C300&ssl=1 1.5x, https:\/\/i0.wp.com\/kohenavocats.com\/wp-content\/uploads\/2024\/08\/nathan-cima-chaLsSBHLAs-unsplash.webp?resize=700%2C400&ssl=1 2x, https:\/\/i0.wp.com\/kohenavocats.com\/wp-content\/uploads\/2024\/08\/nathan-cima-chaLsSBHLAs-unsplash.webp?resize=1050%2C600&ssl=1 3x, https:\/\/i0.wp.com\/kohenavocats.com\/wp-content\/uploads\/2024\/08\/nathan-cima-chaLsSBHLAs-unsplash.webp?resize=1400%2C800&ssl=1 4x"},"classes":[]},{"id":466531,"url":"https:\/\/kohenavocats.com\/ru\/cour-dappel-de-rouen-2025-10-02-n25-00138\/","url_meta":{"origin":663818,"position":5},"title":"Cour d&#8217;appel de Rouen &#8212; 2025-10-02 &#8212; n\u00b025\/00138","author":"Kohen","date":"07.04.2026","format":false,"excerpt":"La cour d'appel de Rouen, statuant le 17 d\u00e9cembre 2024, examine un litige relatif \u00e0 une saisie-attribution. La soci\u00e9t\u00e9 d\u00e9bitrice sollicite la nullit\u00e9 de l'acte pour vice de forme et son inopposabilit\u00e9...","rel":"","context":"\u0412 &quot;Jurisprudence&quot;","block_context":{"text":"Jurisprudence","link":"https:\/\/kohenavocats.com\/category\/jurisprudence\/"},"img":{"alt_text":"","src":"https:\/\/i0.wp.com\/kohenavocats.com\/wp-content\/uploads\/2024\/07\/zac-nielson-s4vuMuapk4Y-unsplash.webp?resize=350%2C200&ssl=1","width":350,"height":200,"srcset":"https:\/\/i0.wp.com\/kohenavocats.com\/wp-content\/uploads\/2024\/07\/zac-nielson-s4vuMuapk4Y-unsplash.webp?resize=350%2C200&ssl=1 1x, https:\/\/i0.wp.com\/kohenavocats.com\/wp-content\/uploads\/2024\/07\/zac-nielson-s4vuMuapk4Y-unsplash.webp?resize=525%2C300&ssl=1 1.5x, https:\/\/i0.wp.com\/kohenavocats.com\/wp-content\/uploads\/2024\/07\/zac-nielson-s4vuMuapk4Y-unsplash.webp?resize=700%2C400&ssl=1 2x, https:\/\/i0.wp.com\/kohenavocats.com\/wp-content\/uploads\/2024\/07\/zac-nielson-s4vuMuapk4Y-unsplash.webp?resize=1050%2C600&ssl=1 3x, https:\/\/i0.wp.com\/kohenavocats.com\/wp-content\/uploads\/2024\/07\/zac-nielson-s4vuMuapk4Y-unsplash.webp?resize=1400%2C800&ssl=1 4x"},"classes":[]}],"jetpack_sharing_enabled":true,"_links":{"self":[{"href":"https:\/\/kohenavocats.com\/ru\/wp-json\/wp\/v2\/posts\/663818","targetHints":{"allow":["GET"]}}],"collection":[{"href":"https:\/\/kohenavocats.com\/ru\/wp-json\/wp\/v2\/posts"}],"about":[{"href":"https:\/\/kohenavocats.com\/ru\/wp-json\/wp\/v2\/types\/post"}],"author":[{"embeddable":true,"href":"https:\/\/kohenavocats.com\/ru\/wp-json\/wp\/v2\/users\/232070755"}],"replies":[{"embeddable":true,"href":"https:\/\/kohenavocats.com\/ru\/wp-json\/wp\/v2\/comments?post=663818"}],"version-history":[{"count":0,"href":"https:\/\/kohenavocats.com\/ru\/wp-json\/wp\/v2\/posts\/663818\/revisions"}],"wp:featuredmedia":[{"embeddable":true,"href":"https:\/\/kohenavocats.com\/ru\/wp-json\/wp\/v2\/media\/9454"}],"wp:attachment":[{"href":"https:\/\/kohenavocats.com\/ru\/wp-json\/wp\/v2\/media?parent=663818"}],"wp:term":[{"taxonomy":"category","embeddable":true,"href":"https:\/\/kohenavocats.com\/ru\/wp-json\/wp\/v2\/categories?post=663818"},{"taxonomy":"post_tag","embeddable":true,"href":"https:\/\/kohenavocats.com\/ru\/wp-json\/wp\/v2\/tags?post=663818"}],"curies":[{"name":"wp","href":"https:\/\/api.w.org\/{rel}","templated":true}]}}