{"id":664263,"date":"2026-04-23T22:22:46","date_gmt":"2026-04-23T20:22:46","guid":{"rendered":"https:\/\/kohenavocats.com\/cour-dappel-de-douai-le-26-juin-2025-n24-01358\/"},"modified":"2026-04-23T22:22:46","modified_gmt":"2026-04-23T20:22:46","slug":"cour-dappel-de-douai-le-26-juin-2025-n24-01358","status":"publish","type":"post","link":"https:\/\/kohenavocats.com\/ru\/cour-dappel-de-douai-le-26-juin-2025-n24-01358\/","title":{"rendered":"Cour d&#8217;appel de Douai, le 26 juin 2025, n\u00b024\/01358"},"content":{"rendered":"<div class=\"article-content\">\n<p>La cour d&#8217;appel de Douai, statuant le 26 juin 2025, examine un litige relatif \u00e0 la reconnaissance du caract\u00e8re professionnel d&#8217;une sid\u00e9rose. L&#8217;int\u00e9ress\u00e9, expos\u00e9 aux poussi\u00e8res de fer, invoque le tableau n\u00b044 des maladies professionnelles. La caisse contestait le respect de la dur\u00e9e d&#8217;exposition requise. La juridiction d&#8217;appel, infirmant le premier jugement, refuse finalement la prise en charge au titre de la l\u00e9gislation professionnelle.<\/p>\n<p>La pr\u00e9somption d&#8217;origine et le r\u00f4le des avis sp\u00e9cialis\u00e9s<\/p>\n<p>Le r\u00e9gime de reconnaissance hors tableau constitue le cadre juridique applicable. L&#8217;article L. 461-1 du code de la s\u00e9curit\u00e9 sociale pr\u00e9voit une pr\u00e9somption d&#8217;origine professionnelle lorsque toutes les conditions du tableau sont r\u00e9unies. &#171;Si une ou plusieurs conditions tenant au d\u00e9lai de prise en charge, \u00e0 la dur\u00e9e d&#8217;exposition ou \u00e0 la liste limitative des travaux ne sont pas remplies, la maladie telle qu&#8217;elle est d\u00e9sign\u00e9e dans un tableau de maladies professionnelles peut \u00eatre reconnue d&#8217;origine professionnelle lorsqu&#8217;il est \u00e9tabli qu&#8217;elle est directement caus\u00e9e par le travail habituel de la victime&#187; (Motifs). Cette disposition fonde la possibilit\u00e9 d&#8217;une reconnaissance malgr\u00e9 un d\u00e9lai d&#8217;exposition non satisfait.<\/p>\n<p>La proc\u00e9dure impose alors le recueil d&#8217;avis m\u00e9dicaux sp\u00e9cialis\u00e9s contraignants. Le texte pr\u00e9cise que &#171;la caisse reconna\u00eet l&#8217;origine professionnelle de la maladie apr\u00e8s avis motiv\u00e9 du [comit\u00e9 r\u00e9gional], lequel s&#8217;impose \u00e0 elle&#187; (Motifs). En cas de litige judiciaire, l&#8217;article R. 142-17-2 pr\u00e9voit la saisine d&#8217;un second comit\u00e9. Cette architecture conf\u00e8re un poids consid\u00e9rable aux expertises m\u00e9dicales administratives. La jurisprudence rappelle que la caisse doit solliciter cet avis motiv\u00e9 dans le cadre de son instruction. &#171;9. De ces constatations et \u00e9nonciations, la cour d&#8217;appel, qui n&#8217;avait pas \u00e0 proc\u00e9der \u00e0 une recherche que ses constatations rendaient inop\u00e9rantes, a exactement d\u00e9duit que la caisse \u00e0 qui il appartenait de r\u00e9clamer au m\u00e9decin du travail son avis motiv\u00e9 dans le cadre de l&#8217;instruction du dossier de la victime, n&#8217;avait pas satisfait aux prescriptions des articles D. 461-29 et D. 461-30 du code de la s\u00e9curit\u00e9 sociale&#187; (Cass. Deuxi\u00e8me chambre civile, le 24 septembre 2020, n\u00b019-17.553).<\/p>\n<p>L&#8217;appr\u00e9ciation souveraine des conditions de l&#8217;exposition professionnelle<\/p>\n<p>Le juge op\u00e8re une distinction cruciale entre la date de premi\u00e8re constatation et la dur\u00e9e effective d&#8217;exposition. La caisse soutenait une exposition limit\u00e9e \u00e0 quatre ann\u00e9es seulement. La cour rectifie cette analyse en soulignant que &#171;la date de la premi\u00e8re constatation m\u00e9dicale est importante pour appr\u00e9cier les conditions tenant au d\u00e9lai de prise en charge, elle est inop\u00e9rante pour appr\u00e9cier la dur\u00e9e d&#8217;exposition, celle-ci pouvant se prolonger post\u00e9rieurement aux premi\u00e8res manifestations de la maladie&#187; (Motifs). L&#8217;exposition est ainsi retenue jusqu&#8217;\u00e0 la date du licenciement pour inaptitude, portant la dur\u00e9e \u00e0 plus de six ans.<\/p>\n<p>Cependant, cette dur\u00e9e reste insuffisante au regard du tableau qui exige dix ans. La d\u00e9monstration d&#8217;un lien direct malgr\u00e9 ce d\u00e9faut devient alors centrale. Les deux comit\u00e9s r\u00e9gionaux saisis ont \u00e9mis des avis d\u00e9favorables, \u00e9voquant une &#171;absence de lien de causalit\u00e9&#187; et une &#171;exposition limit\u00e9e en dur\u00e9e et en intensit\u00e9&#187; (Motifs). Le juge conserve son pouvoir souverain d&#8217;appr\u00e9ciation face \u00e0 ces avis. &#171;Il appartient au juge d&#8217;appr\u00e9cier souverainement les avis rendus par les [comit\u00e9s] et les autres \u00e9l\u00e9ments du d\u00e9bat, et il peut retenir que la maladie a \u00e9t\u00e9 directement caus\u00e9e par le travail habituel de la victime&#187; (Motifs). La cour examine donc les preuves de l&#8217;intensit\u00e9 de l&#8217;exposition avanc\u00e9es par le travailleur.<\/p>\n<p>L&#8217;exigence probatoire du lien direct en l&#8217;absence de dur\u00e9e suffisante<\/p>\n<p>L&#8217;existence de l&#8217;exposition au risque n&#8217;est pas contest\u00e9e en elle-m\u00eame. La cour constate qu'&#187;il est \u00e9tabli et non contest\u00e9 que dans le cadre de son activit\u00e9 [&#8230;] M. [E] a \u00e9t\u00e9 expos\u00e9 \u00e0 l&#8217;inhalation de poussi\u00e8res min\u00e9rales contenant des particules de fer ou d&#8217;oxydes de fer&#187; (Motifs). Des t\u00e9moignages et un rapport d&#8217;inspection confirment des conditions de travail empoussi\u00e9r\u00e9es et une ventilation jug\u00e9e insuffisante. Les premiers juges avaient estim\u00e9 que l&#8217;intensit\u00e9 de l&#8217;exposition pouvait compenser sa dur\u00e9e limit\u00e9e.<\/p>\n<p>La cour d&#8217;appel op\u00e8re un revirement en exigeant des preuves plus solides. Elle rel\u00e8ve que les mesures d&#8217;atmosph\u00e8re r\u00e9alis\u00e9es en 2012 et 2017 &#171;montraient des concentrations inf\u00e9rieures aux valeurs limites d&#8217;exposition professionnelle r\u00e8glementaires y compris pour le fer&#187; (Motifs). Cette donn\u00e9e objective mine l&#8217;argument d&#8217;une intensit\u00e9 exceptionnelle. Par ailleurs, l&#8217;avis de l&#8217;expert judiciaire, pourtant favorable sur le plan \u00e9tiologique, ne suffit pas. &#171;Or, sans remettre en cause le diagnostic de la sid\u00e9rose, il n&#8217;en demeure pas moins que la condition tenant \u00e0 la dur\u00e9e d&#8217;exposition de dix ans du tableau n\u00b044 des maladies professionnelles n&#8217;est pas remplie&#187; (Motifs). Le lien direct n&#8217;est pas retenu.<\/p>\n<p>Cette d\u00e9cision rappelle la rigueur exig\u00e9e pour la reconnaissance hors tableau. La simple existence d&#8217;une exposition, m\u00eame quotidienne, ne suffit pas \u00e0 \u00e9tablir le lien direct lorsque la dur\u00e9e r\u00e9glementaire fait d\u00e9faut. Il incombe au travailleur de rapporter la preuve d&#8217;une exposition d&#8217;une intensit\u00e9 telle qu&#8217;elle puisse l\u00e9gitimement expliquer la survenue pr\u00e9coce de la pathologie. L&#8217;absence de d\u00e9passement des valeurs limites r\u00e9glementaires constitue alors un obstacle probatoire majeur. La port\u00e9e de l&#8217;arr\u00eat est donc restrictive, r\u00e9affirmant le caract\u00e8re d\u00e9rogatoire et exigeant de la proc\u00e9dure de reconnaissance hors tableau.<\/p>\n<\/div>\n","protected":false},"excerpt":{"rendered":"<p>La cour d&#8217;appel de Douai, statuant le 26 juin 2025, examine un litige relatif \u00e0 la reconnaissance du caract\u00e8re professionnel d&#8217;une sid\u00e9rose. L&#8217;int\u00e9ress\u00e9, exp&#8230;<\/p>\n","protected":false},"author":232070755,"featured_media":9512,"comment_status":"open","ping_status":"open","sticky":false,"template":"","format":"standard","meta":{"_crdt_document":"","_jetpack_newsletter_access":"","_jetpack_dont_email_post_to_subs":false,"_jetpack_newsletter_tier_id":0,"_jetpack_memberships_contains_paywalled_content":false,"_kj_source_type":"","_kj_official_id":"","_kj_official_url":"","_kj_judilibre_id":"","_kj_jur":"","_kj_lieu":"","_kj_chambre":"","_kj_rg":"","_kj_date":"","_jetpack_memberships_contains_paid_content":false,"footnotes":"","jetpack_post_was_ever_published":false},"categories":[7597],"tags":[],"class_list":["post-664263","post","type-post","status-publish","format-standard","has-post-thumbnail","hentry","category-jurisprudence"],"yoast_head":"<!-- This site is optimized with the Yoast SEO Premium plugin v27.5 (Yoast SEO v27.5) - https:\/\/yoast.com\/product\/yoast-seo-premium-wordpress\/ -->\n<title>Cour d&#039;appel de Douai, le 26 juin 2025, n\u00b024\/01358 - Ma\u00eetre Hassan Kohen, avocat en droit p\u00e9nal \u00e0 Paris<\/title>\n<meta name=\"description\" content=\"La cour d&#039;appel de Douai, statuant le 26 juin 2025, examine un litige relatif \u00e0 la reconnaissance du caract\u00e8re professionnel d&#039;une sid\u00e9rose. L&#039;int\u00e9ress\u00e9, exp...\" \/>\n<meta name=\"robots\" content=\"index, follow, max-snippet:-1, max-image-preview:large, max-video-preview:-1\" \/>\n<link rel=\"canonical\" href=\"https:\/\/kohenavocats.com\/ru\/cour-dappel-de-douai-le-26-juin-2025-n24-01358\/\" \/>\n<meta property=\"og:locale\" content=\"ru_RU\" \/>\n<meta property=\"og:type\" content=\"article\" \/>\n<meta property=\"og:title\" content=\"Cour d&#039;appel de Douai, le 26 juin 2025, n\u00b024\/01358\" \/>\n<meta property=\"og:description\" content=\"La cour d&#039;appel de Douai, statuant le 26 juin 2025, examine un litige relatif \u00e0 la reconnaissance du caract\u00e8re professionnel d&#039;une sid\u00e9rose. L&#039;int\u00e9ress\u00e9, exp...\" \/>\n<meta property=\"og:url\" content=\"https:\/\/kohenavocats.com\/ru\/cour-dappel-de-douai-le-26-juin-2025-n24-01358\/\" \/>\n<meta property=\"og:site_name\" content=\"Ma\u00eetre Hassan Kohen, avocat en droit p\u00e9nal \u00e0 Paris\" \/>\n<meta property=\"article:published_time\" content=\"2026-04-23T20:22:46+00:00\" \/>\n<meta property=\"og:image\" content=\"https:\/\/kohenavocats.com\/wp-content\/uploads\/2024\/11\/getty-images-UahLMixvshE-unsplash.webp\" \/>\n\t<meta property=\"og:image:width\" content=\"4500\" \/>\n\t<meta property=\"og:image:height\" content=\"3000\" \/>\n\t<meta property=\"og:image:type\" content=\"image\/webp\" \/>\n<meta name=\"author\" content=\"Kohen\" \/>\n<meta name=\"twitter:card\" content=\"summary_large_image\" \/>\n<meta name=\"twitter:label1\" content=\"\u041d\u0430\u043f\u0438\u0441\u0430\u043d\u043e \u0430\u0432\u0442\u043e\u0440\u043e\u043c\" \/>\n\t<meta name=\"twitter:data1\" content=\"Kohen\" \/>\n\t<meta name=\"twitter:label2\" content=\"\u041f\u0440\u0438\u043c\u0435\u0440\u043d\u043e\u0435 \u0432\u0440\u0435\u043c\u044f \u0434\u043b\u044f \u0447\u0442\u0435\u043d\u0438\u044f\" \/>\n\t<meta name=\"twitter:data2\" content=\"5 \u043c\u0438\u043d\u0443\u0442\" \/>\n<script type=\"application\/ld+json\" class=\"yoast-schema-graph\">{\"@context\":\"https:\\\/\\\/schema.org\",\"@graph\":[{\"@type\":\"Article\",\"@id\":\"https:\\\/\\\/kohenavocats.com\\\/ru\\\/cour-dappel-de-douai-le-26-juin-2025-n24-01358\\\/#article\",\"isPartOf\":{\"@id\":\"https:\\\/\\\/kohenavocats.com\\\/ru\\\/cour-dappel-de-douai-le-26-juin-2025-n24-01358\\\/\"},\"author\":{\"name\":\"Kohen\",\"@id\":\"https:\\\/\\\/kohenavocats.com\\\/ru\\\/#\\\/schema\\\/person\\\/761c9ba54fa1ca84d405cef0831ff751\"},\"headline\":\"Cour d&#8217;appel de Douai, le 26 juin 2025, n\u00b024\\\/01358\",\"datePublished\":\"2026-04-23T20:22:46+00:00\",\"mainEntityOfPage\":{\"@id\":\"https:\\\/\\\/kohenavocats.com\\\/ru\\\/cour-dappel-de-douai-le-26-juin-2025-n24-01358\\\/\"},\"wordCount\":983,\"commentCount\":0,\"publisher\":{\"@id\":\"https:\\\/\\\/kohenavocats.com\\\/ru\\\/#organization\"},\"image\":{\"@id\":\"https:\\\/\\\/kohenavocats.com\\\/ru\\\/cour-dappel-de-douai-le-26-juin-2025-n24-01358\\\/#primaryimage\"},\"thumbnailUrl\":\"https:\\\/\\\/kohenavocats.com\\\/wp-content\\\/uploads\\\/2024\\\/11\\\/getty-images-UahLMixvshE-unsplash.webp\",\"articleSection\":[\"Jurisprudence\"],\"inLanguage\":\"ru-RU\",\"potentialAction\":[{\"@type\":\"CommentAction\",\"name\":\"Comment\",\"target\":[\"https:\\\/\\\/kohenavocats.com\\\/ru\\\/cour-dappel-de-douai-le-26-juin-2025-n24-01358\\\/#respond\"]}],\"citation\":\"Cour d&#8217;appel de Douai, le 26 juin 2025, n\u00b024\\\/01358\",\"about\":[{\"@type\":\"Thing\",\"name\":\"Jurisprudence\"}],\"dateModified\":\"2026-04-23T20:22:46+00:00\",\"speakable\":{\"@type\":\"SpeakableSpecification\",\"cssSelector\":[\".article-content > p:first-of-type\"]}},{\"@type\":\"WebPage\",\"@id\":\"https:\\\/\\\/kohenavocats.com\\\/ru\\\/cour-dappel-de-douai-le-26-juin-2025-n24-01358\\\/\",\"url\":\"https:\\\/\\\/kohenavocats.com\\\/ru\\\/cour-dappel-de-douai-le-26-juin-2025-n24-01358\\\/\",\"name\":\"Cour d'appel de Douai, le 26 juin 2025, n\u00b024\\\/01358 - Ma\u00eetre Hassan Kohen, avocat en droit p\u00e9nal \u00e0 Paris\",\"isPartOf\":{\"@id\":\"https:\\\/\\\/kohenavocats.com\\\/ru\\\/#website\"},\"primaryImageOfPage\":{\"@id\":\"https:\\\/\\\/kohenavocats.com\\\/ru\\\/cour-dappel-de-douai-le-26-juin-2025-n24-01358\\\/#primaryimage\"},\"image\":{\"@id\":\"https:\\\/\\\/kohenavocats.com\\\/ru\\\/cour-dappel-de-douai-le-26-juin-2025-n24-01358\\\/#primaryimage\"},\"thumbnailUrl\":\"https:\\\/\\\/kohenavocats.com\\\/wp-content\\\/uploads\\\/2024\\\/11\\\/getty-images-UahLMixvshE-unsplash.webp\",\"datePublished\":\"2026-04-23T20:22:46+00:00\",\"description\":\"La cour d'appel de Douai, statuant le 26 juin 2025, examine un litige relatif \u00e0 la reconnaissance du caract\u00e8re professionnel d'une sid\u00e9rose. L'int\u00e9ress\u00e9, exp...\",\"breadcrumb\":{\"@id\":\"https:\\\/\\\/kohenavocats.com\\\/ru\\\/cour-dappel-de-douai-le-26-juin-2025-n24-01358\\\/#breadcrumb\"},\"inLanguage\":\"ru-RU\",\"potentialAction\":[{\"@type\":\"ReadAction\",\"target\":[\"https:\\\/\\\/kohenavocats.com\\\/ru\\\/cour-dappel-de-douai-le-26-juin-2025-n24-01358\\\/\"]}]},{\"@type\":\"ImageObject\",\"inLanguage\":\"ru-RU\",\"@id\":\"https:\\\/\\\/kohenavocats.com\\\/ru\\\/cour-dappel-de-douai-le-26-juin-2025-n24-01358\\\/#primaryimage\",\"url\":\"https:\\\/\\\/kohenavocats.com\\\/wp-content\\\/uploads\\\/2024\\\/11\\\/getty-images-UahLMixvshE-unsplash.webp\",\"contentUrl\":\"https:\\\/\\\/kohenavocats.com\\\/wp-content\\\/uploads\\\/2024\\\/11\\\/getty-images-UahLMixvshE-unsplash.webp\",\"width\":4500,\"height\":3000},{\"@type\":\"BreadcrumbList\",\"@id\":\"https:\\\/\\\/kohenavocats.com\\\/ru\\\/cour-dappel-de-douai-le-26-juin-2025-n24-01358\\\/#breadcrumb\",\"itemListElement\":[{\"@type\":\"ListItem\",\"position\":1,\"name\":\"Home\",\"item\":\"https:\\\/\\\/kohenavocats.com\\\/ru\\\/avocats-en-droit-penal-a-paris-conseil-et-defense-strategique\\\/\"},{\"@type\":\"ListItem\",\"position\":2,\"name\":\"Cour d&rsquo;appel de Douai, le 26 juin 2025, n\u00b024\\\/01358\"}]},{\"@type\":\"WebSite\",\"@id\":\"https:\\\/\\\/kohenavocats.com\\\/ru\\\/#website\",\"url\":\"https:\\\/\\\/kohenavocats.com\\\/ru\\\/\",\"name\":\"Kohen Avocats\",\"description\":\"Ma\u00eetre Hassan Kohen, avocat p\u00e9naliste \u00e0 Paris, intervient exclusivement en droit p\u00e9nal pour la d\u00e9fense des particuliers, notamment en mati\u00e8re d\u2019accusations de viol. Il assure un accompagnement rigoureux d\u00e8s la garde \u00e0 vue jusqu\u2019\u00e0 la Cour d\u2019assises, veillant au strict respect des garanties proc\u00e9durales.\",\"publisher\":{\"@id\":\"https:\\\/\\\/kohenavocats.com\\\/ru\\\/#organization\"},\"potentialAction\":[{\"@type\":\"SearchAction\",\"target\":{\"@type\":\"EntryPoint\",\"urlTemplate\":\"https:\\\/\\\/kohenavocats.com\\\/ru\\\/?s={search_term_string}\"},\"query-input\":{\"@type\":\"PropertyValueSpecification\",\"valueRequired\":true,\"valueName\":\"search_term_string\"}}],\"inLanguage\":\"ru-RU\"},{\"@type\":\"Organization\",\"@id\":\"https:\\\/\\\/kohenavocats.com\\\/ru\\\/#organization\",\"name\":\"Kohen Avocats\",\"url\":\"https:\\\/\\\/kohenavocats.com\\\/ru\\\/\",\"logo\":{\"@type\":\"ImageObject\",\"inLanguage\":\"ru-RU\",\"@id\":\"https:\\\/\\\/kohenavocats.com\\\/ru\\\/#\\\/schema\\\/logo\\\/image\\\/\",\"url\":\"https:\\\/\\\/kohenavocats.com\\\/wp-content\\\/uploads\\\/2026\\\/01\\\/Logo-2-1.webp\",\"contentUrl\":\"https:\\\/\\\/kohenavocats.com\\\/wp-content\\\/uploads\\\/2026\\\/01\\\/Logo-2-1.webp\",\"width\":2114,\"height\":1253,\"caption\":\"Kohen Avocats\"},\"image\":{\"@id\":\"https:\\\/\\\/kohenavocats.com\\\/ru\\\/#\\\/schema\\\/logo\\\/image\\\/\"}},{\"@type\":\"Person\",\"@id\":\"https:\\\/\\\/kohenavocats.com\\\/ru\\\/#\\\/schema\\\/person\\\/761c9ba54fa1ca84d405cef0831ff751\",\"name\":\"Kohen\",\"image\":{\"@type\":\"ImageObject\",\"inLanguage\":\"ru-RU\",\"@id\":\"https:\\\/\\\/secure.gravatar.com\\\/avatar\\\/1c5e76ef76bbbfdd2b4da984e2bf2fa4056fd51a27d25ce2c332047f1dfd6e00?s=96&d=identicon&r=g\",\"url\":\"https:\\\/\\\/secure.gravatar.com\\\/avatar\\\/1c5e76ef76bbbfdd2b4da984e2bf2fa4056fd51a27d25ce2c332047f1dfd6e00?s=96&d=identicon&r=g\",\"contentUrl\":\"https:\\\/\\\/secure.gravatar.com\\\/avatar\\\/1c5e76ef76bbbfdd2b4da984e2bf2fa4056fd51a27d25ce2c332047f1dfd6e00?s=96&d=identicon&r=g\",\"caption\":\"Kohen\"},\"sameAs\":[\"https:\\\/\\\/www.linkedin.com\\\/in\\\/hassan-kohen-448548192\\\/\",\"https:\\\/\\\/www.youtube.com\\\/@Kohen-Avocats\"],\"url\":\"https:\\\/\\\/kohenavocats.com\\\/ru\\\/author\\\/kohenmlk\\\/\"}]}<\/script>\n<!-- \/ Yoast SEO Premium plugin. -->","yoast_head_json":{"title":"Cour d'appel de Douai, le 26 juin 2025, n\u00b024\/01358 - Ma\u00eetre Hassan Kohen, avocat en droit p\u00e9nal \u00e0 Paris","description":"La cour d'appel de Douai, statuant le 26 juin 2025, examine un litige relatif \u00e0 la reconnaissance du caract\u00e8re professionnel d'une sid\u00e9rose. L'int\u00e9ress\u00e9, exp...","robots":{"index":"index","follow":"follow","max-snippet":"max-snippet:-1","max-image-preview":"max-image-preview:large","max-video-preview":"max-video-preview:-1"},"canonical":"https:\/\/kohenavocats.com\/ru\/cour-dappel-de-douai-le-26-juin-2025-n24-01358\/","og_locale":"ru_RU","og_type":"article","og_title":"Cour d'appel de Douai, le 26 juin 2025, n\u00b024\/01358","og_description":"La cour d'appel de Douai, statuant le 26 juin 2025, examine un litige relatif \u00e0 la reconnaissance du caract\u00e8re professionnel d'une sid\u00e9rose. L'int\u00e9ress\u00e9, exp...","og_url":"https:\/\/kohenavocats.com\/ru\/cour-dappel-de-douai-le-26-juin-2025-n24-01358\/","og_site_name":"Ma\u00eetre Hassan Kohen, avocat en droit p\u00e9nal \u00e0 Paris","article_published_time":"2026-04-23T20:22:46+00:00","og_image":[{"width":4500,"height":3000,"url":"https:\/\/kohenavocats.com\/wp-content\/uploads\/2024\/11\/getty-images-UahLMixvshE-unsplash.webp","type":"image\/webp"}],"author":"Kohen","twitter_card":"summary_large_image","twitter_misc":{"\u041d\u0430\u043f\u0438\u0441\u0430\u043d\u043e \u0430\u0432\u0442\u043e\u0440\u043e\u043c":"Kohen","\u041f\u0440\u0438\u043c\u0435\u0440\u043d\u043e\u0435 \u0432\u0440\u0435\u043c\u044f \u0434\u043b\u044f \u0447\u0442\u0435\u043d\u0438\u044f":"5 \u043c\u0438\u043d\u0443\u0442"},"schema":{"@context":"https:\/\/schema.org","@graph":[{"@type":"Article","@id":"https:\/\/kohenavocats.com\/ru\/cour-dappel-de-douai-le-26-juin-2025-n24-01358\/#article","isPartOf":{"@id":"https:\/\/kohenavocats.com\/ru\/cour-dappel-de-douai-le-26-juin-2025-n24-01358\/"},"author":{"name":"Kohen","@id":"https:\/\/kohenavocats.com\/ru\/#\/schema\/person\/761c9ba54fa1ca84d405cef0831ff751"},"headline":"Cour d&#8217;appel de Douai, le 26 juin 2025, n\u00b024\/01358","datePublished":"2026-04-23T20:22:46+00:00","mainEntityOfPage":{"@id":"https:\/\/kohenavocats.com\/ru\/cour-dappel-de-douai-le-26-juin-2025-n24-01358\/"},"wordCount":983,"commentCount":0,"publisher":{"@id":"https:\/\/kohenavocats.com\/ru\/#organization"},"image":{"@id":"https:\/\/kohenavocats.com\/ru\/cour-dappel-de-douai-le-26-juin-2025-n24-01358\/#primaryimage"},"thumbnailUrl":"https:\/\/kohenavocats.com\/wp-content\/uploads\/2024\/11\/getty-images-UahLMixvshE-unsplash.webp","articleSection":["Jurisprudence"],"inLanguage":"ru-RU","potentialAction":[{"@type":"CommentAction","name":"Comment","target":["https:\/\/kohenavocats.com\/ru\/cour-dappel-de-douai-le-26-juin-2025-n24-01358\/#respond"]}],"citation":"Cour d&#8217;appel de Douai, le 26 juin 2025, n\u00b024\/01358","about":[{"@type":"Thing","name":"Jurisprudence"}],"dateModified":"2026-04-23T20:22:46+00:00","speakable":{"@type":"SpeakableSpecification","cssSelector":[".article-content > p:first-of-type"]}},{"@type":"WebPage","@id":"https:\/\/kohenavocats.com\/ru\/cour-dappel-de-douai-le-26-juin-2025-n24-01358\/","url":"https:\/\/kohenavocats.com\/ru\/cour-dappel-de-douai-le-26-juin-2025-n24-01358\/","name":"Cour d'appel de Douai, le 26 juin 2025, n\u00b024\/01358 - Ma\u00eetre Hassan Kohen, avocat en droit p\u00e9nal \u00e0 Paris","isPartOf":{"@id":"https:\/\/kohenavocats.com\/ru\/#website"},"primaryImageOfPage":{"@id":"https:\/\/kohenavocats.com\/ru\/cour-dappel-de-douai-le-26-juin-2025-n24-01358\/#primaryimage"},"image":{"@id":"https:\/\/kohenavocats.com\/ru\/cour-dappel-de-douai-le-26-juin-2025-n24-01358\/#primaryimage"},"thumbnailUrl":"https:\/\/kohenavocats.com\/wp-content\/uploads\/2024\/11\/getty-images-UahLMixvshE-unsplash.webp","datePublished":"2026-04-23T20:22:46+00:00","description":"La cour d'appel de Douai, statuant le 26 juin 2025, examine un litige relatif \u00e0 la reconnaissance du caract\u00e8re professionnel d'une sid\u00e9rose. L'int\u00e9ress\u00e9, exp...","breadcrumb":{"@id":"https:\/\/kohenavocats.com\/ru\/cour-dappel-de-douai-le-26-juin-2025-n24-01358\/#breadcrumb"},"inLanguage":"ru-RU","potentialAction":[{"@type":"ReadAction","target":["https:\/\/kohenavocats.com\/ru\/cour-dappel-de-douai-le-26-juin-2025-n24-01358\/"]}]},{"@type":"ImageObject","inLanguage":"ru-RU","@id":"https:\/\/kohenavocats.com\/ru\/cour-dappel-de-douai-le-26-juin-2025-n24-01358\/#primaryimage","url":"https:\/\/kohenavocats.com\/wp-content\/uploads\/2024\/11\/getty-images-UahLMixvshE-unsplash.webp","contentUrl":"https:\/\/kohenavocats.com\/wp-content\/uploads\/2024\/11\/getty-images-UahLMixvshE-unsplash.webp","width":4500,"height":3000},{"@type":"BreadcrumbList","@id":"https:\/\/kohenavocats.com\/ru\/cour-dappel-de-douai-le-26-juin-2025-n24-01358\/#breadcrumb","itemListElement":[{"@type":"ListItem","position":1,"name":"Home","item":"https:\/\/kohenavocats.com\/ru\/avocats-en-droit-penal-a-paris-conseil-et-defense-strategique\/"},{"@type":"ListItem","position":2,"name":"Cour d&rsquo;appel de Douai, le 26 juin 2025, n\u00b024\/01358"}]},{"@type":"WebSite","@id":"https:\/\/kohenavocats.com\/ru\/#website","url":"https:\/\/kohenavocats.com\/ru\/","name":"Kohen Avocats","description":"Ma\u00eetre Hassan Kohen, avocat p\u00e9naliste \u00e0 Paris, intervient exclusivement en droit p\u00e9nal pour la d\u00e9fense des particuliers, notamment en mati\u00e8re d\u2019accusations de viol. Il assure un accompagnement rigoureux d\u00e8s la garde \u00e0 vue jusqu\u2019\u00e0 la Cour d\u2019assises, veillant au strict respect des garanties proc\u00e9durales.","publisher":{"@id":"https:\/\/kohenavocats.com\/ru\/#organization"},"potentialAction":[{"@type":"SearchAction","target":{"@type":"EntryPoint","urlTemplate":"https:\/\/kohenavocats.com\/ru\/?s={search_term_string}"},"query-input":{"@type":"PropertyValueSpecification","valueRequired":true,"valueName":"search_term_string"}}],"inLanguage":"ru-RU"},{"@type":"Organization","@id":"https:\/\/kohenavocats.com\/ru\/#organization","name":"Kohen Avocats","url":"https:\/\/kohenavocats.com\/ru\/","logo":{"@type":"ImageObject","inLanguage":"ru-RU","@id":"https:\/\/kohenavocats.com\/ru\/#\/schema\/logo\/image\/","url":"https:\/\/kohenavocats.com\/wp-content\/uploads\/2026\/01\/Logo-2-1.webp","contentUrl":"https:\/\/kohenavocats.com\/wp-content\/uploads\/2026\/01\/Logo-2-1.webp","width":2114,"height":1253,"caption":"Kohen Avocats"},"image":{"@id":"https:\/\/kohenavocats.com\/ru\/#\/schema\/logo\/image\/"}},{"@type":"Person","@id":"https:\/\/kohenavocats.com\/ru\/#\/schema\/person\/761c9ba54fa1ca84d405cef0831ff751","name":"Kohen","image":{"@type":"ImageObject","inLanguage":"ru-RU","@id":"https:\/\/secure.gravatar.com\/avatar\/1c5e76ef76bbbfdd2b4da984e2bf2fa4056fd51a27d25ce2c332047f1dfd6e00?s=96&d=identicon&r=g","url":"https:\/\/secure.gravatar.com\/avatar\/1c5e76ef76bbbfdd2b4da984e2bf2fa4056fd51a27d25ce2c332047f1dfd6e00?s=96&d=identicon&r=g","contentUrl":"https:\/\/secure.gravatar.com\/avatar\/1c5e76ef76bbbfdd2b4da984e2bf2fa4056fd51a27d25ce2c332047f1dfd6e00?s=96&d=identicon&r=g","caption":"Kohen"},"sameAs":["https:\/\/www.linkedin.com\/in\/hassan-kohen-448548192\/","https:\/\/www.youtube.com\/@Kohen-Avocats"],"url":"https:\/\/kohenavocats.com\/ru\/author\/kohenmlk\/"}]}},"jetpack_featured_media_url":"https:\/\/kohenavocats.com\/wp-content\/uploads\/2024\/11\/getty-images-UahLMixvshE-unsplash.webp","jetpack_likes_enabled":false,"jetpack_shortlink":"https:\/\/wp.me\/peCrII-2MNV","jetpack-related-posts":[{"id":263292,"url":"https:\/\/kohenavocats.com\/ru\/tribunal-judiciaire-de-lille-le-24-juin-2025-n24-00392\/","url_meta":{"origin":664263,"position":0},"title":"Tribunal judiciaire de Lille, le 24 juin 2025, n\u00b024\/00392","author":"Kohen","date":"09.01.2026","format":false,"excerpt":"Rendu par le p\u00f4le social du tribunal judiciaire de Lille le 24 juin 2025, ce jugement tranche un recours contre un refus de prise en charge au titre du tableau 98. L\u2019assur\u00e9 avait d\u00e9clar\u00e9 une pathologie lomboradiculaire, sur la base d\u2019un certificat m\u00e9dical initial du 20 avril 2023 d\u00e9crivant des\u2026","rel":"","context":"\u0412 &quot;D\u00e9cisions juridiques&quot;","block_context":{"text":"D\u00e9cisions juridiques","link":"https:\/\/kohenavocats.com\/category\/decisions-juridiques\/"},"img":{"alt_text":"","src":"https:\/\/i0.wp.com\/kohenavocats.com\/wp-content\/uploads\/2024\/11\/mohamed-nohassi-2UZMc83XJ8I-unsplash.webp?resize=350%2C200&ssl=1","width":350,"height":200,"srcset":"https:\/\/i0.wp.com\/kohenavocats.com\/wp-content\/uploads\/2024\/11\/mohamed-nohassi-2UZMc83XJ8I-unsplash.webp?resize=350%2C200&ssl=1 1x, https:\/\/i0.wp.com\/kohenavocats.com\/wp-content\/uploads\/2024\/11\/mohamed-nohassi-2UZMc83XJ8I-unsplash.webp?resize=525%2C300&ssl=1 1.5x, https:\/\/i0.wp.com\/kohenavocats.com\/wp-content\/uploads\/2024\/11\/mohamed-nohassi-2UZMc83XJ8I-unsplash.webp?resize=700%2C400&ssl=1 2x, https:\/\/i0.wp.com\/kohenavocats.com\/wp-content\/uploads\/2024\/11\/mohamed-nohassi-2UZMc83XJ8I-unsplash.webp?resize=1050%2C600&ssl=1 3x, https:\/\/i0.wp.com\/kohenavocats.com\/wp-content\/uploads\/2024\/11\/mohamed-nohassi-2UZMc83XJ8I-unsplash.webp?resize=1400%2C800&ssl=1 4x"},"classes":[]},{"id":263899,"url":"https:\/\/kohenavocats.com\/ru\/tribunal-judiciaire-de-amiens-le-30-juin-2025-n24-00050\/","url_meta":{"origin":664263,"position":1},"title":"Tribunal judiciaire de Amiens, le 30 juin 2025, n\u00b024\/00050","author":"Kohen","date":"10.01.2026","format":false,"excerpt":"P\u00f4le social du tribunal judiciaire d\u2019Amiens, 30 juin 2025, n\u00b0 RG 24\/00050. Une salari\u00e9e, pr\u00e9paratrice de commandes, a sollicit\u00e9 la prise en charge d\u2019une \u00e9picondylite au titre du tableau 57B1, apr\u00e8s la reconnaissance ant\u00e9rieure d\u2019un syndrome du canal carpien. La caisse a \u00e9cart\u00e9 la pr\u00e9somption de tableau, puis saisi un\u2026","rel":"","context":"\u0412 &quot;D\u00e9cisions juridiques&quot;","block_context":{"text":"D\u00e9cisions juridiques","link":"https:\/\/kohenavocats.com\/category\/decisions-juridiques\/"},"img":{"alt_text":"","src":"https:\/\/i0.wp.com\/kohenavocats.com\/wp-content\/uploads\/2024\/08\/julio-wolf-_eilSGpKYlY-unsplash.webp?resize=350%2C200&ssl=1","width":350,"height":200,"srcset":"https:\/\/i0.wp.com\/kohenavocats.com\/wp-content\/uploads\/2024\/08\/julio-wolf-_eilSGpKYlY-unsplash.webp?resize=350%2C200&ssl=1 1x, https:\/\/i0.wp.com\/kohenavocats.com\/wp-content\/uploads\/2024\/08\/julio-wolf-_eilSGpKYlY-unsplash.webp?resize=525%2C300&ssl=1 1.5x, https:\/\/i0.wp.com\/kohenavocats.com\/wp-content\/uploads\/2024\/08\/julio-wolf-_eilSGpKYlY-unsplash.webp?resize=700%2C400&ssl=1 2x, https:\/\/i0.wp.com\/kohenavocats.com\/wp-content\/uploads\/2024\/08\/julio-wolf-_eilSGpKYlY-unsplash.webp?resize=1050%2C600&ssl=1 3x, https:\/\/i0.wp.com\/kohenavocats.com\/wp-content\/uploads\/2024\/08\/julio-wolf-_eilSGpKYlY-unsplash.webp?resize=1400%2C800&ssl=1 4x"},"classes":[]},{"id":263863,"url":"https:\/\/kohenavocats.com\/ru\/tribunal-judiciaire-de-vannes-le-30-juin-2025-n24-00657\/","url_meta":{"origin":664263,"position":2},"title":"Tribunal judiciaire de Vannes, le 30 juin 2025, n\u00b024\/00657","author":"Kohen","date":"10.01.2026","format":false,"excerpt":"P\u00f4le social du tribunal judiciaire de Vannes, 30 juin 2025 (RG 24\/00657 et 24\/00658). Un employeur conteste l\u2019opposabilit\u00e9 des prises en charge d\u2019un syndrome du canal carpien bilat\u00e9ral, au titre du tableau 57 C. La caisse a instruit par questionnaires, tandis que les versions du salari\u00e9 et de l\u2019employeur divergent\u2026","rel":"","context":"\u0412 &quot;D\u00e9cisions juridiques&quot;","block_context":{"text":"D\u00e9cisions juridiques","link":"https:\/\/kohenavocats.com\/category\/decisions-juridiques\/"},"img":{"alt_text":"","src":"https:\/\/i0.wp.com\/kohenavocats.com\/wp-content\/uploads\/2024\/11\/allison-saeng-D22VPXUIm0o-unsplash.webp?resize=350%2C200&ssl=1","width":350,"height":200,"srcset":"https:\/\/i0.wp.com\/kohenavocats.com\/wp-content\/uploads\/2024\/11\/allison-saeng-D22VPXUIm0o-unsplash.webp?resize=350%2C200&ssl=1 1x, https:\/\/i0.wp.com\/kohenavocats.com\/wp-content\/uploads\/2024\/11\/allison-saeng-D22VPXUIm0o-unsplash.webp?resize=525%2C300&ssl=1 1.5x, https:\/\/i0.wp.com\/kohenavocats.com\/wp-content\/uploads\/2024\/11\/allison-saeng-D22VPXUIm0o-unsplash.webp?resize=700%2C400&ssl=1 2x, https:\/\/i0.wp.com\/kohenavocats.com\/wp-content\/uploads\/2024\/11\/allison-saeng-D22VPXUIm0o-unsplash.webp?resize=1050%2C600&ssl=1 3x, https:\/\/i0.wp.com\/kohenavocats.com\/wp-content\/uploads\/2024\/11\/allison-saeng-D22VPXUIm0o-unsplash.webp?resize=1400%2C800&ssl=1 4x"},"classes":[]},{"id":264801,"url":"https:\/\/kohenavocats.com\/ru\/tribunal-judiciaire-de-rouen-le-30-juin-2025-n22-00826\/","url_meta":{"origin":664263,"position":3},"title":"Tribunal judiciaire de Rouen, le 30 juin 2025, n\u00b022\/00826","author":"Kohen","date":"10.01.2026","format":false,"excerpt":"Rendu par le Tribunal judiciaire de Rouen le 30 juin 2025, le jugement soumis porte sur la reconnaissance, au titre de la l\u00e9gislation professionnelle, d\u2019une pathologie psychique d\u00e9clar\u00e9e hors tableau. La salari\u00e9e, assistante administrative et technique, a d\u00e9clar\u00e9 un syndrome d\u00e9pressif avec un certificat m\u00e9dical initial du 22 novembre 2021.\u2026","rel":"","context":"\u0412 &quot;D\u00e9cisions juridiques&quot;","block_context":{"text":"D\u00e9cisions juridiques","link":"https:\/\/kohenavocats.com\/category\/decisions-juridiques\/"},"img":{"alt_text":"","src":"https:\/\/i0.wp.com\/kohenavocats.com\/wp-content\/uploads\/2024\/08\/stephanie-leblanc-h5RH0srRrwY-unsplash.webp?resize=350%2C200&ssl=1","width":350,"height":200,"srcset":"https:\/\/i0.wp.com\/kohenavocats.com\/wp-content\/uploads\/2024\/08\/stephanie-leblanc-h5RH0srRrwY-unsplash.webp?resize=350%2C200&ssl=1 1x, https:\/\/i0.wp.com\/kohenavocats.com\/wp-content\/uploads\/2024\/08\/stephanie-leblanc-h5RH0srRrwY-unsplash.webp?resize=525%2C300&ssl=1 1.5x, https:\/\/i0.wp.com\/kohenavocats.com\/wp-content\/uploads\/2024\/08\/stephanie-leblanc-h5RH0srRrwY-unsplash.webp?resize=700%2C400&ssl=1 2x, https:\/\/i0.wp.com\/kohenavocats.com\/wp-content\/uploads\/2024\/08\/stephanie-leblanc-h5RH0srRrwY-unsplash.webp?resize=1050%2C600&ssl=1 3x, https:\/\/i0.wp.com\/kohenavocats.com\/wp-content\/uploads\/2024\/08\/stephanie-leblanc-h5RH0srRrwY-unsplash.webp?resize=1400%2C800&ssl=1 4x"},"classes":[]},{"id":263769,"url":"https:\/\/kohenavocats.com\/ru\/tribunal-judiciaire-de-tulle-le-25-juin-2025-n23-00157\/","url_meta":{"origin":664263,"position":4},"title":"Tribunal judiciaire de Tulle, le 25 juin 2025, n\u00b023\/00157","author":"Kohen","date":"09.01.2026","format":false,"excerpt":"Rendu par le p\u00f4le social du tribunal judiciaire de Tulle le 25 juin 2025, le jugement tranche deux questions successives. La premi\u00e8re porte sur la prescription de l\u2019action en reconnaissance de la faute inexcusable. La seconde concerne l\u2019office du juge lorsque l\u2019employeur conteste le caract\u00e8re professionnel d\u2019une maladie hors tableau,\u2026","rel":"","context":"\u0412 &quot;D\u00e9cisions juridiques&quot;","block_context":{"text":"D\u00e9cisions juridiques","link":"https:\/\/kohenavocats.com\/category\/decisions-juridiques\/"},"img":{"alt_text":"","src":"https:\/\/i0.wp.com\/kohenavocats.com\/wp-content\/uploads\/2024\/08\/zoltan-tasi-Fdt2aSbdRig-unsplash.webp?resize=350%2C200&ssl=1","width":350,"height":200,"srcset":"https:\/\/i0.wp.com\/kohenavocats.com\/wp-content\/uploads\/2024\/08\/zoltan-tasi-Fdt2aSbdRig-unsplash.webp?resize=350%2C200&ssl=1 1x, https:\/\/i0.wp.com\/kohenavocats.com\/wp-content\/uploads\/2024\/08\/zoltan-tasi-Fdt2aSbdRig-unsplash.webp?resize=525%2C300&ssl=1 1.5x, https:\/\/i0.wp.com\/kohenavocats.com\/wp-content\/uploads\/2024\/08\/zoltan-tasi-Fdt2aSbdRig-unsplash.webp?resize=700%2C400&ssl=1 2x, https:\/\/i0.wp.com\/kohenavocats.com\/wp-content\/uploads\/2024\/08\/zoltan-tasi-Fdt2aSbdRig-unsplash.webp?resize=1050%2C600&ssl=1 3x, https:\/\/i0.wp.com\/kohenavocats.com\/wp-content\/uploads\/2024\/08\/zoltan-tasi-Fdt2aSbdRig-unsplash.webp?resize=1400%2C800&ssl=1 4x"},"classes":[]},{"id":262330,"url":"https:\/\/kohenavocats.com\/ru\/tribunal-judiciaire-de-saint-etienne-le-26-juin-2025-n24-00007\/","url_meta":{"origin":664263,"position":5},"title":"Tribunal judiciaire de Saint Etienne, le 26 juin 2025, n\u00b024\/00007","author":"Kohen","date":"09.01.2026","format":false,"excerpt":"Saint\u2011\u00c9tienne, 26 juin 2025. La juridiction sociale tranche un double contentieux n\u00e9 d\u2019un accident du travail : la recevabilit\u00e9 temporelle du recours de l\u2019employeur et l\u2019opposabilit\u00e9 de la dur\u00e9e des soins et arr\u00eats de travail pris en charge. L\u2019enjeu porte sur le point de d\u00e9part de la prescription quinquennale et\u2026","rel":"","context":"\u0412 &quot;D\u00e9cisions juridiques&quot;","block_context":{"text":"D\u00e9cisions juridiques","link":"https:\/\/kohenavocats.com\/category\/decisions-juridiques\/"},"img":{"alt_text":"","src":"https:\/\/i0.wp.com\/kohenavocats.com\/wp-content\/uploads\/2024\/11\/margaret-jaszowska-iJ4qhyNQEjE-unsplash.webp?resize=350%2C200&ssl=1","width":350,"height":200,"srcset":"https:\/\/i0.wp.com\/kohenavocats.com\/wp-content\/uploads\/2024\/11\/margaret-jaszowska-iJ4qhyNQEjE-unsplash.webp?resize=350%2C200&ssl=1 1x, https:\/\/i0.wp.com\/kohenavocats.com\/wp-content\/uploads\/2024\/11\/margaret-jaszowska-iJ4qhyNQEjE-unsplash.webp?resize=525%2C300&ssl=1 1.5x, https:\/\/i0.wp.com\/kohenavocats.com\/wp-content\/uploads\/2024\/11\/margaret-jaszowska-iJ4qhyNQEjE-unsplash.webp?resize=700%2C400&ssl=1 2x, https:\/\/i0.wp.com\/kohenavocats.com\/wp-content\/uploads\/2024\/11\/margaret-jaszowska-iJ4qhyNQEjE-unsplash.webp?resize=1050%2C600&ssl=1 3x, https:\/\/i0.wp.com\/kohenavocats.com\/wp-content\/uploads\/2024\/11\/margaret-jaszowska-iJ4qhyNQEjE-unsplash.webp?resize=1400%2C800&ssl=1 4x"},"classes":[]}],"jetpack_sharing_enabled":true,"_links":{"self":[{"href":"https:\/\/kohenavocats.com\/ru\/wp-json\/wp\/v2\/posts\/664263","targetHints":{"allow":["GET"]}}],"collection":[{"href":"https:\/\/kohenavocats.com\/ru\/wp-json\/wp\/v2\/posts"}],"about":[{"href":"https:\/\/kohenavocats.com\/ru\/wp-json\/wp\/v2\/types\/post"}],"author":[{"embeddable":true,"href":"https:\/\/kohenavocats.com\/ru\/wp-json\/wp\/v2\/users\/232070755"}],"replies":[{"embeddable":true,"href":"https:\/\/kohenavocats.com\/ru\/wp-json\/wp\/v2\/comments?post=664263"}],"version-history":[{"count":0,"href":"https:\/\/kohenavocats.com\/ru\/wp-json\/wp\/v2\/posts\/664263\/revisions"}],"wp:featuredmedia":[{"embeddable":true,"href":"https:\/\/kohenavocats.com\/ru\/wp-json\/wp\/v2\/media\/9512"}],"wp:attachment":[{"href":"https:\/\/kohenavocats.com\/ru\/wp-json\/wp\/v2\/media?parent=664263"}],"wp:term":[{"taxonomy":"category","embeddable":true,"href":"https:\/\/kohenavocats.com\/ru\/wp-json\/wp\/v2\/categories?post=664263"},{"taxonomy":"post_tag","embeddable":true,"href":"https:\/\/kohenavocats.com\/ru\/wp-json\/wp\/v2\/tags?post=664263"}],"curies":[{"name":"wp","href":"https:\/\/api.w.org\/{rel}","templated":true}]}}