{"id":664459,"date":"2026-04-23T22:42:06","date_gmt":"2026-04-23T20:42:06","guid":{"rendered":"https:\/\/kohenavocats.com\/cour-dappel-de-douai-le-14-mars-2025-n24-01714\/"},"modified":"2026-04-23T22:42:06","modified_gmt":"2026-04-23T20:42:06","slug":"cour-dappel-de-douai-le-14-mars-2025-n24-01714","status":"publish","type":"post","link":"https:\/\/kohenavocats.com\/ru\/cour-dappel-de-douai-le-14-mars-2025-n24-01714\/","title":{"rendered":"Cour d&#8217;appel de Douai, le 14 mars 2025, n\u00b024\/01714"},"content":{"rendered":"<div class=\"article-content\">\n<p>La cour d&#8217;appel de Douai, statuant le 14 mars 2025, examine un litige contractuel entre un fournisseur de services t\u00e9l\u00e9phoniques et son client. Le premier juge avait partiellement rejet\u00e9 les demandes du fournisseur, qui forme appel. La juridiction doit trancher sur la recevabilit\u00e9 de demandes qualifi\u00e9es de nouvelles et sur le fond du litige, notamment la r\u00e9siliation des contrats pour inex\u00e9cution. La cour infirme partiellement le jugement d\u00e9f\u00e9r\u00e9 et prononce la r\u00e9siliation des contrats aux torts du client.<\/p>\n<p>La recevabilit\u00e9 des demandes en appel face au principe contradictoire<\/p>\n<p>L&#8217;encadrement proc\u00e9dural des pr\u00e9tentions nouvelles en appel<\/p>\n<p>La cour rappelle le r\u00e9gime des demandes nouvelles devant la cour d&#8217;appel. Elle se fonde sur les articles 564 \u00e0 566 du code de proc\u00e9dure civile qui en limitent strictement l&#8217;admission. Elle pr\u00e9cise que &#171;les pr\u00e9tentions ne sont pas nouvelles d\u00e8s lors qu&#8217;elles tendent aux m\u00eames fins que celles soumises au premier juge m\u00eame si leur fondement juridique est diff\u00e9rent&#187; (Article 565). Elle applique \u00e9galement la jurisprudence admettant que &#171;les parties ne peuvent ajouter aux pr\u00e9tentions soumises au premier juge que les demandes qui en sont l&#8217;accessoire, la cons\u00e9quence ou le compl\u00e9ment n\u00e9cessaire&#187; (Article 566). La cour en d\u00e9duit que la r\u00e9actualisation de la cr\u00e9ance et la demande de frais impay\u00e9s sont recevables, \u00e9tant l&#8217;accessoire de la demande principale.<\/p>\n<p>Le respect du principe de la contradiction en proc\u00e9dure orale<\/p>\n<p>La cour examine si la communication tardive des conclusions a port\u00e9 atteinte au principe du contradictoire. Elle rappelle que &#171;le juge doit, en toutes circonstances, faire observer et observer lui-m\u00eame le principe de la contradiction&#187; (Article 16 du code de proc\u00e9dure civile). Elle souligne que &#171;le principe de la contradiction veut seulement que les parties aient \u00e9t\u00e9 \u00e0 m\u00eame de d\u00e9battre contradictoirement des moyens invoqu\u00e9s et des preuves produites&#187;. S&#8217;appuyant sur une jurisprudence constante, elle retient que &#171;nul ne peut se pr\u00e9valoir d&#8217;une absence de contradiction exclusivement imputable \u00e0 sa propre carence&#187; (Civ.2e, 9 octobre 1985). Les pi\u00e8ces vers\u00e9es d\u00e9montrent que la partie adverse avait eu connaissance des demandes et b\u00e9n\u00e9fici\u00e9 de renvois.<\/p>\n<p>L&#8217;appr\u00e9ciation de l&#8217;inex\u00e9cution contractuelle et ses cons\u00e9quences<\/p>\n<p>La preuve de l&#8217;ex\u00e9cution des prestations par le cr\u00e9ancier<\/p>\n<p>La cour analyse l&#8217;ex\u00e9cution des contrats par le fournisseur. Elle constate que celui-ci produit des contrats, des fiches d&#8217;intervention et des relev\u00e9s de consommation t\u00e9l\u00e9phonique. Ces \u00e9l\u00e9ments &#171;justifient avoir proc\u00e9d\u00e9 aux installations n\u00e9cessaires \u00e0 la bonne ex\u00e9cution des abonnements contract\u00e9s&#187;. Elle applique l&#8217;article 1353 du code civil, selon lequel &#171;celui qui r\u00e9clame l&#8217;ex\u00e9cution d&#8217;une obligation doit la prouver&#187;. La charge de la preuve de la mauvaise ex\u00e9cution p\u00e8se alors sur le client. Le seul courriel produit par ce dernier, contenant une incoh\u00e9rence de date, est jug\u00e9 insuffisant pour d\u00e9montrer une inex\u00e9cution totale ou m\u00eame partielle des prestations.<\/p>\n<p>La qualification de l&#8217;inex\u00e9cution justifiant la r\u00e9siliation et ses limites<\/p>\n<p>La cour proc\u00e8de \u00e0 la r\u00e9siliation des contrats aux torts du client pour d\u00e9faut de paiement. Elle applique l&#8217;article 1217 du code civil qui offre ce choix \u00e0 la partie victime d&#8217;une inex\u00e9cution. Elle rejette cependant les demandes indemnitaires accessoires. Concernant le pr\u00e9judice \u00e9conomique, elle estime que le cr\u00e9ancier &#171;ne verse aucun \u00e9l\u00e9ment qui permettrait de justifier la perte de marge attendue&#187;. S&#8217;agissant du d\u00e9nigrement all\u00e9gu\u00e9 via un avis Google, la cour op\u00e8re une conciliation avec la libert\u00e9 d&#8217;expression. Elle rappelle qu&#8217;une information &#171;ne constitue pas un d\u00e9nigrement si l&#8217;information en cause se rapporte \u00e0 un sujet d&#8217;int\u00e9r\u00eat g\u00e9n\u00e9ral et repose sur une base factuelle suffisante&#187; (Com., 28 juin 2023, n\u00b022-13.442). L&#8217;avis critique, bien que n\u00e9gatif, rel\u00e8ve de cette libert\u00e9.<\/p>\n<\/div>\n","protected":false},"excerpt":{"rendered":"<p>La cour d&#8217;appel de Douai, statuant le 14 mars 2025, examine un litige contractuel entre un fournisseur de services t\u00e9l\u00e9phoniques et son client. Le premier ju&#8230;<\/p>\n","protected":false},"author":232070755,"featured_media":4736,"comment_status":"open","ping_status":"open","sticky":false,"template":"","format":"standard","meta":{"_crdt_document":"","_jetpack_newsletter_access":"","_jetpack_dont_email_post_to_subs":false,"_jetpack_newsletter_tier_id":0,"_jetpack_memberships_contains_paywalled_content":false,"_kj_source_type":"judilibre","_kj_official_id":"68d62527f345149cf84d2b9b","_kj_official_url":"https:\/\/www.courdecassation.fr\/decision\/68d62527f345149cf84d2b9b","_kj_judilibre_id":"68d62527f345149cf84d2b9b","_kj_jur":"Cour d'appel","_kj_lieu":"Cour d'appel de Douai","_kj_chambre":"CHAMBRE 2 SECTION 2","_kj_rg":"24\/01714","_kj_date":"2025-09-25","_jetpack_memberships_contains_paid_content":false,"footnotes":"","jetpack_post_was_ever_published":false},"categories":[7597],"tags":[],"class_list":["post-664459","post","type-post","status-publish","format-standard","has-post-thumbnail","hentry","category-jurisprudence"],"yoast_head":"<!-- This site is optimized with the Yoast SEO Premium plugin v27.5 (Yoast SEO v27.5) - https:\/\/yoast.com\/product\/yoast-seo-premium-wordpress\/ -->\n<title>Cour d&#039;appel de Douai, le 14 mars 2025, n\u00b024\/01714 - Ma\u00eetre Hassan Kohen, avocat en droit p\u00e9nal \u00e0 Paris<\/title>\n<meta name=\"description\" content=\"La cour d&#039;appel de Douai, statuant le 14 mars 2025, examine un litige contractuel entre un fournisseur de services t\u00e9l\u00e9phoniques et son client. Le premier ju...\" \/>\n<meta name=\"robots\" content=\"index, follow, max-snippet:-1, max-image-preview:large, max-video-preview:-1\" \/>\n<link rel=\"canonical\" href=\"https:\/\/kohenavocats.com\/ru\/cour-dappel-de-douai-le-14-mars-2025-n24-01714\/\" \/>\n<meta property=\"og:locale\" content=\"ru_RU\" \/>\n<meta property=\"og:type\" content=\"article\" \/>\n<meta property=\"og:title\" content=\"Cour d&#039;appel de Douai, le 14 mars 2025, n\u00b024\/01714\" \/>\n<meta property=\"og:description\" content=\"La cour d&#039;appel de Douai, statuant le 14 mars 2025, examine un litige contractuel entre un fournisseur de services t\u00e9l\u00e9phoniques et son client. Le premier ju...\" \/>\n<meta property=\"og:url\" content=\"https:\/\/kohenavocats.com\/ru\/cour-dappel-de-douai-le-14-mars-2025-n24-01714\/\" \/>\n<meta property=\"og:site_name\" content=\"Ma\u00eetre Hassan Kohen, avocat en droit p\u00e9nal \u00e0 Paris\" \/>\n<meta property=\"article:published_time\" content=\"2026-04-23T20:42:06+00:00\" \/>\n<meta property=\"og:image\" content=\"https:\/\/kohenavocats.com\/wp-content\/uploads\/2024\/08\/venus-major-dRu-1z24xCw-unsplash.webp\" \/>\n\t<meta property=\"og:image:width\" content=\"5131\" \/>\n\t<meta property=\"og:image:height\" content=\"3377\" \/>\n\t<meta property=\"og:image:type\" content=\"image\/webp\" \/>\n<meta name=\"author\" content=\"Kohen\" \/>\n<meta name=\"twitter:card\" content=\"summary_large_image\" \/>\n<meta name=\"twitter:label1\" content=\"\u041d\u0430\u043f\u0438\u0441\u0430\u043d\u043e \u0430\u0432\u0442\u043e\u0440\u043e\u043c\" \/>\n\t<meta name=\"twitter:data1\" content=\"Kohen\" \/>\n\t<meta name=\"twitter:label2\" content=\"\u041f\u0440\u0438\u043c\u0435\u0440\u043d\u043e\u0435 \u0432\u0440\u0435\u043c\u044f \u0434\u043b\u044f \u0447\u0442\u0435\u043d\u0438\u044f\" \/>\n\t<meta name=\"twitter:data2\" content=\"3 \u043c\u0438\u043d\u0443\u0442\u044b\" \/>\n<script type=\"application\/ld+json\" class=\"yoast-schema-graph\">{\"@context\":\"https:\\\/\\\/schema.org\",\"@graph\":[{\"@type\":\"Article\",\"@id\":\"https:\\\/\\\/kohenavocats.com\\\/ru\\\/cour-dappel-de-douai-le-14-mars-2025-n24-01714\\\/#article\",\"isPartOf\":{\"@id\":\"https:\\\/\\\/kohenavocats.com\\\/ru\\\/cour-dappel-de-douai-le-14-mars-2025-n24-01714\\\/\"},\"author\":{\"name\":\"Kohen\",\"@id\":\"https:\\\/\\\/kohenavocats.com\\\/ru\\\/#\\\/schema\\\/person\\\/761c9ba54fa1ca84d405cef0831ff751\"},\"headline\":\"Cour d&#8217;appel de Douai, le 14 mars 2025, n\u00b024\\\/01714\",\"datePublished\":\"2026-04-23T20:42:06+00:00\",\"mainEntityOfPage\":{\"@id\":\"https:\\\/\\\/kohenavocats.com\\\/ru\\\/cour-dappel-de-douai-le-14-mars-2025-n24-01714\\\/\"},\"wordCount\":675,\"commentCount\":0,\"publisher\":{\"@id\":\"https:\\\/\\\/kohenavocats.com\\\/ru\\\/#organization\"},\"image\":{\"@id\":\"https:\\\/\\\/kohenavocats.com\\\/ru\\\/cour-dappel-de-douai-le-14-mars-2025-n24-01714\\\/#primaryimage\"},\"thumbnailUrl\":\"https:\\\/\\\/kohenavocats.com\\\/wp-content\\\/uploads\\\/2024\\\/08\\\/venus-major-dRu-1z24xCw-unsplash.webp\",\"articleSection\":[\"Jurisprudence\"],\"inLanguage\":\"ru-RU\",\"potentialAction\":[{\"@type\":\"CommentAction\",\"name\":\"Comment\",\"target\":[\"https:\\\/\\\/kohenavocats.com\\\/ru\\\/cour-dappel-de-douai-le-14-mars-2025-n24-01714\\\/#respond\"]}],\"citation\":\"Cour d&#8217;appel de Douai, le 14 mars 2025, n\u00b024\\\/01714\",\"about\":[{\"@type\":\"Thing\",\"name\":\"Jurisprudence\"}],\"dateModified\":\"2026-04-23T20:42:06+00:00\",\"speakable\":{\"@type\":\"SpeakableSpecification\",\"cssSelector\":[\".article-content > p:first-of-type\"]}},{\"@type\":\"WebPage\",\"@id\":\"https:\\\/\\\/kohenavocats.com\\\/ru\\\/cour-dappel-de-douai-le-14-mars-2025-n24-01714\\\/\",\"url\":\"https:\\\/\\\/kohenavocats.com\\\/ru\\\/cour-dappel-de-douai-le-14-mars-2025-n24-01714\\\/\",\"name\":\"Cour d'appel de Douai, le 14 mars 2025, n\u00b024\\\/01714 - Ma\u00eetre Hassan Kohen, avocat en droit p\u00e9nal \u00e0 Paris\",\"isPartOf\":{\"@id\":\"https:\\\/\\\/kohenavocats.com\\\/ru\\\/#website\"},\"primaryImageOfPage\":{\"@id\":\"https:\\\/\\\/kohenavocats.com\\\/ru\\\/cour-dappel-de-douai-le-14-mars-2025-n24-01714\\\/#primaryimage\"},\"image\":{\"@id\":\"https:\\\/\\\/kohenavocats.com\\\/ru\\\/cour-dappel-de-douai-le-14-mars-2025-n24-01714\\\/#primaryimage\"},\"thumbnailUrl\":\"https:\\\/\\\/kohenavocats.com\\\/wp-content\\\/uploads\\\/2024\\\/08\\\/venus-major-dRu-1z24xCw-unsplash.webp\",\"datePublished\":\"2026-04-23T20:42:06+00:00\",\"description\":\"La cour d'appel de Douai, statuant le 14 mars 2025, examine un litige contractuel entre un fournisseur de services t\u00e9l\u00e9phoniques et son client. Le premier ju...\",\"breadcrumb\":{\"@id\":\"https:\\\/\\\/kohenavocats.com\\\/ru\\\/cour-dappel-de-douai-le-14-mars-2025-n24-01714\\\/#breadcrumb\"},\"inLanguage\":\"ru-RU\",\"potentialAction\":[{\"@type\":\"ReadAction\",\"target\":[\"https:\\\/\\\/kohenavocats.com\\\/ru\\\/cour-dappel-de-douai-le-14-mars-2025-n24-01714\\\/\"]}]},{\"@type\":\"ImageObject\",\"inLanguage\":\"ru-RU\",\"@id\":\"https:\\\/\\\/kohenavocats.com\\\/ru\\\/cour-dappel-de-douai-le-14-mars-2025-n24-01714\\\/#primaryimage\",\"url\":\"https:\\\/\\\/kohenavocats.com\\\/wp-content\\\/uploads\\\/2024\\\/08\\\/venus-major-dRu-1z24xCw-unsplash.webp\",\"contentUrl\":\"https:\\\/\\\/kohenavocats.com\\\/wp-content\\\/uploads\\\/2024\\\/08\\\/venus-major-dRu-1z24xCw-unsplash.webp\",\"width\":5131,\"height\":3377},{\"@type\":\"BreadcrumbList\",\"@id\":\"https:\\\/\\\/kohenavocats.com\\\/ru\\\/cour-dappel-de-douai-le-14-mars-2025-n24-01714\\\/#breadcrumb\",\"itemListElement\":[{\"@type\":\"ListItem\",\"position\":1,\"name\":\"Home\",\"item\":\"https:\\\/\\\/kohenavocats.com\\\/ru\\\/avocats-en-droit-penal-a-paris-conseil-et-defense-strategique\\\/\"},{\"@type\":\"ListItem\",\"position\":2,\"name\":\"Cour d&rsquo;appel de Douai, le 14 mars 2025, n\u00b024\\\/01714\"}]},{\"@type\":\"WebSite\",\"@id\":\"https:\\\/\\\/kohenavocats.com\\\/ru\\\/#website\",\"url\":\"https:\\\/\\\/kohenavocats.com\\\/ru\\\/\",\"name\":\"Kohen Avocats\",\"description\":\"Ma\u00eetre Hassan Kohen, avocat p\u00e9naliste \u00e0 Paris, intervient exclusivement en droit p\u00e9nal pour la d\u00e9fense des particuliers, notamment en mati\u00e8re d\u2019accusations de viol. Il assure un accompagnement rigoureux d\u00e8s la garde \u00e0 vue jusqu\u2019\u00e0 la Cour d\u2019assises, veillant au strict respect des garanties proc\u00e9durales.\",\"publisher\":{\"@id\":\"https:\\\/\\\/kohenavocats.com\\\/ru\\\/#organization\"},\"potentialAction\":[{\"@type\":\"SearchAction\",\"target\":{\"@type\":\"EntryPoint\",\"urlTemplate\":\"https:\\\/\\\/kohenavocats.com\\\/ru\\\/?s={search_term_string}\"},\"query-input\":{\"@type\":\"PropertyValueSpecification\",\"valueRequired\":true,\"valueName\":\"search_term_string\"}}],\"inLanguage\":\"ru-RU\"},{\"@type\":\"Organization\",\"@id\":\"https:\\\/\\\/kohenavocats.com\\\/ru\\\/#organization\",\"name\":\"Kohen Avocats\",\"url\":\"https:\\\/\\\/kohenavocats.com\\\/ru\\\/\",\"logo\":{\"@type\":\"ImageObject\",\"inLanguage\":\"ru-RU\",\"@id\":\"https:\\\/\\\/kohenavocats.com\\\/ru\\\/#\\\/schema\\\/logo\\\/image\\\/\",\"url\":\"https:\\\/\\\/kohenavocats.com\\\/wp-content\\\/uploads\\\/2026\\\/01\\\/Logo-2-1.webp\",\"contentUrl\":\"https:\\\/\\\/kohenavocats.com\\\/wp-content\\\/uploads\\\/2026\\\/01\\\/Logo-2-1.webp\",\"width\":2114,\"height\":1253,\"caption\":\"Kohen Avocats\"},\"image\":{\"@id\":\"https:\\\/\\\/kohenavocats.com\\\/ru\\\/#\\\/schema\\\/logo\\\/image\\\/\"}},{\"@type\":\"Person\",\"@id\":\"https:\\\/\\\/kohenavocats.com\\\/ru\\\/#\\\/schema\\\/person\\\/761c9ba54fa1ca84d405cef0831ff751\",\"name\":\"Kohen\",\"image\":{\"@type\":\"ImageObject\",\"inLanguage\":\"ru-RU\",\"@id\":\"https:\\\/\\\/secure.gravatar.com\\\/avatar\\\/1c5e76ef76bbbfdd2b4da984e2bf2fa4056fd51a27d25ce2c332047f1dfd6e00?s=96&d=identicon&r=g\",\"url\":\"https:\\\/\\\/secure.gravatar.com\\\/avatar\\\/1c5e76ef76bbbfdd2b4da984e2bf2fa4056fd51a27d25ce2c332047f1dfd6e00?s=96&d=identicon&r=g\",\"contentUrl\":\"https:\\\/\\\/secure.gravatar.com\\\/avatar\\\/1c5e76ef76bbbfdd2b4da984e2bf2fa4056fd51a27d25ce2c332047f1dfd6e00?s=96&d=identicon&r=g\",\"caption\":\"Kohen\"},\"sameAs\":[\"https:\\\/\\\/www.linkedin.com\\\/in\\\/hassan-kohen-448548192\\\/\",\"https:\\\/\\\/www.youtube.com\\\/@Kohen-Avocats\"],\"url\":\"https:\\\/\\\/kohenavocats.com\\\/ru\\\/author\\\/kohenmlk\\\/\"}]}<\/script>\n<!-- \/ Yoast SEO Premium plugin. -->","yoast_head_json":{"title":"Cour d'appel de Douai, le 14 mars 2025, n\u00b024\/01714 - Ma\u00eetre Hassan Kohen, avocat en droit p\u00e9nal \u00e0 Paris","description":"La cour d'appel de Douai, statuant le 14 mars 2025, examine un litige contractuel entre un fournisseur de services t\u00e9l\u00e9phoniques et son client. Le premier ju...","robots":{"index":"index","follow":"follow","max-snippet":"max-snippet:-1","max-image-preview":"max-image-preview:large","max-video-preview":"max-video-preview:-1"},"canonical":"https:\/\/kohenavocats.com\/ru\/cour-dappel-de-douai-le-14-mars-2025-n24-01714\/","og_locale":"ru_RU","og_type":"article","og_title":"Cour d'appel de Douai, le 14 mars 2025, n\u00b024\/01714","og_description":"La cour d'appel de Douai, statuant le 14 mars 2025, examine un litige contractuel entre un fournisseur de services t\u00e9l\u00e9phoniques et son client. Le premier ju...","og_url":"https:\/\/kohenavocats.com\/ru\/cour-dappel-de-douai-le-14-mars-2025-n24-01714\/","og_site_name":"Ma\u00eetre Hassan Kohen, avocat en droit p\u00e9nal \u00e0 Paris","article_published_time":"2026-04-23T20:42:06+00:00","og_image":[{"width":5131,"height":3377,"url":"https:\/\/kohenavocats.com\/wp-content\/uploads\/2024\/08\/venus-major-dRu-1z24xCw-unsplash.webp","type":"image\/webp"}],"author":"Kohen","twitter_card":"summary_large_image","twitter_misc":{"\u041d\u0430\u043f\u0438\u0441\u0430\u043d\u043e \u0430\u0432\u0442\u043e\u0440\u043e\u043c":"Kohen","\u041f\u0440\u0438\u043c\u0435\u0440\u043d\u043e\u0435 \u0432\u0440\u0435\u043c\u044f \u0434\u043b\u044f \u0447\u0442\u0435\u043d\u0438\u044f":"3 \u043c\u0438\u043d\u0443\u0442\u044b"},"schema":{"@context":"https:\/\/schema.org","@graph":[{"@type":"Article","@id":"https:\/\/kohenavocats.com\/ru\/cour-dappel-de-douai-le-14-mars-2025-n24-01714\/#article","isPartOf":{"@id":"https:\/\/kohenavocats.com\/ru\/cour-dappel-de-douai-le-14-mars-2025-n24-01714\/"},"author":{"name":"Kohen","@id":"https:\/\/kohenavocats.com\/ru\/#\/schema\/person\/761c9ba54fa1ca84d405cef0831ff751"},"headline":"Cour d&#8217;appel de Douai, le 14 mars 2025, n\u00b024\/01714","datePublished":"2026-04-23T20:42:06+00:00","mainEntityOfPage":{"@id":"https:\/\/kohenavocats.com\/ru\/cour-dappel-de-douai-le-14-mars-2025-n24-01714\/"},"wordCount":675,"commentCount":0,"publisher":{"@id":"https:\/\/kohenavocats.com\/ru\/#organization"},"image":{"@id":"https:\/\/kohenavocats.com\/ru\/cour-dappel-de-douai-le-14-mars-2025-n24-01714\/#primaryimage"},"thumbnailUrl":"https:\/\/kohenavocats.com\/wp-content\/uploads\/2024\/08\/venus-major-dRu-1z24xCw-unsplash.webp","articleSection":["Jurisprudence"],"inLanguage":"ru-RU","potentialAction":[{"@type":"CommentAction","name":"Comment","target":["https:\/\/kohenavocats.com\/ru\/cour-dappel-de-douai-le-14-mars-2025-n24-01714\/#respond"]}],"citation":"Cour d&#8217;appel de Douai, le 14 mars 2025, n\u00b024\/01714","about":[{"@type":"Thing","name":"Jurisprudence"}],"dateModified":"2026-04-23T20:42:06+00:00","speakable":{"@type":"SpeakableSpecification","cssSelector":[".article-content > p:first-of-type"]}},{"@type":"WebPage","@id":"https:\/\/kohenavocats.com\/ru\/cour-dappel-de-douai-le-14-mars-2025-n24-01714\/","url":"https:\/\/kohenavocats.com\/ru\/cour-dappel-de-douai-le-14-mars-2025-n24-01714\/","name":"Cour d'appel de Douai, le 14 mars 2025, n\u00b024\/01714 - Ma\u00eetre Hassan Kohen, avocat en droit p\u00e9nal \u00e0 Paris","isPartOf":{"@id":"https:\/\/kohenavocats.com\/ru\/#website"},"primaryImageOfPage":{"@id":"https:\/\/kohenavocats.com\/ru\/cour-dappel-de-douai-le-14-mars-2025-n24-01714\/#primaryimage"},"image":{"@id":"https:\/\/kohenavocats.com\/ru\/cour-dappel-de-douai-le-14-mars-2025-n24-01714\/#primaryimage"},"thumbnailUrl":"https:\/\/kohenavocats.com\/wp-content\/uploads\/2024\/08\/venus-major-dRu-1z24xCw-unsplash.webp","datePublished":"2026-04-23T20:42:06+00:00","description":"La cour d'appel de Douai, statuant le 14 mars 2025, examine un litige contractuel entre un fournisseur de services t\u00e9l\u00e9phoniques et son client. Le premier ju...","breadcrumb":{"@id":"https:\/\/kohenavocats.com\/ru\/cour-dappel-de-douai-le-14-mars-2025-n24-01714\/#breadcrumb"},"inLanguage":"ru-RU","potentialAction":[{"@type":"ReadAction","target":["https:\/\/kohenavocats.com\/ru\/cour-dappel-de-douai-le-14-mars-2025-n24-01714\/"]}]},{"@type":"ImageObject","inLanguage":"ru-RU","@id":"https:\/\/kohenavocats.com\/ru\/cour-dappel-de-douai-le-14-mars-2025-n24-01714\/#primaryimage","url":"https:\/\/kohenavocats.com\/wp-content\/uploads\/2024\/08\/venus-major-dRu-1z24xCw-unsplash.webp","contentUrl":"https:\/\/kohenavocats.com\/wp-content\/uploads\/2024\/08\/venus-major-dRu-1z24xCw-unsplash.webp","width":5131,"height":3377},{"@type":"BreadcrumbList","@id":"https:\/\/kohenavocats.com\/ru\/cour-dappel-de-douai-le-14-mars-2025-n24-01714\/#breadcrumb","itemListElement":[{"@type":"ListItem","position":1,"name":"Home","item":"https:\/\/kohenavocats.com\/ru\/avocats-en-droit-penal-a-paris-conseil-et-defense-strategique\/"},{"@type":"ListItem","position":2,"name":"Cour d&rsquo;appel de Douai, le 14 mars 2025, n\u00b024\/01714"}]},{"@type":"WebSite","@id":"https:\/\/kohenavocats.com\/ru\/#website","url":"https:\/\/kohenavocats.com\/ru\/","name":"Kohen Avocats","description":"Ma\u00eetre Hassan Kohen, avocat p\u00e9naliste \u00e0 Paris, intervient exclusivement en droit p\u00e9nal pour la d\u00e9fense des particuliers, notamment en mati\u00e8re d\u2019accusations de viol. Il assure un accompagnement rigoureux d\u00e8s la garde \u00e0 vue jusqu\u2019\u00e0 la Cour d\u2019assises, veillant au strict respect des garanties proc\u00e9durales.","publisher":{"@id":"https:\/\/kohenavocats.com\/ru\/#organization"},"potentialAction":[{"@type":"SearchAction","target":{"@type":"EntryPoint","urlTemplate":"https:\/\/kohenavocats.com\/ru\/?s={search_term_string}"},"query-input":{"@type":"PropertyValueSpecification","valueRequired":true,"valueName":"search_term_string"}}],"inLanguage":"ru-RU"},{"@type":"Organization","@id":"https:\/\/kohenavocats.com\/ru\/#organization","name":"Kohen Avocats","url":"https:\/\/kohenavocats.com\/ru\/","logo":{"@type":"ImageObject","inLanguage":"ru-RU","@id":"https:\/\/kohenavocats.com\/ru\/#\/schema\/logo\/image\/","url":"https:\/\/kohenavocats.com\/wp-content\/uploads\/2026\/01\/Logo-2-1.webp","contentUrl":"https:\/\/kohenavocats.com\/wp-content\/uploads\/2026\/01\/Logo-2-1.webp","width":2114,"height":1253,"caption":"Kohen Avocats"},"image":{"@id":"https:\/\/kohenavocats.com\/ru\/#\/schema\/logo\/image\/"}},{"@type":"Person","@id":"https:\/\/kohenavocats.com\/ru\/#\/schema\/person\/761c9ba54fa1ca84d405cef0831ff751","name":"Kohen","image":{"@type":"ImageObject","inLanguage":"ru-RU","@id":"https:\/\/secure.gravatar.com\/avatar\/1c5e76ef76bbbfdd2b4da984e2bf2fa4056fd51a27d25ce2c332047f1dfd6e00?s=96&d=identicon&r=g","url":"https:\/\/secure.gravatar.com\/avatar\/1c5e76ef76bbbfdd2b4da984e2bf2fa4056fd51a27d25ce2c332047f1dfd6e00?s=96&d=identicon&r=g","contentUrl":"https:\/\/secure.gravatar.com\/avatar\/1c5e76ef76bbbfdd2b4da984e2bf2fa4056fd51a27d25ce2c332047f1dfd6e00?s=96&d=identicon&r=g","caption":"Kohen"},"sameAs":["https:\/\/www.linkedin.com\/in\/hassan-kohen-448548192\/","https:\/\/www.youtube.com\/@Kohen-Avocats"],"url":"https:\/\/kohenavocats.com\/ru\/author\/kohenmlk\/"}]}},"jetpack_featured_media_url":"https:\/\/kohenavocats.com\/wp-content\/uploads\/2024\/08\/venus-major-dRu-1z24xCw-unsplash.webp","jetpack_likes_enabled":false,"jetpack_shortlink":"https:\/\/wp.me\/peCrII-2MR5","jetpack-related-posts":[{"id":543413,"url":"https:\/\/kohenavocats.com\/ru\/cour-dappel-de-douai-le-25-septembre-2025-n24-01714\/","url_meta":{"origin":664459,"position":0},"title":"Cour d&#8217;appel de Douai, le 25 septembre 2025, n\u00b024\/01714","author":"Kohen","date":"09.04.2026","format":false,"excerpt":"La cour d'appel de Douai, statuant le 14 mars 2025, examine un litige contractuel entre un fournisseur de services t\u00e9l\u00e9phoniques et son client. Le premier...","rel":"","context":"\u0412 &quot;Cour d'appel&quot;","block_context":{"text":"Cour d'appel","link":"https:\/\/kohenavocats.com\/category\/cour-dappel\/"},"img":{"alt_text":"","src":"https:\/\/i0.wp.com\/kohenavocats.com\/wp-content\/uploads\/2024\/08\/is-chessyca-ms276CveJPY-unsplash.webp?resize=350%2C200&ssl=1","width":350,"height":200,"srcset":"https:\/\/i0.wp.com\/kohenavocats.com\/wp-content\/uploads\/2024\/08\/is-chessyca-ms276CveJPY-unsplash.webp?resize=350%2C200&ssl=1 1x, https:\/\/i0.wp.com\/kohenavocats.com\/wp-content\/uploads\/2024\/08\/is-chessyca-ms276CveJPY-unsplash.webp?resize=525%2C300&ssl=1 1.5x, https:\/\/i0.wp.com\/kohenavocats.com\/wp-content\/uploads\/2024\/08\/is-chessyca-ms276CveJPY-unsplash.webp?resize=700%2C400&ssl=1 2x, https:\/\/i0.wp.com\/kohenavocats.com\/wp-content\/uploads\/2024\/08\/is-chessyca-ms276CveJPY-unsplash.webp?resize=1050%2C600&ssl=1 3x, https:\/\/i0.wp.com\/kohenavocats.com\/wp-content\/uploads\/2024\/08\/is-chessyca-ms276CveJPY-unsplash.webp?resize=1400%2C800&ssl=1 4x"},"classes":[]},{"id":499166,"url":"https:\/\/kohenavocats.com\/ru\/tribunal-judiciaire-de-paris-le-14-mars-2025-n25-00659\/","url_meta":{"origin":664459,"position":1},"title":"Tribunal judiciaire de Paris, le 14 mars 2025, n\u00b025\/00659","author":"Kohen","date":"08.04.2026","format":false,"excerpt":"Le tribunal judiciaire de Paris, statuant en r\u00e9f\u00e9r\u00e9 le 14 mars 2025, examine une demande d\u2019une soci\u00e9t\u00e9 de distribution de gaz. Celle-ci sollicite l\u2019autorisat...","rel":"","context":"\u0412 &quot;Jurisprudence&quot;","block_context":{"text":"Jurisprudence","link":"https:\/\/kohenavocats.com\/category\/jurisprudence\/"},"img":{"alt_text":"","src":"https:\/\/i0.wp.com\/kohenavocats.com\/wp-content\/uploads\/2024\/11\/getty-images-KP0uq0vIgI4-unsplash.webp?resize=350%2C200&ssl=1","width":350,"height":200,"srcset":"https:\/\/i0.wp.com\/kohenavocats.com\/wp-content\/uploads\/2024\/11\/getty-images-KP0uq0vIgI4-unsplash.webp?resize=350%2C200&ssl=1 1x, https:\/\/i0.wp.com\/kohenavocats.com\/wp-content\/uploads\/2024\/11\/getty-images-KP0uq0vIgI4-unsplash.webp?resize=525%2C300&ssl=1 1.5x, https:\/\/i0.wp.com\/kohenavocats.com\/wp-content\/uploads\/2024\/11\/getty-images-KP0uq0vIgI4-unsplash.webp?resize=700%2C400&ssl=1 2x, https:\/\/i0.wp.com\/kohenavocats.com\/wp-content\/uploads\/2024\/11\/getty-images-KP0uq0vIgI4-unsplash.webp?resize=1050%2C600&ssl=1 3x, https:\/\/i0.wp.com\/kohenavocats.com\/wp-content\/uploads\/2024\/11\/getty-images-KP0uq0vIgI4-unsplash.webp?resize=1400%2C800&ssl=1 4x"},"classes":[]},{"id":417526,"url":"https:\/\/kohenavocats.com\/ru\/cour-dappel-de-paris-le-9-mars-2012-n10-10173\/","url_meta":{"origin":664459,"position":2},"title":"Cour d&#8217;appel de Paris, le 9 mars 2012, n\u00b010\/10173","author":"Kohen","date":"22.03.2026","format":false,"excerpt":"La Cour d\u2019appel de Paris, dans un arr\u00eat du 9 mars 2012, r\u00e9forme un jugement du tribunal de commerce de Bobigny du 30 mars 2010. Cette d\u00e9cision tranche un litige n\u00e9 d\u2019une op\u00e9ration triangulaire de cr\u00e9dit-bail portant sur du mat\u00e9riel informatique. Le fournisseur avait vendu le mat\u00e9riel \u00e0 une soci\u00e9t\u00e9\u2026","rel":"","context":"\u0412 &quot;Cour d'appel&quot;","block_context":{"text":"Cour d'appel","link":"https:\/\/kohenavocats.com\/category\/cour-dappel\/"},"img":{"alt_text":"","src":"https:\/\/i0.wp.com\/kohenavocats.com\/wp-content\/uploads\/2024\/08\/pavan-trikutam-poNsj-vya34-unsplash.webp?resize=350%2C200&ssl=1","width":350,"height":200,"srcset":"https:\/\/i0.wp.com\/kohenavocats.com\/wp-content\/uploads\/2024\/08\/pavan-trikutam-poNsj-vya34-unsplash.webp?resize=350%2C200&ssl=1 1x, https:\/\/i0.wp.com\/kohenavocats.com\/wp-content\/uploads\/2024\/08\/pavan-trikutam-poNsj-vya34-unsplash.webp?resize=525%2C300&ssl=1 1.5x, https:\/\/i0.wp.com\/kohenavocats.com\/wp-content\/uploads\/2024\/08\/pavan-trikutam-poNsj-vya34-unsplash.webp?resize=700%2C400&ssl=1 2x, https:\/\/i0.wp.com\/kohenavocats.com\/wp-content\/uploads\/2024\/08\/pavan-trikutam-poNsj-vya34-unsplash.webp?resize=1050%2C600&ssl=1 3x, https:\/\/i0.wp.com\/kohenavocats.com\/wp-content\/uploads\/2024\/08\/pavan-trikutam-poNsj-vya34-unsplash.webp?resize=1400%2C800&ssl=1 4x"},"classes":[]},{"id":745510,"url":"https:\/\/kohenavocats.com\/ru\/cour-dappel-de-douai-le-22-janvier-2026-n24-00745\/","url_meta":{"origin":664459,"position":3},"title":"Cour d&#8217;appel de Douai, le 22 janvier 2026, n\u00b024\/00745","author":"Kohen","date":"29.04.2026","format":false,"excerpt":"La cour d\u2019appel de Douai, dans un arr\u00eat du 22 janvier 2026, a statu\u00e9 sur la r\u00e9siliation anticip\u00e9e de deux contrats de t\u00e9l\u00e9phonie et internet. Un client...","rel":"","context":"\u0412 &quot;Cour d'appel&quot;","block_context":{"text":"Cour d'appel","link":"https:\/\/kohenavocats.com\/category\/cour-dappel\/"},"img":{"alt_text":"","src":"https:\/\/i0.wp.com\/kohenavocats.com\/wp-content\/uploads\/2024\/08\/zoltan-tasi-Fdt2aSbdRig-unsplash.webp?resize=350%2C200&ssl=1","width":350,"height":200,"srcset":"https:\/\/i0.wp.com\/kohenavocats.com\/wp-content\/uploads\/2024\/08\/zoltan-tasi-Fdt2aSbdRig-unsplash.webp?resize=350%2C200&ssl=1 1x, https:\/\/i0.wp.com\/kohenavocats.com\/wp-content\/uploads\/2024\/08\/zoltan-tasi-Fdt2aSbdRig-unsplash.webp?resize=525%2C300&ssl=1 1.5x, https:\/\/i0.wp.com\/kohenavocats.com\/wp-content\/uploads\/2024\/08\/zoltan-tasi-Fdt2aSbdRig-unsplash.webp?resize=700%2C400&ssl=1 2x, https:\/\/i0.wp.com\/kohenavocats.com\/wp-content\/uploads\/2024\/08\/zoltan-tasi-Fdt2aSbdRig-unsplash.webp?resize=1050%2C600&ssl=1 3x, https:\/\/i0.wp.com\/kohenavocats.com\/wp-content\/uploads\/2024\/08\/zoltan-tasi-Fdt2aSbdRig-unsplash.webp?resize=1400%2C800&ssl=1 4x"},"classes":[]},{"id":440177,"url":"https:\/\/kohenavocats.com\/ru\/cour-dappel-de-paris-le-1-juin-2011-n09-28142\/","url_meta":{"origin":664459,"position":4},"title":"Cour d&#8217;appel de Paris, le 1 juin 2011, n\u00b009\/28142","author":"Kohen","date":"28.03.2026","format":false,"excerpt":"La Cour d\u2019appel de Paris, dans un arr\u00eat du 1er juin 2011, a \u00e9t\u00e9 saisie d\u2019un litige complexe n\u00e9 de la d\u00e9faillance d\u2019une unit\u00e9 de conditionnement automatis\u00e9e de fruits. L\u2019acqu\u00e9reur, plac\u00e9 en redressement judiciaire, avait assign\u00e9 le fournisseur et les cr\u00e9dit-bailleurs en r\u00e9solution des contrats et en responsabilit\u00e9. Le Tribunal\u2026","rel":"","context":"\u0412 &quot;Cour d'appel&quot;","block_context":{"text":"Cour d'appel","link":"https:\/\/kohenavocats.com\/category\/cour-dappel\/"},"img":{"alt_text":"","src":"https:\/\/i0.wp.com\/kohenavocats.com\/wp-content\/uploads\/2024\/11\/getty-images-qZQ7l1FLcgI-unsplash.webp?resize=350%2C200&ssl=1","width":350,"height":200,"srcset":"https:\/\/i0.wp.com\/kohenavocats.com\/wp-content\/uploads\/2024\/11\/getty-images-qZQ7l1FLcgI-unsplash.webp?resize=350%2C200&ssl=1 1x, https:\/\/i0.wp.com\/kohenavocats.com\/wp-content\/uploads\/2024\/11\/getty-images-qZQ7l1FLcgI-unsplash.webp?resize=525%2C300&ssl=1 1.5x, https:\/\/i0.wp.com\/kohenavocats.com\/wp-content\/uploads\/2024\/11\/getty-images-qZQ7l1FLcgI-unsplash.webp?resize=700%2C400&ssl=1 2x, https:\/\/i0.wp.com\/kohenavocats.com\/wp-content\/uploads\/2024\/11\/getty-images-qZQ7l1FLcgI-unsplash.webp?resize=1050%2C600&ssl=1 3x, https:\/\/i0.wp.com\/kohenavocats.com\/wp-content\/uploads\/2024\/11\/getty-images-qZQ7l1FLcgI-unsplash.webp?resize=1400%2C800&ssl=1 4x"},"classes":[]},{"id":434305,"url":"https:\/\/kohenavocats.com\/ru\/cour-dappel-de-douai-le-16-mars-2011-n10-02889\/","url_meta":{"origin":664459,"position":5},"title":"Cour d&#8217;appel de Douai, le 16 mars 2011, n\u00b010\/02889","author":"Kohen","date":"24.03.2026","format":false,"excerpt":"La Cour d\u2019appel de Douai, dans un arr\u00eat du 16 mars 2011, confirme une ordonnance de r\u00e9f\u00e9r\u00e9 du tribunal de commerce de Lille. Deux soci\u00e9t\u00e9s civiles immobili\u00e8res reprochaient \u00e0 leur banque un retard et un refus dans l\u2019ex\u00e9cution d\u2019ordres de virement. La banque justifiait son attitude par le refus des\u2026","rel":"","context":"\u0412 &quot;Cour d'appel&quot;","block_context":{"text":"Cour d'appel","link":"https:\/\/kohenavocats.com\/category\/cour-dappel\/"},"img":{"alt_text":"","src":"https:\/\/i0.wp.com\/kohenavocats.com\/wp-content\/uploads\/2024\/07\/jez-timms-vTKLujPJecw-unsplash.webp?resize=350%2C200&ssl=1","width":350,"height":200,"srcset":"https:\/\/i0.wp.com\/kohenavocats.com\/wp-content\/uploads\/2024\/07\/jez-timms-vTKLujPJecw-unsplash.webp?resize=350%2C200&ssl=1 1x, https:\/\/i0.wp.com\/kohenavocats.com\/wp-content\/uploads\/2024\/07\/jez-timms-vTKLujPJecw-unsplash.webp?resize=525%2C300&ssl=1 1.5x, https:\/\/i0.wp.com\/kohenavocats.com\/wp-content\/uploads\/2024\/07\/jez-timms-vTKLujPJecw-unsplash.webp?resize=700%2C400&ssl=1 2x, https:\/\/i0.wp.com\/kohenavocats.com\/wp-content\/uploads\/2024\/07\/jez-timms-vTKLujPJecw-unsplash.webp?resize=1050%2C600&ssl=1 3x, https:\/\/i0.wp.com\/kohenavocats.com\/wp-content\/uploads\/2024\/07\/jez-timms-vTKLujPJecw-unsplash.webp?resize=1400%2C800&ssl=1 4x"},"classes":[]}],"jetpack_sharing_enabled":true,"_links":{"self":[{"href":"https:\/\/kohenavocats.com\/ru\/wp-json\/wp\/v2\/posts\/664459","targetHints":{"allow":["GET"]}}],"collection":[{"href":"https:\/\/kohenavocats.com\/ru\/wp-json\/wp\/v2\/posts"}],"about":[{"href":"https:\/\/kohenavocats.com\/ru\/wp-json\/wp\/v2\/types\/post"}],"author":[{"embeddable":true,"href":"https:\/\/kohenavocats.com\/ru\/wp-json\/wp\/v2\/users\/232070755"}],"replies":[{"embeddable":true,"href":"https:\/\/kohenavocats.com\/ru\/wp-json\/wp\/v2\/comments?post=664459"}],"version-history":[{"count":0,"href":"https:\/\/kohenavocats.com\/ru\/wp-json\/wp\/v2\/posts\/664459\/revisions"}],"wp:featuredmedia":[{"embeddable":true,"href":"https:\/\/kohenavocats.com\/ru\/wp-json\/wp\/v2\/media\/4736"}],"wp:attachment":[{"href":"https:\/\/kohenavocats.com\/ru\/wp-json\/wp\/v2\/media?parent=664459"}],"wp:term":[{"taxonomy":"category","embeddable":true,"href":"https:\/\/kohenavocats.com\/ru\/wp-json\/wp\/v2\/categories?post=664459"},{"taxonomy":"post_tag","embeddable":true,"href":"https:\/\/kohenavocats.com\/ru\/wp-json\/wp\/v2\/tags?post=664459"}],"curies":[{"name":"wp","href":"https:\/\/api.w.org\/{rel}","templated":true}]}}