{"id":664500,"date":"2026-04-23T22:47:01","date_gmt":"2026-04-23T20:47:01","guid":{"rendered":"https:\/\/kohenavocats.com\/cour-dappel-le-26-juin-2025-n24-13057\/"},"modified":"2026-04-23T22:47:01","modified_gmt":"2026-04-23T20:47:01","slug":"cour-dappel-le-26-juin-2025-n24-13057","status":"publish","type":"post","link":"https:\/\/kohenavocats.com\/ru\/cour-dappel-le-26-juin-2025-n24-13057\/","title":{"rendered":"Cour d&#8217;appel, le 26 juin 2025, n\u00b024\/13057"},"content":{"rendered":"<div class=\"article-content\">\n<p>La cour d&#8217;appel, statuant le 26 juin 2025, confirme une ordonnance de r\u00e9f\u00e9r\u00e9 malgr\u00e9 un appel. Elle d\u00e9clare irrecevables des conclusions tardives et rejette l&#8217;appel principal pour vice de forme dans la r\u00e9daction des conclusions. La solution sanctionne rigoureusement le non-respect des exigences proc\u00e9durales de l&#8217;appel.<\/p>\n<p>Le formalisme strict de la proc\u00e9dure d&#8217;appel<\/p>\n<p>L&#8217;exigence d&#8217;une structuration imp\u00e9rative des \u00e9critures. La cour rappelle avec fermet\u00e9 les conditions de recevabilit\u00e9 des conclusions d&#8217;appel. Elle applique l&#8217;article 954 du code de proc\u00e9dure civile qui impose une formulation pr\u00e9cise des pr\u00e9tentions. &#171;La cour ne statue que sur les pr\u00e9tentions \u00e9nonc\u00e9es au dispositif&#187; (article 954 du code de proc\u00e9dure civile). Cette lecture stricte vise \u00e0 garantir la s\u00e9curit\u00e9 juridique et la loyaut\u00e9 des d\u00e9bats. Elle consacre une approche formaliste o\u00f9 la forme conditionne l&#8217;examen du fond.<\/p>\n<p>La sanction du d\u00e9faut de demande expresse d&#8217;infirmation. Le rejet de l&#8217;appel d\u00e9coule directement d&#8217;un vice de r\u00e9daction dans le dispositif des conclusions. La cour estime que l&#8217;appelant n&#8217;a pas correctement li\u00e9 ses pr\u00e9tentions au fond \u00e0 une demande de r\u00e9formation de la d\u00e9cision. &#171;Lorsque l&#8217;appelant ne demande, dans le dispositif de ses conclusions, ni l&#8217;infirmation, ni la r\u00e9formation, ni l&#8217;annulation du jugement, la cour d&#8217;appel ne peut que confirmer le jugement&#187; (Motifs de la d\u00e9cision). Cette rigueur proc\u00e9durale limite strictement le pouvoir d&#8217;office de la cour d&#8217;appel.<\/p>\n<p>La port\u00e9e limit\u00e9e du contr\u00f4le et les garanties du proc\u00e8s \u00e9quitable<\/p>\n<p>L&#8217;absence de contr\u00f4le sur le fond du r\u00e9f\u00e9r\u00e9. En rejetant l&#8217;appel pour des motifs de forme, la cour s&#8217;interdit tout examen des moyens au fond soulev\u00e9s contre l&#8217;ordonnance de r\u00e9f\u00e9r\u00e9. Les arguments relatifs \u00e0 l&#8217;urgence ou au trouble manifestement illicite ne sont pas analys\u00e9s. Cette solution prot\u00e8ge l&#8217;autorit\u00e9 de la chose jug\u00e9e de la d\u00e9cision de premi\u00e8re instance. Elle illustre la priorit\u00e9 donn\u00e9e au respect des r\u00e8gles proc\u00e9durales sur l&#8217;examen des m\u00e9rites de la cause.<\/p>\n<p>La conformit\u00e9 aux exigences du proc\u00e8s \u00e9quitable. La cour \u00e9carte express\u00e9ment l&#8217;argument d&#8217;une violation du droit \u00e0 un proc\u00e8s \u00e9quitable. Elle estime que l&#8217;application stricte des r\u00e8gles de forme ne prive pas l&#8217;appelant de son droit d&#8217;acc\u00e8s \u00e0 un juge. &#171;L&#8217;application de cette r\u00e8gle de proc\u00e9dure [&#8230;] ne contrevient pas, en elle-m\u00eame, aux exigences de l&#8217;article 6, \u00a7 1 de la convention&#187; (Motifs de la d\u00e9cision). Cette affirmation r\u00e9affirme la l\u00e9gitimit\u00e9 d&#8217;un formalisme proc\u00e9dural raisonnable au nom de la bonne administration de la justice.<\/p>\n<p>Cette d\u00e9cision renforce l&#8217;importance cruciale du respect des formes en appel. Elle rappelle aux praticiens que la technicit\u00e9 de la r\u00e9daction des conclusions peut \u00eatre fatale. La cour privil\u00e9gie la s\u00e9curit\u00e9 proc\u00e9durale et la clart\u00e9 des d\u00e9bats, au risque d&#8217;une sanction pouvant para\u00eetre s\u00e9v\u00e8re. Elle consacre une jurisprudence exigeante sur la structuration des \u00e9critures, limitant son propre pouvoir d&#8217;instruction.<\/p>\n<\/div>\n","protected":false},"excerpt":{"rendered":"<p>La cour d&#8217;appel, statuant le 26 juin 2025, confirme une ordonnance de r\u00e9f\u00e9r\u00e9 malgr\u00e9 un appel. Elle d\u00e9clare irrecevables des conclusions tardives et rejette l&#8230;<\/p>\n","protected":false},"author":232070755,"featured_media":4837,"comment_status":"open","ping_status":"open","sticky":false,"template":"","format":"standard","meta":{"_crdt_document":"","_jetpack_newsletter_access":"","_jetpack_dont_email_post_to_subs":false,"_jetpack_newsletter_tier_id":0,"_jetpack_memberships_contains_paywalled_content":false,"_kj_source_type":"judilibre","_kj_official_id":"68d62a06c52dd73e0dd8f489","_kj_official_url":"https:\/\/www.courdecassation.fr\/decision\/68d62a06c52dd73e0dd8f489","_kj_judilibre_id":"68d62a06c52dd73e0dd8f489","_kj_jur":"Cour d'appel","_kj_lieu":"Cour d'appel d'Aix-en-Provence","_kj_chambre":"Chambre 1-2","_kj_rg":"24\/13057","_kj_date":"2025-09-25","_jetpack_memberships_contains_paid_content":false,"footnotes":"","jetpack_post_was_ever_published":false},"categories":[7597],"tags":[],"class_list":["post-664500","post","type-post","status-publish","format-standard","has-post-thumbnail","hentry","category-jurisprudence"],"yoast_head":"<!-- This site is optimized with the Yoast SEO Premium plugin v27.5 (Yoast SEO v27.5) - https:\/\/yoast.com\/product\/yoast-seo-premium-wordpress\/ -->\n<title>Cour d&#039;appel, le 26 juin 2025, n\u00b024\/13057 - Ma\u00eetre Hassan Kohen, avocat en droit p\u00e9nal \u00e0 Paris<\/title>\n<meta name=\"description\" content=\"La cour d&#039;appel, statuant le 26 juin 2025, confirme une ordonnance de r\u00e9f\u00e9r\u00e9 malgr\u00e9 un appel. Elle d\u00e9clare irrecevables des conclusions tardives et rejette l...\" \/>\n<meta name=\"robots\" content=\"index, follow, max-snippet:-1, max-image-preview:large, max-video-preview:-1\" \/>\n<link rel=\"canonical\" href=\"https:\/\/kohenavocats.com\/ru\/cour-dappel-le-26-juin-2025-n24-13057\/\" \/>\n<meta property=\"og:locale\" content=\"ru_RU\" \/>\n<meta property=\"og:type\" content=\"article\" \/>\n<meta property=\"og:title\" content=\"Cour d&#039;appel, le 26 juin 2025, n\u00b024\/13057\" \/>\n<meta property=\"og:description\" content=\"La cour d&#039;appel, statuant le 26 juin 2025, confirme une ordonnance de r\u00e9f\u00e9r\u00e9 malgr\u00e9 un appel. Elle d\u00e9clare irrecevables des conclusions tardives et rejette l...\" \/>\n<meta property=\"og:url\" content=\"https:\/\/kohenavocats.com\/ru\/cour-dappel-le-26-juin-2025-n24-13057\/\" \/>\n<meta property=\"og:site_name\" content=\"Ma\u00eetre Hassan Kohen, avocat en droit p\u00e9nal \u00e0 Paris\" \/>\n<meta property=\"article:published_time\" content=\"2026-04-23T20:47:01+00:00\" \/>\n<meta property=\"og:image\" content=\"https:\/\/kohenavocats.com\/wp-content\/uploads\/2024\/08\/daphne-be-frenchie-atTJIQ5kk3E-unsplash.webp\" \/>\n\t<meta property=\"og:image:width\" content=\"3936\" \/>\n\t<meta property=\"og:image:height\" content=\"2624\" \/>\n\t<meta property=\"og:image:type\" content=\"image\/webp\" \/>\n<meta name=\"author\" content=\"Kohen\" \/>\n<meta name=\"twitter:card\" content=\"summary_large_image\" \/>\n<meta name=\"twitter:label1\" content=\"\u041d\u0430\u043f\u0438\u0441\u0430\u043d\u043e \u0430\u0432\u0442\u043e\u0440\u043e\u043c\" \/>\n\t<meta name=\"twitter:data1\" content=\"Kohen\" \/>\n\t<meta name=\"twitter:label2\" content=\"\u041f\u0440\u0438\u043c\u0435\u0440\u043d\u043e\u0435 \u0432\u0440\u0435\u043c\u044f \u0434\u043b\u044f \u0447\u0442\u0435\u043d\u0438\u044f\" \/>\n\t<meta name=\"twitter:data2\" content=\"2 \u043c\u0438\u043d\u0443\u0442\u044b\" \/>\n<script type=\"application\/ld+json\" class=\"yoast-schema-graph\">{\"@context\":\"https:\\\/\\\/schema.org\",\"@graph\":[{\"@type\":\"Article\",\"@id\":\"https:\\\/\\\/kohenavocats.com\\\/ru\\\/cour-dappel-le-26-juin-2025-n24-13057\\\/#article\",\"isPartOf\":{\"@id\":\"https:\\\/\\\/kohenavocats.com\\\/ru\\\/cour-dappel-le-26-juin-2025-n24-13057\\\/\"},\"author\":{\"name\":\"Kohen\",\"@id\":\"https:\\\/\\\/kohenavocats.com\\\/ru\\\/#\\\/schema\\\/person\\\/761c9ba54fa1ca84d405cef0831ff751\"},\"headline\":\"Cour d&#8217;appel, le 26 juin 2025, n\u00b024\\\/13057\",\"datePublished\":\"2026-04-23T20:47:01+00:00\",\"mainEntityOfPage\":{\"@id\":\"https:\\\/\\\/kohenavocats.com\\\/ru\\\/cour-dappel-le-26-juin-2025-n24-13057\\\/\"},\"wordCount\":543,\"commentCount\":0,\"publisher\":{\"@id\":\"https:\\\/\\\/kohenavocats.com\\\/ru\\\/#organization\"},\"image\":{\"@id\":\"https:\\\/\\\/kohenavocats.com\\\/ru\\\/cour-dappel-le-26-juin-2025-n24-13057\\\/#primaryimage\"},\"thumbnailUrl\":\"https:\\\/\\\/kohenavocats.com\\\/wp-content\\\/uploads\\\/2024\\\/08\\\/daphne-be-frenchie-atTJIQ5kk3E-unsplash.webp\",\"articleSection\":[\"Jurisprudence\"],\"inLanguage\":\"ru-RU\",\"potentialAction\":[{\"@type\":\"CommentAction\",\"name\":\"Comment\",\"target\":[\"https:\\\/\\\/kohenavocats.com\\\/ru\\\/cour-dappel-le-26-juin-2025-n24-13057\\\/#respond\"]}],\"citation\":\"Cour d&#8217;appel, le 26 juin 2025, n\u00b024\\\/13057\",\"about\":[{\"@type\":\"Thing\",\"name\":\"Jurisprudence\"}],\"dateModified\":\"2026-04-23T20:47:01+00:00\",\"speakable\":{\"@type\":\"SpeakableSpecification\",\"cssSelector\":[\".article-content > p:first-of-type\"]}},{\"@type\":\"WebPage\",\"@id\":\"https:\\\/\\\/kohenavocats.com\\\/ru\\\/cour-dappel-le-26-juin-2025-n24-13057\\\/\",\"url\":\"https:\\\/\\\/kohenavocats.com\\\/ru\\\/cour-dappel-le-26-juin-2025-n24-13057\\\/\",\"name\":\"Cour d'appel, le 26 juin 2025, n\u00b024\\\/13057 - Ma\u00eetre Hassan Kohen, avocat en droit p\u00e9nal \u00e0 Paris\",\"isPartOf\":{\"@id\":\"https:\\\/\\\/kohenavocats.com\\\/ru\\\/#website\"},\"primaryImageOfPage\":{\"@id\":\"https:\\\/\\\/kohenavocats.com\\\/ru\\\/cour-dappel-le-26-juin-2025-n24-13057\\\/#primaryimage\"},\"image\":{\"@id\":\"https:\\\/\\\/kohenavocats.com\\\/ru\\\/cour-dappel-le-26-juin-2025-n24-13057\\\/#primaryimage\"},\"thumbnailUrl\":\"https:\\\/\\\/kohenavocats.com\\\/wp-content\\\/uploads\\\/2024\\\/08\\\/daphne-be-frenchie-atTJIQ5kk3E-unsplash.webp\",\"datePublished\":\"2026-04-23T20:47:01+00:00\",\"description\":\"La cour d'appel, statuant le 26 juin 2025, confirme une ordonnance de r\u00e9f\u00e9r\u00e9 malgr\u00e9 un appel. Elle d\u00e9clare irrecevables des conclusions tardives et rejette l...\",\"breadcrumb\":{\"@id\":\"https:\\\/\\\/kohenavocats.com\\\/ru\\\/cour-dappel-le-26-juin-2025-n24-13057\\\/#breadcrumb\"},\"inLanguage\":\"ru-RU\",\"potentialAction\":[{\"@type\":\"ReadAction\",\"target\":[\"https:\\\/\\\/kohenavocats.com\\\/ru\\\/cour-dappel-le-26-juin-2025-n24-13057\\\/\"]}]},{\"@type\":\"ImageObject\",\"inLanguage\":\"ru-RU\",\"@id\":\"https:\\\/\\\/kohenavocats.com\\\/ru\\\/cour-dappel-le-26-juin-2025-n24-13057\\\/#primaryimage\",\"url\":\"https:\\\/\\\/kohenavocats.com\\\/wp-content\\\/uploads\\\/2024\\\/08\\\/daphne-be-frenchie-atTJIQ5kk3E-unsplash.webp\",\"contentUrl\":\"https:\\\/\\\/kohenavocats.com\\\/wp-content\\\/uploads\\\/2024\\\/08\\\/daphne-be-frenchie-atTJIQ5kk3E-unsplash.webp\",\"width\":3936,\"height\":2624},{\"@type\":\"BreadcrumbList\",\"@id\":\"https:\\\/\\\/kohenavocats.com\\\/ru\\\/cour-dappel-le-26-juin-2025-n24-13057\\\/#breadcrumb\",\"itemListElement\":[{\"@type\":\"ListItem\",\"position\":1,\"name\":\"Home\",\"item\":\"https:\\\/\\\/kohenavocats.com\\\/ru\\\/avocats-en-droit-penal-a-paris-conseil-et-defense-strategique\\\/\"},{\"@type\":\"ListItem\",\"position\":2,\"name\":\"Cour d&rsquo;appel, le 26 juin 2025, n\u00b024\\\/13057\"}]},{\"@type\":\"WebSite\",\"@id\":\"https:\\\/\\\/kohenavocats.com\\\/ru\\\/#website\",\"url\":\"https:\\\/\\\/kohenavocats.com\\\/ru\\\/\",\"name\":\"Kohen Avocats\",\"description\":\"Ma\u00eetre Hassan Kohen, avocat p\u00e9naliste \u00e0 Paris, intervient exclusivement en droit p\u00e9nal pour la d\u00e9fense des particuliers, notamment en mati\u00e8re d\u2019accusations de viol. Il assure un accompagnement rigoureux d\u00e8s la garde \u00e0 vue jusqu\u2019\u00e0 la Cour d\u2019assises, veillant au strict respect des garanties proc\u00e9durales.\",\"publisher\":{\"@id\":\"https:\\\/\\\/kohenavocats.com\\\/ru\\\/#organization\"},\"potentialAction\":[{\"@type\":\"SearchAction\",\"target\":{\"@type\":\"EntryPoint\",\"urlTemplate\":\"https:\\\/\\\/kohenavocats.com\\\/ru\\\/?s={search_term_string}\"},\"query-input\":{\"@type\":\"PropertyValueSpecification\",\"valueRequired\":true,\"valueName\":\"search_term_string\"}}],\"inLanguage\":\"ru-RU\"},{\"@type\":\"Organization\",\"@id\":\"https:\\\/\\\/kohenavocats.com\\\/ru\\\/#organization\",\"name\":\"Kohen Avocats\",\"url\":\"https:\\\/\\\/kohenavocats.com\\\/ru\\\/\",\"logo\":{\"@type\":\"ImageObject\",\"inLanguage\":\"ru-RU\",\"@id\":\"https:\\\/\\\/kohenavocats.com\\\/ru\\\/#\\\/schema\\\/logo\\\/image\\\/\",\"url\":\"https:\\\/\\\/kohenavocats.com\\\/wp-content\\\/uploads\\\/2026\\\/01\\\/Logo-2-1.webp\",\"contentUrl\":\"https:\\\/\\\/kohenavocats.com\\\/wp-content\\\/uploads\\\/2026\\\/01\\\/Logo-2-1.webp\",\"width\":2114,\"height\":1253,\"caption\":\"Kohen Avocats\"},\"image\":{\"@id\":\"https:\\\/\\\/kohenavocats.com\\\/ru\\\/#\\\/schema\\\/logo\\\/image\\\/\"}},{\"@type\":\"Person\",\"@id\":\"https:\\\/\\\/kohenavocats.com\\\/ru\\\/#\\\/schema\\\/person\\\/761c9ba54fa1ca84d405cef0831ff751\",\"name\":\"Kohen\",\"image\":{\"@type\":\"ImageObject\",\"inLanguage\":\"ru-RU\",\"@id\":\"https:\\\/\\\/secure.gravatar.com\\\/avatar\\\/1c5e76ef76bbbfdd2b4da984e2bf2fa4056fd51a27d25ce2c332047f1dfd6e00?s=96&d=identicon&r=g\",\"url\":\"https:\\\/\\\/secure.gravatar.com\\\/avatar\\\/1c5e76ef76bbbfdd2b4da984e2bf2fa4056fd51a27d25ce2c332047f1dfd6e00?s=96&d=identicon&r=g\",\"contentUrl\":\"https:\\\/\\\/secure.gravatar.com\\\/avatar\\\/1c5e76ef76bbbfdd2b4da984e2bf2fa4056fd51a27d25ce2c332047f1dfd6e00?s=96&d=identicon&r=g\",\"caption\":\"Kohen\"},\"sameAs\":[\"https:\\\/\\\/www.linkedin.com\\\/in\\\/hassan-kohen-448548192\\\/\",\"https:\\\/\\\/www.youtube.com\\\/@Kohen-Avocats\"],\"url\":\"https:\\\/\\\/kohenavocats.com\\\/ru\\\/author\\\/kohenmlk\\\/\"}]}<\/script>\n<!-- \/ Yoast SEO Premium plugin. -->","yoast_head_json":{"title":"Cour d'appel, le 26 juin 2025, n\u00b024\/13057 - Ma\u00eetre Hassan Kohen, avocat en droit p\u00e9nal \u00e0 Paris","description":"La cour d'appel, statuant le 26 juin 2025, confirme une ordonnance de r\u00e9f\u00e9r\u00e9 malgr\u00e9 un appel. Elle d\u00e9clare irrecevables des conclusions tardives et rejette l...","robots":{"index":"index","follow":"follow","max-snippet":"max-snippet:-1","max-image-preview":"max-image-preview:large","max-video-preview":"max-video-preview:-1"},"canonical":"https:\/\/kohenavocats.com\/ru\/cour-dappel-le-26-juin-2025-n24-13057\/","og_locale":"ru_RU","og_type":"article","og_title":"Cour d'appel, le 26 juin 2025, n\u00b024\/13057","og_description":"La cour d'appel, statuant le 26 juin 2025, confirme une ordonnance de r\u00e9f\u00e9r\u00e9 malgr\u00e9 un appel. Elle d\u00e9clare irrecevables des conclusions tardives et rejette l...","og_url":"https:\/\/kohenavocats.com\/ru\/cour-dappel-le-26-juin-2025-n24-13057\/","og_site_name":"Ma\u00eetre Hassan Kohen, avocat en droit p\u00e9nal \u00e0 Paris","article_published_time":"2026-04-23T20:47:01+00:00","og_image":[{"width":3936,"height":2624,"url":"https:\/\/kohenavocats.com\/wp-content\/uploads\/2024\/08\/daphne-be-frenchie-atTJIQ5kk3E-unsplash.webp","type":"image\/webp"}],"author":"Kohen","twitter_card":"summary_large_image","twitter_misc":{"\u041d\u0430\u043f\u0438\u0441\u0430\u043d\u043e \u0430\u0432\u0442\u043e\u0440\u043e\u043c":"Kohen","\u041f\u0440\u0438\u043c\u0435\u0440\u043d\u043e\u0435 \u0432\u0440\u0435\u043c\u044f \u0434\u043b\u044f \u0447\u0442\u0435\u043d\u0438\u044f":"2 \u043c\u0438\u043d\u0443\u0442\u044b"},"schema":{"@context":"https:\/\/schema.org","@graph":[{"@type":"Article","@id":"https:\/\/kohenavocats.com\/ru\/cour-dappel-le-26-juin-2025-n24-13057\/#article","isPartOf":{"@id":"https:\/\/kohenavocats.com\/ru\/cour-dappel-le-26-juin-2025-n24-13057\/"},"author":{"name":"Kohen","@id":"https:\/\/kohenavocats.com\/ru\/#\/schema\/person\/761c9ba54fa1ca84d405cef0831ff751"},"headline":"Cour d&#8217;appel, le 26 juin 2025, n\u00b024\/13057","datePublished":"2026-04-23T20:47:01+00:00","mainEntityOfPage":{"@id":"https:\/\/kohenavocats.com\/ru\/cour-dappel-le-26-juin-2025-n24-13057\/"},"wordCount":543,"commentCount":0,"publisher":{"@id":"https:\/\/kohenavocats.com\/ru\/#organization"},"image":{"@id":"https:\/\/kohenavocats.com\/ru\/cour-dappel-le-26-juin-2025-n24-13057\/#primaryimage"},"thumbnailUrl":"https:\/\/kohenavocats.com\/wp-content\/uploads\/2024\/08\/daphne-be-frenchie-atTJIQ5kk3E-unsplash.webp","articleSection":["Jurisprudence"],"inLanguage":"ru-RU","potentialAction":[{"@type":"CommentAction","name":"Comment","target":["https:\/\/kohenavocats.com\/ru\/cour-dappel-le-26-juin-2025-n24-13057\/#respond"]}],"citation":"Cour d&#8217;appel, le 26 juin 2025, n\u00b024\/13057","about":[{"@type":"Thing","name":"Jurisprudence"}],"dateModified":"2026-04-23T20:47:01+00:00","speakable":{"@type":"SpeakableSpecification","cssSelector":[".article-content > p:first-of-type"]}},{"@type":"WebPage","@id":"https:\/\/kohenavocats.com\/ru\/cour-dappel-le-26-juin-2025-n24-13057\/","url":"https:\/\/kohenavocats.com\/ru\/cour-dappel-le-26-juin-2025-n24-13057\/","name":"Cour d'appel, le 26 juin 2025, n\u00b024\/13057 - Ma\u00eetre Hassan Kohen, avocat en droit p\u00e9nal \u00e0 Paris","isPartOf":{"@id":"https:\/\/kohenavocats.com\/ru\/#website"},"primaryImageOfPage":{"@id":"https:\/\/kohenavocats.com\/ru\/cour-dappel-le-26-juin-2025-n24-13057\/#primaryimage"},"image":{"@id":"https:\/\/kohenavocats.com\/ru\/cour-dappel-le-26-juin-2025-n24-13057\/#primaryimage"},"thumbnailUrl":"https:\/\/kohenavocats.com\/wp-content\/uploads\/2024\/08\/daphne-be-frenchie-atTJIQ5kk3E-unsplash.webp","datePublished":"2026-04-23T20:47:01+00:00","description":"La cour d'appel, statuant le 26 juin 2025, confirme une ordonnance de r\u00e9f\u00e9r\u00e9 malgr\u00e9 un appel. Elle d\u00e9clare irrecevables des conclusions tardives et rejette l...","breadcrumb":{"@id":"https:\/\/kohenavocats.com\/ru\/cour-dappel-le-26-juin-2025-n24-13057\/#breadcrumb"},"inLanguage":"ru-RU","potentialAction":[{"@type":"ReadAction","target":["https:\/\/kohenavocats.com\/ru\/cour-dappel-le-26-juin-2025-n24-13057\/"]}]},{"@type":"ImageObject","inLanguage":"ru-RU","@id":"https:\/\/kohenavocats.com\/ru\/cour-dappel-le-26-juin-2025-n24-13057\/#primaryimage","url":"https:\/\/kohenavocats.com\/wp-content\/uploads\/2024\/08\/daphne-be-frenchie-atTJIQ5kk3E-unsplash.webp","contentUrl":"https:\/\/kohenavocats.com\/wp-content\/uploads\/2024\/08\/daphne-be-frenchie-atTJIQ5kk3E-unsplash.webp","width":3936,"height":2624},{"@type":"BreadcrumbList","@id":"https:\/\/kohenavocats.com\/ru\/cour-dappel-le-26-juin-2025-n24-13057\/#breadcrumb","itemListElement":[{"@type":"ListItem","position":1,"name":"Home","item":"https:\/\/kohenavocats.com\/ru\/avocats-en-droit-penal-a-paris-conseil-et-defense-strategique\/"},{"@type":"ListItem","position":2,"name":"Cour d&rsquo;appel, le 26 juin 2025, n\u00b024\/13057"}]},{"@type":"WebSite","@id":"https:\/\/kohenavocats.com\/ru\/#website","url":"https:\/\/kohenavocats.com\/ru\/","name":"Kohen Avocats","description":"Ma\u00eetre Hassan Kohen, avocat p\u00e9naliste \u00e0 Paris, intervient exclusivement en droit p\u00e9nal pour la d\u00e9fense des particuliers, notamment en mati\u00e8re d\u2019accusations de viol. Il assure un accompagnement rigoureux d\u00e8s la garde \u00e0 vue jusqu\u2019\u00e0 la Cour d\u2019assises, veillant au strict respect des garanties proc\u00e9durales.","publisher":{"@id":"https:\/\/kohenavocats.com\/ru\/#organization"},"potentialAction":[{"@type":"SearchAction","target":{"@type":"EntryPoint","urlTemplate":"https:\/\/kohenavocats.com\/ru\/?s={search_term_string}"},"query-input":{"@type":"PropertyValueSpecification","valueRequired":true,"valueName":"search_term_string"}}],"inLanguage":"ru-RU"},{"@type":"Organization","@id":"https:\/\/kohenavocats.com\/ru\/#organization","name":"Kohen Avocats","url":"https:\/\/kohenavocats.com\/ru\/","logo":{"@type":"ImageObject","inLanguage":"ru-RU","@id":"https:\/\/kohenavocats.com\/ru\/#\/schema\/logo\/image\/","url":"https:\/\/kohenavocats.com\/wp-content\/uploads\/2026\/01\/Logo-2-1.webp","contentUrl":"https:\/\/kohenavocats.com\/wp-content\/uploads\/2026\/01\/Logo-2-1.webp","width":2114,"height":1253,"caption":"Kohen Avocats"},"image":{"@id":"https:\/\/kohenavocats.com\/ru\/#\/schema\/logo\/image\/"}},{"@type":"Person","@id":"https:\/\/kohenavocats.com\/ru\/#\/schema\/person\/761c9ba54fa1ca84d405cef0831ff751","name":"Kohen","image":{"@type":"ImageObject","inLanguage":"ru-RU","@id":"https:\/\/secure.gravatar.com\/avatar\/1c5e76ef76bbbfdd2b4da984e2bf2fa4056fd51a27d25ce2c332047f1dfd6e00?s=96&d=identicon&r=g","url":"https:\/\/secure.gravatar.com\/avatar\/1c5e76ef76bbbfdd2b4da984e2bf2fa4056fd51a27d25ce2c332047f1dfd6e00?s=96&d=identicon&r=g","contentUrl":"https:\/\/secure.gravatar.com\/avatar\/1c5e76ef76bbbfdd2b4da984e2bf2fa4056fd51a27d25ce2c332047f1dfd6e00?s=96&d=identicon&r=g","caption":"Kohen"},"sameAs":["https:\/\/www.linkedin.com\/in\/hassan-kohen-448548192\/","https:\/\/www.youtube.com\/@Kohen-Avocats"],"url":"https:\/\/kohenavocats.com\/ru\/author\/kohenmlk\/"}]}},"jetpack_featured_media_url":"https:\/\/kohenavocats.com\/wp-content\/uploads\/2024\/08\/daphne-be-frenchie-atTJIQ5kk3E-unsplash.webp","jetpack_likes_enabled":false,"jetpack_shortlink":"https:\/\/wp.me\/peCrII-2MRK","jetpack-related-posts":[{"id":763449,"url":"https:\/\/kohenavocats.com\/ru\/cour-dappel-de-amiens-le-13-janvier-2026-n23-03859\/","url_meta":{"origin":664500,"position":0},"title":"Cour d&#8217;appel de Amiens, le 13 janvier 2026, n\u00b023\/03859","author":"Kohen","date":"29.04.2026","format":false,"excerpt":"La cour d'appel d'Amiens, dans un arr\u00eat du 13 janvier 2026, a statu\u00e9 sur la responsabilit\u00e9 d'un fabricant et d'un applicateur de produit phytosanitaire....","rel":"","context":"\u0412 &quot;Cour d'appel&quot;","block_context":{"text":"Cour d'appel","link":"https:\/\/kohenavocats.com\/category\/cour-dappel\/"},"img":{"alt_text":"","src":"https:\/\/i0.wp.com\/kohenavocats.com\/wp-content\/uploads\/2024\/08\/pierre-chatel-innocenti-hJEqMutj3qc-unsplash.webp?resize=350%2C200&ssl=1","width":350,"height":200,"srcset":"https:\/\/i0.wp.com\/kohenavocats.com\/wp-content\/uploads\/2024\/08\/pierre-chatel-innocenti-hJEqMutj3qc-unsplash.webp?resize=350%2C200&ssl=1 1x, https:\/\/i0.wp.com\/kohenavocats.com\/wp-content\/uploads\/2024\/08\/pierre-chatel-innocenti-hJEqMutj3qc-unsplash.webp?resize=525%2C300&ssl=1 1.5x, https:\/\/i0.wp.com\/kohenavocats.com\/wp-content\/uploads\/2024\/08\/pierre-chatel-innocenti-hJEqMutj3qc-unsplash.webp?resize=700%2C400&ssl=1 2x, https:\/\/i0.wp.com\/kohenavocats.com\/wp-content\/uploads\/2024\/08\/pierre-chatel-innocenti-hJEqMutj3qc-unsplash.webp?resize=1050%2C600&ssl=1 3x, https:\/\/i0.wp.com\/kohenavocats.com\/wp-content\/uploads\/2024\/08\/pierre-chatel-innocenti-hJEqMutj3qc-unsplash.webp?resize=1400%2C800&ssl=1 4x"},"classes":[]},{"id":763450,"url":"https:\/\/kohenavocats.com\/ru\/cour-dappel-de-amiens-le-13-janvier-2026-n23-03859-2\/","url_meta":{"origin":664500,"position":1},"title":"Cour d&#8217;appel de Amiens, le 13 janvier 2026, n\u00b023\/03859","author":"Kohen","date":"29.04.2026","format":false,"excerpt":"La cour d'appel d'Amiens, dans un arr\u00eat du 13 janvier 2026, a statu\u00e9 sur la responsabilit\u00e9 d'un fabricant et d'un applicateur de produit phytosanitaire. Un a...","rel":"","context":"\u0412 &quot;Jurisprudence&quot;","block_context":{"text":"Jurisprudence","link":"https:\/\/kohenavocats.com\/category\/jurisprudence\/"},"img":{"alt_text":"","src":"https:\/\/i0.wp.com\/kohenavocats.com\/wp-content\/uploads\/2024\/08\/diane-picchiottino-PRFRLk75rKE-unsplash.webp?resize=350%2C200&ssl=1","width":350,"height":200,"srcset":"https:\/\/i0.wp.com\/kohenavocats.com\/wp-content\/uploads\/2024\/08\/diane-picchiottino-PRFRLk75rKE-unsplash.webp?resize=350%2C200&ssl=1 1x, https:\/\/i0.wp.com\/kohenavocats.com\/wp-content\/uploads\/2024\/08\/diane-picchiottino-PRFRLk75rKE-unsplash.webp?resize=525%2C300&ssl=1 1.5x, https:\/\/i0.wp.com\/kohenavocats.com\/wp-content\/uploads\/2024\/08\/diane-picchiottino-PRFRLk75rKE-unsplash.webp?resize=700%2C400&ssl=1 2x, https:\/\/i0.wp.com\/kohenavocats.com\/wp-content\/uploads\/2024\/08\/diane-picchiottino-PRFRLk75rKE-unsplash.webp?resize=1050%2C600&ssl=1 3x, https:\/\/i0.wp.com\/kohenavocats.com\/wp-content\/uploads\/2024\/08\/diane-picchiottino-PRFRLk75rKE-unsplash.webp?resize=1400%2C800&ssl=1 4x"},"classes":[]},{"id":720691,"url":"https:\/\/kohenavocats.com\/ru\/cour-dappel-de-toulouse-le-5-fevrier-2026-n24-01098\/","url_meta":{"origin":664500,"position":2},"title":"Cour d&#8217;appel de Toulouse, le 5 f\u00e9vrier 2026, n\u00b024\/01098","author":"Kohen","date":"28.04.2026","format":false,"excerpt":"La cour d'appel de Toulouse, dans un arr\u00eat du 5 f\u00e9vrier 2026, a statu\u00e9 sur la recevabilit\u00e9 d'un appel form\u00e9 par une assur\u00e9e sociale. Une salari\u00e9e avait d\u00e9cla...","rel":"","context":"\u0412 &quot;Jurisprudence&quot;","block_context":{"text":"Jurisprudence","link":"https:\/\/kohenavocats.com\/category\/jurisprudence\/"},"img":{"alt_text":"","src":"https:\/\/i0.wp.com\/kohenavocats.com\/wp-content\/uploads\/2024\/11\/getty-images-Au4I9ldgHKo-unsplash.webp?resize=350%2C200&ssl=1","width":350,"height":200,"srcset":"https:\/\/i0.wp.com\/kohenavocats.com\/wp-content\/uploads\/2024\/11\/getty-images-Au4I9ldgHKo-unsplash.webp?resize=350%2C200&ssl=1 1x, https:\/\/i0.wp.com\/kohenavocats.com\/wp-content\/uploads\/2024\/11\/getty-images-Au4I9ldgHKo-unsplash.webp?resize=525%2C300&ssl=1 1.5x, https:\/\/i0.wp.com\/kohenavocats.com\/wp-content\/uploads\/2024\/11\/getty-images-Au4I9ldgHKo-unsplash.webp?resize=700%2C400&ssl=1 2x, https:\/\/i0.wp.com\/kohenavocats.com\/wp-content\/uploads\/2024\/11\/getty-images-Au4I9ldgHKo-unsplash.webp?resize=1050%2C600&ssl=1 3x, https:\/\/i0.wp.com\/kohenavocats.com\/wp-content\/uploads\/2024\/11\/getty-images-Au4I9ldgHKo-unsplash.webp?resize=1400%2C800&ssl=1 4x"},"classes":[]},{"id":712205,"url":"https:\/\/kohenavocats.com\/ru\/cour-dappel-de-versailles-le-7-janvier-2026-n24-00083\/","url_meta":{"origin":664500,"position":3},"title":"Cour d&#8217;appel de Versailles, le 7 janvier 2026, n\u00b024\/00083","author":"Kohen","date":"27.04.2026","format":false,"excerpt":"L'arr\u00eat rendu par la cour d'appel de Versailles le 7 janvier 2026 constitue une d\u00e9cision de d\u00e9sistement d'appel. Un salari\u00e9 avait interjet\u00e9 appel d'un jugeme...","rel":"","context":"\u0412 &quot;Jurisprudence&quot;","block_context":{"text":"Jurisprudence","link":"https:\/\/kohenavocats.com\/category\/jurisprudence\/"},"img":{"alt_text":"","src":"https:\/\/i0.wp.com\/kohenavocats.com\/wp-content\/uploads\/2024\/07\/corentin-J5TYAxwQoM8-unsplash.webp?resize=350%2C200&ssl=1","width":350,"height":200,"srcset":"https:\/\/i0.wp.com\/kohenavocats.com\/wp-content\/uploads\/2024\/07\/corentin-J5TYAxwQoM8-unsplash.webp?resize=350%2C200&ssl=1 1x, https:\/\/i0.wp.com\/kohenavocats.com\/wp-content\/uploads\/2024\/07\/corentin-J5TYAxwQoM8-unsplash.webp?resize=525%2C300&ssl=1 1.5x, https:\/\/i0.wp.com\/kohenavocats.com\/wp-content\/uploads\/2024\/07\/corentin-J5TYAxwQoM8-unsplash.webp?resize=700%2C400&ssl=1 2x, https:\/\/i0.wp.com\/kohenavocats.com\/wp-content\/uploads\/2024\/07\/corentin-J5TYAxwQoM8-unsplash.webp?resize=1050%2C600&ssl=1 3x, https:\/\/i0.wp.com\/kohenavocats.com\/wp-content\/uploads\/2024\/07\/corentin-J5TYAxwQoM8-unsplash.webp?resize=1400%2C800&ssl=1 4x"},"classes":[]},{"id":139854,"url":"https:\/\/kohenavocats.com\/ru\/cour-dappel-de-rouen-le-13-juin-2025-n23-04185\/","url_meta":{"origin":664500,"position":4},"title":"Cour d&#8217;appel de Rouen, le 13 juin 2025, n\u00b023\/04185","author":"Kohen","date":"12.11.2025","format":false,"excerpt":"La d\u00e9cision comment\u00e9e est rendue par la Cour d'appel de Rouen, chambre sociale et des affaires de s\u00e9curit\u00e9 sociale, le 13 juin 2025. Le litige rel\u00e8ve du contentieux de la s\u00e9curit\u00e9 sociale et pose la question de la sanction attach\u00e9e \u00e0 la non-comparution de l'appelant.Un appel a \u00e9t\u00e9 interjet\u00e9 le\u2026","rel":"","context":"\u0412 &quot;Cour d'appel&quot;","block_context":{"text":"Cour d'appel","link":"https:\/\/kohenavocats.com\/category\/cour-dappel\/"},"img":{"alt_text":"","src":"https:\/\/i0.wp.com\/kohenavocats.com\/wp-content\/uploads\/2024\/06\/tingey-injury-law-firm-nSpj-Z12lX0-unsplash.jpg?resize=350%2C200&ssl=1","width":350,"height":200,"srcset":"https:\/\/i0.wp.com\/kohenavocats.com\/wp-content\/uploads\/2024\/06\/tingey-injury-law-firm-nSpj-Z12lX0-unsplash.jpg?resize=350%2C200&ssl=1 1x, https:\/\/i0.wp.com\/kohenavocats.com\/wp-content\/uploads\/2024\/06\/tingey-injury-law-firm-nSpj-Z12lX0-unsplash.jpg?resize=525%2C300&ssl=1 1.5x, https:\/\/i0.wp.com\/kohenavocats.com\/wp-content\/uploads\/2024\/06\/tingey-injury-law-firm-nSpj-Z12lX0-unsplash.jpg?resize=700%2C400&ssl=1 2x, https:\/\/i0.wp.com\/kohenavocats.com\/wp-content\/uploads\/2024\/06\/tingey-injury-law-firm-nSpj-Z12lX0-unsplash.jpg?resize=1050%2C600&ssl=1 3x, https:\/\/i0.wp.com\/kohenavocats.com\/wp-content\/uploads\/2024\/06\/tingey-injury-law-firm-nSpj-Z12lX0-unsplash.jpg?resize=1400%2C800&ssl=1 4x"},"classes":[]},{"id":762790,"url":"https:\/\/kohenavocats.com\/ru\/tribunal-judiciaire-de-lyon-le-13-janvier-2026-n25-07566\/","url_meta":{"origin":664500,"position":5},"title":"Tribunal judiciaire de Lyon, le 13 janvier 2026, n\u00b025\/07566","author":"Kohen","date":"29.04.2026","format":false,"excerpt":"Le jugement rendu par le juge de l\u2019ex\u00e9cution du tribunal judiciaire de Lyon le 13 janvier 2026 porte sur une demande de d\u00e9lais de paiement. Une soci\u00e9t\u00e9...","rel":"","context":"\u0412 &quot;D\u00e9cisions juridiques&quot;","block_context":{"text":"D\u00e9cisions juridiques","link":"https:\/\/kohenavocats.com\/category\/decisions-juridiques\/"},"img":{"alt_text":"","src":"https:\/\/i0.wp.com\/kohenavocats.com\/wp-content\/uploads\/2024\/11\/mohamed-nohassi-JRDWIrzOZpI-unsplash.webp?resize=350%2C200&ssl=1","width":350,"height":200,"srcset":"https:\/\/i0.wp.com\/kohenavocats.com\/wp-content\/uploads\/2024\/11\/mohamed-nohassi-JRDWIrzOZpI-unsplash.webp?resize=350%2C200&ssl=1 1x, https:\/\/i0.wp.com\/kohenavocats.com\/wp-content\/uploads\/2024\/11\/mohamed-nohassi-JRDWIrzOZpI-unsplash.webp?resize=525%2C300&ssl=1 1.5x, https:\/\/i0.wp.com\/kohenavocats.com\/wp-content\/uploads\/2024\/11\/mohamed-nohassi-JRDWIrzOZpI-unsplash.webp?resize=700%2C400&ssl=1 2x, https:\/\/i0.wp.com\/kohenavocats.com\/wp-content\/uploads\/2024\/11\/mohamed-nohassi-JRDWIrzOZpI-unsplash.webp?resize=1050%2C600&ssl=1 3x, https:\/\/i0.wp.com\/kohenavocats.com\/wp-content\/uploads\/2024\/11\/mohamed-nohassi-JRDWIrzOZpI-unsplash.webp?resize=1400%2C800&ssl=1 4x"},"classes":[]}],"jetpack_sharing_enabled":true,"_links":{"self":[{"href":"https:\/\/kohenavocats.com\/ru\/wp-json\/wp\/v2\/posts\/664500","targetHints":{"allow":["GET"]}}],"collection":[{"href":"https:\/\/kohenavocats.com\/ru\/wp-json\/wp\/v2\/posts"}],"about":[{"href":"https:\/\/kohenavocats.com\/ru\/wp-json\/wp\/v2\/types\/post"}],"author":[{"embeddable":true,"href":"https:\/\/kohenavocats.com\/ru\/wp-json\/wp\/v2\/users\/232070755"}],"replies":[{"embeddable":true,"href":"https:\/\/kohenavocats.com\/ru\/wp-json\/wp\/v2\/comments?post=664500"}],"version-history":[{"count":0,"href":"https:\/\/kohenavocats.com\/ru\/wp-json\/wp\/v2\/posts\/664500\/revisions"}],"wp:featuredmedia":[{"embeddable":true,"href":"https:\/\/kohenavocats.com\/ru\/wp-json\/wp\/v2\/media\/4837"}],"wp:attachment":[{"href":"https:\/\/kohenavocats.com\/ru\/wp-json\/wp\/v2\/media?parent=664500"}],"wp:term":[{"taxonomy":"category","embeddable":true,"href":"https:\/\/kohenavocats.com\/ru\/wp-json\/wp\/v2\/categories?post=664500"},{"taxonomy":"post_tag","embeddable":true,"href":"https:\/\/kohenavocats.com\/ru\/wp-json\/wp\/v2\/tags?post=664500"}],"curies":[{"name":"wp","href":"https:\/\/api.w.org\/{rel}","templated":true}]}}