{"id":665382,"date":"2026-04-23T23:41:34","date_gmt":"2026-04-23T21:41:34","guid":{"rendered":"https:\/\/kohenavocats.com\/tribunal-judiciaire-de-dijon-le-8-aout-2025-n25-00307\/"},"modified":"2026-04-23T23:41:34","modified_gmt":"2026-04-23T21:41:34","slug":"tribunal-judiciaire-de-dijon-le-8-aout-2025-n25-00307","status":"publish","type":"post","link":"https:\/\/kohenavocats.com\/ru\/tribunal-judiciaire-de-dijon-le-8-aout-2025-n25-00307\/","title":{"rendered":"Tribunal judiciaire de Dijon, le 8 ao\u00fbt 2025, n\u00b025\/00307"},"content":{"rendered":"<div class=\"article-content\">\n<p>Le tribunal judiciaire de Dijon, statuant en r\u00e9f\u00e9r\u00e9, a rendu une ordonnance le 8 ao\u00fbt 2025. Une soci\u00e9t\u00e9 gestionnaire d&#8217;un centre commercial demandait l&#8217;expulsion d&#8217;une soci\u00e9t\u00e9 exploitant un kiosque alimentaire, invoquant une r\u00e9siliation pour faute grave. L&#8217;exploitant s&#8217;opposait \u00e0 cette expulsion et sollicitait en retour plusieurs provisions. Le juge a rejet\u00e9 la demande d&#8217;expulsion mais a accord\u00e9 une provision sur les sommes dues par la gestionnaire. Cette d\u00e9cision d\u00e9limite avec pr\u00e9cision les pouvoirs du juge des r\u00e9f\u00e9r\u00e9s face \u00e0 des contestations s\u00e9rieuses sur le fond du droit.<\/p>\n<p>La d\u00e9limitation des pouvoirs du juge des r\u00e9f\u00e9r\u00e9s en pr\u00e9sence d&#8217;une contestation s\u00e9rieuse<\/p>\n<p>Le rejet de la demande d&#8217;expulsion illustre les limites du r\u00e9f\u00e9r\u00e9 en cas de trouble manifestement illicite. Le juge rappelle que l&#8217;article 835 du code de proc\u00e9dure civile lui permet d&#8217;ordonner des mesures pour faire cesser un tel trouble. &#171;Le trouble manifestement illicite d\u00e9signe toute perturbation r\u00e9sultant d&#8217;un fait mat\u00e9riel ou juridique qui directement ou indirectement constitue une violation \u00e9vidente de la r\u00e8gle de droit.&#187; (Motifs de la d\u00e9cision). Pour autant, son pouvoir cesse lorsque l&#8217;existence m\u00eame du trouble est s\u00e9rieusement d\u00e9battue. En l&#8217;esp\u00e8ce, la validit\u00e9 de la r\u00e9siliation et la nature commerciale du bail \u00e9taient vivement contest\u00e9es devant le juge du fond. D\u00e8s lors, caract\u00e9riser un trouble illicite aurait n\u00e9cessit\u00e9 de pr\u00e9juger du fond, ce que le juge des r\u00e9f\u00e9r\u00e9s s&#8217;est interdit. Cette solution rappelle que le r\u00e9f\u00e9r\u00e9 ne saurait \u00eatre une voie d\u00e9tourn\u00e9e pour trancher d\u00e9finitivement un litige complexe.<\/p>\n<p>La recevabilit\u00e9 de la demande de provision malgr\u00e9 un litige sur le fond<\/p>\n<p>L&#8217;octroi d&#8217;une provision sur les cr\u00e9ances p\u00e9cuniaires d\u00e9montre l&#8217;autonomie du r\u00e9f\u00e9r\u00e9 provision. Le juge applique l&#8217;article 835 alin\u00e9a 2 du code de proc\u00e9dure civile, qui exige que l&#8217;existence de l&#8217;obligation ne soit pas s\u00e9rieusement contestable. Il rel\u00e8ve que la soci\u00e9t\u00e9 gestionnaire encaissait les ventes pour le compte de l&#8217;exploitant. &#171;Il est \u00e9galement constant que depuis le 25 avril 2025, la soci\u00e9t\u00e9 [Localit\u00e9 5] Distribution n\u2019a pas op\u00e9r\u00e9 ce reversement&#187; (Motifs de la d\u00e9cision). Malgr\u00e9 le conflit sur la r\u00e9siliation du contrat, cette obligation de reversement des fonds encaiss\u00e9s appara\u00eet ind\u00e9pendante et incontestable en son principe. Le juge \u00e9carte ainsi l&#8217;argument d&#8217;une contestation s\u00e9rieuse globale pour isoler une cr\u00e9ance certaine. Cette analyse permet d&#8217;assurer une protection efficace du cr\u00e9ancier sans empi\u00e9ter sur la comp\u00e9tence du juge du fond.<\/p>\n<p>La distinction entre l&#8217;\u00e9tablissement du principe et l&#8217;\u00e9valuation du montant<\/p>\n<p>La d\u00e9cision op\u00e8re une s\u00e9paration nette entre le droit \u00e0 une provision et son quantum. Le juge constate que l&#8217;obligation de reverser le produit des ventes n&#8217;est pas s\u00e9rieusement contestable. &#171;Il n\u2019est donc pas s\u00e9rieusement contestable qu\u2019elle ait \u00e0 restituer ces sommes ind\u00fbment conserv\u00e9es&#187; (Motifs de la d\u00e9cision). En revanche, le montant pr\u00e9cis est inconnu du cr\u00e9ancier, la gestionnaire d\u00e9tenant seule les relev\u00e9s de caisse. Le juge ordonne donc le paiement des sommes &#171;conform\u00e9ment \u00e0 l\u2019historique des sorties caisse&#187;, apr\u00e8s d\u00e9duction de la commission convenue. Cette solution place \u00e0 la charge du d\u00e9biteur la justification du chiffre exact, prot\u00e9geant le cr\u00e9ancier d&#8217;une opacit\u00e9 qu&#8217;il n&#8217;a pas cr\u00e9\u00e9e. Elle assure une effectivit\u00e9 concr\u00e8te \u00e0 la provision accord\u00e9e.<\/p>\n<p>Le refus de statuer sur la responsabilit\u00e9 contractuelle<\/p>\n<p>Le juge refuse toute provision sur une demande indemnitaire fond\u00e9e sur la responsabilit\u00e9. La soci\u00e9t\u00e9 exploitante sollicitait une provision \u00e0 valoir sur des dommages-int\u00e9r\u00eats pour inex\u00e9cution contractuelle. Le juge estime que cette demande &#171;se heurte \u00e0 une contestation s\u00e9rieuse d\u00e8s lors que le principe de la responsabilit\u00e9 [&#8230;] est s\u00e9rieusement contestable&#187; (Motifs de la d\u00e9cision). Contrairement \u00e0 l&#8217;obligation de reversement, qui d\u00e9coulait d&#8217;un m\u00e9canisme factuel \u00e9tabli, la responsabilit\u00e9 suppose une appr\u00e9ciation complexe des manquements de chaque partie. Une telle appr\u00e9ciation exc\u00e8de les pouvoirs du juge des r\u00e9f\u00e9r\u00e9s lorsque les faits sont controvers\u00e9s. Ce refus maintient une fronti\u00e8re essentielle entre le provisoire et le d\u00e9finitif, pr\u00e9servant l&#8217;office du juge du fond.<\/p>\n<p>Cette ordonnance constitue une application rigoureuse des textes r\u00e9gissant le r\u00e9f\u00e9r\u00e9. Elle rappelle que le trouble manifestement illicite ne peut \u00eatre retenu lorsque sa caract\u00e9risation d\u00e9pend de la r\u00e9solution pr\u00e9alable d&#8217;une contestation s\u00e9rieuse sur le fond. \u00c0 l&#8217;inverse, elle montre la utilit\u00e9 du r\u00e9f\u00e9r\u00e9 provision pour assurer l&#8217;ex\u00e9cution d&#8217;obligations p\u00e9cuniaires dont le principe est incontestable, m\u00eame dans un contexte litigieux global. Elle offre ainsi une vision \u00e9quilibr\u00e9e, \u00e9vitant tant les d\u00e9nis de justice que les empi\u00e8tements sur l&#8217;instance au fond.<\/p>\n<\/div>\n","protected":false},"excerpt":{"rendered":"<p>Le tribunal judiciaire de Dijon, statuant en r\u00e9f\u00e9r\u00e9, a rendu une ordonnance le 8 ao\u00fbt 2025. Une soci\u00e9t\u00e9 gestionnaire d&#8217;un centre commercial demandait l&#8217;expul&#8230;<\/p>\n","protected":false},"author":232070755,"featured_media":9499,"comment_status":"open","ping_status":"open","sticky":false,"template":"","format":"standard","meta":{"_crdt_document":"","_jetpack_newsletter_access":"","_jetpack_dont_email_post_to_subs":false,"_jetpack_newsletter_tier_id":0,"_jetpack_memberships_contains_paywalled_content":false,"_kj_source_type":"judilibre","_kj_official_id":"68d6f805d22713eb88ca024c","_kj_official_url":"https:\/\/www.courdecassation.fr\/decision\/68d6f805d22713eb88ca024c","_kj_judilibre_id":"68d6f805d22713eb88ca024c","_kj_jur":"Tribunal judiciaire","_kj_lieu":"Tribunal judiciaire de Dijon","_kj_chambre":"R\u00e9f\u00e9r\u00e9","_kj_rg":"25\/00307","_kj_date":"2025-09-24","_jetpack_memberships_contains_paid_content":false,"footnotes":"","jetpack_post_was_ever_published":false},"categories":[7597],"tags":[],"class_list":["post-665382","post","type-post","status-publish","format-standard","has-post-thumbnail","hentry","category-jurisprudence"],"yoast_head":"<!-- This site is optimized with the Yoast SEO Premium plugin v27.5 (Yoast SEO v27.5) - https:\/\/yoast.com\/product\/yoast-seo-premium-wordpress\/ -->\n<title>Tribunal judiciaire de Dijon, le 8 ao\u00fbt 2025, n\u00b025\/00307 - Ma\u00eetre Hassan Kohen, avocat en droit p\u00e9nal \u00e0 Paris<\/title>\n<meta name=\"description\" content=\"Le tribunal judiciaire de Dijon, statuant en r\u00e9f\u00e9r\u00e9, a rendu une ordonnance le 8 ao\u00fbt 2025. Une soci\u00e9t\u00e9 gestionnaire d&#039;un centre commercial demandait l&#039;expul...\" \/>\n<meta name=\"robots\" content=\"index, follow, max-snippet:-1, max-image-preview:large, max-video-preview:-1\" \/>\n<link rel=\"canonical\" href=\"https:\/\/kohenavocats.com\/ru\/tribunal-judiciaire-de-dijon-le-8-aout-2025-n25-00307\/\" \/>\n<meta property=\"og:locale\" content=\"ru_RU\" \/>\n<meta property=\"og:type\" content=\"article\" \/>\n<meta property=\"og:title\" content=\"Tribunal judiciaire de Dijon, le 8 ao\u00fbt 2025, n\u00b025\/00307\" \/>\n<meta property=\"og:description\" content=\"Le tribunal judiciaire de Dijon, statuant en r\u00e9f\u00e9r\u00e9, a rendu une ordonnance le 8 ao\u00fbt 2025. Une soci\u00e9t\u00e9 gestionnaire d&#039;un centre commercial demandait l&#039;expul...\" \/>\n<meta property=\"og:url\" content=\"https:\/\/kohenavocats.com\/ru\/tribunal-judiciaire-de-dijon-le-8-aout-2025-n25-00307\/\" \/>\n<meta property=\"og:site_name\" content=\"Ma\u00eetre Hassan Kohen, avocat en droit p\u00e9nal \u00e0 Paris\" \/>\n<meta property=\"article:published_time\" content=\"2026-04-23T21:41:34+00:00\" \/>\n<meta property=\"og:image\" content=\"https:\/\/kohenavocats.com\/wp-content\/uploads\/2024\/11\/ave-calvar-o6Zd8_PweIA-unsplash.webp\" \/>\n\t<meta property=\"og:image:width\" content=\"4516\" \/>\n\t<meta property=\"og:image:height\" content=\"6154\" \/>\n\t<meta property=\"og:image:type\" content=\"image\/webp\" \/>\n<meta name=\"author\" content=\"Kohen\" \/>\n<meta name=\"twitter:card\" content=\"summary_large_image\" \/>\n<meta name=\"twitter:label1\" content=\"\u041d\u0430\u043f\u0438\u0441\u0430\u043d\u043e \u0430\u0432\u0442\u043e\u0440\u043e\u043c\" \/>\n\t<meta name=\"twitter:data1\" content=\"Kohen\" \/>\n\t<meta name=\"twitter:label2\" content=\"\u041f\u0440\u0438\u043c\u0435\u0440\u043d\u043e\u0435 \u0432\u0440\u0435\u043c\u044f \u0434\u043b\u044f \u0447\u0442\u0435\u043d\u0438\u044f\" \/>\n\t<meta name=\"twitter:data2\" content=\"4 \u043c\u0438\u043d\u0443\u0442\u044b\" \/>\n<script type=\"application\/ld+json\" class=\"yoast-schema-graph\">{\"@context\":\"https:\\\/\\\/schema.org\",\"@graph\":[{\"@type\":\"Article\",\"@id\":\"https:\\\/\\\/kohenavocats.com\\\/ru\\\/tribunal-judiciaire-de-dijon-le-8-aout-2025-n25-00307\\\/#article\",\"isPartOf\":{\"@id\":\"https:\\\/\\\/kohenavocats.com\\\/ru\\\/tribunal-judiciaire-de-dijon-le-8-aout-2025-n25-00307\\\/\"},\"author\":{\"name\":\"Kohen\",\"@id\":\"https:\\\/\\\/kohenavocats.com\\\/ru\\\/#\\\/schema\\\/person\\\/761c9ba54fa1ca84d405cef0831ff751\"},\"headline\":\"Tribunal judiciaire de Dijon, le 8 ao\u00fbt 2025, n\u00b025\\\/00307\",\"datePublished\":\"2026-04-23T21:41:34+00:00\",\"mainEntityOfPage\":{\"@id\":\"https:\\\/\\\/kohenavocats.com\\\/ru\\\/tribunal-judiciaire-de-dijon-le-8-aout-2025-n25-00307\\\/\"},\"wordCount\":861,\"commentCount\":0,\"publisher\":{\"@id\":\"https:\\\/\\\/kohenavocats.com\\\/ru\\\/#organization\"},\"image\":{\"@id\":\"https:\\\/\\\/kohenavocats.com\\\/ru\\\/tribunal-judiciaire-de-dijon-le-8-aout-2025-n25-00307\\\/#primaryimage\"},\"thumbnailUrl\":\"https:\\\/\\\/kohenavocats.com\\\/wp-content\\\/uploads\\\/2024\\\/11\\\/ave-calvar-o6Zd8_PweIA-unsplash.webp\",\"articleSection\":[\"Jurisprudence\"],\"inLanguage\":\"ru-RU\",\"potentialAction\":[{\"@type\":\"CommentAction\",\"name\":\"Comment\",\"target\":[\"https:\\\/\\\/kohenavocats.com\\\/ru\\\/tribunal-judiciaire-de-dijon-le-8-aout-2025-n25-00307\\\/#respond\"]}],\"citation\":\"Tribunal judiciaire de Dijon, le 8 ao\u00fbt 2025, n\u00b025\\\/00307\",\"about\":[{\"@type\":\"Thing\",\"name\":\"Jurisprudence\"}],\"dateModified\":\"2026-04-23T21:41:34+00:00\",\"speakable\":{\"@type\":\"SpeakableSpecification\",\"cssSelector\":[\".article-content > p:first-of-type\"]}},{\"@type\":\"WebPage\",\"@id\":\"https:\\\/\\\/kohenavocats.com\\\/ru\\\/tribunal-judiciaire-de-dijon-le-8-aout-2025-n25-00307\\\/\",\"url\":\"https:\\\/\\\/kohenavocats.com\\\/ru\\\/tribunal-judiciaire-de-dijon-le-8-aout-2025-n25-00307\\\/\",\"name\":\"Tribunal judiciaire de Dijon, le 8 ao\u00fbt 2025, n\u00b025\\\/00307 - Ma\u00eetre Hassan Kohen, avocat en droit p\u00e9nal \u00e0 Paris\",\"isPartOf\":{\"@id\":\"https:\\\/\\\/kohenavocats.com\\\/ru\\\/#website\"},\"primaryImageOfPage\":{\"@id\":\"https:\\\/\\\/kohenavocats.com\\\/ru\\\/tribunal-judiciaire-de-dijon-le-8-aout-2025-n25-00307\\\/#primaryimage\"},\"image\":{\"@id\":\"https:\\\/\\\/kohenavocats.com\\\/ru\\\/tribunal-judiciaire-de-dijon-le-8-aout-2025-n25-00307\\\/#primaryimage\"},\"thumbnailUrl\":\"https:\\\/\\\/kohenavocats.com\\\/wp-content\\\/uploads\\\/2024\\\/11\\\/ave-calvar-o6Zd8_PweIA-unsplash.webp\",\"datePublished\":\"2026-04-23T21:41:34+00:00\",\"description\":\"Le tribunal judiciaire de Dijon, statuant en r\u00e9f\u00e9r\u00e9, a rendu une ordonnance le 8 ao\u00fbt 2025. Une soci\u00e9t\u00e9 gestionnaire d'un centre commercial demandait l'expul...\",\"breadcrumb\":{\"@id\":\"https:\\\/\\\/kohenavocats.com\\\/ru\\\/tribunal-judiciaire-de-dijon-le-8-aout-2025-n25-00307\\\/#breadcrumb\"},\"inLanguage\":\"ru-RU\",\"potentialAction\":[{\"@type\":\"ReadAction\",\"target\":[\"https:\\\/\\\/kohenavocats.com\\\/ru\\\/tribunal-judiciaire-de-dijon-le-8-aout-2025-n25-00307\\\/\"]}]},{\"@type\":\"ImageObject\",\"inLanguage\":\"ru-RU\",\"@id\":\"https:\\\/\\\/kohenavocats.com\\\/ru\\\/tribunal-judiciaire-de-dijon-le-8-aout-2025-n25-00307\\\/#primaryimage\",\"url\":\"https:\\\/\\\/kohenavocats.com\\\/wp-content\\\/uploads\\\/2024\\\/11\\\/ave-calvar-o6Zd8_PweIA-unsplash.webp\",\"contentUrl\":\"https:\\\/\\\/kohenavocats.com\\\/wp-content\\\/uploads\\\/2024\\\/11\\\/ave-calvar-o6Zd8_PweIA-unsplash.webp\",\"width\":4516,\"height\":6154},{\"@type\":\"BreadcrumbList\",\"@id\":\"https:\\\/\\\/kohenavocats.com\\\/ru\\\/tribunal-judiciaire-de-dijon-le-8-aout-2025-n25-00307\\\/#breadcrumb\",\"itemListElement\":[{\"@type\":\"ListItem\",\"position\":1,\"name\":\"Home\",\"item\":\"https:\\\/\\\/kohenavocats.com\\\/ru\\\/avocats-en-droit-penal-a-paris-conseil-et-defense-strategique\\\/\"},{\"@type\":\"ListItem\",\"position\":2,\"name\":\"Tribunal judiciaire de Dijon, le 8 ao\u00fbt 2025, n\u00b025\\\/00307\"}]},{\"@type\":\"WebSite\",\"@id\":\"https:\\\/\\\/kohenavocats.com\\\/ru\\\/#website\",\"url\":\"https:\\\/\\\/kohenavocats.com\\\/ru\\\/\",\"name\":\"Kohen Avocats\",\"description\":\"Ma\u00eetre Hassan Kohen, avocat p\u00e9naliste \u00e0 Paris, intervient exclusivement en droit p\u00e9nal pour la d\u00e9fense des particuliers, notamment en mati\u00e8re d\u2019accusations de viol. Il assure un accompagnement rigoureux d\u00e8s la garde \u00e0 vue jusqu\u2019\u00e0 la Cour d\u2019assises, veillant au strict respect des garanties proc\u00e9durales.\",\"publisher\":{\"@id\":\"https:\\\/\\\/kohenavocats.com\\\/ru\\\/#organization\"},\"potentialAction\":[{\"@type\":\"SearchAction\",\"target\":{\"@type\":\"EntryPoint\",\"urlTemplate\":\"https:\\\/\\\/kohenavocats.com\\\/ru\\\/?s={search_term_string}\"},\"query-input\":{\"@type\":\"PropertyValueSpecification\",\"valueRequired\":true,\"valueName\":\"search_term_string\"}}],\"inLanguage\":\"ru-RU\"},{\"@type\":\"Organization\",\"@id\":\"https:\\\/\\\/kohenavocats.com\\\/ru\\\/#organization\",\"name\":\"Kohen Avocats\",\"url\":\"https:\\\/\\\/kohenavocats.com\\\/ru\\\/\",\"logo\":{\"@type\":\"ImageObject\",\"inLanguage\":\"ru-RU\",\"@id\":\"https:\\\/\\\/kohenavocats.com\\\/ru\\\/#\\\/schema\\\/logo\\\/image\\\/\",\"url\":\"https:\\\/\\\/kohenavocats.com\\\/wp-content\\\/uploads\\\/2026\\\/01\\\/Logo-2-1.webp\",\"contentUrl\":\"https:\\\/\\\/kohenavocats.com\\\/wp-content\\\/uploads\\\/2026\\\/01\\\/Logo-2-1.webp\",\"width\":2114,\"height\":1253,\"caption\":\"Kohen Avocats\"},\"image\":{\"@id\":\"https:\\\/\\\/kohenavocats.com\\\/ru\\\/#\\\/schema\\\/logo\\\/image\\\/\"}},{\"@type\":\"Person\",\"@id\":\"https:\\\/\\\/kohenavocats.com\\\/ru\\\/#\\\/schema\\\/person\\\/761c9ba54fa1ca84d405cef0831ff751\",\"name\":\"Kohen\",\"image\":{\"@type\":\"ImageObject\",\"inLanguage\":\"ru-RU\",\"@id\":\"https:\\\/\\\/secure.gravatar.com\\\/avatar\\\/1c5e76ef76bbbfdd2b4da984e2bf2fa4056fd51a27d25ce2c332047f1dfd6e00?s=96&d=identicon&r=g\",\"url\":\"https:\\\/\\\/secure.gravatar.com\\\/avatar\\\/1c5e76ef76bbbfdd2b4da984e2bf2fa4056fd51a27d25ce2c332047f1dfd6e00?s=96&d=identicon&r=g\",\"contentUrl\":\"https:\\\/\\\/secure.gravatar.com\\\/avatar\\\/1c5e76ef76bbbfdd2b4da984e2bf2fa4056fd51a27d25ce2c332047f1dfd6e00?s=96&d=identicon&r=g\",\"caption\":\"Kohen\"},\"sameAs\":[\"https:\\\/\\\/www.linkedin.com\\\/in\\\/hassan-kohen-448548192\\\/\",\"https:\\\/\\\/www.youtube.com\\\/@Kohen-Avocats\"],\"url\":\"https:\\\/\\\/kohenavocats.com\\\/ru\\\/author\\\/kohenmlk\\\/\"}]}<\/script>\n<!-- \/ Yoast SEO Premium plugin. -->","yoast_head_json":{"title":"Tribunal judiciaire de Dijon, le 8 ao\u00fbt 2025, n\u00b025\/00307 - Ma\u00eetre Hassan Kohen, avocat en droit p\u00e9nal \u00e0 Paris","description":"Le tribunal judiciaire de Dijon, statuant en r\u00e9f\u00e9r\u00e9, a rendu une ordonnance le 8 ao\u00fbt 2025. Une soci\u00e9t\u00e9 gestionnaire d'un centre commercial demandait l'expul...","robots":{"index":"index","follow":"follow","max-snippet":"max-snippet:-1","max-image-preview":"max-image-preview:large","max-video-preview":"max-video-preview:-1"},"canonical":"https:\/\/kohenavocats.com\/ru\/tribunal-judiciaire-de-dijon-le-8-aout-2025-n25-00307\/","og_locale":"ru_RU","og_type":"article","og_title":"Tribunal judiciaire de Dijon, le 8 ao\u00fbt 2025, n\u00b025\/00307","og_description":"Le tribunal judiciaire de Dijon, statuant en r\u00e9f\u00e9r\u00e9, a rendu une ordonnance le 8 ao\u00fbt 2025. Une soci\u00e9t\u00e9 gestionnaire d'un centre commercial demandait l'expul...","og_url":"https:\/\/kohenavocats.com\/ru\/tribunal-judiciaire-de-dijon-le-8-aout-2025-n25-00307\/","og_site_name":"Ma\u00eetre Hassan Kohen, avocat en droit p\u00e9nal \u00e0 Paris","article_published_time":"2026-04-23T21:41:34+00:00","og_image":[{"width":4516,"height":6154,"url":"https:\/\/kohenavocats.com\/wp-content\/uploads\/2024\/11\/ave-calvar-o6Zd8_PweIA-unsplash.webp","type":"image\/webp"}],"author":"Kohen","twitter_card":"summary_large_image","twitter_misc":{"\u041d\u0430\u043f\u0438\u0441\u0430\u043d\u043e \u0430\u0432\u0442\u043e\u0440\u043e\u043c":"Kohen","\u041f\u0440\u0438\u043c\u0435\u0440\u043d\u043e\u0435 \u0432\u0440\u0435\u043c\u044f \u0434\u043b\u044f \u0447\u0442\u0435\u043d\u0438\u044f":"4 \u043c\u0438\u043d\u0443\u0442\u044b"},"schema":{"@context":"https:\/\/schema.org","@graph":[{"@type":"Article","@id":"https:\/\/kohenavocats.com\/ru\/tribunal-judiciaire-de-dijon-le-8-aout-2025-n25-00307\/#article","isPartOf":{"@id":"https:\/\/kohenavocats.com\/ru\/tribunal-judiciaire-de-dijon-le-8-aout-2025-n25-00307\/"},"author":{"name":"Kohen","@id":"https:\/\/kohenavocats.com\/ru\/#\/schema\/person\/761c9ba54fa1ca84d405cef0831ff751"},"headline":"Tribunal judiciaire de Dijon, le 8 ao\u00fbt 2025, n\u00b025\/00307","datePublished":"2026-04-23T21:41:34+00:00","mainEntityOfPage":{"@id":"https:\/\/kohenavocats.com\/ru\/tribunal-judiciaire-de-dijon-le-8-aout-2025-n25-00307\/"},"wordCount":861,"commentCount":0,"publisher":{"@id":"https:\/\/kohenavocats.com\/ru\/#organization"},"image":{"@id":"https:\/\/kohenavocats.com\/ru\/tribunal-judiciaire-de-dijon-le-8-aout-2025-n25-00307\/#primaryimage"},"thumbnailUrl":"https:\/\/kohenavocats.com\/wp-content\/uploads\/2024\/11\/ave-calvar-o6Zd8_PweIA-unsplash.webp","articleSection":["Jurisprudence"],"inLanguage":"ru-RU","potentialAction":[{"@type":"CommentAction","name":"Comment","target":["https:\/\/kohenavocats.com\/ru\/tribunal-judiciaire-de-dijon-le-8-aout-2025-n25-00307\/#respond"]}],"citation":"Tribunal judiciaire de Dijon, le 8 ao\u00fbt 2025, n\u00b025\/00307","about":[{"@type":"Thing","name":"Jurisprudence"}],"dateModified":"2026-04-23T21:41:34+00:00","speakable":{"@type":"SpeakableSpecification","cssSelector":[".article-content > p:first-of-type"]}},{"@type":"WebPage","@id":"https:\/\/kohenavocats.com\/ru\/tribunal-judiciaire-de-dijon-le-8-aout-2025-n25-00307\/","url":"https:\/\/kohenavocats.com\/ru\/tribunal-judiciaire-de-dijon-le-8-aout-2025-n25-00307\/","name":"Tribunal judiciaire de Dijon, le 8 ao\u00fbt 2025, n\u00b025\/00307 - Ma\u00eetre Hassan Kohen, avocat en droit p\u00e9nal \u00e0 Paris","isPartOf":{"@id":"https:\/\/kohenavocats.com\/ru\/#website"},"primaryImageOfPage":{"@id":"https:\/\/kohenavocats.com\/ru\/tribunal-judiciaire-de-dijon-le-8-aout-2025-n25-00307\/#primaryimage"},"image":{"@id":"https:\/\/kohenavocats.com\/ru\/tribunal-judiciaire-de-dijon-le-8-aout-2025-n25-00307\/#primaryimage"},"thumbnailUrl":"https:\/\/kohenavocats.com\/wp-content\/uploads\/2024\/11\/ave-calvar-o6Zd8_PweIA-unsplash.webp","datePublished":"2026-04-23T21:41:34+00:00","description":"Le tribunal judiciaire de Dijon, statuant en r\u00e9f\u00e9r\u00e9, a rendu une ordonnance le 8 ao\u00fbt 2025. Une soci\u00e9t\u00e9 gestionnaire d'un centre commercial demandait l'expul...","breadcrumb":{"@id":"https:\/\/kohenavocats.com\/ru\/tribunal-judiciaire-de-dijon-le-8-aout-2025-n25-00307\/#breadcrumb"},"inLanguage":"ru-RU","potentialAction":[{"@type":"ReadAction","target":["https:\/\/kohenavocats.com\/ru\/tribunal-judiciaire-de-dijon-le-8-aout-2025-n25-00307\/"]}]},{"@type":"ImageObject","inLanguage":"ru-RU","@id":"https:\/\/kohenavocats.com\/ru\/tribunal-judiciaire-de-dijon-le-8-aout-2025-n25-00307\/#primaryimage","url":"https:\/\/kohenavocats.com\/wp-content\/uploads\/2024\/11\/ave-calvar-o6Zd8_PweIA-unsplash.webp","contentUrl":"https:\/\/kohenavocats.com\/wp-content\/uploads\/2024\/11\/ave-calvar-o6Zd8_PweIA-unsplash.webp","width":4516,"height":6154},{"@type":"BreadcrumbList","@id":"https:\/\/kohenavocats.com\/ru\/tribunal-judiciaire-de-dijon-le-8-aout-2025-n25-00307\/#breadcrumb","itemListElement":[{"@type":"ListItem","position":1,"name":"Home","item":"https:\/\/kohenavocats.com\/ru\/avocats-en-droit-penal-a-paris-conseil-et-defense-strategique\/"},{"@type":"ListItem","position":2,"name":"Tribunal judiciaire de Dijon, le 8 ao\u00fbt 2025, n\u00b025\/00307"}]},{"@type":"WebSite","@id":"https:\/\/kohenavocats.com\/ru\/#website","url":"https:\/\/kohenavocats.com\/ru\/","name":"Kohen Avocats","description":"Ma\u00eetre Hassan Kohen, avocat p\u00e9naliste \u00e0 Paris, intervient exclusivement en droit p\u00e9nal pour la d\u00e9fense des particuliers, notamment en mati\u00e8re d\u2019accusations de viol. Il assure un accompagnement rigoureux d\u00e8s la garde \u00e0 vue jusqu\u2019\u00e0 la Cour d\u2019assises, veillant au strict respect des garanties proc\u00e9durales.","publisher":{"@id":"https:\/\/kohenavocats.com\/ru\/#organization"},"potentialAction":[{"@type":"SearchAction","target":{"@type":"EntryPoint","urlTemplate":"https:\/\/kohenavocats.com\/ru\/?s={search_term_string}"},"query-input":{"@type":"PropertyValueSpecification","valueRequired":true,"valueName":"search_term_string"}}],"inLanguage":"ru-RU"},{"@type":"Organization","@id":"https:\/\/kohenavocats.com\/ru\/#organization","name":"Kohen Avocats","url":"https:\/\/kohenavocats.com\/ru\/","logo":{"@type":"ImageObject","inLanguage":"ru-RU","@id":"https:\/\/kohenavocats.com\/ru\/#\/schema\/logo\/image\/","url":"https:\/\/kohenavocats.com\/wp-content\/uploads\/2026\/01\/Logo-2-1.webp","contentUrl":"https:\/\/kohenavocats.com\/wp-content\/uploads\/2026\/01\/Logo-2-1.webp","width":2114,"height":1253,"caption":"Kohen Avocats"},"image":{"@id":"https:\/\/kohenavocats.com\/ru\/#\/schema\/logo\/image\/"}},{"@type":"Person","@id":"https:\/\/kohenavocats.com\/ru\/#\/schema\/person\/761c9ba54fa1ca84d405cef0831ff751","name":"Kohen","image":{"@type":"ImageObject","inLanguage":"ru-RU","@id":"https:\/\/secure.gravatar.com\/avatar\/1c5e76ef76bbbfdd2b4da984e2bf2fa4056fd51a27d25ce2c332047f1dfd6e00?s=96&d=identicon&r=g","url":"https:\/\/secure.gravatar.com\/avatar\/1c5e76ef76bbbfdd2b4da984e2bf2fa4056fd51a27d25ce2c332047f1dfd6e00?s=96&d=identicon&r=g","contentUrl":"https:\/\/secure.gravatar.com\/avatar\/1c5e76ef76bbbfdd2b4da984e2bf2fa4056fd51a27d25ce2c332047f1dfd6e00?s=96&d=identicon&r=g","caption":"Kohen"},"sameAs":["https:\/\/www.linkedin.com\/in\/hassan-kohen-448548192\/","https:\/\/www.youtube.com\/@Kohen-Avocats"],"url":"https:\/\/kohenavocats.com\/ru\/author\/kohenmlk\/"}]}},"jetpack_featured_media_url":"https:\/\/kohenavocats.com\/wp-content\/uploads\/2024\/11\/ave-calvar-o6Zd8_PweIA-unsplash.webp","jetpack_likes_enabled":false,"jetpack_shortlink":"https:\/\/wp.me\/peCrII-2N5Y","jetpack-related-posts":[{"id":605333,"url":"https:\/\/kohenavocats.com\/ru\/tribunal-judiciaire-de-dijon-le-27-mars-2025-n25-00218\/","url_meta":{"origin":665382,"position":0},"title":"Tribunal judiciaire de Dijon, le 27 mars 2025, n\u00b025\/00218","author":"Kohen","date":"19.04.2026","format":false,"excerpt":"Le tribunal judiciaire, statuant en r\u00e9f\u00e9r\u00e9, a rendu une ordonnance le 27 mars 2025. Une SCI, bailleur, demandait l\u2019expulsion d\u2019une soci\u00e9t\u00e9 occupant un terrai...","rel":"","context":"\u0412 &quot;Jurisprudence&quot;","block_context":{"text":"Jurisprudence","link":"https:\/\/kohenavocats.com\/category\/jurisprudence\/"},"img":{"alt_text":"","src":"https:\/\/i0.wp.com\/kohenavocats.com\/wp-content\/uploads\/2024\/11\/laura-adai-hNQAWN4t99A-unsplash.webp?resize=350%2C200&ssl=1","width":350,"height":200,"srcset":"https:\/\/i0.wp.com\/kohenavocats.com\/wp-content\/uploads\/2024\/11\/laura-adai-hNQAWN4t99A-unsplash.webp?resize=350%2C200&ssl=1 1x, https:\/\/i0.wp.com\/kohenavocats.com\/wp-content\/uploads\/2024\/11\/laura-adai-hNQAWN4t99A-unsplash.webp?resize=525%2C300&ssl=1 1.5x, https:\/\/i0.wp.com\/kohenavocats.com\/wp-content\/uploads\/2024\/11\/laura-adai-hNQAWN4t99A-unsplash.webp?resize=700%2C400&ssl=1 2x, https:\/\/i0.wp.com\/kohenavocats.com\/wp-content\/uploads\/2024\/11\/laura-adai-hNQAWN4t99A-unsplash.webp?resize=1050%2C600&ssl=1 3x, https:\/\/i0.wp.com\/kohenavocats.com\/wp-content\/uploads\/2024\/11\/laura-adai-hNQAWN4t99A-unsplash.webp?resize=1400%2C800&ssl=1 4x"},"classes":[]},{"id":665514,"url":"https:\/\/kohenavocats.com\/ru\/tribunal-judiciaire-de-dijon-le-14-aout-2025-n25-00321\/","url_meta":{"origin":665382,"position":1},"title":"Tribunal judiciaire de Dijon, le 14 ao\u00fbt 2025, n\u00b025\/00321","author":"Kohen","date":"23.04.2026","format":false,"excerpt":"Le tribunal judiciaire statuant en r\u00e9f\u00e9r\u00e9, par ordonnance du 14 ao\u00fbt 2025, examine la demande d\u2019une soci\u00e9t\u00e9 bailleuse contre sa locataire commerciale. Le jug...","rel":"","context":"\u0412 &quot;Code des assurances&quot;","block_context":{"text":"Code des assurances","link":"https:\/\/kohenavocats.com\/category\/code-des-assurances\/"},"img":{"alt_text":"","src":"https:\/\/i0.wp.com\/kohenavocats.com\/wp-content\/uploads\/2024\/11\/and-machines-9aygGTfubo-unsplash.webp?resize=350%2C200&ssl=1","width":350,"height":200,"srcset":"https:\/\/i0.wp.com\/kohenavocats.com\/wp-content\/uploads\/2024\/11\/and-machines-9aygGTfubo-unsplash.webp?resize=350%2C200&ssl=1 1x, https:\/\/i0.wp.com\/kohenavocats.com\/wp-content\/uploads\/2024\/11\/and-machines-9aygGTfubo-unsplash.webp?resize=525%2C300&ssl=1 1.5x, https:\/\/i0.wp.com\/kohenavocats.com\/wp-content\/uploads\/2024\/11\/and-machines-9aygGTfubo-unsplash.webp?resize=700%2C400&ssl=1 2x, https:\/\/i0.wp.com\/kohenavocats.com\/wp-content\/uploads\/2024\/11\/and-machines-9aygGTfubo-unsplash.webp?resize=1050%2C600&ssl=1 3x, https:\/\/i0.wp.com\/kohenavocats.com\/wp-content\/uploads\/2024\/11\/and-machines-9aygGTfubo-unsplash.webp?resize=1400%2C800&ssl=1 4x"},"classes":[]},{"id":448261,"url":"https:\/\/kohenavocats.com\/ru\/tribunal-judiciaire-le-8-aout-2025-n25-00762\/","url_meta":{"origin":665382,"position":2},"title":"Tribunal judiciaire, le 8 ao\u00fbt 2025, n\u00b025\/00762","author":"","date":"05.04.2026","format":false,"excerpt":"Le Tribunal judiciaire de Strasbourg, statuant en r\u00e9f\u00e9r\u00e9 le 8 ao\u00fbt 2025, a \u00e9t\u00e9 saisi par une soci\u00e9t\u00e9 gestionnaire d\u2019un logement-foyer aux fins de...","rel":"","context":"\u0412 &quot;D\u00e9cisions juridiques&quot;","block_context":{"text":"D\u00e9cisions juridiques","link":"https:\/\/kohenavocats.com\/category\/decisions-juridiques\/"},"img":{"alt_text":"","src":"https:\/\/i0.wp.com\/kohenavocats.com\/wp-content\/uploads\/2024\/11\/getty-images-QO3j7qdSKv8-unsplash.webp?resize=350%2C200&ssl=1","width":350,"height":200,"srcset":"https:\/\/i0.wp.com\/kohenavocats.com\/wp-content\/uploads\/2024\/11\/getty-images-QO3j7qdSKv8-unsplash.webp?resize=350%2C200&ssl=1 1x, https:\/\/i0.wp.com\/kohenavocats.com\/wp-content\/uploads\/2024\/11\/getty-images-QO3j7qdSKv8-unsplash.webp?resize=525%2C300&ssl=1 1.5x, https:\/\/i0.wp.com\/kohenavocats.com\/wp-content\/uploads\/2024\/11\/getty-images-QO3j7qdSKv8-unsplash.webp?resize=700%2C400&ssl=1 2x, https:\/\/i0.wp.com\/kohenavocats.com\/wp-content\/uploads\/2024\/11\/getty-images-QO3j7qdSKv8-unsplash.webp?resize=1050%2C600&ssl=1 3x, https:\/\/i0.wp.com\/kohenavocats.com\/wp-content\/uploads\/2024\/11\/getty-images-QO3j7qdSKv8-unsplash.webp?resize=1400%2C800&ssl=1 4x"},"classes":[]},{"id":486598,"url":"https:\/\/kohenavocats.com\/ru\/tribunal-judiciaire-de-dijon-le-28-novembre-2025-n25-00368\/","url_meta":{"origin":665382,"position":3},"title":"Tribunal judiciaire de Dijon, le 28 novembre 2025, n\u00b025\/00368","author":"Kohen","date":"08.04.2026","format":false,"excerpt":"Le juge des r\u00e9f\u00e9r\u00e9s du tribunal judiciaire, statuant le 28 novembre 2025, a \u00e9t\u00e9 saisi par une soci\u00e9t\u00e9 gestionnaire d\u2019une r\u00e9sidence sociale. Cette derni\u00e8re so...","rel":"","context":"\u0412 &quot;Jurisprudence&quot;","block_context":{"text":"Jurisprudence","link":"https:\/\/kohenavocats.com\/category\/jurisprudence\/"},"img":{"alt_text":"","src":"https:\/\/i0.wp.com\/kohenavocats.com\/wp-content\/uploads\/2024\/11\/chris-czermak-PamFFHL6fVY-unsplash.webp?resize=350%2C200&ssl=1","width":350,"height":200,"srcset":"https:\/\/i0.wp.com\/kohenavocats.com\/wp-content\/uploads\/2024\/11\/chris-czermak-PamFFHL6fVY-unsplash.webp?resize=350%2C200&ssl=1 1x, https:\/\/i0.wp.com\/kohenavocats.com\/wp-content\/uploads\/2024\/11\/chris-czermak-PamFFHL6fVY-unsplash.webp?resize=525%2C300&ssl=1 1.5x, https:\/\/i0.wp.com\/kohenavocats.com\/wp-content\/uploads\/2024\/11\/chris-czermak-PamFFHL6fVY-unsplash.webp?resize=700%2C400&ssl=1 2x, https:\/\/i0.wp.com\/kohenavocats.com\/wp-content\/uploads\/2024\/11\/chris-czermak-PamFFHL6fVY-unsplash.webp?resize=1050%2C600&ssl=1 3x, https:\/\/i0.wp.com\/kohenavocats.com\/wp-content\/uploads\/2024\/11\/chris-czermak-PamFFHL6fVY-unsplash.webp?resize=1400%2C800&ssl=1 4x"},"classes":[]},{"id":610154,"url":"https:\/\/kohenavocats.com\/ru\/tribunal-judiciaire-de-dijon-le-3-novembre-2025-n25-00272\/","url_meta":{"origin":665382,"position":4},"title":"Tribunal judiciaire de Dijon, le 3 novembre 2025, n\u00b025\/00272","author":"Kohen","date":"19.04.2026","format":false,"excerpt":"Le juge des contentieux de la protection du tribunal judiciaire de Dijon, statuant en r\u00e9f\u00e9r\u00e9 le 3 novembre 2025, a examin\u00e9 la demande d\u2019un bailleur social. C...","rel":"","context":"\u0412 &quot;Jurisprudence&quot;","block_context":{"text":"Jurisprudence","link":"https:\/\/kohenavocats.com\/category\/jurisprudence\/"},"img":{"alt_text":"","src":"https:\/\/i0.wp.com\/kohenavocats.com\/wp-content\/uploads\/2024\/11\/anita-austvika-0feDabnRz58-unsplash.webp?resize=350%2C200&ssl=1","width":350,"height":200,"srcset":"https:\/\/i0.wp.com\/kohenavocats.com\/wp-content\/uploads\/2024\/11\/anita-austvika-0feDabnRz58-unsplash.webp?resize=350%2C200&ssl=1 1x, https:\/\/i0.wp.com\/kohenavocats.com\/wp-content\/uploads\/2024\/11\/anita-austvika-0feDabnRz58-unsplash.webp?resize=525%2C300&ssl=1 1.5x, https:\/\/i0.wp.com\/kohenavocats.com\/wp-content\/uploads\/2024\/11\/anita-austvika-0feDabnRz58-unsplash.webp?resize=700%2C400&ssl=1 2x, https:\/\/i0.wp.com\/kohenavocats.com\/wp-content\/uploads\/2024\/11\/anita-austvika-0feDabnRz58-unsplash.webp?resize=1050%2C600&ssl=1 3x, https:\/\/i0.wp.com\/kohenavocats.com\/wp-content\/uploads\/2024\/11\/anita-austvika-0feDabnRz58-unsplash.webp?resize=1400%2C800&ssl=1 4x"},"classes":[]},{"id":648398,"url":"https:\/\/kohenavocats.com\/ru\/tribunal-judiciaire-de-dijon-le-3-octobre-2025-n25-00219\/","url_meta":{"origin":665382,"position":5},"title":"Tribunal judiciaire de Dijon, le 3 octobre 2025, n\u00b025\/00219","author":"Kohen","date":"22.04.2026","format":false,"excerpt":"Le juge des contentieux de la protection du tribunal judiciaire de Dijon, statuant en r\u00e9f\u00e9r\u00e9 le 3 octobre 2025, examine une demande en paiement de loyers imp...","rel":"","context":"\u0412 &quot;Jurisprudence&quot;","block_context":{"text":"Jurisprudence","link":"https:\/\/kohenavocats.com\/category\/jurisprudence\/"},"img":{"alt_text":"","src":"https:\/\/i0.wp.com\/kohenavocats.com\/wp-content\/uploads\/2024\/08\/chris-czermak-PamFFHL6fVY-unsplash.webp?resize=350%2C200&ssl=1","width":350,"height":200,"srcset":"https:\/\/i0.wp.com\/kohenavocats.com\/wp-content\/uploads\/2024\/08\/chris-czermak-PamFFHL6fVY-unsplash.webp?resize=350%2C200&ssl=1 1x, https:\/\/i0.wp.com\/kohenavocats.com\/wp-content\/uploads\/2024\/08\/chris-czermak-PamFFHL6fVY-unsplash.webp?resize=525%2C300&ssl=1 1.5x, https:\/\/i0.wp.com\/kohenavocats.com\/wp-content\/uploads\/2024\/08\/chris-czermak-PamFFHL6fVY-unsplash.webp?resize=700%2C400&ssl=1 2x, https:\/\/i0.wp.com\/kohenavocats.com\/wp-content\/uploads\/2024\/08\/chris-czermak-PamFFHL6fVY-unsplash.webp?resize=1050%2C600&ssl=1 3x, https:\/\/i0.wp.com\/kohenavocats.com\/wp-content\/uploads\/2024\/08\/chris-czermak-PamFFHL6fVY-unsplash.webp?resize=1400%2C800&ssl=1 4x"},"classes":[]}],"jetpack_sharing_enabled":true,"_links":{"self":[{"href":"https:\/\/kohenavocats.com\/ru\/wp-json\/wp\/v2\/posts\/665382","targetHints":{"allow":["GET"]}}],"collection":[{"href":"https:\/\/kohenavocats.com\/ru\/wp-json\/wp\/v2\/posts"}],"about":[{"href":"https:\/\/kohenavocats.com\/ru\/wp-json\/wp\/v2\/types\/post"}],"author":[{"embeddable":true,"href":"https:\/\/kohenavocats.com\/ru\/wp-json\/wp\/v2\/users\/232070755"}],"replies":[{"embeddable":true,"href":"https:\/\/kohenavocats.com\/ru\/wp-json\/wp\/v2\/comments?post=665382"}],"version-history":[{"count":0,"href":"https:\/\/kohenavocats.com\/ru\/wp-json\/wp\/v2\/posts\/665382\/revisions"}],"wp:featuredmedia":[{"embeddable":true,"href":"https:\/\/kohenavocats.com\/ru\/wp-json\/wp\/v2\/media\/9499"}],"wp:attachment":[{"href":"https:\/\/kohenavocats.com\/ru\/wp-json\/wp\/v2\/media?parent=665382"}],"wp:term":[{"taxonomy":"category","embeddable":true,"href":"https:\/\/kohenavocats.com\/ru\/wp-json\/wp\/v2\/categories?post=665382"},{"taxonomy":"post_tag","embeddable":true,"href":"https:\/\/kohenavocats.com\/ru\/wp-json\/wp\/v2\/tags?post=665382"}],"curies":[{"name":"wp","href":"https:\/\/api.w.org\/{rel}","templated":true}]}}