{"id":665386,"date":"2026-04-23T23:42:35","date_gmt":"2026-04-23T21:42:35","guid":{"rendered":"https:\/\/kohenavocats.com\/tribunal-judiciaire-de-caen-le-2-juillet-2025-n24-03230\/"},"modified":"2026-04-26T20:21:58","modified_gmt":"2026-04-26T18:21:58","slug":"tribunal-judiciaire-de-caen-le-2-juillet-2025-n24-03230","status":"publish","type":"post","link":"https:\/\/kohenavocats.com\/ru\/tribunal-judiciaire-de-caen-le-2-juillet-2025-n24-03230\/","title":{"rendered":"Tribunal judiciaire de Caen, le 2 juillet 2025, n\u00b024\/03230"},"content":{"rendered":"<div class=\"article-content\">\n<p>Le juge du contentieux de la protection, statuant par mise \u00e0 disposition au greffe, a rendu un jugement le 2 juillet 2025. Il s\u2019agissait d\u2019une demande en r\u00e9siliation de bail pour d\u00e9faut de paiement des loyers et charges. Le juge a constat\u00e9 la r\u00e9siliation du contrat mais a \u00e9galement accord\u00e9 des d\u00e9lais de paiement au locataire. La d\u00e9cision articule ainsi l\u2019application stricte des clauses contractuelles avec les mesures protectrices d\u2019ordre public.<\/p>\n<p>La cons\u00e9cration du formalisme protecteur de la <a href=\"https:\/\/kohenavocats.fr\/avocat-resiliation-bail-paris\/\" target=\"_blank\" title=\"clause r\u00e9solutoire\">clause r\u00e9solutoire<\/a><\/p>\n<p>Le juge rappelle le caract\u00e8re essentiel de l\u2019obligation de payer le loyer aux termes convenus. Il fonde sa d\u00e9cision sur les stipulations du bail et sur l\u2019article 7 a) de la loi du 6 juillet 1989. Le formalisme encadrant la mise en \u0153uvre de la clause r\u00e9solutoire est strictement appliqu\u00e9. La d\u00e9cision exige un <a href=\"https:\/\/kohenavocats.fr\/avocat-recouvrement-loyers-paris\/\" target=\"_blank\" title=\"commandement de payer\">commandement de payer<\/a> demeur\u00e9 infructueux pr\u00e9alablement \u00e0 toute r\u00e9solution.<\/p>\n<p>Le juge pr\u00e9cise que &#171;toute clause pr\u00e9voyant la r\u00e9solution de plein droit du contrat de location pour d\u00e9faut de paiement du loyer ou des charges locatives aux termes convenus ou pour non versement du <a href=\"https:\/\/kohenavocats.fr\/avocat-depot-garantie-paris\/\" target=\"_blank\" title=\"d\u00e9p\u00f4t de garantie\">d\u00e9p\u00f4t de garantie<\/a> ne produit effet que six semaines apr\u00e8s un commandement de payer demeur\u00e9 infructueux&#187; (Motifs). Ce d\u00e9lai est une mesure d\u2019ordre public de protection. Pour les baux en cours, l\u2019ancien d\u00e9lai de deux mois reste applicable.<\/p>\n<p>En l\u2019esp\u00e8ce, un commandement r\u00e9gulier a \u00e9t\u00e9 d\u00e9livr\u00e9 le 7 mai 2024. Il est demeur\u00e9 sans effet, aucune r\u00e9gularisation totale n\u2019\u00e9tant intervenue dans le d\u00e9lai imparti. Le juge constate donc la r\u00e9siliation du bail \u00e0 la date du 21 juin 2024. Cette application rigoureuse rejoint une jurisprudence constante sur l\u2019acquisition de la clause. &#171;Il est constant que le commandement de payer est demeur\u00e9 infructueux de sorte que la clause r\u00e9solutoire s\u2019est trouv\u00e9e acquise le 3 ao\u00fbt 2024&#187; (Tribunal judiciaire de Nancy, le 28 janvier 2025, n\u00b024\/00500). La d\u00e9cision affirme ainsi la s\u00e9curit\u00e9 juridique proc\u00e9durale pour le bailleur.<\/p>\n<p>La modulation judiciaire des effets de la r\u00e9solution<\/p>\n<p>Le juge use ensuite de son pouvoir d\u2019am\u00e9nagement pour temp\u00e9rer les cons\u00e9quences de la r\u00e9solution. Il applique les dispositions de l\u2019article 24V de la loi de 1989. Le locataire ayant quitt\u00e9 les lieux et propos\u00e9 un \u00e9ch\u00e9ancier, le juge peut accorder des d\u00e9lais. La condition du paiement du loyer courant avant l\u2019audience est remplie par la production d\u2019un relev\u00e9 de compte.<\/p>\n<p>Conform\u00e9ment \u00e0 la loi, &#171;le juge peut, \u00e0 la demande du locataire, du bailleur ou d\u2019office, \u00e0 la condition que (1) le locataire soit en situation de r\u00e9gler sa dette locative, (2) qu\u2019il ait repris le versement int\u00e9gral du loyer courant avant la date de l\u2019audience, accorder des d\u00e9lais de paiement&#187; (Motifs). Le juge suspend alors les effets de la clause r\u00e9solutoire pendant la dur\u00e9e de l\u2019\u00e9ch\u00e9ancier accord\u00e9. Cette suspension est conditionnelle et prend fin d\u00e8s le premier impay\u00e9.<\/p>\n<p>Cette suspension temporaire des effets de la clause est un outil de pr\u00e9vention des expulsions. Elle est pr\u00e9vue par la jurisprudence r\u00e9cente. &#171;Lorsque le juge est saisi en ce sens par le bailleur ou par le locataire, et \u00e0 la condition que celui-ci ait repris le versement int\u00e9gral du loyer courant avant la date de l\u2019audience, les effets de la clause de r\u00e9siliation de plein droit peuvent \u00eatre suspendus&#187; (Cour d&#8217;appel de Toulouse, le 1 juillet 2025, n\u00b024\/03098). La d\u00e9cision op\u00e8re ainsi une conciliation entre les int\u00e9r\u00eats patrimoniaux du bailleur et la <a href=\"https:\/\/kohenavocats.com\/avocats-droit-social-paris\/avocats-protection-sociale-retraite-paris\/\" target=\"_blank\" title=\"protection sociale\">protection sociale<\/a> du locataire.<\/p>\n<p>La port\u00e9e pratique d\u2019une d\u00e9cision \u00e9quilibr\u00e9e<\/p>\n<p>Cette d\u00e9cision illustre la dualit\u00e9 de la fonction du juge du contentieux de la protection. Il est d\u2019abord le garant du respect des formes l\u00e9gales, assurant une r\u00e9solution contractuelle s\u00e9curis\u00e9e. La constatation de la r\u00e9siliation est nette et conforme \u00e0 la proc\u00e9dure. Le bailleur voit ainsi ses droits contractuels reconnus et sanctionn\u00e9s par une condamnation au paiement des sommes dues.<\/p>\n<p>Toutefois, le juge use pleinement de ses pouvoirs d\u2019att\u00e9nuation offerts par la loi. L\u2019octroi de d\u00e9lais de paiement sur trente-cinq mois et la suspension corr\u00e9lative de la clause transforment la situation. La r\u00e9siliation, bien que constat\u00e9e, ne produit pas imm\u00e9diatement ses effets les plus graves, comme l\u2019expulsion. Le locataire b\u00e9n\u00e9ficie d\u2019une derni\u00e8re chance d\u2019apurer sa dette dans des conditions adapt\u00e9es \u00e0 ses ressources.<\/p>\n<p>Enfin, la d\u00e9cision rappelle les limites de cette cl\u00e9mence. Le non-respect, m\u00eame ponctuel, de l\u2019\u00e9ch\u00e9ancier entra\u00eenera la r\u00e9siliation de plein droit. Le locataire devra alors quitter les lieux et sera redevable d\u2019indemnit\u00e9s d\u2019occupation. Ce dispositif conditionnel assure l\u2019effectivit\u00e9 de la contrainte et pr\u00e9serve les droits du bailleur. L\u2019\u00e9quilibre trouv\u00e9 sert finalement la pacification des relations locatives tout en maintenant la force obligatoire du contrat.<\/p>\n<\/div>\n","protected":false},"excerpt":{"rendered":"<p>Le juge du contentieux de la protection, statuant par mise \u00e0 disposition au greffe, a rendu un jugement le 2 juillet 2025. Il s\u2019agissait d\u2019une demande en r\u00e9s&#8230;<\/p>\n","protected":false},"author":232070755,"featured_media":3150,"comment_status":"open","ping_status":"open","sticky":false,"template":"","format":"standard","meta":{"_crdt_document":"","_jetpack_newsletter_access":"","_jetpack_dont_email_post_to_subs":false,"_jetpack_newsletter_tier_id":0,"_jetpack_memberships_contains_paywalled_content":false,"_kj_source_type":"judilibre","_kj_official_id":"68d452b06a4025c174c51fe8","_kj_official_url":"https:\/\/www.courdecassation.fr\/decision\/68d452b06a4025c174c51fe8","_kj_judilibre_id":"68d452b06a4025c174c51fe8","_kj_jur":"Tribunal judiciaire","_kj_lieu":"Tribunal judiciaire de Caen","_kj_chambre":"3\u00e8me chambre civile","_kj_rg":"24\/03230","_kj_date":"2025-09-24","_jetpack_memberships_contains_paid_content":false,"footnotes":"","jetpack_post_was_ever_published":false},"categories":[35583,7597],"tags":[],"class_list":["post-665386","post","type-post","status-publish","format-standard","has-post-thumbnail","hentry","category-immobilier","category-jurisprudence"],"yoast_head":"<!-- This site is optimized with the Yoast SEO Premium plugin v27.5 (Yoast SEO v27.5) - https:\/\/yoast.com\/product\/yoast-seo-premium-wordpress\/ -->\n<title>Tribunal judiciaire de Caen, le 2 juillet 2025, n\u00b024\/03230 - Ma\u00eetre Hassan Kohen, avocat en droit p\u00e9nal \u00e0 Paris<\/title>\n<meta name=\"description\" content=\"Le juge du contentieux de la protection, statuant par mise \u00e0 disposition au greffe, a rendu un jugement le 2 juillet 2025. Il s\u2019agissait d\u2019une demande en r\u00e9s...\" \/>\n<meta name=\"robots\" content=\"index, follow, max-snippet:-1, max-image-preview:large, max-video-preview:-1\" \/>\n<link rel=\"canonical\" href=\"https:\/\/kohenavocats.com\/ru\/tribunal-judiciaire-de-caen-le-2-juillet-2025-n24-03230\/\" \/>\n<meta property=\"og:locale\" content=\"ru_RU\" \/>\n<meta property=\"og:type\" content=\"article\" \/>\n<meta property=\"og:title\" content=\"Tribunal judiciaire de Caen, le 2 juillet 2025, n\u00b024\/03230\" \/>\n<meta property=\"og:description\" content=\"Le juge du contentieux de la protection, statuant par mise \u00e0 disposition au greffe, a rendu un jugement le 2 juillet 2025. Il s\u2019agissait d\u2019une demande en r\u00e9s...\" \/>\n<meta property=\"og:url\" content=\"https:\/\/kohenavocats.com\/ru\/tribunal-judiciaire-de-caen-le-2-juillet-2025-n24-03230\/\" \/>\n<meta property=\"og:site_name\" content=\"Ma\u00eetre Hassan Kohen, avocat en droit p\u00e9nal \u00e0 Paris\" \/>\n<meta property=\"article:published_time\" content=\"2026-04-23T21:42:35+00:00\" \/>\n<meta property=\"article:modified_time\" content=\"2026-04-26T18:21:58+00:00\" \/>\n<meta property=\"og:image\" content=\"https:\/\/kohenavocats.com\/wp-content\/uploads\/2024\/05\/daniele-d-andreti-mGH4FxehE2s-unsplash.webp\" \/>\n\t<meta property=\"og:image:width\" content=\"4368\" \/>\n\t<meta property=\"og:image:height\" content=\"2912\" \/>\n\t<meta property=\"og:image:type\" content=\"image\/webp\" \/>\n<meta name=\"author\" content=\"Kohen\" \/>\n<meta name=\"twitter:card\" content=\"summary_large_image\" \/>\n<meta name=\"twitter:label1\" content=\"\u041d\u0430\u043f\u0438\u0441\u0430\u043d\u043e \u0430\u0432\u0442\u043e\u0440\u043e\u043c\" \/>\n\t<meta name=\"twitter:data1\" content=\"Kohen\" \/>\n\t<meta name=\"twitter:label2\" content=\"\u041f\u0440\u0438\u043c\u0435\u0440\u043d\u043e\u0435 \u0432\u0440\u0435\u043c\u044f \u0434\u043b\u044f \u0447\u0442\u0435\u043d\u0438\u044f\" \/>\n\t<meta name=\"twitter:data2\" content=\"4 \u043c\u0438\u043d\u0443\u0442\u044b\" \/>\n<script type=\"application\/ld+json\" class=\"yoast-schema-graph\">{\"@context\":\"https:\\\/\\\/schema.org\",\"@graph\":[{\"@type\":\"Article\",\"@id\":\"https:\\\/\\\/kohenavocats.com\\\/ru\\\/tribunal-judiciaire-de-caen-le-2-juillet-2025-n24-03230\\\/#article\",\"isPartOf\":{\"@id\":\"https:\\\/\\\/kohenavocats.com\\\/ru\\\/tribunal-judiciaire-de-caen-le-2-juillet-2025-n24-03230\\\/\"},\"author\":{\"name\":\"Kohen\",\"@id\":\"https:\\\/\\\/kohenavocats.com\\\/ru\\\/#\\\/schema\\\/person\\\/761c9ba54fa1ca84d405cef0831ff751\"},\"headline\":\"Tribunal judiciaire de Caen, le 2 juillet 2025, n\u00b024\\\/03230\",\"datePublished\":\"2026-04-23T21:42:35+00:00\",\"dateModified\":\"2026-04-26T18:21:58+00:00\",\"mainEntityOfPage\":{\"@id\":\"https:\\\/\\\/kohenavocats.com\\\/ru\\\/tribunal-judiciaire-de-caen-le-2-juillet-2025-n24-03230\\\/\"},\"wordCount\":850,\"commentCount\":0,\"publisher\":{\"@id\":\"https:\\\/\\\/kohenavocats.com\\\/ru\\\/#organization\"},\"image\":{\"@id\":\"https:\\\/\\\/kohenavocats.com\\\/ru\\\/tribunal-judiciaire-de-caen-le-2-juillet-2025-n24-03230\\\/#primaryimage\"},\"thumbnailUrl\":\"https:\\\/\\\/kohenavocats.com\\\/wp-content\\\/uploads\\\/2024\\\/05\\\/daniele-d-andreti-mGH4FxehE2s-unsplash.webp\",\"articleSection\":[\"Immobilier\",\"Jurisprudence\"],\"inLanguage\":\"ru-RU\",\"potentialAction\":[{\"@type\":\"CommentAction\",\"name\":\"Comment\",\"target\":[\"https:\\\/\\\/kohenavocats.com\\\/ru\\\/tribunal-judiciaire-de-caen-le-2-juillet-2025-n24-03230\\\/#respond\"]}],\"citation\":\"Tribunal judiciaire de Caen, le 2 juillet 2025, n\u00b024\\\/03230\",\"about\":[{\"@type\":\"Thing\",\"name\":\"Immobilier\"},{\"@type\":\"Thing\",\"name\":\"Jurisprudence\"}],\"speakable\":{\"@type\":\"SpeakableSpecification\",\"cssSelector\":[\".article-content > p:first-of-type\"]}},{\"@type\":\"WebPage\",\"@id\":\"https:\\\/\\\/kohenavocats.com\\\/ru\\\/tribunal-judiciaire-de-caen-le-2-juillet-2025-n24-03230\\\/\",\"url\":\"https:\\\/\\\/kohenavocats.com\\\/ru\\\/tribunal-judiciaire-de-caen-le-2-juillet-2025-n24-03230\\\/\",\"name\":\"Tribunal judiciaire de Caen, le 2 juillet 2025, n\u00b024\\\/03230 - Ma\u00eetre Hassan Kohen, avocat en droit p\u00e9nal \u00e0 Paris\",\"isPartOf\":{\"@id\":\"https:\\\/\\\/kohenavocats.com\\\/ru\\\/#website\"},\"primaryImageOfPage\":{\"@id\":\"https:\\\/\\\/kohenavocats.com\\\/ru\\\/tribunal-judiciaire-de-caen-le-2-juillet-2025-n24-03230\\\/#primaryimage\"},\"image\":{\"@id\":\"https:\\\/\\\/kohenavocats.com\\\/ru\\\/tribunal-judiciaire-de-caen-le-2-juillet-2025-n24-03230\\\/#primaryimage\"},\"thumbnailUrl\":\"https:\\\/\\\/kohenavocats.com\\\/wp-content\\\/uploads\\\/2024\\\/05\\\/daniele-d-andreti-mGH4FxehE2s-unsplash.webp\",\"datePublished\":\"2026-04-23T21:42:35+00:00\",\"dateModified\":\"2026-04-26T18:21:58+00:00\",\"description\":\"Le juge du contentieux de la protection, statuant par mise \u00e0 disposition au greffe, a rendu un jugement le 2 juillet 2025. Il s\u2019agissait d\u2019une demande en r\u00e9s...\",\"breadcrumb\":{\"@id\":\"https:\\\/\\\/kohenavocats.com\\\/ru\\\/tribunal-judiciaire-de-caen-le-2-juillet-2025-n24-03230\\\/#breadcrumb\"},\"inLanguage\":\"ru-RU\",\"potentialAction\":[{\"@type\":\"ReadAction\",\"target\":[\"https:\\\/\\\/kohenavocats.com\\\/ru\\\/tribunal-judiciaire-de-caen-le-2-juillet-2025-n24-03230\\\/\"]}]},{\"@type\":\"ImageObject\",\"inLanguage\":\"ru-RU\",\"@id\":\"https:\\\/\\\/kohenavocats.com\\\/ru\\\/tribunal-judiciaire-de-caen-le-2-juillet-2025-n24-03230\\\/#primaryimage\",\"url\":\"https:\\\/\\\/kohenavocats.com\\\/wp-content\\\/uploads\\\/2024\\\/05\\\/daniele-d-andreti-mGH4FxehE2s-unsplash.webp\",\"contentUrl\":\"https:\\\/\\\/kohenavocats.com\\\/wp-content\\\/uploads\\\/2024\\\/05\\\/daniele-d-andreti-mGH4FxehE2s-unsplash.webp\",\"width\":4368,\"height\":2912},{\"@type\":\"BreadcrumbList\",\"@id\":\"https:\\\/\\\/kohenavocats.com\\\/ru\\\/tribunal-judiciaire-de-caen-le-2-juillet-2025-n24-03230\\\/#breadcrumb\",\"itemListElement\":[{\"@type\":\"ListItem\",\"position\":1,\"name\":\"Home\",\"item\":\"https:\\\/\\\/kohenavocats.com\\\/ru\\\/avocats-en-droit-penal-a-paris-conseil-et-defense-strategique\\\/\"},{\"@type\":\"ListItem\",\"position\":2,\"name\":\"Tribunal judiciaire de Caen, le 2 juillet 2025, n\u00b024\\\/03230\"}]},{\"@type\":\"WebSite\",\"@id\":\"https:\\\/\\\/kohenavocats.com\\\/ru\\\/#website\",\"url\":\"https:\\\/\\\/kohenavocats.com\\\/ru\\\/\",\"name\":\"Kohen Avocats\",\"description\":\"Ma\u00eetre Hassan Kohen, avocat p\u00e9naliste \u00e0 Paris, intervient exclusivement en droit p\u00e9nal pour la d\u00e9fense des particuliers, notamment en mati\u00e8re d\u2019accusations de viol. Il assure un accompagnement rigoureux d\u00e8s la garde \u00e0 vue jusqu\u2019\u00e0 la Cour d\u2019assises, veillant au strict respect des garanties proc\u00e9durales.\",\"publisher\":{\"@id\":\"https:\\\/\\\/kohenavocats.com\\\/ru\\\/#organization\"},\"potentialAction\":[{\"@type\":\"SearchAction\",\"target\":{\"@type\":\"EntryPoint\",\"urlTemplate\":\"https:\\\/\\\/kohenavocats.com\\\/ru\\\/?s={search_term_string}\"},\"query-input\":{\"@type\":\"PropertyValueSpecification\",\"valueRequired\":true,\"valueName\":\"search_term_string\"}}],\"inLanguage\":\"ru-RU\"},{\"@type\":\"Organization\",\"@id\":\"https:\\\/\\\/kohenavocats.com\\\/ru\\\/#organization\",\"name\":\"Kohen Avocats\",\"url\":\"https:\\\/\\\/kohenavocats.com\\\/ru\\\/\",\"logo\":{\"@type\":\"ImageObject\",\"inLanguage\":\"ru-RU\",\"@id\":\"https:\\\/\\\/kohenavocats.com\\\/ru\\\/#\\\/schema\\\/logo\\\/image\\\/\",\"url\":\"https:\\\/\\\/kohenavocats.com\\\/wp-content\\\/uploads\\\/2026\\\/01\\\/Logo-2-1.webp\",\"contentUrl\":\"https:\\\/\\\/kohenavocats.com\\\/wp-content\\\/uploads\\\/2026\\\/01\\\/Logo-2-1.webp\",\"width\":2114,\"height\":1253,\"caption\":\"Kohen Avocats\"},\"image\":{\"@id\":\"https:\\\/\\\/kohenavocats.com\\\/ru\\\/#\\\/schema\\\/logo\\\/image\\\/\"}},{\"@type\":\"Person\",\"@id\":\"https:\\\/\\\/kohenavocats.com\\\/ru\\\/#\\\/schema\\\/person\\\/761c9ba54fa1ca84d405cef0831ff751\",\"name\":\"Kohen\",\"image\":{\"@type\":\"ImageObject\",\"inLanguage\":\"ru-RU\",\"@id\":\"https:\\\/\\\/secure.gravatar.com\\\/avatar\\\/1c5e76ef76bbbfdd2b4da984e2bf2fa4056fd51a27d25ce2c332047f1dfd6e00?s=96&d=identicon&r=g\",\"url\":\"https:\\\/\\\/secure.gravatar.com\\\/avatar\\\/1c5e76ef76bbbfdd2b4da984e2bf2fa4056fd51a27d25ce2c332047f1dfd6e00?s=96&d=identicon&r=g\",\"contentUrl\":\"https:\\\/\\\/secure.gravatar.com\\\/avatar\\\/1c5e76ef76bbbfdd2b4da984e2bf2fa4056fd51a27d25ce2c332047f1dfd6e00?s=96&d=identicon&r=g\",\"caption\":\"Kohen\"},\"sameAs\":[\"https:\\\/\\\/www.linkedin.com\\\/in\\\/hassan-kohen-448548192\\\/\",\"https:\\\/\\\/www.youtube.com\\\/@Kohen-Avocats\"],\"url\":\"https:\\\/\\\/kohenavocats.com\\\/ru\\\/author\\\/kohenmlk\\\/\"}]}<\/script>\n<!-- \/ Yoast SEO Premium plugin. -->","yoast_head_json":{"title":"Tribunal judiciaire de Caen, le 2 juillet 2025, n\u00b024\/03230 - Ma\u00eetre Hassan Kohen, avocat en droit p\u00e9nal \u00e0 Paris","description":"Le juge du contentieux de la protection, statuant par mise \u00e0 disposition au greffe, a rendu un jugement le 2 juillet 2025. Il s\u2019agissait d\u2019une demande en r\u00e9s...","robots":{"index":"index","follow":"follow","max-snippet":"max-snippet:-1","max-image-preview":"max-image-preview:large","max-video-preview":"max-video-preview:-1"},"canonical":"https:\/\/kohenavocats.com\/ru\/tribunal-judiciaire-de-caen-le-2-juillet-2025-n24-03230\/","og_locale":"ru_RU","og_type":"article","og_title":"Tribunal judiciaire de Caen, le 2 juillet 2025, n\u00b024\/03230","og_description":"Le juge du contentieux de la protection, statuant par mise \u00e0 disposition au greffe, a rendu un jugement le 2 juillet 2025. Il s\u2019agissait d\u2019une demande en r\u00e9s...","og_url":"https:\/\/kohenavocats.com\/ru\/tribunal-judiciaire-de-caen-le-2-juillet-2025-n24-03230\/","og_site_name":"Ma\u00eetre Hassan Kohen, avocat en droit p\u00e9nal \u00e0 Paris","article_published_time":"2026-04-23T21:42:35+00:00","article_modified_time":"2026-04-26T18:21:58+00:00","og_image":[{"width":4368,"height":2912,"url":"https:\/\/kohenavocats.com\/wp-content\/uploads\/2024\/05\/daniele-d-andreti-mGH4FxehE2s-unsplash.webp","type":"image\/webp"}],"author":"Kohen","twitter_card":"summary_large_image","twitter_misc":{"\u041d\u0430\u043f\u0438\u0441\u0430\u043d\u043e \u0430\u0432\u0442\u043e\u0440\u043e\u043c":"Kohen","\u041f\u0440\u0438\u043c\u0435\u0440\u043d\u043e\u0435 \u0432\u0440\u0435\u043c\u044f \u0434\u043b\u044f \u0447\u0442\u0435\u043d\u0438\u044f":"4 \u043c\u0438\u043d\u0443\u0442\u044b"},"schema":{"@context":"https:\/\/schema.org","@graph":[{"@type":"Article","@id":"https:\/\/kohenavocats.com\/ru\/tribunal-judiciaire-de-caen-le-2-juillet-2025-n24-03230\/#article","isPartOf":{"@id":"https:\/\/kohenavocats.com\/ru\/tribunal-judiciaire-de-caen-le-2-juillet-2025-n24-03230\/"},"author":{"name":"Kohen","@id":"https:\/\/kohenavocats.com\/ru\/#\/schema\/person\/761c9ba54fa1ca84d405cef0831ff751"},"headline":"Tribunal judiciaire de Caen, le 2 juillet 2025, n\u00b024\/03230","datePublished":"2026-04-23T21:42:35+00:00","dateModified":"2026-04-26T18:21:58+00:00","mainEntityOfPage":{"@id":"https:\/\/kohenavocats.com\/ru\/tribunal-judiciaire-de-caen-le-2-juillet-2025-n24-03230\/"},"wordCount":850,"commentCount":0,"publisher":{"@id":"https:\/\/kohenavocats.com\/ru\/#organization"},"image":{"@id":"https:\/\/kohenavocats.com\/ru\/tribunal-judiciaire-de-caen-le-2-juillet-2025-n24-03230\/#primaryimage"},"thumbnailUrl":"https:\/\/kohenavocats.com\/wp-content\/uploads\/2024\/05\/daniele-d-andreti-mGH4FxehE2s-unsplash.webp","articleSection":["Immobilier","Jurisprudence"],"inLanguage":"ru-RU","potentialAction":[{"@type":"CommentAction","name":"Comment","target":["https:\/\/kohenavocats.com\/ru\/tribunal-judiciaire-de-caen-le-2-juillet-2025-n24-03230\/#respond"]}],"citation":"Tribunal judiciaire de Caen, le 2 juillet 2025, n\u00b024\/03230","about":[{"@type":"Thing","name":"Immobilier"},{"@type":"Thing","name":"Jurisprudence"}],"speakable":{"@type":"SpeakableSpecification","cssSelector":[".article-content > p:first-of-type"]}},{"@type":"WebPage","@id":"https:\/\/kohenavocats.com\/ru\/tribunal-judiciaire-de-caen-le-2-juillet-2025-n24-03230\/","url":"https:\/\/kohenavocats.com\/ru\/tribunal-judiciaire-de-caen-le-2-juillet-2025-n24-03230\/","name":"Tribunal judiciaire de Caen, le 2 juillet 2025, n\u00b024\/03230 - Ma\u00eetre Hassan Kohen, avocat en droit p\u00e9nal \u00e0 Paris","isPartOf":{"@id":"https:\/\/kohenavocats.com\/ru\/#website"},"primaryImageOfPage":{"@id":"https:\/\/kohenavocats.com\/ru\/tribunal-judiciaire-de-caen-le-2-juillet-2025-n24-03230\/#primaryimage"},"image":{"@id":"https:\/\/kohenavocats.com\/ru\/tribunal-judiciaire-de-caen-le-2-juillet-2025-n24-03230\/#primaryimage"},"thumbnailUrl":"https:\/\/kohenavocats.com\/wp-content\/uploads\/2024\/05\/daniele-d-andreti-mGH4FxehE2s-unsplash.webp","datePublished":"2026-04-23T21:42:35+00:00","dateModified":"2026-04-26T18:21:58+00:00","description":"Le juge du contentieux de la protection, statuant par mise \u00e0 disposition au greffe, a rendu un jugement le 2 juillet 2025. Il s\u2019agissait d\u2019une demande en r\u00e9s...","breadcrumb":{"@id":"https:\/\/kohenavocats.com\/ru\/tribunal-judiciaire-de-caen-le-2-juillet-2025-n24-03230\/#breadcrumb"},"inLanguage":"ru-RU","potentialAction":[{"@type":"ReadAction","target":["https:\/\/kohenavocats.com\/ru\/tribunal-judiciaire-de-caen-le-2-juillet-2025-n24-03230\/"]}]},{"@type":"ImageObject","inLanguage":"ru-RU","@id":"https:\/\/kohenavocats.com\/ru\/tribunal-judiciaire-de-caen-le-2-juillet-2025-n24-03230\/#primaryimage","url":"https:\/\/kohenavocats.com\/wp-content\/uploads\/2024\/05\/daniele-d-andreti-mGH4FxehE2s-unsplash.webp","contentUrl":"https:\/\/kohenavocats.com\/wp-content\/uploads\/2024\/05\/daniele-d-andreti-mGH4FxehE2s-unsplash.webp","width":4368,"height":2912},{"@type":"BreadcrumbList","@id":"https:\/\/kohenavocats.com\/ru\/tribunal-judiciaire-de-caen-le-2-juillet-2025-n24-03230\/#breadcrumb","itemListElement":[{"@type":"ListItem","position":1,"name":"Home","item":"https:\/\/kohenavocats.com\/ru\/avocats-en-droit-penal-a-paris-conseil-et-defense-strategique\/"},{"@type":"ListItem","position":2,"name":"Tribunal judiciaire de Caen, le 2 juillet 2025, n\u00b024\/03230"}]},{"@type":"WebSite","@id":"https:\/\/kohenavocats.com\/ru\/#website","url":"https:\/\/kohenavocats.com\/ru\/","name":"Kohen Avocats","description":"Ma\u00eetre Hassan Kohen, avocat p\u00e9naliste \u00e0 Paris, intervient exclusivement en droit p\u00e9nal pour la d\u00e9fense des particuliers, notamment en mati\u00e8re d\u2019accusations de viol. Il assure un accompagnement rigoureux d\u00e8s la garde \u00e0 vue jusqu\u2019\u00e0 la Cour d\u2019assises, veillant au strict respect des garanties proc\u00e9durales.","publisher":{"@id":"https:\/\/kohenavocats.com\/ru\/#organization"},"potentialAction":[{"@type":"SearchAction","target":{"@type":"EntryPoint","urlTemplate":"https:\/\/kohenavocats.com\/ru\/?s={search_term_string}"},"query-input":{"@type":"PropertyValueSpecification","valueRequired":true,"valueName":"search_term_string"}}],"inLanguage":"ru-RU"},{"@type":"Organization","@id":"https:\/\/kohenavocats.com\/ru\/#organization","name":"Kohen Avocats","url":"https:\/\/kohenavocats.com\/ru\/","logo":{"@type":"ImageObject","inLanguage":"ru-RU","@id":"https:\/\/kohenavocats.com\/ru\/#\/schema\/logo\/image\/","url":"https:\/\/kohenavocats.com\/wp-content\/uploads\/2026\/01\/Logo-2-1.webp","contentUrl":"https:\/\/kohenavocats.com\/wp-content\/uploads\/2026\/01\/Logo-2-1.webp","width":2114,"height":1253,"caption":"Kohen Avocats"},"image":{"@id":"https:\/\/kohenavocats.com\/ru\/#\/schema\/logo\/image\/"}},{"@type":"Person","@id":"https:\/\/kohenavocats.com\/ru\/#\/schema\/person\/761c9ba54fa1ca84d405cef0831ff751","name":"Kohen","image":{"@type":"ImageObject","inLanguage":"ru-RU","@id":"https:\/\/secure.gravatar.com\/avatar\/1c5e76ef76bbbfdd2b4da984e2bf2fa4056fd51a27d25ce2c332047f1dfd6e00?s=96&d=identicon&r=g","url":"https:\/\/secure.gravatar.com\/avatar\/1c5e76ef76bbbfdd2b4da984e2bf2fa4056fd51a27d25ce2c332047f1dfd6e00?s=96&d=identicon&r=g","contentUrl":"https:\/\/secure.gravatar.com\/avatar\/1c5e76ef76bbbfdd2b4da984e2bf2fa4056fd51a27d25ce2c332047f1dfd6e00?s=96&d=identicon&r=g","caption":"Kohen"},"sameAs":["https:\/\/www.linkedin.com\/in\/hassan-kohen-448548192\/","https:\/\/www.youtube.com\/@Kohen-Avocats"],"url":"https:\/\/kohenavocats.com\/ru\/author\/kohenmlk\/"}]}},"jetpack_featured_media_url":"https:\/\/kohenavocats.com\/wp-content\/uploads\/2024\/05\/daniele-d-andreti-mGH4FxehE2s-unsplash.webp","jetpack_likes_enabled":false,"jetpack_shortlink":"https:\/\/wp.me\/peCrII-2N62","jetpack-related-posts":[{"id":632265,"url":"https:\/\/kohenavocats.com\/ru\/tribunal-judiciaire-de-saverne-le-13-septembre-2025-n25-00147\/","url_meta":{"origin":665386,"position":0},"title":"Tribunal judiciaire de Saverne, le 13 septembre 2025, n\u00b025\/00147","author":"Kohen","date":"21.04.2026","format":false,"excerpt":"Le juge des contentieux de la protection, statuant en premier ressort le 13 septembre 2025, examine une demande en r\u00e9siliation de bail pour impay\u00e9s. Le bail ...","rel":"","context":"\u0412 &quot;Jurisprudence&quot;","block_context":{"text":"Jurisprudence","link":"https:\/\/kohenavocats.com\/category\/jurisprudence\/"},"img":{"alt_text":"","src":"https:\/\/i0.wp.com\/kohenavocats.com\/wp-content\/uploads\/2024\/11\/getty-images-xdphsBoOFvY-unsplash.webp?resize=350%2C200&ssl=1","width":350,"height":200,"srcset":"https:\/\/i0.wp.com\/kohenavocats.com\/wp-content\/uploads\/2024\/11\/getty-images-xdphsBoOFvY-unsplash.webp?resize=350%2C200&ssl=1 1x, https:\/\/i0.wp.com\/kohenavocats.com\/wp-content\/uploads\/2024\/11\/getty-images-xdphsBoOFvY-unsplash.webp?resize=525%2C300&ssl=1 1.5x, https:\/\/i0.wp.com\/kohenavocats.com\/wp-content\/uploads\/2024\/11\/getty-images-xdphsBoOFvY-unsplash.webp?resize=700%2C400&ssl=1 2x, https:\/\/i0.wp.com\/kohenavocats.com\/wp-content\/uploads\/2024\/11\/getty-images-xdphsBoOFvY-unsplash.webp?resize=1050%2C600&ssl=1 3x, https:\/\/i0.wp.com\/kohenavocats.com\/wp-content\/uploads\/2024\/11\/getty-images-xdphsBoOFvY-unsplash.webp?resize=1400%2C800&ssl=1 4x"},"classes":[]},{"id":683018,"url":"https:\/\/kohenavocats.com\/ru\/tribunal-judiciaire-de-rouen-le-4-juillet-2025-n25-01068\/","url_meta":{"origin":665386,"position":1},"title":"Tribunal judiciaire de Rouen, le 4 juillet 2025, n\u00b025\/01068","author":"Kohen","date":"25.04.2026","format":false,"excerpt":"Le juge des contentieux de la protection de Rouen, statuant le 4 juillet 2025, examine une demande de r\u00e9siliation de bail pour d\u00e9faut de paiement. Le locatai...","rel":"","context":"\u0412 &quot;Jurisprudence&quot;","block_context":{"text":"Jurisprudence","link":"https:\/\/kohenavocats.com\/category\/jurisprudence\/"},"img":{"alt_text":"","src":"https:\/\/i0.wp.com\/kohenavocats.com\/wp-content\/uploads\/2024\/08\/xavier-s-7HJR2NQrBWw-unsplash.webp?resize=350%2C200&ssl=1","width":350,"height":200,"srcset":"https:\/\/i0.wp.com\/kohenavocats.com\/wp-content\/uploads\/2024\/08\/xavier-s-7HJR2NQrBWw-unsplash.webp?resize=350%2C200&ssl=1 1x, https:\/\/i0.wp.com\/kohenavocats.com\/wp-content\/uploads\/2024\/08\/xavier-s-7HJR2NQrBWw-unsplash.webp?resize=525%2C300&ssl=1 1.5x, https:\/\/i0.wp.com\/kohenavocats.com\/wp-content\/uploads\/2024\/08\/xavier-s-7HJR2NQrBWw-unsplash.webp?resize=700%2C400&ssl=1 2x, https:\/\/i0.wp.com\/kohenavocats.com\/wp-content\/uploads\/2024\/08\/xavier-s-7HJR2NQrBWw-unsplash.webp?resize=1050%2C600&ssl=1 3x, https:\/\/i0.wp.com\/kohenavocats.com\/wp-content\/uploads\/2024\/08\/xavier-s-7HJR2NQrBWw-unsplash.webp?resize=1400%2C800&ssl=1 4x"},"classes":[]},{"id":651253,"url":"https:\/\/kohenavocats.com\/ru\/tribunal-judiciaire-de-grenoble-le-2-octobre-2025-n25-00281\/","url_meta":{"origin":665386,"position":2},"title":"Tribunal judiciaire de Grenoble, le 2 octobre 2025, n\u00b025\/00281","author":"Kohen","date":"22.04.2026","format":false,"excerpt":"Le juge des contentieux de la protection, statuant en r\u00e9f\u00e9r\u00e9 le 2 octobre 2025, constate la r\u00e9siliation d\u2019un bail pour impay\u00e9s et ordonne l\u2019expulsion du loca...","rel":"","context":"\u0412 &quot;Jurisprudence&quot;","block_context":{"text":"Jurisprudence","link":"https:\/\/kohenavocats.com\/category\/jurisprudence\/"},"img":{"alt_text":"","src":"https:\/\/i0.wp.com\/kohenavocats.com\/wp-content\/uploads\/2024\/08\/42-north-fhO8zmW5Mpk-unsplash.webp?resize=350%2C200&ssl=1","width":350,"height":200,"srcset":"https:\/\/i0.wp.com\/kohenavocats.com\/wp-content\/uploads\/2024\/08\/42-north-fhO8zmW5Mpk-unsplash.webp?resize=350%2C200&ssl=1 1x, https:\/\/i0.wp.com\/kohenavocats.com\/wp-content\/uploads\/2024\/08\/42-north-fhO8zmW5Mpk-unsplash.webp?resize=525%2C300&ssl=1 1.5x, https:\/\/i0.wp.com\/kohenavocats.com\/wp-content\/uploads\/2024\/08\/42-north-fhO8zmW5Mpk-unsplash.webp?resize=700%2C400&ssl=1 2x, https:\/\/i0.wp.com\/kohenavocats.com\/wp-content\/uploads\/2024\/08\/42-north-fhO8zmW5Mpk-unsplash.webp?resize=1050%2C600&ssl=1 3x, https:\/\/i0.wp.com\/kohenavocats.com\/wp-content\/uploads\/2024\/08\/42-north-fhO8zmW5Mpk-unsplash.webp?resize=1400%2C800&ssl=1 4x"},"classes":[]},{"id":473617,"url":"https:\/\/kohenavocats.com\/ru\/tribunal-judiciaire-de-dunkerque-le-6-juillet-1989-n25-00267\/","url_meta":{"origin":665386,"position":3},"title":"Tribunal judiciaire de Dunkerque, le 6 juillet 1989, n\u00b025\/00267","author":"Kohen","date":"07.04.2026","format":false,"excerpt":"Le formalisme imp\u00e9ratif de la clause r\u00e9solutoire","rel":"","context":"\u0412 &quot;Jurisprudence&quot;","block_context":{"text":"Jurisprudence","link":"https:\/\/kohenavocats.com\/category\/jurisprudence\/"},"img":{"alt_text":"","src":"https:\/\/i0.wp.com\/kohenavocats.com\/wp-content\/uploads\/2024\/08\/frances-gunn-c9z9RlCh0Zo-unsplash.webp?resize=350%2C200&ssl=1","width":350,"height":200,"srcset":"https:\/\/i0.wp.com\/kohenavocats.com\/wp-content\/uploads\/2024\/08\/frances-gunn-c9z9RlCh0Zo-unsplash.webp?resize=350%2C200&ssl=1 1x, https:\/\/i0.wp.com\/kohenavocats.com\/wp-content\/uploads\/2024\/08\/frances-gunn-c9z9RlCh0Zo-unsplash.webp?resize=525%2C300&ssl=1 1.5x, https:\/\/i0.wp.com\/kohenavocats.com\/wp-content\/uploads\/2024\/08\/frances-gunn-c9z9RlCh0Zo-unsplash.webp?resize=700%2C400&ssl=1 2x, https:\/\/i0.wp.com\/kohenavocats.com\/wp-content\/uploads\/2024\/08\/frances-gunn-c9z9RlCh0Zo-unsplash.webp?resize=1050%2C600&ssl=1 3x, https:\/\/i0.wp.com\/kohenavocats.com\/wp-content\/uploads\/2024\/08\/frances-gunn-c9z9RlCh0Zo-unsplash.webp?resize=1400%2C800&ssl=1 4x"},"classes":[]},{"id":621988,"url":"https:\/\/kohenavocats.com\/ru\/tribunal-judiciaire-de-lyon-le-3-juillet-2025-n24-03324\/","url_meta":{"origin":665386,"position":4},"title":"Tribunal judiciaire de Lyon, le 3 juillet 2025, n\u00b024\/03324","author":"Kohen","date":"20.04.2026","format":false,"excerpt":"Le juge des contentieux de la protection, par jugement du 3 juillet 2025, statue sur une demande en r\u00e9siliation de bail et expulsion pour d\u00e9faut de paiement ...","rel":"","context":"\u0412 &quot;Jurisprudence&quot;","block_context":{"text":"Jurisprudence","link":"https:\/\/kohenavocats.com\/category\/jurisprudence\/"},"img":{"alt_text":"","src":"https:\/\/i0.wp.com\/kohenavocats.com\/wp-content\/uploads\/2024\/11\/getty-images-KSt0_N9TP08-unsplash.webp?resize=350%2C200&ssl=1","width":350,"height":200,"srcset":"https:\/\/i0.wp.com\/kohenavocats.com\/wp-content\/uploads\/2024\/11\/getty-images-KSt0_N9TP08-unsplash.webp?resize=350%2C200&ssl=1 1x, https:\/\/i0.wp.com\/kohenavocats.com\/wp-content\/uploads\/2024\/11\/getty-images-KSt0_N9TP08-unsplash.webp?resize=525%2C300&ssl=1 1.5x, https:\/\/i0.wp.com\/kohenavocats.com\/wp-content\/uploads\/2024\/11\/getty-images-KSt0_N9TP08-unsplash.webp?resize=700%2C400&ssl=1 2x, https:\/\/i0.wp.com\/kohenavocats.com\/wp-content\/uploads\/2024\/11\/getty-images-KSt0_N9TP08-unsplash.webp?resize=1050%2C600&ssl=1 3x, https:\/\/i0.wp.com\/kohenavocats.com\/wp-content\/uploads\/2024\/11\/getty-images-KSt0_N9TP08-unsplash.webp?resize=1400%2C800&ssl=1 4x"},"classes":[]},{"id":483557,"url":"https:\/\/kohenavocats.com\/ru\/tribunal-judiciaire-de-reims-le-24-novembre-2025-n25-02316\/","url_meta":{"origin":665386,"position":5},"title":"Tribunal judiciaire de Reims, le 24 novembre 2025, n\u00b025\/02316","author":"Kohen","date":"08.04.2026","format":false,"excerpt":"Le juge des contentieux de la protection du tribunal judiciaire, par jugement du 24 novembre 2025, statue sur une demande en r\u00e9siliation de bail pour d\u00e9faut ...","rel":"","context":"\u0412 &quot;Jurisprudence&quot;","block_context":{"text":"Jurisprudence","link":"https:\/\/kohenavocats.com\/category\/jurisprudence\/"},"img":{"alt_text":"","src":"https:\/\/i0.wp.com\/kohenavocats.com\/wp-content\/uploads\/2024\/11\/mohamed-nohassi-RwwD1cmvyC0-unsplash.webp?resize=350%2C200&ssl=1","width":350,"height":200,"srcset":"https:\/\/i0.wp.com\/kohenavocats.com\/wp-content\/uploads\/2024\/11\/mohamed-nohassi-RwwD1cmvyC0-unsplash.webp?resize=350%2C200&ssl=1 1x, https:\/\/i0.wp.com\/kohenavocats.com\/wp-content\/uploads\/2024\/11\/mohamed-nohassi-RwwD1cmvyC0-unsplash.webp?resize=525%2C300&ssl=1 1.5x, https:\/\/i0.wp.com\/kohenavocats.com\/wp-content\/uploads\/2024\/11\/mohamed-nohassi-RwwD1cmvyC0-unsplash.webp?resize=700%2C400&ssl=1 2x, https:\/\/i0.wp.com\/kohenavocats.com\/wp-content\/uploads\/2024\/11\/mohamed-nohassi-RwwD1cmvyC0-unsplash.webp?resize=1050%2C600&ssl=1 3x, https:\/\/i0.wp.com\/kohenavocats.com\/wp-content\/uploads\/2024\/11\/mohamed-nohassi-RwwD1cmvyC0-unsplash.webp?resize=1400%2C800&ssl=1 4x"},"classes":[]}],"jetpack_sharing_enabled":true,"_links":{"self":[{"href":"https:\/\/kohenavocats.com\/ru\/wp-json\/wp\/v2\/posts\/665386","targetHints":{"allow":["GET"]}}],"collection":[{"href":"https:\/\/kohenavocats.com\/ru\/wp-json\/wp\/v2\/posts"}],"about":[{"href":"https:\/\/kohenavocats.com\/ru\/wp-json\/wp\/v2\/types\/post"}],"author":[{"embeddable":true,"href":"https:\/\/kohenavocats.com\/ru\/wp-json\/wp\/v2\/users\/232070755"}],"replies":[{"embeddable":true,"href":"https:\/\/kohenavocats.com\/ru\/wp-json\/wp\/v2\/comments?post=665386"}],"version-history":[{"count":1,"href":"https:\/\/kohenavocats.com\/ru\/wp-json\/wp\/v2\/posts\/665386\/revisions"}],"predecessor-version":[{"id":697082,"href":"https:\/\/kohenavocats.com\/ru\/wp-json\/wp\/v2\/posts\/665386\/revisions\/697082"}],"wp:featuredmedia":[{"embeddable":true,"href":"https:\/\/kohenavocats.com\/ru\/wp-json\/wp\/v2\/media\/3150"}],"wp:attachment":[{"href":"https:\/\/kohenavocats.com\/ru\/wp-json\/wp\/v2\/media?parent=665386"}],"wp:term":[{"taxonomy":"category","embeddable":true,"href":"https:\/\/kohenavocats.com\/ru\/wp-json\/wp\/v2\/categories?post=665386"},{"taxonomy":"post_tag","embeddable":true,"href":"https:\/\/kohenavocats.com\/ru\/wp-json\/wp\/v2\/tags?post=665386"}],"curies":[{"name":"wp","href":"https:\/\/api.w.org\/{rel}","templated":true}]}}