{"id":665933,"date":"2026-04-24T00:40:10","date_gmt":"2026-04-23T22:40:10","guid":{"rendered":"https:\/\/kohenavocats.com\/tribunal-judiciaire-de-saint-denis-de-la-reunion-le-24-septembre-2025-n24-00151\/"},"modified":"2026-04-24T00:40:10","modified_gmt":"2026-04-23T22:40:10","slug":"tribunal-judiciaire-de-saint-denis-de-la-reunion-le-24-septembre-2025-n24-00151","status":"publish","type":"post","link":"https:\/\/kohenavocats.com\/ru\/tribunal-judiciaire-de-saint-denis-de-la-reunion-le-24-septembre-2025-n24-00151\/","title":{"rendered":"Tribunal judiciaire de Saint-Denis de la R\u00e9union, le 24 septembre 2025, n\u00b024\/00151"},"content":{"rendered":"<div class=\"article-content\">\n<p>Le tribunal judiciaire de Saint-Denis de la R\u00e9union, le 24 septembre 2025, statue sur un litige entre un professionnel de sant\u00e9 et un organisme d&#8217;assurance maladie. L&#8217;organisme a notifi\u00e9 un indu au professionnel pour d\u00e9faut de transmission r\u00e9guli\u00e8re des prescriptions m\u00e9dicales. Le tribunal, apr\u00e8s avoir joint les recours et constat\u00e9 leur recevabilit\u00e9, confirme le principe de l&#8217;indu et en r\u00e9duit le montant. Il condamne finalement le professionnel au paiement de la somme recalcul\u00e9e et aux d\u00e9pens.<\/p>\n<p>Le formalisme imp\u00e9ratif de la prescription m\u00e9dicale<\/p>\n<p>La d\u00e9cision rappelle d&#8217;abord les conditions l\u00e9gales de prise en charge par l&#8217;assurance maladie. Le remboursement des actes est subordonn\u00e9 \u00e0 leur inscription sur une liste pr\u00e9vue par le code. &#171;L&#8217;inscription sur la liste peut elle-m\u00eame \u00eatre subordonn\u00e9e au respect d&#8217;indications th\u00e9rapeutiques ou diagnostiques, \u00e0 l&#8217;\u00e9tat du patient ainsi qu&#8217;\u00e0 des conditions particuli\u00e8res de prescription&#187; (article L. 162-1-7 du code de la s\u00e9curit\u00e9 sociale). Le cadre l\u00e9gal impose ainsi un strict respect des modalit\u00e9s de prescription pour la prise en charge.<\/p>\n<p>L&#8217;exigence d&#8217;une prescription dat\u00e9e constitue le c\u0153ur du formalisme contr\u00f4l\u00e9. Le texte applicable pr\u00e9cise les mentions obligatoires que doit porter l&#8217;ordonnance. &#171;L&#8217;ordonnance, lorsqu&#8217;elle existe, doit comporter les \u00e9l\u00e9ments suivants. Le prescripteur y fait mention, quel que soit le support : [\u2026] De la date \u00e0 laquelle elle est faite&#187; (article R. 161-45, I, du code de la s\u00e9curit\u00e9 sociale). Cette formalit\u00e9 est essentielle pour permettre le rapprochement avec la feuille de soins et v\u00e9rifier la r\u00e9gularit\u00e9 des actes factur\u00e9s.<\/p>\n<p>Les cons\u00e9quences proc\u00e9durales d&#8217;une transmission irr\u00e9guli\u00e8re<\/p>\n<p>Le manquement aux r\u00e8gles de transmission entra\u00eene une sanction financi\u00e8re directe. La d\u00e9cision applique le dispositif l\u00e9gal de r\u00e9cup\u00e9ration des indus. &#171;lorsque le professionnel de sant\u00e9 a transmis, hors du d\u00e9lai pr\u00e9vu [&#8230;] les ordonnances correspondant aux feuilles de soins \u00e9lectroniques, l&#8217;organisme d&#8217;assurance maladie peut exiger de ce dernier la restitution de tout ou partie des prestations servies \u00e0 l&#8217;assur\u00e9&#187; (article L. 161-33, alin\u00e9as 1 et 3). Ce principe juridique est ainsi strictement mis en \u0153uvre contre le professionnel d\u00e9faillant.<\/p>\n<p>En l&#8217;esp\u00e8ce, l&#8217;alt\u00e9ration de la date sur les documents scann\u00e9s est fatale. Le professionnel reconna\u00eet avoir communiqu\u00e9 des prescriptions dont la date \u00e9tait tronqu\u00e9e. Les pi\u00e8ces produites ult\u00e9rieurement sont jug\u00e9es insuffisantes pour \u00e9tablir la correspondance avec les documents initiaux. Seule la r\u00e9gularisation partielle accept\u00e9e par la caisse, concernant une prescription dont la date \u00e9tait simplement masqu\u00e9e, permet une mod\u00e9ration de l&#8217;indu. La charge de la preuve p\u00e8se ainsi int\u00e9gralement sur le professionnel pour d\u00e9montrer la r\u00e9gularit\u00e9 de sa facturation.<\/p>\n<p>Cette d\u00e9cision illustre la rigueur exig\u00e9e dans la gestion des feuilles de soins \u00e9lectroniques. Elle rappelle que la date de la prescription est une mention substantielle dont l&#8217;alt\u00e9ration, m\u00eame involontaire, est sanctionn\u00e9e. Le juge op\u00e8re un contr\u00f4le strict de la preuve apport\u00e9e par le professionnel pour contester l&#8217;indu. La solution s&#8217;inscrit dans la lign\u00e9e d&#8217;une jurisprudence exigeante sur les conditions de prise en charge. &#171;Il r\u00e9sulte de la combinaison de ces textes que la prise en charge par l&#8217;assurance maladie des actes effectu\u00e9s personnellement par un masseur-kin\u00e9sith\u00e9rapeute implique que ceux-ci aient fait l&#8217;objet, ant\u00e9rieurement \u00e0 l&#8217;engagement des soins, d&#8217;une prescription m\u00e9dicale \u00e9crite mentionnant, quel que soit le support, la date \u00e0 laquelle elle est faite&#187; (Cass. Deuxi\u00e8me chambre civile, le 9 septembre 2021, n\u00b020-17.137). La port\u00e9e de l&#8217;arr\u00eat est donc pr\u00e9ventive, incitant \u00e0 une parfaite r\u00e9gularit\u00e9 documentaire.<\/p>\n<\/div>\n","protected":false},"excerpt":{"rendered":"<p>Le tribunal judiciaire de Saint-Denis de la R\u00e9union, le 24 septembre 2025, statue sur un litige entre un professionnel de sant\u00e9 et un organisme d&#8217;assurance m&#8230;<\/p>\n","protected":false},"author":232070755,"featured_media":9553,"comment_status":"open","ping_status":"open","sticky":false,"template":"","format":"standard","meta":{"_crdt_document":"","_jetpack_newsletter_access":"","_jetpack_dont_email_post_to_subs":false,"_jetpack_newsletter_tier_id":0,"_jetpack_memberships_contains_paywalled_content":false,"_kj_source_type":"judilibre","_kj_official_id":"68dd599e548223b2c7a72cc5","_kj_official_url":"https:\/\/www.courdecassation.fr\/decision\/68dd599e548223b2c7a72cc5","_kj_judilibre_id":"68dd599e548223b2c7a72cc5","_kj_jur":"Tribunal judiciaire","_kj_lieu":"Tribunal judiciaire de Saint-Denis de La R\u00e9union","_kj_chambre":"CTX PROTECTION SOCIALE","_kj_rg":"24\/00151","_kj_date":"2025-09-24","_jetpack_memberships_contains_paid_content":false,"footnotes":"","jetpack_post_was_ever_published":false},"categories":[7597],"tags":[],"class_list":["post-665933","post","type-post","status-publish","format-standard","has-post-thumbnail","hentry","category-jurisprudence"],"yoast_head":"<!-- This site is optimized with the Yoast SEO Premium plugin v27.5 (Yoast SEO v27.5) - https:\/\/yoast.com\/product\/yoast-seo-premium-wordpress\/ -->\n<title>Tribunal judiciaire de Saint-Denis de la R\u00e9union, le 24 septembre 2025, n\u00b024\/00151 - Ma\u00eetre Hassan Kohen, avocat en droit p\u00e9nal \u00e0 Paris<\/title>\n<meta name=\"description\" content=\"Le tribunal judiciaire de Saint-Denis de la R\u00e9union, le 24 septembre 2025, statue sur un litige entre un professionnel de sant\u00e9 et un organisme d&#039;assurance m...\" \/>\n<meta name=\"robots\" content=\"index, follow, max-snippet:-1, max-image-preview:large, max-video-preview:-1\" \/>\n<link rel=\"canonical\" href=\"https:\/\/kohenavocats.com\/ru\/tribunal-judiciaire-de-saint-denis-de-la-reunion-le-24-septembre-2025-n24-00151\/\" \/>\n<meta property=\"og:locale\" content=\"ru_RU\" \/>\n<meta property=\"og:type\" content=\"article\" \/>\n<meta property=\"og:title\" content=\"Tribunal judiciaire de Saint-Denis de la R\u00e9union, le 24 septembre 2025, n\u00b024\/00151\" \/>\n<meta property=\"og:description\" content=\"Le tribunal judiciaire de Saint-Denis de la R\u00e9union, le 24 septembre 2025, statue sur un litige entre un professionnel de sant\u00e9 et un organisme d&#039;assurance m...\" \/>\n<meta property=\"og:url\" content=\"https:\/\/kohenavocats.com\/ru\/tribunal-judiciaire-de-saint-denis-de-la-reunion-le-24-septembre-2025-n24-00151\/\" \/>\n<meta property=\"og:site_name\" content=\"Ma\u00eetre Hassan Kohen, avocat en droit p\u00e9nal \u00e0 Paris\" \/>\n<meta property=\"article:published_time\" content=\"2026-04-23T22:40:10+00:00\" \/>\n<meta property=\"og:image\" content=\"https:\/\/kohenavocats.com\/wp-content\/uploads\/2024\/11\/zyanya-citlalli-6tRLEZ6yZ7M-unsplash.webp\" \/>\n\t<meta property=\"og:image:width\" content=\"3840\" \/>\n\t<meta property=\"og:image:height\" content=\"2160\" \/>\n\t<meta property=\"og:image:type\" content=\"image\/webp\" \/>\n<meta name=\"author\" content=\"Kohen\" \/>\n<meta name=\"twitter:card\" content=\"summary_large_image\" \/>\n<meta name=\"twitter:label1\" content=\"\u041d\u0430\u043f\u0438\u0441\u0430\u043d\u043e \u0430\u0432\u0442\u043e\u0440\u043e\u043c\" \/>\n\t<meta name=\"twitter:data1\" content=\"Kohen\" \/>\n\t<meta name=\"twitter:label2\" content=\"\u041f\u0440\u0438\u043c\u0435\u0440\u043d\u043e\u0435 \u0432\u0440\u0435\u043c\u044f \u0434\u043b\u044f \u0447\u0442\u0435\u043d\u0438\u044f\" \/>\n\t<meta name=\"twitter:data2\" content=\"3 \u043c\u0438\u043d\u0443\u0442\u044b\" \/>\n<script type=\"application\/ld+json\" class=\"yoast-schema-graph\">{\"@context\":\"https:\\\/\\\/schema.org\",\"@graph\":[{\"@type\":\"Article\",\"@id\":\"https:\\\/\\\/kohenavocats.com\\\/ru\\\/tribunal-judiciaire-de-saint-denis-de-la-reunion-le-24-septembre-2025-n24-00151\\\/#article\",\"isPartOf\":{\"@id\":\"https:\\\/\\\/kohenavocats.com\\\/ru\\\/tribunal-judiciaire-de-saint-denis-de-la-reunion-le-24-septembre-2025-n24-00151\\\/\"},\"author\":{\"name\":\"Kohen\",\"@id\":\"https:\\\/\\\/kohenavocats.com\\\/ru\\\/#\\\/schema\\\/person\\\/761c9ba54fa1ca84d405cef0831ff751\"},\"headline\":\"Tribunal judiciaire de Saint-Denis de la R\u00e9union, le 24 septembre 2025, n\u00b024\\\/00151\",\"datePublished\":\"2026-04-23T22:40:10+00:00\",\"mainEntityOfPage\":{\"@id\":\"https:\\\/\\\/kohenavocats.com\\\/ru\\\/tribunal-judiciaire-de-saint-denis-de-la-reunion-le-24-septembre-2025-n24-00151\\\/\"},\"wordCount\":652,\"commentCount\":0,\"publisher\":{\"@id\":\"https:\\\/\\\/kohenavocats.com\\\/ru\\\/#organization\"},\"image\":{\"@id\":\"https:\\\/\\\/kohenavocats.com\\\/ru\\\/tribunal-judiciaire-de-saint-denis-de-la-reunion-le-24-septembre-2025-n24-00151\\\/#primaryimage\"},\"thumbnailUrl\":\"https:\\\/\\\/kohenavocats.com\\\/wp-content\\\/uploads\\\/2024\\\/11\\\/zyanya-citlalli-6tRLEZ6yZ7M-unsplash.webp\",\"articleSection\":[\"Jurisprudence\"],\"inLanguage\":\"ru-RU\",\"potentialAction\":[{\"@type\":\"CommentAction\",\"name\":\"Comment\",\"target\":[\"https:\\\/\\\/kohenavocats.com\\\/ru\\\/tribunal-judiciaire-de-saint-denis-de-la-reunion-le-24-septembre-2025-n24-00151\\\/#respond\"]}],\"citation\":\"Tribunal judiciaire de Saint-Denis de la R\u00e9union, le 24 septembre 2025, n\u00b024\\\/00151\",\"about\":[{\"@type\":\"Thing\",\"name\":\"Jurisprudence\"}],\"dateModified\":\"2026-04-23T22:40:10+00:00\",\"speakable\":{\"@type\":\"SpeakableSpecification\",\"cssSelector\":[\".article-content > p:first-of-type\"]}},{\"@type\":\"WebPage\",\"@id\":\"https:\\\/\\\/kohenavocats.com\\\/ru\\\/tribunal-judiciaire-de-saint-denis-de-la-reunion-le-24-septembre-2025-n24-00151\\\/\",\"url\":\"https:\\\/\\\/kohenavocats.com\\\/ru\\\/tribunal-judiciaire-de-saint-denis-de-la-reunion-le-24-septembre-2025-n24-00151\\\/\",\"name\":\"Tribunal judiciaire de Saint-Denis de la R\u00e9union, le 24 septembre 2025, n\u00b024\\\/00151 - Ma\u00eetre Hassan Kohen, avocat en droit p\u00e9nal \u00e0 Paris\",\"isPartOf\":{\"@id\":\"https:\\\/\\\/kohenavocats.com\\\/ru\\\/#website\"},\"primaryImageOfPage\":{\"@id\":\"https:\\\/\\\/kohenavocats.com\\\/ru\\\/tribunal-judiciaire-de-saint-denis-de-la-reunion-le-24-septembre-2025-n24-00151\\\/#primaryimage\"},\"image\":{\"@id\":\"https:\\\/\\\/kohenavocats.com\\\/ru\\\/tribunal-judiciaire-de-saint-denis-de-la-reunion-le-24-septembre-2025-n24-00151\\\/#primaryimage\"},\"thumbnailUrl\":\"https:\\\/\\\/kohenavocats.com\\\/wp-content\\\/uploads\\\/2024\\\/11\\\/zyanya-citlalli-6tRLEZ6yZ7M-unsplash.webp\",\"datePublished\":\"2026-04-23T22:40:10+00:00\",\"description\":\"Le tribunal judiciaire de Saint-Denis de la R\u00e9union, le 24 septembre 2025, statue sur un litige entre un professionnel de sant\u00e9 et un organisme d'assurance m...\",\"breadcrumb\":{\"@id\":\"https:\\\/\\\/kohenavocats.com\\\/ru\\\/tribunal-judiciaire-de-saint-denis-de-la-reunion-le-24-septembre-2025-n24-00151\\\/#breadcrumb\"},\"inLanguage\":\"ru-RU\",\"potentialAction\":[{\"@type\":\"ReadAction\",\"target\":[\"https:\\\/\\\/kohenavocats.com\\\/ru\\\/tribunal-judiciaire-de-saint-denis-de-la-reunion-le-24-septembre-2025-n24-00151\\\/\"]}]},{\"@type\":\"ImageObject\",\"inLanguage\":\"ru-RU\",\"@id\":\"https:\\\/\\\/kohenavocats.com\\\/ru\\\/tribunal-judiciaire-de-saint-denis-de-la-reunion-le-24-septembre-2025-n24-00151\\\/#primaryimage\",\"url\":\"https:\\\/\\\/kohenavocats.com\\\/wp-content\\\/uploads\\\/2024\\\/11\\\/zyanya-citlalli-6tRLEZ6yZ7M-unsplash.webp\",\"contentUrl\":\"https:\\\/\\\/kohenavocats.com\\\/wp-content\\\/uploads\\\/2024\\\/11\\\/zyanya-citlalli-6tRLEZ6yZ7M-unsplash.webp\",\"width\":3840,\"height\":2160},{\"@type\":\"BreadcrumbList\",\"@id\":\"https:\\\/\\\/kohenavocats.com\\\/ru\\\/tribunal-judiciaire-de-saint-denis-de-la-reunion-le-24-septembre-2025-n24-00151\\\/#breadcrumb\",\"itemListElement\":[{\"@type\":\"ListItem\",\"position\":1,\"name\":\"Home\",\"item\":\"https:\\\/\\\/kohenavocats.com\\\/ru\\\/avocats-en-droit-penal-a-paris-conseil-et-defense-strategique\\\/\"},{\"@type\":\"ListItem\",\"position\":2,\"name\":\"Tribunal judiciaire de Saint-Denis de la R\u00e9union, le 24 septembre 2025, n\u00b024\\\/00151\"}]},{\"@type\":\"WebSite\",\"@id\":\"https:\\\/\\\/kohenavocats.com\\\/ru\\\/#website\",\"url\":\"https:\\\/\\\/kohenavocats.com\\\/ru\\\/\",\"name\":\"Kohen Avocats\",\"description\":\"Ma\u00eetre Hassan Kohen, avocat p\u00e9naliste \u00e0 Paris, intervient exclusivement en droit p\u00e9nal pour la d\u00e9fense des particuliers, notamment en mati\u00e8re d\u2019accusations de viol. Il assure un accompagnement rigoureux d\u00e8s la garde \u00e0 vue jusqu\u2019\u00e0 la Cour d\u2019assises, veillant au strict respect des garanties proc\u00e9durales.\",\"publisher\":{\"@id\":\"https:\\\/\\\/kohenavocats.com\\\/ru\\\/#organization\"},\"potentialAction\":[{\"@type\":\"SearchAction\",\"target\":{\"@type\":\"EntryPoint\",\"urlTemplate\":\"https:\\\/\\\/kohenavocats.com\\\/ru\\\/?s={search_term_string}\"},\"query-input\":{\"@type\":\"PropertyValueSpecification\",\"valueRequired\":true,\"valueName\":\"search_term_string\"}}],\"inLanguage\":\"ru-RU\"},{\"@type\":\"Organization\",\"@id\":\"https:\\\/\\\/kohenavocats.com\\\/ru\\\/#organization\",\"name\":\"Kohen Avocats\",\"url\":\"https:\\\/\\\/kohenavocats.com\\\/ru\\\/\",\"logo\":{\"@type\":\"ImageObject\",\"inLanguage\":\"ru-RU\",\"@id\":\"https:\\\/\\\/kohenavocats.com\\\/ru\\\/#\\\/schema\\\/logo\\\/image\\\/\",\"url\":\"https:\\\/\\\/kohenavocats.com\\\/wp-content\\\/uploads\\\/2026\\\/01\\\/Logo-2-1.webp\",\"contentUrl\":\"https:\\\/\\\/kohenavocats.com\\\/wp-content\\\/uploads\\\/2026\\\/01\\\/Logo-2-1.webp\",\"width\":2114,\"height\":1253,\"caption\":\"Kohen Avocats\"},\"image\":{\"@id\":\"https:\\\/\\\/kohenavocats.com\\\/ru\\\/#\\\/schema\\\/logo\\\/image\\\/\"}},{\"@type\":\"Person\",\"@id\":\"https:\\\/\\\/kohenavocats.com\\\/ru\\\/#\\\/schema\\\/person\\\/761c9ba54fa1ca84d405cef0831ff751\",\"name\":\"Kohen\",\"image\":{\"@type\":\"ImageObject\",\"inLanguage\":\"ru-RU\",\"@id\":\"https:\\\/\\\/secure.gravatar.com\\\/avatar\\\/1c5e76ef76bbbfdd2b4da984e2bf2fa4056fd51a27d25ce2c332047f1dfd6e00?s=96&d=identicon&r=g\",\"url\":\"https:\\\/\\\/secure.gravatar.com\\\/avatar\\\/1c5e76ef76bbbfdd2b4da984e2bf2fa4056fd51a27d25ce2c332047f1dfd6e00?s=96&d=identicon&r=g\",\"contentUrl\":\"https:\\\/\\\/secure.gravatar.com\\\/avatar\\\/1c5e76ef76bbbfdd2b4da984e2bf2fa4056fd51a27d25ce2c332047f1dfd6e00?s=96&d=identicon&r=g\",\"caption\":\"Kohen\"},\"sameAs\":[\"https:\\\/\\\/www.linkedin.com\\\/in\\\/hassan-kohen-448548192\\\/\",\"https:\\\/\\\/www.youtube.com\\\/@Kohen-Avocats\"],\"url\":\"https:\\\/\\\/kohenavocats.com\\\/ru\\\/author\\\/kohenmlk\\\/\"}]}<\/script>\n<!-- \/ Yoast SEO Premium plugin. -->","yoast_head_json":{"title":"Tribunal judiciaire de Saint-Denis de la R\u00e9union, le 24 septembre 2025, n\u00b024\/00151 - Ma\u00eetre Hassan Kohen, avocat en droit p\u00e9nal \u00e0 Paris","description":"Le tribunal judiciaire de Saint-Denis de la R\u00e9union, le 24 septembre 2025, statue sur un litige entre un professionnel de sant\u00e9 et un organisme d'assurance m...","robots":{"index":"index","follow":"follow","max-snippet":"max-snippet:-1","max-image-preview":"max-image-preview:large","max-video-preview":"max-video-preview:-1"},"canonical":"https:\/\/kohenavocats.com\/ru\/tribunal-judiciaire-de-saint-denis-de-la-reunion-le-24-septembre-2025-n24-00151\/","og_locale":"ru_RU","og_type":"article","og_title":"Tribunal judiciaire de Saint-Denis de la R\u00e9union, le 24 septembre 2025, n\u00b024\/00151","og_description":"Le tribunal judiciaire de Saint-Denis de la R\u00e9union, le 24 septembre 2025, statue sur un litige entre un professionnel de sant\u00e9 et un organisme d'assurance m...","og_url":"https:\/\/kohenavocats.com\/ru\/tribunal-judiciaire-de-saint-denis-de-la-reunion-le-24-septembre-2025-n24-00151\/","og_site_name":"Ma\u00eetre Hassan Kohen, avocat en droit p\u00e9nal \u00e0 Paris","article_published_time":"2026-04-23T22:40:10+00:00","og_image":[{"width":3840,"height":2160,"url":"https:\/\/kohenavocats.com\/wp-content\/uploads\/2024\/11\/zyanya-citlalli-6tRLEZ6yZ7M-unsplash.webp","type":"image\/webp"}],"author":"Kohen","twitter_card":"summary_large_image","twitter_misc":{"\u041d\u0430\u043f\u0438\u0441\u0430\u043d\u043e \u0430\u0432\u0442\u043e\u0440\u043e\u043c":"Kohen","\u041f\u0440\u0438\u043c\u0435\u0440\u043d\u043e\u0435 \u0432\u0440\u0435\u043c\u044f \u0434\u043b\u044f \u0447\u0442\u0435\u043d\u0438\u044f":"3 \u043c\u0438\u043d\u0443\u0442\u044b"},"schema":{"@context":"https:\/\/schema.org","@graph":[{"@type":"Article","@id":"https:\/\/kohenavocats.com\/ru\/tribunal-judiciaire-de-saint-denis-de-la-reunion-le-24-septembre-2025-n24-00151\/#article","isPartOf":{"@id":"https:\/\/kohenavocats.com\/ru\/tribunal-judiciaire-de-saint-denis-de-la-reunion-le-24-septembre-2025-n24-00151\/"},"author":{"name":"Kohen","@id":"https:\/\/kohenavocats.com\/ru\/#\/schema\/person\/761c9ba54fa1ca84d405cef0831ff751"},"headline":"Tribunal judiciaire de Saint-Denis de la R\u00e9union, le 24 septembre 2025, n\u00b024\/00151","datePublished":"2026-04-23T22:40:10+00:00","mainEntityOfPage":{"@id":"https:\/\/kohenavocats.com\/ru\/tribunal-judiciaire-de-saint-denis-de-la-reunion-le-24-septembre-2025-n24-00151\/"},"wordCount":652,"commentCount":0,"publisher":{"@id":"https:\/\/kohenavocats.com\/ru\/#organization"},"image":{"@id":"https:\/\/kohenavocats.com\/ru\/tribunal-judiciaire-de-saint-denis-de-la-reunion-le-24-septembre-2025-n24-00151\/#primaryimage"},"thumbnailUrl":"https:\/\/kohenavocats.com\/wp-content\/uploads\/2024\/11\/zyanya-citlalli-6tRLEZ6yZ7M-unsplash.webp","articleSection":["Jurisprudence"],"inLanguage":"ru-RU","potentialAction":[{"@type":"CommentAction","name":"Comment","target":["https:\/\/kohenavocats.com\/ru\/tribunal-judiciaire-de-saint-denis-de-la-reunion-le-24-septembre-2025-n24-00151\/#respond"]}],"citation":"Tribunal judiciaire de Saint-Denis de la R\u00e9union, le 24 septembre 2025, n\u00b024\/00151","about":[{"@type":"Thing","name":"Jurisprudence"}],"dateModified":"2026-04-23T22:40:10+00:00","speakable":{"@type":"SpeakableSpecification","cssSelector":[".article-content > p:first-of-type"]}},{"@type":"WebPage","@id":"https:\/\/kohenavocats.com\/ru\/tribunal-judiciaire-de-saint-denis-de-la-reunion-le-24-septembre-2025-n24-00151\/","url":"https:\/\/kohenavocats.com\/ru\/tribunal-judiciaire-de-saint-denis-de-la-reunion-le-24-septembre-2025-n24-00151\/","name":"Tribunal judiciaire de Saint-Denis de la R\u00e9union, le 24 septembre 2025, n\u00b024\/00151 - Ma\u00eetre Hassan Kohen, avocat en droit p\u00e9nal \u00e0 Paris","isPartOf":{"@id":"https:\/\/kohenavocats.com\/ru\/#website"},"primaryImageOfPage":{"@id":"https:\/\/kohenavocats.com\/ru\/tribunal-judiciaire-de-saint-denis-de-la-reunion-le-24-septembre-2025-n24-00151\/#primaryimage"},"image":{"@id":"https:\/\/kohenavocats.com\/ru\/tribunal-judiciaire-de-saint-denis-de-la-reunion-le-24-septembre-2025-n24-00151\/#primaryimage"},"thumbnailUrl":"https:\/\/kohenavocats.com\/wp-content\/uploads\/2024\/11\/zyanya-citlalli-6tRLEZ6yZ7M-unsplash.webp","datePublished":"2026-04-23T22:40:10+00:00","description":"Le tribunal judiciaire de Saint-Denis de la R\u00e9union, le 24 septembre 2025, statue sur un litige entre un professionnel de sant\u00e9 et un organisme d'assurance m...","breadcrumb":{"@id":"https:\/\/kohenavocats.com\/ru\/tribunal-judiciaire-de-saint-denis-de-la-reunion-le-24-septembre-2025-n24-00151\/#breadcrumb"},"inLanguage":"ru-RU","potentialAction":[{"@type":"ReadAction","target":["https:\/\/kohenavocats.com\/ru\/tribunal-judiciaire-de-saint-denis-de-la-reunion-le-24-septembre-2025-n24-00151\/"]}]},{"@type":"ImageObject","inLanguage":"ru-RU","@id":"https:\/\/kohenavocats.com\/ru\/tribunal-judiciaire-de-saint-denis-de-la-reunion-le-24-septembre-2025-n24-00151\/#primaryimage","url":"https:\/\/kohenavocats.com\/wp-content\/uploads\/2024\/11\/zyanya-citlalli-6tRLEZ6yZ7M-unsplash.webp","contentUrl":"https:\/\/kohenavocats.com\/wp-content\/uploads\/2024\/11\/zyanya-citlalli-6tRLEZ6yZ7M-unsplash.webp","width":3840,"height":2160},{"@type":"BreadcrumbList","@id":"https:\/\/kohenavocats.com\/ru\/tribunal-judiciaire-de-saint-denis-de-la-reunion-le-24-septembre-2025-n24-00151\/#breadcrumb","itemListElement":[{"@type":"ListItem","position":1,"name":"Home","item":"https:\/\/kohenavocats.com\/ru\/avocats-en-droit-penal-a-paris-conseil-et-defense-strategique\/"},{"@type":"ListItem","position":2,"name":"Tribunal judiciaire de Saint-Denis de la R\u00e9union, le 24 septembre 2025, n\u00b024\/00151"}]},{"@type":"WebSite","@id":"https:\/\/kohenavocats.com\/ru\/#website","url":"https:\/\/kohenavocats.com\/ru\/","name":"Kohen Avocats","description":"Ma\u00eetre Hassan Kohen, avocat p\u00e9naliste \u00e0 Paris, intervient exclusivement en droit p\u00e9nal pour la d\u00e9fense des particuliers, notamment en mati\u00e8re d\u2019accusations de viol. Il assure un accompagnement rigoureux d\u00e8s la garde \u00e0 vue jusqu\u2019\u00e0 la Cour d\u2019assises, veillant au strict respect des garanties proc\u00e9durales.","publisher":{"@id":"https:\/\/kohenavocats.com\/ru\/#organization"},"potentialAction":[{"@type":"SearchAction","target":{"@type":"EntryPoint","urlTemplate":"https:\/\/kohenavocats.com\/ru\/?s={search_term_string}"},"query-input":{"@type":"PropertyValueSpecification","valueRequired":true,"valueName":"search_term_string"}}],"inLanguage":"ru-RU"},{"@type":"Organization","@id":"https:\/\/kohenavocats.com\/ru\/#organization","name":"Kohen Avocats","url":"https:\/\/kohenavocats.com\/ru\/","logo":{"@type":"ImageObject","inLanguage":"ru-RU","@id":"https:\/\/kohenavocats.com\/ru\/#\/schema\/logo\/image\/","url":"https:\/\/kohenavocats.com\/wp-content\/uploads\/2026\/01\/Logo-2-1.webp","contentUrl":"https:\/\/kohenavocats.com\/wp-content\/uploads\/2026\/01\/Logo-2-1.webp","width":2114,"height":1253,"caption":"Kohen Avocats"},"image":{"@id":"https:\/\/kohenavocats.com\/ru\/#\/schema\/logo\/image\/"}},{"@type":"Person","@id":"https:\/\/kohenavocats.com\/ru\/#\/schema\/person\/761c9ba54fa1ca84d405cef0831ff751","name":"Kohen","image":{"@type":"ImageObject","inLanguage":"ru-RU","@id":"https:\/\/secure.gravatar.com\/avatar\/1c5e76ef76bbbfdd2b4da984e2bf2fa4056fd51a27d25ce2c332047f1dfd6e00?s=96&d=identicon&r=g","url":"https:\/\/secure.gravatar.com\/avatar\/1c5e76ef76bbbfdd2b4da984e2bf2fa4056fd51a27d25ce2c332047f1dfd6e00?s=96&d=identicon&r=g","contentUrl":"https:\/\/secure.gravatar.com\/avatar\/1c5e76ef76bbbfdd2b4da984e2bf2fa4056fd51a27d25ce2c332047f1dfd6e00?s=96&d=identicon&r=g","caption":"Kohen"},"sameAs":["https:\/\/www.linkedin.com\/in\/hassan-kohen-448548192\/","https:\/\/www.youtube.com\/@Kohen-Avocats"],"url":"https:\/\/kohenavocats.com\/ru\/author\/kohenmlk\/"}]}},"jetpack_featured_media_url":"https:\/\/kohenavocats.com\/wp-content\/uploads\/2024\/11\/zyanya-citlalli-6tRLEZ6yZ7M-unsplash.webp","jetpack_likes_enabled":false,"jetpack_shortlink":"https:\/\/wp.me\/peCrII-2NeR","jetpack-related-posts":[{"id":522071,"url":"https:\/\/kohenavocats.com\/ru\/tribunal-judiciaire-de-saint-denis-de-la-reunion-le-19-novembre-2025-n24-00052\/","url_meta":{"origin":665933,"position":0},"title":"Tribunal judiciaire de Saint-Denis de la R\u00e9union, le 19 novembre 2025, n\u00b024\/00052","author":"Kohen","date":"09.04.2026","format":false,"excerpt":"Le tribunal judiciaire de Saint-Denis de la R\u00e9union, par jugement du 19 novembre 2025, rejette le recours d\u2019un professionnel de sant\u00e9 contre une demande de r...","rel":"","context":"\u0412 &quot;Jurisprudence&quot;","block_context":{"text":"Jurisprudence","link":"https:\/\/kohenavocats.com\/category\/jurisprudence\/"},"img":{"alt_text":"","src":"https:\/\/i0.wp.com\/kohenavocats.com\/wp-content\/uploads\/2024\/11\/mohamed-nohassi-CRktpOMkRIs-unsplash.webp?resize=350%2C200&ssl=1","width":350,"height":200,"srcset":"https:\/\/i0.wp.com\/kohenavocats.com\/wp-content\/uploads\/2024\/11\/mohamed-nohassi-CRktpOMkRIs-unsplash.webp?resize=350%2C200&ssl=1 1x, https:\/\/i0.wp.com\/kohenavocats.com\/wp-content\/uploads\/2024\/11\/mohamed-nohassi-CRktpOMkRIs-unsplash.webp?resize=525%2C300&ssl=1 1.5x, https:\/\/i0.wp.com\/kohenavocats.com\/wp-content\/uploads\/2024\/11\/mohamed-nohassi-CRktpOMkRIs-unsplash.webp?resize=700%2C400&ssl=1 2x, https:\/\/i0.wp.com\/kohenavocats.com\/wp-content\/uploads\/2024\/11\/mohamed-nohassi-CRktpOMkRIs-unsplash.webp?resize=1050%2C600&ssl=1 3x, https:\/\/i0.wp.com\/kohenavocats.com\/wp-content\/uploads\/2024\/11\/mohamed-nohassi-CRktpOMkRIs-unsplash.webp?resize=1400%2C800&ssl=1 4x"},"classes":[]},{"id":496324,"url":"https:\/\/kohenavocats.com\/ru\/tribunal-judiciaire-de-bastia-le-1-decembre-2025-n25-00039\/","url_meta":{"origin":665933,"position":1},"title":"Tribunal judiciaire de Bastia, le 1 d\u00e9cembre 2025, n\u00b025\/00039","author":"Kohen","date":"08.04.2026","format":false,"excerpt":"Le tribunal judiciaire de Bastia, statuant en dernier ressort, a rendu un jugement le [date non pr\u00e9cis\u00e9e]. Un masseur-kin\u00e9sith\u00e9rapeute contestait la...","rel":"","context":"\u0412 &quot;D\u00e9cisions juridiques&quot;","block_context":{"text":"D\u00e9cisions juridiques","link":"https:\/\/kohenavocats.com\/category\/decisions-juridiques\/"},"img":{"alt_text":"","src":"https:\/\/i0.wp.com\/kohenavocats.com\/wp-content\/uploads\/2024\/08\/chris-unger-1NpTLXkg6K0-unsplash.webp?resize=350%2C200&ssl=1","width":350,"height":200,"srcset":"https:\/\/i0.wp.com\/kohenavocats.com\/wp-content\/uploads\/2024\/08\/chris-unger-1NpTLXkg6K0-unsplash.webp?resize=350%2C200&ssl=1 1x, https:\/\/i0.wp.com\/kohenavocats.com\/wp-content\/uploads\/2024\/08\/chris-unger-1NpTLXkg6K0-unsplash.webp?resize=525%2C300&ssl=1 1.5x, https:\/\/i0.wp.com\/kohenavocats.com\/wp-content\/uploads\/2024\/08\/chris-unger-1NpTLXkg6K0-unsplash.webp?resize=700%2C400&ssl=1 2x, https:\/\/i0.wp.com\/kohenavocats.com\/wp-content\/uploads\/2024\/08\/chris-unger-1NpTLXkg6K0-unsplash.webp?resize=1050%2C600&ssl=1 3x, https:\/\/i0.wp.com\/kohenavocats.com\/wp-content\/uploads\/2024\/08\/chris-unger-1NpTLXkg6K0-unsplash.webp?resize=1400%2C800&ssl=1 4x"},"classes":[]},{"id":490997,"url":"https:\/\/kohenavocats.com\/ru\/tribunal-judiciaire-de-saint-denis-de-la-reunion-le-19-novembre-2025-n24-00596\/","url_meta":{"origin":665933,"position":2},"title":"Tribunal judiciaire de Saint-Denis de la R\u00e9union, le 19 novembre 2025, n\u00b024\/00596","author":"Kohen","date":"08.04.2026","format":false,"excerpt":"Le tribunal judiciaire de Saint-Denis de la R\u00e9union, le 19 novembre 2025, statue sur une demande de reconnaissance de maladie professionnelle. L\u2019assur\u00e9e, exe...","rel":"","context":"\u0412 &quot;Jurisprudence&quot;","block_context":{"text":"Jurisprudence","link":"https:\/\/kohenavocats.com\/category\/jurisprudence\/"},"img":{"alt_text":"","src":"https:\/\/i0.wp.com\/kohenavocats.com\/wp-content\/uploads\/2024\/08\/ionut-dobre-nnlVXi1lp3k-unsplash.webp?resize=350%2C200&ssl=1","width":350,"height":200,"srcset":"https:\/\/i0.wp.com\/kohenavocats.com\/wp-content\/uploads\/2024\/08\/ionut-dobre-nnlVXi1lp3k-unsplash.webp?resize=350%2C200&ssl=1 1x, https:\/\/i0.wp.com\/kohenavocats.com\/wp-content\/uploads\/2024\/08\/ionut-dobre-nnlVXi1lp3k-unsplash.webp?resize=525%2C300&ssl=1 1.5x, https:\/\/i0.wp.com\/kohenavocats.com\/wp-content\/uploads\/2024\/08\/ionut-dobre-nnlVXi1lp3k-unsplash.webp?resize=700%2C400&ssl=1 2x, https:\/\/i0.wp.com\/kohenavocats.com\/wp-content\/uploads\/2024\/08\/ionut-dobre-nnlVXi1lp3k-unsplash.webp?resize=1050%2C600&ssl=1 3x, https:\/\/i0.wp.com\/kohenavocats.com\/wp-content\/uploads\/2024\/08\/ionut-dobre-nnlVXi1lp3k-unsplash.webp?resize=1400%2C800&ssl=1 4x"},"classes":[]},{"id":646848,"url":"https:\/\/kohenavocats.com\/ru\/tribunal-judiciaire-de-vannes-le-30-septembre-2025-n22-00213\/","url_meta":{"origin":665933,"position":3},"title":"Tribunal judiciaire de Vannes, le 30 septembre 2025, n\u00b022\/00213","author":"Kohen","date":"22.04.2026","format":false,"excerpt":"Le tribunal judiciaire de Vannes, par jugement du 30 septembre 2025, statue sur un recours form\u00e9 contre la r\u00e9cup\u00e9ration d\u2019indu par une caisse d\u2019assurance mal...","rel":"","context":"\u0412 &quot;Jurisprudence&quot;","block_context":{"text":"Jurisprudence","link":"https:\/\/kohenavocats.com\/category\/jurisprudence\/"},"img":{"alt_text":"","src":"https:\/\/i0.wp.com\/kohenavocats.com\/wp-content\/uploads\/2024\/11\/jigar-panchal-JMz61NKc3E-unsplash.webp?resize=350%2C200&ssl=1","width":350,"height":200,"srcset":"https:\/\/i0.wp.com\/kohenavocats.com\/wp-content\/uploads\/2024\/11\/jigar-panchal-JMz61NKc3E-unsplash.webp?resize=350%2C200&ssl=1 1x, https:\/\/i0.wp.com\/kohenavocats.com\/wp-content\/uploads\/2024\/11\/jigar-panchal-JMz61NKc3E-unsplash.webp?resize=525%2C300&ssl=1 1.5x, https:\/\/i0.wp.com\/kohenavocats.com\/wp-content\/uploads\/2024\/11\/jigar-panchal-JMz61NKc3E-unsplash.webp?resize=700%2C400&ssl=1 2x, https:\/\/i0.wp.com\/kohenavocats.com\/wp-content\/uploads\/2024\/11\/jigar-panchal-JMz61NKc3E-unsplash.webp?resize=1050%2C600&ssl=1 3x, https:\/\/i0.wp.com\/kohenavocats.com\/wp-content\/uploads\/2024\/11\/jigar-panchal-JMz61NKc3E-unsplash.webp?resize=1400%2C800&ssl=1 4x"},"classes":[]},{"id":505487,"url":"https:\/\/kohenavocats.com\/ru\/tribunal-judiciaire-de-la-reunion-le-19-novembre-2025-n24-00052\/","url_meta":{"origin":665933,"position":4},"title":"Tribunal judiciaire de La R\u00e9union, le 19 novembre 2025, n\u00b024\/00052","author":"Kohen","date":"08.04.2026","format":false,"excerpt":"Le tribunal judiciaire de Saint-Denis de la R\u00e9union, par jugement du 19 novembre 2025, rejette le recours d\u2019un professionnel de sant\u00e9 contre une demande...","rel":"","context":"\u0412 &quot;D\u00e9cisions juridiques&quot;","block_context":{"text":"D\u00e9cisions juridiques","link":"https:\/\/kohenavocats.com\/category\/decisions-juridiques\/"},"img":{"alt_text":"","src":"https:\/\/i0.wp.com\/kohenavocats.com\/wp-content\/uploads\/2024\/11\/getty-images-XLYXqcKQm48-unsplash.webp?resize=350%2C200&ssl=1","width":350,"height":200,"srcset":"https:\/\/i0.wp.com\/kohenavocats.com\/wp-content\/uploads\/2024\/11\/getty-images-XLYXqcKQm48-unsplash.webp?resize=350%2C200&ssl=1 1x, https:\/\/i0.wp.com\/kohenavocats.com\/wp-content\/uploads\/2024\/11\/getty-images-XLYXqcKQm48-unsplash.webp?resize=525%2C300&ssl=1 1.5x, https:\/\/i0.wp.com\/kohenavocats.com\/wp-content\/uploads\/2024\/11\/getty-images-XLYXqcKQm48-unsplash.webp?resize=700%2C400&ssl=1 2x, https:\/\/i0.wp.com\/kohenavocats.com\/wp-content\/uploads\/2024\/11\/getty-images-XLYXqcKQm48-unsplash.webp?resize=1050%2C600&ssl=1 3x, https:\/\/i0.wp.com\/kohenavocats.com\/wp-content\/uploads\/2024\/11\/getty-images-XLYXqcKQm48-unsplash.webp?resize=1400%2C800&ssl=1 4x"},"classes":[]},{"id":640501,"url":"https:\/\/kohenavocats.com\/ru\/cour-dappel-de-saint-denis-de-la-reunion-le-1-octobre-2024-n24-00968\/","url_meta":{"origin":665933,"position":5},"title":"Cour d&#8217;appel de Saint-Denis de la R\u00e9union, le 1 octobre 2024, n\u00b024\/00968","author":"Kohen","date":"21.04.2026","format":false,"excerpt":"La cour d\u2019appel de Saint-Denis de la R\u00e9union, statuant le 1er octobre 2024, examine une demande de reconnaissance de maladie professionnelle. L'assur\u00e9 invoqu...","rel":"","context":"\u0412 &quot;Jurisprudence&quot;","block_context":{"text":"Jurisprudence","link":"https:\/\/kohenavocats.com\/category\/jurisprudence\/"},"img":{"alt_text":"","src":"https:\/\/i0.wp.com\/kohenavocats.com\/wp-content\/uploads\/2024\/11\/planet-volumes-YGEIDE-iUi8-unsplash.webp?resize=350%2C200&ssl=1","width":350,"height":200,"srcset":"https:\/\/i0.wp.com\/kohenavocats.com\/wp-content\/uploads\/2024\/11\/planet-volumes-YGEIDE-iUi8-unsplash.webp?resize=350%2C200&ssl=1 1x, https:\/\/i0.wp.com\/kohenavocats.com\/wp-content\/uploads\/2024\/11\/planet-volumes-YGEIDE-iUi8-unsplash.webp?resize=525%2C300&ssl=1 1.5x, https:\/\/i0.wp.com\/kohenavocats.com\/wp-content\/uploads\/2024\/11\/planet-volumes-YGEIDE-iUi8-unsplash.webp?resize=700%2C400&ssl=1 2x, https:\/\/i0.wp.com\/kohenavocats.com\/wp-content\/uploads\/2024\/11\/planet-volumes-YGEIDE-iUi8-unsplash.webp?resize=1050%2C600&ssl=1 3x, https:\/\/i0.wp.com\/kohenavocats.com\/wp-content\/uploads\/2024\/11\/planet-volumes-YGEIDE-iUi8-unsplash.webp?resize=1400%2C800&ssl=1 4x"},"classes":[]}],"jetpack_sharing_enabled":true,"_links":{"self":[{"href":"https:\/\/kohenavocats.com\/ru\/wp-json\/wp\/v2\/posts\/665933","targetHints":{"allow":["GET"]}}],"collection":[{"href":"https:\/\/kohenavocats.com\/ru\/wp-json\/wp\/v2\/posts"}],"about":[{"href":"https:\/\/kohenavocats.com\/ru\/wp-json\/wp\/v2\/types\/post"}],"author":[{"embeddable":true,"href":"https:\/\/kohenavocats.com\/ru\/wp-json\/wp\/v2\/users\/232070755"}],"replies":[{"embeddable":true,"href":"https:\/\/kohenavocats.com\/ru\/wp-json\/wp\/v2\/comments?post=665933"}],"version-history":[{"count":0,"href":"https:\/\/kohenavocats.com\/ru\/wp-json\/wp\/v2\/posts\/665933\/revisions"}],"wp:featuredmedia":[{"embeddable":true,"href":"https:\/\/kohenavocats.com\/ru\/wp-json\/wp\/v2\/media\/9553"}],"wp:attachment":[{"href":"https:\/\/kohenavocats.com\/ru\/wp-json\/wp\/v2\/media?parent=665933"}],"wp:term":[{"taxonomy":"category","embeddable":true,"href":"https:\/\/kohenavocats.com\/ru\/wp-json\/wp\/v2\/categories?post=665933"},{"taxonomy":"post_tag","embeddable":true,"href":"https:\/\/kohenavocats.com\/ru\/wp-json\/wp\/v2\/tags?post=665933"}],"curies":[{"name":"wp","href":"https:\/\/api.w.org\/{rel}","templated":true}]}}