{"id":666063,"date":"2026-04-24T00:51:54","date_gmt":"2026-04-23T22:51:54","guid":{"rendered":"https:\/\/kohenavocats.com\/cour-dappel-de-rennes-le-7-mai-2025-n22-07137\/"},"modified":"2026-04-26T20:26:14","modified_gmt":"2026-04-26T18:26:14","slug":"cour-dappel-de-rennes-le-7-mai-2025-n22-07137","status":"publish","type":"post","link":"https:\/\/kohenavocats.com\/ru\/cour-dappel-de-rennes-le-7-mai-2025-n22-07137\/","title":{"rendered":"Cour d&#8217;appel de Rennes, le 7 mai 2025, n\u00b022\/07137"},"content":{"rendered":"<div class=\"article-content\">\n<p>La Cour d&#8217;appel de Rennes, statuant le 7 mai 2025, a examin\u00e9 un litige entre des ma\u00eetres de l&#8217;ouvrage et leur architecte. Ces derniers reprochaient \u00e0 l&#8217;architecte la r\u00e9alisation d&#8217;un portail non conforme aux prescriptions urbanistiques. Ils invoquaient sa responsabilit\u00e9 contractuelle et la <a href=\"https:\/\/kohenavocats.fr\/elementor-60\/avocats-droit-immobilier-paris\/avocat-garantie-decennale-paris\/\" target=\"_blank\" title=\"garantie d\u00e9cennale\">garantie d\u00e9cennale<\/a>. La cour a confirm\u00e9 le rejet de leurs demandes, estimant que le vice \u00e9tait apparent \u00e0 la r\u00e9ception.<\/p>\n<p>La r\u00e9ception sans r\u00e9serve d&#8217;un d\u00e9sordre apparent<\/p>\n<p>Le caract\u00e8re apparent du vice exclut la garantie d\u00e9cennale<\/p>\n<p>L&#8217;application de l&#8217;article 1792 du code civil exige la preuve d&#8217;un vice cach\u00e9. La juridiction rappelle qu&#8217;il &#171;incombe au ma\u00eetre de l&#8217;ouvrage ou \u00e0 l&#8217;acqu\u00e9reur de l&#8217;ouvrage qui agit sur le fondement de l&#8217;article 1792 du code civil de rapporter la preuve que les conditions d&#8217;application de ce texte sont r\u00e9unies&#187; (Motifs). Elle souligne notamment l&#8217;exigence du &#171;caract\u00e8re cach\u00e9 du d\u00e9sordre, au jour de la r\u00e9ception, pour un ma\u00eetre de l&#8217;ouvrage profane&#187; (Motifs). En l&#8217;esp\u00e8ce, la non-conformit\u00e9 flagrante des dimensions \u00e9tait v\u00e9rifiable par simple mesure. Cette solution rappelle que la garantie d\u00e9cennale prot\u00e8ge contre les <a href=\"https:\/\/kohenavocats.fr\/avocat-vices-caches-immobilier-paris\/\" target=\"_blank\" title=\"vices cach\u00e9s\">vices cach\u00e9s<\/a>, non contre les d\u00e9fauts manifestes accept\u00e9s lors de la r\u00e9ception.<\/p>\n<p>L&#8217;apparence du d\u00e9sordre emp\u00eache \u00e9galement l&#8217;action contractuelle<\/p>\n<p>Le m\u00eame raisonnement s&#8217;applique \u00e0 la responsabilit\u00e9 contractuelle de droit commun. La cour affirme que &#171;les d\u00e9sordres de construction apparents, qui n&#8217;ont pas fait l&#8217;objet de r\u00e9serves \u00e0 la r\u00e9ception, ne peuvent donner lieu \u00e0 r\u00e9paration sur le fondement de la responsabilit\u00e9 contractuelle de droit commun, pour faute prouv\u00e9e&#187; (Motifs). La r\u00e9ception sans r\u00e9serve vaut ainsi acceptation des d\u00e9sordres visibles. Cette r\u00e8gle assure la s\u00e9curit\u00e9 juridique des constructeurs et incite les ma\u00eetres d&#8217;ouvrage \u00e0 la vigilance lors de la r\u00e9ception des travaux.<\/p>\n<p>Les obligations de l&#8217;architecte et l&#8217;information du ma\u00eetre d&#8217;ouvrage<\/p>\n<p>L&#8217;\u00e9tendue limit\u00e9e du devoir de conseil en pr\u00e9sence d&#8217;une information directe<\/p>\n<p>Les demandeurs invoquaient un manquement \u00e0 l&#8217;obligation de conseil. Pourtant, l&#8217;arr\u00eat\u00e9 de non-opposition prescrivant la largeur du portail leur avait \u00e9t\u00e9 notifi\u00e9 directement. La cour rel\u00e8ve que ce document \u00e9tait &#171;d\u00e9pourvu de toute ambigu\u00eft\u00e9 quant aux dimensions du portail&#187; (Motifs). D\u00e8s lors, l&#8217;architecte pouvait l\u00e9gitimement penser que ses clients \u00e9taient inform\u00e9s. Cette analyse nuance le principe selon lequel &#171;l&#8217;entrepreneur, professionnel de la construction, a une obligation de conseil et d&#8217;information envers le ma\u00eetre de l&#8217;ouvrage&#187; (Cour d&#8217;appel de Rennes, le 11 mars 2025, n\u00b022\/05663). Le devoir de conseil ne suppl\u00e9e pas \u00e0 l&#8217;inaction d&#8217;un client d\u00fbment inform\u00e9 par l&#8217;autorit\u00e9 administrative.<\/p>\n<p>La confirmation de la n\u00e9cessit\u00e9 d&#8217;une saisine pr\u00e9alable de l&#8217;ordre<\/p>\n<p>La d\u00e9cision rappelle indirectement l&#8217;importance des clauses de recours amiable. Bien que non d\u00e9cisif en l&#8217;esp\u00e8ce, le respect d&#8217;une telle clause est souvent une condition pr\u00e9alable. Une autre jurisprudence pr\u00e9cise que &#171;les ma\u00eetres de l&#8217;ouvrage ont satisfait \u00e0 la clause pr\u00e9cit\u00e9e en saisissant par courrier recommand\u00e9 l&#8217;ordre des architectes&#187; (Cour d&#8217;appel de Rennes, le 7 mai 2025, n\u00b024\/00853). Cette exigence promeut le r\u00e8glement extrajudiciaire des litiges dans les professions r\u00e9glement\u00e9es. Elle impose une d\u00e9marche structur\u00e9e avant toute action en justice, favorisant une solution n\u00e9goci\u00e9e.<\/p>\n<p>Cette d\u00e9cision renforce la port\u00e9e de la r\u00e9ception sans r\u00e9serve des travaux. Elle d\u00e9limite clairement les responsabilit\u00e9s respectives du ma\u00eetre d&#8217;ouvrage et du constructeur. Le ma\u00eetre d&#8217;ouvrage profane doit exercer une vigilance minimale lors de la r\u00e9ception, notamment en v\u00e9rifiant le respect des prescriptions administratives connues. L&#8217;obligation de conseil du professionnel ne couvre pas les \u00e9l\u00e9ments d\u00e9j\u00e0 port\u00e9s \u00e0 la connaissance certaine du client par d&#8217;autres voies.<\/p>\n<\/div>\n","protected":false},"excerpt":{"rendered":"<p>La Cour d&#8217;appel de Rennes, statuant le 7 mai 2025, a examin\u00e9 un litige entre des ma\u00eetres de l&#8217;ouvrage et leur architecte. Ces derniers reprochaient \u00e0 l&#8217;archi&#8230;<\/p>\n","protected":false},"author":232070755,"featured_media":9581,"comment_status":"open","ping_status":"open","sticky":false,"template":"","format":"standard","meta":{"_crdt_document":"","_jetpack_newsletter_access":"","_jetpack_dont_email_post_to_subs":false,"_jetpack_newsletter_tier_id":0,"_jetpack_memberships_contains_paywalled_content":false,"_kj_source_type":"judilibre","_kj_official_id":"68d4cdb8653faf0d09392a46","_kj_official_url":"https:\/\/www.courdecassation.fr\/decision\/68d4cdb8653faf0d09392a46","_kj_judilibre_id":"68d4cdb8653faf0d09392a46","_kj_jur":"Cour d'appel","_kj_lieu":"Cour d'appel de Paris","_kj_chambre":"P\u00f4le 4 - Chambre 5","_kj_rg":"22\/07137","_kj_date":"2025-09-24","_jetpack_memberships_contains_paid_content":false,"footnotes":"","jetpack_post_was_ever_published":false},"categories":[35583,7597],"tags":[],"class_list":["post-666063","post","type-post","status-publish","format-standard","has-post-thumbnail","hentry","category-immobilier","category-jurisprudence"],"yoast_head":"<!-- This site is optimized with the Yoast SEO Premium plugin v27.5 (Yoast SEO v27.5) - https:\/\/yoast.com\/product\/yoast-seo-premium-wordpress\/ -->\n<title>Cour d&#039;appel de Rennes, le 7 mai 2025, n\u00b022\/07137 - Ma\u00eetre Hassan Kohen, avocat en droit p\u00e9nal \u00e0 Paris<\/title>\n<meta name=\"description\" content=\"La Cour d&#039;appel de Rennes, statuant le 7 mai 2025, a examin\u00e9 un litige entre des ma\u00eetres de l&#039;ouvrage et leur architecte. Ces derniers reprochaient \u00e0 l&#039;archi...\" \/>\n<meta name=\"robots\" content=\"index, follow, max-snippet:-1, max-image-preview:large, max-video-preview:-1\" \/>\n<link rel=\"canonical\" href=\"https:\/\/kohenavocats.com\/ru\/cour-dappel-de-rennes-le-7-mai-2025-n22-07137\/\" \/>\n<meta property=\"og:locale\" content=\"ru_RU\" \/>\n<meta property=\"og:type\" content=\"article\" \/>\n<meta property=\"og:title\" content=\"Cour d&#039;appel de Rennes, le 7 mai 2025, n\u00b022\/07137\" \/>\n<meta property=\"og:description\" content=\"La Cour d&#039;appel de Rennes, statuant le 7 mai 2025, a examin\u00e9 un litige entre des ma\u00eetres de l&#039;ouvrage et leur architecte. Ces derniers reprochaient \u00e0 l&#039;archi...\" \/>\n<meta property=\"og:url\" content=\"https:\/\/kohenavocats.com\/ru\/cour-dappel-de-rennes-le-7-mai-2025-n22-07137\/\" \/>\n<meta property=\"og:site_name\" content=\"Ma\u00eetre Hassan Kohen, avocat en droit p\u00e9nal \u00e0 Paris\" \/>\n<meta property=\"article:published_time\" content=\"2026-04-23T22:51:54+00:00\" \/>\n<meta property=\"article:modified_time\" content=\"2026-04-26T18:26:14+00:00\" \/>\n<meta property=\"og:image\" content=\"https:\/\/kohenavocats.com\/wp-content\/uploads\/2024\/11\/getty-images-YCdjFYsEk9Q-unsplash.webp\" \/>\n\t<meta property=\"og:image:width\" content=\"2076\" \/>\n\t<meta property=\"og:image:height\" content=\"2768\" \/>\n\t<meta property=\"og:image:type\" content=\"image\/webp\" \/>\n<meta name=\"author\" content=\"Kohen\" \/>\n<meta name=\"twitter:card\" content=\"summary_large_image\" \/>\n<meta name=\"twitter:label1\" content=\"\u041d\u0430\u043f\u0438\u0441\u0430\u043d\u043e \u0430\u0432\u0442\u043e\u0440\u043e\u043c\" \/>\n\t<meta name=\"twitter:data1\" content=\"Kohen\" \/>\n\t<meta name=\"twitter:label2\" content=\"\u041f\u0440\u0438\u043c\u0435\u0440\u043d\u043e\u0435 \u0432\u0440\u0435\u043c\u044f \u0434\u043b\u044f \u0447\u0442\u0435\u043d\u0438\u044f\" \/>\n\t<meta name=\"twitter:data2\" content=\"3 \u043c\u0438\u043d\u0443\u0442\u044b\" \/>\n<script type=\"application\/ld+json\" class=\"yoast-schema-graph\">{\"@context\":\"https:\\\/\\\/schema.org\",\"@graph\":[{\"@type\":\"Article\",\"@id\":\"https:\\\/\\\/kohenavocats.com\\\/ru\\\/cour-dappel-de-rennes-le-7-mai-2025-n22-07137\\\/#article\",\"isPartOf\":{\"@id\":\"https:\\\/\\\/kohenavocats.com\\\/ru\\\/cour-dappel-de-rennes-le-7-mai-2025-n22-07137\\\/\"},\"author\":{\"name\":\"Kohen\",\"@id\":\"https:\\\/\\\/kohenavocats.com\\\/ru\\\/#\\\/schema\\\/person\\\/761c9ba54fa1ca84d405cef0831ff751\"},\"headline\":\"Cour d&#8217;appel de Rennes, le 7 mai 2025, n\u00b022\\\/07137\",\"datePublished\":\"2026-04-23T22:51:54+00:00\",\"dateModified\":\"2026-04-26T18:26:14+00:00\",\"mainEntityOfPage\":{\"@id\":\"https:\\\/\\\/kohenavocats.com\\\/ru\\\/cour-dappel-de-rennes-le-7-mai-2025-n22-07137\\\/\"},\"wordCount\":677,\"commentCount\":0,\"publisher\":{\"@id\":\"https:\\\/\\\/kohenavocats.com\\\/ru\\\/#organization\"},\"image\":{\"@id\":\"https:\\\/\\\/kohenavocats.com\\\/ru\\\/cour-dappel-de-rennes-le-7-mai-2025-n22-07137\\\/#primaryimage\"},\"thumbnailUrl\":\"https:\\\/\\\/kohenavocats.com\\\/wp-content\\\/uploads\\\/2024\\\/11\\\/getty-images-YCdjFYsEk9Q-unsplash.webp\",\"articleSection\":[\"Immobilier\",\"Jurisprudence\"],\"inLanguage\":\"ru-RU\",\"potentialAction\":[{\"@type\":\"CommentAction\",\"name\":\"Comment\",\"target\":[\"https:\\\/\\\/kohenavocats.com\\\/ru\\\/cour-dappel-de-rennes-le-7-mai-2025-n22-07137\\\/#respond\"]}],\"citation\":\"Cour d&#8217;appel de Rennes, le 7 mai 2025, n\u00b022\\\/07137\",\"about\":[{\"@type\":\"Thing\",\"name\":\"Immobilier\"},{\"@type\":\"Thing\",\"name\":\"Jurisprudence\"}],\"speakable\":{\"@type\":\"SpeakableSpecification\",\"cssSelector\":[\".article-content > p:first-of-type\"]}},{\"@type\":\"WebPage\",\"@id\":\"https:\\\/\\\/kohenavocats.com\\\/ru\\\/cour-dappel-de-rennes-le-7-mai-2025-n22-07137\\\/\",\"url\":\"https:\\\/\\\/kohenavocats.com\\\/ru\\\/cour-dappel-de-rennes-le-7-mai-2025-n22-07137\\\/\",\"name\":\"Cour d'appel de Rennes, le 7 mai 2025, n\u00b022\\\/07137 - Ma\u00eetre Hassan Kohen, avocat en droit p\u00e9nal \u00e0 Paris\",\"isPartOf\":{\"@id\":\"https:\\\/\\\/kohenavocats.com\\\/ru\\\/#website\"},\"primaryImageOfPage\":{\"@id\":\"https:\\\/\\\/kohenavocats.com\\\/ru\\\/cour-dappel-de-rennes-le-7-mai-2025-n22-07137\\\/#primaryimage\"},\"image\":{\"@id\":\"https:\\\/\\\/kohenavocats.com\\\/ru\\\/cour-dappel-de-rennes-le-7-mai-2025-n22-07137\\\/#primaryimage\"},\"thumbnailUrl\":\"https:\\\/\\\/kohenavocats.com\\\/wp-content\\\/uploads\\\/2024\\\/11\\\/getty-images-YCdjFYsEk9Q-unsplash.webp\",\"datePublished\":\"2026-04-23T22:51:54+00:00\",\"dateModified\":\"2026-04-26T18:26:14+00:00\",\"description\":\"La Cour d'appel de Rennes, statuant le 7 mai 2025, a examin\u00e9 un litige entre des ma\u00eetres de l'ouvrage et leur architecte. Ces derniers reprochaient \u00e0 l'archi...\",\"breadcrumb\":{\"@id\":\"https:\\\/\\\/kohenavocats.com\\\/ru\\\/cour-dappel-de-rennes-le-7-mai-2025-n22-07137\\\/#breadcrumb\"},\"inLanguage\":\"ru-RU\",\"potentialAction\":[{\"@type\":\"ReadAction\",\"target\":[\"https:\\\/\\\/kohenavocats.com\\\/ru\\\/cour-dappel-de-rennes-le-7-mai-2025-n22-07137\\\/\"]}]},{\"@type\":\"ImageObject\",\"inLanguage\":\"ru-RU\",\"@id\":\"https:\\\/\\\/kohenavocats.com\\\/ru\\\/cour-dappel-de-rennes-le-7-mai-2025-n22-07137\\\/#primaryimage\",\"url\":\"https:\\\/\\\/kohenavocats.com\\\/wp-content\\\/uploads\\\/2024\\\/11\\\/getty-images-YCdjFYsEk9Q-unsplash.webp\",\"contentUrl\":\"https:\\\/\\\/kohenavocats.com\\\/wp-content\\\/uploads\\\/2024\\\/11\\\/getty-images-YCdjFYsEk9Q-unsplash.webp\",\"width\":2076,\"height\":2768},{\"@type\":\"BreadcrumbList\",\"@id\":\"https:\\\/\\\/kohenavocats.com\\\/ru\\\/cour-dappel-de-rennes-le-7-mai-2025-n22-07137\\\/#breadcrumb\",\"itemListElement\":[{\"@type\":\"ListItem\",\"position\":1,\"name\":\"Home\",\"item\":\"https:\\\/\\\/kohenavocats.com\\\/ru\\\/avocats-en-droit-penal-a-paris-conseil-et-defense-strategique\\\/\"},{\"@type\":\"ListItem\",\"position\":2,\"name\":\"Cour d&rsquo;appel de Rennes, le 7 mai 2025, n\u00b022\\\/07137\"}]},{\"@type\":\"WebSite\",\"@id\":\"https:\\\/\\\/kohenavocats.com\\\/ru\\\/#website\",\"url\":\"https:\\\/\\\/kohenavocats.com\\\/ru\\\/\",\"name\":\"Kohen Avocats\",\"description\":\"Ma\u00eetre Hassan Kohen, avocat p\u00e9naliste \u00e0 Paris, intervient exclusivement en droit p\u00e9nal pour la d\u00e9fense des particuliers, notamment en mati\u00e8re d\u2019accusations de viol. Il assure un accompagnement rigoureux d\u00e8s la garde \u00e0 vue jusqu\u2019\u00e0 la Cour d\u2019assises, veillant au strict respect des garanties proc\u00e9durales.\",\"publisher\":{\"@id\":\"https:\\\/\\\/kohenavocats.com\\\/ru\\\/#organization\"},\"potentialAction\":[{\"@type\":\"SearchAction\",\"target\":{\"@type\":\"EntryPoint\",\"urlTemplate\":\"https:\\\/\\\/kohenavocats.com\\\/ru\\\/?s={search_term_string}\"},\"query-input\":{\"@type\":\"PropertyValueSpecification\",\"valueRequired\":true,\"valueName\":\"search_term_string\"}}],\"inLanguage\":\"ru-RU\"},{\"@type\":\"Organization\",\"@id\":\"https:\\\/\\\/kohenavocats.com\\\/ru\\\/#organization\",\"name\":\"Kohen Avocats\",\"url\":\"https:\\\/\\\/kohenavocats.com\\\/ru\\\/\",\"logo\":{\"@type\":\"ImageObject\",\"inLanguage\":\"ru-RU\",\"@id\":\"https:\\\/\\\/kohenavocats.com\\\/ru\\\/#\\\/schema\\\/logo\\\/image\\\/\",\"url\":\"https:\\\/\\\/kohenavocats.com\\\/wp-content\\\/uploads\\\/2026\\\/01\\\/Logo-2-1.webp\",\"contentUrl\":\"https:\\\/\\\/kohenavocats.com\\\/wp-content\\\/uploads\\\/2026\\\/01\\\/Logo-2-1.webp\",\"width\":2114,\"height\":1253,\"caption\":\"Kohen Avocats\"},\"image\":{\"@id\":\"https:\\\/\\\/kohenavocats.com\\\/ru\\\/#\\\/schema\\\/logo\\\/image\\\/\"}},{\"@type\":\"Person\",\"@id\":\"https:\\\/\\\/kohenavocats.com\\\/ru\\\/#\\\/schema\\\/person\\\/761c9ba54fa1ca84d405cef0831ff751\",\"name\":\"Kohen\",\"image\":{\"@type\":\"ImageObject\",\"inLanguage\":\"ru-RU\",\"@id\":\"https:\\\/\\\/secure.gravatar.com\\\/avatar\\\/1c5e76ef76bbbfdd2b4da984e2bf2fa4056fd51a27d25ce2c332047f1dfd6e00?s=96&d=identicon&r=g\",\"url\":\"https:\\\/\\\/secure.gravatar.com\\\/avatar\\\/1c5e76ef76bbbfdd2b4da984e2bf2fa4056fd51a27d25ce2c332047f1dfd6e00?s=96&d=identicon&r=g\",\"contentUrl\":\"https:\\\/\\\/secure.gravatar.com\\\/avatar\\\/1c5e76ef76bbbfdd2b4da984e2bf2fa4056fd51a27d25ce2c332047f1dfd6e00?s=96&d=identicon&r=g\",\"caption\":\"Kohen\"},\"sameAs\":[\"https:\\\/\\\/www.linkedin.com\\\/in\\\/hassan-kohen-448548192\\\/\",\"https:\\\/\\\/www.youtube.com\\\/@Kohen-Avocats\"],\"url\":\"https:\\\/\\\/kohenavocats.com\\\/ru\\\/author\\\/kohenmlk\\\/\"}]}<\/script>\n<!-- \/ Yoast SEO Premium plugin. -->","yoast_head_json":{"title":"Cour d'appel de Rennes, le 7 mai 2025, n\u00b022\/07137 - Ma\u00eetre Hassan Kohen, avocat en droit p\u00e9nal \u00e0 Paris","description":"La Cour d'appel de Rennes, statuant le 7 mai 2025, a examin\u00e9 un litige entre des ma\u00eetres de l'ouvrage et leur architecte. Ces derniers reprochaient \u00e0 l'archi...","robots":{"index":"index","follow":"follow","max-snippet":"max-snippet:-1","max-image-preview":"max-image-preview:large","max-video-preview":"max-video-preview:-1"},"canonical":"https:\/\/kohenavocats.com\/ru\/cour-dappel-de-rennes-le-7-mai-2025-n22-07137\/","og_locale":"ru_RU","og_type":"article","og_title":"Cour d'appel de Rennes, le 7 mai 2025, n\u00b022\/07137","og_description":"La Cour d'appel de Rennes, statuant le 7 mai 2025, a examin\u00e9 un litige entre des ma\u00eetres de l'ouvrage et leur architecte. Ces derniers reprochaient \u00e0 l'archi...","og_url":"https:\/\/kohenavocats.com\/ru\/cour-dappel-de-rennes-le-7-mai-2025-n22-07137\/","og_site_name":"Ma\u00eetre Hassan Kohen, avocat en droit p\u00e9nal \u00e0 Paris","article_published_time":"2026-04-23T22:51:54+00:00","article_modified_time":"2026-04-26T18:26:14+00:00","og_image":[{"width":2076,"height":2768,"url":"https:\/\/kohenavocats.com\/wp-content\/uploads\/2024\/11\/getty-images-YCdjFYsEk9Q-unsplash.webp","type":"image\/webp"}],"author":"Kohen","twitter_card":"summary_large_image","twitter_misc":{"\u041d\u0430\u043f\u0438\u0441\u0430\u043d\u043e \u0430\u0432\u0442\u043e\u0440\u043e\u043c":"Kohen","\u041f\u0440\u0438\u043c\u0435\u0440\u043d\u043e\u0435 \u0432\u0440\u0435\u043c\u044f \u0434\u043b\u044f \u0447\u0442\u0435\u043d\u0438\u044f":"3 \u043c\u0438\u043d\u0443\u0442\u044b"},"schema":{"@context":"https:\/\/schema.org","@graph":[{"@type":"Article","@id":"https:\/\/kohenavocats.com\/ru\/cour-dappel-de-rennes-le-7-mai-2025-n22-07137\/#article","isPartOf":{"@id":"https:\/\/kohenavocats.com\/ru\/cour-dappel-de-rennes-le-7-mai-2025-n22-07137\/"},"author":{"name":"Kohen","@id":"https:\/\/kohenavocats.com\/ru\/#\/schema\/person\/761c9ba54fa1ca84d405cef0831ff751"},"headline":"Cour d&#8217;appel de Rennes, le 7 mai 2025, n\u00b022\/07137","datePublished":"2026-04-23T22:51:54+00:00","dateModified":"2026-04-26T18:26:14+00:00","mainEntityOfPage":{"@id":"https:\/\/kohenavocats.com\/ru\/cour-dappel-de-rennes-le-7-mai-2025-n22-07137\/"},"wordCount":677,"commentCount":0,"publisher":{"@id":"https:\/\/kohenavocats.com\/ru\/#organization"},"image":{"@id":"https:\/\/kohenavocats.com\/ru\/cour-dappel-de-rennes-le-7-mai-2025-n22-07137\/#primaryimage"},"thumbnailUrl":"https:\/\/kohenavocats.com\/wp-content\/uploads\/2024\/11\/getty-images-YCdjFYsEk9Q-unsplash.webp","articleSection":["Immobilier","Jurisprudence"],"inLanguage":"ru-RU","potentialAction":[{"@type":"CommentAction","name":"Comment","target":["https:\/\/kohenavocats.com\/ru\/cour-dappel-de-rennes-le-7-mai-2025-n22-07137\/#respond"]}],"citation":"Cour d&#8217;appel de Rennes, le 7 mai 2025, n\u00b022\/07137","about":[{"@type":"Thing","name":"Immobilier"},{"@type":"Thing","name":"Jurisprudence"}],"speakable":{"@type":"SpeakableSpecification","cssSelector":[".article-content > p:first-of-type"]}},{"@type":"WebPage","@id":"https:\/\/kohenavocats.com\/ru\/cour-dappel-de-rennes-le-7-mai-2025-n22-07137\/","url":"https:\/\/kohenavocats.com\/ru\/cour-dappel-de-rennes-le-7-mai-2025-n22-07137\/","name":"Cour d'appel de Rennes, le 7 mai 2025, n\u00b022\/07137 - Ma\u00eetre Hassan Kohen, avocat en droit p\u00e9nal \u00e0 Paris","isPartOf":{"@id":"https:\/\/kohenavocats.com\/ru\/#website"},"primaryImageOfPage":{"@id":"https:\/\/kohenavocats.com\/ru\/cour-dappel-de-rennes-le-7-mai-2025-n22-07137\/#primaryimage"},"image":{"@id":"https:\/\/kohenavocats.com\/ru\/cour-dappel-de-rennes-le-7-mai-2025-n22-07137\/#primaryimage"},"thumbnailUrl":"https:\/\/kohenavocats.com\/wp-content\/uploads\/2024\/11\/getty-images-YCdjFYsEk9Q-unsplash.webp","datePublished":"2026-04-23T22:51:54+00:00","dateModified":"2026-04-26T18:26:14+00:00","description":"La Cour d'appel de Rennes, statuant le 7 mai 2025, a examin\u00e9 un litige entre des ma\u00eetres de l'ouvrage et leur architecte. Ces derniers reprochaient \u00e0 l'archi...","breadcrumb":{"@id":"https:\/\/kohenavocats.com\/ru\/cour-dappel-de-rennes-le-7-mai-2025-n22-07137\/#breadcrumb"},"inLanguage":"ru-RU","potentialAction":[{"@type":"ReadAction","target":["https:\/\/kohenavocats.com\/ru\/cour-dappel-de-rennes-le-7-mai-2025-n22-07137\/"]}]},{"@type":"ImageObject","inLanguage":"ru-RU","@id":"https:\/\/kohenavocats.com\/ru\/cour-dappel-de-rennes-le-7-mai-2025-n22-07137\/#primaryimage","url":"https:\/\/kohenavocats.com\/wp-content\/uploads\/2024\/11\/getty-images-YCdjFYsEk9Q-unsplash.webp","contentUrl":"https:\/\/kohenavocats.com\/wp-content\/uploads\/2024\/11\/getty-images-YCdjFYsEk9Q-unsplash.webp","width":2076,"height":2768},{"@type":"BreadcrumbList","@id":"https:\/\/kohenavocats.com\/ru\/cour-dappel-de-rennes-le-7-mai-2025-n22-07137\/#breadcrumb","itemListElement":[{"@type":"ListItem","position":1,"name":"Home","item":"https:\/\/kohenavocats.com\/ru\/avocats-en-droit-penal-a-paris-conseil-et-defense-strategique\/"},{"@type":"ListItem","position":2,"name":"Cour d&rsquo;appel de Rennes, le 7 mai 2025, n\u00b022\/07137"}]},{"@type":"WebSite","@id":"https:\/\/kohenavocats.com\/ru\/#website","url":"https:\/\/kohenavocats.com\/ru\/","name":"Kohen Avocats","description":"Ma\u00eetre Hassan Kohen, avocat p\u00e9naliste \u00e0 Paris, intervient exclusivement en droit p\u00e9nal pour la d\u00e9fense des particuliers, notamment en mati\u00e8re d\u2019accusations de viol. Il assure un accompagnement rigoureux d\u00e8s la garde \u00e0 vue jusqu\u2019\u00e0 la Cour d\u2019assises, veillant au strict respect des garanties proc\u00e9durales.","publisher":{"@id":"https:\/\/kohenavocats.com\/ru\/#organization"},"potentialAction":[{"@type":"SearchAction","target":{"@type":"EntryPoint","urlTemplate":"https:\/\/kohenavocats.com\/ru\/?s={search_term_string}"},"query-input":{"@type":"PropertyValueSpecification","valueRequired":true,"valueName":"search_term_string"}}],"inLanguage":"ru-RU"},{"@type":"Organization","@id":"https:\/\/kohenavocats.com\/ru\/#organization","name":"Kohen Avocats","url":"https:\/\/kohenavocats.com\/ru\/","logo":{"@type":"ImageObject","inLanguage":"ru-RU","@id":"https:\/\/kohenavocats.com\/ru\/#\/schema\/logo\/image\/","url":"https:\/\/kohenavocats.com\/wp-content\/uploads\/2026\/01\/Logo-2-1.webp","contentUrl":"https:\/\/kohenavocats.com\/wp-content\/uploads\/2026\/01\/Logo-2-1.webp","width":2114,"height":1253,"caption":"Kohen Avocats"},"image":{"@id":"https:\/\/kohenavocats.com\/ru\/#\/schema\/logo\/image\/"}},{"@type":"Person","@id":"https:\/\/kohenavocats.com\/ru\/#\/schema\/person\/761c9ba54fa1ca84d405cef0831ff751","name":"Kohen","image":{"@type":"ImageObject","inLanguage":"ru-RU","@id":"https:\/\/secure.gravatar.com\/avatar\/1c5e76ef76bbbfdd2b4da984e2bf2fa4056fd51a27d25ce2c332047f1dfd6e00?s=96&d=identicon&r=g","url":"https:\/\/secure.gravatar.com\/avatar\/1c5e76ef76bbbfdd2b4da984e2bf2fa4056fd51a27d25ce2c332047f1dfd6e00?s=96&d=identicon&r=g","contentUrl":"https:\/\/secure.gravatar.com\/avatar\/1c5e76ef76bbbfdd2b4da984e2bf2fa4056fd51a27d25ce2c332047f1dfd6e00?s=96&d=identicon&r=g","caption":"Kohen"},"sameAs":["https:\/\/www.linkedin.com\/in\/hassan-kohen-448548192\/","https:\/\/www.youtube.com\/@Kohen-Avocats"],"url":"https:\/\/kohenavocats.com\/ru\/author\/kohenmlk\/"}]}},"jetpack_featured_media_url":"https:\/\/kohenavocats.com\/wp-content\/uploads\/2024\/11\/getty-images-YCdjFYsEk9Q-unsplash.webp","jetpack_likes_enabled":false,"jetpack_shortlink":"https:\/\/wp.me\/peCrII-2NgX","jetpack-related-posts":[{"id":788236,"url":"https:\/\/kohenavocats.com\/ru\/tribunal-judiciaire-de-nantes-le-16-decembre-2025-n22-02317\/","url_meta":{"origin":666063,"position":0},"title":"Tribunal judiciaire de Nantes, le 16 d\u00e9cembre 2025, n\u00b022\/02317","author":"Kohen","date":"30.04.2026","format":false,"excerpt":"Le tribunal judiciaire de Nantes, dans son jugement du 16 d\u00e9cembre 2025, a statu\u00e9 sur l'indemnisation des d\u00e9sordres affectant une terrasse en bois...","rel":"","context":"\u0412 &quot;D\u00e9cisions juridiques&quot;","block_context":{"text":"D\u00e9cisions juridiques","link":"https:\/\/kohenavocats.com\/category\/decisions-juridiques\/"},"img":{"alt_text":"","src":"https:\/\/i0.wp.com\/kohenavocats.com\/wp-content\/uploads\/2024\/11\/laura-adai-AUtGEImMB-8-unsplash.webp?resize=350%2C200&ssl=1","width":350,"height":200,"srcset":"https:\/\/i0.wp.com\/kohenavocats.com\/wp-content\/uploads\/2024\/11\/laura-adai-AUtGEImMB-8-unsplash.webp?resize=350%2C200&ssl=1 1x, https:\/\/i0.wp.com\/kohenavocats.com\/wp-content\/uploads\/2024\/11\/laura-adai-AUtGEImMB-8-unsplash.webp?resize=525%2C300&ssl=1 1.5x, https:\/\/i0.wp.com\/kohenavocats.com\/wp-content\/uploads\/2024\/11\/laura-adai-AUtGEImMB-8-unsplash.webp?resize=700%2C400&ssl=1 2x, https:\/\/i0.wp.com\/kohenavocats.com\/wp-content\/uploads\/2024\/11\/laura-adai-AUtGEImMB-8-unsplash.webp?resize=1050%2C600&ssl=1 3x, https:\/\/i0.wp.com\/kohenavocats.com\/wp-content\/uploads\/2024\/11\/laura-adai-AUtGEImMB-8-unsplash.webp?resize=1400%2C800&ssl=1 4x"},"classes":[]},{"id":712684,"url":"https:\/\/kohenavocats.com\/ru\/cour-dappel-de-bordeaux-le-8-janvier-2026-n23-04168\/","url_meta":{"origin":666063,"position":1},"title":"Cour d&#8217;appel de Bordeaux, le 8 janvier 2026, n\u00b023\/04168","author":"Kohen","date":"27.04.2026","format":false,"excerpt":"La cour d'appel de Bordeaux, dans un arr\u00eat du 8 janvier 2026, a r\u00e9form\u00e9 un jugement du tribunal judiciaire concernant des d\u00e9sordres de construction. Un promo...","rel":"","context":"\u0412 &quot;Jurisprudence&quot;","block_context":{"text":"Jurisprudence","link":"https:\/\/kohenavocats.com\/category\/jurisprudence\/"},"img":{"alt_text":"","src":"https:\/\/i0.wp.com\/kohenavocats.com\/wp-content\/uploads\/2024\/08\/luis-cortes-m92ge4NGDIM-unsplash.webp?resize=350%2C200&ssl=1","width":350,"height":200,"srcset":"https:\/\/i0.wp.com\/kohenavocats.com\/wp-content\/uploads\/2024\/08\/luis-cortes-m92ge4NGDIM-unsplash.webp?resize=350%2C200&ssl=1 1x, https:\/\/i0.wp.com\/kohenavocats.com\/wp-content\/uploads\/2024\/08\/luis-cortes-m92ge4NGDIM-unsplash.webp?resize=525%2C300&ssl=1 1.5x, https:\/\/i0.wp.com\/kohenavocats.com\/wp-content\/uploads\/2024\/08\/luis-cortes-m92ge4NGDIM-unsplash.webp?resize=700%2C400&ssl=1 2x, https:\/\/i0.wp.com\/kohenavocats.com\/wp-content\/uploads\/2024\/08\/luis-cortes-m92ge4NGDIM-unsplash.webp?resize=1050%2C600&ssl=1 3x, https:\/\/i0.wp.com\/kohenavocats.com\/wp-content\/uploads\/2024\/08\/luis-cortes-m92ge4NGDIM-unsplash.webp?resize=1400%2C800&ssl=1 4x"},"classes":[]},{"id":763263,"url":"https:\/\/kohenavocats.com\/ru\/cour-dappel-de-poitiers-le-13-janvier-2026-n24-01482\/","url_meta":{"origin":666063,"position":2},"title":"Cour d&#8217;appel de Poitiers, le 13 janvier 2026, n\u00b024\/01482","author":"Kohen","date":"29.04.2026","format":false,"excerpt":"L'arr\u00eat rendu par la cour d'appel de Poitiers le 13 janvier 2026 statue sur le recours subrogatoire d'un assureur dommages-ouvrage contre l'assureur d'un...","rel":"","context":"\u0412 &quot;Cour d'appel&quot;","block_context":{"text":"Cour d'appel","link":"https:\/\/kohenavocats.com\/category\/cour-dappel\/"},"img":{"alt_text":"","src":"https:\/\/i0.wp.com\/kohenavocats.com\/wp-content\/uploads\/2024\/11\/allison-saeng-GK_4vvR4SNU-unsplash.webp?resize=350%2C200&ssl=1","width":350,"height":200,"srcset":"https:\/\/i0.wp.com\/kohenavocats.com\/wp-content\/uploads\/2024\/11\/allison-saeng-GK_4vvR4SNU-unsplash.webp?resize=350%2C200&ssl=1 1x, https:\/\/i0.wp.com\/kohenavocats.com\/wp-content\/uploads\/2024\/11\/allison-saeng-GK_4vvR4SNU-unsplash.webp?resize=525%2C300&ssl=1 1.5x, https:\/\/i0.wp.com\/kohenavocats.com\/wp-content\/uploads\/2024\/11\/allison-saeng-GK_4vvR4SNU-unsplash.webp?resize=700%2C400&ssl=1 2x, https:\/\/i0.wp.com\/kohenavocats.com\/wp-content\/uploads\/2024\/11\/allison-saeng-GK_4vvR4SNU-unsplash.webp?resize=1050%2C600&ssl=1 3x, https:\/\/i0.wp.com\/kohenavocats.com\/wp-content\/uploads\/2024\/11\/allison-saeng-GK_4vvR4SNU-unsplash.webp?resize=1400%2C800&ssl=1 4x"},"classes":[]},{"id":712261,"url":"https:\/\/kohenavocats.com\/ru\/cour-dappel-de-agen-le-7-janvier-2026-n24-01006\/","url_meta":{"origin":666063,"position":3},"title":"Cour d&#8217;appel de Agen, le 7 janvier 2026, n\u00b024\/01006","author":"Kohen","date":"27.04.2026","format":false,"excerpt":"La cour d'appel d'Agen, dans un arr\u00eat du 7 janvier 2026, a statu\u00e9 sur la qualification d'un po\u00eale de masse et la garantie d\u00e9cennale du constructeur. Des ma\u00eet...","rel":"","context":"\u0412 &quot;Jurisprudence&quot;","block_context":{"text":"Jurisprudence","link":"https:\/\/kohenavocats.com\/category\/jurisprudence\/"},"img":{"alt_text":"","src":"https:\/\/i0.wp.com\/kohenavocats.com\/wp-content\/uploads\/2024\/11\/chris-barbalis-axkgSXdeD98-unsplash-1.webp?resize=350%2C200&ssl=1","width":350,"height":200,"srcset":"https:\/\/i0.wp.com\/kohenavocats.com\/wp-content\/uploads\/2024\/11\/chris-barbalis-axkgSXdeD98-unsplash-1.webp?resize=350%2C200&ssl=1 1x, https:\/\/i0.wp.com\/kohenavocats.com\/wp-content\/uploads\/2024\/11\/chris-barbalis-axkgSXdeD98-unsplash-1.webp?resize=525%2C300&ssl=1 1.5x, https:\/\/i0.wp.com\/kohenavocats.com\/wp-content\/uploads\/2024\/11\/chris-barbalis-axkgSXdeD98-unsplash-1.webp?resize=700%2C400&ssl=1 2x, https:\/\/i0.wp.com\/kohenavocats.com\/wp-content\/uploads\/2024\/11\/chris-barbalis-axkgSXdeD98-unsplash-1.webp?resize=1050%2C600&ssl=1 3x, https:\/\/i0.wp.com\/kohenavocats.com\/wp-content\/uploads\/2024\/11\/chris-barbalis-axkgSXdeD98-unsplash-1.webp?resize=1400%2C800&ssl=1 4x"},"classes":[]},{"id":794115,"url":"https:\/\/kohenavocats.com\/ru\/tribunal-judiciaire-de-beziers-le-11-decembre-2025-n23-00792\/","url_meta":{"origin":666063,"position":4},"title":"Tribunal judiciaire de B\u00e9ziers, le 11 d\u00e9cembre 2025, n\u00b023\/00792","author":"Kohen","date":"01.05.2026","format":false,"excerpt":"Le tribunal judiciaire de B\u00e9ziers a rendu un jugement le 11 d\u00e9cembre 2025 dans un litige opposant un acqu\u00e9reur \u00e0 ses vendeurs et \u00e0 leurs assureurs....","rel":"","context":"\u0412 &quot;D\u00e9cisions juridiques&quot;","block_context":{"text":"D\u00e9cisions juridiques","link":"https:\/\/kohenavocats.com\/category\/decisions-juridiques\/"},"img":{"alt_text":"","src":"https:\/\/i0.wp.com\/kohenavocats.com\/wp-content\/uploads\/2024\/11\/kateryna-hliznitsova-mbsL-olOezY-unsplash.webp?resize=350%2C200&ssl=1","width":350,"height":200,"srcset":"https:\/\/i0.wp.com\/kohenavocats.com\/wp-content\/uploads\/2024\/11\/kateryna-hliznitsova-mbsL-olOezY-unsplash.webp?resize=350%2C200&ssl=1 1x, https:\/\/i0.wp.com\/kohenavocats.com\/wp-content\/uploads\/2024\/11\/kateryna-hliznitsova-mbsL-olOezY-unsplash.webp?resize=525%2C300&ssl=1 1.5x, https:\/\/i0.wp.com\/kohenavocats.com\/wp-content\/uploads\/2024\/11\/kateryna-hliznitsova-mbsL-olOezY-unsplash.webp?resize=700%2C400&ssl=1 2x, https:\/\/i0.wp.com\/kohenavocats.com\/wp-content\/uploads\/2024\/11\/kateryna-hliznitsova-mbsL-olOezY-unsplash.webp?resize=1050%2C600&ssl=1 3x, https:\/\/i0.wp.com\/kohenavocats.com\/wp-content\/uploads\/2024\/11\/kateryna-hliznitsova-mbsL-olOezY-unsplash.webp?resize=1400%2C800&ssl=1 4x"},"classes":[]},{"id":712166,"url":"https:\/\/kohenavocats.com\/ru\/tribunal-judiciaire-de-bordeaux-le-6-janvier-2026-n21-00470\/","url_meta":{"origin":666063,"position":5},"title":"Tribunal judiciaire de Bordeaux, le 6 janvier 2026, n\u00b021\/00470","author":"Kohen","date":"27.04.2026","format":false,"excerpt":"Le tribunal judiciaire de Bordeaux, dans son jugement du 6 janvier 2026, a statu\u00e9 sur l'action des ma\u00eetres d'ouvrage contre leur constructeur et ses...","rel":"","context":"\u0412 &quot;D\u00e9cisions juridiques&quot;","block_context":{"text":"D\u00e9cisions juridiques","link":"https:\/\/kohenavocats.com\/category\/decisions-juridiques\/"},"img":{"alt_text":"","src":"https:\/\/i0.wp.com\/kohenavocats.com\/wp-content\/uploads\/2024\/11\/getty-images-C3aPAKHj558-unsplash.webp?resize=350%2C200&ssl=1","width":350,"height":200,"srcset":"https:\/\/i0.wp.com\/kohenavocats.com\/wp-content\/uploads\/2024\/11\/getty-images-C3aPAKHj558-unsplash.webp?resize=350%2C200&ssl=1 1x, https:\/\/i0.wp.com\/kohenavocats.com\/wp-content\/uploads\/2024\/11\/getty-images-C3aPAKHj558-unsplash.webp?resize=525%2C300&ssl=1 1.5x, https:\/\/i0.wp.com\/kohenavocats.com\/wp-content\/uploads\/2024\/11\/getty-images-C3aPAKHj558-unsplash.webp?resize=700%2C400&ssl=1 2x, https:\/\/i0.wp.com\/kohenavocats.com\/wp-content\/uploads\/2024\/11\/getty-images-C3aPAKHj558-unsplash.webp?resize=1050%2C600&ssl=1 3x, https:\/\/i0.wp.com\/kohenavocats.com\/wp-content\/uploads\/2024\/11\/getty-images-C3aPAKHj558-unsplash.webp?resize=1400%2C800&ssl=1 4x"},"classes":[]}],"jetpack_sharing_enabled":true,"_links":{"self":[{"href":"https:\/\/kohenavocats.com\/ru\/wp-json\/wp\/v2\/posts\/666063","targetHints":{"allow":["GET"]}}],"collection":[{"href":"https:\/\/kohenavocats.com\/ru\/wp-json\/wp\/v2\/posts"}],"about":[{"href":"https:\/\/kohenavocats.com\/ru\/wp-json\/wp\/v2\/types\/post"}],"author":[{"embeddable":true,"href":"https:\/\/kohenavocats.com\/ru\/wp-json\/wp\/v2\/users\/232070755"}],"replies":[{"embeddable":true,"href":"https:\/\/kohenavocats.com\/ru\/wp-json\/wp\/v2\/comments?post=666063"}],"version-history":[{"count":1,"href":"https:\/\/kohenavocats.com\/ru\/wp-json\/wp\/v2\/posts\/666063\/revisions"}],"predecessor-version":[{"id":697268,"href":"https:\/\/kohenavocats.com\/ru\/wp-json\/wp\/v2\/posts\/666063\/revisions\/697268"}],"wp:featuredmedia":[{"embeddable":true,"href":"https:\/\/kohenavocats.com\/ru\/wp-json\/wp\/v2\/media\/9581"}],"wp:attachment":[{"href":"https:\/\/kohenavocats.com\/ru\/wp-json\/wp\/v2\/media?parent=666063"}],"wp:term":[{"taxonomy":"category","embeddable":true,"href":"https:\/\/kohenavocats.com\/ru\/wp-json\/wp\/v2\/categories?post=666063"},{"taxonomy":"post_tag","embeddable":true,"href":"https:\/\/kohenavocats.com\/ru\/wp-json\/wp\/v2\/tags?post=666063"}],"curies":[{"name":"wp","href":"https:\/\/api.w.org\/{rel}","templated":true}]}}