{"id":666493,"date":"2026-04-24T01:37:17","date_gmt":"2026-04-23T23:37:17","guid":{"rendered":"https:\/\/kohenavocats.com\/tribunal-judiciaire-de-clermont-ferrand-le-23-septembre-2025-n25-00622\/"},"modified":"2026-04-26T19:34:51","modified_gmt":"2026-04-26T17:34:51","slug":"tribunal-judiciaire-de-clermont-ferrand-le-23-septembre-2025-n25-00622","status":"publish","type":"post","link":"https:\/\/kohenavocats.com\/ru\/tribunal-judiciaire-de-clermont-ferrand-le-23-septembre-2025-n25-00622\/","title":{"rendered":"Tribunal judiciaire de Clermont-Ferrand, le 23 septembre 2025, n\u00b025\/00622"},"content":{"rendered":"<div class=\"article-content\">\n<p>Le juge des r\u00e9f\u00e9r\u00e9s, statuant par ordonnance r\u00e9put\u00e9e contradictoire, se prononce sur une demande d\u2019appel en cause dans le cadre d\u2019une expertise. Des travaux pr\u00e9sentant des d\u00e9sordres ont \u00e9t\u00e9 r\u00e9alis\u00e9s par une entreprise principale ayant recours \u00e0 des sous-traitants. L\u2019assureur de l\u2019entreprise principale sollicite la communication de l\u2019expertise en cours aux sous-traitants et \u00e0 leur assureur commun. La juridiction accueille la demande en s\u2019appuyant sur les articles 145 et 331 du code de proc\u00e9dure civile.<\/p>\n<p>La justification l\u00e9gitime de la mesure d\u2019instruction sollicit\u00e9e<\/p>\n<p>Le juge v\u00e9rifie d\u2019abord l\u2019existence d\u2019un motif l\u00e9gitime pour \u00e9tendre l\u2019expertise. L\u2019article 145 du code de proc\u00e9dure civile pr\u00e9voit cette condition pr\u00e9alable pour toute mesure d\u2019instruction. &#171;S\u2019il existe un motif l\u00e9gitime de conserver ou d\u2019\u00e9tablir avant tout proc\u00e8s la preuve de faits dont pourrait d\u00e9pendre la solution d\u2019un litige, les mesures d\u2019instruction l\u00e9galement admissibles peuvent \u00eatre ordonn\u00e9es \u00e0 la demande de tout int\u00e9ress\u00e9, sur requ\u00eate ou en r\u00e9f\u00e9r\u00e9&#187; (article 145 du Code de proc\u00e9dure civile). La d\u00e9cision retient ce motif au vu des d\u00e9sordres constat\u00e9s et de la sous-traitance des prestations. La note de l\u2019expert pr\u00e9conisant l\u2019appel en cause des sous-traitants fonde ce caract\u00e8re l\u00e9gitime. Cette analyse rejoint la position constante des juridictions sur la n\u00e9cessit\u00e9 de l\u2019\u00e9tablissement des preuves. La Cour d\u2019appel de Paris rappelle d\u2019ailleurs que ces mesures peuvent \u00eatre ordonn\u00e9es &#171;\u00e0 la demande de tout int\u00e9ress\u00e9&#187; (Cour d\u2019appel de Paris, le 21 novembre 2024, n\u00b024\/03224). La port\u00e9e de ce point est essentielle pour l\u2019efficacit\u00e9 de l\u2019instruction pr\u00e9paratoire. Elle permet d\u2019identifier en amont toutes les responsabilit\u00e9s potentielles dans un litige complexe.<\/p>\n<p>Les conditions proc\u00e9durales de l\u2019appel en cause d\u2019un tiers<\/p>\n<p>La d\u00e9cision examine ensuite le fondement proc\u00e9dural de la mise en cause des sous-traitants et de leur assureur. Elle se r\u00e9f\u00e8re pr\u00e9cis\u00e9ment \u00e0 l\u2019article 331 du code de proc\u00e9dure civile. Ce texte encadre strictement la possibilit\u00e9 d\u2019appeler un tiers \u00e0 une instance. &#171;Un tiers peut \u00eatre mis en cause aux fins de condamnation par toute partie qui est en droit d&#8217;agir contre lui \u00e0 titre principal. Il peut \u00e9galement \u00eatre mis en cause par la partie qui y a int\u00e9r\u00eat afin de lui rendre commun le jugement&#187; (article 331 du Code de proc\u00e9dure civile). Le juge constate que l\u2019assureur demandeur a un int\u00e9r\u00eat \u00e0 cette communication pour \u00e9tablir les faits. La situation des soci\u00e9t\u00e9s, dont l\u2019une est en <a href=\"https:\/\/kohenavocats.fr\/elementor-60\/avocats-droit-affaires-paris\/avocat-procedures-collectives-paris\/\" target=\"_blank\" title=\"liquidation judiciaire\">liquidation judiciaire<\/a>, renforce la n\u00e9cessit\u00e9 de cette mesure. Cette application est conforme \u00e0 l\u2019interpr\u00e9tation donn\u00e9e par d\u2019autres juridictions. Le Tribunal judiciaire de Rodez a ainsi r\u00e9cemment rappel\u00e9 les termes de cet article (Tribunal judiciaire de Rodez, le 7 ao\u00fbt 2025, n\u00b025\/00101). La valeur de cette analyse r\u00e9side dans la s\u00e9curisation du d\u00e9roulement de l\u2019expertise. Elle garantit le principe du contradictoire pour les parties dont la responsabilit\u00e9 est susceptible d\u2019\u00eatre engag\u00e9e. La port\u00e9e est pratique, car elle \u00e9vite une multiplication d\u2019expertises futures.<\/p>\n<\/div>\n","protected":false},"excerpt":{"rendered":"<p>Le juge des r\u00e9f\u00e9r\u00e9s, statuant par ordonnance r\u00e9put\u00e9e contradictoire, se prononce sur une demande d\u2019appel en cause dans le cadre d\u2019une expertise. Des travaux &#8230;<\/p>\n","protected":false},"author":232070755,"featured_media":9734,"comment_status":"open","ping_status":"open","sticky":false,"template":"","format":"standard","meta":{"_crdt_document":"","_jetpack_newsletter_access":"","_jetpack_dont_email_post_to_subs":false,"_jetpack_newsletter_tier_id":0,"_jetpack_memberships_contains_paywalled_content":false,"_kj_source_type":"judilibre","_kj_official_id":"697b55a9cdc6046d471a24c4","_kj_official_url":"https:\/\/www.courdecassation.fr\/decision\/697b55a9cdc6046d471a24c4","_kj_judilibre_id":"697b55a9cdc6046d471a24c4","_kj_jur":"Tribunal judiciaire","_kj_lieu":"Tribunal judiciaire de Clermont-Ferrand","_kj_chambre":"Chambre 6 - R\u00e9f\u00e9r\u00e9s Pdt","_kj_rg":"25\/00622","_kj_date":"2025-09-23","_jetpack_memberships_contains_paid_content":false,"footnotes":"","jetpack_post_was_ever_published":false},"categories":[7597],"tags":[],"class_list":["post-666493","post","type-post","status-publish","format-standard","has-post-thumbnail","hentry","category-jurisprudence"],"yoast_head":"<!-- This site is optimized with the Yoast SEO Premium plugin v27.5 (Yoast SEO v27.5) - https:\/\/yoast.com\/product\/yoast-seo-premium-wordpress\/ -->\n<title>Tribunal judiciaire de Clermont-Ferrand, le 23 septembre 2025, n\u00b025\/00622 - Ma\u00eetre Hassan Kohen, avocat en droit p\u00e9nal \u00e0 Paris<\/title>\n<meta name=\"description\" content=\"Le juge des r\u00e9f\u00e9r\u00e9s, statuant par ordonnance r\u00e9put\u00e9e contradictoire, se prononce sur une demande d\u2019appel en cause dans le cadre d\u2019une expertise. Des travaux ...\" \/>\n<meta name=\"robots\" content=\"index, follow, max-snippet:-1, max-image-preview:large, max-video-preview:-1\" \/>\n<link rel=\"canonical\" href=\"https:\/\/kohenavocats.com\/ru\/tribunal-judiciaire-de-clermont-ferrand-le-23-septembre-2025-n25-00622\/\" \/>\n<meta property=\"og:locale\" content=\"ru_RU\" \/>\n<meta property=\"og:type\" content=\"article\" \/>\n<meta property=\"og:title\" content=\"Tribunal judiciaire de Clermont-Ferrand, le 23 septembre 2025, n\u00b025\/00622\" \/>\n<meta property=\"og:description\" content=\"Le juge des r\u00e9f\u00e9r\u00e9s, statuant par ordonnance r\u00e9put\u00e9e contradictoire, se prononce sur une demande d\u2019appel en cause dans le cadre d\u2019une expertise. Des travaux ...\" \/>\n<meta property=\"og:url\" content=\"https:\/\/kohenavocats.com\/ru\/tribunal-judiciaire-de-clermont-ferrand-le-23-septembre-2025-n25-00622\/\" \/>\n<meta property=\"og:site_name\" content=\"Ma\u00eetre Hassan Kohen, avocat en droit p\u00e9nal \u00e0 Paris\" \/>\n<meta property=\"article:published_time\" content=\"2026-04-23T23:37:17+00:00\" \/>\n<meta property=\"article:modified_time\" content=\"2026-04-26T17:34:51+00:00\" \/>\n<meta property=\"og:image\" content=\"https:\/\/kohenavocats.com\/wp-content\/uploads\/2024\/11\/getty-images-sMJ3mY9amdU-unsplash.webp\" \/>\n\t<meta property=\"og:image:width\" content=\"3361\" \/>\n\t<meta property=\"og:image:height\" content=\"5042\" \/>\n\t<meta property=\"og:image:type\" content=\"image\/webp\" \/>\n<meta name=\"author\" content=\"Kohen\" \/>\n<meta name=\"twitter:card\" content=\"summary_large_image\" \/>\n<meta name=\"twitter:label1\" content=\"\u041d\u0430\u043f\u0438\u0441\u0430\u043d\u043e \u0430\u0432\u0442\u043e\u0440\u043e\u043c\" \/>\n\t<meta name=\"twitter:data1\" content=\"Kohen\" \/>\n\t<meta name=\"twitter:label2\" content=\"\u041f\u0440\u0438\u043c\u0435\u0440\u043d\u043e\u0435 \u0432\u0440\u0435\u043c\u044f \u0434\u043b\u044f \u0447\u0442\u0435\u043d\u0438\u044f\" \/>\n\t<meta name=\"twitter:data2\" content=\"3 \u043c\u0438\u043d\u0443\u0442\u044b\" \/>\n<script type=\"application\/ld+json\" class=\"yoast-schema-graph\">{\"@context\":\"https:\\\/\\\/schema.org\",\"@graph\":[{\"@type\":\"Article\",\"@id\":\"https:\\\/\\\/kohenavocats.com\\\/ru\\\/tribunal-judiciaire-de-clermont-ferrand-le-23-septembre-2025-n25-00622\\\/#article\",\"isPartOf\":{\"@id\":\"https:\\\/\\\/kohenavocats.com\\\/ru\\\/tribunal-judiciaire-de-clermont-ferrand-le-23-septembre-2025-n25-00622\\\/\"},\"author\":{\"name\":\"Kohen\",\"@id\":\"https:\\\/\\\/kohenavocats.com\\\/ru\\\/#\\\/schema\\\/person\\\/761c9ba54fa1ca84d405cef0831ff751\"},\"headline\":\"Tribunal judiciaire de Clermont-Ferrand, le 23 septembre 2025, n\u00b025\\\/00622\",\"datePublished\":\"2026-04-23T23:37:17+00:00\",\"dateModified\":\"2026-04-26T17:34:51+00:00\",\"mainEntityOfPage\":{\"@id\":\"https:\\\/\\\/kohenavocats.com\\\/ru\\\/tribunal-judiciaire-de-clermont-ferrand-le-23-septembre-2025-n25-00622\\\/\"},\"wordCount\":554,\"commentCount\":0,\"publisher\":{\"@id\":\"https:\\\/\\\/kohenavocats.com\\\/ru\\\/#organization\"},\"image\":{\"@id\":\"https:\\\/\\\/kohenavocats.com\\\/ru\\\/tribunal-judiciaire-de-clermont-ferrand-le-23-septembre-2025-n25-00622\\\/#primaryimage\"},\"thumbnailUrl\":\"https:\\\/\\\/kohenavocats.com\\\/wp-content\\\/uploads\\\/2024\\\/11\\\/getty-images-sMJ3mY9amdU-unsplash.webp\",\"articleSection\":[\"Jurisprudence\"],\"inLanguage\":\"ru-RU\",\"potentialAction\":[{\"@type\":\"CommentAction\",\"name\":\"Comment\",\"target\":[\"https:\\\/\\\/kohenavocats.com\\\/ru\\\/tribunal-judiciaire-de-clermont-ferrand-le-23-septembre-2025-n25-00622\\\/#respond\"]}],\"citation\":\"Tribunal judiciaire de Clermont-Ferrand, le 23 septembre 2025, n\u00b025\\\/00622\",\"about\":[{\"@type\":\"Thing\",\"name\":\"Jurisprudence\"}],\"speakable\":{\"@type\":\"SpeakableSpecification\",\"cssSelector\":[\".article-content > p:first-of-type\"]}},{\"@type\":\"WebPage\",\"@id\":\"https:\\\/\\\/kohenavocats.com\\\/ru\\\/tribunal-judiciaire-de-clermont-ferrand-le-23-septembre-2025-n25-00622\\\/\",\"url\":\"https:\\\/\\\/kohenavocats.com\\\/ru\\\/tribunal-judiciaire-de-clermont-ferrand-le-23-septembre-2025-n25-00622\\\/\",\"name\":\"Tribunal judiciaire de Clermont-Ferrand, le 23 septembre 2025, n\u00b025\\\/00622 - Ma\u00eetre Hassan Kohen, avocat en droit p\u00e9nal \u00e0 Paris\",\"isPartOf\":{\"@id\":\"https:\\\/\\\/kohenavocats.com\\\/ru\\\/#website\"},\"primaryImageOfPage\":{\"@id\":\"https:\\\/\\\/kohenavocats.com\\\/ru\\\/tribunal-judiciaire-de-clermont-ferrand-le-23-septembre-2025-n25-00622\\\/#primaryimage\"},\"image\":{\"@id\":\"https:\\\/\\\/kohenavocats.com\\\/ru\\\/tribunal-judiciaire-de-clermont-ferrand-le-23-septembre-2025-n25-00622\\\/#primaryimage\"},\"thumbnailUrl\":\"https:\\\/\\\/kohenavocats.com\\\/wp-content\\\/uploads\\\/2024\\\/11\\\/getty-images-sMJ3mY9amdU-unsplash.webp\",\"datePublished\":\"2026-04-23T23:37:17+00:00\",\"dateModified\":\"2026-04-26T17:34:51+00:00\",\"description\":\"Le juge des r\u00e9f\u00e9r\u00e9s, statuant par ordonnance r\u00e9put\u00e9e contradictoire, se prononce sur une demande d\u2019appel en cause dans le cadre d\u2019une expertise. Des travaux ...\",\"breadcrumb\":{\"@id\":\"https:\\\/\\\/kohenavocats.com\\\/ru\\\/tribunal-judiciaire-de-clermont-ferrand-le-23-septembre-2025-n25-00622\\\/#breadcrumb\"},\"inLanguage\":\"ru-RU\",\"potentialAction\":[{\"@type\":\"ReadAction\",\"target\":[\"https:\\\/\\\/kohenavocats.com\\\/ru\\\/tribunal-judiciaire-de-clermont-ferrand-le-23-septembre-2025-n25-00622\\\/\"]}]},{\"@type\":\"ImageObject\",\"inLanguage\":\"ru-RU\",\"@id\":\"https:\\\/\\\/kohenavocats.com\\\/ru\\\/tribunal-judiciaire-de-clermont-ferrand-le-23-septembre-2025-n25-00622\\\/#primaryimage\",\"url\":\"https:\\\/\\\/kohenavocats.com\\\/wp-content\\\/uploads\\\/2024\\\/11\\\/getty-images-sMJ3mY9amdU-unsplash.webp\",\"contentUrl\":\"https:\\\/\\\/kohenavocats.com\\\/wp-content\\\/uploads\\\/2024\\\/11\\\/getty-images-sMJ3mY9amdU-unsplash.webp\",\"width\":3361,\"height\":5042},{\"@type\":\"BreadcrumbList\",\"@id\":\"https:\\\/\\\/kohenavocats.com\\\/ru\\\/tribunal-judiciaire-de-clermont-ferrand-le-23-septembre-2025-n25-00622\\\/#breadcrumb\",\"itemListElement\":[{\"@type\":\"ListItem\",\"position\":1,\"name\":\"Home\",\"item\":\"https:\\\/\\\/kohenavocats.com\\\/ru\\\/avocats-en-droit-penal-a-paris-conseil-et-defense-strategique\\\/\"},{\"@type\":\"ListItem\",\"position\":2,\"name\":\"Tribunal judiciaire de Clermont-Ferrand, le 23 septembre 2025, n\u00b025\\\/00622\"}]},{\"@type\":\"WebSite\",\"@id\":\"https:\\\/\\\/kohenavocats.com\\\/ru\\\/#website\",\"url\":\"https:\\\/\\\/kohenavocats.com\\\/ru\\\/\",\"name\":\"Kohen Avocats\",\"description\":\"Ma\u00eetre Hassan Kohen, avocat p\u00e9naliste \u00e0 Paris, intervient exclusivement en droit p\u00e9nal pour la d\u00e9fense des particuliers, notamment en mati\u00e8re d\u2019accusations de viol. Il assure un accompagnement rigoureux d\u00e8s la garde \u00e0 vue jusqu\u2019\u00e0 la Cour d\u2019assises, veillant au strict respect des garanties proc\u00e9durales.\",\"publisher\":{\"@id\":\"https:\\\/\\\/kohenavocats.com\\\/ru\\\/#organization\"},\"potentialAction\":[{\"@type\":\"SearchAction\",\"target\":{\"@type\":\"EntryPoint\",\"urlTemplate\":\"https:\\\/\\\/kohenavocats.com\\\/ru\\\/?s={search_term_string}\"},\"query-input\":{\"@type\":\"PropertyValueSpecification\",\"valueRequired\":true,\"valueName\":\"search_term_string\"}}],\"inLanguage\":\"ru-RU\"},{\"@type\":\"Organization\",\"@id\":\"https:\\\/\\\/kohenavocats.com\\\/ru\\\/#organization\",\"name\":\"Kohen Avocats\",\"url\":\"https:\\\/\\\/kohenavocats.com\\\/ru\\\/\",\"logo\":{\"@type\":\"ImageObject\",\"inLanguage\":\"ru-RU\",\"@id\":\"https:\\\/\\\/kohenavocats.com\\\/ru\\\/#\\\/schema\\\/logo\\\/image\\\/\",\"url\":\"https:\\\/\\\/kohenavocats.com\\\/wp-content\\\/uploads\\\/2026\\\/01\\\/Logo-2-1.webp\",\"contentUrl\":\"https:\\\/\\\/kohenavocats.com\\\/wp-content\\\/uploads\\\/2026\\\/01\\\/Logo-2-1.webp\",\"width\":2114,\"height\":1253,\"caption\":\"Kohen Avocats\"},\"image\":{\"@id\":\"https:\\\/\\\/kohenavocats.com\\\/ru\\\/#\\\/schema\\\/logo\\\/image\\\/\"}},{\"@type\":\"Person\",\"@id\":\"https:\\\/\\\/kohenavocats.com\\\/ru\\\/#\\\/schema\\\/person\\\/761c9ba54fa1ca84d405cef0831ff751\",\"name\":\"Kohen\",\"image\":{\"@type\":\"ImageObject\",\"inLanguage\":\"ru-RU\",\"@id\":\"https:\\\/\\\/secure.gravatar.com\\\/avatar\\\/1c5e76ef76bbbfdd2b4da984e2bf2fa4056fd51a27d25ce2c332047f1dfd6e00?s=96&d=identicon&r=g\",\"url\":\"https:\\\/\\\/secure.gravatar.com\\\/avatar\\\/1c5e76ef76bbbfdd2b4da984e2bf2fa4056fd51a27d25ce2c332047f1dfd6e00?s=96&d=identicon&r=g\",\"contentUrl\":\"https:\\\/\\\/secure.gravatar.com\\\/avatar\\\/1c5e76ef76bbbfdd2b4da984e2bf2fa4056fd51a27d25ce2c332047f1dfd6e00?s=96&d=identicon&r=g\",\"caption\":\"Kohen\"},\"sameAs\":[\"https:\\\/\\\/www.linkedin.com\\\/in\\\/hassan-kohen-448548192\\\/\",\"https:\\\/\\\/www.youtube.com\\\/@Kohen-Avocats\"],\"url\":\"https:\\\/\\\/kohenavocats.com\\\/ru\\\/author\\\/kohenmlk\\\/\"}]}<\/script>\n<!-- \/ Yoast SEO Premium plugin. -->","yoast_head_json":{"title":"Tribunal judiciaire de Clermont-Ferrand, le 23 septembre 2025, n\u00b025\/00622 - Ma\u00eetre Hassan Kohen, avocat en droit p\u00e9nal \u00e0 Paris","description":"Le juge des r\u00e9f\u00e9r\u00e9s, statuant par ordonnance r\u00e9put\u00e9e contradictoire, se prononce sur une demande d\u2019appel en cause dans le cadre d\u2019une expertise. Des travaux ...","robots":{"index":"index","follow":"follow","max-snippet":"max-snippet:-1","max-image-preview":"max-image-preview:large","max-video-preview":"max-video-preview:-1"},"canonical":"https:\/\/kohenavocats.com\/ru\/tribunal-judiciaire-de-clermont-ferrand-le-23-septembre-2025-n25-00622\/","og_locale":"ru_RU","og_type":"article","og_title":"Tribunal judiciaire de Clermont-Ferrand, le 23 septembre 2025, n\u00b025\/00622","og_description":"Le juge des r\u00e9f\u00e9r\u00e9s, statuant par ordonnance r\u00e9put\u00e9e contradictoire, se prononce sur une demande d\u2019appel en cause dans le cadre d\u2019une expertise. Des travaux ...","og_url":"https:\/\/kohenavocats.com\/ru\/tribunal-judiciaire-de-clermont-ferrand-le-23-septembre-2025-n25-00622\/","og_site_name":"Ma\u00eetre Hassan Kohen, avocat en droit p\u00e9nal \u00e0 Paris","article_published_time":"2026-04-23T23:37:17+00:00","article_modified_time":"2026-04-26T17:34:51+00:00","og_image":[{"width":3361,"height":5042,"url":"https:\/\/kohenavocats.com\/wp-content\/uploads\/2024\/11\/getty-images-sMJ3mY9amdU-unsplash.webp","type":"image\/webp"}],"author":"Kohen","twitter_card":"summary_large_image","twitter_misc":{"\u041d\u0430\u043f\u0438\u0441\u0430\u043d\u043e \u0430\u0432\u0442\u043e\u0440\u043e\u043c":"Kohen","\u041f\u0440\u0438\u043c\u0435\u0440\u043d\u043e\u0435 \u0432\u0440\u0435\u043c\u044f \u0434\u043b\u044f \u0447\u0442\u0435\u043d\u0438\u044f":"3 \u043c\u0438\u043d\u0443\u0442\u044b"},"schema":{"@context":"https:\/\/schema.org","@graph":[{"@type":"Article","@id":"https:\/\/kohenavocats.com\/ru\/tribunal-judiciaire-de-clermont-ferrand-le-23-septembre-2025-n25-00622\/#article","isPartOf":{"@id":"https:\/\/kohenavocats.com\/ru\/tribunal-judiciaire-de-clermont-ferrand-le-23-septembre-2025-n25-00622\/"},"author":{"name":"Kohen","@id":"https:\/\/kohenavocats.com\/ru\/#\/schema\/person\/761c9ba54fa1ca84d405cef0831ff751"},"headline":"Tribunal judiciaire de Clermont-Ferrand, le 23 septembre 2025, n\u00b025\/00622","datePublished":"2026-04-23T23:37:17+00:00","dateModified":"2026-04-26T17:34:51+00:00","mainEntityOfPage":{"@id":"https:\/\/kohenavocats.com\/ru\/tribunal-judiciaire-de-clermont-ferrand-le-23-septembre-2025-n25-00622\/"},"wordCount":554,"commentCount":0,"publisher":{"@id":"https:\/\/kohenavocats.com\/ru\/#organization"},"image":{"@id":"https:\/\/kohenavocats.com\/ru\/tribunal-judiciaire-de-clermont-ferrand-le-23-septembre-2025-n25-00622\/#primaryimage"},"thumbnailUrl":"https:\/\/kohenavocats.com\/wp-content\/uploads\/2024\/11\/getty-images-sMJ3mY9amdU-unsplash.webp","articleSection":["Jurisprudence"],"inLanguage":"ru-RU","potentialAction":[{"@type":"CommentAction","name":"Comment","target":["https:\/\/kohenavocats.com\/ru\/tribunal-judiciaire-de-clermont-ferrand-le-23-septembre-2025-n25-00622\/#respond"]}],"citation":"Tribunal judiciaire de Clermont-Ferrand, le 23 septembre 2025, n\u00b025\/00622","about":[{"@type":"Thing","name":"Jurisprudence"}],"speakable":{"@type":"SpeakableSpecification","cssSelector":[".article-content > p:first-of-type"]}},{"@type":"WebPage","@id":"https:\/\/kohenavocats.com\/ru\/tribunal-judiciaire-de-clermont-ferrand-le-23-septembre-2025-n25-00622\/","url":"https:\/\/kohenavocats.com\/ru\/tribunal-judiciaire-de-clermont-ferrand-le-23-septembre-2025-n25-00622\/","name":"Tribunal judiciaire de Clermont-Ferrand, le 23 septembre 2025, n\u00b025\/00622 - Ma\u00eetre Hassan Kohen, avocat en droit p\u00e9nal \u00e0 Paris","isPartOf":{"@id":"https:\/\/kohenavocats.com\/ru\/#website"},"primaryImageOfPage":{"@id":"https:\/\/kohenavocats.com\/ru\/tribunal-judiciaire-de-clermont-ferrand-le-23-septembre-2025-n25-00622\/#primaryimage"},"image":{"@id":"https:\/\/kohenavocats.com\/ru\/tribunal-judiciaire-de-clermont-ferrand-le-23-septembre-2025-n25-00622\/#primaryimage"},"thumbnailUrl":"https:\/\/kohenavocats.com\/wp-content\/uploads\/2024\/11\/getty-images-sMJ3mY9amdU-unsplash.webp","datePublished":"2026-04-23T23:37:17+00:00","dateModified":"2026-04-26T17:34:51+00:00","description":"Le juge des r\u00e9f\u00e9r\u00e9s, statuant par ordonnance r\u00e9put\u00e9e contradictoire, se prononce sur une demande d\u2019appel en cause dans le cadre d\u2019une expertise. Des travaux ...","breadcrumb":{"@id":"https:\/\/kohenavocats.com\/ru\/tribunal-judiciaire-de-clermont-ferrand-le-23-septembre-2025-n25-00622\/#breadcrumb"},"inLanguage":"ru-RU","potentialAction":[{"@type":"ReadAction","target":["https:\/\/kohenavocats.com\/ru\/tribunal-judiciaire-de-clermont-ferrand-le-23-septembre-2025-n25-00622\/"]}]},{"@type":"ImageObject","inLanguage":"ru-RU","@id":"https:\/\/kohenavocats.com\/ru\/tribunal-judiciaire-de-clermont-ferrand-le-23-septembre-2025-n25-00622\/#primaryimage","url":"https:\/\/kohenavocats.com\/wp-content\/uploads\/2024\/11\/getty-images-sMJ3mY9amdU-unsplash.webp","contentUrl":"https:\/\/kohenavocats.com\/wp-content\/uploads\/2024\/11\/getty-images-sMJ3mY9amdU-unsplash.webp","width":3361,"height":5042},{"@type":"BreadcrumbList","@id":"https:\/\/kohenavocats.com\/ru\/tribunal-judiciaire-de-clermont-ferrand-le-23-septembre-2025-n25-00622\/#breadcrumb","itemListElement":[{"@type":"ListItem","position":1,"name":"Home","item":"https:\/\/kohenavocats.com\/ru\/avocats-en-droit-penal-a-paris-conseil-et-defense-strategique\/"},{"@type":"ListItem","position":2,"name":"Tribunal judiciaire de Clermont-Ferrand, le 23 septembre 2025, n\u00b025\/00622"}]},{"@type":"WebSite","@id":"https:\/\/kohenavocats.com\/ru\/#website","url":"https:\/\/kohenavocats.com\/ru\/","name":"Kohen Avocats","description":"Ma\u00eetre Hassan Kohen, avocat p\u00e9naliste \u00e0 Paris, intervient exclusivement en droit p\u00e9nal pour la d\u00e9fense des particuliers, notamment en mati\u00e8re d\u2019accusations de viol. Il assure un accompagnement rigoureux d\u00e8s la garde \u00e0 vue jusqu\u2019\u00e0 la Cour d\u2019assises, veillant au strict respect des garanties proc\u00e9durales.","publisher":{"@id":"https:\/\/kohenavocats.com\/ru\/#organization"},"potentialAction":[{"@type":"SearchAction","target":{"@type":"EntryPoint","urlTemplate":"https:\/\/kohenavocats.com\/ru\/?s={search_term_string}"},"query-input":{"@type":"PropertyValueSpecification","valueRequired":true,"valueName":"search_term_string"}}],"inLanguage":"ru-RU"},{"@type":"Organization","@id":"https:\/\/kohenavocats.com\/ru\/#organization","name":"Kohen Avocats","url":"https:\/\/kohenavocats.com\/ru\/","logo":{"@type":"ImageObject","inLanguage":"ru-RU","@id":"https:\/\/kohenavocats.com\/ru\/#\/schema\/logo\/image\/","url":"https:\/\/kohenavocats.com\/wp-content\/uploads\/2026\/01\/Logo-2-1.webp","contentUrl":"https:\/\/kohenavocats.com\/wp-content\/uploads\/2026\/01\/Logo-2-1.webp","width":2114,"height":1253,"caption":"Kohen Avocats"},"image":{"@id":"https:\/\/kohenavocats.com\/ru\/#\/schema\/logo\/image\/"}},{"@type":"Person","@id":"https:\/\/kohenavocats.com\/ru\/#\/schema\/person\/761c9ba54fa1ca84d405cef0831ff751","name":"Kohen","image":{"@type":"ImageObject","inLanguage":"ru-RU","@id":"https:\/\/secure.gravatar.com\/avatar\/1c5e76ef76bbbfdd2b4da984e2bf2fa4056fd51a27d25ce2c332047f1dfd6e00?s=96&d=identicon&r=g","url":"https:\/\/secure.gravatar.com\/avatar\/1c5e76ef76bbbfdd2b4da984e2bf2fa4056fd51a27d25ce2c332047f1dfd6e00?s=96&d=identicon&r=g","contentUrl":"https:\/\/secure.gravatar.com\/avatar\/1c5e76ef76bbbfdd2b4da984e2bf2fa4056fd51a27d25ce2c332047f1dfd6e00?s=96&d=identicon&r=g","caption":"Kohen"},"sameAs":["https:\/\/www.linkedin.com\/in\/hassan-kohen-448548192\/","https:\/\/www.youtube.com\/@Kohen-Avocats"],"url":"https:\/\/kohenavocats.com\/ru\/author\/kohenmlk\/"}]}},"jetpack_featured_media_url":"https:\/\/kohenavocats.com\/wp-content\/uploads\/2024\/11\/getty-images-sMJ3mY9amdU-unsplash.webp","jetpack_likes_enabled":false,"jetpack_shortlink":"https:\/\/wp.me\/peCrII-2NnT","jetpack-related-posts":[{"id":656208,"url":"https:\/\/kohenavocats.com\/ru\/tribunal-judiciaire-de-clermont-ferrand-le-19-decembre-2025-n25-00534\/","url_meta":{"origin":666493,"position":0},"title":"Tribunal judiciaire de Clermont-Ferrand, le 19 d\u00e9cembre 2025, n\u00b025\/00534","author":"Kohen","date":"23.04.2026","format":false,"excerpt":"Le tribunal judiciaire, statuant en r\u00e9f\u00e9r\u00e9 le 19 d\u00e9cembre 2025, examine une demande de d\u00e9claration de commune d\u2019expertise. Un ma\u00eetre d\u2019ouvrage a confi\u00e9 des t...","rel":"","context":"\u0412 &quot;Jurisprudence&quot;","block_context":{"text":"Jurisprudence","link":"https:\/\/kohenavocats.com\/category\/jurisprudence\/"},"img":{"alt_text":"","src":"https:\/\/i0.wp.com\/kohenavocats.com\/wp-content\/uploads\/2024\/11\/allison-saeng-fcfjIHK9fbY-unsplash.webp?resize=350%2C200&ssl=1","width":350,"height":200,"srcset":"https:\/\/i0.wp.com\/kohenavocats.com\/wp-content\/uploads\/2024\/11\/allison-saeng-fcfjIHK9fbY-unsplash.webp?resize=350%2C200&ssl=1 1x, https:\/\/i0.wp.com\/kohenavocats.com\/wp-content\/uploads\/2024\/11\/allison-saeng-fcfjIHK9fbY-unsplash.webp?resize=525%2C300&ssl=1 1.5x, https:\/\/i0.wp.com\/kohenavocats.com\/wp-content\/uploads\/2024\/11\/allison-saeng-fcfjIHK9fbY-unsplash.webp?resize=700%2C400&ssl=1 2x, https:\/\/i0.wp.com\/kohenavocats.com\/wp-content\/uploads\/2024\/11\/allison-saeng-fcfjIHK9fbY-unsplash.webp?resize=1050%2C600&ssl=1 3x, https:\/\/i0.wp.com\/kohenavocats.com\/wp-content\/uploads\/2024\/11\/allison-saeng-fcfjIHK9fbY-unsplash.webp?resize=1400%2C800&ssl=1 4x"},"classes":[]},{"id":636651,"url":"https:\/\/kohenavocats.com\/ru\/cour-dappel-de-lyon-le-15-janvier-2025-n25-01449\/","url_meta":{"origin":666493,"position":1},"title":"Cour d&#8217;appel de Lyon, le 15 janvier 2025, n\u00b025\/01449","author":"Kohen","date":"21.04.2026","format":false,"excerpt":"La cour d'appel de Lyon, statuant en r\u00e9f\u00e9r\u00e9 le 15 janvier 2025, examine une demande d'extension d'une expertise. L'entreprise g\u00e9n\u00e9rale avait sous-trait\u00e9 des ...","rel":"","context":"\u0412 &quot;Jurisprudence&quot;","block_context":{"text":"Jurisprudence","link":"https:\/\/kohenavocats.com\/category\/jurisprudence\/"},"img":{"alt_text":"","src":"https:\/\/i0.wp.com\/kohenavocats.com\/wp-content\/uploads\/2024\/11\/pawel-czerwinski-plv4_0R9-dc-unsplash.webp?resize=350%2C200&ssl=1","width":350,"height":200,"srcset":"https:\/\/i0.wp.com\/kohenavocats.com\/wp-content\/uploads\/2024\/11\/pawel-czerwinski-plv4_0R9-dc-unsplash.webp?resize=350%2C200&ssl=1 1x, https:\/\/i0.wp.com\/kohenavocats.com\/wp-content\/uploads\/2024\/11\/pawel-czerwinski-plv4_0R9-dc-unsplash.webp?resize=525%2C300&ssl=1 1.5x, https:\/\/i0.wp.com\/kohenavocats.com\/wp-content\/uploads\/2024\/11\/pawel-czerwinski-plv4_0R9-dc-unsplash.webp?resize=700%2C400&ssl=1 2x, https:\/\/i0.wp.com\/kohenavocats.com\/wp-content\/uploads\/2024\/11\/pawel-czerwinski-plv4_0R9-dc-unsplash.webp?resize=1050%2C600&ssl=1 3x, https:\/\/i0.wp.com\/kohenavocats.com\/wp-content\/uploads\/2024\/11\/pawel-czerwinski-plv4_0R9-dc-unsplash.webp?resize=1400%2C800&ssl=1 4x"},"classes":[]},{"id":267798,"url":"https:\/\/kohenavocats.com\/ru\/tribunal-judiciaire-de-rodez-le-30-juin-2025-n24-00153\/","url_meta":{"origin":666493,"position":2},"title":"Tribunal judiciaire de Rodez, le 30 juin 2025, n\u00b024\/00153","author":"Kohen","date":"10.01.2026","format":false,"excerpt":"Rendue par le tribunal judiciaire de Rodez le 30 juin 2025, l\u2019ordonnance de r\u00e9f\u00e9r\u00e9 statue sur une demande d\u2019expertise pr\u00e9alable relative \u00e0 des d\u00e9sordres affectant une maison individuelle apr\u00e8s r\u00e9ception. Des malfa\u00e7ons all\u00e9gu\u00e9es, constat\u00e9es lors d\u2019une expertise amiable non contradictoire, portent sur la ma\u00e7onnerie, la protection contre l\u2019eau pluviale et\u2026","rel":"","context":"\u0412 &quot;D\u00e9cisions juridiques&quot;","block_context":{"text":"D\u00e9cisions juridiques","link":"https:\/\/kohenavocats.com\/category\/decisions-juridiques\/"},"img":{"alt_text":"","src":"https:\/\/i0.wp.com\/kohenavocats.com\/wp-content\/uploads\/2024\/08\/mika-ruusunen-ypVM8PnygUo-unsplash.webp?resize=350%2C200&ssl=1","width":350,"height":200,"srcset":"https:\/\/i0.wp.com\/kohenavocats.com\/wp-content\/uploads\/2024\/08\/mika-ruusunen-ypVM8PnygUo-unsplash.webp?resize=350%2C200&ssl=1 1x, https:\/\/i0.wp.com\/kohenavocats.com\/wp-content\/uploads\/2024\/08\/mika-ruusunen-ypVM8PnygUo-unsplash.webp?resize=525%2C300&ssl=1 1.5x, https:\/\/i0.wp.com\/kohenavocats.com\/wp-content\/uploads\/2024\/08\/mika-ruusunen-ypVM8PnygUo-unsplash.webp?resize=700%2C400&ssl=1 2x, https:\/\/i0.wp.com\/kohenavocats.com\/wp-content\/uploads\/2024\/08\/mika-ruusunen-ypVM8PnygUo-unsplash.webp?resize=1050%2C600&ssl=1 3x, https:\/\/i0.wp.com\/kohenavocats.com\/wp-content\/uploads\/2024\/08\/mika-ruusunen-ypVM8PnygUo-unsplash.webp?resize=1400%2C800&ssl=1 4x"},"classes":[]},{"id":293515,"url":"https:\/\/kohenavocats.com\/ru\/tribunal-judiciaire-de-du-mans-le-4-juillet-2025-n25-00245\/","url_meta":{"origin":666493,"position":3},"title":"Tribunal judiciaire de Du Mans, le 4 juillet 2025, n\u00b025\/00245","author":"Kohen","date":"25.01.2026","format":false,"excerpt":"L\u2019ordonnance de r\u00e9f\u00e9r\u00e9 du Tribunal judiciaire du Mans du 4 juillet 2025 statue sur une demande d\u2019extension d\u2019une mesure d\u2019instruction. Une soci\u00e9t\u00e9 avait \u00e9t\u00e9 mise en cause par des particuliers suite \u00e0 l\u2019installation d\u2019une piscine. Elle avait sous-trait\u00e9 une partie des travaux \u00e0 une autre entreprise. Une expertise avait \u00e9t\u00e9\u2026","rel":"","context":"\u0412 &quot;D\u00e9cisions juridiques&quot;","block_context":{"text":"D\u00e9cisions juridiques","link":"https:\/\/kohenavocats.com\/category\/decisions-juridiques\/"},"img":{"alt_text":"","src":"https:\/\/i0.wp.com\/kohenavocats.com\/wp-content\/uploads\/2024\/08\/luca-trassini-OhaRmr5mJYA-unsplash.webp?resize=350%2C200&ssl=1","width":350,"height":200,"srcset":"https:\/\/i0.wp.com\/kohenavocats.com\/wp-content\/uploads\/2024\/08\/luca-trassini-OhaRmr5mJYA-unsplash.webp?resize=350%2C200&ssl=1 1x, https:\/\/i0.wp.com\/kohenavocats.com\/wp-content\/uploads\/2024\/08\/luca-trassini-OhaRmr5mJYA-unsplash.webp?resize=525%2C300&ssl=1 1.5x, https:\/\/i0.wp.com\/kohenavocats.com\/wp-content\/uploads\/2024\/08\/luca-trassini-OhaRmr5mJYA-unsplash.webp?resize=700%2C400&ssl=1 2x, https:\/\/i0.wp.com\/kohenavocats.com\/wp-content\/uploads\/2024\/08\/luca-trassini-OhaRmr5mJYA-unsplash.webp?resize=1050%2C600&ssl=1 3x, https:\/\/i0.wp.com\/kohenavocats.com\/wp-content\/uploads\/2024\/08\/luca-trassini-OhaRmr5mJYA-unsplash.webp?resize=1400%2C800&ssl=1 4x"},"classes":[]},{"id":478176,"url":"https:\/\/kohenavocats.com\/ru\/tribunal-judiciaire-de-nice-le-4-decembre-2025-n25-01507\/","url_meta":{"origin":666493,"position":4},"title":"Tribunal judiciaire de Nice, le 4 d\u00e9cembre 2025, n\u00b025\/01507","author":"Kohen","date":"07.04.2026","format":false,"excerpt":"Le tribunal judiciaire de Nice, statuant en r\u00e9f\u00e9r\u00e9 le 4 d\u00e9cembre 2025, se prononce sur une demande d'ordonnances communes. L'entreprise g\u00e9n\u00e9rale, \u00e0 l'origine...","rel":"","context":"\u0412 &quot;Jurisprudence&quot;","block_context":{"text":"Jurisprudence","link":"https:\/\/kohenavocats.com\/category\/jurisprudence\/"},"img":{"alt_text":"","src":"https:\/\/i0.wp.com\/kohenavocats.com\/wp-content\/uploads\/2024\/11\/getty-images-uXScU4WS2YM-unsplash.webp?resize=350%2C200&ssl=1","width":350,"height":200,"srcset":"https:\/\/i0.wp.com\/kohenavocats.com\/wp-content\/uploads\/2024\/11\/getty-images-uXScU4WS2YM-unsplash.webp?resize=350%2C200&ssl=1 1x, https:\/\/i0.wp.com\/kohenavocats.com\/wp-content\/uploads\/2024\/11\/getty-images-uXScU4WS2YM-unsplash.webp?resize=525%2C300&ssl=1 1.5x, https:\/\/i0.wp.com\/kohenavocats.com\/wp-content\/uploads\/2024\/11\/getty-images-uXScU4WS2YM-unsplash.webp?resize=700%2C400&ssl=1 2x, https:\/\/i0.wp.com\/kohenavocats.com\/wp-content\/uploads\/2024\/11\/getty-images-uXScU4WS2YM-unsplash.webp?resize=1050%2C600&ssl=1 3x, https:\/\/i0.wp.com\/kohenavocats.com\/wp-content\/uploads\/2024\/11\/getty-images-uXScU4WS2YM-unsplash.webp?resize=1400%2C800&ssl=1 4x"},"classes":[]},{"id":249438,"url":"https:\/\/kohenavocats.com\/ru\/tribunal-judiciaire-de-orleans-le-27-juin-2025-n25-00278\/","url_meta":{"origin":666493,"position":5},"title":"Tribunal judiciaire de Orl\u00e9ans, le 27 juin 2025, n\u00b025\/00278","author":"Kohen","date":"08.01.2026","format":false,"excerpt":"Orl\u00e9ans, 27 juin 2025, ordonnance de r\u00e9f\u00e9r\u00e9. Une expertise judiciaire portait sur des d\u00e9sordres de menuiserie affectant un chantier. L\u2019assureur de l\u2019entrepreneur principal a sollicit\u00e9 que les op\u00e9rations d\u2019expertise soient rendues communes et opposables \u00e0 l\u2019assureur du sous-traitant. Celui-ci a conclu avec protestations et r\u00e9serves, tandis que l\u2019expert a \u00e9chang\u00e9\u2026","rel":"","context":"\u0412 &quot;D\u00e9cisions juridiques&quot;","block_context":{"text":"D\u00e9cisions juridiques","link":"https:\/\/kohenavocats.com\/category\/decisions-juridiques\/"},"img":{"alt_text":"","src":"https:\/\/i0.wp.com\/kohenavocats.com\/wp-content\/uploads\/2024\/11\/getty-images-2IQXr2ZqAdY-unsplash.webp?resize=350%2C200&ssl=1","width":350,"height":200,"srcset":"https:\/\/i0.wp.com\/kohenavocats.com\/wp-content\/uploads\/2024\/11\/getty-images-2IQXr2ZqAdY-unsplash.webp?resize=350%2C200&ssl=1 1x, https:\/\/i0.wp.com\/kohenavocats.com\/wp-content\/uploads\/2024\/11\/getty-images-2IQXr2ZqAdY-unsplash.webp?resize=525%2C300&ssl=1 1.5x, https:\/\/i0.wp.com\/kohenavocats.com\/wp-content\/uploads\/2024\/11\/getty-images-2IQXr2ZqAdY-unsplash.webp?resize=700%2C400&ssl=1 2x, https:\/\/i0.wp.com\/kohenavocats.com\/wp-content\/uploads\/2024\/11\/getty-images-2IQXr2ZqAdY-unsplash.webp?resize=1050%2C600&ssl=1 3x, https:\/\/i0.wp.com\/kohenavocats.com\/wp-content\/uploads\/2024\/11\/getty-images-2IQXr2ZqAdY-unsplash.webp?resize=1400%2C800&ssl=1 4x"},"classes":[]}],"jetpack_sharing_enabled":true,"_links":{"self":[{"href":"https:\/\/kohenavocats.com\/ru\/wp-json\/wp\/v2\/posts\/666493","targetHints":{"allow":["GET"]}}],"collection":[{"href":"https:\/\/kohenavocats.com\/ru\/wp-json\/wp\/v2\/posts"}],"about":[{"href":"https:\/\/kohenavocats.com\/ru\/wp-json\/wp\/v2\/types\/post"}],"author":[{"embeddable":true,"href":"https:\/\/kohenavocats.com\/ru\/wp-json\/wp\/v2\/users\/232070755"}],"replies":[{"embeddable":true,"href":"https:\/\/kohenavocats.com\/ru\/wp-json\/wp\/v2\/comments?post=666493"}],"version-history":[{"count":1,"href":"https:\/\/kohenavocats.com\/ru\/wp-json\/wp\/v2\/posts\/666493\/revisions"}],"predecessor-version":[{"id":696531,"href":"https:\/\/kohenavocats.com\/ru\/wp-json\/wp\/v2\/posts\/666493\/revisions\/696531"}],"wp:featuredmedia":[{"embeddable":true,"href":"https:\/\/kohenavocats.com\/ru\/wp-json\/wp\/v2\/media\/9734"}],"wp:attachment":[{"href":"https:\/\/kohenavocats.com\/ru\/wp-json\/wp\/v2\/media?parent=666493"}],"wp:term":[{"taxonomy":"category","embeddable":true,"href":"https:\/\/kohenavocats.com\/ru\/wp-json\/wp\/v2\/categories?post=666493"},{"taxonomy":"post_tag","embeddable":true,"href":"https:\/\/kohenavocats.com\/ru\/wp-json\/wp\/v2\/tags?post=666493"}],"curies":[{"name":"wp","href":"https:\/\/api.w.org\/{rel}","templated":true}]}}