{"id":666495,"date":"2026-04-24T01:37:25","date_gmt":"2026-04-23T23:37:25","guid":{"rendered":"https:\/\/kohenavocats.com\/tribunal-judiciaire-de-clermont-ferrand-le-20-juin-2024-n25-00621\/"},"modified":"2026-04-24T01:37:25","modified_gmt":"2026-04-23T23:37:25","slug":"tribunal-judiciaire-de-clermont-ferrand-le-20-juin-2024-n25-00621","status":"publish","type":"post","link":"https:\/\/kohenavocats.com\/ru\/tribunal-judiciaire-de-clermont-ferrand-le-20-juin-2024-n25-00621\/","title":{"rendered":"Tribunal judiciaire de Clermont-Ferrand, le 20 juin 2024, n\u00b025\/00621"},"content":{"rendered":"<div class=\"article-content\">\n<p>Le tribunal judiciaire, statuant en r\u00e9f\u00e9r\u00e9, a rendu une ordonnance le 20 juin 2024. Des \u00e9poux, parties \u00e0 une instance au fond, ont saisi le juge des r\u00e9f\u00e9r\u00e9s pour appeler en cause une soci\u00e9t\u00e9 d&#8217;assurance \u00e0 une expertise. Cette expertise avait \u00e9t\u00e9 ordonn\u00e9e par le juge de la mise en \u00e9tat avant la radiation de l&#8217;affaire. L&#8217;assureur a soulev\u00e9 l&#8217;incomp\u00e9tence du juge des r\u00e9f\u00e9r\u00e9s. La juridiction a d\u00fb d\u00e9terminer le juge comp\u00e9tent pour conna\u00eetre d&#8217;une demande d&#8217;appel en cause dans le cadre d&#8217;une mesure d&#8217;instruction en cours. Elle s&#8217;est d\u00e9clar\u00e9e incomp\u00e9tente au profit du juge de la mise en \u00e9tat et a renvoy\u00e9 l&#8217;affaire devant lui.<\/p>\n<p>La comp\u00e9tence exclusive du juge de la mise en \u00e9tat<\/p>\n<p>Le juge des r\u00e9f\u00e9r\u00e9s \u00e9carte sa propre comp\u00e9tence au profit du juge du fond. Il rappelle le principe de comp\u00e9tence pos\u00e9 par l&#8217;article 789 du code de proc\u00e9dure civile. Ce texte attribue une comp\u00e9tence exclusive au juge de la mise en \u00e9tat apr\u00e8s sa d\u00e9signation. &#171;Il en r\u00e9sulte que le juge des r\u00e9f\u00e9r\u00e9s est incomp\u00e9tent pour statuer sur une demande pr\u00e9sent\u00e9e post\u00e9rieurement \u00e0 la d\u00e9signation du juge de la mise en \u00e9tat&#187; (Motifs de la d\u00e9cision). Cette r\u00e8gle s&#8217;applique m\u00eame lorsque la demande vise une partie non pr\u00e9sente dans l&#8217;instance initiale. La solution affirme la primaut\u00e9 de l&#8217;organe juridictionnel qui a ordonn\u00e9 la mesure d&#8217;instruction. Elle garantit l&#8217;unit\u00e9 de contr\u00f4le et de direction de la mesure d&#8217;instruction tout au long de son d\u00e9roulement.<\/p>\n<p>L&#8217;absence d&#8217;effet de la radiation sur la comp\u00e9tence<\/p>\n<p>La d\u00e9cision pr\u00e9cise que la radiation de l&#8217;affaire au r\u00f4le ne modifie pas cette comp\u00e9tence. Les \u00e9poux soutenaient que le juge de la mise en \u00e9tat n&#8217;\u00e9tait plus saisi. La cour rejette cet argument pour pr\u00e9server l&#8217;efficacit\u00e9 de la proc\u00e9dure. &#171;La radiation de l\u2019affaire n\u2019est pas de nature \u00e0 faire obstacle \u00e0 la comp\u00e9tence exclusive du juge de la mise en \u00e9tat&#187; (Motifs de la d\u00e9cision). La juridiction estime que le juge conserve le pouvoir de statuer sur les incidents li\u00e9s \u00e0 son ordonnance. Cette analyse \u00e9vite les complications proc\u00e9durales et les risques de contrari\u00e9t\u00e9 de d\u00e9cisions. Elle assure la continuit\u00e9 du contr\u00f4le de la mesure d&#8217;instruction jusqu&#8217;\u00e0 son terme effectif.<\/p>\n<p>La n\u00e9cessaire saisine du juge de la mise en \u00e9tat<\/p>\n<p>La solution impose aux demandeurs de recourir \u00e0 la proc\u00e9dure d&#8217;intervention forc\u00e9e. Le juge des r\u00e9f\u00e9r\u00e9s renvoie explicitement les parties devant le juge du fond. &#171;Il leur appartiendra donc de solliciter devant lui l\u2019intervention forc\u00e9e&#187; (Motifs de la d\u00e9cision). Ce renvoi op\u00e8re une correction mat\u00e9rielle de la saisine initiale. Il respecte ainsi la r\u00e9partition des comp\u00e9tences entre les diff\u00e9rentes formations du tribunal. Cette pr\u00e9cision guide utilement les parties pour la suite de la proc\u00e9dure. Elle confirme que la voie de l&#8217;intervention forc\u00e9e est la seule adapt\u00e9e en l&#8217;esp\u00e8ce.<\/p>\n<p>La port\u00e9e de la solution pour l&#8217;appel en cause de l&#8217;assureur<\/p>\n<p>La d\u00e9cision consacre une solution proc\u00e9durale claire en mati\u00e8re d&#8217;appel en cause. Elle \u00e9carte l&#8217;utilisation du r\u00e9f\u00e9r\u00e9 pour int\u00e9grer un tiers \u00e0 une expertise en cours. La juridiction souligne le lien ind\u00e9niable entre les deux proc\u00e9dures. &#171;Les \u00e9poux [U] ne peuvent s\u00e9rieusement all\u00e9guer qu\u2019il n\u2019existe aucun lien entre la pr\u00e9sente proc\u00e9dure et l\u2019instance au fond&#187; (Motifs de la d\u00e9cision). Cette analyse rejoint la logique d&#8217;une jurisprudence constante sur le n\u00e9cessaire motif l\u00e9gitime. Comme le rappelle une d\u00e9cision ant\u00e9rieure, &#171;il est alors n\u00e9cessaire, conform\u00e9ment aux conditions pos\u00e9es par ce texte, qu&#8217;il existe un motif l\u00e9gitime de rendre l&#8217;expertise commune&#187; (Tribunal judiciaire, le 14 mars 2025, n\u00b025\/00073). L&#8217;appr\u00e9ciation de ce motif l\u00e9gitime rel\u00e8ve ainsi du juge qui a ordonn\u00e9 l&#8217;expertise.<\/p>\n<\/div>\n","protected":false},"excerpt":{"rendered":"<p>Le tribunal judiciaire, statuant en r\u00e9f\u00e9r\u00e9, a rendu une ordonnance le 20 juin 2024. Des \u00e9poux, parties \u00e0 une instance au fond, ont saisi le juge des r\u00e9f\u00e9r\u00e9s &#8230;<\/p>\n","protected":false},"author":232070755,"featured_media":4823,"comment_status":"open","ping_status":"open","sticky":false,"template":"","format":"standard","meta":{"_crdt_document":"","_jetpack_newsletter_access":"","_jetpack_dont_email_post_to_subs":false,"_jetpack_newsletter_tier_id":0,"_jetpack_memberships_contains_paywalled_content":false,"_kj_source_type":"","_kj_official_id":"","_kj_official_url":"","_kj_judilibre_id":"","_kj_jur":"","_kj_lieu":"","_kj_chambre":"","_kj_rg":"","_kj_date":"","_jetpack_memberships_contains_paid_content":false,"footnotes":"","jetpack_post_was_ever_published":false},"categories":[7597],"tags":[],"class_list":["post-666495","post","type-post","status-publish","format-standard","has-post-thumbnail","hentry","category-jurisprudence"],"yoast_head":"<!-- This site is optimized with the Yoast SEO Premium plugin v27.5 (Yoast SEO v27.5) - https:\/\/yoast.com\/product\/yoast-seo-premium-wordpress\/ -->\n<title>Tribunal judiciaire de Clermont-Ferrand, le 20 juin 2024, n\u00b025\/00621 - Ma\u00eetre Hassan Kohen, avocat en droit p\u00e9nal \u00e0 Paris<\/title>\n<meta name=\"description\" content=\"Le tribunal judiciaire, statuant en r\u00e9f\u00e9r\u00e9, a rendu une ordonnance le 20 juin 2024. Des \u00e9poux, parties \u00e0 une instance au fond, ont saisi le juge des r\u00e9f\u00e9r\u00e9s ...\" \/>\n<meta name=\"robots\" content=\"index, follow, max-snippet:-1, max-image-preview:large, max-video-preview:-1\" \/>\n<link rel=\"canonical\" href=\"https:\/\/kohenavocats.com\/ru\/tribunal-judiciaire-de-clermont-ferrand-le-20-juin-2024-n25-00621\/\" \/>\n<meta property=\"og:locale\" content=\"ru_RU\" \/>\n<meta property=\"og:type\" content=\"article\" \/>\n<meta property=\"og:title\" content=\"Tribunal judiciaire de Clermont-Ferrand, le 20 juin 2024, n\u00b025\/00621\" \/>\n<meta property=\"og:description\" content=\"Le tribunal judiciaire, statuant en r\u00e9f\u00e9r\u00e9, a rendu une ordonnance le 20 juin 2024. Des \u00e9poux, parties \u00e0 une instance au fond, ont saisi le juge des r\u00e9f\u00e9r\u00e9s ...\" \/>\n<meta property=\"og:url\" content=\"https:\/\/kohenavocats.com\/ru\/tribunal-judiciaire-de-clermont-ferrand-le-20-juin-2024-n25-00621\/\" \/>\n<meta property=\"og:site_name\" content=\"Ma\u00eetre Hassan Kohen, avocat en droit p\u00e9nal \u00e0 Paris\" \/>\n<meta property=\"article:published_time\" content=\"2026-04-23T23:37:25+00:00\" \/>\n<meta property=\"og:image\" content=\"https:\/\/kohenavocats.com\/wp-content\/uploads\/2024\/08\/peter-bucks-cDueGDswXy8-unsplash.webp\" \/>\n\t<meta property=\"og:image:width\" content=\"5723\" \/>\n\t<meta property=\"og:image:height\" content=\"3815\" \/>\n\t<meta property=\"og:image:type\" content=\"image\/webp\" \/>\n<meta name=\"author\" content=\"Kohen\" \/>\n<meta name=\"twitter:card\" content=\"summary_large_image\" \/>\n<meta name=\"twitter:label1\" content=\"\u041d\u0430\u043f\u0438\u0441\u0430\u043d\u043e \u0430\u0432\u0442\u043e\u0440\u043e\u043c\" \/>\n\t<meta name=\"twitter:data1\" content=\"Kohen\" \/>\n\t<meta name=\"twitter:label2\" content=\"\u041f\u0440\u0438\u043c\u0435\u0440\u043d\u043e\u0435 \u0432\u0440\u0435\u043c\u044f \u0434\u043b\u044f \u0447\u0442\u0435\u043d\u0438\u044f\" \/>\n\t<meta name=\"twitter:data2\" content=\"3 \u043c\u0438\u043d\u0443\u0442\u044b\" \/>\n<script type=\"application\/ld+json\" class=\"yoast-schema-graph\">{\"@context\":\"https:\\\/\\\/schema.org\",\"@graph\":[{\"@type\":\"Article\",\"@id\":\"https:\\\/\\\/kohenavocats.com\\\/ru\\\/tribunal-judiciaire-de-clermont-ferrand-le-20-juin-2024-n25-00621\\\/#article\",\"isPartOf\":{\"@id\":\"https:\\\/\\\/kohenavocats.com\\\/ru\\\/tribunal-judiciaire-de-clermont-ferrand-le-20-juin-2024-n25-00621\\\/\"},\"author\":{\"name\":\"Kohen\",\"@id\":\"https:\\\/\\\/kohenavocats.com\\\/ru\\\/#\\\/schema\\\/person\\\/761c9ba54fa1ca84d405cef0831ff751\"},\"headline\":\"Tribunal judiciaire de Clermont-Ferrand, le 20 juin 2024, n\u00b025\\\/00621\",\"datePublished\":\"2026-04-23T23:37:25+00:00\",\"mainEntityOfPage\":{\"@id\":\"https:\\\/\\\/kohenavocats.com\\\/ru\\\/tribunal-judiciaire-de-clermont-ferrand-le-20-juin-2024-n25-00621\\\/\"},\"wordCount\":719,\"commentCount\":0,\"publisher\":{\"@id\":\"https:\\\/\\\/kohenavocats.com\\\/ru\\\/#organization\"},\"image\":{\"@id\":\"https:\\\/\\\/kohenavocats.com\\\/ru\\\/tribunal-judiciaire-de-clermont-ferrand-le-20-juin-2024-n25-00621\\\/#primaryimage\"},\"thumbnailUrl\":\"https:\\\/\\\/kohenavocats.com\\\/wp-content\\\/uploads\\\/2024\\\/08\\\/peter-bucks-cDueGDswXy8-unsplash.webp\",\"articleSection\":[\"Jurisprudence\"],\"inLanguage\":\"ru-RU\",\"potentialAction\":[{\"@type\":\"CommentAction\",\"name\":\"Comment\",\"target\":[\"https:\\\/\\\/kohenavocats.com\\\/ru\\\/tribunal-judiciaire-de-clermont-ferrand-le-20-juin-2024-n25-00621\\\/#respond\"]}],\"citation\":\"Tribunal judiciaire de Clermont-Ferrand, le 20 juin 2024, n\u00b025\\\/00621\",\"about\":[{\"@type\":\"Thing\",\"name\":\"Jurisprudence\"}],\"dateModified\":\"2026-04-23T23:37:25+00:00\",\"speakable\":{\"@type\":\"SpeakableSpecification\",\"cssSelector\":[\".article-content > p:first-of-type\"]}},{\"@type\":\"WebPage\",\"@id\":\"https:\\\/\\\/kohenavocats.com\\\/ru\\\/tribunal-judiciaire-de-clermont-ferrand-le-20-juin-2024-n25-00621\\\/\",\"url\":\"https:\\\/\\\/kohenavocats.com\\\/ru\\\/tribunal-judiciaire-de-clermont-ferrand-le-20-juin-2024-n25-00621\\\/\",\"name\":\"Tribunal judiciaire de Clermont-Ferrand, le 20 juin 2024, n\u00b025\\\/00621 - Ma\u00eetre Hassan Kohen, avocat en droit p\u00e9nal \u00e0 Paris\",\"isPartOf\":{\"@id\":\"https:\\\/\\\/kohenavocats.com\\\/ru\\\/#website\"},\"primaryImageOfPage\":{\"@id\":\"https:\\\/\\\/kohenavocats.com\\\/ru\\\/tribunal-judiciaire-de-clermont-ferrand-le-20-juin-2024-n25-00621\\\/#primaryimage\"},\"image\":{\"@id\":\"https:\\\/\\\/kohenavocats.com\\\/ru\\\/tribunal-judiciaire-de-clermont-ferrand-le-20-juin-2024-n25-00621\\\/#primaryimage\"},\"thumbnailUrl\":\"https:\\\/\\\/kohenavocats.com\\\/wp-content\\\/uploads\\\/2024\\\/08\\\/peter-bucks-cDueGDswXy8-unsplash.webp\",\"datePublished\":\"2026-04-23T23:37:25+00:00\",\"description\":\"Le tribunal judiciaire, statuant en r\u00e9f\u00e9r\u00e9, a rendu une ordonnance le 20 juin 2024. Des \u00e9poux, parties \u00e0 une instance au fond, ont saisi le juge des r\u00e9f\u00e9r\u00e9s ...\",\"breadcrumb\":{\"@id\":\"https:\\\/\\\/kohenavocats.com\\\/ru\\\/tribunal-judiciaire-de-clermont-ferrand-le-20-juin-2024-n25-00621\\\/#breadcrumb\"},\"inLanguage\":\"ru-RU\",\"potentialAction\":[{\"@type\":\"ReadAction\",\"target\":[\"https:\\\/\\\/kohenavocats.com\\\/ru\\\/tribunal-judiciaire-de-clermont-ferrand-le-20-juin-2024-n25-00621\\\/\"]}]},{\"@type\":\"ImageObject\",\"inLanguage\":\"ru-RU\",\"@id\":\"https:\\\/\\\/kohenavocats.com\\\/ru\\\/tribunal-judiciaire-de-clermont-ferrand-le-20-juin-2024-n25-00621\\\/#primaryimage\",\"url\":\"https:\\\/\\\/kohenavocats.com\\\/wp-content\\\/uploads\\\/2024\\\/08\\\/peter-bucks-cDueGDswXy8-unsplash.webp\",\"contentUrl\":\"https:\\\/\\\/kohenavocats.com\\\/wp-content\\\/uploads\\\/2024\\\/08\\\/peter-bucks-cDueGDswXy8-unsplash.webp\",\"width\":5723,\"height\":3815},{\"@type\":\"BreadcrumbList\",\"@id\":\"https:\\\/\\\/kohenavocats.com\\\/ru\\\/tribunal-judiciaire-de-clermont-ferrand-le-20-juin-2024-n25-00621\\\/#breadcrumb\",\"itemListElement\":[{\"@type\":\"ListItem\",\"position\":1,\"name\":\"Home\",\"item\":\"https:\\\/\\\/kohenavocats.com\\\/ru\\\/avocats-en-droit-penal-a-paris-conseil-et-defense-strategique\\\/\"},{\"@type\":\"ListItem\",\"position\":2,\"name\":\"Tribunal judiciaire de Clermont-Ferrand, le 20 juin 2024, n\u00b025\\\/00621\"}]},{\"@type\":\"WebSite\",\"@id\":\"https:\\\/\\\/kohenavocats.com\\\/ru\\\/#website\",\"url\":\"https:\\\/\\\/kohenavocats.com\\\/ru\\\/\",\"name\":\"Kohen Avocats\",\"description\":\"Ma\u00eetre Hassan Kohen, avocat p\u00e9naliste \u00e0 Paris, intervient exclusivement en droit p\u00e9nal pour la d\u00e9fense des particuliers, notamment en mati\u00e8re d\u2019accusations de viol. Il assure un accompagnement rigoureux d\u00e8s la garde \u00e0 vue jusqu\u2019\u00e0 la Cour d\u2019assises, veillant au strict respect des garanties proc\u00e9durales.\",\"publisher\":{\"@id\":\"https:\\\/\\\/kohenavocats.com\\\/ru\\\/#organization\"},\"potentialAction\":[{\"@type\":\"SearchAction\",\"target\":{\"@type\":\"EntryPoint\",\"urlTemplate\":\"https:\\\/\\\/kohenavocats.com\\\/ru\\\/?s={search_term_string}\"},\"query-input\":{\"@type\":\"PropertyValueSpecification\",\"valueRequired\":true,\"valueName\":\"search_term_string\"}}],\"inLanguage\":\"ru-RU\"},{\"@type\":\"Organization\",\"@id\":\"https:\\\/\\\/kohenavocats.com\\\/ru\\\/#organization\",\"name\":\"Kohen Avocats\",\"url\":\"https:\\\/\\\/kohenavocats.com\\\/ru\\\/\",\"logo\":{\"@type\":\"ImageObject\",\"inLanguage\":\"ru-RU\",\"@id\":\"https:\\\/\\\/kohenavocats.com\\\/ru\\\/#\\\/schema\\\/logo\\\/image\\\/\",\"url\":\"https:\\\/\\\/kohenavocats.com\\\/wp-content\\\/uploads\\\/2026\\\/01\\\/Logo-2-1.webp\",\"contentUrl\":\"https:\\\/\\\/kohenavocats.com\\\/wp-content\\\/uploads\\\/2026\\\/01\\\/Logo-2-1.webp\",\"width\":2114,\"height\":1253,\"caption\":\"Kohen Avocats\"},\"image\":{\"@id\":\"https:\\\/\\\/kohenavocats.com\\\/ru\\\/#\\\/schema\\\/logo\\\/image\\\/\"}},{\"@type\":\"Person\",\"@id\":\"https:\\\/\\\/kohenavocats.com\\\/ru\\\/#\\\/schema\\\/person\\\/761c9ba54fa1ca84d405cef0831ff751\",\"name\":\"Kohen\",\"image\":{\"@type\":\"ImageObject\",\"inLanguage\":\"ru-RU\",\"@id\":\"https:\\\/\\\/secure.gravatar.com\\\/avatar\\\/1c5e76ef76bbbfdd2b4da984e2bf2fa4056fd51a27d25ce2c332047f1dfd6e00?s=96&d=identicon&r=g\",\"url\":\"https:\\\/\\\/secure.gravatar.com\\\/avatar\\\/1c5e76ef76bbbfdd2b4da984e2bf2fa4056fd51a27d25ce2c332047f1dfd6e00?s=96&d=identicon&r=g\",\"contentUrl\":\"https:\\\/\\\/secure.gravatar.com\\\/avatar\\\/1c5e76ef76bbbfdd2b4da984e2bf2fa4056fd51a27d25ce2c332047f1dfd6e00?s=96&d=identicon&r=g\",\"caption\":\"Kohen\"},\"sameAs\":[\"https:\\\/\\\/www.linkedin.com\\\/in\\\/hassan-kohen-448548192\\\/\",\"https:\\\/\\\/www.youtube.com\\\/@Kohen-Avocats\"],\"url\":\"https:\\\/\\\/kohenavocats.com\\\/ru\\\/author\\\/kohenmlk\\\/\"}]}<\/script>\n<!-- \/ Yoast SEO Premium plugin. -->","yoast_head_json":{"title":"Tribunal judiciaire de Clermont-Ferrand, le 20 juin 2024, n\u00b025\/00621 - Ma\u00eetre Hassan Kohen, avocat en droit p\u00e9nal \u00e0 Paris","description":"Le tribunal judiciaire, statuant en r\u00e9f\u00e9r\u00e9, a rendu une ordonnance le 20 juin 2024. Des \u00e9poux, parties \u00e0 une instance au fond, ont saisi le juge des r\u00e9f\u00e9r\u00e9s ...","robots":{"index":"index","follow":"follow","max-snippet":"max-snippet:-1","max-image-preview":"max-image-preview:large","max-video-preview":"max-video-preview:-1"},"canonical":"https:\/\/kohenavocats.com\/ru\/tribunal-judiciaire-de-clermont-ferrand-le-20-juin-2024-n25-00621\/","og_locale":"ru_RU","og_type":"article","og_title":"Tribunal judiciaire de Clermont-Ferrand, le 20 juin 2024, n\u00b025\/00621","og_description":"Le tribunal judiciaire, statuant en r\u00e9f\u00e9r\u00e9, a rendu une ordonnance le 20 juin 2024. Des \u00e9poux, parties \u00e0 une instance au fond, ont saisi le juge des r\u00e9f\u00e9r\u00e9s ...","og_url":"https:\/\/kohenavocats.com\/ru\/tribunal-judiciaire-de-clermont-ferrand-le-20-juin-2024-n25-00621\/","og_site_name":"Ma\u00eetre Hassan Kohen, avocat en droit p\u00e9nal \u00e0 Paris","article_published_time":"2026-04-23T23:37:25+00:00","og_image":[{"width":5723,"height":3815,"url":"https:\/\/kohenavocats.com\/wp-content\/uploads\/2024\/08\/peter-bucks-cDueGDswXy8-unsplash.webp","type":"image\/webp"}],"author":"Kohen","twitter_card":"summary_large_image","twitter_misc":{"\u041d\u0430\u043f\u0438\u0441\u0430\u043d\u043e \u0430\u0432\u0442\u043e\u0440\u043e\u043c":"Kohen","\u041f\u0440\u0438\u043c\u0435\u0440\u043d\u043e\u0435 \u0432\u0440\u0435\u043c\u044f \u0434\u043b\u044f \u0447\u0442\u0435\u043d\u0438\u044f":"3 \u043c\u0438\u043d\u0443\u0442\u044b"},"schema":{"@context":"https:\/\/schema.org","@graph":[{"@type":"Article","@id":"https:\/\/kohenavocats.com\/ru\/tribunal-judiciaire-de-clermont-ferrand-le-20-juin-2024-n25-00621\/#article","isPartOf":{"@id":"https:\/\/kohenavocats.com\/ru\/tribunal-judiciaire-de-clermont-ferrand-le-20-juin-2024-n25-00621\/"},"author":{"name":"Kohen","@id":"https:\/\/kohenavocats.com\/ru\/#\/schema\/person\/761c9ba54fa1ca84d405cef0831ff751"},"headline":"Tribunal judiciaire de Clermont-Ferrand, le 20 juin 2024, n\u00b025\/00621","datePublished":"2026-04-23T23:37:25+00:00","mainEntityOfPage":{"@id":"https:\/\/kohenavocats.com\/ru\/tribunal-judiciaire-de-clermont-ferrand-le-20-juin-2024-n25-00621\/"},"wordCount":719,"commentCount":0,"publisher":{"@id":"https:\/\/kohenavocats.com\/ru\/#organization"},"image":{"@id":"https:\/\/kohenavocats.com\/ru\/tribunal-judiciaire-de-clermont-ferrand-le-20-juin-2024-n25-00621\/#primaryimage"},"thumbnailUrl":"https:\/\/kohenavocats.com\/wp-content\/uploads\/2024\/08\/peter-bucks-cDueGDswXy8-unsplash.webp","articleSection":["Jurisprudence"],"inLanguage":"ru-RU","potentialAction":[{"@type":"CommentAction","name":"Comment","target":["https:\/\/kohenavocats.com\/ru\/tribunal-judiciaire-de-clermont-ferrand-le-20-juin-2024-n25-00621\/#respond"]}],"citation":"Tribunal judiciaire de Clermont-Ferrand, le 20 juin 2024, n\u00b025\/00621","about":[{"@type":"Thing","name":"Jurisprudence"}],"dateModified":"2026-04-23T23:37:25+00:00","speakable":{"@type":"SpeakableSpecification","cssSelector":[".article-content > p:first-of-type"]}},{"@type":"WebPage","@id":"https:\/\/kohenavocats.com\/ru\/tribunal-judiciaire-de-clermont-ferrand-le-20-juin-2024-n25-00621\/","url":"https:\/\/kohenavocats.com\/ru\/tribunal-judiciaire-de-clermont-ferrand-le-20-juin-2024-n25-00621\/","name":"Tribunal judiciaire de Clermont-Ferrand, le 20 juin 2024, n\u00b025\/00621 - Ma\u00eetre Hassan Kohen, avocat en droit p\u00e9nal \u00e0 Paris","isPartOf":{"@id":"https:\/\/kohenavocats.com\/ru\/#website"},"primaryImageOfPage":{"@id":"https:\/\/kohenavocats.com\/ru\/tribunal-judiciaire-de-clermont-ferrand-le-20-juin-2024-n25-00621\/#primaryimage"},"image":{"@id":"https:\/\/kohenavocats.com\/ru\/tribunal-judiciaire-de-clermont-ferrand-le-20-juin-2024-n25-00621\/#primaryimage"},"thumbnailUrl":"https:\/\/kohenavocats.com\/wp-content\/uploads\/2024\/08\/peter-bucks-cDueGDswXy8-unsplash.webp","datePublished":"2026-04-23T23:37:25+00:00","description":"Le tribunal judiciaire, statuant en r\u00e9f\u00e9r\u00e9, a rendu une ordonnance le 20 juin 2024. Des \u00e9poux, parties \u00e0 une instance au fond, ont saisi le juge des r\u00e9f\u00e9r\u00e9s ...","breadcrumb":{"@id":"https:\/\/kohenavocats.com\/ru\/tribunal-judiciaire-de-clermont-ferrand-le-20-juin-2024-n25-00621\/#breadcrumb"},"inLanguage":"ru-RU","potentialAction":[{"@type":"ReadAction","target":["https:\/\/kohenavocats.com\/ru\/tribunal-judiciaire-de-clermont-ferrand-le-20-juin-2024-n25-00621\/"]}]},{"@type":"ImageObject","inLanguage":"ru-RU","@id":"https:\/\/kohenavocats.com\/ru\/tribunal-judiciaire-de-clermont-ferrand-le-20-juin-2024-n25-00621\/#primaryimage","url":"https:\/\/kohenavocats.com\/wp-content\/uploads\/2024\/08\/peter-bucks-cDueGDswXy8-unsplash.webp","contentUrl":"https:\/\/kohenavocats.com\/wp-content\/uploads\/2024\/08\/peter-bucks-cDueGDswXy8-unsplash.webp","width":5723,"height":3815},{"@type":"BreadcrumbList","@id":"https:\/\/kohenavocats.com\/ru\/tribunal-judiciaire-de-clermont-ferrand-le-20-juin-2024-n25-00621\/#breadcrumb","itemListElement":[{"@type":"ListItem","position":1,"name":"Home","item":"https:\/\/kohenavocats.com\/ru\/avocats-en-droit-penal-a-paris-conseil-et-defense-strategique\/"},{"@type":"ListItem","position":2,"name":"Tribunal judiciaire de Clermont-Ferrand, le 20 juin 2024, n\u00b025\/00621"}]},{"@type":"WebSite","@id":"https:\/\/kohenavocats.com\/ru\/#website","url":"https:\/\/kohenavocats.com\/ru\/","name":"Kohen Avocats","description":"Ma\u00eetre Hassan Kohen, avocat p\u00e9naliste \u00e0 Paris, intervient exclusivement en droit p\u00e9nal pour la d\u00e9fense des particuliers, notamment en mati\u00e8re d\u2019accusations de viol. Il assure un accompagnement rigoureux d\u00e8s la garde \u00e0 vue jusqu\u2019\u00e0 la Cour d\u2019assises, veillant au strict respect des garanties proc\u00e9durales.","publisher":{"@id":"https:\/\/kohenavocats.com\/ru\/#organization"},"potentialAction":[{"@type":"SearchAction","target":{"@type":"EntryPoint","urlTemplate":"https:\/\/kohenavocats.com\/ru\/?s={search_term_string}"},"query-input":{"@type":"PropertyValueSpecification","valueRequired":true,"valueName":"search_term_string"}}],"inLanguage":"ru-RU"},{"@type":"Organization","@id":"https:\/\/kohenavocats.com\/ru\/#organization","name":"Kohen Avocats","url":"https:\/\/kohenavocats.com\/ru\/","logo":{"@type":"ImageObject","inLanguage":"ru-RU","@id":"https:\/\/kohenavocats.com\/ru\/#\/schema\/logo\/image\/","url":"https:\/\/kohenavocats.com\/wp-content\/uploads\/2026\/01\/Logo-2-1.webp","contentUrl":"https:\/\/kohenavocats.com\/wp-content\/uploads\/2026\/01\/Logo-2-1.webp","width":2114,"height":1253,"caption":"Kohen Avocats"},"image":{"@id":"https:\/\/kohenavocats.com\/ru\/#\/schema\/logo\/image\/"}},{"@type":"Person","@id":"https:\/\/kohenavocats.com\/ru\/#\/schema\/person\/761c9ba54fa1ca84d405cef0831ff751","name":"Kohen","image":{"@type":"ImageObject","inLanguage":"ru-RU","@id":"https:\/\/secure.gravatar.com\/avatar\/1c5e76ef76bbbfdd2b4da984e2bf2fa4056fd51a27d25ce2c332047f1dfd6e00?s=96&d=identicon&r=g","url":"https:\/\/secure.gravatar.com\/avatar\/1c5e76ef76bbbfdd2b4da984e2bf2fa4056fd51a27d25ce2c332047f1dfd6e00?s=96&d=identicon&r=g","contentUrl":"https:\/\/secure.gravatar.com\/avatar\/1c5e76ef76bbbfdd2b4da984e2bf2fa4056fd51a27d25ce2c332047f1dfd6e00?s=96&d=identicon&r=g","caption":"Kohen"},"sameAs":["https:\/\/www.linkedin.com\/in\/hassan-kohen-448548192\/","https:\/\/www.youtube.com\/@Kohen-Avocats"],"url":"https:\/\/kohenavocats.com\/ru\/author\/kohenmlk\/"}]}},"jetpack_featured_media_url":"https:\/\/kohenavocats.com\/wp-content\/uploads\/2024\/08\/peter-bucks-cDueGDswXy8-unsplash.webp","jetpack_likes_enabled":false,"jetpack_shortlink":"https:\/\/wp.me\/peCrII-2NnV","jetpack-related-posts":[{"id":682530,"url":"https:\/\/kohenavocats.com\/ru\/cour-dappel-de-limoges-le-16-juin-2025-n25-00191\/","url_meta":{"origin":666495,"position":0},"title":"Cour d&#8217;appel de Limoges, le 16 juin 2025, n\u00b025\/00191","author":"Kohen","date":"25.04.2026","format":false,"excerpt":"La cour d'appel de Limoges, statuant le 16 juin 2025, se prononce sur un appel form\u00e9 contre une ordonnance de r\u00e9f\u00e9r\u00e9. Cette derni\u00e8re avait accueilli une exce...","rel":"","context":"\u0412 &quot;Jurisprudence&quot;","block_context":{"text":"Jurisprudence","link":"https:\/\/kohenavocats.com\/category\/jurisprudence\/"},"img":{"alt_text":"","src":"https:\/\/i0.wp.com\/kohenavocats.com\/wp-content\/uploads\/2024\/07\/andreas-MKGu9ihH46k-unsplash-1.webp?resize=350%2C200&ssl=1","width":350,"height":200,"srcset":"https:\/\/i0.wp.com\/kohenavocats.com\/wp-content\/uploads\/2024\/07\/andreas-MKGu9ihH46k-unsplash-1.webp?resize=350%2C200&ssl=1 1x, https:\/\/i0.wp.com\/kohenavocats.com\/wp-content\/uploads\/2024\/07\/andreas-MKGu9ihH46k-unsplash-1.webp?resize=525%2C300&ssl=1 1.5x, https:\/\/i0.wp.com\/kohenavocats.com\/wp-content\/uploads\/2024\/07\/andreas-MKGu9ihH46k-unsplash-1.webp?resize=700%2C400&ssl=1 2x, https:\/\/i0.wp.com\/kohenavocats.com\/wp-content\/uploads\/2024\/07\/andreas-MKGu9ihH46k-unsplash-1.webp?resize=1050%2C600&ssl=1 3x, https:\/\/i0.wp.com\/kohenavocats.com\/wp-content\/uploads\/2024\/07\/andreas-MKGu9ihH46k-unsplash-1.webp?resize=1400%2C800&ssl=1 4x"},"classes":[]},{"id":606031,"url":"https:\/\/kohenavocats.com\/ru\/tribunal-judiciaire-de-mans-le-14-fevrier-2024-n25-00233\/","url_meta":{"origin":666495,"position":1},"title":"Tribunal judiciaire de Mans, le 14 f\u00e9vrier 2024, n\u00b025\/00233","author":"Kohen","date":"19.04.2026","format":false,"excerpt":"Le juge des r\u00e9f\u00e9r\u00e9s du tribunal judiciaire du Mans, par ordonnance du 14 f\u00e9vrier 2024, se d\u00e9clare incomp\u00e9tent. Des locataires saisissaient ce juge en r\u00e9f\u00e9r\u00e9 ...","rel":"","context":"\u0412 &quot;Jurisprudence&quot;","block_context":{"text":"Jurisprudence","link":"https:\/\/kohenavocats.com\/category\/jurisprudence\/"},"img":{"alt_text":"","src":"https:\/\/i0.wp.com\/kohenavocats.com\/wp-content\/uploads\/2024\/11\/etienne-girardet-ALIEN0anXKg-unsplash.webp?resize=350%2C200&ssl=1","width":350,"height":200,"srcset":"https:\/\/i0.wp.com\/kohenavocats.com\/wp-content\/uploads\/2024\/11\/etienne-girardet-ALIEN0anXKg-unsplash.webp?resize=350%2C200&ssl=1 1x, https:\/\/i0.wp.com\/kohenavocats.com\/wp-content\/uploads\/2024\/11\/etienne-girardet-ALIEN0anXKg-unsplash.webp?resize=525%2C300&ssl=1 1.5x, https:\/\/i0.wp.com\/kohenavocats.com\/wp-content\/uploads\/2024\/11\/etienne-girardet-ALIEN0anXKg-unsplash.webp?resize=700%2C400&ssl=1 2x, https:\/\/i0.wp.com\/kohenavocats.com\/wp-content\/uploads\/2024\/11\/etienne-girardet-ALIEN0anXKg-unsplash.webp?resize=1050%2C600&ssl=1 3x, https:\/\/i0.wp.com\/kohenavocats.com\/wp-content\/uploads\/2024\/11\/etienne-girardet-ALIEN0anXKg-unsplash.webp?resize=1400%2C800&ssl=1 4x"},"classes":[]},{"id":639656,"url":"https:\/\/kohenavocats.com\/ru\/tribunal-judiciaire-de-ales-le-10-avril-2025-n25-00277\/","url_meta":{"origin":666495,"position":2},"title":"Tribunal judiciaire de Al\u00e8s, le 10 avril 2025, n\u00b025\/00277","author":"Kohen","date":"21.04.2026","format":false,"excerpt":"Le tribunal judiciaire, statuant en r\u00e9f\u00e9r\u00e9, a rendu une ordonnance le 10 avril 2025. Des locataires sollicitaient une expertise judiciaire concernant d'impor...","rel":"","context":"\u0412 &quot;Jurisprudence&quot;","block_context":{"text":"Jurisprudence","link":"https:\/\/kohenavocats.com\/category\/jurisprudence\/"},"img":{"alt_text":"","src":"https:\/\/i0.wp.com\/kohenavocats.com\/wp-content\/uploads\/2024\/08\/vlad-kutepov-utAMCFc1-SY-unsplash.webp?resize=350%2C200&ssl=1","width":350,"height":200,"srcset":"https:\/\/i0.wp.com\/kohenavocats.com\/wp-content\/uploads\/2024\/08\/vlad-kutepov-utAMCFc1-SY-unsplash.webp?resize=350%2C200&ssl=1 1x, https:\/\/i0.wp.com\/kohenavocats.com\/wp-content\/uploads\/2024\/08\/vlad-kutepov-utAMCFc1-SY-unsplash.webp?resize=525%2C300&ssl=1 1.5x, https:\/\/i0.wp.com\/kohenavocats.com\/wp-content\/uploads\/2024\/08\/vlad-kutepov-utAMCFc1-SY-unsplash.webp?resize=700%2C400&ssl=1 2x, https:\/\/i0.wp.com\/kohenavocats.com\/wp-content\/uploads\/2024\/08\/vlad-kutepov-utAMCFc1-SY-unsplash.webp?resize=1050%2C600&ssl=1 3x, https:\/\/i0.wp.com\/kohenavocats.com\/wp-content\/uploads\/2024\/08\/vlad-kutepov-utAMCFc1-SY-unsplash.webp?resize=1400%2C800&ssl=1 4x"},"classes":[]},{"id":469686,"url":"https:\/\/kohenavocats.com\/ru\/tribunal-judiciaire-de-draguignan-le-24-septembre-2024-n25-05502\/","url_meta":{"origin":666495,"position":3},"title":"Tribunal judiciaire de Draguignan, le 24 septembre 2024, n\u00b025\/05502","author":"Kohen","date":"07.04.2026","format":false,"excerpt":"Le tribunal judiciaire de Draguignan, statuant en r\u00e9f\u00e9r\u00e9, a rendu une ordonnance le 24 septembre 2024. Le litige oppose deux partenaires li\u00e9s par un PACS, no...","rel":"","context":"\u0412 &quot;Jurisprudence&quot;","block_context":{"text":"Jurisprudence","link":"https:\/\/kohenavocats.com\/category\/jurisprudence\/"},"img":{"alt_text":"","src":"https:\/\/i0.wp.com\/kohenavocats.com\/wp-content\/uploads\/2024\/07\/aleix-ventayol-yPoM-wmzKMM-unsplash-2.webp?resize=350%2C200&ssl=1","width":350,"height":200,"srcset":"https:\/\/i0.wp.com\/kohenavocats.com\/wp-content\/uploads\/2024\/07\/aleix-ventayol-yPoM-wmzKMM-unsplash-2.webp?resize=350%2C200&ssl=1 1x, https:\/\/i0.wp.com\/kohenavocats.com\/wp-content\/uploads\/2024\/07\/aleix-ventayol-yPoM-wmzKMM-unsplash-2.webp?resize=525%2C300&ssl=1 1.5x, https:\/\/i0.wp.com\/kohenavocats.com\/wp-content\/uploads\/2024\/07\/aleix-ventayol-yPoM-wmzKMM-unsplash-2.webp?resize=700%2C400&ssl=1 2x, https:\/\/i0.wp.com\/kohenavocats.com\/wp-content\/uploads\/2024\/07\/aleix-ventayol-yPoM-wmzKMM-unsplash-2.webp?resize=1050%2C600&ssl=1 3x, https:\/\/i0.wp.com\/kohenavocats.com\/wp-content\/uploads\/2024\/07\/aleix-ventayol-yPoM-wmzKMM-unsplash-2.webp?resize=1400%2C800&ssl=1 4x"},"classes":[]},{"id":262034,"url":"https:\/\/kohenavocats.com\/ru\/tribunal-judiciaire-de-creteil-le-24-juin-2025-n25-00224\/","url_meta":{"origin":666495,"position":4},"title":"Tribunal judiciaire de Creteil, le 24 juin 2025, n\u00b025\/00224","author":"Kohen","date":"09.01.2026","format":false,"excerpt":"Par une ordonnance de r\u00e9f\u00e9r\u00e9 rendue le 24 juin 2025 par le juge des r\u00e9f\u00e9r\u00e9s du tribunal judiciaire de Cr\u00e9teil, la juridiction a tranch\u00e9 une exception de comp\u00e9tence n\u00e9e d\u2019une demande d\u2019expertise. Le demandeur sollicitait une mesure d\u2019instruction apr\u00e8s des travaux de r\u00e9novation sur un immeuble situ\u00e9 \u00e0 Vitry\u2011sur\u2011Seine, tandis\u2026","rel":"","context":"\u0412 &quot;D\u00e9cisions juridiques&quot;","block_context":{"text":"D\u00e9cisions juridiques","link":"https:\/\/kohenavocats.com\/category\/decisions-juridiques\/"},"img":{"alt_text":"","src":"https:\/\/i0.wp.com\/kohenavocats.com\/wp-content\/uploads\/2024\/08\/kylie-paz-cbl1K6yJlDI-unsplash-1.webp?resize=350%2C200&ssl=1","width":350,"height":200,"srcset":"https:\/\/i0.wp.com\/kohenavocats.com\/wp-content\/uploads\/2024\/08\/kylie-paz-cbl1K6yJlDI-unsplash-1.webp?resize=350%2C200&ssl=1 1x, https:\/\/i0.wp.com\/kohenavocats.com\/wp-content\/uploads\/2024\/08\/kylie-paz-cbl1K6yJlDI-unsplash-1.webp?resize=525%2C300&ssl=1 1.5x, https:\/\/i0.wp.com\/kohenavocats.com\/wp-content\/uploads\/2024\/08\/kylie-paz-cbl1K6yJlDI-unsplash-1.webp?resize=700%2C400&ssl=1 2x, https:\/\/i0.wp.com\/kohenavocats.com\/wp-content\/uploads\/2024\/08\/kylie-paz-cbl1K6yJlDI-unsplash-1.webp?resize=1050%2C600&ssl=1 3x, https:\/\/i0.wp.com\/kohenavocats.com\/wp-content\/uploads\/2024\/08\/kylie-paz-cbl1K6yJlDI-unsplash-1.webp?resize=1400%2C800&ssl=1 4x"},"classes":[]},{"id":239210,"url":"https:\/\/kohenavocats.com\/ru\/tribunal-judiciaire-de-paris-le-18-juin-2025-n25-53274\/","url_meta":{"origin":666495,"position":5},"title":"Tribunal judiciaire de Paris, le 18 juin 2025, n\u00b025\/53274","author":"Kohen","date":"01.01.2026","format":false,"excerpt":"La r\u00e9partition des comp\u00e9tences juridictionnelles en mati\u00e8re de r\u00e9f\u00e9r\u00e9 lorsqu'une proc\u00e9dure au fond est pendante devant une autre formation du tribunal constitue une question proc\u00e9durale r\u00e9currente. Cette articulation a \u00e9t\u00e9 r\u00e9cemment illustr\u00e9e par une d\u00e9cision rendue le 18 juin 2025 par le tribunal judiciaire de Paris.En l'esp\u00e8ce, un syndicat des\u2026","rel":"","context":"\u0412 &quot;D\u00e9cisions juridiques&quot;","block_context":{"text":"D\u00e9cisions juridiques","link":"https:\/\/kohenavocats.com\/category\/decisions-juridiques\/"},"img":{"alt_text":"","src":"https:\/\/i0.wp.com\/kohenavocats.com\/wp-content\/uploads\/2024\/11\/anita-austvika-0SYgXsw1BV4-unsplash.webp?resize=350%2C200&ssl=1","width":350,"height":200,"srcset":"https:\/\/i0.wp.com\/kohenavocats.com\/wp-content\/uploads\/2024\/11\/anita-austvika-0SYgXsw1BV4-unsplash.webp?resize=350%2C200&ssl=1 1x, https:\/\/i0.wp.com\/kohenavocats.com\/wp-content\/uploads\/2024\/11\/anita-austvika-0SYgXsw1BV4-unsplash.webp?resize=525%2C300&ssl=1 1.5x, https:\/\/i0.wp.com\/kohenavocats.com\/wp-content\/uploads\/2024\/11\/anita-austvika-0SYgXsw1BV4-unsplash.webp?resize=700%2C400&ssl=1 2x, https:\/\/i0.wp.com\/kohenavocats.com\/wp-content\/uploads\/2024\/11\/anita-austvika-0SYgXsw1BV4-unsplash.webp?resize=1050%2C600&ssl=1 3x, https:\/\/i0.wp.com\/kohenavocats.com\/wp-content\/uploads\/2024\/11\/anita-austvika-0SYgXsw1BV4-unsplash.webp?resize=1400%2C800&ssl=1 4x"},"classes":[]}],"jetpack_sharing_enabled":true,"_links":{"self":[{"href":"https:\/\/kohenavocats.com\/ru\/wp-json\/wp\/v2\/posts\/666495","targetHints":{"allow":["GET"]}}],"collection":[{"href":"https:\/\/kohenavocats.com\/ru\/wp-json\/wp\/v2\/posts"}],"about":[{"href":"https:\/\/kohenavocats.com\/ru\/wp-json\/wp\/v2\/types\/post"}],"author":[{"embeddable":true,"href":"https:\/\/kohenavocats.com\/ru\/wp-json\/wp\/v2\/users\/232070755"}],"replies":[{"embeddable":true,"href":"https:\/\/kohenavocats.com\/ru\/wp-json\/wp\/v2\/comments?post=666495"}],"version-history":[{"count":0,"href":"https:\/\/kohenavocats.com\/ru\/wp-json\/wp\/v2\/posts\/666495\/revisions"}],"wp:featuredmedia":[{"embeddable":true,"href":"https:\/\/kohenavocats.com\/ru\/wp-json\/wp\/v2\/media\/4823"}],"wp:attachment":[{"href":"https:\/\/kohenavocats.com\/ru\/wp-json\/wp\/v2\/media?parent=666495"}],"wp:term":[{"taxonomy":"category","embeddable":true,"href":"https:\/\/kohenavocats.com\/ru\/wp-json\/wp\/v2\/categories?post=666495"},{"taxonomy":"post_tag","embeddable":true,"href":"https:\/\/kohenavocats.com\/ru\/wp-json\/wp\/v2\/tags?post=666495"}],"curies":[{"name":"wp","href":"https:\/\/api.w.org\/{rel}","templated":true}]}}