{"id":667366,"date":"2026-04-24T03:16:14","date_gmt":"2026-04-24T01:16:14","guid":{"rendered":"https:\/\/kohenavocats.com\/tribunal-judiciaire-de-lille-le-1-avril-2025-n24-00828\/"},"modified":"2026-04-26T20:20:55","modified_gmt":"2026-04-26T18:20:55","slug":"tribunal-judiciaire-de-lille-le-1-avril-2025-n24-00828","status":"publish","type":"post","link":"https:\/\/kohenavocats.com\/ru\/tribunal-judiciaire-de-lille-le-1-avril-2025-n24-00828\/","title":{"rendered":"Tribunal judiciaire de Lille, le 1 avril 2025, n\u00b024\/00828"},"content":{"rendered":"<div class=\"article-content\">\n<p>Le tribunal judiciaire de Lille, statuant en mati\u00e8re sociale, a rendu un jugement le 1er avril 2025. Une salari\u00e9e victime d&#8217;un <a href=\"https:\/\/kohenavocats.com\/avocats-droit-social-paris\/avocats-accident-travail-paris\/\" target=\"_blank\" title=\"accident du travail\">accident du travail<\/a> en 2014 contestait le refus de reconnaissance d&#8217;une rechute en 2021. La caisse opposait l&#8217;absence de preuve d&#8217;un lien causal direct et exclusif. Le tribunal, face \u00e0 un diff\u00e9rend m\u00e9dical, a ordonn\u00e9 une expertise avant de statuer sur le fond.<\/p>\n<p>La n\u00e9cessit\u00e9 d&#8217;une mesure d&#8217;instruction probatoire<\/p>\n<p>Le recours \u00e0 l&#8217;expertise pour trancher un litige m\u00e9dical. Le diff\u00e9rend entre les parties porte sur l&#8217;existence d&#8217;un lien de causalit\u00e9 entre l&#8217;accident ancien et les troubles nouveaux. La juridiction constate que la discussion &#171;rel\u00e8ve d&#8217;un diff\u00e9rend d&#8217;ordre m\u00e9dical&#187;. Elle use donc de son pouvoir d&#8217;instruction, pr\u00e9vu par l&#8217;article R 142-16 du code de la s\u00e9curit\u00e9 sociale, qui dispose que &#171;La juridiction peut ordonner toute mesure d&#8217;instruction&#187;. Cette disposition conf\u00e8re au juge une latitude pour \u00e9clairer sa conviction face \u00e0 des \u00e9l\u00e9ments techniques contradictoires.<\/p>\n<p>La mission confi\u00e9e \u00e0 l&#8217;expert pour \u00e9clairer le d\u00e9bat causal. Le tribunal d\u00e9finit une mission pr\u00e9cise centr\u00e9e sur la causalit\u00e9 et l&#8217;aggravation. L&#8217;expert doit notamment &#171;Dire s&#8217;il existe un lien de causalit\u00e9 direct entre l&#8217;accident du travail [&#8230;] et les l\u00e9sions et troubles invoqu\u00e9s&#187;. Il doit aussi v\u00e9rifier si les sympt\u00f4mes &#171;traduisant une aggravation de l&#8217;\u00e9tat&#187; justifiaient la rechute. Cette mission encadr\u00e9e guide l&#8217;expert vers les questions juridiques essentielles \u00e0 la r\u00e9solution du litige.<\/p>\n<p>La r\u00e9partition des frais de l&#8217;expertise judiciaire<\/p>\n<p>Le principe de la prise en charge par l&#8217;organisme de s\u00e9curit\u00e9 sociale. Le tribunal applique la r\u00e8gle de financement issue de l&#8217;article L 142-11 du code de la s\u00e9curit\u00e9 sociale. Il &#171;DIT que les frais d&#8217;expertise seront pris en charge par la [12]&#187;. Cette solution all\u00e8ge la charge financi\u00e8re de la salari\u00e9e et facilite l&#8217;acc\u00e8s \u00e0 la preuve. Elle s&#8217;inscrit dans l&#8217;\u00e9conomie d&#8217;un contentieux o\u00f9 la cr\u00e9ance est souvent modeste face \u00e0 des frais d&#8217;expertise \u00e9lev\u00e9s.<\/p>\n<p>La suspension de la proc\u00e9dure et la r\u00e9servation des demandes accessoires. En attendant le r\u00e9sultat de l&#8217;expertise, le tribunal &#171;SURSEOIT \u00e0 statuer sur les demandes&#187;. Il &#171;RESERVE les d\u00e9pens et la demande au titre de l&#8217;article 700 du code de proc\u00e9dure civile&#187;. Cette suspension est logique car la d\u00e9cision sur le fond d\u00e9pend enti\u00e8rement des conclusions m\u00e9dicales. Elle pr\u00e9serve les droits des parties sur les questions indemnitaires secondaires.<\/p>\n<p>Ce jugement illustre le r\u00f4le actif du juge dans l&#8217;administration de la preuve en mati\u00e8re de rechute. Il rappelle que face \u00e0 un conflit d&#8217;avis m\u00e9dicaux, l&#8217;expertise est l&#8217;outil privil\u00e9gi\u00e9 pour \u00e9tablir les faits. La solution adopt\u00e9e, en confiant la charge financi\u00e8re \u00e0 la caisse, assure un \u00e9quilibre proc\u00e9dural. Elle garantit un d\u00e9bat contradictoire \u00e9clair\u00e9 avant toute d\u00e9cision sur le bien-fond\u00e9 de la demande.<\/p>\n<\/div>\n","protected":false},"excerpt":{"rendered":"<p>Le tribunal judiciaire de Lille, statuant en mati\u00e8re sociale, a rendu un jugement le 1er avril 2025. Une salari\u00e9e victime d&#8217;un accident du travail en 2014 co&#8230;<\/p>\n","protected":false},"author":232070755,"featured_media":4766,"comment_status":"open","ping_status":"open","sticky":false,"template":"","format":"standard","meta":{"_crdt_document":"","_jetpack_newsletter_access":"","_jetpack_dont_email_post_to_subs":false,"_jetpack_newsletter_tier_id":0,"_jetpack_memberships_contains_paywalled_content":false,"_kj_source_type":"judilibre","_kj_official_id":"68e7a4d4033cf481c39a2739","_kj_official_url":"https:\/\/www.courdecassation.fr\/decision\/68e7a4d4033cf481c39a2739","_kj_judilibre_id":"68e7a4d4033cf481c39a2739","_kj_jur":"Tribunal judiciaire","_kj_lieu":"Tribunal judiciaire de Lille","_kj_chambre":"P\u00f4le social","_kj_rg":"24\/00828","_kj_date":"2025-09-23","_jetpack_memberships_contains_paid_content":false,"footnotes":"","jetpack_post_was_ever_published":false},"categories":[7123,6580,7597,6718,6992],"tags":[],"class_list":["post-667366","post","type-post","status-publish","format-standard","has-post-thumbnail","hentry","category-droit-du-travail","category-droit-social","category-jurisprudence","category-social","category-travail"],"yoast_head":"<!-- This site is optimized with the Yoast SEO Premium plugin v27.5 (Yoast SEO v27.5) - https:\/\/yoast.com\/product\/yoast-seo-premium-wordpress\/ -->\n<title>Tribunal judiciaire de Lille, le 1 avril 2025, n\u00b024\/00828 - Ma\u00eetre Hassan Kohen, avocat en droit p\u00e9nal \u00e0 Paris<\/title>\n<meta name=\"description\" content=\"Le tribunal judiciaire de Lille, statuant en mati\u00e8re sociale, a rendu un jugement le 1er avril 2025. Une salari\u00e9e victime d&#039;un accident du travail en 2014 co...\" \/>\n<meta name=\"robots\" content=\"index, follow, max-snippet:-1, max-image-preview:large, max-video-preview:-1\" \/>\n<link rel=\"canonical\" href=\"https:\/\/kohenavocats.com\/ru\/tribunal-judiciaire-de-lille-le-1-avril-2025-n24-00828\/\" \/>\n<meta property=\"og:locale\" content=\"ru_RU\" \/>\n<meta property=\"og:type\" content=\"article\" \/>\n<meta property=\"og:title\" content=\"Tribunal judiciaire de Lille, le 1 avril 2025, n\u00b024\/00828\" \/>\n<meta property=\"og:description\" content=\"Le tribunal judiciaire de Lille, statuant en mati\u00e8re sociale, a rendu un jugement le 1er avril 2025. Une salari\u00e9e victime d&#039;un accident du travail en 2014 co...\" \/>\n<meta property=\"og:url\" content=\"https:\/\/kohenavocats.com\/ru\/tribunal-judiciaire-de-lille-le-1-avril-2025-n24-00828\/\" \/>\n<meta property=\"og:site_name\" content=\"Ma\u00eetre Hassan Kohen, avocat en droit p\u00e9nal \u00e0 Paris\" \/>\n<meta property=\"article:published_time\" content=\"2026-04-24T01:16:14+00:00\" \/>\n<meta property=\"article:modified_time\" content=\"2026-04-26T18:20:55+00:00\" \/>\n<meta property=\"og:image\" content=\"https:\/\/kohenavocats.com\/wp-content\/uploads\/2024\/08\/pavan-trikutam-poNsj-vya34-unsplash.webp\" \/>\n\t<meta property=\"og:image:width\" content=\"4504\" \/>\n\t<meta property=\"og:image:height\" content=\"3003\" \/>\n\t<meta property=\"og:image:type\" content=\"image\/webp\" \/>\n<meta name=\"author\" content=\"Kohen\" \/>\n<meta name=\"twitter:card\" content=\"summary_large_image\" \/>\n<meta name=\"twitter:label1\" content=\"\u041d\u0430\u043f\u0438\u0441\u0430\u043d\u043e \u0430\u0432\u0442\u043e\u0440\u043e\u043c\" \/>\n\t<meta name=\"twitter:data1\" content=\"Kohen\" \/>\n\t<meta name=\"twitter:label2\" content=\"\u041f\u0440\u0438\u043c\u0435\u0440\u043d\u043e\u0435 \u0432\u0440\u0435\u043c\u044f \u0434\u043b\u044f \u0447\u0442\u0435\u043d\u0438\u044f\" \/>\n\t<meta name=\"twitter:data2\" content=\"2 \u043c\u0438\u043d\u0443\u0442\u044b\" \/>\n<script type=\"application\/ld+json\" class=\"yoast-schema-graph\">{\"@context\":\"https:\\\/\\\/schema.org\",\"@graph\":[{\"@type\":\"Article\",\"@id\":\"https:\\\/\\\/kohenavocats.com\\\/ru\\\/tribunal-judiciaire-de-lille-le-1-avril-2025-n24-00828\\\/#article\",\"isPartOf\":{\"@id\":\"https:\\\/\\\/kohenavocats.com\\\/ru\\\/tribunal-judiciaire-de-lille-le-1-avril-2025-n24-00828\\\/\"},\"author\":{\"name\":\"Kohen\",\"@id\":\"https:\\\/\\\/kohenavocats.com\\\/ru\\\/#\\\/schema\\\/person\\\/761c9ba54fa1ca84d405cef0831ff751\"},\"headline\":\"Tribunal judiciaire de Lille, le 1 avril 2025, n\u00b024\\\/00828\",\"datePublished\":\"2026-04-24T01:16:14+00:00\",\"dateModified\":\"2026-04-26T18:20:55+00:00\",\"mainEntityOfPage\":{\"@id\":\"https:\\\/\\\/kohenavocats.com\\\/ru\\\/tribunal-judiciaire-de-lille-le-1-avril-2025-n24-00828\\\/\"},\"wordCount\":525,\"commentCount\":0,\"publisher\":{\"@id\":\"https:\\\/\\\/kohenavocats.com\\\/ru\\\/#organization\"},\"image\":{\"@id\":\"https:\\\/\\\/kohenavocats.com\\\/ru\\\/tribunal-judiciaire-de-lille-le-1-avril-2025-n24-00828\\\/#primaryimage\"},\"thumbnailUrl\":\"https:\\\/\\\/kohenavocats.com\\\/wp-content\\\/uploads\\\/2024\\\/08\\\/pavan-trikutam-poNsj-vya34-unsplash.webp\",\"articleSection\":[\"Droit du travail\",\"Droit Social\",\"Jurisprudence\",\"Social\",\"Travail\"],\"inLanguage\":\"ru-RU\",\"potentialAction\":[{\"@type\":\"CommentAction\",\"name\":\"Comment\",\"target\":[\"https:\\\/\\\/kohenavocats.com\\\/ru\\\/tribunal-judiciaire-de-lille-le-1-avril-2025-n24-00828\\\/#respond\"]}],\"citation\":\"Tribunal judiciaire de Lille, le 1 avril 2025, n\u00b024\\\/00828\",\"about\":[{\"@type\":\"Thing\",\"name\":\"Droit du travail\"},{\"@type\":\"Thing\",\"name\":\"Droit Social\"},{\"@type\":\"Thing\",\"name\":\"Jurisprudence\"},{\"@type\":\"Thing\",\"name\":\"Social\"},{\"@type\":\"Thing\",\"name\":\"Travail\"}],\"speakable\":{\"@type\":\"SpeakableSpecification\",\"cssSelector\":[\".article-content > p:first-of-type\"]}},{\"@type\":\"WebPage\",\"@id\":\"https:\\\/\\\/kohenavocats.com\\\/ru\\\/tribunal-judiciaire-de-lille-le-1-avril-2025-n24-00828\\\/\",\"url\":\"https:\\\/\\\/kohenavocats.com\\\/ru\\\/tribunal-judiciaire-de-lille-le-1-avril-2025-n24-00828\\\/\",\"name\":\"Tribunal judiciaire de Lille, le 1 avril 2025, n\u00b024\\\/00828 - Ma\u00eetre Hassan Kohen, avocat en droit p\u00e9nal \u00e0 Paris\",\"isPartOf\":{\"@id\":\"https:\\\/\\\/kohenavocats.com\\\/ru\\\/#website\"},\"primaryImageOfPage\":{\"@id\":\"https:\\\/\\\/kohenavocats.com\\\/ru\\\/tribunal-judiciaire-de-lille-le-1-avril-2025-n24-00828\\\/#primaryimage\"},\"image\":{\"@id\":\"https:\\\/\\\/kohenavocats.com\\\/ru\\\/tribunal-judiciaire-de-lille-le-1-avril-2025-n24-00828\\\/#primaryimage\"},\"thumbnailUrl\":\"https:\\\/\\\/kohenavocats.com\\\/wp-content\\\/uploads\\\/2024\\\/08\\\/pavan-trikutam-poNsj-vya34-unsplash.webp\",\"datePublished\":\"2026-04-24T01:16:14+00:00\",\"dateModified\":\"2026-04-26T18:20:55+00:00\",\"description\":\"Le tribunal judiciaire de Lille, statuant en mati\u00e8re sociale, a rendu un jugement le 1er avril 2025. Une salari\u00e9e victime d'un accident du travail en 2014 co...\",\"breadcrumb\":{\"@id\":\"https:\\\/\\\/kohenavocats.com\\\/ru\\\/tribunal-judiciaire-de-lille-le-1-avril-2025-n24-00828\\\/#breadcrumb\"},\"inLanguage\":\"ru-RU\",\"potentialAction\":[{\"@type\":\"ReadAction\",\"target\":[\"https:\\\/\\\/kohenavocats.com\\\/ru\\\/tribunal-judiciaire-de-lille-le-1-avril-2025-n24-00828\\\/\"]}]},{\"@type\":\"ImageObject\",\"inLanguage\":\"ru-RU\",\"@id\":\"https:\\\/\\\/kohenavocats.com\\\/ru\\\/tribunal-judiciaire-de-lille-le-1-avril-2025-n24-00828\\\/#primaryimage\",\"url\":\"https:\\\/\\\/kohenavocats.com\\\/wp-content\\\/uploads\\\/2024\\\/08\\\/pavan-trikutam-poNsj-vya34-unsplash.webp\",\"contentUrl\":\"https:\\\/\\\/kohenavocats.com\\\/wp-content\\\/uploads\\\/2024\\\/08\\\/pavan-trikutam-poNsj-vya34-unsplash.webp\",\"width\":4504,\"height\":3003},{\"@type\":\"BreadcrumbList\",\"@id\":\"https:\\\/\\\/kohenavocats.com\\\/ru\\\/tribunal-judiciaire-de-lille-le-1-avril-2025-n24-00828\\\/#breadcrumb\",\"itemListElement\":[{\"@type\":\"ListItem\",\"position\":1,\"name\":\"Home\",\"item\":\"https:\\\/\\\/kohenavocats.com\\\/ru\\\/avocats-en-droit-penal-a-paris-conseil-et-defense-strategique\\\/\"},{\"@type\":\"ListItem\",\"position\":2,\"name\":\"Tribunal judiciaire de Lille, le 1 avril 2025, n\u00b024\\\/00828\"}]},{\"@type\":\"WebSite\",\"@id\":\"https:\\\/\\\/kohenavocats.com\\\/ru\\\/#website\",\"url\":\"https:\\\/\\\/kohenavocats.com\\\/ru\\\/\",\"name\":\"Kohen Avocats\",\"description\":\"Ma\u00eetre Hassan Kohen, avocat p\u00e9naliste \u00e0 Paris, intervient exclusivement en droit p\u00e9nal pour la d\u00e9fense des particuliers, notamment en mati\u00e8re d\u2019accusations de viol. Il assure un accompagnement rigoureux d\u00e8s la garde \u00e0 vue jusqu\u2019\u00e0 la Cour d\u2019assises, veillant au strict respect des garanties proc\u00e9durales.\",\"publisher\":{\"@id\":\"https:\\\/\\\/kohenavocats.com\\\/ru\\\/#organization\"},\"potentialAction\":[{\"@type\":\"SearchAction\",\"target\":{\"@type\":\"EntryPoint\",\"urlTemplate\":\"https:\\\/\\\/kohenavocats.com\\\/ru\\\/?s={search_term_string}\"},\"query-input\":{\"@type\":\"PropertyValueSpecification\",\"valueRequired\":true,\"valueName\":\"search_term_string\"}}],\"inLanguage\":\"ru-RU\"},{\"@type\":\"Organization\",\"@id\":\"https:\\\/\\\/kohenavocats.com\\\/ru\\\/#organization\",\"name\":\"Kohen Avocats\",\"url\":\"https:\\\/\\\/kohenavocats.com\\\/ru\\\/\",\"logo\":{\"@type\":\"ImageObject\",\"inLanguage\":\"ru-RU\",\"@id\":\"https:\\\/\\\/kohenavocats.com\\\/ru\\\/#\\\/schema\\\/logo\\\/image\\\/\",\"url\":\"https:\\\/\\\/kohenavocats.com\\\/wp-content\\\/uploads\\\/2026\\\/01\\\/Logo-2-1.webp\",\"contentUrl\":\"https:\\\/\\\/kohenavocats.com\\\/wp-content\\\/uploads\\\/2026\\\/01\\\/Logo-2-1.webp\",\"width\":2114,\"height\":1253,\"caption\":\"Kohen Avocats\"},\"image\":{\"@id\":\"https:\\\/\\\/kohenavocats.com\\\/ru\\\/#\\\/schema\\\/logo\\\/image\\\/\"}},{\"@type\":\"Person\",\"@id\":\"https:\\\/\\\/kohenavocats.com\\\/ru\\\/#\\\/schema\\\/person\\\/761c9ba54fa1ca84d405cef0831ff751\",\"name\":\"Kohen\",\"image\":{\"@type\":\"ImageObject\",\"inLanguage\":\"ru-RU\",\"@id\":\"https:\\\/\\\/secure.gravatar.com\\\/avatar\\\/1c5e76ef76bbbfdd2b4da984e2bf2fa4056fd51a27d25ce2c332047f1dfd6e00?s=96&d=identicon&r=g\",\"url\":\"https:\\\/\\\/secure.gravatar.com\\\/avatar\\\/1c5e76ef76bbbfdd2b4da984e2bf2fa4056fd51a27d25ce2c332047f1dfd6e00?s=96&d=identicon&r=g\",\"contentUrl\":\"https:\\\/\\\/secure.gravatar.com\\\/avatar\\\/1c5e76ef76bbbfdd2b4da984e2bf2fa4056fd51a27d25ce2c332047f1dfd6e00?s=96&d=identicon&r=g\",\"caption\":\"Kohen\"},\"sameAs\":[\"https:\\\/\\\/www.linkedin.com\\\/in\\\/hassan-kohen-448548192\\\/\",\"https:\\\/\\\/www.youtube.com\\\/@Kohen-Avocats\"],\"url\":\"https:\\\/\\\/kohenavocats.com\\\/ru\\\/author\\\/kohenmlk\\\/\"}]}<\/script>\n<!-- \/ Yoast SEO Premium plugin. -->","yoast_head_json":{"title":"Tribunal judiciaire de Lille, le 1 avril 2025, n\u00b024\/00828 - Ma\u00eetre Hassan Kohen, avocat en droit p\u00e9nal \u00e0 Paris","description":"Le tribunal judiciaire de Lille, statuant en mati\u00e8re sociale, a rendu un jugement le 1er avril 2025. Une salari\u00e9e victime d'un accident du travail en 2014 co...","robots":{"index":"index","follow":"follow","max-snippet":"max-snippet:-1","max-image-preview":"max-image-preview:large","max-video-preview":"max-video-preview:-1"},"canonical":"https:\/\/kohenavocats.com\/ru\/tribunal-judiciaire-de-lille-le-1-avril-2025-n24-00828\/","og_locale":"ru_RU","og_type":"article","og_title":"Tribunal judiciaire de Lille, le 1 avril 2025, n\u00b024\/00828","og_description":"Le tribunal judiciaire de Lille, statuant en mati\u00e8re sociale, a rendu un jugement le 1er avril 2025. Une salari\u00e9e victime d'un accident du travail en 2014 co...","og_url":"https:\/\/kohenavocats.com\/ru\/tribunal-judiciaire-de-lille-le-1-avril-2025-n24-00828\/","og_site_name":"Ma\u00eetre Hassan Kohen, avocat en droit p\u00e9nal \u00e0 Paris","article_published_time":"2026-04-24T01:16:14+00:00","article_modified_time":"2026-04-26T18:20:55+00:00","og_image":[{"width":4504,"height":3003,"url":"https:\/\/kohenavocats.com\/wp-content\/uploads\/2024\/08\/pavan-trikutam-poNsj-vya34-unsplash.webp","type":"image\/webp"}],"author":"Kohen","twitter_card":"summary_large_image","twitter_misc":{"\u041d\u0430\u043f\u0438\u0441\u0430\u043d\u043e \u0430\u0432\u0442\u043e\u0440\u043e\u043c":"Kohen","\u041f\u0440\u0438\u043c\u0435\u0440\u043d\u043e\u0435 \u0432\u0440\u0435\u043c\u044f \u0434\u043b\u044f \u0447\u0442\u0435\u043d\u0438\u044f":"2 \u043c\u0438\u043d\u0443\u0442\u044b"},"schema":{"@context":"https:\/\/schema.org","@graph":[{"@type":"Article","@id":"https:\/\/kohenavocats.com\/ru\/tribunal-judiciaire-de-lille-le-1-avril-2025-n24-00828\/#article","isPartOf":{"@id":"https:\/\/kohenavocats.com\/ru\/tribunal-judiciaire-de-lille-le-1-avril-2025-n24-00828\/"},"author":{"name":"Kohen","@id":"https:\/\/kohenavocats.com\/ru\/#\/schema\/person\/761c9ba54fa1ca84d405cef0831ff751"},"headline":"Tribunal judiciaire de Lille, le 1 avril 2025, n\u00b024\/00828","datePublished":"2026-04-24T01:16:14+00:00","dateModified":"2026-04-26T18:20:55+00:00","mainEntityOfPage":{"@id":"https:\/\/kohenavocats.com\/ru\/tribunal-judiciaire-de-lille-le-1-avril-2025-n24-00828\/"},"wordCount":525,"commentCount":0,"publisher":{"@id":"https:\/\/kohenavocats.com\/ru\/#organization"},"image":{"@id":"https:\/\/kohenavocats.com\/ru\/tribunal-judiciaire-de-lille-le-1-avril-2025-n24-00828\/#primaryimage"},"thumbnailUrl":"https:\/\/kohenavocats.com\/wp-content\/uploads\/2024\/08\/pavan-trikutam-poNsj-vya34-unsplash.webp","articleSection":["Droit du travail","Droit Social","Jurisprudence","Social","Travail"],"inLanguage":"ru-RU","potentialAction":[{"@type":"CommentAction","name":"Comment","target":["https:\/\/kohenavocats.com\/ru\/tribunal-judiciaire-de-lille-le-1-avril-2025-n24-00828\/#respond"]}],"citation":"Tribunal judiciaire de Lille, le 1 avril 2025, n\u00b024\/00828","about":[{"@type":"Thing","name":"Droit du travail"},{"@type":"Thing","name":"Droit Social"},{"@type":"Thing","name":"Jurisprudence"},{"@type":"Thing","name":"Social"},{"@type":"Thing","name":"Travail"}],"speakable":{"@type":"SpeakableSpecification","cssSelector":[".article-content > p:first-of-type"]}},{"@type":"WebPage","@id":"https:\/\/kohenavocats.com\/ru\/tribunal-judiciaire-de-lille-le-1-avril-2025-n24-00828\/","url":"https:\/\/kohenavocats.com\/ru\/tribunal-judiciaire-de-lille-le-1-avril-2025-n24-00828\/","name":"Tribunal judiciaire de Lille, le 1 avril 2025, n\u00b024\/00828 - Ma\u00eetre Hassan Kohen, avocat en droit p\u00e9nal \u00e0 Paris","isPartOf":{"@id":"https:\/\/kohenavocats.com\/ru\/#website"},"primaryImageOfPage":{"@id":"https:\/\/kohenavocats.com\/ru\/tribunal-judiciaire-de-lille-le-1-avril-2025-n24-00828\/#primaryimage"},"image":{"@id":"https:\/\/kohenavocats.com\/ru\/tribunal-judiciaire-de-lille-le-1-avril-2025-n24-00828\/#primaryimage"},"thumbnailUrl":"https:\/\/kohenavocats.com\/wp-content\/uploads\/2024\/08\/pavan-trikutam-poNsj-vya34-unsplash.webp","datePublished":"2026-04-24T01:16:14+00:00","dateModified":"2026-04-26T18:20:55+00:00","description":"Le tribunal judiciaire de Lille, statuant en mati\u00e8re sociale, a rendu un jugement le 1er avril 2025. Une salari\u00e9e victime d'un accident du travail en 2014 co...","breadcrumb":{"@id":"https:\/\/kohenavocats.com\/ru\/tribunal-judiciaire-de-lille-le-1-avril-2025-n24-00828\/#breadcrumb"},"inLanguage":"ru-RU","potentialAction":[{"@type":"ReadAction","target":["https:\/\/kohenavocats.com\/ru\/tribunal-judiciaire-de-lille-le-1-avril-2025-n24-00828\/"]}]},{"@type":"ImageObject","inLanguage":"ru-RU","@id":"https:\/\/kohenavocats.com\/ru\/tribunal-judiciaire-de-lille-le-1-avril-2025-n24-00828\/#primaryimage","url":"https:\/\/kohenavocats.com\/wp-content\/uploads\/2024\/08\/pavan-trikutam-poNsj-vya34-unsplash.webp","contentUrl":"https:\/\/kohenavocats.com\/wp-content\/uploads\/2024\/08\/pavan-trikutam-poNsj-vya34-unsplash.webp","width":4504,"height":3003},{"@type":"BreadcrumbList","@id":"https:\/\/kohenavocats.com\/ru\/tribunal-judiciaire-de-lille-le-1-avril-2025-n24-00828\/#breadcrumb","itemListElement":[{"@type":"ListItem","position":1,"name":"Home","item":"https:\/\/kohenavocats.com\/ru\/avocats-en-droit-penal-a-paris-conseil-et-defense-strategique\/"},{"@type":"ListItem","position":2,"name":"Tribunal judiciaire de Lille, le 1 avril 2025, n\u00b024\/00828"}]},{"@type":"WebSite","@id":"https:\/\/kohenavocats.com\/ru\/#website","url":"https:\/\/kohenavocats.com\/ru\/","name":"Kohen Avocats","description":"Ma\u00eetre Hassan Kohen, avocat p\u00e9naliste \u00e0 Paris, intervient exclusivement en droit p\u00e9nal pour la d\u00e9fense des particuliers, notamment en mati\u00e8re d\u2019accusations de viol. Il assure un accompagnement rigoureux d\u00e8s la garde \u00e0 vue jusqu\u2019\u00e0 la Cour d\u2019assises, veillant au strict respect des garanties proc\u00e9durales.","publisher":{"@id":"https:\/\/kohenavocats.com\/ru\/#organization"},"potentialAction":[{"@type":"SearchAction","target":{"@type":"EntryPoint","urlTemplate":"https:\/\/kohenavocats.com\/ru\/?s={search_term_string}"},"query-input":{"@type":"PropertyValueSpecification","valueRequired":true,"valueName":"search_term_string"}}],"inLanguage":"ru-RU"},{"@type":"Organization","@id":"https:\/\/kohenavocats.com\/ru\/#organization","name":"Kohen Avocats","url":"https:\/\/kohenavocats.com\/ru\/","logo":{"@type":"ImageObject","inLanguage":"ru-RU","@id":"https:\/\/kohenavocats.com\/ru\/#\/schema\/logo\/image\/","url":"https:\/\/kohenavocats.com\/wp-content\/uploads\/2026\/01\/Logo-2-1.webp","contentUrl":"https:\/\/kohenavocats.com\/wp-content\/uploads\/2026\/01\/Logo-2-1.webp","width":2114,"height":1253,"caption":"Kohen Avocats"},"image":{"@id":"https:\/\/kohenavocats.com\/ru\/#\/schema\/logo\/image\/"}},{"@type":"Person","@id":"https:\/\/kohenavocats.com\/ru\/#\/schema\/person\/761c9ba54fa1ca84d405cef0831ff751","name":"Kohen","image":{"@type":"ImageObject","inLanguage":"ru-RU","@id":"https:\/\/secure.gravatar.com\/avatar\/1c5e76ef76bbbfdd2b4da984e2bf2fa4056fd51a27d25ce2c332047f1dfd6e00?s=96&d=identicon&r=g","url":"https:\/\/secure.gravatar.com\/avatar\/1c5e76ef76bbbfdd2b4da984e2bf2fa4056fd51a27d25ce2c332047f1dfd6e00?s=96&d=identicon&r=g","contentUrl":"https:\/\/secure.gravatar.com\/avatar\/1c5e76ef76bbbfdd2b4da984e2bf2fa4056fd51a27d25ce2c332047f1dfd6e00?s=96&d=identicon&r=g","caption":"Kohen"},"sameAs":["https:\/\/www.linkedin.com\/in\/hassan-kohen-448548192\/","https:\/\/www.youtube.com\/@Kohen-Avocats"],"url":"https:\/\/kohenavocats.com\/ru\/author\/kohenmlk\/"}]}},"jetpack_featured_media_url":"https:\/\/kohenavocats.com\/wp-content\/uploads\/2024\/08\/pavan-trikutam-poNsj-vya34-unsplash.webp","jetpack_likes_enabled":false,"jetpack_shortlink":"https:\/\/wp.me\/peCrII-2NBY","jetpack-related-posts":[{"id":480180,"url":"https:\/\/kohenavocats.com\/ru\/tribunal-judiciaire-de-lille-le-7-mai-2026-n24-01645\/","url_meta":{"origin":667366,"position":0},"title":"Tribunal judiciaire de Lille, le 7 mai 2026, n\u00b024\/01645","author":"Kohen","date":"07.04.2026","format":false,"excerpt":"Le tribunal judiciaire de Lille, statuant en mati\u00e8re sociale, a rendu une ordonnance avant dire droit le 7 mai 2026. Un diff\u00e9rend opposait un organisme de s\u00e9...","rel":"","context":"\u0412 &quot;Jurisprudence&quot;","block_context":{"text":"Jurisprudence","link":"https:\/\/kohenavocats.com\/category\/jurisprudence\/"},"img":{"alt_text":"","src":"https:\/\/i0.wp.com\/kohenavocats.com\/wp-content\/uploads\/2024\/11\/getty-images-IfcBri1Vu6s-unsplash.webp?resize=350%2C200&ssl=1","width":350,"height":200,"srcset":"https:\/\/i0.wp.com\/kohenavocats.com\/wp-content\/uploads\/2024\/11\/getty-images-IfcBri1Vu6s-unsplash.webp?resize=350%2C200&ssl=1 1x, https:\/\/i0.wp.com\/kohenavocats.com\/wp-content\/uploads\/2024\/11\/getty-images-IfcBri1Vu6s-unsplash.webp?resize=525%2C300&ssl=1 1.5x, https:\/\/i0.wp.com\/kohenavocats.com\/wp-content\/uploads\/2024\/11\/getty-images-IfcBri1Vu6s-unsplash.webp?resize=700%2C400&ssl=1 2x, https:\/\/i0.wp.com\/kohenavocats.com\/wp-content\/uploads\/2024\/11\/getty-images-IfcBri1Vu6s-unsplash.webp?resize=1050%2C600&ssl=1 3x, https:\/\/i0.wp.com\/kohenavocats.com\/wp-content\/uploads\/2024\/11\/getty-images-IfcBri1Vu6s-unsplash.webp?resize=1400%2C800&ssl=1 4x"},"classes":[]},{"id":249499,"url":"https:\/\/kohenavocats.com\/ru\/tribunal-judiciaire-de-lille-le-1-juillet-2025-n25-00852\/","url_meta":{"origin":667366,"position":1},"title":"Tribunal judiciaire de Lille, le 1 juillet 2025, n\u00b025\/00852","author":"Kohen","date":"08.01.2026","format":false,"excerpt":"Le Tribunal judiciaire de Lille, 1er juillet 2025, statue en mati\u00e8re d\u2019accidents du travail sur deux points distincts. La d\u00e9cision tranche d\u2019abord la recevabilit\u00e9 de la contestation d\u2019une date de consolidation, puis organise l\u2019instruction du diff\u00e9rend m\u00e9dical relatif au taux d\u2019incapacit\u00e9 permanente partielle. La juridiction d\u00e9clare irrecevable la contestation tardive\u2026","rel":"","context":"\u0412 &quot;D\u00e9cisions juridiques&quot;","block_context":{"text":"D\u00e9cisions juridiques","link":"https:\/\/kohenavocats.com\/category\/decisions-juridiques\/"},"img":{"alt_text":"","src":"https:\/\/i0.wp.com\/kohenavocats.com\/wp-content\/uploads\/2024\/08\/jonathan-velasquez-eUSpDPSFdKU-unsplash.webp?resize=350%2C200&ssl=1","width":350,"height":200,"srcset":"https:\/\/i0.wp.com\/kohenavocats.com\/wp-content\/uploads\/2024\/08\/jonathan-velasquez-eUSpDPSFdKU-unsplash.webp?resize=350%2C200&ssl=1 1x, https:\/\/i0.wp.com\/kohenavocats.com\/wp-content\/uploads\/2024\/08\/jonathan-velasquez-eUSpDPSFdKU-unsplash.webp?resize=525%2C300&ssl=1 1.5x, https:\/\/i0.wp.com\/kohenavocats.com\/wp-content\/uploads\/2024\/08\/jonathan-velasquez-eUSpDPSFdKU-unsplash.webp?resize=700%2C400&ssl=1 2x, https:\/\/i0.wp.com\/kohenavocats.com\/wp-content\/uploads\/2024\/08\/jonathan-velasquez-eUSpDPSFdKU-unsplash.webp?resize=1050%2C600&ssl=1 3x, https:\/\/i0.wp.com\/kohenavocats.com\/wp-content\/uploads\/2024\/08\/jonathan-velasquez-eUSpDPSFdKU-unsplash.webp?resize=1400%2C800&ssl=1 4x"},"classes":[]},{"id":52756,"url":"https:\/\/kohenavocats.com\/ru\/tribunal-judiciaire-de-lille-le-17-juin-2025-n24-00955\/","url_meta":{"origin":667366,"position":2},"title":"Tribunal judiciaire de Lille, le 17 juin 2025, n\u00b024\/00955","author":"Kohen","date":"08.11.2025","format":false,"excerpt":"Le Tribunal judiciaire de Lille, 17 juin 2025, statue sur l\u2019imputabilit\u00e9 d\u2019arr\u00eats et soins cons\u00e9cutifs \u00e0 un accident du travail. Saisi par l\u2019employeur, il ordonne une consultation m\u00e9dicale sur pi\u00e8ces et sursoit \u00e0 statuer dans l\u2019attente du rapport. La d\u00e9cision rappelle l\u2019ind\u00e9pendance des rapports avec l\u2019assur\u00e9 et pr\u00e9cise la port\u00e9e\u2026","rel":"","context":"\u0412 &quot;D\u00e9cisions juridiques&quot;","block_context":{"text":"D\u00e9cisions juridiques","link":"https:\/\/kohenavocats.com\/category\/decisions-juridiques\/"},"img":{"alt_text":"","src":"https:\/\/i0.wp.com\/kohenavocats.com\/wp-content\/uploads\/2024\/11\/lala-azizli-oAaj82io-2k-unsplash-1.webp?resize=350%2C200&ssl=1","width":350,"height":200,"srcset":"https:\/\/i0.wp.com\/kohenavocats.com\/wp-content\/uploads\/2024\/11\/lala-azizli-oAaj82io-2k-unsplash-1.webp?resize=350%2C200&ssl=1 1x, https:\/\/i0.wp.com\/kohenavocats.com\/wp-content\/uploads\/2024\/11\/lala-azizli-oAaj82io-2k-unsplash-1.webp?resize=525%2C300&ssl=1 1.5x, https:\/\/i0.wp.com\/kohenavocats.com\/wp-content\/uploads\/2024\/11\/lala-azizli-oAaj82io-2k-unsplash-1.webp?resize=700%2C400&ssl=1 2x, https:\/\/i0.wp.com\/kohenavocats.com\/wp-content\/uploads\/2024\/11\/lala-azizli-oAaj82io-2k-unsplash-1.webp?resize=1050%2C600&ssl=1 3x, https:\/\/i0.wp.com\/kohenavocats.com\/wp-content\/uploads\/2024\/11\/lala-azizli-oAaj82io-2k-unsplash-1.webp?resize=1400%2C800&ssl=1 4x"},"classes":[]},{"id":666808,"url":"https:\/\/kohenavocats.com\/ru\/tribunal-judiciaire-de-lille-le-26-mai-2026-n25-01197\/","url_meta":{"origin":667366,"position":3},"title":"Tribunal judiciaire de Lille, le 26 mai 2026, n\u00b025\/01197","author":"Kohen","date":"24.04.2026","format":false,"excerpt":"Le tribunal judiciaire de Lille, statuant en mati\u00e8re sociale, a rendu un jugement le 26 mai 2026. Une assur\u00e9e contestait la d\u00e9cision de sa caisse d\u2019assurance...","rel":"","context":"\u0412 &quot;Jurisprudence&quot;","block_context":{"text":"Jurisprudence","link":"https:\/\/kohenavocats.com\/category\/jurisprudence\/"},"img":{"alt_text":"","src":"https:\/\/i0.wp.com\/kohenavocats.com\/wp-content\/uploads\/2024\/08\/jan-zinnbauer-NeLDhX6pbxE-unsplash.webp?resize=350%2C200&ssl=1","width":350,"height":200,"srcset":"https:\/\/i0.wp.com\/kohenavocats.com\/wp-content\/uploads\/2024\/08\/jan-zinnbauer-NeLDhX6pbxE-unsplash.webp?resize=350%2C200&ssl=1 1x, https:\/\/i0.wp.com\/kohenavocats.com\/wp-content\/uploads\/2024\/08\/jan-zinnbauer-NeLDhX6pbxE-unsplash.webp?resize=525%2C300&ssl=1 1.5x, https:\/\/i0.wp.com\/kohenavocats.com\/wp-content\/uploads\/2024\/08\/jan-zinnbauer-NeLDhX6pbxE-unsplash.webp?resize=700%2C400&ssl=1 2x, https:\/\/i0.wp.com\/kohenavocats.com\/wp-content\/uploads\/2024\/08\/jan-zinnbauer-NeLDhX6pbxE-unsplash.webp?resize=1050%2C600&ssl=1 3x, https:\/\/i0.wp.com\/kohenavocats.com\/wp-content\/uploads\/2024\/08\/jan-zinnbauer-NeLDhX6pbxE-unsplash.webp?resize=1400%2C800&ssl=1 4x"},"classes":[]},{"id":498429,"url":"https:\/\/kohenavocats.com\/ru\/tribunal-judiciaire-de-lille-le-12-fevrier-2025-n24-00502\/","url_meta":{"origin":667366,"position":4},"title":"Tribunal judiciaire de Lille, le 12 f\u00e9vrier 2025, n\u00b024\/00502","author":"Kohen","date":"08.04.2026","format":false,"excerpt":"Le tribunal judiciaire de Lille, le 12 f\u00e9vrier 2025, statue sur une demande de reconnaissance de maladie professionnelle. Un enseignant, atteint d'un m\u00e9soth\u00e9...","rel":"","context":"\u0412 &quot;Jurisprudence&quot;","block_context":{"text":"Jurisprudence","link":"https:\/\/kohenavocats.com\/category\/jurisprudence\/"},"img":{"alt_text":"","src":"https:\/\/i0.wp.com\/kohenavocats.com\/wp-content\/uploads\/2024\/11\/zyanya-citlalli-UacA8X7HWwg-unsplash-1.webp?resize=350%2C200&ssl=1","width":350,"height":200,"srcset":"https:\/\/i0.wp.com\/kohenavocats.com\/wp-content\/uploads\/2024\/11\/zyanya-citlalli-UacA8X7HWwg-unsplash-1.webp?resize=350%2C200&ssl=1 1x, https:\/\/i0.wp.com\/kohenavocats.com\/wp-content\/uploads\/2024\/11\/zyanya-citlalli-UacA8X7HWwg-unsplash-1.webp?resize=525%2C300&ssl=1 1.5x, https:\/\/i0.wp.com\/kohenavocats.com\/wp-content\/uploads\/2024\/11\/zyanya-citlalli-UacA8X7HWwg-unsplash-1.webp?resize=700%2C400&ssl=1 2x, https:\/\/i0.wp.com\/kohenavocats.com\/wp-content\/uploads\/2024\/11\/zyanya-citlalli-UacA8X7HWwg-unsplash-1.webp?resize=1050%2C600&ssl=1 3x, https:\/\/i0.wp.com\/kohenavocats.com\/wp-content\/uploads\/2024\/11\/zyanya-citlalli-UacA8X7HWwg-unsplash-1.webp?resize=1400%2C800&ssl=1 4x"},"classes":[]},{"id":618862,"url":"https:\/\/kohenavocats.com\/ru\/tribunal-judiciaire-de-lille-le-19-mai-2026-n25-00677\/","url_meta":{"origin":667366,"position":5},"title":"Tribunal judiciaire de Lille, le 19 mai 2026, n\u00b025\/00677","author":"Kohen","date":"20.04.2026","format":false,"excerpt":"Le tribunal judiciaire de Lille, statuant en mati\u00e8re sociale, a rendu un jugement le 19 mai 2026. L\u2019affaire concernait une assur\u00e9e contestant l\u2019arr\u00eat du vers...","rel":"","context":"\u0412 &quot;Jurisprudence&quot;","block_context":{"text":"Jurisprudence","link":"https:\/\/kohenavocats.com\/category\/jurisprudence\/"},"img":{"alt_text":"","src":"https:\/\/i0.wp.com\/kohenavocats.com\/wp-content\/uploads\/2024\/11\/alex-shuper-sApmGHWDAWM-unsplash.webp?resize=350%2C200&ssl=1","width":350,"height":200,"srcset":"https:\/\/i0.wp.com\/kohenavocats.com\/wp-content\/uploads\/2024\/11\/alex-shuper-sApmGHWDAWM-unsplash.webp?resize=350%2C200&ssl=1 1x, https:\/\/i0.wp.com\/kohenavocats.com\/wp-content\/uploads\/2024\/11\/alex-shuper-sApmGHWDAWM-unsplash.webp?resize=525%2C300&ssl=1 1.5x, https:\/\/i0.wp.com\/kohenavocats.com\/wp-content\/uploads\/2024\/11\/alex-shuper-sApmGHWDAWM-unsplash.webp?resize=700%2C400&ssl=1 2x, https:\/\/i0.wp.com\/kohenavocats.com\/wp-content\/uploads\/2024\/11\/alex-shuper-sApmGHWDAWM-unsplash.webp?resize=1050%2C600&ssl=1 3x, https:\/\/i0.wp.com\/kohenavocats.com\/wp-content\/uploads\/2024\/11\/alex-shuper-sApmGHWDAWM-unsplash.webp?resize=1400%2C800&ssl=1 4x"},"classes":[]}],"jetpack_sharing_enabled":true,"_links":{"self":[{"href":"https:\/\/kohenavocats.com\/ru\/wp-json\/wp\/v2\/posts\/667366","targetHints":{"allow":["GET"]}}],"collection":[{"href":"https:\/\/kohenavocats.com\/ru\/wp-json\/wp\/v2\/posts"}],"about":[{"href":"https:\/\/kohenavocats.com\/ru\/wp-json\/wp\/v2\/types\/post"}],"author":[{"embeddable":true,"href":"https:\/\/kohenavocats.com\/ru\/wp-json\/wp\/v2\/users\/232070755"}],"replies":[{"embeddable":true,"href":"https:\/\/kohenavocats.com\/ru\/wp-json\/wp\/v2\/comments?post=667366"}],"version-history":[{"count":1,"href":"https:\/\/kohenavocats.com\/ru\/wp-json\/wp\/v2\/posts\/667366\/revisions"}],"predecessor-version":[{"id":697044,"href":"https:\/\/kohenavocats.com\/ru\/wp-json\/wp\/v2\/posts\/667366\/revisions\/697044"}],"wp:featuredmedia":[{"embeddable":true,"href":"https:\/\/kohenavocats.com\/ru\/wp-json\/wp\/v2\/media\/4766"}],"wp:attachment":[{"href":"https:\/\/kohenavocats.com\/ru\/wp-json\/wp\/v2\/media?parent=667366"}],"wp:term":[{"taxonomy":"category","embeddable":true,"href":"https:\/\/kohenavocats.com\/ru\/wp-json\/wp\/v2\/categories?post=667366"},{"taxonomy":"post_tag","embeddable":true,"href":"https:\/\/kohenavocats.com\/ru\/wp-json\/wp\/v2\/tags?post=667366"}],"curies":[{"name":"wp","href":"https:\/\/api.w.org\/{rel}","templated":true}]}}