{"id":667831,"date":"2026-04-24T03:53:11","date_gmt":"2026-04-24T01:53:11","guid":{"rendered":"https:\/\/kohenavocats.com\/cour-dappel-de-amiens-le-23-septembre-2025-n24-04089\/"},"modified":"2026-04-26T18:52:43","modified_gmt":"2026-04-26T16:52:43","slug":"cour-dappel-de-amiens-le-23-septembre-2025-n24-04089","status":"publish","type":"post","link":"https:\/\/kohenavocats.com\/ru\/cour-dappel-de-amiens-le-23-septembre-2025-n24-04089\/","title":{"rendered":"Cour d&#8217;appel de Amiens, le 23 septembre 2025, n\u00b024\/04089"},"content":{"rendered":"<div class=\"article-content\">\n<p>La cour d&#8217;appel d&#8217;Amiens, le vingt-trois septembre deux mille vingt-cinq, statue sur un pourvoi form\u00e9 contre un jugement du juge de l&#8217;ex\u00e9cution. L&#8217;occupant, plac\u00e9 sous tutelle apr\u00e8s l&#8217;assignation en r\u00e9solution du bail, sollicitait un d\u00e9lai pour quitter les lieux. La juridiction inf\u00e9rieure avait rejet\u00e9 sa demande. La cour d&#8217;appel, saisie de l&#8217;appel de l&#8217;organisme tut\u00e9laire, doit d\u00e9terminer si les conditions l\u00e9gales pour l&#8217;octroi d&#8217;un d\u00e9lai sont r\u00e9unies. Elle infirme la d\u00e9cision premi\u00e8re et accorde un d\u00e9lai de douze mois.<\/p>\n<p>La vuln\u00e9rabilit\u00e9 de l&#8217;occupant justifie l&#8217;octroi d&#8217;un d\u00e9lai.<\/p>\n<p>La situation personnelle constitue un \u00e9l\u00e9ment d&#8217;appr\u00e9ciation d\u00e9terminant. Le locataire est une personne \u00e2g\u00e9e dont l&#8217;\u00e9tat de sant\u00e9 est particuli\u00e8rement fragile. Son placement sous tutelle d\u00e9montre une incapacit\u00e9 \u00e0 pourvoir seul \u00e0 ses int\u00e9r\u00eats. La cour rel\u00e8ve que ses charges mensuelles exc\u00e8dent sensiblement ses ressources disponibles. Ces \u00e9l\u00e9ments d\u00e9montrent que le relogement de l&#8217;int\u00e9ress\u00e9 ne peut avoir lieu dans des conditions normales. La situation financi\u00e8re pr\u00e9caire et la protection juridique renforcent sa vuln\u00e9rabilit\u00e9.<\/p>\n<p>La bonne foi de l&#8217;occupant est \u00e9tablie par ses diligences ult\u00e9rieures. L&#8217;organisme tut\u00e9laire justifie de la reprise du paiement des loyers courants apr\u00e8s la mise sous protection. La dette locative ancienne a \u00e9t\u00e9 effac\u00e9e par une d\u00e9cision de la commission de surendettement. La cour constate \u00e9galement qu&#8217;une demande de logement social a \u00e9t\u00e9 pr\u00e9sent\u00e9e en septembre deux mille vingt-trois. Ces d\u00e9marches actives d\u00e9montrent une volont\u00e9 de r\u00e9gularisation et de recherche de solution. L&#8217;absence de repr\u00e9sentation \u00e0 l&#8217;audience initiale s&#8217;explique par la p\u00e9riode de transition vers la tutelle.<\/p>\n<p>La pond\u00e9ration des int\u00e9r\u00eats en pr\u00e9sence conduit \u00e0 un \u00e9quilibre.<\/p>\n<p>Le propri\u00e9taire ne d\u00e9montre pas de besoin particulier justifiant un refus. La soci\u00e9t\u00e9 cr\u00e9anci\u00e8re est un organisme professionnel de cautionnement. Elle ne se pr\u00e9vaut d&#8217;aucune situation personnelle n\u00e9cessitant une ex\u00e9cution imm\u00e9diate. La cour applique les crit\u00e8res l\u00e9gaux en examinant les situations respectives des parties. L&#8217;\u00e2ge et l&#8217;\u00e9tat de sant\u00e9 de l&#8217;occupant sont des \u00e9l\u00e9ments objectifs retenus. La loi prescrit au juge d&#8217;examiner trois \u00e9l\u00e9ments pour statuer sur une demande de d\u00e9lai. &#171;Il en r\u00e9sulte que la loi prescrit au juge d&#8217;examiner trois \u00e9l\u00e9ments pour statuer sur une demande de d\u00e9lai pour quitter les lieux : &#8212; la bonne ou mauvaise volont\u00e9 de l&#8217;occupant dans l&#8217;ex\u00e9cution de ses obligations, &#8212; les situations respectives du propri\u00e9taire et de l&#8217;occupant, &#8212; les diligences que l&#8217;occupant justifie avoir effectu\u00e9es en vue de son relogement.&#187; (Cour d&#8217;appel de Paris, le 13 mars 2025, n\u00b024\/15262) Tous ces crit\u00e8res sont satisfaits en l&#8217;esp\u00e8ce.<\/p>\n<p>Le d\u00e9lai maximum d&#8217;un an est accord\u00e9 au regard des circonstances. La dur\u00e9e est fix\u00e9e en consid\u00e9ration du d\u00e9lai pr\u00e9visible de relogement. La particuli\u00e8re vuln\u00e9rabilit\u00e9 tant psychique que p\u00e9cuniaire justifie la p\u00e9riode maximale. La cour rappelle que la mauvaise foi entra\u00eenerait le rejet de toute demande. &#171;D\u00e8s lors, il ne peut \u00eatre retenu qu&#8217;ils occupent de bonne foi le bien de monsieur [M]. En cons\u00e9quence, il sera constat\u00e9 cette occupation de mauvaise foi et rejet\u00e9 tout d\u00e9lai pour quitter les lieux.&#187; (Tribunal judiciaire de Valenciennes, le 9 d\u00e9cembre 2025, n\u00b025\/00188) La pr\u00e9sente d\u00e9cision se distingue radicalement de cette hypoth\u00e8se.<\/p>\n<p>La port\u00e9e de l&#8217;arr\u00eat renforce la protection des personnes vuln\u00e9rables. Il pr\u00e9cise que la <a href=\"https:\/\/kohenavocats.com\/avocats-droit-famille-paris\/avocats-tutelle-curatelle-paris\/\" target=\"_blank\" title=\"mise sous tutelle\">mise sous tutelle<\/a> post\u00e9rieure \u00e0 l&#8217;assignation n&#8217;efface pas la bonne foi. La reprise des paiements et l&#8217;effacement de la dette sont des facteurs essentiels. La d\u00e9cision consacre une approche concr\u00e8te et humanitaire du relogement. Elle rappelle l&#8217;obligation de recherche active de solution par l&#8217;occupant. La solution assure une conciliation effective entre le droit de propri\u00e9t\u00e9 et le droit au logement.<\/p>\n<\/div>\n","protected":false},"excerpt":{"rendered":"<p>La cour d&#8217;appel d&#8217;Amiens, le vingt-trois septembre deux mille vingt-cinq, statue sur un pourvoi form\u00e9 contre un jugement du juge de l&#8217;ex\u00e9cution. L&#8217;occupant, &#8230;<\/p>\n","protected":false},"author":232070755,"featured_media":9503,"comment_status":"open","ping_status":"open","sticky":false,"template":"","format":"standard","meta":{"_crdt_document":"","_jetpack_newsletter_access":"","_jetpack_dont_email_post_to_subs":false,"_jetpack_newsletter_tier_id":0,"_jetpack_memberships_contains_paywalled_content":false,"_kj_source_type":"","_kj_official_id":"","_kj_official_url":"","_kj_judilibre_id":"","_kj_jur":"","_kj_lieu":"","_kj_chambre":"","_kj_rg":"","_kj_date":"","_jetpack_memberships_contains_paid_content":false,"footnotes":"","jetpack_post_was_ever_published":false},"categories":[35583,7597],"tags":[],"class_list":["post-667831","post","type-post","status-publish","format-standard","has-post-thumbnail","hentry","category-immobilier","category-jurisprudence"],"yoast_head":"<!-- This site is optimized with the Yoast SEO Premium plugin v27.4 (Yoast SEO v27.4) - https:\/\/yoast.com\/product\/yoast-seo-premium-wordpress\/ -->\n<title>Cour d&#039;appel de Amiens, le 23 septembre 2025, n\u00b024\/04089 - Ma\u00eetre Hassan Kohen, avocat en droit p\u00e9nal \u00e0 Paris<\/title>\n<meta name=\"description\" content=\"La cour d&#039;appel d&#039;Amiens, le vingt-trois septembre deux mille vingt-cinq, statue sur un pourvoi form\u00e9 contre un jugement du juge de l&#039;ex\u00e9cution. L&#039;occupant, ...\" \/>\n<meta name=\"robots\" content=\"index, follow, max-snippet:-1, max-image-preview:large, max-video-preview:-1\" \/>\n<link rel=\"canonical\" href=\"https:\/\/kohenavocats.com\/ru\/cour-dappel-de-amiens-le-23-septembre-2025-n24-04089\/\" \/>\n<meta property=\"og:locale\" content=\"ru_RU\" \/>\n<meta property=\"og:type\" content=\"article\" \/>\n<meta property=\"og:title\" content=\"Cour d&#039;appel de Amiens, le 23 septembre 2025, n\u00b024\/04089\" \/>\n<meta property=\"og:description\" content=\"La cour d&#039;appel d&#039;Amiens, le vingt-trois septembre deux mille vingt-cinq, statue sur un pourvoi form\u00e9 contre un jugement du juge de l&#039;ex\u00e9cution. L&#039;occupant, ...\" \/>\n<meta property=\"og:url\" content=\"https:\/\/kohenavocats.com\/ru\/cour-dappel-de-amiens-le-23-septembre-2025-n24-04089\/\" \/>\n<meta property=\"og:site_name\" content=\"Ma\u00eetre Hassan Kohen, avocat en droit p\u00e9nal \u00e0 Paris\" \/>\n<meta property=\"article:published_time\" content=\"2026-04-24T01:53:11+00:00\" \/>\n<meta property=\"article:modified_time\" content=\"2026-04-26T16:52:43+00:00\" \/>\n<meta property=\"og:image\" content=\"https:\/\/kohenavocats.com\/wp-content\/uploads\/2024\/11\/michael-tucker-Zd_0XzZevtI-unsplash.webp\" \/>\n\t<meta property=\"og:image:width\" content=\"6000\" \/>\n\t<meta property=\"og:image:height\" content=\"4000\" \/>\n\t<meta property=\"og:image:type\" content=\"image\/webp\" \/>\n<meta name=\"author\" content=\"Kohen\" \/>\n<meta name=\"twitter:card\" content=\"summary_large_image\" \/>\n<meta name=\"twitter:label1\" content=\"\u041d\u0430\u043f\u0438\u0441\u0430\u043d\u043e \u0430\u0432\u0442\u043e\u0440\u043e\u043c\" \/>\n\t<meta name=\"twitter:data1\" content=\"Kohen\" \/>\n\t<meta name=\"twitter:label2\" content=\"\u041f\u0440\u0438\u043c\u0435\u0440\u043d\u043e\u0435 \u0432\u0440\u0435\u043c\u044f \u0434\u043b\u044f \u0447\u0442\u0435\u043d\u0438\u044f\" \/>\n\t<meta name=\"twitter:data2\" content=\"3 \u043c\u0438\u043d\u0443\u0442\u044b\" \/>\n<script type=\"application\/ld+json\" class=\"yoast-schema-graph\">{\"@context\":\"https:\\\/\\\/schema.org\",\"@graph\":[{\"@type\":\"Article\",\"@id\":\"https:\\\/\\\/kohenavocats.com\\\/ru\\\/cour-dappel-de-amiens-le-23-septembre-2025-n24-04089\\\/#article\",\"isPartOf\":{\"@id\":\"https:\\\/\\\/kohenavocats.com\\\/ru\\\/cour-dappel-de-amiens-le-23-septembre-2025-n24-04089\\\/\"},\"author\":{\"name\":\"Kohen\",\"@id\":\"https:\\\/\\\/kohenavocats.com\\\/ru\\\/#\\\/schema\\\/person\\\/761c9ba54fa1ca84d405cef0831ff751\"},\"headline\":\"Cour d&#8217;appel de Amiens, le 23 septembre 2025, n\u00b024\\\/04089\",\"datePublished\":\"2026-04-24T01:53:11+00:00\",\"dateModified\":\"2026-04-26T16:52:43+00:00\",\"mainEntityOfPage\":{\"@id\":\"https:\\\/\\\/kohenavocats.com\\\/ru\\\/cour-dappel-de-amiens-le-23-septembre-2025-n24-04089\\\/\"},\"wordCount\":711,\"commentCount\":0,\"publisher\":{\"@id\":\"https:\\\/\\\/kohenavocats.com\\\/ru\\\/#organization\"},\"image\":{\"@id\":\"https:\\\/\\\/kohenavocats.com\\\/ru\\\/cour-dappel-de-amiens-le-23-septembre-2025-n24-04089\\\/#primaryimage\"},\"thumbnailUrl\":\"https:\\\/\\\/kohenavocats.com\\\/wp-content\\\/uploads\\\/2024\\\/11\\\/michael-tucker-Zd_0XzZevtI-unsplash.webp\",\"articleSection\":[\"Immobilier\",\"Jurisprudence\"],\"inLanguage\":\"ru-RU\",\"potentialAction\":[{\"@type\":\"CommentAction\",\"name\":\"Comment\",\"target\":[\"https:\\\/\\\/kohenavocats.com\\\/ru\\\/cour-dappel-de-amiens-le-23-septembre-2025-n24-04089\\\/#respond\"]}],\"citation\":\"Cour d&#8217;appel de Amiens, le 23 septembre 2025, n\u00b024\\\/04089\",\"about\":[{\"@type\":\"Thing\",\"name\":\"Immobilier\"},{\"@type\":\"Thing\",\"name\":\"Jurisprudence\"}],\"speakable\":{\"@type\":\"SpeakableSpecification\",\"cssSelector\":[\".article-content > p:first-of-type\"]}},{\"@type\":\"WebPage\",\"@id\":\"https:\\\/\\\/kohenavocats.com\\\/ru\\\/cour-dappel-de-amiens-le-23-septembre-2025-n24-04089\\\/\",\"url\":\"https:\\\/\\\/kohenavocats.com\\\/ru\\\/cour-dappel-de-amiens-le-23-septembre-2025-n24-04089\\\/\",\"name\":\"Cour d'appel de Amiens, le 23 septembre 2025, n\u00b024\\\/04089 - Ma\u00eetre Hassan Kohen, avocat en droit p\u00e9nal \u00e0 Paris\",\"isPartOf\":{\"@id\":\"https:\\\/\\\/kohenavocats.com\\\/ru\\\/#website\"},\"primaryImageOfPage\":{\"@id\":\"https:\\\/\\\/kohenavocats.com\\\/ru\\\/cour-dappel-de-amiens-le-23-septembre-2025-n24-04089\\\/#primaryimage\"},\"image\":{\"@id\":\"https:\\\/\\\/kohenavocats.com\\\/ru\\\/cour-dappel-de-amiens-le-23-septembre-2025-n24-04089\\\/#primaryimage\"},\"thumbnailUrl\":\"https:\\\/\\\/kohenavocats.com\\\/wp-content\\\/uploads\\\/2024\\\/11\\\/michael-tucker-Zd_0XzZevtI-unsplash.webp\",\"datePublished\":\"2026-04-24T01:53:11+00:00\",\"dateModified\":\"2026-04-26T16:52:43+00:00\",\"description\":\"La cour d'appel d'Amiens, le vingt-trois septembre deux mille vingt-cinq, statue sur un pourvoi form\u00e9 contre un jugement du juge de l'ex\u00e9cution. L'occupant, ...\",\"breadcrumb\":{\"@id\":\"https:\\\/\\\/kohenavocats.com\\\/ru\\\/cour-dappel-de-amiens-le-23-septembre-2025-n24-04089\\\/#breadcrumb\"},\"inLanguage\":\"ru-RU\",\"potentialAction\":[{\"@type\":\"ReadAction\",\"target\":[\"https:\\\/\\\/kohenavocats.com\\\/ru\\\/cour-dappel-de-amiens-le-23-septembre-2025-n24-04089\\\/\"]}]},{\"@type\":\"ImageObject\",\"inLanguage\":\"ru-RU\",\"@id\":\"https:\\\/\\\/kohenavocats.com\\\/ru\\\/cour-dappel-de-amiens-le-23-septembre-2025-n24-04089\\\/#primaryimage\",\"url\":\"https:\\\/\\\/kohenavocats.com\\\/wp-content\\\/uploads\\\/2024\\\/11\\\/michael-tucker-Zd_0XzZevtI-unsplash.webp\",\"contentUrl\":\"https:\\\/\\\/kohenavocats.com\\\/wp-content\\\/uploads\\\/2024\\\/11\\\/michael-tucker-Zd_0XzZevtI-unsplash.webp\",\"width\":6000,\"height\":4000},{\"@type\":\"BreadcrumbList\",\"@id\":\"https:\\\/\\\/kohenavocats.com\\\/ru\\\/cour-dappel-de-amiens-le-23-septembre-2025-n24-04089\\\/#breadcrumb\",\"itemListElement\":[{\"@type\":\"ListItem\",\"position\":1,\"name\":\"Home\",\"item\":\"https:\\\/\\\/kohenavocats.com\\\/ru\\\/avocats-en-droit-penal-a-paris-conseil-et-defense-strategique\\\/\"},{\"@type\":\"ListItem\",\"position\":2,\"name\":\"Cour d&rsquo;appel de Amiens, le 23 septembre 2025, n\u00b024\\\/04089\"}]},{\"@type\":\"WebSite\",\"@id\":\"https:\\\/\\\/kohenavocats.com\\\/ru\\\/#website\",\"url\":\"https:\\\/\\\/kohenavocats.com\\\/ru\\\/\",\"name\":\"Kohen Avocats\",\"description\":\"Ma\u00eetre Hassan Kohen, avocat p\u00e9naliste \u00e0 Paris, intervient exclusivement en droit p\u00e9nal pour la d\u00e9fense des particuliers, notamment en mati\u00e8re d\u2019accusations de viol. Il assure un accompagnement rigoureux d\u00e8s la garde \u00e0 vue jusqu\u2019\u00e0 la Cour d\u2019assises, veillant au strict respect des garanties proc\u00e9durales.\",\"publisher\":{\"@id\":\"https:\\\/\\\/kohenavocats.com\\\/ru\\\/#organization\"},\"potentialAction\":[{\"@type\":\"SearchAction\",\"target\":{\"@type\":\"EntryPoint\",\"urlTemplate\":\"https:\\\/\\\/kohenavocats.com\\\/ru\\\/?s={search_term_string}\"},\"query-input\":{\"@type\":\"PropertyValueSpecification\",\"valueRequired\":true,\"valueName\":\"search_term_string\"}}],\"inLanguage\":\"ru-RU\"},{\"@type\":\"Organization\",\"@id\":\"https:\\\/\\\/kohenavocats.com\\\/ru\\\/#organization\",\"name\":\"Kohen Avocats\",\"url\":\"https:\\\/\\\/kohenavocats.com\\\/ru\\\/\",\"logo\":{\"@type\":\"ImageObject\",\"inLanguage\":\"ru-RU\",\"@id\":\"https:\\\/\\\/kohenavocats.com\\\/ru\\\/#\\\/schema\\\/logo\\\/image\\\/\",\"url\":\"https:\\\/\\\/kohenavocats.com\\\/wp-content\\\/uploads\\\/2026\\\/01\\\/Logo-2-1.webp\",\"contentUrl\":\"https:\\\/\\\/kohenavocats.com\\\/wp-content\\\/uploads\\\/2026\\\/01\\\/Logo-2-1.webp\",\"width\":2114,\"height\":1253,\"caption\":\"Kohen Avocats\"},\"image\":{\"@id\":\"https:\\\/\\\/kohenavocats.com\\\/ru\\\/#\\\/schema\\\/logo\\\/image\\\/\"}},{\"@type\":\"Person\",\"@id\":\"https:\\\/\\\/kohenavocats.com\\\/ru\\\/#\\\/schema\\\/person\\\/761c9ba54fa1ca84d405cef0831ff751\",\"name\":\"Kohen\",\"image\":{\"@type\":\"ImageObject\",\"inLanguage\":\"ru-RU\",\"@id\":\"https:\\\/\\\/secure.gravatar.com\\\/avatar\\\/1c5e76ef76bbbfdd2b4da984e2bf2fa4056fd51a27d25ce2c332047f1dfd6e00?s=96&d=identicon&r=g\",\"url\":\"https:\\\/\\\/secure.gravatar.com\\\/avatar\\\/1c5e76ef76bbbfdd2b4da984e2bf2fa4056fd51a27d25ce2c332047f1dfd6e00?s=96&d=identicon&r=g\",\"contentUrl\":\"https:\\\/\\\/secure.gravatar.com\\\/avatar\\\/1c5e76ef76bbbfdd2b4da984e2bf2fa4056fd51a27d25ce2c332047f1dfd6e00?s=96&d=identicon&r=g\",\"caption\":\"Kohen\"},\"sameAs\":[\"https:\\\/\\\/www.linkedin.com\\\/in\\\/hassan-kohen-448548192\\\/\",\"https:\\\/\\\/www.youtube.com\\\/@Kohen-Avocats\"],\"url\":\"https:\\\/\\\/kohenavocats.com\\\/ru\\\/author\\\/kohenmlk\\\/\"}]}<\/script>\n<!-- \/ Yoast SEO Premium plugin. -->","yoast_head_json":{"title":"Cour d'appel de Amiens, le 23 septembre 2025, n\u00b024\/04089 - Ma\u00eetre Hassan Kohen, avocat en droit p\u00e9nal \u00e0 Paris","description":"La cour d'appel d'Amiens, le vingt-trois septembre deux mille vingt-cinq, statue sur un pourvoi form\u00e9 contre un jugement du juge de l'ex\u00e9cution. L'occupant, ...","robots":{"index":"index","follow":"follow","max-snippet":"max-snippet:-1","max-image-preview":"max-image-preview:large","max-video-preview":"max-video-preview:-1"},"canonical":"https:\/\/kohenavocats.com\/ru\/cour-dappel-de-amiens-le-23-septembre-2025-n24-04089\/","og_locale":"ru_RU","og_type":"article","og_title":"Cour d'appel de Amiens, le 23 septembre 2025, n\u00b024\/04089","og_description":"La cour d'appel d'Amiens, le vingt-trois septembre deux mille vingt-cinq, statue sur un pourvoi form\u00e9 contre un jugement du juge de l'ex\u00e9cution. L'occupant, ...","og_url":"https:\/\/kohenavocats.com\/ru\/cour-dappel-de-amiens-le-23-septembre-2025-n24-04089\/","og_site_name":"Ma\u00eetre Hassan Kohen, avocat en droit p\u00e9nal \u00e0 Paris","article_published_time":"2026-04-24T01:53:11+00:00","article_modified_time":"2026-04-26T16:52:43+00:00","og_image":[{"width":6000,"height":4000,"url":"https:\/\/kohenavocats.com\/wp-content\/uploads\/2024\/11\/michael-tucker-Zd_0XzZevtI-unsplash.webp","type":"image\/webp"}],"author":"Kohen","twitter_card":"summary_large_image","twitter_misc":{"\u041d\u0430\u043f\u0438\u0441\u0430\u043d\u043e \u0430\u0432\u0442\u043e\u0440\u043e\u043c":"Kohen","\u041f\u0440\u0438\u043c\u0435\u0440\u043d\u043e\u0435 \u0432\u0440\u0435\u043c\u044f \u0434\u043b\u044f \u0447\u0442\u0435\u043d\u0438\u044f":"3 \u043c\u0438\u043d\u0443\u0442\u044b"},"schema":{"@context":"https:\/\/schema.org","@graph":[{"@type":"Article","@id":"https:\/\/kohenavocats.com\/ru\/cour-dappel-de-amiens-le-23-septembre-2025-n24-04089\/#article","isPartOf":{"@id":"https:\/\/kohenavocats.com\/ru\/cour-dappel-de-amiens-le-23-septembre-2025-n24-04089\/"},"author":{"name":"Kohen","@id":"https:\/\/kohenavocats.com\/ru\/#\/schema\/person\/761c9ba54fa1ca84d405cef0831ff751"},"headline":"Cour d&#8217;appel de Amiens, le 23 septembre 2025, n\u00b024\/04089","datePublished":"2026-04-24T01:53:11+00:00","dateModified":"2026-04-26T16:52:43+00:00","mainEntityOfPage":{"@id":"https:\/\/kohenavocats.com\/ru\/cour-dappel-de-amiens-le-23-septembre-2025-n24-04089\/"},"wordCount":711,"commentCount":0,"publisher":{"@id":"https:\/\/kohenavocats.com\/ru\/#organization"},"image":{"@id":"https:\/\/kohenavocats.com\/ru\/cour-dappel-de-amiens-le-23-septembre-2025-n24-04089\/#primaryimage"},"thumbnailUrl":"https:\/\/kohenavocats.com\/wp-content\/uploads\/2024\/11\/michael-tucker-Zd_0XzZevtI-unsplash.webp","articleSection":["Immobilier","Jurisprudence"],"inLanguage":"ru-RU","potentialAction":[{"@type":"CommentAction","name":"Comment","target":["https:\/\/kohenavocats.com\/ru\/cour-dappel-de-amiens-le-23-septembre-2025-n24-04089\/#respond"]}],"citation":"Cour d&#8217;appel de Amiens, le 23 septembre 2025, n\u00b024\/04089","about":[{"@type":"Thing","name":"Immobilier"},{"@type":"Thing","name":"Jurisprudence"}],"speakable":{"@type":"SpeakableSpecification","cssSelector":[".article-content > p:first-of-type"]}},{"@type":"WebPage","@id":"https:\/\/kohenavocats.com\/ru\/cour-dappel-de-amiens-le-23-septembre-2025-n24-04089\/","url":"https:\/\/kohenavocats.com\/ru\/cour-dappel-de-amiens-le-23-septembre-2025-n24-04089\/","name":"Cour d'appel de Amiens, le 23 septembre 2025, n\u00b024\/04089 - Ma\u00eetre Hassan Kohen, avocat en droit p\u00e9nal \u00e0 Paris","isPartOf":{"@id":"https:\/\/kohenavocats.com\/ru\/#website"},"primaryImageOfPage":{"@id":"https:\/\/kohenavocats.com\/ru\/cour-dappel-de-amiens-le-23-septembre-2025-n24-04089\/#primaryimage"},"image":{"@id":"https:\/\/kohenavocats.com\/ru\/cour-dappel-de-amiens-le-23-septembre-2025-n24-04089\/#primaryimage"},"thumbnailUrl":"https:\/\/kohenavocats.com\/wp-content\/uploads\/2024\/11\/michael-tucker-Zd_0XzZevtI-unsplash.webp","datePublished":"2026-04-24T01:53:11+00:00","dateModified":"2026-04-26T16:52:43+00:00","description":"La cour d'appel d'Amiens, le vingt-trois septembre deux mille vingt-cinq, statue sur un pourvoi form\u00e9 contre un jugement du juge de l'ex\u00e9cution. L'occupant, ...","breadcrumb":{"@id":"https:\/\/kohenavocats.com\/ru\/cour-dappel-de-amiens-le-23-septembre-2025-n24-04089\/#breadcrumb"},"inLanguage":"ru-RU","potentialAction":[{"@type":"ReadAction","target":["https:\/\/kohenavocats.com\/ru\/cour-dappel-de-amiens-le-23-septembre-2025-n24-04089\/"]}]},{"@type":"ImageObject","inLanguage":"ru-RU","@id":"https:\/\/kohenavocats.com\/ru\/cour-dappel-de-amiens-le-23-septembre-2025-n24-04089\/#primaryimage","url":"https:\/\/kohenavocats.com\/wp-content\/uploads\/2024\/11\/michael-tucker-Zd_0XzZevtI-unsplash.webp","contentUrl":"https:\/\/kohenavocats.com\/wp-content\/uploads\/2024\/11\/michael-tucker-Zd_0XzZevtI-unsplash.webp","width":6000,"height":4000},{"@type":"BreadcrumbList","@id":"https:\/\/kohenavocats.com\/ru\/cour-dappel-de-amiens-le-23-septembre-2025-n24-04089\/#breadcrumb","itemListElement":[{"@type":"ListItem","position":1,"name":"Home","item":"https:\/\/kohenavocats.com\/ru\/avocats-en-droit-penal-a-paris-conseil-et-defense-strategique\/"},{"@type":"ListItem","position":2,"name":"Cour d&rsquo;appel de Amiens, le 23 septembre 2025, n\u00b024\/04089"}]},{"@type":"WebSite","@id":"https:\/\/kohenavocats.com\/ru\/#website","url":"https:\/\/kohenavocats.com\/ru\/","name":"Kohen Avocats","description":"Ma\u00eetre Hassan Kohen, avocat p\u00e9naliste \u00e0 Paris, intervient exclusivement en droit p\u00e9nal pour la d\u00e9fense des particuliers, notamment en mati\u00e8re d\u2019accusations de viol. Il assure un accompagnement rigoureux d\u00e8s la garde \u00e0 vue jusqu\u2019\u00e0 la Cour d\u2019assises, veillant au strict respect des garanties proc\u00e9durales.","publisher":{"@id":"https:\/\/kohenavocats.com\/ru\/#organization"},"potentialAction":[{"@type":"SearchAction","target":{"@type":"EntryPoint","urlTemplate":"https:\/\/kohenavocats.com\/ru\/?s={search_term_string}"},"query-input":{"@type":"PropertyValueSpecification","valueRequired":true,"valueName":"search_term_string"}}],"inLanguage":"ru-RU"},{"@type":"Organization","@id":"https:\/\/kohenavocats.com\/ru\/#organization","name":"Kohen Avocats","url":"https:\/\/kohenavocats.com\/ru\/","logo":{"@type":"ImageObject","inLanguage":"ru-RU","@id":"https:\/\/kohenavocats.com\/ru\/#\/schema\/logo\/image\/","url":"https:\/\/kohenavocats.com\/wp-content\/uploads\/2026\/01\/Logo-2-1.webp","contentUrl":"https:\/\/kohenavocats.com\/wp-content\/uploads\/2026\/01\/Logo-2-1.webp","width":2114,"height":1253,"caption":"Kohen Avocats"},"image":{"@id":"https:\/\/kohenavocats.com\/ru\/#\/schema\/logo\/image\/"}},{"@type":"Person","@id":"https:\/\/kohenavocats.com\/ru\/#\/schema\/person\/761c9ba54fa1ca84d405cef0831ff751","name":"Kohen","image":{"@type":"ImageObject","inLanguage":"ru-RU","@id":"https:\/\/secure.gravatar.com\/avatar\/1c5e76ef76bbbfdd2b4da984e2bf2fa4056fd51a27d25ce2c332047f1dfd6e00?s=96&d=identicon&r=g","url":"https:\/\/secure.gravatar.com\/avatar\/1c5e76ef76bbbfdd2b4da984e2bf2fa4056fd51a27d25ce2c332047f1dfd6e00?s=96&d=identicon&r=g","contentUrl":"https:\/\/secure.gravatar.com\/avatar\/1c5e76ef76bbbfdd2b4da984e2bf2fa4056fd51a27d25ce2c332047f1dfd6e00?s=96&d=identicon&r=g","caption":"Kohen"},"sameAs":["https:\/\/www.linkedin.com\/in\/hassan-kohen-448548192\/","https:\/\/www.youtube.com\/@Kohen-Avocats"],"url":"https:\/\/kohenavocats.com\/ru\/author\/kohenmlk\/"}]}},"jetpack_featured_media_url":"https:\/\/kohenavocats.com\/wp-content\/uploads\/2024\/11\/michael-tucker-Zd_0XzZevtI-unsplash.webp","jetpack_likes_enabled":false,"jetpack_shortlink":"https:\/\/wp.me\/peCrII-2NJt","jetpack-related-posts":[{"id":664002,"url":"https:\/\/kohenavocats.com\/ru\/cour-dappel-de-amiens-le-25-septembre-2025-n24-04654\/","url_meta":{"origin":667831,"position":0},"title":"Cour d&#8217;appel de Amiens, le 25 septembre 2025, n\u00b024\/04654","author":"Kohen","date":"23.04.2026","format":false,"excerpt":"La cour d'appel d'Amiens, premi\u00e8re chambre civile, le vingt-cinq septembre deux mille vingt-cinq, confirme l'ordonnance du juge des contentieux de la protect...","rel":"","context":"\u0412 &quot;Code des assurances&quot;","block_context":{"text":"Code des assurances","link":"https:\/\/kohenavocats.com\/category\/code-des-assurances\/"},"img":{"alt_text":"","src":"https:\/\/i0.wp.com\/kohenavocats.com\/wp-content\/uploads\/2024\/11\/getty-images-2F-9_XQYhP8-unsplash.webp?resize=350%2C200&ssl=1","width":350,"height":200,"srcset":"https:\/\/i0.wp.com\/kohenavocats.com\/wp-content\/uploads\/2024\/11\/getty-images-2F-9_XQYhP8-unsplash.webp?resize=350%2C200&ssl=1 1x, https:\/\/i0.wp.com\/kohenavocats.com\/wp-content\/uploads\/2024\/11\/getty-images-2F-9_XQYhP8-unsplash.webp?resize=525%2C300&ssl=1 1.5x, https:\/\/i0.wp.com\/kohenavocats.com\/wp-content\/uploads\/2024\/11\/getty-images-2F-9_XQYhP8-unsplash.webp?resize=700%2C400&ssl=1 2x, https:\/\/i0.wp.com\/kohenavocats.com\/wp-content\/uploads\/2024\/11\/getty-images-2F-9_XQYhP8-unsplash.webp?resize=1050%2C600&ssl=1 3x, https:\/\/i0.wp.com\/kohenavocats.com\/wp-content\/uploads\/2024\/11\/getty-images-2F-9_XQYhP8-unsplash.webp?resize=1400%2C800&ssl=1 4x"},"classes":[]},{"id":667725,"url":"https:\/\/kohenavocats.com\/ru\/cour-dappel-de-amiens-le-23-septembre-2025-n24-00681\/","url_meta":{"origin":667831,"position":1},"title":"Cour d&#8217;appel de Amiens, le 23 septembre 2025, n\u00b024\/00681","author":"Kohen","date":"24.04.2026","format":false,"excerpt":"La Cour d'appel d'Amiens, premi\u00e8re chambre civile, le vingt-trois septembre deux mille vingt-cinq, statue sur un pourvoi contre un jugement du juge de l'ex\u00e9c...","rel":"","context":"\u0412 &quot;Droit de la Famille&quot;","block_context":{"text":"Droit de la Famille","link":"https:\/\/kohenavocats.com\/category\/travaux-parlementaires\/droit-de-la-famille\/"},"img":{"alt_text":"","src":"https:\/\/i0.wp.com\/kohenavocats.com\/wp-content\/uploads\/2024\/11\/planet-volumes-qCodK5vqaNs-unsplash.webp?resize=350%2C200&ssl=1","width":350,"height":200,"srcset":"https:\/\/i0.wp.com\/kohenavocats.com\/wp-content\/uploads\/2024\/11\/planet-volumes-qCodK5vqaNs-unsplash.webp?resize=350%2C200&ssl=1 1x, https:\/\/i0.wp.com\/kohenavocats.com\/wp-content\/uploads\/2024\/11\/planet-volumes-qCodK5vqaNs-unsplash.webp?resize=525%2C300&ssl=1 1.5x, https:\/\/i0.wp.com\/kohenavocats.com\/wp-content\/uploads\/2024\/11\/planet-volumes-qCodK5vqaNs-unsplash.webp?resize=700%2C400&ssl=1 2x, https:\/\/i0.wp.com\/kohenavocats.com\/wp-content\/uploads\/2024\/11\/planet-volumes-qCodK5vqaNs-unsplash.webp?resize=1050%2C600&ssl=1 3x, https:\/\/i0.wp.com\/kohenavocats.com\/wp-content\/uploads\/2024\/11\/planet-volumes-qCodK5vqaNs-unsplash.webp?resize=1400%2C800&ssl=1 4x"},"classes":[]},{"id":667829,"url":"https:\/\/kohenavocats.com\/ru\/cour-dappel-de-amiens-le-23-septembre-2025-n24-02163\/","url_meta":{"origin":667831,"position":2},"title":"Cour d&#8217;appel de Amiens, le 23 septembre 2025, n\u00b024\/02163","author":"Kohen","date":"24.04.2026","format":false,"excerpt":"La cour d'appel d'Amiens, premi\u00e8re chambre civile, statue le vingt-trois septembre deux mille vingt-cinq. Un adjudicataire d'un bien saisi souhaite r\u00e9silier ...","rel":"","context":"\u0412 &quot;Droit de la Famille&quot;","block_context":{"text":"Droit de la Famille","link":"https:\/\/kohenavocats.com\/category\/travaux-parlementaires\/droit-de-la-famille\/"},"img":{"alt_text":"","src":"https:\/\/i0.wp.com\/kohenavocats.com\/wp-content\/uploads\/2024\/11\/sarah-penney-kSEP9ouxNp4-unsplash.webp?resize=350%2C200&ssl=1","width":350,"height":200,"srcset":"https:\/\/i0.wp.com\/kohenavocats.com\/wp-content\/uploads\/2024\/11\/sarah-penney-kSEP9ouxNp4-unsplash.webp?resize=350%2C200&ssl=1 1x, https:\/\/i0.wp.com\/kohenavocats.com\/wp-content\/uploads\/2024\/11\/sarah-penney-kSEP9ouxNp4-unsplash.webp?resize=525%2C300&ssl=1 1.5x, https:\/\/i0.wp.com\/kohenavocats.com\/wp-content\/uploads\/2024\/11\/sarah-penney-kSEP9ouxNp4-unsplash.webp?resize=700%2C400&ssl=1 2x, https:\/\/i0.wp.com\/kohenavocats.com\/wp-content\/uploads\/2024\/11\/sarah-penney-kSEP9ouxNp4-unsplash.webp?resize=1050%2C600&ssl=1 3x, https:\/\/i0.wp.com\/kohenavocats.com\/wp-content\/uploads\/2024\/11\/sarah-penney-kSEP9ouxNp4-unsplash.webp?resize=1400%2C800&ssl=1 4x"},"classes":[]},{"id":484454,"url":"https:\/\/kohenavocats.com\/ru\/tribunal-judiciaire-de-paris-le-27-novembre-2025-n25-03721\/","url_meta":{"origin":667831,"position":3},"title":"Tribunal judiciaire de Paris, le 27 novembre 2025, n\u00b025\/03721","author":"Kohen","date":"08.04.2026","format":false,"excerpt":"Le juge des contentieux de la protection, statuant par jugement contradictoire, a rendu une d\u00e9cision le [date non pr\u00e9cis\u00e9e]. Une mandataire de protection fut...","rel":"","context":"\u0412 &quot;Jurisprudence&quot;","block_context":{"text":"Jurisprudence","link":"https:\/\/kohenavocats.com\/category\/jurisprudence\/"},"img":{"alt_text":"","src":"https:\/\/i0.wp.com\/kohenavocats.com\/wp-content\/uploads\/2024\/11\/zyanya-citlalli-VKn4-6O9LWk-unsplash.webp?resize=350%2C200&ssl=1","width":350,"height":200,"srcset":"https:\/\/i0.wp.com\/kohenavocats.com\/wp-content\/uploads\/2024\/11\/zyanya-citlalli-VKn4-6O9LWk-unsplash.webp?resize=350%2C200&ssl=1 1x, https:\/\/i0.wp.com\/kohenavocats.com\/wp-content\/uploads\/2024\/11\/zyanya-citlalli-VKn4-6O9LWk-unsplash.webp?resize=525%2C300&ssl=1 1.5x, https:\/\/i0.wp.com\/kohenavocats.com\/wp-content\/uploads\/2024\/11\/zyanya-citlalli-VKn4-6O9LWk-unsplash.webp?resize=700%2C400&ssl=1 2x, https:\/\/i0.wp.com\/kohenavocats.com\/wp-content\/uploads\/2024\/11\/zyanya-citlalli-VKn4-6O9LWk-unsplash.webp?resize=1050%2C600&ssl=1 3x, https:\/\/i0.wp.com\/kohenavocats.com\/wp-content\/uploads\/2024\/11\/zyanya-citlalli-VKn4-6O9LWk-unsplash.webp?resize=1400%2C800&ssl=1 4x"},"classes":[]},{"id":667720,"url":"https:\/\/kohenavocats.com\/ru\/cour-dappel-de-amiens-le-23-septembre-2025-n23-03497\/","url_meta":{"origin":667831,"position":4},"title":"Cour d&#8217;appel de Amiens, le 23 septembre 2025, n\u00b023\/03497","author":"Kohen","date":"24.04.2026","format":false,"excerpt":"La cour d'appel d'Amiens, premi\u00e8re chambre civile, statue le vingt-trois septembre deux mille vingt-cinq sur un pourvoi form\u00e9 contre un jugement du tribunal ...","rel":"","context":"\u0412 &quot;Droit de la Famille&quot;","block_context":{"text":"Droit de la Famille","link":"https:\/\/kohenavocats.com\/category\/travaux-parlementaires\/droit-de-la-famille\/"},"img":{"alt_text":"","src":"https:\/\/i0.wp.com\/kohenavocats.com\/wp-content\/uploads\/2024\/11\/laura-adai-uVe-JpiFDmE-unsplash.webp?resize=350%2C200&ssl=1","width":350,"height":200,"srcset":"https:\/\/i0.wp.com\/kohenavocats.com\/wp-content\/uploads\/2024\/11\/laura-adai-uVe-JpiFDmE-unsplash.webp?resize=350%2C200&ssl=1 1x, https:\/\/i0.wp.com\/kohenavocats.com\/wp-content\/uploads\/2024\/11\/laura-adai-uVe-JpiFDmE-unsplash.webp?resize=525%2C300&ssl=1 1.5x, https:\/\/i0.wp.com\/kohenavocats.com\/wp-content\/uploads\/2024\/11\/laura-adai-uVe-JpiFDmE-unsplash.webp?resize=700%2C400&ssl=1 2x, https:\/\/i0.wp.com\/kohenavocats.com\/wp-content\/uploads\/2024\/11\/laura-adai-uVe-JpiFDmE-unsplash.webp?resize=1050%2C600&ssl=1 3x, https:\/\/i0.wp.com\/kohenavocats.com\/wp-content\/uploads\/2024\/11\/laura-adai-uVe-JpiFDmE-unsplash.webp?resize=1400%2C800&ssl=1 4x"},"classes":[]},{"id":657699,"url":"https:\/\/kohenavocats.com\/ru\/cour-dappel-de-amiens-le-30-septembre-2025-n24-02231\/","url_meta":{"origin":667831,"position":5},"title":"Cour d&#8217;appel de Amiens, le 30 septembre 2025, n\u00b024\/02231","author":"Kohen","date":"23.04.2026","format":false,"excerpt":"La Cour d'appel d'Amiens, premi\u00e8re chambre civile, le trente septembre deux mille vingt-cinq, statue sur un appel concernant l'indemnisation d'une victime de...","rel":"","context":"\u0412 &quot;Jurisprudence&quot;","block_context":{"text":"Jurisprudence","link":"https:\/\/kohenavocats.com\/category\/jurisprudence\/"},"img":{"alt_text":"","src":"https:\/\/i0.wp.com\/kohenavocats.com\/wp-content\/uploads\/2024\/08\/rebe-adelaida-fEMM4-A0SP0-unsplash.webp?resize=350%2C200&ssl=1","width":350,"height":200,"srcset":"https:\/\/i0.wp.com\/kohenavocats.com\/wp-content\/uploads\/2024\/08\/rebe-adelaida-fEMM4-A0SP0-unsplash.webp?resize=350%2C200&ssl=1 1x, https:\/\/i0.wp.com\/kohenavocats.com\/wp-content\/uploads\/2024\/08\/rebe-adelaida-fEMM4-A0SP0-unsplash.webp?resize=525%2C300&ssl=1 1.5x, https:\/\/i0.wp.com\/kohenavocats.com\/wp-content\/uploads\/2024\/08\/rebe-adelaida-fEMM4-A0SP0-unsplash.webp?resize=700%2C400&ssl=1 2x, https:\/\/i0.wp.com\/kohenavocats.com\/wp-content\/uploads\/2024\/08\/rebe-adelaida-fEMM4-A0SP0-unsplash.webp?resize=1050%2C600&ssl=1 3x, https:\/\/i0.wp.com\/kohenavocats.com\/wp-content\/uploads\/2024\/08\/rebe-adelaida-fEMM4-A0SP0-unsplash.webp?resize=1400%2C800&ssl=1 4x"},"classes":[]}],"jetpack_sharing_enabled":true,"_links":{"self":[{"href":"https:\/\/kohenavocats.com\/ru\/wp-json\/wp\/v2\/posts\/667831","targetHints":{"allow":["GET"]}}],"collection":[{"href":"https:\/\/kohenavocats.com\/ru\/wp-json\/wp\/v2\/posts"}],"about":[{"href":"https:\/\/kohenavocats.com\/ru\/wp-json\/wp\/v2\/types\/post"}],"author":[{"embeddable":true,"href":"https:\/\/kohenavocats.com\/ru\/wp-json\/wp\/v2\/users\/232070755"}],"replies":[{"embeddable":true,"href":"https:\/\/kohenavocats.com\/ru\/wp-json\/wp\/v2\/comments?post=667831"}],"version-history":[{"count":1,"href":"https:\/\/kohenavocats.com\/ru\/wp-json\/wp\/v2\/posts\/667831\/revisions"}],"predecessor-version":[{"id":696162,"href":"https:\/\/kohenavocats.com\/ru\/wp-json\/wp\/v2\/posts\/667831\/revisions\/696162"}],"wp:featuredmedia":[{"embeddable":true,"href":"https:\/\/kohenavocats.com\/ru\/wp-json\/wp\/v2\/media\/9503"}],"wp:attachment":[{"href":"https:\/\/kohenavocats.com\/ru\/wp-json\/wp\/v2\/media?parent=667831"}],"wp:term":[{"taxonomy":"category","embeddable":true,"href":"https:\/\/kohenavocats.com\/ru\/wp-json\/wp\/v2\/categories?post=667831"},{"taxonomy":"post_tag","embeddable":true,"href":"https:\/\/kohenavocats.com\/ru\/wp-json\/wp\/v2\/tags?post=667831"}],"curies":[{"name":"wp","href":"https:\/\/api.w.org\/{rel}","templated":true}]}}