{"id":668409,"date":"2026-04-24T04:47:39","date_gmt":"2026-04-24T02:47:39","guid":{"rendered":"https:\/\/kohenavocats.com\/tribunal-judiciaire-de-draguignan-le-15-octobre-2025-n23-08494\/"},"modified":"2026-04-24T04:47:39","modified_gmt":"2026-04-24T02:47:39","slug":"tribunal-judiciaire-de-draguignan-le-15-octobre-2025-n23-08494","status":"publish","type":"post","link":"https:\/\/kohenavocats.com\/ru\/tribunal-judiciaire-de-draguignan-le-15-octobre-2025-n23-08494\/","title":{"rendered":"Tribunal judiciaire de Draguignan, le 15 octobre 2025, n\u00b023\/08494"},"content":{"rendered":"<div class=\"article-content\">\n<p>Le tribunal judiciaire de Draguignan, statuant en la personne du juge de la mise en \u00e9tat, a rendu une ordonnance le 15 octobre 2025. Une soci\u00e9t\u00e9 civile immobili\u00e8re avait engag\u00e9 une action en responsabilit\u00e9 contre un constructeur et son assureur. Ces derniers soulevaient une fin de non-recevoir pour d\u00e9faut de tentative pr\u00e9alable de r\u00e9solution amiable. Le juge devait examiner cette exception et statuer sur des demandes accessoires. L&#8217;ordonnance rejette la fin de non-recevoir et d\u00e9clare la demande principale recevable.<\/p>\n<p>La d\u00e9limitation du champ d&#8217;application de la proc\u00e9dure amiable obligatoire<\/p>\n<p>Le juge pr\u00e9cise d&#8217;abord les conditions l\u00e9gales de l&#8217;obligation. Il rappelle que l&#8217;article 750-1 du code de proc\u00e9dure civile, dans sa version issue du d\u00e9cret du 11 mai 2023, n&#8217;est applicable qu&#8217;aux instances introduites \u00e0 compter du 1er octobre 2023. L&#8217;ordonnance constate ensuite que le texte impose ce pr\u00e9alable pour certaines actions seulement. &#171;En dehors de ces cas et \u00e0 d\u00e9faut d&#8217;un texte pr\u00e9voyant une telle obligation, le recours pr\u00e9alable \u00e0 ces modes amiables de r\u00e8glement des conflits n&#8217;est pas obligatoire.&#187; (Motifs) Cette interpr\u00e9tation restrictive prot\u00e8ge le droit d&#8217;acc\u00e8s au juge. Elle \u00e9vite d&#8217;\u00e9tendre ind\u00fbment une condition de recevabilit\u00e9 pouvant retarder le proc\u00e8s.<\/p>\n<p>L&#8217;analyse du fondement de l&#8217;action d\u00e9termine ensuite l&#8217;application du texte. La d\u00e9cision examine la nature des demandes pour v\u00e9rifier leur assujettissement. Le demandeur invoquait les articles 1240 et 1241 du code civil ainsi que l&#8217;article 1721. Le juge en d\u00e9duit que l&#8217;action n&#8217;est pas fond\u00e9e exclusivement sur le trouble anormal de voisinage. &#171;En cons\u00e9quence, il ne s\u2019agit pas d\u2019une action fond\u00e9e exclusivement sur le trouble anormal de voisinage, ou sur un autre fondement qui imposerait un recours obligatoire.&#187; (Motifs) Cette approche concr\u00e8te centre l&#8217;analyse sur les moyens juridiques effectivement soulev\u00e9s. Elle garantit une application pr\u00e9cise de la loi proc\u00e9durale au cas d&#8217;esp\u00e8ce.<\/p>\n<p>Le rejet des demandes indemnitaires li\u00e9es \u00e0 l&#8217;incident<\/p>\n<p>Le juge \u00e9carte d&#8217;abord la demande de dommages-int\u00e9r\u00eats pour intention dilatoire. L&#8217;article 123 du code de proc\u00e9dure civile sanctionne le retard fautif dans l&#8217;\u00e9l\u00e9vation d&#8217;une fin de non-recevoir. La d\u00e9cision reconna\u00eet le caract\u00e8re tardif de l&#8217;exception, soulev\u00e9e pr\u00e8s d&#8217;un an apr\u00e8s la constitution d&#8217;avocat. Elle estime pourtant que les d\u00e9lais et renvois ne suffisent pas \u00e0 caract\u00e9riser une mauvaise foi. &#171;Il ne r\u00e9sulte n\u00e9anmoins pas de cette seule chronologie et des diff\u00e9rents renvois \u00e0 la mise en \u00e9tat une intention dilatoire.&#187; (Motifs) Cette exigence d&#8217;un \u00e9l\u00e9ment intentionnel prot\u00e8ge les droits de la d\u00e9fense. Elle emp\u00eache de transformer toute exception tardive en source d&#8217;indemnisation automatique.<\/p>\n<p>L&#8217;ordonnance accorde en revanche une indemnit\u00e9 au titre de l&#8217;article 700 du code de proc\u00e9dure civile. Le juge use de son pouvoir d&#8217;appr\u00e9ciation pour compenser les frais expos\u00e9s. Il motive sa d\u00e9cision par des consid\u00e9rations d&#8217;\u00e9quit\u00e9, li\u00e9es \u00e0 la subordination de la proc\u00e9dure d&#8217;incident. &#171;Par ailleurs, l\u2019\u00e9quit\u00e9 commande de condamner la compagnie d&#8217;assurances L&#8217;AUXILIAIRE et la SAS ARTECH \u00e0 payer \u00e0 la soci\u00e9t\u00e9 D\/L IMMOBILIER, qui subit la proc\u00e9dure d\u2019incident, la somme de 2400 euros.&#187; (Motifs) Cette condamnation distincte pour chaque partie d\u00e9fenderesse respecte le principe de la responsabilit\u00e9 personnelle. Elle \u00e9quilibre la sanction proc\u00e9durale sans recourir \u00e0 une solidarit\u00e9 injustifi\u00e9e.<\/p>\n<\/div>\n","protected":false},"excerpt":{"rendered":"<p>Le tribunal judiciaire de Draguignan, statuant en la personne du juge de la mise en \u00e9tat, a rendu une ordonnance le 15 octobre 2025. Une soci\u00e9t\u00e9 civile immob&#8230;<\/p>\n","protected":false},"author":232070755,"featured_media":4703,"comment_status":"open","ping_status":"open","sticky":false,"template":"","format":"standard","meta":{"_crdt_document":"","_jetpack_newsletter_access":"","_jetpack_dont_email_post_to_subs":false,"_jetpack_newsletter_tier_id":0,"_jetpack_memberships_contains_paywalled_content":false,"_kj_source_type":"judilibre","_kj_official_id":"68d19f46ad61014a2084db01","_kj_official_url":"https:\/\/www.courdecassation.fr\/decision\/68d19f46ad61014a2084db01","_kj_judilibre_id":"68d19f46ad61014a2084db01","_kj_jur":"Tribunal judiciaire","_kj_lieu":"Tribunal judiciaire de Draguignan","_kj_chambre":"Chambre 3 - CONSTRUCTION","_kj_rg":"23\/08494","_kj_date":"2025-09-22","_jetpack_memberships_contains_paid_content":false,"footnotes":"","jetpack_post_was_ever_published":false},"categories":[7597],"tags":[],"class_list":["post-668409","post","type-post","status-publish","format-standard","has-post-thumbnail","hentry","category-jurisprudence"],"yoast_head":"<!-- This site is optimized with the Yoast SEO Premium plugin v27.5 (Yoast SEO v27.5) - https:\/\/yoast.com\/product\/yoast-seo-premium-wordpress\/ -->\n<title>Tribunal judiciaire de Draguignan, le 15 octobre 2025, n\u00b023\/08494 - Ma\u00eetre Hassan Kohen, avocat en droit p\u00e9nal \u00e0 Paris<\/title>\n<meta name=\"description\" content=\"Le tribunal judiciaire de Draguignan, statuant en la personne du juge de la mise en \u00e9tat, a rendu une ordonnance le 15 octobre 2025. Une soci\u00e9t\u00e9 civile immob...\" \/>\n<meta name=\"robots\" content=\"index, follow, max-snippet:-1, max-image-preview:large, max-video-preview:-1\" \/>\n<link rel=\"canonical\" href=\"https:\/\/kohenavocats.com\/ru\/tribunal-judiciaire-de-draguignan-le-15-octobre-2025-n23-08494\/\" \/>\n<meta property=\"og:locale\" content=\"ru_RU\" \/>\n<meta property=\"og:type\" content=\"article\" \/>\n<meta property=\"og:title\" content=\"Tribunal judiciaire de Draguignan, le 15 octobre 2025, n\u00b023\/08494\" \/>\n<meta property=\"og:description\" content=\"Le tribunal judiciaire de Draguignan, statuant en la personne du juge de la mise en \u00e9tat, a rendu une ordonnance le 15 octobre 2025. Une soci\u00e9t\u00e9 civile immob...\" \/>\n<meta property=\"og:url\" content=\"https:\/\/kohenavocats.com\/ru\/tribunal-judiciaire-de-draguignan-le-15-octobre-2025-n23-08494\/\" \/>\n<meta property=\"og:site_name\" content=\"Ma\u00eetre Hassan Kohen, avocat en droit p\u00e9nal \u00e0 Paris\" \/>\n<meta property=\"article:published_time\" content=\"2026-04-24T02:47:39+00:00\" \/>\n<meta property=\"og:image\" content=\"https:\/\/kohenavocats.com\/wp-content\/uploads\/2024\/08\/bastien-nvs-SkgPTTk_eXE-unsplash.webp\" \/>\n\t<meta property=\"og:image:width\" content=\"6000\" \/>\n\t<meta property=\"og:image:height\" content=\"4000\" \/>\n\t<meta property=\"og:image:type\" content=\"image\/webp\" \/>\n<meta name=\"author\" content=\"Kohen\" \/>\n<meta name=\"twitter:card\" content=\"summary_large_image\" \/>\n<meta name=\"twitter:label1\" content=\"\u041d\u0430\u043f\u0438\u0441\u0430\u043d\u043e \u0430\u0432\u0442\u043e\u0440\u043e\u043c\" \/>\n\t<meta name=\"twitter:data1\" content=\"Kohen\" \/>\n\t<meta name=\"twitter:label2\" content=\"\u041f\u0440\u0438\u043c\u0435\u0440\u043d\u043e\u0435 \u0432\u0440\u0435\u043c\u044f \u0434\u043b\u044f \u0447\u0442\u0435\u043d\u0438\u044f\" \/>\n\t<meta name=\"twitter:data2\" content=\"3 \u043c\u0438\u043d\u0443\u0442\u044b\" \/>\n<script type=\"application\/ld+json\" class=\"yoast-schema-graph\">{\"@context\":\"https:\\\/\\\/schema.org\",\"@graph\":[{\"@type\":\"Article\",\"@id\":\"https:\\\/\\\/kohenavocats.com\\\/ru\\\/tribunal-judiciaire-de-draguignan-le-15-octobre-2025-n23-08494\\\/#article\",\"isPartOf\":{\"@id\":\"https:\\\/\\\/kohenavocats.com\\\/ru\\\/tribunal-judiciaire-de-draguignan-le-15-octobre-2025-n23-08494\\\/\"},\"author\":{\"name\":\"Kohen\",\"@id\":\"https:\\\/\\\/kohenavocats.com\\\/ru\\\/#\\\/schema\\\/person\\\/761c9ba54fa1ca84d405cef0831ff751\"},\"headline\":\"Tribunal judiciaire de Draguignan, le 15 octobre 2025, n\u00b023\\\/08494\",\"datePublished\":\"2026-04-24T02:47:39+00:00\",\"mainEntityOfPage\":{\"@id\":\"https:\\\/\\\/kohenavocats.com\\\/ru\\\/tribunal-judiciaire-de-draguignan-le-15-octobre-2025-n23-08494\\\/\"},\"wordCount\":601,\"commentCount\":0,\"publisher\":{\"@id\":\"https:\\\/\\\/kohenavocats.com\\\/ru\\\/#organization\"},\"image\":{\"@id\":\"https:\\\/\\\/kohenavocats.com\\\/ru\\\/tribunal-judiciaire-de-draguignan-le-15-octobre-2025-n23-08494\\\/#primaryimage\"},\"thumbnailUrl\":\"https:\\\/\\\/kohenavocats.com\\\/wp-content\\\/uploads\\\/2024\\\/08\\\/bastien-nvs-SkgPTTk_eXE-unsplash.webp\",\"articleSection\":[\"Jurisprudence\"],\"inLanguage\":\"ru-RU\",\"potentialAction\":[{\"@type\":\"CommentAction\",\"name\":\"Comment\",\"target\":[\"https:\\\/\\\/kohenavocats.com\\\/ru\\\/tribunal-judiciaire-de-draguignan-le-15-octobre-2025-n23-08494\\\/#respond\"]}],\"citation\":\"Tribunal judiciaire de Draguignan, le 15 octobre 2025, n\u00b023\\\/08494\",\"about\":[{\"@type\":\"Thing\",\"name\":\"Jurisprudence\"}],\"dateModified\":\"2026-04-24T02:47:39+00:00\",\"speakable\":{\"@type\":\"SpeakableSpecification\",\"cssSelector\":[\".article-content > p:first-of-type\"]}},{\"@type\":\"WebPage\",\"@id\":\"https:\\\/\\\/kohenavocats.com\\\/ru\\\/tribunal-judiciaire-de-draguignan-le-15-octobre-2025-n23-08494\\\/\",\"url\":\"https:\\\/\\\/kohenavocats.com\\\/ru\\\/tribunal-judiciaire-de-draguignan-le-15-octobre-2025-n23-08494\\\/\",\"name\":\"Tribunal judiciaire de Draguignan, le 15 octobre 2025, n\u00b023\\\/08494 - Ma\u00eetre Hassan Kohen, avocat en droit p\u00e9nal \u00e0 Paris\",\"isPartOf\":{\"@id\":\"https:\\\/\\\/kohenavocats.com\\\/ru\\\/#website\"},\"primaryImageOfPage\":{\"@id\":\"https:\\\/\\\/kohenavocats.com\\\/ru\\\/tribunal-judiciaire-de-draguignan-le-15-octobre-2025-n23-08494\\\/#primaryimage\"},\"image\":{\"@id\":\"https:\\\/\\\/kohenavocats.com\\\/ru\\\/tribunal-judiciaire-de-draguignan-le-15-octobre-2025-n23-08494\\\/#primaryimage\"},\"thumbnailUrl\":\"https:\\\/\\\/kohenavocats.com\\\/wp-content\\\/uploads\\\/2024\\\/08\\\/bastien-nvs-SkgPTTk_eXE-unsplash.webp\",\"datePublished\":\"2026-04-24T02:47:39+00:00\",\"description\":\"Le tribunal judiciaire de Draguignan, statuant en la personne du juge de la mise en \u00e9tat, a rendu une ordonnance le 15 octobre 2025. Une soci\u00e9t\u00e9 civile immob...\",\"breadcrumb\":{\"@id\":\"https:\\\/\\\/kohenavocats.com\\\/ru\\\/tribunal-judiciaire-de-draguignan-le-15-octobre-2025-n23-08494\\\/#breadcrumb\"},\"inLanguage\":\"ru-RU\",\"potentialAction\":[{\"@type\":\"ReadAction\",\"target\":[\"https:\\\/\\\/kohenavocats.com\\\/ru\\\/tribunal-judiciaire-de-draguignan-le-15-octobre-2025-n23-08494\\\/\"]}]},{\"@type\":\"ImageObject\",\"inLanguage\":\"ru-RU\",\"@id\":\"https:\\\/\\\/kohenavocats.com\\\/ru\\\/tribunal-judiciaire-de-draguignan-le-15-octobre-2025-n23-08494\\\/#primaryimage\",\"url\":\"https:\\\/\\\/kohenavocats.com\\\/wp-content\\\/uploads\\\/2024\\\/08\\\/bastien-nvs-SkgPTTk_eXE-unsplash.webp\",\"contentUrl\":\"https:\\\/\\\/kohenavocats.com\\\/wp-content\\\/uploads\\\/2024\\\/08\\\/bastien-nvs-SkgPTTk_eXE-unsplash.webp\",\"width\":6000,\"height\":4000},{\"@type\":\"BreadcrumbList\",\"@id\":\"https:\\\/\\\/kohenavocats.com\\\/ru\\\/tribunal-judiciaire-de-draguignan-le-15-octobre-2025-n23-08494\\\/#breadcrumb\",\"itemListElement\":[{\"@type\":\"ListItem\",\"position\":1,\"name\":\"Home\",\"item\":\"https:\\\/\\\/kohenavocats.com\\\/ru\\\/avocats-en-droit-penal-a-paris-conseil-et-defense-strategique\\\/\"},{\"@type\":\"ListItem\",\"position\":2,\"name\":\"Tribunal judiciaire de Draguignan, le 15 octobre 2025, n\u00b023\\\/08494\"}]},{\"@type\":\"WebSite\",\"@id\":\"https:\\\/\\\/kohenavocats.com\\\/ru\\\/#website\",\"url\":\"https:\\\/\\\/kohenavocats.com\\\/ru\\\/\",\"name\":\"Kohen Avocats\",\"description\":\"Ma\u00eetre Hassan Kohen, avocat p\u00e9naliste \u00e0 Paris, intervient exclusivement en droit p\u00e9nal pour la d\u00e9fense des particuliers, notamment en mati\u00e8re d\u2019accusations de viol. Il assure un accompagnement rigoureux d\u00e8s la garde \u00e0 vue jusqu\u2019\u00e0 la Cour d\u2019assises, veillant au strict respect des garanties proc\u00e9durales.\",\"publisher\":{\"@id\":\"https:\\\/\\\/kohenavocats.com\\\/ru\\\/#organization\"},\"potentialAction\":[{\"@type\":\"SearchAction\",\"target\":{\"@type\":\"EntryPoint\",\"urlTemplate\":\"https:\\\/\\\/kohenavocats.com\\\/ru\\\/?s={search_term_string}\"},\"query-input\":{\"@type\":\"PropertyValueSpecification\",\"valueRequired\":true,\"valueName\":\"search_term_string\"}}],\"inLanguage\":\"ru-RU\"},{\"@type\":\"Organization\",\"@id\":\"https:\\\/\\\/kohenavocats.com\\\/ru\\\/#organization\",\"name\":\"Kohen Avocats\",\"url\":\"https:\\\/\\\/kohenavocats.com\\\/ru\\\/\",\"logo\":{\"@type\":\"ImageObject\",\"inLanguage\":\"ru-RU\",\"@id\":\"https:\\\/\\\/kohenavocats.com\\\/ru\\\/#\\\/schema\\\/logo\\\/image\\\/\",\"url\":\"https:\\\/\\\/kohenavocats.com\\\/wp-content\\\/uploads\\\/2026\\\/01\\\/Logo-2-1.webp\",\"contentUrl\":\"https:\\\/\\\/kohenavocats.com\\\/wp-content\\\/uploads\\\/2026\\\/01\\\/Logo-2-1.webp\",\"width\":2114,\"height\":1253,\"caption\":\"Kohen Avocats\"},\"image\":{\"@id\":\"https:\\\/\\\/kohenavocats.com\\\/ru\\\/#\\\/schema\\\/logo\\\/image\\\/\"}},{\"@type\":\"Person\",\"@id\":\"https:\\\/\\\/kohenavocats.com\\\/ru\\\/#\\\/schema\\\/person\\\/761c9ba54fa1ca84d405cef0831ff751\",\"name\":\"Kohen\",\"image\":{\"@type\":\"ImageObject\",\"inLanguage\":\"ru-RU\",\"@id\":\"https:\\\/\\\/secure.gravatar.com\\\/avatar\\\/1c5e76ef76bbbfdd2b4da984e2bf2fa4056fd51a27d25ce2c332047f1dfd6e00?s=96&d=identicon&r=g\",\"url\":\"https:\\\/\\\/secure.gravatar.com\\\/avatar\\\/1c5e76ef76bbbfdd2b4da984e2bf2fa4056fd51a27d25ce2c332047f1dfd6e00?s=96&d=identicon&r=g\",\"contentUrl\":\"https:\\\/\\\/secure.gravatar.com\\\/avatar\\\/1c5e76ef76bbbfdd2b4da984e2bf2fa4056fd51a27d25ce2c332047f1dfd6e00?s=96&d=identicon&r=g\",\"caption\":\"Kohen\"},\"sameAs\":[\"https:\\\/\\\/www.linkedin.com\\\/in\\\/hassan-kohen-448548192\\\/\",\"https:\\\/\\\/www.youtube.com\\\/@Kohen-Avocats\"],\"url\":\"https:\\\/\\\/kohenavocats.com\\\/ru\\\/author\\\/kohenmlk\\\/\"}]}<\/script>\n<!-- \/ Yoast SEO Premium plugin. -->","yoast_head_json":{"title":"Tribunal judiciaire de Draguignan, le 15 octobre 2025, n\u00b023\/08494 - Ma\u00eetre Hassan Kohen, avocat en droit p\u00e9nal \u00e0 Paris","description":"Le tribunal judiciaire de Draguignan, statuant en la personne du juge de la mise en \u00e9tat, a rendu une ordonnance le 15 octobre 2025. Une soci\u00e9t\u00e9 civile immob...","robots":{"index":"index","follow":"follow","max-snippet":"max-snippet:-1","max-image-preview":"max-image-preview:large","max-video-preview":"max-video-preview:-1"},"canonical":"https:\/\/kohenavocats.com\/ru\/tribunal-judiciaire-de-draguignan-le-15-octobre-2025-n23-08494\/","og_locale":"ru_RU","og_type":"article","og_title":"Tribunal judiciaire de Draguignan, le 15 octobre 2025, n\u00b023\/08494","og_description":"Le tribunal judiciaire de Draguignan, statuant en la personne du juge de la mise en \u00e9tat, a rendu une ordonnance le 15 octobre 2025. Une soci\u00e9t\u00e9 civile immob...","og_url":"https:\/\/kohenavocats.com\/ru\/tribunal-judiciaire-de-draguignan-le-15-octobre-2025-n23-08494\/","og_site_name":"Ma\u00eetre Hassan Kohen, avocat en droit p\u00e9nal \u00e0 Paris","article_published_time":"2026-04-24T02:47:39+00:00","og_image":[{"width":6000,"height":4000,"url":"https:\/\/kohenavocats.com\/wp-content\/uploads\/2024\/08\/bastien-nvs-SkgPTTk_eXE-unsplash.webp","type":"image\/webp"}],"author":"Kohen","twitter_card":"summary_large_image","twitter_misc":{"\u041d\u0430\u043f\u0438\u0441\u0430\u043d\u043e \u0430\u0432\u0442\u043e\u0440\u043e\u043c":"Kohen","\u041f\u0440\u0438\u043c\u0435\u0440\u043d\u043e\u0435 \u0432\u0440\u0435\u043c\u044f \u0434\u043b\u044f \u0447\u0442\u0435\u043d\u0438\u044f":"3 \u043c\u0438\u043d\u0443\u0442\u044b"},"schema":{"@context":"https:\/\/schema.org","@graph":[{"@type":"Article","@id":"https:\/\/kohenavocats.com\/ru\/tribunal-judiciaire-de-draguignan-le-15-octobre-2025-n23-08494\/#article","isPartOf":{"@id":"https:\/\/kohenavocats.com\/ru\/tribunal-judiciaire-de-draguignan-le-15-octobre-2025-n23-08494\/"},"author":{"name":"Kohen","@id":"https:\/\/kohenavocats.com\/ru\/#\/schema\/person\/761c9ba54fa1ca84d405cef0831ff751"},"headline":"Tribunal judiciaire de Draguignan, le 15 octobre 2025, n\u00b023\/08494","datePublished":"2026-04-24T02:47:39+00:00","mainEntityOfPage":{"@id":"https:\/\/kohenavocats.com\/ru\/tribunal-judiciaire-de-draguignan-le-15-octobre-2025-n23-08494\/"},"wordCount":601,"commentCount":0,"publisher":{"@id":"https:\/\/kohenavocats.com\/ru\/#organization"},"image":{"@id":"https:\/\/kohenavocats.com\/ru\/tribunal-judiciaire-de-draguignan-le-15-octobre-2025-n23-08494\/#primaryimage"},"thumbnailUrl":"https:\/\/kohenavocats.com\/wp-content\/uploads\/2024\/08\/bastien-nvs-SkgPTTk_eXE-unsplash.webp","articleSection":["Jurisprudence"],"inLanguage":"ru-RU","potentialAction":[{"@type":"CommentAction","name":"Comment","target":["https:\/\/kohenavocats.com\/ru\/tribunal-judiciaire-de-draguignan-le-15-octobre-2025-n23-08494\/#respond"]}],"citation":"Tribunal judiciaire de Draguignan, le 15 octobre 2025, n\u00b023\/08494","about":[{"@type":"Thing","name":"Jurisprudence"}],"dateModified":"2026-04-24T02:47:39+00:00","speakable":{"@type":"SpeakableSpecification","cssSelector":[".article-content > p:first-of-type"]}},{"@type":"WebPage","@id":"https:\/\/kohenavocats.com\/ru\/tribunal-judiciaire-de-draguignan-le-15-octobre-2025-n23-08494\/","url":"https:\/\/kohenavocats.com\/ru\/tribunal-judiciaire-de-draguignan-le-15-octobre-2025-n23-08494\/","name":"Tribunal judiciaire de Draguignan, le 15 octobre 2025, n\u00b023\/08494 - Ma\u00eetre Hassan Kohen, avocat en droit p\u00e9nal \u00e0 Paris","isPartOf":{"@id":"https:\/\/kohenavocats.com\/ru\/#website"},"primaryImageOfPage":{"@id":"https:\/\/kohenavocats.com\/ru\/tribunal-judiciaire-de-draguignan-le-15-octobre-2025-n23-08494\/#primaryimage"},"image":{"@id":"https:\/\/kohenavocats.com\/ru\/tribunal-judiciaire-de-draguignan-le-15-octobre-2025-n23-08494\/#primaryimage"},"thumbnailUrl":"https:\/\/kohenavocats.com\/wp-content\/uploads\/2024\/08\/bastien-nvs-SkgPTTk_eXE-unsplash.webp","datePublished":"2026-04-24T02:47:39+00:00","description":"Le tribunal judiciaire de Draguignan, statuant en la personne du juge de la mise en \u00e9tat, a rendu une ordonnance le 15 octobre 2025. Une soci\u00e9t\u00e9 civile immob...","breadcrumb":{"@id":"https:\/\/kohenavocats.com\/ru\/tribunal-judiciaire-de-draguignan-le-15-octobre-2025-n23-08494\/#breadcrumb"},"inLanguage":"ru-RU","potentialAction":[{"@type":"ReadAction","target":["https:\/\/kohenavocats.com\/ru\/tribunal-judiciaire-de-draguignan-le-15-octobre-2025-n23-08494\/"]}]},{"@type":"ImageObject","inLanguage":"ru-RU","@id":"https:\/\/kohenavocats.com\/ru\/tribunal-judiciaire-de-draguignan-le-15-octobre-2025-n23-08494\/#primaryimage","url":"https:\/\/kohenavocats.com\/wp-content\/uploads\/2024\/08\/bastien-nvs-SkgPTTk_eXE-unsplash.webp","contentUrl":"https:\/\/kohenavocats.com\/wp-content\/uploads\/2024\/08\/bastien-nvs-SkgPTTk_eXE-unsplash.webp","width":6000,"height":4000},{"@type":"BreadcrumbList","@id":"https:\/\/kohenavocats.com\/ru\/tribunal-judiciaire-de-draguignan-le-15-octobre-2025-n23-08494\/#breadcrumb","itemListElement":[{"@type":"ListItem","position":1,"name":"Home","item":"https:\/\/kohenavocats.com\/ru\/avocats-en-droit-penal-a-paris-conseil-et-defense-strategique\/"},{"@type":"ListItem","position":2,"name":"Tribunal judiciaire de Draguignan, le 15 octobre 2025, n\u00b023\/08494"}]},{"@type":"WebSite","@id":"https:\/\/kohenavocats.com\/ru\/#website","url":"https:\/\/kohenavocats.com\/ru\/","name":"Kohen Avocats","description":"Ma\u00eetre Hassan Kohen, avocat p\u00e9naliste \u00e0 Paris, intervient exclusivement en droit p\u00e9nal pour la d\u00e9fense des particuliers, notamment en mati\u00e8re d\u2019accusations de viol. Il assure un accompagnement rigoureux d\u00e8s la garde \u00e0 vue jusqu\u2019\u00e0 la Cour d\u2019assises, veillant au strict respect des garanties proc\u00e9durales.","publisher":{"@id":"https:\/\/kohenavocats.com\/ru\/#organization"},"potentialAction":[{"@type":"SearchAction","target":{"@type":"EntryPoint","urlTemplate":"https:\/\/kohenavocats.com\/ru\/?s={search_term_string}"},"query-input":{"@type":"PropertyValueSpecification","valueRequired":true,"valueName":"search_term_string"}}],"inLanguage":"ru-RU"},{"@type":"Organization","@id":"https:\/\/kohenavocats.com\/ru\/#organization","name":"Kohen Avocats","url":"https:\/\/kohenavocats.com\/ru\/","logo":{"@type":"ImageObject","inLanguage":"ru-RU","@id":"https:\/\/kohenavocats.com\/ru\/#\/schema\/logo\/image\/","url":"https:\/\/kohenavocats.com\/wp-content\/uploads\/2026\/01\/Logo-2-1.webp","contentUrl":"https:\/\/kohenavocats.com\/wp-content\/uploads\/2026\/01\/Logo-2-1.webp","width":2114,"height":1253,"caption":"Kohen Avocats"},"image":{"@id":"https:\/\/kohenavocats.com\/ru\/#\/schema\/logo\/image\/"}},{"@type":"Person","@id":"https:\/\/kohenavocats.com\/ru\/#\/schema\/person\/761c9ba54fa1ca84d405cef0831ff751","name":"Kohen","image":{"@type":"ImageObject","inLanguage":"ru-RU","@id":"https:\/\/secure.gravatar.com\/avatar\/1c5e76ef76bbbfdd2b4da984e2bf2fa4056fd51a27d25ce2c332047f1dfd6e00?s=96&d=identicon&r=g","url":"https:\/\/secure.gravatar.com\/avatar\/1c5e76ef76bbbfdd2b4da984e2bf2fa4056fd51a27d25ce2c332047f1dfd6e00?s=96&d=identicon&r=g","contentUrl":"https:\/\/secure.gravatar.com\/avatar\/1c5e76ef76bbbfdd2b4da984e2bf2fa4056fd51a27d25ce2c332047f1dfd6e00?s=96&d=identicon&r=g","caption":"Kohen"},"sameAs":["https:\/\/www.linkedin.com\/in\/hassan-kohen-448548192\/","https:\/\/www.youtube.com\/@Kohen-Avocats"],"url":"https:\/\/kohenavocats.com\/ru\/author\/kohenmlk\/"}]}},"jetpack_featured_media_url":"https:\/\/kohenavocats.com\/wp-content\/uploads\/2024\/08\/bastien-nvs-SkgPTTk_eXE-unsplash.webp","jetpack_likes_enabled":false,"jetpack_shortlink":"https:\/\/wp.me\/peCrII-2NSN","jetpack-related-posts":[{"id":668536,"url":"https:\/\/kohenavocats.com\/ru\/tribunal-judiciaire-de-draguignan-le-15-octobre-2024-n21-08323\/","url_meta":{"origin":668409,"position":0},"title":"Tribunal judiciaire de Draguignan, le 15 octobre 2024, n\u00b021\/08323","author":"Kohen","date":"24.04.2026","format":false,"excerpt":"Le tribunal judiciaire, statuant par ordonnance de son juge de la mise en \u00e9tat le 15 octobre 2024, se prononce sur deux incidents. Un syndicat de copropri\u00e9ta...","rel":"","context":"\u0412 &quot;Jurisprudence&quot;","block_context":{"text":"Jurisprudence","link":"https:\/\/kohenavocats.com\/category\/jurisprudence\/"},"img":{"alt_text":"","src":"https:\/\/i0.wp.com\/kohenavocats.com\/wp-content\/uploads\/2024\/08\/is-chessyca-ms276CveJPY-unsplash.webp?resize=350%2C200&ssl=1","width":350,"height":200,"srcset":"https:\/\/i0.wp.com\/kohenavocats.com\/wp-content\/uploads\/2024\/08\/is-chessyca-ms276CveJPY-unsplash.webp?resize=350%2C200&ssl=1 1x, https:\/\/i0.wp.com\/kohenavocats.com\/wp-content\/uploads\/2024\/08\/is-chessyca-ms276CveJPY-unsplash.webp?resize=525%2C300&ssl=1 1.5x, https:\/\/i0.wp.com\/kohenavocats.com\/wp-content\/uploads\/2024\/08\/is-chessyca-ms276CveJPY-unsplash.webp?resize=700%2C400&ssl=1 2x, https:\/\/i0.wp.com\/kohenavocats.com\/wp-content\/uploads\/2024\/08\/is-chessyca-ms276CveJPY-unsplash.webp?resize=1050%2C600&ssl=1 3x, https:\/\/i0.wp.com\/kohenavocats.com\/wp-content\/uploads\/2024\/08\/is-chessyca-ms276CveJPY-unsplash.webp?resize=1400%2C800&ssl=1 4x"},"classes":[]},{"id":668069,"url":"https:\/\/kohenavocats.com\/ru\/tribunal-judiciaire-de-draguignan-le-22-octobre-2025-n24-03248\/","url_meta":{"origin":668409,"position":1},"title":"Tribunal judiciaire de Draguignan, le 22 octobre 2025, n\u00b024\/03248","author":"Kohen","date":"24.04.2026","format":false,"excerpt":"Le tribunal judiciaire de Draguignan, statuant en la personne du juge de la mise en \u00e9tat, a rendu une ordonnance le 22 octobre 2025. L\u2019affaire oppose un ma\u00eet...","rel":"","context":"\u0412 &quot;Immobilier&quot;","block_context":{"text":"Immobilier","link":"https:\/\/kohenavocats.com\/category\/immobilier\/"},"img":{"alt_text":"","src":"https:\/\/i0.wp.com\/kohenavocats.com\/wp-content\/uploads\/2024\/11\/alex-shuper-VcLOsHAk_SA-unsplash.webp?resize=350%2C200&ssl=1","width":350,"height":200,"srcset":"https:\/\/i0.wp.com\/kohenavocats.com\/wp-content\/uploads\/2024\/11\/alex-shuper-VcLOsHAk_SA-unsplash.webp?resize=350%2C200&ssl=1 1x, https:\/\/i0.wp.com\/kohenavocats.com\/wp-content\/uploads\/2024\/11\/alex-shuper-VcLOsHAk_SA-unsplash.webp?resize=525%2C300&ssl=1 1.5x, https:\/\/i0.wp.com\/kohenavocats.com\/wp-content\/uploads\/2024\/11\/alex-shuper-VcLOsHAk_SA-unsplash.webp?resize=700%2C400&ssl=1 2x, https:\/\/i0.wp.com\/kohenavocats.com\/wp-content\/uploads\/2024\/11\/alex-shuper-VcLOsHAk_SA-unsplash.webp?resize=1050%2C600&ssl=1 3x, https:\/\/i0.wp.com\/kohenavocats.com\/wp-content\/uploads\/2024\/11\/alex-shuper-VcLOsHAk_SA-unsplash.webp?resize=1400%2C800&ssl=1 4x"},"classes":[]},{"id":480421,"url":"https:\/\/kohenavocats.com\/ru\/tribunal-judiciaire-de-draguignan-le-7-novembre-2025-n25-05482\/","url_meta":{"origin":668409,"position":2},"title":"Tribunal judiciaire de Draguignan, le 7 novembre 2025, n\u00b025\/05482","author":"Kohen","date":"07.04.2026","format":false,"excerpt":"Le juge de l'ex\u00e9cution du tribunal judiciaire de Draguignan, statuant le 7 novembre 2025, a examin\u00e9 une proc\u00e9dure de saisie immobili\u00e8re engag\u00e9e pour le recou...","rel":"","context":"\u0412 &quot;Jurisprudence&quot;","block_context":{"text":"Jurisprudence","link":"https:\/\/kohenavocats.com\/category\/jurisprudence\/"},"img":{"alt_text":"","src":"https:\/\/i0.wp.com\/kohenavocats.com\/wp-content\/uploads\/2024\/11\/ave-calvar-clKiaVaiROM-unsplash.webp?resize=350%2C200&ssl=1","width":350,"height":200,"srcset":"https:\/\/i0.wp.com\/kohenavocats.com\/wp-content\/uploads\/2024\/11\/ave-calvar-clKiaVaiROM-unsplash.webp?resize=350%2C200&ssl=1 1x, https:\/\/i0.wp.com\/kohenavocats.com\/wp-content\/uploads\/2024\/11\/ave-calvar-clKiaVaiROM-unsplash.webp?resize=525%2C300&ssl=1 1.5x, https:\/\/i0.wp.com\/kohenavocats.com\/wp-content\/uploads\/2024\/11\/ave-calvar-clKiaVaiROM-unsplash.webp?resize=700%2C400&ssl=1 2x, https:\/\/i0.wp.com\/kohenavocats.com\/wp-content\/uploads\/2024\/11\/ave-calvar-clKiaVaiROM-unsplash.webp?resize=1050%2C600&ssl=1 3x, https:\/\/i0.wp.com\/kohenavocats.com\/wp-content\/uploads\/2024\/11\/ave-calvar-clKiaVaiROM-unsplash.webp?resize=1400%2C800&ssl=1 4x"},"classes":[]},{"id":668071,"url":"https:\/\/kohenavocats.com\/ru\/tribunal-judiciaire-de-draguignan-le-22-septembre-2025-n22-03616\/","url_meta":{"origin":668409,"position":3},"title":"Tribunal judiciaire de Draguignan, le 22 septembre 2025, n\u00b022\/03616","author":"Kohen","date":"24.04.2026","format":false,"excerpt":"Le tribunal judiciaire de Draguignan, statuant par ordonnance de mise en \u00e9tat le douze f\u00e9vrier deux mille vingt-six, examine un litige entre parties \u00e0 une ve...","rel":"","context":"\u0412 &quot;Code des assurances&quot;","block_context":{"text":"Code des assurances","link":"https:\/\/kohenavocats.com\/category\/code-des-assurances\/"},"img":{"alt_text":"","src":"https:\/\/i0.wp.com\/kohenavocats.com\/wp-content\/uploads\/2024\/11\/george-dagerotip-8CdA2foBDnk-unsplash.webp?resize=350%2C200&ssl=1","width":350,"height":200,"srcset":"https:\/\/i0.wp.com\/kohenavocats.com\/wp-content\/uploads\/2024\/11\/george-dagerotip-8CdA2foBDnk-unsplash.webp?resize=350%2C200&ssl=1 1x, https:\/\/i0.wp.com\/kohenavocats.com\/wp-content\/uploads\/2024\/11\/george-dagerotip-8CdA2foBDnk-unsplash.webp?resize=525%2C300&ssl=1 1.5x, https:\/\/i0.wp.com\/kohenavocats.com\/wp-content\/uploads\/2024\/11\/george-dagerotip-8CdA2foBDnk-unsplash.webp?resize=700%2C400&ssl=1 2x, https:\/\/i0.wp.com\/kohenavocats.com\/wp-content\/uploads\/2024\/11\/george-dagerotip-8CdA2foBDnk-unsplash.webp?resize=1050%2C600&ssl=1 3x, https:\/\/i0.wp.com\/kohenavocats.com\/wp-content\/uploads\/2024\/11\/george-dagerotip-8CdA2foBDnk-unsplash.webp?resize=1400%2C800&ssl=1 4x"},"classes":[]},{"id":625905,"url":"https:\/\/kohenavocats.com\/ru\/tribunal-judiciaire-de-draguignan-le-16-octobre-2025-n22-00076\/","url_meta":{"origin":668409,"position":4},"title":"Tribunal judiciaire de Draguignan, le 16 octobre 2025, n\u00b022\/00076","author":"Kohen","date":"20.04.2026","format":false,"excerpt":"Le tribunal judiciaire de Draguignan, statuant le seize octobre deux mille vingt-cinq, a \u00e9t\u00e9 saisi par deux h\u00e9riti\u00e8res d\u2019une demande en nullit\u00e9 d\u2019une vente i...","rel":"","context":"\u0412 &quot;Jurisprudence&quot;","block_context":{"text":"Jurisprudence","link":"https:\/\/kohenavocats.com\/category\/jurisprudence\/"},"img":{"alt_text":"","src":"https:\/\/i0.wp.com\/kohenavocats.com\/wp-content\/uploads\/2024\/08\/leyre-Th2MisvdKr0-unsplash.webp?resize=350%2C200&ssl=1","width":350,"height":200,"srcset":"https:\/\/i0.wp.com\/kohenavocats.com\/wp-content\/uploads\/2024\/08\/leyre-Th2MisvdKr0-unsplash.webp?resize=350%2C200&ssl=1 1x, https:\/\/i0.wp.com\/kohenavocats.com\/wp-content\/uploads\/2024\/08\/leyre-Th2MisvdKr0-unsplash.webp?resize=525%2C300&ssl=1 1.5x, https:\/\/i0.wp.com\/kohenavocats.com\/wp-content\/uploads\/2024\/08\/leyre-Th2MisvdKr0-unsplash.webp?resize=700%2C400&ssl=1 2x, https:\/\/i0.wp.com\/kohenavocats.com\/wp-content\/uploads\/2024\/08\/leyre-Th2MisvdKr0-unsplash.webp?resize=1050%2C600&ssl=1 3x, https:\/\/i0.wp.com\/kohenavocats.com\/wp-content\/uploads\/2024\/08\/leyre-Th2MisvdKr0-unsplash.webp?resize=1400%2C800&ssl=1 4x"},"classes":[]},{"id":627157,"url":"https:\/\/kohenavocats.com\/ru\/tribunal-judiciaire-de-draguignan-le-16-octobre-2025-n23-04449\/","url_meta":{"origin":668409,"position":5},"title":"Tribunal judiciaire de Draguignan, le 16 octobre 2025, n\u00b023\/04449","author":"Kohen","date":"20.04.2026","format":false,"excerpt":"Le tribunal judiciaire de Draguignan, le 16 octobre 2025, statue sur un litige n\u00e9 de la vente d\u2019un appartement. L\u2019acqu\u00e9reur agit en nullit\u00e9 pour dol et en ga...","rel":"","context":"\u0412 &quot;Jurisprudence&quot;","block_context":{"text":"Jurisprudence","link":"https:\/\/kohenavocats.com\/category\/jurisprudence\/"},"img":{"alt_text":"","src":"https:\/\/i0.wp.com\/kohenavocats.com\/wp-content\/uploads\/2024\/11\/mohamed-nohassi-2pwiobQzBhg-unsplash.webp?resize=350%2C200&ssl=1","width":350,"height":200,"srcset":"https:\/\/i0.wp.com\/kohenavocats.com\/wp-content\/uploads\/2024\/11\/mohamed-nohassi-2pwiobQzBhg-unsplash.webp?resize=350%2C200&ssl=1 1x, https:\/\/i0.wp.com\/kohenavocats.com\/wp-content\/uploads\/2024\/11\/mohamed-nohassi-2pwiobQzBhg-unsplash.webp?resize=525%2C300&ssl=1 1.5x, https:\/\/i0.wp.com\/kohenavocats.com\/wp-content\/uploads\/2024\/11\/mohamed-nohassi-2pwiobQzBhg-unsplash.webp?resize=700%2C400&ssl=1 2x, https:\/\/i0.wp.com\/kohenavocats.com\/wp-content\/uploads\/2024\/11\/mohamed-nohassi-2pwiobQzBhg-unsplash.webp?resize=1050%2C600&ssl=1 3x, https:\/\/i0.wp.com\/kohenavocats.com\/wp-content\/uploads\/2024\/11\/mohamed-nohassi-2pwiobQzBhg-unsplash.webp?resize=1400%2C800&ssl=1 4x"},"classes":[]}],"jetpack_sharing_enabled":true,"_links":{"self":[{"href":"https:\/\/kohenavocats.com\/ru\/wp-json\/wp\/v2\/posts\/668409","targetHints":{"allow":["GET"]}}],"collection":[{"href":"https:\/\/kohenavocats.com\/ru\/wp-json\/wp\/v2\/posts"}],"about":[{"href":"https:\/\/kohenavocats.com\/ru\/wp-json\/wp\/v2\/types\/post"}],"author":[{"embeddable":true,"href":"https:\/\/kohenavocats.com\/ru\/wp-json\/wp\/v2\/users\/232070755"}],"replies":[{"embeddable":true,"href":"https:\/\/kohenavocats.com\/ru\/wp-json\/wp\/v2\/comments?post=668409"}],"version-history":[{"count":0,"href":"https:\/\/kohenavocats.com\/ru\/wp-json\/wp\/v2\/posts\/668409\/revisions"}],"wp:featuredmedia":[{"embeddable":true,"href":"https:\/\/kohenavocats.com\/ru\/wp-json\/wp\/v2\/media\/4703"}],"wp:attachment":[{"href":"https:\/\/kohenavocats.com\/ru\/wp-json\/wp\/v2\/media?parent=668409"}],"wp:term":[{"taxonomy":"category","embeddable":true,"href":"https:\/\/kohenavocats.com\/ru\/wp-json\/wp\/v2\/categories?post=668409"},{"taxonomy":"post_tag","embeddable":true,"href":"https:\/\/kohenavocats.com\/ru\/wp-json\/wp\/v2\/tags?post=668409"}],"curies":[{"name":"wp","href":"https:\/\/api.w.org\/{rel}","templated":true}]}}