{"id":668413,"date":"2026-04-24T04:47:47","date_gmt":"2026-04-24T02:47:47","guid":{"rendered":"https:\/\/kohenavocats.com\/tribunal-judiciaire-de-dijon-le-22-septembre-2025-n22-02721\/"},"modified":"2026-04-24T04:47:47","modified_gmt":"2026-04-24T02:47:47","slug":"tribunal-judiciaire-de-dijon-le-22-septembre-2025-n22-02721","status":"publish","type":"post","link":"https:\/\/kohenavocats.com\/ru\/tribunal-judiciaire-de-dijon-le-22-septembre-2025-n22-02721\/","title":{"rendered":"Tribunal judiciaire de Dijon, le 22 septembre 2025, n\u00b022\/02721"},"content":{"rendered":"<div class=\"article-content\">\n<p>Le tribunal judiciaire de Dijon, par ordonnance du juge de la mise en \u00e9tat en date du 22 septembre 2025, statue sur une demande de sursis \u00e0 statuer dans un litige contractuel complexe. L&#8217;affaire principale concerne une demande en paiement du prix li\u00e9e \u00e0 des travaux de construction. Plusieurs parties ont \u00e9t\u00e9 mises en cause par voie d&#8217;appel en garantie, cr\u00e9ant un contentieux multipolaire. La question pos\u00e9e est celle de l&#8217;opportunit\u00e9 de suspendre la proc\u00e9dure en attente d&#8217;une expertise judiciaire externe. Le juge fait droit \u00e0 la demande de sursis, estimant qu&#8217;elle sert une bonne administration de la justice.<\/p>\n<p>La comp\u00e9tence du juge de la mise en \u00e9tat pour ordonner un sursis<\/p>\n<p>Le juge rappelle le fondement l\u00e9gal de sa comp\u00e9tence pour statuer sur cette demande incidente. Il se fonde sur l&#8217;article 789 du code de proc\u00e9dure civile qui attribue cette comp\u00e9tence au juge de la mise en \u00e9tat apr\u00e8s sa d\u00e9signation. La d\u00e9cision pr\u00e9cise que &#171;la d\u00e9cision de sursis suspend le cours de l\u2019instance pour le temps ou jusqu\u2019\u00e0 la survenance de l\u2019\u00e9v\u00e9nement qu\u2019elle d\u00e9termine&#187; (article 378 du code de proc\u00e9dure civile). Ce cadre l\u00e9gal permet au juge de g\u00e9rer efficacement le d\u00e9roulement de l&#8217;instance. La qualification de l&#8217;exception de proc\u00e9dure est ainsi clairement \u00e9tablie. Cette analyse confirme l&#8217;autorit\u00e9 du juge des r\u00e9f\u00e9r\u00e9s de la mise en \u00e9tat sur la discipline proc\u00e9durale. Elle \u00e9vite tout conflit de comp\u00e9tence et assure une gestion unifi\u00e9e des incidents d&#8217;instance.<\/p>\n<p>Les conditions de fond justifiant le sursis \u00e0 statuer<\/p>\n<p>Le juge examine les circonstances de l&#8217;esp\u00e8ce pour appr\u00e9cier le bien-fond\u00e9 de la demande. L&#8217;expertise judiciaire en cours, ordonn\u00e9e par le tribunal de commerce, est centrale dans son raisonnement. Elle a pour objet de &#171;fournir tous les \u00e9l\u00e9ments techniques et de faits permettant \u00e0 la juridiction qui sera \u00e9ventuellement saisie de statuer&#187; sur les pr\u00e9judices all\u00e9gu\u00e9s. De plus, l&#8217;expert s&#8217;est adjoint un sapiteur pour analyser les r\u00e9clamations financi\u00e8res de toutes les parties. Le juge constate que les op\u00e9rations sont toujours en cours et permettront un examen contradictoire des d\u00e9sordres et des cr\u00e9ances. Il en d\u00e9duit la n\u00e9cessit\u00e9 du sursis pour une saine administration de la justice. Cette appr\u00e9ciation in concreto s&#8217;inscrit dans une jurisprudence constante sur l&#8217;utilit\u00e9 de l&#8217;expertise.<\/p>\n<p>La port\u00e9e de la d\u00e9cision pour l&#8217;administration de la justice<\/p>\n<p>L&#8217;ordonnance illustre le pouvoir d&#8217;adaptation du juge pour garantir un proc\u00e8s \u00e9quitable. La suspension de l&#8217;instance \u00e9vite des d\u00e9cisions fragmentaires sur des \u00e9l\u00e9ments techniques non \u00e9claircis. Elle permet d&#8217;attendre des conclusions expertales communes et opposables \u00e0 toutes les parties mises en cause. Cette approche rejoint celle d&#8217;autres juridictions qui estiment qu'&#187;il est d\u2019une bonne administration de la justice de faire droit \u00e0 la demande de sursis \u00e0 statuer&#187; (Tribunal judiciaire de Saint-Brieuc, le 9 f\u00e9vrier 2026, n\u00b025\/00782). Le juge privil\u00e9gie ainsi la coll\u00e9gialit\u00e9 de la preuve sur des faits techniques complexes. Cette gestion proc\u00e9durale pr\u00e9ventive vise \u00e0 \u00e9clairer le d\u00e9bat de fa\u00e7on compl\u00e8te et contradictoire.<\/p>\n<p>Les implications pratiques de la suspension de l&#8217;instance<\/p>\n<p>La d\u00e9cision a des cons\u00e9quences imm\u00e9diates sur le d\u00e9roulement du proc\u00e8s. Elle g\u00e8le temporairement l&#8217;examen du fond de la demande initiale en paiement. La reprise de la proc\u00e9dure est subordonn\u00e9e au d\u00e9p\u00f4t du rapport d&#8217;expertise d\u00e9finitif. Elle sera \u00e0 l&#8217;initiative de la partie la plus diligente, selon les termes de l&#8217;ordonnance. Cette solution organise une p\u00e9riode d&#8217;attente active, \u00e9vitant la p\u00e9remption de l&#8217;instance. Elle aligne le calendrier de la proc\u00e9dure judiciaire sur celui de l&#8217;expertise extrajudiciaire d\u00e9j\u00e0 engag\u00e9e. Cette coordination est essentielle dans les litiges multipartites aux enjeux techniques imbriqu\u00e9s. Elle assure une \u00e9conomie de moyens et une s\u00e9curit\u00e9 juridique pour l&#8217;ensemble des acteurs.<\/p>\n<\/div>\n","protected":false},"excerpt":{"rendered":"<p>Le tribunal judiciaire de Dijon, par ordonnance du juge de la mise en \u00e9tat en date du 22 septembre 2025, statue sur une demande de sursis \u00e0 statuer dans un l&#8230;<\/p>\n","protected":false},"author":232070755,"featured_media":9573,"comment_status":"open","ping_status":"open","sticky":false,"template":"","format":"standard","meta":{"_crdt_document":"","_jetpack_newsletter_access":"","_jetpack_dont_email_post_to_subs":false,"_jetpack_newsletter_tier_id":0,"_jetpack_memberships_contains_paywalled_content":false,"_jetpack_memberships_contains_paid_content":false,"footnotes":"","jetpack_post_was_ever_published":false},"categories":[7597],"tags":[],"class_list":["post-668413","post","type-post","status-publish","format-standard","has-post-thumbnail","hentry","category-jurisprudence"],"yoast_head":"<!-- This site is optimized with the Yoast SEO Premium plugin v27.4 (Yoast SEO v27.4) - https:\/\/yoast.com\/product\/yoast-seo-premium-wordpress\/ -->\n<title>Tribunal judiciaire de Dijon, le 22 septembre 2025, n\u00b022\/02721 - Ma\u00eetre Hassan Kohen, avocat en droit p\u00e9nal \u00e0 Paris<\/title>\n<meta name=\"description\" content=\"Le tribunal judiciaire de Dijon, par ordonnance du juge de la mise en \u00e9tat en date du 22 septembre 2025, statue sur une demande de sursis \u00e0 statuer dans un l...\" \/>\n<meta name=\"robots\" content=\"index, follow, max-snippet:-1, max-image-preview:large, max-video-preview:-1\" \/>\n<link rel=\"canonical\" href=\"https:\/\/kohenavocats.com\/ru\/tribunal-judiciaire-de-dijon-le-22-septembre-2025-n22-02721\/\" \/>\n<meta property=\"og:locale\" content=\"ru_RU\" \/>\n<meta property=\"og:type\" content=\"article\" \/>\n<meta property=\"og:title\" content=\"Tribunal judiciaire de Dijon, le 22 septembre 2025, n\u00b022\/02721\" \/>\n<meta property=\"og:description\" content=\"Le tribunal judiciaire de Dijon, par ordonnance du juge de la mise en \u00e9tat en date du 22 septembre 2025, statue sur une demande de sursis \u00e0 statuer dans un l...\" \/>\n<meta property=\"og:url\" content=\"https:\/\/kohenavocats.com\/ru\/tribunal-judiciaire-de-dijon-le-22-septembre-2025-n22-02721\/\" \/>\n<meta property=\"og:site_name\" content=\"Ma\u00eetre Hassan Kohen, avocat en droit p\u00e9nal \u00e0 Paris\" \/>\n<meta property=\"article:published_time\" content=\"2026-04-24T02:47:47+00:00\" \/>\n<meta property=\"og:image\" content=\"https:\/\/kohenavocats.com\/wp-content\/uploads\/2024\/11\/ave-calvar-4fJHeKyHyX8-unsplash.webp\" \/>\n\t<meta property=\"og:image:width\" content=\"6351\" \/>\n\t<meta property=\"og:image:height\" content=\"2915\" \/>\n\t<meta property=\"og:image:type\" content=\"image\/webp\" \/>\n<meta name=\"author\" content=\"Kohen\" \/>\n<meta name=\"twitter:card\" content=\"summary_large_image\" \/>\n<meta name=\"twitter:label1\" content=\"\u041d\u0430\u043f\u0438\u0441\u0430\u043d\u043e \u0430\u0432\u0442\u043e\u0440\u043e\u043c\" \/>\n\t<meta name=\"twitter:data1\" content=\"Kohen\" \/>\n\t<meta name=\"twitter:label2\" content=\"\u041f\u0440\u0438\u043c\u0435\u0440\u043d\u043e\u0435 \u0432\u0440\u0435\u043c\u044f \u0434\u043b\u044f \u0447\u0442\u0435\u043d\u0438\u044f\" \/>\n\t<meta name=\"twitter:data2\" content=\"3 \u043c\u0438\u043d\u0443\u0442\u044b\" \/>\n<script type=\"application\/ld+json\" class=\"yoast-schema-graph\">{\"@context\":\"https:\\\/\\\/schema.org\",\"@graph\":[{\"@type\":\"Article\",\"@id\":\"https:\\\/\\\/kohenavocats.com\\\/ru\\\/tribunal-judiciaire-de-dijon-le-22-septembre-2025-n22-02721\\\/#article\",\"isPartOf\":{\"@id\":\"https:\\\/\\\/kohenavocats.com\\\/ru\\\/tribunal-judiciaire-de-dijon-le-22-septembre-2025-n22-02721\\\/\"},\"author\":{\"name\":\"Kohen\",\"@id\":\"https:\\\/\\\/kohenavocats.com\\\/ru\\\/#\\\/schema\\\/person\\\/761c9ba54fa1ca84d405cef0831ff751\"},\"headline\":\"Tribunal judiciaire de Dijon, le 22 septembre 2025, n\u00b022\\\/02721\",\"datePublished\":\"2026-04-24T02:47:47+00:00\",\"mainEntityOfPage\":{\"@id\":\"https:\\\/\\\/kohenavocats.com\\\/ru\\\/tribunal-judiciaire-de-dijon-le-22-septembre-2025-n22-02721\\\/\"},\"wordCount\":693,\"commentCount\":0,\"publisher\":{\"@id\":\"https:\\\/\\\/kohenavocats.com\\\/ru\\\/#organization\"},\"image\":{\"@id\":\"https:\\\/\\\/kohenavocats.com\\\/ru\\\/tribunal-judiciaire-de-dijon-le-22-septembre-2025-n22-02721\\\/#primaryimage\"},\"thumbnailUrl\":\"https:\\\/\\\/kohenavocats.com\\\/wp-content\\\/uploads\\\/2024\\\/11\\\/ave-calvar-4fJHeKyHyX8-unsplash.webp\",\"articleSection\":[\"Jurisprudence\"],\"inLanguage\":\"ru-RU\",\"potentialAction\":[{\"@type\":\"CommentAction\",\"name\":\"Comment\",\"target\":[\"https:\\\/\\\/kohenavocats.com\\\/ru\\\/tribunal-judiciaire-de-dijon-le-22-septembre-2025-n22-02721\\\/#respond\"]}],\"citation\":\"Tribunal judiciaire de Dijon, le 22 septembre 2025, n\u00b022\\\/02721\",\"about\":[{\"@type\":\"Thing\",\"name\":\"Jurisprudence\"}],\"dateModified\":\"2026-04-24T02:47:47+00:00\",\"speakable\":{\"@type\":\"SpeakableSpecification\",\"cssSelector\":[\".article-content > p:first-of-type\"]}},{\"@type\":\"WebPage\",\"@id\":\"https:\\\/\\\/kohenavocats.com\\\/ru\\\/tribunal-judiciaire-de-dijon-le-22-septembre-2025-n22-02721\\\/\",\"url\":\"https:\\\/\\\/kohenavocats.com\\\/ru\\\/tribunal-judiciaire-de-dijon-le-22-septembre-2025-n22-02721\\\/\",\"name\":\"Tribunal judiciaire de Dijon, le 22 septembre 2025, n\u00b022\\\/02721 - Ma\u00eetre Hassan Kohen, avocat en droit p\u00e9nal \u00e0 Paris\",\"isPartOf\":{\"@id\":\"https:\\\/\\\/kohenavocats.com\\\/ru\\\/#website\"},\"primaryImageOfPage\":{\"@id\":\"https:\\\/\\\/kohenavocats.com\\\/ru\\\/tribunal-judiciaire-de-dijon-le-22-septembre-2025-n22-02721\\\/#primaryimage\"},\"image\":{\"@id\":\"https:\\\/\\\/kohenavocats.com\\\/ru\\\/tribunal-judiciaire-de-dijon-le-22-septembre-2025-n22-02721\\\/#primaryimage\"},\"thumbnailUrl\":\"https:\\\/\\\/kohenavocats.com\\\/wp-content\\\/uploads\\\/2024\\\/11\\\/ave-calvar-4fJHeKyHyX8-unsplash.webp\",\"datePublished\":\"2026-04-24T02:47:47+00:00\",\"description\":\"Le tribunal judiciaire de Dijon, par ordonnance du juge de la mise en \u00e9tat en date du 22 septembre 2025, statue sur une demande de sursis \u00e0 statuer dans un l...\",\"breadcrumb\":{\"@id\":\"https:\\\/\\\/kohenavocats.com\\\/ru\\\/tribunal-judiciaire-de-dijon-le-22-septembre-2025-n22-02721\\\/#breadcrumb\"},\"inLanguage\":\"ru-RU\",\"potentialAction\":[{\"@type\":\"ReadAction\",\"target\":[\"https:\\\/\\\/kohenavocats.com\\\/ru\\\/tribunal-judiciaire-de-dijon-le-22-septembre-2025-n22-02721\\\/\"]}]},{\"@type\":\"ImageObject\",\"inLanguage\":\"ru-RU\",\"@id\":\"https:\\\/\\\/kohenavocats.com\\\/ru\\\/tribunal-judiciaire-de-dijon-le-22-septembre-2025-n22-02721\\\/#primaryimage\",\"url\":\"https:\\\/\\\/kohenavocats.com\\\/wp-content\\\/uploads\\\/2024\\\/11\\\/ave-calvar-4fJHeKyHyX8-unsplash.webp\",\"contentUrl\":\"https:\\\/\\\/kohenavocats.com\\\/wp-content\\\/uploads\\\/2024\\\/11\\\/ave-calvar-4fJHeKyHyX8-unsplash.webp\",\"width\":6351,\"height\":2915},{\"@type\":\"BreadcrumbList\",\"@id\":\"https:\\\/\\\/kohenavocats.com\\\/ru\\\/tribunal-judiciaire-de-dijon-le-22-septembre-2025-n22-02721\\\/#breadcrumb\",\"itemListElement\":[{\"@type\":\"ListItem\",\"position\":1,\"name\":\"Home\",\"item\":\"https:\\\/\\\/kohenavocats.com\\\/ru\\\/avocats-en-droit-penal-a-paris-conseil-et-defense-strategique\\\/\"},{\"@type\":\"ListItem\",\"position\":2,\"name\":\"Tribunal judiciaire de Dijon, le 22 septembre 2025, n\u00b022\\\/02721\"}]},{\"@type\":\"WebSite\",\"@id\":\"https:\\\/\\\/kohenavocats.com\\\/ru\\\/#website\",\"url\":\"https:\\\/\\\/kohenavocats.com\\\/ru\\\/\",\"name\":\"Kohen Avocats\",\"description\":\"Ma\u00eetre Hassan Kohen, avocat p\u00e9naliste \u00e0 Paris, intervient exclusivement en droit p\u00e9nal pour la d\u00e9fense des particuliers, notamment en mati\u00e8re d\u2019accusations de viol. Il assure un accompagnement rigoureux d\u00e8s la garde \u00e0 vue jusqu\u2019\u00e0 la Cour d\u2019assises, veillant au strict respect des garanties proc\u00e9durales.\",\"publisher\":{\"@id\":\"https:\\\/\\\/kohenavocats.com\\\/ru\\\/#organization\"},\"potentialAction\":[{\"@type\":\"SearchAction\",\"target\":{\"@type\":\"EntryPoint\",\"urlTemplate\":\"https:\\\/\\\/kohenavocats.com\\\/ru\\\/?s={search_term_string}\"},\"query-input\":{\"@type\":\"PropertyValueSpecification\",\"valueRequired\":true,\"valueName\":\"search_term_string\"}}],\"inLanguage\":\"ru-RU\"},{\"@type\":\"Organization\",\"@id\":\"https:\\\/\\\/kohenavocats.com\\\/ru\\\/#organization\",\"name\":\"Kohen Avocats\",\"url\":\"https:\\\/\\\/kohenavocats.com\\\/ru\\\/\",\"logo\":{\"@type\":\"ImageObject\",\"inLanguage\":\"ru-RU\",\"@id\":\"https:\\\/\\\/kohenavocats.com\\\/ru\\\/#\\\/schema\\\/logo\\\/image\\\/\",\"url\":\"https:\\\/\\\/kohenavocats.com\\\/wp-content\\\/uploads\\\/2026\\\/01\\\/Logo-2-1.webp\",\"contentUrl\":\"https:\\\/\\\/kohenavocats.com\\\/wp-content\\\/uploads\\\/2026\\\/01\\\/Logo-2-1.webp\",\"width\":2114,\"height\":1253,\"caption\":\"Kohen Avocats\"},\"image\":{\"@id\":\"https:\\\/\\\/kohenavocats.com\\\/ru\\\/#\\\/schema\\\/logo\\\/image\\\/\"}},{\"@type\":\"Person\",\"@id\":\"https:\\\/\\\/kohenavocats.com\\\/ru\\\/#\\\/schema\\\/person\\\/761c9ba54fa1ca84d405cef0831ff751\",\"name\":\"Kohen\",\"image\":{\"@type\":\"ImageObject\",\"inLanguage\":\"ru-RU\",\"@id\":\"https:\\\/\\\/secure.gravatar.com\\\/avatar\\\/1c5e76ef76bbbfdd2b4da984e2bf2fa4056fd51a27d25ce2c332047f1dfd6e00?s=96&d=identicon&r=g\",\"url\":\"https:\\\/\\\/secure.gravatar.com\\\/avatar\\\/1c5e76ef76bbbfdd2b4da984e2bf2fa4056fd51a27d25ce2c332047f1dfd6e00?s=96&d=identicon&r=g\",\"contentUrl\":\"https:\\\/\\\/secure.gravatar.com\\\/avatar\\\/1c5e76ef76bbbfdd2b4da984e2bf2fa4056fd51a27d25ce2c332047f1dfd6e00?s=96&d=identicon&r=g\",\"caption\":\"Kohen\"},\"sameAs\":[\"https:\\\/\\\/www.linkedin.com\\\/in\\\/hassan-kohen-448548192\\\/\",\"https:\\\/\\\/www.youtube.com\\\/@Kohen-Avocats\"],\"url\":\"https:\\\/\\\/kohenavocats.com\\\/ru\\\/author\\\/kohenmlk\\\/\"}]}<\/script>\n<!-- \/ Yoast SEO Premium plugin. -->","yoast_head_json":{"title":"Tribunal judiciaire de Dijon, le 22 septembre 2025, n\u00b022\/02721 - Ma\u00eetre Hassan Kohen, avocat en droit p\u00e9nal \u00e0 Paris","description":"Le tribunal judiciaire de Dijon, par ordonnance du juge de la mise en \u00e9tat en date du 22 septembre 2025, statue sur une demande de sursis \u00e0 statuer dans un l...","robots":{"index":"index","follow":"follow","max-snippet":"max-snippet:-1","max-image-preview":"max-image-preview:large","max-video-preview":"max-video-preview:-1"},"canonical":"https:\/\/kohenavocats.com\/ru\/tribunal-judiciaire-de-dijon-le-22-septembre-2025-n22-02721\/","og_locale":"ru_RU","og_type":"article","og_title":"Tribunal judiciaire de Dijon, le 22 septembre 2025, n\u00b022\/02721","og_description":"Le tribunal judiciaire de Dijon, par ordonnance du juge de la mise en \u00e9tat en date du 22 septembre 2025, statue sur une demande de sursis \u00e0 statuer dans un l...","og_url":"https:\/\/kohenavocats.com\/ru\/tribunal-judiciaire-de-dijon-le-22-septembre-2025-n22-02721\/","og_site_name":"Ma\u00eetre Hassan Kohen, avocat en droit p\u00e9nal \u00e0 Paris","article_published_time":"2026-04-24T02:47:47+00:00","og_image":[{"width":6351,"height":2915,"url":"https:\/\/kohenavocats.com\/wp-content\/uploads\/2024\/11\/ave-calvar-4fJHeKyHyX8-unsplash.webp","type":"image\/webp"}],"author":"Kohen","twitter_card":"summary_large_image","twitter_misc":{"\u041d\u0430\u043f\u0438\u0441\u0430\u043d\u043e \u0430\u0432\u0442\u043e\u0440\u043e\u043c":"Kohen","\u041f\u0440\u0438\u043c\u0435\u0440\u043d\u043e\u0435 \u0432\u0440\u0435\u043c\u044f \u0434\u043b\u044f \u0447\u0442\u0435\u043d\u0438\u044f":"3 \u043c\u0438\u043d\u0443\u0442\u044b"},"schema":{"@context":"https:\/\/schema.org","@graph":[{"@type":"Article","@id":"https:\/\/kohenavocats.com\/ru\/tribunal-judiciaire-de-dijon-le-22-septembre-2025-n22-02721\/#article","isPartOf":{"@id":"https:\/\/kohenavocats.com\/ru\/tribunal-judiciaire-de-dijon-le-22-septembre-2025-n22-02721\/"},"author":{"name":"Kohen","@id":"https:\/\/kohenavocats.com\/ru\/#\/schema\/person\/761c9ba54fa1ca84d405cef0831ff751"},"headline":"Tribunal judiciaire de Dijon, le 22 septembre 2025, n\u00b022\/02721","datePublished":"2026-04-24T02:47:47+00:00","mainEntityOfPage":{"@id":"https:\/\/kohenavocats.com\/ru\/tribunal-judiciaire-de-dijon-le-22-septembre-2025-n22-02721\/"},"wordCount":693,"commentCount":0,"publisher":{"@id":"https:\/\/kohenavocats.com\/ru\/#organization"},"image":{"@id":"https:\/\/kohenavocats.com\/ru\/tribunal-judiciaire-de-dijon-le-22-septembre-2025-n22-02721\/#primaryimage"},"thumbnailUrl":"https:\/\/kohenavocats.com\/wp-content\/uploads\/2024\/11\/ave-calvar-4fJHeKyHyX8-unsplash.webp","articleSection":["Jurisprudence"],"inLanguage":"ru-RU","potentialAction":[{"@type":"CommentAction","name":"Comment","target":["https:\/\/kohenavocats.com\/ru\/tribunal-judiciaire-de-dijon-le-22-septembre-2025-n22-02721\/#respond"]}],"citation":"Tribunal judiciaire de Dijon, le 22 septembre 2025, n\u00b022\/02721","about":[{"@type":"Thing","name":"Jurisprudence"}],"dateModified":"2026-04-24T02:47:47+00:00","speakable":{"@type":"SpeakableSpecification","cssSelector":[".article-content > p:first-of-type"]}},{"@type":"WebPage","@id":"https:\/\/kohenavocats.com\/ru\/tribunal-judiciaire-de-dijon-le-22-septembre-2025-n22-02721\/","url":"https:\/\/kohenavocats.com\/ru\/tribunal-judiciaire-de-dijon-le-22-septembre-2025-n22-02721\/","name":"Tribunal judiciaire de Dijon, le 22 septembre 2025, n\u00b022\/02721 - Ma\u00eetre Hassan Kohen, avocat en droit p\u00e9nal \u00e0 Paris","isPartOf":{"@id":"https:\/\/kohenavocats.com\/ru\/#website"},"primaryImageOfPage":{"@id":"https:\/\/kohenavocats.com\/ru\/tribunal-judiciaire-de-dijon-le-22-septembre-2025-n22-02721\/#primaryimage"},"image":{"@id":"https:\/\/kohenavocats.com\/ru\/tribunal-judiciaire-de-dijon-le-22-septembre-2025-n22-02721\/#primaryimage"},"thumbnailUrl":"https:\/\/kohenavocats.com\/wp-content\/uploads\/2024\/11\/ave-calvar-4fJHeKyHyX8-unsplash.webp","datePublished":"2026-04-24T02:47:47+00:00","description":"Le tribunal judiciaire de Dijon, par ordonnance du juge de la mise en \u00e9tat en date du 22 septembre 2025, statue sur une demande de sursis \u00e0 statuer dans un l...","breadcrumb":{"@id":"https:\/\/kohenavocats.com\/ru\/tribunal-judiciaire-de-dijon-le-22-septembre-2025-n22-02721\/#breadcrumb"},"inLanguage":"ru-RU","potentialAction":[{"@type":"ReadAction","target":["https:\/\/kohenavocats.com\/ru\/tribunal-judiciaire-de-dijon-le-22-septembre-2025-n22-02721\/"]}]},{"@type":"ImageObject","inLanguage":"ru-RU","@id":"https:\/\/kohenavocats.com\/ru\/tribunal-judiciaire-de-dijon-le-22-septembre-2025-n22-02721\/#primaryimage","url":"https:\/\/kohenavocats.com\/wp-content\/uploads\/2024\/11\/ave-calvar-4fJHeKyHyX8-unsplash.webp","contentUrl":"https:\/\/kohenavocats.com\/wp-content\/uploads\/2024\/11\/ave-calvar-4fJHeKyHyX8-unsplash.webp","width":6351,"height":2915},{"@type":"BreadcrumbList","@id":"https:\/\/kohenavocats.com\/ru\/tribunal-judiciaire-de-dijon-le-22-septembre-2025-n22-02721\/#breadcrumb","itemListElement":[{"@type":"ListItem","position":1,"name":"Home","item":"https:\/\/kohenavocats.com\/ru\/avocats-en-droit-penal-a-paris-conseil-et-defense-strategique\/"},{"@type":"ListItem","position":2,"name":"Tribunal judiciaire de Dijon, le 22 septembre 2025, n\u00b022\/02721"}]},{"@type":"WebSite","@id":"https:\/\/kohenavocats.com\/ru\/#website","url":"https:\/\/kohenavocats.com\/ru\/","name":"Kohen Avocats","description":"Ma\u00eetre Hassan Kohen, avocat p\u00e9naliste \u00e0 Paris, intervient exclusivement en droit p\u00e9nal pour la d\u00e9fense des particuliers, notamment en mati\u00e8re d\u2019accusations de viol. Il assure un accompagnement rigoureux d\u00e8s la garde \u00e0 vue jusqu\u2019\u00e0 la Cour d\u2019assises, veillant au strict respect des garanties proc\u00e9durales.","publisher":{"@id":"https:\/\/kohenavocats.com\/ru\/#organization"},"potentialAction":[{"@type":"SearchAction","target":{"@type":"EntryPoint","urlTemplate":"https:\/\/kohenavocats.com\/ru\/?s={search_term_string}"},"query-input":{"@type":"PropertyValueSpecification","valueRequired":true,"valueName":"search_term_string"}}],"inLanguage":"ru-RU"},{"@type":"Organization","@id":"https:\/\/kohenavocats.com\/ru\/#organization","name":"Kohen Avocats","url":"https:\/\/kohenavocats.com\/ru\/","logo":{"@type":"ImageObject","inLanguage":"ru-RU","@id":"https:\/\/kohenavocats.com\/ru\/#\/schema\/logo\/image\/","url":"https:\/\/kohenavocats.com\/wp-content\/uploads\/2026\/01\/Logo-2-1.webp","contentUrl":"https:\/\/kohenavocats.com\/wp-content\/uploads\/2026\/01\/Logo-2-1.webp","width":2114,"height":1253,"caption":"Kohen Avocats"},"image":{"@id":"https:\/\/kohenavocats.com\/ru\/#\/schema\/logo\/image\/"}},{"@type":"Person","@id":"https:\/\/kohenavocats.com\/ru\/#\/schema\/person\/761c9ba54fa1ca84d405cef0831ff751","name":"Kohen","image":{"@type":"ImageObject","inLanguage":"ru-RU","@id":"https:\/\/secure.gravatar.com\/avatar\/1c5e76ef76bbbfdd2b4da984e2bf2fa4056fd51a27d25ce2c332047f1dfd6e00?s=96&d=identicon&r=g","url":"https:\/\/secure.gravatar.com\/avatar\/1c5e76ef76bbbfdd2b4da984e2bf2fa4056fd51a27d25ce2c332047f1dfd6e00?s=96&d=identicon&r=g","contentUrl":"https:\/\/secure.gravatar.com\/avatar\/1c5e76ef76bbbfdd2b4da984e2bf2fa4056fd51a27d25ce2c332047f1dfd6e00?s=96&d=identicon&r=g","caption":"Kohen"},"sameAs":["https:\/\/www.linkedin.com\/in\/hassan-kohen-448548192\/","https:\/\/www.youtube.com\/@Kohen-Avocats"],"url":"https:\/\/kohenavocats.com\/ru\/author\/kohenmlk\/"}]}},"jetpack_featured_media_url":"https:\/\/kohenavocats.com\/wp-content\/uploads\/2024\/11\/ave-calvar-4fJHeKyHyX8-unsplash.webp","jetpack_likes_enabled":false,"jetpack_shortlink":"https:\/\/wp.me\/peCrII-2NSR","jetpack-related-posts":[{"id":621310,"url":"https:\/\/kohenavocats.com\/ru\/tribunal-judiciaire-de-dijon-le-8-septembre-2025-n24-02555\/","url_meta":{"origin":668413,"position":0},"title":"Tribunal judiciaire de Dijon, le 8 septembre 2025, n\u00b024\/02555","author":"Kohen","date":"20.04.2026","format":false,"excerpt":"Le tribunal judiciaire de Dijon, statuant en la forme des r\u00e9f\u00e9r\u00e9s par ordonnance de mise en \u00e9tat du 8 septembre 2025, se prononce sur de multiples demandes i...","rel":"","context":"\u0412 &quot;Jurisprudence&quot;","block_context":{"text":"Jurisprudence","link":"https:\/\/kohenavocats.com\/category\/jurisprudence\/"},"img":{"alt_text":"","src":"https:\/\/i0.wp.com\/kohenavocats.com\/wp-content\/uploads\/2024\/11\/alex-shuper-VUyzsIViXQ0-unsplash.webp?resize=350%2C200&ssl=1","width":350,"height":200,"srcset":"https:\/\/i0.wp.com\/kohenavocats.com\/wp-content\/uploads\/2024\/11\/alex-shuper-VUyzsIViXQ0-unsplash.webp?resize=350%2C200&ssl=1 1x, https:\/\/i0.wp.com\/kohenavocats.com\/wp-content\/uploads\/2024\/11\/alex-shuper-VUyzsIViXQ0-unsplash.webp?resize=525%2C300&ssl=1 1.5x, https:\/\/i0.wp.com\/kohenavocats.com\/wp-content\/uploads\/2024\/11\/alex-shuper-VUyzsIViXQ0-unsplash.webp?resize=700%2C400&ssl=1 2x, https:\/\/i0.wp.com\/kohenavocats.com\/wp-content\/uploads\/2024\/11\/alex-shuper-VUyzsIViXQ0-unsplash.webp?resize=1050%2C600&ssl=1 3x, https:\/\/i0.wp.com\/kohenavocats.com\/wp-content\/uploads\/2024\/11\/alex-shuper-VUyzsIViXQ0-unsplash.webp?resize=1400%2C800&ssl=1 4x"},"classes":[]},{"id":659622,"url":"https:\/\/kohenavocats.com\/ru\/tribunal-judiciaire-de-dijon-le-26-septembre-2025-n22-05533\/","url_meta":{"origin":668413,"position":1},"title":"Tribunal judiciaire de Dijon, le 26 septembre 2025, n\u00b022\/05533","author":"Kohen","date":"23.04.2026","format":false,"excerpt":"Le tribunal judiciaire de Dijon, par un jugement du 26 septembre 2025, a \u00e9t\u00e9 saisi d'une action directe contre l'assureur d'un ma\u00eetre d'\u0153uvre. Ce litige est ...","rel":"","context":"\u0412 &quot;Jurisprudence&quot;","block_context":{"text":"Jurisprudence","link":"https:\/\/kohenavocats.com\/category\/jurisprudence\/"},"img":{"alt_text":"","src":"https:\/\/i0.wp.com\/kohenavocats.com\/wp-content\/uploads\/2024\/08\/capricorn-song-nHiROCMVloE-unsplash.webp?resize=350%2C200&ssl=1","width":350,"height":200,"srcset":"https:\/\/i0.wp.com\/kohenavocats.com\/wp-content\/uploads\/2024\/08\/capricorn-song-nHiROCMVloE-unsplash.webp?resize=350%2C200&ssl=1 1x, https:\/\/i0.wp.com\/kohenavocats.com\/wp-content\/uploads\/2024\/08\/capricorn-song-nHiROCMVloE-unsplash.webp?resize=525%2C300&ssl=1 1.5x, https:\/\/i0.wp.com\/kohenavocats.com\/wp-content\/uploads\/2024\/08\/capricorn-song-nHiROCMVloE-unsplash.webp?resize=700%2C400&ssl=1 2x, https:\/\/i0.wp.com\/kohenavocats.com\/wp-content\/uploads\/2024\/08\/capricorn-song-nHiROCMVloE-unsplash.webp?resize=1050%2C600&ssl=1 3x, https:\/\/i0.wp.com\/kohenavocats.com\/wp-content\/uploads\/2024\/08\/capricorn-song-nHiROCMVloE-unsplash.webp?resize=1400%2C800&ssl=1 4x"},"classes":[]},{"id":668384,"url":"https:\/\/kohenavocats.com\/ru\/tribunal-judiciaire-de-dijon-le-7-avril-2025-n22-01417\/","url_meta":{"origin":668413,"position":2},"title":"Tribunal judiciaire de Dijon, le 7 avril 2025, n\u00b022\/01417","author":"Kohen","date":"24.04.2026","format":false,"excerpt":"Le juge de la mise en \u00e9tat, par ordonnance du 7 avril 2025 rectificative, statue sur plusieurs demandes incidentes dans une instance en cours. Une soci\u00e9t\u00e9 de...","rel":"","context":"\u0412 &quot;Jurisprudence&quot;","block_context":{"text":"Jurisprudence","link":"https:\/\/kohenavocats.com\/category\/jurisprudence\/"},"img":{"alt_text":"","src":"https:\/\/i0.wp.com\/kohenavocats.com\/wp-content\/uploads\/2024\/11\/planet-volumes-AgybDvthqAY-unsplash.webp?resize=350%2C200&ssl=1","width":350,"height":200,"srcset":"https:\/\/i0.wp.com\/kohenavocats.com\/wp-content\/uploads\/2024\/11\/planet-volumes-AgybDvthqAY-unsplash.webp?resize=350%2C200&ssl=1 1x, https:\/\/i0.wp.com\/kohenavocats.com\/wp-content\/uploads\/2024\/11\/planet-volumes-AgybDvthqAY-unsplash.webp?resize=525%2C300&ssl=1 1.5x, https:\/\/i0.wp.com\/kohenavocats.com\/wp-content\/uploads\/2024\/11\/planet-volumes-AgybDvthqAY-unsplash.webp?resize=700%2C400&ssl=1 2x, https:\/\/i0.wp.com\/kohenavocats.com\/wp-content\/uploads\/2024\/11\/planet-volumes-AgybDvthqAY-unsplash.webp?resize=1050%2C600&ssl=1 3x, https:\/\/i0.wp.com\/kohenavocats.com\/wp-content\/uploads\/2024\/11\/planet-volumes-AgybDvthqAY-unsplash.webp?resize=1400%2C800&ssl=1 4x"},"classes":[]},{"id":620201,"url":"https:\/\/kohenavocats.com\/ru\/tribunal-judiciaire-de-dijon-le-20-octobre-2025-n24-02585\/","url_meta":{"origin":668413,"position":3},"title":"Tribunal judiciaire de Dijon, le 20 octobre 2025, n\u00b024\/02585","author":"Kohen","date":"20.04.2026","format":false,"excerpt":"Le tribunal judiciaire de Dijon, statuant en la personne du juge de la mise en \u00e9tat, a rendu une ordonnance le 20 octobre 2025. Cette d\u00e9cision intervient dan...","rel":"","context":"\u0412 &quot;Jurisprudence&quot;","block_context":{"text":"Jurisprudence","link":"https:\/\/kohenavocats.com\/category\/jurisprudence\/"},"img":{"alt_text":"","src":"https:\/\/i0.wp.com\/kohenavocats.com\/wp-content\/uploads\/2024\/08\/valeria-m-zgvMPH83znI-unsplash.webp?resize=350%2C200&ssl=1","width":350,"height":200,"srcset":"https:\/\/i0.wp.com\/kohenavocats.com\/wp-content\/uploads\/2024\/08\/valeria-m-zgvMPH83znI-unsplash.webp?resize=350%2C200&ssl=1 1x, https:\/\/i0.wp.com\/kohenavocats.com\/wp-content\/uploads\/2024\/08\/valeria-m-zgvMPH83znI-unsplash.webp?resize=525%2C300&ssl=1 1.5x, https:\/\/i0.wp.com\/kohenavocats.com\/wp-content\/uploads\/2024\/08\/valeria-m-zgvMPH83znI-unsplash.webp?resize=700%2C400&ssl=1 2x, https:\/\/i0.wp.com\/kohenavocats.com\/wp-content\/uploads\/2024\/08\/valeria-m-zgvMPH83znI-unsplash.webp?resize=1050%2C600&ssl=1 3x, https:\/\/i0.wp.com\/kohenavocats.com\/wp-content\/uploads\/2024\/08\/valeria-m-zgvMPH83znI-unsplash.webp?resize=1400%2C800&ssl=1 4x"},"classes":[]},{"id":669014,"url":"https:\/\/kohenavocats.com\/ru\/tribunal-judiciaire-de-dijon-le-19-septembre-2025-n25-00094\/","url_meta":{"origin":668413,"position":4},"title":"Tribunal judiciaire de Dijon, le 19 septembre 2025, n\u00b025\/00094","author":"Kohen","date":"24.04.2026","format":false,"excerpt":"Le juge des contentieux de la protection, statuant par jugement du 19 septembre 2025, a examin\u00e9 une demande d'expulsion et de paiement d'une indemnit\u00e9 d'occu...","rel":"","context":"\u0412 &quot;Jurisprudence&quot;","block_context":{"text":"Jurisprudence","link":"https:\/\/kohenavocats.com\/category\/jurisprudence\/"},"img":{"alt_text":"","src":"https:\/\/i0.wp.com\/kohenavocats.com\/wp-content\/uploads\/2024\/08\/kreshen-iMSeWtfaDmM-unsplash.webp?resize=350%2C200&ssl=1","width":350,"height":200,"srcset":"https:\/\/i0.wp.com\/kohenavocats.com\/wp-content\/uploads\/2024\/08\/kreshen-iMSeWtfaDmM-unsplash.webp?resize=350%2C200&ssl=1 1x, https:\/\/i0.wp.com\/kohenavocats.com\/wp-content\/uploads\/2024\/08\/kreshen-iMSeWtfaDmM-unsplash.webp?resize=525%2C300&ssl=1 1.5x, https:\/\/i0.wp.com\/kohenavocats.com\/wp-content\/uploads\/2024\/08\/kreshen-iMSeWtfaDmM-unsplash.webp?resize=700%2C400&ssl=1 2x, https:\/\/i0.wp.com\/kohenavocats.com\/wp-content\/uploads\/2024\/08\/kreshen-iMSeWtfaDmM-unsplash.webp?resize=1050%2C600&ssl=1 3x, https:\/\/i0.wp.com\/kohenavocats.com\/wp-content\/uploads\/2024\/08\/kreshen-iMSeWtfaDmM-unsplash.webp?resize=1400%2C800&ssl=1 4x"},"classes":[]},{"id":656188,"url":"https:\/\/kohenavocats.com\/ru\/tribunal-judiciaire-de-cherbourg-en-cotentin-le-30-septembre-2025-n24-00389\/","url_meta":{"origin":668413,"position":5},"title":"Tribunal judiciaire de Cherbourg-en-Cotentin, le 30 septembre 2025, n\u00b024\/00389","author":"Kohen","date":"23.04.2026","format":false,"excerpt":"Le Tribunal judiciaire de Cherbourg-en-Cotentin, le 30 septembre 2025, statue sur une demande de sursis \u00e0 statuer. L\u2019affaire oppose un \u00e9tablissement bancaire...","rel":"","context":"\u0412 &quot;Jurisprudence&quot;","block_context":{"text":"Jurisprudence","link":"https:\/\/kohenavocats.com\/category\/jurisprudence\/"},"img":{"alt_text":"","src":"https:\/\/i0.wp.com\/kohenavocats.com\/wp-content\/uploads\/2024\/08\/robert-bye-Onwjkrjy1kk-unsplash.webp?resize=350%2C200&ssl=1","width":350,"height":200,"srcset":"https:\/\/i0.wp.com\/kohenavocats.com\/wp-content\/uploads\/2024\/08\/robert-bye-Onwjkrjy1kk-unsplash.webp?resize=350%2C200&ssl=1 1x, https:\/\/i0.wp.com\/kohenavocats.com\/wp-content\/uploads\/2024\/08\/robert-bye-Onwjkrjy1kk-unsplash.webp?resize=525%2C300&ssl=1 1.5x, https:\/\/i0.wp.com\/kohenavocats.com\/wp-content\/uploads\/2024\/08\/robert-bye-Onwjkrjy1kk-unsplash.webp?resize=700%2C400&ssl=1 2x, https:\/\/i0.wp.com\/kohenavocats.com\/wp-content\/uploads\/2024\/08\/robert-bye-Onwjkrjy1kk-unsplash.webp?resize=1050%2C600&ssl=1 3x, https:\/\/i0.wp.com\/kohenavocats.com\/wp-content\/uploads\/2024\/08\/robert-bye-Onwjkrjy1kk-unsplash.webp?resize=1400%2C800&ssl=1 4x"},"classes":[]}],"jetpack_sharing_enabled":true,"_links":{"self":[{"href":"https:\/\/kohenavocats.com\/ru\/wp-json\/wp\/v2\/posts\/668413","targetHints":{"allow":["GET"]}}],"collection":[{"href":"https:\/\/kohenavocats.com\/ru\/wp-json\/wp\/v2\/posts"}],"about":[{"href":"https:\/\/kohenavocats.com\/ru\/wp-json\/wp\/v2\/types\/post"}],"author":[{"embeddable":true,"href":"https:\/\/kohenavocats.com\/ru\/wp-json\/wp\/v2\/users\/232070755"}],"replies":[{"embeddable":true,"href":"https:\/\/kohenavocats.com\/ru\/wp-json\/wp\/v2\/comments?post=668413"}],"version-history":[{"count":0,"href":"https:\/\/kohenavocats.com\/ru\/wp-json\/wp\/v2\/posts\/668413\/revisions"}],"wp:featuredmedia":[{"embeddable":true,"href":"https:\/\/kohenavocats.com\/ru\/wp-json\/wp\/v2\/media\/9573"}],"wp:attachment":[{"href":"https:\/\/kohenavocats.com\/ru\/wp-json\/wp\/v2\/media?parent=668413"}],"wp:term":[{"taxonomy":"category","embeddable":true,"href":"https:\/\/kohenavocats.com\/ru\/wp-json\/wp\/v2\/categories?post=668413"},{"taxonomy":"post_tag","embeddable":true,"href":"https:\/\/kohenavocats.com\/ru\/wp-json\/wp\/v2\/tags?post=668413"}],"curies":[{"name":"wp","href":"https:\/\/api.w.org\/{rel}","templated":true}]}}