{"id":670947,"date":"2026-04-24T08:33:25","date_gmt":"2026-04-24T06:33:25","guid":{"rendered":"https:\/\/kohenavocats.com\/tribunal-judiciaire-de-valence-le-18-septembre-2025-n23-00149\/"},"modified":"2026-04-24T08:33:25","modified_gmt":"2026-04-24T06:33:25","slug":"tribunal-judiciaire-de-valence-le-18-septembre-2025-n23-00149","status":"publish","type":"post","link":"https:\/\/kohenavocats.com\/ru\/tribunal-judiciaire-de-valence-le-18-septembre-2025-n23-00149\/","title":{"rendered":"Tribunal judiciaire de Valence, le 18 septembre 2025, n\u00b023\/00149"},"content":{"rendered":"<div class=\"article-content\">\n<p>Le tribunal judiciaire de Valence, statuant le 18 septembre 2025, a \u00e9t\u00e9 saisi d\u2019un litige relatif \u00e0 la fixation d\u2019un taux d\u2019incapacit\u00e9 permanente partielle. La juridiction a infirm\u00e9 la d\u00e9cision d\u2019une commission m\u00e9dicale de recours amiable qui avait retenu un taux de 25%. Elle a finalement reconnu un taux de 35% \u00e0 la date de consolidation, en se fondant sur des conclusions m\u00e9dicales. Le tribunal a \u00e9galement accord\u00e9 une provision sur d\u00e9pens et ordonn\u00e9 l\u2019ex\u00e9cution provisoire de sa d\u00e9cision.<\/p>\n<p>L\u2019autorit\u00e9 des conclusions m\u00e9dicales<br \/>\nLa d\u00e9cision consacre la primaut\u00e9 de l\u2019expertise m\u00e9dicale lorsque celle-ci est \u00e9tablie avec clart\u00e9. Le tribunal rel\u00e8ve que les conclusions du m\u00e9decin expert sont &#171;claires, d\u00e9nu\u00e9es de toute ambigu\u00eft\u00e9&#187; et fixent un taux de 35%. Cette pr\u00e9cision technique est d\u00e9cisive pour le juge, qui estime que les parties n\u2019apportent &#171;aucun \u00e9l\u00e9ment nouveau permettant de contredire les conclusions expertales&#187;. La port\u00e9e de ce point est significative en mati\u00e8re de preuve. Elle renforce l\u2019autorit\u00e9 du rapport d\u2019expertise d\u00e8s lors qu\u2019il est suffisamment motiv\u00e9 et non contredit par des \u00e9l\u00e9ments s\u00e9rieux. La valeur de cette solution r\u00e9side dans la s\u00e9curit\u00e9 juridique qu\u2019elle procure au processus d\u2019indemnisation.<\/p>\n<p>Le cadre l\u00e9gal de l\u2019\u00e9valuation du taux<br \/>\nLa fixation du taux s\u2019op\u00e8re dans le strict respect du cadre l\u00e9gal d\u00e9fini par le code de la s\u00e9curit\u00e9 sociale. Le tribunal rappelle que le taux est d\u00e9termin\u00e9 &#171;d\u2019apr\u00e8s la nature de l\u2019infirmit\u00e9, l\u2019\u00e9tat g\u00e9n\u00e9ral, l\u2019\u00e2ge, les facult\u00e9s physiques et mentales de la victime ainsi que d\u2019apr\u00e8s ses aptitudes et sa qualification professionnelle&#187; (article L434-2 alin\u00e9a 1 du code de la s\u00e9curit\u00e9 sociale). Ce rappel du texte l\u00e9gislatif est essentiel. Il souligne que l\u2019expert m\u00e9dical doit lui-m\u00eame appliquer ces crit\u00e8res l\u00e9gaux dans son appr\u00e9ciation. Le sens de cette r\u00e9f\u00e9rence est de garantir une \u00e9valuation compl\u00e8te et individualis\u00e9e du pr\u00e9judice, au-del\u00e0 du seul diagnostic m\u00e9dical.<\/p>\n<p>Les mesures d\u2019accompagnement de la d\u00e9cision<br \/>\nLa juridiction use de ses pouvoirs pour assurer l\u2019effectivit\u00e9 pratique de son jugement. Elle condamne l\u2019organisme d\u00e9faillant aux d\u00e9pens et alloue une somme au titre de l\u2019article 700 du code de proc\u00e9dure civile. Par ailleurs, elle ordonne l\u2019ex\u00e9cution provisoire de l\u2019int\u00e9gralit\u00e9 de sa d\u00e9cision. Elle justifie cette mesure par &#171;la nature et l\u2019anciennet\u00e9 du litige&#187;. La port\u00e9e de ces dispositions est proc\u00e9durale mais cruciale. Elles visent \u00e0 compenser les frais de la proc\u00e9dure pour la partie victorieuse et \u00e0 \u00e9viter tout retard suppl\u00e9mentaire dans l\u2019indemnisation. La valeur de cette approche est de rendre la justice plus efficace et \u00e9quitable.<\/p>\n<p>La port\u00e9e g\u00e9n\u00e9rale de la solution<br \/>\nCette d\u00e9cision illustre le contr\u00f4le juridictionnel exerc\u00e9 sur les d\u00e9cisions des commissions m\u00e9dicales. Elle rappelle que le juge du fond, s\u2019il n\u2019est pas m\u00e9decin, a pleine autorit\u00e9 pour appr\u00e9cier la force probante d\u2019une expertise. La solution renvoie in fine \u00e0 la liquidation concr\u00e8te des droits par les services comp\u00e9tents. Son sens est de r\u00e9affirmer le r\u00f4le central du tribunal dans la protection des droits des victimes de maladies professionnelles. Cette jurisprudence s\u2019inscrit dans la lign\u00e9e des d\u00e9cisions qui font pr\u00e9valoir une expertise m\u00e9dicale pr\u00e9cise, \u00e0 l\u2019image d\u2019une cour d\u2019appel relevant des conclusions fond\u00e9es sur une &#171;sciatique par hernie discale&#187; (Cour d\u2019appel de Rennes, le 17 septembre 2025, n\u00b023\/02763). Elle contribue ainsi \u00e0 une application homog\u00e8ne du droit \u00e0 r\u00e9paration.<\/p>\n<\/div>\n","protected":false},"excerpt":{"rendered":"<p>Le tribunal judiciaire de Valence, statuant le 18 septembre 2025, a \u00e9t\u00e9 saisi d\u2019un litige relatif \u00e0 la fixation d\u2019un taux d\u2019incapacit\u00e9 permanente partielle. &#8230;<\/p>\n","protected":false},"author":232070755,"featured_media":3919,"comment_status":"open","ping_status":"open","sticky":false,"template":"","format":"standard","meta":{"_crdt_document":"","_jetpack_newsletter_access":"","_jetpack_dont_email_post_to_subs":false,"_jetpack_newsletter_tier_id":0,"_jetpack_memberships_contains_paywalled_content":false,"_kj_source_type":"judilibre","_kj_official_id":"68cdc1ff54b52e4d6be22705","_kj_official_url":"https:\/\/www.courdecassation.fr\/decision\/68cdc1ff54b52e4d6be22705","_kj_judilibre_id":"68cdc1ff54b52e4d6be22705","_kj_jur":"Tribunal judiciaire","_kj_lieu":"Tribunal judiciaire de Metz","_kj_chambre":"CTX PROTECTION SOCIALE","_kj_rg":"23\/00149","_kj_date":"2025-09-18","_jetpack_memberships_contains_paid_content":false,"footnotes":"","jetpack_post_was_ever_published":false},"categories":[7597],"tags":[],"class_list":["post-670947","post","type-post","status-publish","format-standard","has-post-thumbnail","hentry","category-jurisprudence"],"yoast_head":"<!-- This site is optimized with the Yoast SEO Premium plugin v27.5 (Yoast SEO v27.5) - https:\/\/yoast.com\/product\/yoast-seo-premium-wordpress\/ -->\n<title>Tribunal judiciaire de Valence, le 18 septembre 2025, n\u00b023\/00149 - Ma\u00eetre Hassan Kohen, avocat en droit p\u00e9nal \u00e0 Paris<\/title>\n<meta name=\"description\" content=\"Le tribunal judiciaire de Valence, statuant le 18 septembre 2025, a \u00e9t\u00e9 saisi d\u2019un litige relatif \u00e0 la fixation d\u2019un taux d\u2019incapacit\u00e9 permanente partielle. ...\" \/>\n<meta name=\"robots\" content=\"index, follow, max-snippet:-1, max-image-preview:large, max-video-preview:-1\" \/>\n<link rel=\"canonical\" href=\"https:\/\/kohenavocats.com\/ru\/tribunal-judiciaire-de-valence-le-18-septembre-2025-n23-00149\/\" \/>\n<meta property=\"og:locale\" content=\"ru_RU\" \/>\n<meta property=\"og:type\" content=\"article\" \/>\n<meta property=\"og:title\" content=\"Tribunal judiciaire de Valence, le 18 septembre 2025, n\u00b023\/00149\" \/>\n<meta property=\"og:description\" content=\"Le tribunal judiciaire de Valence, statuant le 18 septembre 2025, a \u00e9t\u00e9 saisi d\u2019un litige relatif \u00e0 la fixation d\u2019un taux d\u2019incapacit\u00e9 permanente partielle. ...\" \/>\n<meta property=\"og:url\" content=\"https:\/\/kohenavocats.com\/ru\/tribunal-judiciaire-de-valence-le-18-septembre-2025-n23-00149\/\" \/>\n<meta property=\"og:site_name\" content=\"Ma\u00eetre Hassan Kohen, avocat en droit p\u00e9nal \u00e0 Paris\" \/>\n<meta property=\"article:published_time\" content=\"2026-04-24T06:33:25+00:00\" \/>\n<meta property=\"og:image\" content=\"https:\/\/kohenavocats.com\/wp-content\/uploads\/2024\/07\/valdemaras-d-7VPFyhB_j8Y-unsplash.webp\" \/>\n\t<meta property=\"og:image:width\" content=\"4000\" \/>\n\t<meta property=\"og:image:height\" content=\"2536\" \/>\n\t<meta property=\"og:image:type\" content=\"image\/webp\" \/>\n<meta name=\"author\" content=\"Kohen\" \/>\n<meta name=\"twitter:card\" content=\"summary_large_image\" \/>\n<meta name=\"twitter:label1\" content=\"\u041d\u0430\u043f\u0438\u0441\u0430\u043d\u043e \u0430\u0432\u0442\u043e\u0440\u043e\u043c\" \/>\n\t<meta name=\"twitter:data1\" content=\"Kohen\" \/>\n\t<meta name=\"twitter:label2\" content=\"\u041f\u0440\u0438\u043c\u0435\u0440\u043d\u043e\u0435 \u0432\u0440\u0435\u043c\u044f \u0434\u043b\u044f \u0447\u0442\u0435\u043d\u0438\u044f\" \/>\n\t<meta name=\"twitter:data2\" content=\"3 \u043c\u0438\u043d\u0443\u0442\u044b\" \/>\n<script type=\"application\/ld+json\" class=\"yoast-schema-graph\">{\"@context\":\"https:\\\/\\\/schema.org\",\"@graph\":[{\"@type\":\"Article\",\"@id\":\"https:\\\/\\\/kohenavocats.com\\\/ru\\\/tribunal-judiciaire-de-valence-le-18-septembre-2025-n23-00149\\\/#article\",\"isPartOf\":{\"@id\":\"https:\\\/\\\/kohenavocats.com\\\/ru\\\/tribunal-judiciaire-de-valence-le-18-septembre-2025-n23-00149\\\/\"},\"author\":{\"name\":\"Kohen\",\"@id\":\"https:\\\/\\\/kohenavocats.com\\\/ru\\\/#\\\/schema\\\/person\\\/761c9ba54fa1ca84d405cef0831ff751\"},\"headline\":\"Tribunal judiciaire de Valence, le 18 septembre 2025, n\u00b023\\\/00149\",\"datePublished\":\"2026-04-24T06:33:25+00:00\",\"mainEntityOfPage\":{\"@id\":\"https:\\\/\\\/kohenavocats.com\\\/ru\\\/tribunal-judiciaire-de-valence-le-18-septembre-2025-n23-00149\\\/\"},\"wordCount\":636,\"commentCount\":0,\"publisher\":{\"@id\":\"https:\\\/\\\/kohenavocats.com\\\/ru\\\/#organization\"},\"image\":{\"@id\":\"https:\\\/\\\/kohenavocats.com\\\/ru\\\/tribunal-judiciaire-de-valence-le-18-septembre-2025-n23-00149\\\/#primaryimage\"},\"thumbnailUrl\":\"https:\\\/\\\/kohenavocats.com\\\/wp-content\\\/uploads\\\/2024\\\/07\\\/valdemaras-d-7VPFyhB_j8Y-unsplash.webp\",\"articleSection\":[\"Jurisprudence\"],\"inLanguage\":\"ru-RU\",\"potentialAction\":[{\"@type\":\"CommentAction\",\"name\":\"Comment\",\"target\":[\"https:\\\/\\\/kohenavocats.com\\\/ru\\\/tribunal-judiciaire-de-valence-le-18-septembre-2025-n23-00149\\\/#respond\"]}],\"citation\":\"Tribunal judiciaire de Valence, le 18 septembre 2025, n\u00b023\\\/00149\",\"about\":[{\"@type\":\"Thing\",\"name\":\"Jurisprudence\"}],\"dateModified\":\"2026-04-24T06:33:25+00:00\",\"speakable\":{\"@type\":\"SpeakableSpecification\",\"cssSelector\":[\".article-content > p:first-of-type\"]}},{\"@type\":\"WebPage\",\"@id\":\"https:\\\/\\\/kohenavocats.com\\\/ru\\\/tribunal-judiciaire-de-valence-le-18-septembre-2025-n23-00149\\\/\",\"url\":\"https:\\\/\\\/kohenavocats.com\\\/ru\\\/tribunal-judiciaire-de-valence-le-18-septembre-2025-n23-00149\\\/\",\"name\":\"Tribunal judiciaire de Valence, le 18 septembre 2025, n\u00b023\\\/00149 - Ma\u00eetre Hassan Kohen, avocat en droit p\u00e9nal \u00e0 Paris\",\"isPartOf\":{\"@id\":\"https:\\\/\\\/kohenavocats.com\\\/ru\\\/#website\"},\"primaryImageOfPage\":{\"@id\":\"https:\\\/\\\/kohenavocats.com\\\/ru\\\/tribunal-judiciaire-de-valence-le-18-septembre-2025-n23-00149\\\/#primaryimage\"},\"image\":{\"@id\":\"https:\\\/\\\/kohenavocats.com\\\/ru\\\/tribunal-judiciaire-de-valence-le-18-septembre-2025-n23-00149\\\/#primaryimage\"},\"thumbnailUrl\":\"https:\\\/\\\/kohenavocats.com\\\/wp-content\\\/uploads\\\/2024\\\/07\\\/valdemaras-d-7VPFyhB_j8Y-unsplash.webp\",\"datePublished\":\"2026-04-24T06:33:25+00:00\",\"description\":\"Le tribunal judiciaire de Valence, statuant le 18 septembre 2025, a \u00e9t\u00e9 saisi d\u2019un litige relatif \u00e0 la fixation d\u2019un taux d\u2019incapacit\u00e9 permanente partielle. ...\",\"breadcrumb\":{\"@id\":\"https:\\\/\\\/kohenavocats.com\\\/ru\\\/tribunal-judiciaire-de-valence-le-18-septembre-2025-n23-00149\\\/#breadcrumb\"},\"inLanguage\":\"ru-RU\",\"potentialAction\":[{\"@type\":\"ReadAction\",\"target\":[\"https:\\\/\\\/kohenavocats.com\\\/ru\\\/tribunal-judiciaire-de-valence-le-18-septembre-2025-n23-00149\\\/\"]}]},{\"@type\":\"ImageObject\",\"inLanguage\":\"ru-RU\",\"@id\":\"https:\\\/\\\/kohenavocats.com\\\/ru\\\/tribunal-judiciaire-de-valence-le-18-septembre-2025-n23-00149\\\/#primaryimage\",\"url\":\"https:\\\/\\\/kohenavocats.com\\\/wp-content\\\/uploads\\\/2024\\\/07\\\/valdemaras-d-7VPFyhB_j8Y-unsplash.webp\",\"contentUrl\":\"https:\\\/\\\/kohenavocats.com\\\/wp-content\\\/uploads\\\/2024\\\/07\\\/valdemaras-d-7VPFyhB_j8Y-unsplash.webp\",\"width\":4000,\"height\":2536},{\"@type\":\"BreadcrumbList\",\"@id\":\"https:\\\/\\\/kohenavocats.com\\\/ru\\\/tribunal-judiciaire-de-valence-le-18-septembre-2025-n23-00149\\\/#breadcrumb\",\"itemListElement\":[{\"@type\":\"ListItem\",\"position\":1,\"name\":\"Home\",\"item\":\"https:\\\/\\\/kohenavocats.com\\\/ru\\\/avocats-en-droit-penal-a-paris-conseil-et-defense-strategique\\\/\"},{\"@type\":\"ListItem\",\"position\":2,\"name\":\"Tribunal judiciaire de Valence, le 18 septembre 2025, n\u00b023\\\/00149\"}]},{\"@type\":\"WebSite\",\"@id\":\"https:\\\/\\\/kohenavocats.com\\\/ru\\\/#website\",\"url\":\"https:\\\/\\\/kohenavocats.com\\\/ru\\\/\",\"name\":\"Kohen Avocats\",\"description\":\"Ma\u00eetre Hassan Kohen, avocat p\u00e9naliste \u00e0 Paris, intervient exclusivement en droit p\u00e9nal pour la d\u00e9fense des particuliers, notamment en mati\u00e8re d\u2019accusations de viol. Il assure un accompagnement rigoureux d\u00e8s la garde \u00e0 vue jusqu\u2019\u00e0 la Cour d\u2019assises, veillant au strict respect des garanties proc\u00e9durales.\",\"publisher\":{\"@id\":\"https:\\\/\\\/kohenavocats.com\\\/ru\\\/#organization\"},\"potentialAction\":[{\"@type\":\"SearchAction\",\"target\":{\"@type\":\"EntryPoint\",\"urlTemplate\":\"https:\\\/\\\/kohenavocats.com\\\/ru\\\/?s={search_term_string}\"},\"query-input\":{\"@type\":\"PropertyValueSpecification\",\"valueRequired\":true,\"valueName\":\"search_term_string\"}}],\"inLanguage\":\"ru-RU\"},{\"@type\":\"Organization\",\"@id\":\"https:\\\/\\\/kohenavocats.com\\\/ru\\\/#organization\",\"name\":\"Kohen Avocats\",\"url\":\"https:\\\/\\\/kohenavocats.com\\\/ru\\\/\",\"logo\":{\"@type\":\"ImageObject\",\"inLanguage\":\"ru-RU\",\"@id\":\"https:\\\/\\\/kohenavocats.com\\\/ru\\\/#\\\/schema\\\/logo\\\/image\\\/\",\"url\":\"https:\\\/\\\/kohenavocats.com\\\/wp-content\\\/uploads\\\/2026\\\/01\\\/Logo-2-1.webp\",\"contentUrl\":\"https:\\\/\\\/kohenavocats.com\\\/wp-content\\\/uploads\\\/2026\\\/01\\\/Logo-2-1.webp\",\"width\":2114,\"height\":1253,\"caption\":\"Kohen Avocats\"},\"image\":{\"@id\":\"https:\\\/\\\/kohenavocats.com\\\/ru\\\/#\\\/schema\\\/logo\\\/image\\\/\"}},{\"@type\":\"Person\",\"@id\":\"https:\\\/\\\/kohenavocats.com\\\/ru\\\/#\\\/schema\\\/person\\\/761c9ba54fa1ca84d405cef0831ff751\",\"name\":\"Kohen\",\"image\":{\"@type\":\"ImageObject\",\"inLanguage\":\"ru-RU\",\"@id\":\"https:\\\/\\\/secure.gravatar.com\\\/avatar\\\/1c5e76ef76bbbfdd2b4da984e2bf2fa4056fd51a27d25ce2c332047f1dfd6e00?s=96&d=identicon&r=g\",\"url\":\"https:\\\/\\\/secure.gravatar.com\\\/avatar\\\/1c5e76ef76bbbfdd2b4da984e2bf2fa4056fd51a27d25ce2c332047f1dfd6e00?s=96&d=identicon&r=g\",\"contentUrl\":\"https:\\\/\\\/secure.gravatar.com\\\/avatar\\\/1c5e76ef76bbbfdd2b4da984e2bf2fa4056fd51a27d25ce2c332047f1dfd6e00?s=96&d=identicon&r=g\",\"caption\":\"Kohen\"},\"sameAs\":[\"https:\\\/\\\/www.linkedin.com\\\/in\\\/hassan-kohen-448548192\\\/\",\"https:\\\/\\\/www.youtube.com\\\/@Kohen-Avocats\"],\"url\":\"https:\\\/\\\/kohenavocats.com\\\/ru\\\/author\\\/kohenmlk\\\/\"}]}<\/script>\n<!-- \/ Yoast SEO Premium plugin. -->","yoast_head_json":{"title":"Tribunal judiciaire de Valence, le 18 septembre 2025, n\u00b023\/00149 - Ma\u00eetre Hassan Kohen, avocat en droit p\u00e9nal \u00e0 Paris","description":"Le tribunal judiciaire de Valence, statuant le 18 septembre 2025, a \u00e9t\u00e9 saisi d\u2019un litige relatif \u00e0 la fixation d\u2019un taux d\u2019incapacit\u00e9 permanente partielle. ...","robots":{"index":"index","follow":"follow","max-snippet":"max-snippet:-1","max-image-preview":"max-image-preview:large","max-video-preview":"max-video-preview:-1"},"canonical":"https:\/\/kohenavocats.com\/ru\/tribunal-judiciaire-de-valence-le-18-septembre-2025-n23-00149\/","og_locale":"ru_RU","og_type":"article","og_title":"Tribunal judiciaire de Valence, le 18 septembre 2025, n\u00b023\/00149","og_description":"Le tribunal judiciaire de Valence, statuant le 18 septembre 2025, a \u00e9t\u00e9 saisi d\u2019un litige relatif \u00e0 la fixation d\u2019un taux d\u2019incapacit\u00e9 permanente partielle. ...","og_url":"https:\/\/kohenavocats.com\/ru\/tribunal-judiciaire-de-valence-le-18-septembre-2025-n23-00149\/","og_site_name":"Ma\u00eetre Hassan Kohen, avocat en droit p\u00e9nal \u00e0 Paris","article_published_time":"2026-04-24T06:33:25+00:00","og_image":[{"width":4000,"height":2536,"url":"https:\/\/kohenavocats.com\/wp-content\/uploads\/2024\/07\/valdemaras-d-7VPFyhB_j8Y-unsplash.webp","type":"image\/webp"}],"author":"Kohen","twitter_card":"summary_large_image","twitter_misc":{"\u041d\u0430\u043f\u0438\u0441\u0430\u043d\u043e \u0430\u0432\u0442\u043e\u0440\u043e\u043c":"Kohen","\u041f\u0440\u0438\u043c\u0435\u0440\u043d\u043e\u0435 \u0432\u0440\u0435\u043c\u044f \u0434\u043b\u044f \u0447\u0442\u0435\u043d\u0438\u044f":"3 \u043c\u0438\u043d\u0443\u0442\u044b"},"schema":{"@context":"https:\/\/schema.org","@graph":[{"@type":"Article","@id":"https:\/\/kohenavocats.com\/ru\/tribunal-judiciaire-de-valence-le-18-septembre-2025-n23-00149\/#article","isPartOf":{"@id":"https:\/\/kohenavocats.com\/ru\/tribunal-judiciaire-de-valence-le-18-septembre-2025-n23-00149\/"},"author":{"name":"Kohen","@id":"https:\/\/kohenavocats.com\/ru\/#\/schema\/person\/761c9ba54fa1ca84d405cef0831ff751"},"headline":"Tribunal judiciaire de Valence, le 18 septembre 2025, n\u00b023\/00149","datePublished":"2026-04-24T06:33:25+00:00","mainEntityOfPage":{"@id":"https:\/\/kohenavocats.com\/ru\/tribunal-judiciaire-de-valence-le-18-septembre-2025-n23-00149\/"},"wordCount":636,"commentCount":0,"publisher":{"@id":"https:\/\/kohenavocats.com\/ru\/#organization"},"image":{"@id":"https:\/\/kohenavocats.com\/ru\/tribunal-judiciaire-de-valence-le-18-septembre-2025-n23-00149\/#primaryimage"},"thumbnailUrl":"https:\/\/kohenavocats.com\/wp-content\/uploads\/2024\/07\/valdemaras-d-7VPFyhB_j8Y-unsplash.webp","articleSection":["Jurisprudence"],"inLanguage":"ru-RU","potentialAction":[{"@type":"CommentAction","name":"Comment","target":["https:\/\/kohenavocats.com\/ru\/tribunal-judiciaire-de-valence-le-18-septembre-2025-n23-00149\/#respond"]}],"citation":"Tribunal judiciaire de Valence, le 18 septembre 2025, n\u00b023\/00149","about":[{"@type":"Thing","name":"Jurisprudence"}],"dateModified":"2026-04-24T06:33:25+00:00","speakable":{"@type":"SpeakableSpecification","cssSelector":[".article-content > p:first-of-type"]}},{"@type":"WebPage","@id":"https:\/\/kohenavocats.com\/ru\/tribunal-judiciaire-de-valence-le-18-septembre-2025-n23-00149\/","url":"https:\/\/kohenavocats.com\/ru\/tribunal-judiciaire-de-valence-le-18-septembre-2025-n23-00149\/","name":"Tribunal judiciaire de Valence, le 18 septembre 2025, n\u00b023\/00149 - Ma\u00eetre Hassan Kohen, avocat en droit p\u00e9nal \u00e0 Paris","isPartOf":{"@id":"https:\/\/kohenavocats.com\/ru\/#website"},"primaryImageOfPage":{"@id":"https:\/\/kohenavocats.com\/ru\/tribunal-judiciaire-de-valence-le-18-septembre-2025-n23-00149\/#primaryimage"},"image":{"@id":"https:\/\/kohenavocats.com\/ru\/tribunal-judiciaire-de-valence-le-18-septembre-2025-n23-00149\/#primaryimage"},"thumbnailUrl":"https:\/\/kohenavocats.com\/wp-content\/uploads\/2024\/07\/valdemaras-d-7VPFyhB_j8Y-unsplash.webp","datePublished":"2026-04-24T06:33:25+00:00","description":"Le tribunal judiciaire de Valence, statuant le 18 septembre 2025, a \u00e9t\u00e9 saisi d\u2019un litige relatif \u00e0 la fixation d\u2019un taux d\u2019incapacit\u00e9 permanente partielle. ...","breadcrumb":{"@id":"https:\/\/kohenavocats.com\/ru\/tribunal-judiciaire-de-valence-le-18-septembre-2025-n23-00149\/#breadcrumb"},"inLanguage":"ru-RU","potentialAction":[{"@type":"ReadAction","target":["https:\/\/kohenavocats.com\/ru\/tribunal-judiciaire-de-valence-le-18-septembre-2025-n23-00149\/"]}]},{"@type":"ImageObject","inLanguage":"ru-RU","@id":"https:\/\/kohenavocats.com\/ru\/tribunal-judiciaire-de-valence-le-18-septembre-2025-n23-00149\/#primaryimage","url":"https:\/\/kohenavocats.com\/wp-content\/uploads\/2024\/07\/valdemaras-d-7VPFyhB_j8Y-unsplash.webp","contentUrl":"https:\/\/kohenavocats.com\/wp-content\/uploads\/2024\/07\/valdemaras-d-7VPFyhB_j8Y-unsplash.webp","width":4000,"height":2536},{"@type":"BreadcrumbList","@id":"https:\/\/kohenavocats.com\/ru\/tribunal-judiciaire-de-valence-le-18-septembre-2025-n23-00149\/#breadcrumb","itemListElement":[{"@type":"ListItem","position":1,"name":"Home","item":"https:\/\/kohenavocats.com\/ru\/avocats-en-droit-penal-a-paris-conseil-et-defense-strategique\/"},{"@type":"ListItem","position":2,"name":"Tribunal judiciaire de Valence, le 18 septembre 2025, n\u00b023\/00149"}]},{"@type":"WebSite","@id":"https:\/\/kohenavocats.com\/ru\/#website","url":"https:\/\/kohenavocats.com\/ru\/","name":"Kohen Avocats","description":"Ma\u00eetre Hassan Kohen, avocat p\u00e9naliste \u00e0 Paris, intervient exclusivement en droit p\u00e9nal pour la d\u00e9fense des particuliers, notamment en mati\u00e8re d\u2019accusations de viol. Il assure un accompagnement rigoureux d\u00e8s la garde \u00e0 vue jusqu\u2019\u00e0 la Cour d\u2019assises, veillant au strict respect des garanties proc\u00e9durales.","publisher":{"@id":"https:\/\/kohenavocats.com\/ru\/#organization"},"potentialAction":[{"@type":"SearchAction","target":{"@type":"EntryPoint","urlTemplate":"https:\/\/kohenavocats.com\/ru\/?s={search_term_string}"},"query-input":{"@type":"PropertyValueSpecification","valueRequired":true,"valueName":"search_term_string"}}],"inLanguage":"ru-RU"},{"@type":"Organization","@id":"https:\/\/kohenavocats.com\/ru\/#organization","name":"Kohen Avocats","url":"https:\/\/kohenavocats.com\/ru\/","logo":{"@type":"ImageObject","inLanguage":"ru-RU","@id":"https:\/\/kohenavocats.com\/ru\/#\/schema\/logo\/image\/","url":"https:\/\/kohenavocats.com\/wp-content\/uploads\/2026\/01\/Logo-2-1.webp","contentUrl":"https:\/\/kohenavocats.com\/wp-content\/uploads\/2026\/01\/Logo-2-1.webp","width":2114,"height":1253,"caption":"Kohen Avocats"},"image":{"@id":"https:\/\/kohenavocats.com\/ru\/#\/schema\/logo\/image\/"}},{"@type":"Person","@id":"https:\/\/kohenavocats.com\/ru\/#\/schema\/person\/761c9ba54fa1ca84d405cef0831ff751","name":"Kohen","image":{"@type":"ImageObject","inLanguage":"ru-RU","@id":"https:\/\/secure.gravatar.com\/avatar\/1c5e76ef76bbbfdd2b4da984e2bf2fa4056fd51a27d25ce2c332047f1dfd6e00?s=96&d=identicon&r=g","url":"https:\/\/secure.gravatar.com\/avatar\/1c5e76ef76bbbfdd2b4da984e2bf2fa4056fd51a27d25ce2c332047f1dfd6e00?s=96&d=identicon&r=g","contentUrl":"https:\/\/secure.gravatar.com\/avatar\/1c5e76ef76bbbfdd2b4da984e2bf2fa4056fd51a27d25ce2c332047f1dfd6e00?s=96&d=identicon&r=g","caption":"Kohen"},"sameAs":["https:\/\/www.linkedin.com\/in\/hassan-kohen-448548192\/","https:\/\/www.youtube.com\/@Kohen-Avocats"],"url":"https:\/\/kohenavocats.com\/ru\/author\/kohenmlk\/"}]}},"jetpack_featured_media_url":"https:\/\/kohenavocats.com\/wp-content\/uploads\/2024\/07\/valdemaras-d-7VPFyhB_j8Y-unsplash.webp","jetpack_likes_enabled":false,"jetpack_shortlink":"https:\/\/wp.me\/peCrII-2OxJ","jetpack-related-posts":[{"id":33050,"url":"https:\/\/kohenavocats.com\/ru\/tribunal-judiciaire-de-nanterre-le-18-juin-2025-n21-01342\/","url_meta":{"origin":670947,"position":0},"title":"Tribunal judiciaire de Nanterre, le 18 juin 2025, n\u00b021\/01342","author":"Kohen","date":"05.11.2025","format":false,"excerpt":"Le tribunal judiciaire de [Localit\u00e9 11], p\u00f4le social, a statu\u00e9 le 18 juin 2025 sur la contestation d\u2019un taux d\u2019incapacit\u00e9 permanente partielle opposable \u00e0 un employeur. Le litige portait sur l\u2019application des articles L.434-2 et R.434-32 du code de la s\u00e9curit\u00e9 sociale et du bar\u00e8me indicatif des accidents du travail.\u00c0\u2026","rel":"","context":"\u0412 &quot;D\u00e9cisions juridiques&quot;","block_context":{"text":"D\u00e9cisions juridiques","link":"https:\/\/kohenavocats.com\/category\/decisions-juridiques\/"},"img":{"alt_text":"","src":"https:\/\/i0.wp.com\/kohenavocats.com\/wp-content\/uploads\/2024\/08\/emily-bentley-26_Z2TrY_hw-unsplash.webp?resize=350%2C200&ssl=1","width":350,"height":200,"srcset":"https:\/\/i0.wp.com\/kohenavocats.com\/wp-content\/uploads\/2024\/08\/emily-bentley-26_Z2TrY_hw-unsplash.webp?resize=350%2C200&ssl=1 1x, https:\/\/i0.wp.com\/kohenavocats.com\/wp-content\/uploads\/2024\/08\/emily-bentley-26_Z2TrY_hw-unsplash.webp?resize=525%2C300&ssl=1 1.5x, https:\/\/i0.wp.com\/kohenavocats.com\/wp-content\/uploads\/2024\/08\/emily-bentley-26_Z2TrY_hw-unsplash.webp?resize=700%2C400&ssl=1 2x, https:\/\/i0.wp.com\/kohenavocats.com\/wp-content\/uploads\/2024\/08\/emily-bentley-26_Z2TrY_hw-unsplash.webp?resize=1050%2C600&ssl=1 3x, https:\/\/i0.wp.com\/kohenavocats.com\/wp-content\/uploads\/2024\/08\/emily-bentley-26_Z2TrY_hw-unsplash.webp?resize=1400%2C800&ssl=1 4x"},"classes":[]},{"id":229014,"url":"https:\/\/kohenavocats.com\/ru\/cour-dappel-administrative-de-toulouse-le-2-septembre-2025-n25tl00494\/","url_meta":{"origin":670947,"position":1},"title":"Cour d&#8217;appel administrative de Toulouse, le 2 septembre 2025, n\u00b025TL00494","author":"Kohen","date":"27.12.2025","format":false,"excerpt":"La cour administrative d'appel de Toulouse s\u2019est prononc\u00e9e, le 2 septembre 2025, sur les conditions d\u2019octroi d\u2019une provision indemnitaire suite \u00e0 un accident de service. Un adjoint technique a \u00e9t\u00e9 victime d\u2019une chute dans les escaliers sur son lieu de travail habituel. Plac\u00e9 en cong\u00e9 pour accident de service, l\u2019int\u00e9ress\u00e9\u2026","rel":"","context":"\u0412 &quot;Cour administrative d'appel&quot;","block_context":{"text":"Cour administrative d'appel","link":"https:\/\/kohenavocats.com\/category\/cour-administrative-dappel\/"},"img":{"alt_text":"","src":"https:\/\/i0.wp.com\/kohenavocats.com\/wp-content\/uploads\/2024\/11\/planet-volumes-2RKetzja9-4-unsplash.webp?resize=350%2C200&ssl=1","width":350,"height":200,"srcset":"https:\/\/i0.wp.com\/kohenavocats.com\/wp-content\/uploads\/2024\/11\/planet-volumes-2RKetzja9-4-unsplash.webp?resize=350%2C200&ssl=1 1x, https:\/\/i0.wp.com\/kohenavocats.com\/wp-content\/uploads\/2024\/11\/planet-volumes-2RKetzja9-4-unsplash.webp?resize=525%2C300&ssl=1 1.5x, https:\/\/i0.wp.com\/kohenavocats.com\/wp-content\/uploads\/2024\/11\/planet-volumes-2RKetzja9-4-unsplash.webp?resize=700%2C400&ssl=1 2x, https:\/\/i0.wp.com\/kohenavocats.com\/wp-content\/uploads\/2024\/11\/planet-volumes-2RKetzja9-4-unsplash.webp?resize=1050%2C600&ssl=1 3x, https:\/\/i0.wp.com\/kohenavocats.com\/wp-content\/uploads\/2024\/11\/planet-volumes-2RKetzja9-4-unsplash.webp?resize=1400%2C800&ssl=1 4x"},"classes":[]},{"id":228841,"url":"https:\/\/kohenavocats.com\/ru\/tribunal-judiciaire-de-mende-le-16-juin-2025-n23-00076\/","url_meta":{"origin":670947,"position":2},"title":"Tribunal judiciaire de Mende, le 16 juin 2025, n\u00b023\/00076","author":"Kohen","date":"27.12.2025","format":false,"excerpt":"Now using node v22.15.1 (npm v10.8.2)Utilisation de Node.js v20.19.4 et npm 10.8.2Codex est d\u00e9j\u00e0 install\u00e9.Lancement de Codex\u2026La d\u00e9cision rendue par le Tribunal judiciaire de Mende, p\u00f4le social, le 16 juin 2025, tranche une contestation d\u2019un taux d\u2019incapacit\u00e9 permanente partielle fix\u00e9 \u00e0 la suite d\u2019un accident du travail. L\u2019enjeu porte d\u2019abord\u2026","rel":"","context":"\u0412 &quot;D\u00e9cisions juridiques&quot;","block_context":{"text":"D\u00e9cisions juridiques","link":"https:\/\/kohenavocats.com\/category\/decisions-juridiques\/"},"img":{"alt_text":"","src":"https:\/\/i0.wp.com\/kohenavocats.com\/wp-content\/uploads\/2024\/08\/chris-czermak-PamFFHL6fVY-unsplash.webp?resize=350%2C200&ssl=1","width":350,"height":200,"srcset":"https:\/\/i0.wp.com\/kohenavocats.com\/wp-content\/uploads\/2024\/08\/chris-czermak-PamFFHL6fVY-unsplash.webp?resize=350%2C200&ssl=1 1x, https:\/\/i0.wp.com\/kohenavocats.com\/wp-content\/uploads\/2024\/08\/chris-czermak-PamFFHL6fVY-unsplash.webp?resize=525%2C300&ssl=1 1.5x, https:\/\/i0.wp.com\/kohenavocats.com\/wp-content\/uploads\/2024\/08\/chris-czermak-PamFFHL6fVY-unsplash.webp?resize=700%2C400&ssl=1 2x, https:\/\/i0.wp.com\/kohenavocats.com\/wp-content\/uploads\/2024\/08\/chris-czermak-PamFFHL6fVY-unsplash.webp?resize=1050%2C600&ssl=1 3x, https:\/\/i0.wp.com\/kohenavocats.com\/wp-content\/uploads\/2024\/08\/chris-czermak-PamFFHL6fVY-unsplash.webp?resize=1400%2C800&ssl=1 4x"},"classes":[]},{"id":306487,"url":"https:\/\/kohenavocats.com\/ru\/tribunal-judiciaire-de-grenoble-le-10-juillet-2025-n24-00135\/","url_meta":{"origin":670947,"position":3},"title":"Tribunal judiciaire de Grenoble, le 10 juillet 2025, n\u00b024\/00135","author":"Kohen","date":"05.02.2026","format":false,"excerpt":"Le jugement statue sur la fixation du taux d\u2019incapacit\u00e9 permanente partielle cons\u00e9cutive \u00e0 un accident du travail. Le litige oppose l\u2019employeur \u00e0 la caisse de s\u00e9curit\u00e9 sociale. Le tribunal homologue l\u2019avis m\u00e9dical consultant et r\u00e9duit le taux initial. Cette d\u00e9cision illustre le contr\u00f4le juridictionnel de l\u2019\u00e9valuation m\u00e9dicale. Elle pr\u00e9cise \u00e9galement\u2026","rel":"","context":"\u0412 &quot;D\u00e9cisions juridiques&quot;","block_context":{"text":"D\u00e9cisions juridiques","link":"https:\/\/kohenavocats.com\/category\/decisions-juridiques\/"},"img":{"alt_text":"","src":"https:\/\/i0.wp.com\/kohenavocats.com\/wp-content\/uploads\/2024\/11\/kedar-gadge-qNbe1RLo06M-unsplash.webp?resize=350%2C200&ssl=1","width":350,"height":200,"srcset":"https:\/\/i0.wp.com\/kohenavocats.com\/wp-content\/uploads\/2024\/11\/kedar-gadge-qNbe1RLo06M-unsplash.webp?resize=350%2C200&ssl=1 1x, https:\/\/i0.wp.com\/kohenavocats.com\/wp-content\/uploads\/2024\/11\/kedar-gadge-qNbe1RLo06M-unsplash.webp?resize=525%2C300&ssl=1 1.5x, https:\/\/i0.wp.com\/kohenavocats.com\/wp-content\/uploads\/2024\/11\/kedar-gadge-qNbe1RLo06M-unsplash.webp?resize=700%2C400&ssl=1 2x, https:\/\/i0.wp.com\/kohenavocats.com\/wp-content\/uploads\/2024\/11\/kedar-gadge-qNbe1RLo06M-unsplash.webp?resize=1050%2C600&ssl=1 3x, https:\/\/i0.wp.com\/kohenavocats.com\/wp-content\/uploads\/2024\/11\/kedar-gadge-qNbe1RLo06M-unsplash.webp?resize=1400%2C800&ssl=1 4x"},"classes":[]},{"id":228701,"url":"https:\/\/kohenavocats.com\/ru\/cour-dappel-de-montpellier-le-19-juin-2025-n21-02306\/","url_meta":{"origin":670947,"position":4},"title":"Cour d&#8217;appel de Montpellier, le 19 juin 2025, n\u00b021\/02306","author":"Kohen","date":"27.12.2025","format":false,"excerpt":"La Cour d\u2019appel de Montpellier, 19 juin 2025, statue sur la fixation du taux d\u2019incapacit\u00e9 permanente partielle d\u2019une victime d\u2019un accident du travail et sur l\u2019octroi d\u2019un coefficient professionnel. L\u2019enjeu central tient \u00e0 la prise en compte d\u2019un \u00e9tat ant\u00e9rieur indemnis\u00e9 et \u00e0 la preuve d\u2019un pr\u00e9judice professionnel imputable, au\u2026","rel":"","context":"\u0412 &quot;Cour d'appel&quot;","block_context":{"text":"Cour d'appel","link":"https:\/\/kohenavocats.com\/category\/cour-dappel\/"},"img":{"alt_text":"","src":"https:\/\/i0.wp.com\/kohenavocats.com\/wp-content\/uploads\/2024\/08\/roman-suslov-7jSq1rrpku0-unsplash.webp?resize=350%2C200&ssl=1","width":350,"height":200,"srcset":"https:\/\/i0.wp.com\/kohenavocats.com\/wp-content\/uploads\/2024\/08\/roman-suslov-7jSq1rrpku0-unsplash.webp?resize=350%2C200&ssl=1 1x, https:\/\/i0.wp.com\/kohenavocats.com\/wp-content\/uploads\/2024\/08\/roman-suslov-7jSq1rrpku0-unsplash.webp?resize=525%2C300&ssl=1 1.5x, https:\/\/i0.wp.com\/kohenavocats.com\/wp-content\/uploads\/2024\/08\/roman-suslov-7jSq1rrpku0-unsplash.webp?resize=700%2C400&ssl=1 2x, https:\/\/i0.wp.com\/kohenavocats.com\/wp-content\/uploads\/2024\/08\/roman-suslov-7jSq1rrpku0-unsplash.webp?resize=1050%2C600&ssl=1 3x, https:\/\/i0.wp.com\/kohenavocats.com\/wp-content\/uploads\/2024\/08\/roman-suslov-7jSq1rrpku0-unsplash.webp?resize=1400%2C800&ssl=1 4x"},"classes":[]},{"id":308862,"url":"https:\/\/kohenavocats.com\/ru\/tribunal-judiciaire-de-paris-le-9-juillet-2025-n19-02075\/","url_meta":{"origin":670947,"position":5},"title":"Tribunal judiciaire de Paris, le 9 juillet 2025, n\u00b019\/02075","author":"Kohen","date":"06.02.2026","format":false,"excerpt":"Le Tribunal judiciaire de Paris, statuant en premier ressort le 9 juillet 2025, a \u00e9t\u00e9 saisi d\u2019un recours contre une d\u00e9cision de caisse de s\u00e9curit\u00e9 sociale fixant le taux d\u2019incapacit\u00e9 permanente partielle d\u2019un salari\u00e9. Ce dernier, ancien couvreur, avait subi un accident du travail en 2015 entra\u00eenant des fractures. La\u2026","rel":"","context":"\u0412 &quot;D\u00e9cisions juridiques&quot;","block_context":{"text":"D\u00e9cisions juridiques","link":"https:\/\/kohenavocats.com\/category\/decisions-juridiques\/"},"img":{"alt_text":"","src":"https:\/\/i0.wp.com\/kohenavocats.com\/wp-content\/uploads\/2024\/11\/anita-austvika-uIEL3NE30xk-unsplash.webp?resize=350%2C200&ssl=1","width":350,"height":200,"srcset":"https:\/\/i0.wp.com\/kohenavocats.com\/wp-content\/uploads\/2024\/11\/anita-austvika-uIEL3NE30xk-unsplash.webp?resize=350%2C200&ssl=1 1x, https:\/\/i0.wp.com\/kohenavocats.com\/wp-content\/uploads\/2024\/11\/anita-austvika-uIEL3NE30xk-unsplash.webp?resize=525%2C300&ssl=1 1.5x, https:\/\/i0.wp.com\/kohenavocats.com\/wp-content\/uploads\/2024\/11\/anita-austvika-uIEL3NE30xk-unsplash.webp?resize=700%2C400&ssl=1 2x, https:\/\/i0.wp.com\/kohenavocats.com\/wp-content\/uploads\/2024\/11\/anita-austvika-uIEL3NE30xk-unsplash.webp?resize=1050%2C600&ssl=1 3x, https:\/\/i0.wp.com\/kohenavocats.com\/wp-content\/uploads\/2024\/11\/anita-austvika-uIEL3NE30xk-unsplash.webp?resize=1400%2C800&ssl=1 4x"},"classes":[]}],"jetpack_sharing_enabled":true,"_links":{"self":[{"href":"https:\/\/kohenavocats.com\/ru\/wp-json\/wp\/v2\/posts\/670947","targetHints":{"allow":["GET"]}}],"collection":[{"href":"https:\/\/kohenavocats.com\/ru\/wp-json\/wp\/v2\/posts"}],"about":[{"href":"https:\/\/kohenavocats.com\/ru\/wp-json\/wp\/v2\/types\/post"}],"author":[{"embeddable":true,"href":"https:\/\/kohenavocats.com\/ru\/wp-json\/wp\/v2\/users\/232070755"}],"replies":[{"embeddable":true,"href":"https:\/\/kohenavocats.com\/ru\/wp-json\/wp\/v2\/comments?post=670947"}],"version-history":[{"count":0,"href":"https:\/\/kohenavocats.com\/ru\/wp-json\/wp\/v2\/posts\/670947\/revisions"}],"wp:featuredmedia":[{"embeddable":true,"href":"https:\/\/kohenavocats.com\/ru\/wp-json\/wp\/v2\/media\/3919"}],"wp:attachment":[{"href":"https:\/\/kohenavocats.com\/ru\/wp-json\/wp\/v2\/media?parent=670947"}],"wp:term":[{"taxonomy":"category","embeddable":true,"href":"https:\/\/kohenavocats.com\/ru\/wp-json\/wp\/v2\/categories?post=670947"},{"taxonomy":"post_tag","embeddable":true,"href":"https:\/\/kohenavocats.com\/ru\/wp-json\/wp\/v2\/tags?post=670947"}],"curies":[{"name":"wp","href":"https:\/\/api.w.org\/{rel}","templated":true}]}}