{"id":682559,"date":"2026-04-25T17:40:54","date_gmt":"2026-04-25T15:40:54","guid":{"rendered":"https:\/\/kohenavocats.com\/cour-dappel-de-bordeaux-le-14-novembre-2023-n22-01360\/"},"modified":"2026-04-25T17:40:54","modified_gmt":"2026-04-25T15:40:54","slug":"cour-dappel-de-bordeaux-le-14-novembre-2023-n22-01360","status":"publish","type":"post","link":"https:\/\/kohenavocats.com\/ru\/cour-dappel-de-bordeaux-le-14-novembre-2023-n22-01360\/","title":{"rendered":"Cour d&#8217;appel de Bordeaux, le 14 novembre 2023, n\u00b022\/01360"},"content":{"rendered":"<div class=\"article-content\">\n<p>La cour d&#8217;appel de Bordeaux, statuant le 14 novembre 2023, examine un litige cons\u00e9cutif \u00e0 la vente d&#8217;un logement. L&#8217;acqu\u00e9reur invoque des vices cach\u00e9s et \u00e0 titre subsidiaire un dol. La cour d&#8217;appel confirme le jugement de premi\u00e8re instance qui avait rejet\u00e9 ses demandes. Elle se prononce sur l&#8217;opposabilit\u00e9 d&#8217;une clause \u00e9lusive de garantie et sur l&#8217;existence d&#8217;un dol. La solution retenue \u00e9carte la responsabilit\u00e9 du vendeur en validant la clause.<\/p>\n<p>La qualification du vendeur conditionne l&#8217;opposabilit\u00e9 de la clause<\/p>\n<p>La cour examine d&#8217;abord si le vendeur peut \u00eatre qualifi\u00e9 de professionnel. Cette qualification rendrait inopposable la clause de non-garantie stipul\u00e9e dans l&#8217;acte. L&#8217;acheteur soutenait une activit\u00e9 habituelle dans l&#8217;immobilier. La cour rel\u00e8ve que l&#8217;objet social principal est le conseil financier. &#171;Il en r\u00e9sulte clairement que si cette soci\u00e9t\u00e9 ne s&#8217;interdit pas de proc\u00e9der \u00e0 des op\u00e9rations immobili\u00e8res, il ne s&#8217;agit que d&#8217;une activit\u00e9 annexe et ponctuelle&#187; (point 21). L&#8217;op\u00e9ration litigieuse, limit\u00e9e \u00e0 la revente sans am\u00e9nagement, est isol\u00e9e. La port\u00e9e de cette analyse est restrictive. Elle \u00e9carte l&#8217;assimilation au professionnel d\u00e8s lors que l&#8217;activit\u00e9 n&#8217;est pas habituelle. La valeur de la d\u00e9cision r\u00e9side dans l&#8217;examen concret des faits pour qualifier le vendeur.<\/p>\n<p>L&#8217;absence de connaissance effective du vice prot\u00e8ge le vendeur de bonne foi<\/p>\n<p>Le second volet concerne la connaissance des vices par le vendeur. La clause pr\u00e9voyait son exclusion en cas de mauvaise foi du promettant. L&#8217;acheteur arguait de demandes de permis refus\u00e9es pour prouver cette connaissance. La cour estime que ces \u00e9l\u00e9ments sont insuffisants. &#171;Il n&#8217;est pas non plus \u00e9tabli que cette soci\u00e9t\u00e9 avait connaissance des vices invoqu\u00e9s&#187; (point 26). Elle souligne que le vendeur n&#8217;a jamais occup\u00e9 les lieux. Le sens de cette exigence est de prot\u00e9ger le vendeur non professionnel de bonne foi. Sa port\u00e9e est conforme \u00e0 la jurisprudence qui conditionne l&#8217;inopposabilit\u00e9 \u00e0 la preuve d&#8217;une connaissance effective. &#171;Il r\u00e9sulte de ce texte que la clause limitative ou exclusive de garantie des vices cach\u00e9s est opposable \u00e0 un acheteur professionnel de m\u00eame sp\u00e9cialit\u00e9 que celui qui lui vend la chose&#187; (Cass. Troisi\u00e8me chambre civile, le 23 octobre 2025, n\u00b023-18.469). Ici, l&#8217;absence de preuve de la connaissance sauvegarde la clause.<\/p>\n<p>Le rejet de l&#8217;action dolosive d\u00e9coule de l&#8217;absence de faute<\/p>\n<p>Sur le dol, la cour proc\u00e8de \u00e0 une analyse subsidiaire et connexe. L&#8217;action en garantie des vices cach\u00e9s \u00e9tant \u00e9cart\u00e9e, l&#8217;acheteur invoquait des man\u0153uvres dolosives. La cour lie logiquement les deux qualifications. &#171;Mais d\u00e8s lors que comme il a \u00e9t\u00e9 vu plus haut, il n&#8217;est nullement \u00e9tabli que la soci\u00e9t\u00e9 venderesse avait connaissance des vices en question, il ne peut lui \u00eatre reproch\u00e9 d&#8217;en avoir cel\u00e9 l&#8217;existence&#187; (point 28). Le sens de ce raisonnement est que l&#8217;\u00e9l\u00e9ment intentionnel est absent. La valeur de cette solution est de rappeler la coh\u00e9rence entre la mauvaise foi en garantie et le dol. Sa port\u00e9e est classique : sans connaissance du vice, il ne peut y avoir de r\u00e9ticence dolosive.<\/p>\n<p>La confirmation du caract\u00e8re extinctif du d\u00e9lai de l&#8217;article 1648<\/p>\n<p>En pr\u00e9ambule, la cour rappelle une question pr\u00e9judicielle de proc\u00e9dure. Le vendeur invoquait l&#8217;irrecevabilit\u00e9 de l&#8217;action pour forclusion. Un conseiller de la mise en \u00e9tat avait d\u00e9j\u00e0 tranch\u00e9. &#171;Il sera pr\u00e9cis\u00e9 en pr\u00e9ambule que si la soci\u00e9t\u00e9 Please Horn invoque dans ses conclusions l&#8217;irrecevabilit\u00e9 (&#8230;) ce point a \u00e9t\u00e9 tranch\u00e9 par la d\u00e9cision du conseiller de la mise en \u00e9tat du 25 janvier 2023 qui a consid\u00e9r\u00e9 qu&#8217;il s&#8217;agissait en r\u00e9alit\u00e9 d&#8217;un d\u00e9lai de prescription susceptible d&#8217;\u00eatre suspendu&#187; (point 16). La port\u00e9e de ce rappel est importante. Il confirme la nature du d\u00e9lai de l&#8217;article 1648 du code civil. Cette analyse est en phase avec l&#8217;\u00e9volution jurisprudentielle r\u00e9cente. &#171;Le d\u00e9lai biennal pr\u00e9vu par l&#8217;article 1648 du code civil pour intenter l&#8217;action en garantie \u00e0 raison des vices cach\u00e9s de la chose vendue est un d\u00e9lai de prescription susceptible de suspension&#187; (Cour d&#8217;appel de Rennes, le 14 octobre 2025, n\u00b022\/02435). La valeur de cette pr\u00e9cision est de clarifier le r\u00e9gime proc\u00e9dural applicable.<\/p>\n<\/div>\n","protected":false},"excerpt":{"rendered":"<p>La cour d&#8217;appel de Bordeaux, statuant le 14 novembre 2023, examine un litige cons\u00e9cutif \u00e0 la vente d&#8217;un logement. L&#8217;acqu\u00e9reur invoque des vices cach\u00e9s et \u00e0 t&#8230;<\/p>\n","protected":false},"author":232070755,"featured_media":4835,"comment_status":"open","ping_status":"open","sticky":false,"template":"","format":"standard","meta":{"_crdt_document":"","_jetpack_newsletter_access":"","_jetpack_dont_email_post_to_subs":false,"_jetpack_newsletter_tier_id":0,"_jetpack_memberships_contains_paywalled_content":false,"_kj_source_type":"judilibre","_kj_official_id":"68ce3afb208310c243b73a6d","_kj_official_url":"https:\/\/www.courdecassation.fr\/decision\/68ce3afb208310c243b73a6d","_kj_judilibre_id":"68ce3afb208310c243b73a6d","_kj_jur":"Cour d'appel","_kj_lieu":"Cour d'appel de Bordeaux","_kj_chambre":"2\u00e8me CHAMBRE CIVILE","_kj_rg":"22\/01360","_kj_date":"2025-09-18","_jetpack_memberships_contains_paid_content":false,"footnotes":"","jetpack_post_was_ever_published":false},"categories":[7597],"tags":[],"class_list":["post-682559","post","type-post","status-publish","format-standard","has-post-thumbnail","hentry","category-jurisprudence"],"yoast_head":"<!-- This site is optimized with the Yoast SEO Premium plugin v27.5 (Yoast SEO v27.5) - https:\/\/yoast.com\/product\/yoast-seo-premium-wordpress\/ -->\n<title>Cour d&#039;appel de Bordeaux, le 14 novembre 2023, n\u00b022\/01360 - Ma\u00eetre Hassan Kohen, avocat en droit p\u00e9nal \u00e0 Paris<\/title>\n<meta name=\"description\" content=\"La cour d&#039;appel de Bordeaux, statuant le 14 novembre 2023, examine un litige cons\u00e9cutif \u00e0 la vente d&#039;un logement. L&#039;acqu\u00e9reur invoque des vices cach\u00e9s et \u00e0 t...\" \/>\n<meta name=\"robots\" content=\"index, follow, max-snippet:-1, max-image-preview:large, max-video-preview:-1\" \/>\n<link rel=\"canonical\" href=\"https:\/\/kohenavocats.com\/ru\/cour-dappel-de-bordeaux-le-14-novembre-2023-n22-01360\/\" \/>\n<meta property=\"og:locale\" content=\"ru_RU\" \/>\n<meta property=\"og:type\" content=\"article\" \/>\n<meta property=\"og:title\" content=\"Cour d&#039;appel de Bordeaux, le 14 novembre 2023, n\u00b022\/01360\" \/>\n<meta property=\"og:description\" content=\"La cour d&#039;appel de Bordeaux, statuant le 14 novembre 2023, examine un litige cons\u00e9cutif \u00e0 la vente d&#039;un logement. L&#039;acqu\u00e9reur invoque des vices cach\u00e9s et \u00e0 t...\" \/>\n<meta property=\"og:url\" content=\"https:\/\/kohenavocats.com\/ru\/cour-dappel-de-bordeaux-le-14-novembre-2023-n22-01360\/\" \/>\n<meta property=\"og:site_name\" content=\"Ma\u00eetre Hassan Kohen, avocat en droit p\u00e9nal \u00e0 Paris\" \/>\n<meta property=\"article:published_time\" content=\"2026-04-25T15:40:54+00:00\" \/>\n<meta property=\"og:image\" content=\"https:\/\/kohenavocats.com\/wp-content\/uploads\/2024\/08\/mika-ruusunen-ypVM8PnygUo-unsplash.webp\" \/>\n\t<meta property=\"og:image:width\" content=\"5472\" \/>\n\t<meta property=\"og:image:height\" content=\"3648\" \/>\n\t<meta property=\"og:image:type\" content=\"image\/webp\" \/>\n<meta name=\"author\" content=\"Kohen\" \/>\n<meta name=\"twitter:card\" content=\"summary_large_image\" \/>\n<meta name=\"twitter:label1\" content=\"\u041d\u0430\u043f\u0438\u0441\u0430\u043d\u043e \u0430\u0432\u0442\u043e\u0440\u043e\u043c\" \/>\n\t<meta name=\"twitter:data1\" content=\"Kohen\" \/>\n\t<meta name=\"twitter:label2\" content=\"\u041f\u0440\u0438\u043c\u0435\u0440\u043d\u043e\u0435 \u0432\u0440\u0435\u043c\u044f \u0434\u043b\u044f \u0447\u0442\u0435\u043d\u0438\u044f\" \/>\n\t<meta name=\"twitter:data2\" content=\"3 \u043c\u0438\u043d\u0443\u0442\u044b\" \/>\n<script type=\"application\/ld+json\" class=\"yoast-schema-graph\">{\"@context\":\"https:\\\/\\\/schema.org\",\"@graph\":[{\"@type\":\"Article\",\"@id\":\"https:\\\/\\\/kohenavocats.com\\\/ru\\\/cour-dappel-de-bordeaux-le-14-novembre-2023-n22-01360\\\/#article\",\"isPartOf\":{\"@id\":\"https:\\\/\\\/kohenavocats.com\\\/ru\\\/cour-dappel-de-bordeaux-le-14-novembre-2023-n22-01360\\\/\"},\"author\":{\"name\":\"Kohen\",\"@id\":\"https:\\\/\\\/kohenavocats.com\\\/ru\\\/#\\\/schema\\\/person\\\/761c9ba54fa1ca84d405cef0831ff751\"},\"headline\":\"Cour d&#8217;appel de Bordeaux, le 14 novembre 2023, n\u00b022\\\/01360\",\"datePublished\":\"2026-04-25T15:40:54+00:00\",\"mainEntityOfPage\":{\"@id\":\"https:\\\/\\\/kohenavocats.com\\\/ru\\\/cour-dappel-de-bordeaux-le-14-novembre-2023-n22-01360\\\/\"},\"wordCount\":751,\"commentCount\":0,\"publisher\":{\"@id\":\"https:\\\/\\\/kohenavocats.com\\\/ru\\\/#organization\"},\"image\":{\"@id\":\"https:\\\/\\\/kohenavocats.com\\\/ru\\\/cour-dappel-de-bordeaux-le-14-novembre-2023-n22-01360\\\/#primaryimage\"},\"thumbnailUrl\":\"https:\\\/\\\/kohenavocats.com\\\/wp-content\\\/uploads\\\/2024\\\/08\\\/mika-ruusunen-ypVM8PnygUo-unsplash.webp\",\"articleSection\":[\"Jurisprudence\"],\"inLanguage\":\"ru-RU\",\"potentialAction\":[{\"@type\":\"CommentAction\",\"name\":\"Comment\",\"target\":[\"https:\\\/\\\/kohenavocats.com\\\/ru\\\/cour-dappel-de-bordeaux-le-14-novembre-2023-n22-01360\\\/#respond\"]}],\"citation\":\"Cour d&#8217;appel de Bordeaux, le 14 novembre 2023, n\u00b022\\\/01360\",\"about\":[{\"@type\":\"Thing\",\"name\":\"Jurisprudence\"}],\"dateModified\":\"2026-04-25T15:40:54+00:00\",\"speakable\":{\"@type\":\"SpeakableSpecification\",\"cssSelector\":[\".article-content > p:first-of-type\"]}},{\"@type\":\"WebPage\",\"@id\":\"https:\\\/\\\/kohenavocats.com\\\/ru\\\/cour-dappel-de-bordeaux-le-14-novembre-2023-n22-01360\\\/\",\"url\":\"https:\\\/\\\/kohenavocats.com\\\/ru\\\/cour-dappel-de-bordeaux-le-14-novembre-2023-n22-01360\\\/\",\"name\":\"Cour d'appel de Bordeaux, le 14 novembre 2023, n\u00b022\\\/01360 - Ma\u00eetre Hassan Kohen, avocat en droit p\u00e9nal \u00e0 Paris\",\"isPartOf\":{\"@id\":\"https:\\\/\\\/kohenavocats.com\\\/ru\\\/#website\"},\"primaryImageOfPage\":{\"@id\":\"https:\\\/\\\/kohenavocats.com\\\/ru\\\/cour-dappel-de-bordeaux-le-14-novembre-2023-n22-01360\\\/#primaryimage\"},\"image\":{\"@id\":\"https:\\\/\\\/kohenavocats.com\\\/ru\\\/cour-dappel-de-bordeaux-le-14-novembre-2023-n22-01360\\\/#primaryimage\"},\"thumbnailUrl\":\"https:\\\/\\\/kohenavocats.com\\\/wp-content\\\/uploads\\\/2024\\\/08\\\/mika-ruusunen-ypVM8PnygUo-unsplash.webp\",\"datePublished\":\"2026-04-25T15:40:54+00:00\",\"description\":\"La cour d'appel de Bordeaux, statuant le 14 novembre 2023, examine un litige cons\u00e9cutif \u00e0 la vente d'un logement. L'acqu\u00e9reur invoque des vices cach\u00e9s et \u00e0 t...\",\"breadcrumb\":{\"@id\":\"https:\\\/\\\/kohenavocats.com\\\/ru\\\/cour-dappel-de-bordeaux-le-14-novembre-2023-n22-01360\\\/#breadcrumb\"},\"inLanguage\":\"ru-RU\",\"potentialAction\":[{\"@type\":\"ReadAction\",\"target\":[\"https:\\\/\\\/kohenavocats.com\\\/ru\\\/cour-dappel-de-bordeaux-le-14-novembre-2023-n22-01360\\\/\"]}]},{\"@type\":\"ImageObject\",\"inLanguage\":\"ru-RU\",\"@id\":\"https:\\\/\\\/kohenavocats.com\\\/ru\\\/cour-dappel-de-bordeaux-le-14-novembre-2023-n22-01360\\\/#primaryimage\",\"url\":\"https:\\\/\\\/kohenavocats.com\\\/wp-content\\\/uploads\\\/2024\\\/08\\\/mika-ruusunen-ypVM8PnygUo-unsplash.webp\",\"contentUrl\":\"https:\\\/\\\/kohenavocats.com\\\/wp-content\\\/uploads\\\/2024\\\/08\\\/mika-ruusunen-ypVM8PnygUo-unsplash.webp\",\"width\":5472,\"height\":3648},{\"@type\":\"BreadcrumbList\",\"@id\":\"https:\\\/\\\/kohenavocats.com\\\/ru\\\/cour-dappel-de-bordeaux-le-14-novembre-2023-n22-01360\\\/#breadcrumb\",\"itemListElement\":[{\"@type\":\"ListItem\",\"position\":1,\"name\":\"Home\",\"item\":\"https:\\\/\\\/kohenavocats.com\\\/ru\\\/avocats-en-droit-penal-a-paris-conseil-et-defense-strategique\\\/\"},{\"@type\":\"ListItem\",\"position\":2,\"name\":\"Cour d&rsquo;appel de Bordeaux, le 14 novembre 2023, n\u00b022\\\/01360\"}]},{\"@type\":\"WebSite\",\"@id\":\"https:\\\/\\\/kohenavocats.com\\\/ru\\\/#website\",\"url\":\"https:\\\/\\\/kohenavocats.com\\\/ru\\\/\",\"name\":\"Kohen Avocats\",\"description\":\"Ma\u00eetre Hassan Kohen, avocat p\u00e9naliste \u00e0 Paris, intervient exclusivement en droit p\u00e9nal pour la d\u00e9fense des particuliers, notamment en mati\u00e8re d\u2019accusations de viol. Il assure un accompagnement rigoureux d\u00e8s la garde \u00e0 vue jusqu\u2019\u00e0 la Cour d\u2019assises, veillant au strict respect des garanties proc\u00e9durales.\",\"publisher\":{\"@id\":\"https:\\\/\\\/kohenavocats.com\\\/ru\\\/#organization\"},\"potentialAction\":[{\"@type\":\"SearchAction\",\"target\":{\"@type\":\"EntryPoint\",\"urlTemplate\":\"https:\\\/\\\/kohenavocats.com\\\/ru\\\/?s={search_term_string}\"},\"query-input\":{\"@type\":\"PropertyValueSpecification\",\"valueRequired\":true,\"valueName\":\"search_term_string\"}}],\"inLanguage\":\"ru-RU\"},{\"@type\":\"Organization\",\"@id\":\"https:\\\/\\\/kohenavocats.com\\\/ru\\\/#organization\",\"name\":\"Kohen Avocats\",\"url\":\"https:\\\/\\\/kohenavocats.com\\\/ru\\\/\",\"logo\":{\"@type\":\"ImageObject\",\"inLanguage\":\"ru-RU\",\"@id\":\"https:\\\/\\\/kohenavocats.com\\\/ru\\\/#\\\/schema\\\/logo\\\/image\\\/\",\"url\":\"https:\\\/\\\/kohenavocats.com\\\/wp-content\\\/uploads\\\/2026\\\/01\\\/Logo-2-1.webp\",\"contentUrl\":\"https:\\\/\\\/kohenavocats.com\\\/wp-content\\\/uploads\\\/2026\\\/01\\\/Logo-2-1.webp\",\"width\":2114,\"height\":1253,\"caption\":\"Kohen Avocats\"},\"image\":{\"@id\":\"https:\\\/\\\/kohenavocats.com\\\/ru\\\/#\\\/schema\\\/logo\\\/image\\\/\"}},{\"@type\":\"Person\",\"@id\":\"https:\\\/\\\/kohenavocats.com\\\/ru\\\/#\\\/schema\\\/person\\\/761c9ba54fa1ca84d405cef0831ff751\",\"name\":\"Kohen\",\"image\":{\"@type\":\"ImageObject\",\"inLanguage\":\"ru-RU\",\"@id\":\"https:\\\/\\\/secure.gravatar.com\\\/avatar\\\/1c5e76ef76bbbfdd2b4da984e2bf2fa4056fd51a27d25ce2c332047f1dfd6e00?s=96&d=identicon&r=g\",\"url\":\"https:\\\/\\\/secure.gravatar.com\\\/avatar\\\/1c5e76ef76bbbfdd2b4da984e2bf2fa4056fd51a27d25ce2c332047f1dfd6e00?s=96&d=identicon&r=g\",\"contentUrl\":\"https:\\\/\\\/secure.gravatar.com\\\/avatar\\\/1c5e76ef76bbbfdd2b4da984e2bf2fa4056fd51a27d25ce2c332047f1dfd6e00?s=96&d=identicon&r=g\",\"caption\":\"Kohen\"},\"sameAs\":[\"https:\\\/\\\/www.linkedin.com\\\/in\\\/hassan-kohen-448548192\\\/\",\"https:\\\/\\\/www.youtube.com\\\/@Kohen-Avocats\"],\"url\":\"https:\\\/\\\/kohenavocats.com\\\/ru\\\/author\\\/kohenmlk\\\/\"}]}<\/script>\n<!-- \/ Yoast SEO Premium plugin. -->","yoast_head_json":{"title":"Cour d'appel de Bordeaux, le 14 novembre 2023, n\u00b022\/01360 - Ma\u00eetre Hassan Kohen, avocat en droit p\u00e9nal \u00e0 Paris","description":"La cour d'appel de Bordeaux, statuant le 14 novembre 2023, examine un litige cons\u00e9cutif \u00e0 la vente d'un logement. L'acqu\u00e9reur invoque des vices cach\u00e9s et \u00e0 t...","robots":{"index":"index","follow":"follow","max-snippet":"max-snippet:-1","max-image-preview":"max-image-preview:large","max-video-preview":"max-video-preview:-1"},"canonical":"https:\/\/kohenavocats.com\/ru\/cour-dappel-de-bordeaux-le-14-novembre-2023-n22-01360\/","og_locale":"ru_RU","og_type":"article","og_title":"Cour d'appel de Bordeaux, le 14 novembre 2023, n\u00b022\/01360","og_description":"La cour d'appel de Bordeaux, statuant le 14 novembre 2023, examine un litige cons\u00e9cutif \u00e0 la vente d'un logement. L'acqu\u00e9reur invoque des vices cach\u00e9s et \u00e0 t...","og_url":"https:\/\/kohenavocats.com\/ru\/cour-dappel-de-bordeaux-le-14-novembre-2023-n22-01360\/","og_site_name":"Ma\u00eetre Hassan Kohen, avocat en droit p\u00e9nal \u00e0 Paris","article_published_time":"2026-04-25T15:40:54+00:00","og_image":[{"width":5472,"height":3648,"url":"https:\/\/kohenavocats.com\/wp-content\/uploads\/2024\/08\/mika-ruusunen-ypVM8PnygUo-unsplash.webp","type":"image\/webp"}],"author":"Kohen","twitter_card":"summary_large_image","twitter_misc":{"\u041d\u0430\u043f\u0438\u0441\u0430\u043d\u043e \u0430\u0432\u0442\u043e\u0440\u043e\u043c":"Kohen","\u041f\u0440\u0438\u043c\u0435\u0440\u043d\u043e\u0435 \u0432\u0440\u0435\u043c\u044f \u0434\u043b\u044f \u0447\u0442\u0435\u043d\u0438\u044f":"3 \u043c\u0438\u043d\u0443\u0442\u044b"},"schema":{"@context":"https:\/\/schema.org","@graph":[{"@type":"Article","@id":"https:\/\/kohenavocats.com\/ru\/cour-dappel-de-bordeaux-le-14-novembre-2023-n22-01360\/#article","isPartOf":{"@id":"https:\/\/kohenavocats.com\/ru\/cour-dappel-de-bordeaux-le-14-novembre-2023-n22-01360\/"},"author":{"name":"Kohen","@id":"https:\/\/kohenavocats.com\/ru\/#\/schema\/person\/761c9ba54fa1ca84d405cef0831ff751"},"headline":"Cour d&#8217;appel de Bordeaux, le 14 novembre 2023, n\u00b022\/01360","datePublished":"2026-04-25T15:40:54+00:00","mainEntityOfPage":{"@id":"https:\/\/kohenavocats.com\/ru\/cour-dappel-de-bordeaux-le-14-novembre-2023-n22-01360\/"},"wordCount":751,"commentCount":0,"publisher":{"@id":"https:\/\/kohenavocats.com\/ru\/#organization"},"image":{"@id":"https:\/\/kohenavocats.com\/ru\/cour-dappel-de-bordeaux-le-14-novembre-2023-n22-01360\/#primaryimage"},"thumbnailUrl":"https:\/\/kohenavocats.com\/wp-content\/uploads\/2024\/08\/mika-ruusunen-ypVM8PnygUo-unsplash.webp","articleSection":["Jurisprudence"],"inLanguage":"ru-RU","potentialAction":[{"@type":"CommentAction","name":"Comment","target":["https:\/\/kohenavocats.com\/ru\/cour-dappel-de-bordeaux-le-14-novembre-2023-n22-01360\/#respond"]}],"citation":"Cour d&#8217;appel de Bordeaux, le 14 novembre 2023, n\u00b022\/01360","about":[{"@type":"Thing","name":"Jurisprudence"}],"dateModified":"2026-04-25T15:40:54+00:00","speakable":{"@type":"SpeakableSpecification","cssSelector":[".article-content > p:first-of-type"]}},{"@type":"WebPage","@id":"https:\/\/kohenavocats.com\/ru\/cour-dappel-de-bordeaux-le-14-novembre-2023-n22-01360\/","url":"https:\/\/kohenavocats.com\/ru\/cour-dappel-de-bordeaux-le-14-novembre-2023-n22-01360\/","name":"Cour d'appel de Bordeaux, le 14 novembre 2023, n\u00b022\/01360 - Ma\u00eetre Hassan Kohen, avocat en droit p\u00e9nal \u00e0 Paris","isPartOf":{"@id":"https:\/\/kohenavocats.com\/ru\/#website"},"primaryImageOfPage":{"@id":"https:\/\/kohenavocats.com\/ru\/cour-dappel-de-bordeaux-le-14-novembre-2023-n22-01360\/#primaryimage"},"image":{"@id":"https:\/\/kohenavocats.com\/ru\/cour-dappel-de-bordeaux-le-14-novembre-2023-n22-01360\/#primaryimage"},"thumbnailUrl":"https:\/\/kohenavocats.com\/wp-content\/uploads\/2024\/08\/mika-ruusunen-ypVM8PnygUo-unsplash.webp","datePublished":"2026-04-25T15:40:54+00:00","description":"La cour d'appel de Bordeaux, statuant le 14 novembre 2023, examine un litige cons\u00e9cutif \u00e0 la vente d'un logement. L'acqu\u00e9reur invoque des vices cach\u00e9s et \u00e0 t...","breadcrumb":{"@id":"https:\/\/kohenavocats.com\/ru\/cour-dappel-de-bordeaux-le-14-novembre-2023-n22-01360\/#breadcrumb"},"inLanguage":"ru-RU","potentialAction":[{"@type":"ReadAction","target":["https:\/\/kohenavocats.com\/ru\/cour-dappel-de-bordeaux-le-14-novembre-2023-n22-01360\/"]}]},{"@type":"ImageObject","inLanguage":"ru-RU","@id":"https:\/\/kohenavocats.com\/ru\/cour-dappel-de-bordeaux-le-14-novembre-2023-n22-01360\/#primaryimage","url":"https:\/\/kohenavocats.com\/wp-content\/uploads\/2024\/08\/mika-ruusunen-ypVM8PnygUo-unsplash.webp","contentUrl":"https:\/\/kohenavocats.com\/wp-content\/uploads\/2024\/08\/mika-ruusunen-ypVM8PnygUo-unsplash.webp","width":5472,"height":3648},{"@type":"BreadcrumbList","@id":"https:\/\/kohenavocats.com\/ru\/cour-dappel-de-bordeaux-le-14-novembre-2023-n22-01360\/#breadcrumb","itemListElement":[{"@type":"ListItem","position":1,"name":"Home","item":"https:\/\/kohenavocats.com\/ru\/avocats-en-droit-penal-a-paris-conseil-et-defense-strategique\/"},{"@type":"ListItem","position":2,"name":"Cour d&rsquo;appel de Bordeaux, le 14 novembre 2023, n\u00b022\/01360"}]},{"@type":"WebSite","@id":"https:\/\/kohenavocats.com\/ru\/#website","url":"https:\/\/kohenavocats.com\/ru\/","name":"Kohen Avocats","description":"Ma\u00eetre Hassan Kohen, avocat p\u00e9naliste \u00e0 Paris, intervient exclusivement en droit p\u00e9nal pour la d\u00e9fense des particuliers, notamment en mati\u00e8re d\u2019accusations de viol. Il assure un accompagnement rigoureux d\u00e8s la garde \u00e0 vue jusqu\u2019\u00e0 la Cour d\u2019assises, veillant au strict respect des garanties proc\u00e9durales.","publisher":{"@id":"https:\/\/kohenavocats.com\/ru\/#organization"},"potentialAction":[{"@type":"SearchAction","target":{"@type":"EntryPoint","urlTemplate":"https:\/\/kohenavocats.com\/ru\/?s={search_term_string}"},"query-input":{"@type":"PropertyValueSpecification","valueRequired":true,"valueName":"search_term_string"}}],"inLanguage":"ru-RU"},{"@type":"Organization","@id":"https:\/\/kohenavocats.com\/ru\/#organization","name":"Kohen Avocats","url":"https:\/\/kohenavocats.com\/ru\/","logo":{"@type":"ImageObject","inLanguage":"ru-RU","@id":"https:\/\/kohenavocats.com\/ru\/#\/schema\/logo\/image\/","url":"https:\/\/kohenavocats.com\/wp-content\/uploads\/2026\/01\/Logo-2-1.webp","contentUrl":"https:\/\/kohenavocats.com\/wp-content\/uploads\/2026\/01\/Logo-2-1.webp","width":2114,"height":1253,"caption":"Kohen Avocats"},"image":{"@id":"https:\/\/kohenavocats.com\/ru\/#\/schema\/logo\/image\/"}},{"@type":"Person","@id":"https:\/\/kohenavocats.com\/ru\/#\/schema\/person\/761c9ba54fa1ca84d405cef0831ff751","name":"Kohen","image":{"@type":"ImageObject","inLanguage":"ru-RU","@id":"https:\/\/secure.gravatar.com\/avatar\/1c5e76ef76bbbfdd2b4da984e2bf2fa4056fd51a27d25ce2c332047f1dfd6e00?s=96&d=identicon&r=g","url":"https:\/\/secure.gravatar.com\/avatar\/1c5e76ef76bbbfdd2b4da984e2bf2fa4056fd51a27d25ce2c332047f1dfd6e00?s=96&d=identicon&r=g","contentUrl":"https:\/\/secure.gravatar.com\/avatar\/1c5e76ef76bbbfdd2b4da984e2bf2fa4056fd51a27d25ce2c332047f1dfd6e00?s=96&d=identicon&r=g","caption":"Kohen"},"sameAs":["https:\/\/www.linkedin.com\/in\/hassan-kohen-448548192\/","https:\/\/www.youtube.com\/@Kohen-Avocats"],"url":"https:\/\/kohenavocats.com\/ru\/author\/kohenmlk\/"}]}},"jetpack_featured_media_url":"https:\/\/kohenavocats.com\/wp-content\/uploads\/2024\/08\/mika-ruusunen-ypVM8PnygUo-unsplash.webp","jetpack_likes_enabled":false,"jetpack_shortlink":"https:\/\/wp.me\/peCrII-2Rz1","jetpack-related-posts":[{"id":717678,"url":"https:\/\/kohenavocats.com\/ru\/cour-dappel-de-bordeaux-le-22-janvier-2026-n22-04335\/","url_meta":{"origin":682559,"position":0},"title":"Cour d&#8217;appel de Bordeaux, le 22 janvier 2026, n\u00b022\/04335","author":"Kohen","date":"28.04.2026","format":false,"excerpt":"La cour d'appel de Bordeaux a rendu un arr\u00eat le 22 janvier 2026, rejetant les demandes de l'acqu\u00e9reur d'un v\u00e9hicule d'occasion. L'acqu\u00e9reur avait achet\u00e9 un T...","rel":"","context":"\u0412 &quot;Jurisprudence&quot;","block_context":{"text":"Jurisprudence","link":"https:\/\/kohenavocats.com\/category\/jurisprudence\/"},"img":{"alt_text":"","src":"https:\/\/i0.wp.com\/kohenavocats.com\/wp-content\/uploads\/2024\/11\/anita-austvika-EGIB8EITeJo-unsplash.webp?resize=350%2C200&ssl=1","width":350,"height":200,"srcset":"https:\/\/i0.wp.com\/kohenavocats.com\/wp-content\/uploads\/2024\/11\/anita-austvika-EGIB8EITeJo-unsplash.webp?resize=350%2C200&ssl=1 1x, https:\/\/i0.wp.com\/kohenavocats.com\/wp-content\/uploads\/2024\/11\/anita-austvika-EGIB8EITeJo-unsplash.webp?resize=525%2C300&ssl=1 1.5x, https:\/\/i0.wp.com\/kohenavocats.com\/wp-content\/uploads\/2024\/11\/anita-austvika-EGIB8EITeJo-unsplash.webp?resize=700%2C400&ssl=1 2x, https:\/\/i0.wp.com\/kohenavocats.com\/wp-content\/uploads\/2024\/11\/anita-austvika-EGIB8EITeJo-unsplash.webp?resize=1050%2C600&ssl=1 3x, https:\/\/i0.wp.com\/kohenavocats.com\/wp-content\/uploads\/2024\/11\/anita-austvika-EGIB8EITeJo-unsplash.webp?resize=1400%2C800&ssl=1 4x"},"classes":[]},{"id":715844,"url":"https:\/\/kohenavocats.com\/ru\/cour-dappel-de-bordeaux-le-15-janvier-2026-n23-04315\/","url_meta":{"origin":682559,"position":1},"title":"Cour d&#8217;appel de Bordeaux, le 15 janvier 2026, n\u00b023\/04315","author":"Kohen","date":"28.04.2026","format":false,"excerpt":"La cour d'appel de Bordeaux, dans son arr\u00eat du 15 janvier 2026, se prononce sur la validit\u00e9 d'une clause de r\u00e9serve de propri\u00e9t\u00e9 transf\u00e9r\u00e9e \u00e0 un \u00e9tablissemen...","rel":"","context":"\u0412 &quot;Jurisprudence&quot;","block_context":{"text":"Jurisprudence","link":"https:\/\/kohenavocats.com\/category\/jurisprudence\/"},"img":{"alt_text":"","src":"https:\/\/i0.wp.com\/kohenavocats.com\/wp-content\/uploads\/2024\/11\/laura-adai-hNQAWN4t99A-unsplash.webp?resize=350%2C200&ssl=1","width":350,"height":200,"srcset":"https:\/\/i0.wp.com\/kohenavocats.com\/wp-content\/uploads\/2024\/11\/laura-adai-hNQAWN4t99A-unsplash.webp?resize=350%2C200&ssl=1 1x, https:\/\/i0.wp.com\/kohenavocats.com\/wp-content\/uploads\/2024\/11\/laura-adai-hNQAWN4t99A-unsplash.webp?resize=525%2C300&ssl=1 1.5x, https:\/\/i0.wp.com\/kohenavocats.com\/wp-content\/uploads\/2024\/11\/laura-adai-hNQAWN4t99A-unsplash.webp?resize=700%2C400&ssl=1 2x, https:\/\/i0.wp.com\/kohenavocats.com\/wp-content\/uploads\/2024\/11\/laura-adai-hNQAWN4t99A-unsplash.webp?resize=1050%2C600&ssl=1 3x, https:\/\/i0.wp.com\/kohenavocats.com\/wp-content\/uploads\/2024\/11\/laura-adai-hNQAWN4t99A-unsplash.webp?resize=1400%2C800&ssl=1 4x"},"classes":[]},{"id":717682,"url":"https:\/\/kohenavocats.com\/ru\/cour-dappel-de-bordeaux-le-22-janvier-2026-n22-03947\/","url_meta":{"origin":682559,"position":2},"title":"Cour d&#8217;appel de Bordeaux, le 22 janvier 2026, n\u00b022\/03947","author":"Kohen","date":"28.04.2026","format":false,"excerpt":"La cour d'appel de Bordeaux, dans un arr\u00eat du 22 janvier 2026, a infirm\u00e9 la condamnation du vendeur pour retard de livraison.","rel":"","context":"\u0412 &quot;Jurisprudence&quot;","block_context":{"text":"Jurisprudence","link":"https:\/\/kohenavocats.com\/category\/jurisprudence\/"},"img":{"alt_text":"","src":"https:\/\/i0.wp.com\/kohenavocats.com\/wp-content\/uploads\/2024\/08\/frances-gunn-c9z9RlCh0Zo-unsplash.webp?resize=350%2C200&ssl=1","width":350,"height":200,"srcset":"https:\/\/i0.wp.com\/kohenavocats.com\/wp-content\/uploads\/2024\/08\/frances-gunn-c9z9RlCh0Zo-unsplash.webp?resize=350%2C200&ssl=1 1x, https:\/\/i0.wp.com\/kohenavocats.com\/wp-content\/uploads\/2024\/08\/frances-gunn-c9z9RlCh0Zo-unsplash.webp?resize=525%2C300&ssl=1 1.5x, https:\/\/i0.wp.com\/kohenavocats.com\/wp-content\/uploads\/2024\/08\/frances-gunn-c9z9RlCh0Zo-unsplash.webp?resize=700%2C400&ssl=1 2x, https:\/\/i0.wp.com\/kohenavocats.com\/wp-content\/uploads\/2024\/08\/frances-gunn-c9z9RlCh0Zo-unsplash.webp?resize=1050%2C600&ssl=1 3x, https:\/\/i0.wp.com\/kohenavocats.com\/wp-content\/uploads\/2024\/08\/frances-gunn-c9z9RlCh0Zo-unsplash.webp?resize=1400%2C800&ssl=1 4x"},"classes":[]},{"id":228970,"url":"https:\/\/kohenavocats.com\/ru\/cour-dappel-de-riom-le-23-juillet-2025-n24-01918\/","url_meta":{"origin":682559,"position":3},"title":"Cour d&#8217;appel de Riom, le 23 juillet 2025, n\u00b024\/01918","author":"Kohen","date":"27.12.2025","format":false,"excerpt":"Now using node v22.15.1 (npm v10.8.2)Utilisation de Node.js v20.19.4 et npm 10.8.2Codex est d\u00e9j\u00e0 install\u00e9.Lancement de Codex\u2026Rendue sur renvoi apr\u00e8s censure partielle, la d\u00e9cision de la cour d\u2019appel de Riom du 23 juillet 2025 tranche les cons\u00e9quences d\u2019une annulation conjointe d\u2019une vente et d\u2019un cr\u00e9dit affect\u00e9. L\u2019op\u00e9ration r\u00e9sultait d\u2019un d\u00e9marchage\u2026","rel":"","context":"\u0412 &quot;Cour d'appel&quot;","block_context":{"text":"Cour d'appel","link":"https:\/\/kohenavocats.com\/category\/cour-dappel\/"},"img":{"alt_text":"","src":"https:\/\/i0.wp.com\/kohenavocats.com\/wp-content\/uploads\/2024\/11\/george-dagerotip-kFQshsmdP-M-unsplash.webp?resize=350%2C200&ssl=1","width":350,"height":200,"srcset":"https:\/\/i0.wp.com\/kohenavocats.com\/wp-content\/uploads\/2024\/11\/george-dagerotip-kFQshsmdP-M-unsplash.webp?resize=350%2C200&ssl=1 1x, https:\/\/i0.wp.com\/kohenavocats.com\/wp-content\/uploads\/2024\/11\/george-dagerotip-kFQshsmdP-M-unsplash.webp?resize=525%2C300&ssl=1 1.5x, https:\/\/i0.wp.com\/kohenavocats.com\/wp-content\/uploads\/2024\/11\/george-dagerotip-kFQshsmdP-M-unsplash.webp?resize=700%2C400&ssl=1 2x, https:\/\/i0.wp.com\/kohenavocats.com\/wp-content\/uploads\/2024\/11\/george-dagerotip-kFQshsmdP-M-unsplash.webp?resize=1050%2C600&ssl=1 3x, https:\/\/i0.wp.com\/kohenavocats.com\/wp-content\/uploads\/2024\/11\/george-dagerotip-kFQshsmdP-M-unsplash.webp?resize=1400%2C800&ssl=1 4x"},"classes":[]},{"id":33061,"url":"https:\/\/kohenavocats.com\/ru\/cour-dappel-de-paris-le-4-juillet-2025-n22-02171\/","url_meta":{"origin":682559,"position":4},"title":"Cour d&#8217;appel de Paris, le 4 juillet 2025, n\u00b022\/02171","author":"Kohen","date":"05.11.2025","format":false,"excerpt":"Par un arr\u00eat du 11 juillet 2025, la Cour d'appel de Paris tranche un litige d\u2019assurance construction relatif \u00e0 la mobilisation d\u2019une garantie de responsabilit\u00e9 civile d\u2019entreprise. Le chantier portait sur une r\u00e9novation et une extension \u00e0 ossature bois avec toiture-terrasse. Des d\u00e9sordres ont \u00e9t\u00e9 relev\u00e9s apr\u00e8s constat et expertise\u2026","rel":"","context":"\u0412 &quot;Cour d'appel&quot;","block_context":{"text":"Cour d'appel","link":"https:\/\/kohenavocats.com\/category\/cour-dappel\/"},"img":{"alt_text":"","src":"https:\/\/i0.wp.com\/kohenavocats.com\/wp-content\/uploads\/2024\/11\/juliet-furst-LhkovoqKi70-unsplash.webp?resize=350%2C200&ssl=1","width":350,"height":200,"srcset":"https:\/\/i0.wp.com\/kohenavocats.com\/wp-content\/uploads\/2024\/11\/juliet-furst-LhkovoqKi70-unsplash.webp?resize=350%2C200&ssl=1 1x, https:\/\/i0.wp.com\/kohenavocats.com\/wp-content\/uploads\/2024\/11\/juliet-furst-LhkovoqKi70-unsplash.webp?resize=525%2C300&ssl=1 1.5x, https:\/\/i0.wp.com\/kohenavocats.com\/wp-content\/uploads\/2024\/11\/juliet-furst-LhkovoqKi70-unsplash.webp?resize=700%2C400&ssl=1 2x, https:\/\/i0.wp.com\/kohenavocats.com\/wp-content\/uploads\/2024\/11\/juliet-furst-LhkovoqKi70-unsplash.webp?resize=1050%2C600&ssl=1 3x, https:\/\/i0.wp.com\/kohenavocats.com\/wp-content\/uploads\/2024\/11\/juliet-furst-LhkovoqKi70-unsplash.webp?resize=1400%2C800&ssl=1 4x"},"classes":[]},{"id":725711,"url":"https:\/\/kohenavocats.com\/ru\/cour-dappel-de-bordeaux-le-5-fevrier-2026-n22-04641\/","url_meta":{"origin":682559,"position":5},"title":"Cour d&#8217;appel de Bordeaux, le 5 f\u00e9vrier 2026, n\u00b022\/04641","author":"Kohen","date":"28.04.2026","format":false,"excerpt":"La cour d'appel de Bordeaux, dans son arr\u00eat du 5 f\u00e9vrier 2026, infirme partiellement le jugement du tribunal judiciaire de Bergerac. Les faits opposent des a...","rel":"","context":"\u0412 &quot;Jurisprudence&quot;","block_context":{"text":"Jurisprudence","link":"https:\/\/kohenavocats.com\/category\/jurisprudence\/"},"img":{"alt_text":"","src":"https:\/\/i0.wp.com\/kohenavocats.com\/wp-content\/uploads\/2024\/08\/heriberto-murrieta-2RFLn3BzqHA-unsplash.webp?resize=350%2C200&ssl=1","width":350,"height":200,"srcset":"https:\/\/i0.wp.com\/kohenavocats.com\/wp-content\/uploads\/2024\/08\/heriberto-murrieta-2RFLn3BzqHA-unsplash.webp?resize=350%2C200&ssl=1 1x, https:\/\/i0.wp.com\/kohenavocats.com\/wp-content\/uploads\/2024\/08\/heriberto-murrieta-2RFLn3BzqHA-unsplash.webp?resize=525%2C300&ssl=1 1.5x, https:\/\/i0.wp.com\/kohenavocats.com\/wp-content\/uploads\/2024\/08\/heriberto-murrieta-2RFLn3BzqHA-unsplash.webp?resize=700%2C400&ssl=1 2x, https:\/\/i0.wp.com\/kohenavocats.com\/wp-content\/uploads\/2024\/08\/heriberto-murrieta-2RFLn3BzqHA-unsplash.webp?resize=1050%2C600&ssl=1 3x, https:\/\/i0.wp.com\/kohenavocats.com\/wp-content\/uploads\/2024\/08\/heriberto-murrieta-2RFLn3BzqHA-unsplash.webp?resize=1400%2C800&ssl=1 4x"},"classes":[]}],"jetpack_sharing_enabled":true,"_links":{"self":[{"href":"https:\/\/kohenavocats.com\/ru\/wp-json\/wp\/v2\/posts\/682559","targetHints":{"allow":["GET"]}}],"collection":[{"href":"https:\/\/kohenavocats.com\/ru\/wp-json\/wp\/v2\/posts"}],"about":[{"href":"https:\/\/kohenavocats.com\/ru\/wp-json\/wp\/v2\/types\/post"}],"author":[{"embeddable":true,"href":"https:\/\/kohenavocats.com\/ru\/wp-json\/wp\/v2\/users\/232070755"}],"replies":[{"embeddable":true,"href":"https:\/\/kohenavocats.com\/ru\/wp-json\/wp\/v2\/comments?post=682559"}],"version-history":[{"count":0,"href":"https:\/\/kohenavocats.com\/ru\/wp-json\/wp\/v2\/posts\/682559\/revisions"}],"wp:featuredmedia":[{"embeddable":true,"href":"https:\/\/kohenavocats.com\/ru\/wp-json\/wp\/v2\/media\/4835"}],"wp:attachment":[{"href":"https:\/\/kohenavocats.com\/ru\/wp-json\/wp\/v2\/media?parent=682559"}],"wp:term":[{"taxonomy":"category","embeddable":true,"href":"https:\/\/kohenavocats.com\/ru\/wp-json\/wp\/v2\/categories?post=682559"},{"taxonomy":"post_tag","embeddable":true,"href":"https:\/\/kohenavocats.com\/ru\/wp-json\/wp\/v2\/tags?post=682559"}],"curies":[{"name":"wp","href":"https:\/\/api.w.org\/{rel}","templated":true}]}}