{"id":686753,"date":"2026-04-25T21:56:13","date_gmt":"2026-04-25T19:56:13","guid":{"rendered":"https:\/\/kohenavocats.com\/cour-dappel-de-grenoble-le-24-juillet-2025-n25-00994\/"},"modified":"2026-04-25T21:56:13","modified_gmt":"2026-04-25T19:56:13","slug":"cour-dappel-de-grenoble-le-24-juillet-2025-n25-00994","status":"publish","type":"post","link":"https:\/\/kohenavocats.com\/ru\/cour-dappel-de-grenoble-le-24-juillet-2025-n25-00994\/","title":{"rendered":"Cour d&#8217;appel de Grenoble, le 24 juillet 2025, n\u00b025\/00994"},"content":{"rendered":"<div class=\"article-content\">\n<p>La Cour d\u2019appel de Grenoble, statuant en proc\u00e9dure acc\u00e9l\u00e9r\u00e9e au fond, a rendu un jugement le 24 juillet 2025 constatant le d\u00e9sistement d\u2019instance du Syndicat des copropri\u00e9taires de l\u2019immeuble Entre Vue. Le d\u00e9fendeur, M. [V] [G], n\u2019a pas comparu \u00e0 l\u2019audience et n\u2019avait pr\u00e9sent\u00e9 aucune d\u00e9fense au fond. Le tribunal, saisi sur le fondement de l\u2019article 395 du code de proc\u00e9dure civile, a donn\u00e9 acte de ce d\u00e9sistement et constat\u00e9 son dessaisissement. Cette d\u00e9cision illustre les conditions d\u2019efficacit\u00e9 du d\u00e9sistement d\u2019instance en l\u2019absence de d\u00e9fense au fond du d\u00e9fendeur. Elle invite \u00e0 analyser le r\u00e9gime juridique de cette extinction proc\u00e9durale (I) avant d\u2019en mesurer les cons\u00e9quences pratiques pour les parties (II).<\/p>\n<p><strong>I. Les conditions d\u2019efficacit\u00e9 du d\u00e9sistement d\u2019instance en l\u2019absence de d\u00e9fense<\/strong><\/p>\n<p>Le d\u00e9sistement d\u2019instance, acte unilat\u00e9ral par lequel le demandeur renonce \u00e0 poursuivre son instance, ob\u00e9it \u00e0 un r\u00e9gime conditionnel. L\u2019article 395 du code de proc\u00e9dure civile en pose le principe g\u00e9n\u00e9ral : l\u2019efficacit\u00e9 du d\u00e9sistement est subordonn\u00e9e \u00e0 l\u2019acceptation du d\u00e9fendeur. Cette r\u00e8gle vise \u00e0 prot\u00e9ger ce dernier qui pourrait avoir un int\u00e9r\u00eat l\u00e9gitime \u00e0 l\u2019issue du proc\u00e8s, notamment pour obtenir un jugement sur le fond le lib\u00e9rant d\u00e9finitivement. Le juge rappelle ce principe en \u00e9non\u00e7ant que \u00ab le d\u00e9sistement n\u2019est parfait que par l\u2019acceptation du d\u00e9fendeur \u00bb. Toutefois, la loi pr\u00e9voit une exception notable \u00e0 ce principe consensuel. L\u2019article 395 pr\u00e9voit en effet que l\u2019acceptation \u00ab n\u2019est pas n\u00e9cessaire si le d\u00e9fendeur ne pr\u00e9sentait aucune d\u00e9fense au fond ou fin de non-recevoir au moment o\u00f9 le demandeur se d\u00e9siste \u00bb. Le juge constate que \u00ab tel est le cas en l\u2019esp\u00e8ce \u00bb, le d\u00e9fendeur \u00e9tant non comparant et n\u2019ayant soulev\u00e9 aucune argumentation sur le fond avant le d\u00e9sistement. Cette application stricte de la condition l\u00e9gale permet au d\u00e9sistement de produire ses effets par la seule volont\u00e9 du demandeur. La d\u00e9cision montre ainsi que l\u2019exigence d\u2019acceptation est \u00e9cart\u00e9e lorsque le d\u00e9fendeur n\u2019a pas encore investi le d\u00e9bat juridique sur le fond de l\u2019affaire. La notion de \u00ab d\u00e9fense au fond \u00bb est ici interpr\u00e9t\u00e9e restrictivement, excluant la simple inaction proc\u00e9durale. Le tribunal valide ainsi un d\u00e9sistement unilat\u00e9ral pur et simple, fond\u00e9 sur l\u2019absence totale de r\u00e9action de la partie adverse. Cette solution est conforme \u00e0 l\u2019\u00e9conomie du texte qui distingue la d\u00e9fense au fond des autres actes de proc\u00e9dure. Elle pr\u00e9serve la facult\u00e9 pour le demandeur de mettre fin rapidement \u00e0 une instance devenue sans objet, sans \u00eatre tenu en \u00e9chec par l\u2019inertie du d\u00e9fendeur.<\/p>\n<p><strong>II. Les cons\u00e9quences proc\u00e9durales du d\u00e9sistement constat\u00e9 par le juge<\/strong><\/p>\n<p>La constatation judiciaire du d\u00e9sistement entra\u00eene des effets imm\u00e9diats sur la proc\u00e9dure et sur la situation des parties. Le premier effet est l\u2019extinction de l\u2019instance en cours. Le juge le formule clairement en estimant \u00ab qu\u2019il convient donc de constater l\u2019extinction de l\u2019instance \u00bb. Cet acte met fin \u00e0 la proc\u00e9dure sans qu\u2019il soit statu\u00e9 sur le fond du litige. Il en r\u00e9sulte un dessaisissement de la juridiction, lequel est act\u00e9 dans le dispositif du jugement. Le tribunal \u00ab constate le dessaisissement de la juridiction \u00bb, reconnaissant ainsi qu\u2019il n\u2019a plus \u00e0 conna\u00eetre de l\u2019affaire. Le d\u00e9sistement n\u2019\u00e9teint pas l\u2019action elle-m\u00eame, ce qui signifie que le demandeur conserve la possibilit\u00e9 d\u2019engager une nouvelle instance sur la m\u00eame cause. La d\u00e9cision se limite strictement \u00e0 cet aspect proc\u00e9dural, sans pr\u00e9juger d\u2019\u00e9ventuels droits substantiels. Enfin, le jugement statue sur les d\u00e9pens. Conform\u00e9ment \u00e0 l\u2019article 400 du code de proc\u00e9dure civile, qui dispose que les frais de l\u2019instance sont \u00e0 la charge de la partie qui s\u2019en d\u00e9siste sauf accord contraire, le tribunal \u00ab laisse les d\u00e9pens \u00e0 la charge du demandeur \u00bb. Cette solution est logique puisque c\u2019est le demandeur qui, par son initiative, met fin \u00e0 la proc\u00e9dure. Elle illustre l\u2019application du principe selon lequel la partie qui prend l\u2019initiative du d\u00e9sistement en supporte les cons\u00e9quences financi\u00e8res, m\u00eame lorsque le d\u00e9fendeur n\u2019a pas d\u00e9fendu. La d\u00e9cision, rendue en dernier ressort et r\u00e9put\u00e9e contradictoire malgr\u00e9 la non-comparution, produit ainsi des effets imm\u00e9diats et d\u00e9finitifs sur la proc\u00e9dure engag\u00e9e.<\/p>\n<\/div>\n","protected":false},"excerpt":{"rendered":"<p>La Cour d\u2019appel de Grenoble, statuant en proc\u00e9dure acc\u00e9l\u00e9r\u00e9e au fond, a rendu un jugement le 24 juillet 2025 constatant le d\u00e9sistement d\u2019instance du Syndicat&#8230;<\/p>\n","protected":false},"author":232070755,"featured_media":9590,"comment_status":"open","ping_status":"open","sticky":false,"template":"","format":"standard","meta":{"_crdt_document":"","_jetpack_newsletter_access":"","_jetpack_dont_email_post_to_subs":false,"_jetpack_newsletter_tier_id":0,"_jetpack_memberships_contains_paywalled_content":false,"_kj_source_type":"judilibre","_kj_official_id":"6882a1d45f09f7fee0f126d7","_kj_official_url":"https:\/\/www.courdecassation.fr\/decision\/6882a1d45f09f7fee0f126d7","_kj_judilibre_id":"6882a1d45f09f7fee0f126d7","_kj_jur":"Tribunal judiciaire","_kj_lieu":"Grenoble","_kj_chambre":"Ch 10 REFERES","_kj_rg":"25\/00994","_kj_date":"2025-07-24","_jetpack_memberships_contains_paid_content":false,"footnotes":"","jetpack_post_was_ever_published":false},"categories":[7597],"tags":[],"class_list":["post-686753","post","type-post","status-publish","format-standard","has-post-thumbnail","hentry","category-jurisprudence"],"yoast_head":"<!-- This site is optimized with the Yoast SEO Premium plugin v27.5 (Yoast SEO v27.5) - https:\/\/yoast.com\/product\/yoast-seo-premium-wordpress\/ -->\n<title>Cour d&#039;appel de Grenoble, le 24 juillet 2025, n\u00b025\/00994 - Ma\u00eetre Hassan Kohen, avocat en droit p\u00e9nal \u00e0 Paris<\/title>\n<meta name=\"description\" content=\"La Cour d\u2019appel de Grenoble, statuant en proc\u00e9dure acc\u00e9l\u00e9r\u00e9e au fond, a rendu un jugement le 24 juillet 2025 constatant le d\u00e9sistement d\u2019instance du Syndicat...\" \/>\n<meta name=\"robots\" content=\"index, follow, max-snippet:-1, max-image-preview:large, max-video-preview:-1\" \/>\n<link rel=\"canonical\" href=\"https:\/\/kohenavocats.com\/ru\/cour-dappel-de-grenoble-le-24-juillet-2025-n25-00994\/\" \/>\n<meta property=\"og:locale\" content=\"ru_RU\" \/>\n<meta property=\"og:type\" content=\"article\" \/>\n<meta property=\"og:title\" content=\"Cour d&#039;appel de Grenoble, le 24 juillet 2025, n\u00b025\/00994\" \/>\n<meta property=\"og:description\" content=\"La Cour d\u2019appel de Grenoble, statuant en proc\u00e9dure acc\u00e9l\u00e9r\u00e9e au fond, a rendu un jugement le 24 juillet 2025 constatant le d\u00e9sistement d\u2019instance du Syndicat...\" \/>\n<meta property=\"og:url\" content=\"https:\/\/kohenavocats.com\/ru\/cour-dappel-de-grenoble-le-24-juillet-2025-n25-00994\/\" \/>\n<meta property=\"og:site_name\" content=\"Ma\u00eetre Hassan Kohen, avocat en droit p\u00e9nal \u00e0 Paris\" \/>\n<meta property=\"article:published_time\" content=\"2026-04-25T19:56:13+00:00\" \/>\n<meta property=\"og:image\" content=\"https:\/\/kohenavocats.com\/wp-content\/uploads\/2024\/11\/getty-images-U7YRxXgIqmo-unsplash.webp\" \/>\n\t<meta property=\"og:image:width\" content=\"6016\" \/>\n\t<meta property=\"og:image:height\" content=\"4016\" \/>\n\t<meta property=\"og:image:type\" content=\"image\/webp\" \/>\n<meta name=\"author\" content=\"Kohen\" \/>\n<meta name=\"twitter:card\" content=\"summary_large_image\" \/>\n<meta name=\"twitter:label1\" content=\"\u041d\u0430\u043f\u0438\u0441\u0430\u043d\u043e \u0430\u0432\u0442\u043e\u0440\u043e\u043c\" \/>\n\t<meta name=\"twitter:data1\" content=\"Kohen\" \/>\n\t<meta name=\"twitter:label2\" content=\"\u041f\u0440\u0438\u043c\u0435\u0440\u043d\u043e\u0435 \u0432\u0440\u0435\u043c\u044f \u0434\u043b\u044f \u0447\u0442\u0435\u043d\u0438\u044f\" \/>\n\t<meta name=\"twitter:data2\" content=\"4 \u043c\u0438\u043d\u0443\u0442\u044b\" \/>\n<script type=\"application\/ld+json\" class=\"yoast-schema-graph\">{\"@context\":\"https:\\\/\\\/schema.org\",\"@graph\":[{\"@type\":\"Article\",\"@id\":\"https:\\\/\\\/kohenavocats.com\\\/ru\\\/cour-dappel-de-grenoble-le-24-juillet-2025-n25-00994\\\/#article\",\"isPartOf\":{\"@id\":\"https:\\\/\\\/kohenavocats.com\\\/ru\\\/cour-dappel-de-grenoble-le-24-juillet-2025-n25-00994\\\/\"},\"author\":{\"name\":\"Kohen\",\"@id\":\"https:\\\/\\\/kohenavocats.com\\\/ru\\\/#\\\/schema\\\/person\\\/761c9ba54fa1ca84d405cef0831ff751\"},\"headline\":\"Cour d&#8217;appel de Grenoble, le 24 juillet 2025, n\u00b025\\\/00994\",\"datePublished\":\"2026-04-25T19:56:13+00:00\",\"mainEntityOfPage\":{\"@id\":\"https:\\\/\\\/kohenavocats.com\\\/ru\\\/cour-dappel-de-grenoble-le-24-juillet-2025-n25-00994\\\/\"},\"wordCount\":789,\"commentCount\":0,\"publisher\":{\"@id\":\"https:\\\/\\\/kohenavocats.com\\\/ru\\\/#organization\"},\"image\":{\"@id\":\"https:\\\/\\\/kohenavocats.com\\\/ru\\\/cour-dappel-de-grenoble-le-24-juillet-2025-n25-00994\\\/#primaryimage\"},\"thumbnailUrl\":\"https:\\\/\\\/kohenavocats.com\\\/wp-content\\\/uploads\\\/2024\\\/11\\\/getty-images-U7YRxXgIqmo-unsplash.webp\",\"articleSection\":[\"Jurisprudence\"],\"inLanguage\":\"ru-RU\",\"potentialAction\":[{\"@type\":\"CommentAction\",\"name\":\"Comment\",\"target\":[\"https:\\\/\\\/kohenavocats.com\\\/ru\\\/cour-dappel-de-grenoble-le-24-juillet-2025-n25-00994\\\/#respond\"]}],\"citation\":\"Cour d&#8217;appel de Grenoble, le 24 juillet 2025, n\u00b025\\\/00994\",\"about\":[{\"@type\":\"Thing\",\"name\":\"Jurisprudence\"}],\"dateModified\":\"2026-04-25T19:56:13+00:00\",\"speakable\":{\"@type\":\"SpeakableSpecification\",\"cssSelector\":[\".article-content > p:first-of-type\"]}},{\"@type\":\"WebPage\",\"@id\":\"https:\\\/\\\/kohenavocats.com\\\/ru\\\/cour-dappel-de-grenoble-le-24-juillet-2025-n25-00994\\\/\",\"url\":\"https:\\\/\\\/kohenavocats.com\\\/ru\\\/cour-dappel-de-grenoble-le-24-juillet-2025-n25-00994\\\/\",\"name\":\"Cour d'appel de Grenoble, le 24 juillet 2025, n\u00b025\\\/00994 - Ma\u00eetre Hassan Kohen, avocat en droit p\u00e9nal \u00e0 Paris\",\"isPartOf\":{\"@id\":\"https:\\\/\\\/kohenavocats.com\\\/ru\\\/#website\"},\"primaryImageOfPage\":{\"@id\":\"https:\\\/\\\/kohenavocats.com\\\/ru\\\/cour-dappel-de-grenoble-le-24-juillet-2025-n25-00994\\\/#primaryimage\"},\"image\":{\"@id\":\"https:\\\/\\\/kohenavocats.com\\\/ru\\\/cour-dappel-de-grenoble-le-24-juillet-2025-n25-00994\\\/#primaryimage\"},\"thumbnailUrl\":\"https:\\\/\\\/kohenavocats.com\\\/wp-content\\\/uploads\\\/2024\\\/11\\\/getty-images-U7YRxXgIqmo-unsplash.webp\",\"datePublished\":\"2026-04-25T19:56:13+00:00\",\"description\":\"La Cour d\u2019appel de Grenoble, statuant en proc\u00e9dure acc\u00e9l\u00e9r\u00e9e au fond, a rendu un jugement le 24 juillet 2025 constatant le d\u00e9sistement d\u2019instance du Syndicat...\",\"breadcrumb\":{\"@id\":\"https:\\\/\\\/kohenavocats.com\\\/ru\\\/cour-dappel-de-grenoble-le-24-juillet-2025-n25-00994\\\/#breadcrumb\"},\"inLanguage\":\"ru-RU\",\"potentialAction\":[{\"@type\":\"ReadAction\",\"target\":[\"https:\\\/\\\/kohenavocats.com\\\/ru\\\/cour-dappel-de-grenoble-le-24-juillet-2025-n25-00994\\\/\"]}]},{\"@type\":\"ImageObject\",\"inLanguage\":\"ru-RU\",\"@id\":\"https:\\\/\\\/kohenavocats.com\\\/ru\\\/cour-dappel-de-grenoble-le-24-juillet-2025-n25-00994\\\/#primaryimage\",\"url\":\"https:\\\/\\\/kohenavocats.com\\\/wp-content\\\/uploads\\\/2024\\\/11\\\/getty-images-U7YRxXgIqmo-unsplash.webp\",\"contentUrl\":\"https:\\\/\\\/kohenavocats.com\\\/wp-content\\\/uploads\\\/2024\\\/11\\\/getty-images-U7YRxXgIqmo-unsplash.webp\",\"width\":6016,\"height\":4016},{\"@type\":\"BreadcrumbList\",\"@id\":\"https:\\\/\\\/kohenavocats.com\\\/ru\\\/cour-dappel-de-grenoble-le-24-juillet-2025-n25-00994\\\/#breadcrumb\",\"itemListElement\":[{\"@type\":\"ListItem\",\"position\":1,\"name\":\"Home\",\"item\":\"https:\\\/\\\/kohenavocats.com\\\/ru\\\/avocats-en-droit-penal-a-paris-conseil-et-defense-strategique\\\/\"},{\"@type\":\"ListItem\",\"position\":2,\"name\":\"Cour d&rsquo;appel de Grenoble, le 24 juillet 2025, n\u00b025\\\/00994\"}]},{\"@type\":\"WebSite\",\"@id\":\"https:\\\/\\\/kohenavocats.com\\\/ru\\\/#website\",\"url\":\"https:\\\/\\\/kohenavocats.com\\\/ru\\\/\",\"name\":\"Kohen Avocats\",\"description\":\"Ma\u00eetre Hassan Kohen, avocat p\u00e9naliste \u00e0 Paris, intervient exclusivement en droit p\u00e9nal pour la d\u00e9fense des particuliers, notamment en mati\u00e8re d\u2019accusations de viol. Il assure un accompagnement rigoureux d\u00e8s la garde \u00e0 vue jusqu\u2019\u00e0 la Cour d\u2019assises, veillant au strict respect des garanties proc\u00e9durales.\",\"publisher\":{\"@id\":\"https:\\\/\\\/kohenavocats.com\\\/ru\\\/#organization\"},\"potentialAction\":[{\"@type\":\"SearchAction\",\"target\":{\"@type\":\"EntryPoint\",\"urlTemplate\":\"https:\\\/\\\/kohenavocats.com\\\/ru\\\/?s={search_term_string}\"},\"query-input\":{\"@type\":\"PropertyValueSpecification\",\"valueRequired\":true,\"valueName\":\"search_term_string\"}}],\"inLanguage\":\"ru-RU\"},{\"@type\":\"Organization\",\"@id\":\"https:\\\/\\\/kohenavocats.com\\\/ru\\\/#organization\",\"name\":\"Kohen Avocats\",\"url\":\"https:\\\/\\\/kohenavocats.com\\\/ru\\\/\",\"logo\":{\"@type\":\"ImageObject\",\"inLanguage\":\"ru-RU\",\"@id\":\"https:\\\/\\\/kohenavocats.com\\\/ru\\\/#\\\/schema\\\/logo\\\/image\\\/\",\"url\":\"https:\\\/\\\/kohenavocats.com\\\/wp-content\\\/uploads\\\/2026\\\/01\\\/Logo-2-1.webp\",\"contentUrl\":\"https:\\\/\\\/kohenavocats.com\\\/wp-content\\\/uploads\\\/2026\\\/01\\\/Logo-2-1.webp\",\"width\":2114,\"height\":1253,\"caption\":\"Kohen Avocats\"},\"image\":{\"@id\":\"https:\\\/\\\/kohenavocats.com\\\/ru\\\/#\\\/schema\\\/logo\\\/image\\\/\"}},{\"@type\":\"Person\",\"@id\":\"https:\\\/\\\/kohenavocats.com\\\/ru\\\/#\\\/schema\\\/person\\\/761c9ba54fa1ca84d405cef0831ff751\",\"name\":\"Kohen\",\"image\":{\"@type\":\"ImageObject\",\"inLanguage\":\"ru-RU\",\"@id\":\"https:\\\/\\\/secure.gravatar.com\\\/avatar\\\/1c5e76ef76bbbfdd2b4da984e2bf2fa4056fd51a27d25ce2c332047f1dfd6e00?s=96&d=identicon&r=g\",\"url\":\"https:\\\/\\\/secure.gravatar.com\\\/avatar\\\/1c5e76ef76bbbfdd2b4da984e2bf2fa4056fd51a27d25ce2c332047f1dfd6e00?s=96&d=identicon&r=g\",\"contentUrl\":\"https:\\\/\\\/secure.gravatar.com\\\/avatar\\\/1c5e76ef76bbbfdd2b4da984e2bf2fa4056fd51a27d25ce2c332047f1dfd6e00?s=96&d=identicon&r=g\",\"caption\":\"Kohen\"},\"sameAs\":[\"https:\\\/\\\/www.linkedin.com\\\/in\\\/hassan-kohen-448548192\\\/\",\"https:\\\/\\\/www.youtube.com\\\/@Kohen-Avocats\"],\"url\":\"https:\\\/\\\/kohenavocats.com\\\/ru\\\/author\\\/kohenmlk\\\/\"}]}<\/script>\n<!-- \/ Yoast SEO Premium plugin. -->","yoast_head_json":{"title":"Cour d'appel de Grenoble, le 24 juillet 2025, n\u00b025\/00994 - Ma\u00eetre Hassan Kohen, avocat en droit p\u00e9nal \u00e0 Paris","description":"La Cour d\u2019appel de Grenoble, statuant en proc\u00e9dure acc\u00e9l\u00e9r\u00e9e au fond, a rendu un jugement le 24 juillet 2025 constatant le d\u00e9sistement d\u2019instance du Syndicat...","robots":{"index":"index","follow":"follow","max-snippet":"max-snippet:-1","max-image-preview":"max-image-preview:large","max-video-preview":"max-video-preview:-1"},"canonical":"https:\/\/kohenavocats.com\/ru\/cour-dappel-de-grenoble-le-24-juillet-2025-n25-00994\/","og_locale":"ru_RU","og_type":"article","og_title":"Cour d'appel de Grenoble, le 24 juillet 2025, n\u00b025\/00994","og_description":"La Cour d\u2019appel de Grenoble, statuant en proc\u00e9dure acc\u00e9l\u00e9r\u00e9e au fond, a rendu un jugement le 24 juillet 2025 constatant le d\u00e9sistement d\u2019instance du Syndicat...","og_url":"https:\/\/kohenavocats.com\/ru\/cour-dappel-de-grenoble-le-24-juillet-2025-n25-00994\/","og_site_name":"Ma\u00eetre Hassan Kohen, avocat en droit p\u00e9nal \u00e0 Paris","article_published_time":"2026-04-25T19:56:13+00:00","og_image":[{"width":6016,"height":4016,"url":"https:\/\/kohenavocats.com\/wp-content\/uploads\/2024\/11\/getty-images-U7YRxXgIqmo-unsplash.webp","type":"image\/webp"}],"author":"Kohen","twitter_card":"summary_large_image","twitter_misc":{"\u041d\u0430\u043f\u0438\u0441\u0430\u043d\u043e \u0430\u0432\u0442\u043e\u0440\u043e\u043c":"Kohen","\u041f\u0440\u0438\u043c\u0435\u0440\u043d\u043e\u0435 \u0432\u0440\u0435\u043c\u044f \u0434\u043b\u044f \u0447\u0442\u0435\u043d\u0438\u044f":"4 \u043c\u0438\u043d\u0443\u0442\u044b"},"schema":{"@context":"https:\/\/schema.org","@graph":[{"@type":"Article","@id":"https:\/\/kohenavocats.com\/ru\/cour-dappel-de-grenoble-le-24-juillet-2025-n25-00994\/#article","isPartOf":{"@id":"https:\/\/kohenavocats.com\/ru\/cour-dappel-de-grenoble-le-24-juillet-2025-n25-00994\/"},"author":{"name":"Kohen","@id":"https:\/\/kohenavocats.com\/ru\/#\/schema\/person\/761c9ba54fa1ca84d405cef0831ff751"},"headline":"Cour d&#8217;appel de Grenoble, le 24 juillet 2025, n\u00b025\/00994","datePublished":"2026-04-25T19:56:13+00:00","mainEntityOfPage":{"@id":"https:\/\/kohenavocats.com\/ru\/cour-dappel-de-grenoble-le-24-juillet-2025-n25-00994\/"},"wordCount":789,"commentCount":0,"publisher":{"@id":"https:\/\/kohenavocats.com\/ru\/#organization"},"image":{"@id":"https:\/\/kohenavocats.com\/ru\/cour-dappel-de-grenoble-le-24-juillet-2025-n25-00994\/#primaryimage"},"thumbnailUrl":"https:\/\/kohenavocats.com\/wp-content\/uploads\/2024\/11\/getty-images-U7YRxXgIqmo-unsplash.webp","articleSection":["Jurisprudence"],"inLanguage":"ru-RU","potentialAction":[{"@type":"CommentAction","name":"Comment","target":["https:\/\/kohenavocats.com\/ru\/cour-dappel-de-grenoble-le-24-juillet-2025-n25-00994\/#respond"]}],"citation":"Cour d&#8217;appel de Grenoble, le 24 juillet 2025, n\u00b025\/00994","about":[{"@type":"Thing","name":"Jurisprudence"}],"dateModified":"2026-04-25T19:56:13+00:00","speakable":{"@type":"SpeakableSpecification","cssSelector":[".article-content > p:first-of-type"]}},{"@type":"WebPage","@id":"https:\/\/kohenavocats.com\/ru\/cour-dappel-de-grenoble-le-24-juillet-2025-n25-00994\/","url":"https:\/\/kohenavocats.com\/ru\/cour-dappel-de-grenoble-le-24-juillet-2025-n25-00994\/","name":"Cour d'appel de Grenoble, le 24 juillet 2025, n\u00b025\/00994 - Ma\u00eetre Hassan Kohen, avocat en droit p\u00e9nal \u00e0 Paris","isPartOf":{"@id":"https:\/\/kohenavocats.com\/ru\/#website"},"primaryImageOfPage":{"@id":"https:\/\/kohenavocats.com\/ru\/cour-dappel-de-grenoble-le-24-juillet-2025-n25-00994\/#primaryimage"},"image":{"@id":"https:\/\/kohenavocats.com\/ru\/cour-dappel-de-grenoble-le-24-juillet-2025-n25-00994\/#primaryimage"},"thumbnailUrl":"https:\/\/kohenavocats.com\/wp-content\/uploads\/2024\/11\/getty-images-U7YRxXgIqmo-unsplash.webp","datePublished":"2026-04-25T19:56:13+00:00","description":"La Cour d\u2019appel de Grenoble, statuant en proc\u00e9dure acc\u00e9l\u00e9r\u00e9e au fond, a rendu un jugement le 24 juillet 2025 constatant le d\u00e9sistement d\u2019instance du Syndicat...","breadcrumb":{"@id":"https:\/\/kohenavocats.com\/ru\/cour-dappel-de-grenoble-le-24-juillet-2025-n25-00994\/#breadcrumb"},"inLanguage":"ru-RU","potentialAction":[{"@type":"ReadAction","target":["https:\/\/kohenavocats.com\/ru\/cour-dappel-de-grenoble-le-24-juillet-2025-n25-00994\/"]}]},{"@type":"ImageObject","inLanguage":"ru-RU","@id":"https:\/\/kohenavocats.com\/ru\/cour-dappel-de-grenoble-le-24-juillet-2025-n25-00994\/#primaryimage","url":"https:\/\/kohenavocats.com\/wp-content\/uploads\/2024\/11\/getty-images-U7YRxXgIqmo-unsplash.webp","contentUrl":"https:\/\/kohenavocats.com\/wp-content\/uploads\/2024\/11\/getty-images-U7YRxXgIqmo-unsplash.webp","width":6016,"height":4016},{"@type":"BreadcrumbList","@id":"https:\/\/kohenavocats.com\/ru\/cour-dappel-de-grenoble-le-24-juillet-2025-n25-00994\/#breadcrumb","itemListElement":[{"@type":"ListItem","position":1,"name":"Home","item":"https:\/\/kohenavocats.com\/ru\/avocats-en-droit-penal-a-paris-conseil-et-defense-strategique\/"},{"@type":"ListItem","position":2,"name":"Cour d&rsquo;appel de Grenoble, le 24 juillet 2025, n\u00b025\/00994"}]},{"@type":"WebSite","@id":"https:\/\/kohenavocats.com\/ru\/#website","url":"https:\/\/kohenavocats.com\/ru\/","name":"Kohen Avocats","description":"Ma\u00eetre Hassan Kohen, avocat p\u00e9naliste \u00e0 Paris, intervient exclusivement en droit p\u00e9nal pour la d\u00e9fense des particuliers, notamment en mati\u00e8re d\u2019accusations de viol. Il assure un accompagnement rigoureux d\u00e8s la garde \u00e0 vue jusqu\u2019\u00e0 la Cour d\u2019assises, veillant au strict respect des garanties proc\u00e9durales.","publisher":{"@id":"https:\/\/kohenavocats.com\/ru\/#organization"},"potentialAction":[{"@type":"SearchAction","target":{"@type":"EntryPoint","urlTemplate":"https:\/\/kohenavocats.com\/ru\/?s={search_term_string}"},"query-input":{"@type":"PropertyValueSpecification","valueRequired":true,"valueName":"search_term_string"}}],"inLanguage":"ru-RU"},{"@type":"Organization","@id":"https:\/\/kohenavocats.com\/ru\/#organization","name":"Kohen Avocats","url":"https:\/\/kohenavocats.com\/ru\/","logo":{"@type":"ImageObject","inLanguage":"ru-RU","@id":"https:\/\/kohenavocats.com\/ru\/#\/schema\/logo\/image\/","url":"https:\/\/kohenavocats.com\/wp-content\/uploads\/2026\/01\/Logo-2-1.webp","contentUrl":"https:\/\/kohenavocats.com\/wp-content\/uploads\/2026\/01\/Logo-2-1.webp","width":2114,"height":1253,"caption":"Kohen Avocats"},"image":{"@id":"https:\/\/kohenavocats.com\/ru\/#\/schema\/logo\/image\/"}},{"@type":"Person","@id":"https:\/\/kohenavocats.com\/ru\/#\/schema\/person\/761c9ba54fa1ca84d405cef0831ff751","name":"Kohen","image":{"@type":"ImageObject","inLanguage":"ru-RU","@id":"https:\/\/secure.gravatar.com\/avatar\/1c5e76ef76bbbfdd2b4da984e2bf2fa4056fd51a27d25ce2c332047f1dfd6e00?s=96&d=identicon&r=g","url":"https:\/\/secure.gravatar.com\/avatar\/1c5e76ef76bbbfdd2b4da984e2bf2fa4056fd51a27d25ce2c332047f1dfd6e00?s=96&d=identicon&r=g","contentUrl":"https:\/\/secure.gravatar.com\/avatar\/1c5e76ef76bbbfdd2b4da984e2bf2fa4056fd51a27d25ce2c332047f1dfd6e00?s=96&d=identicon&r=g","caption":"Kohen"},"sameAs":["https:\/\/www.linkedin.com\/in\/hassan-kohen-448548192\/","https:\/\/www.youtube.com\/@Kohen-Avocats"],"url":"https:\/\/kohenavocats.com\/ru\/author\/kohenmlk\/"}]}},"jetpack_featured_media_url":"https:\/\/kohenavocats.com\/wp-content\/uploads\/2024\/11\/getty-images-U7YRxXgIqmo-unsplash.webp","jetpack_likes_enabled":false,"jetpack_shortlink":"https:\/\/wp.me\/peCrII-2SEF","jetpack-related-posts":[{"id":45124,"url":"https:\/\/kohenavocats.com\/ru\/tribunal-judiciaire-de-grenoble-le-16-juin-2025-n25-01916\/","url_meta":{"origin":686753,"position":0},"title":"Tribunal judiciaire de Grenoble, le 16 juin 2025, n\u00b025\/01916","author":"Kohen","date":"07.11.2025","format":false,"excerpt":"Rendu par le tribunal judiciaire de Grenoble le 16 juin 2025, le jugement comment\u00e9 constate un d\u00e9sistement d\u2019instance apr\u00e8s renvoi d\u2019une juridiction consulaire. La d\u00e9cision s\u2019appuie notamment sur la formule suivante: \"Vu les articles 394 et suivants du code de proc\u00e9dure civile\", qui fixe le cadre proc\u00e9dural applicable.Apr\u00e8s l\u2019introduction de\u2026","rel":"","context":"\u0412 &quot;D\u00e9cisions juridiques&quot;","block_context":{"text":"D\u00e9cisions juridiques","link":"https:\/\/kohenavocats.com\/category\/decisions-juridiques\/"},"img":{"alt_text":"","src":"https:\/\/i0.wp.com\/kohenavocats.com\/wp-content\/uploads\/2024\/11\/zyanya-citlalli-ypy0AuAozUo-unsplash.webp?resize=350%2C200&ssl=1","width":350,"height":200,"srcset":"https:\/\/i0.wp.com\/kohenavocats.com\/wp-content\/uploads\/2024\/11\/zyanya-citlalli-ypy0AuAozUo-unsplash.webp?resize=350%2C200&ssl=1 1x, https:\/\/i0.wp.com\/kohenavocats.com\/wp-content\/uploads\/2024\/11\/zyanya-citlalli-ypy0AuAozUo-unsplash.webp?resize=525%2C300&ssl=1 1.5x, https:\/\/i0.wp.com\/kohenavocats.com\/wp-content\/uploads\/2024\/11\/zyanya-citlalli-ypy0AuAozUo-unsplash.webp?resize=700%2C400&ssl=1 2x, https:\/\/i0.wp.com\/kohenavocats.com\/wp-content\/uploads\/2024\/11\/zyanya-citlalli-ypy0AuAozUo-unsplash.webp?resize=1050%2C600&ssl=1 3x, https:\/\/i0.wp.com\/kohenavocats.com\/wp-content\/uploads\/2024\/11\/zyanya-citlalli-ypy0AuAozUo-unsplash.webp?resize=1400%2C800&ssl=1 4x"},"classes":[]},{"id":498540,"url":"https:\/\/kohenavocats.com\/ru\/tribunal-judiciaire-de-grenoble-le-27-novembre-2025-n25-00564\/","url_meta":{"origin":686753,"position":1},"title":"Tribunal judiciaire de Grenoble, le 27 novembre 2025, n\u00b025\/00564","author":"Kohen","date":"08.04.2026","format":false,"excerpt":"Le tribunal judiciaire de Paris, statuant le quinze janvier deux mille vingt-six, examine un litige entre un syndicat de copropri\u00e9taires et un...","rel":"","context":"\u0412 &quot;D\u00e9cisions juridiques&quot;","block_context":{"text":"D\u00e9cisions juridiques","link":"https:\/\/kohenavocats.com\/category\/decisions-juridiques\/"},"img":{"alt_text":"","src":"https:\/\/i0.wp.com\/kohenavocats.com\/wp-content\/uploads\/2024\/11\/margaret-jaszowska-iJ4qhyNQEjE-unsplash.webp?resize=350%2C200&ssl=1","width":350,"height":200,"srcset":"https:\/\/i0.wp.com\/kohenavocats.com\/wp-content\/uploads\/2024\/11\/margaret-jaszowska-iJ4qhyNQEjE-unsplash.webp?resize=350%2C200&ssl=1 1x, https:\/\/i0.wp.com\/kohenavocats.com\/wp-content\/uploads\/2024\/11\/margaret-jaszowska-iJ4qhyNQEjE-unsplash.webp?resize=525%2C300&ssl=1 1.5x, https:\/\/i0.wp.com\/kohenavocats.com\/wp-content\/uploads\/2024\/11\/margaret-jaszowska-iJ4qhyNQEjE-unsplash.webp?resize=700%2C400&ssl=1 2x, https:\/\/i0.wp.com\/kohenavocats.com\/wp-content\/uploads\/2024\/11\/margaret-jaszowska-iJ4qhyNQEjE-unsplash.webp?resize=1050%2C600&ssl=1 3x, https:\/\/i0.wp.com\/kohenavocats.com\/wp-content\/uploads\/2024\/11\/margaret-jaszowska-iJ4qhyNQEjE-unsplash.webp?resize=1400%2C800&ssl=1 4x"},"classes":[]},{"id":41409,"url":"https:\/\/kohenavocats.com\/ru\/tribunal-judiciaire-de-grenoble-le-19-juin-2025-n25-01896\/","url_meta":{"origin":686753,"position":2},"title":"Tribunal judiciaire de Grenoble, le 19 juin 2025, n\u00b025\/01896","author":"Kohen","date":"07.11.2025","format":false,"excerpt":"Par une ordonnance de d\u00e9sistement rendue le 24 juin 2025, le tribunal judiciaire de [Localit\u00e9 4], quatri\u00e8me chambre civile, a mis fin \u00e0 une instance introduite en avril. Le juge de la mise en \u00e9tat a statu\u00e9 sur un d\u00e9sistement d\u2019instance et d\u2019action, apr\u00e8s acceptation exprim\u00e9e par le d\u00e9fendeur constitu\u00e9.Selon\u2026","rel":"","context":"\u0412 &quot;D\u00e9cisions juridiques&quot;","block_context":{"text":"D\u00e9cisions juridiques","link":"https:\/\/kohenavocats.com\/category\/decisions-juridiques\/"},"img":{"alt_text":"","src":"https:\/\/i0.wp.com\/kohenavocats.com\/wp-content\/uploads\/2024\/11\/kateryna-hliznitsova-cSf0iO7Txkw-unsplash.webp?resize=350%2C200&ssl=1","width":350,"height":200,"srcset":"https:\/\/i0.wp.com\/kohenavocats.com\/wp-content\/uploads\/2024\/11\/kateryna-hliznitsova-cSf0iO7Txkw-unsplash.webp?resize=350%2C200&ssl=1 1x, https:\/\/i0.wp.com\/kohenavocats.com\/wp-content\/uploads\/2024\/11\/kateryna-hliznitsova-cSf0iO7Txkw-unsplash.webp?resize=525%2C300&ssl=1 1.5x, https:\/\/i0.wp.com\/kohenavocats.com\/wp-content\/uploads\/2024\/11\/kateryna-hliznitsova-cSf0iO7Txkw-unsplash.webp?resize=700%2C400&ssl=1 2x, https:\/\/i0.wp.com\/kohenavocats.com\/wp-content\/uploads\/2024\/11\/kateryna-hliznitsova-cSf0iO7Txkw-unsplash.webp?resize=1050%2C600&ssl=1 3x, https:\/\/i0.wp.com\/kohenavocats.com\/wp-content\/uploads\/2024\/11\/kateryna-hliznitsova-cSf0iO7Txkw-unsplash.webp?resize=1400%2C800&ssl=1 4x"},"classes":[]},{"id":683672,"url":"https:\/\/kohenavocats.com\/ru\/tribunal-judiciaire-de-grenoble-le-19-juin-2025-n25-00344\/","url_meta":{"origin":686753,"position":3},"title":"Tribunal judiciaire de Grenoble, le 19 juin 2025, n\u00b025\/00344","author":"Kohen","date":"25.04.2026","format":false,"excerpt":"Le Tribunal judiciaire de Grenoble, 19 juin 2025, statuant selon la proc\u00e9dure acc\u00e9l\u00e9r\u00e9e au fond, a \u00e9t\u00e9 saisi d\u2019une demande finalement abandonn\u00e9e par le deman...","rel":"","context":"\u0412 &quot;Jurisprudence&quot;","block_context":{"text":"Jurisprudence","link":"https:\/\/kohenavocats.com\/category\/jurisprudence\/"},"img":{"alt_text":"","src":"https:\/\/i0.wp.com\/kohenavocats.com\/wp-content\/uploads\/2024\/11\/pawel-czerwinski-ZJk8NX0aR8s-unsplash.webp?resize=350%2C200&ssl=1","width":350,"height":200,"srcset":"https:\/\/i0.wp.com\/kohenavocats.com\/wp-content\/uploads\/2024\/11\/pawel-czerwinski-ZJk8NX0aR8s-unsplash.webp?resize=350%2C200&ssl=1 1x, https:\/\/i0.wp.com\/kohenavocats.com\/wp-content\/uploads\/2024\/11\/pawel-czerwinski-ZJk8NX0aR8s-unsplash.webp?resize=525%2C300&ssl=1 1.5x, https:\/\/i0.wp.com\/kohenavocats.com\/wp-content\/uploads\/2024\/11\/pawel-czerwinski-ZJk8NX0aR8s-unsplash.webp?resize=700%2C400&ssl=1 2x, https:\/\/i0.wp.com\/kohenavocats.com\/wp-content\/uploads\/2024\/11\/pawel-czerwinski-ZJk8NX0aR8s-unsplash.webp?resize=1050%2C600&ssl=1 3x, https:\/\/i0.wp.com\/kohenavocats.com\/wp-content\/uploads\/2024\/11\/pawel-czerwinski-ZJk8NX0aR8s-unsplash.webp?resize=1400%2C800&ssl=1 4x"},"classes":[]},{"id":236595,"url":"https:\/\/kohenavocats.com\/ru\/tribunal-judiciaire-de-grenoble-le-16-juin-2025-n25-02775\/","url_meta":{"origin":686753,"position":4},"title":"Tribunal judiciaire de Grenoble, le 16 juin 2025, n\u00b025\/02775","author":"Kohen","date":"29.12.2025","format":false,"excerpt":"Le d\u00e9sistement d'instance, figure proc\u00e9durale d'extinction de la proc\u00e9dure, r\u00e9v\u00e8le, m\u00eame dans sa simplicit\u00e9 apparente, des enjeux de technique contentieuse dignes d'examen. Le jugement rendu par le Tribunal judiciaire de Grenoble le 16 juin 2025 illustre cette institution pr\u00e9vue aux articles 394 et suivants du Code de proc\u00e9dure civile.Une soci\u00e9t\u00e9\u2026","rel":"","context":"\u0412 &quot;D\u00e9cisions juridiques&quot;","block_context":{"text":"D\u00e9cisions juridiques","link":"https:\/\/kohenavocats.com\/category\/decisions-juridiques\/"},"img":{"alt_text":"","src":"https:\/\/i0.wp.com\/kohenavocats.com\/wp-content\/uploads\/2024\/07\/valentino-mazzariello-Ndm1hhIcwHc-unsplash.webp?resize=350%2C200&ssl=1","width":350,"height":200,"srcset":"https:\/\/i0.wp.com\/kohenavocats.com\/wp-content\/uploads\/2024\/07\/valentino-mazzariello-Ndm1hhIcwHc-unsplash.webp?resize=350%2C200&ssl=1 1x, https:\/\/i0.wp.com\/kohenavocats.com\/wp-content\/uploads\/2024\/07\/valentino-mazzariello-Ndm1hhIcwHc-unsplash.webp?resize=525%2C300&ssl=1 1.5x, https:\/\/i0.wp.com\/kohenavocats.com\/wp-content\/uploads\/2024\/07\/valentino-mazzariello-Ndm1hhIcwHc-unsplash.webp?resize=700%2C400&ssl=1 2x, https:\/\/i0.wp.com\/kohenavocats.com\/wp-content\/uploads\/2024\/07\/valentino-mazzariello-Ndm1hhIcwHc-unsplash.webp?resize=1050%2C600&ssl=1 3x, https:\/\/i0.wp.com\/kohenavocats.com\/wp-content\/uploads\/2024\/07\/valentino-mazzariello-Ndm1hhIcwHc-unsplash.webp?resize=1400%2C800&ssl=1 4x"},"classes":[]},{"id":291256,"url":"https:\/\/kohenavocats.com\/ru\/tribunal-judiciaire-de-grenoble-le-1-juillet-2025-n25-00759\/","url_meta":{"origin":686753,"position":5},"title":"Tribunal judiciaire de Grenoble, le 1 juillet 2025, n\u00b025\/00759","author":"Kohen","date":"20.01.2026","format":false,"excerpt":"Par un jugement du tribunal judiciaire de Grenoble du 1er juillet 2025, statuant en mati\u00e8re de contentieux de la protection, la juridiction a constat\u00e9 un d\u00e9sistement d\u2019instance. L\u2019affaire proc\u00e9dait d\u2019une instance engag\u00e9e par acte d\u2019huissier du 13 janvier 2025 et appel\u00e9e \u00e0 l\u2019audience publique du m\u00eame jour que la d\u00e9cision.Les\u2026","rel":"","context":"\u0412 &quot;D\u00e9cisions juridiques&quot;","block_context":{"text":"D\u00e9cisions juridiques","link":"https:\/\/kohenavocats.com\/category\/decisions-juridiques\/"},"img":{"alt_text":"","src":"https:\/\/i0.wp.com\/kohenavocats.com\/wp-content\/uploads\/2024\/11\/samuel-pujades-3y1FUf7mjFw-unsplash.webp?resize=350%2C200&ssl=1","width":350,"height":200,"srcset":"https:\/\/i0.wp.com\/kohenavocats.com\/wp-content\/uploads\/2024\/11\/samuel-pujades-3y1FUf7mjFw-unsplash.webp?resize=350%2C200&ssl=1 1x, https:\/\/i0.wp.com\/kohenavocats.com\/wp-content\/uploads\/2024\/11\/samuel-pujades-3y1FUf7mjFw-unsplash.webp?resize=525%2C300&ssl=1 1.5x, https:\/\/i0.wp.com\/kohenavocats.com\/wp-content\/uploads\/2024\/11\/samuel-pujades-3y1FUf7mjFw-unsplash.webp?resize=700%2C400&ssl=1 2x, https:\/\/i0.wp.com\/kohenavocats.com\/wp-content\/uploads\/2024\/11\/samuel-pujades-3y1FUf7mjFw-unsplash.webp?resize=1050%2C600&ssl=1 3x, https:\/\/i0.wp.com\/kohenavocats.com\/wp-content\/uploads\/2024\/11\/samuel-pujades-3y1FUf7mjFw-unsplash.webp?resize=1400%2C800&ssl=1 4x"},"classes":[]}],"jetpack_sharing_enabled":true,"_links":{"self":[{"href":"https:\/\/kohenavocats.com\/ru\/wp-json\/wp\/v2\/posts\/686753","targetHints":{"allow":["GET"]}}],"collection":[{"href":"https:\/\/kohenavocats.com\/ru\/wp-json\/wp\/v2\/posts"}],"about":[{"href":"https:\/\/kohenavocats.com\/ru\/wp-json\/wp\/v2\/types\/post"}],"author":[{"embeddable":true,"href":"https:\/\/kohenavocats.com\/ru\/wp-json\/wp\/v2\/users\/232070755"}],"replies":[{"embeddable":true,"href":"https:\/\/kohenavocats.com\/ru\/wp-json\/wp\/v2\/comments?post=686753"}],"version-history":[{"count":0,"href":"https:\/\/kohenavocats.com\/ru\/wp-json\/wp\/v2\/posts\/686753\/revisions"}],"wp:featuredmedia":[{"embeddable":true,"href":"https:\/\/kohenavocats.com\/ru\/wp-json\/wp\/v2\/media\/9590"}],"wp:attachment":[{"href":"https:\/\/kohenavocats.com\/ru\/wp-json\/wp\/v2\/media?parent=686753"}],"wp:term":[{"taxonomy":"category","embeddable":true,"href":"https:\/\/kohenavocats.com\/ru\/wp-json\/wp\/v2\/categories?post=686753"},{"taxonomy":"post_tag","embeddable":true,"href":"https:\/\/kohenavocats.com\/ru\/wp-json\/wp\/v2\/tags?post=686753"}],"curies":[{"name":"wp","href":"https:\/\/api.w.org\/{rel}","templated":true}]}}