{"id":686837,"date":"2026-04-25T22:02:44","date_gmt":"2026-04-25T20:02:44","guid":{"rendered":"https:\/\/kohenavocats.com\/tribunal-judiciaire-de-paris-le-24-juillet-2025-n22-03699\/"},"modified":"2026-04-25T22:02:44","modified_gmt":"2026-04-25T20:02:44","slug":"tribunal-judiciaire-de-paris-le-24-juillet-2025-n22-03699","status":"publish","type":"post","link":"https:\/\/kohenavocats.com\/ru\/tribunal-judiciaire-de-paris-le-24-juillet-2025-n22-03699\/","title":{"rendered":"Tribunal judiciaire de Paris, le 24 juillet 2025, n\u00b022\/03699"},"content":{"rendered":"<div class=\"article-content\">\n<p>Le Tribunal judiciaire de Paris, statuant en la forme des r\u00e9f\u00e9r\u00e9s par ordonnance du juge de la mise en \u00e9tat du 24 juillet 2025, est saisi d\u2019une instance engag\u00e9e par une copropri\u00e9taire contre le syndicat de son immeuble en annulation de r\u00e9solutions d\u2019assembl\u00e9e g\u00e9n\u00e9rale. Le d\u00e9c\u00e8s de la demanderesse initiale a conduit ses h\u00e9ritiers \u00e0 intervenir volontairement dans la proc\u00e9dure. Constatant que ni les h\u00e9ritiers ni le syndicat n\u2019ont actualis\u00e9 leurs pr\u00e9tentions respectives apr\u00e8s cette intervention, le juge de la mise en \u00e9tat se trouve confront\u00e9 \u00e0 une situation d\u2019inertie proc\u00e9durale. Il statue sur la demande implicite de r\u00e9vocation de l\u2019ordonnance de cl\u00f4ture ant\u00e9rieure pour permettre cette r\u00e9gularisation. La question pos\u00e9e est de savoir dans quelles conditions le juge de la mise en \u00e9tat peut r\u00e9voquer une ordonnance de cl\u00f4ture en pr\u00e9sence d\u2019une modification de la composition des parties et d\u2019un d\u00e9faut de conclusions actualis\u00e9es. Le juge accueille cette demande en consid\u00e9rant que l\u2019intervention des h\u00e9ritiers sans reprise des pr\u00e9tentions initiales constitue une cause grave justifiant la r\u00e9vocation. Cette d\u00e9cision illustre le contr\u00f4le strict du juge sur la r\u00e9gularit\u00e9 des d\u00e9bats et son pouvoir d\u2019impulsion pour pr\u00e9server le principe du contradictoire.<\/p>\n<p><strong>I. La r\u00e9vocation de la cl\u00f4ture : une r\u00e9ponse \u00e0 une cause grave li\u00e9e \u00e0 l\u2019inertie proc\u00e9d\u00e9rale<\/strong><\/p>\n<p>L\u2019ordonnance de cl\u00f4ture, qui fige l\u2019\u00e9tat des pr\u00e9tentions et des moyens, ne peut \u00eatre remise en cause que pour des motifs exceptionnels. Le juge de la mise en \u00e9tat rappelle le cadre l\u00e9gal strict en citant l\u2019article 803 du code de proc\u00e9dure civile, selon lequel la r\u00e9vocation n\u2019est possible que \u00ab s\u2019il se r\u00e9v\u00e8le une cause grave depuis qu\u2019elle a \u00e9t\u00e9 rendue \u00bb. En l\u2019esp\u00e8ce, la cause grave identifi\u00e9e r\u00e9sulte directement de l\u2019intervention volontaire des h\u00e9ritiers de la demanderesse initiale. Le juge constate en effet que \u00ab Madame [W] [B] et Monsieur [F] [B] se sont content\u00e9s de conclure uniquement sur la reprise d\u2019instance et leur intervention volontaire et semblent avoir abandonn\u00e9s les demandes au fond form\u00e9e par Madame [J] [N] \u00bb. Cette situation cr\u00e9e une incertitude substantielle sur l\u2019objet m\u00eame du litige, puisque les pr\u00e9tentions initiales en annulation ne sont plus formellement soutenues. L\u2019inertie du d\u00e9fendeur, qui \u00ab n\u2019a pas non plus actualis\u00e9 ses conclusions \u00e0 l\u2019\u00e9gard de Madame [W] [B] et Monsieur [F] [B] \u00bb, aggrave cette irr\u00e9gularit\u00e9 en maintenant un d\u00e9bat d\u00e9s\u00e9quilibr\u00e9. Le juge estime donc qu\u2019il convient \u00ab de r\u00e9voquer l\u2019ordonnance de cl\u00f4ture du 17 septembre 2024 afin de permettre aux parties de r\u00e9gulariser et de notifier des conclusions au fond \u00bb. Cette analyse d\u00e9montre une interpr\u00e9tation extensive de la notion de cause grave, centr\u00e9e sur la pr\u00e9servation de la loyaut\u00e9 des d\u00e9bats plut\u00f4t que sur un \u00e9v\u00e9nement ext\u00e9rieur impr\u00e9visible.<\/p>\n<p><strong>II. Le rappel \u00e0 l\u2019ordre proc\u00e9dural : la sanction du non-respect des exigences des conclusions<\/strong><\/p>\n<p>Au-del\u00e0 de la gestion d\u2019un \u00e9v\u00e9nement interruptif, la d\u00e9cision op\u00e8re un rappel rigoureux des obligations proc\u00e9durales pesant sur les parties. Le juge fonde sa motivation sur une application stricte de l\u2019article 768 du code de proc\u00e9dure civile, qui r\u00e9git la r\u00e9daction des conclusions. Il souligne que les h\u00e9ritiers, bien qu\u2019intervenus, n\u2019ont pas respect\u00e9 les prescriptions de ce texte, car ils ne reprennent \u00ab aucun moyen de droit ou de fait ni aucune des demandes form\u00e9es par leur ayant droit \u00bb. Le juge rappelle avec pr\u00e9cision l\u2019\u00e9conomie de l\u2019article 768, notant que \u00ab les parties doivent reprendre dans leurs derni\u00e8res conclusions les pr\u00e9tentions et moyens pr\u00e9sent\u00e9s ou invoqu\u00e9s dans leurs conclusions ant\u00e9rieures. A d\u00e9faut, elles sont r\u00e9put\u00e9es les avoir abandonn\u00e9s et le tribunal ne statue que sur les derni\u00e8res conclusions d\u00e9pos\u00e9es \u00bb. En l\u2019\u00e9tat, les derni\u00e8res conclusions des h\u00e9ritiers \u00e9tant muettes sur le fond, le tribunal serait dans l\u2019impossibilit\u00e9 de statuer sur le litige originel. Plut\u00f4t que d\u2019ent\u00e9riner cet abandon pr\u00e9sum\u00e9 et de clore pr\u00e9matur\u00e9ment l\u2019instance, le juge utilise son pouvoir de r\u00e9vocation pour offrir une ultime possibilit\u00e9 de r\u00e9gularisation. Il fixe un calendrier imp\u00e9ratif, conditionnant m\u00eame le maintien de la date d\u2019audience au respect de ce dernier, signifiant ainsi que \u00ab la date d\u2019audience des plaidoiries en juge rapporteur du 18 septembre 2025 ne sera pas maintenue si le calendrier fix\u00e9 ci-dessus n\u2019est pas respect\u00e9 \u00bb. Cette d\u00e9cision t\u00e9moigne d\u2019une volont\u00e9 p\u00e9dagogique et pr\u00e9ventive, visant \u00e0 garantir un proc\u00e8s \u00e9quitable tout en responsabilisant les parties et leurs conseils quant au respect des formes proc\u00e9durales.<\/p>\n<\/div>\n","protected":false},"excerpt":{"rendered":"<p>Le Tribunal judiciaire de Paris, statuant en la forme des r\u00e9f\u00e9r\u00e9s par ordonnance du juge de la mise en \u00e9tat du 24 juillet 2025, est saisi d\u2019une instance enga&#8230;<\/p>\n","protected":false},"author":232070755,"featured_media":9500,"comment_status":"open","ping_status":"open","sticky":false,"template":"","format":"standard","meta":{"_crdt_document":"","_jetpack_newsletter_access":"","_jetpack_dont_email_post_to_subs":false,"_jetpack_newsletter_tier_id":0,"_jetpack_memberships_contains_paywalled_content":false,"_kj_source_type":"judilibre","_kj_official_id":"68827acb5f09f7fee0efd684","_kj_official_url":"https:\/\/www.courdecassation.fr\/decision\/68827acb5f09f7fee0efd684","_kj_judilibre_id":"68827acb5f09f7fee0efd684","_kj_jur":"Tribunal judiciaire","_kj_lieu":"Paris","_kj_chambre":"8\u00e8me chambre 2\u00e8me section","_kj_rg":"22\/03699","_kj_date":"2025-07-24","_jetpack_memberships_contains_paid_content":false,"footnotes":"","jetpack_post_was_ever_published":false},"categories":[7597],"tags":[],"class_list":["post-686837","post","type-post","status-publish","format-standard","has-post-thumbnail","hentry","category-jurisprudence"],"yoast_head":"<!-- This site is optimized with the Yoast SEO Premium plugin v27.5 (Yoast SEO v27.5) - https:\/\/yoast.com\/product\/yoast-seo-premium-wordpress\/ -->\n<title>Tribunal judiciaire de Paris, le 24 juillet 2025, n\u00b022\/03699 - Ma\u00eetre Hassan Kohen, avocat en droit p\u00e9nal \u00e0 Paris<\/title>\n<meta name=\"description\" content=\"Le Tribunal judiciaire de Paris, statuant en la forme des r\u00e9f\u00e9r\u00e9s par ordonnance du juge de la mise en \u00e9tat du 24 juillet 2025, est saisi d\u2019une instance enga...\" \/>\n<meta name=\"robots\" content=\"index, follow, max-snippet:-1, max-image-preview:large, max-video-preview:-1\" \/>\n<link rel=\"canonical\" href=\"https:\/\/kohenavocats.com\/ru\/tribunal-judiciaire-de-paris-le-24-juillet-2025-n22-03699\/\" \/>\n<meta property=\"og:locale\" content=\"ru_RU\" \/>\n<meta property=\"og:type\" content=\"article\" \/>\n<meta property=\"og:title\" content=\"Tribunal judiciaire de Paris, le 24 juillet 2025, n\u00b022\/03699\" \/>\n<meta property=\"og:description\" content=\"Le Tribunal judiciaire de Paris, statuant en la forme des r\u00e9f\u00e9r\u00e9s par ordonnance du juge de la mise en \u00e9tat du 24 juillet 2025, est saisi d\u2019une instance enga...\" \/>\n<meta property=\"og:url\" content=\"https:\/\/kohenavocats.com\/ru\/tribunal-judiciaire-de-paris-le-24-juillet-2025-n22-03699\/\" \/>\n<meta property=\"og:site_name\" content=\"Ma\u00eetre Hassan Kohen, avocat en droit p\u00e9nal \u00e0 Paris\" \/>\n<meta property=\"article:published_time\" content=\"2026-04-25T20:02:44+00:00\" \/>\n<meta property=\"og:image\" content=\"https:\/\/kohenavocats.com\/wp-content\/uploads\/2024\/11\/zyanya-citlalli-UacA8X7HWwg-unsplash-1.webp\" \/>\n\t<meta property=\"og:image:width\" content=\"3840\" \/>\n\t<meta property=\"og:image:height\" content=\"2160\" \/>\n\t<meta property=\"og:image:type\" content=\"image\/webp\" \/>\n<meta name=\"author\" content=\"Kohen\" \/>\n<meta name=\"twitter:card\" content=\"summary_large_image\" \/>\n<meta name=\"twitter:label1\" content=\"\u041d\u0430\u043f\u0438\u0441\u0430\u043d\u043e \u0430\u0432\u0442\u043e\u0440\u043e\u043c\" \/>\n\t<meta name=\"twitter:data1\" content=\"Kohen\" \/>\n\t<meta name=\"twitter:label2\" content=\"\u041f\u0440\u0438\u043c\u0435\u0440\u043d\u043e\u0435 \u0432\u0440\u0435\u043c\u044f \u0434\u043b\u044f \u0447\u0442\u0435\u043d\u0438\u044f\" \/>\n\t<meta name=\"twitter:data2\" content=\"4 \u043c\u0438\u043d\u0443\u0442\u044b\" \/>\n<script type=\"application\/ld+json\" class=\"yoast-schema-graph\">{\"@context\":\"https:\\\/\\\/schema.org\",\"@graph\":[{\"@type\":\"Article\",\"@id\":\"https:\\\/\\\/kohenavocats.com\\\/ru\\\/tribunal-judiciaire-de-paris-le-24-juillet-2025-n22-03699\\\/#article\",\"isPartOf\":{\"@id\":\"https:\\\/\\\/kohenavocats.com\\\/ru\\\/tribunal-judiciaire-de-paris-le-24-juillet-2025-n22-03699\\\/\"},\"author\":{\"name\":\"Kohen\",\"@id\":\"https:\\\/\\\/kohenavocats.com\\\/ru\\\/#\\\/schema\\\/person\\\/761c9ba54fa1ca84d405cef0831ff751\"},\"headline\":\"Tribunal judiciaire de Paris, le 24 juillet 2025, n\u00b022\\\/03699\",\"datePublished\":\"2026-04-25T20:02:44+00:00\",\"mainEntityOfPage\":{\"@id\":\"https:\\\/\\\/kohenavocats.com\\\/ru\\\/tribunal-judiciaire-de-paris-le-24-juillet-2025-n22-03699\\\/\"},\"wordCount\":843,\"commentCount\":0,\"publisher\":{\"@id\":\"https:\\\/\\\/kohenavocats.com\\\/ru\\\/#organization\"},\"image\":{\"@id\":\"https:\\\/\\\/kohenavocats.com\\\/ru\\\/tribunal-judiciaire-de-paris-le-24-juillet-2025-n22-03699\\\/#primaryimage\"},\"thumbnailUrl\":\"https:\\\/\\\/kohenavocats.com\\\/wp-content\\\/uploads\\\/2024\\\/11\\\/zyanya-citlalli-UacA8X7HWwg-unsplash-1.webp\",\"articleSection\":[\"Jurisprudence\"],\"inLanguage\":\"ru-RU\",\"potentialAction\":[{\"@type\":\"CommentAction\",\"name\":\"Comment\",\"target\":[\"https:\\\/\\\/kohenavocats.com\\\/ru\\\/tribunal-judiciaire-de-paris-le-24-juillet-2025-n22-03699\\\/#respond\"]}],\"citation\":\"Tribunal judiciaire de Paris, le 24 juillet 2025, n\u00b022\\\/03699\",\"about\":[{\"@type\":\"Thing\",\"name\":\"Jurisprudence\"}],\"dateModified\":\"2026-04-25T20:02:44+00:00\",\"speakable\":{\"@type\":\"SpeakableSpecification\",\"cssSelector\":[\".article-content > p:first-of-type\"]}},{\"@type\":\"WebPage\",\"@id\":\"https:\\\/\\\/kohenavocats.com\\\/ru\\\/tribunal-judiciaire-de-paris-le-24-juillet-2025-n22-03699\\\/\",\"url\":\"https:\\\/\\\/kohenavocats.com\\\/ru\\\/tribunal-judiciaire-de-paris-le-24-juillet-2025-n22-03699\\\/\",\"name\":\"Tribunal judiciaire de Paris, le 24 juillet 2025, n\u00b022\\\/03699 - Ma\u00eetre Hassan Kohen, avocat en droit p\u00e9nal \u00e0 Paris\",\"isPartOf\":{\"@id\":\"https:\\\/\\\/kohenavocats.com\\\/ru\\\/#website\"},\"primaryImageOfPage\":{\"@id\":\"https:\\\/\\\/kohenavocats.com\\\/ru\\\/tribunal-judiciaire-de-paris-le-24-juillet-2025-n22-03699\\\/#primaryimage\"},\"image\":{\"@id\":\"https:\\\/\\\/kohenavocats.com\\\/ru\\\/tribunal-judiciaire-de-paris-le-24-juillet-2025-n22-03699\\\/#primaryimage\"},\"thumbnailUrl\":\"https:\\\/\\\/kohenavocats.com\\\/wp-content\\\/uploads\\\/2024\\\/11\\\/zyanya-citlalli-UacA8X7HWwg-unsplash-1.webp\",\"datePublished\":\"2026-04-25T20:02:44+00:00\",\"description\":\"Le Tribunal judiciaire de Paris, statuant en la forme des r\u00e9f\u00e9r\u00e9s par ordonnance du juge de la mise en \u00e9tat du 24 juillet 2025, est saisi d\u2019une instance enga...\",\"breadcrumb\":{\"@id\":\"https:\\\/\\\/kohenavocats.com\\\/ru\\\/tribunal-judiciaire-de-paris-le-24-juillet-2025-n22-03699\\\/#breadcrumb\"},\"inLanguage\":\"ru-RU\",\"potentialAction\":[{\"@type\":\"ReadAction\",\"target\":[\"https:\\\/\\\/kohenavocats.com\\\/ru\\\/tribunal-judiciaire-de-paris-le-24-juillet-2025-n22-03699\\\/\"]}]},{\"@type\":\"ImageObject\",\"inLanguage\":\"ru-RU\",\"@id\":\"https:\\\/\\\/kohenavocats.com\\\/ru\\\/tribunal-judiciaire-de-paris-le-24-juillet-2025-n22-03699\\\/#primaryimage\",\"url\":\"https:\\\/\\\/kohenavocats.com\\\/wp-content\\\/uploads\\\/2024\\\/11\\\/zyanya-citlalli-UacA8X7HWwg-unsplash-1.webp\",\"contentUrl\":\"https:\\\/\\\/kohenavocats.com\\\/wp-content\\\/uploads\\\/2024\\\/11\\\/zyanya-citlalli-UacA8X7HWwg-unsplash-1.webp\",\"width\":3840,\"height\":2160},{\"@type\":\"BreadcrumbList\",\"@id\":\"https:\\\/\\\/kohenavocats.com\\\/ru\\\/tribunal-judiciaire-de-paris-le-24-juillet-2025-n22-03699\\\/#breadcrumb\",\"itemListElement\":[{\"@type\":\"ListItem\",\"position\":1,\"name\":\"Home\",\"item\":\"https:\\\/\\\/kohenavocats.com\\\/ru\\\/avocats-en-droit-penal-a-paris-conseil-et-defense-strategique\\\/\"},{\"@type\":\"ListItem\",\"position\":2,\"name\":\"Tribunal judiciaire de Paris, le 24 juillet 2025, n\u00b022\\\/03699\"}]},{\"@type\":\"WebSite\",\"@id\":\"https:\\\/\\\/kohenavocats.com\\\/ru\\\/#website\",\"url\":\"https:\\\/\\\/kohenavocats.com\\\/ru\\\/\",\"name\":\"Kohen Avocats\",\"description\":\"Ma\u00eetre Hassan Kohen, avocat p\u00e9naliste \u00e0 Paris, intervient exclusivement en droit p\u00e9nal pour la d\u00e9fense des particuliers, notamment en mati\u00e8re d\u2019accusations de viol. Il assure un accompagnement rigoureux d\u00e8s la garde \u00e0 vue jusqu\u2019\u00e0 la Cour d\u2019assises, veillant au strict respect des garanties proc\u00e9durales.\",\"publisher\":{\"@id\":\"https:\\\/\\\/kohenavocats.com\\\/ru\\\/#organization\"},\"potentialAction\":[{\"@type\":\"SearchAction\",\"target\":{\"@type\":\"EntryPoint\",\"urlTemplate\":\"https:\\\/\\\/kohenavocats.com\\\/ru\\\/?s={search_term_string}\"},\"query-input\":{\"@type\":\"PropertyValueSpecification\",\"valueRequired\":true,\"valueName\":\"search_term_string\"}}],\"inLanguage\":\"ru-RU\"},{\"@type\":\"Organization\",\"@id\":\"https:\\\/\\\/kohenavocats.com\\\/ru\\\/#organization\",\"name\":\"Kohen Avocats\",\"url\":\"https:\\\/\\\/kohenavocats.com\\\/ru\\\/\",\"logo\":{\"@type\":\"ImageObject\",\"inLanguage\":\"ru-RU\",\"@id\":\"https:\\\/\\\/kohenavocats.com\\\/ru\\\/#\\\/schema\\\/logo\\\/image\\\/\",\"url\":\"https:\\\/\\\/kohenavocats.com\\\/wp-content\\\/uploads\\\/2026\\\/01\\\/Logo-2-1.webp\",\"contentUrl\":\"https:\\\/\\\/kohenavocats.com\\\/wp-content\\\/uploads\\\/2026\\\/01\\\/Logo-2-1.webp\",\"width\":2114,\"height\":1253,\"caption\":\"Kohen Avocats\"},\"image\":{\"@id\":\"https:\\\/\\\/kohenavocats.com\\\/ru\\\/#\\\/schema\\\/logo\\\/image\\\/\"}},{\"@type\":\"Person\",\"@id\":\"https:\\\/\\\/kohenavocats.com\\\/ru\\\/#\\\/schema\\\/person\\\/761c9ba54fa1ca84d405cef0831ff751\",\"name\":\"Kohen\",\"image\":{\"@type\":\"ImageObject\",\"inLanguage\":\"ru-RU\",\"@id\":\"https:\\\/\\\/secure.gravatar.com\\\/avatar\\\/1c5e76ef76bbbfdd2b4da984e2bf2fa4056fd51a27d25ce2c332047f1dfd6e00?s=96&d=identicon&r=g\",\"url\":\"https:\\\/\\\/secure.gravatar.com\\\/avatar\\\/1c5e76ef76bbbfdd2b4da984e2bf2fa4056fd51a27d25ce2c332047f1dfd6e00?s=96&d=identicon&r=g\",\"contentUrl\":\"https:\\\/\\\/secure.gravatar.com\\\/avatar\\\/1c5e76ef76bbbfdd2b4da984e2bf2fa4056fd51a27d25ce2c332047f1dfd6e00?s=96&d=identicon&r=g\",\"caption\":\"Kohen\"},\"sameAs\":[\"https:\\\/\\\/www.linkedin.com\\\/in\\\/hassan-kohen-448548192\\\/\",\"https:\\\/\\\/www.youtube.com\\\/@Kohen-Avocats\"],\"url\":\"https:\\\/\\\/kohenavocats.com\\\/ru\\\/author\\\/kohenmlk\\\/\"}]}<\/script>\n<!-- \/ Yoast SEO Premium plugin. -->","yoast_head_json":{"title":"Tribunal judiciaire de Paris, le 24 juillet 2025, n\u00b022\/03699 - Ma\u00eetre Hassan Kohen, avocat en droit p\u00e9nal \u00e0 Paris","description":"Le Tribunal judiciaire de Paris, statuant en la forme des r\u00e9f\u00e9r\u00e9s par ordonnance du juge de la mise en \u00e9tat du 24 juillet 2025, est saisi d\u2019une instance enga...","robots":{"index":"index","follow":"follow","max-snippet":"max-snippet:-1","max-image-preview":"max-image-preview:large","max-video-preview":"max-video-preview:-1"},"canonical":"https:\/\/kohenavocats.com\/ru\/tribunal-judiciaire-de-paris-le-24-juillet-2025-n22-03699\/","og_locale":"ru_RU","og_type":"article","og_title":"Tribunal judiciaire de Paris, le 24 juillet 2025, n\u00b022\/03699","og_description":"Le Tribunal judiciaire de Paris, statuant en la forme des r\u00e9f\u00e9r\u00e9s par ordonnance du juge de la mise en \u00e9tat du 24 juillet 2025, est saisi d\u2019une instance enga...","og_url":"https:\/\/kohenavocats.com\/ru\/tribunal-judiciaire-de-paris-le-24-juillet-2025-n22-03699\/","og_site_name":"Ma\u00eetre Hassan Kohen, avocat en droit p\u00e9nal \u00e0 Paris","article_published_time":"2026-04-25T20:02:44+00:00","og_image":[{"width":3840,"height":2160,"url":"https:\/\/kohenavocats.com\/wp-content\/uploads\/2024\/11\/zyanya-citlalli-UacA8X7HWwg-unsplash-1.webp","type":"image\/webp"}],"author":"Kohen","twitter_card":"summary_large_image","twitter_misc":{"\u041d\u0430\u043f\u0438\u0441\u0430\u043d\u043e \u0430\u0432\u0442\u043e\u0440\u043e\u043c":"Kohen","\u041f\u0440\u0438\u043c\u0435\u0440\u043d\u043e\u0435 \u0432\u0440\u0435\u043c\u044f \u0434\u043b\u044f \u0447\u0442\u0435\u043d\u0438\u044f":"4 \u043c\u0438\u043d\u0443\u0442\u044b"},"schema":{"@context":"https:\/\/schema.org","@graph":[{"@type":"Article","@id":"https:\/\/kohenavocats.com\/ru\/tribunal-judiciaire-de-paris-le-24-juillet-2025-n22-03699\/#article","isPartOf":{"@id":"https:\/\/kohenavocats.com\/ru\/tribunal-judiciaire-de-paris-le-24-juillet-2025-n22-03699\/"},"author":{"name":"Kohen","@id":"https:\/\/kohenavocats.com\/ru\/#\/schema\/person\/761c9ba54fa1ca84d405cef0831ff751"},"headline":"Tribunal judiciaire de Paris, le 24 juillet 2025, n\u00b022\/03699","datePublished":"2026-04-25T20:02:44+00:00","mainEntityOfPage":{"@id":"https:\/\/kohenavocats.com\/ru\/tribunal-judiciaire-de-paris-le-24-juillet-2025-n22-03699\/"},"wordCount":843,"commentCount":0,"publisher":{"@id":"https:\/\/kohenavocats.com\/ru\/#organization"},"image":{"@id":"https:\/\/kohenavocats.com\/ru\/tribunal-judiciaire-de-paris-le-24-juillet-2025-n22-03699\/#primaryimage"},"thumbnailUrl":"https:\/\/kohenavocats.com\/wp-content\/uploads\/2024\/11\/zyanya-citlalli-UacA8X7HWwg-unsplash-1.webp","articleSection":["Jurisprudence"],"inLanguage":"ru-RU","potentialAction":[{"@type":"CommentAction","name":"Comment","target":["https:\/\/kohenavocats.com\/ru\/tribunal-judiciaire-de-paris-le-24-juillet-2025-n22-03699\/#respond"]}],"citation":"Tribunal judiciaire de Paris, le 24 juillet 2025, n\u00b022\/03699","about":[{"@type":"Thing","name":"Jurisprudence"}],"dateModified":"2026-04-25T20:02:44+00:00","speakable":{"@type":"SpeakableSpecification","cssSelector":[".article-content > p:first-of-type"]}},{"@type":"WebPage","@id":"https:\/\/kohenavocats.com\/ru\/tribunal-judiciaire-de-paris-le-24-juillet-2025-n22-03699\/","url":"https:\/\/kohenavocats.com\/ru\/tribunal-judiciaire-de-paris-le-24-juillet-2025-n22-03699\/","name":"Tribunal judiciaire de Paris, le 24 juillet 2025, n\u00b022\/03699 - Ma\u00eetre Hassan Kohen, avocat en droit p\u00e9nal \u00e0 Paris","isPartOf":{"@id":"https:\/\/kohenavocats.com\/ru\/#website"},"primaryImageOfPage":{"@id":"https:\/\/kohenavocats.com\/ru\/tribunal-judiciaire-de-paris-le-24-juillet-2025-n22-03699\/#primaryimage"},"image":{"@id":"https:\/\/kohenavocats.com\/ru\/tribunal-judiciaire-de-paris-le-24-juillet-2025-n22-03699\/#primaryimage"},"thumbnailUrl":"https:\/\/kohenavocats.com\/wp-content\/uploads\/2024\/11\/zyanya-citlalli-UacA8X7HWwg-unsplash-1.webp","datePublished":"2026-04-25T20:02:44+00:00","description":"Le Tribunal judiciaire de Paris, statuant en la forme des r\u00e9f\u00e9r\u00e9s par ordonnance du juge de la mise en \u00e9tat du 24 juillet 2025, est saisi d\u2019une instance enga...","breadcrumb":{"@id":"https:\/\/kohenavocats.com\/ru\/tribunal-judiciaire-de-paris-le-24-juillet-2025-n22-03699\/#breadcrumb"},"inLanguage":"ru-RU","potentialAction":[{"@type":"ReadAction","target":["https:\/\/kohenavocats.com\/ru\/tribunal-judiciaire-de-paris-le-24-juillet-2025-n22-03699\/"]}]},{"@type":"ImageObject","inLanguage":"ru-RU","@id":"https:\/\/kohenavocats.com\/ru\/tribunal-judiciaire-de-paris-le-24-juillet-2025-n22-03699\/#primaryimage","url":"https:\/\/kohenavocats.com\/wp-content\/uploads\/2024\/11\/zyanya-citlalli-UacA8X7HWwg-unsplash-1.webp","contentUrl":"https:\/\/kohenavocats.com\/wp-content\/uploads\/2024\/11\/zyanya-citlalli-UacA8X7HWwg-unsplash-1.webp","width":3840,"height":2160},{"@type":"BreadcrumbList","@id":"https:\/\/kohenavocats.com\/ru\/tribunal-judiciaire-de-paris-le-24-juillet-2025-n22-03699\/#breadcrumb","itemListElement":[{"@type":"ListItem","position":1,"name":"Home","item":"https:\/\/kohenavocats.com\/ru\/avocats-en-droit-penal-a-paris-conseil-et-defense-strategique\/"},{"@type":"ListItem","position":2,"name":"Tribunal judiciaire de Paris, le 24 juillet 2025, n\u00b022\/03699"}]},{"@type":"WebSite","@id":"https:\/\/kohenavocats.com\/ru\/#website","url":"https:\/\/kohenavocats.com\/ru\/","name":"Kohen Avocats","description":"Ma\u00eetre Hassan Kohen, avocat p\u00e9naliste \u00e0 Paris, intervient exclusivement en droit p\u00e9nal pour la d\u00e9fense des particuliers, notamment en mati\u00e8re d\u2019accusations de viol. Il assure un accompagnement rigoureux d\u00e8s la garde \u00e0 vue jusqu\u2019\u00e0 la Cour d\u2019assises, veillant au strict respect des garanties proc\u00e9durales.","publisher":{"@id":"https:\/\/kohenavocats.com\/ru\/#organization"},"potentialAction":[{"@type":"SearchAction","target":{"@type":"EntryPoint","urlTemplate":"https:\/\/kohenavocats.com\/ru\/?s={search_term_string}"},"query-input":{"@type":"PropertyValueSpecification","valueRequired":true,"valueName":"search_term_string"}}],"inLanguage":"ru-RU"},{"@type":"Organization","@id":"https:\/\/kohenavocats.com\/ru\/#organization","name":"Kohen Avocats","url":"https:\/\/kohenavocats.com\/ru\/","logo":{"@type":"ImageObject","inLanguage":"ru-RU","@id":"https:\/\/kohenavocats.com\/ru\/#\/schema\/logo\/image\/","url":"https:\/\/kohenavocats.com\/wp-content\/uploads\/2026\/01\/Logo-2-1.webp","contentUrl":"https:\/\/kohenavocats.com\/wp-content\/uploads\/2026\/01\/Logo-2-1.webp","width":2114,"height":1253,"caption":"Kohen Avocats"},"image":{"@id":"https:\/\/kohenavocats.com\/ru\/#\/schema\/logo\/image\/"}},{"@type":"Person","@id":"https:\/\/kohenavocats.com\/ru\/#\/schema\/person\/761c9ba54fa1ca84d405cef0831ff751","name":"Kohen","image":{"@type":"ImageObject","inLanguage":"ru-RU","@id":"https:\/\/secure.gravatar.com\/avatar\/1c5e76ef76bbbfdd2b4da984e2bf2fa4056fd51a27d25ce2c332047f1dfd6e00?s=96&d=identicon&r=g","url":"https:\/\/secure.gravatar.com\/avatar\/1c5e76ef76bbbfdd2b4da984e2bf2fa4056fd51a27d25ce2c332047f1dfd6e00?s=96&d=identicon&r=g","contentUrl":"https:\/\/secure.gravatar.com\/avatar\/1c5e76ef76bbbfdd2b4da984e2bf2fa4056fd51a27d25ce2c332047f1dfd6e00?s=96&d=identicon&r=g","caption":"Kohen"},"sameAs":["https:\/\/www.linkedin.com\/in\/hassan-kohen-448548192\/","https:\/\/www.youtube.com\/@Kohen-Avocats"],"url":"https:\/\/kohenavocats.com\/ru\/author\/kohenmlk\/"}]}},"jetpack_featured_media_url":"https:\/\/kohenavocats.com\/wp-content\/uploads\/2024\/11\/zyanya-citlalli-UacA8X7HWwg-unsplash-1.webp","jetpack_likes_enabled":false,"jetpack_shortlink":"https:\/\/wp.me\/peCrII-2SG1","jetpack-related-posts":[{"id":202374,"url":"https:\/\/kohenavocats.com\/ru\/cour-dappel-de-paris-le-2-juillet-2025-n24-07212\/","url_meta":{"origin":686837,"position":0},"title":"Cour d&#8217;appel de Paris, le 2 juillet 2025, n\u00b024\/07212","author":"Kohen","date":"21.12.2025","format":false,"excerpt":"La Cour d\u2019appel de Paris, 2 juillet 2025 (p\u00f4le 3, chambre 1), statue sur l\u2019appel form\u00e9 contre un jugement du 3 avril 2024 rendu par le tribunal judiciaire de Paris. Le litige porte sur la d\u00e9signation d\u2019un mandataire successoral pour administrer provisoirement des biens situ\u00e9s en France. Le d\u00e9funt a\u2026","rel":"","context":"\u0412 &quot;Cour d'appel&quot;","block_context":{"text":"Cour d'appel","link":"https:\/\/kohenavocats.com\/category\/cour-dappel\/"},"img":{"alt_text":"","src":"https:\/\/i0.wp.com\/kohenavocats.com\/wp-content\/uploads\/2024\/08\/dreamland-scape-QsV__x-R0jc-unsplash.webp?resize=350%2C200&ssl=1","width":350,"height":200,"srcset":"https:\/\/i0.wp.com\/kohenavocats.com\/wp-content\/uploads\/2024\/08\/dreamland-scape-QsV__x-R0jc-unsplash.webp?resize=350%2C200&ssl=1 1x, https:\/\/i0.wp.com\/kohenavocats.com\/wp-content\/uploads\/2024\/08\/dreamland-scape-QsV__x-R0jc-unsplash.webp?resize=525%2C300&ssl=1 1.5x, https:\/\/i0.wp.com\/kohenavocats.com\/wp-content\/uploads\/2024\/08\/dreamland-scape-QsV__x-R0jc-unsplash.webp?resize=700%2C400&ssl=1 2x, https:\/\/i0.wp.com\/kohenavocats.com\/wp-content\/uploads\/2024\/08\/dreamland-scape-QsV__x-R0jc-unsplash.webp?resize=1050%2C600&ssl=1 3x, https:\/\/i0.wp.com\/kohenavocats.com\/wp-content\/uploads\/2024\/08\/dreamland-scape-QsV__x-R0jc-unsplash.webp?resize=1400%2C800&ssl=1 4x"},"classes":[]},{"id":686524,"url":"https:\/\/kohenavocats.com\/ru\/cour-dappel-de-paris-le-25-juin-2025-n24-11645\/","url_meta":{"origin":686837,"position":1},"title":"Cour d&#8217;appel de Paris, le 25 juin 2025, n\u00b024\/11645","author":"Kohen","date":"25.04.2026","format":false,"excerpt":"Par un arr\u00eat de la Cour d'appel de Paris du 25 juin 2025, la juridiction confirme le refus de surseoir \u00e0 statuer ordonn\u00e9 en premi\u00e8re instance. Le litige oppo...","rel":"","context":"\u0412 &quot;Jurisprudence&quot;","block_context":{"text":"Jurisprudence","link":"https:\/\/kohenavocats.com\/category\/jurisprudence\/"},"img":{"alt_text":"","src":"https:\/\/i0.wp.com\/kohenavocats.com\/wp-content\/uploads\/2024\/07\/claudio-testa-iqeG5xA96M4-unsplash.webp?resize=350%2C200&ssl=1","width":350,"height":200,"srcset":"https:\/\/i0.wp.com\/kohenavocats.com\/wp-content\/uploads\/2024\/07\/claudio-testa-iqeG5xA96M4-unsplash.webp?resize=350%2C200&ssl=1 1x, https:\/\/i0.wp.com\/kohenavocats.com\/wp-content\/uploads\/2024\/07\/claudio-testa-iqeG5xA96M4-unsplash.webp?resize=525%2C300&ssl=1 1.5x, https:\/\/i0.wp.com\/kohenavocats.com\/wp-content\/uploads\/2024\/07\/claudio-testa-iqeG5xA96M4-unsplash.webp?resize=700%2C400&ssl=1 2x, https:\/\/i0.wp.com\/kohenavocats.com\/wp-content\/uploads\/2024\/07\/claudio-testa-iqeG5xA96M4-unsplash.webp?resize=1050%2C600&ssl=1 3x, https:\/\/i0.wp.com\/kohenavocats.com\/wp-content\/uploads\/2024\/07\/claudio-testa-iqeG5xA96M4-unsplash.webp?resize=1400%2C800&ssl=1 4x"},"classes":[]},{"id":494022,"url":"https:\/\/kohenavocats.com\/ru\/cour-dappel-de-paris-le-5-novembre-2025-n21-11302\/","url_meta":{"origin":686837,"position":2},"title":"Cour d&#8217;appel de Paris, le 5 novembre 2025, n\u00b021\/11302","author":"Kohen","date":"08.04.2026","format":false,"excerpt":"La Cour d'appel de Paris, dans un arr\u00eat du 5 novembre 2025, statue sur une proc\u00e9dure d'appel relative \u00e0 l'annulation d'une assembl\u00e9e g\u00e9n\u00e9rale de...","rel":"","context":"\u0412 &quot;Cour d'appel&quot;","block_context":{"text":"Cour d'appel","link":"https:\/\/kohenavocats.com\/category\/cour-dappel\/"},"img":{"alt_text":"","src":"https:\/\/i0.wp.com\/kohenavocats.com\/wp-content\/uploads\/2024\/11\/zyanya-citlalli-gy0ATtkEcZs-unsplash.webp?resize=350%2C200&ssl=1","width":350,"height":200,"srcset":"https:\/\/i0.wp.com\/kohenavocats.com\/wp-content\/uploads\/2024\/11\/zyanya-citlalli-gy0ATtkEcZs-unsplash.webp?resize=350%2C200&ssl=1 1x, https:\/\/i0.wp.com\/kohenavocats.com\/wp-content\/uploads\/2024\/11\/zyanya-citlalli-gy0ATtkEcZs-unsplash.webp?resize=525%2C300&ssl=1 1.5x, https:\/\/i0.wp.com\/kohenavocats.com\/wp-content\/uploads\/2024\/11\/zyanya-citlalli-gy0ATtkEcZs-unsplash.webp?resize=700%2C400&ssl=1 2x, https:\/\/i0.wp.com\/kohenavocats.com\/wp-content\/uploads\/2024\/11\/zyanya-citlalli-gy0ATtkEcZs-unsplash.webp?resize=1050%2C600&ssl=1 3x, https:\/\/i0.wp.com\/kohenavocats.com\/wp-content\/uploads\/2024\/11\/zyanya-citlalli-gy0ATtkEcZs-unsplash.webp?resize=1400%2C800&ssl=1 4x"},"classes":[]},{"id":442049,"url":"https:\/\/kohenavocats.com\/ru\/cour-dappel-le-5-novembre-2025-n21-11302\/","url_meta":{"origin":686837,"position":3},"title":"Cour d&#8217;appel, le 5 novembre 2025, n\u00b021\/11302","author":"","date":"04.04.2026","format":false,"excerpt":"La Cour d\u2019appel de Paris, dans un arr\u00eat du 5 novembre 2025, a \u00e9t\u00e9 saisie d\u2019un appel contre un jugement du Tribunal judiciaire de Paris du 16 avril 2021....","rel":"","context":"\u0412 &quot;Cour d'appel&quot;","block_context":{"text":"Cour d'appel","link":"https:\/\/kohenavocats.com\/category\/cour-dappel\/"},"img":{"alt_text":"","src":"https:\/\/i0.wp.com\/kohenavocats.com\/wp-content\/uploads\/2024\/08\/katie-moum-o0kbc907i20-unsplash.webp?resize=350%2C200&ssl=1","width":350,"height":200,"srcset":"https:\/\/i0.wp.com\/kohenavocats.com\/wp-content\/uploads\/2024\/08\/katie-moum-o0kbc907i20-unsplash.webp?resize=350%2C200&ssl=1 1x, https:\/\/i0.wp.com\/kohenavocats.com\/wp-content\/uploads\/2024\/08\/katie-moum-o0kbc907i20-unsplash.webp?resize=525%2C300&ssl=1 1.5x, https:\/\/i0.wp.com\/kohenavocats.com\/wp-content\/uploads\/2024\/08\/katie-moum-o0kbc907i20-unsplash.webp?resize=700%2C400&ssl=1 2x, https:\/\/i0.wp.com\/kohenavocats.com\/wp-content\/uploads\/2024\/08\/katie-moum-o0kbc907i20-unsplash.webp?resize=1050%2C600&ssl=1 3x, https:\/\/i0.wp.com\/kohenavocats.com\/wp-content\/uploads\/2024\/08\/katie-moum-o0kbc907i20-unsplash.webp?resize=1400%2C800&ssl=1 4x"},"classes":[]},{"id":479691,"url":"https:\/\/kohenavocats.com\/ru\/tribunal-judiciaire-de-paris-le-16-septembre-2025-n22-04939\/","url_meta":{"origin":686837,"position":4},"title":"Tribunal judiciaire de Paris, le 16 septembre 2025, n\u00b022\/04939","author":"Kohen","date":"07.04.2026","format":false,"excerpt":"Le tribunal judiciaire de Paris, dans un jugement du 16 septembre 2025, statue sur une instance interrompue par le d\u00e9c\u00e8s d\u2019un demandeur. L\u2019\u00e9pouse et unique h...","rel":"","context":"\u0412 &quot;Jurisprudence&quot;","block_context":{"text":"Jurisprudence","link":"https:\/\/kohenavocats.com\/category\/jurisprudence\/"},"img":{"alt_text":"","src":"https:\/\/i0.wp.com\/kohenavocats.com\/wp-content\/uploads\/2024\/08\/heriberto-murrieta-2RFLn3BzqHA-unsplash.webp?resize=350%2C200&ssl=1","width":350,"height":200,"srcset":"https:\/\/i0.wp.com\/kohenavocats.com\/wp-content\/uploads\/2024\/08\/heriberto-murrieta-2RFLn3BzqHA-unsplash.webp?resize=350%2C200&ssl=1 1x, https:\/\/i0.wp.com\/kohenavocats.com\/wp-content\/uploads\/2024\/08\/heriberto-murrieta-2RFLn3BzqHA-unsplash.webp?resize=525%2C300&ssl=1 1.5x, https:\/\/i0.wp.com\/kohenavocats.com\/wp-content\/uploads\/2024\/08\/heriberto-murrieta-2RFLn3BzqHA-unsplash.webp?resize=700%2C400&ssl=1 2x, https:\/\/i0.wp.com\/kohenavocats.com\/wp-content\/uploads\/2024\/08\/heriberto-murrieta-2RFLn3BzqHA-unsplash.webp?resize=1050%2C600&ssl=1 3x, https:\/\/i0.wp.com\/kohenavocats.com\/wp-content\/uploads\/2024\/08\/heriberto-murrieta-2RFLn3BzqHA-unsplash.webp?resize=1400%2C800&ssl=1 4x"},"classes":[]},{"id":683905,"url":"https:\/\/kohenavocats.com\/ru\/tribunal-judiciaire-de-nanterre-le-2-juillet-2025-n22-04278\/","url_meta":{"origin":686837,"position":5},"title":"Tribunal judiciaire de Nanterre, le 2 juillet 2025, n\u00b022\/04278","author":"Kohen","date":"25.04.2026","format":false,"excerpt":"Cour d'appel de Versailles, 2 juillet 2025. Un syndicat des copropri\u00e9taires a recherch\u00e9 le paiement de charges impay\u00e9es contre un copropri\u00e9taire et la succes...","rel":"","context":"\u0412 &quot;Jurisprudence&quot;","block_context":{"text":"Jurisprudence","link":"https:\/\/kohenavocats.com\/category\/jurisprudence\/"},"img":{"alt_text":"","src":"https:\/\/i0.wp.com\/kohenavocats.com\/wp-content\/uploads\/2024\/11\/alexander-mils-LH6ZMdmq_9Y-unsplash.webp?resize=350%2C200&ssl=1","width":350,"height":200,"srcset":"https:\/\/i0.wp.com\/kohenavocats.com\/wp-content\/uploads\/2024\/11\/alexander-mils-LH6ZMdmq_9Y-unsplash.webp?resize=350%2C200&ssl=1 1x, https:\/\/i0.wp.com\/kohenavocats.com\/wp-content\/uploads\/2024\/11\/alexander-mils-LH6ZMdmq_9Y-unsplash.webp?resize=525%2C300&ssl=1 1.5x, https:\/\/i0.wp.com\/kohenavocats.com\/wp-content\/uploads\/2024\/11\/alexander-mils-LH6ZMdmq_9Y-unsplash.webp?resize=700%2C400&ssl=1 2x, https:\/\/i0.wp.com\/kohenavocats.com\/wp-content\/uploads\/2024\/11\/alexander-mils-LH6ZMdmq_9Y-unsplash.webp?resize=1050%2C600&ssl=1 3x, https:\/\/i0.wp.com\/kohenavocats.com\/wp-content\/uploads\/2024\/11\/alexander-mils-LH6ZMdmq_9Y-unsplash.webp?resize=1400%2C800&ssl=1 4x"},"classes":[]}],"jetpack_sharing_enabled":true,"_links":{"self":[{"href":"https:\/\/kohenavocats.com\/ru\/wp-json\/wp\/v2\/posts\/686837","targetHints":{"allow":["GET"]}}],"collection":[{"href":"https:\/\/kohenavocats.com\/ru\/wp-json\/wp\/v2\/posts"}],"about":[{"href":"https:\/\/kohenavocats.com\/ru\/wp-json\/wp\/v2\/types\/post"}],"author":[{"embeddable":true,"href":"https:\/\/kohenavocats.com\/ru\/wp-json\/wp\/v2\/users\/232070755"}],"replies":[{"embeddable":true,"href":"https:\/\/kohenavocats.com\/ru\/wp-json\/wp\/v2\/comments?post=686837"}],"version-history":[{"count":0,"href":"https:\/\/kohenavocats.com\/ru\/wp-json\/wp\/v2\/posts\/686837\/revisions"}],"wp:featuredmedia":[{"embeddable":true,"href":"https:\/\/kohenavocats.com\/ru\/wp-json\/wp\/v2\/media\/9500"}],"wp:attachment":[{"href":"https:\/\/kohenavocats.com\/ru\/wp-json\/wp\/v2\/media?parent=686837"}],"wp:term":[{"taxonomy":"category","embeddable":true,"href":"https:\/\/kohenavocats.com\/ru\/wp-json\/wp\/v2\/categories?post=686837"},{"taxonomy":"post_tag","embeddable":true,"href":"https:\/\/kohenavocats.com\/ru\/wp-json\/wp\/v2\/tags?post=686837"}],"curies":[{"name":"wp","href":"https:\/\/api.w.org\/{rel}","templated":true}]}}