{"id":713286,"date":"2026-04-27T23:22:39","date_gmt":"2026-04-27T21:22:39","guid":{"rendered":"https:\/\/kohenavocats.com\/tribunal-judiciaire-de-villefranche-sur-saone-le-8-janvier-2026-n25-00005\/"},"modified":"2026-04-27T23:22:39","modified_gmt":"2026-04-27T21:22:39","slug":"tribunal-judiciaire-de-villefranche-sur-saone-le-8-janvier-2026-n25-00005","status":"publish","type":"post","link":"https:\/\/kohenavocats.com\/ru\/tribunal-judiciaire-de-villefranche-sur-saone-le-8-janvier-2026-n25-00005\/","title":{"rendered":"Tribunal judiciaire de Villefranche-sur-Sa\u00f4ne, le 8 janvier 2026, n\u00b025\/00005"},"content":{"rendered":"<div class='article-content'>\n<p>Le jugement rendu le huit janvier deux mille vingt-six par le juge de l&#8217;ex\u00e9cution du tribunal judiciaire de Villefranche-sur-Sa\u00f4ne intervient dans le cadre d&#8217;une proc\u00e9dure de saisie immobili\u00e8re. Un cr\u00e9ancier poursuivant avait fait d\u00e9livrer un commandement de payer \u00e0 un d\u00e9biteur saisi, lequel a sollicit\u00e9 et obtenu l&#8217;autorisation d&#8217;une vente amiable. Lors de l&#8217;audience de rappel, les parties ont demand\u00e9 l&#8217;homologation de la vente intervenue le trente et un octobre deux mille vingt-cinq. La question de droit portait sur la v\u00e9rification des conditions l\u00e9gales permettant au juge de constater cette vente amiable. Le juge a fait droit \u00e0 la demande en constatant et homologuant la vente.<\/p>\n<p>I. Le contr\u00f4le de la conformit\u00e9 de la vente amiable aux conditions fix\u00e9es<\/p>\n<p>Le juge s&#8217;assure d&#8217;abord que l&#8217;acte de vente respecte les prescriptions ant\u00e9rieures. Il rel\u00e8ve que <em>&#171;l&#8217;acte est conforme aux conditions fix\u00e9es par le juge de l&#8217;ex\u00e9cution&#187;<\/em> (Motifs de la d\u00e9cision). Cette affirmation constitue le c\u0153ur du contr\u00f4le de r\u00e9gularit\u00e9, garantissant que le d\u00e9biteur saisi n&#8217;a pas contourn\u00e9 les garanties proc\u00e9durales. La valeur de ce contr\u00f4le est essentielle car il pr\u00e9serve l&#8217;\u00e9quilibre entre les int\u00e9r\u00eats du cr\u00e9ancier et ceux du d\u00e9biteur. La port\u00e9e de cette v\u00e9rification est de s\u00e9curiser la vente en \u00e9vitant toute contestation ult\u00e9rieure sur sa validit\u00e9.<\/p>\n<p>II. La constatation de la vente amiable et ses effets juridiques<\/p>\n<p>Le juge constate ensuite le paiement effectif du prix, notant que <em>&#171;le prix a \u00e9t\u00e9 consign\u00e9 entre les mains de la Caisse des D\u00e9p\u00f4ts et Consignation&#187;<\/em> (Motifs de la d\u00e9cision). Cette consignation est une condition suspensive sine qua non de l&#8217;homologation, prot\u00e9geant le cr\u00e9ancier contre un d\u00e9faut de paiement. La valeur de cette exigence est de donner force ex\u00e9cutoire \u00e0 la vente amiable. Sa port\u00e9e est de purger la saisie et d&#8217;ordonner la radiation des inscriptions hypoth\u00e9caires, lib\u00e9rant ainsi d\u00e9finitivement le bien.<\/p>\n<\/div>\n","protected":false},"excerpt":{"rendered":"<p>Le jugement rendu le huit janvier deux mille vingt-six par le juge de l&#8217;ex\u00e9cution du tribunal judiciaire de Villefranche-sur-Sa\u00f4ne intervient dans le&#8230;<\/p>\n","protected":false},"author":232070755,"featured_media":9481,"comment_status":"open","ping_status":"open","sticky":false,"template":"","format":"standard","meta":{"_crdt_document":"","_jetpack_newsletter_access":"","_jetpack_dont_email_post_to_subs":false,"_jetpack_newsletter_tier_id":0,"_jetpack_memberships_contains_paywalled_content":false,"_kj_source_type":"judilibre","_kj_official_id":"69740aaccdc6046d477ec65a","_kj_official_url":"https:\/\/www.courdecassation.fr\/decision\/69740aaccdc6046d477ec65a","_kj_judilibre_id":"69740aaccdc6046d477ec65a","_kj_jur":"Tribunal judiciaire","_kj_lieu":"Villefranche-sur-Sa\u00f4ne","_kj_chambre":"1\u00e8re Chambre","_kj_rg":"25\/00005","_kj_date":"2026-01-08","_jetpack_memberships_contains_paid_content":false,"footnotes":"","jetpack_post_was_ever_published":false},"categories":[6454,6440],"tags":[],"class_list":["post-713286","post","type-post","status-publish","format-standard","has-post-thumbnail","hentry","category-decisions-juridiques","category-tribunal-judiciaire"],"yoast_head":"<!-- This site is optimized with the Yoast SEO Premium plugin v27.5 (Yoast SEO v27.5) - https:\/\/yoast.com\/product\/yoast-seo-premium-wordpress\/ -->\n<title>Tribunal judiciaire de Villefranche-sur-Sa\u00f4ne, le 8 janvier 2026, n\u00b025\/00005 - Ma\u00eetre Hassan Kohen, avocat en droit p\u00e9nal \u00e0 Paris<\/title>\n<meta name=\"description\" content=\"Le jugement rendu le huit janvier deux mille vingt-six par le juge de l&#039;ex\u00e9cution du tribunal judiciaire de Villefranche-sur-Sa\u00f4ne intervient dans le...\" \/>\n<meta name=\"robots\" content=\"index, follow, max-snippet:-1, max-image-preview:large, max-video-preview:-1\" \/>\n<link rel=\"canonical\" href=\"https:\/\/kohenavocats.com\/ru\/tribunal-judiciaire-de-villefranche-sur-saone-le-8-janvier-2026-n25-00005\/\" \/>\n<meta property=\"og:locale\" content=\"ru_RU\" \/>\n<meta property=\"og:type\" content=\"article\" \/>\n<meta property=\"og:title\" content=\"Tribunal judiciaire de Villefranche-sur-Sa\u00f4ne, le 8 janvier 2026, n\u00b025\/00005\" \/>\n<meta property=\"og:description\" content=\"Le jugement rendu le huit janvier deux mille vingt-six par le juge de l&#039;ex\u00e9cution du tribunal judiciaire de Villefranche-sur-Sa\u00f4ne intervient dans le...\" \/>\n<meta property=\"og:url\" content=\"https:\/\/kohenavocats.com\/ru\/tribunal-judiciaire-de-villefranche-sur-saone-le-8-janvier-2026-n25-00005\/\" \/>\n<meta property=\"og:site_name\" content=\"Ma\u00eetre Hassan Kohen, avocat en droit p\u00e9nal \u00e0 Paris\" \/>\n<meta property=\"article:published_time\" content=\"2026-04-27T21:22:39+00:00\" \/>\n<meta property=\"og:image\" content=\"https:\/\/kohenavocats.com\/wp-content\/uploads\/2024\/11\/getty-images-IixEkPUt3kU-unsplash.webp\" \/>\n\t<meta property=\"og:image:width\" content=\"6000\" \/>\n\t<meta property=\"og:image:height\" content=\"3701\" \/>\n\t<meta property=\"og:image:type\" content=\"image\/webp\" \/>\n<meta name=\"author\" content=\"Kohen\" \/>\n<meta name=\"twitter:card\" content=\"summary_large_image\" \/>\n<meta name=\"twitter:label1\" content=\"\u041d\u0430\u043f\u0438\u0441\u0430\u043d\u043e \u0430\u0432\u0442\u043e\u0440\u043e\u043c\" \/>\n\t<meta name=\"twitter:data1\" content=\"Kohen\" \/>\n\t<meta name=\"twitter:label2\" content=\"\u041f\u0440\u0438\u043c\u0435\u0440\u043d\u043e\u0435 \u0432\u0440\u0435\u043c\u044f \u0434\u043b\u044f \u0447\u0442\u0435\u043d\u0438\u044f\" \/>\n\t<meta name=\"twitter:data2\" content=\"2 \u043c\u0438\u043d\u0443\u0442\u044b\" \/>\n<script type=\"application\/ld+json\" class=\"yoast-schema-graph\">{\"@context\":\"https:\\\/\\\/schema.org\",\"@graph\":[{\"@type\":\"Article\",\"@id\":\"https:\\\/\\\/kohenavocats.com\\\/ru\\\/tribunal-judiciaire-de-villefranche-sur-saone-le-8-janvier-2026-n25-00005\\\/#article\",\"isPartOf\":{\"@id\":\"https:\\\/\\\/kohenavocats.com\\\/ru\\\/tribunal-judiciaire-de-villefranche-sur-saone-le-8-janvier-2026-n25-00005\\\/\"},\"author\":{\"name\":\"Kohen\",\"@id\":\"https:\\\/\\\/kohenavocats.com\\\/ru\\\/#\\\/schema\\\/person\\\/761c9ba54fa1ca84d405cef0831ff751\"},\"headline\":\"Tribunal judiciaire de Villefranche-sur-Sa\u00f4ne, le 8 janvier 2026, n\u00b025\\\/00005\",\"datePublished\":\"2026-04-27T21:22:39+00:00\",\"mainEntityOfPage\":{\"@id\":\"https:\\\/\\\/kohenavocats.com\\\/ru\\\/tribunal-judiciaire-de-villefranche-sur-saone-le-8-janvier-2026-n25-00005\\\/\"},\"wordCount\":362,\"commentCount\":0,\"publisher\":{\"@id\":\"https:\\\/\\\/kohenavocats.com\\\/ru\\\/#organization\"},\"image\":{\"@id\":\"https:\\\/\\\/kohenavocats.com\\\/ru\\\/tribunal-judiciaire-de-villefranche-sur-saone-le-8-janvier-2026-n25-00005\\\/#primaryimage\"},\"thumbnailUrl\":\"https:\\\/\\\/kohenavocats.com\\\/wp-content\\\/uploads\\\/2024\\\/11\\\/getty-images-IixEkPUt3kU-unsplash.webp\",\"articleSection\":[\"D\u00e9cisions juridiques\",\"Tribunal judiciaire\"],\"inLanguage\":\"ru-RU\",\"potentialAction\":[{\"@type\":\"CommentAction\",\"name\":\"Comment\",\"target\":[\"https:\\\/\\\/kohenavocats.com\\\/ru\\\/tribunal-judiciaire-de-villefranche-sur-saone-le-8-janvier-2026-n25-00005\\\/#respond\"]}],\"citation\":\"Tribunal judiciaire de Villefranche-sur-Sa\u00f4ne, le 8 janvier 2026, n\u00b025\\\/00005\",\"about\":[{\"@type\":\"Thing\",\"name\":\"D\u00e9cisions juridiques\"},{\"@type\":\"Thing\",\"name\":\"Tribunal judiciaire\"}],\"dateModified\":\"2026-04-27T21:22:39+00:00\",\"speakable\":{\"@type\":\"SpeakableSpecification\",\"cssSelector\":[\".article-content > p:first-of-type\"]}},{\"@type\":\"WebPage\",\"@id\":\"https:\\\/\\\/kohenavocats.com\\\/ru\\\/tribunal-judiciaire-de-villefranche-sur-saone-le-8-janvier-2026-n25-00005\\\/\",\"url\":\"https:\\\/\\\/kohenavocats.com\\\/ru\\\/tribunal-judiciaire-de-villefranche-sur-saone-le-8-janvier-2026-n25-00005\\\/\",\"name\":\"Tribunal judiciaire de Villefranche-sur-Sa\u00f4ne, le 8 janvier 2026, n\u00b025\\\/00005 - Ma\u00eetre Hassan Kohen, avocat en droit p\u00e9nal \u00e0 Paris\",\"isPartOf\":{\"@id\":\"https:\\\/\\\/kohenavocats.com\\\/ru\\\/#website\"},\"primaryImageOfPage\":{\"@id\":\"https:\\\/\\\/kohenavocats.com\\\/ru\\\/tribunal-judiciaire-de-villefranche-sur-saone-le-8-janvier-2026-n25-00005\\\/#primaryimage\"},\"image\":{\"@id\":\"https:\\\/\\\/kohenavocats.com\\\/ru\\\/tribunal-judiciaire-de-villefranche-sur-saone-le-8-janvier-2026-n25-00005\\\/#primaryimage\"},\"thumbnailUrl\":\"https:\\\/\\\/kohenavocats.com\\\/wp-content\\\/uploads\\\/2024\\\/11\\\/getty-images-IixEkPUt3kU-unsplash.webp\",\"datePublished\":\"2026-04-27T21:22:39+00:00\",\"description\":\"Le jugement rendu le huit janvier deux mille vingt-six par le juge de l'ex\u00e9cution du tribunal judiciaire de Villefranche-sur-Sa\u00f4ne intervient dans le...\",\"breadcrumb\":{\"@id\":\"https:\\\/\\\/kohenavocats.com\\\/ru\\\/tribunal-judiciaire-de-villefranche-sur-saone-le-8-janvier-2026-n25-00005\\\/#breadcrumb\"},\"inLanguage\":\"ru-RU\",\"potentialAction\":[{\"@type\":\"ReadAction\",\"target\":[\"https:\\\/\\\/kohenavocats.com\\\/ru\\\/tribunal-judiciaire-de-villefranche-sur-saone-le-8-janvier-2026-n25-00005\\\/\"]}]},{\"@type\":\"ImageObject\",\"inLanguage\":\"ru-RU\",\"@id\":\"https:\\\/\\\/kohenavocats.com\\\/ru\\\/tribunal-judiciaire-de-villefranche-sur-saone-le-8-janvier-2026-n25-00005\\\/#primaryimage\",\"url\":\"https:\\\/\\\/kohenavocats.com\\\/wp-content\\\/uploads\\\/2024\\\/11\\\/getty-images-IixEkPUt3kU-unsplash.webp\",\"contentUrl\":\"https:\\\/\\\/kohenavocats.com\\\/wp-content\\\/uploads\\\/2024\\\/11\\\/getty-images-IixEkPUt3kU-unsplash.webp\",\"width\":6000,\"height\":3701},{\"@type\":\"BreadcrumbList\",\"@id\":\"https:\\\/\\\/kohenavocats.com\\\/ru\\\/tribunal-judiciaire-de-villefranche-sur-saone-le-8-janvier-2026-n25-00005\\\/#breadcrumb\",\"itemListElement\":[{\"@type\":\"ListItem\",\"position\":1,\"name\":\"Home\",\"item\":\"https:\\\/\\\/kohenavocats.com\\\/ru\\\/avocats-en-droit-penal-a-paris-conseil-et-defense-strategique\\\/\"},{\"@type\":\"ListItem\",\"position\":2,\"name\":\"Tribunal judiciaire de Villefranche-sur-Sa\u00f4ne, le 8 janvier 2026, n\u00b025\\\/00005\"}]},{\"@type\":\"WebSite\",\"@id\":\"https:\\\/\\\/kohenavocats.com\\\/ru\\\/#website\",\"url\":\"https:\\\/\\\/kohenavocats.com\\\/ru\\\/\",\"name\":\"Kohen Avocats\",\"description\":\"Ma\u00eetre Hassan Kohen, avocat p\u00e9naliste \u00e0 Paris, intervient exclusivement en droit p\u00e9nal pour la d\u00e9fense des particuliers, notamment en mati\u00e8re d\u2019accusations de viol. Il assure un accompagnement rigoureux d\u00e8s la garde \u00e0 vue jusqu\u2019\u00e0 la Cour d\u2019assises, veillant au strict respect des garanties proc\u00e9durales.\",\"publisher\":{\"@id\":\"https:\\\/\\\/kohenavocats.com\\\/ru\\\/#organization\"},\"potentialAction\":[{\"@type\":\"SearchAction\",\"target\":{\"@type\":\"EntryPoint\",\"urlTemplate\":\"https:\\\/\\\/kohenavocats.com\\\/ru\\\/?s={search_term_string}\"},\"query-input\":{\"@type\":\"PropertyValueSpecification\",\"valueRequired\":true,\"valueName\":\"search_term_string\"}}],\"inLanguage\":\"ru-RU\"},{\"@type\":\"Organization\",\"@id\":\"https:\\\/\\\/kohenavocats.com\\\/ru\\\/#organization\",\"name\":\"Kohen Avocats\",\"url\":\"https:\\\/\\\/kohenavocats.com\\\/ru\\\/\",\"logo\":{\"@type\":\"ImageObject\",\"inLanguage\":\"ru-RU\",\"@id\":\"https:\\\/\\\/kohenavocats.com\\\/ru\\\/#\\\/schema\\\/logo\\\/image\\\/\",\"url\":\"https:\\\/\\\/kohenavocats.com\\\/wp-content\\\/uploads\\\/2026\\\/01\\\/Logo-2-1.webp\",\"contentUrl\":\"https:\\\/\\\/kohenavocats.com\\\/wp-content\\\/uploads\\\/2026\\\/01\\\/Logo-2-1.webp\",\"width\":2114,\"height\":1253,\"caption\":\"Kohen Avocats\"},\"image\":{\"@id\":\"https:\\\/\\\/kohenavocats.com\\\/ru\\\/#\\\/schema\\\/logo\\\/image\\\/\"}},{\"@type\":\"Person\",\"@id\":\"https:\\\/\\\/kohenavocats.com\\\/ru\\\/#\\\/schema\\\/person\\\/761c9ba54fa1ca84d405cef0831ff751\",\"name\":\"Kohen\",\"image\":{\"@type\":\"ImageObject\",\"inLanguage\":\"ru-RU\",\"@id\":\"https:\\\/\\\/secure.gravatar.com\\\/avatar\\\/1c5e76ef76bbbfdd2b4da984e2bf2fa4056fd51a27d25ce2c332047f1dfd6e00?s=96&d=identicon&r=g\",\"url\":\"https:\\\/\\\/secure.gravatar.com\\\/avatar\\\/1c5e76ef76bbbfdd2b4da984e2bf2fa4056fd51a27d25ce2c332047f1dfd6e00?s=96&d=identicon&r=g\",\"contentUrl\":\"https:\\\/\\\/secure.gravatar.com\\\/avatar\\\/1c5e76ef76bbbfdd2b4da984e2bf2fa4056fd51a27d25ce2c332047f1dfd6e00?s=96&d=identicon&r=g\",\"caption\":\"Kohen\"},\"sameAs\":[\"https:\\\/\\\/www.linkedin.com\\\/in\\\/hassan-kohen-448548192\\\/\",\"https:\\\/\\\/www.youtube.com\\\/@Kohen-Avocats\"],\"url\":\"https:\\\/\\\/kohenavocats.com\\\/ru\\\/author\\\/kohenmlk\\\/\"}]}<\/script>\n<!-- \/ Yoast SEO Premium plugin. -->","yoast_head_json":{"title":"Tribunal judiciaire de Villefranche-sur-Sa\u00f4ne, le 8 janvier 2026, n\u00b025\/00005 - Ma\u00eetre Hassan Kohen, avocat en droit p\u00e9nal \u00e0 Paris","description":"Le jugement rendu le huit janvier deux mille vingt-six par le juge de l'ex\u00e9cution du tribunal judiciaire de Villefranche-sur-Sa\u00f4ne intervient dans le...","robots":{"index":"index","follow":"follow","max-snippet":"max-snippet:-1","max-image-preview":"max-image-preview:large","max-video-preview":"max-video-preview:-1"},"canonical":"https:\/\/kohenavocats.com\/ru\/tribunal-judiciaire-de-villefranche-sur-saone-le-8-janvier-2026-n25-00005\/","og_locale":"ru_RU","og_type":"article","og_title":"Tribunal judiciaire de Villefranche-sur-Sa\u00f4ne, le 8 janvier 2026, n\u00b025\/00005","og_description":"Le jugement rendu le huit janvier deux mille vingt-six par le juge de l'ex\u00e9cution du tribunal judiciaire de Villefranche-sur-Sa\u00f4ne intervient dans le...","og_url":"https:\/\/kohenavocats.com\/ru\/tribunal-judiciaire-de-villefranche-sur-saone-le-8-janvier-2026-n25-00005\/","og_site_name":"Ma\u00eetre Hassan Kohen, avocat en droit p\u00e9nal \u00e0 Paris","article_published_time":"2026-04-27T21:22:39+00:00","og_image":[{"width":6000,"height":3701,"url":"https:\/\/kohenavocats.com\/wp-content\/uploads\/2024\/11\/getty-images-IixEkPUt3kU-unsplash.webp","type":"image\/webp"}],"author":"Kohen","twitter_card":"summary_large_image","twitter_misc":{"\u041d\u0430\u043f\u0438\u0441\u0430\u043d\u043e \u0430\u0432\u0442\u043e\u0440\u043e\u043c":"Kohen","\u041f\u0440\u0438\u043c\u0435\u0440\u043d\u043e\u0435 \u0432\u0440\u0435\u043c\u044f \u0434\u043b\u044f \u0447\u0442\u0435\u043d\u0438\u044f":"2 \u043c\u0438\u043d\u0443\u0442\u044b"},"schema":{"@context":"https:\/\/schema.org","@graph":[{"@type":"Article","@id":"https:\/\/kohenavocats.com\/ru\/tribunal-judiciaire-de-villefranche-sur-saone-le-8-janvier-2026-n25-00005\/#article","isPartOf":{"@id":"https:\/\/kohenavocats.com\/ru\/tribunal-judiciaire-de-villefranche-sur-saone-le-8-janvier-2026-n25-00005\/"},"author":{"name":"Kohen","@id":"https:\/\/kohenavocats.com\/ru\/#\/schema\/person\/761c9ba54fa1ca84d405cef0831ff751"},"headline":"Tribunal judiciaire de Villefranche-sur-Sa\u00f4ne, le 8 janvier 2026, n\u00b025\/00005","datePublished":"2026-04-27T21:22:39+00:00","mainEntityOfPage":{"@id":"https:\/\/kohenavocats.com\/ru\/tribunal-judiciaire-de-villefranche-sur-saone-le-8-janvier-2026-n25-00005\/"},"wordCount":362,"commentCount":0,"publisher":{"@id":"https:\/\/kohenavocats.com\/ru\/#organization"},"image":{"@id":"https:\/\/kohenavocats.com\/ru\/tribunal-judiciaire-de-villefranche-sur-saone-le-8-janvier-2026-n25-00005\/#primaryimage"},"thumbnailUrl":"https:\/\/kohenavocats.com\/wp-content\/uploads\/2024\/11\/getty-images-IixEkPUt3kU-unsplash.webp","articleSection":["D\u00e9cisions juridiques","Tribunal judiciaire"],"inLanguage":"ru-RU","potentialAction":[{"@type":"CommentAction","name":"Comment","target":["https:\/\/kohenavocats.com\/ru\/tribunal-judiciaire-de-villefranche-sur-saone-le-8-janvier-2026-n25-00005\/#respond"]}],"citation":"Tribunal judiciaire de Villefranche-sur-Sa\u00f4ne, le 8 janvier 2026, n\u00b025\/00005","about":[{"@type":"Thing","name":"D\u00e9cisions juridiques"},{"@type":"Thing","name":"Tribunal judiciaire"}],"dateModified":"2026-04-27T21:22:39+00:00","speakable":{"@type":"SpeakableSpecification","cssSelector":[".article-content > p:first-of-type"]}},{"@type":"WebPage","@id":"https:\/\/kohenavocats.com\/ru\/tribunal-judiciaire-de-villefranche-sur-saone-le-8-janvier-2026-n25-00005\/","url":"https:\/\/kohenavocats.com\/ru\/tribunal-judiciaire-de-villefranche-sur-saone-le-8-janvier-2026-n25-00005\/","name":"Tribunal judiciaire de Villefranche-sur-Sa\u00f4ne, le 8 janvier 2026, n\u00b025\/00005 - Ma\u00eetre Hassan Kohen, avocat en droit p\u00e9nal \u00e0 Paris","isPartOf":{"@id":"https:\/\/kohenavocats.com\/ru\/#website"},"primaryImageOfPage":{"@id":"https:\/\/kohenavocats.com\/ru\/tribunal-judiciaire-de-villefranche-sur-saone-le-8-janvier-2026-n25-00005\/#primaryimage"},"image":{"@id":"https:\/\/kohenavocats.com\/ru\/tribunal-judiciaire-de-villefranche-sur-saone-le-8-janvier-2026-n25-00005\/#primaryimage"},"thumbnailUrl":"https:\/\/kohenavocats.com\/wp-content\/uploads\/2024\/11\/getty-images-IixEkPUt3kU-unsplash.webp","datePublished":"2026-04-27T21:22:39+00:00","description":"Le jugement rendu le huit janvier deux mille vingt-six par le juge de l'ex\u00e9cution du tribunal judiciaire de Villefranche-sur-Sa\u00f4ne intervient dans le...","breadcrumb":{"@id":"https:\/\/kohenavocats.com\/ru\/tribunal-judiciaire-de-villefranche-sur-saone-le-8-janvier-2026-n25-00005\/#breadcrumb"},"inLanguage":"ru-RU","potentialAction":[{"@type":"ReadAction","target":["https:\/\/kohenavocats.com\/ru\/tribunal-judiciaire-de-villefranche-sur-saone-le-8-janvier-2026-n25-00005\/"]}]},{"@type":"ImageObject","inLanguage":"ru-RU","@id":"https:\/\/kohenavocats.com\/ru\/tribunal-judiciaire-de-villefranche-sur-saone-le-8-janvier-2026-n25-00005\/#primaryimage","url":"https:\/\/kohenavocats.com\/wp-content\/uploads\/2024\/11\/getty-images-IixEkPUt3kU-unsplash.webp","contentUrl":"https:\/\/kohenavocats.com\/wp-content\/uploads\/2024\/11\/getty-images-IixEkPUt3kU-unsplash.webp","width":6000,"height":3701},{"@type":"BreadcrumbList","@id":"https:\/\/kohenavocats.com\/ru\/tribunal-judiciaire-de-villefranche-sur-saone-le-8-janvier-2026-n25-00005\/#breadcrumb","itemListElement":[{"@type":"ListItem","position":1,"name":"Home","item":"https:\/\/kohenavocats.com\/ru\/avocats-en-droit-penal-a-paris-conseil-et-defense-strategique\/"},{"@type":"ListItem","position":2,"name":"Tribunal judiciaire de Villefranche-sur-Sa\u00f4ne, le 8 janvier 2026, n\u00b025\/00005"}]},{"@type":"WebSite","@id":"https:\/\/kohenavocats.com\/ru\/#website","url":"https:\/\/kohenavocats.com\/ru\/","name":"Kohen Avocats","description":"Ma\u00eetre Hassan Kohen, avocat p\u00e9naliste \u00e0 Paris, intervient exclusivement en droit p\u00e9nal pour la d\u00e9fense des particuliers, notamment en mati\u00e8re d\u2019accusations de viol. Il assure un accompagnement rigoureux d\u00e8s la garde \u00e0 vue jusqu\u2019\u00e0 la Cour d\u2019assises, veillant au strict respect des garanties proc\u00e9durales.","publisher":{"@id":"https:\/\/kohenavocats.com\/ru\/#organization"},"potentialAction":[{"@type":"SearchAction","target":{"@type":"EntryPoint","urlTemplate":"https:\/\/kohenavocats.com\/ru\/?s={search_term_string}"},"query-input":{"@type":"PropertyValueSpecification","valueRequired":true,"valueName":"search_term_string"}}],"inLanguage":"ru-RU"},{"@type":"Organization","@id":"https:\/\/kohenavocats.com\/ru\/#organization","name":"Kohen Avocats","url":"https:\/\/kohenavocats.com\/ru\/","logo":{"@type":"ImageObject","inLanguage":"ru-RU","@id":"https:\/\/kohenavocats.com\/ru\/#\/schema\/logo\/image\/","url":"https:\/\/kohenavocats.com\/wp-content\/uploads\/2026\/01\/Logo-2-1.webp","contentUrl":"https:\/\/kohenavocats.com\/wp-content\/uploads\/2026\/01\/Logo-2-1.webp","width":2114,"height":1253,"caption":"Kohen Avocats"},"image":{"@id":"https:\/\/kohenavocats.com\/ru\/#\/schema\/logo\/image\/"}},{"@type":"Person","@id":"https:\/\/kohenavocats.com\/ru\/#\/schema\/person\/761c9ba54fa1ca84d405cef0831ff751","name":"Kohen","image":{"@type":"ImageObject","inLanguage":"ru-RU","@id":"https:\/\/secure.gravatar.com\/avatar\/1c5e76ef76bbbfdd2b4da984e2bf2fa4056fd51a27d25ce2c332047f1dfd6e00?s=96&d=identicon&r=g","url":"https:\/\/secure.gravatar.com\/avatar\/1c5e76ef76bbbfdd2b4da984e2bf2fa4056fd51a27d25ce2c332047f1dfd6e00?s=96&d=identicon&r=g","contentUrl":"https:\/\/secure.gravatar.com\/avatar\/1c5e76ef76bbbfdd2b4da984e2bf2fa4056fd51a27d25ce2c332047f1dfd6e00?s=96&d=identicon&r=g","caption":"Kohen"},"sameAs":["https:\/\/www.linkedin.com\/in\/hassan-kohen-448548192\/","https:\/\/www.youtube.com\/@Kohen-Avocats"],"url":"https:\/\/kohenavocats.com\/ru\/author\/kohenmlk\/"}]}},"jetpack_featured_media_url":"https:\/\/kohenavocats.com\/wp-content\/uploads\/2024\/11\/getty-images-IixEkPUt3kU-unsplash.webp","jetpack_likes_enabled":false,"jetpack_shortlink":"https:\/\/wp.me\/peCrII-2ZyC","jetpack-related-posts":[{"id":469610,"url":"https:\/\/kohenavocats.com\/ru\/tribunal-judiciaire-de-villefranche-sur-saone-le-10-decembre-2025-n25-00495\/","url_meta":{"origin":713286,"position":0},"title":"Tribunal judiciaire de Villefranche-sur-Sa\u00f4ne, le 10 d\u00e9cembre 2025, n\u00b025\/00495","author":"Kohen","date":"07.04.2026","format":false,"excerpt":"La chambre de la famille du tribunal judiciaire a rendu un jugement le 10 d\u00e9cembre 2025. Les \u00e9poux, mari\u00e9s en 2002, ont conjointement saisi le juge pour pron...","rel":"","context":"\u0412 &quot;Jurisprudence&quot;","block_context":{"text":"Jurisprudence","link":"https:\/\/kohenavocats.com\/category\/jurisprudence\/"},"img":{"alt_text":"","src":"https:\/\/i0.wp.com\/kohenavocats.com\/wp-content\/uploads\/2024\/08\/prateek-katyal-_YzGQvASeMk-unsplash.webp?resize=350%2C200&ssl=1","width":350,"height":200,"srcset":"https:\/\/i0.wp.com\/kohenavocats.com\/wp-content\/uploads\/2024\/08\/prateek-katyal-_YzGQvASeMk-unsplash.webp?resize=350%2C200&ssl=1 1x, https:\/\/i0.wp.com\/kohenavocats.com\/wp-content\/uploads\/2024\/08\/prateek-katyal-_YzGQvASeMk-unsplash.webp?resize=525%2C300&ssl=1 1.5x, https:\/\/i0.wp.com\/kohenavocats.com\/wp-content\/uploads\/2024\/08\/prateek-katyal-_YzGQvASeMk-unsplash.webp?resize=700%2C400&ssl=1 2x, https:\/\/i0.wp.com\/kohenavocats.com\/wp-content\/uploads\/2024\/08\/prateek-katyal-_YzGQvASeMk-unsplash.webp?resize=1050%2C600&ssl=1 3x, https:\/\/i0.wp.com\/kohenavocats.com\/wp-content\/uploads\/2024\/08\/prateek-katyal-_YzGQvASeMk-unsplash.webp?resize=1400%2C800&ssl=1 4x"},"classes":[]},{"id":490836,"url":"https:\/\/kohenavocats.com\/ru\/tribunal-judiciaire-de-villefranche-sur-saone-le-26-avril-2024-n25-00153\/","url_meta":{"origin":713286,"position":1},"title":"Tribunal judiciaire de Villefranche-sur-Sa\u00f4ne, le 26 avril 2024, n\u00b025\/00153","author":"Kohen","date":"08.04.2026","format":false,"excerpt":"Le tribunal judiciaire de Villefranche-sur-Sa\u00f4ne, statuant en r\u00e9f\u00e9r\u00e9 le 26 avril 2024, se prononce sur une demande d\u2019expertise fond\u00e9e sur l\u2019article 145 du co...","rel":"","context":"\u0412 &quot;Jurisprudence&quot;","block_context":{"text":"Jurisprudence","link":"https:\/\/kohenavocats.com\/category\/jurisprudence\/"},"img":{"alt_text":"","src":"https:\/\/i0.wp.com\/kohenavocats.com\/wp-content\/uploads\/2024\/11\/allison-saeng-fcfjIHK9fbY-unsplash.webp?resize=350%2C200&ssl=1","width":350,"height":200,"srcset":"https:\/\/i0.wp.com\/kohenavocats.com\/wp-content\/uploads\/2024\/11\/allison-saeng-fcfjIHK9fbY-unsplash.webp?resize=350%2C200&ssl=1 1x, https:\/\/i0.wp.com\/kohenavocats.com\/wp-content\/uploads\/2024\/11\/allison-saeng-fcfjIHK9fbY-unsplash.webp?resize=525%2C300&ssl=1 1.5x, https:\/\/i0.wp.com\/kohenavocats.com\/wp-content\/uploads\/2024\/11\/allison-saeng-fcfjIHK9fbY-unsplash.webp?resize=700%2C400&ssl=1 2x, https:\/\/i0.wp.com\/kohenavocats.com\/wp-content\/uploads\/2024\/11\/allison-saeng-fcfjIHK9fbY-unsplash.webp?resize=1050%2C600&ssl=1 3x, https:\/\/i0.wp.com\/kohenavocats.com\/wp-content\/uploads\/2024\/11\/allison-saeng-fcfjIHK9fbY-unsplash.webp?resize=1400%2C800&ssl=1 4x"},"classes":[]},{"id":477614,"url":"https:\/\/kohenavocats.com\/ru\/tribunal-de-commerce-de-commerce-de-villefranche-sur-saone-tarare-le-4-decembre-2025-n2025r00111\/","url_meta":{"origin":713286,"position":2},"title":"Tribunal de commerce de commerce de Villefranche-sur-Sa\u00f4ne &#8212; Tarare, le 4 d\u00e9cembre 2025, n\u00b02025R00111","author":"Kohen","date":"07.04.2026","format":false,"excerpt":"Le pr\u00e9sident du tribunal judiciaire statuant en r\u00e9f\u00e9r\u00e9 rend une ordonnance le seize octobre deux mille vingt-cinq. Le litige oppose un conc\u00e9dant \u00e0 son conces...","rel":"","context":"\u0412 &quot;Jurisprudence&quot;","block_context":{"text":"Jurisprudence","link":"https:\/\/kohenavocats.com\/category\/jurisprudence\/"},"img":{"alt_text":"","src":"https:\/\/i0.wp.com\/kohenavocats.com\/wp-content\/uploads\/2024\/08\/simone-hutsch-xOLhD-qfoRI-unsplash.webp?resize=350%2C200&ssl=1","width":350,"height":200,"srcset":"https:\/\/i0.wp.com\/kohenavocats.com\/wp-content\/uploads\/2024\/08\/simone-hutsch-xOLhD-qfoRI-unsplash.webp?resize=350%2C200&ssl=1 1x, https:\/\/i0.wp.com\/kohenavocats.com\/wp-content\/uploads\/2024\/08\/simone-hutsch-xOLhD-qfoRI-unsplash.webp?resize=525%2C300&ssl=1 1.5x, https:\/\/i0.wp.com\/kohenavocats.com\/wp-content\/uploads\/2024\/08\/simone-hutsch-xOLhD-qfoRI-unsplash.webp?resize=700%2C400&ssl=1 2x, https:\/\/i0.wp.com\/kohenavocats.com\/wp-content\/uploads\/2024\/08\/simone-hutsch-xOLhD-qfoRI-unsplash.webp?resize=1050%2C600&ssl=1 3x, https:\/\/i0.wp.com\/kohenavocats.com\/wp-content\/uploads\/2024\/08\/simone-hutsch-xOLhD-qfoRI-unsplash.webp?resize=1400%2C800&ssl=1 4x"},"classes":[]},{"id":482258,"url":"https:\/\/kohenavocats.com\/ru\/tribunal-judiciaire-de-villefranche-sur-saone-le-9-decembre-2025-n25-00074\/","url_meta":{"origin":713286,"position":3},"title":"Tribunal judiciaire de Villefranche-sur-Sa\u00f4ne, le 9 d\u00e9cembre 2025, n\u00b025\/00074","author":"Kohen","date":"08.04.2026","format":false,"excerpt":"Le tribunal judiciaire de Villefranche-sur-Sa\u00f4ne, statuant en r\u00e9f\u00e9r\u00e9 le 9 d\u00e9cembre 2025, se prononce sur un litige locatif commercial. Le bailleur sollicite ...","rel":"","context":"\u0412 &quot;Jurisprudence&quot;","block_context":{"text":"Jurisprudence","link":"https:\/\/kohenavocats.com\/category\/jurisprudence\/"},"img":{"alt_text":"","src":"https:\/\/i0.wp.com\/kohenavocats.com\/wp-content\/uploads\/2024\/11\/mohamed-nohassi-vGTXy8FS7b0-unsplash.webp?resize=350%2C200&ssl=1","width":350,"height":200,"srcset":"https:\/\/i0.wp.com\/kohenavocats.com\/wp-content\/uploads\/2024\/11\/mohamed-nohassi-vGTXy8FS7b0-unsplash.webp?resize=350%2C200&ssl=1 1x, https:\/\/i0.wp.com\/kohenavocats.com\/wp-content\/uploads\/2024\/11\/mohamed-nohassi-vGTXy8FS7b0-unsplash.webp?resize=525%2C300&ssl=1 1.5x, https:\/\/i0.wp.com\/kohenavocats.com\/wp-content\/uploads\/2024\/11\/mohamed-nohassi-vGTXy8FS7b0-unsplash.webp?resize=700%2C400&ssl=1 2x, https:\/\/i0.wp.com\/kohenavocats.com\/wp-content\/uploads\/2024\/11\/mohamed-nohassi-vGTXy8FS7b0-unsplash.webp?resize=1050%2C600&ssl=1 3x, https:\/\/i0.wp.com\/kohenavocats.com\/wp-content\/uploads\/2024\/11\/mohamed-nohassi-vGTXy8FS7b0-unsplash.webp?resize=1400%2C800&ssl=1 4x"},"classes":[]},{"id":498050,"url":"https:\/\/kohenavocats.com\/ru\/tribunal-de-commerce-de-villefranche-sur-saone-tarare-le-27-novembre-2025-n2025f00594\/","url_meta":{"origin":713286,"position":4},"title":"Tribunal de commerce de Villefranche-sur-Sa\u00f4ne &#8212; Tarare, le 27 novembre 2025, n\u00b02025F00594","author":"Kohen","date":"08.04.2026","format":false,"excerpt":"Le Tribunal de commerce de Villefranche-Tarare, le vingt-sept novembre deux mille vingt-cinq, statue sur la cl\u00f4ture d\u2019une liquidation judiciaire...","rel":"","context":"\u0412 &quot;D\u00e9cisions juridiques&quot;","block_context":{"text":"D\u00e9cisions juridiques","link":"https:\/\/kohenavocats.com\/category\/decisions-juridiques\/"},"img":{"alt_text":"","src":"https:\/\/i0.wp.com\/kohenavocats.com\/wp-content\/uploads\/2024\/07\/chris-lawton-zvKx6ixUhWQ-unsplash.webp?resize=350%2C200&ssl=1","width":350,"height":200,"srcset":"https:\/\/i0.wp.com\/kohenavocats.com\/wp-content\/uploads\/2024\/07\/chris-lawton-zvKx6ixUhWQ-unsplash.webp?resize=350%2C200&ssl=1 1x, https:\/\/i0.wp.com\/kohenavocats.com\/wp-content\/uploads\/2024\/07\/chris-lawton-zvKx6ixUhWQ-unsplash.webp?resize=525%2C300&ssl=1 1.5x, https:\/\/i0.wp.com\/kohenavocats.com\/wp-content\/uploads\/2024\/07\/chris-lawton-zvKx6ixUhWQ-unsplash.webp?resize=700%2C400&ssl=1 2x, https:\/\/i0.wp.com\/kohenavocats.com\/wp-content\/uploads\/2024\/07\/chris-lawton-zvKx6ixUhWQ-unsplash.webp?resize=1050%2C600&ssl=1 3x, https:\/\/i0.wp.com\/kohenavocats.com\/wp-content\/uploads\/2024\/07\/chris-lawton-zvKx6ixUhWQ-unsplash.webp?resize=1400%2C800&ssl=1 4x"},"classes":[]},{"id":495991,"url":"https:\/\/kohenavocats.com\/ru\/tribunal-judiciaire-de-villefranche-sur-saone-le-2-decembre-2025-n25-00052\/","url_meta":{"origin":713286,"position":5},"title":"Tribunal judiciaire de Villefranche-sur-Sa\u00f4ne, le 2 d\u00e9cembre 2025, n\u00b025\/00052","author":"Kohen","date":"08.04.2026","format":false,"excerpt":"Le tribunal judiciaire de Villefranche-sur-Sa\u00f4ne, statuant en mati\u00e8re familiale, a rendu une d\u00e9cision le 16 janvier 2025. Cette d\u00e9cision concerne une...","rel":"","context":"\u0412 &quot;D\u00e9cisions juridiques&quot;","block_context":{"text":"D\u00e9cisions juridiques","link":"https:\/\/kohenavocats.com\/category\/decisions-juridiques\/"},"img":{"alt_text":"","src":"https:\/\/i0.wp.com\/kohenavocats.com\/wp-content\/uploads\/2024\/11\/alex-shuper-O3uK7nvrxdI-unsplash.webp?resize=350%2C200&ssl=1","width":350,"height":200,"srcset":"https:\/\/i0.wp.com\/kohenavocats.com\/wp-content\/uploads\/2024\/11\/alex-shuper-O3uK7nvrxdI-unsplash.webp?resize=350%2C200&ssl=1 1x, https:\/\/i0.wp.com\/kohenavocats.com\/wp-content\/uploads\/2024\/11\/alex-shuper-O3uK7nvrxdI-unsplash.webp?resize=525%2C300&ssl=1 1.5x, https:\/\/i0.wp.com\/kohenavocats.com\/wp-content\/uploads\/2024\/11\/alex-shuper-O3uK7nvrxdI-unsplash.webp?resize=700%2C400&ssl=1 2x, https:\/\/i0.wp.com\/kohenavocats.com\/wp-content\/uploads\/2024\/11\/alex-shuper-O3uK7nvrxdI-unsplash.webp?resize=1050%2C600&ssl=1 3x, https:\/\/i0.wp.com\/kohenavocats.com\/wp-content\/uploads\/2024\/11\/alex-shuper-O3uK7nvrxdI-unsplash.webp?resize=1400%2C800&ssl=1 4x"},"classes":[]}],"jetpack_sharing_enabled":true,"_links":{"self":[{"href":"https:\/\/kohenavocats.com\/ru\/wp-json\/wp\/v2\/posts\/713286","targetHints":{"allow":["GET"]}}],"collection":[{"href":"https:\/\/kohenavocats.com\/ru\/wp-json\/wp\/v2\/posts"}],"about":[{"href":"https:\/\/kohenavocats.com\/ru\/wp-json\/wp\/v2\/types\/post"}],"author":[{"embeddable":true,"href":"https:\/\/kohenavocats.com\/ru\/wp-json\/wp\/v2\/users\/232070755"}],"replies":[{"embeddable":true,"href":"https:\/\/kohenavocats.com\/ru\/wp-json\/wp\/v2\/comments?post=713286"}],"version-history":[{"count":0,"href":"https:\/\/kohenavocats.com\/ru\/wp-json\/wp\/v2\/posts\/713286\/revisions"}],"wp:featuredmedia":[{"embeddable":true,"href":"https:\/\/kohenavocats.com\/ru\/wp-json\/wp\/v2\/media\/9481"}],"wp:attachment":[{"href":"https:\/\/kohenavocats.com\/ru\/wp-json\/wp\/v2\/media?parent=713286"}],"wp:term":[{"taxonomy":"category","embeddable":true,"href":"https:\/\/kohenavocats.com\/ru\/wp-json\/wp\/v2\/categories?post=713286"},{"taxonomy":"post_tag","embeddable":true,"href":"https:\/\/kohenavocats.com\/ru\/wp-json\/wp\/v2\/tags?post=713286"}],"curies":[{"name":"wp","href":"https:\/\/api.w.org\/{rel}","templated":true}]}}