{"id":631793,"date":"2026-04-21T05:37:02","date_gmt":"2026-04-21T03:37:02","guid":{"rendered":"https:\/\/kohenavocats.com\/tribunal-judiciaire-de-saverne-le-13-septembre-2025-n25-00141\/"},"modified":"2026-04-21T05:37:02","modified_gmt":"2026-04-21T03:37:02","slug":"tribunal-judiciaire-de-saverne-le-13-septembre-2025-n25-00141","status":"publish","type":"post","link":"https:\/\/kohenavocats.com\/tr\/tribunal-judiciaire-de-saverne-le-13-septembre-2025-n25-00141\/","title":{"rendered":"Tribunal judiciaire de Saverne, le 13 septembre 2025, n\u00b025\/00141"},"content":{"rendered":"<div class=\"article-content\">\n<p>Le juge des contentieux de la protection, statuant publiquement, a rendu un jugement r\u00e9put\u00e9 contradictoire le 13 septembre 2025. Il se prononce sur une demande en r\u00e9siliation de bail pour d\u00e9faut de paiement et sur diverses condamnations p\u00e9cuniaires. Le bailleur invoque une clause r\u00e9solutoire conditionnelle apr\u00e8s un commandement demeur\u00e9 infructueux. Le tribunal fait droit aux demandes en pronon\u00e7ant la r\u00e9siliation de plein droit et en condamnant la locataire \u00e0 plusieurs obligations.<\/p>\n<p>La mise en \u0153uvre rigoureuse de la clause r\u00e9solutoire<\/p>\n<p>Le juge v\u00e9rifie scrupuleusement les conditions l\u00e9gales et contractuelles. La demande respecte les formalit\u00e9s de l&#8217;article 24 de la loi du 6 juillet 1989, la rendant r\u00e9guli\u00e8re et recevable. Le bail contient une clause r\u00e9solutoire sp\u00e9cifique li\u00e9e au d\u00e9faut de paiement. &#8220;Le bail sign\u00e9 par les parties contient une clause r\u00e9solutoire qui pr\u00e9voit qu&#8217;\u00e0 d\u00e9faut de paiement du loyer et des charges \u00e0 l&#8217;\u00e9ch\u00e9ance fix\u00e9e, et deux mois apr\u00e8s commandement de payer rest\u00e9 sans effet, le bail sera r\u00e9sili\u00e9 de plein droit.&#8221; (Motifs de la d\u00e9cision)<\/p>\n<p>La sanction automatique du d\u00e9faut de paiement est ainsi confirm\u00e9e. Un commandement de payer notifi\u00e9 par acte d&#8217;huissier le 20 f\u00e9vrier 2025 est rest\u00e9 sans effet pendant le d\u00e9lai contractuel. &#8220;Les causes du commandement n&#8217;ont pas \u00e9t\u00e9 r\u00e9gl\u00e9es dans les deux mois de sa signification.&#8221; (Motifs de la d\u00e9cision) En cons\u00e9quence, le juge constate que la clause r\u00e9solutoire est acquise. Cette solution rappelle que le commandement est une \u00e9tape d\u00e9cisive, comme not\u00e9 dans une jurisprudence similaire. &#8220;Il est constant que le commandement de payer est demeur\u00e9 infructueux de sorte que la clause r\u00e9solutoire s\u2019est trouv\u00e9e acquise le 3 ao\u00fbt 2024.&#8221; (Tribunal judiciaire de Nancy, le 28 janvier 2025, n\u00b024\/00500)<\/p>\n<p>Les cons\u00e9quences p\u00e9cuniaires de la r\u00e9siliation<\/p>\n<p>La r\u00e9siliation du bail n&#8217;\u00e9teint pas les obligations financi\u00e8res de la locataire. Le juge condamne d&#8217;abord au paiement de l&#8217;arri\u00e9r\u00e9 locatif, fix\u00e9 \u00e0 3 413,43 euros au jour de l&#8217;audience. Il accorde \u00e9galement des int\u00e9r\u00eats au taux l\u00e9gal \u00e0 compter de cette date. Cette condamnation couvre les loyers, charges et indemnit\u00e9s d&#8217;occupation \u00e9chus jusqu&#8217;au 31 ao\u00fbt 2025.<\/p>\n<p>Une indemnit\u00e9 d&#8217;occupation est allou\u00e9e pour la p\u00e9riode post\u00e9rieure \u00e0 la r\u00e9siliation. &#8220;L&#8217;indemnit\u00e9 mensuelle d&#8217;occupation, due jusqu&#8217;\u00e0 \u00e9vacuation compl\u00e8te du logement et remise des cl\u00e9s, sera fix\u00e9e au montant du loyer augment\u00e9 de l&#8217;acompte sur charges, r\u00e9visable aux conditions du bail.&#8221; (Motifs de la d\u00e9cision) Cette fixation au montant du loyer est une pratique courante justifi\u00e9e par la privation de jouissance. &#8220;Le maintien dans les lieux des locataires ou de toute personne de leur chef malgr\u00e9 la r\u00e9siliation du bail justifie d&#8217;allouer au bailleur une indemnit\u00e9 d&#8217;occupation&#8221; (Tribunal judiciaire de Paris, le 20 janvier 2025, n\u00b024\/06635)<\/p>\n<p>Enfin, les frais du commandement sont mis \u00e0 la charge de la d\u00e9fenderesse. Les autres frais de proc\u00e9dure sont inclus dans les d\u00e9pens sans mention sp\u00e9cifique. Le juge renvoie au juge de l&#8217;ex\u00e9cution pour toute contestation relative aux meubles laiss\u00e9s dans les lieux apr\u00e8s expulsion.<\/p>\n<\/div>\n","protected":false},"excerpt":{"rendered":"<p>Le juge des contentieux de la protection, statuant publiquement, a rendu un jugement r\u00e9put\u00e9 contradictoire le 13 septembre 2025. Il se prononce sur une deman&#8230;<\/p>\n","protected":false},"author":232070755,"featured_media":4894,"comment_status":"open","ping_status":"open","sticky":false,"template":"","format":"standard","meta":{"_crdt_document":"","_jetpack_newsletter_access":"","_jetpack_dont_email_post_to_subs":false,"_jetpack_newsletter_tier_id":0,"_jetpack_memberships_contains_paywalled_content":false,"_kj_source_type":"judilibre","_kj_official_id":"6946553375782d5f06eba930","_kj_official_url":"https:\/\/www.courdecassation.fr\/decision\/6946553375782d5f06eba930","_kj_judilibre_id":"6946553375782d5f06eba930","_kj_jur":"Tribunal judiciaire","_kj_lieu":"Tribunal judiciaire de Saverne","_kj_chambre":"MOLSHEIM - Civil","_kj_rg":"25\/00141","_kj_date":"2025-10-14","_jetpack_memberships_contains_paid_content":false,"footnotes":"","jetpack_post_was_ever_published":false},"categories":[7597],"tags":[],"class_list":["post-631793","post","type-post","status-publish","format-standard","has-post-thumbnail","hentry","category-jurisprudence"],"yoast_head":"<!-- This site is optimized with the Yoast SEO Premium plugin v27.5 (Yoast SEO v27.5) - https:\/\/yoast.com\/product\/yoast-seo-premium-wordpress\/ -->\n<title>Tribunal judiciaire de Saverne, le 13 septembre 2025, n\u00b025\/00141 - Ma\u00eetre Hassan Kohen, avocat en droit p\u00e9nal \u00e0 Paris<\/title>\n<meta name=\"description\" content=\"Le juge des contentieux de la protection, statuant publiquement, a rendu un jugement r\u00e9put\u00e9 contradictoire le 13 septembre 2025. Il se prononce sur une deman...\" \/>\n<meta name=\"robots\" content=\"index, follow, max-snippet:-1, max-image-preview:large, max-video-preview:-1\" \/>\n<link rel=\"canonical\" href=\"https:\/\/kohenavocats.com\/tr\/tribunal-judiciaire-de-saverne-le-13-septembre-2025-n25-00141\/\" \/>\n<meta property=\"og:locale\" content=\"tr_TR\" \/>\n<meta property=\"og:type\" content=\"article\" \/>\n<meta property=\"og:title\" content=\"Tribunal judiciaire de Saverne, le 13 septembre 2025, n\u00b025\/00141\" \/>\n<meta property=\"og:description\" content=\"Le juge des contentieux de la protection, statuant publiquement, a rendu un jugement r\u00e9put\u00e9 contradictoire le 13 septembre 2025. Il se prononce sur une deman...\" \/>\n<meta property=\"og:url\" content=\"https:\/\/kohenavocats.com\/tr\/tribunal-judiciaire-de-saverne-le-13-septembre-2025-n25-00141\/\" \/>\n<meta property=\"og:site_name\" content=\"Ma\u00eetre Hassan Kohen, avocat en droit p\u00e9nal \u00e0 Paris\" \/>\n<meta property=\"article:published_time\" content=\"2026-04-21T03:37:02+00:00\" \/>\n<meta property=\"og:image\" content=\"https:\/\/kohenavocats.com\/wp-content\/uploads\/2024\/08\/joshua-woods-hUREQwNYiZQ-unsplash.webp\" \/>\n\t<meta property=\"og:image:width\" content=\"4032\" \/>\n\t<meta property=\"og:image:height\" content=\"3024\" \/>\n\t<meta property=\"og:image:type\" content=\"image\/webp\" \/>\n<meta name=\"author\" content=\"Kohen\" \/>\n<meta name=\"twitter:card\" content=\"summary_large_image\" \/>\n<meta name=\"twitter:label1\" content=\"Yazan:\" \/>\n\t<meta name=\"twitter:data1\" content=\"Kohen\" \/>\n\t<meta name=\"twitter:label2\" content=\"Tahmini okuma s\u00fcresi\" \/>\n\t<meta name=\"twitter:data2\" content=\"3 dakika\" \/>\n<script type=\"application\/ld+json\" class=\"yoast-schema-graph\">{\"@context\":\"https:\\\/\\\/schema.org\",\"@graph\":[{\"@type\":\"Article\",\"@id\":\"https:\\\/\\\/kohenavocats.com\\\/tr\\\/tribunal-judiciaire-de-saverne-le-13-septembre-2025-n25-00141\\\/#article\",\"isPartOf\":{\"@id\":\"https:\\\/\\\/kohenavocats.com\\\/tr\\\/tribunal-judiciaire-de-saverne-le-13-septembre-2025-n25-00141\\\/\"},\"author\":{\"name\":\"Kohen\",\"@id\":\"https:\\\/\\\/kohenavocats.com\\\/tr\\\/#\\\/schema\\\/person\\\/761c9ba54fa1ca84d405cef0831ff751\"},\"headline\":\"Tribunal judiciaire de Saverne, le 13 septembre 2025, n\u00b025\\\/00141\",\"datePublished\":\"2026-04-21T03:37:02+00:00\",\"mainEntityOfPage\":{\"@id\":\"https:\\\/\\\/kohenavocats.com\\\/tr\\\/tribunal-judiciaire-de-saverne-le-13-septembre-2025-n25-00141\\\/\"},\"wordCount\":549,\"commentCount\":0,\"publisher\":{\"@id\":\"https:\\\/\\\/kohenavocats.com\\\/tr\\\/#organization\"},\"image\":{\"@id\":\"https:\\\/\\\/kohenavocats.com\\\/tr\\\/tribunal-judiciaire-de-saverne-le-13-septembre-2025-n25-00141\\\/#primaryimage\"},\"thumbnailUrl\":\"https:\\\/\\\/kohenavocats.com\\\/wp-content\\\/uploads\\\/2024\\\/08\\\/joshua-woods-hUREQwNYiZQ-unsplash.webp\",\"articleSection\":[\"Jurisprudence\"],\"inLanguage\":\"tr\",\"potentialAction\":[{\"@type\":\"CommentAction\",\"name\":\"Comment\",\"target\":[\"https:\\\/\\\/kohenavocats.com\\\/tr\\\/tribunal-judiciaire-de-saverne-le-13-septembre-2025-n25-00141\\\/#respond\"]}],\"citation\":\"Tribunal judiciaire de Saverne, le 13 septembre 2025, n\u00b025\\\/00141\",\"about\":[{\"@type\":\"Thing\",\"name\":\"Jurisprudence\"}],\"dateModified\":\"2026-04-21T03:37:02+00:00\",\"speakable\":{\"@type\":\"SpeakableSpecification\",\"cssSelector\":[\".article-content > p:first-of-type\"]}},{\"@type\":\"WebPage\",\"@id\":\"https:\\\/\\\/kohenavocats.com\\\/tr\\\/tribunal-judiciaire-de-saverne-le-13-septembre-2025-n25-00141\\\/\",\"url\":\"https:\\\/\\\/kohenavocats.com\\\/tr\\\/tribunal-judiciaire-de-saverne-le-13-septembre-2025-n25-00141\\\/\",\"name\":\"Tribunal judiciaire de Saverne, le 13 septembre 2025, n\u00b025\\\/00141 - Ma\u00eetre Hassan Kohen, avocat en droit p\u00e9nal \u00e0 Paris\",\"isPartOf\":{\"@id\":\"https:\\\/\\\/kohenavocats.com\\\/tr\\\/#website\"},\"primaryImageOfPage\":{\"@id\":\"https:\\\/\\\/kohenavocats.com\\\/tr\\\/tribunal-judiciaire-de-saverne-le-13-septembre-2025-n25-00141\\\/#primaryimage\"},\"image\":{\"@id\":\"https:\\\/\\\/kohenavocats.com\\\/tr\\\/tribunal-judiciaire-de-saverne-le-13-septembre-2025-n25-00141\\\/#primaryimage\"},\"thumbnailUrl\":\"https:\\\/\\\/kohenavocats.com\\\/wp-content\\\/uploads\\\/2024\\\/08\\\/joshua-woods-hUREQwNYiZQ-unsplash.webp\",\"datePublished\":\"2026-04-21T03:37:02+00:00\",\"description\":\"Le juge des contentieux de la protection, statuant publiquement, a rendu un jugement r\u00e9put\u00e9 contradictoire le 13 septembre 2025. Il se prononce sur une deman...\",\"breadcrumb\":{\"@id\":\"https:\\\/\\\/kohenavocats.com\\\/tr\\\/tribunal-judiciaire-de-saverne-le-13-septembre-2025-n25-00141\\\/#breadcrumb\"},\"inLanguage\":\"tr\",\"potentialAction\":[{\"@type\":\"ReadAction\",\"target\":[\"https:\\\/\\\/kohenavocats.com\\\/tr\\\/tribunal-judiciaire-de-saverne-le-13-septembre-2025-n25-00141\\\/\"]}]},{\"@type\":\"ImageObject\",\"inLanguage\":\"tr\",\"@id\":\"https:\\\/\\\/kohenavocats.com\\\/tr\\\/tribunal-judiciaire-de-saverne-le-13-septembre-2025-n25-00141\\\/#primaryimage\",\"url\":\"https:\\\/\\\/kohenavocats.com\\\/wp-content\\\/uploads\\\/2024\\\/08\\\/joshua-woods-hUREQwNYiZQ-unsplash.webp\",\"contentUrl\":\"https:\\\/\\\/kohenavocats.com\\\/wp-content\\\/uploads\\\/2024\\\/08\\\/joshua-woods-hUREQwNYiZQ-unsplash.webp\",\"width\":4032,\"height\":3024},{\"@type\":\"BreadcrumbList\",\"@id\":\"https:\\\/\\\/kohenavocats.com\\\/tr\\\/tribunal-judiciaire-de-saverne-le-13-septembre-2025-n25-00141\\\/#breadcrumb\",\"itemListElement\":[{\"@type\":\"ListItem\",\"position\":1,\"name\":\"Home\",\"item\":\"https:\\\/\\\/kohenavocats.com\\\/tr\\\/avocats-en-droit-penal-a-paris-conseil-et-defense-strategique\\\/\"},{\"@type\":\"ListItem\",\"position\":2,\"name\":\"Tribunal judiciaire de Saverne, le 13 septembre 2025, n\u00b025\\\/00141\"}]},{\"@type\":\"WebSite\",\"@id\":\"https:\\\/\\\/kohenavocats.com\\\/tr\\\/#website\",\"url\":\"https:\\\/\\\/kohenavocats.com\\\/tr\\\/\",\"name\":\"Kohen Avocats\",\"description\":\"Ma\u00eetre Hassan Kohen, avocat p\u00e9naliste \u00e0 Paris, intervient exclusivement en droit p\u00e9nal pour la d\u00e9fense des particuliers, notamment en mati\u00e8re d\u2019accusations de viol. Il assure un accompagnement rigoureux d\u00e8s la garde \u00e0 vue jusqu\u2019\u00e0 la Cour d\u2019assises, veillant au strict respect des garanties proc\u00e9durales.\",\"publisher\":{\"@id\":\"https:\\\/\\\/kohenavocats.com\\\/tr\\\/#organization\"},\"potentialAction\":[{\"@type\":\"SearchAction\",\"target\":{\"@type\":\"EntryPoint\",\"urlTemplate\":\"https:\\\/\\\/kohenavocats.com\\\/tr\\\/?s={search_term_string}\"},\"query-input\":{\"@type\":\"PropertyValueSpecification\",\"valueRequired\":true,\"valueName\":\"search_term_string\"}}],\"inLanguage\":\"tr\"},{\"@type\":\"Organization\",\"@id\":\"https:\\\/\\\/kohenavocats.com\\\/tr\\\/#organization\",\"name\":\"Kohen Avocats\",\"url\":\"https:\\\/\\\/kohenavocats.com\\\/tr\\\/\",\"logo\":{\"@type\":\"ImageObject\",\"inLanguage\":\"tr\",\"@id\":\"https:\\\/\\\/kohenavocats.com\\\/tr\\\/#\\\/schema\\\/logo\\\/image\\\/\",\"url\":\"https:\\\/\\\/kohenavocats.com\\\/wp-content\\\/uploads\\\/2026\\\/01\\\/Logo-2-1.webp\",\"contentUrl\":\"https:\\\/\\\/kohenavocats.com\\\/wp-content\\\/uploads\\\/2026\\\/01\\\/Logo-2-1.webp\",\"width\":2114,\"height\":1253,\"caption\":\"Kohen Avocats\"},\"image\":{\"@id\":\"https:\\\/\\\/kohenavocats.com\\\/tr\\\/#\\\/schema\\\/logo\\\/image\\\/\"}},{\"@type\":\"Person\",\"@id\":\"https:\\\/\\\/kohenavocats.com\\\/tr\\\/#\\\/schema\\\/person\\\/761c9ba54fa1ca84d405cef0831ff751\",\"name\":\"Kohen\",\"image\":{\"@type\":\"ImageObject\",\"inLanguage\":\"tr\",\"@id\":\"https:\\\/\\\/secure.gravatar.com\\\/avatar\\\/1c5e76ef76bbbfdd2b4da984e2bf2fa4056fd51a27d25ce2c332047f1dfd6e00?s=96&d=identicon&r=g\",\"url\":\"https:\\\/\\\/secure.gravatar.com\\\/avatar\\\/1c5e76ef76bbbfdd2b4da984e2bf2fa4056fd51a27d25ce2c332047f1dfd6e00?s=96&d=identicon&r=g\",\"contentUrl\":\"https:\\\/\\\/secure.gravatar.com\\\/avatar\\\/1c5e76ef76bbbfdd2b4da984e2bf2fa4056fd51a27d25ce2c332047f1dfd6e00?s=96&d=identicon&r=g\",\"caption\":\"Kohen\"},\"sameAs\":[\"https:\\\/\\\/www.linkedin.com\\\/in\\\/hassan-kohen-448548192\\\/\",\"https:\\\/\\\/www.youtube.com\\\/@Kohen-Avocats\"],\"url\":\"https:\\\/\\\/kohenavocats.com\\\/tr\\\/author\\\/kohenmlk\\\/\"}]}<\/script>\n<!-- \/ Yoast SEO Premium plugin. -->","yoast_head_json":{"title":"Tribunal judiciaire de Saverne, le 13 septembre 2025, n\u00b025\/00141 - Ma\u00eetre Hassan Kohen, avocat en droit p\u00e9nal \u00e0 Paris","description":"Le juge des contentieux de la protection, statuant publiquement, a rendu un jugement r\u00e9put\u00e9 contradictoire le 13 septembre 2025. Il se prononce sur une deman...","robots":{"index":"index","follow":"follow","max-snippet":"max-snippet:-1","max-image-preview":"max-image-preview:large","max-video-preview":"max-video-preview:-1"},"canonical":"https:\/\/kohenavocats.com\/tr\/tribunal-judiciaire-de-saverne-le-13-septembre-2025-n25-00141\/","og_locale":"tr_TR","og_type":"article","og_title":"Tribunal judiciaire de Saverne, le 13 septembre 2025, n\u00b025\/00141","og_description":"Le juge des contentieux de la protection, statuant publiquement, a rendu un jugement r\u00e9put\u00e9 contradictoire le 13 septembre 2025. Il se prononce sur une deman...","og_url":"https:\/\/kohenavocats.com\/tr\/tribunal-judiciaire-de-saverne-le-13-septembre-2025-n25-00141\/","og_site_name":"Ma\u00eetre Hassan Kohen, avocat en droit p\u00e9nal \u00e0 Paris","article_published_time":"2026-04-21T03:37:02+00:00","og_image":[{"width":4032,"height":3024,"url":"https:\/\/kohenavocats.com\/wp-content\/uploads\/2024\/08\/joshua-woods-hUREQwNYiZQ-unsplash.webp","type":"image\/webp"}],"author":"Kohen","twitter_card":"summary_large_image","twitter_misc":{"Yazan:":"Kohen","Tahmini okuma s\u00fcresi":"3 dakika"},"schema":{"@context":"https:\/\/schema.org","@graph":[{"@type":"Article","@id":"https:\/\/kohenavocats.com\/tr\/tribunal-judiciaire-de-saverne-le-13-septembre-2025-n25-00141\/#article","isPartOf":{"@id":"https:\/\/kohenavocats.com\/tr\/tribunal-judiciaire-de-saverne-le-13-septembre-2025-n25-00141\/"},"author":{"name":"Kohen","@id":"https:\/\/kohenavocats.com\/tr\/#\/schema\/person\/761c9ba54fa1ca84d405cef0831ff751"},"headline":"Tribunal judiciaire de Saverne, le 13 septembre 2025, n\u00b025\/00141","datePublished":"2026-04-21T03:37:02+00:00","mainEntityOfPage":{"@id":"https:\/\/kohenavocats.com\/tr\/tribunal-judiciaire-de-saverne-le-13-septembre-2025-n25-00141\/"},"wordCount":549,"commentCount":0,"publisher":{"@id":"https:\/\/kohenavocats.com\/tr\/#organization"},"image":{"@id":"https:\/\/kohenavocats.com\/tr\/tribunal-judiciaire-de-saverne-le-13-septembre-2025-n25-00141\/#primaryimage"},"thumbnailUrl":"https:\/\/kohenavocats.com\/wp-content\/uploads\/2024\/08\/joshua-woods-hUREQwNYiZQ-unsplash.webp","articleSection":["Jurisprudence"],"inLanguage":"tr","potentialAction":[{"@type":"CommentAction","name":"Comment","target":["https:\/\/kohenavocats.com\/tr\/tribunal-judiciaire-de-saverne-le-13-septembre-2025-n25-00141\/#respond"]}],"citation":"Tribunal judiciaire de Saverne, le 13 septembre 2025, n\u00b025\/00141","about":[{"@type":"Thing","name":"Jurisprudence"}],"dateModified":"2026-04-21T03:37:02+00:00","speakable":{"@type":"SpeakableSpecification","cssSelector":[".article-content > p:first-of-type"]}},{"@type":"WebPage","@id":"https:\/\/kohenavocats.com\/tr\/tribunal-judiciaire-de-saverne-le-13-septembre-2025-n25-00141\/","url":"https:\/\/kohenavocats.com\/tr\/tribunal-judiciaire-de-saverne-le-13-septembre-2025-n25-00141\/","name":"Tribunal judiciaire de Saverne, le 13 septembre 2025, n\u00b025\/00141 - Ma\u00eetre Hassan Kohen, avocat en droit p\u00e9nal \u00e0 Paris","isPartOf":{"@id":"https:\/\/kohenavocats.com\/tr\/#website"},"primaryImageOfPage":{"@id":"https:\/\/kohenavocats.com\/tr\/tribunal-judiciaire-de-saverne-le-13-septembre-2025-n25-00141\/#primaryimage"},"image":{"@id":"https:\/\/kohenavocats.com\/tr\/tribunal-judiciaire-de-saverne-le-13-septembre-2025-n25-00141\/#primaryimage"},"thumbnailUrl":"https:\/\/kohenavocats.com\/wp-content\/uploads\/2024\/08\/joshua-woods-hUREQwNYiZQ-unsplash.webp","datePublished":"2026-04-21T03:37:02+00:00","description":"Le juge des contentieux de la protection, statuant publiquement, a rendu un jugement r\u00e9put\u00e9 contradictoire le 13 septembre 2025. Il se prononce sur une deman...","breadcrumb":{"@id":"https:\/\/kohenavocats.com\/tr\/tribunal-judiciaire-de-saverne-le-13-septembre-2025-n25-00141\/#breadcrumb"},"inLanguage":"tr","potentialAction":[{"@type":"ReadAction","target":["https:\/\/kohenavocats.com\/tr\/tribunal-judiciaire-de-saverne-le-13-septembre-2025-n25-00141\/"]}]},{"@type":"ImageObject","inLanguage":"tr","@id":"https:\/\/kohenavocats.com\/tr\/tribunal-judiciaire-de-saverne-le-13-septembre-2025-n25-00141\/#primaryimage","url":"https:\/\/kohenavocats.com\/wp-content\/uploads\/2024\/08\/joshua-woods-hUREQwNYiZQ-unsplash.webp","contentUrl":"https:\/\/kohenavocats.com\/wp-content\/uploads\/2024\/08\/joshua-woods-hUREQwNYiZQ-unsplash.webp","width":4032,"height":3024},{"@type":"BreadcrumbList","@id":"https:\/\/kohenavocats.com\/tr\/tribunal-judiciaire-de-saverne-le-13-septembre-2025-n25-00141\/#breadcrumb","itemListElement":[{"@type":"ListItem","position":1,"name":"Home","item":"https:\/\/kohenavocats.com\/tr\/avocats-en-droit-penal-a-paris-conseil-et-defense-strategique\/"},{"@type":"ListItem","position":2,"name":"Tribunal judiciaire de Saverne, le 13 septembre 2025, n\u00b025\/00141"}]},{"@type":"WebSite","@id":"https:\/\/kohenavocats.com\/tr\/#website","url":"https:\/\/kohenavocats.com\/tr\/","name":"Kohen Avocats","description":"Ma\u00eetre Hassan Kohen, avocat p\u00e9naliste \u00e0 Paris, intervient exclusivement en droit p\u00e9nal pour la d\u00e9fense des particuliers, notamment en mati\u00e8re d\u2019accusations de viol. Il assure un accompagnement rigoureux d\u00e8s la garde \u00e0 vue jusqu\u2019\u00e0 la Cour d\u2019assises, veillant au strict respect des garanties proc\u00e9durales.","publisher":{"@id":"https:\/\/kohenavocats.com\/tr\/#organization"},"potentialAction":[{"@type":"SearchAction","target":{"@type":"EntryPoint","urlTemplate":"https:\/\/kohenavocats.com\/tr\/?s={search_term_string}"},"query-input":{"@type":"PropertyValueSpecification","valueRequired":true,"valueName":"search_term_string"}}],"inLanguage":"tr"},{"@type":"Organization","@id":"https:\/\/kohenavocats.com\/tr\/#organization","name":"Kohen Avocats","url":"https:\/\/kohenavocats.com\/tr\/","logo":{"@type":"ImageObject","inLanguage":"tr","@id":"https:\/\/kohenavocats.com\/tr\/#\/schema\/logo\/image\/","url":"https:\/\/kohenavocats.com\/wp-content\/uploads\/2026\/01\/Logo-2-1.webp","contentUrl":"https:\/\/kohenavocats.com\/wp-content\/uploads\/2026\/01\/Logo-2-1.webp","width":2114,"height":1253,"caption":"Kohen Avocats"},"image":{"@id":"https:\/\/kohenavocats.com\/tr\/#\/schema\/logo\/image\/"}},{"@type":"Person","@id":"https:\/\/kohenavocats.com\/tr\/#\/schema\/person\/761c9ba54fa1ca84d405cef0831ff751","name":"Kohen","image":{"@type":"ImageObject","inLanguage":"tr","@id":"https:\/\/secure.gravatar.com\/avatar\/1c5e76ef76bbbfdd2b4da984e2bf2fa4056fd51a27d25ce2c332047f1dfd6e00?s=96&d=identicon&r=g","url":"https:\/\/secure.gravatar.com\/avatar\/1c5e76ef76bbbfdd2b4da984e2bf2fa4056fd51a27d25ce2c332047f1dfd6e00?s=96&d=identicon&r=g","contentUrl":"https:\/\/secure.gravatar.com\/avatar\/1c5e76ef76bbbfdd2b4da984e2bf2fa4056fd51a27d25ce2c332047f1dfd6e00?s=96&d=identicon&r=g","caption":"Kohen"},"sameAs":["https:\/\/www.linkedin.com\/in\/hassan-kohen-448548192\/","https:\/\/www.youtube.com\/@Kohen-Avocats"],"url":"https:\/\/kohenavocats.com\/tr\/author\/kohenmlk\/"}]}},"jetpack_featured_media_url":"https:\/\/kohenavocats.com\/wp-content\/uploads\/2024\/08\/joshua-woods-hUREQwNYiZQ-unsplash.webp","jetpack_likes_enabled":false,"jetpack_shortlink":"https:\/\/wp.me\/peCrII-2Emd","jetpack-related-posts":[{"id":482897,"url":"https:\/\/kohenavocats.com\/tr\/tribunal-judiciaire-de-paris-le-10-septembre-2025-n25-04840\/","url_meta":{"origin":631793,"position":0},"title":"Tribunal judiciaire de Paris, le 10 septembre 2025, n\u00b025\/04840","author":"Kohen","date":"8 Nisan 2026","format":false,"excerpt":"Le juge des contentieux de la protection, statuant en r\u00e9f\u00e9r\u00e9, a rendu une d\u00e9cision le 10 septembre 2025. L'organisme bailleur a sollicit\u00e9 la r\u00e9siliation du b...","rel":"","context":"&quot;Jurisprudence&quot; i\u00e7inde","block_context":{"text":"Jurisprudence","link":"https:\/\/kohenavocats.com\/category\/jurisprudence\/"},"img":{"alt_text":"","src":"https:\/\/i0.wp.com\/kohenavocats.com\/wp-content\/uploads\/2024\/08\/pascal-bernardon-X8u7lVCzhT4-unsplash.webp?resize=350%2C200&ssl=1","width":350,"height":200,"srcset":"https:\/\/i0.wp.com\/kohenavocats.com\/wp-content\/uploads\/2024\/08\/pascal-bernardon-X8u7lVCzhT4-unsplash.webp?resize=350%2C200&ssl=1 1x, https:\/\/i0.wp.com\/kohenavocats.com\/wp-content\/uploads\/2024\/08\/pascal-bernardon-X8u7lVCzhT4-unsplash.webp?resize=525%2C300&ssl=1 1.5x, https:\/\/i0.wp.com\/kohenavocats.com\/wp-content\/uploads\/2024\/08\/pascal-bernardon-X8u7lVCzhT4-unsplash.webp?resize=700%2C400&ssl=1 2x, https:\/\/i0.wp.com\/kohenavocats.com\/wp-content\/uploads\/2024\/08\/pascal-bernardon-X8u7lVCzhT4-unsplash.webp?resize=1050%2C600&ssl=1 3x, https:\/\/i0.wp.com\/kohenavocats.com\/wp-content\/uploads\/2024\/08\/pascal-bernardon-X8u7lVCzhT4-unsplash.webp?resize=1400%2C800&ssl=1 4x"},"classes":[]},{"id":626196,"url":"https:\/\/kohenavocats.com\/tr\/tribunal-judiciaire-de-nantes-le-17-septembre-2025-n25-01565\/","url_meta":{"origin":631793,"position":1},"title":"Tribunal judiciaire de Nantes, le 17 septembre 2025, n\u00b025\/01565","author":"Kohen","date":"20 Nisan 2026","format":false,"excerpt":"Le juge des contentieux de la protection, statuant le 17 septembre 2025, constate la r\u00e9siliation d\u2019un bail pour d\u00e9faut de paiement. Apr\u00e8s un commandement dem...","rel":"","context":"&quot;Jurisprudence&quot; i\u00e7inde","block_context":{"text":"Jurisprudence","link":"https:\/\/kohenavocats.com\/category\/jurisprudence\/"},"img":{"alt_text":"","src":"https:\/\/i0.wp.com\/kohenavocats.com\/wp-content\/uploads\/2024\/08\/chelms-varthoumlien-4lTf2N6pHZw-unsplash.webp?resize=350%2C200&ssl=1","width":350,"height":200,"srcset":"https:\/\/i0.wp.com\/kohenavocats.com\/wp-content\/uploads\/2024\/08\/chelms-varthoumlien-4lTf2N6pHZw-unsplash.webp?resize=350%2C200&ssl=1 1x, https:\/\/i0.wp.com\/kohenavocats.com\/wp-content\/uploads\/2024\/08\/chelms-varthoumlien-4lTf2N6pHZw-unsplash.webp?resize=525%2C300&ssl=1 1.5x, https:\/\/i0.wp.com\/kohenavocats.com\/wp-content\/uploads\/2024\/08\/chelms-varthoumlien-4lTf2N6pHZw-unsplash.webp?resize=700%2C400&ssl=1 2x, https:\/\/i0.wp.com\/kohenavocats.com\/wp-content\/uploads\/2024\/08\/chelms-varthoumlien-4lTf2N6pHZw-unsplash.webp?resize=1050%2C600&ssl=1 3x, https:\/\/i0.wp.com\/kohenavocats.com\/wp-content\/uploads\/2024\/08\/chelms-varthoumlien-4lTf2N6pHZw-unsplash.webp?resize=1400%2C800&ssl=1 4x"},"classes":[]},{"id":669994,"url":"https:\/\/kohenavocats.com\/tr\/tribunal-judiciaire-de-lille-le-18-septembre-2025-n24-07724\/","url_meta":{"origin":631793,"position":2},"title":"Tribunal judiciaire de Lille, le 18 septembre 2025, n\u00b024\/07724","author":"Kohen","date":"24 Nisan 2026","format":false,"excerpt":"Le juge des contentieux de la protection, statuant le 18 septembre 2025, examine une demande de r\u00e9siliation de bail pour impay\u00e9s. La soci\u00e9t\u00e9 bailleuse agit e...","rel":"","context":"&quot;Code des assurances&quot; i\u00e7inde","block_context":{"text":"Code des assurances","link":"https:\/\/kohenavocats.com\/category\/code-des-assurances\/"},"img":{"alt_text":"","src":"https:\/\/i0.wp.com\/kohenavocats.com\/wp-content\/uploads\/2024\/11\/getty-images-TVMKiNPHZTE-unsplash.webp?resize=350%2C200&ssl=1","width":350,"height":200,"srcset":"https:\/\/i0.wp.com\/kohenavocats.com\/wp-content\/uploads\/2024\/11\/getty-images-TVMKiNPHZTE-unsplash.webp?resize=350%2C200&ssl=1 1x, https:\/\/i0.wp.com\/kohenavocats.com\/wp-content\/uploads\/2024\/11\/getty-images-TVMKiNPHZTE-unsplash.webp?resize=525%2C300&ssl=1 1.5x, https:\/\/i0.wp.com\/kohenavocats.com\/wp-content\/uploads\/2024\/11\/getty-images-TVMKiNPHZTE-unsplash.webp?resize=700%2C400&ssl=1 2x, https:\/\/i0.wp.com\/kohenavocats.com\/wp-content\/uploads\/2024\/11\/getty-images-TVMKiNPHZTE-unsplash.webp?resize=1050%2C600&ssl=1 3x, https:\/\/i0.wp.com\/kohenavocats.com\/wp-content\/uploads\/2024\/11\/getty-images-TVMKiNPHZTE-unsplash.webp?resize=1400%2C800&ssl=1 4x"},"classes":[]},{"id":634407,"url":"https:\/\/kohenavocats.com\/tr\/tribunal-judiciaire-de-saint-denis-de-la-reunion-le-13-octobre-2025-n25-00541\/","url_meta":{"origin":631793,"position":3},"title":"Tribunal judiciaire de Saint-Denis de La R\u00e9union, le 13 octobre 2025, n\u00b025\/00541","author":"Kohen","date":"21 Nisan 2026","format":false,"excerpt":"Le juge des contentieux de la protection du tribunal judiciaire, statuant le 13 octobre 2025, a examin\u00e9 une demande en r\u00e9siliation de bail pour impay\u00e9s. Apr\u00e8...","rel":"","context":"&quot;Jurisprudence&quot; i\u00e7inde","block_context":{"text":"Jurisprudence","link":"https:\/\/kohenavocats.com\/category\/jurisprudence\/"},"img":{"alt_text":"","src":"https:\/\/i0.wp.com\/kohenavocats.com\/wp-content\/uploads\/2024\/11\/mohamed-nohassi-wHmB_RPpurI-unsplash.webp?resize=350%2C200&ssl=1","width":350,"height":200,"srcset":"https:\/\/i0.wp.com\/kohenavocats.com\/wp-content\/uploads\/2024\/11\/mohamed-nohassi-wHmB_RPpurI-unsplash.webp?resize=350%2C200&ssl=1 1x, https:\/\/i0.wp.com\/kohenavocats.com\/wp-content\/uploads\/2024\/11\/mohamed-nohassi-wHmB_RPpurI-unsplash.webp?resize=525%2C300&ssl=1 1.5x, https:\/\/i0.wp.com\/kohenavocats.com\/wp-content\/uploads\/2024\/11\/mohamed-nohassi-wHmB_RPpurI-unsplash.webp?resize=700%2C400&ssl=1 2x, https:\/\/i0.wp.com\/kohenavocats.com\/wp-content\/uploads\/2024\/11\/mohamed-nohassi-wHmB_RPpurI-unsplash.webp?resize=1050%2C600&ssl=1 3x, https:\/\/i0.wp.com\/kohenavocats.com\/wp-content\/uploads\/2024\/11\/mohamed-nohassi-wHmB_RPpurI-unsplash.webp?resize=1400%2C800&ssl=1 4x"},"classes":[]},{"id":487202,"url":"https:\/\/kohenavocats.com\/tr\/tribunal-judiciaire-de-evreux-le-12-septembre-2025-n25-00496\/","url_meta":{"origin":631793,"position":4},"title":"Tribunal judiciaire de \u00c9vreux, le 12 septembre 2025, n\u00b025\/00496","author":"Kohen","date":"8 Nisan 2026","format":false,"excerpt":"Le juge des contentieux de la protection, statuant le 12 septembre 2025, se prononce sur une action en r\u00e9siliation de bail pour d\u00e9faut de paiement. Le baille...","rel":"","context":"&quot;Jurisprudence&quot; i\u00e7inde","block_context":{"text":"Jurisprudence","link":"https:\/\/kohenavocats.com\/category\/jurisprudence\/"},"img":{"alt_text":"","src":"https:\/\/i0.wp.com\/kohenavocats.com\/wp-content\/uploads\/2024\/06\/pexels-pavel-danilyuk-8112201.jpg?resize=350%2C200&ssl=1","width":350,"height":200,"srcset":"https:\/\/i0.wp.com\/kohenavocats.com\/wp-content\/uploads\/2024\/06\/pexels-pavel-danilyuk-8112201.jpg?resize=350%2C200&ssl=1 1x, https:\/\/i0.wp.com\/kohenavocats.com\/wp-content\/uploads\/2024\/06\/pexels-pavel-danilyuk-8112201.jpg?resize=525%2C300&ssl=1 1.5x, https:\/\/i0.wp.com\/kohenavocats.com\/wp-content\/uploads\/2024\/06\/pexels-pavel-danilyuk-8112201.jpg?resize=700%2C400&ssl=1 2x, https:\/\/i0.wp.com\/kohenavocats.com\/wp-content\/uploads\/2024\/06\/pexels-pavel-danilyuk-8112201.jpg?resize=1050%2C600&ssl=1 3x, https:\/\/i0.wp.com\/kohenavocats.com\/wp-content\/uploads\/2024\/06\/pexels-pavel-danilyuk-8112201.jpg?resize=1400%2C800&ssl=1 4x"},"classes":[]},{"id":670387,"url":"https:\/\/kohenavocats.com\/tr\/tribunal-judiciaire-de-cambrai-le-18-septembre-2025-n25-01210\/","url_meta":{"origin":631793,"position":5},"title":"Tribunal judiciaire de Cambrai, le 18 septembre 2025, n\u00b025\/01210","author":"Kohen","date":"24 Nisan 2026","format":false,"excerpt":"Le tribunal judiciaire de Cambrai, statuant le 18 septembre 2025, a examin\u00e9 une demande en r\u00e9siliation de bail pour d\u00e9faut de paiement. Le bailleur sollicita...","rel":"","context":"&quot;Code des assurances&quot; i\u00e7inde","block_context":{"text":"Code des assurances","link":"https:\/\/kohenavocats.com\/category\/code-des-assurances\/"},"img":{"alt_text":"","src":"https:\/\/i0.wp.com\/kohenavocats.com\/wp-content\/uploads\/2024\/11\/kateryna-hliznitsova-cSf0iO7Txkw-unsplash.webp?resize=350%2C200&ssl=1","width":350,"height":200,"srcset":"https:\/\/i0.wp.com\/kohenavocats.com\/wp-content\/uploads\/2024\/11\/kateryna-hliznitsova-cSf0iO7Txkw-unsplash.webp?resize=350%2C200&ssl=1 1x, https:\/\/i0.wp.com\/kohenavocats.com\/wp-content\/uploads\/2024\/11\/kateryna-hliznitsova-cSf0iO7Txkw-unsplash.webp?resize=525%2C300&ssl=1 1.5x, https:\/\/i0.wp.com\/kohenavocats.com\/wp-content\/uploads\/2024\/11\/kateryna-hliznitsova-cSf0iO7Txkw-unsplash.webp?resize=700%2C400&ssl=1 2x, https:\/\/i0.wp.com\/kohenavocats.com\/wp-content\/uploads\/2024\/11\/kateryna-hliznitsova-cSf0iO7Txkw-unsplash.webp?resize=1050%2C600&ssl=1 3x, https:\/\/i0.wp.com\/kohenavocats.com\/wp-content\/uploads\/2024\/11\/kateryna-hliznitsova-cSf0iO7Txkw-unsplash.webp?resize=1400%2C800&ssl=1 4x"},"classes":[]}],"jetpack_sharing_enabled":true,"_links":{"self":[{"href":"https:\/\/kohenavocats.com\/tr\/wp-json\/wp\/v2\/posts\/631793","targetHints":{"allow":["GET"]}}],"collection":[{"href":"https:\/\/kohenavocats.com\/tr\/wp-json\/wp\/v2\/posts"}],"about":[{"href":"https:\/\/kohenavocats.com\/tr\/wp-json\/wp\/v2\/types\/post"}],"author":[{"embeddable":true,"href":"https:\/\/kohenavocats.com\/tr\/wp-json\/wp\/v2\/users\/232070755"}],"replies":[{"embeddable":true,"href":"https:\/\/kohenavocats.com\/tr\/wp-json\/wp\/v2\/comments?post=631793"}],"version-history":[{"count":0,"href":"https:\/\/kohenavocats.com\/tr\/wp-json\/wp\/v2\/posts\/631793\/revisions"}],"wp:featuredmedia":[{"embeddable":true,"href":"https:\/\/kohenavocats.com\/tr\/wp-json\/wp\/v2\/media\/4894"}],"wp:attachment":[{"href":"https:\/\/kohenavocats.com\/tr\/wp-json\/wp\/v2\/media?parent=631793"}],"wp:term":[{"taxonomy":"category","embeddable":true,"href":"https:\/\/kohenavocats.com\/tr\/wp-json\/wp\/v2\/categories?post=631793"},{"taxonomy":"post_tag","embeddable":true,"href":"https:\/\/kohenavocats.com\/tr\/wp-json\/wp\/v2\/tags?post=631793"}],"curies":[{"name":"wp","href":"https:\/\/api.w.org\/{rel}","templated":true}]}}