{"id":635051,"date":"2026-04-21T11:39:12","date_gmt":"2026-04-21T09:39:12","guid":{"rendered":"https:\/\/kohenavocats.com\/cour-dappel-de-bordeaux-le-13-octobre-2025-n24-00425\/"},"modified":"2026-04-21T11:39:12","modified_gmt":"2026-04-21T09:39:12","slug":"cour-dappel-de-bordeaux-le-13-octobre-2025-n24-00425","status":"publish","type":"post","link":"https:\/\/kohenavocats.com\/tr\/cour-dappel-de-bordeaux-le-13-octobre-2025-n24-00425\/","title":{"rendered":"Cour d&#8217;appel de Bordeaux, le 13 octobre 2025, n\u00b024\/00425"},"content":{"rendered":"<div class=\"article-content\">\n<p>Cour d\u2019appel de Bordeaux, le 13 octobre 2025, n\u00b024\/00425. La soci\u00e9t\u00e9 Km Viti Services r\u00e9clame le paiement de factures impay\u00e9es \u00e0 une soci\u00e9t\u00e9 viticole. Cette derni\u00e8re conteste l\u2019existence de la cr\u00e9ance et l\u2019opposabilit\u00e9 des contrats sign\u00e9s par un consultant. La juridiction infirme partiellement le premier jugement. Elle condamne la soci\u00e9t\u00e9 d\u00e9bitrice au paiement int\u00e9gral de la somme demand\u00e9e. Elle rejette \u00e9galement les demandes indemnitaires form\u00e9es entre les parties.<\/p>\n<p>La validation des pouvoirs du mandataire apparent<\/p>\n<p>L\u2019\u00e9tendue des pouvoirs conf\u00e9r\u00e9s par le contrat de gestion. Le consultant \u00e9tait li\u00e9 par un contrat de prestations de services \u00e0 la soci\u00e9t\u00e9 mandante. Ce document d\u00e9finissait une mission de gestion des propri\u00e9t\u00e9s viticoles. Il l\u2019autorisait notamment \u00e0 employer les moyens n\u00e9cessaires aux travaux et \u00e0 recruter des \u00e9quipes. &#8220;M. [K] pouvait valablement engager la soci\u00e9t\u00e9 [&#8230;] en faisant appel \u00e0 un prestataire de services pour r\u00e9aliser des travaux vitivinicoles&#8221; (point 26). La cour rel\u00e8ve aussi l\u2019approbation expresse du dirigeant pour l\u2019embauche de saisonniers. Le mandat \u00e9tait donc r\u00e9el et non exc\u00e9d\u00e9, rendant les contrats parfaitement opposables.<\/p>\n<p>L\u2019inopportunit\u00e9 de la th\u00e9orie du mandat apparent en l\u2019esp\u00e8ce. La d\u00e9cision \u00e9carte l\u2019examen du mandat apparent apr\u00e8s avoir constat\u00e9 un mandat r\u00e9el. Elle rel\u00e8ve toutefois, \u00e0 titre surabondant, les \u00e9l\u00e9ments susceptibles de fonder une apparence. Les attestations des salari\u00e9s d\u00e9signaient le consultant comme seul interlocuteur. Le g\u00e9rant du prestataire le connaissait aussi comme contact unique. &#8220;Il r\u00e9sulte des nombreuses attestations [&#8230;] que leur seul interlocuteur \u00e9tait M. [K]&#8221; (point 29). La solution s\u2019inscrit dans la lign\u00e9e d\u2019une jurisprudence admettant la bonne foi du cocontractant. &#8220;Compte-tenu de ses activit\u00e9s de transporteur de colis, les circonstances ont autoris\u00e9 la soci\u00e9t\u00e9 Chronopost \u00e0 ne pas v\u00e9rifier l&#8217;exactitude des pouvoirs&#8221; (Cour d&#8217;appel de Bordeaux, le 13 octobre 2025, n\u00b024\/00425).<\/p>\n<p>La preuve de l\u2019ex\u00e9cution des prestations litigieuses<\/p>\n<p>La r\u00e9gularit\u00e9 formelle des factures \u00e9mises par le cr\u00e9ancier. La soci\u00e9t\u00e9 d\u00e9bitrice critiquait les irr\u00e9gularit\u00e9s des factures, comme leur modification ou leur manque de d\u00e9tail. La cour rappelle le principe de libert\u00e9 de la preuve en mati\u00e8re commerciale. Elle souligne que la sanction du d\u00e9faut de mentions obligatoires n\u2019est pas la nullit\u00e9. &#8220;Les prestations justifiant d&#8217;une demande en paiement peuvent en effet \u00eatre justifi\u00e9es dans leur r\u00e9alit\u00e9&#8221; (point 32). Les factures rectifi\u00e9es en appel contenaient les mentions exig\u00e9es par la loi. L\u2019exigence d\u2019une facturation conforme est ainsi distingu\u00e9e de la preuve de la cr\u00e9ance.<\/p>\n<p>L\u2019administration suffisante de la preuve de la r\u00e9alit\u00e9 des travaux. Le prestataire produit des attestations de salari\u00e9s, des contrats de sous-traitance et des justificatifs d\u2019embauche. Ces \u00e9l\u00e9ments corroborent l\u2019intervention sur les parcelles de la soci\u00e9t\u00e9 d\u00e9bitrice. &#8220;Il est suffisamment rapport\u00e9 la preuve de la r\u00e9alit\u00e9 des prestations effectu\u00e9es&#8221; (point 34). La cour \u00e9carte en revanche la preuve de travaux sur une exploitation tierce. Elle estime les pi\u00e8ces insuffisantes pour d\u00e9montrer un syst\u00e8me de refacturation. Cela conduit \u00e0 accueillir la demande principale dans son int\u00e9gralit\u00e9, infirmant le jugement sur le quantum.<\/p>\n<\/div>\n","protected":false},"excerpt":{"rendered":"<p>Cour d\u2019appel de Bordeaux, le 13 octobre 2025, n\u00b024\/00425. La soci\u00e9t\u00e9 Km Viti Services r\u00e9clame le paiement de factures impay\u00e9es \u00e0 une soci\u00e9t\u00e9 viticole. Cette &#8230;<\/p>\n","protected":false},"author":232070755,"featured_media":4860,"comment_status":"open","ping_status":"open","sticky":false,"template":"","format":"standard","meta":{"_crdt_document":"","_jetpack_newsletter_access":"","_jetpack_dont_email_post_to_subs":false,"_jetpack_newsletter_tier_id":0,"_jetpack_memberships_contains_paywalled_content":false,"_kj_source_type":"judilibre","_kj_official_id":"68eddab8c8f5ccbb77339a41","_kj_official_url":"https:\/\/www.courdecassation.fr\/decision\/68eddab8c8f5ccbb77339a41","_kj_judilibre_id":"68eddab8c8f5ccbb77339a41","_kj_jur":"Cour d'appel","_kj_lieu":"Cour d'appel de Bordeaux","_kj_chambre":"4\u00e8me CHAMBRE COMMERCIALE","_kj_rg":"24\/00425","_kj_date":"2025-10-13","_jetpack_memberships_contains_paid_content":false,"footnotes":"","jetpack_post_was_ever_published":false},"categories":[7597],"tags":[],"class_list":["post-635051","post","type-post","status-publish","format-standard","has-post-thumbnail","hentry","category-jurisprudence"],"yoast_head":"<!-- This site is optimized with the Yoast SEO Premium plugin v27.5 (Yoast SEO v27.5) - https:\/\/yoast.com\/product\/yoast-seo-premium-wordpress\/ -->\n<title>Cour d&#039;appel de Bordeaux, le 13 octobre 2025, n\u00b024\/00425 - Ma\u00eetre Hassan Kohen, avocat en droit p\u00e9nal \u00e0 Paris<\/title>\n<meta name=\"description\" content=\"Cour d\u2019appel de Bordeaux, le 13 octobre 2025, n\u00b024\/00425. La soci\u00e9t\u00e9 Km Viti Services r\u00e9clame le paiement de factures impay\u00e9es \u00e0 une soci\u00e9t\u00e9 viticole. Cette ...\" \/>\n<meta name=\"robots\" content=\"index, follow, max-snippet:-1, max-image-preview:large, max-video-preview:-1\" \/>\n<link rel=\"canonical\" href=\"https:\/\/kohenavocats.com\/tr\/cour-dappel-de-bordeaux-le-13-octobre-2025-n24-00425\/\" \/>\n<meta property=\"og:locale\" content=\"tr_TR\" \/>\n<meta property=\"og:type\" content=\"article\" \/>\n<meta property=\"og:title\" content=\"Cour d&#039;appel de Bordeaux, le 13 octobre 2025, n\u00b024\/00425\" \/>\n<meta property=\"og:description\" content=\"Cour d\u2019appel de Bordeaux, le 13 octobre 2025, n\u00b024\/00425. La soci\u00e9t\u00e9 Km Viti Services r\u00e9clame le paiement de factures impay\u00e9es \u00e0 une soci\u00e9t\u00e9 viticole. Cette ...\" \/>\n<meta property=\"og:url\" content=\"https:\/\/kohenavocats.com\/tr\/cour-dappel-de-bordeaux-le-13-octobre-2025-n24-00425\/\" \/>\n<meta property=\"og:site_name\" content=\"Ma\u00eetre Hassan Kohen, avocat en droit p\u00e9nal \u00e0 Paris\" \/>\n<meta property=\"article:published_time\" content=\"2026-04-21T09:39:12+00:00\" \/>\n<meta property=\"og:image\" content=\"https:\/\/kohenavocats.com\/wp-content\/uploads\/2024\/08\/dmitrii-eliuseev-VJCxWJ3XZCM-unsplash.webp\" \/>\n\t<meta property=\"og:image:width\" content=\"5983\" \/>\n\t<meta property=\"og:image:height\" content=\"4589\" \/>\n\t<meta property=\"og:image:type\" content=\"image\/webp\" \/>\n<meta name=\"author\" content=\"Kohen\" \/>\n<meta name=\"twitter:card\" content=\"summary_large_image\" \/>\n<meta name=\"twitter:label1\" content=\"Yazan:\" \/>\n\t<meta name=\"twitter:data1\" content=\"Kohen\" \/>\n\t<meta name=\"twitter:label2\" content=\"Tahmini okuma s\u00fcresi\" \/>\n\t<meta name=\"twitter:data2\" content=\"3 dakika\" \/>\n<script type=\"application\/ld+json\" class=\"yoast-schema-graph\">{\"@context\":\"https:\\\/\\\/schema.org\",\"@graph\":[{\"@type\":\"Article\",\"@id\":\"https:\\\/\\\/kohenavocats.com\\\/tr\\\/cour-dappel-de-bordeaux-le-13-octobre-2025-n24-00425\\\/#article\",\"isPartOf\":{\"@id\":\"https:\\\/\\\/kohenavocats.com\\\/tr\\\/cour-dappel-de-bordeaux-le-13-octobre-2025-n24-00425\\\/\"},\"author\":{\"name\":\"Kohen\",\"@id\":\"https:\\\/\\\/kohenavocats.com\\\/tr\\\/#\\\/schema\\\/person\\\/761c9ba54fa1ca84d405cef0831ff751\"},\"headline\":\"Cour d&#8217;appel de Bordeaux, le 13 octobre 2025, n\u00b024\\\/00425\",\"datePublished\":\"2026-04-21T09:39:12+00:00\",\"mainEntityOfPage\":{\"@id\":\"https:\\\/\\\/kohenavocats.com\\\/tr\\\/cour-dappel-de-bordeaux-le-13-octobre-2025-n24-00425\\\/\"},\"wordCount\":556,\"commentCount\":0,\"publisher\":{\"@id\":\"https:\\\/\\\/kohenavocats.com\\\/tr\\\/#organization\"},\"image\":{\"@id\":\"https:\\\/\\\/kohenavocats.com\\\/tr\\\/cour-dappel-de-bordeaux-le-13-octobre-2025-n24-00425\\\/#primaryimage\"},\"thumbnailUrl\":\"https:\\\/\\\/kohenavocats.com\\\/wp-content\\\/uploads\\\/2024\\\/08\\\/dmitrii-eliuseev-VJCxWJ3XZCM-unsplash.webp\",\"articleSection\":[\"Jurisprudence\"],\"inLanguage\":\"tr\",\"potentialAction\":[{\"@type\":\"CommentAction\",\"name\":\"Comment\",\"target\":[\"https:\\\/\\\/kohenavocats.com\\\/tr\\\/cour-dappel-de-bordeaux-le-13-octobre-2025-n24-00425\\\/#respond\"]}],\"citation\":\"Cour d&#8217;appel de Bordeaux, le 13 octobre 2025, n\u00b024\\\/00425\",\"about\":[{\"@type\":\"Thing\",\"name\":\"Jurisprudence\"}],\"dateModified\":\"2026-04-21T09:39:12+00:00\",\"speakable\":{\"@type\":\"SpeakableSpecification\",\"cssSelector\":[\".article-content > p:first-of-type\"]}},{\"@type\":\"WebPage\",\"@id\":\"https:\\\/\\\/kohenavocats.com\\\/tr\\\/cour-dappel-de-bordeaux-le-13-octobre-2025-n24-00425\\\/\",\"url\":\"https:\\\/\\\/kohenavocats.com\\\/tr\\\/cour-dappel-de-bordeaux-le-13-octobre-2025-n24-00425\\\/\",\"name\":\"Cour d'appel de Bordeaux, le 13 octobre 2025, n\u00b024\\\/00425 - Ma\u00eetre Hassan Kohen, avocat en droit p\u00e9nal \u00e0 Paris\",\"isPartOf\":{\"@id\":\"https:\\\/\\\/kohenavocats.com\\\/tr\\\/#website\"},\"primaryImageOfPage\":{\"@id\":\"https:\\\/\\\/kohenavocats.com\\\/tr\\\/cour-dappel-de-bordeaux-le-13-octobre-2025-n24-00425\\\/#primaryimage\"},\"image\":{\"@id\":\"https:\\\/\\\/kohenavocats.com\\\/tr\\\/cour-dappel-de-bordeaux-le-13-octobre-2025-n24-00425\\\/#primaryimage\"},\"thumbnailUrl\":\"https:\\\/\\\/kohenavocats.com\\\/wp-content\\\/uploads\\\/2024\\\/08\\\/dmitrii-eliuseev-VJCxWJ3XZCM-unsplash.webp\",\"datePublished\":\"2026-04-21T09:39:12+00:00\",\"description\":\"Cour d\u2019appel de Bordeaux, le 13 octobre 2025, n\u00b024\\\/00425. La soci\u00e9t\u00e9 Km Viti Services r\u00e9clame le paiement de factures impay\u00e9es \u00e0 une soci\u00e9t\u00e9 viticole. Cette ...\",\"breadcrumb\":{\"@id\":\"https:\\\/\\\/kohenavocats.com\\\/tr\\\/cour-dappel-de-bordeaux-le-13-octobre-2025-n24-00425\\\/#breadcrumb\"},\"inLanguage\":\"tr\",\"potentialAction\":[{\"@type\":\"ReadAction\",\"target\":[\"https:\\\/\\\/kohenavocats.com\\\/tr\\\/cour-dappel-de-bordeaux-le-13-octobre-2025-n24-00425\\\/\"]}]},{\"@type\":\"ImageObject\",\"inLanguage\":\"tr\",\"@id\":\"https:\\\/\\\/kohenavocats.com\\\/tr\\\/cour-dappel-de-bordeaux-le-13-octobre-2025-n24-00425\\\/#primaryimage\",\"url\":\"https:\\\/\\\/kohenavocats.com\\\/wp-content\\\/uploads\\\/2024\\\/08\\\/dmitrii-eliuseev-VJCxWJ3XZCM-unsplash.webp\",\"contentUrl\":\"https:\\\/\\\/kohenavocats.com\\\/wp-content\\\/uploads\\\/2024\\\/08\\\/dmitrii-eliuseev-VJCxWJ3XZCM-unsplash.webp\",\"width\":5983,\"height\":4589},{\"@type\":\"BreadcrumbList\",\"@id\":\"https:\\\/\\\/kohenavocats.com\\\/tr\\\/cour-dappel-de-bordeaux-le-13-octobre-2025-n24-00425\\\/#breadcrumb\",\"itemListElement\":[{\"@type\":\"ListItem\",\"position\":1,\"name\":\"Home\",\"item\":\"https:\\\/\\\/kohenavocats.com\\\/tr\\\/avocats-en-droit-penal-a-paris-conseil-et-defense-strategique\\\/\"},{\"@type\":\"ListItem\",\"position\":2,\"name\":\"Cour d&rsquo;appel de Bordeaux, le 13 octobre 2025, n\u00b024\\\/00425\"}]},{\"@type\":\"WebSite\",\"@id\":\"https:\\\/\\\/kohenavocats.com\\\/tr\\\/#website\",\"url\":\"https:\\\/\\\/kohenavocats.com\\\/tr\\\/\",\"name\":\"Kohen Avocats\",\"description\":\"Ma\u00eetre Hassan Kohen, avocat p\u00e9naliste \u00e0 Paris, intervient exclusivement en droit p\u00e9nal pour la d\u00e9fense des particuliers, notamment en mati\u00e8re d\u2019accusations de viol. Il assure un accompagnement rigoureux d\u00e8s la garde \u00e0 vue jusqu\u2019\u00e0 la Cour d\u2019assises, veillant au strict respect des garanties proc\u00e9durales.\",\"publisher\":{\"@id\":\"https:\\\/\\\/kohenavocats.com\\\/tr\\\/#organization\"},\"potentialAction\":[{\"@type\":\"SearchAction\",\"target\":{\"@type\":\"EntryPoint\",\"urlTemplate\":\"https:\\\/\\\/kohenavocats.com\\\/tr\\\/?s={search_term_string}\"},\"query-input\":{\"@type\":\"PropertyValueSpecification\",\"valueRequired\":true,\"valueName\":\"search_term_string\"}}],\"inLanguage\":\"tr\"},{\"@type\":\"Organization\",\"@id\":\"https:\\\/\\\/kohenavocats.com\\\/tr\\\/#organization\",\"name\":\"Kohen Avocats\",\"url\":\"https:\\\/\\\/kohenavocats.com\\\/tr\\\/\",\"logo\":{\"@type\":\"ImageObject\",\"inLanguage\":\"tr\",\"@id\":\"https:\\\/\\\/kohenavocats.com\\\/tr\\\/#\\\/schema\\\/logo\\\/image\\\/\",\"url\":\"https:\\\/\\\/kohenavocats.com\\\/wp-content\\\/uploads\\\/2026\\\/01\\\/Logo-2-1.webp\",\"contentUrl\":\"https:\\\/\\\/kohenavocats.com\\\/wp-content\\\/uploads\\\/2026\\\/01\\\/Logo-2-1.webp\",\"width\":2114,\"height\":1253,\"caption\":\"Kohen Avocats\"},\"image\":{\"@id\":\"https:\\\/\\\/kohenavocats.com\\\/tr\\\/#\\\/schema\\\/logo\\\/image\\\/\"}},{\"@type\":\"Person\",\"@id\":\"https:\\\/\\\/kohenavocats.com\\\/tr\\\/#\\\/schema\\\/person\\\/761c9ba54fa1ca84d405cef0831ff751\",\"name\":\"Kohen\",\"image\":{\"@type\":\"ImageObject\",\"inLanguage\":\"tr\",\"@id\":\"https:\\\/\\\/secure.gravatar.com\\\/avatar\\\/1c5e76ef76bbbfdd2b4da984e2bf2fa4056fd51a27d25ce2c332047f1dfd6e00?s=96&d=identicon&r=g\",\"url\":\"https:\\\/\\\/secure.gravatar.com\\\/avatar\\\/1c5e76ef76bbbfdd2b4da984e2bf2fa4056fd51a27d25ce2c332047f1dfd6e00?s=96&d=identicon&r=g\",\"contentUrl\":\"https:\\\/\\\/secure.gravatar.com\\\/avatar\\\/1c5e76ef76bbbfdd2b4da984e2bf2fa4056fd51a27d25ce2c332047f1dfd6e00?s=96&d=identicon&r=g\",\"caption\":\"Kohen\"},\"sameAs\":[\"https:\\\/\\\/www.linkedin.com\\\/in\\\/hassan-kohen-448548192\\\/\",\"https:\\\/\\\/www.youtube.com\\\/@Kohen-Avocats\"],\"url\":\"https:\\\/\\\/kohenavocats.com\\\/tr\\\/author\\\/kohenmlk\\\/\"}]}<\/script>\n<!-- \/ Yoast SEO Premium plugin. -->","yoast_head_json":{"title":"Cour d'appel de Bordeaux, le 13 octobre 2025, n\u00b024\/00425 - Ma\u00eetre Hassan Kohen, avocat en droit p\u00e9nal \u00e0 Paris","description":"Cour d\u2019appel de Bordeaux, le 13 octobre 2025, n\u00b024\/00425. La soci\u00e9t\u00e9 Km Viti Services r\u00e9clame le paiement de factures impay\u00e9es \u00e0 une soci\u00e9t\u00e9 viticole. Cette ...","robots":{"index":"index","follow":"follow","max-snippet":"max-snippet:-1","max-image-preview":"max-image-preview:large","max-video-preview":"max-video-preview:-1"},"canonical":"https:\/\/kohenavocats.com\/tr\/cour-dappel-de-bordeaux-le-13-octobre-2025-n24-00425\/","og_locale":"tr_TR","og_type":"article","og_title":"Cour d'appel de Bordeaux, le 13 octobre 2025, n\u00b024\/00425","og_description":"Cour d\u2019appel de Bordeaux, le 13 octobre 2025, n\u00b024\/00425. La soci\u00e9t\u00e9 Km Viti Services r\u00e9clame le paiement de factures impay\u00e9es \u00e0 une soci\u00e9t\u00e9 viticole. Cette ...","og_url":"https:\/\/kohenavocats.com\/tr\/cour-dappel-de-bordeaux-le-13-octobre-2025-n24-00425\/","og_site_name":"Ma\u00eetre Hassan Kohen, avocat en droit p\u00e9nal \u00e0 Paris","article_published_time":"2026-04-21T09:39:12+00:00","og_image":[{"width":5983,"height":4589,"url":"https:\/\/kohenavocats.com\/wp-content\/uploads\/2024\/08\/dmitrii-eliuseev-VJCxWJ3XZCM-unsplash.webp","type":"image\/webp"}],"author":"Kohen","twitter_card":"summary_large_image","twitter_misc":{"Yazan:":"Kohen","Tahmini okuma s\u00fcresi":"3 dakika"},"schema":{"@context":"https:\/\/schema.org","@graph":[{"@type":"Article","@id":"https:\/\/kohenavocats.com\/tr\/cour-dappel-de-bordeaux-le-13-octobre-2025-n24-00425\/#article","isPartOf":{"@id":"https:\/\/kohenavocats.com\/tr\/cour-dappel-de-bordeaux-le-13-octobre-2025-n24-00425\/"},"author":{"name":"Kohen","@id":"https:\/\/kohenavocats.com\/tr\/#\/schema\/person\/761c9ba54fa1ca84d405cef0831ff751"},"headline":"Cour d&#8217;appel de Bordeaux, le 13 octobre 2025, n\u00b024\/00425","datePublished":"2026-04-21T09:39:12+00:00","mainEntityOfPage":{"@id":"https:\/\/kohenavocats.com\/tr\/cour-dappel-de-bordeaux-le-13-octobre-2025-n24-00425\/"},"wordCount":556,"commentCount":0,"publisher":{"@id":"https:\/\/kohenavocats.com\/tr\/#organization"},"image":{"@id":"https:\/\/kohenavocats.com\/tr\/cour-dappel-de-bordeaux-le-13-octobre-2025-n24-00425\/#primaryimage"},"thumbnailUrl":"https:\/\/kohenavocats.com\/wp-content\/uploads\/2024\/08\/dmitrii-eliuseev-VJCxWJ3XZCM-unsplash.webp","articleSection":["Jurisprudence"],"inLanguage":"tr","potentialAction":[{"@type":"CommentAction","name":"Comment","target":["https:\/\/kohenavocats.com\/tr\/cour-dappel-de-bordeaux-le-13-octobre-2025-n24-00425\/#respond"]}],"citation":"Cour d&#8217;appel de Bordeaux, le 13 octobre 2025, n\u00b024\/00425","about":[{"@type":"Thing","name":"Jurisprudence"}],"dateModified":"2026-04-21T09:39:12+00:00","speakable":{"@type":"SpeakableSpecification","cssSelector":[".article-content > p:first-of-type"]}},{"@type":"WebPage","@id":"https:\/\/kohenavocats.com\/tr\/cour-dappel-de-bordeaux-le-13-octobre-2025-n24-00425\/","url":"https:\/\/kohenavocats.com\/tr\/cour-dappel-de-bordeaux-le-13-octobre-2025-n24-00425\/","name":"Cour d'appel de Bordeaux, le 13 octobre 2025, n\u00b024\/00425 - Ma\u00eetre Hassan Kohen, avocat en droit p\u00e9nal \u00e0 Paris","isPartOf":{"@id":"https:\/\/kohenavocats.com\/tr\/#website"},"primaryImageOfPage":{"@id":"https:\/\/kohenavocats.com\/tr\/cour-dappel-de-bordeaux-le-13-octobre-2025-n24-00425\/#primaryimage"},"image":{"@id":"https:\/\/kohenavocats.com\/tr\/cour-dappel-de-bordeaux-le-13-octobre-2025-n24-00425\/#primaryimage"},"thumbnailUrl":"https:\/\/kohenavocats.com\/wp-content\/uploads\/2024\/08\/dmitrii-eliuseev-VJCxWJ3XZCM-unsplash.webp","datePublished":"2026-04-21T09:39:12+00:00","description":"Cour d\u2019appel de Bordeaux, le 13 octobre 2025, n\u00b024\/00425. La soci\u00e9t\u00e9 Km Viti Services r\u00e9clame le paiement de factures impay\u00e9es \u00e0 une soci\u00e9t\u00e9 viticole. Cette ...","breadcrumb":{"@id":"https:\/\/kohenavocats.com\/tr\/cour-dappel-de-bordeaux-le-13-octobre-2025-n24-00425\/#breadcrumb"},"inLanguage":"tr","potentialAction":[{"@type":"ReadAction","target":["https:\/\/kohenavocats.com\/tr\/cour-dappel-de-bordeaux-le-13-octobre-2025-n24-00425\/"]}]},{"@type":"ImageObject","inLanguage":"tr","@id":"https:\/\/kohenavocats.com\/tr\/cour-dappel-de-bordeaux-le-13-octobre-2025-n24-00425\/#primaryimage","url":"https:\/\/kohenavocats.com\/wp-content\/uploads\/2024\/08\/dmitrii-eliuseev-VJCxWJ3XZCM-unsplash.webp","contentUrl":"https:\/\/kohenavocats.com\/wp-content\/uploads\/2024\/08\/dmitrii-eliuseev-VJCxWJ3XZCM-unsplash.webp","width":5983,"height":4589},{"@type":"BreadcrumbList","@id":"https:\/\/kohenavocats.com\/tr\/cour-dappel-de-bordeaux-le-13-octobre-2025-n24-00425\/#breadcrumb","itemListElement":[{"@type":"ListItem","position":1,"name":"Home","item":"https:\/\/kohenavocats.com\/tr\/avocats-en-droit-penal-a-paris-conseil-et-defense-strategique\/"},{"@type":"ListItem","position":2,"name":"Cour d&rsquo;appel de Bordeaux, le 13 octobre 2025, n\u00b024\/00425"}]},{"@type":"WebSite","@id":"https:\/\/kohenavocats.com\/tr\/#website","url":"https:\/\/kohenavocats.com\/tr\/","name":"Kohen Avocats","description":"Ma\u00eetre Hassan Kohen, avocat p\u00e9naliste \u00e0 Paris, intervient exclusivement en droit p\u00e9nal pour la d\u00e9fense des particuliers, notamment en mati\u00e8re d\u2019accusations de viol. Il assure un accompagnement rigoureux d\u00e8s la garde \u00e0 vue jusqu\u2019\u00e0 la Cour d\u2019assises, veillant au strict respect des garanties proc\u00e9durales.","publisher":{"@id":"https:\/\/kohenavocats.com\/tr\/#organization"},"potentialAction":[{"@type":"SearchAction","target":{"@type":"EntryPoint","urlTemplate":"https:\/\/kohenavocats.com\/tr\/?s={search_term_string}"},"query-input":{"@type":"PropertyValueSpecification","valueRequired":true,"valueName":"search_term_string"}}],"inLanguage":"tr"},{"@type":"Organization","@id":"https:\/\/kohenavocats.com\/tr\/#organization","name":"Kohen Avocats","url":"https:\/\/kohenavocats.com\/tr\/","logo":{"@type":"ImageObject","inLanguage":"tr","@id":"https:\/\/kohenavocats.com\/tr\/#\/schema\/logo\/image\/","url":"https:\/\/kohenavocats.com\/wp-content\/uploads\/2026\/01\/Logo-2-1.webp","contentUrl":"https:\/\/kohenavocats.com\/wp-content\/uploads\/2026\/01\/Logo-2-1.webp","width":2114,"height":1253,"caption":"Kohen Avocats"},"image":{"@id":"https:\/\/kohenavocats.com\/tr\/#\/schema\/logo\/image\/"}},{"@type":"Person","@id":"https:\/\/kohenavocats.com\/tr\/#\/schema\/person\/761c9ba54fa1ca84d405cef0831ff751","name":"Kohen","image":{"@type":"ImageObject","inLanguage":"tr","@id":"https:\/\/secure.gravatar.com\/avatar\/1c5e76ef76bbbfdd2b4da984e2bf2fa4056fd51a27d25ce2c332047f1dfd6e00?s=96&d=identicon&r=g","url":"https:\/\/secure.gravatar.com\/avatar\/1c5e76ef76bbbfdd2b4da984e2bf2fa4056fd51a27d25ce2c332047f1dfd6e00?s=96&d=identicon&r=g","contentUrl":"https:\/\/secure.gravatar.com\/avatar\/1c5e76ef76bbbfdd2b4da984e2bf2fa4056fd51a27d25ce2c332047f1dfd6e00?s=96&d=identicon&r=g","caption":"Kohen"},"sameAs":["https:\/\/www.linkedin.com\/in\/hassan-kohen-448548192\/","https:\/\/www.youtube.com\/@Kohen-Avocats"],"url":"https:\/\/kohenavocats.com\/tr\/author\/kohenmlk\/"}]}},"jetpack_featured_media_url":"https:\/\/kohenavocats.com\/wp-content\/uploads\/2024\/08\/dmitrii-eliuseev-VJCxWJ3XZCM-unsplash.webp","jetpack_likes_enabled":false,"jetpack_shortlink":"https:\/\/wp.me\/peCrII-2FcL","jetpack-related-posts":[{"id":486909,"url":"https:\/\/kohenavocats.com\/tr\/tribunal-judiciaire-le-9-janvier-2025-n25-00425\/","url_meta":{"origin":635051,"position":0},"title":"Tribunal judiciaire, le 9 janvier 2025, n\u00b025\/00425","author":"Kohen","date":"8 Nisan 2026","format":false,"excerpt":"Le tribunal judiciaire, statuant en r\u00e9f\u00e9r\u00e9, a rendu une ordonnance le 9 janvier 2025. La d\u00e9cision concerne un litige entre deux soci\u00e9t\u00e9s suite au d\u00e9faut de p...","rel":"","context":"&quot;Jurisprudence&quot; i\u00e7inde","block_context":{"text":"Jurisprudence","link":"https:\/\/kohenavocats.com\/category\/jurisprudence\/"},"img":{"alt_text":"","src":"https:\/\/i0.wp.com\/kohenavocats.com\/wp-content\/uploads\/2024\/08\/pascal-bernardon-X8u7lVCzhT4-unsplash.webp?resize=350%2C200&ssl=1","width":350,"height":200,"srcset":"https:\/\/i0.wp.com\/kohenavocats.com\/wp-content\/uploads\/2024\/08\/pascal-bernardon-X8u7lVCzhT4-unsplash.webp?resize=350%2C200&ssl=1 1x, https:\/\/i0.wp.com\/kohenavocats.com\/wp-content\/uploads\/2024\/08\/pascal-bernardon-X8u7lVCzhT4-unsplash.webp?resize=525%2C300&ssl=1 1.5x, https:\/\/i0.wp.com\/kohenavocats.com\/wp-content\/uploads\/2024\/08\/pascal-bernardon-X8u7lVCzhT4-unsplash.webp?resize=700%2C400&ssl=1 2x, https:\/\/i0.wp.com\/kohenavocats.com\/wp-content\/uploads\/2024\/08\/pascal-bernardon-X8u7lVCzhT4-unsplash.webp?resize=1050%2C600&ssl=1 3x, https:\/\/i0.wp.com\/kohenavocats.com\/wp-content\/uploads\/2024\/08\/pascal-bernardon-X8u7lVCzhT4-unsplash.webp?resize=1400%2C800&ssl=1 4x"},"classes":[]},{"id":610354,"url":"https:\/\/kohenavocats.com\/tr\/tribunal-judiciaire-de-laval-le-11-juillet-2024-n24-00425\/","url_meta":{"origin":635051,"position":1},"title":"Tribunal judiciaire de Laval, le 11 juillet 2024, n\u00b024\/00425","author":"Kohen","date":"19 Nisan 2026","format":false,"excerpt":"Le tribunal judiciaire, statuant par jugement du 11 juillet 2024, examine un litige n\u00e9 de l'ex\u00e9cution partielle d'un contrat de travaux. L'entrepreneur r\u00e9cla...","rel":"","context":"&quot;Jurisprudence&quot; i\u00e7inde","block_context":{"text":"Jurisprudence","link":"https:\/\/kohenavocats.com\/category\/jurisprudence\/"},"img":{"alt_text":"","src":"https:\/\/i0.wp.com\/kohenavocats.com\/wp-content\/uploads\/2024\/08\/chris-karidis-QSRSgWlAFCQ-unsplash.webp?resize=350%2C200&ssl=1","width":350,"height":200,"srcset":"https:\/\/i0.wp.com\/kohenavocats.com\/wp-content\/uploads\/2024\/08\/chris-karidis-QSRSgWlAFCQ-unsplash.webp?resize=350%2C200&ssl=1 1x, https:\/\/i0.wp.com\/kohenavocats.com\/wp-content\/uploads\/2024\/08\/chris-karidis-QSRSgWlAFCQ-unsplash.webp?resize=525%2C300&ssl=1 1.5x, https:\/\/i0.wp.com\/kohenavocats.com\/wp-content\/uploads\/2024\/08\/chris-karidis-QSRSgWlAFCQ-unsplash.webp?resize=700%2C400&ssl=1 2x, https:\/\/i0.wp.com\/kohenavocats.com\/wp-content\/uploads\/2024\/08\/chris-karidis-QSRSgWlAFCQ-unsplash.webp?resize=1050%2C600&ssl=1 3x, https:\/\/i0.wp.com\/kohenavocats.com\/wp-content\/uploads\/2024\/08\/chris-karidis-QSRSgWlAFCQ-unsplash.webp?resize=1400%2C800&ssl=1 4x"},"classes":[]},{"id":634377,"url":"https:\/\/kohenavocats.com\/tr\/tribunal-judiciaire-de-havre-le-13-octobre-2025-n25-00425\/","url_meta":{"origin":635051,"position":2},"title":"Tribunal judiciaire de Havre, le 13 octobre 2025, n\u00b025\/00425","author":"Kohen","date":"21 Nisan 2026","format":false,"excerpt":"Le tribunal judiciaire du Havre, statuant le 13 octobre 2025, examine une demande de constat de r\u00e9siliation de bail pour d\u00e9faut de paiement. Le bailleur a r\u00e9...","rel":"","context":"&quot;Jurisprudence&quot; i\u00e7inde","block_context":{"text":"Jurisprudence","link":"https:\/\/kohenavocats.com\/category\/jurisprudence\/"},"img":{"alt_text":"","src":"https:\/\/i0.wp.com\/kohenavocats.com\/wp-content\/uploads\/2024\/11\/getty-images-imdnMdUDomE-unsplash.webp?resize=350%2C200&ssl=1","width":350,"height":200,"srcset":"https:\/\/i0.wp.com\/kohenavocats.com\/wp-content\/uploads\/2024\/11\/getty-images-imdnMdUDomE-unsplash.webp?resize=350%2C200&ssl=1 1x, https:\/\/i0.wp.com\/kohenavocats.com\/wp-content\/uploads\/2024\/11\/getty-images-imdnMdUDomE-unsplash.webp?resize=525%2C300&ssl=1 1.5x, https:\/\/i0.wp.com\/kohenavocats.com\/wp-content\/uploads\/2024\/11\/getty-images-imdnMdUDomE-unsplash.webp?resize=700%2C400&ssl=1 2x, https:\/\/i0.wp.com\/kohenavocats.com\/wp-content\/uploads\/2024\/11\/getty-images-imdnMdUDomE-unsplash.webp?resize=1050%2C600&ssl=1 3x, https:\/\/i0.wp.com\/kohenavocats.com\/wp-content\/uploads\/2024\/11\/getty-images-imdnMdUDomE-unsplash.webp?resize=1400%2C800&ssl=1 4x"},"classes":[]},{"id":640388,"url":"https:\/\/kohenavocats.com\/tr\/cour-dappel-de-cayenne-le-4-septembre-2024-n24-00425\/","url_meta":{"origin":635051,"position":3},"title":"Cour d&#8217;appel de Cayenne, le 4 septembre 2024, n\u00b024\/00425","author":"Kohen","date":"21 Nisan 2026","format":false,"excerpt":"La chambre commerciale de la cour d'appel de Cayenne, statuant apr\u00e8s renvoi par un arr\u00eat de la Cour de cassation du 4 septembre 2024, a rejet\u00e9 les demandes d...","rel":"","context":"&quot;Jurisprudence&quot; i\u00e7inde","block_context":{"text":"Jurisprudence","link":"https:\/\/kohenavocats.com\/category\/jurisprudence\/"},"img":{"alt_text":"","src":"https:\/\/i0.wp.com\/kohenavocats.com\/wp-content\/uploads\/2024\/11\/alex-shuper-VcLOsHAk_SA-unsplash.webp?resize=350%2C200&ssl=1","width":350,"height":200,"srcset":"https:\/\/i0.wp.com\/kohenavocats.com\/wp-content\/uploads\/2024\/11\/alex-shuper-VcLOsHAk_SA-unsplash.webp?resize=350%2C200&ssl=1 1x, https:\/\/i0.wp.com\/kohenavocats.com\/wp-content\/uploads\/2024\/11\/alex-shuper-VcLOsHAk_SA-unsplash.webp?resize=525%2C300&ssl=1 1.5x, https:\/\/i0.wp.com\/kohenavocats.com\/wp-content\/uploads\/2024\/11\/alex-shuper-VcLOsHAk_SA-unsplash.webp?resize=700%2C400&ssl=1 2x, https:\/\/i0.wp.com\/kohenavocats.com\/wp-content\/uploads\/2024\/11\/alex-shuper-VcLOsHAk_SA-unsplash.webp?resize=1050%2C600&ssl=1 3x, https:\/\/i0.wp.com\/kohenavocats.com\/wp-content\/uploads\/2024\/11\/alex-shuper-VcLOsHAk_SA-unsplash.webp?resize=1400%2C800&ssl=1 4x"},"classes":[]},{"id":661359,"url":"https:\/\/kohenavocats.com\/tr\/tribunal-judiciaire-de-evreux-le-15-juin-2025-n25-00425\/","url_meta":{"origin":635051,"position":4},"title":"Tribunal judiciaire de \u00c9vreux, le 15 juin 2025, n\u00b025\/00425","author":"Kohen","date":"23 Nisan 2026","format":false,"excerpt":"Le juge des contentieux de la protection a rendu un jugement le 15 juin 2025. L\u2019affaire opposait un \u00e9tablissement de cr\u00e9dit \u00e0 deux emprunteurs d\u00e9faillants su...","rel":"","context":"&quot;Jurisprudence&quot; i\u00e7inde","block_context":{"text":"Jurisprudence","link":"https:\/\/kohenavocats.com\/category\/jurisprudence\/"},"img":{"alt_text":"","src":"https:\/\/i0.wp.com\/kohenavocats.com\/wp-content\/uploads\/2024\/08\/pierre-blache-uMKBGyH8hCk-unsplash.webp?resize=350%2C200&ssl=1","width":350,"height":200,"srcset":"https:\/\/i0.wp.com\/kohenavocats.com\/wp-content\/uploads\/2024\/08\/pierre-blache-uMKBGyH8hCk-unsplash.webp?resize=350%2C200&ssl=1 1x, https:\/\/i0.wp.com\/kohenavocats.com\/wp-content\/uploads\/2024\/08\/pierre-blache-uMKBGyH8hCk-unsplash.webp?resize=525%2C300&ssl=1 1.5x, https:\/\/i0.wp.com\/kohenavocats.com\/wp-content\/uploads\/2024\/08\/pierre-blache-uMKBGyH8hCk-unsplash.webp?resize=700%2C400&ssl=1 2x, https:\/\/i0.wp.com\/kohenavocats.com\/wp-content\/uploads\/2024\/08\/pierre-blache-uMKBGyH8hCk-unsplash.webp?resize=1050%2C600&ssl=1 3x, https:\/\/i0.wp.com\/kohenavocats.com\/wp-content\/uploads\/2024\/08\/pierre-blache-uMKBGyH8hCk-unsplash.webp?resize=1400%2C800&ssl=1 4x"},"classes":[]},{"id":613740,"url":"https:\/\/kohenavocats.com\/tr\/cour-dappel-de-bordeaux-le-13-fevrier-2026-n25-02506\/","url_meta":{"origin":635051,"position":5},"title":"Cour d&#8217;appel de Bordeaux, le 13 f\u00e9vrier 2026, n\u00b025\/02506","author":"Kohen","date":"20 Nisan 2026","format":false,"excerpt":"La Cour d'appel de Bordeaux, statuant le 13 f\u00e9vrier 2026, examine le sort d'une soci\u00e9t\u00e9 viticole plac\u00e9e en redressement judiciaire. Celle-ci sollicite une no...","rel":"","context":"&quot;Jurisprudence&quot; i\u00e7inde","block_context":{"text":"Jurisprudence","link":"https:\/\/kohenavocats.com\/category\/jurisprudence\/"},"img":{"alt_text":"","src":"https:\/\/i0.wp.com\/kohenavocats.com\/wp-content\/uploads\/2024\/08\/stephanie-leblanc-5dZBzZxISXE-unsplash.webp?resize=350%2C200&ssl=1","width":350,"height":200,"srcset":"https:\/\/i0.wp.com\/kohenavocats.com\/wp-content\/uploads\/2024\/08\/stephanie-leblanc-5dZBzZxISXE-unsplash.webp?resize=350%2C200&ssl=1 1x, https:\/\/i0.wp.com\/kohenavocats.com\/wp-content\/uploads\/2024\/08\/stephanie-leblanc-5dZBzZxISXE-unsplash.webp?resize=525%2C300&ssl=1 1.5x, https:\/\/i0.wp.com\/kohenavocats.com\/wp-content\/uploads\/2024\/08\/stephanie-leblanc-5dZBzZxISXE-unsplash.webp?resize=700%2C400&ssl=1 2x, https:\/\/i0.wp.com\/kohenavocats.com\/wp-content\/uploads\/2024\/08\/stephanie-leblanc-5dZBzZxISXE-unsplash.webp?resize=1050%2C600&ssl=1 3x, https:\/\/i0.wp.com\/kohenavocats.com\/wp-content\/uploads\/2024\/08\/stephanie-leblanc-5dZBzZxISXE-unsplash.webp?resize=1400%2C800&ssl=1 4x"},"classes":[]}],"jetpack_sharing_enabled":true,"_links":{"self":[{"href":"https:\/\/kohenavocats.com\/tr\/wp-json\/wp\/v2\/posts\/635051","targetHints":{"allow":["GET"]}}],"collection":[{"href":"https:\/\/kohenavocats.com\/tr\/wp-json\/wp\/v2\/posts"}],"about":[{"href":"https:\/\/kohenavocats.com\/tr\/wp-json\/wp\/v2\/types\/post"}],"author":[{"embeddable":true,"href":"https:\/\/kohenavocats.com\/tr\/wp-json\/wp\/v2\/users\/232070755"}],"replies":[{"embeddable":true,"href":"https:\/\/kohenavocats.com\/tr\/wp-json\/wp\/v2\/comments?post=635051"}],"version-history":[{"count":0,"href":"https:\/\/kohenavocats.com\/tr\/wp-json\/wp\/v2\/posts\/635051\/revisions"}],"wp:featuredmedia":[{"embeddable":true,"href":"https:\/\/kohenavocats.com\/tr\/wp-json\/wp\/v2\/media\/4860"}],"wp:attachment":[{"href":"https:\/\/kohenavocats.com\/tr\/wp-json\/wp\/v2\/media?parent=635051"}],"wp:term":[{"taxonomy":"category","embeddable":true,"href":"https:\/\/kohenavocats.com\/tr\/wp-json\/wp\/v2\/categories?post=635051"},{"taxonomy":"post_tag","embeddable":true,"href":"https:\/\/kohenavocats.com\/tr\/wp-json\/wp\/v2\/tags?post=635051"}],"curies":[{"name":"wp","href":"https:\/\/api.w.org\/{rel}","templated":true}]}}