{"id":640583,"date":"2026-04-21T21:53:42","date_gmt":"2026-04-21T19:53:42","guid":{"rendered":"https:\/\/kohenavocats.com\/cour-dappel-le-2-avril-2025-n25-00261\/"},"modified":"2026-04-21T21:53:42","modified_gmt":"2026-04-21T19:53:42","slug":"cour-dappel-le-2-avril-2025-n25-00261","status":"publish","type":"post","link":"https:\/\/kohenavocats.com\/tr\/cour-dappel-le-2-avril-2025-n25-00261\/","title":{"rendered":"Cour d&#8217;appel, le 2 avril 2025, n\u00b025\/00261"},"content":{"rendered":"<div class=\"article-content\">\n<p>La Cour d&#8217;appel, statuant en r\u00e9f\u00e9r\u00e9, a confirm\u00e9 le 2 avril 2025 une ordonnance rejetant les demandes d&#8217;un syndicat de copropri\u00e9taires. Ce dernier sollicitait la cessation de nuisances sonores li\u00e9es \u00e0 un bloc moteur et l&#8217;interdiction du stockage de conteneurs \u00e0 d\u00e9chets sur une partie commune par un locataire commercial. La juridiction a estim\u00e9 que les conditions du r\u00e9f\u00e9r\u00e9 n&#8217;\u00e9taient pas r\u00e9unies pour l&#8217;une et l&#8217;autre demande.<\/p>\n<p>Le rejet de la demande concernant le bloc moteur<\/p>\n<p>L&#8217;absence de demande pr\u00e9cise en appel<br \/>\nLe syndicat avait sollicit\u00e9 en premi\u00e8re instance des mesures concernant la pose du bloc moteur sur le toit-terrasse. Toutefois, la Cour rel\u00e8ve que son dispositif d&#8217;appel &#8220;ne contient aucune demande concernant le bloc moteur&#8221; et qu&#8217;il &#8220;ne d\u00e9veloppe aucun moyen ni argument sur ce point&#8221;. Le syndicat ne remet donc pas en cause l&#8217;analyse du premier juge, qui avait constat\u00e9 le remplacement de l&#8217;\u00e9quipement et une r\u00e9duction significative du bruit.<\/p>\n<p>L&#8217;insuffisance de la preuve du trouble illicite<br \/>\nLe premier juge avait relev\u00e9 que le remplacement avait permis de passer d&#8217;une pression sonore de 76 d\u00e9cibels \u00e0 36 d\u00e9cibels. Un membre du conseil syndical avait \u00e9crit que &#8220;cette intervention a permis de r\u00e9duire significativement le bruit&#8221;. La Cour confirme que &#8220;le syndicat ne justifie pas notamment par la production d&#8217;un relev\u00e9 de mesures sonores de l&#8217;existence de nuisances sonores au-del\u00e0 du seuil tol\u00e9r\u00e9&#8221;. Elle en d\u00e9duit que &#8220;l&#8217;existence actuelle d&#8217;un trouble manifestement illicite n&#8217;est pas rapport\u00e9e avec l&#8217;\u00e9vidence requise en r\u00e9f\u00e9r\u00e9&#8221;. La port\u00e9e de cette d\u00e9cision est de rappeler la charge de la preuve pesant sur le demandeur en r\u00e9f\u00e9r\u00e9, qui doit d\u00e9montrer avec \u00e9vidence le trouble.<\/p>\n<p>Le rejet de la demande concernant les conteneurs \u00e0 d\u00e9chets<\/p>\n<p>La qualification incontestable de partie commune<br \/>\nLe syndicat soutenait que le stockage g\u00e9n\u00e9rait un trouble anormal. La Cour constate d&#8217;abord que l&#8217;espace utilis\u00e9 est bien une partie commune. Elle note qu&#8217;un repr\u00e9sentant du locataire &#8220;qualifie lui-m\u00eame cet espace de partie commune&#8221; dans un courriel. Elle ajoute qu&#8217;il &#8220;r\u00e9sulte du r\u00e8glement de copropri\u00e9t\u00e9 que &#8216;l&#8217;int\u00e9gralit\u00e9 du sol de la propri\u00e9t\u00e9 tant dans ses parties b\u00e2ties que non b\u00e2ties&#8217; est une partie commune&#8221;. Cette qualification est donc \u00e9tablie sans ambigu\u00eft\u00e9.<\/p>\n<p>Le manquement pr\u00e9alable du syndicat \u00e0 son obligation<br \/>\nLa d\u00e9cision repose sur l&#8217;analyse des obligations r\u00e9ciproques. Selon l&#8217;article 9 de la loi du 10 juillet 1965, &#8220;chaque copropri\u00e9taire use et jouit des parties privatives et des parties communes sous la condition de ne porter atteinte ni aux droits des autres copropri\u00e9taires ni \u00e0 la destination de l&#8217;immeuble&#8221;. La Cour souligne que les copropri\u00e9taires &#8220;sont cr\u00e9anciers \u00e0 l&#8217;\u00e9gard du syndicat des copropri\u00e9taires d&#8217;une obligation de faire consistant \u00e0 leur permettre d&#8217;user et de jouir des parties communes&#8221;. Or, il est soutenu &#8220;qu&#8217;il leur est refus\u00e9 l&#8217;acc\u00e8s \u00e0 un quelconque local \u00e0 poubelles de la r\u00e9sidence&#8221;. D\u00e8s lors, &#8220;le syndicat ne justifie pas lui-m\u00eame remplir \u00e0 l&#8217;\u00e9gard des intim\u00e9s son obligation&#8221;. Le trouble invoqu\u00e9 n&#8217;est donc pas caract\u00e9ris\u00e9. La port\u00e9e est majeure : un syndicat ne peut obtenir la cessation d&#8217;un usage contest\u00e9 d&#8217;une partie commune s&#8217;il fait lui-m\u00eame obstacle au droit d&#8217;usage du copropri\u00e9taire concern\u00e9. La solution renvoie \u00e0 l&#8217;assembl\u00e9e g\u00e9n\u00e9rale la comp\u00e9tence pour d\u00e9terminer un espace d\u00e9di\u00e9.<\/p>\n<\/div>\n","protected":false},"excerpt":{"rendered":"<p>La Cour d&#8217;appel, statuant en r\u00e9f\u00e9r\u00e9, a confirm\u00e9 le 2 avril 2025 une ordonnance rejetant les demandes d&#8217;un syndicat de copropri\u00e9taires. Ce dernier sollicitait&#8230;<\/p>\n","protected":false},"author":232070755,"featured_media":4683,"comment_status":"open","ping_status":"open","sticky":false,"template":"","format":"standard","meta":{"_crdt_document":"","_jetpack_newsletter_access":"","_jetpack_dont_email_post_to_subs":false,"_jetpack_newsletter_tier_id":0,"_jetpack_memberships_contains_paywalled_content":false,"_kj_source_type":"judilibre","_kj_official_id":"68e894a2d8f6cc6d55dd3f48","_kj_official_url":"https:\/\/www.courdecassation.fr\/decision\/68e894a2d8f6cc6d55dd3f48","_kj_judilibre_id":"68e894a2d8f6cc6d55dd3f48","_kj_jur":"Cour d'appel","_kj_lieu":"Cour d'appel de Paris","_kj_chambre":"P\u00f4le 1 - Chambre 2","_kj_rg":"25\/00261","_kj_date":"2025-10-09","_jetpack_memberships_contains_paid_content":false,"footnotes":"","jetpack_post_was_ever_published":false},"categories":[7597],"tags":[],"class_list":["post-640583","post","type-post","status-publish","format-standard","has-post-thumbnail","hentry","category-jurisprudence"],"yoast_head":"<!-- This site is optimized with the Yoast SEO Premium plugin v27.5 (Yoast SEO v27.5) - https:\/\/yoast.com\/product\/yoast-seo-premium-wordpress\/ -->\n<title>Cour d&#039;appel, le 2 avril 2025, n\u00b025\/00261 - Ma\u00eetre Hassan Kohen, avocat en droit p\u00e9nal \u00e0 Paris<\/title>\n<meta name=\"description\" content=\"La Cour d&#039;appel, statuant en r\u00e9f\u00e9r\u00e9, a confirm\u00e9 le 2 avril 2025 une ordonnance rejetant les demandes d&#039;un syndicat de copropri\u00e9taires. Ce dernier sollicitait...\" \/>\n<meta name=\"robots\" content=\"index, follow, max-snippet:-1, max-image-preview:large, max-video-preview:-1\" \/>\n<link rel=\"canonical\" href=\"https:\/\/kohenavocats.com\/tr\/cour-dappel-le-2-avril-2025-n25-00261\/\" \/>\n<meta property=\"og:locale\" content=\"tr_TR\" \/>\n<meta property=\"og:type\" content=\"article\" \/>\n<meta property=\"og:title\" content=\"Cour d&#039;appel, le 2 avril 2025, n\u00b025\/00261\" \/>\n<meta property=\"og:description\" content=\"La Cour d&#039;appel, statuant en r\u00e9f\u00e9r\u00e9, a confirm\u00e9 le 2 avril 2025 une ordonnance rejetant les demandes d&#039;un syndicat de copropri\u00e9taires. Ce dernier sollicitait...\" \/>\n<meta property=\"og:url\" content=\"https:\/\/kohenavocats.com\/tr\/cour-dappel-le-2-avril-2025-n25-00261\/\" \/>\n<meta property=\"og:site_name\" content=\"Ma\u00eetre Hassan Kohen, avocat en droit p\u00e9nal \u00e0 Paris\" \/>\n<meta property=\"article:published_time\" content=\"2026-04-21T19:53:42+00:00\" \/>\n<meta property=\"og:image\" content=\"https:\/\/kohenavocats.com\/wp-content\/uploads\/2024\/08\/joshua-rawson-harris-WLXkaubn0Ig-unsplash.webp\" \/>\n\t<meta property=\"og:image:width\" content=\"6000\" \/>\n\t<meta property=\"og:image:height\" content=\"4000\" \/>\n\t<meta property=\"og:image:type\" content=\"image\/webp\" \/>\n<meta name=\"author\" content=\"Kohen\" \/>\n<meta name=\"twitter:card\" content=\"summary_large_image\" \/>\n<meta name=\"twitter:label1\" content=\"Yazan:\" \/>\n\t<meta name=\"twitter:data1\" content=\"Kohen\" \/>\n\t<meta name=\"twitter:label2\" content=\"Tahmini okuma s\u00fcresi\" \/>\n\t<meta name=\"twitter:data2\" content=\"3 dakika\" \/>\n<script type=\"application\/ld+json\" class=\"yoast-schema-graph\">{\"@context\":\"https:\\\/\\\/schema.org\",\"@graph\":[{\"@type\":\"Article\",\"@id\":\"https:\\\/\\\/kohenavocats.com\\\/tr\\\/cour-dappel-le-2-avril-2025-n25-00261\\\/#article\",\"isPartOf\":{\"@id\":\"https:\\\/\\\/kohenavocats.com\\\/tr\\\/cour-dappel-le-2-avril-2025-n25-00261\\\/\"},\"author\":{\"name\":\"Kohen\",\"@id\":\"https:\\\/\\\/kohenavocats.com\\\/tr\\\/#\\\/schema\\\/person\\\/761c9ba54fa1ca84d405cef0831ff751\"},\"headline\":\"Cour d&#8217;appel, le 2 avril 2025, n\u00b025\\\/00261\",\"datePublished\":\"2026-04-21T19:53:42+00:00\",\"mainEntityOfPage\":{\"@id\":\"https:\\\/\\\/kohenavocats.com\\\/tr\\\/cour-dappel-le-2-avril-2025-n25-00261\\\/\"},\"wordCount\":610,\"commentCount\":0,\"publisher\":{\"@id\":\"https:\\\/\\\/kohenavocats.com\\\/tr\\\/#organization\"},\"image\":{\"@id\":\"https:\\\/\\\/kohenavocats.com\\\/tr\\\/cour-dappel-le-2-avril-2025-n25-00261\\\/#primaryimage\"},\"thumbnailUrl\":\"https:\\\/\\\/kohenavocats.com\\\/wp-content\\\/uploads\\\/2024\\\/08\\\/joshua-rawson-harris-WLXkaubn0Ig-unsplash.webp\",\"articleSection\":[\"Jurisprudence\"],\"inLanguage\":\"tr\",\"potentialAction\":[{\"@type\":\"CommentAction\",\"name\":\"Comment\",\"target\":[\"https:\\\/\\\/kohenavocats.com\\\/tr\\\/cour-dappel-le-2-avril-2025-n25-00261\\\/#respond\"]}],\"citation\":\"Cour d&#8217;appel, le 2 avril 2025, n\u00b025\\\/00261\",\"about\":[{\"@type\":\"Thing\",\"name\":\"Jurisprudence\"}],\"dateModified\":\"2026-04-21T19:53:42+00:00\",\"speakable\":{\"@type\":\"SpeakableSpecification\",\"cssSelector\":[\".article-content > p:first-of-type\"]}},{\"@type\":\"WebPage\",\"@id\":\"https:\\\/\\\/kohenavocats.com\\\/tr\\\/cour-dappel-le-2-avril-2025-n25-00261\\\/\",\"url\":\"https:\\\/\\\/kohenavocats.com\\\/tr\\\/cour-dappel-le-2-avril-2025-n25-00261\\\/\",\"name\":\"Cour d'appel, le 2 avril 2025, n\u00b025\\\/00261 - Ma\u00eetre Hassan Kohen, avocat en droit p\u00e9nal \u00e0 Paris\",\"isPartOf\":{\"@id\":\"https:\\\/\\\/kohenavocats.com\\\/tr\\\/#website\"},\"primaryImageOfPage\":{\"@id\":\"https:\\\/\\\/kohenavocats.com\\\/tr\\\/cour-dappel-le-2-avril-2025-n25-00261\\\/#primaryimage\"},\"image\":{\"@id\":\"https:\\\/\\\/kohenavocats.com\\\/tr\\\/cour-dappel-le-2-avril-2025-n25-00261\\\/#primaryimage\"},\"thumbnailUrl\":\"https:\\\/\\\/kohenavocats.com\\\/wp-content\\\/uploads\\\/2024\\\/08\\\/joshua-rawson-harris-WLXkaubn0Ig-unsplash.webp\",\"datePublished\":\"2026-04-21T19:53:42+00:00\",\"description\":\"La Cour d'appel, statuant en r\u00e9f\u00e9r\u00e9, a confirm\u00e9 le 2 avril 2025 une ordonnance rejetant les demandes d'un syndicat de copropri\u00e9taires. Ce dernier sollicitait...\",\"breadcrumb\":{\"@id\":\"https:\\\/\\\/kohenavocats.com\\\/tr\\\/cour-dappel-le-2-avril-2025-n25-00261\\\/#breadcrumb\"},\"inLanguage\":\"tr\",\"potentialAction\":[{\"@type\":\"ReadAction\",\"target\":[\"https:\\\/\\\/kohenavocats.com\\\/tr\\\/cour-dappel-le-2-avril-2025-n25-00261\\\/\"]}]},{\"@type\":\"ImageObject\",\"inLanguage\":\"tr\",\"@id\":\"https:\\\/\\\/kohenavocats.com\\\/tr\\\/cour-dappel-le-2-avril-2025-n25-00261\\\/#primaryimage\",\"url\":\"https:\\\/\\\/kohenavocats.com\\\/wp-content\\\/uploads\\\/2024\\\/08\\\/joshua-rawson-harris-WLXkaubn0Ig-unsplash.webp\",\"contentUrl\":\"https:\\\/\\\/kohenavocats.com\\\/wp-content\\\/uploads\\\/2024\\\/08\\\/joshua-rawson-harris-WLXkaubn0Ig-unsplash.webp\",\"width\":6000,\"height\":4000},{\"@type\":\"BreadcrumbList\",\"@id\":\"https:\\\/\\\/kohenavocats.com\\\/tr\\\/cour-dappel-le-2-avril-2025-n25-00261\\\/#breadcrumb\",\"itemListElement\":[{\"@type\":\"ListItem\",\"position\":1,\"name\":\"Home\",\"item\":\"https:\\\/\\\/kohenavocats.com\\\/tr\\\/avocats-en-droit-penal-a-paris-conseil-et-defense-strategique\\\/\"},{\"@type\":\"ListItem\",\"position\":2,\"name\":\"Cour d&rsquo;appel, le 2 avril 2025, n\u00b025\\\/00261\"}]},{\"@type\":\"WebSite\",\"@id\":\"https:\\\/\\\/kohenavocats.com\\\/tr\\\/#website\",\"url\":\"https:\\\/\\\/kohenavocats.com\\\/tr\\\/\",\"name\":\"Kohen Avocats\",\"description\":\"Ma\u00eetre Hassan Kohen, avocat p\u00e9naliste \u00e0 Paris, intervient exclusivement en droit p\u00e9nal pour la d\u00e9fense des particuliers, notamment en mati\u00e8re d\u2019accusations de viol. Il assure un accompagnement rigoureux d\u00e8s la garde \u00e0 vue jusqu\u2019\u00e0 la Cour d\u2019assises, veillant au strict respect des garanties proc\u00e9durales.\",\"publisher\":{\"@id\":\"https:\\\/\\\/kohenavocats.com\\\/tr\\\/#organization\"},\"potentialAction\":[{\"@type\":\"SearchAction\",\"target\":{\"@type\":\"EntryPoint\",\"urlTemplate\":\"https:\\\/\\\/kohenavocats.com\\\/tr\\\/?s={search_term_string}\"},\"query-input\":{\"@type\":\"PropertyValueSpecification\",\"valueRequired\":true,\"valueName\":\"search_term_string\"}}],\"inLanguage\":\"tr\"},{\"@type\":\"Organization\",\"@id\":\"https:\\\/\\\/kohenavocats.com\\\/tr\\\/#organization\",\"name\":\"Kohen Avocats\",\"url\":\"https:\\\/\\\/kohenavocats.com\\\/tr\\\/\",\"logo\":{\"@type\":\"ImageObject\",\"inLanguage\":\"tr\",\"@id\":\"https:\\\/\\\/kohenavocats.com\\\/tr\\\/#\\\/schema\\\/logo\\\/image\\\/\",\"url\":\"https:\\\/\\\/kohenavocats.com\\\/wp-content\\\/uploads\\\/2026\\\/01\\\/Logo-2-1.webp\",\"contentUrl\":\"https:\\\/\\\/kohenavocats.com\\\/wp-content\\\/uploads\\\/2026\\\/01\\\/Logo-2-1.webp\",\"width\":2114,\"height\":1253,\"caption\":\"Kohen Avocats\"},\"image\":{\"@id\":\"https:\\\/\\\/kohenavocats.com\\\/tr\\\/#\\\/schema\\\/logo\\\/image\\\/\"}},{\"@type\":\"Person\",\"@id\":\"https:\\\/\\\/kohenavocats.com\\\/tr\\\/#\\\/schema\\\/person\\\/761c9ba54fa1ca84d405cef0831ff751\",\"name\":\"Kohen\",\"image\":{\"@type\":\"ImageObject\",\"inLanguage\":\"tr\",\"@id\":\"https:\\\/\\\/secure.gravatar.com\\\/avatar\\\/1c5e76ef76bbbfdd2b4da984e2bf2fa4056fd51a27d25ce2c332047f1dfd6e00?s=96&d=identicon&r=g\",\"url\":\"https:\\\/\\\/secure.gravatar.com\\\/avatar\\\/1c5e76ef76bbbfdd2b4da984e2bf2fa4056fd51a27d25ce2c332047f1dfd6e00?s=96&d=identicon&r=g\",\"contentUrl\":\"https:\\\/\\\/secure.gravatar.com\\\/avatar\\\/1c5e76ef76bbbfdd2b4da984e2bf2fa4056fd51a27d25ce2c332047f1dfd6e00?s=96&d=identicon&r=g\",\"caption\":\"Kohen\"},\"sameAs\":[\"https:\\\/\\\/www.linkedin.com\\\/in\\\/hassan-kohen-448548192\\\/\",\"https:\\\/\\\/www.youtube.com\\\/@Kohen-Avocats\"],\"url\":\"https:\\\/\\\/kohenavocats.com\\\/tr\\\/author\\\/kohenmlk\\\/\"}]}<\/script>\n<!-- \/ Yoast SEO Premium plugin. -->","yoast_head_json":{"title":"Cour d'appel, le 2 avril 2025, n\u00b025\/00261 - Ma\u00eetre Hassan Kohen, avocat en droit p\u00e9nal \u00e0 Paris","description":"La Cour d'appel, statuant en r\u00e9f\u00e9r\u00e9, a confirm\u00e9 le 2 avril 2025 une ordonnance rejetant les demandes d'un syndicat de copropri\u00e9taires. Ce dernier sollicitait...","robots":{"index":"index","follow":"follow","max-snippet":"max-snippet:-1","max-image-preview":"max-image-preview:large","max-video-preview":"max-video-preview:-1"},"canonical":"https:\/\/kohenavocats.com\/tr\/cour-dappel-le-2-avril-2025-n25-00261\/","og_locale":"tr_TR","og_type":"article","og_title":"Cour d'appel, le 2 avril 2025, n\u00b025\/00261","og_description":"La Cour d'appel, statuant en r\u00e9f\u00e9r\u00e9, a confirm\u00e9 le 2 avril 2025 une ordonnance rejetant les demandes d'un syndicat de copropri\u00e9taires. Ce dernier sollicitait...","og_url":"https:\/\/kohenavocats.com\/tr\/cour-dappel-le-2-avril-2025-n25-00261\/","og_site_name":"Ma\u00eetre Hassan Kohen, avocat en droit p\u00e9nal \u00e0 Paris","article_published_time":"2026-04-21T19:53:42+00:00","og_image":[{"width":6000,"height":4000,"url":"https:\/\/kohenavocats.com\/wp-content\/uploads\/2024\/08\/joshua-rawson-harris-WLXkaubn0Ig-unsplash.webp","type":"image\/webp"}],"author":"Kohen","twitter_card":"summary_large_image","twitter_misc":{"Yazan:":"Kohen","Tahmini okuma s\u00fcresi":"3 dakika"},"schema":{"@context":"https:\/\/schema.org","@graph":[{"@type":"Article","@id":"https:\/\/kohenavocats.com\/tr\/cour-dappel-le-2-avril-2025-n25-00261\/#article","isPartOf":{"@id":"https:\/\/kohenavocats.com\/tr\/cour-dappel-le-2-avril-2025-n25-00261\/"},"author":{"name":"Kohen","@id":"https:\/\/kohenavocats.com\/tr\/#\/schema\/person\/761c9ba54fa1ca84d405cef0831ff751"},"headline":"Cour d&#8217;appel, le 2 avril 2025, n\u00b025\/00261","datePublished":"2026-04-21T19:53:42+00:00","mainEntityOfPage":{"@id":"https:\/\/kohenavocats.com\/tr\/cour-dappel-le-2-avril-2025-n25-00261\/"},"wordCount":610,"commentCount":0,"publisher":{"@id":"https:\/\/kohenavocats.com\/tr\/#organization"},"image":{"@id":"https:\/\/kohenavocats.com\/tr\/cour-dappel-le-2-avril-2025-n25-00261\/#primaryimage"},"thumbnailUrl":"https:\/\/kohenavocats.com\/wp-content\/uploads\/2024\/08\/joshua-rawson-harris-WLXkaubn0Ig-unsplash.webp","articleSection":["Jurisprudence"],"inLanguage":"tr","potentialAction":[{"@type":"CommentAction","name":"Comment","target":["https:\/\/kohenavocats.com\/tr\/cour-dappel-le-2-avril-2025-n25-00261\/#respond"]}],"citation":"Cour d&#8217;appel, le 2 avril 2025, n\u00b025\/00261","about":[{"@type":"Thing","name":"Jurisprudence"}],"dateModified":"2026-04-21T19:53:42+00:00","speakable":{"@type":"SpeakableSpecification","cssSelector":[".article-content > p:first-of-type"]}},{"@type":"WebPage","@id":"https:\/\/kohenavocats.com\/tr\/cour-dappel-le-2-avril-2025-n25-00261\/","url":"https:\/\/kohenavocats.com\/tr\/cour-dappel-le-2-avril-2025-n25-00261\/","name":"Cour d'appel, le 2 avril 2025, n\u00b025\/00261 - Ma\u00eetre Hassan Kohen, avocat en droit p\u00e9nal \u00e0 Paris","isPartOf":{"@id":"https:\/\/kohenavocats.com\/tr\/#website"},"primaryImageOfPage":{"@id":"https:\/\/kohenavocats.com\/tr\/cour-dappel-le-2-avril-2025-n25-00261\/#primaryimage"},"image":{"@id":"https:\/\/kohenavocats.com\/tr\/cour-dappel-le-2-avril-2025-n25-00261\/#primaryimage"},"thumbnailUrl":"https:\/\/kohenavocats.com\/wp-content\/uploads\/2024\/08\/joshua-rawson-harris-WLXkaubn0Ig-unsplash.webp","datePublished":"2026-04-21T19:53:42+00:00","description":"La Cour d'appel, statuant en r\u00e9f\u00e9r\u00e9, a confirm\u00e9 le 2 avril 2025 une ordonnance rejetant les demandes d'un syndicat de copropri\u00e9taires. Ce dernier sollicitait...","breadcrumb":{"@id":"https:\/\/kohenavocats.com\/tr\/cour-dappel-le-2-avril-2025-n25-00261\/#breadcrumb"},"inLanguage":"tr","potentialAction":[{"@type":"ReadAction","target":["https:\/\/kohenavocats.com\/tr\/cour-dappel-le-2-avril-2025-n25-00261\/"]}]},{"@type":"ImageObject","inLanguage":"tr","@id":"https:\/\/kohenavocats.com\/tr\/cour-dappel-le-2-avril-2025-n25-00261\/#primaryimage","url":"https:\/\/kohenavocats.com\/wp-content\/uploads\/2024\/08\/joshua-rawson-harris-WLXkaubn0Ig-unsplash.webp","contentUrl":"https:\/\/kohenavocats.com\/wp-content\/uploads\/2024\/08\/joshua-rawson-harris-WLXkaubn0Ig-unsplash.webp","width":6000,"height":4000},{"@type":"BreadcrumbList","@id":"https:\/\/kohenavocats.com\/tr\/cour-dappel-le-2-avril-2025-n25-00261\/#breadcrumb","itemListElement":[{"@type":"ListItem","position":1,"name":"Home","item":"https:\/\/kohenavocats.com\/tr\/avocats-en-droit-penal-a-paris-conseil-et-defense-strategique\/"},{"@type":"ListItem","position":2,"name":"Cour d&rsquo;appel, le 2 avril 2025, n\u00b025\/00261"}]},{"@type":"WebSite","@id":"https:\/\/kohenavocats.com\/tr\/#website","url":"https:\/\/kohenavocats.com\/tr\/","name":"Kohen Avocats","description":"Ma\u00eetre Hassan Kohen, avocat p\u00e9naliste \u00e0 Paris, intervient exclusivement en droit p\u00e9nal pour la d\u00e9fense des particuliers, notamment en mati\u00e8re d\u2019accusations de viol. Il assure un accompagnement rigoureux d\u00e8s la garde \u00e0 vue jusqu\u2019\u00e0 la Cour d\u2019assises, veillant au strict respect des garanties proc\u00e9durales.","publisher":{"@id":"https:\/\/kohenavocats.com\/tr\/#organization"},"potentialAction":[{"@type":"SearchAction","target":{"@type":"EntryPoint","urlTemplate":"https:\/\/kohenavocats.com\/tr\/?s={search_term_string}"},"query-input":{"@type":"PropertyValueSpecification","valueRequired":true,"valueName":"search_term_string"}}],"inLanguage":"tr"},{"@type":"Organization","@id":"https:\/\/kohenavocats.com\/tr\/#organization","name":"Kohen Avocats","url":"https:\/\/kohenavocats.com\/tr\/","logo":{"@type":"ImageObject","inLanguage":"tr","@id":"https:\/\/kohenavocats.com\/tr\/#\/schema\/logo\/image\/","url":"https:\/\/kohenavocats.com\/wp-content\/uploads\/2026\/01\/Logo-2-1.webp","contentUrl":"https:\/\/kohenavocats.com\/wp-content\/uploads\/2026\/01\/Logo-2-1.webp","width":2114,"height":1253,"caption":"Kohen Avocats"},"image":{"@id":"https:\/\/kohenavocats.com\/tr\/#\/schema\/logo\/image\/"}},{"@type":"Person","@id":"https:\/\/kohenavocats.com\/tr\/#\/schema\/person\/761c9ba54fa1ca84d405cef0831ff751","name":"Kohen","image":{"@type":"ImageObject","inLanguage":"tr","@id":"https:\/\/secure.gravatar.com\/avatar\/1c5e76ef76bbbfdd2b4da984e2bf2fa4056fd51a27d25ce2c332047f1dfd6e00?s=96&d=identicon&r=g","url":"https:\/\/secure.gravatar.com\/avatar\/1c5e76ef76bbbfdd2b4da984e2bf2fa4056fd51a27d25ce2c332047f1dfd6e00?s=96&d=identicon&r=g","contentUrl":"https:\/\/secure.gravatar.com\/avatar\/1c5e76ef76bbbfdd2b4da984e2bf2fa4056fd51a27d25ce2c332047f1dfd6e00?s=96&d=identicon&r=g","caption":"Kohen"},"sameAs":["https:\/\/www.linkedin.com\/in\/hassan-kohen-448548192\/","https:\/\/www.youtube.com\/@Kohen-Avocats"],"url":"https:\/\/kohenavocats.com\/tr\/author\/kohenmlk\/"}]}},"jetpack_featured_media_url":"https:\/\/kohenavocats.com\/wp-content\/uploads\/2024\/08\/joshua-rawson-harris-WLXkaubn0Ig-unsplash.webp","jetpack_likes_enabled":false,"jetpack_shortlink":"https:\/\/wp.me\/peCrII-2GDZ","jetpack-related-posts":[{"id":524087,"url":"https:\/\/kohenavocats.com\/tr\/cour-dappel-de-paris-le-9-octobre-2025-n25-00261\/","url_meta":{"origin":640583,"position":0},"title":"Cour d&#8217;appel de Paris, le 9 octobre 2025, n\u00b025\/00261","author":"Kohen","date":"9 Nisan 2026","format":false,"excerpt":"La Cour d'appel, statuant en r\u00e9f\u00e9r\u00e9, a confirm\u00e9 le 2 avril 2025 une ordonnance rejetant les demandes d'un syndicat de copropri\u00e9taires. Ce dernier...","rel":"","context":"&quot;Cour d'appel&quot; i\u00e7inde","block_context":{"text":"Cour d'appel","link":"https:\/\/kohenavocats.com\/category\/cour-dappel\/"},"img":{"alt_text":"","src":"https:\/\/i0.wp.com\/kohenavocats.com\/wp-content\/uploads\/2024\/11\/getty-images-tKKyX0mbpQs-unsplash.webp?resize=350%2C200&ssl=1","width":350,"height":200,"srcset":"https:\/\/i0.wp.com\/kohenavocats.com\/wp-content\/uploads\/2024\/11\/getty-images-tKKyX0mbpQs-unsplash.webp?resize=350%2C200&ssl=1 1x, https:\/\/i0.wp.com\/kohenavocats.com\/wp-content\/uploads\/2024\/11\/getty-images-tKKyX0mbpQs-unsplash.webp?resize=525%2C300&ssl=1 1.5x, https:\/\/i0.wp.com\/kohenavocats.com\/wp-content\/uploads\/2024\/11\/getty-images-tKKyX0mbpQs-unsplash.webp?resize=700%2C400&ssl=1 2x, https:\/\/i0.wp.com\/kohenavocats.com\/wp-content\/uploads\/2024\/11\/getty-images-tKKyX0mbpQs-unsplash.webp?resize=1050%2C600&ssl=1 3x, https:\/\/i0.wp.com\/kohenavocats.com\/wp-content\/uploads\/2024\/11\/getty-images-tKKyX0mbpQs-unsplash.webp?resize=1400%2C800&ssl=1 4x"},"classes":[]},{"id":754585,"url":"https:\/\/kohenavocats.com\/tr\/tribunal-judiciaire-de-la-reunion-le-16-janvier-2026-n25-01931\/","url_meta":{"origin":640583,"position":1},"title":"Tribunal judiciaire de La R\u00e9union, le 16 janvier 2026, n\u00b025\/01931","author":"Kohen","date":"29 Nisan 2026","format":false,"excerpt":"Le tribunal judiciaire de Saint-Pierre de la R\u00e9union, dans un jugement du 16 janvier 2026, a prononc\u00e9 la r\u00e9solution d\u2019un contrat de vente pour d\u00e9faut...","rel":"","context":"&quot;D\u00e9cisions juridiques&quot; i\u00e7inde","block_context":{"text":"D\u00e9cisions juridiques","link":"https:\/\/kohenavocats.com\/category\/decisions-juridiques\/"},"img":{"alt_text":"","src":"https:\/\/i0.wp.com\/kohenavocats.com\/wp-content\/uploads\/2024\/07\/lucie-morel-DsWjM4iOmyA-unsplash.webp?resize=350%2C200&ssl=1","width":350,"height":200,"srcset":"https:\/\/i0.wp.com\/kohenavocats.com\/wp-content\/uploads\/2024\/07\/lucie-morel-DsWjM4iOmyA-unsplash.webp?resize=350%2C200&ssl=1 1x, https:\/\/i0.wp.com\/kohenavocats.com\/wp-content\/uploads\/2024\/07\/lucie-morel-DsWjM4iOmyA-unsplash.webp?resize=525%2C300&ssl=1 1.5x, https:\/\/i0.wp.com\/kohenavocats.com\/wp-content\/uploads\/2024\/07\/lucie-morel-DsWjM4iOmyA-unsplash.webp?resize=700%2C400&ssl=1 2x, https:\/\/i0.wp.com\/kohenavocats.com\/wp-content\/uploads\/2024\/07\/lucie-morel-DsWjM4iOmyA-unsplash.webp?resize=1050%2C600&ssl=1 3x, https:\/\/i0.wp.com\/kohenavocats.com\/wp-content\/uploads\/2024\/07\/lucie-morel-DsWjM4iOmyA-unsplash.webp?resize=1400%2C800&ssl=1 4x"},"classes":[]},{"id":754582,"url":"https:\/\/kohenavocats.com\/tr\/tribunal-judiciaire-de-saint-pierre-de-la-reunion-le-16-janvier-2026-n25-01931\/","url_meta":{"origin":640583,"position":2},"title":"Tribunal judiciaire de Saint-Pierre de la R\u00e9union, le 16 janvier 2026, n\u00b025\/01931","author":"Kohen","date":"29 Nisan 2026","format":false,"excerpt":"Le tribunal judiciaire de Saint-Pierre de la R\u00e9union, dans un jugement du 16 janvier 2026, a prononc\u00e9 la r\u00e9solution d\u2019un contrat de vente pour d\u00e9faut d\u2019infor...","rel":"","context":"&quot;Jurisprudence&quot; i\u00e7inde","block_context":{"text":"Jurisprudence","link":"https:\/\/kohenavocats.com\/category\/jurisprudence\/"},"img":{"alt_text":"","src":"https:\/\/i0.wp.com\/kohenavocats.com\/wp-content\/uploads\/2024\/08\/chris-karidis-PIOqHJG5a1U-unsplash.webp?resize=350%2C200&ssl=1","width":350,"height":200,"srcset":"https:\/\/i0.wp.com\/kohenavocats.com\/wp-content\/uploads\/2024\/08\/chris-karidis-PIOqHJG5a1U-unsplash.webp?resize=350%2C200&ssl=1 1x, https:\/\/i0.wp.com\/kohenavocats.com\/wp-content\/uploads\/2024\/08\/chris-karidis-PIOqHJG5a1U-unsplash.webp?resize=525%2C300&ssl=1 1.5x, https:\/\/i0.wp.com\/kohenavocats.com\/wp-content\/uploads\/2024\/08\/chris-karidis-PIOqHJG5a1U-unsplash.webp?resize=700%2C400&ssl=1 2x, https:\/\/i0.wp.com\/kohenavocats.com\/wp-content\/uploads\/2024\/08\/chris-karidis-PIOqHJG5a1U-unsplash.webp?resize=1050%2C600&ssl=1 3x, https:\/\/i0.wp.com\/kohenavocats.com\/wp-content\/uploads\/2024\/08\/chris-karidis-PIOqHJG5a1U-unsplash.webp?resize=1400%2C800&ssl=1 4x"},"classes":[]},{"id":311736,"url":"https:\/\/kohenavocats.com\/tr\/tribunal-de-commerce-de-melun-le-28-juillet-2025-n2024f00171\/","url_meta":{"origin":640583,"position":3},"title":"Tribunal de commerce de Melun, le 28 juillet 2025, n\u00b02024F00171","author":"Kohen","date":"6 \u015eubat 2026","format":false,"excerpt":"Le tribunal de commerce de Melun, par jugement du 28 juillet 2025, a \u00e9t\u00e9 saisi d\u2019un litige relatif \u00e0 la vente d\u2019un v\u00e9hicule d\u2019occasion. L\u2019acqu\u00e9reur demandait la r\u00e9solution de la vente pour vice cach\u00e9, invoquant une panne moteur survenue peu apr\u00e8s l\u2019achat. Le vendeur principal contestait cette action en garantie\u2026","rel":"","context":"&quot;D\u00e9cisions juridiques&quot; i\u00e7inde","block_context":{"text":"D\u00e9cisions juridiques","link":"https:\/\/kohenavocats.com\/category\/decisions-juridiques\/"},"img":{"alt_text":"","src":"https:\/\/i0.wp.com\/kohenavocats.com\/wp-content\/uploads\/2024\/11\/mohamed-nohassi-_gRInX3DeBQ-unsplash.webp?resize=350%2C200&ssl=1","width":350,"height":200,"srcset":"https:\/\/i0.wp.com\/kohenavocats.com\/wp-content\/uploads\/2024\/11\/mohamed-nohassi-_gRInX3DeBQ-unsplash.webp?resize=350%2C200&ssl=1 1x, https:\/\/i0.wp.com\/kohenavocats.com\/wp-content\/uploads\/2024\/11\/mohamed-nohassi-_gRInX3DeBQ-unsplash.webp?resize=525%2C300&ssl=1 1.5x, https:\/\/i0.wp.com\/kohenavocats.com\/wp-content\/uploads\/2024\/11\/mohamed-nohassi-_gRInX3DeBQ-unsplash.webp?resize=700%2C400&ssl=1 2x, https:\/\/i0.wp.com\/kohenavocats.com\/wp-content\/uploads\/2024\/11\/mohamed-nohassi-_gRInX3DeBQ-unsplash.webp?resize=1050%2C600&ssl=1 3x, https:\/\/i0.wp.com\/kohenavocats.com\/wp-content\/uploads\/2024\/11\/mohamed-nohassi-_gRInX3DeBQ-unsplash.webp?resize=1400%2C800&ssl=1 4x"},"classes":[]},{"id":487341,"url":"https:\/\/kohenavocats.com\/tr\/tribunal-judiciaire-le-26-novembre-2025-n25-01261\/","url_meta":{"origin":640583,"position":4},"title":"Tribunal judiciaire, le 26 novembre 2025, n\u00b025\/01261","author":"Kohen","date":"8 Nisan 2026","format":false,"excerpt":"Le tribunal judiciaire statuant en r\u00e9f\u00e9r\u00e9, le 26 novembre 2025, a \u00e9t\u00e9 saisi par un syndicat de copropri\u00e9taires. Ce dernier sollicitait la remise en \u00e9tat de d...","rel":"","context":"&quot;Jurisprudence&quot; i\u00e7inde","block_context":{"text":"Jurisprudence","link":"https:\/\/kohenavocats.com\/category\/jurisprudence\/"},"img":{"alt_text":"","src":"https:\/\/i0.wp.com\/kohenavocats.com\/wp-content\/uploads\/2024\/11\/jerome-maas-qrCOmWOMdbk-unsplash.webp?resize=350%2C200&ssl=1","width":350,"height":200,"srcset":"https:\/\/i0.wp.com\/kohenavocats.com\/wp-content\/uploads\/2024\/11\/jerome-maas-qrCOmWOMdbk-unsplash.webp?resize=350%2C200&ssl=1 1x, https:\/\/i0.wp.com\/kohenavocats.com\/wp-content\/uploads\/2024\/11\/jerome-maas-qrCOmWOMdbk-unsplash.webp?resize=525%2C300&ssl=1 1.5x, https:\/\/i0.wp.com\/kohenavocats.com\/wp-content\/uploads\/2024\/11\/jerome-maas-qrCOmWOMdbk-unsplash.webp?resize=700%2C400&ssl=1 2x, https:\/\/i0.wp.com\/kohenavocats.com\/wp-content\/uploads\/2024\/11\/jerome-maas-qrCOmWOMdbk-unsplash.webp?resize=1050%2C600&ssl=1 3x, https:\/\/i0.wp.com\/kohenavocats.com\/wp-content\/uploads\/2024\/11\/jerome-maas-qrCOmWOMdbk-unsplash.webp?resize=1400%2C800&ssl=1 4x"},"classes":[]},{"id":685202,"url":"https:\/\/kohenavocats.com\/tr\/tribunal-judiciaire-le-19-juin-2025-n23-09360\/","url_meta":{"origin":640583,"position":5},"title":"Tribunal judiciaire, le 19 juin 2025, n\u00b023\/09360","author":"Kohen","date":"25 Nisan 2026","format":false,"excerpt":"Par un jugement du Tribunal judiciaire de [Localit\u00e9 5] du 19 juin 2025, la 5e chambre, 2e section, tranche un litige relatif \u00e0 la conformit\u00e9 d\u2019un v\u00e9hicule de...","rel":"","context":"&quot;Jurisprudence&quot; i\u00e7inde","block_context":{"text":"Jurisprudence","link":"https:\/\/kohenavocats.com\/category\/jurisprudence\/"},"img":{"alt_text":"","src":"https:\/\/i0.wp.com\/kohenavocats.com\/wp-content\/uploads\/2024\/08\/jonathan-velasquez-eUSpDPSFdKU-unsplash.webp?resize=350%2C200&ssl=1","width":350,"height":200,"srcset":"https:\/\/i0.wp.com\/kohenavocats.com\/wp-content\/uploads\/2024\/08\/jonathan-velasquez-eUSpDPSFdKU-unsplash.webp?resize=350%2C200&ssl=1 1x, https:\/\/i0.wp.com\/kohenavocats.com\/wp-content\/uploads\/2024\/08\/jonathan-velasquez-eUSpDPSFdKU-unsplash.webp?resize=525%2C300&ssl=1 1.5x, https:\/\/i0.wp.com\/kohenavocats.com\/wp-content\/uploads\/2024\/08\/jonathan-velasquez-eUSpDPSFdKU-unsplash.webp?resize=700%2C400&ssl=1 2x, https:\/\/i0.wp.com\/kohenavocats.com\/wp-content\/uploads\/2024\/08\/jonathan-velasquez-eUSpDPSFdKU-unsplash.webp?resize=1050%2C600&ssl=1 3x, https:\/\/i0.wp.com\/kohenavocats.com\/wp-content\/uploads\/2024\/08\/jonathan-velasquez-eUSpDPSFdKU-unsplash.webp?resize=1400%2C800&ssl=1 4x"},"classes":[]}],"jetpack_sharing_enabled":true,"_links":{"self":[{"href":"https:\/\/kohenavocats.com\/tr\/wp-json\/wp\/v2\/posts\/640583","targetHints":{"allow":["GET"]}}],"collection":[{"href":"https:\/\/kohenavocats.com\/tr\/wp-json\/wp\/v2\/posts"}],"about":[{"href":"https:\/\/kohenavocats.com\/tr\/wp-json\/wp\/v2\/types\/post"}],"author":[{"embeddable":true,"href":"https:\/\/kohenavocats.com\/tr\/wp-json\/wp\/v2\/users\/232070755"}],"replies":[{"embeddable":true,"href":"https:\/\/kohenavocats.com\/tr\/wp-json\/wp\/v2\/comments?post=640583"}],"version-history":[{"count":0,"href":"https:\/\/kohenavocats.com\/tr\/wp-json\/wp\/v2\/posts\/640583\/revisions"}],"wp:featuredmedia":[{"embeddable":true,"href":"https:\/\/kohenavocats.com\/tr\/wp-json\/wp\/v2\/media\/4683"}],"wp:attachment":[{"href":"https:\/\/kohenavocats.com\/tr\/wp-json\/wp\/v2\/media?parent=640583"}],"wp:term":[{"taxonomy":"category","embeddable":true,"href":"https:\/\/kohenavocats.com\/tr\/wp-json\/wp\/v2\/categories?post=640583"},{"taxonomy":"post_tag","embeddable":true,"href":"https:\/\/kohenavocats.com\/tr\/wp-json\/wp\/v2\/tags?post=640583"}],"curies":[{"name":"wp","href":"https:\/\/api.w.org\/{rel}","templated":true}]}}