{"id":641090,"date":"2026-04-21T22:58:00","date_gmt":"2026-04-21T20:58:00","guid":{"rendered":"https:\/\/kohenavocats.com\/cour-dappel-de-paris-le-30-avril-2025-n25-00094\/"},"modified":"2026-04-21T22:58:00","modified_gmt":"2026-04-21T20:58:00","slug":"cour-dappel-de-paris-le-30-avril-2025-n25-00094","status":"publish","type":"post","link":"https:\/\/kohenavocats.com\/tr\/cour-dappel-de-paris-le-30-avril-2025-n25-00094\/","title":{"rendered":"Cour d&#8217;appel de Paris, le 30 avril 2025, n\u00b025\/00094"},"content":{"rendered":"<div class=\"article-content\">\n<p>La Cour d&#8217;appel de Paris, statuant le 30 avril 2025, examine un litige relatif \u00e0 une proc\u00e9dure de saisie immobili\u00e8re. Un d\u00e9biteur forme appel contre un jugement autorisant la vente forc\u00e9e de ses biens. La cour doit se prononcer sur la jonction de proc\u00e9dures, une intervention volontaire et la recevabilit\u00e9 de demandes nouvelles en appel. Elle rejette l&#8217;ensemble des moyens soulev\u00e9s par le d\u00e9biteur et confirme le jugement d\u00e9f\u00e9r\u00e9.<\/p>\n<p>La r\u00e9gularit\u00e9 proc\u00e9durale de l&#8217;intervention d&#8217;un cessionnaire<\/p>\n<p>La cour valide d&#8217;abord l&#8217;intervention d&#8217;un fonds de titrisation cessionnaire de la cr\u00e9ance. Elle constate la cession d&#8217;un portefeuille de cr\u00e9ances par l&#8217;institution financi\u00e8re originaire au fonds commun de titrisation. La soci\u00e9t\u00e9 charg\u00e9e du recouvrement agit en repr\u00e9sentation directe de ce fonds. Elle fonde sa d\u00e9cision sur l&#8217;article L.214-172 du code mon\u00e9taire et financier, qui organise cette repr\u00e9sentation. &#8220;Par d\u00e9rogation au premier alin\u00e9a de l&#8217;article L. 214-183, dans tous les cas o\u00f9 tout ou partie de la gestion ou du recouvrement de tout \u00e9l\u00e9ment d&#8217;actif n&#8217;est pas effectu\u00e9 directement par la soci\u00e9t\u00e9 de gestion mais par une entit\u00e9 tierce en application du pr\u00e9sent article, cette entit\u00e9 peut repr\u00e9senter directement l&#8217;organisme dans toutes les actions en justice li\u00e9es \u00e0 la gestion et au recouvrement de l&#8217;actif, y compris toute d\u00e9claration de cr\u00e9ance et toute mesure d&#8217;ex\u00e9cution, sans qu&#8217;il soit besoin qu&#8217;elle obtienne un mandat sp\u00e9cial \u00e0 cet effet ni qu&#8217;elle mentionne la soci\u00e9t\u00e9 de gestion dans les actes&#8221; (article L.214-172 alin\u00e9a 6 du code mon\u00e9taire et financier). La notification de la cession au d\u00e9biteur est intervenue post\u00e9rieurement \u00e0 l&#8217;acte de saisie mais avant la d\u00e9claration de cr\u00e9ance dans la proc\u00e9dure. La cour estime ce formalisme suffisant pour l&#8217;intervention, sans exiger d&#8217;ant\u00e9riorit\u00e9 par rapport \u00e0 la saisie. Cette solution assouplit les conditions d&#8217;opposabilit\u00e9 de la cession dans le cadre proc\u00e9dural. Elle facilite ainsi la repr\u00e9sentation en justice des organismes de titrisation et la fluidit\u00e9 des transferts de cr\u00e9ances.<\/p>\n<p>L&#8217;irrecevabilit\u00e9 des moyens nouveaux en appel<\/p>\n<p>La cour d\u00e9clare ensuite irrecevables les demandes form\u00e9es pour la premi\u00e8re fois en appel. Elle rappelle le r\u00e9gime strict des contestations en mati\u00e8re de saisie immobili\u00e8re. &#8220;A peine d&#8217;irrecevabilit\u00e9 prononc\u00e9e d&#8217;office, aucune contestation ni aucune demande incidente ne peut, sauf dispositions contraires, \u00eatre form\u00e9e apr\u00e8s l&#8217;audience d&#8217;orientation pr\u00e9vue \u00e0 l&#8217;article R. 322-15 \u00e0 moins qu&#8217;elle porte sur les actes de proc\u00e9dure post\u00e9rieurs \u00e0 celle-ci&#8221; (article R.311-5 du code des proc\u00e9dures civiles d&#8217;ex\u00e9cution). En l&#8217;esp\u00e8ce, le d\u00e9biteur n&#8217;a pas comparu \u00e0 l&#8217;audience d&#8217;orientation initiale. Il n&#8217;a soulev\u00e9 aucune contestation \u00e0 ce stade sur la validit\u00e9 des actes ou le principe de la cr\u00e9ance. Les demandes en appel visant la suspension ou la vente amiable sont donc tardives. La cour \u00e9carte l&#8217;argument tir\u00e9 d&#8217;une ordonnance de sursis \u00e0 statuer indiquant un moyen s\u00e9rieux. Elle juge que l&#8217;existence d&#8217;un moyen au fond ne r\u00e9gularise pas une irrecevabilit\u00e9 proc\u00e9durale. Cette application rigoureuse s\u00e9curise le d\u00e9roulement des proc\u00e9dures d&#8217;ex\u00e9cution. Elle sanctionne la carence du d\u00e9biteur \u00e0 d\u00e9fendre ses int\u00e9r\u00eats en premi\u00e8re instance dans les d\u00e9lais impartis.<\/p>\n<\/div>\n","protected":false},"excerpt":{"rendered":"<p>La Cour d&#8217;appel de Paris, statuant le 30 avril 2025, examine un litige relatif \u00e0 une proc\u00e9dure de saisie immobili\u00e8re. Un d\u00e9biteur forme appel contre un jugem&#8230;<\/p>\n","protected":false},"author":232070755,"featured_media":4764,"comment_status":"open","ping_status":"open","sticky":false,"template":"","format":"standard","meta":{"_crdt_document":"","_jetpack_newsletter_access":"","_jetpack_dont_email_post_to_subs":false,"_jetpack_newsletter_tier_id":0,"_jetpack_memberships_contains_paywalled_content":false,"_kj_source_type":"","_kj_official_id":"","_kj_official_url":"","_kj_judilibre_id":"","_kj_jur":"","_kj_lieu":"","_kj_chambre":"","_kj_rg":"","_kj_date":"","_jetpack_memberships_contains_paid_content":false,"footnotes":"","jetpack_post_was_ever_published":false},"categories":[7597],"tags":[],"class_list":["post-641090","post","type-post","status-publish","format-standard","has-post-thumbnail","hentry","category-jurisprudence"],"yoast_head":"<!-- This site is optimized with the Yoast SEO Premium plugin v27.5 (Yoast SEO v27.5) - https:\/\/yoast.com\/product\/yoast-seo-premium-wordpress\/ -->\n<title>Cour d&#039;appel de Paris, le 30 avril 2025, n\u00b025\/00094 - Ma\u00eetre Hassan Kohen, avocat en droit p\u00e9nal \u00e0 Paris<\/title>\n<meta name=\"description\" content=\"La Cour d&#039;appel de Paris, statuant le 30 avril 2025, examine un litige relatif \u00e0 une proc\u00e9dure de saisie immobili\u00e8re. Un d\u00e9biteur forme appel contre un jugem...\" \/>\n<meta name=\"robots\" content=\"index, follow, max-snippet:-1, max-image-preview:large, max-video-preview:-1\" \/>\n<link rel=\"canonical\" href=\"https:\/\/kohenavocats.com\/tr\/cour-dappel-de-paris-le-30-avril-2025-n25-00094\/\" \/>\n<meta property=\"og:locale\" content=\"tr_TR\" \/>\n<meta property=\"og:type\" content=\"article\" \/>\n<meta property=\"og:title\" content=\"Cour d&#039;appel de Paris, le 30 avril 2025, n\u00b025\/00094\" \/>\n<meta property=\"og:description\" content=\"La Cour d&#039;appel de Paris, statuant le 30 avril 2025, examine un litige relatif \u00e0 une proc\u00e9dure de saisie immobili\u00e8re. Un d\u00e9biteur forme appel contre un jugem...\" \/>\n<meta property=\"og:url\" content=\"https:\/\/kohenavocats.com\/tr\/cour-dappel-de-paris-le-30-avril-2025-n25-00094\/\" \/>\n<meta property=\"og:site_name\" content=\"Ma\u00eetre Hassan Kohen, avocat en droit p\u00e9nal \u00e0 Paris\" \/>\n<meta property=\"article:published_time\" content=\"2026-04-21T20:58:00+00:00\" \/>\n<meta property=\"og:image\" content=\"https:\/\/kohenavocats.com\/wp-content\/uploads\/2024\/08\/jean-baptiste-d-1cEU-jXHCuM-unsplash.webp\" \/>\n\t<meta property=\"og:image:width\" content=\"4592\" \/>\n\t<meta property=\"og:image:height\" content=\"3056\" \/>\n\t<meta property=\"og:image:type\" content=\"image\/webp\" \/>\n<meta name=\"author\" content=\"Kohen\" \/>\n<meta name=\"twitter:card\" content=\"summary_large_image\" \/>\n<meta name=\"twitter:label1\" content=\"Yazan:\" \/>\n\t<meta name=\"twitter:data1\" content=\"Kohen\" \/>\n\t<meta name=\"twitter:label2\" content=\"Tahmini okuma s\u00fcresi\" \/>\n\t<meta name=\"twitter:data2\" content=\"3 dakika\" \/>\n<script type=\"application\/ld+json\" class=\"yoast-schema-graph\">{\"@context\":\"https:\\\/\\\/schema.org\",\"@graph\":[{\"@type\":\"Article\",\"@id\":\"https:\\\/\\\/kohenavocats.com\\\/tr\\\/cour-dappel-de-paris-le-30-avril-2025-n25-00094\\\/#article\",\"isPartOf\":{\"@id\":\"https:\\\/\\\/kohenavocats.com\\\/tr\\\/cour-dappel-de-paris-le-30-avril-2025-n25-00094\\\/\"},\"author\":{\"name\":\"Kohen\",\"@id\":\"https:\\\/\\\/kohenavocats.com\\\/tr\\\/#\\\/schema\\\/person\\\/761c9ba54fa1ca84d405cef0831ff751\"},\"headline\":\"Cour d&#8217;appel de Paris, le 30 avril 2025, n\u00b025\\\/00094\",\"datePublished\":\"2026-04-21T20:58:00+00:00\",\"mainEntityOfPage\":{\"@id\":\"https:\\\/\\\/kohenavocats.com\\\/tr\\\/cour-dappel-de-paris-le-30-avril-2025-n25-00094\\\/\"},\"wordCount\":599,\"commentCount\":0,\"publisher\":{\"@id\":\"https:\\\/\\\/kohenavocats.com\\\/tr\\\/#organization\"},\"image\":{\"@id\":\"https:\\\/\\\/kohenavocats.com\\\/tr\\\/cour-dappel-de-paris-le-30-avril-2025-n25-00094\\\/#primaryimage\"},\"thumbnailUrl\":\"https:\\\/\\\/kohenavocats.com\\\/wp-content\\\/uploads\\\/2024\\\/08\\\/jean-baptiste-d-1cEU-jXHCuM-unsplash.webp\",\"articleSection\":[\"Jurisprudence\"],\"inLanguage\":\"tr\",\"potentialAction\":[{\"@type\":\"CommentAction\",\"name\":\"Comment\",\"target\":[\"https:\\\/\\\/kohenavocats.com\\\/tr\\\/cour-dappel-de-paris-le-30-avril-2025-n25-00094\\\/#respond\"]}],\"citation\":\"Cour d&#8217;appel de Paris, le 30 avril 2025, n\u00b025\\\/00094\",\"about\":[{\"@type\":\"Thing\",\"name\":\"Jurisprudence\"}],\"dateModified\":\"2026-04-21T20:58:00+00:00\",\"speakable\":{\"@type\":\"SpeakableSpecification\",\"cssSelector\":[\".article-content > p:first-of-type\"]}},{\"@type\":\"WebPage\",\"@id\":\"https:\\\/\\\/kohenavocats.com\\\/tr\\\/cour-dappel-de-paris-le-30-avril-2025-n25-00094\\\/\",\"url\":\"https:\\\/\\\/kohenavocats.com\\\/tr\\\/cour-dappel-de-paris-le-30-avril-2025-n25-00094\\\/\",\"name\":\"Cour d'appel de Paris, le 30 avril 2025, n\u00b025\\\/00094 - Ma\u00eetre Hassan Kohen, avocat en droit p\u00e9nal \u00e0 Paris\",\"isPartOf\":{\"@id\":\"https:\\\/\\\/kohenavocats.com\\\/tr\\\/#website\"},\"primaryImageOfPage\":{\"@id\":\"https:\\\/\\\/kohenavocats.com\\\/tr\\\/cour-dappel-de-paris-le-30-avril-2025-n25-00094\\\/#primaryimage\"},\"image\":{\"@id\":\"https:\\\/\\\/kohenavocats.com\\\/tr\\\/cour-dappel-de-paris-le-30-avril-2025-n25-00094\\\/#primaryimage\"},\"thumbnailUrl\":\"https:\\\/\\\/kohenavocats.com\\\/wp-content\\\/uploads\\\/2024\\\/08\\\/jean-baptiste-d-1cEU-jXHCuM-unsplash.webp\",\"datePublished\":\"2026-04-21T20:58:00+00:00\",\"description\":\"La Cour d'appel de Paris, statuant le 30 avril 2025, examine un litige relatif \u00e0 une proc\u00e9dure de saisie immobili\u00e8re. Un d\u00e9biteur forme appel contre un jugem...\",\"breadcrumb\":{\"@id\":\"https:\\\/\\\/kohenavocats.com\\\/tr\\\/cour-dappel-de-paris-le-30-avril-2025-n25-00094\\\/#breadcrumb\"},\"inLanguage\":\"tr\",\"potentialAction\":[{\"@type\":\"ReadAction\",\"target\":[\"https:\\\/\\\/kohenavocats.com\\\/tr\\\/cour-dappel-de-paris-le-30-avril-2025-n25-00094\\\/\"]}]},{\"@type\":\"ImageObject\",\"inLanguage\":\"tr\",\"@id\":\"https:\\\/\\\/kohenavocats.com\\\/tr\\\/cour-dappel-de-paris-le-30-avril-2025-n25-00094\\\/#primaryimage\",\"url\":\"https:\\\/\\\/kohenavocats.com\\\/wp-content\\\/uploads\\\/2024\\\/08\\\/jean-baptiste-d-1cEU-jXHCuM-unsplash.webp\",\"contentUrl\":\"https:\\\/\\\/kohenavocats.com\\\/wp-content\\\/uploads\\\/2024\\\/08\\\/jean-baptiste-d-1cEU-jXHCuM-unsplash.webp\",\"width\":4592,\"height\":3056},{\"@type\":\"BreadcrumbList\",\"@id\":\"https:\\\/\\\/kohenavocats.com\\\/tr\\\/cour-dappel-de-paris-le-30-avril-2025-n25-00094\\\/#breadcrumb\",\"itemListElement\":[{\"@type\":\"ListItem\",\"position\":1,\"name\":\"Home\",\"item\":\"https:\\\/\\\/kohenavocats.com\\\/tr\\\/avocats-en-droit-penal-a-paris-conseil-et-defense-strategique\\\/\"},{\"@type\":\"ListItem\",\"position\":2,\"name\":\"Cour d&rsquo;appel de Paris, le 30 avril 2025, n\u00b025\\\/00094\"}]},{\"@type\":\"WebSite\",\"@id\":\"https:\\\/\\\/kohenavocats.com\\\/tr\\\/#website\",\"url\":\"https:\\\/\\\/kohenavocats.com\\\/tr\\\/\",\"name\":\"Kohen Avocats\",\"description\":\"Ma\u00eetre Hassan Kohen, avocat p\u00e9naliste \u00e0 Paris, intervient exclusivement en droit p\u00e9nal pour la d\u00e9fense des particuliers, notamment en mati\u00e8re d\u2019accusations de viol. Il assure un accompagnement rigoureux d\u00e8s la garde \u00e0 vue jusqu\u2019\u00e0 la Cour d\u2019assises, veillant au strict respect des garanties proc\u00e9durales.\",\"publisher\":{\"@id\":\"https:\\\/\\\/kohenavocats.com\\\/tr\\\/#organization\"},\"potentialAction\":[{\"@type\":\"SearchAction\",\"target\":{\"@type\":\"EntryPoint\",\"urlTemplate\":\"https:\\\/\\\/kohenavocats.com\\\/tr\\\/?s={search_term_string}\"},\"query-input\":{\"@type\":\"PropertyValueSpecification\",\"valueRequired\":true,\"valueName\":\"search_term_string\"}}],\"inLanguage\":\"tr\"},{\"@type\":\"Organization\",\"@id\":\"https:\\\/\\\/kohenavocats.com\\\/tr\\\/#organization\",\"name\":\"Kohen Avocats\",\"url\":\"https:\\\/\\\/kohenavocats.com\\\/tr\\\/\",\"logo\":{\"@type\":\"ImageObject\",\"inLanguage\":\"tr\",\"@id\":\"https:\\\/\\\/kohenavocats.com\\\/tr\\\/#\\\/schema\\\/logo\\\/image\\\/\",\"url\":\"https:\\\/\\\/kohenavocats.com\\\/wp-content\\\/uploads\\\/2026\\\/01\\\/Logo-2-1.webp\",\"contentUrl\":\"https:\\\/\\\/kohenavocats.com\\\/wp-content\\\/uploads\\\/2026\\\/01\\\/Logo-2-1.webp\",\"width\":2114,\"height\":1253,\"caption\":\"Kohen Avocats\"},\"image\":{\"@id\":\"https:\\\/\\\/kohenavocats.com\\\/tr\\\/#\\\/schema\\\/logo\\\/image\\\/\"}},{\"@type\":\"Person\",\"@id\":\"https:\\\/\\\/kohenavocats.com\\\/tr\\\/#\\\/schema\\\/person\\\/761c9ba54fa1ca84d405cef0831ff751\",\"name\":\"Kohen\",\"image\":{\"@type\":\"ImageObject\",\"inLanguage\":\"tr\",\"@id\":\"https:\\\/\\\/secure.gravatar.com\\\/avatar\\\/1c5e76ef76bbbfdd2b4da984e2bf2fa4056fd51a27d25ce2c332047f1dfd6e00?s=96&d=identicon&r=g\",\"url\":\"https:\\\/\\\/secure.gravatar.com\\\/avatar\\\/1c5e76ef76bbbfdd2b4da984e2bf2fa4056fd51a27d25ce2c332047f1dfd6e00?s=96&d=identicon&r=g\",\"contentUrl\":\"https:\\\/\\\/secure.gravatar.com\\\/avatar\\\/1c5e76ef76bbbfdd2b4da984e2bf2fa4056fd51a27d25ce2c332047f1dfd6e00?s=96&d=identicon&r=g\",\"caption\":\"Kohen\"},\"sameAs\":[\"https:\\\/\\\/www.linkedin.com\\\/in\\\/hassan-kohen-448548192\\\/\",\"https:\\\/\\\/www.youtube.com\\\/@Kohen-Avocats\"],\"url\":\"https:\\\/\\\/kohenavocats.com\\\/tr\\\/author\\\/kohenmlk\\\/\"}]}<\/script>\n<!-- \/ Yoast SEO Premium plugin. -->","yoast_head_json":{"title":"Cour d'appel de Paris, le 30 avril 2025, n\u00b025\/00094 - Ma\u00eetre Hassan Kohen, avocat en droit p\u00e9nal \u00e0 Paris","description":"La Cour d'appel de Paris, statuant le 30 avril 2025, examine un litige relatif \u00e0 une proc\u00e9dure de saisie immobili\u00e8re. Un d\u00e9biteur forme appel contre un jugem...","robots":{"index":"index","follow":"follow","max-snippet":"max-snippet:-1","max-image-preview":"max-image-preview:large","max-video-preview":"max-video-preview:-1"},"canonical":"https:\/\/kohenavocats.com\/tr\/cour-dappel-de-paris-le-30-avril-2025-n25-00094\/","og_locale":"tr_TR","og_type":"article","og_title":"Cour d'appel de Paris, le 30 avril 2025, n\u00b025\/00094","og_description":"La Cour d'appel de Paris, statuant le 30 avril 2025, examine un litige relatif \u00e0 une proc\u00e9dure de saisie immobili\u00e8re. Un d\u00e9biteur forme appel contre un jugem...","og_url":"https:\/\/kohenavocats.com\/tr\/cour-dappel-de-paris-le-30-avril-2025-n25-00094\/","og_site_name":"Ma\u00eetre Hassan Kohen, avocat en droit p\u00e9nal \u00e0 Paris","article_published_time":"2026-04-21T20:58:00+00:00","og_image":[{"width":4592,"height":3056,"url":"https:\/\/kohenavocats.com\/wp-content\/uploads\/2024\/08\/jean-baptiste-d-1cEU-jXHCuM-unsplash.webp","type":"image\/webp"}],"author":"Kohen","twitter_card":"summary_large_image","twitter_misc":{"Yazan:":"Kohen","Tahmini okuma s\u00fcresi":"3 dakika"},"schema":{"@context":"https:\/\/schema.org","@graph":[{"@type":"Article","@id":"https:\/\/kohenavocats.com\/tr\/cour-dappel-de-paris-le-30-avril-2025-n25-00094\/#article","isPartOf":{"@id":"https:\/\/kohenavocats.com\/tr\/cour-dappel-de-paris-le-30-avril-2025-n25-00094\/"},"author":{"name":"Kohen","@id":"https:\/\/kohenavocats.com\/tr\/#\/schema\/person\/761c9ba54fa1ca84d405cef0831ff751"},"headline":"Cour d&#8217;appel de Paris, le 30 avril 2025, n\u00b025\/00094","datePublished":"2026-04-21T20:58:00+00:00","mainEntityOfPage":{"@id":"https:\/\/kohenavocats.com\/tr\/cour-dappel-de-paris-le-30-avril-2025-n25-00094\/"},"wordCount":599,"commentCount":0,"publisher":{"@id":"https:\/\/kohenavocats.com\/tr\/#organization"},"image":{"@id":"https:\/\/kohenavocats.com\/tr\/cour-dappel-de-paris-le-30-avril-2025-n25-00094\/#primaryimage"},"thumbnailUrl":"https:\/\/kohenavocats.com\/wp-content\/uploads\/2024\/08\/jean-baptiste-d-1cEU-jXHCuM-unsplash.webp","articleSection":["Jurisprudence"],"inLanguage":"tr","potentialAction":[{"@type":"CommentAction","name":"Comment","target":["https:\/\/kohenavocats.com\/tr\/cour-dappel-de-paris-le-30-avril-2025-n25-00094\/#respond"]}],"citation":"Cour d&#8217;appel de Paris, le 30 avril 2025, n\u00b025\/00094","about":[{"@type":"Thing","name":"Jurisprudence"}],"dateModified":"2026-04-21T20:58:00+00:00","speakable":{"@type":"SpeakableSpecification","cssSelector":[".article-content > p:first-of-type"]}},{"@type":"WebPage","@id":"https:\/\/kohenavocats.com\/tr\/cour-dappel-de-paris-le-30-avril-2025-n25-00094\/","url":"https:\/\/kohenavocats.com\/tr\/cour-dappel-de-paris-le-30-avril-2025-n25-00094\/","name":"Cour d'appel de Paris, le 30 avril 2025, n\u00b025\/00094 - Ma\u00eetre Hassan Kohen, avocat en droit p\u00e9nal \u00e0 Paris","isPartOf":{"@id":"https:\/\/kohenavocats.com\/tr\/#website"},"primaryImageOfPage":{"@id":"https:\/\/kohenavocats.com\/tr\/cour-dappel-de-paris-le-30-avril-2025-n25-00094\/#primaryimage"},"image":{"@id":"https:\/\/kohenavocats.com\/tr\/cour-dappel-de-paris-le-30-avril-2025-n25-00094\/#primaryimage"},"thumbnailUrl":"https:\/\/kohenavocats.com\/wp-content\/uploads\/2024\/08\/jean-baptiste-d-1cEU-jXHCuM-unsplash.webp","datePublished":"2026-04-21T20:58:00+00:00","description":"La Cour d'appel de Paris, statuant le 30 avril 2025, examine un litige relatif \u00e0 une proc\u00e9dure de saisie immobili\u00e8re. Un d\u00e9biteur forme appel contre un jugem...","breadcrumb":{"@id":"https:\/\/kohenavocats.com\/tr\/cour-dappel-de-paris-le-30-avril-2025-n25-00094\/#breadcrumb"},"inLanguage":"tr","potentialAction":[{"@type":"ReadAction","target":["https:\/\/kohenavocats.com\/tr\/cour-dappel-de-paris-le-30-avril-2025-n25-00094\/"]}]},{"@type":"ImageObject","inLanguage":"tr","@id":"https:\/\/kohenavocats.com\/tr\/cour-dappel-de-paris-le-30-avril-2025-n25-00094\/#primaryimage","url":"https:\/\/kohenavocats.com\/wp-content\/uploads\/2024\/08\/jean-baptiste-d-1cEU-jXHCuM-unsplash.webp","contentUrl":"https:\/\/kohenavocats.com\/wp-content\/uploads\/2024\/08\/jean-baptiste-d-1cEU-jXHCuM-unsplash.webp","width":4592,"height":3056},{"@type":"BreadcrumbList","@id":"https:\/\/kohenavocats.com\/tr\/cour-dappel-de-paris-le-30-avril-2025-n25-00094\/#breadcrumb","itemListElement":[{"@type":"ListItem","position":1,"name":"Home","item":"https:\/\/kohenavocats.com\/tr\/avocats-en-droit-penal-a-paris-conseil-et-defense-strategique\/"},{"@type":"ListItem","position":2,"name":"Cour d&rsquo;appel de Paris, le 30 avril 2025, n\u00b025\/00094"}]},{"@type":"WebSite","@id":"https:\/\/kohenavocats.com\/tr\/#website","url":"https:\/\/kohenavocats.com\/tr\/","name":"Kohen Avocats","description":"Ma\u00eetre Hassan Kohen, avocat p\u00e9naliste \u00e0 Paris, intervient exclusivement en droit p\u00e9nal pour la d\u00e9fense des particuliers, notamment en mati\u00e8re d\u2019accusations de viol. Il assure un accompagnement rigoureux d\u00e8s la garde \u00e0 vue jusqu\u2019\u00e0 la Cour d\u2019assises, veillant au strict respect des garanties proc\u00e9durales.","publisher":{"@id":"https:\/\/kohenavocats.com\/tr\/#organization"},"potentialAction":[{"@type":"SearchAction","target":{"@type":"EntryPoint","urlTemplate":"https:\/\/kohenavocats.com\/tr\/?s={search_term_string}"},"query-input":{"@type":"PropertyValueSpecification","valueRequired":true,"valueName":"search_term_string"}}],"inLanguage":"tr"},{"@type":"Organization","@id":"https:\/\/kohenavocats.com\/tr\/#organization","name":"Kohen Avocats","url":"https:\/\/kohenavocats.com\/tr\/","logo":{"@type":"ImageObject","inLanguage":"tr","@id":"https:\/\/kohenavocats.com\/tr\/#\/schema\/logo\/image\/","url":"https:\/\/kohenavocats.com\/wp-content\/uploads\/2026\/01\/Logo-2-1.webp","contentUrl":"https:\/\/kohenavocats.com\/wp-content\/uploads\/2026\/01\/Logo-2-1.webp","width":2114,"height":1253,"caption":"Kohen Avocats"},"image":{"@id":"https:\/\/kohenavocats.com\/tr\/#\/schema\/logo\/image\/"}},{"@type":"Person","@id":"https:\/\/kohenavocats.com\/tr\/#\/schema\/person\/761c9ba54fa1ca84d405cef0831ff751","name":"Kohen","image":{"@type":"ImageObject","inLanguage":"tr","@id":"https:\/\/secure.gravatar.com\/avatar\/1c5e76ef76bbbfdd2b4da984e2bf2fa4056fd51a27d25ce2c332047f1dfd6e00?s=96&d=identicon&r=g","url":"https:\/\/secure.gravatar.com\/avatar\/1c5e76ef76bbbfdd2b4da984e2bf2fa4056fd51a27d25ce2c332047f1dfd6e00?s=96&d=identicon&r=g","contentUrl":"https:\/\/secure.gravatar.com\/avatar\/1c5e76ef76bbbfdd2b4da984e2bf2fa4056fd51a27d25ce2c332047f1dfd6e00?s=96&d=identicon&r=g","caption":"Kohen"},"sameAs":["https:\/\/www.linkedin.com\/in\/hassan-kohen-448548192\/","https:\/\/www.youtube.com\/@Kohen-Avocats"],"url":"https:\/\/kohenavocats.com\/tr\/author\/kohenmlk\/"}]}},"jetpack_featured_media_url":"https:\/\/kohenavocats.com\/wp-content\/uploads\/2024\/08\/jean-baptiste-d-1cEU-jXHCuM-unsplash.webp","jetpack_likes_enabled":false,"jetpack_shortlink":"https:\/\/wp.me\/peCrII-2GMa","jetpack-related-posts":[{"id":236810,"url":"https:\/\/kohenavocats.com\/tr\/cour-dappel-de-paris-le-2-juillet-2025-n23-11607\/","url_meta":{"origin":641090,"position":0},"title":"Cour d&#8217;appel de Paris, le 2 juillet 2025, n\u00b023\/11607","author":"Kohen","date":"29 Aral\u0131k 2025","format":false,"excerpt":"La cession de cr\u00e9ances bancaires et le r\u00e9gime du cautionnement en cas de liquidation judiciaire du d\u00e9biteur principal constituent des questions r\u00e9currentes du contentieux commercial. L'arr\u00eat rendu par la Cour d'appel de Paris le 2 juillet 2025 en offre une illustration significative, \u00e0 travers le prisme de la titrisation et\u2026","rel":"","context":"&quot;Cour d'appel&quot; i\u00e7inde","block_context":{"text":"Cour d'appel","link":"https:\/\/kohenavocats.com\/category\/cour-dappel\/"},"img":{"alt_text":"","src":"https:\/\/i0.wp.com\/kohenavocats.com\/wp-content\/uploads\/2024\/11\/getty-images-ZIgIJuMcKZI-unsplash.webp?resize=350%2C200&ssl=1","width":350,"height":200,"srcset":"https:\/\/i0.wp.com\/kohenavocats.com\/wp-content\/uploads\/2024\/11\/getty-images-ZIgIJuMcKZI-unsplash.webp?resize=350%2C200&ssl=1 1x, https:\/\/i0.wp.com\/kohenavocats.com\/wp-content\/uploads\/2024\/11\/getty-images-ZIgIJuMcKZI-unsplash.webp?resize=525%2C300&ssl=1 1.5x, https:\/\/i0.wp.com\/kohenavocats.com\/wp-content\/uploads\/2024\/11\/getty-images-ZIgIJuMcKZI-unsplash.webp?resize=700%2C400&ssl=1 2x, https:\/\/i0.wp.com\/kohenavocats.com\/wp-content\/uploads\/2024\/11\/getty-images-ZIgIJuMcKZI-unsplash.webp?resize=1050%2C600&ssl=1 3x, https:\/\/i0.wp.com\/kohenavocats.com\/wp-content\/uploads\/2024\/11\/getty-images-ZIgIJuMcKZI-unsplash.webp?resize=1400%2C800&ssl=1 4x"},"classes":[]},{"id":663473,"url":"https:\/\/kohenavocats.com\/tr\/cour-dappel-de-paris-le-20-mai-2025-n23-06893\/","url_meta":{"origin":641090,"position":1},"title":"Cour d&#8217;appel de Paris, le 20 mai 2025, n\u00b023\/06893","author":"Kohen","date":"23 Nisan 2026","format":false,"excerpt":"La Cour d'appel de Paris, statuant le 20 mai 2025, examine un litige relatif au recouvrement d'une cr\u00e9ance issue d'un cr\u00e9dit. Le cessionnaire successif de la...","rel":"","context":"&quot;Jurisprudence&quot; i\u00e7inde","block_context":{"text":"Jurisprudence","link":"https:\/\/kohenavocats.com\/category\/jurisprudence\/"},"img":{"alt_text":"","src":"https:\/\/i0.wp.com\/kohenavocats.com\/wp-content\/uploads\/2024\/11\/zyanya-citlalli-MB_Pu3bOkQg-unsplash.webp?resize=350%2C200&ssl=1","width":350,"height":200,"srcset":"https:\/\/i0.wp.com\/kohenavocats.com\/wp-content\/uploads\/2024\/11\/zyanya-citlalli-MB_Pu3bOkQg-unsplash.webp?resize=350%2C200&ssl=1 1x, https:\/\/i0.wp.com\/kohenavocats.com\/wp-content\/uploads\/2024\/11\/zyanya-citlalli-MB_Pu3bOkQg-unsplash.webp?resize=525%2C300&ssl=1 1.5x, https:\/\/i0.wp.com\/kohenavocats.com\/wp-content\/uploads\/2024\/11\/zyanya-citlalli-MB_Pu3bOkQg-unsplash.webp?resize=700%2C400&ssl=1 2x, https:\/\/i0.wp.com\/kohenavocats.com\/wp-content\/uploads\/2024\/11\/zyanya-citlalli-MB_Pu3bOkQg-unsplash.webp?resize=1050%2C600&ssl=1 3x, https:\/\/i0.wp.com\/kohenavocats.com\/wp-content\/uploads\/2024\/11\/zyanya-citlalli-MB_Pu3bOkQg-unsplash.webp?resize=1400%2C800&ssl=1 4x"},"classes":[]},{"id":654799,"url":"https:\/\/kohenavocats.com\/tr\/cour-dappel-de-paris-le-17-juin-2025-n23-14979\/","url_meta":{"origin":641090,"position":2},"title":"Cour d&#8217;appel de Paris, le 17 juin 2025, n\u00b023\/14979","author":"Kohen","date":"23 Nisan 2026","format":false,"excerpt":"La cour d'appel de Paris, statuant le 17 juin 2025, a examin\u00e9 un litige relatif au recouvrement d'une cr\u00e9ance immobili\u00e8re. Un fonds commun de titrisation, ay...","rel":"","context":"&quot;Jurisprudence&quot; i\u00e7inde","block_context":{"text":"Jurisprudence","link":"https:\/\/kohenavocats.com\/category\/jurisprudence\/"},"img":{"alt_text":"","src":"https:\/\/i0.wp.com\/kohenavocats.com\/wp-content\/uploads\/2024\/08\/alex-h0dEvfM3EU8-unsplash.webp?resize=350%2C200&ssl=1","width":350,"height":200,"srcset":"https:\/\/i0.wp.com\/kohenavocats.com\/wp-content\/uploads\/2024\/08\/alex-h0dEvfM3EU8-unsplash.webp?resize=350%2C200&ssl=1 1x, https:\/\/i0.wp.com\/kohenavocats.com\/wp-content\/uploads\/2024\/08\/alex-h0dEvfM3EU8-unsplash.webp?resize=525%2C300&ssl=1 1.5x, https:\/\/i0.wp.com\/kohenavocats.com\/wp-content\/uploads\/2024\/08\/alex-h0dEvfM3EU8-unsplash.webp?resize=700%2C400&ssl=1 2x, https:\/\/i0.wp.com\/kohenavocats.com\/wp-content\/uploads\/2024\/08\/alex-h0dEvfM3EU8-unsplash.webp?resize=1050%2C600&ssl=1 3x, https:\/\/i0.wp.com\/kohenavocats.com\/wp-content\/uploads\/2024\/08\/alex-h0dEvfM3EU8-unsplash.webp?resize=1400%2C800&ssl=1 4x"},"classes":[]},{"id":477636,"url":"https:\/\/kohenavocats.com\/tr\/tribunal-judiciaire-de-grasse-le-19-decembre-2025-n24-00053\/","url_meta":{"origin":641090,"position":3},"title":"Tribunal judiciaire de Grasse, le 19 d\u00e9cembre 2025, n\u00b024\/00053","author":"Kohen","date":"7 Nisan 2026","format":false,"excerpt":"Le juge de l\u2019ex\u00e9cution du tribunal judiciaire de Grasse, statuant en mati\u00e8re immobili\u00e8re, a rendu un jugement le 19 d\u00e9cembre 2025. Il s\u2019agissait d\u2019une proc\u00e9d...","rel":"","context":"&quot;Jurisprudence&quot; i\u00e7inde","block_context":{"text":"Jurisprudence","link":"https:\/\/kohenavocats.com\/category\/jurisprudence\/"},"img":{"alt_text":"","src":"https:\/\/i0.wp.com\/kohenavocats.com\/wp-content\/uploads\/2024\/11\/planet-volumes-69z5zredkrw-unsplash.webp?resize=350%2C200&ssl=1","width":350,"height":200,"srcset":"https:\/\/i0.wp.com\/kohenavocats.com\/wp-content\/uploads\/2024\/11\/planet-volumes-69z5zredkrw-unsplash.webp?resize=350%2C200&ssl=1 1x, https:\/\/i0.wp.com\/kohenavocats.com\/wp-content\/uploads\/2024\/11\/planet-volumes-69z5zredkrw-unsplash.webp?resize=525%2C300&ssl=1 1.5x, https:\/\/i0.wp.com\/kohenavocats.com\/wp-content\/uploads\/2024\/11\/planet-volumes-69z5zredkrw-unsplash.webp?resize=700%2C400&ssl=1 2x, https:\/\/i0.wp.com\/kohenavocats.com\/wp-content\/uploads\/2024\/11\/planet-volumes-69z5zredkrw-unsplash.webp?resize=1050%2C600&ssl=1 3x, https:\/\/i0.wp.com\/kohenavocats.com\/wp-content\/uploads\/2024\/11\/planet-volumes-69z5zredkrw-unsplash.webp?resize=1400%2C800&ssl=1 4x"},"classes":[]},{"id":482373,"url":"https:\/\/kohenavocats.com\/tr\/cour-dappel-de-bordeaux-le-16-janvier-2025-n23-02975\/","url_meta":{"origin":641090,"position":4},"title":"Cour d&#8217;appel de Bordeaux, le 16 janvier 2025, n\u00b023\/02975","author":"Kohen","date":"8 Nisan 2026","format":false,"excerpt":"La Cour d'appel de Bordeaux, statuant le 16 janvier 2025, a examin\u00e9 un litige relatif au paiement de cr\u00e9ances c\u00e9d\u00e9es. Un fonds commun de titrisation, cession...","rel":"","context":"&quot;Jurisprudence&quot; i\u00e7inde","block_context":{"text":"Jurisprudence","link":"https:\/\/kohenavocats.com\/category\/jurisprudence\/"},"img":{"alt_text":"","src":"https:\/\/i0.wp.com\/kohenavocats.com\/wp-content\/uploads\/2024\/11\/getty-images-FR36ckXxsMM-unsplash.webp?resize=350%2C200&ssl=1","width":350,"height":200,"srcset":"https:\/\/i0.wp.com\/kohenavocats.com\/wp-content\/uploads\/2024\/11\/getty-images-FR36ckXxsMM-unsplash.webp?resize=350%2C200&ssl=1 1x, https:\/\/i0.wp.com\/kohenavocats.com\/wp-content\/uploads\/2024\/11\/getty-images-FR36ckXxsMM-unsplash.webp?resize=525%2C300&ssl=1 1.5x, https:\/\/i0.wp.com\/kohenavocats.com\/wp-content\/uploads\/2024\/11\/getty-images-FR36ckXxsMM-unsplash.webp?resize=700%2C400&ssl=1 2x, https:\/\/i0.wp.com\/kohenavocats.com\/wp-content\/uploads\/2024\/11\/getty-images-FR36ckXxsMM-unsplash.webp?resize=1050%2C600&ssl=1 3x, https:\/\/i0.wp.com\/kohenavocats.com\/wp-content\/uploads\/2024\/11\/getty-images-FR36ckXxsMM-unsplash.webp?resize=1400%2C800&ssl=1 4x"},"classes":[]},{"id":498969,"url":"https:\/\/kohenavocats.com\/tr\/tribunal-judiciaire-de-nimes-le-27-novembre-2025-n24-00027\/","url_meta":{"origin":641090,"position":5},"title":"Tribunal judiciaire de N\u00eemes, le 27 novembre 2025, n\u00b024\/00027","author":"Kohen","date":"8 Nisan 2026","format":false,"excerpt":"Le tribunal judiciaire de N\u00eemes, statuant en mati\u00e8re de saisie immobili\u00e8re, a rendu un jugement le 26 mars 2026. Il s\u2019agissait de statuer sur la validit\u00e9...","rel":"","context":"&quot;D\u00e9cisions juridiques&quot; i\u00e7inde","block_context":{"text":"D\u00e9cisions juridiques","link":"https:\/\/kohenavocats.com\/category\/decisions-juridiques\/"},"img":{"alt_text":"","src":"https:\/\/i0.wp.com\/kohenavocats.com\/wp-content\/uploads\/2024\/11\/mohamed-nohassi-EJVxjuWkqSY-unsplash.webp?resize=350%2C200&ssl=1","width":350,"height":200,"srcset":"https:\/\/i0.wp.com\/kohenavocats.com\/wp-content\/uploads\/2024\/11\/mohamed-nohassi-EJVxjuWkqSY-unsplash.webp?resize=350%2C200&ssl=1 1x, https:\/\/i0.wp.com\/kohenavocats.com\/wp-content\/uploads\/2024\/11\/mohamed-nohassi-EJVxjuWkqSY-unsplash.webp?resize=525%2C300&ssl=1 1.5x, https:\/\/i0.wp.com\/kohenavocats.com\/wp-content\/uploads\/2024\/11\/mohamed-nohassi-EJVxjuWkqSY-unsplash.webp?resize=700%2C400&ssl=1 2x, https:\/\/i0.wp.com\/kohenavocats.com\/wp-content\/uploads\/2024\/11\/mohamed-nohassi-EJVxjuWkqSY-unsplash.webp?resize=1050%2C600&ssl=1 3x, https:\/\/i0.wp.com\/kohenavocats.com\/wp-content\/uploads\/2024\/11\/mohamed-nohassi-EJVxjuWkqSY-unsplash.webp?resize=1400%2C800&ssl=1 4x"},"classes":[]}],"jetpack_sharing_enabled":true,"_links":{"self":[{"href":"https:\/\/kohenavocats.com\/tr\/wp-json\/wp\/v2\/posts\/641090","targetHints":{"allow":["GET"]}}],"collection":[{"href":"https:\/\/kohenavocats.com\/tr\/wp-json\/wp\/v2\/posts"}],"about":[{"href":"https:\/\/kohenavocats.com\/tr\/wp-json\/wp\/v2\/types\/post"}],"author":[{"embeddable":true,"href":"https:\/\/kohenavocats.com\/tr\/wp-json\/wp\/v2\/users\/232070755"}],"replies":[{"embeddable":true,"href":"https:\/\/kohenavocats.com\/tr\/wp-json\/wp\/v2\/comments?post=641090"}],"version-history":[{"count":0,"href":"https:\/\/kohenavocats.com\/tr\/wp-json\/wp\/v2\/posts\/641090\/revisions"}],"wp:featuredmedia":[{"embeddable":true,"href":"https:\/\/kohenavocats.com\/tr\/wp-json\/wp\/v2\/media\/4764"}],"wp:attachment":[{"href":"https:\/\/kohenavocats.com\/tr\/wp-json\/wp\/v2\/media?parent=641090"}],"wp:term":[{"taxonomy":"category","embeddable":true,"href":"https:\/\/kohenavocats.com\/tr\/wp-json\/wp\/v2\/categories?post=641090"},{"taxonomy":"post_tag","embeddable":true,"href":"https:\/\/kohenavocats.com\/tr\/wp-json\/wp\/v2\/tags?post=641090"}],"curies":[{"name":"wp","href":"https:\/\/api.w.org\/{rel}","templated":true}]}}