{"id":642393,"date":"2026-04-22T01:10:50","date_gmt":"2026-04-21T23:10:50","guid":{"rendered":"https:\/\/kohenavocats.com\/tribunal-judiciaire-de-bobigny-le-9-janvier-2025-n24-02079\/"},"modified":"2026-04-22T01:10:50","modified_gmt":"2026-04-21T23:10:50","slug":"tribunal-judiciaire-de-bobigny-le-9-janvier-2025-n24-02079","status":"publish","type":"post","link":"https:\/\/kohenavocats.com\/tr\/tribunal-judiciaire-de-bobigny-le-9-janvier-2025-n24-02079\/","title":{"rendered":"Tribunal judiciaire de Bobigny, le 9 janvier 2025, n\u00b024\/02079"},"content":{"rendered":"<div class=\"article-content\">\n<p>Le tribunal judiciaire de Bobigny, statuant en mati\u00e8re sociale, a rendu un jugement le 9 janvier 2025. Une contrainte \u00e9mise par un organisme de s\u00e9curit\u00e9 sociale avait \u00e9t\u00e9 signifi\u00e9e \u00e0 un d\u00e9biteur. Ce dernier a form\u00e9 une opposition apr\u00e8s l&#8217;expiration du d\u00e9lai l\u00e9gal de quinze jours. Le tribunal a donc d\u00e9clar\u00e9 cette opposition irrecevable pour forclusion. Il a \u00e9galement condamn\u00e9 le d\u00e9biteur aux d\u00e9pens et rappel\u00e9 le caract\u00e8re ex\u00e9cutoire provisoire de sa d\u00e9cision.<\/p>\n<p>La rigueur du d\u00e9lai d&#8217;opposition<\/p>\n<p>Le cadre proc\u00e9dural de la contrainte est strictement d\u00e9fini. Le texte pr\u00e9voit que &#8220;le d\u00e9biteur peut former opposition par inscription au secr\u00e9tariat du tribunal comp\u00e9tent [&#8230;] dans les quinze jours \u00e0 compter de la notification ou de la signification&#8221; (article R. 133-3 du code de la s\u00e9curit\u00e9 sociale). Ce d\u00e9lai est imparti pour assurer la c\u00e9l\u00e9rit\u00e9 du recouvrement des cr\u00e9ances sociales. Son caract\u00e8re pr\u00e9fix est essentiel pour la s\u00e9curit\u00e9 juridique des proc\u00e9dures. En l&#8217;esp\u00e8ce, la contrainte signifi\u00e9e le 21 ao\u00fbt a fait l&#8217;objet d&#8217;une opposition envoy\u00e9e le 20 septembre. Le tribunal constate ainsi que l&#8217;opposition a \u00e9t\u00e9 form\u00e9e &#8220;au-del\u00e0 du d\u00e9lai de quinze jours pr\u00e9vus par les dispositions pr\u00e9cit\u00e9es&#8221;. Cette application stricte est conforme \u00e0 la jurisprudence constante sur la forclusion. Un autre tribunal a ainsi relev\u00e9 qu&#8217;une opposition form\u00e9e apr\u00e8s l&#8217;expiration du d\u00e9lai entra\u00eenait la forclusion du d\u00e9biteur (Tribunal judiciaire de Cr\u00e9teil, le 9 janvier 2025, n\u00b024\/00128). La date de r\u00e9ception de l&#8217;acte est le point de d\u00e9part incontournable du d\u00e9lai de recours.<\/p>\n<p>Les conditions de la recevabilit\u00e9 du recours<\/p>\n<p>La rigueur du d\u00e9lai est temp\u00e9r\u00e9e par une condition de validit\u00e9 de l&#8217;acte. L&#8217;irrecevabilit\u00e9 ne peut \u00eatre prononc\u00e9e que &#8220;s&#8217;il est \u00e9tabli que le d\u00e9biteur ait valablement \u00e9t\u00e9 inform\u00e9 des d\u00e9lais et voies de recours applicables&#8221;. Cette mention est une condition de r\u00e9gularit\u00e9 substantielle de la contrainte. Elle constitue une garantie proc\u00e9durale fondamentale pour le redevable. Le tribunal v\u00e9rifie donc syst\u00e9matiquement cette information pr\u00e9alable avant de constater la forclusion. En l&#8217;esp\u00e8ce, il note que &#8220;la contrainte \u00e9mise le 12 ao\u00fbt 2024 porte mention des voies et d\u00e9lais de recours&#8221;. Cette constatation pr\u00e9alable est indispensable pour rejeter l&#8217;opposition comme tardive. La jurisprudence ant\u00e9rieure confirme cette approche en validant une contrainte apr\u00e8s avoir v\u00e9rifi\u00e9 la date de r\u00e9ception par le d\u00e9biteur (Tribunal judiciaire de Cr\u00e9teil, le 6 mars 2025, n\u00b023\/00593). L&#8217;information du d\u00e9biteur est ainsi le corollaire n\u00e9cessaire de la s\u00e9v\u00e9rit\u00e9 du d\u00e9lai.<\/p>\n<p>La port\u00e9e de la d\u00e9cision judiciaire<\/p>\n<p>La d\u00e9cision sur opposition produit des effets imm\u00e9diats en mati\u00e8re d&#8217;ex\u00e9cution. Le tribunal rappelle que &#8220;la d\u00e9cision du tribunal, statuant sur opposition, est ex\u00e9cutoire de droit \u00e0 titre provisoire&#8221;. Ce principe assure l&#8217;efficacit\u00e9 du recouvrement malgr\u00e9 un \u00e9ventuel recours ult\u00e9rieur. Il permet \u00e0 l&#8217;organisme cr\u00e9ancier de poursuivre ses actions sans attendre la fin d&#8217;un long proc\u00e8s. La condamnation aux d\u00e9pens de la partie perdante suit \u00e9galement la r\u00e8gle de droit commun. Elle sanctionne l&#8217;initiative d&#8217;un recours jug\u00e9 irrecevable d\u00e8s l&#8217;origine. Cette solution dissuade les recours dilatoires et respecte l&#8217;\u00e9conomie g\u00e9n\u00e9rale de la proc\u00e9dure de contrainte. L&#8217;ensemble consacre la primaut\u00e9 de la s\u00e9curit\u00e9 juridique des cr\u00e9ances publiques.<\/p>\n<p>Les implications pour la pratique contentieuse<\/p>\n<p>Cette d\u00e9cision renforce la n\u00e9cessit\u00e9 d&#8217;une vigilance extr\u00eame sur les d\u00e9lais proc\u00e9duraux. Tout retard, m\u00eame minime, dans le d\u00e9p\u00f4t de l&#8217;opposition entra\u00eene une irrecevabilit\u00e9 certaine. Les praticiens doivent imp\u00e9rativement v\u00e9rifier la date de signification ou de notification. Ils doivent \u00e9galement s&#8217;assurer que l&#8217;acte attaqu\u00e9 comporte bien les mentions obligatoires. La jurisprudence est constante sur la stricte application de ces r\u00e8gles de forme et de d\u00e9lai. Cette rigueur proc\u00e9durale sert finalement l&#8217;int\u00e9r\u00eat g\u00e9n\u00e9ral en acc\u00e9l\u00e9rant le recouvrement. Elle place cependant une charge importante sur le d\u00e9biteur pour agir dans des d\u00e9lais tr\u00e8s courts. La balance entre efficacit\u00e9 et droits de la d\u00e9fense reste ainsi marqu\u00e9e par la c\u00e9l\u00e9rit\u00e9.<\/p>\n<\/div>\n","protected":false},"excerpt":{"rendered":"<p>Le tribunal judiciaire de Bobigny, statuant en mati\u00e8re sociale, a rendu un jugement le 9 janvier 2025. Une contrainte \u00e9mise par un organisme de s\u00e9curit\u00e9 soci&#8230;<\/p>\n","protected":false},"author":232070755,"featured_media":4667,"comment_status":"open","ping_status":"open","sticky":false,"template":"","format":"standard","meta":{"_crdt_document":"","_jetpack_newsletter_access":"","_jetpack_dont_email_post_to_subs":false,"_jetpack_newsletter_tier_id":0,"_jetpack_memberships_contains_paywalled_content":false,"_kj_source_type":"","_kj_official_id":"","_kj_official_url":"","_kj_judilibre_id":"","_kj_jur":"","_kj_lieu":"","_kj_chambre":"","_kj_rg":"","_kj_date":"","_jetpack_memberships_contains_paid_content":false,"footnotes":"","jetpack_post_was_ever_published":false},"categories":[7597],"tags":[],"class_list":["post-642393","post","type-post","status-publish","format-standard","has-post-thumbnail","hentry","category-jurisprudence"],"yoast_head":"<!-- This site is optimized with the Yoast SEO Premium plugin v27.5 (Yoast SEO v27.5) - https:\/\/yoast.com\/product\/yoast-seo-premium-wordpress\/ -->\n<title>Tribunal judiciaire de Bobigny, le 9 janvier 2025, n\u00b024\/02079 - Ma\u00eetre Hassan Kohen, avocat en droit p\u00e9nal \u00e0 Paris<\/title>\n<meta name=\"description\" content=\"Le tribunal judiciaire de Bobigny, statuant en mati\u00e8re sociale, a rendu un jugement le 9 janvier 2025. Une contrainte \u00e9mise par un organisme de s\u00e9curit\u00e9 soci...\" \/>\n<meta name=\"robots\" content=\"index, follow, max-snippet:-1, max-image-preview:large, max-video-preview:-1\" \/>\n<link rel=\"canonical\" href=\"https:\/\/kohenavocats.com\/tr\/tribunal-judiciaire-de-bobigny-le-9-janvier-2025-n24-02079\/\" \/>\n<meta property=\"og:locale\" content=\"tr_TR\" \/>\n<meta property=\"og:type\" content=\"article\" \/>\n<meta property=\"og:title\" content=\"Tribunal judiciaire de Bobigny, le 9 janvier 2025, n\u00b024\/02079\" \/>\n<meta property=\"og:description\" content=\"Le tribunal judiciaire de Bobigny, statuant en mati\u00e8re sociale, a rendu un jugement le 9 janvier 2025. Une contrainte \u00e9mise par un organisme de s\u00e9curit\u00e9 soci...\" \/>\n<meta property=\"og:url\" content=\"https:\/\/kohenavocats.com\/tr\/tribunal-judiciaire-de-bobigny-le-9-janvier-2025-n24-02079\/\" \/>\n<meta property=\"og:site_name\" content=\"Ma\u00eetre Hassan Kohen, avocat en droit p\u00e9nal \u00e0 Paris\" \/>\n<meta property=\"article:published_time\" content=\"2026-04-21T23:10:50+00:00\" \/>\n<meta property=\"og:image\" content=\"https:\/\/kohenavocats.com\/wp-content\/uploads\/2024\/08\/hieu-vu-minh-He8-FZl-o10-unsplash.webp\" \/>\n\t<meta property=\"og:image:width\" content=\"5472\" \/>\n\t<meta property=\"og:image:height\" content=\"3648\" \/>\n\t<meta property=\"og:image:type\" content=\"image\/webp\" \/>\n<meta name=\"author\" content=\"Kohen\" \/>\n<meta name=\"twitter:card\" content=\"summary_large_image\" \/>\n<meta name=\"twitter:label1\" content=\"Yazan:\" \/>\n\t<meta name=\"twitter:data1\" content=\"Kohen\" \/>\n\t<meta name=\"twitter:label2\" content=\"Tahmini okuma s\u00fcresi\" \/>\n\t<meta name=\"twitter:data2\" content=\"4 dakika\" \/>\n<script type=\"application\/ld+json\" class=\"yoast-schema-graph\">{\"@context\":\"https:\\\/\\\/schema.org\",\"@graph\":[{\"@type\":\"Article\",\"@id\":\"https:\\\/\\\/kohenavocats.com\\\/tr\\\/tribunal-judiciaire-de-bobigny-le-9-janvier-2025-n24-02079\\\/#article\",\"isPartOf\":{\"@id\":\"https:\\\/\\\/kohenavocats.com\\\/tr\\\/tribunal-judiciaire-de-bobigny-le-9-janvier-2025-n24-02079\\\/\"},\"author\":{\"name\":\"Kohen\",\"@id\":\"https:\\\/\\\/kohenavocats.com\\\/tr\\\/#\\\/schema\\\/person\\\/761c9ba54fa1ca84d405cef0831ff751\"},\"headline\":\"Tribunal judiciaire de Bobigny, le 9 janvier 2025, n\u00b024\\\/02079\",\"datePublished\":\"2026-04-21T23:10:50+00:00\",\"mainEntityOfPage\":{\"@id\":\"https:\\\/\\\/kohenavocats.com\\\/tr\\\/tribunal-judiciaire-de-bobigny-le-9-janvier-2025-n24-02079\\\/\"},\"wordCount\":754,\"commentCount\":0,\"publisher\":{\"@id\":\"https:\\\/\\\/kohenavocats.com\\\/tr\\\/#organization\"},\"image\":{\"@id\":\"https:\\\/\\\/kohenavocats.com\\\/tr\\\/tribunal-judiciaire-de-bobigny-le-9-janvier-2025-n24-02079\\\/#primaryimage\"},\"thumbnailUrl\":\"https:\\\/\\\/kohenavocats.com\\\/wp-content\\\/uploads\\\/2024\\\/08\\\/hieu-vu-minh-He8-FZl-o10-unsplash.webp\",\"articleSection\":[\"Jurisprudence\"],\"inLanguage\":\"tr\",\"potentialAction\":[{\"@type\":\"CommentAction\",\"name\":\"Comment\",\"target\":[\"https:\\\/\\\/kohenavocats.com\\\/tr\\\/tribunal-judiciaire-de-bobigny-le-9-janvier-2025-n24-02079\\\/#respond\"]}],\"citation\":\"Tribunal judiciaire de Bobigny, le 9 janvier 2025, n\u00b024\\\/02079\",\"about\":[{\"@type\":\"Thing\",\"name\":\"Jurisprudence\"}],\"dateModified\":\"2026-04-21T23:10:50+00:00\",\"speakable\":{\"@type\":\"SpeakableSpecification\",\"cssSelector\":[\".article-content > p:first-of-type\"]}},{\"@type\":\"WebPage\",\"@id\":\"https:\\\/\\\/kohenavocats.com\\\/tr\\\/tribunal-judiciaire-de-bobigny-le-9-janvier-2025-n24-02079\\\/\",\"url\":\"https:\\\/\\\/kohenavocats.com\\\/tr\\\/tribunal-judiciaire-de-bobigny-le-9-janvier-2025-n24-02079\\\/\",\"name\":\"Tribunal judiciaire de Bobigny, le 9 janvier 2025, n\u00b024\\\/02079 - Ma\u00eetre Hassan Kohen, avocat en droit p\u00e9nal \u00e0 Paris\",\"isPartOf\":{\"@id\":\"https:\\\/\\\/kohenavocats.com\\\/tr\\\/#website\"},\"primaryImageOfPage\":{\"@id\":\"https:\\\/\\\/kohenavocats.com\\\/tr\\\/tribunal-judiciaire-de-bobigny-le-9-janvier-2025-n24-02079\\\/#primaryimage\"},\"image\":{\"@id\":\"https:\\\/\\\/kohenavocats.com\\\/tr\\\/tribunal-judiciaire-de-bobigny-le-9-janvier-2025-n24-02079\\\/#primaryimage\"},\"thumbnailUrl\":\"https:\\\/\\\/kohenavocats.com\\\/wp-content\\\/uploads\\\/2024\\\/08\\\/hieu-vu-minh-He8-FZl-o10-unsplash.webp\",\"datePublished\":\"2026-04-21T23:10:50+00:00\",\"description\":\"Le tribunal judiciaire de Bobigny, statuant en mati\u00e8re sociale, a rendu un jugement le 9 janvier 2025. Une contrainte \u00e9mise par un organisme de s\u00e9curit\u00e9 soci...\",\"breadcrumb\":{\"@id\":\"https:\\\/\\\/kohenavocats.com\\\/tr\\\/tribunal-judiciaire-de-bobigny-le-9-janvier-2025-n24-02079\\\/#breadcrumb\"},\"inLanguage\":\"tr\",\"potentialAction\":[{\"@type\":\"ReadAction\",\"target\":[\"https:\\\/\\\/kohenavocats.com\\\/tr\\\/tribunal-judiciaire-de-bobigny-le-9-janvier-2025-n24-02079\\\/\"]}]},{\"@type\":\"ImageObject\",\"inLanguage\":\"tr\",\"@id\":\"https:\\\/\\\/kohenavocats.com\\\/tr\\\/tribunal-judiciaire-de-bobigny-le-9-janvier-2025-n24-02079\\\/#primaryimage\",\"url\":\"https:\\\/\\\/kohenavocats.com\\\/wp-content\\\/uploads\\\/2024\\\/08\\\/hieu-vu-minh-He8-FZl-o10-unsplash.webp\",\"contentUrl\":\"https:\\\/\\\/kohenavocats.com\\\/wp-content\\\/uploads\\\/2024\\\/08\\\/hieu-vu-minh-He8-FZl-o10-unsplash.webp\",\"width\":5472,\"height\":3648},{\"@type\":\"BreadcrumbList\",\"@id\":\"https:\\\/\\\/kohenavocats.com\\\/tr\\\/tribunal-judiciaire-de-bobigny-le-9-janvier-2025-n24-02079\\\/#breadcrumb\",\"itemListElement\":[{\"@type\":\"ListItem\",\"position\":1,\"name\":\"Home\",\"item\":\"https:\\\/\\\/kohenavocats.com\\\/tr\\\/avocats-en-droit-penal-a-paris-conseil-et-defense-strategique\\\/\"},{\"@type\":\"ListItem\",\"position\":2,\"name\":\"Tribunal judiciaire de Bobigny, le 9 janvier 2025, n\u00b024\\\/02079\"}]},{\"@type\":\"WebSite\",\"@id\":\"https:\\\/\\\/kohenavocats.com\\\/tr\\\/#website\",\"url\":\"https:\\\/\\\/kohenavocats.com\\\/tr\\\/\",\"name\":\"Kohen Avocats\",\"description\":\"Ma\u00eetre Hassan Kohen, avocat p\u00e9naliste \u00e0 Paris, intervient exclusivement en droit p\u00e9nal pour la d\u00e9fense des particuliers, notamment en mati\u00e8re d\u2019accusations de viol. Il assure un accompagnement rigoureux d\u00e8s la garde \u00e0 vue jusqu\u2019\u00e0 la Cour d\u2019assises, veillant au strict respect des garanties proc\u00e9durales.\",\"publisher\":{\"@id\":\"https:\\\/\\\/kohenavocats.com\\\/tr\\\/#organization\"},\"potentialAction\":[{\"@type\":\"SearchAction\",\"target\":{\"@type\":\"EntryPoint\",\"urlTemplate\":\"https:\\\/\\\/kohenavocats.com\\\/tr\\\/?s={search_term_string}\"},\"query-input\":{\"@type\":\"PropertyValueSpecification\",\"valueRequired\":true,\"valueName\":\"search_term_string\"}}],\"inLanguage\":\"tr\"},{\"@type\":\"Organization\",\"@id\":\"https:\\\/\\\/kohenavocats.com\\\/tr\\\/#organization\",\"name\":\"Kohen Avocats\",\"url\":\"https:\\\/\\\/kohenavocats.com\\\/tr\\\/\",\"logo\":{\"@type\":\"ImageObject\",\"inLanguage\":\"tr\",\"@id\":\"https:\\\/\\\/kohenavocats.com\\\/tr\\\/#\\\/schema\\\/logo\\\/image\\\/\",\"url\":\"https:\\\/\\\/kohenavocats.com\\\/wp-content\\\/uploads\\\/2026\\\/01\\\/Logo-2-1.webp\",\"contentUrl\":\"https:\\\/\\\/kohenavocats.com\\\/wp-content\\\/uploads\\\/2026\\\/01\\\/Logo-2-1.webp\",\"width\":2114,\"height\":1253,\"caption\":\"Kohen Avocats\"},\"image\":{\"@id\":\"https:\\\/\\\/kohenavocats.com\\\/tr\\\/#\\\/schema\\\/logo\\\/image\\\/\"}},{\"@type\":\"Person\",\"@id\":\"https:\\\/\\\/kohenavocats.com\\\/tr\\\/#\\\/schema\\\/person\\\/761c9ba54fa1ca84d405cef0831ff751\",\"name\":\"Kohen\",\"image\":{\"@type\":\"ImageObject\",\"inLanguage\":\"tr\",\"@id\":\"https:\\\/\\\/secure.gravatar.com\\\/avatar\\\/1c5e76ef76bbbfdd2b4da984e2bf2fa4056fd51a27d25ce2c332047f1dfd6e00?s=96&d=identicon&r=g\",\"url\":\"https:\\\/\\\/secure.gravatar.com\\\/avatar\\\/1c5e76ef76bbbfdd2b4da984e2bf2fa4056fd51a27d25ce2c332047f1dfd6e00?s=96&d=identicon&r=g\",\"contentUrl\":\"https:\\\/\\\/secure.gravatar.com\\\/avatar\\\/1c5e76ef76bbbfdd2b4da984e2bf2fa4056fd51a27d25ce2c332047f1dfd6e00?s=96&d=identicon&r=g\",\"caption\":\"Kohen\"},\"sameAs\":[\"https:\\\/\\\/www.linkedin.com\\\/in\\\/hassan-kohen-448548192\\\/\",\"https:\\\/\\\/www.youtube.com\\\/@Kohen-Avocats\"],\"url\":\"https:\\\/\\\/kohenavocats.com\\\/tr\\\/author\\\/kohenmlk\\\/\"}]}<\/script>\n<!-- \/ Yoast SEO Premium plugin. -->","yoast_head_json":{"title":"Tribunal judiciaire de Bobigny, le 9 janvier 2025, n\u00b024\/02079 - Ma\u00eetre Hassan Kohen, avocat en droit p\u00e9nal \u00e0 Paris","description":"Le tribunal judiciaire de Bobigny, statuant en mati\u00e8re sociale, a rendu un jugement le 9 janvier 2025. Une contrainte \u00e9mise par un organisme de s\u00e9curit\u00e9 soci...","robots":{"index":"index","follow":"follow","max-snippet":"max-snippet:-1","max-image-preview":"max-image-preview:large","max-video-preview":"max-video-preview:-1"},"canonical":"https:\/\/kohenavocats.com\/tr\/tribunal-judiciaire-de-bobigny-le-9-janvier-2025-n24-02079\/","og_locale":"tr_TR","og_type":"article","og_title":"Tribunal judiciaire de Bobigny, le 9 janvier 2025, n\u00b024\/02079","og_description":"Le tribunal judiciaire de Bobigny, statuant en mati\u00e8re sociale, a rendu un jugement le 9 janvier 2025. Une contrainte \u00e9mise par un organisme de s\u00e9curit\u00e9 soci...","og_url":"https:\/\/kohenavocats.com\/tr\/tribunal-judiciaire-de-bobigny-le-9-janvier-2025-n24-02079\/","og_site_name":"Ma\u00eetre Hassan Kohen, avocat en droit p\u00e9nal \u00e0 Paris","article_published_time":"2026-04-21T23:10:50+00:00","og_image":[{"width":5472,"height":3648,"url":"https:\/\/kohenavocats.com\/wp-content\/uploads\/2024\/08\/hieu-vu-minh-He8-FZl-o10-unsplash.webp","type":"image\/webp"}],"author":"Kohen","twitter_card":"summary_large_image","twitter_misc":{"Yazan:":"Kohen","Tahmini okuma s\u00fcresi":"4 dakika"},"schema":{"@context":"https:\/\/schema.org","@graph":[{"@type":"Article","@id":"https:\/\/kohenavocats.com\/tr\/tribunal-judiciaire-de-bobigny-le-9-janvier-2025-n24-02079\/#article","isPartOf":{"@id":"https:\/\/kohenavocats.com\/tr\/tribunal-judiciaire-de-bobigny-le-9-janvier-2025-n24-02079\/"},"author":{"name":"Kohen","@id":"https:\/\/kohenavocats.com\/tr\/#\/schema\/person\/761c9ba54fa1ca84d405cef0831ff751"},"headline":"Tribunal judiciaire de Bobigny, le 9 janvier 2025, n\u00b024\/02079","datePublished":"2026-04-21T23:10:50+00:00","mainEntityOfPage":{"@id":"https:\/\/kohenavocats.com\/tr\/tribunal-judiciaire-de-bobigny-le-9-janvier-2025-n24-02079\/"},"wordCount":754,"commentCount":0,"publisher":{"@id":"https:\/\/kohenavocats.com\/tr\/#organization"},"image":{"@id":"https:\/\/kohenavocats.com\/tr\/tribunal-judiciaire-de-bobigny-le-9-janvier-2025-n24-02079\/#primaryimage"},"thumbnailUrl":"https:\/\/kohenavocats.com\/wp-content\/uploads\/2024\/08\/hieu-vu-minh-He8-FZl-o10-unsplash.webp","articleSection":["Jurisprudence"],"inLanguage":"tr","potentialAction":[{"@type":"CommentAction","name":"Comment","target":["https:\/\/kohenavocats.com\/tr\/tribunal-judiciaire-de-bobigny-le-9-janvier-2025-n24-02079\/#respond"]}],"citation":"Tribunal judiciaire de Bobigny, le 9 janvier 2025, n\u00b024\/02079","about":[{"@type":"Thing","name":"Jurisprudence"}],"dateModified":"2026-04-21T23:10:50+00:00","speakable":{"@type":"SpeakableSpecification","cssSelector":[".article-content > p:first-of-type"]}},{"@type":"WebPage","@id":"https:\/\/kohenavocats.com\/tr\/tribunal-judiciaire-de-bobigny-le-9-janvier-2025-n24-02079\/","url":"https:\/\/kohenavocats.com\/tr\/tribunal-judiciaire-de-bobigny-le-9-janvier-2025-n24-02079\/","name":"Tribunal judiciaire de Bobigny, le 9 janvier 2025, n\u00b024\/02079 - Ma\u00eetre Hassan Kohen, avocat en droit p\u00e9nal \u00e0 Paris","isPartOf":{"@id":"https:\/\/kohenavocats.com\/tr\/#website"},"primaryImageOfPage":{"@id":"https:\/\/kohenavocats.com\/tr\/tribunal-judiciaire-de-bobigny-le-9-janvier-2025-n24-02079\/#primaryimage"},"image":{"@id":"https:\/\/kohenavocats.com\/tr\/tribunal-judiciaire-de-bobigny-le-9-janvier-2025-n24-02079\/#primaryimage"},"thumbnailUrl":"https:\/\/kohenavocats.com\/wp-content\/uploads\/2024\/08\/hieu-vu-minh-He8-FZl-o10-unsplash.webp","datePublished":"2026-04-21T23:10:50+00:00","description":"Le tribunal judiciaire de Bobigny, statuant en mati\u00e8re sociale, a rendu un jugement le 9 janvier 2025. Une contrainte \u00e9mise par un organisme de s\u00e9curit\u00e9 soci...","breadcrumb":{"@id":"https:\/\/kohenavocats.com\/tr\/tribunal-judiciaire-de-bobigny-le-9-janvier-2025-n24-02079\/#breadcrumb"},"inLanguage":"tr","potentialAction":[{"@type":"ReadAction","target":["https:\/\/kohenavocats.com\/tr\/tribunal-judiciaire-de-bobigny-le-9-janvier-2025-n24-02079\/"]}]},{"@type":"ImageObject","inLanguage":"tr","@id":"https:\/\/kohenavocats.com\/tr\/tribunal-judiciaire-de-bobigny-le-9-janvier-2025-n24-02079\/#primaryimage","url":"https:\/\/kohenavocats.com\/wp-content\/uploads\/2024\/08\/hieu-vu-minh-He8-FZl-o10-unsplash.webp","contentUrl":"https:\/\/kohenavocats.com\/wp-content\/uploads\/2024\/08\/hieu-vu-minh-He8-FZl-o10-unsplash.webp","width":5472,"height":3648},{"@type":"BreadcrumbList","@id":"https:\/\/kohenavocats.com\/tr\/tribunal-judiciaire-de-bobigny-le-9-janvier-2025-n24-02079\/#breadcrumb","itemListElement":[{"@type":"ListItem","position":1,"name":"Home","item":"https:\/\/kohenavocats.com\/tr\/avocats-en-droit-penal-a-paris-conseil-et-defense-strategique\/"},{"@type":"ListItem","position":2,"name":"Tribunal judiciaire de Bobigny, le 9 janvier 2025, n\u00b024\/02079"}]},{"@type":"WebSite","@id":"https:\/\/kohenavocats.com\/tr\/#website","url":"https:\/\/kohenavocats.com\/tr\/","name":"Kohen Avocats","description":"Ma\u00eetre Hassan Kohen, avocat p\u00e9naliste \u00e0 Paris, intervient exclusivement en droit p\u00e9nal pour la d\u00e9fense des particuliers, notamment en mati\u00e8re d\u2019accusations de viol. Il assure un accompagnement rigoureux d\u00e8s la garde \u00e0 vue jusqu\u2019\u00e0 la Cour d\u2019assises, veillant au strict respect des garanties proc\u00e9durales.","publisher":{"@id":"https:\/\/kohenavocats.com\/tr\/#organization"},"potentialAction":[{"@type":"SearchAction","target":{"@type":"EntryPoint","urlTemplate":"https:\/\/kohenavocats.com\/tr\/?s={search_term_string}"},"query-input":{"@type":"PropertyValueSpecification","valueRequired":true,"valueName":"search_term_string"}}],"inLanguage":"tr"},{"@type":"Organization","@id":"https:\/\/kohenavocats.com\/tr\/#organization","name":"Kohen Avocats","url":"https:\/\/kohenavocats.com\/tr\/","logo":{"@type":"ImageObject","inLanguage":"tr","@id":"https:\/\/kohenavocats.com\/tr\/#\/schema\/logo\/image\/","url":"https:\/\/kohenavocats.com\/wp-content\/uploads\/2026\/01\/Logo-2-1.webp","contentUrl":"https:\/\/kohenavocats.com\/wp-content\/uploads\/2026\/01\/Logo-2-1.webp","width":2114,"height":1253,"caption":"Kohen Avocats"},"image":{"@id":"https:\/\/kohenavocats.com\/tr\/#\/schema\/logo\/image\/"}},{"@type":"Person","@id":"https:\/\/kohenavocats.com\/tr\/#\/schema\/person\/761c9ba54fa1ca84d405cef0831ff751","name":"Kohen","image":{"@type":"ImageObject","inLanguage":"tr","@id":"https:\/\/secure.gravatar.com\/avatar\/1c5e76ef76bbbfdd2b4da984e2bf2fa4056fd51a27d25ce2c332047f1dfd6e00?s=96&d=identicon&r=g","url":"https:\/\/secure.gravatar.com\/avatar\/1c5e76ef76bbbfdd2b4da984e2bf2fa4056fd51a27d25ce2c332047f1dfd6e00?s=96&d=identicon&r=g","contentUrl":"https:\/\/secure.gravatar.com\/avatar\/1c5e76ef76bbbfdd2b4da984e2bf2fa4056fd51a27d25ce2c332047f1dfd6e00?s=96&d=identicon&r=g","caption":"Kohen"},"sameAs":["https:\/\/www.linkedin.com\/in\/hassan-kohen-448548192\/","https:\/\/www.youtube.com\/@Kohen-Avocats"],"url":"https:\/\/kohenavocats.com\/tr\/author\/kohenmlk\/"}]}},"jetpack_featured_media_url":"https:\/\/kohenavocats.com\/wp-content\/uploads\/2024\/08\/hieu-vu-minh-He8-FZl-o10-unsplash.webp","jetpack_likes_enabled":false,"jetpack_shortlink":"https:\/\/wp.me\/peCrII-2H7b","jetpack-related-posts":[{"id":495297,"url":"https:\/\/kohenavocats.com\/tr\/tribunal-judiciaire-de-bobigny-le-3-decembre-2025-n25-00248\/","url_meta":{"origin":642393,"position":0},"title":"Tribunal judiciaire de Bobigny, le 3 d\u00e9cembre 2025, n\u00b025\/00248","author":"Kohen","date":"8 Nisan 2026","format":false,"excerpt":"Le tribunal judiciaire de Paris, dans un jugement du 12 f\u00e9vrier 2025, a statu\u00e9 sur une opposition \u00e0 contrainte \u00e9mise par une URSSAF. Le redevable avait...","rel":"","context":"&quot;D\u00e9cisions juridiques&quot; i\u00e7inde","block_context":{"text":"D\u00e9cisions juridiques","link":"https:\/\/kohenavocats.com\/category\/decisions-juridiques\/"},"img":{"alt_text":"","src":"https:\/\/i0.wp.com\/kohenavocats.com\/wp-content\/uploads\/2024\/07\/colin-lloyd-_JEiyOfC2y8-unsplash.webp?resize=350%2C200&ssl=1","width":350,"height":200,"srcset":"https:\/\/i0.wp.com\/kohenavocats.com\/wp-content\/uploads\/2024\/07\/colin-lloyd-_JEiyOfC2y8-unsplash.webp?resize=350%2C200&ssl=1 1x, https:\/\/i0.wp.com\/kohenavocats.com\/wp-content\/uploads\/2024\/07\/colin-lloyd-_JEiyOfC2y8-unsplash.webp?resize=525%2C300&ssl=1 1.5x, https:\/\/i0.wp.com\/kohenavocats.com\/wp-content\/uploads\/2024\/07\/colin-lloyd-_JEiyOfC2y8-unsplash.webp?resize=700%2C400&ssl=1 2x, https:\/\/i0.wp.com\/kohenavocats.com\/wp-content\/uploads\/2024\/07\/colin-lloyd-_JEiyOfC2y8-unsplash.webp?resize=1050%2C600&ssl=1 3x, https:\/\/i0.wp.com\/kohenavocats.com\/wp-content\/uploads\/2024\/07\/colin-lloyd-_JEiyOfC2y8-unsplash.webp?resize=1400%2C800&ssl=1 4x"},"classes":[]},{"id":495217,"url":"https:\/\/kohenavocats.com\/tr\/tribunal-judiciaire-de-bobigny-le-3-decembre-2025-n24-02296\/","url_meta":{"origin":642393,"position":1},"title":"Tribunal judiciaire de Bobigny, le 3 d\u00e9cembre 2025, n\u00b024\/02296","author":"Kohen","date":"8 Nisan 2026","format":false,"excerpt":"Le tribunal judiciaire de Bobigny, statuant en mati\u00e8re sociale, rend un jugement le trois d\u00e9cembre deux mille vingt-cinq. Il examine l\u2019opposition form\u00e9e...","rel":"","context":"&quot;D\u00e9cisions juridiques&quot; i\u00e7inde","block_context":{"text":"D\u00e9cisions juridiques","link":"https:\/\/kohenavocats.com\/category\/decisions-juridiques\/"},"img":{"alt_text":"","src":"https:\/\/i0.wp.com\/kohenavocats.com\/wp-content\/uploads\/2024\/08\/mathias-reding-AUDG_Ja0MOU-unsplash.webp?resize=350%2C200&ssl=1","width":350,"height":200,"srcset":"https:\/\/i0.wp.com\/kohenavocats.com\/wp-content\/uploads\/2024\/08\/mathias-reding-AUDG_Ja0MOU-unsplash.webp?resize=350%2C200&ssl=1 1x, https:\/\/i0.wp.com\/kohenavocats.com\/wp-content\/uploads\/2024\/08\/mathias-reding-AUDG_Ja0MOU-unsplash.webp?resize=525%2C300&ssl=1 1.5x, https:\/\/i0.wp.com\/kohenavocats.com\/wp-content\/uploads\/2024\/08\/mathias-reding-AUDG_Ja0MOU-unsplash.webp?resize=700%2C400&ssl=1 2x, https:\/\/i0.wp.com\/kohenavocats.com\/wp-content\/uploads\/2024\/08\/mathias-reding-AUDG_Ja0MOU-unsplash.webp?resize=1050%2C600&ssl=1 3x, https:\/\/i0.wp.com\/kohenavocats.com\/wp-content\/uploads\/2024\/08\/mathias-reding-AUDG_Ja0MOU-unsplash.webp?resize=1400%2C800&ssl=1 4x"},"classes":[]},{"id":490513,"url":"https:\/\/kohenavocats.com\/tr\/tribunal-judiciaire-de-bobigny-le-19-novembre-2025-n24-01325\/","url_meta":{"origin":642393,"position":2},"title":"Tribunal judiciaire de Bobigny, le 19 novembre 2025, n\u00b024\/01325","author":"Kohen","date":"8 Nisan 2026","format":false,"excerpt":"Le tribunal judiciaire, dans un jugement du 12 mars 2025, a statu\u00e9 sur une opposition \u00e0 une contrainte \u00e9mise par un organisme de recouvrement. Le d\u00e9biteur...","rel":"","context":"&quot;D\u00e9cisions juridiques&quot; i\u00e7inde","block_context":{"text":"D\u00e9cisions juridiques","link":"https:\/\/kohenavocats.com\/category\/decisions-juridiques\/"},"img":{"alt_text":"","src":"https:\/\/i0.wp.com\/kohenavocats.com\/wp-content\/uploads\/2024\/08\/maximilian-zahn-SKf_POUVJnQ-unsplash.webp?resize=350%2C200&ssl=1","width":350,"height":200,"srcset":"https:\/\/i0.wp.com\/kohenavocats.com\/wp-content\/uploads\/2024\/08\/maximilian-zahn-SKf_POUVJnQ-unsplash.webp?resize=350%2C200&ssl=1 1x, https:\/\/i0.wp.com\/kohenavocats.com\/wp-content\/uploads\/2024\/08\/maximilian-zahn-SKf_POUVJnQ-unsplash.webp?resize=525%2C300&ssl=1 1.5x, https:\/\/i0.wp.com\/kohenavocats.com\/wp-content\/uploads\/2024\/08\/maximilian-zahn-SKf_POUVJnQ-unsplash.webp?resize=700%2C400&ssl=1 2x, https:\/\/i0.wp.com\/kohenavocats.com\/wp-content\/uploads\/2024\/08\/maximilian-zahn-SKf_POUVJnQ-unsplash.webp?resize=1050%2C600&ssl=1 3x, https:\/\/i0.wp.com\/kohenavocats.com\/wp-content\/uploads\/2024\/08\/maximilian-zahn-SKf_POUVJnQ-unsplash.webp?resize=1400%2C800&ssl=1 4x"},"classes":[]},{"id":609607,"url":"https:\/\/kohenavocats.com\/tr\/tribunal-judiciaire-de-bobigny-le-30-novembre-2024-n24-00126\/","url_meta":{"origin":642393,"position":3},"title":"Tribunal judiciaire de Bobigny, le 30 novembre 2024, n\u00b024\/00126","author":"Kohen","date":"19 Nisan 2026","format":false,"excerpt":"Le tribunal judiciaire, statuant en mati\u00e8re sociale, a rendu un jugement le 30 novembre 2024. L\u2019affaire concernait l\u2019opposition form\u00e9e par une association co...","rel":"","context":"&quot;Jurisprudence&quot; i\u00e7inde","block_context":{"text":"Jurisprudence","link":"https:\/\/kohenavocats.com\/category\/jurisprudence\/"},"img":{"alt_text":"","src":"https:\/\/i0.wp.com\/kohenavocats.com\/wp-content\/uploads\/2024\/11\/mohamed-nohassi-MOSPzdLFYyU-unsplash.webp?resize=350%2C200&ssl=1","width":350,"height":200,"srcset":"https:\/\/i0.wp.com\/kohenavocats.com\/wp-content\/uploads\/2024\/11\/mohamed-nohassi-MOSPzdLFYyU-unsplash.webp?resize=350%2C200&ssl=1 1x, https:\/\/i0.wp.com\/kohenavocats.com\/wp-content\/uploads\/2024\/11\/mohamed-nohassi-MOSPzdLFYyU-unsplash.webp?resize=525%2C300&ssl=1 1.5x, https:\/\/i0.wp.com\/kohenavocats.com\/wp-content\/uploads\/2024\/11\/mohamed-nohassi-MOSPzdLFYyU-unsplash.webp?resize=700%2C400&ssl=1 2x, https:\/\/i0.wp.com\/kohenavocats.com\/wp-content\/uploads\/2024\/11\/mohamed-nohassi-MOSPzdLFYyU-unsplash.webp?resize=1050%2C600&ssl=1 3x, https:\/\/i0.wp.com\/kohenavocats.com\/wp-content\/uploads\/2024\/11\/mohamed-nohassi-MOSPzdLFYyU-unsplash.webp?resize=1400%2C800&ssl=1 4x"},"classes":[]},{"id":44144,"url":"https:\/\/kohenavocats.com\/tr\/tribunal-judiciaire-de-bobigny-le-23-juin-2025-n24-02172\/","url_meta":{"origin":642393,"position":4},"title":"Tribunal judiciaire de Bobigny, le 23 juin 2025, n\u00b024\/02172","author":"Kohen","date":"7 Kas\u0131m 2025","format":false,"excerpt":"Rendu par le Tribunal judiciaire de Bobigny le 23 juin 2025 (n\u00b0 RG 24\/02172), ce jugement tranche une opposition \u00e0 contrainte relative \u00e0 des majorations de retard, d\u2019un montant de 214 euros, pour la p\u00e9riode de juillet \u00e0 septembre 2019. Apr\u00e8s mise en demeure demeur\u00e9e infructueuse, une contrainte a \u00e9t\u00e9\u2026","rel":"","context":"&quot;Travaux Parlementaires&quot; i\u00e7inde","block_context":{"text":"Travaux Parlementaires","link":"https:\/\/kohenavocats.com\/category\/travaux-parlementaires\/"},"img":{"alt_text":"","src":"https:\/\/i0.wp.com\/kohenavocats.com\/wp-content\/uploads\/2024\/08\/diane-picchiottino-x5-AOGEbv3c-unsplash.webp?resize=350%2C200&ssl=1","width":350,"height":200,"srcset":"https:\/\/i0.wp.com\/kohenavocats.com\/wp-content\/uploads\/2024\/08\/diane-picchiottino-x5-AOGEbv3c-unsplash.webp?resize=350%2C200&ssl=1 1x, https:\/\/i0.wp.com\/kohenavocats.com\/wp-content\/uploads\/2024\/08\/diane-picchiottino-x5-AOGEbv3c-unsplash.webp?resize=525%2C300&ssl=1 1.5x, https:\/\/i0.wp.com\/kohenavocats.com\/wp-content\/uploads\/2024\/08\/diane-picchiottino-x5-AOGEbv3c-unsplash.webp?resize=700%2C400&ssl=1 2x, https:\/\/i0.wp.com\/kohenavocats.com\/wp-content\/uploads\/2024\/08\/diane-picchiottino-x5-AOGEbv3c-unsplash.webp?resize=1050%2C600&ssl=1 3x, https:\/\/i0.wp.com\/kohenavocats.com\/wp-content\/uploads\/2024\/08\/diane-picchiottino-x5-AOGEbv3c-unsplash.webp?resize=1400%2C800&ssl=1 4x"},"classes":[]},{"id":494436,"url":"https:\/\/kohenavocats.com\/tr\/tribunal-judiciaire-de-bobigny-le-29-octobre-2025-n24-02724\/","url_meta":{"origin":642393,"position":5},"title":"Tribunal judiciaire de Bobigny, le 29 octobre 2025, n\u00b024\/02724","author":"Kohen","date":"8 Nisan 2026","format":false,"excerpt":"Le tribunal judiciaire, statuant sur opposition \u00e0 contrainte, a rendu une d\u00e9cision le 9 d\u00e9cembre 2024. Une soci\u00e9t\u00e9 a form\u00e9 opposition contre une...","rel":"","context":"&quot;D\u00e9cisions juridiques&quot; i\u00e7inde","block_context":{"text":"D\u00e9cisions juridiques","link":"https:\/\/kohenavocats.com\/category\/decisions-juridiques\/"},"img":{"alt_text":"","src":"https:\/\/i0.wp.com\/kohenavocats.com\/wp-content\/uploads\/2024\/08\/daphne-be-frenchie-atTJIQ5kk3E-unsplash.webp?resize=350%2C200&ssl=1","width":350,"height":200,"srcset":"https:\/\/i0.wp.com\/kohenavocats.com\/wp-content\/uploads\/2024\/08\/daphne-be-frenchie-atTJIQ5kk3E-unsplash.webp?resize=350%2C200&ssl=1 1x, https:\/\/i0.wp.com\/kohenavocats.com\/wp-content\/uploads\/2024\/08\/daphne-be-frenchie-atTJIQ5kk3E-unsplash.webp?resize=525%2C300&ssl=1 1.5x, https:\/\/i0.wp.com\/kohenavocats.com\/wp-content\/uploads\/2024\/08\/daphne-be-frenchie-atTJIQ5kk3E-unsplash.webp?resize=700%2C400&ssl=1 2x, https:\/\/i0.wp.com\/kohenavocats.com\/wp-content\/uploads\/2024\/08\/daphne-be-frenchie-atTJIQ5kk3E-unsplash.webp?resize=1050%2C600&ssl=1 3x, https:\/\/i0.wp.com\/kohenavocats.com\/wp-content\/uploads\/2024\/08\/daphne-be-frenchie-atTJIQ5kk3E-unsplash.webp?resize=1400%2C800&ssl=1 4x"},"classes":[]}],"jetpack_sharing_enabled":true,"_links":{"self":[{"href":"https:\/\/kohenavocats.com\/tr\/wp-json\/wp\/v2\/posts\/642393","targetHints":{"allow":["GET"]}}],"collection":[{"href":"https:\/\/kohenavocats.com\/tr\/wp-json\/wp\/v2\/posts"}],"about":[{"href":"https:\/\/kohenavocats.com\/tr\/wp-json\/wp\/v2\/types\/post"}],"author":[{"embeddable":true,"href":"https:\/\/kohenavocats.com\/tr\/wp-json\/wp\/v2\/users\/232070755"}],"replies":[{"embeddable":true,"href":"https:\/\/kohenavocats.com\/tr\/wp-json\/wp\/v2\/comments?post=642393"}],"version-history":[{"count":0,"href":"https:\/\/kohenavocats.com\/tr\/wp-json\/wp\/v2\/posts\/642393\/revisions"}],"wp:featuredmedia":[{"embeddable":true,"href":"https:\/\/kohenavocats.com\/tr\/wp-json\/wp\/v2\/media\/4667"}],"wp:attachment":[{"href":"https:\/\/kohenavocats.com\/tr\/wp-json\/wp\/v2\/media?parent=642393"}],"wp:term":[{"taxonomy":"category","embeddable":true,"href":"https:\/\/kohenavocats.com\/tr\/wp-json\/wp\/v2\/categories?post=642393"},{"taxonomy":"post_tag","embeddable":true,"href":"https:\/\/kohenavocats.com\/tr\/wp-json\/wp\/v2\/tags?post=642393"}],"curies":[{"name":"wp","href":"https:\/\/api.w.org\/{rel}","templated":true}]}}