{"id":646766,"date":"2026-04-22T10:33:30","date_gmt":"2026-04-22T08:33:30","guid":{"rendered":"https:\/\/kohenavocats.com\/tribunal-judiciaire-de-bordeaux-le-6-octobre-2025-n24-01918\/"},"modified":"2026-04-22T10:33:30","modified_gmt":"2026-04-22T08:33:30","slug":"tribunal-judiciaire-de-bordeaux-le-6-octobre-2025-n24-01918","status":"publish","type":"post","link":"https:\/\/kohenavocats.com\/tr\/tribunal-judiciaire-de-bordeaux-le-6-octobre-2025-n24-01918\/","title":{"rendered":"Tribunal judiciaire de Bordeaux, le 6 octobre 2025, n\u00b024\/01918"},"content":{"rendered":"<div class=\"article-content\">\n<p>Le tribunal judiciaire de Bordeaux, statuant en r\u00e9f\u00e9r\u00e9 le huit septembre 2025, se prononce sur une demande d&#8217;extension d&#8217;une expertise. Une expertise avait \u00e9t\u00e9 ordonn\u00e9e concernant des d\u00e9sordres survenus lors de travaux d&#8217;extension d&#8217;une cr\u00e8che. Plusieurs assignations ult\u00e9rieures ont demand\u00e9 que cette mesure d&#8217;instruction soit d\u00e9clar\u00e9e commune et opposable \u00e0 de nombreuses autres parties, notamment des assureurs. Certains d\u00e9fendeurs ont sollicit\u00e9 leur mise hors de cause. Le juge devait d\u00e9terminer si les conditions de l&#8217;article 145 du code de proc\u00e9dure civile \u00e9taient remplies pour \u00e9tendre l&#8217;expertise. Il accueille la demande principale et rejette les demandes de mise hors de cause.<\/p>\n<p>Le cadre proc\u00e9dural de l&#8217;extension des mesures d&#8217;instruction<\/p>\n<p>Les conditions l\u00e9gales de l&#8217;article 145 du code de proc\u00e9dure civile. Le juge rappelle le fondement l\u00e9gal de sa d\u00e9cision en citant l&#8217;article 145. Ce texte permet d&#8217;ordonner des mesures d&#8217;instruction avant tout proc\u00e8s s&#8217;il existe un motif l\u00e9gitime. Le juge exige \u00e9galement que le litige soit suffisamment caract\u00e9ris\u00e9 dans son objet et son fondement. Cette application stricte garantit que la mesure ne soit pas d\u00e9tourn\u00e9e de son but probatoire. La d\u00e9cision souligne ainsi le caract\u00e8re exceptionnel mais n\u00e9cessaire de l&#8217;anticipation des preuves.<\/p>\n<p>L&#8217;appr\u00e9ciation souveraine du motif l\u00e9gitime et de la n\u00e9cessit\u00e9. En l&#8217;esp\u00e8ce, le juge estime que la mise en cause des nombreuses parties assign\u00e9es est n\u00e9cessaire pour la poursuite des op\u00e9rations d&#8217;expertise. Il consid\u00e8re que la requ\u00e9rante justifie par l\u00e0 d&#8217;un int\u00e9r\u00eat l\u00e9gitime \u00e0 l&#8217;extension. Le juge dispose d&#8217;un pouvoir d&#8217;appr\u00e9ciation pour \u00e9valuer ce motif l\u00e9gitime. Cette appr\u00e9ciation large facilite la recherche des responsabilit\u00e9s dans des litiges complexes multipartites. Elle permet une instruction compl\u00e8te et contradictoire d\u00e8s le stade pr\u00e9alable au proc\u00e8s.<\/p>\n<p>Les implications pratiques de la d\u00e9cision d&#8217;extension<\/p>\n<p>Le rejet des demandes de mise hors de cause comme pr\u00e9matur\u00e9es. Le juge rejette la demande de mise hors de cause formul\u00e9e par certains assureurs. Il estime cette demande pr\u00e9matur\u00e9e \u00e0 ce stade de la proc\u00e9dure. La d\u00e9cision pr\u00e9cise que l&#8217;expertise fonctionnera au contradictoire de l&#8217;ensemble des parties. Ce refus \u00e9vite un \u00e9miettement des proc\u00e9dures et pr\u00e9serve l&#8217;unit\u00e9 de l&#8217;instruction. Il reporte l&#8217;examen des exceptions substantielles au fond du litige, conform\u00e9ment \u00e0 l&#8217;\u00e9conomie de la proc\u00e9dure.<\/p>\n<p>Les modalit\u00e9s d&#8217;ex\u00e9cution et les limites de l&#8217;ordonnance. La d\u00e9cision pr\u00e9cise qu&#8217;elle n&#8217;entra\u00eene pas de modification de la mission de l&#8217;expert. Elle n&#8217;impose pas non plus de consignation compl\u00e9mentaire sauf demande de l&#8217;expert. Le juge statue \u00e9galement sur les d\u00e9pens et les frais irr\u00e9p\u00e9tibles. Ces dispositions assurent une ex\u00e9cution pratique et proportionn\u00e9e de la mesure. Elles illustrent le souci du juge des r\u00e9f\u00e9r\u00e9s de r\u00e9gler les difficult\u00e9s d&#8217;ex\u00e9cution imm\u00e9diates sans pr\u00e9juger du fond.<\/p>\n<\/div>\n","protected":false},"excerpt":{"rendered":"<p>Le tribunal judiciaire de Bordeaux, statuant en r\u00e9f\u00e9r\u00e9 le huit septembre 2025, se prononce sur une demande d&#8217;extension d&#8217;une expertise. Une expertise avait \u00e9&#8230;<\/p>\n","protected":false},"author":232070755,"featured_media":9704,"comment_status":"open","ping_status":"open","sticky":false,"template":"","format":"standard","meta":{"_crdt_document":"","_jetpack_newsletter_access":"","_jetpack_dont_email_post_to_subs":false,"_jetpack_newsletter_tier_id":0,"_jetpack_memberships_contains_paywalled_content":false,"_kj_source_type":"judilibre","_kj_official_id":"68e40515681ed727f2a4004d","_kj_official_url":"https:\/\/www.courdecassation.fr\/decision\/68e40515681ed727f2a4004d","_kj_judilibre_id":"68e40515681ed727f2a4004d","_kj_jur":"Tribunal judiciaire","_kj_lieu":"Tribunal judiciaire de Bordeaux","_kj_chambre":"REFERES 2\u00e8me Section","_kj_rg":"24\/01918","_kj_date":"2025-10-06","_jetpack_memberships_contains_paid_content":false,"footnotes":"","jetpack_post_was_ever_published":false},"categories":[7597],"tags":[],"class_list":["post-646766","post","type-post","status-publish","format-standard","has-post-thumbnail","hentry","category-jurisprudence"],"yoast_head":"<!-- This site is optimized with the Yoast SEO Premium plugin v27.5 (Yoast SEO v27.5) - https:\/\/yoast.com\/product\/yoast-seo-premium-wordpress\/ -->\n<title>Tribunal judiciaire de Bordeaux, le 6 octobre 2025, n\u00b024\/01918 - Ma\u00eetre Hassan Kohen, avocat en droit p\u00e9nal \u00e0 Paris<\/title>\n<meta name=\"description\" content=\"Le tribunal judiciaire de Bordeaux, statuant en r\u00e9f\u00e9r\u00e9 le huit septembre 2025, se prononce sur une demande d&#039;extension d&#039;une expertise. Une expertise avait \u00e9...\" \/>\n<meta name=\"robots\" content=\"index, follow, max-snippet:-1, max-image-preview:large, max-video-preview:-1\" \/>\n<link rel=\"canonical\" href=\"https:\/\/kohenavocats.com\/tr\/tribunal-judiciaire-de-bordeaux-le-6-octobre-2025-n24-01918\/\" \/>\n<meta property=\"og:locale\" content=\"tr_TR\" \/>\n<meta property=\"og:type\" content=\"article\" \/>\n<meta property=\"og:title\" content=\"Tribunal judiciaire de Bordeaux, le 6 octobre 2025, n\u00b024\/01918\" \/>\n<meta property=\"og:description\" content=\"Le tribunal judiciaire de Bordeaux, statuant en r\u00e9f\u00e9r\u00e9 le huit septembre 2025, se prononce sur une demande d&#039;extension d&#039;une expertise. Une expertise avait \u00e9...\" \/>\n<meta property=\"og:url\" content=\"https:\/\/kohenavocats.com\/tr\/tribunal-judiciaire-de-bordeaux-le-6-octobre-2025-n24-01918\/\" \/>\n<meta property=\"og:site_name\" content=\"Ma\u00eetre Hassan Kohen, avocat en droit p\u00e9nal \u00e0 Paris\" \/>\n<meta property=\"article:published_time\" content=\"2026-04-22T08:33:30+00:00\" \/>\n<meta property=\"og:image\" content=\"https:\/\/kohenavocats.com\/wp-content\/uploads\/2024\/11\/gabriella-clare-marino-Sv8mgd51JZ4-unsplash.webp\" \/>\n\t<meta property=\"og:image:width\" content=\"6000\" \/>\n\t<meta property=\"og:image:height\" content=\"4000\" \/>\n\t<meta property=\"og:image:type\" content=\"image\/webp\" \/>\n<meta name=\"author\" content=\"Kohen\" \/>\n<meta name=\"twitter:card\" content=\"summary_large_image\" \/>\n<meta name=\"twitter:label1\" content=\"Yazan:\" \/>\n\t<meta name=\"twitter:data1\" content=\"Kohen\" \/>\n\t<meta name=\"twitter:label2\" content=\"Tahmini okuma s\u00fcresi\" \/>\n\t<meta name=\"twitter:data2\" content=\"2 dakika\" \/>\n<script type=\"application\/ld+json\" class=\"yoast-schema-graph\">{\"@context\":\"https:\\\/\\\/schema.org\",\"@graph\":[{\"@type\":\"Article\",\"@id\":\"https:\\\/\\\/kohenavocats.com\\\/tr\\\/tribunal-judiciaire-de-bordeaux-le-6-octobre-2025-n24-01918\\\/#article\",\"isPartOf\":{\"@id\":\"https:\\\/\\\/kohenavocats.com\\\/tr\\\/tribunal-judiciaire-de-bordeaux-le-6-octobre-2025-n24-01918\\\/\"},\"author\":{\"name\":\"Kohen\",\"@id\":\"https:\\\/\\\/kohenavocats.com\\\/tr\\\/#\\\/schema\\\/person\\\/761c9ba54fa1ca84d405cef0831ff751\"},\"headline\":\"Tribunal judiciaire de Bordeaux, le 6 octobre 2025, n\u00b024\\\/01918\",\"datePublished\":\"2026-04-22T08:33:30+00:00\",\"mainEntityOfPage\":{\"@id\":\"https:\\\/\\\/kohenavocats.com\\\/tr\\\/tribunal-judiciaire-de-bordeaux-le-6-octobre-2025-n24-01918\\\/\"},\"wordCount\":540,\"commentCount\":0,\"publisher\":{\"@id\":\"https:\\\/\\\/kohenavocats.com\\\/tr\\\/#organization\"},\"image\":{\"@id\":\"https:\\\/\\\/kohenavocats.com\\\/tr\\\/tribunal-judiciaire-de-bordeaux-le-6-octobre-2025-n24-01918\\\/#primaryimage\"},\"thumbnailUrl\":\"https:\\\/\\\/kohenavocats.com\\\/wp-content\\\/uploads\\\/2024\\\/11\\\/gabriella-clare-marino-Sv8mgd51JZ4-unsplash.webp\",\"articleSection\":[\"Jurisprudence\"],\"inLanguage\":\"tr\",\"potentialAction\":[{\"@type\":\"CommentAction\",\"name\":\"Comment\",\"target\":[\"https:\\\/\\\/kohenavocats.com\\\/tr\\\/tribunal-judiciaire-de-bordeaux-le-6-octobre-2025-n24-01918\\\/#respond\"]}],\"citation\":\"Tribunal judiciaire de Bordeaux, le 6 octobre 2025, n\u00b024\\\/01918\",\"about\":[{\"@type\":\"Thing\",\"name\":\"Jurisprudence\"}],\"dateModified\":\"2026-04-22T08:33:30+00:00\",\"speakable\":{\"@type\":\"SpeakableSpecification\",\"cssSelector\":[\".article-content > p:first-of-type\"]}},{\"@type\":\"WebPage\",\"@id\":\"https:\\\/\\\/kohenavocats.com\\\/tr\\\/tribunal-judiciaire-de-bordeaux-le-6-octobre-2025-n24-01918\\\/\",\"url\":\"https:\\\/\\\/kohenavocats.com\\\/tr\\\/tribunal-judiciaire-de-bordeaux-le-6-octobre-2025-n24-01918\\\/\",\"name\":\"Tribunal judiciaire de Bordeaux, le 6 octobre 2025, n\u00b024\\\/01918 - Ma\u00eetre Hassan Kohen, avocat en droit p\u00e9nal \u00e0 Paris\",\"isPartOf\":{\"@id\":\"https:\\\/\\\/kohenavocats.com\\\/tr\\\/#website\"},\"primaryImageOfPage\":{\"@id\":\"https:\\\/\\\/kohenavocats.com\\\/tr\\\/tribunal-judiciaire-de-bordeaux-le-6-octobre-2025-n24-01918\\\/#primaryimage\"},\"image\":{\"@id\":\"https:\\\/\\\/kohenavocats.com\\\/tr\\\/tribunal-judiciaire-de-bordeaux-le-6-octobre-2025-n24-01918\\\/#primaryimage\"},\"thumbnailUrl\":\"https:\\\/\\\/kohenavocats.com\\\/wp-content\\\/uploads\\\/2024\\\/11\\\/gabriella-clare-marino-Sv8mgd51JZ4-unsplash.webp\",\"datePublished\":\"2026-04-22T08:33:30+00:00\",\"description\":\"Le tribunal judiciaire de Bordeaux, statuant en r\u00e9f\u00e9r\u00e9 le huit septembre 2025, se prononce sur une demande d'extension d'une expertise. Une expertise avait \u00e9...\",\"breadcrumb\":{\"@id\":\"https:\\\/\\\/kohenavocats.com\\\/tr\\\/tribunal-judiciaire-de-bordeaux-le-6-octobre-2025-n24-01918\\\/#breadcrumb\"},\"inLanguage\":\"tr\",\"potentialAction\":[{\"@type\":\"ReadAction\",\"target\":[\"https:\\\/\\\/kohenavocats.com\\\/tr\\\/tribunal-judiciaire-de-bordeaux-le-6-octobre-2025-n24-01918\\\/\"]}]},{\"@type\":\"ImageObject\",\"inLanguage\":\"tr\",\"@id\":\"https:\\\/\\\/kohenavocats.com\\\/tr\\\/tribunal-judiciaire-de-bordeaux-le-6-octobre-2025-n24-01918\\\/#primaryimage\",\"url\":\"https:\\\/\\\/kohenavocats.com\\\/wp-content\\\/uploads\\\/2024\\\/11\\\/gabriella-clare-marino-Sv8mgd51JZ4-unsplash.webp\",\"contentUrl\":\"https:\\\/\\\/kohenavocats.com\\\/wp-content\\\/uploads\\\/2024\\\/11\\\/gabriella-clare-marino-Sv8mgd51JZ4-unsplash.webp\",\"width\":6000,\"height\":4000},{\"@type\":\"BreadcrumbList\",\"@id\":\"https:\\\/\\\/kohenavocats.com\\\/tr\\\/tribunal-judiciaire-de-bordeaux-le-6-octobre-2025-n24-01918\\\/#breadcrumb\",\"itemListElement\":[{\"@type\":\"ListItem\",\"position\":1,\"name\":\"Home\",\"item\":\"https:\\\/\\\/kohenavocats.com\\\/tr\\\/avocats-en-droit-penal-a-paris-conseil-et-defense-strategique\\\/\"},{\"@type\":\"ListItem\",\"position\":2,\"name\":\"Tribunal judiciaire de Bordeaux, le 6 octobre 2025, n\u00b024\\\/01918\"}]},{\"@type\":\"WebSite\",\"@id\":\"https:\\\/\\\/kohenavocats.com\\\/tr\\\/#website\",\"url\":\"https:\\\/\\\/kohenavocats.com\\\/tr\\\/\",\"name\":\"Kohen Avocats\",\"description\":\"Ma\u00eetre Hassan Kohen, avocat p\u00e9naliste \u00e0 Paris, intervient exclusivement en droit p\u00e9nal pour la d\u00e9fense des particuliers, notamment en mati\u00e8re d\u2019accusations de viol. Il assure un accompagnement rigoureux d\u00e8s la garde \u00e0 vue jusqu\u2019\u00e0 la Cour d\u2019assises, veillant au strict respect des garanties proc\u00e9durales.\",\"publisher\":{\"@id\":\"https:\\\/\\\/kohenavocats.com\\\/tr\\\/#organization\"},\"potentialAction\":[{\"@type\":\"SearchAction\",\"target\":{\"@type\":\"EntryPoint\",\"urlTemplate\":\"https:\\\/\\\/kohenavocats.com\\\/tr\\\/?s={search_term_string}\"},\"query-input\":{\"@type\":\"PropertyValueSpecification\",\"valueRequired\":true,\"valueName\":\"search_term_string\"}}],\"inLanguage\":\"tr\"},{\"@type\":\"Organization\",\"@id\":\"https:\\\/\\\/kohenavocats.com\\\/tr\\\/#organization\",\"name\":\"Kohen Avocats\",\"url\":\"https:\\\/\\\/kohenavocats.com\\\/tr\\\/\",\"logo\":{\"@type\":\"ImageObject\",\"inLanguage\":\"tr\",\"@id\":\"https:\\\/\\\/kohenavocats.com\\\/tr\\\/#\\\/schema\\\/logo\\\/image\\\/\",\"url\":\"https:\\\/\\\/kohenavocats.com\\\/wp-content\\\/uploads\\\/2026\\\/01\\\/Logo-2-1.webp\",\"contentUrl\":\"https:\\\/\\\/kohenavocats.com\\\/wp-content\\\/uploads\\\/2026\\\/01\\\/Logo-2-1.webp\",\"width\":2114,\"height\":1253,\"caption\":\"Kohen Avocats\"},\"image\":{\"@id\":\"https:\\\/\\\/kohenavocats.com\\\/tr\\\/#\\\/schema\\\/logo\\\/image\\\/\"}},{\"@type\":\"Person\",\"@id\":\"https:\\\/\\\/kohenavocats.com\\\/tr\\\/#\\\/schema\\\/person\\\/761c9ba54fa1ca84d405cef0831ff751\",\"name\":\"Kohen\",\"image\":{\"@type\":\"ImageObject\",\"inLanguage\":\"tr\",\"@id\":\"https:\\\/\\\/secure.gravatar.com\\\/avatar\\\/1c5e76ef76bbbfdd2b4da984e2bf2fa4056fd51a27d25ce2c332047f1dfd6e00?s=96&d=identicon&r=g\",\"url\":\"https:\\\/\\\/secure.gravatar.com\\\/avatar\\\/1c5e76ef76bbbfdd2b4da984e2bf2fa4056fd51a27d25ce2c332047f1dfd6e00?s=96&d=identicon&r=g\",\"contentUrl\":\"https:\\\/\\\/secure.gravatar.com\\\/avatar\\\/1c5e76ef76bbbfdd2b4da984e2bf2fa4056fd51a27d25ce2c332047f1dfd6e00?s=96&d=identicon&r=g\",\"caption\":\"Kohen\"},\"sameAs\":[\"https:\\\/\\\/www.linkedin.com\\\/in\\\/hassan-kohen-448548192\\\/\",\"https:\\\/\\\/www.youtube.com\\\/@Kohen-Avocats\"],\"url\":\"https:\\\/\\\/kohenavocats.com\\\/tr\\\/author\\\/kohenmlk\\\/\"}]}<\/script>\n<!-- \/ Yoast SEO Premium plugin. -->","yoast_head_json":{"title":"Tribunal judiciaire de Bordeaux, le 6 octobre 2025, n\u00b024\/01918 - Ma\u00eetre Hassan Kohen, avocat en droit p\u00e9nal \u00e0 Paris","description":"Le tribunal judiciaire de Bordeaux, statuant en r\u00e9f\u00e9r\u00e9 le huit septembre 2025, se prononce sur une demande d'extension d'une expertise. Une expertise avait \u00e9...","robots":{"index":"index","follow":"follow","max-snippet":"max-snippet:-1","max-image-preview":"max-image-preview:large","max-video-preview":"max-video-preview:-1"},"canonical":"https:\/\/kohenavocats.com\/tr\/tribunal-judiciaire-de-bordeaux-le-6-octobre-2025-n24-01918\/","og_locale":"tr_TR","og_type":"article","og_title":"Tribunal judiciaire de Bordeaux, le 6 octobre 2025, n\u00b024\/01918","og_description":"Le tribunal judiciaire de Bordeaux, statuant en r\u00e9f\u00e9r\u00e9 le huit septembre 2025, se prononce sur une demande d'extension d'une expertise. Une expertise avait \u00e9...","og_url":"https:\/\/kohenavocats.com\/tr\/tribunal-judiciaire-de-bordeaux-le-6-octobre-2025-n24-01918\/","og_site_name":"Ma\u00eetre Hassan Kohen, avocat en droit p\u00e9nal \u00e0 Paris","article_published_time":"2026-04-22T08:33:30+00:00","og_image":[{"width":6000,"height":4000,"url":"https:\/\/kohenavocats.com\/wp-content\/uploads\/2024\/11\/gabriella-clare-marino-Sv8mgd51JZ4-unsplash.webp","type":"image\/webp"}],"author":"Kohen","twitter_card":"summary_large_image","twitter_misc":{"Yazan:":"Kohen","Tahmini okuma s\u00fcresi":"2 dakika"},"schema":{"@context":"https:\/\/schema.org","@graph":[{"@type":"Article","@id":"https:\/\/kohenavocats.com\/tr\/tribunal-judiciaire-de-bordeaux-le-6-octobre-2025-n24-01918\/#article","isPartOf":{"@id":"https:\/\/kohenavocats.com\/tr\/tribunal-judiciaire-de-bordeaux-le-6-octobre-2025-n24-01918\/"},"author":{"name":"Kohen","@id":"https:\/\/kohenavocats.com\/tr\/#\/schema\/person\/761c9ba54fa1ca84d405cef0831ff751"},"headline":"Tribunal judiciaire de Bordeaux, le 6 octobre 2025, n\u00b024\/01918","datePublished":"2026-04-22T08:33:30+00:00","mainEntityOfPage":{"@id":"https:\/\/kohenavocats.com\/tr\/tribunal-judiciaire-de-bordeaux-le-6-octobre-2025-n24-01918\/"},"wordCount":540,"commentCount":0,"publisher":{"@id":"https:\/\/kohenavocats.com\/tr\/#organization"},"image":{"@id":"https:\/\/kohenavocats.com\/tr\/tribunal-judiciaire-de-bordeaux-le-6-octobre-2025-n24-01918\/#primaryimage"},"thumbnailUrl":"https:\/\/kohenavocats.com\/wp-content\/uploads\/2024\/11\/gabriella-clare-marino-Sv8mgd51JZ4-unsplash.webp","articleSection":["Jurisprudence"],"inLanguage":"tr","potentialAction":[{"@type":"CommentAction","name":"Comment","target":["https:\/\/kohenavocats.com\/tr\/tribunal-judiciaire-de-bordeaux-le-6-octobre-2025-n24-01918\/#respond"]}],"citation":"Tribunal judiciaire de Bordeaux, le 6 octobre 2025, n\u00b024\/01918","about":[{"@type":"Thing","name":"Jurisprudence"}],"dateModified":"2026-04-22T08:33:30+00:00","speakable":{"@type":"SpeakableSpecification","cssSelector":[".article-content > p:first-of-type"]}},{"@type":"WebPage","@id":"https:\/\/kohenavocats.com\/tr\/tribunal-judiciaire-de-bordeaux-le-6-octobre-2025-n24-01918\/","url":"https:\/\/kohenavocats.com\/tr\/tribunal-judiciaire-de-bordeaux-le-6-octobre-2025-n24-01918\/","name":"Tribunal judiciaire de Bordeaux, le 6 octobre 2025, n\u00b024\/01918 - Ma\u00eetre Hassan Kohen, avocat en droit p\u00e9nal \u00e0 Paris","isPartOf":{"@id":"https:\/\/kohenavocats.com\/tr\/#website"},"primaryImageOfPage":{"@id":"https:\/\/kohenavocats.com\/tr\/tribunal-judiciaire-de-bordeaux-le-6-octobre-2025-n24-01918\/#primaryimage"},"image":{"@id":"https:\/\/kohenavocats.com\/tr\/tribunal-judiciaire-de-bordeaux-le-6-octobre-2025-n24-01918\/#primaryimage"},"thumbnailUrl":"https:\/\/kohenavocats.com\/wp-content\/uploads\/2024\/11\/gabriella-clare-marino-Sv8mgd51JZ4-unsplash.webp","datePublished":"2026-04-22T08:33:30+00:00","description":"Le tribunal judiciaire de Bordeaux, statuant en r\u00e9f\u00e9r\u00e9 le huit septembre 2025, se prononce sur une demande d'extension d'une expertise. Une expertise avait \u00e9...","breadcrumb":{"@id":"https:\/\/kohenavocats.com\/tr\/tribunal-judiciaire-de-bordeaux-le-6-octobre-2025-n24-01918\/#breadcrumb"},"inLanguage":"tr","potentialAction":[{"@type":"ReadAction","target":["https:\/\/kohenavocats.com\/tr\/tribunal-judiciaire-de-bordeaux-le-6-octobre-2025-n24-01918\/"]}]},{"@type":"ImageObject","inLanguage":"tr","@id":"https:\/\/kohenavocats.com\/tr\/tribunal-judiciaire-de-bordeaux-le-6-octobre-2025-n24-01918\/#primaryimage","url":"https:\/\/kohenavocats.com\/wp-content\/uploads\/2024\/11\/gabriella-clare-marino-Sv8mgd51JZ4-unsplash.webp","contentUrl":"https:\/\/kohenavocats.com\/wp-content\/uploads\/2024\/11\/gabriella-clare-marino-Sv8mgd51JZ4-unsplash.webp","width":6000,"height":4000},{"@type":"BreadcrumbList","@id":"https:\/\/kohenavocats.com\/tr\/tribunal-judiciaire-de-bordeaux-le-6-octobre-2025-n24-01918\/#breadcrumb","itemListElement":[{"@type":"ListItem","position":1,"name":"Home","item":"https:\/\/kohenavocats.com\/tr\/avocats-en-droit-penal-a-paris-conseil-et-defense-strategique\/"},{"@type":"ListItem","position":2,"name":"Tribunal judiciaire de Bordeaux, le 6 octobre 2025, n\u00b024\/01918"}]},{"@type":"WebSite","@id":"https:\/\/kohenavocats.com\/tr\/#website","url":"https:\/\/kohenavocats.com\/tr\/","name":"Kohen Avocats","description":"Ma\u00eetre Hassan Kohen, avocat p\u00e9naliste \u00e0 Paris, intervient exclusivement en droit p\u00e9nal pour la d\u00e9fense des particuliers, notamment en mati\u00e8re d\u2019accusations de viol. Il assure un accompagnement rigoureux d\u00e8s la garde \u00e0 vue jusqu\u2019\u00e0 la Cour d\u2019assises, veillant au strict respect des garanties proc\u00e9durales.","publisher":{"@id":"https:\/\/kohenavocats.com\/tr\/#organization"},"potentialAction":[{"@type":"SearchAction","target":{"@type":"EntryPoint","urlTemplate":"https:\/\/kohenavocats.com\/tr\/?s={search_term_string}"},"query-input":{"@type":"PropertyValueSpecification","valueRequired":true,"valueName":"search_term_string"}}],"inLanguage":"tr"},{"@type":"Organization","@id":"https:\/\/kohenavocats.com\/tr\/#organization","name":"Kohen Avocats","url":"https:\/\/kohenavocats.com\/tr\/","logo":{"@type":"ImageObject","inLanguage":"tr","@id":"https:\/\/kohenavocats.com\/tr\/#\/schema\/logo\/image\/","url":"https:\/\/kohenavocats.com\/wp-content\/uploads\/2026\/01\/Logo-2-1.webp","contentUrl":"https:\/\/kohenavocats.com\/wp-content\/uploads\/2026\/01\/Logo-2-1.webp","width":2114,"height":1253,"caption":"Kohen Avocats"},"image":{"@id":"https:\/\/kohenavocats.com\/tr\/#\/schema\/logo\/image\/"}},{"@type":"Person","@id":"https:\/\/kohenavocats.com\/tr\/#\/schema\/person\/761c9ba54fa1ca84d405cef0831ff751","name":"Kohen","image":{"@type":"ImageObject","inLanguage":"tr","@id":"https:\/\/secure.gravatar.com\/avatar\/1c5e76ef76bbbfdd2b4da984e2bf2fa4056fd51a27d25ce2c332047f1dfd6e00?s=96&d=identicon&r=g","url":"https:\/\/secure.gravatar.com\/avatar\/1c5e76ef76bbbfdd2b4da984e2bf2fa4056fd51a27d25ce2c332047f1dfd6e00?s=96&d=identicon&r=g","contentUrl":"https:\/\/secure.gravatar.com\/avatar\/1c5e76ef76bbbfdd2b4da984e2bf2fa4056fd51a27d25ce2c332047f1dfd6e00?s=96&d=identicon&r=g","caption":"Kohen"},"sameAs":["https:\/\/www.linkedin.com\/in\/hassan-kohen-448548192\/","https:\/\/www.youtube.com\/@Kohen-Avocats"],"url":"https:\/\/kohenavocats.com\/tr\/author\/kohenmlk\/"}]}},"jetpack_featured_media_url":"https:\/\/kohenavocats.com\/wp-content\/uploads\/2024\/11\/gabriella-clare-marino-Sv8mgd51JZ4-unsplash.webp","jetpack_likes_enabled":false,"jetpack_shortlink":"https:\/\/wp.me\/peCrII-2IfI","jetpack-related-posts":[{"id":492725,"url":"https:\/\/kohenavocats.com\/tr\/tribunal-judiciaire-de-bordeaux-le-13-juin-2022-n25-01297\/","url_meta":{"origin":646766,"position":0},"title":"Tribunal judiciaire de Bordeaux, le 13 juin 2022, n\u00b025\/01297","author":"Kohen","date":"8 Nisan 2026","format":false,"excerpt":"Le juge des r\u00e9f\u00e9r\u00e9s du tribunal judiciaire de Bordeaux, statuant par ordonnance du 13 juin 2022 compl\u00e9t\u00e9e, examine une demande d\u2019extension d\u2019une expertise pr...","rel":"","context":"&quot;Jurisprudence&quot; i\u00e7inde","block_context":{"text":"Jurisprudence","link":"https:\/\/kohenavocats.com\/category\/jurisprudence\/"},"img":{"alt_text":"","src":"https:\/\/i0.wp.com\/kohenavocats.com\/wp-content\/uploads\/2024\/11\/mohamed-nohassi-eDW8N5peT58-unsplash.webp?resize=350%2C200&ssl=1","width":350,"height":200,"srcset":"https:\/\/i0.wp.com\/kohenavocats.com\/wp-content\/uploads\/2024\/11\/mohamed-nohassi-eDW8N5peT58-unsplash.webp?resize=350%2C200&ssl=1 1x, https:\/\/i0.wp.com\/kohenavocats.com\/wp-content\/uploads\/2024\/11\/mohamed-nohassi-eDW8N5peT58-unsplash.webp?resize=525%2C300&ssl=1 1.5x, https:\/\/i0.wp.com\/kohenavocats.com\/wp-content\/uploads\/2024\/11\/mohamed-nohassi-eDW8N5peT58-unsplash.webp?resize=700%2C400&ssl=1 2x, https:\/\/i0.wp.com\/kohenavocats.com\/wp-content\/uploads\/2024\/11\/mohamed-nohassi-eDW8N5peT58-unsplash.webp?resize=1050%2C600&ssl=1 3x, https:\/\/i0.wp.com\/kohenavocats.com\/wp-content\/uploads\/2024\/11\/mohamed-nohassi-eDW8N5peT58-unsplash.webp?resize=1400%2C800&ssl=1 4x"},"classes":[]},{"id":488597,"url":"https:\/\/kohenavocats.com\/tr\/tribunal-judiciaire-de-bordeaux-le-24-novembre-2025-n25-01709\/","url_meta":{"origin":646766,"position":1},"title":"Tribunal judiciaire de Bordeaux, le 24 novembre 2025, n\u00b025\/01709","author":"Kohen","date":"8 Nisan 2026","format":false,"excerpt":"Le juge des r\u00e9f\u00e9r\u00e9s du tribunal judiciaire de Bordeaux, par ordonnance du 24 novembre 2025, statue sur une demande d'extension d'une expertise judiciaire. Ce...","rel":"","context":"&quot;Jurisprudence&quot; i\u00e7inde","block_context":{"text":"Jurisprudence","link":"https:\/\/kohenavocats.com\/category\/jurisprudence\/"},"img":{"alt_text":"","src":"https:\/\/i0.wp.com\/kohenavocats.com\/wp-content\/uploads\/2024\/08\/louis-paulin-dQBs6n5Sf4g-unsplash.webp?resize=350%2C200&ssl=1","width":350,"height":200,"srcset":"https:\/\/i0.wp.com\/kohenavocats.com\/wp-content\/uploads\/2024\/08\/louis-paulin-dQBs6n5Sf4g-unsplash.webp?resize=350%2C200&ssl=1 1x, https:\/\/i0.wp.com\/kohenavocats.com\/wp-content\/uploads\/2024\/08\/louis-paulin-dQBs6n5Sf4g-unsplash.webp?resize=525%2C300&ssl=1 1.5x, https:\/\/i0.wp.com\/kohenavocats.com\/wp-content\/uploads\/2024\/08\/louis-paulin-dQBs6n5Sf4g-unsplash.webp?resize=700%2C400&ssl=1 2x, https:\/\/i0.wp.com\/kohenavocats.com\/wp-content\/uploads\/2024\/08\/louis-paulin-dQBs6n5Sf4g-unsplash.webp?resize=1050%2C600&ssl=1 3x, https:\/\/i0.wp.com\/kohenavocats.com\/wp-content\/uploads\/2024\/08\/louis-paulin-dQBs6n5Sf4g-unsplash.webp?resize=1400%2C800&ssl=1 4x"},"classes":[]},{"id":634489,"url":"https:\/\/kohenavocats.com\/tr\/tribunal-judiciaire-de-bordeaux-le-12-fevrier-2025-n25-00744\/","url_meta":{"origin":646766,"position":2},"title":"Tribunal judiciaire de Bordeaux, le 12 f\u00e9vrier 2025, n\u00b025\/00744","author":"Kohen","date":"21 Nisan 2026","format":false,"excerpt":"Le juge des r\u00e9f\u00e9r\u00e9s du tribunal judiciaire de Bordeaux, statuant par ordonnance du 12 f\u00e9vrier 2025, se prononce sur une demande d'extension d'une mesure d'in...","rel":"","context":"&quot;Jurisprudence&quot; i\u00e7inde","block_context":{"text":"Jurisprudence","link":"https:\/\/kohenavocats.com\/category\/jurisprudence\/"},"img":{"alt_text":"","src":"https:\/\/i0.wp.com\/kohenavocats.com\/wp-content\/uploads\/2024\/08\/stephanie-leblanc-h5RH0srRrwY-unsplash.webp?resize=350%2C200&ssl=1","width":350,"height":200,"srcset":"https:\/\/i0.wp.com\/kohenavocats.com\/wp-content\/uploads\/2024\/08\/stephanie-leblanc-h5RH0srRrwY-unsplash.webp?resize=350%2C200&ssl=1 1x, https:\/\/i0.wp.com\/kohenavocats.com\/wp-content\/uploads\/2024\/08\/stephanie-leblanc-h5RH0srRrwY-unsplash.webp?resize=525%2C300&ssl=1 1.5x, https:\/\/i0.wp.com\/kohenavocats.com\/wp-content\/uploads\/2024\/08\/stephanie-leblanc-h5RH0srRrwY-unsplash.webp?resize=700%2C400&ssl=1 2x, https:\/\/i0.wp.com\/kohenavocats.com\/wp-content\/uploads\/2024\/08\/stephanie-leblanc-h5RH0srRrwY-unsplash.webp?resize=1050%2C600&ssl=1 3x, https:\/\/i0.wp.com\/kohenavocats.com\/wp-content\/uploads\/2024\/08\/stephanie-leblanc-h5RH0srRrwY-unsplash.webp?resize=1400%2C800&ssl=1 4x"},"classes":[]},{"id":610153,"url":"https:\/\/kohenavocats.com\/tr\/tribunal-judiciaire-de-bordeaux-le-15-juillet-2025-n25-01266\/","url_meta":{"origin":646766,"position":3},"title":"Tribunal judiciaire de Bordeaux, le 15 juillet 2025, n\u00b025\/01266","author":"Kohen","date":"19 Nisan 2026","format":false,"excerpt":"Le juge des r\u00e9f\u00e9r\u00e9s du tribunal judiciaire de Bordeaux, statuant par ordonnance du 15 juillet 2025, est saisi d'une demande d'extension de mission d'expertis...","rel":"","context":"&quot;Jurisprudence&quot; i\u00e7inde","block_context":{"text":"Jurisprudence","link":"https:\/\/kohenavocats.com\/category\/jurisprudence\/"},"img":{"alt_text":"","src":"https:\/\/i0.wp.com\/kohenavocats.com\/wp-content\/uploads\/2024\/11\/mohamed-nohassi-Qi-Qyp5vc3o-unsplash.webp?resize=350%2C200&ssl=1","width":350,"height":200,"srcset":"https:\/\/i0.wp.com\/kohenavocats.com\/wp-content\/uploads\/2024\/11\/mohamed-nohassi-Qi-Qyp5vc3o-unsplash.webp?resize=350%2C200&ssl=1 1x, https:\/\/i0.wp.com\/kohenavocats.com\/wp-content\/uploads\/2024\/11\/mohamed-nohassi-Qi-Qyp5vc3o-unsplash.webp?resize=525%2C300&ssl=1 1.5x, https:\/\/i0.wp.com\/kohenavocats.com\/wp-content\/uploads\/2024\/11\/mohamed-nohassi-Qi-Qyp5vc3o-unsplash.webp?resize=700%2C400&ssl=1 2x, https:\/\/i0.wp.com\/kohenavocats.com\/wp-content\/uploads\/2024\/11\/mohamed-nohassi-Qi-Qyp5vc3o-unsplash.webp?resize=1050%2C600&ssl=1 3x, https:\/\/i0.wp.com\/kohenavocats.com\/wp-content\/uploads\/2024\/11\/mohamed-nohassi-Qi-Qyp5vc3o-unsplash.webp?resize=1400%2C800&ssl=1 4x"},"classes":[]},{"id":605497,"url":"https:\/\/kohenavocats.com\/tr\/tribunal-judiciaire-de-bordeaux-le-8-decembre-2025-n25-01902\/","url_meta":{"origin":646766,"position":4},"title":"Tribunal judiciaire de Bordeaux, le 8 d\u00e9cembre 2025, n\u00b025\/01902","author":"Kohen","date":"19 Nisan 2026","format":false,"excerpt":"Le tribunal judiciaire de Bordeaux, statuant en r\u00e9f\u00e9r\u00e9, rend une ordonnance le dix-huit juillet deux mille vingt-quatre. L\u2019affaire concerne un litige relatif...","rel":"","context":"&quot;Jurisprudence&quot; i\u00e7inde","block_context":{"text":"Jurisprudence","link":"https:\/\/kohenavocats.com\/category\/jurisprudence\/"},"img":{"alt_text":"","src":"https:\/\/i0.wp.com\/kohenavocats.com\/wp-content\/uploads\/2024\/08\/nathan-cima-Oo1B6DhVtBo-unsplash.webp?resize=350%2C200&ssl=1","width":350,"height":200,"srcset":"https:\/\/i0.wp.com\/kohenavocats.com\/wp-content\/uploads\/2024\/08\/nathan-cima-Oo1B6DhVtBo-unsplash.webp?resize=350%2C200&ssl=1 1x, https:\/\/i0.wp.com\/kohenavocats.com\/wp-content\/uploads\/2024\/08\/nathan-cima-Oo1B6DhVtBo-unsplash.webp?resize=525%2C300&ssl=1 1.5x, https:\/\/i0.wp.com\/kohenavocats.com\/wp-content\/uploads\/2024\/08\/nathan-cima-Oo1B6DhVtBo-unsplash.webp?resize=700%2C400&ssl=1 2x, https:\/\/i0.wp.com\/kohenavocats.com\/wp-content\/uploads\/2024\/08\/nathan-cima-Oo1B6DhVtBo-unsplash.webp?resize=1050%2C600&ssl=1 3x, https:\/\/i0.wp.com\/kohenavocats.com\/wp-content\/uploads\/2024\/08\/nathan-cima-Oo1B6DhVtBo-unsplash.webp?resize=1400%2C800&ssl=1 4x"},"classes":[]},{"id":634884,"url":"https:\/\/kohenavocats.com\/tr\/tribunal-judiciaire-de-bordeaux-le-15-janvier-2025-n25-01234\/","url_meta":{"origin":646766,"position":5},"title":"Tribunal judiciaire de Bordeaux, le 15 janvier 2025, n\u00b025\/01234","author":"Kohen","date":"21 Nisan 2026","format":false,"excerpt":"Le juge des r\u00e9f\u00e9r\u00e9s du tribunal judiciaire de Bordeaux, par ordonnance du 15 janvier 2025, statue sur deux demandes distinctes. Une soci\u00e9t\u00e9 demande la mise h...","rel":"","context":"&quot;Jurisprudence&quot; i\u00e7inde","block_context":{"text":"Jurisprudence","link":"https:\/\/kohenavocats.com\/category\/jurisprudence\/"},"img":{"alt_text":"","src":"https:\/\/i0.wp.com\/kohenavocats.com\/wp-content\/uploads\/2024\/11\/gabriella-clare-marino-cSNzKJN-LNI-unsplash.webp?resize=350%2C200&ssl=1","width":350,"height":200,"srcset":"https:\/\/i0.wp.com\/kohenavocats.com\/wp-content\/uploads\/2024\/11\/gabriella-clare-marino-cSNzKJN-LNI-unsplash.webp?resize=350%2C200&ssl=1 1x, https:\/\/i0.wp.com\/kohenavocats.com\/wp-content\/uploads\/2024\/11\/gabriella-clare-marino-cSNzKJN-LNI-unsplash.webp?resize=525%2C300&ssl=1 1.5x, https:\/\/i0.wp.com\/kohenavocats.com\/wp-content\/uploads\/2024\/11\/gabriella-clare-marino-cSNzKJN-LNI-unsplash.webp?resize=700%2C400&ssl=1 2x, https:\/\/i0.wp.com\/kohenavocats.com\/wp-content\/uploads\/2024\/11\/gabriella-clare-marino-cSNzKJN-LNI-unsplash.webp?resize=1050%2C600&ssl=1 3x, https:\/\/i0.wp.com\/kohenavocats.com\/wp-content\/uploads\/2024\/11\/gabriella-clare-marino-cSNzKJN-LNI-unsplash.webp?resize=1400%2C800&ssl=1 4x"},"classes":[]}],"jetpack_sharing_enabled":true,"_links":{"self":[{"href":"https:\/\/kohenavocats.com\/tr\/wp-json\/wp\/v2\/posts\/646766","targetHints":{"allow":["GET"]}}],"collection":[{"href":"https:\/\/kohenavocats.com\/tr\/wp-json\/wp\/v2\/posts"}],"about":[{"href":"https:\/\/kohenavocats.com\/tr\/wp-json\/wp\/v2\/types\/post"}],"author":[{"embeddable":true,"href":"https:\/\/kohenavocats.com\/tr\/wp-json\/wp\/v2\/users\/232070755"}],"replies":[{"embeddable":true,"href":"https:\/\/kohenavocats.com\/tr\/wp-json\/wp\/v2\/comments?post=646766"}],"version-history":[{"count":0,"href":"https:\/\/kohenavocats.com\/tr\/wp-json\/wp\/v2\/posts\/646766\/revisions"}],"wp:featuredmedia":[{"embeddable":true,"href":"https:\/\/kohenavocats.com\/tr\/wp-json\/wp\/v2\/media\/9704"}],"wp:attachment":[{"href":"https:\/\/kohenavocats.com\/tr\/wp-json\/wp\/v2\/media?parent=646766"}],"wp:term":[{"taxonomy":"category","embeddable":true,"href":"https:\/\/kohenavocats.com\/tr\/wp-json\/wp\/v2\/categories?post=646766"},{"taxonomy":"post_tag","embeddable":true,"href":"https:\/\/kohenavocats.com\/tr\/wp-json\/wp\/v2\/tags?post=646766"}],"curies":[{"name":"wp","href":"https:\/\/api.w.org\/{rel}","templated":true}]}}