{"id":649029,"date":"2026-04-22T15:07:20","date_gmt":"2026-04-22T13:07:20","guid":{"rendered":"https:\/\/kohenavocats.com\/cour-dappel-de-caen-le-21-janvier-2025-n23-01351\/"},"modified":"2026-04-22T15:07:20","modified_gmt":"2026-04-22T13:07:20","slug":"cour-dappel-de-caen-le-21-janvier-2025-n23-01351","status":"publish","type":"post","link":"https:\/\/kohenavocats.com\/tr\/cour-dappel-de-caen-le-21-janvier-2025-n23-01351\/","title":{"rendered":"Cour d&#8217;appel de Caen, le 21 janvier 2025, n\u00b023\/01351"},"content":{"rendered":"<div class=\"article-content\">\n<p>La Cour d&#8217;appel de Caen, statuant le 21 janvier 2025, a \u00e9t\u00e9 saisie d&#8217;un litige complexe de liquidation du r\u00e9gime matrimonial. L&#8217;affaire concernait la composition de l&#8217;actif commun, l&#8217;\u00e9valuation de parts sociales et le sort d&#8217;un contrat d&#8217;\u00e9pargne retraite. La juridiction a confirm\u00e9 en partie le jugement de premi\u00e8re instance tout en r\u00e9formant certaines de ses dispositions sur des points de droit essentiels.<\/p>\n<p>La qualification des biens en p\u00e9riode de partage<\/p>\n<p>La cour a d\u00fb trancher la nature communautaire ou propre de biens litigieux. Elle a rappel\u00e9 le principe fondamental selon lequel &#8220;la communaut\u00e9 se compose activement des acqu\u00eats faits par les \u00e9poux ensemble ou s\u00e9par\u00e9ment durant le mariage&#8221; (article 1401 du code civil). Ce principe a guid\u00e9 son analyse concernant les revenus professionnels per\u00e7us apr\u00e8s la dissolution.<\/p>\n<p>Elle a jug\u00e9 que les revenus g\u00e9n\u00e9r\u00e9s par une activit\u00e9 exerc\u00e9e durant le mariage demeurent communs, ind\u00e9pendamment de leur date de perception effective. Le fait g\u00e9n\u00e9rateur est l&#8217;activit\u00e9 professionnelle de l&#8217;ann\u00e9e 2012, et non la d\u00e9cision ult\u00e9rieure d&#8217;assembl\u00e9e g\u00e9n\u00e9rale en 2013. Cette solution assure une application stricte du r\u00e9gime l\u00e9gal et prot\u00e8ge l&#8217;\u00e9quilibre des droits entre \u00e9poux. Elle \u00e9vite qu&#8217;un conjute ne soustraie \u00e0 la masse commune des revenus pourtant issus d&#8217;un effort commun.<\/p>\n<p>La port\u00e9e de cette d\u00e9cision est significative pour les professions lib\u00e9rales. Elle s\u00e9curise le caract\u00e8re commun des revenus diff\u00e9r\u00e9s, souvent importants dans ces carri\u00e8res. La cour a ainsi pr\u00e9cis\u00e9 que &#8220;les gains et salaires sont communs d\u00e8s leur fait g\u00e9n\u00e9rateur, c&#8217;est-\u00e0-dire d\u00e8s l&#8217;activit\u00e9 qui les g\u00e9n\u00e8re&#8221;. Cette analyse garantit une r\u00e9partition \u00e9quitable des fruits du travail conjugal, m\u00eame lorsque leur mat\u00e9rialisation est post\u00e9rieure \u00e0 la dissolution.<\/p>\n<p>Le r\u00e9gime sp\u00e9cifique des contrats d&#8217;\u00e9pargne retraite<\/p>\n<p>Sur le contrat &#8220;M\u00e9dicale Horizon Madelin 2B&#8221;, la cour a op\u00e9r\u00e9 un revirement de qualification par rapport aux premi\u00e8res instances. Elle a distingu\u00e9 l&#8217;assurance-vie, qui peut \u00eatre un bien commun, du contrat de retraite par capitalisation, propre par nature. Elle s&#8217;est fond\u00e9e sur une jurisprudence constante de la Cour de cassation.<\/p>\n<p>La d\u00e9cision cite express\u00e9ment cette jurisprudence pour \u00e9tablir que &#8220;les contrats de retraite compl\u00e9mentaire souscrits par un \u00e9poux, dont le b\u00e9n\u00e9ficiaire ne peut pr\u00e9tendre qu&#8217;\u00e0 la cessation de son activit\u00e9 professionnelle, constituent des biens propres par nature&#8221;. Cette exclusion de l&#8217;actif communautaire prot\u00e8ge la destination sp\u00e9cifique de ces produits d&#8217;\u00e9pargne, li\u00e9s \u00e0 la couverture du risque vieillesse.<\/p>\n<p>La valeur de cette solution r\u00e9side dans son respect de la nature juridique des biens. La cour a refus\u00e9 de suivre une expertise qui qualifiait erron\u00e9ment le contrat d&#8217;assurance-vie. Elle rappelle que la qualification exacte du bien prime sur les appr\u00e9ciations techniques ou comptables. Cette rigueur juridique pr\u00e9vient les contentieux futurs sur des biens similaires.<\/p>\n<p>La gestion de l&#8217;indivision post-communautaire<\/p>\n<p>La cour a rejet\u00e9 la demande de r\u00e9mun\u00e9ration pour la g\u00e9rance des parts sociales indivises. Elle a appliqu\u00e9 l&#8217;article 815-12 du code civil qui conditionne cette r\u00e9mun\u00e9ration \u00e0 la preuve d&#8217;actes de gestion sp\u00e9cifiques. L&#8217;appelant n&#8217;a pas d\u00e9montr\u00e9 avoir accompli de tels actes au profit de l&#8217;indivision.<\/p>\n<p>Elle a estim\u00e9 que l&#8217;exercice normal de la profession au sein de la SCP, r\u00e9mun\u00e9r\u00e9 par des b\u00e9n\u00e9fices, ne constituait pas une gestion du bien indivis. &#8220;Ces b\u00e9n\u00e9fices, fruits des parts sociales communes, accroissent naturellement l&#8217;indivision selon l&#8217;article 815-10 du code civil&#8221;. Cette solution \u00e9vite un double paiement pour une m\u00eame activit\u00e9 professionnelle.<\/p>\n<p>La port\u00e9e de cette analyse est de circonscrire strictement le droit \u00e0 r\u00e9mun\u00e9ration de l&#8217;indivisaire g\u00e9rant. Elle prot\u00e8ge les coindivisaires contre des pr\u00e9tentions excessives fond\u00e9es sur l&#8217;activit\u00e9 professionnelle normale. La cour rappelle ainsi que la simple d\u00e9tention et exploitation professionnelle d&#8217;un bien indivis ne suffit pas \u00e0 ouvrir ce droit.<\/p>\n<p>La d\u00e9limitation des pouvoirs du juge et du notaire<\/p>\n<p>Enfin, la cour a pr\u00e9cis\u00e9 les limites de son office dans une proc\u00e9dure de partage complexe. Elle a renvoy\u00e9 au notaire commis le soin d&#8217;\u00e9tablir l&#8217;\u00e9tat liquidatif d\u00e9finitif et de calculer les r\u00e9compenses. Cette r\u00e9partition des r\u00f4les respecte la philosophie de l&#8217;article 1364 du code de proc\u00e9dure civile.<\/p>\n<p>Elle a jug\u00e9 que son r\u00f4le \u00e9tait de trancher les points de d\u00e9saccord juridique, non d&#8217;effectuer les op\u00e9rations comptables du partage. Cette position s&#8217;aligne sur la jurisprudence de la Cour de cassation qui cantonne le juge au r\u00e8glement des difficult\u00e9s. Elle garantit une ex\u00e9cution technique et neutre des op\u00e9rations de partage par un officier public.<\/p>\n<p>La valeur de cette approche est proc\u00e9durale. Elle assure une gestion efficace des contentieux complexes de liquidation en s\u00e9parant le juridique du technique. Cette d\u00e9cision sert de guide pour les praticiens sur l&#8217;\u00e9tendue des demandes recevables devant le juge en phase de partage.<\/p>\n<\/div>\n","protected":false},"excerpt":{"rendered":"<p>La Cour d&#8217;appel de Caen, statuant le 21 janvier 2025, a \u00e9t\u00e9 saisie d&#8217;un litige complexe de liquidation du r\u00e9gime matrimonial. L&#8217;affaire concernait la composi&#8230;<\/p>\n","protected":false},"author":232070755,"featured_media":4837,"comment_status":"open","ping_status":"open","sticky":false,"template":"","format":"standard","meta":{"_crdt_document":"","_jetpack_newsletter_access":"","_jetpack_dont_email_post_to_subs":false,"_jetpack_newsletter_tier_id":0,"_jetpack_memberships_contains_paywalled_content":false,"_kj_source_type":"judilibre","_kj_official_id":"68e1fd1420ac6488494aa643","_kj_official_url":"https:\/\/www.courdecassation.fr\/decision\/68e1fd1420ac6488494aa643","_kj_judilibre_id":"68e1fd1420ac6488494aa643","_kj_jur":"Cour d'appel","_kj_lieu":"Cour d'appel de Montpellier","_kj_chambre":"2e chambre de la famille","_kj_rg":"23\/01351","_kj_date":"2025-10-03","_jetpack_memberships_contains_paid_content":false,"footnotes":"","jetpack_post_was_ever_published":false},"categories":[7597],"tags":[],"class_list":["post-649029","post","type-post","status-publish","format-standard","has-post-thumbnail","hentry","category-jurisprudence"],"yoast_head":"<!-- This site is optimized with the Yoast SEO Premium plugin v27.5 (Yoast SEO v27.5) - https:\/\/yoast.com\/product\/yoast-seo-premium-wordpress\/ -->\n<title>Cour d&#039;appel de Caen, le 21 janvier 2025, n\u00b023\/01351 - Ma\u00eetre Hassan Kohen, avocat en droit p\u00e9nal \u00e0 Paris<\/title>\n<meta name=\"description\" content=\"La Cour d&#039;appel de Caen, statuant le 21 janvier 2025, a \u00e9t\u00e9 saisie d&#039;un litige complexe de liquidation du r\u00e9gime matrimonial. L&#039;affaire concernait la composi...\" \/>\n<meta name=\"robots\" content=\"index, follow, max-snippet:-1, max-image-preview:large, max-video-preview:-1\" \/>\n<link rel=\"canonical\" href=\"https:\/\/kohenavocats.com\/tr\/cour-dappel-de-caen-le-21-janvier-2025-n23-01351\/\" \/>\n<meta property=\"og:locale\" content=\"tr_TR\" \/>\n<meta property=\"og:type\" content=\"article\" \/>\n<meta property=\"og:title\" content=\"Cour d&#039;appel de Caen, le 21 janvier 2025, n\u00b023\/01351\" \/>\n<meta property=\"og:description\" content=\"La Cour d&#039;appel de Caen, statuant le 21 janvier 2025, a \u00e9t\u00e9 saisie d&#039;un litige complexe de liquidation du r\u00e9gime matrimonial. L&#039;affaire concernait la composi...\" \/>\n<meta property=\"og:url\" content=\"https:\/\/kohenavocats.com\/tr\/cour-dappel-de-caen-le-21-janvier-2025-n23-01351\/\" \/>\n<meta property=\"og:site_name\" content=\"Ma\u00eetre Hassan Kohen, avocat en droit p\u00e9nal \u00e0 Paris\" \/>\n<meta property=\"article:published_time\" content=\"2026-04-22T13:07:20+00:00\" \/>\n<meta property=\"og:image\" content=\"https:\/\/kohenavocats.com\/wp-content\/uploads\/2024\/08\/daphne-be-frenchie-atTJIQ5kk3E-unsplash.webp\" \/>\n\t<meta property=\"og:image:width\" content=\"3936\" \/>\n\t<meta property=\"og:image:height\" content=\"2624\" \/>\n\t<meta property=\"og:image:type\" content=\"image\/webp\" \/>\n<meta name=\"author\" content=\"Kohen\" \/>\n<meta name=\"twitter:card\" content=\"summary_large_image\" \/>\n<meta name=\"twitter:label1\" content=\"Yazan:\" \/>\n\t<meta name=\"twitter:data1\" content=\"Kohen\" \/>\n\t<meta name=\"twitter:label2\" content=\"Tahmini okuma s\u00fcresi\" \/>\n\t<meta name=\"twitter:data2\" content=\"4 dakika\" \/>\n<script type=\"application\/ld+json\" class=\"yoast-schema-graph\">{\"@context\":\"https:\\\/\\\/schema.org\",\"@graph\":[{\"@type\":\"Article\",\"@id\":\"https:\\\/\\\/kohenavocats.com\\\/tr\\\/cour-dappel-de-caen-le-21-janvier-2025-n23-01351\\\/#article\",\"isPartOf\":{\"@id\":\"https:\\\/\\\/kohenavocats.com\\\/tr\\\/cour-dappel-de-caen-le-21-janvier-2025-n23-01351\\\/\"},\"author\":{\"name\":\"Kohen\",\"@id\":\"https:\\\/\\\/kohenavocats.com\\\/tr\\\/#\\\/schema\\\/person\\\/761c9ba54fa1ca84d405cef0831ff751\"},\"headline\":\"Cour d&#8217;appel de Caen, le 21 janvier 2025, n\u00b023\\\/01351\",\"datePublished\":\"2026-04-22T13:07:20+00:00\",\"mainEntityOfPage\":{\"@id\":\"https:\\\/\\\/kohenavocats.com\\\/tr\\\/cour-dappel-de-caen-le-21-janvier-2025-n23-01351\\\/\"},\"wordCount\":887,\"commentCount\":0,\"publisher\":{\"@id\":\"https:\\\/\\\/kohenavocats.com\\\/tr\\\/#organization\"},\"image\":{\"@id\":\"https:\\\/\\\/kohenavocats.com\\\/tr\\\/cour-dappel-de-caen-le-21-janvier-2025-n23-01351\\\/#primaryimage\"},\"thumbnailUrl\":\"https:\\\/\\\/kohenavocats.com\\\/wp-content\\\/uploads\\\/2024\\\/08\\\/daphne-be-frenchie-atTJIQ5kk3E-unsplash.webp\",\"articleSection\":[\"Jurisprudence\"],\"inLanguage\":\"tr\",\"potentialAction\":[{\"@type\":\"CommentAction\",\"name\":\"Comment\",\"target\":[\"https:\\\/\\\/kohenavocats.com\\\/tr\\\/cour-dappel-de-caen-le-21-janvier-2025-n23-01351\\\/#respond\"]}],\"citation\":\"Cour d&#8217;appel de Caen, le 21 janvier 2025, n\u00b023\\\/01351\",\"about\":[{\"@type\":\"Thing\",\"name\":\"Jurisprudence\"}],\"dateModified\":\"2026-04-22T13:07:20+00:00\",\"speakable\":{\"@type\":\"SpeakableSpecification\",\"cssSelector\":[\".article-content > p:first-of-type\"]}},{\"@type\":\"WebPage\",\"@id\":\"https:\\\/\\\/kohenavocats.com\\\/tr\\\/cour-dappel-de-caen-le-21-janvier-2025-n23-01351\\\/\",\"url\":\"https:\\\/\\\/kohenavocats.com\\\/tr\\\/cour-dappel-de-caen-le-21-janvier-2025-n23-01351\\\/\",\"name\":\"Cour d'appel de Caen, le 21 janvier 2025, n\u00b023\\\/01351 - Ma\u00eetre Hassan Kohen, avocat en droit p\u00e9nal \u00e0 Paris\",\"isPartOf\":{\"@id\":\"https:\\\/\\\/kohenavocats.com\\\/tr\\\/#website\"},\"primaryImageOfPage\":{\"@id\":\"https:\\\/\\\/kohenavocats.com\\\/tr\\\/cour-dappel-de-caen-le-21-janvier-2025-n23-01351\\\/#primaryimage\"},\"image\":{\"@id\":\"https:\\\/\\\/kohenavocats.com\\\/tr\\\/cour-dappel-de-caen-le-21-janvier-2025-n23-01351\\\/#primaryimage\"},\"thumbnailUrl\":\"https:\\\/\\\/kohenavocats.com\\\/wp-content\\\/uploads\\\/2024\\\/08\\\/daphne-be-frenchie-atTJIQ5kk3E-unsplash.webp\",\"datePublished\":\"2026-04-22T13:07:20+00:00\",\"description\":\"La Cour d'appel de Caen, statuant le 21 janvier 2025, a \u00e9t\u00e9 saisie d'un litige complexe de liquidation du r\u00e9gime matrimonial. L'affaire concernait la composi...\",\"breadcrumb\":{\"@id\":\"https:\\\/\\\/kohenavocats.com\\\/tr\\\/cour-dappel-de-caen-le-21-janvier-2025-n23-01351\\\/#breadcrumb\"},\"inLanguage\":\"tr\",\"potentialAction\":[{\"@type\":\"ReadAction\",\"target\":[\"https:\\\/\\\/kohenavocats.com\\\/tr\\\/cour-dappel-de-caen-le-21-janvier-2025-n23-01351\\\/\"]}]},{\"@type\":\"ImageObject\",\"inLanguage\":\"tr\",\"@id\":\"https:\\\/\\\/kohenavocats.com\\\/tr\\\/cour-dappel-de-caen-le-21-janvier-2025-n23-01351\\\/#primaryimage\",\"url\":\"https:\\\/\\\/kohenavocats.com\\\/wp-content\\\/uploads\\\/2024\\\/08\\\/daphne-be-frenchie-atTJIQ5kk3E-unsplash.webp\",\"contentUrl\":\"https:\\\/\\\/kohenavocats.com\\\/wp-content\\\/uploads\\\/2024\\\/08\\\/daphne-be-frenchie-atTJIQ5kk3E-unsplash.webp\",\"width\":3936,\"height\":2624},{\"@type\":\"BreadcrumbList\",\"@id\":\"https:\\\/\\\/kohenavocats.com\\\/tr\\\/cour-dappel-de-caen-le-21-janvier-2025-n23-01351\\\/#breadcrumb\",\"itemListElement\":[{\"@type\":\"ListItem\",\"position\":1,\"name\":\"Home\",\"item\":\"https:\\\/\\\/kohenavocats.com\\\/tr\\\/avocats-en-droit-penal-a-paris-conseil-et-defense-strategique\\\/\"},{\"@type\":\"ListItem\",\"position\":2,\"name\":\"Cour d&rsquo;appel de Caen, le 21 janvier 2025, n\u00b023\\\/01351\"}]},{\"@type\":\"WebSite\",\"@id\":\"https:\\\/\\\/kohenavocats.com\\\/tr\\\/#website\",\"url\":\"https:\\\/\\\/kohenavocats.com\\\/tr\\\/\",\"name\":\"Kohen Avocats\",\"description\":\"Ma\u00eetre Hassan Kohen, avocat p\u00e9naliste \u00e0 Paris, intervient exclusivement en droit p\u00e9nal pour la d\u00e9fense des particuliers, notamment en mati\u00e8re d\u2019accusations de viol. Il assure un accompagnement rigoureux d\u00e8s la garde \u00e0 vue jusqu\u2019\u00e0 la Cour d\u2019assises, veillant au strict respect des garanties proc\u00e9durales.\",\"publisher\":{\"@id\":\"https:\\\/\\\/kohenavocats.com\\\/tr\\\/#organization\"},\"potentialAction\":[{\"@type\":\"SearchAction\",\"target\":{\"@type\":\"EntryPoint\",\"urlTemplate\":\"https:\\\/\\\/kohenavocats.com\\\/tr\\\/?s={search_term_string}\"},\"query-input\":{\"@type\":\"PropertyValueSpecification\",\"valueRequired\":true,\"valueName\":\"search_term_string\"}}],\"inLanguage\":\"tr\"},{\"@type\":\"Organization\",\"@id\":\"https:\\\/\\\/kohenavocats.com\\\/tr\\\/#organization\",\"name\":\"Kohen Avocats\",\"url\":\"https:\\\/\\\/kohenavocats.com\\\/tr\\\/\",\"logo\":{\"@type\":\"ImageObject\",\"inLanguage\":\"tr\",\"@id\":\"https:\\\/\\\/kohenavocats.com\\\/tr\\\/#\\\/schema\\\/logo\\\/image\\\/\",\"url\":\"https:\\\/\\\/kohenavocats.com\\\/wp-content\\\/uploads\\\/2026\\\/01\\\/Logo-2-1.webp\",\"contentUrl\":\"https:\\\/\\\/kohenavocats.com\\\/wp-content\\\/uploads\\\/2026\\\/01\\\/Logo-2-1.webp\",\"width\":2114,\"height\":1253,\"caption\":\"Kohen Avocats\"},\"image\":{\"@id\":\"https:\\\/\\\/kohenavocats.com\\\/tr\\\/#\\\/schema\\\/logo\\\/image\\\/\"}},{\"@type\":\"Person\",\"@id\":\"https:\\\/\\\/kohenavocats.com\\\/tr\\\/#\\\/schema\\\/person\\\/761c9ba54fa1ca84d405cef0831ff751\",\"name\":\"Kohen\",\"image\":{\"@type\":\"ImageObject\",\"inLanguage\":\"tr\",\"@id\":\"https:\\\/\\\/secure.gravatar.com\\\/avatar\\\/1c5e76ef76bbbfdd2b4da984e2bf2fa4056fd51a27d25ce2c332047f1dfd6e00?s=96&d=identicon&r=g\",\"url\":\"https:\\\/\\\/secure.gravatar.com\\\/avatar\\\/1c5e76ef76bbbfdd2b4da984e2bf2fa4056fd51a27d25ce2c332047f1dfd6e00?s=96&d=identicon&r=g\",\"contentUrl\":\"https:\\\/\\\/secure.gravatar.com\\\/avatar\\\/1c5e76ef76bbbfdd2b4da984e2bf2fa4056fd51a27d25ce2c332047f1dfd6e00?s=96&d=identicon&r=g\",\"caption\":\"Kohen\"},\"sameAs\":[\"https:\\\/\\\/www.linkedin.com\\\/in\\\/hassan-kohen-448548192\\\/\",\"https:\\\/\\\/www.youtube.com\\\/@Kohen-Avocats\"],\"url\":\"https:\\\/\\\/kohenavocats.com\\\/tr\\\/author\\\/kohenmlk\\\/\"}]}<\/script>\n<!-- \/ Yoast SEO Premium plugin. -->","yoast_head_json":{"title":"Cour d'appel de Caen, le 21 janvier 2025, n\u00b023\/01351 - Ma\u00eetre Hassan Kohen, avocat en droit p\u00e9nal \u00e0 Paris","description":"La Cour d'appel de Caen, statuant le 21 janvier 2025, a \u00e9t\u00e9 saisie d'un litige complexe de liquidation du r\u00e9gime matrimonial. L'affaire concernait la composi...","robots":{"index":"index","follow":"follow","max-snippet":"max-snippet:-1","max-image-preview":"max-image-preview:large","max-video-preview":"max-video-preview:-1"},"canonical":"https:\/\/kohenavocats.com\/tr\/cour-dappel-de-caen-le-21-janvier-2025-n23-01351\/","og_locale":"tr_TR","og_type":"article","og_title":"Cour d'appel de Caen, le 21 janvier 2025, n\u00b023\/01351","og_description":"La Cour d'appel de Caen, statuant le 21 janvier 2025, a \u00e9t\u00e9 saisie d'un litige complexe de liquidation du r\u00e9gime matrimonial. L'affaire concernait la composi...","og_url":"https:\/\/kohenavocats.com\/tr\/cour-dappel-de-caen-le-21-janvier-2025-n23-01351\/","og_site_name":"Ma\u00eetre Hassan Kohen, avocat en droit p\u00e9nal \u00e0 Paris","article_published_time":"2026-04-22T13:07:20+00:00","og_image":[{"width":3936,"height":2624,"url":"https:\/\/kohenavocats.com\/wp-content\/uploads\/2024\/08\/daphne-be-frenchie-atTJIQ5kk3E-unsplash.webp","type":"image\/webp"}],"author":"Kohen","twitter_card":"summary_large_image","twitter_misc":{"Yazan:":"Kohen","Tahmini okuma s\u00fcresi":"4 dakika"},"schema":{"@context":"https:\/\/schema.org","@graph":[{"@type":"Article","@id":"https:\/\/kohenavocats.com\/tr\/cour-dappel-de-caen-le-21-janvier-2025-n23-01351\/#article","isPartOf":{"@id":"https:\/\/kohenavocats.com\/tr\/cour-dappel-de-caen-le-21-janvier-2025-n23-01351\/"},"author":{"name":"Kohen","@id":"https:\/\/kohenavocats.com\/tr\/#\/schema\/person\/761c9ba54fa1ca84d405cef0831ff751"},"headline":"Cour d&#8217;appel de Caen, le 21 janvier 2025, n\u00b023\/01351","datePublished":"2026-04-22T13:07:20+00:00","mainEntityOfPage":{"@id":"https:\/\/kohenavocats.com\/tr\/cour-dappel-de-caen-le-21-janvier-2025-n23-01351\/"},"wordCount":887,"commentCount":0,"publisher":{"@id":"https:\/\/kohenavocats.com\/tr\/#organization"},"image":{"@id":"https:\/\/kohenavocats.com\/tr\/cour-dappel-de-caen-le-21-janvier-2025-n23-01351\/#primaryimage"},"thumbnailUrl":"https:\/\/kohenavocats.com\/wp-content\/uploads\/2024\/08\/daphne-be-frenchie-atTJIQ5kk3E-unsplash.webp","articleSection":["Jurisprudence"],"inLanguage":"tr","potentialAction":[{"@type":"CommentAction","name":"Comment","target":["https:\/\/kohenavocats.com\/tr\/cour-dappel-de-caen-le-21-janvier-2025-n23-01351\/#respond"]}],"citation":"Cour d&#8217;appel de Caen, le 21 janvier 2025, n\u00b023\/01351","about":[{"@type":"Thing","name":"Jurisprudence"}],"dateModified":"2026-04-22T13:07:20+00:00","speakable":{"@type":"SpeakableSpecification","cssSelector":[".article-content > p:first-of-type"]}},{"@type":"WebPage","@id":"https:\/\/kohenavocats.com\/tr\/cour-dappel-de-caen-le-21-janvier-2025-n23-01351\/","url":"https:\/\/kohenavocats.com\/tr\/cour-dappel-de-caen-le-21-janvier-2025-n23-01351\/","name":"Cour d'appel de Caen, le 21 janvier 2025, n\u00b023\/01351 - Ma\u00eetre Hassan Kohen, avocat en droit p\u00e9nal \u00e0 Paris","isPartOf":{"@id":"https:\/\/kohenavocats.com\/tr\/#website"},"primaryImageOfPage":{"@id":"https:\/\/kohenavocats.com\/tr\/cour-dappel-de-caen-le-21-janvier-2025-n23-01351\/#primaryimage"},"image":{"@id":"https:\/\/kohenavocats.com\/tr\/cour-dappel-de-caen-le-21-janvier-2025-n23-01351\/#primaryimage"},"thumbnailUrl":"https:\/\/kohenavocats.com\/wp-content\/uploads\/2024\/08\/daphne-be-frenchie-atTJIQ5kk3E-unsplash.webp","datePublished":"2026-04-22T13:07:20+00:00","description":"La Cour d'appel de Caen, statuant le 21 janvier 2025, a \u00e9t\u00e9 saisie d'un litige complexe de liquidation du r\u00e9gime matrimonial. L'affaire concernait la composi...","breadcrumb":{"@id":"https:\/\/kohenavocats.com\/tr\/cour-dappel-de-caen-le-21-janvier-2025-n23-01351\/#breadcrumb"},"inLanguage":"tr","potentialAction":[{"@type":"ReadAction","target":["https:\/\/kohenavocats.com\/tr\/cour-dappel-de-caen-le-21-janvier-2025-n23-01351\/"]}]},{"@type":"ImageObject","inLanguage":"tr","@id":"https:\/\/kohenavocats.com\/tr\/cour-dappel-de-caen-le-21-janvier-2025-n23-01351\/#primaryimage","url":"https:\/\/kohenavocats.com\/wp-content\/uploads\/2024\/08\/daphne-be-frenchie-atTJIQ5kk3E-unsplash.webp","contentUrl":"https:\/\/kohenavocats.com\/wp-content\/uploads\/2024\/08\/daphne-be-frenchie-atTJIQ5kk3E-unsplash.webp","width":3936,"height":2624},{"@type":"BreadcrumbList","@id":"https:\/\/kohenavocats.com\/tr\/cour-dappel-de-caen-le-21-janvier-2025-n23-01351\/#breadcrumb","itemListElement":[{"@type":"ListItem","position":1,"name":"Home","item":"https:\/\/kohenavocats.com\/tr\/avocats-en-droit-penal-a-paris-conseil-et-defense-strategique\/"},{"@type":"ListItem","position":2,"name":"Cour d&rsquo;appel de Caen, le 21 janvier 2025, n\u00b023\/01351"}]},{"@type":"WebSite","@id":"https:\/\/kohenavocats.com\/tr\/#website","url":"https:\/\/kohenavocats.com\/tr\/","name":"Kohen Avocats","description":"Ma\u00eetre Hassan Kohen, avocat p\u00e9naliste \u00e0 Paris, intervient exclusivement en droit p\u00e9nal pour la d\u00e9fense des particuliers, notamment en mati\u00e8re d\u2019accusations de viol. Il assure un accompagnement rigoureux d\u00e8s la garde \u00e0 vue jusqu\u2019\u00e0 la Cour d\u2019assises, veillant au strict respect des garanties proc\u00e9durales.","publisher":{"@id":"https:\/\/kohenavocats.com\/tr\/#organization"},"potentialAction":[{"@type":"SearchAction","target":{"@type":"EntryPoint","urlTemplate":"https:\/\/kohenavocats.com\/tr\/?s={search_term_string}"},"query-input":{"@type":"PropertyValueSpecification","valueRequired":true,"valueName":"search_term_string"}}],"inLanguage":"tr"},{"@type":"Organization","@id":"https:\/\/kohenavocats.com\/tr\/#organization","name":"Kohen Avocats","url":"https:\/\/kohenavocats.com\/tr\/","logo":{"@type":"ImageObject","inLanguage":"tr","@id":"https:\/\/kohenavocats.com\/tr\/#\/schema\/logo\/image\/","url":"https:\/\/kohenavocats.com\/wp-content\/uploads\/2026\/01\/Logo-2-1.webp","contentUrl":"https:\/\/kohenavocats.com\/wp-content\/uploads\/2026\/01\/Logo-2-1.webp","width":2114,"height":1253,"caption":"Kohen Avocats"},"image":{"@id":"https:\/\/kohenavocats.com\/tr\/#\/schema\/logo\/image\/"}},{"@type":"Person","@id":"https:\/\/kohenavocats.com\/tr\/#\/schema\/person\/761c9ba54fa1ca84d405cef0831ff751","name":"Kohen","image":{"@type":"ImageObject","inLanguage":"tr","@id":"https:\/\/secure.gravatar.com\/avatar\/1c5e76ef76bbbfdd2b4da984e2bf2fa4056fd51a27d25ce2c332047f1dfd6e00?s=96&d=identicon&r=g","url":"https:\/\/secure.gravatar.com\/avatar\/1c5e76ef76bbbfdd2b4da984e2bf2fa4056fd51a27d25ce2c332047f1dfd6e00?s=96&d=identicon&r=g","contentUrl":"https:\/\/secure.gravatar.com\/avatar\/1c5e76ef76bbbfdd2b4da984e2bf2fa4056fd51a27d25ce2c332047f1dfd6e00?s=96&d=identicon&r=g","caption":"Kohen"},"sameAs":["https:\/\/www.linkedin.com\/in\/hassan-kohen-448548192\/","https:\/\/www.youtube.com\/@Kohen-Avocats"],"url":"https:\/\/kohenavocats.com\/tr\/author\/kohenmlk\/"}]}},"jetpack_featured_media_url":"https:\/\/kohenavocats.com\/wp-content\/uploads\/2024\/08\/daphne-be-frenchie-atTJIQ5kk3E-unsplash.webp","jetpack_likes_enabled":false,"jetpack_shortlink":"https:\/\/wp.me\/peCrII-2IQd","jetpack-related-posts":[{"id":263749,"url":"https:\/\/kohenavocats.com\/tr\/tribunal-judiciaire-de-caen-le-30-juin-2025-n24-00909\/","url_meta":{"origin":649029,"position":0},"title":"Tribunal judiciaire de Caen, le 30 juin 2025, n\u00b024\/00909","author":"Kohen","date":"9 Ocak 2026","format":false,"excerpt":"Le juge aux affaires familiales du tribunal judiciaire de Caen a rendu, le 30 juin 2025, un jugement pronon\u00e7ant un divorce par acceptation du principe de la rupture. La d\u00e9cision tranche les mesures patrimoniales et familiales subs\u00e9quentes, ainsi que la prestation compensatoire. Les \u00e9poux, mari\u00e9s en 1999, ont un enfant\u2026","rel":"","context":"&quot;D\u00e9cisions juridiques&quot; i\u00e7inde","block_context":{"text":"D\u00e9cisions juridiques","link":"https:\/\/kohenavocats.com\/category\/decisions-juridiques\/"},"img":{"alt_text":"","src":"https:\/\/i0.wp.com\/kohenavocats.com\/wp-content\/uploads\/2024\/11\/kamran-abdullayev-tRrxCpbE1pQ-unsplash.webp?resize=350%2C200&ssl=1","width":350,"height":200,"srcset":"https:\/\/i0.wp.com\/kohenavocats.com\/wp-content\/uploads\/2024\/11\/kamran-abdullayev-tRrxCpbE1pQ-unsplash.webp?resize=350%2C200&ssl=1 1x, https:\/\/i0.wp.com\/kohenavocats.com\/wp-content\/uploads\/2024\/11\/kamran-abdullayev-tRrxCpbE1pQ-unsplash.webp?resize=525%2C300&ssl=1 1.5x, https:\/\/i0.wp.com\/kohenavocats.com\/wp-content\/uploads\/2024\/11\/kamran-abdullayev-tRrxCpbE1pQ-unsplash.webp?resize=700%2C400&ssl=1 2x, https:\/\/i0.wp.com\/kohenavocats.com\/wp-content\/uploads\/2024\/11\/kamran-abdullayev-tRrxCpbE1pQ-unsplash.webp?resize=1050%2C600&ssl=1 3x, https:\/\/i0.wp.com\/kohenavocats.com\/wp-content\/uploads\/2024\/11\/kamran-abdullayev-tRrxCpbE1pQ-unsplash.webp?resize=1400%2C800&ssl=1 4x"},"classes":[]},{"id":265118,"url":"https:\/\/kohenavocats.com\/tr\/tribunal-judiciaire-de-caen-le-24-juin-2025-n24-04677\/","url_meta":{"origin":649029,"position":1},"title":"Tribunal judiciaire de Caen, le 24 juin 2025, n\u00b024\/04677","author":"Kohen","date":"10 Ocak 2026","format":false,"excerpt":"Rendu par le Tribunal judiciaire de Caen, juge aux affaires familiales, le 24 juin 2025, le jugement prononce un divorce sur acceptation du principe de la rupture. Les \u00e9poux avaient d\u00e9pos\u00e9 un m\u00e9moire d\u2019acceptation r\u00e9cent et une proposition de r\u00e8glement de leurs int\u00e9r\u00eats, satisfaisant ainsi aux exigences proc\u00e9durales. La d\u00e9cision\u2026","rel":"","context":"&quot;D\u00e9cisions juridiques&quot; i\u00e7inde","block_context":{"text":"D\u00e9cisions juridiques","link":"https:\/\/kohenavocats.com\/category\/decisions-juridiques\/"},"img":{"alt_text":"","src":"https:\/\/i0.wp.com\/kohenavocats.com\/wp-content\/uploads\/2024\/08\/prateek-katyal-_YzGQvASeMk-unsplash.webp?resize=350%2C200&ssl=1","width":350,"height":200,"srcset":"https:\/\/i0.wp.com\/kohenavocats.com\/wp-content\/uploads\/2024\/08\/prateek-katyal-_YzGQvASeMk-unsplash.webp?resize=350%2C200&ssl=1 1x, https:\/\/i0.wp.com\/kohenavocats.com\/wp-content\/uploads\/2024\/08\/prateek-katyal-_YzGQvASeMk-unsplash.webp?resize=525%2C300&ssl=1 1.5x, https:\/\/i0.wp.com\/kohenavocats.com\/wp-content\/uploads\/2024\/08\/prateek-katyal-_YzGQvASeMk-unsplash.webp?resize=700%2C400&ssl=1 2x, https:\/\/i0.wp.com\/kohenavocats.com\/wp-content\/uploads\/2024\/08\/prateek-katyal-_YzGQvASeMk-unsplash.webp?resize=1050%2C600&ssl=1 3x, https:\/\/i0.wp.com\/kohenavocats.com\/wp-content\/uploads\/2024\/08\/prateek-katyal-_YzGQvASeMk-unsplash.webp?resize=1400%2C800&ssl=1 4x"},"classes":[]},{"id":273290,"url":"https:\/\/kohenavocats.com\/tr\/cour-dappel-administrative-de-nantes-le-12-decembre-2025-n25nt00582\/","url_meta":{"origin":649029,"position":2},"title":"Cour d&#8217;appel administrative de Nantes, le 12 d\u00e9cembre 2025, n\u00b025NT00582","author":"Kohen","date":"11 Ocak 2026","format":false,"excerpt":"La Cour administrative d'appel de Nantes a rendu, le 12 d\u00e9cembre 2025, une d\u00e9cision relative au refus de s\u00e9jour oppos\u00e9 \u00e0 une ressortissante \u00e9trang\u00e8re. Cette affaire concerne l'application des stipulations garantissant le respect de la vie priv\u00e9e et familiale face aux mesures d'\u00e9loignement du territoire national. La requ\u00e9rante, entr\u00e9e en\u2026","rel":"","context":"&quot;Cour administrative d'appel&quot; i\u00e7inde","block_context":{"text":"Cour administrative d'appel","link":"https:\/\/kohenavocats.com\/category\/cour-administrative-dappel\/"},"img":{"alt_text":"","src":"https:\/\/i0.wp.com\/kohenavocats.com\/wp-content\/uploads\/2024\/08\/billy-chester-vvk9VoMTUwg-unsplash.webp?resize=350%2C200&ssl=1","width":350,"height":200,"srcset":"https:\/\/i0.wp.com\/kohenavocats.com\/wp-content\/uploads\/2024\/08\/billy-chester-vvk9VoMTUwg-unsplash.webp?resize=350%2C200&ssl=1 1x, https:\/\/i0.wp.com\/kohenavocats.com\/wp-content\/uploads\/2024\/08\/billy-chester-vvk9VoMTUwg-unsplash.webp?resize=525%2C300&ssl=1 1.5x, https:\/\/i0.wp.com\/kohenavocats.com\/wp-content\/uploads\/2024\/08\/billy-chester-vvk9VoMTUwg-unsplash.webp?resize=700%2C400&ssl=1 2x, https:\/\/i0.wp.com\/kohenavocats.com\/wp-content\/uploads\/2024\/08\/billy-chester-vvk9VoMTUwg-unsplash.webp?resize=1050%2C600&ssl=1 3x, https:\/\/i0.wp.com\/kohenavocats.com\/wp-content\/uploads\/2024\/08\/billy-chester-vvk9VoMTUwg-unsplash.webp?resize=1400%2C800&ssl=1 4x"},"classes":[]},{"id":268096,"url":"https:\/\/kohenavocats.com\/tr\/tribunal-judiciaire-de-caen-le-24-juin-2025-n24-03640\/","url_meta":{"origin":649029,"position":3},"title":"Tribunal judiciaire de Caen, le 24 juin 2025, n\u00b024\/03640","author":"Kohen","date":"10 Ocak 2026","format":false,"excerpt":"Rendue par le juge des contentieux de la protection de Caen le 24 juin 2025, la d\u00e9cision commente les effets d\u2019une ordonnance ant\u00e9rieure ayant d\u00e9j\u00e0 r\u00e9solu un litige locatif. Un bail d\u2019habitation conclu en 2023 a donn\u00e9 lieu \u00e0 un commandement de payer suivi d\u2019une assignation en 2024. Avant l\u2019audience,\u2026","rel":"","context":"&quot;D\u00e9cisions juridiques&quot; i\u00e7inde","block_context":{"text":"D\u00e9cisions juridiques","link":"https:\/\/kohenavocats.com\/category\/decisions-juridiques\/"},"img":{"alt_text":"","src":"https:\/\/i0.wp.com\/kohenavocats.com\/wp-content\/uploads\/2024\/11\/ave-calvar-JCzi4IDosxM-unsplash.webp?resize=350%2C200&ssl=1","width":350,"height":200,"srcset":"https:\/\/i0.wp.com\/kohenavocats.com\/wp-content\/uploads\/2024\/11\/ave-calvar-JCzi4IDosxM-unsplash.webp?resize=350%2C200&ssl=1 1x, https:\/\/i0.wp.com\/kohenavocats.com\/wp-content\/uploads\/2024\/11\/ave-calvar-JCzi4IDosxM-unsplash.webp?resize=525%2C300&ssl=1 1.5x, https:\/\/i0.wp.com\/kohenavocats.com\/wp-content\/uploads\/2024\/11\/ave-calvar-JCzi4IDosxM-unsplash.webp?resize=700%2C400&ssl=1 2x, https:\/\/i0.wp.com\/kohenavocats.com\/wp-content\/uploads\/2024\/11\/ave-calvar-JCzi4IDosxM-unsplash.webp?resize=1050%2C600&ssl=1 3x, https:\/\/i0.wp.com\/kohenavocats.com\/wp-content\/uploads\/2024\/11\/ave-calvar-JCzi4IDosxM-unsplash.webp?resize=1400%2C800&ssl=1 4x"},"classes":[]},{"id":265595,"url":"https:\/\/kohenavocats.com\/tr\/tribunal-judiciaire-de-caen-le-26-juin-2025-n24-00445\/","url_meta":{"origin":649029,"position":4},"title":"Tribunal judiciaire de Caen, le 26 juin 2025, n\u00b024\/00445","author":"Kohen","date":"10 Ocak 2026","format":false,"excerpt":"Rendue par le Tribunal judiciaire de Caen, ordonnance de r\u00e9f\u00e9r\u00e9 du 26 juin 2025, la d\u00e9cision intervient dans le prolongement d\u2019une expertise judiciaire ouverte en 2022 sur des d\u00e9sordres affectant une maison d\u2019habitation. La mesure d\u2019instruction a \u00e9t\u00e9 \u00e9tendue en 2023 \u00e0 un intervenant de la cha\u00eene de fourniture. En\u2026","rel":"","context":"&quot;D\u00e9cisions juridiques&quot; i\u00e7inde","block_context":{"text":"D\u00e9cisions juridiques","link":"https:\/\/kohenavocats.com\/category\/decisions-juridiques\/"},"img":{"alt_text":"","src":"https:\/\/i0.wp.com\/kohenavocats.com\/wp-content\/uploads\/2024\/07\/gabriel-ghnassia-VmS8VQ0n39Q-unsplash.webp?resize=350%2C200&ssl=1","width":350,"height":200,"srcset":"https:\/\/i0.wp.com\/kohenavocats.com\/wp-content\/uploads\/2024\/07\/gabriel-ghnassia-VmS8VQ0n39Q-unsplash.webp?resize=350%2C200&ssl=1 1x, https:\/\/i0.wp.com\/kohenavocats.com\/wp-content\/uploads\/2024\/07\/gabriel-ghnassia-VmS8VQ0n39Q-unsplash.webp?resize=525%2C300&ssl=1 1.5x, https:\/\/i0.wp.com\/kohenavocats.com\/wp-content\/uploads\/2024\/07\/gabriel-ghnassia-VmS8VQ0n39Q-unsplash.webp?resize=700%2C400&ssl=1 2x, https:\/\/i0.wp.com\/kohenavocats.com\/wp-content\/uploads\/2024\/07\/gabriel-ghnassia-VmS8VQ0n39Q-unsplash.webp?resize=1050%2C600&ssl=1 3x, https:\/\/i0.wp.com\/kohenavocats.com\/wp-content\/uploads\/2024\/07\/gabriel-ghnassia-VmS8VQ0n39Q-unsplash.webp?resize=1400%2C800&ssl=1 4x"},"classes":[]}],"jetpack_sharing_enabled":true,"_links":{"self":[{"href":"https:\/\/kohenavocats.com\/tr\/wp-json\/wp\/v2\/posts\/649029","targetHints":{"allow":["GET"]}}],"collection":[{"href":"https:\/\/kohenavocats.com\/tr\/wp-json\/wp\/v2\/posts"}],"about":[{"href":"https:\/\/kohenavocats.com\/tr\/wp-json\/wp\/v2\/types\/post"}],"author":[{"embeddable":true,"href":"https:\/\/kohenavocats.com\/tr\/wp-json\/wp\/v2\/users\/232070755"}],"replies":[{"embeddable":true,"href":"https:\/\/kohenavocats.com\/tr\/wp-json\/wp\/v2\/comments?post=649029"}],"version-history":[{"count":0,"href":"https:\/\/kohenavocats.com\/tr\/wp-json\/wp\/v2\/posts\/649029\/revisions"}],"wp:featuredmedia":[{"embeddable":true,"href":"https:\/\/kohenavocats.com\/tr\/wp-json\/wp\/v2\/media\/4837"}],"wp:attachment":[{"href":"https:\/\/kohenavocats.com\/tr\/wp-json\/wp\/v2\/media?parent=649029"}],"wp:term":[{"taxonomy":"category","embeddable":true,"href":"https:\/\/kohenavocats.com\/tr\/wp-json\/wp\/v2\/categories?post=649029"},{"taxonomy":"post_tag","embeddable":true,"href":"https:\/\/kohenavocats.com\/tr\/wp-json\/wp\/v2\/tags?post=649029"}],"curies":[{"name":"wp","href":"https:\/\/api.w.org\/{rel}","templated":true}]}}