{"id":649031,"date":"2026-04-22T15:07:29","date_gmt":"2026-04-22T13:07:29","guid":{"rendered":"https:\/\/kohenavocats.com\/cour-dappel-de-paris-le-17-avril-2025-n25-00025\/"},"modified":"2026-04-22T15:07:29","modified_gmt":"2026-04-22T13:07:29","slug":"cour-dappel-de-paris-le-17-avril-2025-n25-00025","status":"publish","type":"post","link":"https:\/\/kohenavocats.com\/tr\/cour-dappel-de-paris-le-17-avril-2025-n25-00025\/","title":{"rendered":"Cour d&#8217;appel de Paris, le 17 avril 2025, n\u00b025\/00025"},"content":{"rendered":"<div class=\"article-content\">\n<p>La Cour d&#8217;appel de Paris, statuant le 17 avril 2025, se prononce sur une demande d&#8217;expertise pr\u00e9judicielle fond\u00e9e sur l&#8217;article 145 du code de proc\u00e9dure civile. L&#8217;acqu\u00e9reur d&#8217;un site industriel, ayant d\u00e9couvert une pollution \u00e0 l&#8217;amiante plus importante que pr\u00e9vu, sollicite une mesure d&#8217;instruction contre le vendeur et d&#8217;autres intervenants. La juridiction accueille partiellement la demande en ordonnant une expertise uniquement \u00e0 l&#8217;encontre du vendeur et du dernier exploitant du site, estimant que l&#8217;action au fond n&#8217;est pas manifestement vou\u00e9e \u00e0 l&#8217;\u00e9chec \u00e0 leur encontre.<\/p>\n<p>Les conditions de l&#8217;expertise pr\u00e9judicielle en r\u00e9f\u00e9r\u00e9<\/p>\n<p>Le cadre l\u00e9gal et les exigences proc\u00e9durales. L&#8217;article 145 du code de proc\u00e9dure civile permet des mesures d&#8217;instruction avant tout proc\u00e8s si un motif l\u00e9gitime existe. Le juge des r\u00e9f\u00e9r\u00e9s doit constater l&#8217;existence d&#8217;un proc\u00e8s &#8220;en germe&#8221;, possible et non manifestement vou\u00e9 \u00e0 l&#8217;\u00e9chec&#8221; dont la solution peut d\u00e9pendre de la mesure sollicit\u00e9e. Cette mesure doit \u00eatre &#8220;utile et pertinente&#8221; et ne pas pr\u00e9juger de la responsabilit\u00e9 des parties ni des chances de succ\u00e8s du futur litige. Elle doit \u00e9galement \u00eatre circonscrite dans le temps et son objet et proportionn\u00e9e \u00e0 l&#8217;objectif poursuivi.<\/p>\n<p>L&#8217;appr\u00e9ciation in concreto du motif l\u00e9gitime. La cour applique ces principes aux diff\u00e9rentes parties mises en cause. Concernant le vendeur, elle rel\u00e8ve que la clause contractuelle de renonciation aux vices cach\u00e9s comporte une exception pour les vices connus du vendeur. Des \u00e9l\u00e9ments post\u00e9rieurs \u00e0 la vente, comme de nouveaux diagnostics et un email interne, &#8220;tendent \u00e0 d\u00e9montrer la pr\u00e9sence d&#8217;amiante dans des zones non mentionn\u00e9es&#8221; dans les rapports initiaux. La cour en conclut que l&#8217;acqu\u00e9reur &#8220;justifie d&#8217;une action possible et non manifestement vou\u00e9e \u00e0 l&#8217;\u00e9chec pour vices cach\u00e9s ou dol&#8221;. A l&#8217;\u00e9gard du dernier exploitant, rien n&#8217;exclut \u00e0 ce stade une responsabilit\u00e9 potentielle. En revanche, les missions des diagnostiqueurs \u00e9taient limit\u00e9es aux immeubles b\u00e2tis, excluant les sols et sous-sols. L&#8217;acqu\u00e9reur ne justifie donc pas d&#8217;un motif l\u00e9gitime \u00e0 leur encontre.<\/p>\n<p>La port\u00e9e limit\u00e9e du contr\u00f4le du juge des r\u00e9f\u00e9r\u00e9s. La cour souligne les limites de son office, refusant de trancher des questions substantielles r\u00e9serv\u00e9es au fond. &#8220;Il n&#8217;entre pas dans les pouvoirs du juge des r\u00e9f\u00e9r\u00e9s d&#8217;appr\u00e9cier la connaissance par [l&#8217;acqu\u00e9reur] de la pollution \u00e0 l&#8217;amiante du site lors de la vente&#8221;. Son r\u00f4le se borne \u00e0 v\u00e9rifier l&#8217;existence d&#8217;une action non manifestement infond\u00e9e, sans pr\u00e9juger du succ\u00e8s final. Cette position garantit l&#8217;effectivit\u00e9 de l&#8217;article 145 sans empi\u00e9ter sur le proc\u00e8s au fond.<\/p>\n<p>La d\u00e9limitation du champ de l&#8217;expertise ordonn\u00e9e<\/p>\n<p>Une mission technique extensive mais cibl\u00e9e. L&#8217;expertise ordonn\u00e9e est d&#8217;une grande ampleur technique, couvrant l&#8217;historique du site, l&#8217;identification pr\u00e9cise de l&#8217;amiante, l&#8217;analyse des travaux pass\u00e9s et le chiffrage des pr\u00e9judices. Elle vise \u00e0 &#8220;d\u00e9terminer l&#8217;ampleur de la pr\u00e9sence d&#8217;amiante sur le site et sa localisation et comparer ces \u00e9l\u00e9ments avec ceux figurant dans les rapports annex\u00e9s \u00e0 l&#8217;acte de vente&#8221;. Cette mission r\u00e9pond directement \u00e0 l&#8217;objectif de conservation des preuves, notamment pour \u00e9tablir une \u00e9ventuelle dissimulation.<\/p>\n<p>L&#8217;exclusion justifi\u00e9e des co-d\u00e9fendeurs techniques. La cour motive pr\u00e9cis\u00e9ment le refus de rendre l&#8217;expertise commune aux soci\u00e9t\u00e9s de diagnostic. Leur mission \u00e9tait r\u00e9glementairement limit\u00e9e aux &#8220;immeubles b\u00e2tis&#8221; dans le cadre du &#8220;Dossier technique Amiante&#8221;. Le rapport de l&#8217;une d&#8217;elles s&#8217;inscrivait &#8220;dans le cadre r\u00e9glementaire du \u00ab Dossier technique Amiante \u00bb (DTA), applicable aux immeubles b\u00e2tis&#8221;. Puisque la plainte porte sur la d\u00e9couverte d&#8217;amiante dans les sous-sols, hors du champ de leur intervention contractuelle et r\u00e9glementaire, aucun motif l\u00e9gitime n&#8217;est \u00e9tabli contre elles.<\/p>\n<p>La gestion proc\u00e9durale et les incidences financi\u00e8res. La d\u00e9cision pr\u00e9cise les modalit\u00e9s de l&#8217;expertise et statue sur les frais. Elle rappelle que la partie contre laquelle une mesure est ordonn\u00e9e n&#8217;est pas une &#8220;partie perdante&#8221; au sens des d\u00e9pens. Elle condamne n\u00e9anmoins le demandeur \u00e0 verser une indemnit\u00e9 aux soci\u00e9t\u00e9s de diagnostic pour les frais expos\u00e9s dans leur d\u00e9fense, estimant qu&#8217;elles ont \u00e9t\u00e9 contraintes de se d\u00e9fendre inutilement. Cette r\u00e9partition sanctionne une demande jug\u00e9e d\u00e9raisonnable \u00e0 leur \u00e9gard tout en pr\u00e9servant l&#8217;acc\u00e8s \u00e0 la preuve contre les principaux d\u00e9fendeurs.<\/p>\n<p>Cette d\u00e9cision illustre la fonction \u00e9quilibr\u00e9e de l&#8217;article 145 du code de proc\u00e9dure civile. Elle facilite l&#8217;acc\u00e8s \u00e0 la preuve pour l&#8217;acqu\u00e9reur en pr\u00e9sence d&#8217;indices s\u00e9rieux, sans pour autant autoriser des investigations dilatoires ou disproportionn\u00e9es. La cour op\u00e8re un tri rigoureux entre les d\u00e9fendeurs, prot\u00e9geant les tiers dont les missions \u00e9taient clairement d\u00e9limit\u00e9es. La r\u00e9f\u00e9rence implicite \u00e0 la jurisprudence sur la clause de non-garantie pour vice cach\u00e9 connu confirme que la solution au fond d\u00e9pendra de la preuve d&#8217;une \u00e9ventuelle dissimulation. L&#8217;expertise ordonn\u00e9e constitue ainsi l&#8217;instrument proc\u00e9dural essentiel pour \u00e9clairer cette question factuelle centrale.<\/p>\n<\/div>\n","protected":false},"excerpt":{"rendered":"<p>La Cour d&#8217;appel de Paris, statuant le 17 avril 2025, se prononce sur une demande d&#8217;expertise pr\u00e9judicielle fond\u00e9e sur l&#8217;article 145 du code de proc\u00e9dure civi&#8230;<\/p>\n","protected":false},"author":232070755,"featured_media":4855,"comment_status":"open","ping_status":"open","sticky":false,"template":"","format":"standard","meta":{"_crdt_document":"","_jetpack_newsletter_access":"","_jetpack_dont_email_post_to_subs":false,"_jetpack_newsletter_tier_id":0,"_jetpack_memberships_contains_paywalled_content":false,"_kj_source_type":"judilibre","_kj_official_id":"68e1fb82364b3ebed3bf0612","_kj_official_url":"https:\/\/www.courdecassation.fr\/decision\/68e1fb82364b3ebed3bf0612","_kj_judilibre_id":"68e1fb82364b3ebed3bf0612","_kj_jur":"Cour d'appel","_kj_lieu":"Cour d'appel de Paris","_kj_chambre":"P\u00f4le 1 - Chambre 8","_kj_rg":"25\/00025","_kj_date":"2025-10-03","_jetpack_memberships_contains_paid_content":false,"footnotes":"","jetpack_post_was_ever_published":false},"categories":[7597],"tags":[],"class_list":["post-649031","post","type-post","status-publish","format-standard","has-post-thumbnail","hentry","category-jurisprudence"],"yoast_head":"<!-- This site is optimized with the Yoast SEO Premium plugin v27.5 (Yoast SEO v27.5) - https:\/\/yoast.com\/product\/yoast-seo-premium-wordpress\/ -->\n<title>Cour d&#039;appel de Paris, le 17 avril 2025, n\u00b025\/00025 - Ma\u00eetre Hassan Kohen, avocat en droit p\u00e9nal \u00e0 Paris<\/title>\n<meta name=\"description\" content=\"La Cour d&#039;appel de Paris, statuant le 17 avril 2025, se prononce sur une demande d&#039;expertise pr\u00e9judicielle fond\u00e9e sur l&#039;article 145 du code de proc\u00e9dure civi...\" \/>\n<meta name=\"robots\" content=\"index, follow, max-snippet:-1, max-image-preview:large, max-video-preview:-1\" \/>\n<link rel=\"canonical\" href=\"https:\/\/kohenavocats.com\/tr\/cour-dappel-de-paris-le-17-avril-2025-n25-00025\/\" \/>\n<meta property=\"og:locale\" content=\"tr_TR\" \/>\n<meta property=\"og:type\" content=\"article\" \/>\n<meta property=\"og:title\" content=\"Cour d&#039;appel de Paris, le 17 avril 2025, n\u00b025\/00025\" \/>\n<meta property=\"og:description\" content=\"La Cour d&#039;appel de Paris, statuant le 17 avril 2025, se prononce sur une demande d&#039;expertise pr\u00e9judicielle fond\u00e9e sur l&#039;article 145 du code de proc\u00e9dure civi...\" \/>\n<meta property=\"og:url\" content=\"https:\/\/kohenavocats.com\/tr\/cour-dappel-de-paris-le-17-avril-2025-n25-00025\/\" \/>\n<meta property=\"og:site_name\" content=\"Ma\u00eetre Hassan Kohen, avocat en droit p\u00e9nal \u00e0 Paris\" \/>\n<meta property=\"article:published_time\" content=\"2026-04-22T13:07:29+00:00\" \/>\n<meta property=\"og:image\" content=\"https:\/\/kohenavocats.com\/wp-content\/uploads\/2024\/08\/pascal-bernardon-PwM_qb33Ux0-unsplash.webp\" \/>\n\t<meta property=\"og:image:width\" content=\"4340\" \/>\n\t<meta property=\"og:image:height\" content=\"3080\" \/>\n\t<meta property=\"og:image:type\" content=\"image\/webp\" \/>\n<meta name=\"author\" content=\"Kohen\" \/>\n<meta name=\"twitter:card\" content=\"summary_large_image\" \/>\n<meta name=\"twitter:label1\" content=\"Yazan:\" \/>\n\t<meta name=\"twitter:data1\" content=\"Kohen\" \/>\n\t<meta name=\"twitter:label2\" content=\"Tahmini okuma s\u00fcresi\" \/>\n\t<meta name=\"twitter:data2\" content=\"4 dakika\" \/>\n<script type=\"application\/ld+json\" class=\"yoast-schema-graph\">{\"@context\":\"https:\\\/\\\/schema.org\",\"@graph\":[{\"@type\":\"Article\",\"@id\":\"https:\\\/\\\/kohenavocats.com\\\/tr\\\/cour-dappel-de-paris-le-17-avril-2025-n25-00025\\\/#article\",\"isPartOf\":{\"@id\":\"https:\\\/\\\/kohenavocats.com\\\/tr\\\/cour-dappel-de-paris-le-17-avril-2025-n25-00025\\\/\"},\"author\":{\"name\":\"Kohen\",\"@id\":\"https:\\\/\\\/kohenavocats.com\\\/tr\\\/#\\\/schema\\\/person\\\/761c9ba54fa1ca84d405cef0831ff751\"},\"headline\":\"Cour d&#8217;appel de Paris, le 17 avril 2025, n\u00b025\\\/00025\",\"datePublished\":\"2026-04-22T13:07:29+00:00\",\"mainEntityOfPage\":{\"@id\":\"https:\\\/\\\/kohenavocats.com\\\/tr\\\/cour-dappel-de-paris-le-17-avril-2025-n25-00025\\\/\"},\"wordCount\":914,\"commentCount\":0,\"publisher\":{\"@id\":\"https:\\\/\\\/kohenavocats.com\\\/tr\\\/#organization\"},\"image\":{\"@id\":\"https:\\\/\\\/kohenavocats.com\\\/tr\\\/cour-dappel-de-paris-le-17-avril-2025-n25-00025\\\/#primaryimage\"},\"thumbnailUrl\":\"https:\\\/\\\/kohenavocats.com\\\/wp-content\\\/uploads\\\/2024\\\/08\\\/pascal-bernardon-PwM_qb33Ux0-unsplash.webp\",\"articleSection\":[\"Jurisprudence\"],\"inLanguage\":\"tr\",\"potentialAction\":[{\"@type\":\"CommentAction\",\"name\":\"Comment\",\"target\":[\"https:\\\/\\\/kohenavocats.com\\\/tr\\\/cour-dappel-de-paris-le-17-avril-2025-n25-00025\\\/#respond\"]}],\"citation\":\"Cour d&#8217;appel de Paris, le 17 avril 2025, n\u00b025\\\/00025\",\"about\":[{\"@type\":\"Thing\",\"name\":\"Jurisprudence\"}],\"dateModified\":\"2026-04-22T13:07:29+00:00\",\"speakable\":{\"@type\":\"SpeakableSpecification\",\"cssSelector\":[\".article-content > p:first-of-type\"]}},{\"@type\":\"WebPage\",\"@id\":\"https:\\\/\\\/kohenavocats.com\\\/tr\\\/cour-dappel-de-paris-le-17-avril-2025-n25-00025\\\/\",\"url\":\"https:\\\/\\\/kohenavocats.com\\\/tr\\\/cour-dappel-de-paris-le-17-avril-2025-n25-00025\\\/\",\"name\":\"Cour d'appel de Paris, le 17 avril 2025, n\u00b025\\\/00025 - Ma\u00eetre Hassan Kohen, avocat en droit p\u00e9nal \u00e0 Paris\",\"isPartOf\":{\"@id\":\"https:\\\/\\\/kohenavocats.com\\\/tr\\\/#website\"},\"primaryImageOfPage\":{\"@id\":\"https:\\\/\\\/kohenavocats.com\\\/tr\\\/cour-dappel-de-paris-le-17-avril-2025-n25-00025\\\/#primaryimage\"},\"image\":{\"@id\":\"https:\\\/\\\/kohenavocats.com\\\/tr\\\/cour-dappel-de-paris-le-17-avril-2025-n25-00025\\\/#primaryimage\"},\"thumbnailUrl\":\"https:\\\/\\\/kohenavocats.com\\\/wp-content\\\/uploads\\\/2024\\\/08\\\/pascal-bernardon-PwM_qb33Ux0-unsplash.webp\",\"datePublished\":\"2026-04-22T13:07:29+00:00\",\"description\":\"La Cour d'appel de Paris, statuant le 17 avril 2025, se prononce sur une demande d'expertise pr\u00e9judicielle fond\u00e9e sur l'article 145 du code de proc\u00e9dure civi...\",\"breadcrumb\":{\"@id\":\"https:\\\/\\\/kohenavocats.com\\\/tr\\\/cour-dappel-de-paris-le-17-avril-2025-n25-00025\\\/#breadcrumb\"},\"inLanguage\":\"tr\",\"potentialAction\":[{\"@type\":\"ReadAction\",\"target\":[\"https:\\\/\\\/kohenavocats.com\\\/tr\\\/cour-dappel-de-paris-le-17-avril-2025-n25-00025\\\/\"]}]},{\"@type\":\"ImageObject\",\"inLanguage\":\"tr\",\"@id\":\"https:\\\/\\\/kohenavocats.com\\\/tr\\\/cour-dappel-de-paris-le-17-avril-2025-n25-00025\\\/#primaryimage\",\"url\":\"https:\\\/\\\/kohenavocats.com\\\/wp-content\\\/uploads\\\/2024\\\/08\\\/pascal-bernardon-PwM_qb33Ux0-unsplash.webp\",\"contentUrl\":\"https:\\\/\\\/kohenavocats.com\\\/wp-content\\\/uploads\\\/2024\\\/08\\\/pascal-bernardon-PwM_qb33Ux0-unsplash.webp\",\"width\":4340,\"height\":3080},{\"@type\":\"BreadcrumbList\",\"@id\":\"https:\\\/\\\/kohenavocats.com\\\/tr\\\/cour-dappel-de-paris-le-17-avril-2025-n25-00025\\\/#breadcrumb\",\"itemListElement\":[{\"@type\":\"ListItem\",\"position\":1,\"name\":\"Home\",\"item\":\"https:\\\/\\\/kohenavocats.com\\\/tr\\\/avocats-en-droit-penal-a-paris-conseil-et-defense-strategique\\\/\"},{\"@type\":\"ListItem\",\"position\":2,\"name\":\"Cour d&rsquo;appel de Paris, le 17 avril 2025, n\u00b025\\\/00025\"}]},{\"@type\":\"WebSite\",\"@id\":\"https:\\\/\\\/kohenavocats.com\\\/tr\\\/#website\",\"url\":\"https:\\\/\\\/kohenavocats.com\\\/tr\\\/\",\"name\":\"Kohen Avocats\",\"description\":\"Ma\u00eetre Hassan Kohen, avocat p\u00e9naliste \u00e0 Paris, intervient exclusivement en droit p\u00e9nal pour la d\u00e9fense des particuliers, notamment en mati\u00e8re d\u2019accusations de viol. Il assure un accompagnement rigoureux d\u00e8s la garde \u00e0 vue jusqu\u2019\u00e0 la Cour d\u2019assises, veillant au strict respect des garanties proc\u00e9durales.\",\"publisher\":{\"@id\":\"https:\\\/\\\/kohenavocats.com\\\/tr\\\/#organization\"},\"potentialAction\":[{\"@type\":\"SearchAction\",\"target\":{\"@type\":\"EntryPoint\",\"urlTemplate\":\"https:\\\/\\\/kohenavocats.com\\\/tr\\\/?s={search_term_string}\"},\"query-input\":{\"@type\":\"PropertyValueSpecification\",\"valueRequired\":true,\"valueName\":\"search_term_string\"}}],\"inLanguage\":\"tr\"},{\"@type\":\"Organization\",\"@id\":\"https:\\\/\\\/kohenavocats.com\\\/tr\\\/#organization\",\"name\":\"Kohen Avocats\",\"url\":\"https:\\\/\\\/kohenavocats.com\\\/tr\\\/\",\"logo\":{\"@type\":\"ImageObject\",\"inLanguage\":\"tr\",\"@id\":\"https:\\\/\\\/kohenavocats.com\\\/tr\\\/#\\\/schema\\\/logo\\\/image\\\/\",\"url\":\"https:\\\/\\\/kohenavocats.com\\\/wp-content\\\/uploads\\\/2026\\\/01\\\/Logo-2-1.webp\",\"contentUrl\":\"https:\\\/\\\/kohenavocats.com\\\/wp-content\\\/uploads\\\/2026\\\/01\\\/Logo-2-1.webp\",\"width\":2114,\"height\":1253,\"caption\":\"Kohen Avocats\"},\"image\":{\"@id\":\"https:\\\/\\\/kohenavocats.com\\\/tr\\\/#\\\/schema\\\/logo\\\/image\\\/\"}},{\"@type\":\"Person\",\"@id\":\"https:\\\/\\\/kohenavocats.com\\\/tr\\\/#\\\/schema\\\/person\\\/761c9ba54fa1ca84d405cef0831ff751\",\"name\":\"Kohen\",\"image\":{\"@type\":\"ImageObject\",\"inLanguage\":\"tr\",\"@id\":\"https:\\\/\\\/secure.gravatar.com\\\/avatar\\\/1c5e76ef76bbbfdd2b4da984e2bf2fa4056fd51a27d25ce2c332047f1dfd6e00?s=96&d=identicon&r=g\",\"url\":\"https:\\\/\\\/secure.gravatar.com\\\/avatar\\\/1c5e76ef76bbbfdd2b4da984e2bf2fa4056fd51a27d25ce2c332047f1dfd6e00?s=96&d=identicon&r=g\",\"contentUrl\":\"https:\\\/\\\/secure.gravatar.com\\\/avatar\\\/1c5e76ef76bbbfdd2b4da984e2bf2fa4056fd51a27d25ce2c332047f1dfd6e00?s=96&d=identicon&r=g\",\"caption\":\"Kohen\"},\"sameAs\":[\"https:\\\/\\\/www.linkedin.com\\\/in\\\/hassan-kohen-448548192\\\/\",\"https:\\\/\\\/www.youtube.com\\\/@Kohen-Avocats\"],\"url\":\"https:\\\/\\\/kohenavocats.com\\\/tr\\\/author\\\/kohenmlk\\\/\"}]}<\/script>\n<!-- \/ Yoast SEO Premium plugin. -->","yoast_head_json":{"title":"Cour d'appel de Paris, le 17 avril 2025, n\u00b025\/00025 - Ma\u00eetre Hassan Kohen, avocat en droit p\u00e9nal \u00e0 Paris","description":"La Cour d'appel de Paris, statuant le 17 avril 2025, se prononce sur une demande d'expertise pr\u00e9judicielle fond\u00e9e sur l'article 145 du code de proc\u00e9dure civi...","robots":{"index":"index","follow":"follow","max-snippet":"max-snippet:-1","max-image-preview":"max-image-preview:large","max-video-preview":"max-video-preview:-1"},"canonical":"https:\/\/kohenavocats.com\/tr\/cour-dappel-de-paris-le-17-avril-2025-n25-00025\/","og_locale":"tr_TR","og_type":"article","og_title":"Cour d'appel de Paris, le 17 avril 2025, n\u00b025\/00025","og_description":"La Cour d'appel de Paris, statuant le 17 avril 2025, se prononce sur une demande d'expertise pr\u00e9judicielle fond\u00e9e sur l'article 145 du code de proc\u00e9dure civi...","og_url":"https:\/\/kohenavocats.com\/tr\/cour-dappel-de-paris-le-17-avril-2025-n25-00025\/","og_site_name":"Ma\u00eetre Hassan Kohen, avocat en droit p\u00e9nal \u00e0 Paris","article_published_time":"2026-04-22T13:07:29+00:00","og_image":[{"width":4340,"height":3080,"url":"https:\/\/kohenavocats.com\/wp-content\/uploads\/2024\/08\/pascal-bernardon-PwM_qb33Ux0-unsplash.webp","type":"image\/webp"}],"author":"Kohen","twitter_card":"summary_large_image","twitter_misc":{"Yazan:":"Kohen","Tahmini okuma s\u00fcresi":"4 dakika"},"schema":{"@context":"https:\/\/schema.org","@graph":[{"@type":"Article","@id":"https:\/\/kohenavocats.com\/tr\/cour-dappel-de-paris-le-17-avril-2025-n25-00025\/#article","isPartOf":{"@id":"https:\/\/kohenavocats.com\/tr\/cour-dappel-de-paris-le-17-avril-2025-n25-00025\/"},"author":{"name":"Kohen","@id":"https:\/\/kohenavocats.com\/tr\/#\/schema\/person\/761c9ba54fa1ca84d405cef0831ff751"},"headline":"Cour d&#8217;appel de Paris, le 17 avril 2025, n\u00b025\/00025","datePublished":"2026-04-22T13:07:29+00:00","mainEntityOfPage":{"@id":"https:\/\/kohenavocats.com\/tr\/cour-dappel-de-paris-le-17-avril-2025-n25-00025\/"},"wordCount":914,"commentCount":0,"publisher":{"@id":"https:\/\/kohenavocats.com\/tr\/#organization"},"image":{"@id":"https:\/\/kohenavocats.com\/tr\/cour-dappel-de-paris-le-17-avril-2025-n25-00025\/#primaryimage"},"thumbnailUrl":"https:\/\/kohenavocats.com\/wp-content\/uploads\/2024\/08\/pascal-bernardon-PwM_qb33Ux0-unsplash.webp","articleSection":["Jurisprudence"],"inLanguage":"tr","potentialAction":[{"@type":"CommentAction","name":"Comment","target":["https:\/\/kohenavocats.com\/tr\/cour-dappel-de-paris-le-17-avril-2025-n25-00025\/#respond"]}],"citation":"Cour d&#8217;appel de Paris, le 17 avril 2025, n\u00b025\/00025","about":[{"@type":"Thing","name":"Jurisprudence"}],"dateModified":"2026-04-22T13:07:29+00:00","speakable":{"@type":"SpeakableSpecification","cssSelector":[".article-content > p:first-of-type"]}},{"@type":"WebPage","@id":"https:\/\/kohenavocats.com\/tr\/cour-dappel-de-paris-le-17-avril-2025-n25-00025\/","url":"https:\/\/kohenavocats.com\/tr\/cour-dappel-de-paris-le-17-avril-2025-n25-00025\/","name":"Cour d'appel de Paris, le 17 avril 2025, n\u00b025\/00025 - Ma\u00eetre Hassan Kohen, avocat en droit p\u00e9nal \u00e0 Paris","isPartOf":{"@id":"https:\/\/kohenavocats.com\/tr\/#website"},"primaryImageOfPage":{"@id":"https:\/\/kohenavocats.com\/tr\/cour-dappel-de-paris-le-17-avril-2025-n25-00025\/#primaryimage"},"image":{"@id":"https:\/\/kohenavocats.com\/tr\/cour-dappel-de-paris-le-17-avril-2025-n25-00025\/#primaryimage"},"thumbnailUrl":"https:\/\/kohenavocats.com\/wp-content\/uploads\/2024\/08\/pascal-bernardon-PwM_qb33Ux0-unsplash.webp","datePublished":"2026-04-22T13:07:29+00:00","description":"La Cour d'appel de Paris, statuant le 17 avril 2025, se prononce sur une demande d'expertise pr\u00e9judicielle fond\u00e9e sur l'article 145 du code de proc\u00e9dure civi...","breadcrumb":{"@id":"https:\/\/kohenavocats.com\/tr\/cour-dappel-de-paris-le-17-avril-2025-n25-00025\/#breadcrumb"},"inLanguage":"tr","potentialAction":[{"@type":"ReadAction","target":["https:\/\/kohenavocats.com\/tr\/cour-dappel-de-paris-le-17-avril-2025-n25-00025\/"]}]},{"@type":"ImageObject","inLanguage":"tr","@id":"https:\/\/kohenavocats.com\/tr\/cour-dappel-de-paris-le-17-avril-2025-n25-00025\/#primaryimage","url":"https:\/\/kohenavocats.com\/wp-content\/uploads\/2024\/08\/pascal-bernardon-PwM_qb33Ux0-unsplash.webp","contentUrl":"https:\/\/kohenavocats.com\/wp-content\/uploads\/2024\/08\/pascal-bernardon-PwM_qb33Ux0-unsplash.webp","width":4340,"height":3080},{"@type":"BreadcrumbList","@id":"https:\/\/kohenavocats.com\/tr\/cour-dappel-de-paris-le-17-avril-2025-n25-00025\/#breadcrumb","itemListElement":[{"@type":"ListItem","position":1,"name":"Home","item":"https:\/\/kohenavocats.com\/tr\/avocats-en-droit-penal-a-paris-conseil-et-defense-strategique\/"},{"@type":"ListItem","position":2,"name":"Cour d&rsquo;appel de Paris, le 17 avril 2025, n\u00b025\/00025"}]},{"@type":"WebSite","@id":"https:\/\/kohenavocats.com\/tr\/#website","url":"https:\/\/kohenavocats.com\/tr\/","name":"Kohen Avocats","description":"Ma\u00eetre Hassan Kohen, avocat p\u00e9naliste \u00e0 Paris, intervient exclusivement en droit p\u00e9nal pour la d\u00e9fense des particuliers, notamment en mati\u00e8re d\u2019accusations de viol. Il assure un accompagnement rigoureux d\u00e8s la garde \u00e0 vue jusqu\u2019\u00e0 la Cour d\u2019assises, veillant au strict respect des garanties proc\u00e9durales.","publisher":{"@id":"https:\/\/kohenavocats.com\/tr\/#organization"},"potentialAction":[{"@type":"SearchAction","target":{"@type":"EntryPoint","urlTemplate":"https:\/\/kohenavocats.com\/tr\/?s={search_term_string}"},"query-input":{"@type":"PropertyValueSpecification","valueRequired":true,"valueName":"search_term_string"}}],"inLanguage":"tr"},{"@type":"Organization","@id":"https:\/\/kohenavocats.com\/tr\/#organization","name":"Kohen Avocats","url":"https:\/\/kohenavocats.com\/tr\/","logo":{"@type":"ImageObject","inLanguage":"tr","@id":"https:\/\/kohenavocats.com\/tr\/#\/schema\/logo\/image\/","url":"https:\/\/kohenavocats.com\/wp-content\/uploads\/2026\/01\/Logo-2-1.webp","contentUrl":"https:\/\/kohenavocats.com\/wp-content\/uploads\/2026\/01\/Logo-2-1.webp","width":2114,"height":1253,"caption":"Kohen Avocats"},"image":{"@id":"https:\/\/kohenavocats.com\/tr\/#\/schema\/logo\/image\/"}},{"@type":"Person","@id":"https:\/\/kohenavocats.com\/tr\/#\/schema\/person\/761c9ba54fa1ca84d405cef0831ff751","name":"Kohen","image":{"@type":"ImageObject","inLanguage":"tr","@id":"https:\/\/secure.gravatar.com\/avatar\/1c5e76ef76bbbfdd2b4da984e2bf2fa4056fd51a27d25ce2c332047f1dfd6e00?s=96&d=identicon&r=g","url":"https:\/\/secure.gravatar.com\/avatar\/1c5e76ef76bbbfdd2b4da984e2bf2fa4056fd51a27d25ce2c332047f1dfd6e00?s=96&d=identicon&r=g","contentUrl":"https:\/\/secure.gravatar.com\/avatar\/1c5e76ef76bbbfdd2b4da984e2bf2fa4056fd51a27d25ce2c332047f1dfd6e00?s=96&d=identicon&r=g","caption":"Kohen"},"sameAs":["https:\/\/www.linkedin.com\/in\/hassan-kohen-448548192\/","https:\/\/www.youtube.com\/@Kohen-Avocats"],"url":"https:\/\/kohenavocats.com\/tr\/author\/kohenmlk\/"}]}},"jetpack_featured_media_url":"https:\/\/kohenavocats.com\/wp-content\/uploads\/2024\/08\/pascal-bernardon-PwM_qb33Ux0-unsplash.webp","jetpack_likes_enabled":false,"jetpack_shortlink":"https:\/\/wp.me\/peCrII-2IQf","jetpack-related-posts":[{"id":736039,"url":"https:\/\/kohenavocats.com\/tr\/cour-dappel-de-nimes-le-29-janvier-2026-n25-01399\/","url_meta":{"origin":649031,"position":0},"title":"Cour d&#8217;appel de N\u00eemes, le 29 janvier 2026, n\u00b025\/01399","author":"Kohen","date":"28 Nisan 2026","format":false,"excerpt":"La cour d\u2019appel de N\u00eemes a rendu un arr\u00eat le 29 janvier 2026 dans une affaire opposant des vendeurs d\u2019un bien immobilier \u00e0 un artisan charpentier et sa...","rel":"","context":"&quot;Cour d'appel&quot; i\u00e7inde","block_context":{"text":"Cour d'appel","link":"https:\/\/kohenavocats.com\/category\/cour-dappel\/"},"img":{"alt_text":"","src":"https:\/\/i0.wp.com\/kohenavocats.com\/wp-content\/uploads\/2024\/11\/getty-images-qZQ7l1FLcgI-unsplash.webp?resize=350%2C200&ssl=1","width":350,"height":200,"srcset":"https:\/\/i0.wp.com\/kohenavocats.com\/wp-content\/uploads\/2024\/11\/getty-images-qZQ7l1FLcgI-unsplash.webp?resize=350%2C200&ssl=1 1x, https:\/\/i0.wp.com\/kohenavocats.com\/wp-content\/uploads\/2024\/11\/getty-images-qZQ7l1FLcgI-unsplash.webp?resize=525%2C300&ssl=1 1.5x, https:\/\/i0.wp.com\/kohenavocats.com\/wp-content\/uploads\/2024\/11\/getty-images-qZQ7l1FLcgI-unsplash.webp?resize=700%2C400&ssl=1 2x, https:\/\/i0.wp.com\/kohenavocats.com\/wp-content\/uploads\/2024\/11\/getty-images-qZQ7l1FLcgI-unsplash.webp?resize=1050%2C600&ssl=1 3x, https:\/\/i0.wp.com\/kohenavocats.com\/wp-content\/uploads\/2024\/11\/getty-images-qZQ7l1FLcgI-unsplash.webp?resize=1400%2C800&ssl=1 4x"},"classes":[]},{"id":736038,"url":"https:\/\/kohenavocats.com\/tr\/cour-dappel-de-nimes-le-29-janvier-2026-n25-01461\/","url_meta":{"origin":649031,"position":1},"title":"Cour d&#8217;appel de N\u00eemes, le 29 janvier 2026, n\u00b025\/01461","author":"Kohen","date":"28 Nisan 2026","format":false,"excerpt":"La cour d'appel de N\u00eemes, dans un arr\u00eat du 29 janvier 2026, statue sur l'appel d'une ordonnance de r\u00e9f\u00e9r\u00e9 du pr\u00e9sident du tribunal judiciaire d'Al\u00e8s. Les pro...","rel":"","context":"&quot;Jurisprudence&quot; i\u00e7inde","block_context":{"text":"Jurisprudence","link":"https:\/\/kohenavocats.com\/category\/jurisprudence\/"},"img":{"alt_text":"","src":"https:\/\/i0.wp.com\/kohenavocats.com\/wp-content\/uploads\/2024\/07\/valentino-mazzariello-Ndm1hhIcwHc-unsplash.webp?resize=350%2C200&ssl=1","width":350,"height":200,"srcset":"https:\/\/i0.wp.com\/kohenavocats.com\/wp-content\/uploads\/2024\/07\/valentino-mazzariello-Ndm1hhIcwHc-unsplash.webp?resize=350%2C200&ssl=1 1x, https:\/\/i0.wp.com\/kohenavocats.com\/wp-content\/uploads\/2024\/07\/valentino-mazzariello-Ndm1hhIcwHc-unsplash.webp?resize=525%2C300&ssl=1 1.5x, https:\/\/i0.wp.com\/kohenavocats.com\/wp-content\/uploads\/2024\/07\/valentino-mazzariello-Ndm1hhIcwHc-unsplash.webp?resize=700%2C400&ssl=1 2x, https:\/\/i0.wp.com\/kohenavocats.com\/wp-content\/uploads\/2024\/07\/valentino-mazzariello-Ndm1hhIcwHc-unsplash.webp?resize=1050%2C600&ssl=1 3x, https:\/\/i0.wp.com\/kohenavocats.com\/wp-content\/uploads\/2024\/07\/valentino-mazzariello-Ndm1hhIcwHc-unsplash.webp?resize=1400%2C800&ssl=1 4x"},"classes":[]},{"id":736353,"url":"https:\/\/kohenavocats.com\/tr\/cour-dappel-de-bordeaux-le-29-janvier-2026-n25-00833\/","url_meta":{"origin":649031,"position":2},"title":"Cour d&#8217;appel de Bordeaux, le 29 janvier 2026, n\u00b025\/00833","author":"Kohen","date":"28 Nisan 2026","format":false,"excerpt":"La cour d'appel de Bordeaux, dans un arr\u00eat du 29 janvier 2026, a confirm\u00e9 le refus d'ordonner une expertise m\u00e9dicale sollicit\u00e9e par une patiente. Cette...","rel":"","context":"&quot;Cour d'appel&quot; i\u00e7inde","block_context":{"text":"Cour d'appel","link":"https:\/\/kohenavocats.com\/category\/cour-dappel\/"},"img":{"alt_text":"","src":"https:\/\/i0.wp.com\/kohenavocats.com\/wp-content\/uploads\/2024\/08\/susan-q-yin-YQhhlCS9Hto-unsplash-1.webp?resize=350%2C200&ssl=1","width":350,"height":200,"srcset":"https:\/\/i0.wp.com\/kohenavocats.com\/wp-content\/uploads\/2024\/08\/susan-q-yin-YQhhlCS9Hto-unsplash-1.webp?resize=350%2C200&ssl=1 1x, https:\/\/i0.wp.com\/kohenavocats.com\/wp-content\/uploads\/2024\/08\/susan-q-yin-YQhhlCS9Hto-unsplash-1.webp?resize=525%2C300&ssl=1 1.5x, https:\/\/i0.wp.com\/kohenavocats.com\/wp-content\/uploads\/2024\/08\/susan-q-yin-YQhhlCS9Hto-unsplash-1.webp?resize=700%2C400&ssl=1 2x, https:\/\/i0.wp.com\/kohenavocats.com\/wp-content\/uploads\/2024\/08\/susan-q-yin-YQhhlCS9Hto-unsplash-1.webp?resize=1050%2C600&ssl=1 3x, https:\/\/i0.wp.com\/kohenavocats.com\/wp-content\/uploads\/2024\/08\/susan-q-yin-YQhhlCS9Hto-unsplash-1.webp?resize=1400%2C800&ssl=1 4x"},"classes":[]},{"id":735988,"url":"https:\/\/kohenavocats.com\/tr\/cour-dappel-de-montpellier-le-29-janvier-2026-n25-04719\/","url_meta":{"origin":649031,"position":3},"title":"Cour d&#8217;appel de Montpellier, le 29 janvier 2026, n\u00b025\/04719","author":"Kohen","date":"28 Nisan 2026","format":false,"excerpt":"La cour d\u2019appel de Montpellier, dans son arr\u00eat du 29 janvier 2026, a infirm\u00e9 une ordonnance de caducit\u00e9 prononc\u00e9e par le conseiller de la mise en \u00e9tat. Une s...","rel":"","context":"&quot;Jurisprudence&quot; i\u00e7inde","block_context":{"text":"Jurisprudence","link":"https:\/\/kohenavocats.com\/category\/jurisprudence\/"},"img":{"alt_text":"","src":"https:\/\/i0.wp.com\/kohenavocats.com\/wp-content\/uploads\/2024\/07\/louis-velazquez-XWW746i6WoM-unsplash.webp?resize=350%2C200&ssl=1","width":350,"height":200,"srcset":"https:\/\/i0.wp.com\/kohenavocats.com\/wp-content\/uploads\/2024\/07\/louis-velazquez-XWW746i6WoM-unsplash.webp?resize=350%2C200&ssl=1 1x, https:\/\/i0.wp.com\/kohenavocats.com\/wp-content\/uploads\/2024\/07\/louis-velazquez-XWW746i6WoM-unsplash.webp?resize=525%2C300&ssl=1 1.5x, https:\/\/i0.wp.com\/kohenavocats.com\/wp-content\/uploads\/2024\/07\/louis-velazquez-XWW746i6WoM-unsplash.webp?resize=700%2C400&ssl=1 2x, https:\/\/i0.wp.com\/kohenavocats.com\/wp-content\/uploads\/2024\/07\/louis-velazquez-XWW746i6WoM-unsplash.webp?resize=1050%2C600&ssl=1 3x, https:\/\/i0.wp.com\/kohenavocats.com\/wp-content\/uploads\/2024\/07\/louis-velazquez-XWW746i6WoM-unsplash.webp?resize=1400%2C800&ssl=1 4x"},"classes":[]},{"id":709601,"url":"https:\/\/kohenavocats.com\/tr\/tribunal-judiciaire-de-roanne-le-18-decembre-2025-n25-00176\/","url_meta":{"origin":649031,"position":4},"title":"Tribunal judiciaire de Roanne, le 18 d\u00e9cembre 2025, n\u00b025\/00176","author":"Kohen","date":"27 Nisan 2026","format":false,"excerpt":"Le tribunal judiciaire de Roanne, statuant en r\u00e9f\u00e9r\u00e9 le 18 d\u00e9cembre 2025, a \u00e9t\u00e9 saisi par une acqu\u00e9reuse d\u2019un immeuble. Celle-ci invoquait des d\u00e9sordres appa...","rel":"","context":"&quot;Jurisprudence&quot; i\u00e7inde","block_context":{"text":"Jurisprudence","link":"https:\/\/kohenavocats.com\/category\/jurisprudence\/"},"img":{"alt_text":"","src":"https:\/\/i0.wp.com\/kohenavocats.com\/wp-content\/uploads\/2024\/11\/jigar-panchal-JMz61NKc3E-unsplash.webp?resize=350%2C200&ssl=1","width":350,"height":200,"srcset":"https:\/\/i0.wp.com\/kohenavocats.com\/wp-content\/uploads\/2024\/11\/jigar-panchal-JMz61NKc3E-unsplash.webp?resize=350%2C200&ssl=1 1x, https:\/\/i0.wp.com\/kohenavocats.com\/wp-content\/uploads\/2024\/11\/jigar-panchal-JMz61NKc3E-unsplash.webp?resize=525%2C300&ssl=1 1.5x, https:\/\/i0.wp.com\/kohenavocats.com\/wp-content\/uploads\/2024\/11\/jigar-panchal-JMz61NKc3E-unsplash.webp?resize=700%2C400&ssl=1 2x, https:\/\/i0.wp.com\/kohenavocats.com\/wp-content\/uploads\/2024\/11\/jigar-panchal-JMz61NKc3E-unsplash.webp?resize=1050%2C600&ssl=1 3x, https:\/\/i0.wp.com\/kohenavocats.com\/wp-content\/uploads\/2024\/11\/jigar-panchal-JMz61NKc3E-unsplash.webp?resize=1400%2C800&ssl=1 4x"},"classes":[]},{"id":736112,"url":"https:\/\/kohenavocats.com\/tr\/cour-dappel-de-paris-le-29-janvier-2026-n24-20755\/","url_meta":{"origin":649031,"position":5},"title":"Cour d&#8217;appel de Paris, le 29 janvier 2026, n\u00b024\/20755","author":"Kohen","date":"28 Nisan 2026","format":false,"excerpt":"Par un arr\u00eat du 29 janvier 2026, la cour d\u2019appel de Paris a statu\u00e9 sur la caducit\u00e9 d\u2019un appel form\u00e9 contre une ordonnance du juge de la mise en \u00e9tat. Le...","rel":"","context":"&quot;Cour d'appel&quot; i\u00e7inde","block_context":{"text":"Cour d'appel","link":"https:\/\/kohenavocats.com\/category\/cour-dappel\/"},"img":{"alt_text":"","src":"https:\/\/i0.wp.com\/kohenavocats.com\/wp-content\/uploads\/2024\/11\/getty-images-p1ZW7qeVRyE-unsplash.webp?resize=350%2C200&ssl=1","width":350,"height":200,"srcset":"https:\/\/i0.wp.com\/kohenavocats.com\/wp-content\/uploads\/2024\/11\/getty-images-p1ZW7qeVRyE-unsplash.webp?resize=350%2C200&ssl=1 1x, https:\/\/i0.wp.com\/kohenavocats.com\/wp-content\/uploads\/2024\/11\/getty-images-p1ZW7qeVRyE-unsplash.webp?resize=525%2C300&ssl=1 1.5x, https:\/\/i0.wp.com\/kohenavocats.com\/wp-content\/uploads\/2024\/11\/getty-images-p1ZW7qeVRyE-unsplash.webp?resize=700%2C400&ssl=1 2x, https:\/\/i0.wp.com\/kohenavocats.com\/wp-content\/uploads\/2024\/11\/getty-images-p1ZW7qeVRyE-unsplash.webp?resize=1050%2C600&ssl=1 3x, https:\/\/i0.wp.com\/kohenavocats.com\/wp-content\/uploads\/2024\/11\/getty-images-p1ZW7qeVRyE-unsplash.webp?resize=1400%2C800&ssl=1 4x"},"classes":[]}],"jetpack_sharing_enabled":true,"_links":{"self":[{"href":"https:\/\/kohenavocats.com\/tr\/wp-json\/wp\/v2\/posts\/649031","targetHints":{"allow":["GET"]}}],"collection":[{"href":"https:\/\/kohenavocats.com\/tr\/wp-json\/wp\/v2\/posts"}],"about":[{"href":"https:\/\/kohenavocats.com\/tr\/wp-json\/wp\/v2\/types\/post"}],"author":[{"embeddable":true,"href":"https:\/\/kohenavocats.com\/tr\/wp-json\/wp\/v2\/users\/232070755"}],"replies":[{"embeddable":true,"href":"https:\/\/kohenavocats.com\/tr\/wp-json\/wp\/v2\/comments?post=649031"}],"version-history":[{"count":0,"href":"https:\/\/kohenavocats.com\/tr\/wp-json\/wp\/v2\/posts\/649031\/revisions"}],"wp:featuredmedia":[{"embeddable":true,"href":"https:\/\/kohenavocats.com\/tr\/wp-json\/wp\/v2\/media\/4855"}],"wp:attachment":[{"href":"https:\/\/kohenavocats.com\/tr\/wp-json\/wp\/v2\/media?parent=649031"}],"wp:term":[{"taxonomy":"category","embeddable":true,"href":"https:\/\/kohenavocats.com\/tr\/wp-json\/wp\/v2\/categories?post=649031"},{"taxonomy":"post_tag","embeddable":true,"href":"https:\/\/kohenavocats.com\/tr\/wp-json\/wp\/v2\/tags?post=649031"}],"curies":[{"name":"wp","href":"https:\/\/api.w.org\/{rel}","templated":true}]}}