{"id":649032,"date":"2026-04-22T15:09:00","date_gmt":"2026-04-22T13:09:00","guid":{"rendered":"https:\/\/kohenavocats.com\/police-gendarmes-porte-faut-il-ouvrir-sans-perquisition\/"},"modified":"2026-04-22T15:09:00","modified_gmt":"2026-04-22T13:09:00","slug":"police-gendarmes-porte-faut-il-ouvrir-sans-perquisition","status":"publish","type":"post","link":"https:\/\/kohenavocats.com\/tr\/police-gendarmes-porte-faut-il-ouvrir-sans-perquisition\/","title":{"rendered":"Police ou gendarmes \u00e0 votre porte : faut-il ouvrir s&#8217;ils n&#8217;ont pas de perquisition ?"},"content":{"rendered":"<p>Le moment de panique est simple. On frappe. Les enqu\u00eateurs disent qu&#8217;ils veulent &#8220;parler&#8221;, &#8220;v\u00e9rifier un point&#8221;, &#8220;voir quelqu&#8217;un&#8221;, ou &#8220;faire une visite&#8221;. La plupart des personnes commettent alors l&#8217;une de ces deux erreurs :<\/p>\n<ul>\n<li>ouvrir en grand et laisser entrer &#8220;pour ne pas avoir l&#8217;air suspect&#8221; ;<\/li>\n<li>ou tenter de bloquer physiquement l&#8217;entr\u00e9e.<\/li>\n<\/ul>\n<p>Les deux r\u00e9flexes sont mauvais.<\/p>\n<p>Le benchmark criminal-defense am\u00e9ricain, britannique et australien reste tr\u00e8s coh\u00e9rent sur ce moment pr\u00e9cis : les contenus qui performent le mieux r\u00e9pondent \u00e0 une question de seuil, pas \u00e0 une question th\u00e9orique. Can they come in now, do I have to open, do I have to talk, what if they have no warrant? En droit fran\u00e7ais, la bonne traduction n&#8217;est pas le mot &#8220;warrant&#8221;. La bonne traduction est plus utile : les enqu\u00eateurs disposent-ils d&#8217;un vrai fondement pour entrer, ou cherchent-ils d&#8217;abord votre consentement ?<\/p>\n<h2>1. Sans titre ni pouvoir l\u00e9gal identifiable, vous n&#8217;avez pas \u00e0 faire entrer les enqu\u00eateurs<\/h2>\n<p>En enqu\u00eate pr\u00e9liminaire, l&#8217;<a href=\"https:\/\/www.legifrance.gouv.fr\/codes\/article_lc\/LEGIARTI000039279525\">article 76 du code de proc\u00e9dure p\u00e9nale<\/a> pose une r\u00e8gle claire<sup id=\"fnref:1\"><a class=\"footnote-ref\" href=\"#fn:1\">1<\/a><\/sup>. Les perquisitions, visites domiciliaires et saisies ne peuvent pas \u00eatre effectu\u00e9es sans l&#8217;assentiment expr\u00e8s de la personne chez laquelle l&#8217;op\u00e9ration a lieu, sauf d\u00e9cision \u00e9crite et motiv\u00e9e du juge des libert\u00e9s et de la d\u00e9tention.<\/p>\n<p>La cons\u00e9quence pratique est importante.<\/p>\n<p>Si les enqu\u00eateurs se pr\u00e9sentent sans vous montrer de titre pr\u00e9cis, et sans vous expliquer qu&#8217;ils interviennent dans un cadre l\u00e9gal qui permet l&#8217;entr\u00e9e sans votre accord, vous n&#8217;avez pas \u00e0 transformer vous-m\u00eame la sc\u00e8ne en perquisition consentie.<\/p>\n<p>Le bon r\u00e9flexe n&#8217;est donc pas d&#8217;ouvrir &#8220;pour discuter un peu&#8221;. C&#8217;est de demander, calmement :<\/p>\n<ul>\n<li>s&#8217;ils disposent d&#8217;une perquisition ou d&#8217;une autorisation judiciaire ;<\/li>\n<li>s&#8217;ils interviennent dans un cadre de flagrance ;<\/li>\n<li>ou s&#8217;ils sollicitent simplement votre assentiment.<\/li>\n<\/ul>\n<p>Tant que cette base n&#8217;est pas clarifi\u00e9e, laisser entrer les enqu\u00eateurs &#8220;pour montrer votre bonne foi&#8221; est souvent la pire d\u00e9cision proc\u00e9durale.<\/p>\n<h2>2. L&#8217;absence de papier entre les mains des enqu\u00eateurs ne signifie pas toujours absence de pouvoir<\/h2>\n<p>Il faut toutefois \u00e9viter le contresens inverse.<\/p>\n<p>En droit fran\u00e7ais, l&#8217;entr\u00e9e peut parfois reposer sur un autre cadre que l&#8217;article 76. L&#8217;<a href=\"https:\/\/www.legifrance.gouv.fr\/codes\/article_lc\/LEGIARTI000006575016\">article 53 CPP<\/a> d\u00e9finit la flagrance<sup id=\"fnref:2\"><a class=\"footnote-ref\" href=\"#fn:2\">2<\/a><\/sup>. Et l&#8217;<a href=\"https:\/\/www.legifrance.gouv.fr\/codes\/article_lc\/LEGIARTI000049778813\">article 56 CPP<\/a> permet alors \u00e0 l&#8217;officier de police judiciaire de se transporter au domicile des personnes susceptibles de d\u00e9tenir des pi\u00e8ces, documents, donn\u00e9es ou objets utiles \u00e0 la manifestation de la v\u00e9rit\u00e9<sup id=\"fnref:3\"><a class=\"footnote-ref\" href=\"#fn:3\">3<\/a><\/sup>.<\/p>\n<p>Autrement dit, la vraie question n&#8217;est pas seulement : &#8220;ont-ils un document \u00e0 la main ?&#8221;<\/p>\n<p>La vraie question est : sur quel r\u00e9gime proc\u00e9dural s&#8217;appuient-ils ?<\/p>\n<p>Il faut ajouter une autre nuance pratique. L&#8217;<a href=\"https:\/\/www.legifrance.gouv.fr\/codes\/article_lc\/LEGIARTI000006575045\">article 59 CPP<\/a> pr\u00e9voit que, sauf exceptions pr\u00e9vues par la loi ou r\u00e9clamation faite de l&#8217;int\u00e9rieur de la maison, les perquisitions et visites domiciliaires ne peuvent pas \u00eatre commenc\u00e9es avant 6 heures et apr\u00e8s 21 heures<sup id=\"fnref:4\"><a class=\"footnote-ref\" href=\"#fn:4\">4<\/a><\/sup>. L\u00e0 encore, ce n&#8217;est pas un sujet \u00e0 discuter de fa\u00e7on abstraite sur le palier. C&#8217;est un \u00e9l\u00e9ment \u00e0 faire pr\u00e9ciser et constater.<\/p>\n<p>La mauvaise question est donc : &#8220;je peux toujours refuser si je ne vois pas un mandat ?&#8221;<\/p>\n<p>La bonne question est : &#8220;de quel texte vous pr\u00e9valez-vous pour entrer maintenant ?&#8221;<\/p>\n<h2>3. Le consentement est une vraie cl\u00e9 de proc\u00e9dure, pas une formalit\u00e9 anodine<\/h2>\n<p>La chambre criminelle l&#8217;a rappel\u00e9 r\u00e9cemment dans l&#8217;arr\u00eat du <a href=\"https:\/\/www.courdecassation.fr\/decision\/65a629db448a370008a71fa8\">16 janvier 2024, n\u00b0 22-87.593<\/a>, v\u00e9rifi\u00e9 via Voyage<sup id=\"fnref:5\"><a class=\"footnote-ref\" href=\"#fn:5\">5<\/a><\/sup>.<\/p>\n<p>La Cour juge, d&#8217;une part, qu&#8217;en enqu\u00eate pr\u00e9liminaire l&#8217;assentiment pr\u00e9vu par l&#8217;article 76 doit \u00eatre recueilli avant que la perquisition ne commence. Elle pr\u00e9cise, d&#8217;autre part, que la fouille d&#8217;un v\u00e9hicule est assimilable \u00e0 une perquisition et suppose, sauf texte sp\u00e9cial, l&#8217;assentiment recueilli dans les formes pr\u00e9vues par l&#8217;article 76<sup id=\"fnref2:5\"><a class=\"footnote-ref\" href=\"#fn:5\">5<\/a><\/sup>.<\/p>\n<p>Cette d\u00e9cision dit quelque chose de tr\u00e8s concret.<\/p>\n<p>Le probl\u00e8me n&#8217;est pas seulement &#8220;ont-ils fini par me faire signer quelque chose ?&#8221; Le probl\u00e8me est de savoir si l&#8217;entr\u00e9e et la recherche ont commenc\u00e9 avant, et sous quel habillage. Le consentement n&#8217;est pas une d\u00e9coration. C&#8217;est l&#8217;une des charni\u00e8res du r\u00e9gime de validit\u00e9.<\/p>\n<p>En pratique, cela veut dire deux choses :<\/p>\n<ul>\n<li>ne signez pas machinalement un assentiment que vous ne comprenez pas ;<\/li>\n<li>ne laissez pas se d\u00e9velopper une situation ambigu\u00eb o\u00f9 les enqu\u00eateurs sont d\u00e9j\u00e0 dedans, d\u00e9j\u00e0 en train d&#8217;observer, d\u00e9j\u00e0 en train de vous faire parler, avant toute clarification.<\/li>\n<\/ul>\n<h2>4. Ouvrir la porte n&#8217;oblige pas \u00e0 parler, et parler n&#8217;am\u00e9liore presque jamais la situation<\/h2>\n<p>M\u00eame lorsqu&#8217;il est rationnel de r\u00e9pondre \u00e0 travers la porte ou d&#8217;ouvrir partiellement pour comprendre le cadre, il ne faut pas transformer ce moment en audition improvis\u00e9e.<\/p>\n<p>Le r\u00e9flexe le plus destructeur est souvent verbal. La personne pense qu&#8217;elle va d\u00e9samorcer l&#8217;intervention en donnant &#8220;deux explications simples&#8221;. En r\u00e9alit\u00e9, elle fabrique des d\u00e9clarations sous stress, sans conna\u00eetre le dossier, sans hi\u00e9rarchiser les risques, et parfois avant m\u00eame d&#8217;avoir compris si les enqu\u00eateurs cherchent une entr\u00e9e, une audition, une interpellation, ou une perquisition.<\/p>\n<p>Le bon ordre est plus sobre :<\/p>\n<ol>\n<li>identifier les enqu\u00eateurs ;<\/li>\n<li>demander le fondement invoqu\u00e9 ;<\/li>\n<li>dire que vous ne consentez pas \u00e0 une entr\u00e9e ou \u00e0 une perquisition hors fondement l\u00e9gal ;<\/li>\n<li>ne pas r\u00e9pondre sur le fond des faits ;<\/li>\n<li>contacter un avocat.<\/li>\n<\/ol>\n<p>Si les enqu\u00eateurs entrent malgr\u00e9 votre refus, ce n&#8217;est pas le moment de lutter physiquement. C&#8217;est le moment de faire constater votre position et de noter la chronologie.<\/p>\n<h2>5. Si l&#8217;entr\u00e9e a lieu, la suite ne doit pas \u00eatre subie en silence<\/h2>\n<p>Quand l&#8217;op\u00e9ration bascule en vraie perquisition, il faut changer de logique. On ne discute plus l&#8217;entr\u00e9e sur le pas de la porte. On s\u00e9curise la trace.<\/p>\n<p>L&#8217;<a href=\"https:\/\/www.legifrance.gouv.fr\/codes\/article_lc\/LEGIARTI000032742062\">article 57 CPP<\/a> pr\u00e9voit que la perquisition se fait en pr\u00e9sence de la personne au domicile de laquelle elle a lieu ; en cas d&#8217;impossibilit\u00e9, cette personne doit \u00eatre invit\u00e9e \u00e0 d\u00e9signer un repr\u00e9sentant, \u00e0 d\u00e9faut de quoi deux t\u00e9moins sont requis<sup id=\"fnref:6\"><a class=\"footnote-ref\" href=\"#fn:6\">6<\/a><\/sup>.<\/p>\n<p>Votre pr\u00e9sence sert alors \u00e0 trois choses :<\/p>\n<ul>\n<li>suivre ce qui est effectivement ouvert, consult\u00e9 et saisi ;<\/li>\n<li>v\u00e9rifier l&#8217;inventaire et les scell\u00e9s ;<\/li>\n<li>faire noter imm\u00e9diatement toute r\u00e9serve utile.<\/li>\n<\/ul>\n<p>Pour le reste, il faut \u00e9viter de vous raconter une histoire trop rassurante. Une perquisition peut tr\u00e8s vite d\u00e9river vers des supports num\u00e9riques, des copies de donn\u00e9es, ou des d\u00e9clarations &#8220;mat\u00e9rielles&#8221; qui finissent par peser lourd. Sur ce point, il faut repartir aussi de Perquisition p\u00e9nale \u00e0 domicile ou au bureau : que faire pendant l&#8217;arriv\u00e9e des enqu\u00eateurs ?, de T\u00e9l\u00e9phone saisi par la police : restitution, copie des donn\u00e9es et recours et de Ordinateur saisi pendant une enqu\u00eate p\u00e9nale : copie des donn\u00e9es et restitution.<\/p>\n<h2>6. Ce qu&#8217;il faut faire en pratique quand la police est \u00e0 la porte<\/h2>\n<p>Le bon r\u00e9flexe n&#8217;est ni la soumission paniqu\u00e9e, ni le bras de fer.<\/p>\n<p>Le bon r\u00e9flexe est proc\u00e9dural :<\/p>\n<ol>\n<li>Garder la porte sous contr\u00f4le mat\u00e9riel le temps de comprendre ce qui est invoqu\u00e9.<\/li>\n<li>Demander si les enqu\u00eateurs agissent avec une perquisition, une autorisation judiciaire, ou en flagrance.<\/li>\n<li>Demander \u00e0 voir le titre s&#8217;ils disent en avoir un.<\/li>\n<li>Dire clairement que vous ne consentez pas \u00e0 l&#8217;entr\u00e9e ni \u00e0 la perquisition hors fondement l\u00e9gal.<\/li>\n<li>Ne pas r\u00e9pondre sur les faits.<\/li>\n<li>Ne pas faire obstacle physiquement si les enqu\u00eateurs annoncent entrer malgr\u00e9 tout.<\/li>\n<li>Noter ensuite l&#8217;heure, les identit\u00e9s, les propos tenus, et le fondement annonc\u00e9.<\/li>\n<\/ol>\n<p>Ce qui compte n&#8217;est pas d&#8217;avoir le dernier mot sur le palier. Ce qui compte est de ne pas transformer vous-m\u00eame une situation juridiquement discutable en entr\u00e9e &#8220;accept\u00e9e&#8221; puis en dossier aggrav\u00e9 par vos propres d\u00e9clarations.<\/p>\n<h2>7. Ce qu&#8217;il faut retenir<\/h2>\n<p>Quand la police ou la gendarmerie est \u00e0 votre porte, la premi\u00e8re question n&#8217;est pas &#8220;ai-je quelque chose \u00e0 cacher ?&#8221;<\/p>\n<p>La premi\u00e8re question est : &#8220;sur quel fondement peuvent-ils entrer ?&#8221;<\/p>\n<p>L&#8217;<a href=\"https:\/\/www.legifrance.gouv.fr\/codes\/article_lc\/LEGIARTI000039279525\">article 76 CPP<\/a> fait du consentement expr\u00e8s la r\u00e8gle en enqu\u00eate pr\u00e9liminaire, sauf autorisation du juge<sup id=\"fnref2:1\"><a class=\"footnote-ref\" href=\"#fn:1\">1<\/a><\/sup>. Les <a href=\"https:\/\/www.legifrance.gouv.fr\/codes\/article_lc\/LEGIARTI000006575016\">articles 53<\/a>, <a href=\"https:\/\/www.legifrance.gouv.fr\/codes\/article_lc\/LEGIARTI000049778813\">56<\/a> et <a href=\"https:\/\/www.legifrance.gouv.fr\/codes\/article_lc\/LEGIARTI000006575045\">59 CPP<\/a> rappellent qu&#8217;il existe aussi des hypoth\u00e8ses de flagrance, de perquisition et d&#8217;horaires l\u00e9gaux qui changent l&#8217;analyse<sup id=\"fnref2:2\"><a class=\"footnote-ref\" href=\"#fn:2\">2<\/a><\/sup><sup id=\"fnref2:3\"><a class=\"footnote-ref\" href=\"#fn:3\">3<\/a><\/sup><sup id=\"fnref2:4\"><a class=\"footnote-ref\" href=\"#fn:4\">4<\/a><\/sup>. Et l&#8217;arr\u00eat du <a href=\"https:\/\/www.courdecassation.fr\/decision\/65a629db448a370008a71fa8\">16 janvier 2024, n\u00b0 22-87.593<\/a> confirme que l&#8217;assentiment n&#8217;est pas une formalit\u00e9 vide, mais une v\u00e9ritable condition proc\u00e9durale de l&#8217;op\u00e9ration<sup id=\"fnref3:5\"><a class=\"footnote-ref\" href=\"#fn:5\">5<\/a><\/sup>.<\/p>\n<p>Le bon cap est donc simple :<\/p>\n<ul>\n<li>ne pas consentir par r\u00e9flexe ;<\/li>\n<li>ne pas r\u00e9sister physiquement ;<\/li>\n<li>et ne pas parler sur le fond avant d&#8217;avoir identifi\u00e9 le cadre exact de l&#8217;intervention.<\/li>\n<\/ul>\n<p>Pour les suites de dossier, il faut aussi repartir de Convocation en audition libre : faut-il y aller, demander un report ou garder le silence ? et de la page du cabinet d\u00e9di\u00e9e \u00e0 l&#8217;<a href=\"https:\/\/kohenavocats.com\/avocats-en-droit-penal-a-paris-conseil-et-defense-strategique\/avocats-instruction-judiciaire-paris\/\">instruction p\u00e9nale<\/a>.<\/p>\n<div class=\"footnote\">\n<hr>\n<ol>\n<li id=\"fn:1\">\n<p>Code de proc\u00e9dure p\u00e9nale, art. 76, Legifrance : <a href=\"https:\/\/www.legifrance.gouv.fr\/codes\/article_lc\/LEGIARTI000039279525&#038;#160\" rel=\"nofollow\">https:\/\/www.legifrance.gouv.fr\/codes\/article_lc\/LEGIARTI000039279525&#038;#160<\/a>;<a class=\"footnote-backref\" href=\"#fnref:1\" title=\"Jump back to footnote 1 in the text\">&#8617;<\/a><a class=\"footnote-backref\" href=\"#fnref2:1\" title=\"Jump back to footnote 1 in the text\">&#8617;<\/a><\/p>\n<\/li>\n<li id=\"fn:2\">\n<p>Code de proc\u00e9dure p\u00e9nale, art. 53, Legifrance : <a href=\"https:\/\/www.legifrance.gouv.fr\/codes\/article_lc\/LEGIARTI000006575016&#038;#160\" rel=\"nofollow\">https:\/\/www.legifrance.gouv.fr\/codes\/article_lc\/LEGIARTI000006575016&#038;#160<\/a>;<a class=\"footnote-backref\" href=\"#fnref:2\" title=\"Jump back to footnote 2 in the text\">&#8617;<\/a><a class=\"footnote-backref\" href=\"#fnref2:2\" title=\"Jump back to footnote 2 in the text\">&#8617;<\/a><\/p>\n<\/li>\n<li id=\"fn:3\">\n<p>Code de proc\u00e9dure p\u00e9nale, art. 56, Legifrance : <a href=\"https:\/\/www.legifrance.gouv.fr\/codes\/article_lc\/LEGIARTI000049778813&#038;#160\" rel=\"nofollow\">https:\/\/www.legifrance.gouv.fr\/codes\/article_lc\/LEGIARTI000049778813&#038;#160<\/a>;<a class=\"footnote-backref\" href=\"#fnref:3\" title=\"Jump back to footnote 3 in the text\">&#8617;<\/a><a class=\"footnote-backref\" href=\"#fnref2:3\" title=\"Jump back to footnote 3 in the text\">&#8617;<\/a><\/p>\n<\/li>\n<li id=\"fn:4\">\n<p>Code de proc\u00e9dure p\u00e9nale, art. 59, Legifrance : <a href=\"https:\/\/www.legifrance.gouv.fr\/codes\/article_lc\/LEGIARTI000006575045&#038;#160\" rel=\"nofollow\">https:\/\/www.legifrance.gouv.fr\/codes\/article_lc\/LEGIARTI000006575045&#038;#160<\/a>;<a class=\"footnote-backref\" href=\"#fnref:4\" title=\"Jump back to footnote 4 in the text\">&#8617;<\/a><a class=\"footnote-backref\" href=\"#fnref2:4\" title=\"Jump back to footnote 4 in the text\">&#8617;<\/a><\/p>\n<\/li>\n<li id=\"fn:5\">\n<p>Cass. crim., 16 janv. 2024, n\u00b0 22-87.593 : <a href=\"https:\/\/www.courdecassation.fr\/decision\/65a629db448a370008a71fa8&#038;#160\" rel=\"nofollow\">https:\/\/www.courdecassation.fr\/decision\/65a629db448a370008a71fa8&#038;#160<\/a>;<a class=\"footnote-backref\" href=\"#fnref:5\" title=\"Jump back to footnote 5 in the text\">&#8617;<\/a><a class=\"footnote-backref\" href=\"#fnref2:5\" title=\"Jump back to footnote 5 in the text\">&#8617;<\/a><a class=\"footnote-backref\" href=\"#fnref3:5\" title=\"Jump back to footnote 5 in the text\">&#8617;<\/a><\/p>\n<\/li>\n<li id=\"fn:6\">\n<p>Code de proc\u00e9dure p\u00e9nale, art. 57, Legifrance : <a href=\"https:\/\/www.legifrance.gouv.fr\/codes\/article_lc\/LEGIARTI000032742062&#038;#160\" rel=\"nofollow\">https:\/\/www.legifrance.gouv.fr\/codes\/article_lc\/LEGIARTI000032742062&#038;#160<\/a>;<a class=\"footnote-backref\" href=\"#fnref:6\" title=\"Jump back to footnote 6 in the text\">&#8617;<\/a><\/p>\n<\/li>\n<\/ol>\n<\/div>\n","protected":false},"excerpt":{"rendered":"<p>Police ou gendarmes a la porte : quand vous pouvez refuser l&#8217;entree, quand la flagrance ou un titre change la donne, et quoi dire sans aggraver le dossier.<\/p>\n","protected":false},"author":232070755,"featured_media":4760,"comment_status":"open","ping_status":"open","sticky":false,"template":"","format":"standard","meta":{"_crdt_document":"","_jetpack_newsletter_access":"","_jetpack_dont_email_post_to_subs":false,"_jetpack_newsletter_tier_id":0,"_jetpack_memberships_contains_paywalled_content":false,"_kj_source_type":"","_kj_official_id":"","_kj_official_url":"","_kj_judilibre_id":"","_kj_jur":"","_kj_lieu":"","_kj_chambre":"","_kj_rg":"","_kj_date":"","_jetpack_memberships_contains_paid_content":false,"footnotes":"","jetpack_post_was_ever_published":false},"categories":[6325],"tags":[],"class_list":["post-649032","post","type-post","status-publish","format-standard","has-post-thumbnail","hentry","category-non-categorise"],"yoast_head":"<!-- This site is optimized with the Yoast SEO Premium plugin v27.5 (Yoast SEO v27.5) - https:\/\/yoast.com\/product\/yoast-seo-premium-wordpress\/ -->\n<title>Police ou gendarmes \u00e0 votre porte : faut-il ouvrir s&#039;ils n&#039;ont pas de perquisition ? - Ma\u00eetre Hassan Kohen, avocat en droit p\u00e9nal \u00e0 Paris<\/title>\n<meta name=\"robots\" content=\"index, follow, max-snippet:-1, max-image-preview:large, max-video-preview:-1\" \/>\n<link rel=\"canonical\" href=\"https:\/\/kohenavocats.com\/tr\/police-gendarmes-porte-faut-il-ouvrir-sans-perquisition\/\" \/>\n<meta property=\"og:locale\" content=\"tr_TR\" \/>\n<meta property=\"og:type\" content=\"article\" \/>\n<meta property=\"og:title\" content=\"Police ou gendarmes \u00e0 votre porte : faut-il ouvrir s&#039;ils n&#039;ont pas de perquisition ?\" \/>\n<meta property=\"og:description\" content=\"Police ou gendarmes a la porte : quand vous pouvez refuser l&#039;entree, quand la flagrance ou un titre change la donne, et quoi dire sans aggraver le dossier.\" \/>\n<meta property=\"og:url\" content=\"https:\/\/kohenavocats.com\/tr\/police-gendarmes-porte-faut-il-ouvrir-sans-perquisition\/\" \/>\n<meta property=\"og:site_name\" content=\"Ma\u00eetre Hassan Kohen, avocat en droit p\u00e9nal \u00e0 Paris\" \/>\n<meta property=\"article:published_time\" content=\"2026-04-22T13:09:00+00:00\" \/>\n<meta name=\"author\" content=\"Kohen\" \/>\n<meta name=\"twitter:card\" content=\"summary_large_image\" \/>\n<meta name=\"twitter:label1\" content=\"Yazan:\" \/>\n\t<meta name=\"twitter:data1\" content=\"Kohen\" \/>\n\t<meta name=\"twitter:label2\" content=\"Tahmini okuma s\u00fcresi\" \/>\n\t<meta name=\"twitter:data2\" content=\"8 dakika\" \/>\n<script type=\"application\/ld+json\" class=\"yoast-schema-graph\">{\"@context\":\"https:\\\/\\\/schema.org\",\"@graph\":[{\"@type\":\"Article\",\"@id\":\"https:\\\/\\\/kohenavocats.com\\\/tr\\\/police-gendarmes-porte-faut-il-ouvrir-sans-perquisition\\\/#article\",\"isPartOf\":{\"@id\":\"https:\\\/\\\/kohenavocats.com\\\/tr\\\/police-gendarmes-porte-faut-il-ouvrir-sans-perquisition\\\/\"},\"author\":{\"name\":\"Kohen\",\"@id\":\"https:\\\/\\\/kohenavocats.com\\\/tr\\\/#\\\/schema\\\/person\\\/761c9ba54fa1ca84d405cef0831ff751\"},\"headline\":\"Police ou gendarmes \u00e0 votre porte : faut-il ouvrir s&#8217;ils n&#8217;ont pas de perquisition ?\",\"datePublished\":\"2026-04-22T13:09:00+00:00\",\"mainEntityOfPage\":{\"@id\":\"https:\\\/\\\/kohenavocats.com\\\/tr\\\/police-gendarmes-porte-faut-il-ouvrir-sans-perquisition\\\/\"},\"wordCount\":1660,\"commentCount\":0,\"publisher\":{\"@id\":\"https:\\\/\\\/kohenavocats.com\\\/tr\\\/#organization\"},\"image\":{\"@id\":\"https:\\\/\\\/kohenavocats.com\\\/tr\\\/police-gendarmes-porte-faut-il-ouvrir-sans-perquisition\\\/#primaryimage\"},\"thumbnailUrl\":\"https:\\\/\\\/kohenavocats.com\\\/wp-content\\\/uploads\\\/2024\\\/08\\\/sergi-design-BixD3GrTKeU-unsplash.webp\",\"articleSection\":[\"Non cat\u00e9goris\u00e9\"],\"inLanguage\":\"tr\",\"potentialAction\":[{\"@type\":\"CommentAction\",\"name\":\"Comment\",\"target\":[\"https:\\\/\\\/kohenavocats.com\\\/tr\\\/police-gendarmes-porte-faut-il-ouvrir-sans-perquisition\\\/#respond\"]}],\"citation\":\"Police ou gendarmes \u00e0 votre porte : faut-il ouvrir s&#8217;ils n&#8217;ont pas de perquisition ?\",\"about\":[{\"@type\":\"Thing\",\"name\":\"Non cat\u00e9goris\u00e9\"}],\"dateModified\":\"2026-04-22T13:09:00+00:00\",\"speakable\":{\"@type\":\"SpeakableSpecification\",\"cssSelector\":[\".article-content > p:first-of-type\"]}},{\"@type\":\"WebPage\",\"@id\":\"https:\\\/\\\/kohenavocats.com\\\/tr\\\/police-gendarmes-porte-faut-il-ouvrir-sans-perquisition\\\/\",\"url\":\"https:\\\/\\\/kohenavocats.com\\\/tr\\\/police-gendarmes-porte-faut-il-ouvrir-sans-perquisition\\\/\",\"name\":\"Police ou gendarmes \u00e0 votre porte : faut-il ouvrir s'ils n'ont pas de perquisition ? - Ma\u00eetre Hassan Kohen, avocat en droit p\u00e9nal \u00e0 Paris\",\"isPartOf\":{\"@id\":\"https:\\\/\\\/kohenavocats.com\\\/tr\\\/#website\"},\"primaryImageOfPage\":{\"@id\":\"https:\\\/\\\/kohenavocats.com\\\/tr\\\/police-gendarmes-porte-faut-il-ouvrir-sans-perquisition\\\/#primaryimage\"},\"image\":{\"@id\":\"https:\\\/\\\/kohenavocats.com\\\/tr\\\/police-gendarmes-porte-faut-il-ouvrir-sans-perquisition\\\/#primaryimage\"},\"thumbnailUrl\":\"https:\\\/\\\/kohenavocats.com\\\/wp-content\\\/uploads\\\/2024\\\/08\\\/sergi-design-BixD3GrTKeU-unsplash.webp\",\"datePublished\":\"2026-04-22T13:09:00+00:00\",\"breadcrumb\":{\"@id\":\"https:\\\/\\\/kohenavocats.com\\\/tr\\\/police-gendarmes-porte-faut-il-ouvrir-sans-perquisition\\\/#breadcrumb\"},\"inLanguage\":\"tr\",\"potentialAction\":[{\"@type\":\"ReadAction\",\"target\":[\"https:\\\/\\\/kohenavocats.com\\\/tr\\\/police-gendarmes-porte-faut-il-ouvrir-sans-perquisition\\\/\"]}]},{\"@type\":\"ImageObject\",\"inLanguage\":\"tr\",\"@id\":\"https:\\\/\\\/kohenavocats.com\\\/tr\\\/police-gendarmes-porte-faut-il-ouvrir-sans-perquisition\\\/#primaryimage\",\"url\":\"https:\\\/\\\/kohenavocats.com\\\/wp-content\\\/uploads\\\/2024\\\/08\\\/sergi-design-BixD3GrTKeU-unsplash.webp\",\"contentUrl\":\"https:\\\/\\\/kohenavocats.com\\\/wp-content\\\/uploads\\\/2024\\\/08\\\/sergi-design-BixD3GrTKeU-unsplash.webp\",\"width\":5160,\"height\":2903},{\"@type\":\"BreadcrumbList\",\"@id\":\"https:\\\/\\\/kohenavocats.com\\\/tr\\\/police-gendarmes-porte-faut-il-ouvrir-sans-perquisition\\\/#breadcrumb\",\"itemListElement\":[{\"@type\":\"ListItem\",\"position\":1,\"name\":\"Home\",\"item\":\"https:\\\/\\\/kohenavocats.com\\\/tr\\\/avocats-en-droit-penal-a-paris-conseil-et-defense-strategique\\\/\"},{\"@type\":\"ListItem\",\"position\":2,\"name\":\"Police ou gendarmes \u00e0 votre porte : faut-il ouvrir s&rsquo;ils n&rsquo;ont pas de perquisition ?\"}]},{\"@type\":\"WebSite\",\"@id\":\"https:\\\/\\\/kohenavocats.com\\\/tr\\\/#website\",\"url\":\"https:\\\/\\\/kohenavocats.com\\\/tr\\\/\",\"name\":\"Kohen Avocats\",\"description\":\"Ma\u00eetre Hassan Kohen, avocat p\u00e9naliste \u00e0 Paris, intervient exclusivement en droit p\u00e9nal pour la d\u00e9fense des particuliers, notamment en mati\u00e8re d\u2019accusations de viol. Il assure un accompagnement rigoureux d\u00e8s la garde \u00e0 vue jusqu\u2019\u00e0 la Cour d\u2019assises, veillant au strict respect des garanties proc\u00e9durales.\",\"publisher\":{\"@id\":\"https:\\\/\\\/kohenavocats.com\\\/tr\\\/#organization\"},\"potentialAction\":[{\"@type\":\"SearchAction\",\"target\":{\"@type\":\"EntryPoint\",\"urlTemplate\":\"https:\\\/\\\/kohenavocats.com\\\/tr\\\/?s={search_term_string}\"},\"query-input\":{\"@type\":\"PropertyValueSpecification\",\"valueRequired\":true,\"valueName\":\"search_term_string\"}}],\"inLanguage\":\"tr\"},{\"@type\":\"Organization\",\"@id\":\"https:\\\/\\\/kohenavocats.com\\\/tr\\\/#organization\",\"name\":\"Kohen Avocats\",\"url\":\"https:\\\/\\\/kohenavocats.com\\\/tr\\\/\",\"logo\":{\"@type\":\"ImageObject\",\"inLanguage\":\"tr\",\"@id\":\"https:\\\/\\\/kohenavocats.com\\\/tr\\\/#\\\/schema\\\/logo\\\/image\\\/\",\"url\":\"https:\\\/\\\/kohenavocats.com\\\/wp-content\\\/uploads\\\/2026\\\/01\\\/Logo-2-1.webp\",\"contentUrl\":\"https:\\\/\\\/kohenavocats.com\\\/wp-content\\\/uploads\\\/2026\\\/01\\\/Logo-2-1.webp\",\"width\":2114,\"height\":1253,\"caption\":\"Kohen Avocats\"},\"image\":{\"@id\":\"https:\\\/\\\/kohenavocats.com\\\/tr\\\/#\\\/schema\\\/logo\\\/image\\\/\"}},{\"@type\":\"Person\",\"@id\":\"https:\\\/\\\/kohenavocats.com\\\/tr\\\/#\\\/schema\\\/person\\\/761c9ba54fa1ca84d405cef0831ff751\",\"name\":\"Kohen\",\"image\":{\"@type\":\"ImageObject\",\"inLanguage\":\"tr\",\"@id\":\"https:\\\/\\\/secure.gravatar.com\\\/avatar\\\/1c5e76ef76bbbfdd2b4da984e2bf2fa4056fd51a27d25ce2c332047f1dfd6e00?s=96&d=identicon&r=g\",\"url\":\"https:\\\/\\\/secure.gravatar.com\\\/avatar\\\/1c5e76ef76bbbfdd2b4da984e2bf2fa4056fd51a27d25ce2c332047f1dfd6e00?s=96&d=identicon&r=g\",\"contentUrl\":\"https:\\\/\\\/secure.gravatar.com\\\/avatar\\\/1c5e76ef76bbbfdd2b4da984e2bf2fa4056fd51a27d25ce2c332047f1dfd6e00?s=96&d=identicon&r=g\",\"caption\":\"Kohen\"},\"sameAs\":[\"https:\\\/\\\/www.linkedin.com\\\/in\\\/hassan-kohen-448548192\\\/\",\"https:\\\/\\\/www.youtube.com\\\/@Kohen-Avocats\"],\"url\":\"https:\\\/\\\/kohenavocats.com\\\/tr\\\/author\\\/kohenmlk\\\/\"}]}<\/script>\n<!-- \/ Yoast SEO Premium plugin. -->","yoast_head_json":{"title":"Police ou gendarmes \u00e0 votre porte : faut-il ouvrir s'ils n'ont pas de perquisition ? - Ma\u00eetre Hassan Kohen, avocat en droit p\u00e9nal \u00e0 Paris","robots":{"index":"index","follow":"follow","max-snippet":"max-snippet:-1","max-image-preview":"max-image-preview:large","max-video-preview":"max-video-preview:-1"},"canonical":"https:\/\/kohenavocats.com\/tr\/police-gendarmes-porte-faut-il-ouvrir-sans-perquisition\/","og_locale":"tr_TR","og_type":"article","og_title":"Police ou gendarmes \u00e0 votre porte : faut-il ouvrir s'ils n'ont pas de perquisition ?","og_description":"Police ou gendarmes a la porte : quand vous pouvez refuser l'entree, quand la flagrance ou un titre change la donne, et quoi dire sans aggraver le dossier.","og_url":"https:\/\/kohenavocats.com\/tr\/police-gendarmes-porte-faut-il-ouvrir-sans-perquisition\/","og_site_name":"Ma\u00eetre Hassan Kohen, avocat en droit p\u00e9nal \u00e0 Paris","article_published_time":"2026-04-22T13:09:00+00:00","author":"Kohen","twitter_card":"summary_large_image","twitter_misc":{"Yazan:":"Kohen","Tahmini okuma s\u00fcresi":"8 dakika"},"schema":{"@context":"https:\/\/schema.org","@graph":[{"@type":"Article","@id":"https:\/\/kohenavocats.com\/tr\/police-gendarmes-porte-faut-il-ouvrir-sans-perquisition\/#article","isPartOf":{"@id":"https:\/\/kohenavocats.com\/tr\/police-gendarmes-porte-faut-il-ouvrir-sans-perquisition\/"},"author":{"name":"Kohen","@id":"https:\/\/kohenavocats.com\/tr\/#\/schema\/person\/761c9ba54fa1ca84d405cef0831ff751"},"headline":"Police ou gendarmes \u00e0 votre porte : faut-il ouvrir s&#8217;ils n&#8217;ont pas de perquisition ?","datePublished":"2026-04-22T13:09:00+00:00","mainEntityOfPage":{"@id":"https:\/\/kohenavocats.com\/tr\/police-gendarmes-porte-faut-il-ouvrir-sans-perquisition\/"},"wordCount":1660,"commentCount":0,"publisher":{"@id":"https:\/\/kohenavocats.com\/tr\/#organization"},"image":{"@id":"https:\/\/kohenavocats.com\/tr\/police-gendarmes-porte-faut-il-ouvrir-sans-perquisition\/#primaryimage"},"thumbnailUrl":"https:\/\/kohenavocats.com\/wp-content\/uploads\/2024\/08\/sergi-design-BixD3GrTKeU-unsplash.webp","articleSection":["Non cat\u00e9goris\u00e9"],"inLanguage":"tr","potentialAction":[{"@type":"CommentAction","name":"Comment","target":["https:\/\/kohenavocats.com\/tr\/police-gendarmes-porte-faut-il-ouvrir-sans-perquisition\/#respond"]}],"citation":"Police ou gendarmes \u00e0 votre porte : faut-il ouvrir s&#8217;ils n&#8217;ont pas de perquisition ?","about":[{"@type":"Thing","name":"Non cat\u00e9goris\u00e9"}],"dateModified":"2026-04-22T13:09:00+00:00","speakable":{"@type":"SpeakableSpecification","cssSelector":[".article-content > p:first-of-type"]}},{"@type":"WebPage","@id":"https:\/\/kohenavocats.com\/tr\/police-gendarmes-porte-faut-il-ouvrir-sans-perquisition\/","url":"https:\/\/kohenavocats.com\/tr\/police-gendarmes-porte-faut-il-ouvrir-sans-perquisition\/","name":"Police ou gendarmes \u00e0 votre porte : faut-il ouvrir s'ils n'ont pas de perquisition ? - Ma\u00eetre Hassan Kohen, avocat en droit p\u00e9nal \u00e0 Paris","isPartOf":{"@id":"https:\/\/kohenavocats.com\/tr\/#website"},"primaryImageOfPage":{"@id":"https:\/\/kohenavocats.com\/tr\/police-gendarmes-porte-faut-il-ouvrir-sans-perquisition\/#primaryimage"},"image":{"@id":"https:\/\/kohenavocats.com\/tr\/police-gendarmes-porte-faut-il-ouvrir-sans-perquisition\/#primaryimage"},"thumbnailUrl":"https:\/\/kohenavocats.com\/wp-content\/uploads\/2024\/08\/sergi-design-BixD3GrTKeU-unsplash.webp","datePublished":"2026-04-22T13:09:00+00:00","breadcrumb":{"@id":"https:\/\/kohenavocats.com\/tr\/police-gendarmes-porte-faut-il-ouvrir-sans-perquisition\/#breadcrumb"},"inLanguage":"tr","potentialAction":[{"@type":"ReadAction","target":["https:\/\/kohenavocats.com\/tr\/police-gendarmes-porte-faut-il-ouvrir-sans-perquisition\/"]}]},{"@type":"ImageObject","inLanguage":"tr","@id":"https:\/\/kohenavocats.com\/tr\/police-gendarmes-porte-faut-il-ouvrir-sans-perquisition\/#primaryimage","url":"https:\/\/kohenavocats.com\/wp-content\/uploads\/2024\/08\/sergi-design-BixD3GrTKeU-unsplash.webp","contentUrl":"https:\/\/kohenavocats.com\/wp-content\/uploads\/2024\/08\/sergi-design-BixD3GrTKeU-unsplash.webp","width":5160,"height":2903},{"@type":"BreadcrumbList","@id":"https:\/\/kohenavocats.com\/tr\/police-gendarmes-porte-faut-il-ouvrir-sans-perquisition\/#breadcrumb","itemListElement":[{"@type":"ListItem","position":1,"name":"Home","item":"https:\/\/kohenavocats.com\/tr\/avocats-en-droit-penal-a-paris-conseil-et-defense-strategique\/"},{"@type":"ListItem","position":2,"name":"Police ou gendarmes \u00e0 votre porte : faut-il ouvrir s&rsquo;ils n&rsquo;ont pas de perquisition ?"}]},{"@type":"WebSite","@id":"https:\/\/kohenavocats.com\/tr\/#website","url":"https:\/\/kohenavocats.com\/tr\/","name":"Kohen Avocats","description":"Ma\u00eetre Hassan Kohen, avocat p\u00e9naliste \u00e0 Paris, intervient exclusivement en droit p\u00e9nal pour la d\u00e9fense des particuliers, notamment en mati\u00e8re d\u2019accusations de viol. Il assure un accompagnement rigoureux d\u00e8s la garde \u00e0 vue jusqu\u2019\u00e0 la Cour d\u2019assises, veillant au strict respect des garanties proc\u00e9durales.","publisher":{"@id":"https:\/\/kohenavocats.com\/tr\/#organization"},"potentialAction":[{"@type":"SearchAction","target":{"@type":"EntryPoint","urlTemplate":"https:\/\/kohenavocats.com\/tr\/?s={search_term_string}"},"query-input":{"@type":"PropertyValueSpecification","valueRequired":true,"valueName":"search_term_string"}}],"inLanguage":"tr"},{"@type":"Organization","@id":"https:\/\/kohenavocats.com\/tr\/#organization","name":"Kohen Avocats","url":"https:\/\/kohenavocats.com\/tr\/","logo":{"@type":"ImageObject","inLanguage":"tr","@id":"https:\/\/kohenavocats.com\/tr\/#\/schema\/logo\/image\/","url":"https:\/\/kohenavocats.com\/wp-content\/uploads\/2026\/01\/Logo-2-1.webp","contentUrl":"https:\/\/kohenavocats.com\/wp-content\/uploads\/2026\/01\/Logo-2-1.webp","width":2114,"height":1253,"caption":"Kohen Avocats"},"image":{"@id":"https:\/\/kohenavocats.com\/tr\/#\/schema\/logo\/image\/"}},{"@type":"Person","@id":"https:\/\/kohenavocats.com\/tr\/#\/schema\/person\/761c9ba54fa1ca84d405cef0831ff751","name":"Kohen","image":{"@type":"ImageObject","inLanguage":"tr","@id":"https:\/\/secure.gravatar.com\/avatar\/1c5e76ef76bbbfdd2b4da984e2bf2fa4056fd51a27d25ce2c332047f1dfd6e00?s=96&d=identicon&r=g","url":"https:\/\/secure.gravatar.com\/avatar\/1c5e76ef76bbbfdd2b4da984e2bf2fa4056fd51a27d25ce2c332047f1dfd6e00?s=96&d=identicon&r=g","contentUrl":"https:\/\/secure.gravatar.com\/avatar\/1c5e76ef76bbbfdd2b4da984e2bf2fa4056fd51a27d25ce2c332047f1dfd6e00?s=96&d=identicon&r=g","caption":"Kohen"},"sameAs":["https:\/\/www.linkedin.com\/in\/hassan-kohen-448548192\/","https:\/\/www.youtube.com\/@Kohen-Avocats"],"url":"https:\/\/kohenavocats.com\/tr\/author\/kohenmlk\/"}]}},"jetpack_featured_media_url":"https:\/\/kohenavocats.com\/wp-content\/uploads\/2024\/08\/sergi-design-BixD3GrTKeU-unsplash.webp","jetpack_likes_enabled":false,"jetpack_shortlink":"https:\/\/wp.me\/peCrII-2IQg","jetpack-related-posts":[{"id":648503,"url":"https:\/\/kohenavocats.com\/tr\/perquisition-penale-domicile-bureau-que-faire-arrivee-enqueteurs\/","url_meta":{"origin":649032,"position":0},"title":"Perquisition p\u00e9nale \u00e0 domicile ou au bureau : que faire pendant l&#8217;arriv\u00e9e des enqu\u00eateurs ?","author":"Kohen","date":"22 Nisan 2026","format":false,"excerpt":"Perquisition a domicile ou au bureau : cadre legal, presence, scelles, telephone, ordinateur et bons reflexes pendant l'arrivee des enqueteurs.","rel":"","context":"&quot;Non cat\u00e9goris\u00e9&quot; i\u00e7inde","block_context":{"text":"Non cat\u00e9goris\u00e9","link":"https:\/\/kohenavocats.com\/category\/non-categorise\/"},"img":{"alt_text":"","src":"https:\/\/i0.wp.com\/kohenavocats.com\/wp-content\/uploads\/2024\/11\/n-c-gNefKC_WWXM-unsplash.webp?resize=350%2C200&ssl=1","width":350,"height":200,"srcset":"https:\/\/i0.wp.com\/kohenavocats.com\/wp-content\/uploads\/2024\/11\/n-c-gNefKC_WWXM-unsplash.webp?resize=350%2C200&ssl=1 1x, https:\/\/i0.wp.com\/kohenavocats.com\/wp-content\/uploads\/2024\/11\/n-c-gNefKC_WWXM-unsplash.webp?resize=525%2C300&ssl=1 1.5x, https:\/\/i0.wp.com\/kohenavocats.com\/wp-content\/uploads\/2024\/11\/n-c-gNefKC_WWXM-unsplash.webp?resize=700%2C400&ssl=1 2x, https:\/\/i0.wp.com\/kohenavocats.com\/wp-content\/uploads\/2024\/11\/n-c-gNefKC_WWXM-unsplash.webp?resize=1050%2C600&ssl=1 3x, https:\/\/i0.wp.com\/kohenavocats.com\/wp-content\/uploads\/2024\/11\/n-c-gNefKC_WWXM-unsplash.webp?resize=1400%2C800&ssl=1 4x"},"classes":[]},{"id":605163,"url":"https:\/\/kohenavocats.com\/tr\/accuse-a-tort-agression-sexuelle-attouchement-que-faire-convocation-audition-garde-a-vue\/","url_meta":{"origin":649032,"position":1},"title":"Accus\u00e9 \u00e0 tort d&#8217;agression sexuelle ou d&#8217;attouchement : que faire d\u00e8s la convocation, l&#8217;audition libre ou la garde \u00e0 vue ?","author":"Kohen","date":"19 Nisan 2026","format":false,"excerpt":"\u00catre accus\u00e9 \u00e0 tort d'agression sexuelle ou d'attouchement impose une r\u00e9action proc\u00e9durale imm\u00e9diate. Convocation, audition libre, garde \u00e0 vue, droit au silence, avocat, conservation des preuves et d\u00e9nonciation calomnieuse : guide strat\u00e9gique.","rel":"","context":"&quot;Non cat\u00e9goris\u00e9&quot; i\u00e7inde","block_context":{"text":"Non cat\u00e9goris\u00e9","link":"https:\/\/kohenavocats.com\/category\/non-categorise\/"},"img":{"alt_text":"","src":"https:\/\/i0.wp.com\/kohenavocats.com\/wp-content\/uploads\/2024\/08\/kreshen-iMSeWtfaDmM-unsplash.webp?resize=350%2C200&ssl=1","width":350,"height":200,"srcset":"https:\/\/i0.wp.com\/kohenavocats.com\/wp-content\/uploads\/2024\/08\/kreshen-iMSeWtfaDmM-unsplash.webp?resize=350%2C200&ssl=1 1x, https:\/\/i0.wp.com\/kohenavocats.com\/wp-content\/uploads\/2024\/08\/kreshen-iMSeWtfaDmM-unsplash.webp?resize=525%2C300&ssl=1 1.5x, https:\/\/i0.wp.com\/kohenavocats.com\/wp-content\/uploads\/2024\/08\/kreshen-iMSeWtfaDmM-unsplash.webp?resize=700%2C400&ssl=1 2x, https:\/\/i0.wp.com\/kohenavocats.com\/wp-content\/uploads\/2024\/08\/kreshen-iMSeWtfaDmM-unsplash.webp?resize=1050%2C600&ssl=1 3x, https:\/\/i0.wp.com\/kohenavocats.com\/wp-content\/uploads\/2024\/08\/kreshen-iMSeWtfaDmM-unsplash.webp?resize=1400%2C800&ssl=1 4x"},"classes":[]},{"id":661399,"url":"https:\/\/kohenavocats.com\/tr\/audition-temoin-commissariat-paris-ile-de-france-service-parquet-report-bascule\/","url_meta":{"origin":649032,"position":2},"title":"Audition de t\u00e9moin au commissariat \u00e0 Paris et en \u00cele-de-France : quel service, quel parquet de ressort et que faire si l&#8217;audition bascule ?","author":"Kohen","date":"23 Nisan 2026","format":false,"excerpt":"\u00c0 Paris et en \u00cele-de-France, une convocation de t\u00e9moin au commissariat impose d'identifier le bon service, le parquet de ressort, les d\u00e9lais de r\u00e9action et les pi\u00e8ces \u00e0 pr\u00e9parer.","rel":"","context":"&quot;Non cat\u00e9goris\u00e9&quot; i\u00e7inde","block_context":{"text":"Non cat\u00e9goris\u00e9","link":"https:\/\/kohenavocats.com\/category\/non-categorise\/"},"img":{"alt_text":"","src":"https:\/\/i0.wp.com\/kohenavocats.com\/wp-content\/uploads\/2024\/08\/pascal-bernardon-bUC0D8FFwAA-unsplash.webp?resize=350%2C200&ssl=1","width":350,"height":200,"srcset":"https:\/\/i0.wp.com\/kohenavocats.com\/wp-content\/uploads\/2024\/08\/pascal-bernardon-bUC0D8FFwAA-unsplash.webp?resize=350%2C200&ssl=1 1x, https:\/\/i0.wp.com\/kohenavocats.com\/wp-content\/uploads\/2024\/08\/pascal-bernardon-bUC0D8FFwAA-unsplash.webp?resize=525%2C300&ssl=1 1.5x, https:\/\/i0.wp.com\/kohenavocats.com\/wp-content\/uploads\/2024\/08\/pascal-bernardon-bUC0D8FFwAA-unsplash.webp?resize=700%2C400&ssl=1 2x, https:\/\/i0.wp.com\/kohenavocats.com\/wp-content\/uploads\/2024\/08\/pascal-bernardon-bUC0D8FFwAA-unsplash.webp?resize=1050%2C600&ssl=1 3x, https:\/\/i0.wp.com\/kohenavocats.com\/wp-content\/uploads\/2024\/08\/pascal-bernardon-bUC0D8FFwAA-unsplash.webp?resize=1400%2C800&ssl=1 4x"},"classes":[]},{"id":628093,"url":"https:\/\/kohenavocats.com\/tr\/apres-audition-libre-garde-a-vue-delai-decision-parquet\/","url_meta":{"origin":649032,"position":3},"title":"Apr\u00e8s une audition libre ou une garde \u00e0 vue : combien de temps avant de savoir si vous serez poursuivi ?","author":"Kohen","date":"20 Nisan 2026","format":false,"excerpt":"Apr\u00e8s une audition libre ou une garde \u00e0 vue, il n'existe pas de d\u00e9lai court uniforme pour savoir si le parquet poursuivra. D\u00e9lais de l'enqu\u00eate pr\u00e9liminaire, article 77-2 CPP et r\u00e9flexes utiles.","rel":"","context":"&quot;Non cat\u00e9goris\u00e9&quot; i\u00e7inde","block_context":{"text":"Non cat\u00e9goris\u00e9","link":"https:\/\/kohenavocats.com\/category\/non-categorise\/"},"img":{"alt_text":"","src":"https:\/\/i0.wp.com\/kohenavocats.com\/wp-content\/uploads\/2024\/11\/viktor-forgacs-5j8nd3QpRbo-unsplash.webp?resize=350%2C200&ssl=1","width":350,"height":200,"srcset":"https:\/\/i0.wp.com\/kohenavocats.com\/wp-content\/uploads\/2024\/11\/viktor-forgacs-5j8nd3QpRbo-unsplash.webp?resize=350%2C200&ssl=1 1x, https:\/\/i0.wp.com\/kohenavocats.com\/wp-content\/uploads\/2024\/11\/viktor-forgacs-5j8nd3QpRbo-unsplash.webp?resize=525%2C300&ssl=1 1.5x, https:\/\/i0.wp.com\/kohenavocats.com\/wp-content\/uploads\/2024\/11\/viktor-forgacs-5j8nd3QpRbo-unsplash.webp?resize=700%2C400&ssl=1 2x, https:\/\/i0.wp.com\/kohenavocats.com\/wp-content\/uploads\/2024\/11\/viktor-forgacs-5j8nd3QpRbo-unsplash.webp?resize=1050%2C600&ssl=1 3x, https:\/\/i0.wp.com\/kohenavocats.com\/wp-content\/uploads\/2024\/11\/viktor-forgacs-5j8nd3QpRbo-unsplash.webp?resize=1400%2C800&ssl=1 4x"},"classes":[]},{"id":661400,"url":"https:\/\/kohenavocats.com\/tr\/audition-temoin-commissariat-lettre-recommandee-droits-bascule-avocat\/","url_meta":{"origin":649032,"position":4},"title":"Audition de t\u00e9moin au commissariat : faut-il y aller, peut-on venir avec un avocat, et que faire si l&#8217;audition bascule ?","author":"Kohen","date":"23 Nisan 2026","format":false,"excerpt":"Convocation comme t\u00e9moin au commissariat : faut-il compara\u00eetre, demander un report, venir avec un avocat, et que faire si l'audition bascule vers le soup\u00e7on ?","rel":"","context":"&quot;D\u00e9cryptage&quot; i\u00e7inde","block_context":{"text":"D\u00e9cryptage","link":"https:\/\/kohenavocats.com\/category\/decryptage\/"},"img":{"alt_text":"","src":"https:\/\/i0.wp.com\/kohenavocats.com\/wp-content\/uploads\/2024\/11\/planet-volumes-C3xYPsybD0U-unsplash.webp?resize=350%2C200&ssl=1","width":350,"height":200,"srcset":"https:\/\/i0.wp.com\/kohenavocats.com\/wp-content\/uploads\/2024\/11\/planet-volumes-C3xYPsybD0U-unsplash.webp?resize=350%2C200&ssl=1 1x, https:\/\/i0.wp.com\/kohenavocats.com\/wp-content\/uploads\/2024\/11\/planet-volumes-C3xYPsybD0U-unsplash.webp?resize=525%2C300&ssl=1 1.5x, https:\/\/i0.wp.com\/kohenavocats.com\/wp-content\/uploads\/2024\/11\/planet-volumes-C3xYPsybD0U-unsplash.webp?resize=700%2C400&ssl=1 2x, https:\/\/i0.wp.com\/kohenavocats.com\/wp-content\/uploads\/2024\/11\/planet-volumes-C3xYPsybD0U-unsplash.webp?resize=1050%2C600&ssl=1 3x, https:\/\/i0.wp.com\/kohenavocats.com\/wp-content\/uploads\/2024\/11\/planet-volumes-C3xYPsybD0U-unsplash.webp?resize=1400%2C800&ssl=1 4x"},"classes":[]},{"id":205460,"url":"https:\/\/kohenavocats.com\/tr\/code-transports-article-l1621-8\/","url_meta":{"origin":649032,"position":5},"title":"Article L1621-8 &#8211; Code des transports","author":"Kohen","date":"22 Aral\u0131k 2025","format":false,"excerpt":"Article L1621-8 du Code des transports D\u00e9finition et application par la jurisprudence Texte de loi Article L1621-8 Un d\u00e9cret en Conseil d'Etat fixe les conditions de commissionnement des enqu\u00eateurs techniques des enqu\u00eateurs de s\u00e9curit\u00e9 et des personnes charg\u00e9es des enqu\u00eates, les conditions d'agr\u00e9ment des enqu\u00eateurs de premi\u00e8re information et les\u2026","rel":"","context":"&quot;Code des transports&quot; i\u00e7inde","block_context":{"text":"Code des transports","link":"https:\/\/kohenavocats.com\/category\/code-des-transports\/"},"img":{"alt_text":"","src":"https:\/\/i0.wp.com\/kohenavocats.com\/wp-content\/uploads\/2024\/11\/laura-adai-KfphgU3nUqQ-unsplash.webp?resize=350%2C200&ssl=1","width":350,"height":200,"srcset":"https:\/\/i0.wp.com\/kohenavocats.com\/wp-content\/uploads\/2024\/11\/laura-adai-KfphgU3nUqQ-unsplash.webp?resize=350%2C200&ssl=1 1x, https:\/\/i0.wp.com\/kohenavocats.com\/wp-content\/uploads\/2024\/11\/laura-adai-KfphgU3nUqQ-unsplash.webp?resize=525%2C300&ssl=1 1.5x, https:\/\/i0.wp.com\/kohenavocats.com\/wp-content\/uploads\/2024\/11\/laura-adai-KfphgU3nUqQ-unsplash.webp?resize=700%2C400&ssl=1 2x, https:\/\/i0.wp.com\/kohenavocats.com\/wp-content\/uploads\/2024\/11\/laura-adai-KfphgU3nUqQ-unsplash.webp?resize=1050%2C600&ssl=1 3x, https:\/\/i0.wp.com\/kohenavocats.com\/wp-content\/uploads\/2024\/11\/laura-adai-KfphgU3nUqQ-unsplash.webp?resize=1400%2C800&ssl=1 4x"},"classes":[]}],"jetpack_sharing_enabled":true,"_links":{"self":[{"href":"https:\/\/kohenavocats.com\/tr\/wp-json\/wp\/v2\/posts\/649032","targetHints":{"allow":["GET"]}}],"collection":[{"href":"https:\/\/kohenavocats.com\/tr\/wp-json\/wp\/v2\/posts"}],"about":[{"href":"https:\/\/kohenavocats.com\/tr\/wp-json\/wp\/v2\/types\/post"}],"author":[{"embeddable":true,"href":"https:\/\/kohenavocats.com\/tr\/wp-json\/wp\/v2\/users\/232070755"}],"replies":[{"embeddable":true,"href":"https:\/\/kohenavocats.com\/tr\/wp-json\/wp\/v2\/comments?post=649032"}],"version-history":[{"count":0,"href":"https:\/\/kohenavocats.com\/tr\/wp-json\/wp\/v2\/posts\/649032\/revisions"}],"wp:featuredmedia":[{"embeddable":true,"href":"https:\/\/kohenavocats.com\/tr\/wp-json\/wp\/v2\/media\/4760"}],"wp:attachment":[{"href":"https:\/\/kohenavocats.com\/tr\/wp-json\/wp\/v2\/media?parent=649032"}],"wp:term":[{"taxonomy":"category","embeddable":true,"href":"https:\/\/kohenavocats.com\/tr\/wp-json\/wp\/v2\/categories?post=649032"},{"taxonomy":"post_tag","embeddable":true,"href":"https:\/\/kohenavocats.com\/tr\/wp-json\/wp\/v2\/tags?post=649032"}],"curies":[{"name":"wp","href":"https:\/\/api.w.org\/{rel}","templated":true}]}}