{"id":649319,"date":"2026-04-22T15:48:08","date_gmt":"2026-04-22T13:48:08","guid":{"rendered":"https:\/\/kohenavocats.com\/cour-dappel-de-nimes-le-3-juillet-2025-n25-01577\/"},"modified":"2026-04-22T15:48:08","modified_gmt":"2026-04-22T13:48:08","slug":"cour-dappel-de-nimes-le-3-juillet-2025-n25-01577","status":"publish","type":"post","link":"https:\/\/kohenavocats.com\/tr\/cour-dappel-de-nimes-le-3-juillet-2025-n25-01577\/","title":{"rendered":"Cour d&#8217;appel de N\u00eemes, le 3 juillet 2025, n\u00b025\/01577"},"content":{"rendered":"<div class=\"article-content\">\n<p>La cour d&#8217;appel de N\u00eemes, statuant le 3 juillet 2025, examine un litige n\u00e9 en proc\u00e9dure collective. Le juge commissaire avait relev\u00e9 une contestation s\u00e9rieuse sur une cr\u00e9ance et renvoy\u00e9 son examen au tribunal judiciaire. Saisi d&#8217;une fin de non-recevoir tir\u00e9e de la prescription, le juge de la mise en \u00e9tat s&#8217;est d\u00e9clar\u00e9 incomp\u00e9tent. La cour d&#8217;appel doit d\u00e9terminer le juge comp\u00e9tent pour statuer sur cette exception de prescription dans ce contexte proc\u00e9dural sp\u00e9cifique. Elle infirme l&#8217;ordonnance attaqu\u00e9e et renvoie l&#8217;affaire devant le juge de la mise en \u00e9tat.<\/p>\n<p>La comp\u00e9tence du juge de la mise en \u00e9tat pour les fins de non-recevoir<\/p>\n<p>Le renvoi par le juge commissaire limite l&#8217;objet du litige soumis au tribunal. Le juge commissaire a estim\u00e9 qu&#8217;une contestation s\u00e9rieuse existait sur la cause des versements litigieux. Il a en cons\u00e9quence sursis \u00e0 statuer sur l&#8217;admission de la cr\u00e9ance jusqu&#8217;au r\u00e8glement de cette contestation. Le renvoi op\u00e9r\u00e9 ne portait que sur cette difficult\u00e9 pr\u00e9cise identifi\u00e9e comme s\u00e9rieuse. Le juge commissaire conservait ainsi son pouvoir g\u00e9n\u00e9ral d&#8217;admission ou de rejet des cr\u00e9ances. Cette analyse respecte la lettre de l&#8217;ordonnance du juge commissaire et la logique du partage des comp\u00e9tences. Elle pr\u00e9serve l&#8217;autorit\u00e9 du juge commissaire dans le cadre de la proc\u00e9dure collective.<\/p>\n<p>Le juge judiciaire saisi doit cependant exercer pleinement sa juridiction contentieuse. La cour rappelle que le juge de la mise en \u00e9tat est seul comp\u00e9tent pour trancher les questions de fins de non-recevoir. &#8220;Etant rappel\u00e9 que le juge de la mise en \u00e9tat est seul comp\u00e9tent pour trancher la question des fins de non-recevoir par application de l&#8217;article 789&#8221; (Motifs). L&#8217;exception de prescription, pouvant \u00eatre propos\u00e9e en tout \u00e9tat de cause, rel\u00e8ve donc de son office. Le tribunal saisi d&#8217;une contestation s\u00e9rieuse doit pouvoir examiner tous les moyens pertinents pour la trancher. Cette solution \u00e9vite un morcellement proc\u00e9dural et une n\u00e9gation des droits de la d\u00e9fense. Elle assure une administration efficace de la justice devant la juridiction de renvoi.<\/p>\n<p>La port\u00e9e du renvoi en cas de contestation s\u00e9rieuse en proc\u00e9dure collective<\/p>\n<p>Le partage des r\u00f4les entre juge commissaire et juge du contentieux est strictement encadr\u00e9. Selon l&#8217;article L.624-2 du code de commerce, le juge-commissaire statue en l&#8217;absence de contestation s\u00e9rieuse. Lorsqu&#8217;une telle contestation existe, il doit surseoir \u00e0 statuer jusqu&#8217;\u00e0 ce qu&#8217;elle soit tranch\u00e9e par le juge comp\u00e9tent. &#8220;Lorsque le juge-commissaire d\u00e9cide, comme en l&#8217;esp\u00e8ce, qu&#8217;il y a contestation s\u00e9rieuse, il doit surseoir \u00e0 statuer jusqu&#8217;\u00e0 ce que la contestation soit tranch\u00e9e&#8221; (Motifs). Cette disposition organise une collaboration proc\u00e9durale entre les deux juges. Elle garantit que les difficult\u00e9s complexes soient r\u00e9solues par le juge ad\u00e9quat.<\/p>\n<p>La cour pr\u00e9cise les cons\u00e9quences de ce renvoi sur l&#8217;\u00e9tendue du pouvoir du juge saisi. Le juge du contentieux doit trancher int\u00e9gralement la contestation s\u00e9rieuse qui lui est soumise. &#8220;Puis les parties reviennent devant le juge commissaire qui admettra ou rejettera la cr\u00e9ance, le juge apte \u00e0 trrancher la contestation s\u00e9rieuse ne devant pas statuer sur l&#8217;admission de la cr\u00e9ance&#8221; (Motifs). Le juge commissaire ne reprend son office qu&#8217;apr\u00e8s cette d\u00e9cision sur le point litigieux. Cette interpr\u00e9tation assure une s\u00e9curit\u00e9 juridique et une clart\u00e9 dans le d\u00e9roulement de la proc\u00e9dure. Elle \u00e9vite tout chevauchement ou contradiction entre les d\u00e9cisions des deux autorit\u00e9s.<\/p>\n<p>Cette d\u00e9cision clarifie le dialogue des juges en mati\u00e8re de cr\u00e9ances contest\u00e9es. Elle affirme la comp\u00e9tence pleine du juge de la mise en \u00e9tat pour examiner les exceptions. La solution pr\u00e9serve l&#8217;efficacit\u00e9 du traitement collectif des cr\u00e9ances tout en garantissant les droits de la d\u00e9fense. Elle rappelle l&#8217;importance d&#8217;une interpr\u00e9tation stricte des ordonnances de renvoi du juge commissaire. Cette jurisprudence offre ainsi un cadre proc\u00e9dural pr\u00e9visible pour les praticiens du droit des entreprises en difficult\u00e9.<\/p>\n<\/div>\n","protected":false},"excerpt":{"rendered":"<p>La cour d&#8217;appel de N\u00eemes, statuant le 3 juillet 2025, examine un litige n\u00e9 en proc\u00e9dure collective. Le juge commissaire avait relev\u00e9 une contestation s\u00e9rieus&#8230;<\/p>\n","protected":false},"author":232070755,"featured_media":9670,"comment_status":"open","ping_status":"open","sticky":false,"template":"","format":"standard","meta":{"_crdt_document":"","_jetpack_newsletter_access":"","_jetpack_dont_email_post_to_subs":false,"_jetpack_newsletter_tier_id":0,"_jetpack_memberships_contains_paywalled_content":false,"_jetpack_memberships_contains_paid_content":false,"footnotes":"","jetpack_post_was_ever_published":false},"categories":[7597],"tags":[],"class_list":["post-649319","post","type-post","status-publish","format-standard","has-post-thumbnail","hentry","category-jurisprudence"],"yoast_head":"<!-- This site is optimized with the Yoast SEO Premium plugin v27.4 (Yoast SEO v27.4) - https:\/\/yoast.com\/product\/yoast-seo-premium-wordpress\/ -->\n<title>Cour d&#039;appel de N\u00eemes, le 3 juillet 2025, n\u00b025\/01577 - Ma\u00eetre Hassan Kohen, avocat en droit p\u00e9nal \u00e0 Paris<\/title>\n<meta name=\"description\" content=\"La cour d&#039;appel de N\u00eemes, statuant le 3 juillet 2025, examine un litige n\u00e9 en proc\u00e9dure collective. Le juge commissaire avait relev\u00e9 une contestation s\u00e9rieus...\" \/>\n<meta name=\"robots\" content=\"index, follow, max-snippet:-1, max-image-preview:large, max-video-preview:-1\" \/>\n<link rel=\"canonical\" href=\"https:\/\/kohenavocats.com\/tr\/cour-dappel-de-nimes-le-3-juillet-2025-n25-01577\/\" \/>\n<meta property=\"og:locale\" content=\"tr_TR\" \/>\n<meta property=\"og:type\" content=\"article\" \/>\n<meta property=\"og:title\" content=\"Cour d&#039;appel de N\u00eemes, le 3 juillet 2025, n\u00b025\/01577\" \/>\n<meta property=\"og:description\" content=\"La cour d&#039;appel de N\u00eemes, statuant le 3 juillet 2025, examine un litige n\u00e9 en proc\u00e9dure collective. Le juge commissaire avait relev\u00e9 une contestation s\u00e9rieus...\" \/>\n<meta property=\"og:url\" content=\"https:\/\/kohenavocats.com\/tr\/cour-dappel-de-nimes-le-3-juillet-2025-n25-01577\/\" \/>\n<meta property=\"og:site_name\" content=\"Ma\u00eetre Hassan Kohen, avocat en droit p\u00e9nal \u00e0 Paris\" \/>\n<meta property=\"article:published_time\" content=\"2026-04-22T13:48:08+00:00\" \/>\n<meta property=\"og:image\" content=\"https:\/\/kohenavocats.com\/wp-content\/uploads\/2024\/11\/virginia-marinova-3UfkjHxVch0-unsplash-1.webp\" \/>\n\t<meta property=\"og:image:width\" content=\"5922\" \/>\n\t<meta property=\"og:image:height\" content=\"3940\" \/>\n\t<meta property=\"og:image:type\" content=\"image\/webp\" \/>\n<meta name=\"author\" content=\"Kohen\" \/>\n<meta name=\"twitter:card\" content=\"summary_large_image\" \/>\n<meta name=\"twitter:label1\" content=\"Yazan:\" \/>\n\t<meta name=\"twitter:data1\" content=\"Kohen\" \/>\n\t<meta name=\"twitter:label2\" content=\"Tahmini okuma s\u00fcresi\" \/>\n\t<meta name=\"twitter:data2\" content=\"3 dakika\" \/>\n<script type=\"application\/ld+json\" class=\"yoast-schema-graph\">{\"@context\":\"https:\\\/\\\/schema.org\",\"@graph\":[{\"@type\":\"Article\",\"@id\":\"https:\\\/\\\/kohenavocats.com\\\/tr\\\/cour-dappel-de-nimes-le-3-juillet-2025-n25-01577\\\/#article\",\"isPartOf\":{\"@id\":\"https:\\\/\\\/kohenavocats.com\\\/tr\\\/cour-dappel-de-nimes-le-3-juillet-2025-n25-01577\\\/\"},\"author\":{\"name\":\"Kohen\",\"@id\":\"https:\\\/\\\/kohenavocats.com\\\/tr\\\/#\\\/schema\\\/person\\\/761c9ba54fa1ca84d405cef0831ff751\"},\"headline\":\"Cour d&#8217;appel de N\u00eemes, le 3 juillet 2025, n\u00b025\\\/01577\",\"datePublished\":\"2026-04-22T13:48:08+00:00\",\"mainEntityOfPage\":{\"@id\":\"https:\\\/\\\/kohenavocats.com\\\/tr\\\/cour-dappel-de-nimes-le-3-juillet-2025-n25-01577\\\/\"},\"wordCount\":714,\"commentCount\":0,\"publisher\":{\"@id\":\"https:\\\/\\\/kohenavocats.com\\\/tr\\\/#organization\"},\"image\":{\"@id\":\"https:\\\/\\\/kohenavocats.com\\\/tr\\\/cour-dappel-de-nimes-le-3-juillet-2025-n25-01577\\\/#primaryimage\"},\"thumbnailUrl\":\"https:\\\/\\\/kohenavocats.com\\\/wp-content\\\/uploads\\\/2024\\\/11\\\/virginia-marinova-3UfkjHxVch0-unsplash-1.webp\",\"articleSection\":[\"Jurisprudence\"],\"inLanguage\":\"tr\",\"potentialAction\":[{\"@type\":\"CommentAction\",\"name\":\"Comment\",\"target\":[\"https:\\\/\\\/kohenavocats.com\\\/tr\\\/cour-dappel-de-nimes-le-3-juillet-2025-n25-01577\\\/#respond\"]}],\"citation\":\"Cour d&#8217;appel de N\u00eemes, le 3 juillet 2025, n\u00b025\\\/01577\",\"about\":[{\"@type\":\"Thing\",\"name\":\"Jurisprudence\"}],\"dateModified\":\"2026-04-22T13:48:08+00:00\",\"speakable\":{\"@type\":\"SpeakableSpecification\",\"cssSelector\":[\".article-content > p:first-of-type\"]}},{\"@type\":\"WebPage\",\"@id\":\"https:\\\/\\\/kohenavocats.com\\\/tr\\\/cour-dappel-de-nimes-le-3-juillet-2025-n25-01577\\\/\",\"url\":\"https:\\\/\\\/kohenavocats.com\\\/tr\\\/cour-dappel-de-nimes-le-3-juillet-2025-n25-01577\\\/\",\"name\":\"Cour d'appel de N\u00eemes, le 3 juillet 2025, n\u00b025\\\/01577 - Ma\u00eetre Hassan Kohen, avocat en droit p\u00e9nal \u00e0 Paris\",\"isPartOf\":{\"@id\":\"https:\\\/\\\/kohenavocats.com\\\/tr\\\/#website\"},\"primaryImageOfPage\":{\"@id\":\"https:\\\/\\\/kohenavocats.com\\\/tr\\\/cour-dappel-de-nimes-le-3-juillet-2025-n25-01577\\\/#primaryimage\"},\"image\":{\"@id\":\"https:\\\/\\\/kohenavocats.com\\\/tr\\\/cour-dappel-de-nimes-le-3-juillet-2025-n25-01577\\\/#primaryimage\"},\"thumbnailUrl\":\"https:\\\/\\\/kohenavocats.com\\\/wp-content\\\/uploads\\\/2024\\\/11\\\/virginia-marinova-3UfkjHxVch0-unsplash-1.webp\",\"datePublished\":\"2026-04-22T13:48:08+00:00\",\"description\":\"La cour d'appel de N\u00eemes, statuant le 3 juillet 2025, examine un litige n\u00e9 en proc\u00e9dure collective. Le juge commissaire avait relev\u00e9 une contestation s\u00e9rieus...\",\"breadcrumb\":{\"@id\":\"https:\\\/\\\/kohenavocats.com\\\/tr\\\/cour-dappel-de-nimes-le-3-juillet-2025-n25-01577\\\/#breadcrumb\"},\"inLanguage\":\"tr\",\"potentialAction\":[{\"@type\":\"ReadAction\",\"target\":[\"https:\\\/\\\/kohenavocats.com\\\/tr\\\/cour-dappel-de-nimes-le-3-juillet-2025-n25-01577\\\/\"]}]},{\"@type\":\"ImageObject\",\"inLanguage\":\"tr\",\"@id\":\"https:\\\/\\\/kohenavocats.com\\\/tr\\\/cour-dappel-de-nimes-le-3-juillet-2025-n25-01577\\\/#primaryimage\",\"url\":\"https:\\\/\\\/kohenavocats.com\\\/wp-content\\\/uploads\\\/2024\\\/11\\\/virginia-marinova-3UfkjHxVch0-unsplash-1.webp\",\"contentUrl\":\"https:\\\/\\\/kohenavocats.com\\\/wp-content\\\/uploads\\\/2024\\\/11\\\/virginia-marinova-3UfkjHxVch0-unsplash-1.webp\",\"width\":5922,\"height\":3940},{\"@type\":\"BreadcrumbList\",\"@id\":\"https:\\\/\\\/kohenavocats.com\\\/tr\\\/cour-dappel-de-nimes-le-3-juillet-2025-n25-01577\\\/#breadcrumb\",\"itemListElement\":[{\"@type\":\"ListItem\",\"position\":1,\"name\":\"Home\",\"item\":\"https:\\\/\\\/kohenavocats.com\\\/tr\\\/avocats-en-droit-penal-a-paris-conseil-et-defense-strategique\\\/\"},{\"@type\":\"ListItem\",\"position\":2,\"name\":\"Cour d&rsquo;appel de N\u00eemes, le 3 juillet 2025, n\u00b025\\\/01577\"}]},{\"@type\":\"WebSite\",\"@id\":\"https:\\\/\\\/kohenavocats.com\\\/tr\\\/#website\",\"url\":\"https:\\\/\\\/kohenavocats.com\\\/tr\\\/\",\"name\":\"Kohen Avocats\",\"description\":\"Ma\u00eetre Hassan Kohen, avocat p\u00e9naliste \u00e0 Paris, intervient exclusivement en droit p\u00e9nal pour la d\u00e9fense des particuliers, notamment en mati\u00e8re d\u2019accusations de viol. Il assure un accompagnement rigoureux d\u00e8s la garde \u00e0 vue jusqu\u2019\u00e0 la Cour d\u2019assises, veillant au strict respect des garanties proc\u00e9durales.\",\"publisher\":{\"@id\":\"https:\\\/\\\/kohenavocats.com\\\/tr\\\/#organization\"},\"potentialAction\":[{\"@type\":\"SearchAction\",\"target\":{\"@type\":\"EntryPoint\",\"urlTemplate\":\"https:\\\/\\\/kohenavocats.com\\\/tr\\\/?s={search_term_string}\"},\"query-input\":{\"@type\":\"PropertyValueSpecification\",\"valueRequired\":true,\"valueName\":\"search_term_string\"}}],\"inLanguage\":\"tr\"},{\"@type\":\"Organization\",\"@id\":\"https:\\\/\\\/kohenavocats.com\\\/tr\\\/#organization\",\"name\":\"Kohen Avocats\",\"url\":\"https:\\\/\\\/kohenavocats.com\\\/tr\\\/\",\"logo\":{\"@type\":\"ImageObject\",\"inLanguage\":\"tr\",\"@id\":\"https:\\\/\\\/kohenavocats.com\\\/tr\\\/#\\\/schema\\\/logo\\\/image\\\/\",\"url\":\"https:\\\/\\\/kohenavocats.com\\\/wp-content\\\/uploads\\\/2026\\\/01\\\/Logo-2-1.webp\",\"contentUrl\":\"https:\\\/\\\/kohenavocats.com\\\/wp-content\\\/uploads\\\/2026\\\/01\\\/Logo-2-1.webp\",\"width\":2114,\"height\":1253,\"caption\":\"Kohen Avocats\"},\"image\":{\"@id\":\"https:\\\/\\\/kohenavocats.com\\\/tr\\\/#\\\/schema\\\/logo\\\/image\\\/\"}},{\"@type\":\"Person\",\"@id\":\"https:\\\/\\\/kohenavocats.com\\\/tr\\\/#\\\/schema\\\/person\\\/761c9ba54fa1ca84d405cef0831ff751\",\"name\":\"Kohen\",\"image\":{\"@type\":\"ImageObject\",\"inLanguage\":\"tr\",\"@id\":\"https:\\\/\\\/secure.gravatar.com\\\/avatar\\\/1c5e76ef76bbbfdd2b4da984e2bf2fa4056fd51a27d25ce2c332047f1dfd6e00?s=96&d=identicon&r=g\",\"url\":\"https:\\\/\\\/secure.gravatar.com\\\/avatar\\\/1c5e76ef76bbbfdd2b4da984e2bf2fa4056fd51a27d25ce2c332047f1dfd6e00?s=96&d=identicon&r=g\",\"contentUrl\":\"https:\\\/\\\/secure.gravatar.com\\\/avatar\\\/1c5e76ef76bbbfdd2b4da984e2bf2fa4056fd51a27d25ce2c332047f1dfd6e00?s=96&d=identicon&r=g\",\"caption\":\"Kohen\"},\"sameAs\":[\"https:\\\/\\\/www.linkedin.com\\\/in\\\/hassan-kohen-448548192\\\/\",\"https:\\\/\\\/www.youtube.com\\\/@Kohen-Avocats\"],\"url\":\"https:\\\/\\\/kohenavocats.com\\\/tr\\\/author\\\/kohenmlk\\\/\"}]}<\/script>\n<!-- \/ Yoast SEO Premium plugin. -->","yoast_head_json":{"title":"Cour d'appel de N\u00eemes, le 3 juillet 2025, n\u00b025\/01577 - Ma\u00eetre Hassan Kohen, avocat en droit p\u00e9nal \u00e0 Paris","description":"La cour d'appel de N\u00eemes, statuant le 3 juillet 2025, examine un litige n\u00e9 en proc\u00e9dure collective. Le juge commissaire avait relev\u00e9 une contestation s\u00e9rieus...","robots":{"index":"index","follow":"follow","max-snippet":"max-snippet:-1","max-image-preview":"max-image-preview:large","max-video-preview":"max-video-preview:-1"},"canonical":"https:\/\/kohenavocats.com\/tr\/cour-dappel-de-nimes-le-3-juillet-2025-n25-01577\/","og_locale":"tr_TR","og_type":"article","og_title":"Cour d'appel de N\u00eemes, le 3 juillet 2025, n\u00b025\/01577","og_description":"La cour d'appel de N\u00eemes, statuant le 3 juillet 2025, examine un litige n\u00e9 en proc\u00e9dure collective. Le juge commissaire avait relev\u00e9 une contestation s\u00e9rieus...","og_url":"https:\/\/kohenavocats.com\/tr\/cour-dappel-de-nimes-le-3-juillet-2025-n25-01577\/","og_site_name":"Ma\u00eetre Hassan Kohen, avocat en droit p\u00e9nal \u00e0 Paris","article_published_time":"2026-04-22T13:48:08+00:00","og_image":[{"width":5922,"height":3940,"url":"https:\/\/kohenavocats.com\/wp-content\/uploads\/2024\/11\/virginia-marinova-3UfkjHxVch0-unsplash-1.webp","type":"image\/webp"}],"author":"Kohen","twitter_card":"summary_large_image","twitter_misc":{"Yazan:":"Kohen","Tahmini okuma s\u00fcresi":"3 dakika"},"schema":{"@context":"https:\/\/schema.org","@graph":[{"@type":"Article","@id":"https:\/\/kohenavocats.com\/tr\/cour-dappel-de-nimes-le-3-juillet-2025-n25-01577\/#article","isPartOf":{"@id":"https:\/\/kohenavocats.com\/tr\/cour-dappel-de-nimes-le-3-juillet-2025-n25-01577\/"},"author":{"name":"Kohen","@id":"https:\/\/kohenavocats.com\/tr\/#\/schema\/person\/761c9ba54fa1ca84d405cef0831ff751"},"headline":"Cour d&#8217;appel de N\u00eemes, le 3 juillet 2025, n\u00b025\/01577","datePublished":"2026-04-22T13:48:08+00:00","mainEntityOfPage":{"@id":"https:\/\/kohenavocats.com\/tr\/cour-dappel-de-nimes-le-3-juillet-2025-n25-01577\/"},"wordCount":714,"commentCount":0,"publisher":{"@id":"https:\/\/kohenavocats.com\/tr\/#organization"},"image":{"@id":"https:\/\/kohenavocats.com\/tr\/cour-dappel-de-nimes-le-3-juillet-2025-n25-01577\/#primaryimage"},"thumbnailUrl":"https:\/\/kohenavocats.com\/wp-content\/uploads\/2024\/11\/virginia-marinova-3UfkjHxVch0-unsplash-1.webp","articleSection":["Jurisprudence"],"inLanguage":"tr","potentialAction":[{"@type":"CommentAction","name":"Comment","target":["https:\/\/kohenavocats.com\/tr\/cour-dappel-de-nimes-le-3-juillet-2025-n25-01577\/#respond"]}],"citation":"Cour d&#8217;appel de N\u00eemes, le 3 juillet 2025, n\u00b025\/01577","about":[{"@type":"Thing","name":"Jurisprudence"}],"dateModified":"2026-04-22T13:48:08+00:00","speakable":{"@type":"SpeakableSpecification","cssSelector":[".article-content > p:first-of-type"]}},{"@type":"WebPage","@id":"https:\/\/kohenavocats.com\/tr\/cour-dappel-de-nimes-le-3-juillet-2025-n25-01577\/","url":"https:\/\/kohenavocats.com\/tr\/cour-dappel-de-nimes-le-3-juillet-2025-n25-01577\/","name":"Cour d'appel de N\u00eemes, le 3 juillet 2025, n\u00b025\/01577 - Ma\u00eetre Hassan Kohen, avocat en droit p\u00e9nal \u00e0 Paris","isPartOf":{"@id":"https:\/\/kohenavocats.com\/tr\/#website"},"primaryImageOfPage":{"@id":"https:\/\/kohenavocats.com\/tr\/cour-dappel-de-nimes-le-3-juillet-2025-n25-01577\/#primaryimage"},"image":{"@id":"https:\/\/kohenavocats.com\/tr\/cour-dappel-de-nimes-le-3-juillet-2025-n25-01577\/#primaryimage"},"thumbnailUrl":"https:\/\/kohenavocats.com\/wp-content\/uploads\/2024\/11\/virginia-marinova-3UfkjHxVch0-unsplash-1.webp","datePublished":"2026-04-22T13:48:08+00:00","description":"La cour d'appel de N\u00eemes, statuant le 3 juillet 2025, examine un litige n\u00e9 en proc\u00e9dure collective. Le juge commissaire avait relev\u00e9 une contestation s\u00e9rieus...","breadcrumb":{"@id":"https:\/\/kohenavocats.com\/tr\/cour-dappel-de-nimes-le-3-juillet-2025-n25-01577\/#breadcrumb"},"inLanguage":"tr","potentialAction":[{"@type":"ReadAction","target":["https:\/\/kohenavocats.com\/tr\/cour-dappel-de-nimes-le-3-juillet-2025-n25-01577\/"]}]},{"@type":"ImageObject","inLanguage":"tr","@id":"https:\/\/kohenavocats.com\/tr\/cour-dappel-de-nimes-le-3-juillet-2025-n25-01577\/#primaryimage","url":"https:\/\/kohenavocats.com\/wp-content\/uploads\/2024\/11\/virginia-marinova-3UfkjHxVch0-unsplash-1.webp","contentUrl":"https:\/\/kohenavocats.com\/wp-content\/uploads\/2024\/11\/virginia-marinova-3UfkjHxVch0-unsplash-1.webp","width":5922,"height":3940},{"@type":"BreadcrumbList","@id":"https:\/\/kohenavocats.com\/tr\/cour-dappel-de-nimes-le-3-juillet-2025-n25-01577\/#breadcrumb","itemListElement":[{"@type":"ListItem","position":1,"name":"Home","item":"https:\/\/kohenavocats.com\/tr\/avocats-en-droit-penal-a-paris-conseil-et-defense-strategique\/"},{"@type":"ListItem","position":2,"name":"Cour d&rsquo;appel de N\u00eemes, le 3 juillet 2025, n\u00b025\/01577"}]},{"@type":"WebSite","@id":"https:\/\/kohenavocats.com\/tr\/#website","url":"https:\/\/kohenavocats.com\/tr\/","name":"Kohen Avocats","description":"Ma\u00eetre Hassan Kohen, avocat p\u00e9naliste \u00e0 Paris, intervient exclusivement en droit p\u00e9nal pour la d\u00e9fense des particuliers, notamment en mati\u00e8re d\u2019accusations de viol. Il assure un accompagnement rigoureux d\u00e8s la garde \u00e0 vue jusqu\u2019\u00e0 la Cour d\u2019assises, veillant au strict respect des garanties proc\u00e9durales.","publisher":{"@id":"https:\/\/kohenavocats.com\/tr\/#organization"},"potentialAction":[{"@type":"SearchAction","target":{"@type":"EntryPoint","urlTemplate":"https:\/\/kohenavocats.com\/tr\/?s={search_term_string}"},"query-input":{"@type":"PropertyValueSpecification","valueRequired":true,"valueName":"search_term_string"}}],"inLanguage":"tr"},{"@type":"Organization","@id":"https:\/\/kohenavocats.com\/tr\/#organization","name":"Kohen Avocats","url":"https:\/\/kohenavocats.com\/tr\/","logo":{"@type":"ImageObject","inLanguage":"tr","@id":"https:\/\/kohenavocats.com\/tr\/#\/schema\/logo\/image\/","url":"https:\/\/kohenavocats.com\/wp-content\/uploads\/2026\/01\/Logo-2-1.webp","contentUrl":"https:\/\/kohenavocats.com\/wp-content\/uploads\/2026\/01\/Logo-2-1.webp","width":2114,"height":1253,"caption":"Kohen Avocats"},"image":{"@id":"https:\/\/kohenavocats.com\/tr\/#\/schema\/logo\/image\/"}},{"@type":"Person","@id":"https:\/\/kohenavocats.com\/tr\/#\/schema\/person\/761c9ba54fa1ca84d405cef0831ff751","name":"Kohen","image":{"@type":"ImageObject","inLanguage":"tr","@id":"https:\/\/secure.gravatar.com\/avatar\/1c5e76ef76bbbfdd2b4da984e2bf2fa4056fd51a27d25ce2c332047f1dfd6e00?s=96&d=identicon&r=g","url":"https:\/\/secure.gravatar.com\/avatar\/1c5e76ef76bbbfdd2b4da984e2bf2fa4056fd51a27d25ce2c332047f1dfd6e00?s=96&d=identicon&r=g","contentUrl":"https:\/\/secure.gravatar.com\/avatar\/1c5e76ef76bbbfdd2b4da984e2bf2fa4056fd51a27d25ce2c332047f1dfd6e00?s=96&d=identicon&r=g","caption":"Kohen"},"sameAs":["https:\/\/www.linkedin.com\/in\/hassan-kohen-448548192\/","https:\/\/www.youtube.com\/@Kohen-Avocats"],"url":"https:\/\/kohenavocats.com\/tr\/author\/kohenmlk\/"}]}},"jetpack_featured_media_url":"https:\/\/kohenavocats.com\/wp-content\/uploads\/2024\/11\/virginia-marinova-3UfkjHxVch0-unsplash-1.webp","jetpack_likes_enabled":false,"jetpack_shortlink":"https:\/\/wp.me\/peCrII-2IUT","jetpack-related-posts":[{"id":482437,"url":"https:\/\/kohenavocats.com\/tr\/cour-dappel-de-nimes-le-30-janvier-2025-n25-00403\/","url_meta":{"origin":649319,"position":0},"title":"Cour d&#8217;appel de N\u00eemes, le 30 janvier 2025, n\u00b025\/00403","author":"Kohen","date":"8 Nisan 2026","format":false,"excerpt":"La Cour d'appel de N\u00eemes, statuant en r\u00e9f\u00e9r\u00e9 le 30 janvier 2025, se prononce sur la comp\u00e9tence du juge des r\u00e9f\u00e9r\u00e9s face \u00e0 une proc\u00e9dure collective et sur l'o...","rel":"","context":"&quot;Jurisprudence&quot; i\u00e7inde","block_context":{"text":"Jurisprudence","link":"https:\/\/kohenavocats.com\/category\/jurisprudence\/"},"img":{"alt_text":"","src":"https:\/\/i0.wp.com\/kohenavocats.com\/wp-content\/uploads\/2024\/11\/pawel-czerwinski-ibx3hNM2eMc-unsplash.webp?resize=350%2C200&ssl=1","width":350,"height":200,"srcset":"https:\/\/i0.wp.com\/kohenavocats.com\/wp-content\/uploads\/2024\/11\/pawel-czerwinski-ibx3hNM2eMc-unsplash.webp?resize=350%2C200&ssl=1 1x, https:\/\/i0.wp.com\/kohenavocats.com\/wp-content\/uploads\/2024\/11\/pawel-czerwinski-ibx3hNM2eMc-unsplash.webp?resize=525%2C300&ssl=1 1.5x, https:\/\/i0.wp.com\/kohenavocats.com\/wp-content\/uploads\/2024\/11\/pawel-czerwinski-ibx3hNM2eMc-unsplash.webp?resize=700%2C400&ssl=1 2x, https:\/\/i0.wp.com\/kohenavocats.com\/wp-content\/uploads\/2024\/11\/pawel-czerwinski-ibx3hNM2eMc-unsplash.webp?resize=1050%2C600&ssl=1 3x, https:\/\/i0.wp.com\/kohenavocats.com\/wp-content\/uploads\/2024\/11\/pawel-czerwinski-ibx3hNM2eMc-unsplash.webp?resize=1400%2C800&ssl=1 4x"},"classes":[]},{"id":84002,"url":"https:\/\/kohenavocats.com\/tr\/cour-dappel-de-nimes-le-3-juillet-2025-n24-01700\/","url_meta":{"origin":649319,"position":1},"title":"Cour d&#8217;appel de N\u00eemes, le 3 juillet 2025, n\u00b024\/01700","author":"Kohen","date":"10 Kas\u0131m 2025","format":false,"excerpt":"Par un arr\u00eat rendu le 3 juillet 2025, la Cour d'appel de N\u00eemes (5e chambre, p\u00f4le social) a infirm\u00e9 un jugement du p\u00f4le social du tribunal judiciaire d'Avignon du 11 avril 2024. La juridiction d'appel a retenu une fin de non-recevoir tir\u00e9e de la chose jug\u00e9e et a d\u00e9clar\u00e9 irrecevable\u2026","rel":"","context":"&quot;Travaux Parlementaires&quot; i\u00e7inde","block_context":{"text":"Travaux Parlementaires","link":"https:\/\/kohenavocats.com\/category\/travaux-parlementaires\/"},"img":{"alt_text":"","src":"https:\/\/i0.wp.com\/kohenavocats.com\/wp-content\/uploads\/2024\/11\/getty-images-IQwGidv9mK0-unsplash.webp?resize=350%2C200&ssl=1","width":350,"height":200,"srcset":"https:\/\/i0.wp.com\/kohenavocats.com\/wp-content\/uploads\/2024\/11\/getty-images-IQwGidv9mK0-unsplash.webp?resize=350%2C200&ssl=1 1x, https:\/\/i0.wp.com\/kohenavocats.com\/wp-content\/uploads\/2024\/11\/getty-images-IQwGidv9mK0-unsplash.webp?resize=525%2C300&ssl=1 1.5x, https:\/\/i0.wp.com\/kohenavocats.com\/wp-content\/uploads\/2024\/11\/getty-images-IQwGidv9mK0-unsplash.webp?resize=700%2C400&ssl=1 2x, https:\/\/i0.wp.com\/kohenavocats.com\/wp-content\/uploads\/2024\/11\/getty-images-IQwGidv9mK0-unsplash.webp?resize=1050%2C600&ssl=1 3x, https:\/\/i0.wp.com\/kohenavocats.com\/wp-content\/uploads\/2024\/11\/getty-images-IQwGidv9mK0-unsplash.webp?resize=1400%2C800&ssl=1 4x"},"classes":[]},{"id":236603,"url":"https:\/\/kohenavocats.com\/tr\/cour-dappel-de-nimes-le-26-juin-2025-n24-03621\/","url_meta":{"origin":649319,"position":2},"title":"Cour d&#8217;appel de N\u00eemes, le 26 juin 2025, n\u00b024\/03621","author":"Kohen","date":"29 Aral\u0131k 2025","format":false,"excerpt":"Par un arr\u00eat du 26 juin 2025, la cour d'appel de N\u00eemes a statu\u00e9 sur la question de la comp\u00e9tence du juge de la mise en \u00e9tat pour appr\u00e9cier le caract\u00e8re abusif d'une clause contractuelle, dans le cadre d'un litige opposant un \u00e9tablissement bancaire \u00e0 des emprunteurs consommateurs.En l'esp\u00e8ce, deux\u2026","rel":"","context":"&quot;Cour d'appel&quot; i\u00e7inde","block_context":{"text":"Cour d'appel","link":"https:\/\/kohenavocats.com\/category\/cour-dappel\/"},"img":{"alt_text":"","src":"https:\/\/i0.wp.com\/kohenavocats.com\/wp-content\/uploads\/2024\/07\/valdemaras-d-7VPFyhB_j8Y-unsplash.webp?resize=350%2C200&ssl=1","width":350,"height":200,"srcset":"https:\/\/i0.wp.com\/kohenavocats.com\/wp-content\/uploads\/2024\/07\/valdemaras-d-7VPFyhB_j8Y-unsplash.webp?resize=350%2C200&ssl=1 1x, https:\/\/i0.wp.com\/kohenavocats.com\/wp-content\/uploads\/2024\/07\/valdemaras-d-7VPFyhB_j8Y-unsplash.webp?resize=525%2C300&ssl=1 1.5x, https:\/\/i0.wp.com\/kohenavocats.com\/wp-content\/uploads\/2024\/07\/valdemaras-d-7VPFyhB_j8Y-unsplash.webp?resize=700%2C400&ssl=1 2x, https:\/\/i0.wp.com\/kohenavocats.com\/wp-content\/uploads\/2024\/07\/valdemaras-d-7VPFyhB_j8Y-unsplash.webp?resize=1050%2C600&ssl=1 3x, https:\/\/i0.wp.com\/kohenavocats.com\/wp-content\/uploads\/2024\/07\/valdemaras-d-7VPFyhB_j8Y-unsplash.webp?resize=1400%2C800&ssl=1 4x"},"classes":[]},{"id":202144,"url":"https:\/\/kohenavocats.com\/tr\/cour-dappel-de-nimes-le-2-juillet-2025-n24-03459\/","url_meta":{"origin":649319,"position":3},"title":"Cour d&#8217;appel de N\u00eemes, le 2 juillet 2025, n\u00b024\/03459","author":"Kohen","date":"21 Aral\u0131k 2025","format":false,"excerpt":"Cour d\u2019appel de N\u00eemes, 2 juillet 2025, statuant en r\u00e9f\u00e9r\u00e9 sur appel d\u2019une ordonnance du pr\u00e9sident du tribunal judiciaire de N\u00eemes du 9 octobre 2024. Le litige porte sur un droit d\u2019eau personnel consenti lors d\u2019une vente, et sur l\u2019entrave d\u2019une servitude de passage grevant les fonds voisins. En 2002,\u2026","rel":"","context":"&quot;Cour d'appel&quot; i\u00e7inde","block_context":{"text":"Cour d'appel","link":"https:\/\/kohenavocats.com\/category\/cour-dappel\/"},"img":{"alt_text":"","src":"https:\/\/i0.wp.com\/kohenavocats.com\/wp-content\/uploads\/2024\/08\/pascal-bernardon-UDzwFLM50Ac-unsplash.webp?resize=350%2C200&ssl=1","width":350,"height":200,"srcset":"https:\/\/i0.wp.com\/kohenavocats.com\/wp-content\/uploads\/2024\/08\/pascal-bernardon-UDzwFLM50Ac-unsplash.webp?resize=350%2C200&ssl=1 1x, https:\/\/i0.wp.com\/kohenavocats.com\/wp-content\/uploads\/2024\/08\/pascal-bernardon-UDzwFLM50Ac-unsplash.webp?resize=525%2C300&ssl=1 1.5x, https:\/\/i0.wp.com\/kohenavocats.com\/wp-content\/uploads\/2024\/08\/pascal-bernardon-UDzwFLM50Ac-unsplash.webp?resize=700%2C400&ssl=1 2x, https:\/\/i0.wp.com\/kohenavocats.com\/wp-content\/uploads\/2024\/08\/pascal-bernardon-UDzwFLM50Ac-unsplash.webp?resize=1050%2C600&ssl=1 3x, https:\/\/i0.wp.com\/kohenavocats.com\/wp-content\/uploads\/2024\/08\/pascal-bernardon-UDzwFLM50Ac-unsplash.webp?resize=1400%2C800&ssl=1 4x"},"classes":[]},{"id":479910,"url":"https:\/\/kohenavocats.com\/tr\/cour-dappel-de-paris-le-8-juillet-2024-n25-00615\/","url_meta":{"origin":649319,"position":4},"title":"Cour d&#8217;appel de Paris, le 8 juillet 2024, n\u00b025\/00615","author":"Kohen","date":"7 Nisan 2026","format":false,"excerpt":"La cour d'appel de Paris, statuant le 8 juillet 2024, examine un litige relatif \u00e0 l'admission d'une cr\u00e9ance d'honoraires dans une proc\u00e9dure collective. Un ex...","rel":"","context":"&quot;Jurisprudence&quot; i\u00e7inde","block_context":{"text":"Jurisprudence","link":"https:\/\/kohenavocats.com\/category\/jurisprudence\/"},"img":{"alt_text":"","src":"https:\/\/i0.wp.com\/kohenavocats.com\/wp-content\/uploads\/2024\/11\/allison-saeng-KddQtnCcZ68-unsplash.webp?resize=350%2C200&ssl=1","width":350,"height":200,"srcset":"https:\/\/i0.wp.com\/kohenavocats.com\/wp-content\/uploads\/2024\/11\/allison-saeng-KddQtnCcZ68-unsplash.webp?resize=350%2C200&ssl=1 1x, https:\/\/i0.wp.com\/kohenavocats.com\/wp-content\/uploads\/2024\/11\/allison-saeng-KddQtnCcZ68-unsplash.webp?resize=525%2C300&ssl=1 1.5x, https:\/\/i0.wp.com\/kohenavocats.com\/wp-content\/uploads\/2024\/11\/allison-saeng-KddQtnCcZ68-unsplash.webp?resize=700%2C400&ssl=1 2x, https:\/\/i0.wp.com\/kohenavocats.com\/wp-content\/uploads\/2024\/11\/allison-saeng-KddQtnCcZ68-unsplash.webp?resize=1050%2C600&ssl=1 3x, https:\/\/i0.wp.com\/kohenavocats.com\/wp-content\/uploads\/2024\/11\/allison-saeng-KddQtnCcZ68-unsplash.webp?resize=1400%2C800&ssl=1 4x"},"classes":[]},{"id":439848,"url":"https:\/\/kohenavocats.com\/tr\/cour-dappel-de-nimes-le-5-mars-2026-n24-02974\/","url_meta":{"origin":649319,"position":5},"title":"Cour d&#8217;appel de N\u00eemes, le 5 mars 2026, n\u00b024\/02974","author":"Kohen","date":"27 Mart 2026","format":false,"excerpt":"La Cour d'appel de N\u00eemes, le 5 mars 2026, statue sur un appel relatif \u00e0 une action en r\u00e9duction dans le cadre d'une succession complexe. Un d\u00e9funt avait consenti des lib\u00e9ralit\u00e9s \u00e0 sa fille cadette et \u00e0 son petit-fils. Sa fille a\u00een\u00e9e a engag\u00e9 une action en r\u00e9duction contre ces\u2026","rel":"","context":"&quot;Cour d'appel&quot; i\u00e7inde","block_context":{"text":"Cour d'appel","link":"https:\/\/kohenavocats.com\/category\/cour-dappel\/"},"img":{"alt_text":"","src":"https:\/\/i0.wp.com\/kohenavocats.com\/wp-content\/uploads\/2024\/07\/valdemaras-d-7VPFyhB_j8Y-unsplash.webp?resize=350%2C200&ssl=1","width":350,"height":200,"srcset":"https:\/\/i0.wp.com\/kohenavocats.com\/wp-content\/uploads\/2024\/07\/valdemaras-d-7VPFyhB_j8Y-unsplash.webp?resize=350%2C200&ssl=1 1x, https:\/\/i0.wp.com\/kohenavocats.com\/wp-content\/uploads\/2024\/07\/valdemaras-d-7VPFyhB_j8Y-unsplash.webp?resize=525%2C300&ssl=1 1.5x, https:\/\/i0.wp.com\/kohenavocats.com\/wp-content\/uploads\/2024\/07\/valdemaras-d-7VPFyhB_j8Y-unsplash.webp?resize=700%2C400&ssl=1 2x, https:\/\/i0.wp.com\/kohenavocats.com\/wp-content\/uploads\/2024\/07\/valdemaras-d-7VPFyhB_j8Y-unsplash.webp?resize=1050%2C600&ssl=1 3x, https:\/\/i0.wp.com\/kohenavocats.com\/wp-content\/uploads\/2024\/07\/valdemaras-d-7VPFyhB_j8Y-unsplash.webp?resize=1400%2C800&ssl=1 4x"},"classes":[]}],"jetpack_sharing_enabled":true,"_links":{"self":[{"href":"https:\/\/kohenavocats.com\/tr\/wp-json\/wp\/v2\/posts\/649319","targetHints":{"allow":["GET"]}}],"collection":[{"href":"https:\/\/kohenavocats.com\/tr\/wp-json\/wp\/v2\/posts"}],"about":[{"href":"https:\/\/kohenavocats.com\/tr\/wp-json\/wp\/v2\/types\/post"}],"author":[{"embeddable":true,"href":"https:\/\/kohenavocats.com\/tr\/wp-json\/wp\/v2\/users\/232070755"}],"replies":[{"embeddable":true,"href":"https:\/\/kohenavocats.com\/tr\/wp-json\/wp\/v2\/comments?post=649319"}],"version-history":[{"count":0,"href":"https:\/\/kohenavocats.com\/tr\/wp-json\/wp\/v2\/posts\/649319\/revisions"}],"wp:featuredmedia":[{"embeddable":true,"href":"https:\/\/kohenavocats.com\/tr\/wp-json\/wp\/v2\/media\/9670"}],"wp:attachment":[{"href":"https:\/\/kohenavocats.com\/tr\/wp-json\/wp\/v2\/media?parent=649319"}],"wp:term":[{"taxonomy":"category","embeddable":true,"href":"https:\/\/kohenavocats.com\/tr\/wp-json\/wp\/v2\/categories?post=649319"},{"taxonomy":"post_tag","embeddable":true,"href":"https:\/\/kohenavocats.com\/tr\/wp-json\/wp\/v2\/tags?post=649319"}],"curies":[{"name":"wp","href":"https:\/\/api.w.org\/{rel}","templated":true}]}}