{"id":651356,"date":"2026-04-22T20:35:11","date_gmt":"2026-04-22T18:35:11","guid":{"rendered":"https:\/\/kohenavocats.com\/tribunal-judiciaire-de-paris-le-2-octobre-2025-n25-54585\/"},"modified":"2026-04-22T20:35:11","modified_gmt":"2026-04-22T18:35:11","slug":"tribunal-judiciaire-de-paris-le-2-octobre-2025-n25-54585","status":"publish","type":"post","link":"https:\/\/kohenavocats.com\/tr\/tribunal-judiciaire-de-paris-le-2-octobre-2025-n25-54585\/","title":{"rendered":"Tribunal judiciaire de Paris, le 2 octobre 2025, n\u00b025\/54585"},"content":{"rendered":"<div class=\"article-content\">\n<p>Le tribunal judiciaire de Paris, statuant en r\u00e9f\u00e9r\u00e9 le 2 octobre 2025, a \u00e9t\u00e9 saisi par une victime d\u2019un grave accident corporel survenu le 29 octobre 2021. La proc\u00e9dure concerne une demande en d\u00e9signation d\u2019un expert architectural et l\u2019octroi d\u2019une provision ad litem. Les juges ont ordonn\u00e9 l\u2019expertise pour \u00e9valuer les besoins en am\u00e9nagement de logement et v\u00e9hicule adapt\u00e9. Ils ont \u00e9galement allou\u00e9 une provision de 6 500 euros pour les frais de proc\u00e9dure, rejetant les autres demandes des parties. La solution retenue permet d\u2019avancer dans la r\u00e9paration du pr\u00e9judice tout en s\u00e9curisant le financement de l\u2019instruction.<\/p>\n<p>L\u2019ordonnance d\u2019expertise architecturale : une mesure pr\u00e9paratoire n\u00e9cessaire<\/p>\n<p>La d\u00e9cision ordonne une expertise afin de d\u00e9terminer les besoins sp\u00e9cifiques de la victime. Cette mission couvre l\u2019examen de ses logements actuels et futurs ainsi que l\u2019\u00e9valuation des am\u00e9nagements requis. Le juge pr\u00e9cise que l\u2019expert devra \u00e9galement chiffrer les frais pour un v\u00e9hicule adapt\u00e9 et des aides techniques diverses. Cette mesure d\u2019instruction est justifi\u00e9e par l\u2019existence d\u2019un motif l\u00e9gitime au sens de l\u2019article 145 du code de proc\u00e9dure civile. Elle vise \u00e0 \u00e9clairer le juge du fond sur des \u00e9l\u00e9ments techniques complexes et indispensables \u00e0 la juste indemnisation.<\/p>\n<p>La mission confi\u00e9e \u00e0 l\u2019expert est d\u2019une particuli\u00e8re ampleur et pr\u00e9cision. Elle inclut la convocation des parties, l\u2019examen des lieux et l\u2019\u00e9tablissement de devis d\u00e9taill\u00e9s. &#8220;Evaluer les am\u00e9nagements de logement, les divers frais expos\u00e9s ainsi que tous \u00e9quipements rendus n\u00e9cessaires du fait de son handicap en lien avec l\u2019accident&#8221; (Mission, point 3). Cette instruction pr\u00e9paratoire est essentielle pour objectiver l\u2019\u00e9tendue des besoins futurs de la victime, qui souffre de s\u00e9quelles lourdes et permanentes. Elle garantira une r\u00e9paration int\u00e9grale et personnalis\u00e9e du pr\u00e9judice d\u2019agr\u00e9ment et de logement.<\/p>\n<p>L\u2019octroi de la provision ad litem : un financement s\u00e9curis\u00e9 des frais de proc\u00e9dure<\/p>\n<p>La juridiction a accord\u00e9 une provision ad litem de 6 500 euros \u00e0 la victime. Cette somme est destin\u00e9e \u00e0 couvrir les frais avanc\u00e9s pour l\u2019expertise judiciaire et l\u2019assistance d\u2019un architecte conseil. Le juge rappelle le principe selon lequel le demandeur doit faire l\u2019avance des frais d\u2019expertise. Toutefois, cela n\u2019emp\u00eache pas la condamnation du d\u00e9fendeur au paiement d\u2019une provision ad litem. &#8220;S\u2019il appartient en principe au demandeur de faire l\u2019avance des frais d\u2019expertise, cela ne fait pas obstacle \u00e0 ce qu\u2019il obtienne la condamnation du d\u00e9fendeur au paiement d\u2019une provision ad litem&#8221; (Motifs, sur la demande de provision ad litem). Cette d\u00e9cision s\u00e9curise la position financi\u00e8re de la victime dans le proc\u00e8s.<\/p>\n<p>Le fondement de cette provision r\u00e9side dans l\u2019existence d\u2019une obligation non s\u00e9rieusement contestable. La jurisprudence ant\u00e9rieure confirme cette approche en pr\u00e9cisant le r\u00f4le de la provision. &#8220;L\u2019octroi d\u2019une provision ad litem est destin\u00e9 \u00e0 couvrir les frais de proc\u00e9dure, autrement dit, les futurs d\u00e9pens et frais irr\u00e9p\u00e9tibles&#8221; (Tribunal judiciaire de Nantes, le 11 f\u00e9vrier 2025, n\u00b023\/00800). En l\u2019esp\u00e8ce, la gravit\u00e9 des pr\u00e9judices, attest\u00e9e par le rapport m\u00e9dical, rend l\u2019obligation de r\u00e9paration de l\u2019assureur peu contestable. Ainsi, la provision allou\u00e9e permet \u00e0 la victime de supporter le co\u00fbt imm\u00e9diat de l\u2019expertise sans attendre le jugement d\u00e9finitif sur le fond.<\/p>\n<\/div>\n","protected":false},"excerpt":{"rendered":"<p>Le tribunal judiciaire de Paris, statuant en r\u00e9f\u00e9r\u00e9 le 2 octobre 2025, a \u00e9t\u00e9 saisi par une victime d\u2019un grave accident corporel survenu le 29 octobre 2021. L&#8230;<\/p>\n","protected":false},"author":232070755,"featured_media":9648,"comment_status":"open","ping_status":"open","sticky":false,"template":"","format":"standard","meta":{"_crdt_document":"","_jetpack_newsletter_access":"","_jetpack_dont_email_post_to_subs":false,"_jetpack_newsletter_tier_id":0,"_jetpack_memberships_contains_paywalled_content":false,"_kj_source_type":"judilibre","_kj_official_id":"68dec3ca6af9fd1f8094dbfa","_kj_official_url":"https:\/\/www.courdecassation.fr\/decision\/68dec3ca6af9fd1f8094dbfa","_kj_judilibre_id":"68dec3ca6af9fd1f8094dbfa","_kj_jur":"Tribunal judiciaire","_kj_lieu":"Tribunal judiciaire de Paris","_kj_chambre":"Service des r\u00e9f\u00e9r\u00e9s","_kj_rg":"25\/54585","_kj_date":"2025-10-02","_jetpack_memberships_contains_paid_content":false,"footnotes":"","jetpack_post_was_ever_published":false},"categories":[7597],"tags":[],"class_list":["post-651356","post","type-post","status-publish","format-standard","has-post-thumbnail","hentry","category-jurisprudence"],"yoast_head":"<!-- This site is optimized with the Yoast SEO Premium plugin v27.5 (Yoast SEO v27.5) - https:\/\/yoast.com\/product\/yoast-seo-premium-wordpress\/ -->\n<title>Tribunal judiciaire de Paris, le 2 octobre 2025, n\u00b025\/54585 - Ma\u00eetre Hassan Kohen, avocat en droit p\u00e9nal \u00e0 Paris<\/title>\n<meta name=\"description\" content=\"Le tribunal judiciaire de Paris, statuant en r\u00e9f\u00e9r\u00e9 le 2 octobre 2025, a \u00e9t\u00e9 saisi par une victime d\u2019un grave accident corporel survenu le 29 octobre 2021. L...\" \/>\n<meta name=\"robots\" content=\"index, follow, max-snippet:-1, max-image-preview:large, max-video-preview:-1\" \/>\n<link rel=\"canonical\" href=\"https:\/\/kohenavocats.com\/tr\/tribunal-judiciaire-de-paris-le-2-octobre-2025-n25-54585\/\" \/>\n<meta property=\"og:locale\" content=\"tr_TR\" \/>\n<meta property=\"og:type\" content=\"article\" \/>\n<meta property=\"og:title\" content=\"Tribunal judiciaire de Paris, le 2 octobre 2025, n\u00b025\/54585\" \/>\n<meta property=\"og:description\" content=\"Le tribunal judiciaire de Paris, statuant en r\u00e9f\u00e9r\u00e9 le 2 octobre 2025, a \u00e9t\u00e9 saisi par une victime d\u2019un grave accident corporel survenu le 29 octobre 2021. L...\" \/>\n<meta property=\"og:url\" content=\"https:\/\/kohenavocats.com\/tr\/tribunal-judiciaire-de-paris-le-2-octobre-2025-n25-54585\/\" \/>\n<meta property=\"og:site_name\" content=\"Ma\u00eetre Hassan Kohen, avocat en droit p\u00e9nal \u00e0 Paris\" \/>\n<meta property=\"article:published_time\" content=\"2026-04-22T18:35:11+00:00\" \/>\n<meta property=\"og:image\" content=\"https:\/\/kohenavocats.com\/wp-content\/uploads\/2024\/11\/allison-saeng-KddQtnCcZ68-unsplash.webp\" \/>\n\t<meta property=\"og:image:width\" content=\"4000\" \/>\n\t<meta property=\"og:image:height\" content=\"3000\" \/>\n\t<meta property=\"og:image:type\" content=\"image\/webp\" \/>\n<meta name=\"author\" content=\"Kohen\" \/>\n<meta name=\"twitter:card\" content=\"summary_large_image\" \/>\n<meta name=\"twitter:label1\" content=\"Yazan:\" \/>\n\t<meta name=\"twitter:data1\" content=\"Kohen\" \/>\n\t<meta name=\"twitter:label2\" content=\"Tahmini okuma s\u00fcresi\" \/>\n\t<meta name=\"twitter:data2\" content=\"3 dakika\" \/>\n<script type=\"application\/ld+json\" class=\"yoast-schema-graph\">{\"@context\":\"https:\\\/\\\/schema.org\",\"@graph\":[{\"@type\":\"Article\",\"@id\":\"https:\\\/\\\/kohenavocats.com\\\/tr\\\/tribunal-judiciaire-de-paris-le-2-octobre-2025-n25-54585\\\/#article\",\"isPartOf\":{\"@id\":\"https:\\\/\\\/kohenavocats.com\\\/tr\\\/tribunal-judiciaire-de-paris-le-2-octobre-2025-n25-54585\\\/\"},\"author\":{\"name\":\"Kohen\",\"@id\":\"https:\\\/\\\/kohenavocats.com\\\/tr\\\/#\\\/schema\\\/person\\\/761c9ba54fa1ca84d405cef0831ff751\"},\"headline\":\"Tribunal judiciaire de Paris, le 2 octobre 2025, n\u00b025\\\/54585\",\"datePublished\":\"2026-04-22T18:35:11+00:00\",\"mainEntityOfPage\":{\"@id\":\"https:\\\/\\\/kohenavocats.com\\\/tr\\\/tribunal-judiciaire-de-paris-le-2-octobre-2025-n25-54585\\\/\"},\"wordCount\":599,\"commentCount\":0,\"publisher\":{\"@id\":\"https:\\\/\\\/kohenavocats.com\\\/tr\\\/#organization\"},\"image\":{\"@id\":\"https:\\\/\\\/kohenavocats.com\\\/tr\\\/tribunal-judiciaire-de-paris-le-2-octobre-2025-n25-54585\\\/#primaryimage\"},\"thumbnailUrl\":\"https:\\\/\\\/kohenavocats.com\\\/wp-content\\\/uploads\\\/2024\\\/11\\\/allison-saeng-KddQtnCcZ68-unsplash.webp\",\"articleSection\":[\"Jurisprudence\"],\"inLanguage\":\"tr\",\"potentialAction\":[{\"@type\":\"CommentAction\",\"name\":\"Comment\",\"target\":[\"https:\\\/\\\/kohenavocats.com\\\/tr\\\/tribunal-judiciaire-de-paris-le-2-octobre-2025-n25-54585\\\/#respond\"]}],\"citation\":\"Tribunal judiciaire de Paris, le 2 octobre 2025, n\u00b025\\\/54585\",\"about\":[{\"@type\":\"Thing\",\"name\":\"Jurisprudence\"}],\"dateModified\":\"2026-04-22T18:35:11+00:00\",\"speakable\":{\"@type\":\"SpeakableSpecification\",\"cssSelector\":[\".article-content > p:first-of-type\"]}},{\"@type\":\"WebPage\",\"@id\":\"https:\\\/\\\/kohenavocats.com\\\/tr\\\/tribunal-judiciaire-de-paris-le-2-octobre-2025-n25-54585\\\/\",\"url\":\"https:\\\/\\\/kohenavocats.com\\\/tr\\\/tribunal-judiciaire-de-paris-le-2-octobre-2025-n25-54585\\\/\",\"name\":\"Tribunal judiciaire de Paris, le 2 octobre 2025, n\u00b025\\\/54585 - Ma\u00eetre Hassan Kohen, avocat en droit p\u00e9nal \u00e0 Paris\",\"isPartOf\":{\"@id\":\"https:\\\/\\\/kohenavocats.com\\\/tr\\\/#website\"},\"primaryImageOfPage\":{\"@id\":\"https:\\\/\\\/kohenavocats.com\\\/tr\\\/tribunal-judiciaire-de-paris-le-2-octobre-2025-n25-54585\\\/#primaryimage\"},\"image\":{\"@id\":\"https:\\\/\\\/kohenavocats.com\\\/tr\\\/tribunal-judiciaire-de-paris-le-2-octobre-2025-n25-54585\\\/#primaryimage\"},\"thumbnailUrl\":\"https:\\\/\\\/kohenavocats.com\\\/wp-content\\\/uploads\\\/2024\\\/11\\\/allison-saeng-KddQtnCcZ68-unsplash.webp\",\"datePublished\":\"2026-04-22T18:35:11+00:00\",\"description\":\"Le tribunal judiciaire de Paris, statuant en r\u00e9f\u00e9r\u00e9 le 2 octobre 2025, a \u00e9t\u00e9 saisi par une victime d\u2019un grave accident corporel survenu le 29 octobre 2021. L...\",\"breadcrumb\":{\"@id\":\"https:\\\/\\\/kohenavocats.com\\\/tr\\\/tribunal-judiciaire-de-paris-le-2-octobre-2025-n25-54585\\\/#breadcrumb\"},\"inLanguage\":\"tr\",\"potentialAction\":[{\"@type\":\"ReadAction\",\"target\":[\"https:\\\/\\\/kohenavocats.com\\\/tr\\\/tribunal-judiciaire-de-paris-le-2-octobre-2025-n25-54585\\\/\"]}]},{\"@type\":\"ImageObject\",\"inLanguage\":\"tr\",\"@id\":\"https:\\\/\\\/kohenavocats.com\\\/tr\\\/tribunal-judiciaire-de-paris-le-2-octobre-2025-n25-54585\\\/#primaryimage\",\"url\":\"https:\\\/\\\/kohenavocats.com\\\/wp-content\\\/uploads\\\/2024\\\/11\\\/allison-saeng-KddQtnCcZ68-unsplash.webp\",\"contentUrl\":\"https:\\\/\\\/kohenavocats.com\\\/wp-content\\\/uploads\\\/2024\\\/11\\\/allison-saeng-KddQtnCcZ68-unsplash.webp\",\"width\":4000,\"height\":3000},{\"@type\":\"BreadcrumbList\",\"@id\":\"https:\\\/\\\/kohenavocats.com\\\/tr\\\/tribunal-judiciaire-de-paris-le-2-octobre-2025-n25-54585\\\/#breadcrumb\",\"itemListElement\":[{\"@type\":\"ListItem\",\"position\":1,\"name\":\"Home\",\"item\":\"https:\\\/\\\/kohenavocats.com\\\/tr\\\/avocats-en-droit-penal-a-paris-conseil-et-defense-strategique\\\/\"},{\"@type\":\"ListItem\",\"position\":2,\"name\":\"Tribunal judiciaire de Paris, le 2 octobre 2025, n\u00b025\\\/54585\"}]},{\"@type\":\"WebSite\",\"@id\":\"https:\\\/\\\/kohenavocats.com\\\/tr\\\/#website\",\"url\":\"https:\\\/\\\/kohenavocats.com\\\/tr\\\/\",\"name\":\"Kohen Avocats\",\"description\":\"Ma\u00eetre Hassan Kohen, avocat p\u00e9naliste \u00e0 Paris, intervient exclusivement en droit p\u00e9nal pour la d\u00e9fense des particuliers, notamment en mati\u00e8re d\u2019accusations de viol. Il assure un accompagnement rigoureux d\u00e8s la garde \u00e0 vue jusqu\u2019\u00e0 la Cour d\u2019assises, veillant au strict respect des garanties proc\u00e9durales.\",\"publisher\":{\"@id\":\"https:\\\/\\\/kohenavocats.com\\\/tr\\\/#organization\"},\"potentialAction\":[{\"@type\":\"SearchAction\",\"target\":{\"@type\":\"EntryPoint\",\"urlTemplate\":\"https:\\\/\\\/kohenavocats.com\\\/tr\\\/?s={search_term_string}\"},\"query-input\":{\"@type\":\"PropertyValueSpecification\",\"valueRequired\":true,\"valueName\":\"search_term_string\"}}],\"inLanguage\":\"tr\"},{\"@type\":\"Organization\",\"@id\":\"https:\\\/\\\/kohenavocats.com\\\/tr\\\/#organization\",\"name\":\"Kohen Avocats\",\"url\":\"https:\\\/\\\/kohenavocats.com\\\/tr\\\/\",\"logo\":{\"@type\":\"ImageObject\",\"inLanguage\":\"tr\",\"@id\":\"https:\\\/\\\/kohenavocats.com\\\/tr\\\/#\\\/schema\\\/logo\\\/image\\\/\",\"url\":\"https:\\\/\\\/kohenavocats.com\\\/wp-content\\\/uploads\\\/2026\\\/01\\\/Logo-2-1.webp\",\"contentUrl\":\"https:\\\/\\\/kohenavocats.com\\\/wp-content\\\/uploads\\\/2026\\\/01\\\/Logo-2-1.webp\",\"width\":2114,\"height\":1253,\"caption\":\"Kohen Avocats\"},\"image\":{\"@id\":\"https:\\\/\\\/kohenavocats.com\\\/tr\\\/#\\\/schema\\\/logo\\\/image\\\/\"}},{\"@type\":\"Person\",\"@id\":\"https:\\\/\\\/kohenavocats.com\\\/tr\\\/#\\\/schema\\\/person\\\/761c9ba54fa1ca84d405cef0831ff751\",\"name\":\"Kohen\",\"image\":{\"@type\":\"ImageObject\",\"inLanguage\":\"tr\",\"@id\":\"https:\\\/\\\/secure.gravatar.com\\\/avatar\\\/1c5e76ef76bbbfdd2b4da984e2bf2fa4056fd51a27d25ce2c332047f1dfd6e00?s=96&d=identicon&r=g\",\"url\":\"https:\\\/\\\/secure.gravatar.com\\\/avatar\\\/1c5e76ef76bbbfdd2b4da984e2bf2fa4056fd51a27d25ce2c332047f1dfd6e00?s=96&d=identicon&r=g\",\"contentUrl\":\"https:\\\/\\\/secure.gravatar.com\\\/avatar\\\/1c5e76ef76bbbfdd2b4da984e2bf2fa4056fd51a27d25ce2c332047f1dfd6e00?s=96&d=identicon&r=g\",\"caption\":\"Kohen\"},\"sameAs\":[\"https:\\\/\\\/www.linkedin.com\\\/in\\\/hassan-kohen-448548192\\\/\",\"https:\\\/\\\/www.youtube.com\\\/@Kohen-Avocats\"],\"url\":\"https:\\\/\\\/kohenavocats.com\\\/tr\\\/author\\\/kohenmlk\\\/\"}]}<\/script>\n<!-- \/ Yoast SEO Premium plugin. -->","yoast_head_json":{"title":"Tribunal judiciaire de Paris, le 2 octobre 2025, n\u00b025\/54585 - Ma\u00eetre Hassan Kohen, avocat en droit p\u00e9nal \u00e0 Paris","description":"Le tribunal judiciaire de Paris, statuant en r\u00e9f\u00e9r\u00e9 le 2 octobre 2025, a \u00e9t\u00e9 saisi par une victime d\u2019un grave accident corporel survenu le 29 octobre 2021. L...","robots":{"index":"index","follow":"follow","max-snippet":"max-snippet:-1","max-image-preview":"max-image-preview:large","max-video-preview":"max-video-preview:-1"},"canonical":"https:\/\/kohenavocats.com\/tr\/tribunal-judiciaire-de-paris-le-2-octobre-2025-n25-54585\/","og_locale":"tr_TR","og_type":"article","og_title":"Tribunal judiciaire de Paris, le 2 octobre 2025, n\u00b025\/54585","og_description":"Le tribunal judiciaire de Paris, statuant en r\u00e9f\u00e9r\u00e9 le 2 octobre 2025, a \u00e9t\u00e9 saisi par une victime d\u2019un grave accident corporel survenu le 29 octobre 2021. L...","og_url":"https:\/\/kohenavocats.com\/tr\/tribunal-judiciaire-de-paris-le-2-octobre-2025-n25-54585\/","og_site_name":"Ma\u00eetre Hassan Kohen, avocat en droit p\u00e9nal \u00e0 Paris","article_published_time":"2026-04-22T18:35:11+00:00","og_image":[{"width":4000,"height":3000,"url":"https:\/\/kohenavocats.com\/wp-content\/uploads\/2024\/11\/allison-saeng-KddQtnCcZ68-unsplash.webp","type":"image\/webp"}],"author":"Kohen","twitter_card":"summary_large_image","twitter_misc":{"Yazan:":"Kohen","Tahmini okuma s\u00fcresi":"3 dakika"},"schema":{"@context":"https:\/\/schema.org","@graph":[{"@type":"Article","@id":"https:\/\/kohenavocats.com\/tr\/tribunal-judiciaire-de-paris-le-2-octobre-2025-n25-54585\/#article","isPartOf":{"@id":"https:\/\/kohenavocats.com\/tr\/tribunal-judiciaire-de-paris-le-2-octobre-2025-n25-54585\/"},"author":{"name":"Kohen","@id":"https:\/\/kohenavocats.com\/tr\/#\/schema\/person\/761c9ba54fa1ca84d405cef0831ff751"},"headline":"Tribunal judiciaire de Paris, le 2 octobre 2025, n\u00b025\/54585","datePublished":"2026-04-22T18:35:11+00:00","mainEntityOfPage":{"@id":"https:\/\/kohenavocats.com\/tr\/tribunal-judiciaire-de-paris-le-2-octobre-2025-n25-54585\/"},"wordCount":599,"commentCount":0,"publisher":{"@id":"https:\/\/kohenavocats.com\/tr\/#organization"},"image":{"@id":"https:\/\/kohenavocats.com\/tr\/tribunal-judiciaire-de-paris-le-2-octobre-2025-n25-54585\/#primaryimage"},"thumbnailUrl":"https:\/\/kohenavocats.com\/wp-content\/uploads\/2024\/11\/allison-saeng-KddQtnCcZ68-unsplash.webp","articleSection":["Jurisprudence"],"inLanguage":"tr","potentialAction":[{"@type":"CommentAction","name":"Comment","target":["https:\/\/kohenavocats.com\/tr\/tribunal-judiciaire-de-paris-le-2-octobre-2025-n25-54585\/#respond"]}],"citation":"Tribunal judiciaire de Paris, le 2 octobre 2025, n\u00b025\/54585","about":[{"@type":"Thing","name":"Jurisprudence"}],"dateModified":"2026-04-22T18:35:11+00:00","speakable":{"@type":"SpeakableSpecification","cssSelector":[".article-content > p:first-of-type"]}},{"@type":"WebPage","@id":"https:\/\/kohenavocats.com\/tr\/tribunal-judiciaire-de-paris-le-2-octobre-2025-n25-54585\/","url":"https:\/\/kohenavocats.com\/tr\/tribunal-judiciaire-de-paris-le-2-octobre-2025-n25-54585\/","name":"Tribunal judiciaire de Paris, le 2 octobre 2025, n\u00b025\/54585 - Ma\u00eetre Hassan Kohen, avocat en droit p\u00e9nal \u00e0 Paris","isPartOf":{"@id":"https:\/\/kohenavocats.com\/tr\/#website"},"primaryImageOfPage":{"@id":"https:\/\/kohenavocats.com\/tr\/tribunal-judiciaire-de-paris-le-2-octobre-2025-n25-54585\/#primaryimage"},"image":{"@id":"https:\/\/kohenavocats.com\/tr\/tribunal-judiciaire-de-paris-le-2-octobre-2025-n25-54585\/#primaryimage"},"thumbnailUrl":"https:\/\/kohenavocats.com\/wp-content\/uploads\/2024\/11\/allison-saeng-KddQtnCcZ68-unsplash.webp","datePublished":"2026-04-22T18:35:11+00:00","description":"Le tribunal judiciaire de Paris, statuant en r\u00e9f\u00e9r\u00e9 le 2 octobre 2025, a \u00e9t\u00e9 saisi par une victime d\u2019un grave accident corporel survenu le 29 octobre 2021. L...","breadcrumb":{"@id":"https:\/\/kohenavocats.com\/tr\/tribunal-judiciaire-de-paris-le-2-octobre-2025-n25-54585\/#breadcrumb"},"inLanguage":"tr","potentialAction":[{"@type":"ReadAction","target":["https:\/\/kohenavocats.com\/tr\/tribunal-judiciaire-de-paris-le-2-octobre-2025-n25-54585\/"]}]},{"@type":"ImageObject","inLanguage":"tr","@id":"https:\/\/kohenavocats.com\/tr\/tribunal-judiciaire-de-paris-le-2-octobre-2025-n25-54585\/#primaryimage","url":"https:\/\/kohenavocats.com\/wp-content\/uploads\/2024\/11\/allison-saeng-KddQtnCcZ68-unsplash.webp","contentUrl":"https:\/\/kohenavocats.com\/wp-content\/uploads\/2024\/11\/allison-saeng-KddQtnCcZ68-unsplash.webp","width":4000,"height":3000},{"@type":"BreadcrumbList","@id":"https:\/\/kohenavocats.com\/tr\/tribunal-judiciaire-de-paris-le-2-octobre-2025-n25-54585\/#breadcrumb","itemListElement":[{"@type":"ListItem","position":1,"name":"Home","item":"https:\/\/kohenavocats.com\/tr\/avocats-en-droit-penal-a-paris-conseil-et-defense-strategique\/"},{"@type":"ListItem","position":2,"name":"Tribunal judiciaire de Paris, le 2 octobre 2025, n\u00b025\/54585"}]},{"@type":"WebSite","@id":"https:\/\/kohenavocats.com\/tr\/#website","url":"https:\/\/kohenavocats.com\/tr\/","name":"Kohen Avocats","description":"Ma\u00eetre Hassan Kohen, avocat p\u00e9naliste \u00e0 Paris, intervient exclusivement en droit p\u00e9nal pour la d\u00e9fense des particuliers, notamment en mati\u00e8re d\u2019accusations de viol. Il assure un accompagnement rigoureux d\u00e8s la garde \u00e0 vue jusqu\u2019\u00e0 la Cour d\u2019assises, veillant au strict respect des garanties proc\u00e9durales.","publisher":{"@id":"https:\/\/kohenavocats.com\/tr\/#organization"},"potentialAction":[{"@type":"SearchAction","target":{"@type":"EntryPoint","urlTemplate":"https:\/\/kohenavocats.com\/tr\/?s={search_term_string}"},"query-input":{"@type":"PropertyValueSpecification","valueRequired":true,"valueName":"search_term_string"}}],"inLanguage":"tr"},{"@type":"Organization","@id":"https:\/\/kohenavocats.com\/tr\/#organization","name":"Kohen Avocats","url":"https:\/\/kohenavocats.com\/tr\/","logo":{"@type":"ImageObject","inLanguage":"tr","@id":"https:\/\/kohenavocats.com\/tr\/#\/schema\/logo\/image\/","url":"https:\/\/kohenavocats.com\/wp-content\/uploads\/2026\/01\/Logo-2-1.webp","contentUrl":"https:\/\/kohenavocats.com\/wp-content\/uploads\/2026\/01\/Logo-2-1.webp","width":2114,"height":1253,"caption":"Kohen Avocats"},"image":{"@id":"https:\/\/kohenavocats.com\/tr\/#\/schema\/logo\/image\/"}},{"@type":"Person","@id":"https:\/\/kohenavocats.com\/tr\/#\/schema\/person\/761c9ba54fa1ca84d405cef0831ff751","name":"Kohen","image":{"@type":"ImageObject","inLanguage":"tr","@id":"https:\/\/secure.gravatar.com\/avatar\/1c5e76ef76bbbfdd2b4da984e2bf2fa4056fd51a27d25ce2c332047f1dfd6e00?s=96&d=identicon&r=g","url":"https:\/\/secure.gravatar.com\/avatar\/1c5e76ef76bbbfdd2b4da984e2bf2fa4056fd51a27d25ce2c332047f1dfd6e00?s=96&d=identicon&r=g","contentUrl":"https:\/\/secure.gravatar.com\/avatar\/1c5e76ef76bbbfdd2b4da984e2bf2fa4056fd51a27d25ce2c332047f1dfd6e00?s=96&d=identicon&r=g","caption":"Kohen"},"sameAs":["https:\/\/www.linkedin.com\/in\/hassan-kohen-448548192\/","https:\/\/www.youtube.com\/@Kohen-Avocats"],"url":"https:\/\/kohenavocats.com\/tr\/author\/kohenmlk\/"}]}},"jetpack_featured_media_url":"https:\/\/kohenavocats.com\/wp-content\/uploads\/2024\/11\/allison-saeng-KddQtnCcZ68-unsplash.webp","jetpack_likes_enabled":false,"jetpack_shortlink":"https:\/\/wp.me\/peCrII-2JrK","jetpack-related-posts":[{"id":734844,"url":"https:\/\/kohenavocats.com\/tr\/tribunal-judiciaire-de-nanterre-le-29-janvier-2026-n25-02287\/","url_meta":{"origin":651356,"position":0},"title":"Tribunal judiciaire de Nanterre, le 29 janvier 2026, n\u00b025\/02287","author":"Kohen","date":"28 Nisan 2026","format":false,"excerpt":"Le Tribunal judiciaire de Nanterre, statuant en r\u00e9f\u00e9r\u00e9 le 29 janvier 2026, a ordonn\u00e9 deux expertises et rejet\u00e9 une demande de provision. Les parents d\u2019un...","rel":"","context":"&quot;D\u00e9cisions juridiques&quot; i\u00e7inde","block_context":{"text":"D\u00e9cisions juridiques","link":"https:\/\/kohenavocats.com\/category\/decisions-juridiques\/"},"img":{"alt_text":"","src":"https:\/\/i0.wp.com\/kohenavocats.com\/wp-content\/uploads\/2024\/11\/lala-azizli-FwzWgaUqjlc-unsplash.webp?resize=350%2C200&ssl=1","width":350,"height":200,"srcset":"https:\/\/i0.wp.com\/kohenavocats.com\/wp-content\/uploads\/2024\/11\/lala-azizli-FwzWgaUqjlc-unsplash.webp?resize=350%2C200&ssl=1 1x, https:\/\/i0.wp.com\/kohenavocats.com\/wp-content\/uploads\/2024\/11\/lala-azizli-FwzWgaUqjlc-unsplash.webp?resize=525%2C300&ssl=1 1.5x, https:\/\/i0.wp.com\/kohenavocats.com\/wp-content\/uploads\/2024\/11\/lala-azizli-FwzWgaUqjlc-unsplash.webp?resize=700%2C400&ssl=1 2x, https:\/\/i0.wp.com\/kohenavocats.com\/wp-content\/uploads\/2024\/11\/lala-azizli-FwzWgaUqjlc-unsplash.webp?resize=1050%2C600&ssl=1 3x, https:\/\/i0.wp.com\/kohenavocats.com\/wp-content\/uploads\/2024\/11\/lala-azizli-FwzWgaUqjlc-unsplash.webp?resize=1400%2C800&ssl=1 4x"},"classes":[]},{"id":737039,"url":"https:\/\/kohenavocats.com\/tr\/tribunal-judiciaire-de-bordeaux-le-28-janvier-2026-n25-03939\/","url_meta":{"origin":651356,"position":1},"title":"Tribunal judiciaire de Bordeaux, le 28 janvier 2026, n\u00b025\/03939","author":"Kohen","date":"28 Nisan 2026","format":false,"excerpt":"Le tribunal judiciaire de Bordeaux, statuant par ordonnance du 28 janvier 2026, a \u00e9t\u00e9 saisi d\u2019un incident relatif \u00e0 l\u2019indemnisation d\u2019un patient victime...","rel":"","context":"&quot;D\u00e9cisions juridiques&quot; i\u00e7inde","block_context":{"text":"D\u00e9cisions juridiques","link":"https:\/\/kohenavocats.com\/category\/decisions-juridiques\/"},"img":{"alt_text":"","src":"https:\/\/i0.wp.com\/kohenavocats.com\/wp-content\/uploads\/2024\/11\/toa-heftiba-BUG3Exlsdko-unsplash.webp?resize=350%2C200&ssl=1","width":350,"height":200,"srcset":"https:\/\/i0.wp.com\/kohenavocats.com\/wp-content\/uploads\/2024\/11\/toa-heftiba-BUG3Exlsdko-unsplash.webp?resize=350%2C200&ssl=1 1x, https:\/\/i0.wp.com\/kohenavocats.com\/wp-content\/uploads\/2024\/11\/toa-heftiba-BUG3Exlsdko-unsplash.webp?resize=525%2C300&ssl=1 1.5x, https:\/\/i0.wp.com\/kohenavocats.com\/wp-content\/uploads\/2024\/11\/toa-heftiba-BUG3Exlsdko-unsplash.webp?resize=700%2C400&ssl=1 2x, https:\/\/i0.wp.com\/kohenavocats.com\/wp-content\/uploads\/2024\/11\/toa-heftiba-BUG3Exlsdko-unsplash.webp?resize=1050%2C600&ssl=1 3x, https:\/\/i0.wp.com\/kohenavocats.com\/wp-content\/uploads\/2024\/11\/toa-heftiba-BUG3Exlsdko-unsplash.webp?resize=1400%2C800&ssl=1 4x"},"classes":[]},{"id":359556,"url":"https:\/\/kohenavocats.com\/tr\/tribunal-judiciaire-de-nanterre-le-6-octobre-2025-n25-00718\/","url_meta":{"origin":651356,"position":2},"title":"Tribunal judiciaire de Nanterre, le 6 octobre 2025, n\u00b025\/00718","author":"Kohen","date":"11 \u015eubat 2026","format":false,"excerpt":"Le Tribunal judiciaire de Nanterre, statuant en r\u00e9f\u00e9r\u00e9 le 6 octobre 2025, est saisi d\u2019une demande de mesures d\u2019instruction et de provisions formul\u00e9e par...","rel":"","context":"&quot;D\u00e9cisions juridiques&quot; i\u00e7inde","block_context":{"text":"D\u00e9cisions juridiques","link":"https:\/\/kohenavocats.com\/category\/decisions-juridiques\/"},"img":{"alt_text":"","src":"https:\/\/i0.wp.com\/kohenavocats.com\/wp-content\/uploads\/2024\/08\/chris-linnett-aoJDcEy2tBo-unsplash.webp?resize=350%2C200&ssl=1","width":350,"height":200,"srcset":"https:\/\/i0.wp.com\/kohenavocats.com\/wp-content\/uploads\/2024\/08\/chris-linnett-aoJDcEy2tBo-unsplash.webp?resize=350%2C200&ssl=1 1x, https:\/\/i0.wp.com\/kohenavocats.com\/wp-content\/uploads\/2024\/08\/chris-linnett-aoJDcEy2tBo-unsplash.webp?resize=525%2C300&ssl=1 1.5x, https:\/\/i0.wp.com\/kohenavocats.com\/wp-content\/uploads\/2024\/08\/chris-linnett-aoJDcEy2tBo-unsplash.webp?resize=700%2C400&ssl=1 2x, https:\/\/i0.wp.com\/kohenavocats.com\/wp-content\/uploads\/2024\/08\/chris-linnett-aoJDcEy2tBo-unsplash.webp?resize=1050%2C600&ssl=1 3x, https:\/\/i0.wp.com\/kohenavocats.com\/wp-content\/uploads\/2024\/08\/chris-linnett-aoJDcEy2tBo-unsplash.webp?resize=1400%2C800&ssl=1 4x"},"classes":[]},{"id":133842,"url":"https:\/\/kohenavocats.com\/tr\/tribunal-judiciaire-de-bourgoin-jallieu-le-19-juin-2025-n25-00059\/","url_meta":{"origin":651356,"position":3},"title":"Tribunal judiciaire de Bourgoin-Jallieu, le 19 juin 2025, n\u00b025\/00059","author":"Kohen","date":"12 Kas\u0131m 2025","format":false,"excerpt":"**Preparing for a comprehensive commentary**The user's assignment is quite complex, calling for an essay-like commentary of around 800-1200 words. The desired verbosity is 3 by default, but we can expand for this task to ensure a complete response. I won't mention any internal tools or disclaimers while composing. My focus\u2026","rel":"","context":"&quot;D\u00e9cisions juridiques&quot; i\u00e7inde","block_context":{"text":"D\u00e9cisions juridiques","link":"https:\/\/kohenavocats.com\/category\/decisions-juridiques\/"},"img":{"alt_text":"","src":"https:\/\/i0.wp.com\/kohenavocats.com\/wp-content\/uploads\/2024\/07\/pierre-bamin-tY7hL5Bu7Ic-unsplash.webp?resize=350%2C200&ssl=1","width":350,"height":200,"srcset":"https:\/\/i0.wp.com\/kohenavocats.com\/wp-content\/uploads\/2024\/07\/pierre-bamin-tY7hL5Bu7Ic-unsplash.webp?resize=350%2C200&ssl=1 1x, https:\/\/i0.wp.com\/kohenavocats.com\/wp-content\/uploads\/2024\/07\/pierre-bamin-tY7hL5Bu7Ic-unsplash.webp?resize=525%2C300&ssl=1 1.5x, https:\/\/i0.wp.com\/kohenavocats.com\/wp-content\/uploads\/2024\/07\/pierre-bamin-tY7hL5Bu7Ic-unsplash.webp?resize=700%2C400&ssl=1 2x, https:\/\/i0.wp.com\/kohenavocats.com\/wp-content\/uploads\/2024\/07\/pierre-bamin-tY7hL5Bu7Ic-unsplash.webp?resize=1050%2C600&ssl=1 3x, https:\/\/i0.wp.com\/kohenavocats.com\/wp-content\/uploads\/2024\/07\/pierre-bamin-tY7hL5Bu7Ic-unsplash.webp?resize=1400%2C800&ssl=1 4x"},"classes":[]},{"id":491781,"url":"https:\/\/kohenavocats.com\/tr\/tribunal-judiciaire-de-paris-le-18-novembre-2025-n22-15011\/","url_meta":{"origin":651356,"position":4},"title":"Tribunal judiciaire de Paris, le 18 novembre 2025, n\u00b022\/15011","author":"Kohen","date":"8 Nisan 2026","format":false,"excerpt":"Le Tribunal judiciaire de Paris, cinqui\u00e8me chambre, premi\u00e8re section, a statu\u00e9 le 18 novembre 2025 sur un accident survenu dans une officine. Une usag\u00e8re a c...","rel":"","context":"&quot;Jurisprudence&quot; i\u00e7inde","block_context":{"text":"Jurisprudence","link":"https:\/\/kohenavocats.com\/category\/jurisprudence\/"},"img":{"alt_text":"","src":"https:\/\/i0.wp.com\/kohenavocats.com\/wp-content\/uploads\/2024\/08\/rosilaine-alves-674oH-T1wNo-unsplash-1.webp?resize=350%2C200&ssl=1","width":350,"height":200,"srcset":"https:\/\/i0.wp.com\/kohenavocats.com\/wp-content\/uploads\/2024\/08\/rosilaine-alves-674oH-T1wNo-unsplash-1.webp?resize=350%2C200&ssl=1 1x, https:\/\/i0.wp.com\/kohenavocats.com\/wp-content\/uploads\/2024\/08\/rosilaine-alves-674oH-T1wNo-unsplash-1.webp?resize=525%2C300&ssl=1 1.5x, https:\/\/i0.wp.com\/kohenavocats.com\/wp-content\/uploads\/2024\/08\/rosilaine-alves-674oH-T1wNo-unsplash-1.webp?resize=700%2C400&ssl=1 2x, https:\/\/i0.wp.com\/kohenavocats.com\/wp-content\/uploads\/2024\/08\/rosilaine-alves-674oH-T1wNo-unsplash-1.webp?resize=1050%2C600&ssl=1 3x, https:\/\/i0.wp.com\/kohenavocats.com\/wp-content\/uploads\/2024\/08\/rosilaine-alves-674oH-T1wNo-unsplash-1.webp?resize=1400%2C800&ssl=1 4x"},"classes":[]},{"id":650161,"url":"https:\/\/kohenavocats.com\/tr\/tribunal-judiciaire-de-paris-le-2-octobre-2025-n25-55445\/","url_meta":{"origin":651356,"position":5},"title":"Tribunal judiciaire de Paris, le 2 octobre 2025, n\u00b025\/55445","author":"Kohen","date":"22 Nisan 2026","format":false,"excerpt":"Le Tribunal judiciaire de Paris, statuant en r\u00e9f\u00e9r\u00e9 le 2 octobre 2025, \u00e9tait saisi d'une demande de provision suite \u00e0 un accident corporel survenu en mai 202...","rel":"","context":"&quot;Jurisprudence&quot; i\u00e7inde","block_context":{"text":"Jurisprudence","link":"https:\/\/kohenavocats.com\/category\/jurisprudence\/"},"img":{"alt_text":"","src":"https:\/\/i0.wp.com\/kohenavocats.com\/wp-content\/uploads\/2024\/08\/alexey-larionov-D2hRgjgmB8Y-unsplash.webp?resize=350%2C200&ssl=1","width":350,"height":200,"srcset":"https:\/\/i0.wp.com\/kohenavocats.com\/wp-content\/uploads\/2024\/08\/alexey-larionov-D2hRgjgmB8Y-unsplash.webp?resize=350%2C200&ssl=1 1x, https:\/\/i0.wp.com\/kohenavocats.com\/wp-content\/uploads\/2024\/08\/alexey-larionov-D2hRgjgmB8Y-unsplash.webp?resize=525%2C300&ssl=1 1.5x, https:\/\/i0.wp.com\/kohenavocats.com\/wp-content\/uploads\/2024\/08\/alexey-larionov-D2hRgjgmB8Y-unsplash.webp?resize=700%2C400&ssl=1 2x, https:\/\/i0.wp.com\/kohenavocats.com\/wp-content\/uploads\/2024\/08\/alexey-larionov-D2hRgjgmB8Y-unsplash.webp?resize=1050%2C600&ssl=1 3x, https:\/\/i0.wp.com\/kohenavocats.com\/wp-content\/uploads\/2024\/08\/alexey-larionov-D2hRgjgmB8Y-unsplash.webp?resize=1400%2C800&ssl=1 4x"},"classes":[]}],"jetpack_sharing_enabled":true,"_links":{"self":[{"href":"https:\/\/kohenavocats.com\/tr\/wp-json\/wp\/v2\/posts\/651356","targetHints":{"allow":["GET"]}}],"collection":[{"href":"https:\/\/kohenavocats.com\/tr\/wp-json\/wp\/v2\/posts"}],"about":[{"href":"https:\/\/kohenavocats.com\/tr\/wp-json\/wp\/v2\/types\/post"}],"author":[{"embeddable":true,"href":"https:\/\/kohenavocats.com\/tr\/wp-json\/wp\/v2\/users\/232070755"}],"replies":[{"embeddable":true,"href":"https:\/\/kohenavocats.com\/tr\/wp-json\/wp\/v2\/comments?post=651356"}],"version-history":[{"count":0,"href":"https:\/\/kohenavocats.com\/tr\/wp-json\/wp\/v2\/posts\/651356\/revisions"}],"wp:featuredmedia":[{"embeddable":true,"href":"https:\/\/kohenavocats.com\/tr\/wp-json\/wp\/v2\/media\/9648"}],"wp:attachment":[{"href":"https:\/\/kohenavocats.com\/tr\/wp-json\/wp\/v2\/media?parent=651356"}],"wp:term":[{"taxonomy":"category","embeddable":true,"href":"https:\/\/kohenavocats.com\/tr\/wp-json\/wp\/v2\/categories?post=651356"},{"taxonomy":"post_tag","embeddable":true,"href":"https:\/\/kohenavocats.com\/tr\/wp-json\/wp\/v2\/tags?post=651356"}],"curies":[{"name":"wp","href":"https:\/\/api.w.org\/{rel}","templated":true}]}}