{"id":651859,"date":"2026-04-22T21:53:52","date_gmt":"2026-04-22T19:53:52","guid":{"rendered":"https:\/\/kohenavocats.com\/tribunal-judiciaire-de-lyon-le-2-octobre-2025-n23-07451\/"},"modified":"2026-04-22T21:53:52","modified_gmt":"2026-04-22T19:53:52","slug":"tribunal-judiciaire-de-lyon-le-2-octobre-2025-n23-07451","status":"publish","type":"post","link":"https:\/\/kohenavocats.com\/tr\/tribunal-judiciaire-de-lyon-le-2-octobre-2025-n23-07451\/","title":{"rendered":"Tribunal judiciaire de Lyon, le 2 octobre 2025, n\u00b023\/07451"},"content":{"rendered":"<div class=\"article-content\">\n<p>Le tribunal judiciaire de Lyon, statuant en la personne du juge de la mise en \u00e9tat, rend une ordonnance le 2 octobre 2025. Cette d\u00e9cision intervient dans un contentieux complexe opposant de multiples assureurs de constructeurs \u00e0 l&#8217;assureur dommages-ouvrage d&#8217;un ma\u00eetre d&#8217;ouvrage hospitalier. Le juge statue sur un incident de proc\u00e9dure regroupant plusieurs demandes, dont un d\u00e9sistement et des requ\u00eates en sursis \u00e0 statuer. Il constate le d\u00e9sistement d&#8217;instance et d&#8217;action de l&#8217;assureur dommages-ouvrage \u00e0 l&#8217;encontre de l&#8217;un des d\u00e9fendeurs. Concernant les autres demandes, il ordonne la r\u00e9ouverture des d\u00e9bats et renvoie l&#8217;affaire pour compl\u00e9ment d&#8217;instruction, r\u00e9servant les questions de fond.<\/p>\n<p>Le formalisme du d\u00e9sistement et ses effets proc\u00e9duraux<\/p>\n<p>Le juge rappelle les conditions de validit\u00e9 d&#8217;un d\u00e9sistement d&#8217;instance. L&#8217;article 394 du code de proc\u00e9dure civile \u00e9nonce que &#8220;le demandeur peut, en toute mati\u00e8re, se d\u00e9sister de sa demande en vue de mettre fin \u00e0 l&#8217;instance&#8221;. L&#8217;acceptation du d\u00e9fendeur n&#8217;est pas n\u00e9cessaire &#8220;si le d\u00e9fendeur n&#8217;a pr\u00e9sent\u00e9 aucune d\u00e9fense au fond ou fin de non-recevoir au moment o\u00f9 le demandeur se d\u00e9siste&#8221; (article 395). En l&#8217;esp\u00e8ce, la soci\u00e9t\u00e9 vis\u00e9e &#8220;n\u2019a pas constitu\u00e9 avocat et n\u2019a par cons\u00e9quent soulev\u00e9 aucune d\u00e9fense au fond ou fin de non-recevoir&#8221;. Le d\u00e9sistement est donc d\u00e9clar\u00e9 parfait, entra\u00eenant l&#8217;extinction de l&#8217;instance entre les deux parties concern\u00e9es. Cette application stricte s\u00e9curise la proc\u00e9dure en \u00e9vitant les d\u00e9sistements unilat\u00e9raux abusifs lorsque le d\u00e9fendeur s&#8217;est d\u00e9j\u00e0 d\u00e9fendu. Elle garantit aussi l&#8217;efficacit\u00e9 proc\u00e9durale en permettant une extinction rapide lorsque l&#8217;adversaire est d\u00e9faillant.<\/p>\n<p>La port\u00e9e du d\u00e9sistement est \u00e9galement pr\u00e9cis\u00e9e par le juge. Selon l&#8217;article 398, &#8220;le d\u00e9sistement n&#8217;emporte pas renonciation \u00e0 l&#8217;action, mais seulement extinction de l&#8217;instance&#8221;. Toutefois, le demandeur peut aussi se d\u00e9sister de son action s&#8217;il l&#8217;indique clairement. Ici, le demandeur &#8220;se d\u00e9siste de son instance et de son action&#8221;. Le juge constate donc l&#8217;extinction d\u00e9finitive du litige entre ces parties, emp\u00eachant toute nouvelle action sur le m\u00eame fondement. Cette distinction est essentielle pour la s\u00e9curit\u00e9 juridique des parties, clarifiant si le litige est \u00e9teint ou simplement suspendu. Elle \u00e9vite ainsi des contentieux futurs sur la possibilit\u00e9 de r\u00e9introduire la m\u00eame demande.<\/p>\n<p>La n\u00e9cessit\u00e9 d&#8217;un d\u00e9bat contradictoire et la r\u00e9ouverture des d\u00e9bats<\/p>\n<p>Le juge souligne l&#8217;importance du principe contradictoire pour trancher les demandes incidentes. L&#8217;article 444 du code de proc\u00e9dure civile pr\u00e9voit que le pr\u00e9sident &#8220;doit&#8221; ordonner la r\u00e9ouverture &#8220;chaque fois que les parties n&#8217;ont pas \u00e9t\u00e9 \u00e0 m\u00eame de s&#8217;expliquer contradictoirement&#8221;. Or, &#8220;aucune r\u00e9ponse n\u2019a \u00e9t\u00e9 apport\u00e9e aux demandes de mise hors de cause&#8221; par certains d\u00e9fendeurs. De m\u00eame, le demandeur principal &#8220;n\u2019a rien dit sur les fins de non-recevoir invoqu\u00e9es&#8221;. Cette carence dans les \u00e9changes justifie pleinement la r\u00e9ouverture. Cette application rigoureuse prot\u00e8ge les droits de la d\u00e9fense et garantit que chaque moyen est discut\u00e9. Elle renforce l&#8217;\u00e9quit\u00e9 proc\u00e9durale dans des dossiers complexes impliquant de nombreux intervenants.<\/p>\n<p>La d\u00e9cision met en lumi\u00e8re la complexit\u00e9 de l&#8217;instruction lorsque coexistent plusieurs proc\u00e9dures. Le juge rel\u00e8ve des incoh\u00e9rences dans les demandes de sursis \u00e0 statuer. Certaines parties invoquent &#8220;l\u2019attente d\u2019une d\u00e9cision d\u00e9finitive de la juridiction administrative&#8221; suite \u00e0 une requ\u00eate, mais &#8220;la cour administrative d\u2019appel a statu\u00e9 sur cet appel par d\u00e9cision du 5 d\u00e9cembre 2024&#8221;. D&#8217;autres fondent leur demande sur un rapport d&#8217;expertise dont le &#8220;rapport d\u00e9finitif&#8221; a \u00e9t\u00e9 rendu en 2023. Ces contradictions rendent &#8220;tout \u00e0 fait utiles&#8221; des \u00e9claircissements sur les proc\u00e9dures administratives parall\u00e8les. Le juge \u00e9vite ainsi de statuer sur des bases factuelles erron\u00e9es ou obsol\u00e8tes. Cette prudence est cruciale pour la coh\u00e9rence d&#8217;ensemble du litige et le lien d&#8217;autorit\u00e9 entre les d\u00e9cisions.<\/p>\n<p>La gestion proc\u00e9durale des contentieux complexes multi-parties<\/p>\n<p>L&#8217;ordonnance illustre les techniques de gestion des litiges impliquant de nombreux acteurs. Le juge use du renvoi pour permettre aux parties de compl\u00e9ter leurs argumentations. Il les invite \u00e0 &#8220;r\u00e9pondre aux demandes de mises hors de cause&#8221;, aux &#8220;fins de non-recevoir&#8221; et \u00e0 &#8220;apporter des \u00e9claircissements sur le motif du sursis \u00e0 statuer&#8221;. Cette m\u00e9thode permet de simplifier les d\u00e9bats en s\u00e9parant les questions purement proc\u00e9durales. Elle assure une instruction compl\u00e8te avant tout examen au fond, \u00e9conomisant ainsi le temps judiciaire. Cette approche est particuli\u00e8rement adapt\u00e9e aux contentieux d&#8217;assurance construction, souvent techniques et multipolaires.<\/p>\n<p>La d\u00e9cision d\u00e9montre enfin l&#8217;interaction entre les ordres de juridiction. Le juge judiciaire doit tenir compte des proc\u00e9dures pendantes devant les tribunaux administratifs. Il rel\u00e8ve qu&#8217;une partie fonde son sursis sur une requ\u00eate &#8220;d\u00e9pos\u00e9e par celui-ci devant le tribunal administratif de Lyon&#8221;. Une autre mentionne &#8220;un jugement du tribunal administratif de Lyon du 9 mars 2023&#8221; frapp\u00e9 d&#8217;appel. En r\u00e9servant les demandes de sursis, le juge \u00e9vite des interf\u00e9rences pr\u00e9judiciables entre les deux ordres. Il pr\u00e9serve ainsi l&#8217;autonomie des proc\u00e9dures tout en cherchant la coordination n\u00e9cessaire. Cette prudence est essentielle pour \u00e9viter des d\u00e9cisions contradictoires sur des faits identiques.<\/p>\n<\/div>\n","protected":false},"excerpt":{"rendered":"<p>Le tribunal judiciaire de Lyon, statuant en la personne du juge de la mise en \u00e9tat, rend une ordonnance le 2 octobre 2025. Cette d\u00e9cision intervient dans un &#8230;<\/p>\n","protected":false},"author":232070755,"featured_media":4864,"comment_status":"open","ping_status":"open","sticky":false,"template":"","format":"standard","meta":{"_crdt_document":"","_jetpack_newsletter_access":"","_jetpack_dont_email_post_to_subs":false,"_jetpack_newsletter_tier_id":0,"_jetpack_memberships_contains_paywalled_content":false,"_kj_source_type":"judilibre","_kj_official_id":"68dec1626af9fd1f8094b54f","_kj_official_url":"https:\/\/www.courdecassation.fr\/decision\/68dec1626af9fd1f8094b54f","_kj_judilibre_id":"68dec1626af9fd1f8094b54f","_kj_jur":"Tribunal judiciaire","_kj_lieu":"Tribunal judiciaire de Lyon","_kj_chambre":"Chambre 10 cab 10 J","_kj_rg":"23\/07451","_kj_date":"2025-10-02","_jetpack_memberships_contains_paid_content":false,"footnotes":"","jetpack_post_was_ever_published":false},"categories":[7597],"tags":[],"class_list":["post-651859","post","type-post","status-publish","format-standard","has-post-thumbnail","hentry","category-jurisprudence"],"yoast_head":"<!-- This site is optimized with the Yoast SEO Premium plugin v27.5 (Yoast SEO v27.5) - https:\/\/yoast.com\/product\/yoast-seo-premium-wordpress\/ -->\n<title>Tribunal judiciaire de Lyon, le 2 octobre 2025, n\u00b023\/07451 - Ma\u00eetre Hassan Kohen, avocat en droit p\u00e9nal \u00e0 Paris<\/title>\n<meta name=\"description\" content=\"Le tribunal judiciaire de Lyon, statuant en la personne du juge de la mise en \u00e9tat, rend une ordonnance le 2 octobre 2025. Cette d\u00e9cision intervient dans un ...\" \/>\n<meta name=\"robots\" content=\"index, follow, max-snippet:-1, max-image-preview:large, max-video-preview:-1\" \/>\n<link rel=\"canonical\" href=\"https:\/\/kohenavocats.com\/tr\/tribunal-judiciaire-de-lyon-le-2-octobre-2025-n23-07451\/\" \/>\n<meta property=\"og:locale\" content=\"tr_TR\" \/>\n<meta property=\"og:type\" content=\"article\" \/>\n<meta property=\"og:title\" content=\"Tribunal judiciaire de Lyon, le 2 octobre 2025, n\u00b023\/07451\" \/>\n<meta property=\"og:description\" content=\"Le tribunal judiciaire de Lyon, statuant en la personne du juge de la mise en \u00e9tat, rend une ordonnance le 2 octobre 2025. Cette d\u00e9cision intervient dans un ...\" \/>\n<meta property=\"og:url\" content=\"https:\/\/kohenavocats.com\/tr\/tribunal-judiciaire-de-lyon-le-2-octobre-2025-n23-07451\/\" \/>\n<meta property=\"og:site_name\" content=\"Ma\u00eetre Hassan Kohen, avocat en droit p\u00e9nal \u00e0 Paris\" \/>\n<meta property=\"article:published_time\" content=\"2026-04-22T19:53:52+00:00\" \/>\n<meta property=\"og:image\" content=\"https:\/\/kohenavocats.com\/wp-content\/uploads\/2024\/08\/cecile-XeJmFXu_jeU-unsplash.webp\" \/>\n\t<meta property=\"og:image:width\" content=\"4032\" \/>\n\t<meta property=\"og:image:height\" content=\"3023\" \/>\n\t<meta property=\"og:image:type\" content=\"image\/webp\" \/>\n<meta name=\"author\" content=\"Kohen\" \/>\n<meta name=\"twitter:card\" content=\"summary_large_image\" \/>\n<meta name=\"twitter:label1\" content=\"Yazan:\" \/>\n\t<meta name=\"twitter:data1\" content=\"Kohen\" \/>\n\t<meta name=\"twitter:label2\" content=\"Tahmini okuma s\u00fcresi\" \/>\n\t<meta name=\"twitter:data2\" content=\"4 dakika\" \/>\n<script type=\"application\/ld+json\" class=\"yoast-schema-graph\">{\"@context\":\"https:\\\/\\\/schema.org\",\"@graph\":[{\"@type\":\"Article\",\"@id\":\"https:\\\/\\\/kohenavocats.com\\\/tr\\\/tribunal-judiciaire-de-lyon-le-2-octobre-2025-n23-07451\\\/#article\",\"isPartOf\":{\"@id\":\"https:\\\/\\\/kohenavocats.com\\\/tr\\\/tribunal-judiciaire-de-lyon-le-2-octobre-2025-n23-07451\\\/\"},\"author\":{\"name\":\"Kohen\",\"@id\":\"https:\\\/\\\/kohenavocats.com\\\/tr\\\/#\\\/schema\\\/person\\\/761c9ba54fa1ca84d405cef0831ff751\"},\"headline\":\"Tribunal judiciaire de Lyon, le 2 octobre 2025, n\u00b023\\\/07451\",\"datePublished\":\"2026-04-22T19:53:52+00:00\",\"mainEntityOfPage\":{\"@id\":\"https:\\\/\\\/kohenavocats.com\\\/tr\\\/tribunal-judiciaire-de-lyon-le-2-octobre-2025-n23-07451\\\/\"},\"wordCount\":930,\"commentCount\":0,\"publisher\":{\"@id\":\"https:\\\/\\\/kohenavocats.com\\\/tr\\\/#organization\"},\"image\":{\"@id\":\"https:\\\/\\\/kohenavocats.com\\\/tr\\\/tribunal-judiciaire-de-lyon-le-2-octobre-2025-n23-07451\\\/#primaryimage\"},\"thumbnailUrl\":\"https:\\\/\\\/kohenavocats.com\\\/wp-content\\\/uploads\\\/2024\\\/08\\\/cecile-XeJmFXu_jeU-unsplash.webp\",\"articleSection\":[\"Jurisprudence\"],\"inLanguage\":\"tr\",\"potentialAction\":[{\"@type\":\"CommentAction\",\"name\":\"Comment\",\"target\":[\"https:\\\/\\\/kohenavocats.com\\\/tr\\\/tribunal-judiciaire-de-lyon-le-2-octobre-2025-n23-07451\\\/#respond\"]}],\"citation\":\"Tribunal judiciaire de Lyon, le 2 octobre 2025, n\u00b023\\\/07451\",\"about\":[{\"@type\":\"Thing\",\"name\":\"Jurisprudence\"}],\"dateModified\":\"2026-04-22T19:53:52+00:00\",\"speakable\":{\"@type\":\"SpeakableSpecification\",\"cssSelector\":[\".article-content > p:first-of-type\"]}},{\"@type\":\"WebPage\",\"@id\":\"https:\\\/\\\/kohenavocats.com\\\/tr\\\/tribunal-judiciaire-de-lyon-le-2-octobre-2025-n23-07451\\\/\",\"url\":\"https:\\\/\\\/kohenavocats.com\\\/tr\\\/tribunal-judiciaire-de-lyon-le-2-octobre-2025-n23-07451\\\/\",\"name\":\"Tribunal judiciaire de Lyon, le 2 octobre 2025, n\u00b023\\\/07451 - Ma\u00eetre Hassan Kohen, avocat en droit p\u00e9nal \u00e0 Paris\",\"isPartOf\":{\"@id\":\"https:\\\/\\\/kohenavocats.com\\\/tr\\\/#website\"},\"primaryImageOfPage\":{\"@id\":\"https:\\\/\\\/kohenavocats.com\\\/tr\\\/tribunal-judiciaire-de-lyon-le-2-octobre-2025-n23-07451\\\/#primaryimage\"},\"image\":{\"@id\":\"https:\\\/\\\/kohenavocats.com\\\/tr\\\/tribunal-judiciaire-de-lyon-le-2-octobre-2025-n23-07451\\\/#primaryimage\"},\"thumbnailUrl\":\"https:\\\/\\\/kohenavocats.com\\\/wp-content\\\/uploads\\\/2024\\\/08\\\/cecile-XeJmFXu_jeU-unsplash.webp\",\"datePublished\":\"2026-04-22T19:53:52+00:00\",\"description\":\"Le tribunal judiciaire de Lyon, statuant en la personne du juge de la mise en \u00e9tat, rend une ordonnance le 2 octobre 2025. Cette d\u00e9cision intervient dans un ...\",\"breadcrumb\":{\"@id\":\"https:\\\/\\\/kohenavocats.com\\\/tr\\\/tribunal-judiciaire-de-lyon-le-2-octobre-2025-n23-07451\\\/#breadcrumb\"},\"inLanguage\":\"tr\",\"potentialAction\":[{\"@type\":\"ReadAction\",\"target\":[\"https:\\\/\\\/kohenavocats.com\\\/tr\\\/tribunal-judiciaire-de-lyon-le-2-octobre-2025-n23-07451\\\/\"]}]},{\"@type\":\"ImageObject\",\"inLanguage\":\"tr\",\"@id\":\"https:\\\/\\\/kohenavocats.com\\\/tr\\\/tribunal-judiciaire-de-lyon-le-2-octobre-2025-n23-07451\\\/#primaryimage\",\"url\":\"https:\\\/\\\/kohenavocats.com\\\/wp-content\\\/uploads\\\/2024\\\/08\\\/cecile-XeJmFXu_jeU-unsplash.webp\",\"contentUrl\":\"https:\\\/\\\/kohenavocats.com\\\/wp-content\\\/uploads\\\/2024\\\/08\\\/cecile-XeJmFXu_jeU-unsplash.webp\",\"width\":4032,\"height\":3023},{\"@type\":\"BreadcrumbList\",\"@id\":\"https:\\\/\\\/kohenavocats.com\\\/tr\\\/tribunal-judiciaire-de-lyon-le-2-octobre-2025-n23-07451\\\/#breadcrumb\",\"itemListElement\":[{\"@type\":\"ListItem\",\"position\":1,\"name\":\"Home\",\"item\":\"https:\\\/\\\/kohenavocats.com\\\/tr\\\/avocats-en-droit-penal-a-paris-conseil-et-defense-strategique\\\/\"},{\"@type\":\"ListItem\",\"position\":2,\"name\":\"Tribunal judiciaire de Lyon, le 2 octobre 2025, n\u00b023\\\/07451\"}]},{\"@type\":\"WebSite\",\"@id\":\"https:\\\/\\\/kohenavocats.com\\\/tr\\\/#website\",\"url\":\"https:\\\/\\\/kohenavocats.com\\\/tr\\\/\",\"name\":\"Kohen Avocats\",\"description\":\"Ma\u00eetre Hassan Kohen, avocat p\u00e9naliste \u00e0 Paris, intervient exclusivement en droit p\u00e9nal pour la d\u00e9fense des particuliers, notamment en mati\u00e8re d\u2019accusations de viol. Il assure un accompagnement rigoureux d\u00e8s la garde \u00e0 vue jusqu\u2019\u00e0 la Cour d\u2019assises, veillant au strict respect des garanties proc\u00e9durales.\",\"publisher\":{\"@id\":\"https:\\\/\\\/kohenavocats.com\\\/tr\\\/#organization\"},\"potentialAction\":[{\"@type\":\"SearchAction\",\"target\":{\"@type\":\"EntryPoint\",\"urlTemplate\":\"https:\\\/\\\/kohenavocats.com\\\/tr\\\/?s={search_term_string}\"},\"query-input\":{\"@type\":\"PropertyValueSpecification\",\"valueRequired\":true,\"valueName\":\"search_term_string\"}}],\"inLanguage\":\"tr\"},{\"@type\":\"Organization\",\"@id\":\"https:\\\/\\\/kohenavocats.com\\\/tr\\\/#organization\",\"name\":\"Kohen Avocats\",\"url\":\"https:\\\/\\\/kohenavocats.com\\\/tr\\\/\",\"logo\":{\"@type\":\"ImageObject\",\"inLanguage\":\"tr\",\"@id\":\"https:\\\/\\\/kohenavocats.com\\\/tr\\\/#\\\/schema\\\/logo\\\/image\\\/\",\"url\":\"https:\\\/\\\/kohenavocats.com\\\/wp-content\\\/uploads\\\/2026\\\/01\\\/Logo-2-1.webp\",\"contentUrl\":\"https:\\\/\\\/kohenavocats.com\\\/wp-content\\\/uploads\\\/2026\\\/01\\\/Logo-2-1.webp\",\"width\":2114,\"height\":1253,\"caption\":\"Kohen Avocats\"},\"image\":{\"@id\":\"https:\\\/\\\/kohenavocats.com\\\/tr\\\/#\\\/schema\\\/logo\\\/image\\\/\"}},{\"@type\":\"Person\",\"@id\":\"https:\\\/\\\/kohenavocats.com\\\/tr\\\/#\\\/schema\\\/person\\\/761c9ba54fa1ca84d405cef0831ff751\",\"name\":\"Kohen\",\"image\":{\"@type\":\"ImageObject\",\"inLanguage\":\"tr\",\"@id\":\"https:\\\/\\\/secure.gravatar.com\\\/avatar\\\/1c5e76ef76bbbfdd2b4da984e2bf2fa4056fd51a27d25ce2c332047f1dfd6e00?s=96&d=identicon&r=g\",\"url\":\"https:\\\/\\\/secure.gravatar.com\\\/avatar\\\/1c5e76ef76bbbfdd2b4da984e2bf2fa4056fd51a27d25ce2c332047f1dfd6e00?s=96&d=identicon&r=g\",\"contentUrl\":\"https:\\\/\\\/secure.gravatar.com\\\/avatar\\\/1c5e76ef76bbbfdd2b4da984e2bf2fa4056fd51a27d25ce2c332047f1dfd6e00?s=96&d=identicon&r=g\",\"caption\":\"Kohen\"},\"sameAs\":[\"https:\\\/\\\/www.linkedin.com\\\/in\\\/hassan-kohen-448548192\\\/\",\"https:\\\/\\\/www.youtube.com\\\/@Kohen-Avocats\"],\"url\":\"https:\\\/\\\/kohenavocats.com\\\/tr\\\/author\\\/kohenmlk\\\/\"}]}<\/script>\n<!-- \/ Yoast SEO Premium plugin. -->","yoast_head_json":{"title":"Tribunal judiciaire de Lyon, le 2 octobre 2025, n\u00b023\/07451 - Ma\u00eetre Hassan Kohen, avocat en droit p\u00e9nal \u00e0 Paris","description":"Le tribunal judiciaire de Lyon, statuant en la personne du juge de la mise en \u00e9tat, rend une ordonnance le 2 octobre 2025. Cette d\u00e9cision intervient dans un ...","robots":{"index":"index","follow":"follow","max-snippet":"max-snippet:-1","max-image-preview":"max-image-preview:large","max-video-preview":"max-video-preview:-1"},"canonical":"https:\/\/kohenavocats.com\/tr\/tribunal-judiciaire-de-lyon-le-2-octobre-2025-n23-07451\/","og_locale":"tr_TR","og_type":"article","og_title":"Tribunal judiciaire de Lyon, le 2 octobre 2025, n\u00b023\/07451","og_description":"Le tribunal judiciaire de Lyon, statuant en la personne du juge de la mise en \u00e9tat, rend une ordonnance le 2 octobre 2025. Cette d\u00e9cision intervient dans un ...","og_url":"https:\/\/kohenavocats.com\/tr\/tribunal-judiciaire-de-lyon-le-2-octobre-2025-n23-07451\/","og_site_name":"Ma\u00eetre Hassan Kohen, avocat en droit p\u00e9nal \u00e0 Paris","article_published_time":"2026-04-22T19:53:52+00:00","og_image":[{"width":4032,"height":3023,"url":"https:\/\/kohenavocats.com\/wp-content\/uploads\/2024\/08\/cecile-XeJmFXu_jeU-unsplash.webp","type":"image\/webp"}],"author":"Kohen","twitter_card":"summary_large_image","twitter_misc":{"Yazan:":"Kohen","Tahmini okuma s\u00fcresi":"4 dakika"},"schema":{"@context":"https:\/\/schema.org","@graph":[{"@type":"Article","@id":"https:\/\/kohenavocats.com\/tr\/tribunal-judiciaire-de-lyon-le-2-octobre-2025-n23-07451\/#article","isPartOf":{"@id":"https:\/\/kohenavocats.com\/tr\/tribunal-judiciaire-de-lyon-le-2-octobre-2025-n23-07451\/"},"author":{"name":"Kohen","@id":"https:\/\/kohenavocats.com\/tr\/#\/schema\/person\/761c9ba54fa1ca84d405cef0831ff751"},"headline":"Tribunal judiciaire de Lyon, le 2 octobre 2025, n\u00b023\/07451","datePublished":"2026-04-22T19:53:52+00:00","mainEntityOfPage":{"@id":"https:\/\/kohenavocats.com\/tr\/tribunal-judiciaire-de-lyon-le-2-octobre-2025-n23-07451\/"},"wordCount":930,"commentCount":0,"publisher":{"@id":"https:\/\/kohenavocats.com\/tr\/#organization"},"image":{"@id":"https:\/\/kohenavocats.com\/tr\/tribunal-judiciaire-de-lyon-le-2-octobre-2025-n23-07451\/#primaryimage"},"thumbnailUrl":"https:\/\/kohenavocats.com\/wp-content\/uploads\/2024\/08\/cecile-XeJmFXu_jeU-unsplash.webp","articleSection":["Jurisprudence"],"inLanguage":"tr","potentialAction":[{"@type":"CommentAction","name":"Comment","target":["https:\/\/kohenavocats.com\/tr\/tribunal-judiciaire-de-lyon-le-2-octobre-2025-n23-07451\/#respond"]}],"citation":"Tribunal judiciaire de Lyon, le 2 octobre 2025, n\u00b023\/07451","about":[{"@type":"Thing","name":"Jurisprudence"}],"dateModified":"2026-04-22T19:53:52+00:00","speakable":{"@type":"SpeakableSpecification","cssSelector":[".article-content > p:first-of-type"]}},{"@type":"WebPage","@id":"https:\/\/kohenavocats.com\/tr\/tribunal-judiciaire-de-lyon-le-2-octobre-2025-n23-07451\/","url":"https:\/\/kohenavocats.com\/tr\/tribunal-judiciaire-de-lyon-le-2-octobre-2025-n23-07451\/","name":"Tribunal judiciaire de Lyon, le 2 octobre 2025, n\u00b023\/07451 - Ma\u00eetre Hassan Kohen, avocat en droit p\u00e9nal \u00e0 Paris","isPartOf":{"@id":"https:\/\/kohenavocats.com\/tr\/#website"},"primaryImageOfPage":{"@id":"https:\/\/kohenavocats.com\/tr\/tribunal-judiciaire-de-lyon-le-2-octobre-2025-n23-07451\/#primaryimage"},"image":{"@id":"https:\/\/kohenavocats.com\/tr\/tribunal-judiciaire-de-lyon-le-2-octobre-2025-n23-07451\/#primaryimage"},"thumbnailUrl":"https:\/\/kohenavocats.com\/wp-content\/uploads\/2024\/08\/cecile-XeJmFXu_jeU-unsplash.webp","datePublished":"2026-04-22T19:53:52+00:00","description":"Le tribunal judiciaire de Lyon, statuant en la personne du juge de la mise en \u00e9tat, rend une ordonnance le 2 octobre 2025. Cette d\u00e9cision intervient dans un ...","breadcrumb":{"@id":"https:\/\/kohenavocats.com\/tr\/tribunal-judiciaire-de-lyon-le-2-octobre-2025-n23-07451\/#breadcrumb"},"inLanguage":"tr","potentialAction":[{"@type":"ReadAction","target":["https:\/\/kohenavocats.com\/tr\/tribunal-judiciaire-de-lyon-le-2-octobre-2025-n23-07451\/"]}]},{"@type":"ImageObject","inLanguage":"tr","@id":"https:\/\/kohenavocats.com\/tr\/tribunal-judiciaire-de-lyon-le-2-octobre-2025-n23-07451\/#primaryimage","url":"https:\/\/kohenavocats.com\/wp-content\/uploads\/2024\/08\/cecile-XeJmFXu_jeU-unsplash.webp","contentUrl":"https:\/\/kohenavocats.com\/wp-content\/uploads\/2024\/08\/cecile-XeJmFXu_jeU-unsplash.webp","width":4032,"height":3023},{"@type":"BreadcrumbList","@id":"https:\/\/kohenavocats.com\/tr\/tribunal-judiciaire-de-lyon-le-2-octobre-2025-n23-07451\/#breadcrumb","itemListElement":[{"@type":"ListItem","position":1,"name":"Home","item":"https:\/\/kohenavocats.com\/tr\/avocats-en-droit-penal-a-paris-conseil-et-defense-strategique\/"},{"@type":"ListItem","position":2,"name":"Tribunal judiciaire de Lyon, le 2 octobre 2025, n\u00b023\/07451"}]},{"@type":"WebSite","@id":"https:\/\/kohenavocats.com\/tr\/#website","url":"https:\/\/kohenavocats.com\/tr\/","name":"Kohen Avocats","description":"Ma\u00eetre Hassan Kohen, avocat p\u00e9naliste \u00e0 Paris, intervient exclusivement en droit p\u00e9nal pour la d\u00e9fense des particuliers, notamment en mati\u00e8re d\u2019accusations de viol. Il assure un accompagnement rigoureux d\u00e8s la garde \u00e0 vue jusqu\u2019\u00e0 la Cour d\u2019assises, veillant au strict respect des garanties proc\u00e9durales.","publisher":{"@id":"https:\/\/kohenavocats.com\/tr\/#organization"},"potentialAction":[{"@type":"SearchAction","target":{"@type":"EntryPoint","urlTemplate":"https:\/\/kohenavocats.com\/tr\/?s={search_term_string}"},"query-input":{"@type":"PropertyValueSpecification","valueRequired":true,"valueName":"search_term_string"}}],"inLanguage":"tr"},{"@type":"Organization","@id":"https:\/\/kohenavocats.com\/tr\/#organization","name":"Kohen Avocats","url":"https:\/\/kohenavocats.com\/tr\/","logo":{"@type":"ImageObject","inLanguage":"tr","@id":"https:\/\/kohenavocats.com\/tr\/#\/schema\/logo\/image\/","url":"https:\/\/kohenavocats.com\/wp-content\/uploads\/2026\/01\/Logo-2-1.webp","contentUrl":"https:\/\/kohenavocats.com\/wp-content\/uploads\/2026\/01\/Logo-2-1.webp","width":2114,"height":1253,"caption":"Kohen Avocats"},"image":{"@id":"https:\/\/kohenavocats.com\/tr\/#\/schema\/logo\/image\/"}},{"@type":"Person","@id":"https:\/\/kohenavocats.com\/tr\/#\/schema\/person\/761c9ba54fa1ca84d405cef0831ff751","name":"Kohen","image":{"@type":"ImageObject","inLanguage":"tr","@id":"https:\/\/secure.gravatar.com\/avatar\/1c5e76ef76bbbfdd2b4da984e2bf2fa4056fd51a27d25ce2c332047f1dfd6e00?s=96&d=identicon&r=g","url":"https:\/\/secure.gravatar.com\/avatar\/1c5e76ef76bbbfdd2b4da984e2bf2fa4056fd51a27d25ce2c332047f1dfd6e00?s=96&d=identicon&r=g","contentUrl":"https:\/\/secure.gravatar.com\/avatar\/1c5e76ef76bbbfdd2b4da984e2bf2fa4056fd51a27d25ce2c332047f1dfd6e00?s=96&d=identicon&r=g","caption":"Kohen"},"sameAs":["https:\/\/www.linkedin.com\/in\/hassan-kohen-448548192\/","https:\/\/www.youtube.com\/@Kohen-Avocats"],"url":"https:\/\/kohenavocats.com\/tr\/author\/kohenmlk\/"}]}},"jetpack_featured_media_url":"https:\/\/kohenavocats.com\/wp-content\/uploads\/2024\/08\/cecile-XeJmFXu_jeU-unsplash.webp","jetpack_likes_enabled":false,"jetpack_shortlink":"https:\/\/wp.me\/peCrII-2JzR","jetpack-related-posts":[{"id":762899,"url":"https:\/\/kohenavocats.com\/tr\/tribunal-judiciaire-de-bethune-le-13-janvier-2026-n25-00987\/","url_meta":{"origin":651859,"position":0},"title":"Tribunal judiciaire de B\u00e9thune, le 13 janvier 2026, n\u00b025\/00987","author":"Kohen","date":"29 Nisan 2026","format":false,"excerpt":"Le tribunal judiciaire de B\u00e9thune, dans son jugement du 13 janvier 2026, homologue un protocole transactionnel et constate le d\u00e9sistement d'instance des part...","rel":"","context":"&quot;Jurisprudence&quot; i\u00e7inde","block_context":{"text":"Jurisprudence","link":"https:\/\/kohenavocats.com\/category\/jurisprudence\/"},"img":{"alt_text":"","src":"https:\/\/i0.wp.com\/kohenavocats.com\/wp-content\/uploads\/2024\/11\/getty-images-H1-kEUjMDq4-unsplash.webp?resize=350%2C200&ssl=1","width":350,"height":200,"srcset":"https:\/\/i0.wp.com\/kohenavocats.com\/wp-content\/uploads\/2024\/11\/getty-images-H1-kEUjMDq4-unsplash.webp?resize=350%2C200&ssl=1 1x, https:\/\/i0.wp.com\/kohenavocats.com\/wp-content\/uploads\/2024\/11\/getty-images-H1-kEUjMDq4-unsplash.webp?resize=525%2C300&ssl=1 1.5x, https:\/\/i0.wp.com\/kohenavocats.com\/wp-content\/uploads\/2024\/11\/getty-images-H1-kEUjMDq4-unsplash.webp?resize=700%2C400&ssl=1 2x, https:\/\/i0.wp.com\/kohenavocats.com\/wp-content\/uploads\/2024\/11\/getty-images-H1-kEUjMDq4-unsplash.webp?resize=1050%2C600&ssl=1 3x, https:\/\/i0.wp.com\/kohenavocats.com\/wp-content\/uploads\/2024\/11\/getty-images-H1-kEUjMDq4-unsplash.webp?resize=1400%2C800&ssl=1 4x"},"classes":[]},{"id":793941,"url":"https:\/\/kohenavocats.com\/tr\/tribunal-judiciaire-de-nice-le-11-decembre-2025-n25-01149\/","url_meta":{"origin":651859,"position":1},"title":"Tribunal judiciaire de Nice, le 11 d\u00e9cembre 2025, n\u00b025\/01149","author":"Kohen","date":"1 May\u0131s 2026","format":false,"excerpt":"Le jugement rendu le 11 d\u00e9cembre 2025 par le juge des contentieux de la protection du tribunal judiciaire de Nice statue sur une action en validation de cong...","rel":"","context":"&quot;Jurisprudence&quot; i\u00e7inde","block_context":{"text":"Jurisprudence","link":"https:\/\/kohenavocats.com\/category\/jurisprudence\/"},"img":{"alt_text":"","src":"https:\/\/i0.wp.com\/kohenavocats.com\/wp-content\/uploads\/2024\/08\/lisa-IfngoxB5ORA-unsplash.webp?resize=350%2C200&ssl=1","width":350,"height":200,"srcset":"https:\/\/i0.wp.com\/kohenavocats.com\/wp-content\/uploads\/2024\/08\/lisa-IfngoxB5ORA-unsplash.webp?resize=350%2C200&ssl=1 1x, https:\/\/i0.wp.com\/kohenavocats.com\/wp-content\/uploads\/2024\/08\/lisa-IfngoxB5ORA-unsplash.webp?resize=525%2C300&ssl=1 1.5x, https:\/\/i0.wp.com\/kohenavocats.com\/wp-content\/uploads\/2024\/08\/lisa-IfngoxB5ORA-unsplash.webp?resize=700%2C400&ssl=1 2x, https:\/\/i0.wp.com\/kohenavocats.com\/wp-content\/uploads\/2024\/08\/lisa-IfngoxB5ORA-unsplash.webp?resize=1050%2C600&ssl=1 3x, https:\/\/i0.wp.com\/kohenavocats.com\/wp-content\/uploads\/2024\/08\/lisa-IfngoxB5ORA-unsplash.webp?resize=1400%2C800&ssl=1 4x"},"classes":[]},{"id":762932,"url":"https:\/\/kohenavocats.com\/tr\/tribunal-judiciaire-de-paris-le-13-janvier-2026-n25-02830\/","url_meta":{"origin":651859,"position":2},"title":"Tribunal judiciaire de Paris, le 13 janvier 2026, n\u00b025\/02830","author":"Kohen","date":"29 Nisan 2026","format":false,"excerpt":"Le Tribunal judiciaire de Paris, dans son ordonnance du 13 janvier 2026, \u00e9tait saisi de plusieurs demandes de sursis \u00e0 statuer formul\u00e9es par les constructeur...","rel":"","context":"&quot;Jurisprudence&quot; i\u00e7inde","block_context":{"text":"Jurisprudence","link":"https:\/\/kohenavocats.com\/category\/jurisprudence\/"},"img":{"alt_text":"","src":"https:\/\/i0.wp.com\/kohenavocats.com\/wp-content\/uploads\/2024\/11\/arnaud-mariat-ilqys8HnQak-unsplash.webp?resize=350%2C200&ssl=1","width":350,"height":200,"srcset":"https:\/\/i0.wp.com\/kohenavocats.com\/wp-content\/uploads\/2024\/11\/arnaud-mariat-ilqys8HnQak-unsplash.webp?resize=350%2C200&ssl=1 1x, https:\/\/i0.wp.com\/kohenavocats.com\/wp-content\/uploads\/2024\/11\/arnaud-mariat-ilqys8HnQak-unsplash.webp?resize=525%2C300&ssl=1 1.5x, https:\/\/i0.wp.com\/kohenavocats.com\/wp-content\/uploads\/2024\/11\/arnaud-mariat-ilqys8HnQak-unsplash.webp?resize=700%2C400&ssl=1 2x, https:\/\/i0.wp.com\/kohenavocats.com\/wp-content\/uploads\/2024\/11\/arnaud-mariat-ilqys8HnQak-unsplash.webp?resize=1050%2C600&ssl=1 3x, https:\/\/i0.wp.com\/kohenavocats.com\/wp-content\/uploads\/2024\/11\/arnaud-mariat-ilqys8HnQak-unsplash.webp?resize=1400%2C800&ssl=1 4x"},"classes":[]},{"id":762602,"url":"https:\/\/kohenavocats.com\/tr\/tribunal-judiciaire-de-pontoise-le-13-janvier-2026-n25-00254\/","url_meta":{"origin":651859,"position":3},"title":"Tribunal judiciaire de Pontoise, le 13 janvier 2026, n\u00b025\/00254","author":"Kohen","date":"29 Nisan 2026","format":false,"excerpt":"Le jugement rendu le 13 janvier 2026 par le juge des contentieux de la protection du tribunal judiciaire de Pontoise concerne un litige locatif. Un...","rel":"","context":"&quot;D\u00e9cisions juridiques&quot; i\u00e7inde","block_context":{"text":"D\u00e9cisions juridiques","link":"https:\/\/kohenavocats.com\/category\/decisions-juridiques\/"},"img":{"alt_text":"","src":"https:\/\/i0.wp.com\/kohenavocats.com\/wp-content\/uploads\/2024\/08\/amir-mortezaie-bKLKnHSwk4A-unsplash.webp?resize=350%2C200&ssl=1","width":350,"height":200,"srcset":"https:\/\/i0.wp.com\/kohenavocats.com\/wp-content\/uploads\/2024\/08\/amir-mortezaie-bKLKnHSwk4A-unsplash.webp?resize=350%2C200&ssl=1 1x, https:\/\/i0.wp.com\/kohenavocats.com\/wp-content\/uploads\/2024\/08\/amir-mortezaie-bKLKnHSwk4A-unsplash.webp?resize=525%2C300&ssl=1 1.5x, https:\/\/i0.wp.com\/kohenavocats.com\/wp-content\/uploads\/2024\/08\/amir-mortezaie-bKLKnHSwk4A-unsplash.webp?resize=700%2C400&ssl=1 2x, https:\/\/i0.wp.com\/kohenavocats.com\/wp-content\/uploads\/2024\/08\/amir-mortezaie-bKLKnHSwk4A-unsplash.webp?resize=1050%2C600&ssl=1 3x, https:\/\/i0.wp.com\/kohenavocats.com\/wp-content\/uploads\/2024\/08\/amir-mortezaie-bKLKnHSwk4A-unsplash.webp?resize=1400%2C800&ssl=1 4x"},"classes":[]},{"id":780535,"url":"https:\/\/kohenavocats.com\/tr\/tribunal-judiciaire-de-versailles-le-19-decembre-2025-n25-03694-2\/","url_meta":{"origin":651859,"position":4},"title":"Tribunal judiciaire de Versailles, le 19 d\u00e9cembre 2025, n\u00b025\/03694","author":"Kohen","date":"30 Nisan 2026","format":false,"excerpt":"Le jugement rendu le 19 d\u00e9cembre 2025 par le juge de l\u2019ex\u00e9cution du tribunal judiciaire de Versailles statue sur un d\u00e9sistement d\u2019instance et les demandes ac...","rel":"","context":"&quot;Jurisprudence&quot; i\u00e7inde","block_context":{"text":"Jurisprudence","link":"https:\/\/kohenavocats.com\/category\/jurisprudence\/"},"img":{"alt_text":"","src":"https:\/\/i0.wp.com\/kohenavocats.com\/wp-content\/uploads\/2024\/08\/louis-paulin-SYJrwRyI51E-unsplash.webp?resize=350%2C200&ssl=1","width":350,"height":200,"srcset":"https:\/\/i0.wp.com\/kohenavocats.com\/wp-content\/uploads\/2024\/08\/louis-paulin-SYJrwRyI51E-unsplash.webp?resize=350%2C200&ssl=1 1x, https:\/\/i0.wp.com\/kohenavocats.com\/wp-content\/uploads\/2024\/08\/louis-paulin-SYJrwRyI51E-unsplash.webp?resize=525%2C300&ssl=1 1.5x, https:\/\/i0.wp.com\/kohenavocats.com\/wp-content\/uploads\/2024\/08\/louis-paulin-SYJrwRyI51E-unsplash.webp?resize=700%2C400&ssl=1 2x, https:\/\/i0.wp.com\/kohenavocats.com\/wp-content\/uploads\/2024\/08\/louis-paulin-SYJrwRyI51E-unsplash.webp?resize=1050%2C600&ssl=1 3x, https:\/\/i0.wp.com\/kohenavocats.com\/wp-content\/uploads\/2024\/08\/louis-paulin-SYJrwRyI51E-unsplash.webp?resize=1400%2C800&ssl=1 4x"},"classes":[]},{"id":762269,"url":"https:\/\/kohenavocats.com\/tr\/tribunal-judiciaire-de-lyon-le-13-janvier-2026-n25-00811-2\/","url_meta":{"origin":651859,"position":5},"title":"Tribunal judiciaire de Lyon, le 13 janvier 2026, n\u00b025\/00811","author":"Kohen","date":"29 Nisan 2026","format":false,"excerpt":"Par une ordonnance rendue le 13 janvier 2026, le juge de la mise en \u00e9tat du tribunal judiciaire de Lyon a \u00e9t\u00e9 saisi d\u2019un incident de forclusion soulev\u00e9 par u...","rel":"","context":"&quot;Jurisprudence&quot; i\u00e7inde","block_context":{"text":"Jurisprudence","link":"https:\/\/kohenavocats.com\/category\/jurisprudence\/"},"img":{"alt_text":"","src":"https:\/\/i0.wp.com\/kohenavocats.com\/wp-content\/uploads\/2024\/11\/getty-images-U7YRxXgIqmo-unsplash.webp?resize=350%2C200&ssl=1","width":350,"height":200,"srcset":"https:\/\/i0.wp.com\/kohenavocats.com\/wp-content\/uploads\/2024\/11\/getty-images-U7YRxXgIqmo-unsplash.webp?resize=350%2C200&ssl=1 1x, https:\/\/i0.wp.com\/kohenavocats.com\/wp-content\/uploads\/2024\/11\/getty-images-U7YRxXgIqmo-unsplash.webp?resize=525%2C300&ssl=1 1.5x, https:\/\/i0.wp.com\/kohenavocats.com\/wp-content\/uploads\/2024\/11\/getty-images-U7YRxXgIqmo-unsplash.webp?resize=700%2C400&ssl=1 2x, https:\/\/i0.wp.com\/kohenavocats.com\/wp-content\/uploads\/2024\/11\/getty-images-U7YRxXgIqmo-unsplash.webp?resize=1050%2C600&ssl=1 3x, https:\/\/i0.wp.com\/kohenavocats.com\/wp-content\/uploads\/2024\/11\/getty-images-U7YRxXgIqmo-unsplash.webp?resize=1400%2C800&ssl=1 4x"},"classes":[]}],"jetpack_sharing_enabled":true,"_links":{"self":[{"href":"https:\/\/kohenavocats.com\/tr\/wp-json\/wp\/v2\/posts\/651859","targetHints":{"allow":["GET"]}}],"collection":[{"href":"https:\/\/kohenavocats.com\/tr\/wp-json\/wp\/v2\/posts"}],"about":[{"href":"https:\/\/kohenavocats.com\/tr\/wp-json\/wp\/v2\/types\/post"}],"author":[{"embeddable":true,"href":"https:\/\/kohenavocats.com\/tr\/wp-json\/wp\/v2\/users\/232070755"}],"replies":[{"embeddable":true,"href":"https:\/\/kohenavocats.com\/tr\/wp-json\/wp\/v2\/comments?post=651859"}],"version-history":[{"count":0,"href":"https:\/\/kohenavocats.com\/tr\/wp-json\/wp\/v2\/posts\/651859\/revisions"}],"wp:featuredmedia":[{"embeddable":true,"href":"https:\/\/kohenavocats.com\/tr\/wp-json\/wp\/v2\/media\/4864"}],"wp:attachment":[{"href":"https:\/\/kohenavocats.com\/tr\/wp-json\/wp\/v2\/media?parent=651859"}],"wp:term":[{"taxonomy":"category","embeddable":true,"href":"https:\/\/kohenavocats.com\/tr\/wp-json\/wp\/v2\/categories?post=651859"},{"taxonomy":"post_tag","embeddable":true,"href":"https:\/\/kohenavocats.com\/tr\/wp-json\/wp\/v2\/tags?post=651859"}],"curies":[{"name":"wp","href":"https:\/\/api.w.org\/{rel}","templated":true}]}}