{"id":652356,"date":"2026-04-22T23:05:50","date_gmt":"2026-04-22T21:05:50","guid":{"rendered":"https:\/\/kohenavocats.com\/tribunal-judiciaire-de-bordeaux-le-2-octobre-2025-n25-03558\/"},"modified":"2026-04-22T23:05:50","modified_gmt":"2026-04-22T21:05:50","slug":"tribunal-judiciaire-de-bordeaux-le-2-octobre-2025-n25-03558","status":"publish","type":"post","link":"https:\/\/kohenavocats.com\/tr\/tribunal-judiciaire-de-bordeaux-le-2-octobre-2025-n25-03558\/","title":{"rendered":"Tribunal judiciaire de Bordeaux, le 2 octobre 2025, n\u00b025\/03558"},"content":{"rendered":"<div class=\"article-content\">\n<p>Le Tribunal judiciaire de Bordeaux, septi\u00e8me chambre civile, a rendu une ordonnance de m\u00e9diation le deux octobre deux mille vingt-cinq. Saisi d\u2019un litige entre une personne physique et une soci\u00e9t\u00e9 civile immobili\u00e8re, le juge de la mise en \u00e9tat a ordonn\u00e9 une m\u00e9diation judiciaire apr\u00e8s avoir recueilli l\u2019accord des parties. La d\u00e9cision pr\u00e9cise les modalit\u00e9s pratiques de la mesure et d\u00e9signe un organisme de m\u00e9diation. Elle soul\u00e8ve la question du respect des conditions l\u00e9gales pour ordonner une telle mesure et celle de l\u2019articulation entre la m\u00e9diation et le calendrier proc\u00e9dural.<\/p>\n<p>Le fondement l\u00e9gal de l\u2019ordonnance et le consentement des parties<\/p>\n<p>Le juge fonde sa d\u00e9cision sur l\u2019article 1534 du code de proc\u00e9dure civile. Cet article r\u00e9git la m\u00e9diation judiciaire et en fixe le cadre proc\u00e9dural. La d\u00e9cision mentionne express\u00e9ment que l\u2019accord des parties a \u00e9t\u00e9 recueilli les seize et dix-sept septembre deux mille vingt-cinq. Cet \u00e9l\u00e9ment est essentiel pour la validit\u00e9 de la mesure.<\/p>\n<p>Le consentement pr\u00e9alable constitue une condition de fond imp\u00e9rative pour toute m\u00e9diation. La jurisprudence rappelle constamment cette exigence proc\u00e9durale. &#8220;L&#8217;article 131-1 du code de proc\u00e9dure civile relatif \u00e0 la m\u00e9diation exige pour d\u00e9signer un m\u00e9diateur que soit recueilli l&#8217;accord des parties&#8221; (Tribunal judiciaire de Paris, le 4 septembre 2025, n\u00b025\/02728). L\u2019ordonnance bordelaise se conforme strictement \u00e0 cette r\u00e8gle.<\/p>\n<p>La port\u00e9e de cette condition est donc absolue et son sens est protecteur. Elle garantit l\u2019adh\u00e9sion volontaire des parties au processus de m\u00e9diation. La valeur de cette exigence est renforc\u00e9e par une formulation l\u00e9gale identique dans d\u2019autres d\u00e9cisions. &#8220;Conform\u00e9ment \u00e0 ces dispositions, l&#8217;article 131-6 \u00e9dicte que \u00ab la d\u00e9cision qui ordonne la m\u00e9diation mentionne l&#8217;accord des parties \u00bb&#8221; (Tribunal judiciaire de Paris, le 13 mars 2025, n\u00b024\/03627). L\u2019ordonnance comment\u00e9e satisfait pleinement \u00e0 cette obligation de mention.<\/p>\n<p>L\u2019encadrement proc\u00e9dural de la mesure et ses effets sur l\u2019instance<\/p>\n<p>La d\u00e9cision organise dans le d\u00e9tail le d\u00e9roulement de la m\u00e9diation. Elle fixe une provision pour les frais et la r\u00e9mun\u00e9ration du m\u00e9diateur. Elle impose un d\u00e9lai de quinze jours aux parties pour prendre contact avec le m\u00e9diateur. La dur\u00e9e initiale de la mission est fix\u00e9e \u00e0 cinq mois renouvelable une fois. Le juge rappelle les pouvoirs d\u2019investigation du m\u00e9diateur et les obligations de communication.<\/p>\n<p>L\u2019articulation entre la m\u00e9diation et la proc\u00e9dure judiciaire est soigneusement r\u00e9gl\u00e9e. Le d\u00e9lai de p\u00e9remption de l\u2019instance est interrompu jusqu\u2019\u00e0 l\u2019issue de la m\u00e9diation. Cette disposition pr\u00e9serve le droit d\u2019agir des parties pendant la dur\u00e9e de la mesure alternative. Toutefois, le juge maintient les dates de cl\u00f4ture et de plaidoirie initialement fix\u00e9es.<\/p>\n<p>Le sens de cette double approche est de laisser une chance \u00e0 l\u2019accord amiable sans paralyser l\u2019instance. La m\u00e9diation se d\u00e9roule ainsi en parall\u00e8le de la proc\u00e9dure contentieuse classique. La valeur de ce dispositif est pratique et incitative pour les parties. La port\u00e9e est claire : l\u2019\u00e9chec de la m\u00e9diation ne retardera pas le jugement du litige. Cette organisation t\u00e9moigne d\u2019une recherche d\u2019efficacit\u00e9 proc\u00e9durale par le juge de la mise en \u00e9tat.<\/p>\n<\/div>\n","protected":false},"excerpt":{"rendered":"<p>Le Tribunal judiciaire de Bordeaux, septi\u00e8me chambre civile, a rendu une ordonnance de m\u00e9diation le deux octobre deux mille vingt-cinq. Saisi d\u2019un litige ent&#8230;<\/p>\n","protected":false},"author":232070755,"featured_media":9575,"comment_status":"open","ping_status":"open","sticky":false,"template":"","format":"standard","meta":{"_crdt_document":"","_jetpack_newsletter_access":"","_jetpack_dont_email_post_to_subs":false,"_jetpack_newsletter_tier_id":0,"_jetpack_memberships_contains_paywalled_content":false,"_kj_source_type":"","_kj_official_id":"","_kj_official_url":"","_kj_judilibre_id":"","_kj_jur":"","_kj_lieu":"","_kj_chambre":"","_kj_rg":"","_kj_date":"","_jetpack_memberships_contains_paid_content":false,"footnotes":"","jetpack_post_was_ever_published":false},"categories":[7597],"tags":[],"class_list":["post-652356","post","type-post","status-publish","format-standard","has-post-thumbnail","hentry","category-jurisprudence"],"yoast_head":"<!-- This site is optimized with the Yoast SEO Premium plugin v27.4 (Yoast SEO v27.4) - https:\/\/yoast.com\/product\/yoast-seo-premium-wordpress\/ -->\n<title>Tribunal judiciaire de Bordeaux, le 2 octobre 2025, n\u00b025\/03558 - Ma\u00eetre Hassan Kohen, avocat en droit p\u00e9nal \u00e0 Paris<\/title>\n<meta name=\"description\" content=\"Le Tribunal judiciaire de Bordeaux, septi\u00e8me chambre civile, a rendu une ordonnance de m\u00e9diation le deux octobre deux mille vingt-cinq. Saisi d\u2019un litige ent...\" \/>\n<meta name=\"robots\" content=\"index, follow, max-snippet:-1, max-image-preview:large, max-video-preview:-1\" \/>\n<link rel=\"canonical\" href=\"https:\/\/kohenavocats.com\/tr\/tribunal-judiciaire-de-bordeaux-le-2-octobre-2025-n25-03558\/\" \/>\n<meta property=\"og:locale\" content=\"tr_TR\" \/>\n<meta property=\"og:type\" content=\"article\" \/>\n<meta property=\"og:title\" content=\"Tribunal judiciaire de Bordeaux, le 2 octobre 2025, n\u00b025\/03558\" \/>\n<meta property=\"og:description\" content=\"Le Tribunal judiciaire de Bordeaux, septi\u00e8me chambre civile, a rendu une ordonnance de m\u00e9diation le deux octobre deux mille vingt-cinq. Saisi d\u2019un litige ent...\" \/>\n<meta property=\"og:url\" content=\"https:\/\/kohenavocats.com\/tr\/tribunal-judiciaire-de-bordeaux-le-2-octobre-2025-n25-03558\/\" \/>\n<meta property=\"og:site_name\" content=\"Ma\u00eetre Hassan Kohen, avocat en droit p\u00e9nal \u00e0 Paris\" \/>\n<meta property=\"article:published_time\" content=\"2026-04-22T21:05:50+00:00\" \/>\n<meta property=\"og:image\" content=\"https:\/\/kohenavocats.com\/wp-content\/uploads\/2024\/11\/getty-images-xD4-IJN1DF8-unsplash.webp\" \/>\n\t<meta property=\"og:image:width\" content=\"5020\" \/>\n\t<meta property=\"og:image:height\" content=\"3347\" \/>\n\t<meta property=\"og:image:type\" content=\"image\/webp\" \/>\n<meta name=\"author\" content=\"Kohen\" \/>\n<meta name=\"twitter:card\" content=\"summary_large_image\" \/>\n<meta name=\"twitter:label1\" content=\"Yazan:\" \/>\n\t<meta name=\"twitter:data1\" content=\"Kohen\" \/>\n\t<meta name=\"twitter:label2\" content=\"Tahmini okuma s\u00fcresi\" \/>\n\t<meta name=\"twitter:data2\" content=\"3 dakika\" \/>\n<script type=\"application\/ld+json\" class=\"yoast-schema-graph\">{\"@context\":\"https:\\\/\\\/schema.org\",\"@graph\":[{\"@type\":\"Article\",\"@id\":\"https:\\\/\\\/kohenavocats.com\\\/tr\\\/tribunal-judiciaire-de-bordeaux-le-2-octobre-2025-n25-03558\\\/#article\",\"isPartOf\":{\"@id\":\"https:\\\/\\\/kohenavocats.com\\\/tr\\\/tribunal-judiciaire-de-bordeaux-le-2-octobre-2025-n25-03558\\\/\"},\"author\":{\"name\":\"Kohen\",\"@id\":\"https:\\\/\\\/kohenavocats.com\\\/tr\\\/#\\\/schema\\\/person\\\/761c9ba54fa1ca84d405cef0831ff751\"},\"headline\":\"Tribunal judiciaire de Bordeaux, le 2 octobre 2025, n\u00b025\\\/03558\",\"datePublished\":\"2026-04-22T21:05:50+00:00\",\"mainEntityOfPage\":{\"@id\":\"https:\\\/\\\/kohenavocats.com\\\/tr\\\/tribunal-judiciaire-de-bordeaux-le-2-octobre-2025-n25-03558\\\/\"},\"wordCount\":581,\"commentCount\":0,\"publisher\":{\"@id\":\"https:\\\/\\\/kohenavocats.com\\\/tr\\\/#organization\"},\"image\":{\"@id\":\"https:\\\/\\\/kohenavocats.com\\\/tr\\\/tribunal-judiciaire-de-bordeaux-le-2-octobre-2025-n25-03558\\\/#primaryimage\"},\"thumbnailUrl\":\"https:\\\/\\\/kohenavocats.com\\\/wp-content\\\/uploads\\\/2024\\\/11\\\/getty-images-xD4-IJN1DF8-unsplash.webp\",\"articleSection\":[\"Jurisprudence\"],\"inLanguage\":\"tr\",\"potentialAction\":[{\"@type\":\"CommentAction\",\"name\":\"Comment\",\"target\":[\"https:\\\/\\\/kohenavocats.com\\\/tr\\\/tribunal-judiciaire-de-bordeaux-le-2-octobre-2025-n25-03558\\\/#respond\"]}],\"citation\":\"Tribunal judiciaire de Bordeaux, le 2 octobre 2025, n\u00b025\\\/03558\",\"about\":[{\"@type\":\"Thing\",\"name\":\"Jurisprudence\"}],\"dateModified\":\"2026-04-22T21:05:50+00:00\",\"speakable\":{\"@type\":\"SpeakableSpecification\",\"cssSelector\":[\".article-content > p:first-of-type\"]}},{\"@type\":\"WebPage\",\"@id\":\"https:\\\/\\\/kohenavocats.com\\\/tr\\\/tribunal-judiciaire-de-bordeaux-le-2-octobre-2025-n25-03558\\\/\",\"url\":\"https:\\\/\\\/kohenavocats.com\\\/tr\\\/tribunal-judiciaire-de-bordeaux-le-2-octobre-2025-n25-03558\\\/\",\"name\":\"Tribunal judiciaire de Bordeaux, le 2 octobre 2025, n\u00b025\\\/03558 - Ma\u00eetre Hassan Kohen, avocat en droit p\u00e9nal \u00e0 Paris\",\"isPartOf\":{\"@id\":\"https:\\\/\\\/kohenavocats.com\\\/tr\\\/#website\"},\"primaryImageOfPage\":{\"@id\":\"https:\\\/\\\/kohenavocats.com\\\/tr\\\/tribunal-judiciaire-de-bordeaux-le-2-octobre-2025-n25-03558\\\/#primaryimage\"},\"image\":{\"@id\":\"https:\\\/\\\/kohenavocats.com\\\/tr\\\/tribunal-judiciaire-de-bordeaux-le-2-octobre-2025-n25-03558\\\/#primaryimage\"},\"thumbnailUrl\":\"https:\\\/\\\/kohenavocats.com\\\/wp-content\\\/uploads\\\/2024\\\/11\\\/getty-images-xD4-IJN1DF8-unsplash.webp\",\"datePublished\":\"2026-04-22T21:05:50+00:00\",\"description\":\"Le Tribunal judiciaire de Bordeaux, septi\u00e8me chambre civile, a rendu une ordonnance de m\u00e9diation le deux octobre deux mille vingt-cinq. Saisi d\u2019un litige ent...\",\"breadcrumb\":{\"@id\":\"https:\\\/\\\/kohenavocats.com\\\/tr\\\/tribunal-judiciaire-de-bordeaux-le-2-octobre-2025-n25-03558\\\/#breadcrumb\"},\"inLanguage\":\"tr\",\"potentialAction\":[{\"@type\":\"ReadAction\",\"target\":[\"https:\\\/\\\/kohenavocats.com\\\/tr\\\/tribunal-judiciaire-de-bordeaux-le-2-octobre-2025-n25-03558\\\/\"]}]},{\"@type\":\"ImageObject\",\"inLanguage\":\"tr\",\"@id\":\"https:\\\/\\\/kohenavocats.com\\\/tr\\\/tribunal-judiciaire-de-bordeaux-le-2-octobre-2025-n25-03558\\\/#primaryimage\",\"url\":\"https:\\\/\\\/kohenavocats.com\\\/wp-content\\\/uploads\\\/2024\\\/11\\\/getty-images-xD4-IJN1DF8-unsplash.webp\",\"contentUrl\":\"https:\\\/\\\/kohenavocats.com\\\/wp-content\\\/uploads\\\/2024\\\/11\\\/getty-images-xD4-IJN1DF8-unsplash.webp\",\"width\":5020,\"height\":3347},{\"@type\":\"BreadcrumbList\",\"@id\":\"https:\\\/\\\/kohenavocats.com\\\/tr\\\/tribunal-judiciaire-de-bordeaux-le-2-octobre-2025-n25-03558\\\/#breadcrumb\",\"itemListElement\":[{\"@type\":\"ListItem\",\"position\":1,\"name\":\"Home\",\"item\":\"https:\\\/\\\/kohenavocats.com\\\/tr\\\/avocats-en-droit-penal-a-paris-conseil-et-defense-strategique\\\/\"},{\"@type\":\"ListItem\",\"position\":2,\"name\":\"Tribunal judiciaire de Bordeaux, le 2 octobre 2025, n\u00b025\\\/03558\"}]},{\"@type\":\"WebSite\",\"@id\":\"https:\\\/\\\/kohenavocats.com\\\/tr\\\/#website\",\"url\":\"https:\\\/\\\/kohenavocats.com\\\/tr\\\/\",\"name\":\"Kohen Avocats\",\"description\":\"Ma\u00eetre Hassan Kohen, avocat p\u00e9naliste \u00e0 Paris, intervient exclusivement en droit p\u00e9nal pour la d\u00e9fense des particuliers, notamment en mati\u00e8re d\u2019accusations de viol. Il assure un accompagnement rigoureux d\u00e8s la garde \u00e0 vue jusqu\u2019\u00e0 la Cour d\u2019assises, veillant au strict respect des garanties proc\u00e9durales.\",\"publisher\":{\"@id\":\"https:\\\/\\\/kohenavocats.com\\\/tr\\\/#organization\"},\"potentialAction\":[{\"@type\":\"SearchAction\",\"target\":{\"@type\":\"EntryPoint\",\"urlTemplate\":\"https:\\\/\\\/kohenavocats.com\\\/tr\\\/?s={search_term_string}\"},\"query-input\":{\"@type\":\"PropertyValueSpecification\",\"valueRequired\":true,\"valueName\":\"search_term_string\"}}],\"inLanguage\":\"tr\"},{\"@type\":\"Organization\",\"@id\":\"https:\\\/\\\/kohenavocats.com\\\/tr\\\/#organization\",\"name\":\"Kohen Avocats\",\"url\":\"https:\\\/\\\/kohenavocats.com\\\/tr\\\/\",\"logo\":{\"@type\":\"ImageObject\",\"inLanguage\":\"tr\",\"@id\":\"https:\\\/\\\/kohenavocats.com\\\/tr\\\/#\\\/schema\\\/logo\\\/image\\\/\",\"url\":\"https:\\\/\\\/kohenavocats.com\\\/wp-content\\\/uploads\\\/2026\\\/01\\\/Logo-2-1.webp\",\"contentUrl\":\"https:\\\/\\\/kohenavocats.com\\\/wp-content\\\/uploads\\\/2026\\\/01\\\/Logo-2-1.webp\",\"width\":2114,\"height\":1253,\"caption\":\"Kohen Avocats\"},\"image\":{\"@id\":\"https:\\\/\\\/kohenavocats.com\\\/tr\\\/#\\\/schema\\\/logo\\\/image\\\/\"}},{\"@type\":\"Person\",\"@id\":\"https:\\\/\\\/kohenavocats.com\\\/tr\\\/#\\\/schema\\\/person\\\/761c9ba54fa1ca84d405cef0831ff751\",\"name\":\"Kohen\",\"image\":{\"@type\":\"ImageObject\",\"inLanguage\":\"tr\",\"@id\":\"https:\\\/\\\/secure.gravatar.com\\\/avatar\\\/1c5e76ef76bbbfdd2b4da984e2bf2fa4056fd51a27d25ce2c332047f1dfd6e00?s=96&d=identicon&r=g\",\"url\":\"https:\\\/\\\/secure.gravatar.com\\\/avatar\\\/1c5e76ef76bbbfdd2b4da984e2bf2fa4056fd51a27d25ce2c332047f1dfd6e00?s=96&d=identicon&r=g\",\"contentUrl\":\"https:\\\/\\\/secure.gravatar.com\\\/avatar\\\/1c5e76ef76bbbfdd2b4da984e2bf2fa4056fd51a27d25ce2c332047f1dfd6e00?s=96&d=identicon&r=g\",\"caption\":\"Kohen\"},\"sameAs\":[\"https:\\\/\\\/www.linkedin.com\\\/in\\\/hassan-kohen-448548192\\\/\",\"https:\\\/\\\/www.youtube.com\\\/@Kohen-Avocats\"],\"url\":\"https:\\\/\\\/kohenavocats.com\\\/tr\\\/author\\\/kohenmlk\\\/\"}]}<\/script>\n<!-- \/ Yoast SEO Premium plugin. -->","yoast_head_json":{"title":"Tribunal judiciaire de Bordeaux, le 2 octobre 2025, n\u00b025\/03558 - Ma\u00eetre Hassan Kohen, avocat en droit p\u00e9nal \u00e0 Paris","description":"Le Tribunal judiciaire de Bordeaux, septi\u00e8me chambre civile, a rendu une ordonnance de m\u00e9diation le deux octobre deux mille vingt-cinq. Saisi d\u2019un litige ent...","robots":{"index":"index","follow":"follow","max-snippet":"max-snippet:-1","max-image-preview":"max-image-preview:large","max-video-preview":"max-video-preview:-1"},"canonical":"https:\/\/kohenavocats.com\/tr\/tribunal-judiciaire-de-bordeaux-le-2-octobre-2025-n25-03558\/","og_locale":"tr_TR","og_type":"article","og_title":"Tribunal judiciaire de Bordeaux, le 2 octobre 2025, n\u00b025\/03558","og_description":"Le Tribunal judiciaire de Bordeaux, septi\u00e8me chambre civile, a rendu une ordonnance de m\u00e9diation le deux octobre deux mille vingt-cinq. Saisi d\u2019un litige ent...","og_url":"https:\/\/kohenavocats.com\/tr\/tribunal-judiciaire-de-bordeaux-le-2-octobre-2025-n25-03558\/","og_site_name":"Ma\u00eetre Hassan Kohen, avocat en droit p\u00e9nal \u00e0 Paris","article_published_time":"2026-04-22T21:05:50+00:00","og_image":[{"width":5020,"height":3347,"url":"https:\/\/kohenavocats.com\/wp-content\/uploads\/2024\/11\/getty-images-xD4-IJN1DF8-unsplash.webp","type":"image\/webp"}],"author":"Kohen","twitter_card":"summary_large_image","twitter_misc":{"Yazan:":"Kohen","Tahmini okuma s\u00fcresi":"3 dakika"},"schema":{"@context":"https:\/\/schema.org","@graph":[{"@type":"Article","@id":"https:\/\/kohenavocats.com\/tr\/tribunal-judiciaire-de-bordeaux-le-2-octobre-2025-n25-03558\/#article","isPartOf":{"@id":"https:\/\/kohenavocats.com\/tr\/tribunal-judiciaire-de-bordeaux-le-2-octobre-2025-n25-03558\/"},"author":{"name":"Kohen","@id":"https:\/\/kohenavocats.com\/tr\/#\/schema\/person\/761c9ba54fa1ca84d405cef0831ff751"},"headline":"Tribunal judiciaire de Bordeaux, le 2 octobre 2025, n\u00b025\/03558","datePublished":"2026-04-22T21:05:50+00:00","mainEntityOfPage":{"@id":"https:\/\/kohenavocats.com\/tr\/tribunal-judiciaire-de-bordeaux-le-2-octobre-2025-n25-03558\/"},"wordCount":581,"commentCount":0,"publisher":{"@id":"https:\/\/kohenavocats.com\/tr\/#organization"},"image":{"@id":"https:\/\/kohenavocats.com\/tr\/tribunal-judiciaire-de-bordeaux-le-2-octobre-2025-n25-03558\/#primaryimage"},"thumbnailUrl":"https:\/\/kohenavocats.com\/wp-content\/uploads\/2024\/11\/getty-images-xD4-IJN1DF8-unsplash.webp","articleSection":["Jurisprudence"],"inLanguage":"tr","potentialAction":[{"@type":"CommentAction","name":"Comment","target":["https:\/\/kohenavocats.com\/tr\/tribunal-judiciaire-de-bordeaux-le-2-octobre-2025-n25-03558\/#respond"]}],"citation":"Tribunal judiciaire de Bordeaux, le 2 octobre 2025, n\u00b025\/03558","about":[{"@type":"Thing","name":"Jurisprudence"}],"dateModified":"2026-04-22T21:05:50+00:00","speakable":{"@type":"SpeakableSpecification","cssSelector":[".article-content > p:first-of-type"]}},{"@type":"WebPage","@id":"https:\/\/kohenavocats.com\/tr\/tribunal-judiciaire-de-bordeaux-le-2-octobre-2025-n25-03558\/","url":"https:\/\/kohenavocats.com\/tr\/tribunal-judiciaire-de-bordeaux-le-2-octobre-2025-n25-03558\/","name":"Tribunal judiciaire de Bordeaux, le 2 octobre 2025, n\u00b025\/03558 - Ma\u00eetre Hassan Kohen, avocat en droit p\u00e9nal \u00e0 Paris","isPartOf":{"@id":"https:\/\/kohenavocats.com\/tr\/#website"},"primaryImageOfPage":{"@id":"https:\/\/kohenavocats.com\/tr\/tribunal-judiciaire-de-bordeaux-le-2-octobre-2025-n25-03558\/#primaryimage"},"image":{"@id":"https:\/\/kohenavocats.com\/tr\/tribunal-judiciaire-de-bordeaux-le-2-octobre-2025-n25-03558\/#primaryimage"},"thumbnailUrl":"https:\/\/kohenavocats.com\/wp-content\/uploads\/2024\/11\/getty-images-xD4-IJN1DF8-unsplash.webp","datePublished":"2026-04-22T21:05:50+00:00","description":"Le Tribunal judiciaire de Bordeaux, septi\u00e8me chambre civile, a rendu une ordonnance de m\u00e9diation le deux octobre deux mille vingt-cinq. Saisi d\u2019un litige ent...","breadcrumb":{"@id":"https:\/\/kohenavocats.com\/tr\/tribunal-judiciaire-de-bordeaux-le-2-octobre-2025-n25-03558\/#breadcrumb"},"inLanguage":"tr","potentialAction":[{"@type":"ReadAction","target":["https:\/\/kohenavocats.com\/tr\/tribunal-judiciaire-de-bordeaux-le-2-octobre-2025-n25-03558\/"]}]},{"@type":"ImageObject","inLanguage":"tr","@id":"https:\/\/kohenavocats.com\/tr\/tribunal-judiciaire-de-bordeaux-le-2-octobre-2025-n25-03558\/#primaryimage","url":"https:\/\/kohenavocats.com\/wp-content\/uploads\/2024\/11\/getty-images-xD4-IJN1DF8-unsplash.webp","contentUrl":"https:\/\/kohenavocats.com\/wp-content\/uploads\/2024\/11\/getty-images-xD4-IJN1DF8-unsplash.webp","width":5020,"height":3347},{"@type":"BreadcrumbList","@id":"https:\/\/kohenavocats.com\/tr\/tribunal-judiciaire-de-bordeaux-le-2-octobre-2025-n25-03558\/#breadcrumb","itemListElement":[{"@type":"ListItem","position":1,"name":"Home","item":"https:\/\/kohenavocats.com\/tr\/avocats-en-droit-penal-a-paris-conseil-et-defense-strategique\/"},{"@type":"ListItem","position":2,"name":"Tribunal judiciaire de Bordeaux, le 2 octobre 2025, n\u00b025\/03558"}]},{"@type":"WebSite","@id":"https:\/\/kohenavocats.com\/tr\/#website","url":"https:\/\/kohenavocats.com\/tr\/","name":"Kohen Avocats","description":"Ma\u00eetre Hassan Kohen, avocat p\u00e9naliste \u00e0 Paris, intervient exclusivement en droit p\u00e9nal pour la d\u00e9fense des particuliers, notamment en mati\u00e8re d\u2019accusations de viol. Il assure un accompagnement rigoureux d\u00e8s la garde \u00e0 vue jusqu\u2019\u00e0 la Cour d\u2019assises, veillant au strict respect des garanties proc\u00e9durales.","publisher":{"@id":"https:\/\/kohenavocats.com\/tr\/#organization"},"potentialAction":[{"@type":"SearchAction","target":{"@type":"EntryPoint","urlTemplate":"https:\/\/kohenavocats.com\/tr\/?s={search_term_string}"},"query-input":{"@type":"PropertyValueSpecification","valueRequired":true,"valueName":"search_term_string"}}],"inLanguage":"tr"},{"@type":"Organization","@id":"https:\/\/kohenavocats.com\/tr\/#organization","name":"Kohen Avocats","url":"https:\/\/kohenavocats.com\/tr\/","logo":{"@type":"ImageObject","inLanguage":"tr","@id":"https:\/\/kohenavocats.com\/tr\/#\/schema\/logo\/image\/","url":"https:\/\/kohenavocats.com\/wp-content\/uploads\/2026\/01\/Logo-2-1.webp","contentUrl":"https:\/\/kohenavocats.com\/wp-content\/uploads\/2026\/01\/Logo-2-1.webp","width":2114,"height":1253,"caption":"Kohen Avocats"},"image":{"@id":"https:\/\/kohenavocats.com\/tr\/#\/schema\/logo\/image\/"}},{"@type":"Person","@id":"https:\/\/kohenavocats.com\/tr\/#\/schema\/person\/761c9ba54fa1ca84d405cef0831ff751","name":"Kohen","image":{"@type":"ImageObject","inLanguage":"tr","@id":"https:\/\/secure.gravatar.com\/avatar\/1c5e76ef76bbbfdd2b4da984e2bf2fa4056fd51a27d25ce2c332047f1dfd6e00?s=96&d=identicon&r=g","url":"https:\/\/secure.gravatar.com\/avatar\/1c5e76ef76bbbfdd2b4da984e2bf2fa4056fd51a27d25ce2c332047f1dfd6e00?s=96&d=identicon&r=g","contentUrl":"https:\/\/secure.gravatar.com\/avatar\/1c5e76ef76bbbfdd2b4da984e2bf2fa4056fd51a27d25ce2c332047f1dfd6e00?s=96&d=identicon&r=g","caption":"Kohen"},"sameAs":["https:\/\/www.linkedin.com\/in\/hassan-kohen-448548192\/","https:\/\/www.youtube.com\/@Kohen-Avocats"],"url":"https:\/\/kohenavocats.com\/tr\/author\/kohenmlk\/"}]}},"jetpack_featured_media_url":"https:\/\/kohenavocats.com\/wp-content\/uploads\/2024\/11\/getty-images-xD4-IJN1DF8-unsplash.webp","jetpack_likes_enabled":false,"jetpack_shortlink":"https:\/\/wp.me\/peCrII-2JHS","jetpack-related-posts":[{"id":627156,"url":"https:\/\/kohenavocats.com\/tr\/tribunal-judiciaire-de-bordeaux-le-16-octobre-2025-n25-00954\/","url_meta":{"origin":652356,"position":0},"title":"Tribunal judiciaire de Bordeaux, le 16 octobre 2025, n\u00b025\/00954","author":"Kohen","date":"20 Nisan 2026","format":false,"excerpt":"Le tribunal judiciaire de Bordeaux, septi\u00e8me chambre civile, rend une ordonnance de m\u00e9diation le seize octobre deux mille vingt-cinq. Saisi d\u2019un litige compl...","rel":"","context":"&quot;Jurisprudence&quot; i\u00e7inde","block_context":{"text":"Jurisprudence","link":"https:\/\/kohenavocats.com\/category\/jurisprudence\/"},"img":{"alt_text":"","src":"https:\/\/i0.wp.com\/kohenavocats.com\/wp-content\/uploads\/2024\/08\/henrique-ferreira-ZyYsY0ez2D4-unsplash.webp?resize=350%2C200&ssl=1","width":350,"height":200,"srcset":"https:\/\/i0.wp.com\/kohenavocats.com\/wp-content\/uploads\/2024\/08\/henrique-ferreira-ZyYsY0ez2D4-unsplash.webp?resize=350%2C200&ssl=1 1x, https:\/\/i0.wp.com\/kohenavocats.com\/wp-content\/uploads\/2024\/08\/henrique-ferreira-ZyYsY0ez2D4-unsplash.webp?resize=525%2C300&ssl=1 1.5x, https:\/\/i0.wp.com\/kohenavocats.com\/wp-content\/uploads\/2024\/08\/henrique-ferreira-ZyYsY0ez2D4-unsplash.webp?resize=700%2C400&ssl=1 2x, https:\/\/i0.wp.com\/kohenavocats.com\/wp-content\/uploads\/2024\/08\/henrique-ferreira-ZyYsY0ez2D4-unsplash.webp?resize=1050%2C600&ssl=1 3x, https:\/\/i0.wp.com\/kohenavocats.com\/wp-content\/uploads\/2024\/08\/henrique-ferreira-ZyYsY0ez2D4-unsplash.webp?resize=1400%2C800&ssl=1 4x"},"classes":[]},{"id":651086,"url":"https:\/\/kohenavocats.com\/tr\/tribunal-judiciaire-de-bordeaux-le-2-octobre-2025-n25-03414\/","url_meta":{"origin":652356,"position":1},"title":"Tribunal judiciaire de Bordeaux, le 2 octobre 2025, n\u00b025\/03414","author":"Kohen","date":"22 Nisan 2026","format":false,"excerpt":"Le tribunal judiciaire de Bordeaux, septi\u00e8me chambre civile, rend une ordonnance de m\u00e9diation le deux octobre deux mille vingt-cinq. Suite \u00e0 un litige impliq...","rel":"","context":"&quot;Jurisprudence&quot; i\u00e7inde","block_context":{"text":"Jurisprudence","link":"https:\/\/kohenavocats.com\/category\/jurisprudence\/"},"img":{"alt_text":"","src":"https:\/\/i0.wp.com\/kohenavocats.com\/wp-content\/uploads\/2024\/11\/kedar-gadge-qNbe1RLo06M-unsplash.webp?resize=350%2C200&ssl=1","width":350,"height":200,"srcset":"https:\/\/i0.wp.com\/kohenavocats.com\/wp-content\/uploads\/2024\/11\/kedar-gadge-qNbe1RLo06M-unsplash.webp?resize=350%2C200&ssl=1 1x, https:\/\/i0.wp.com\/kohenavocats.com\/wp-content\/uploads\/2024\/11\/kedar-gadge-qNbe1RLo06M-unsplash.webp?resize=525%2C300&ssl=1 1.5x, https:\/\/i0.wp.com\/kohenavocats.com\/wp-content\/uploads\/2024\/11\/kedar-gadge-qNbe1RLo06M-unsplash.webp?resize=700%2C400&ssl=1 2x, https:\/\/i0.wp.com\/kohenavocats.com\/wp-content\/uploads\/2024\/11\/kedar-gadge-qNbe1RLo06M-unsplash.webp?resize=1050%2C600&ssl=1 3x, https:\/\/i0.wp.com\/kohenavocats.com\/wp-content\/uploads\/2024\/11\/kedar-gadge-qNbe1RLo06M-unsplash.webp?resize=1400%2C800&ssl=1 4x"},"classes":[]},{"id":638622,"url":"https:\/\/kohenavocats.com\/tr\/tribunal-judiciaire-de-bordeaux-le-9-octobre-2025-n25-01696\/","url_meta":{"origin":652356,"position":2},"title":"Tribunal judiciaire de Bordeaux, le 9 octobre 2025, n\u00b025\/01696","author":"Kohen","date":"21 Nisan 2026","format":false,"excerpt":"Le Tribunal judiciaire de Bordeaux, septi\u00e8me chambre civile, rend le neuf octobre 2025 une ordonnance de m\u00e9diation. Saisi d'un litige contractuel entre une s...","rel":"","context":"&quot;Jurisprudence&quot; i\u00e7inde","block_context":{"text":"Jurisprudence","link":"https:\/\/kohenavocats.com\/category\/jurisprudence\/"},"img":{"alt_text":"","src":"https:\/\/i0.wp.com\/kohenavocats.com\/wp-content\/uploads\/2024\/08\/patrick-robert-doyle-OvXht_wi5Ew-unsplash.webp?resize=350%2C200&ssl=1","width":350,"height":200,"srcset":"https:\/\/i0.wp.com\/kohenavocats.com\/wp-content\/uploads\/2024\/08\/patrick-robert-doyle-OvXht_wi5Ew-unsplash.webp?resize=350%2C200&ssl=1 1x, https:\/\/i0.wp.com\/kohenavocats.com\/wp-content\/uploads\/2024\/08\/patrick-robert-doyle-OvXht_wi5Ew-unsplash.webp?resize=525%2C300&ssl=1 1.5x, https:\/\/i0.wp.com\/kohenavocats.com\/wp-content\/uploads\/2024\/08\/patrick-robert-doyle-OvXht_wi5Ew-unsplash.webp?resize=700%2C400&ssl=1 2x, https:\/\/i0.wp.com\/kohenavocats.com\/wp-content\/uploads\/2024\/08\/patrick-robert-doyle-OvXht_wi5Ew-unsplash.webp?resize=1050%2C600&ssl=1 3x, https:\/\/i0.wp.com\/kohenavocats.com\/wp-content\/uploads\/2024\/08\/patrick-robert-doyle-OvXht_wi5Ew-unsplash.webp?resize=1400%2C800&ssl=1 4x"},"classes":[]},{"id":670152,"url":"https:\/\/kohenavocats.com\/tr\/tribunal-judiciaire-de-bordeaux-le-18-septembre-2025-n25-02931\/","url_meta":{"origin":652356,"position":3},"title":"Tribunal judiciaire de Bordeaux, le 18 septembre 2025, n\u00b025\/02931","author":"Kohen","date":"24 Nisan 2026","format":false,"excerpt":"Le tribunal judiciaire de Bordeaux, septi\u00e8me chambre civile, rend une ordonnance de m\u00e9diation le dix-huit septembre deux mille vingt-cinq. Saisi d'un litige ...","rel":"","context":"&quot;Jurisprudence&quot; i\u00e7inde","block_context":{"text":"Jurisprudence","link":"https:\/\/kohenavocats.com\/category\/jurisprudence\/"},"img":{"alt_text":"","src":"https:\/\/i0.wp.com\/kohenavocats.com\/wp-content\/uploads\/2024\/08\/pierre-chatel-innocenti-5ASZ_qxS9dQ-unsplash.webp?resize=350%2C200&ssl=1","width":350,"height":200,"srcset":"https:\/\/i0.wp.com\/kohenavocats.com\/wp-content\/uploads\/2024\/08\/pierre-chatel-innocenti-5ASZ_qxS9dQ-unsplash.webp?resize=350%2C200&ssl=1 1x, https:\/\/i0.wp.com\/kohenavocats.com\/wp-content\/uploads\/2024\/08\/pierre-chatel-innocenti-5ASZ_qxS9dQ-unsplash.webp?resize=525%2C300&ssl=1 1.5x, https:\/\/i0.wp.com\/kohenavocats.com\/wp-content\/uploads\/2024\/08\/pierre-chatel-innocenti-5ASZ_qxS9dQ-unsplash.webp?resize=700%2C400&ssl=1 2x, https:\/\/i0.wp.com\/kohenavocats.com\/wp-content\/uploads\/2024\/08\/pierre-chatel-innocenti-5ASZ_qxS9dQ-unsplash.webp?resize=1050%2C600&ssl=1 3x, https:\/\/i0.wp.com\/kohenavocats.com\/wp-content\/uploads\/2024\/08\/pierre-chatel-innocenti-5ASZ_qxS9dQ-unsplash.webp?resize=1400%2C800&ssl=1 4x"},"classes":[]},{"id":682260,"url":"https:\/\/kohenavocats.com\/tr\/tribunal-judiciaire-de-bordeaux-le-18-septembre-2025-n25-02733\/","url_meta":{"origin":652356,"position":4},"title":"Tribunal judiciaire de Bordeaux, le 18 septembre 2025, n\u00b025\/02733","author":"Kohen","date":"25 Nisan 2026","format":false,"excerpt":"Le tribunal judiciaire de Bordeaux, septi\u00e8me chambre civile, rend une ordonnance de m\u00e9diation le dix-huit septembre deux mille vingt-cinq. Saisi d\u2019un litige ...","rel":"","context":"&quot;Jurisprudence&quot; i\u00e7inde","block_context":{"text":"Jurisprudence","link":"https:\/\/kohenavocats.com\/category\/jurisprudence\/"},"img":{"alt_text":"","src":"https:\/\/i0.wp.com\/kohenavocats.com\/wp-content\/uploads\/2024\/11\/laura-adai-QMJsqsUvCmA-unsplash.webp?resize=350%2C200&ssl=1","width":350,"height":200,"srcset":"https:\/\/i0.wp.com\/kohenavocats.com\/wp-content\/uploads\/2024\/11\/laura-adai-QMJsqsUvCmA-unsplash.webp?resize=350%2C200&ssl=1 1x, https:\/\/i0.wp.com\/kohenavocats.com\/wp-content\/uploads\/2024\/11\/laura-adai-QMJsqsUvCmA-unsplash.webp?resize=525%2C300&ssl=1 1.5x, https:\/\/i0.wp.com\/kohenavocats.com\/wp-content\/uploads\/2024\/11\/laura-adai-QMJsqsUvCmA-unsplash.webp?resize=700%2C400&ssl=1 2x, https:\/\/i0.wp.com\/kohenavocats.com\/wp-content\/uploads\/2024\/11\/laura-adai-QMJsqsUvCmA-unsplash.webp?resize=1050%2C600&ssl=1 3x, https:\/\/i0.wp.com\/kohenavocats.com\/wp-content\/uploads\/2024\/11\/laura-adai-QMJsqsUvCmA-unsplash.webp?resize=1400%2C800&ssl=1 4x"},"classes":[]},{"id":670072,"url":"https:\/\/kohenavocats.com\/tr\/tribunal-judiciaire-de-bordeaux-le-18-septembre-2025-n25-02036\/","url_meta":{"origin":652356,"position":5},"title":"Tribunal judiciaire de Bordeaux, le 18 septembre 2025, n\u00b025\/02036","author":"Kohen","date":"24 Nisan 2026","format":false,"excerpt":"Le Tribunal judiciaire de Bordeaux, septi\u00e8me chambre civile, rend le dix-huit septembre deux mille vingt-cinq une ordonnance de m\u00e9diation. Cette d\u00e9cision int...","rel":"","context":"&quot;Jurisprudence&quot; i\u00e7inde","block_context":{"text":"Jurisprudence","link":"https:\/\/kohenavocats.com\/category\/jurisprudence\/"},"img":{"alt_text":"","src":"https:\/\/i0.wp.com\/kohenavocats.com\/wp-content\/uploads\/2024\/08\/ionut-dobre-nnlVXi1lp3k-unsplash.webp?resize=350%2C200&ssl=1","width":350,"height":200,"srcset":"https:\/\/i0.wp.com\/kohenavocats.com\/wp-content\/uploads\/2024\/08\/ionut-dobre-nnlVXi1lp3k-unsplash.webp?resize=350%2C200&ssl=1 1x, https:\/\/i0.wp.com\/kohenavocats.com\/wp-content\/uploads\/2024\/08\/ionut-dobre-nnlVXi1lp3k-unsplash.webp?resize=525%2C300&ssl=1 1.5x, https:\/\/i0.wp.com\/kohenavocats.com\/wp-content\/uploads\/2024\/08\/ionut-dobre-nnlVXi1lp3k-unsplash.webp?resize=700%2C400&ssl=1 2x, https:\/\/i0.wp.com\/kohenavocats.com\/wp-content\/uploads\/2024\/08\/ionut-dobre-nnlVXi1lp3k-unsplash.webp?resize=1050%2C600&ssl=1 3x, https:\/\/i0.wp.com\/kohenavocats.com\/wp-content\/uploads\/2024\/08\/ionut-dobre-nnlVXi1lp3k-unsplash.webp?resize=1400%2C800&ssl=1 4x"},"classes":[]}],"jetpack_sharing_enabled":true,"_links":{"self":[{"href":"https:\/\/kohenavocats.com\/tr\/wp-json\/wp\/v2\/posts\/652356","targetHints":{"allow":["GET"]}}],"collection":[{"href":"https:\/\/kohenavocats.com\/tr\/wp-json\/wp\/v2\/posts"}],"about":[{"href":"https:\/\/kohenavocats.com\/tr\/wp-json\/wp\/v2\/types\/post"}],"author":[{"embeddable":true,"href":"https:\/\/kohenavocats.com\/tr\/wp-json\/wp\/v2\/users\/232070755"}],"replies":[{"embeddable":true,"href":"https:\/\/kohenavocats.com\/tr\/wp-json\/wp\/v2\/comments?post=652356"}],"version-history":[{"count":0,"href":"https:\/\/kohenavocats.com\/tr\/wp-json\/wp\/v2\/posts\/652356\/revisions"}],"wp:featuredmedia":[{"embeddable":true,"href":"https:\/\/kohenavocats.com\/tr\/wp-json\/wp\/v2\/media\/9575"}],"wp:attachment":[{"href":"https:\/\/kohenavocats.com\/tr\/wp-json\/wp\/v2\/media?parent=652356"}],"wp:term":[{"taxonomy":"category","embeddable":true,"href":"https:\/\/kohenavocats.com\/tr\/wp-json\/wp\/v2\/categories?post=652356"},{"taxonomy":"post_tag","embeddable":true,"href":"https:\/\/kohenavocats.com\/tr\/wp-json\/wp\/v2\/tags?post=652356"}],"curies":[{"name":"wp","href":"https:\/\/api.w.org\/{rel}","templated":true}]}}