{"id":653205,"date":"2026-04-23T00:23:46","date_gmt":"2026-04-22T22:23:46","guid":{"rendered":"https:\/\/kohenavocats.com\/tribunal-judiciaire-de-caen-le-2-octobre-2025-n25-01916\/"},"modified":"2026-04-23T00:23:46","modified_gmt":"2026-04-22T22:23:46","slug":"tribunal-judiciaire-de-caen-le-2-octobre-2025-n25-01916","status":"publish","type":"post","link":"https:\/\/kohenavocats.com\/tr\/tribunal-judiciaire-de-caen-le-2-octobre-2025-n25-01916\/","title":{"rendered":"Tribunal judiciaire de Caen, le 2 octobre 2025, n\u00b025\/01916"},"content":{"rendered":"<div class=\"article-content\">\n<p>Le juge des contentieux de la protection, statuant en premier ressort, a \u00e9t\u00e9 saisi par des bailleurs. Ces derniers sollicitaient la r\u00e9siliation du bail et l&#8217;expulsion du locataire pour nuisances et d\u00e9gradations. La juridiction a prononc\u00e9 la r\u00e9siliation du bail et ordonn\u00e9 l&#8217;expulsion, tout en rejetant une demande accessoire de s\u00e9questration des meubles. Elle a \u00e9galement fix\u00e9 une indemnit\u00e9 d&#8217;occupation et statu\u00e9 sur les frais de proc\u00e9dure.<\/p>\n<p>La caract\u00e9risation d&#8217;un manquement grave justifiant la r\u00e9siliation<\/p>\n<p>Le manquement aux obligations locatives est \u00e9tabli par des faits pr\u00e9cis et concordants. Le tribunal rel\u00e8ve que des nuisances sonores et d\u00e9gradations diverses sont imputables au locataire. Ces troubles existent depuis son entr\u00e9e dans les lieux et ont \u00e9t\u00e9 observ\u00e9s de fa\u00e7on r\u00e9currente, notamment en f\u00e9vrier 2025. Le juge constate ainsi une violation de l&#8217;obligation fondamentale de jouissance paisible.<\/p>\n<p>La gravit\u00e9 de ces faits conduit logiquement \u00e0 la sanction de r\u00e9siliation du contrat. &#8220;Il ressort suffisamment des pi\u00e8ces vers\u00e9es aux d\u00e9bats que des nuisances sonores et d\u00e9gradations diverses sont imputables&#8221; au locataire (Motifs, 1\u00b0). Cette accumulation de troubles constitue une inex\u00e9cution suffisamment grave de ses obligations. La solution s&#8217;inscrit dans la lign\u00e9e d&#8217;une jurisprudence constante sur la r\u00e9siliation pour manquement grave. &#8220;Le non-respect par le locataire de ses obligations peut, en cas de manquement grave, justifier la r\u00e9siliation judiciaire du bail&#8221; (Cour d&#8217;appel de Grenoble, le 10 juin 2025, n\u00b023\/02307).<\/p>\n<p>Les modalit\u00e9s pratiques de l&#8217;expulsion et ses cons\u00e9quences<\/p>\n<p>Le prononc\u00e9 de l&#8217;expulsion s&#8217;accompagne de mesures d&#8217;ex\u00e9cution forc\u00e9e et d&#8217;une indemnisation. Le jugement ordonne la remise des cl\u00e9s dans un d\u00e9lai d&#8217;un mois, sous peine d&#8217;expulsion avec l&#8217;assistance de la force publique. Il condamne \u00e9galement le locataire \u00e0 payer une indemnit\u00e9 d&#8217;occupation mensuelle \u00e9quivalente au loyer, jusqu&#8217;\u00e0 la lib\u00e9ration effective. Cette condamnation vise \u00e0 r\u00e9parer le pr\u00e9judice subi par les bailleurs durant l&#8217;occupation sans titre.<\/p>\n<p>Le tribunal \u00e9carte en revanche la demande de s\u00e9questration des meubles, la jugeant inutile. &#8220;Le tribunal n&#8217;a pas \u00e0 ordonner la s\u00e9questration des meubles, laquelle est un effet de droit automatiquement attach\u00e9 \u00e0 l&#8217;expulsion&#8221; (Motifs, 1\u00b0). La juridiction rappelle que la loi pr\u00e9voit un r\u00e9gime l\u00e9gal suffisant. Cette interpr\u00e9tation restrictive \u00e9vite un formalisme excessif et se distingue d&#8217;autres solutions. Certaines d\u00e9cisions ordonnent explicitement cette mesure pour plus de s\u00e9curit\u00e9 juridique. &#8220;La bailleresse sera autoris\u00e9e \u00e0 faire proc\u00e9der \u00e0 la s\u00e9questration des meubles&#8221; (Tribunal judiciaire de Paris, le 23 octobre 2025, n\u00b025\/04606).<\/p>\n<p>Cette d\u00e9cision illustre la rigueur appliqu\u00e9e aux troubles de voisinage en droit des baux. Elle rappelle que des faits pr\u00e9cis et r\u00e9p\u00e9t\u00e9s caract\u00e9risent un manquement grave. Le juge op\u00e8re un contr\u00f4le strict des conditions de l&#8217;expulsion, en limitant les mesures accessoires. L&#8217;\u00e9quilibre est ainsi trouv\u00e9 entre la protection du droit de propri\u00e9t\u00e9 et les garanties proc\u00e9durales.<\/p>\n<\/div>\n","protected":false},"excerpt":{"rendered":"<p>Le juge des contentieux de la protection, statuant en premier ressort, a \u00e9t\u00e9 saisi par des bailleurs. Ces derniers sollicitaient la r\u00e9siliation du bail et l&#8217;&#8230;<\/p>\n","protected":false},"author":232070755,"featured_media":4879,"comment_status":"open","ping_status":"open","sticky":false,"template":"","format":"standard","meta":{"_crdt_document":"","_jetpack_newsletter_access":"","_jetpack_dont_email_post_to_subs":false,"_jetpack_newsletter_tier_id":0,"_jetpack_memberships_contains_paywalled_content":false,"_jetpack_memberships_contains_paid_content":false,"footnotes":"","jetpack_post_was_ever_published":false},"categories":[7597],"tags":[],"class_list":["post-653205","post","type-post","status-publish","format-standard","has-post-thumbnail","hentry","category-jurisprudence"],"yoast_head":"<!-- This site is optimized with the Yoast SEO Premium plugin v27.4 (Yoast SEO v27.4) - https:\/\/yoast.com\/product\/yoast-seo-premium-wordpress\/ -->\n<title>Tribunal judiciaire de Caen, le 2 octobre 2025, n\u00b025\/01916 - Ma\u00eetre Hassan Kohen, avocat en droit p\u00e9nal \u00e0 Paris<\/title>\n<meta name=\"description\" content=\"Le juge des contentieux de la protection, statuant en premier ressort, a \u00e9t\u00e9 saisi par des bailleurs. Ces derniers sollicitaient la r\u00e9siliation du bail et l&#039;...\" \/>\n<meta name=\"robots\" content=\"index, follow, max-snippet:-1, max-image-preview:large, max-video-preview:-1\" \/>\n<link rel=\"canonical\" href=\"https:\/\/kohenavocats.com\/tr\/tribunal-judiciaire-de-caen-le-2-octobre-2025-n25-01916\/\" \/>\n<meta property=\"og:locale\" content=\"tr_TR\" \/>\n<meta property=\"og:type\" content=\"article\" \/>\n<meta property=\"og:title\" content=\"Tribunal judiciaire de Caen, le 2 octobre 2025, n\u00b025\/01916\" \/>\n<meta property=\"og:description\" content=\"Le juge des contentieux de la protection, statuant en premier ressort, a \u00e9t\u00e9 saisi par des bailleurs. Ces derniers sollicitaient la r\u00e9siliation du bail et l&#039;...\" \/>\n<meta property=\"og:url\" content=\"https:\/\/kohenavocats.com\/tr\/tribunal-judiciaire-de-caen-le-2-octobre-2025-n25-01916\/\" \/>\n<meta property=\"og:site_name\" content=\"Ma\u00eetre Hassan Kohen, avocat en droit p\u00e9nal \u00e0 Paris\" \/>\n<meta property=\"article:published_time\" content=\"2026-04-22T22:23:46+00:00\" \/>\n<meta property=\"og:image\" content=\"https:\/\/kohenavocats.com\/wp-content\/uploads\/2024\/08\/tomas-williams-0i38SCsSxJc-unsplash.webp\" \/>\n\t<meta property=\"og:image:width\" content=\"6000\" \/>\n\t<meta property=\"og:image:height\" content=\"4000\" \/>\n\t<meta property=\"og:image:type\" content=\"image\/webp\" \/>\n<meta name=\"author\" content=\"Kohen\" \/>\n<meta name=\"twitter:card\" content=\"summary_large_image\" \/>\n<meta name=\"twitter:label1\" content=\"Yazan:\" \/>\n\t<meta name=\"twitter:data1\" content=\"Kohen\" \/>\n\t<meta name=\"twitter:label2\" content=\"Tahmini okuma s\u00fcresi\" \/>\n\t<meta name=\"twitter:data2\" content=\"2 dakika\" \/>\n<script type=\"application\/ld+json\" class=\"yoast-schema-graph\">{\"@context\":\"https:\\\/\\\/schema.org\",\"@graph\":[{\"@type\":\"Article\",\"@id\":\"https:\\\/\\\/kohenavocats.com\\\/tr\\\/tribunal-judiciaire-de-caen-le-2-octobre-2025-n25-01916\\\/#article\",\"isPartOf\":{\"@id\":\"https:\\\/\\\/kohenavocats.com\\\/tr\\\/tribunal-judiciaire-de-caen-le-2-octobre-2025-n25-01916\\\/\"},\"author\":{\"name\":\"Kohen\",\"@id\":\"https:\\\/\\\/kohenavocats.com\\\/tr\\\/#\\\/schema\\\/person\\\/761c9ba54fa1ca84d405cef0831ff751\"},\"headline\":\"Tribunal judiciaire de Caen, le 2 octobre 2025, n\u00b025\\\/01916\",\"datePublished\":\"2026-04-22T22:23:46+00:00\",\"mainEntityOfPage\":{\"@id\":\"https:\\\/\\\/kohenavocats.com\\\/tr\\\/tribunal-judiciaire-de-caen-le-2-octobre-2025-n25-01916\\\/\"},\"wordCount\":517,\"commentCount\":0,\"publisher\":{\"@id\":\"https:\\\/\\\/kohenavocats.com\\\/tr\\\/#organization\"},\"image\":{\"@id\":\"https:\\\/\\\/kohenavocats.com\\\/tr\\\/tribunal-judiciaire-de-caen-le-2-octobre-2025-n25-01916\\\/#primaryimage\"},\"thumbnailUrl\":\"https:\\\/\\\/kohenavocats.com\\\/wp-content\\\/uploads\\\/2024\\\/08\\\/tomas-williams-0i38SCsSxJc-unsplash.webp\",\"articleSection\":[\"Jurisprudence\"],\"inLanguage\":\"tr\",\"potentialAction\":[{\"@type\":\"CommentAction\",\"name\":\"Comment\",\"target\":[\"https:\\\/\\\/kohenavocats.com\\\/tr\\\/tribunal-judiciaire-de-caen-le-2-octobre-2025-n25-01916\\\/#respond\"]}],\"citation\":\"Tribunal judiciaire de Caen, le 2 octobre 2025, n\u00b025\\\/01916\",\"about\":[{\"@type\":\"Thing\",\"name\":\"Jurisprudence\"}],\"dateModified\":\"2026-04-22T22:23:46+00:00\",\"speakable\":{\"@type\":\"SpeakableSpecification\",\"cssSelector\":[\".article-content > p:first-of-type\"]}},{\"@type\":\"WebPage\",\"@id\":\"https:\\\/\\\/kohenavocats.com\\\/tr\\\/tribunal-judiciaire-de-caen-le-2-octobre-2025-n25-01916\\\/\",\"url\":\"https:\\\/\\\/kohenavocats.com\\\/tr\\\/tribunal-judiciaire-de-caen-le-2-octobre-2025-n25-01916\\\/\",\"name\":\"Tribunal judiciaire de Caen, le 2 octobre 2025, n\u00b025\\\/01916 - Ma\u00eetre Hassan Kohen, avocat en droit p\u00e9nal \u00e0 Paris\",\"isPartOf\":{\"@id\":\"https:\\\/\\\/kohenavocats.com\\\/tr\\\/#website\"},\"primaryImageOfPage\":{\"@id\":\"https:\\\/\\\/kohenavocats.com\\\/tr\\\/tribunal-judiciaire-de-caen-le-2-octobre-2025-n25-01916\\\/#primaryimage\"},\"image\":{\"@id\":\"https:\\\/\\\/kohenavocats.com\\\/tr\\\/tribunal-judiciaire-de-caen-le-2-octobre-2025-n25-01916\\\/#primaryimage\"},\"thumbnailUrl\":\"https:\\\/\\\/kohenavocats.com\\\/wp-content\\\/uploads\\\/2024\\\/08\\\/tomas-williams-0i38SCsSxJc-unsplash.webp\",\"datePublished\":\"2026-04-22T22:23:46+00:00\",\"description\":\"Le juge des contentieux de la protection, statuant en premier ressort, a \u00e9t\u00e9 saisi par des bailleurs. Ces derniers sollicitaient la r\u00e9siliation du bail et l'...\",\"breadcrumb\":{\"@id\":\"https:\\\/\\\/kohenavocats.com\\\/tr\\\/tribunal-judiciaire-de-caen-le-2-octobre-2025-n25-01916\\\/#breadcrumb\"},\"inLanguage\":\"tr\",\"potentialAction\":[{\"@type\":\"ReadAction\",\"target\":[\"https:\\\/\\\/kohenavocats.com\\\/tr\\\/tribunal-judiciaire-de-caen-le-2-octobre-2025-n25-01916\\\/\"]}]},{\"@type\":\"ImageObject\",\"inLanguage\":\"tr\",\"@id\":\"https:\\\/\\\/kohenavocats.com\\\/tr\\\/tribunal-judiciaire-de-caen-le-2-octobre-2025-n25-01916\\\/#primaryimage\",\"url\":\"https:\\\/\\\/kohenavocats.com\\\/wp-content\\\/uploads\\\/2024\\\/08\\\/tomas-williams-0i38SCsSxJc-unsplash.webp\",\"contentUrl\":\"https:\\\/\\\/kohenavocats.com\\\/wp-content\\\/uploads\\\/2024\\\/08\\\/tomas-williams-0i38SCsSxJc-unsplash.webp\",\"width\":6000,\"height\":4000},{\"@type\":\"BreadcrumbList\",\"@id\":\"https:\\\/\\\/kohenavocats.com\\\/tr\\\/tribunal-judiciaire-de-caen-le-2-octobre-2025-n25-01916\\\/#breadcrumb\",\"itemListElement\":[{\"@type\":\"ListItem\",\"position\":1,\"name\":\"Home\",\"item\":\"https:\\\/\\\/kohenavocats.com\\\/tr\\\/avocats-en-droit-penal-a-paris-conseil-et-defense-strategique\\\/\"},{\"@type\":\"ListItem\",\"position\":2,\"name\":\"Tribunal judiciaire de Caen, le 2 octobre 2025, n\u00b025\\\/01916\"}]},{\"@type\":\"WebSite\",\"@id\":\"https:\\\/\\\/kohenavocats.com\\\/tr\\\/#website\",\"url\":\"https:\\\/\\\/kohenavocats.com\\\/tr\\\/\",\"name\":\"Kohen Avocats\",\"description\":\"Ma\u00eetre Hassan Kohen, avocat p\u00e9naliste \u00e0 Paris, intervient exclusivement en droit p\u00e9nal pour la d\u00e9fense des particuliers, notamment en mati\u00e8re d\u2019accusations de viol. Il assure un accompagnement rigoureux d\u00e8s la garde \u00e0 vue jusqu\u2019\u00e0 la Cour d\u2019assises, veillant au strict respect des garanties proc\u00e9durales.\",\"publisher\":{\"@id\":\"https:\\\/\\\/kohenavocats.com\\\/tr\\\/#organization\"},\"potentialAction\":[{\"@type\":\"SearchAction\",\"target\":{\"@type\":\"EntryPoint\",\"urlTemplate\":\"https:\\\/\\\/kohenavocats.com\\\/tr\\\/?s={search_term_string}\"},\"query-input\":{\"@type\":\"PropertyValueSpecification\",\"valueRequired\":true,\"valueName\":\"search_term_string\"}}],\"inLanguage\":\"tr\"},{\"@type\":\"Organization\",\"@id\":\"https:\\\/\\\/kohenavocats.com\\\/tr\\\/#organization\",\"name\":\"Kohen Avocats\",\"url\":\"https:\\\/\\\/kohenavocats.com\\\/tr\\\/\",\"logo\":{\"@type\":\"ImageObject\",\"inLanguage\":\"tr\",\"@id\":\"https:\\\/\\\/kohenavocats.com\\\/tr\\\/#\\\/schema\\\/logo\\\/image\\\/\",\"url\":\"https:\\\/\\\/kohenavocats.com\\\/wp-content\\\/uploads\\\/2026\\\/01\\\/Logo-2-1.webp\",\"contentUrl\":\"https:\\\/\\\/kohenavocats.com\\\/wp-content\\\/uploads\\\/2026\\\/01\\\/Logo-2-1.webp\",\"width\":2114,\"height\":1253,\"caption\":\"Kohen Avocats\"},\"image\":{\"@id\":\"https:\\\/\\\/kohenavocats.com\\\/tr\\\/#\\\/schema\\\/logo\\\/image\\\/\"}},{\"@type\":\"Person\",\"@id\":\"https:\\\/\\\/kohenavocats.com\\\/tr\\\/#\\\/schema\\\/person\\\/761c9ba54fa1ca84d405cef0831ff751\",\"name\":\"Kohen\",\"image\":{\"@type\":\"ImageObject\",\"inLanguage\":\"tr\",\"@id\":\"https:\\\/\\\/secure.gravatar.com\\\/avatar\\\/1c5e76ef76bbbfdd2b4da984e2bf2fa4056fd51a27d25ce2c332047f1dfd6e00?s=96&d=identicon&r=g\",\"url\":\"https:\\\/\\\/secure.gravatar.com\\\/avatar\\\/1c5e76ef76bbbfdd2b4da984e2bf2fa4056fd51a27d25ce2c332047f1dfd6e00?s=96&d=identicon&r=g\",\"contentUrl\":\"https:\\\/\\\/secure.gravatar.com\\\/avatar\\\/1c5e76ef76bbbfdd2b4da984e2bf2fa4056fd51a27d25ce2c332047f1dfd6e00?s=96&d=identicon&r=g\",\"caption\":\"Kohen\"},\"sameAs\":[\"https:\\\/\\\/www.linkedin.com\\\/in\\\/hassan-kohen-448548192\\\/\",\"https:\\\/\\\/www.youtube.com\\\/@Kohen-Avocats\"],\"url\":\"https:\\\/\\\/kohenavocats.com\\\/tr\\\/author\\\/kohenmlk\\\/\"}]}<\/script>\n<!-- \/ Yoast SEO Premium plugin. -->","yoast_head_json":{"title":"Tribunal judiciaire de Caen, le 2 octobre 2025, n\u00b025\/01916 - Ma\u00eetre Hassan Kohen, avocat en droit p\u00e9nal \u00e0 Paris","description":"Le juge des contentieux de la protection, statuant en premier ressort, a \u00e9t\u00e9 saisi par des bailleurs. Ces derniers sollicitaient la r\u00e9siliation du bail et l'...","robots":{"index":"index","follow":"follow","max-snippet":"max-snippet:-1","max-image-preview":"max-image-preview:large","max-video-preview":"max-video-preview:-1"},"canonical":"https:\/\/kohenavocats.com\/tr\/tribunal-judiciaire-de-caen-le-2-octobre-2025-n25-01916\/","og_locale":"tr_TR","og_type":"article","og_title":"Tribunal judiciaire de Caen, le 2 octobre 2025, n\u00b025\/01916","og_description":"Le juge des contentieux de la protection, statuant en premier ressort, a \u00e9t\u00e9 saisi par des bailleurs. Ces derniers sollicitaient la r\u00e9siliation du bail et l'...","og_url":"https:\/\/kohenavocats.com\/tr\/tribunal-judiciaire-de-caen-le-2-octobre-2025-n25-01916\/","og_site_name":"Ma\u00eetre Hassan Kohen, avocat en droit p\u00e9nal \u00e0 Paris","article_published_time":"2026-04-22T22:23:46+00:00","og_image":[{"width":6000,"height":4000,"url":"https:\/\/kohenavocats.com\/wp-content\/uploads\/2024\/08\/tomas-williams-0i38SCsSxJc-unsplash.webp","type":"image\/webp"}],"author":"Kohen","twitter_card":"summary_large_image","twitter_misc":{"Yazan:":"Kohen","Tahmini okuma s\u00fcresi":"2 dakika"},"schema":{"@context":"https:\/\/schema.org","@graph":[{"@type":"Article","@id":"https:\/\/kohenavocats.com\/tr\/tribunal-judiciaire-de-caen-le-2-octobre-2025-n25-01916\/#article","isPartOf":{"@id":"https:\/\/kohenavocats.com\/tr\/tribunal-judiciaire-de-caen-le-2-octobre-2025-n25-01916\/"},"author":{"name":"Kohen","@id":"https:\/\/kohenavocats.com\/tr\/#\/schema\/person\/761c9ba54fa1ca84d405cef0831ff751"},"headline":"Tribunal judiciaire de Caen, le 2 octobre 2025, n\u00b025\/01916","datePublished":"2026-04-22T22:23:46+00:00","mainEntityOfPage":{"@id":"https:\/\/kohenavocats.com\/tr\/tribunal-judiciaire-de-caen-le-2-octobre-2025-n25-01916\/"},"wordCount":517,"commentCount":0,"publisher":{"@id":"https:\/\/kohenavocats.com\/tr\/#organization"},"image":{"@id":"https:\/\/kohenavocats.com\/tr\/tribunal-judiciaire-de-caen-le-2-octobre-2025-n25-01916\/#primaryimage"},"thumbnailUrl":"https:\/\/kohenavocats.com\/wp-content\/uploads\/2024\/08\/tomas-williams-0i38SCsSxJc-unsplash.webp","articleSection":["Jurisprudence"],"inLanguage":"tr","potentialAction":[{"@type":"CommentAction","name":"Comment","target":["https:\/\/kohenavocats.com\/tr\/tribunal-judiciaire-de-caen-le-2-octobre-2025-n25-01916\/#respond"]}],"citation":"Tribunal judiciaire de Caen, le 2 octobre 2025, n\u00b025\/01916","about":[{"@type":"Thing","name":"Jurisprudence"}],"dateModified":"2026-04-22T22:23:46+00:00","speakable":{"@type":"SpeakableSpecification","cssSelector":[".article-content > p:first-of-type"]}},{"@type":"WebPage","@id":"https:\/\/kohenavocats.com\/tr\/tribunal-judiciaire-de-caen-le-2-octobre-2025-n25-01916\/","url":"https:\/\/kohenavocats.com\/tr\/tribunal-judiciaire-de-caen-le-2-octobre-2025-n25-01916\/","name":"Tribunal judiciaire de Caen, le 2 octobre 2025, n\u00b025\/01916 - Ma\u00eetre Hassan Kohen, avocat en droit p\u00e9nal \u00e0 Paris","isPartOf":{"@id":"https:\/\/kohenavocats.com\/tr\/#website"},"primaryImageOfPage":{"@id":"https:\/\/kohenavocats.com\/tr\/tribunal-judiciaire-de-caen-le-2-octobre-2025-n25-01916\/#primaryimage"},"image":{"@id":"https:\/\/kohenavocats.com\/tr\/tribunal-judiciaire-de-caen-le-2-octobre-2025-n25-01916\/#primaryimage"},"thumbnailUrl":"https:\/\/kohenavocats.com\/wp-content\/uploads\/2024\/08\/tomas-williams-0i38SCsSxJc-unsplash.webp","datePublished":"2026-04-22T22:23:46+00:00","description":"Le juge des contentieux de la protection, statuant en premier ressort, a \u00e9t\u00e9 saisi par des bailleurs. Ces derniers sollicitaient la r\u00e9siliation du bail et l'...","breadcrumb":{"@id":"https:\/\/kohenavocats.com\/tr\/tribunal-judiciaire-de-caen-le-2-octobre-2025-n25-01916\/#breadcrumb"},"inLanguage":"tr","potentialAction":[{"@type":"ReadAction","target":["https:\/\/kohenavocats.com\/tr\/tribunal-judiciaire-de-caen-le-2-octobre-2025-n25-01916\/"]}]},{"@type":"ImageObject","inLanguage":"tr","@id":"https:\/\/kohenavocats.com\/tr\/tribunal-judiciaire-de-caen-le-2-octobre-2025-n25-01916\/#primaryimage","url":"https:\/\/kohenavocats.com\/wp-content\/uploads\/2024\/08\/tomas-williams-0i38SCsSxJc-unsplash.webp","contentUrl":"https:\/\/kohenavocats.com\/wp-content\/uploads\/2024\/08\/tomas-williams-0i38SCsSxJc-unsplash.webp","width":6000,"height":4000},{"@type":"BreadcrumbList","@id":"https:\/\/kohenavocats.com\/tr\/tribunal-judiciaire-de-caen-le-2-octobre-2025-n25-01916\/#breadcrumb","itemListElement":[{"@type":"ListItem","position":1,"name":"Home","item":"https:\/\/kohenavocats.com\/tr\/avocats-en-droit-penal-a-paris-conseil-et-defense-strategique\/"},{"@type":"ListItem","position":2,"name":"Tribunal judiciaire de Caen, le 2 octobre 2025, n\u00b025\/01916"}]},{"@type":"WebSite","@id":"https:\/\/kohenavocats.com\/tr\/#website","url":"https:\/\/kohenavocats.com\/tr\/","name":"Kohen Avocats","description":"Ma\u00eetre Hassan Kohen, avocat p\u00e9naliste \u00e0 Paris, intervient exclusivement en droit p\u00e9nal pour la d\u00e9fense des particuliers, notamment en mati\u00e8re d\u2019accusations de viol. Il assure un accompagnement rigoureux d\u00e8s la garde \u00e0 vue jusqu\u2019\u00e0 la Cour d\u2019assises, veillant au strict respect des garanties proc\u00e9durales.","publisher":{"@id":"https:\/\/kohenavocats.com\/tr\/#organization"},"potentialAction":[{"@type":"SearchAction","target":{"@type":"EntryPoint","urlTemplate":"https:\/\/kohenavocats.com\/tr\/?s={search_term_string}"},"query-input":{"@type":"PropertyValueSpecification","valueRequired":true,"valueName":"search_term_string"}}],"inLanguage":"tr"},{"@type":"Organization","@id":"https:\/\/kohenavocats.com\/tr\/#organization","name":"Kohen Avocats","url":"https:\/\/kohenavocats.com\/tr\/","logo":{"@type":"ImageObject","inLanguage":"tr","@id":"https:\/\/kohenavocats.com\/tr\/#\/schema\/logo\/image\/","url":"https:\/\/kohenavocats.com\/wp-content\/uploads\/2026\/01\/Logo-2-1.webp","contentUrl":"https:\/\/kohenavocats.com\/wp-content\/uploads\/2026\/01\/Logo-2-1.webp","width":2114,"height":1253,"caption":"Kohen Avocats"},"image":{"@id":"https:\/\/kohenavocats.com\/tr\/#\/schema\/logo\/image\/"}},{"@type":"Person","@id":"https:\/\/kohenavocats.com\/tr\/#\/schema\/person\/761c9ba54fa1ca84d405cef0831ff751","name":"Kohen","image":{"@type":"ImageObject","inLanguage":"tr","@id":"https:\/\/secure.gravatar.com\/avatar\/1c5e76ef76bbbfdd2b4da984e2bf2fa4056fd51a27d25ce2c332047f1dfd6e00?s=96&d=identicon&r=g","url":"https:\/\/secure.gravatar.com\/avatar\/1c5e76ef76bbbfdd2b4da984e2bf2fa4056fd51a27d25ce2c332047f1dfd6e00?s=96&d=identicon&r=g","contentUrl":"https:\/\/secure.gravatar.com\/avatar\/1c5e76ef76bbbfdd2b4da984e2bf2fa4056fd51a27d25ce2c332047f1dfd6e00?s=96&d=identicon&r=g","caption":"Kohen"},"sameAs":["https:\/\/www.linkedin.com\/in\/hassan-kohen-448548192\/","https:\/\/www.youtube.com\/@Kohen-Avocats"],"url":"https:\/\/kohenavocats.com\/tr\/author\/kohenmlk\/"}]}},"jetpack_featured_media_url":"https:\/\/kohenavocats.com\/wp-content\/uploads\/2024\/08\/tomas-williams-0i38SCsSxJc-unsplash.webp","jetpack_likes_enabled":false,"jetpack_shortlink":"https:\/\/wp.me\/peCrII-2JVz","jetpack-related-posts":[{"id":269109,"url":"https:\/\/kohenavocats.com\/tr\/tribunal-judiciaire-de-strasbourg-le-25-juin-2025-n24-11546\/","url_meta":{"origin":653205,"position":0},"title":"Tribunal judiciaire de Strasbourg, le 25 juin 2025, n\u00b024\/11546","author":"Kohen","date":"10 Ocak 2026","format":false,"excerpt":"Le juge des contentieux de la protection du tribunal de proximit\u00e9 d\u2019Illkirch-Graffenstaden, par jugement du 25 juin 2025, tranche un litige locatif relatif \u00e0 la r\u00e9siliation d\u2019un bail d\u2019habitation et \u00e0 l\u2019expulsion du locataire. La d\u00e9cision intervient apr\u00e8s r\u00e9ouverture des d\u00e9bats ordonn\u00e9e le 2 avril 2025 afin d\u2019obtenir un constat\u2026","rel":"","context":"&quot;D\u00e9cisions juridiques&quot; i\u00e7inde","block_context":{"text":"D\u00e9cisions juridiques","link":"https:\/\/kohenavocats.com\/category\/decisions-juridiques\/"},"img":{"alt_text":"","src":"https:\/\/i0.wp.com\/kohenavocats.com\/wp-content\/uploads\/2024\/07\/nathan-cima-A4Qca4vX1Q0-unsplash.webp?resize=350%2C200&ssl=1","width":350,"height":200,"srcset":"https:\/\/i0.wp.com\/kohenavocats.com\/wp-content\/uploads\/2024\/07\/nathan-cima-A4Qca4vX1Q0-unsplash.webp?resize=350%2C200&ssl=1 1x, https:\/\/i0.wp.com\/kohenavocats.com\/wp-content\/uploads\/2024\/07\/nathan-cima-A4Qca4vX1Q0-unsplash.webp?resize=525%2C300&ssl=1 1.5x, https:\/\/i0.wp.com\/kohenavocats.com\/wp-content\/uploads\/2024\/07\/nathan-cima-A4Qca4vX1Q0-unsplash.webp?resize=700%2C400&ssl=1 2x, https:\/\/i0.wp.com\/kohenavocats.com\/wp-content\/uploads\/2024\/07\/nathan-cima-A4Qca4vX1Q0-unsplash.webp?resize=1050%2C600&ssl=1 3x, https:\/\/i0.wp.com\/kohenavocats.com\/wp-content\/uploads\/2024\/07\/nathan-cima-A4Qca4vX1Q0-unsplash.webp?resize=1400%2C800&ssl=1 4x"},"classes":[]},{"id":489049,"url":"https:\/\/kohenavocats.com\/tr\/tribunal-judiciaire-de-dijon-le-21-novembre-2025-n25-00344\/","url_meta":{"origin":653205,"position":1},"title":"Tribunal judiciaire de Dijon, le 21 novembre 2025, n\u00b025\/00344","author":"Kohen","date":"8 Nisan 2026","format":false,"excerpt":"Le juge des contentieux de la protection, statuant en r\u00e9f\u00e9r\u00e9 le 21 novembre 2025, examine une demande de r\u00e9siliation de bail pour troubles du voisinage. Le b...","rel":"","context":"&quot;Jurisprudence&quot; i\u00e7inde","block_context":{"text":"Jurisprudence","link":"https:\/\/kohenavocats.com\/category\/jurisprudence\/"},"img":{"alt_text":"","src":"https:\/\/i0.wp.com\/kohenavocats.com\/wp-content\/uploads\/2024\/08\/yohan-marion-UYA82FGMzFE-unsplash.webp?resize=350%2C200&ssl=1","width":350,"height":200,"srcset":"https:\/\/i0.wp.com\/kohenavocats.com\/wp-content\/uploads\/2024\/08\/yohan-marion-UYA82FGMzFE-unsplash.webp?resize=350%2C200&ssl=1 1x, https:\/\/i0.wp.com\/kohenavocats.com\/wp-content\/uploads\/2024\/08\/yohan-marion-UYA82FGMzFE-unsplash.webp?resize=525%2C300&ssl=1 1.5x, https:\/\/i0.wp.com\/kohenavocats.com\/wp-content\/uploads\/2024\/08\/yohan-marion-UYA82FGMzFE-unsplash.webp?resize=700%2C400&ssl=1 2x, https:\/\/i0.wp.com\/kohenavocats.com\/wp-content\/uploads\/2024\/08\/yohan-marion-UYA82FGMzFE-unsplash.webp?resize=1050%2C600&ssl=1 3x, https:\/\/i0.wp.com\/kohenavocats.com\/wp-content\/uploads\/2024\/08\/yohan-marion-UYA82FGMzFE-unsplash.webp?resize=1400%2C800&ssl=1 4x"},"classes":[]},{"id":499277,"url":"https:\/\/kohenavocats.com\/tr\/tribunal-judiciaire-de-nice-le-6-novembre-2025-n24-04675\/","url_meta":{"origin":653205,"position":2},"title":"Tribunal judiciaire de Nice, le 6 novembre 2025, n\u00b024\/04675","author":"Kohen","date":"8 Nisan 2026","format":false,"excerpt":"Le juge des contentieux de la protection, statuant par jugement contradictoire en premier ressort, a \u00e9t\u00e9 saisi d\u2019une action oblique intent\u00e9e par un syndicat ...","rel":"","context":"&quot;Jurisprudence&quot; i\u00e7inde","block_context":{"text":"Jurisprudence","link":"https:\/\/kohenavocats.com\/category\/jurisprudence\/"},"img":{"alt_text":"","src":"https:\/\/i0.wp.com\/kohenavocats.com\/wp-content\/uploads\/2024\/08\/mateus-campos-felipe-rgnkCd4rF1A-unsplash.webp?resize=350%2C200&ssl=1","width":350,"height":200,"srcset":"https:\/\/i0.wp.com\/kohenavocats.com\/wp-content\/uploads\/2024\/08\/mateus-campos-felipe-rgnkCd4rF1A-unsplash.webp?resize=350%2C200&ssl=1 1x, https:\/\/i0.wp.com\/kohenavocats.com\/wp-content\/uploads\/2024\/08\/mateus-campos-felipe-rgnkCd4rF1A-unsplash.webp?resize=525%2C300&ssl=1 1.5x, https:\/\/i0.wp.com\/kohenavocats.com\/wp-content\/uploads\/2024\/08\/mateus-campos-felipe-rgnkCd4rF1A-unsplash.webp?resize=700%2C400&ssl=1 2x, https:\/\/i0.wp.com\/kohenavocats.com\/wp-content\/uploads\/2024\/08\/mateus-campos-felipe-rgnkCd4rF1A-unsplash.webp?resize=1050%2C600&ssl=1 3x, https:\/\/i0.wp.com\/kohenavocats.com\/wp-content\/uploads\/2024\/08\/mateus-campos-felipe-rgnkCd4rF1A-unsplash.webp?resize=1400%2C800&ssl=1 4x"},"classes":[]},{"id":685695,"url":"https:\/\/kohenavocats.com\/tr\/cour-dappel-de-paris-le-10-juillet-2025-n22-06409\/","url_meta":{"origin":653205,"position":3},"title":"Cour d&#8217;appel de Paris, le 10 juillet 2025, n\u00b022\/06409","author":"Kohen","date":"25 Nisan 2026","format":false,"excerpt":"Par un arr\u00eat du 10 juillet 2025, la Cour d'appel de Paris confirme la r\u00e9siliation d'un bail d\u00e9cid\u00e9e par le Tribunal judiciaire de Melun le 15 mars 2022. L'af...","rel":"","context":"&quot;Jurisprudence&quot; i\u00e7inde","block_context":{"text":"Jurisprudence","link":"https:\/\/kohenavocats.com\/category\/jurisprudence\/"},"img":{"alt_text":"","src":"https:\/\/i0.wp.com\/kohenavocats.com\/wp-content\/uploads\/2024\/07\/daniel-roe-2OqFyMN7R_E-unsplash.webp?resize=350%2C200&ssl=1","width":350,"height":200,"srcset":"https:\/\/i0.wp.com\/kohenavocats.com\/wp-content\/uploads\/2024\/07\/daniel-roe-2OqFyMN7R_E-unsplash.webp?resize=350%2C200&ssl=1 1x, https:\/\/i0.wp.com\/kohenavocats.com\/wp-content\/uploads\/2024\/07\/daniel-roe-2OqFyMN7R_E-unsplash.webp?resize=525%2C300&ssl=1 1.5x, https:\/\/i0.wp.com\/kohenavocats.com\/wp-content\/uploads\/2024\/07\/daniel-roe-2OqFyMN7R_E-unsplash.webp?resize=700%2C400&ssl=1 2x, https:\/\/i0.wp.com\/kohenavocats.com\/wp-content\/uploads\/2024\/07\/daniel-roe-2OqFyMN7R_E-unsplash.webp?resize=1050%2C600&ssl=1 3x, https:\/\/i0.wp.com\/kohenavocats.com\/wp-content\/uploads\/2024\/07\/daniel-roe-2OqFyMN7R_E-unsplash.webp?resize=1400%2C800&ssl=1 4x"},"classes":[]},{"id":662072,"url":"https:\/\/kohenavocats.com\/tr\/tribunal-judiciaire-de-nantes-le-25-septembre-2025-n24-04080\/","url_meta":{"origin":653205,"position":4},"title":"Tribunal judiciaire de Nantes, le 25 septembre 2025, n\u00b024\/04080","author":"Kohen","date":"23 Nisan 2026","format":false,"excerpt":"Le juge des contentieux de la protection de Nantes, statuant le 25 septembre 2025, a prononc\u00e9 la r\u00e9siliation judiciaire d'un bail d'habitation. Le bailleur f...","rel":"","context":"&quot;Jurisprudence&quot; i\u00e7inde","block_context":{"text":"Jurisprudence","link":"https:\/\/kohenavocats.com\/category\/jurisprudence\/"},"img":{"alt_text":"","src":"https:\/\/i0.wp.com\/kohenavocats.com\/wp-content\/uploads\/2024\/11\/anita-austvika-c3a-Tr6CM1Q-unsplash.webp?resize=350%2C200&ssl=1","width":350,"height":200,"srcset":"https:\/\/i0.wp.com\/kohenavocats.com\/wp-content\/uploads\/2024\/11\/anita-austvika-c3a-Tr6CM1Q-unsplash.webp?resize=350%2C200&ssl=1 1x, https:\/\/i0.wp.com\/kohenavocats.com\/wp-content\/uploads\/2024\/11\/anita-austvika-c3a-Tr6CM1Q-unsplash.webp?resize=525%2C300&ssl=1 1.5x, https:\/\/i0.wp.com\/kohenavocats.com\/wp-content\/uploads\/2024\/11\/anita-austvika-c3a-Tr6CM1Q-unsplash.webp?resize=700%2C400&ssl=1 2x, https:\/\/i0.wp.com\/kohenavocats.com\/wp-content\/uploads\/2024\/11\/anita-austvika-c3a-Tr6CM1Q-unsplash.webp?resize=1050%2C600&ssl=1 3x, https:\/\/i0.wp.com\/kohenavocats.com\/wp-content\/uploads\/2024\/11\/anita-austvika-c3a-Tr6CM1Q-unsplash.webp?resize=1400%2C800&ssl=1 4x"},"classes":[]},{"id":647613,"url":"https:\/\/kohenavocats.com\/tr\/tribunal-judiciaire-de-colmar-le-3-octobre-2025-n25-00383\/","url_meta":{"origin":653205,"position":5},"title":"Tribunal judiciaire de Colmar, le 3 octobre 2025, n\u00b025\/00383","author":"Kohen","date":"22 Nisan 2026","format":false,"excerpt":"Le tribunal judiciaire, statuant en juge des contentieux de la protection, a rendu un jugement le 3 octobre 2025. Une soci\u00e9t\u00e9 bailleur demandait la r\u00e9siliati...","rel":"","context":"&quot;Jurisprudence&quot; i\u00e7inde","block_context":{"text":"Jurisprudence","link":"https:\/\/kohenavocats.com\/category\/jurisprudence\/"},"img":{"alt_text":"","src":"https:\/\/i0.wp.com\/kohenavocats.com\/wp-content\/uploads\/2024\/08\/andrian-rubinskiy-2g3yyKNaMxw-unsplash.webp?resize=350%2C200&ssl=1","width":350,"height":200,"srcset":"https:\/\/i0.wp.com\/kohenavocats.com\/wp-content\/uploads\/2024\/08\/andrian-rubinskiy-2g3yyKNaMxw-unsplash.webp?resize=350%2C200&ssl=1 1x, https:\/\/i0.wp.com\/kohenavocats.com\/wp-content\/uploads\/2024\/08\/andrian-rubinskiy-2g3yyKNaMxw-unsplash.webp?resize=525%2C300&ssl=1 1.5x, https:\/\/i0.wp.com\/kohenavocats.com\/wp-content\/uploads\/2024\/08\/andrian-rubinskiy-2g3yyKNaMxw-unsplash.webp?resize=700%2C400&ssl=1 2x, https:\/\/i0.wp.com\/kohenavocats.com\/wp-content\/uploads\/2024\/08\/andrian-rubinskiy-2g3yyKNaMxw-unsplash.webp?resize=1050%2C600&ssl=1 3x, https:\/\/i0.wp.com\/kohenavocats.com\/wp-content\/uploads\/2024\/08\/andrian-rubinskiy-2g3yyKNaMxw-unsplash.webp?resize=1400%2C800&ssl=1 4x"},"classes":[]}],"jetpack_sharing_enabled":true,"_links":{"self":[{"href":"https:\/\/kohenavocats.com\/tr\/wp-json\/wp\/v2\/posts\/653205","targetHints":{"allow":["GET"]}}],"collection":[{"href":"https:\/\/kohenavocats.com\/tr\/wp-json\/wp\/v2\/posts"}],"about":[{"href":"https:\/\/kohenavocats.com\/tr\/wp-json\/wp\/v2\/types\/post"}],"author":[{"embeddable":true,"href":"https:\/\/kohenavocats.com\/tr\/wp-json\/wp\/v2\/users\/232070755"}],"replies":[{"embeddable":true,"href":"https:\/\/kohenavocats.com\/tr\/wp-json\/wp\/v2\/comments?post=653205"}],"version-history":[{"count":0,"href":"https:\/\/kohenavocats.com\/tr\/wp-json\/wp\/v2\/posts\/653205\/revisions"}],"wp:featuredmedia":[{"embeddable":true,"href":"https:\/\/kohenavocats.com\/tr\/wp-json\/wp\/v2\/media\/4879"}],"wp:attachment":[{"href":"https:\/\/kohenavocats.com\/tr\/wp-json\/wp\/v2\/media?parent=653205"}],"wp:term":[{"taxonomy":"category","embeddable":true,"href":"https:\/\/kohenavocats.com\/tr\/wp-json\/wp\/v2\/categories?post=653205"},{"taxonomy":"post_tag","embeddable":true,"href":"https:\/\/kohenavocats.com\/tr\/wp-json\/wp\/v2\/tags?post=653205"}],"curies":[{"name":"wp","href":"https:\/\/api.w.org\/{rel}","templated":true}]}}