{"id":653764,"date":"2026-04-23T01:39:25","date_gmt":"2026-04-22T23:39:25","guid":{"rendered":"https:\/\/kohenavocats.com\/cour-de-cassation-le-10-decembre-2026-n25-00599\/"},"modified":"2026-04-23T01:39:25","modified_gmt":"2026-04-22T23:39:25","slug":"cour-de-cassation-le-10-decembre-2026-n25-00599","status":"publish","type":"post","link":"https:\/\/kohenavocats.com\/tr\/cour-de-cassation-le-10-decembre-2026-n25-00599\/","title":{"rendered":"Cour de cassation, le 10 d\u00e9cembre 2026, n\u00b025\/00599"},"content":{"rendered":"<div class=\"article-content\">\n<p>La Cour de cassation, chambre sociale, statue le 10 d\u00e9cembre 2026 sur une demande en rectification d\u2019erreur mat\u00e9rielle. L\u2019institution requ\u00e9rante contestait des mentions dans un arr\u00eat concernant la situation d\u2019une soci\u00e9t\u00e9. La Cour rejette la demande, estimant qu\u2019aucune erreur mat\u00e9rielle n\u2019est caract\u00e9ris\u00e9e en l\u2019esp\u00e8ce.<\/p>\n<p>La notion d\u2019erreur mat\u00e9rielle rectifiable<br \/>\nLa d\u00e9finition restrictive de l\u2019erreur de plume<br \/>\nLe texte l\u00e9gal pr\u00e9voit la rectification des seules erreurs ou omissions mat\u00e9rielles affectant un jugement. La Haute Juridiction valide le refus de rectifier des mentions relatives \u00e0 la situation proc\u00e9durale d\u2019une soci\u00e9t\u00e9 et \u00e0 sa structure capitalistique. Elle estime que ces \u00e9nonciations correspondent \u00e0 une r\u00e9alit\u00e9 factuelle et proc\u00e9durale. Ainsi, l\u2019erreur mat\u00e9rielle se distingue d\u2019une simple contestation sur le fond du litige.<\/p>\n<p>La port\u00e9e de cette interpr\u00e9tation est essentielle pour la s\u00e9curit\u00e9 juridique. Elle limite strictement la proc\u00e9dure rectificative \u00e0 des corrections formelles et non substantielles. Cette approche restrictive prot\u00e8ge l\u2019autorit\u00e9 de la chose jug\u00e9e des remises en cause d\u00e9guis\u00e9es. Elle rejoint une jurisprudence constante sur la nature purement corrective de l\u2019article 462 du code de proc\u00e9dure civile.<\/p>\n<p>Les conditions de mise en \u0153uvre de la rectification<br \/>\nL\u2019exigence d\u2019une d\u00e9monstration par le requ\u00e9rant<br \/>\nLa Cour souligne que la charge de la preuve incombe \u00e0 la partie qui invoque l\u2019existence d\u2019une erreur. En l\u2019absence d\u2019une telle d\u00e9monstration, la demande doit \u00eatre rejet\u00e9e. La d\u00e9cision pr\u00e9cise que les mentions critiqu\u00e9es font partie de l\u2019expos\u00e9 du litige et sont exactes. Le juge statue donc sur la base de ce que r\u00e9v\u00e8le le dossier de l\u2019instance.<\/p>\n<p>La valeur de cette solution r\u00e9side dans son rappel des exigences proc\u00e9durales. Elle \u00e9vite que le m\u00e9canisme de rectification ne soit d\u00e9tourn\u00e9 de son objet. Cette application stricte pr\u00e9serve l\u2019efficacit\u00e9 et la finalit\u00e9 de la proc\u00e9dure. Elle s\u2019inscrit en coh\u00e9rence avec d\u2019autres d\u00e9cisions refusant la rectification pour de simples interversions de noms lorsque la r\u00e9alit\u00e9 est \u00e9tablie. &#8220;Cette interversion constitue une erreur de plume, purement mat\u00e9rielle, qu&#8217;il convient de corriger&#8221; (Cour d&#8217;appel de Paris, le 9 novembre 2023, n\u00b023\/08006).<\/p>\n<\/div>\n","protected":false},"excerpt":{"rendered":"<p>La Cour de cassation, chambre sociale, statue le 10 d\u00e9cembre 2026 sur une demande en rectification d\u2019erreur mat\u00e9rielle. L\u2019institution requ\u00e9rante contestait d&#8230;<\/p>\n","protected":false},"author":232070755,"featured_media":4922,"comment_status":"open","ping_status":"open","sticky":false,"template":"","format":"standard","meta":{"_crdt_document":"","_jetpack_newsletter_access":"","_jetpack_dont_email_post_to_subs":false,"_jetpack_newsletter_tier_id":0,"_jetpack_memberships_contains_paywalled_content":false,"_kj_source_type":"judilibre","_kj_official_id":"68df5d724a4e15bf2fe4fa2c","_kj_official_url":"https:\/\/www.courdecassation.fr\/decision\/68df5d724a4e15bf2fe4fa2c","_kj_judilibre_id":"68df5d724a4e15bf2fe4fa2c","_kj_jur":"Cour d'appel","_kj_lieu":"Cour d'appel de Limoges","_kj_chambre":"Chambre sociale","_kj_rg":"25\/00599","_kj_date":"2025-10-02","_jetpack_memberships_contains_paid_content":false,"footnotes":"","jetpack_post_was_ever_published":false},"categories":[7597],"tags":[],"class_list":["post-653764","post","type-post","status-publish","format-standard","has-post-thumbnail","hentry","category-jurisprudence"],"yoast_head":"<!-- This site is optimized with the Yoast SEO Premium plugin v27.5 (Yoast SEO v27.5) - https:\/\/yoast.com\/product\/yoast-seo-premium-wordpress\/ -->\n<title>Cour de cassation, le 10 d\u00e9cembre 2026, n\u00b025\/00599 - Ma\u00eetre Hassan Kohen, avocat en droit p\u00e9nal \u00e0 Paris<\/title>\n<meta name=\"description\" content=\"La Cour de cassation, chambre sociale, statue le 10 d\u00e9cembre 2026 sur une demande en rectification d\u2019erreur mat\u00e9rielle. L\u2019institution requ\u00e9rante contestait d...\" \/>\n<meta name=\"robots\" content=\"index, follow, max-snippet:-1, max-image-preview:large, max-video-preview:-1\" \/>\n<link rel=\"canonical\" href=\"https:\/\/kohenavocats.com\/tr\/cour-de-cassation-le-10-decembre-2026-n25-00599\/\" \/>\n<meta property=\"og:locale\" content=\"tr_TR\" \/>\n<meta property=\"og:type\" content=\"article\" \/>\n<meta property=\"og:title\" content=\"Cour de cassation, le 10 d\u00e9cembre 2026, n\u00b025\/00599\" \/>\n<meta property=\"og:description\" content=\"La Cour de cassation, chambre sociale, statue le 10 d\u00e9cembre 2026 sur une demande en rectification d\u2019erreur mat\u00e9rielle. L\u2019institution requ\u00e9rante contestait d...\" \/>\n<meta property=\"og:url\" content=\"https:\/\/kohenavocats.com\/tr\/cour-de-cassation-le-10-decembre-2026-n25-00599\/\" \/>\n<meta property=\"og:site_name\" content=\"Ma\u00eetre Hassan Kohen, avocat en droit p\u00e9nal \u00e0 Paris\" \/>\n<meta property=\"article:published_time\" content=\"2026-04-22T23:39:25+00:00\" \/>\n<meta property=\"og:image\" content=\"https:\/\/kohenavocats.com\/wp-content\/uploads\/2024\/08\/pierre-axel-cotteret-ZxtssYV12S4-unsplash.webp\" \/>\n\t<meta property=\"og:image:width\" content=\"6000\" \/>\n\t<meta property=\"og:image:height\" content=\"4000\" \/>\n\t<meta property=\"og:image:type\" content=\"image\/webp\" \/>\n<meta name=\"author\" content=\"Kohen\" \/>\n<meta name=\"twitter:card\" content=\"summary_large_image\" \/>\n<meta name=\"twitter:label1\" content=\"Yazan:\" \/>\n\t<meta name=\"twitter:data1\" content=\"Kohen\" \/>\n\t<meta name=\"twitter:label2\" content=\"Tahmini okuma s\u00fcresi\" \/>\n\t<meta name=\"twitter:data2\" content=\"2 dakika\" \/>\n<script type=\"application\/ld+json\" class=\"yoast-schema-graph\">{\"@context\":\"https:\\\/\\\/schema.org\",\"@graph\":[{\"@type\":\"Article\",\"@id\":\"https:\\\/\\\/kohenavocats.com\\\/tr\\\/cour-de-cassation-le-10-decembre-2026-n25-00599\\\/#article\",\"isPartOf\":{\"@id\":\"https:\\\/\\\/kohenavocats.com\\\/tr\\\/cour-de-cassation-le-10-decembre-2026-n25-00599\\\/\"},\"author\":{\"name\":\"Kohen\",\"@id\":\"https:\\\/\\\/kohenavocats.com\\\/tr\\\/#\\\/schema\\\/person\\\/761c9ba54fa1ca84d405cef0831ff751\"},\"headline\":\"Cour de cassation, le 10 d\u00e9cembre 2026, n\u00b025\\\/00599\",\"datePublished\":\"2026-04-22T23:39:25+00:00\",\"mainEntityOfPage\":{\"@id\":\"https:\\\/\\\/kohenavocats.com\\\/tr\\\/cour-de-cassation-le-10-decembre-2026-n25-00599\\\/\"},\"wordCount\":397,\"commentCount\":0,\"publisher\":{\"@id\":\"https:\\\/\\\/kohenavocats.com\\\/tr\\\/#organization\"},\"image\":{\"@id\":\"https:\\\/\\\/kohenavocats.com\\\/tr\\\/cour-de-cassation-le-10-decembre-2026-n25-00599\\\/#primaryimage\"},\"thumbnailUrl\":\"https:\\\/\\\/kohenavocats.com\\\/wp-content\\\/uploads\\\/2024\\\/08\\\/pierre-axel-cotteret-ZxtssYV12S4-unsplash.webp\",\"articleSection\":[\"Jurisprudence\"],\"inLanguage\":\"tr\",\"potentialAction\":[{\"@type\":\"CommentAction\",\"name\":\"Comment\",\"target\":[\"https:\\\/\\\/kohenavocats.com\\\/tr\\\/cour-de-cassation-le-10-decembre-2026-n25-00599\\\/#respond\"]}],\"citation\":\"Cour de cassation, le 10 d\u00e9cembre 2026, n\u00b025\\\/00599\",\"about\":[{\"@type\":\"Thing\",\"name\":\"Jurisprudence\"}],\"dateModified\":\"2026-04-22T23:39:25+00:00\",\"speakable\":{\"@type\":\"SpeakableSpecification\",\"cssSelector\":[\".article-content > p:first-of-type\"]}},{\"@type\":\"WebPage\",\"@id\":\"https:\\\/\\\/kohenavocats.com\\\/tr\\\/cour-de-cassation-le-10-decembre-2026-n25-00599\\\/\",\"url\":\"https:\\\/\\\/kohenavocats.com\\\/tr\\\/cour-de-cassation-le-10-decembre-2026-n25-00599\\\/\",\"name\":\"Cour de cassation, le 10 d\u00e9cembre 2026, n\u00b025\\\/00599 - Ma\u00eetre Hassan Kohen, avocat en droit p\u00e9nal \u00e0 Paris\",\"isPartOf\":{\"@id\":\"https:\\\/\\\/kohenavocats.com\\\/tr\\\/#website\"},\"primaryImageOfPage\":{\"@id\":\"https:\\\/\\\/kohenavocats.com\\\/tr\\\/cour-de-cassation-le-10-decembre-2026-n25-00599\\\/#primaryimage\"},\"image\":{\"@id\":\"https:\\\/\\\/kohenavocats.com\\\/tr\\\/cour-de-cassation-le-10-decembre-2026-n25-00599\\\/#primaryimage\"},\"thumbnailUrl\":\"https:\\\/\\\/kohenavocats.com\\\/wp-content\\\/uploads\\\/2024\\\/08\\\/pierre-axel-cotteret-ZxtssYV12S4-unsplash.webp\",\"datePublished\":\"2026-04-22T23:39:25+00:00\",\"description\":\"La Cour de cassation, chambre sociale, statue le 10 d\u00e9cembre 2026 sur une demande en rectification d\u2019erreur mat\u00e9rielle. L\u2019institution requ\u00e9rante contestait d...\",\"breadcrumb\":{\"@id\":\"https:\\\/\\\/kohenavocats.com\\\/tr\\\/cour-de-cassation-le-10-decembre-2026-n25-00599\\\/#breadcrumb\"},\"inLanguage\":\"tr\",\"potentialAction\":[{\"@type\":\"ReadAction\",\"target\":[\"https:\\\/\\\/kohenavocats.com\\\/tr\\\/cour-de-cassation-le-10-decembre-2026-n25-00599\\\/\"]}]},{\"@type\":\"ImageObject\",\"inLanguage\":\"tr\",\"@id\":\"https:\\\/\\\/kohenavocats.com\\\/tr\\\/cour-de-cassation-le-10-decembre-2026-n25-00599\\\/#primaryimage\",\"url\":\"https:\\\/\\\/kohenavocats.com\\\/wp-content\\\/uploads\\\/2024\\\/08\\\/pierre-axel-cotteret-ZxtssYV12S4-unsplash.webp\",\"contentUrl\":\"https:\\\/\\\/kohenavocats.com\\\/wp-content\\\/uploads\\\/2024\\\/08\\\/pierre-axel-cotteret-ZxtssYV12S4-unsplash.webp\",\"width\":6000,\"height\":4000},{\"@type\":\"BreadcrumbList\",\"@id\":\"https:\\\/\\\/kohenavocats.com\\\/tr\\\/cour-de-cassation-le-10-decembre-2026-n25-00599\\\/#breadcrumb\",\"itemListElement\":[{\"@type\":\"ListItem\",\"position\":1,\"name\":\"Home\",\"item\":\"https:\\\/\\\/kohenavocats.com\\\/tr\\\/avocats-en-droit-penal-a-paris-conseil-et-defense-strategique\\\/\"},{\"@type\":\"ListItem\",\"position\":2,\"name\":\"Cour de cassation, le 10 d\u00e9cembre 2026, n\u00b025\\\/00599\"}]},{\"@type\":\"WebSite\",\"@id\":\"https:\\\/\\\/kohenavocats.com\\\/tr\\\/#website\",\"url\":\"https:\\\/\\\/kohenavocats.com\\\/tr\\\/\",\"name\":\"Kohen Avocats\",\"description\":\"Ma\u00eetre Hassan Kohen, avocat p\u00e9naliste \u00e0 Paris, intervient exclusivement en droit p\u00e9nal pour la d\u00e9fense des particuliers, notamment en mati\u00e8re d\u2019accusations de viol. Il assure un accompagnement rigoureux d\u00e8s la garde \u00e0 vue jusqu\u2019\u00e0 la Cour d\u2019assises, veillant au strict respect des garanties proc\u00e9durales.\",\"publisher\":{\"@id\":\"https:\\\/\\\/kohenavocats.com\\\/tr\\\/#organization\"},\"potentialAction\":[{\"@type\":\"SearchAction\",\"target\":{\"@type\":\"EntryPoint\",\"urlTemplate\":\"https:\\\/\\\/kohenavocats.com\\\/tr\\\/?s={search_term_string}\"},\"query-input\":{\"@type\":\"PropertyValueSpecification\",\"valueRequired\":true,\"valueName\":\"search_term_string\"}}],\"inLanguage\":\"tr\"},{\"@type\":\"Organization\",\"@id\":\"https:\\\/\\\/kohenavocats.com\\\/tr\\\/#organization\",\"name\":\"Kohen Avocats\",\"url\":\"https:\\\/\\\/kohenavocats.com\\\/tr\\\/\",\"logo\":{\"@type\":\"ImageObject\",\"inLanguage\":\"tr\",\"@id\":\"https:\\\/\\\/kohenavocats.com\\\/tr\\\/#\\\/schema\\\/logo\\\/image\\\/\",\"url\":\"https:\\\/\\\/kohenavocats.com\\\/wp-content\\\/uploads\\\/2026\\\/01\\\/Logo-2-1.webp\",\"contentUrl\":\"https:\\\/\\\/kohenavocats.com\\\/wp-content\\\/uploads\\\/2026\\\/01\\\/Logo-2-1.webp\",\"width\":2114,\"height\":1253,\"caption\":\"Kohen Avocats\"},\"image\":{\"@id\":\"https:\\\/\\\/kohenavocats.com\\\/tr\\\/#\\\/schema\\\/logo\\\/image\\\/\"}},{\"@type\":\"Person\",\"@id\":\"https:\\\/\\\/kohenavocats.com\\\/tr\\\/#\\\/schema\\\/person\\\/761c9ba54fa1ca84d405cef0831ff751\",\"name\":\"Kohen\",\"image\":{\"@type\":\"ImageObject\",\"inLanguage\":\"tr\",\"@id\":\"https:\\\/\\\/secure.gravatar.com\\\/avatar\\\/1c5e76ef76bbbfdd2b4da984e2bf2fa4056fd51a27d25ce2c332047f1dfd6e00?s=96&d=identicon&r=g\",\"url\":\"https:\\\/\\\/secure.gravatar.com\\\/avatar\\\/1c5e76ef76bbbfdd2b4da984e2bf2fa4056fd51a27d25ce2c332047f1dfd6e00?s=96&d=identicon&r=g\",\"contentUrl\":\"https:\\\/\\\/secure.gravatar.com\\\/avatar\\\/1c5e76ef76bbbfdd2b4da984e2bf2fa4056fd51a27d25ce2c332047f1dfd6e00?s=96&d=identicon&r=g\",\"caption\":\"Kohen\"},\"sameAs\":[\"https:\\\/\\\/www.linkedin.com\\\/in\\\/hassan-kohen-448548192\\\/\",\"https:\\\/\\\/www.youtube.com\\\/@Kohen-Avocats\"],\"url\":\"https:\\\/\\\/kohenavocats.com\\\/tr\\\/author\\\/kohenmlk\\\/\"}]}<\/script>\n<!-- \/ Yoast SEO Premium plugin. -->","yoast_head_json":{"title":"Cour de cassation, le 10 d\u00e9cembre 2026, n\u00b025\/00599 - Ma\u00eetre Hassan Kohen, avocat en droit p\u00e9nal \u00e0 Paris","description":"La Cour de cassation, chambre sociale, statue le 10 d\u00e9cembre 2026 sur une demande en rectification d\u2019erreur mat\u00e9rielle. L\u2019institution requ\u00e9rante contestait d...","robots":{"index":"index","follow":"follow","max-snippet":"max-snippet:-1","max-image-preview":"max-image-preview:large","max-video-preview":"max-video-preview:-1"},"canonical":"https:\/\/kohenavocats.com\/tr\/cour-de-cassation-le-10-decembre-2026-n25-00599\/","og_locale":"tr_TR","og_type":"article","og_title":"Cour de cassation, le 10 d\u00e9cembre 2026, n\u00b025\/00599","og_description":"La Cour de cassation, chambre sociale, statue le 10 d\u00e9cembre 2026 sur une demande en rectification d\u2019erreur mat\u00e9rielle. L\u2019institution requ\u00e9rante contestait d...","og_url":"https:\/\/kohenavocats.com\/tr\/cour-de-cassation-le-10-decembre-2026-n25-00599\/","og_site_name":"Ma\u00eetre Hassan Kohen, avocat en droit p\u00e9nal \u00e0 Paris","article_published_time":"2026-04-22T23:39:25+00:00","og_image":[{"width":6000,"height":4000,"url":"https:\/\/kohenavocats.com\/wp-content\/uploads\/2024\/08\/pierre-axel-cotteret-ZxtssYV12S4-unsplash.webp","type":"image\/webp"}],"author":"Kohen","twitter_card":"summary_large_image","twitter_misc":{"Yazan:":"Kohen","Tahmini okuma s\u00fcresi":"2 dakika"},"schema":{"@context":"https:\/\/schema.org","@graph":[{"@type":"Article","@id":"https:\/\/kohenavocats.com\/tr\/cour-de-cassation-le-10-decembre-2026-n25-00599\/#article","isPartOf":{"@id":"https:\/\/kohenavocats.com\/tr\/cour-de-cassation-le-10-decembre-2026-n25-00599\/"},"author":{"name":"Kohen","@id":"https:\/\/kohenavocats.com\/tr\/#\/schema\/person\/761c9ba54fa1ca84d405cef0831ff751"},"headline":"Cour de cassation, le 10 d\u00e9cembre 2026, n\u00b025\/00599","datePublished":"2026-04-22T23:39:25+00:00","mainEntityOfPage":{"@id":"https:\/\/kohenavocats.com\/tr\/cour-de-cassation-le-10-decembre-2026-n25-00599\/"},"wordCount":397,"commentCount":0,"publisher":{"@id":"https:\/\/kohenavocats.com\/tr\/#organization"},"image":{"@id":"https:\/\/kohenavocats.com\/tr\/cour-de-cassation-le-10-decembre-2026-n25-00599\/#primaryimage"},"thumbnailUrl":"https:\/\/kohenavocats.com\/wp-content\/uploads\/2024\/08\/pierre-axel-cotteret-ZxtssYV12S4-unsplash.webp","articleSection":["Jurisprudence"],"inLanguage":"tr","potentialAction":[{"@type":"CommentAction","name":"Comment","target":["https:\/\/kohenavocats.com\/tr\/cour-de-cassation-le-10-decembre-2026-n25-00599\/#respond"]}],"citation":"Cour de cassation, le 10 d\u00e9cembre 2026, n\u00b025\/00599","about":[{"@type":"Thing","name":"Jurisprudence"}],"dateModified":"2026-04-22T23:39:25+00:00","speakable":{"@type":"SpeakableSpecification","cssSelector":[".article-content > p:first-of-type"]}},{"@type":"WebPage","@id":"https:\/\/kohenavocats.com\/tr\/cour-de-cassation-le-10-decembre-2026-n25-00599\/","url":"https:\/\/kohenavocats.com\/tr\/cour-de-cassation-le-10-decembre-2026-n25-00599\/","name":"Cour de cassation, le 10 d\u00e9cembre 2026, n\u00b025\/00599 - Ma\u00eetre Hassan Kohen, avocat en droit p\u00e9nal \u00e0 Paris","isPartOf":{"@id":"https:\/\/kohenavocats.com\/tr\/#website"},"primaryImageOfPage":{"@id":"https:\/\/kohenavocats.com\/tr\/cour-de-cassation-le-10-decembre-2026-n25-00599\/#primaryimage"},"image":{"@id":"https:\/\/kohenavocats.com\/tr\/cour-de-cassation-le-10-decembre-2026-n25-00599\/#primaryimage"},"thumbnailUrl":"https:\/\/kohenavocats.com\/wp-content\/uploads\/2024\/08\/pierre-axel-cotteret-ZxtssYV12S4-unsplash.webp","datePublished":"2026-04-22T23:39:25+00:00","description":"La Cour de cassation, chambre sociale, statue le 10 d\u00e9cembre 2026 sur une demande en rectification d\u2019erreur mat\u00e9rielle. L\u2019institution requ\u00e9rante contestait d...","breadcrumb":{"@id":"https:\/\/kohenavocats.com\/tr\/cour-de-cassation-le-10-decembre-2026-n25-00599\/#breadcrumb"},"inLanguage":"tr","potentialAction":[{"@type":"ReadAction","target":["https:\/\/kohenavocats.com\/tr\/cour-de-cassation-le-10-decembre-2026-n25-00599\/"]}]},{"@type":"ImageObject","inLanguage":"tr","@id":"https:\/\/kohenavocats.com\/tr\/cour-de-cassation-le-10-decembre-2026-n25-00599\/#primaryimage","url":"https:\/\/kohenavocats.com\/wp-content\/uploads\/2024\/08\/pierre-axel-cotteret-ZxtssYV12S4-unsplash.webp","contentUrl":"https:\/\/kohenavocats.com\/wp-content\/uploads\/2024\/08\/pierre-axel-cotteret-ZxtssYV12S4-unsplash.webp","width":6000,"height":4000},{"@type":"BreadcrumbList","@id":"https:\/\/kohenavocats.com\/tr\/cour-de-cassation-le-10-decembre-2026-n25-00599\/#breadcrumb","itemListElement":[{"@type":"ListItem","position":1,"name":"Home","item":"https:\/\/kohenavocats.com\/tr\/avocats-en-droit-penal-a-paris-conseil-et-defense-strategique\/"},{"@type":"ListItem","position":2,"name":"Cour de cassation, le 10 d\u00e9cembre 2026, n\u00b025\/00599"}]},{"@type":"WebSite","@id":"https:\/\/kohenavocats.com\/tr\/#website","url":"https:\/\/kohenavocats.com\/tr\/","name":"Kohen Avocats","description":"Ma\u00eetre Hassan Kohen, avocat p\u00e9naliste \u00e0 Paris, intervient exclusivement en droit p\u00e9nal pour la d\u00e9fense des particuliers, notamment en mati\u00e8re d\u2019accusations de viol. Il assure un accompagnement rigoureux d\u00e8s la garde \u00e0 vue jusqu\u2019\u00e0 la Cour d\u2019assises, veillant au strict respect des garanties proc\u00e9durales.","publisher":{"@id":"https:\/\/kohenavocats.com\/tr\/#organization"},"potentialAction":[{"@type":"SearchAction","target":{"@type":"EntryPoint","urlTemplate":"https:\/\/kohenavocats.com\/tr\/?s={search_term_string}"},"query-input":{"@type":"PropertyValueSpecification","valueRequired":true,"valueName":"search_term_string"}}],"inLanguage":"tr"},{"@type":"Organization","@id":"https:\/\/kohenavocats.com\/tr\/#organization","name":"Kohen Avocats","url":"https:\/\/kohenavocats.com\/tr\/","logo":{"@type":"ImageObject","inLanguage":"tr","@id":"https:\/\/kohenavocats.com\/tr\/#\/schema\/logo\/image\/","url":"https:\/\/kohenavocats.com\/wp-content\/uploads\/2026\/01\/Logo-2-1.webp","contentUrl":"https:\/\/kohenavocats.com\/wp-content\/uploads\/2026\/01\/Logo-2-1.webp","width":2114,"height":1253,"caption":"Kohen Avocats"},"image":{"@id":"https:\/\/kohenavocats.com\/tr\/#\/schema\/logo\/image\/"}},{"@type":"Person","@id":"https:\/\/kohenavocats.com\/tr\/#\/schema\/person\/761c9ba54fa1ca84d405cef0831ff751","name":"Kohen","image":{"@type":"ImageObject","inLanguage":"tr","@id":"https:\/\/secure.gravatar.com\/avatar\/1c5e76ef76bbbfdd2b4da984e2bf2fa4056fd51a27d25ce2c332047f1dfd6e00?s=96&d=identicon&r=g","url":"https:\/\/secure.gravatar.com\/avatar\/1c5e76ef76bbbfdd2b4da984e2bf2fa4056fd51a27d25ce2c332047f1dfd6e00?s=96&d=identicon&r=g","contentUrl":"https:\/\/secure.gravatar.com\/avatar\/1c5e76ef76bbbfdd2b4da984e2bf2fa4056fd51a27d25ce2c332047f1dfd6e00?s=96&d=identicon&r=g","caption":"Kohen"},"sameAs":["https:\/\/www.linkedin.com\/in\/hassan-kohen-448548192\/","https:\/\/www.youtube.com\/@Kohen-Avocats"],"url":"https:\/\/kohenavocats.com\/tr\/author\/kohenmlk\/"}]}},"jetpack_featured_media_url":"https:\/\/kohenavocats.com\/wp-content\/uploads\/2024\/08\/pierre-axel-cotteret-ZxtssYV12S4-unsplash.webp","jetpack_likes_enabled":false,"jetpack_shortlink":"https:\/\/wp.me\/peCrII-2K4A","jetpack-related-posts":[{"id":235497,"url":"https:\/\/kohenavocats.com\/tr\/cour-dappel-de-paris-le-2-juillet-2025-n25-00268\/","url_meta":{"origin":653764,"position":0},"title":"Cour d&#8217;appel de Paris, le 2 juillet 2025, n\u00b025\/00268","author":"Kohen","date":"28 Aral\u0131k 2025","format":false,"excerpt":"La Cour d'appel de Paris, dans un arr\u00eat rendu le 2 juillet 2025, statue sur une requ\u00eate en rectification d'erreur mat\u00e9rielle. La question pos\u00e9e rel\u00e8ve d'un contentieux technique mais essentiel au bon fonctionnement de la justice : la port\u00e9e et les conditions de mise en \u0153uvre de l'article 462 du\u2026","rel":"","context":"&quot;Cour d'appel&quot; i\u00e7inde","block_context":{"text":"Cour d'appel","link":"https:\/\/kohenavocats.com\/category\/cour-dappel\/"},"img":{"alt_text":"","src":"https:\/\/i0.wp.com\/kohenavocats.com\/wp-content\/uploads\/2024\/08\/jakob-braun-S7d5wbPWb_A-unsplash.webp?resize=350%2C200&ssl=1","width":350,"height":200,"srcset":"https:\/\/i0.wp.com\/kohenavocats.com\/wp-content\/uploads\/2024\/08\/jakob-braun-S7d5wbPWb_A-unsplash.webp?resize=350%2C200&ssl=1 1x, https:\/\/i0.wp.com\/kohenavocats.com\/wp-content\/uploads\/2024\/08\/jakob-braun-S7d5wbPWb_A-unsplash.webp?resize=525%2C300&ssl=1 1.5x, https:\/\/i0.wp.com\/kohenavocats.com\/wp-content\/uploads\/2024\/08\/jakob-braun-S7d5wbPWb_A-unsplash.webp?resize=700%2C400&ssl=1 2x, https:\/\/i0.wp.com\/kohenavocats.com\/wp-content\/uploads\/2024\/08\/jakob-braun-S7d5wbPWb_A-unsplash.webp?resize=1050%2C600&ssl=1 3x, https:\/\/i0.wp.com\/kohenavocats.com\/wp-content\/uploads\/2024\/08\/jakob-braun-S7d5wbPWb_A-unsplash.webp?resize=1400%2C800&ssl=1 4x"},"classes":[]},{"id":478664,"url":"https:\/\/kohenavocats.com\/tr\/cour-dappel-le-4-decembre-2025-n23-01874\/","url_meta":{"origin":653764,"position":1},"title":"Cour d&#8217;appel, le 4 d\u00e9cembre 2025, n\u00b023\/01874","author":"Kohen","date":"7 Nisan 2026","format":false,"excerpt":"La Cour d\u2019appel, statuant par arr\u00eat contradictoire, a \u00e9t\u00e9 saisie d\u2019une requ\u00eate en rectification d\u2019erreur mat\u00e9rielle. La requ\u00e9rante sollicitait la modificatio...","rel":"","context":"&quot;Jurisprudence&quot; i\u00e7inde","block_context":{"text":"Jurisprudence","link":"https:\/\/kohenavocats.com\/category\/jurisprudence\/"},"img":{"alt_text":"","src":"https:\/\/i0.wp.com\/kohenavocats.com\/wp-content\/uploads\/2024\/11\/lala-azizli-IdY1J7h1vwQ-unsplash.webp?resize=350%2C200&ssl=1","width":350,"height":200,"srcset":"https:\/\/i0.wp.com\/kohenavocats.com\/wp-content\/uploads\/2024\/11\/lala-azizli-IdY1J7h1vwQ-unsplash.webp?resize=350%2C200&ssl=1 1x, https:\/\/i0.wp.com\/kohenavocats.com\/wp-content\/uploads\/2024\/11\/lala-azizli-IdY1J7h1vwQ-unsplash.webp?resize=525%2C300&ssl=1 1.5x, https:\/\/i0.wp.com\/kohenavocats.com\/wp-content\/uploads\/2024\/11\/lala-azizli-IdY1J7h1vwQ-unsplash.webp?resize=700%2C400&ssl=1 2x, https:\/\/i0.wp.com\/kohenavocats.com\/wp-content\/uploads\/2024\/11\/lala-azizli-IdY1J7h1vwQ-unsplash.webp?resize=1050%2C600&ssl=1 3x, https:\/\/i0.wp.com\/kohenavocats.com\/wp-content\/uploads\/2024\/11\/lala-azizli-IdY1J7h1vwQ-unsplash.webp?resize=1400%2C800&ssl=1 4x"},"classes":[]},{"id":475711,"url":"https:\/\/kohenavocats.com\/tr\/caa-caa-de-paris-22-01-2025-n-24pa03131\/","url_meta":{"origin":653764,"position":2},"title":"CAA \u2013 CAA de PARIS \u2013 22\/01\/2025 \u2013 n\u00b0 24PA03131","author":"Kohen","date":"7 Nisan 2026","format":false,"excerpt":"Par un arr\u00eat en date du 22 janvier 2025, la Cour administrative d\u2019appel de Paris s'est prononc\u00e9e sur la notion d'erreur mat\u00e9rielle susceptible de...","rel":"","context":"&quot;Juridictions administratives&quot; i\u00e7inde","block_context":{"text":"Juridictions administratives","link":"https:\/\/kohenavocats.com\/category\/juridictions-administratives\/"},"img":{"alt_text":"","src":"https:\/\/i0.wp.com\/kohenavocats.com\/wp-content\/uploads\/2024\/08\/giammarco-boscaro-xLhKkk2tKkA-unsplash.webp?resize=350%2C200&ssl=1","width":350,"height":200,"srcset":"https:\/\/i0.wp.com\/kohenavocats.com\/wp-content\/uploads\/2024\/08\/giammarco-boscaro-xLhKkk2tKkA-unsplash.webp?resize=350%2C200&ssl=1 1x, https:\/\/i0.wp.com\/kohenavocats.com\/wp-content\/uploads\/2024\/08\/giammarco-boscaro-xLhKkk2tKkA-unsplash.webp?resize=525%2C300&ssl=1 1.5x, https:\/\/i0.wp.com\/kohenavocats.com\/wp-content\/uploads\/2024\/08\/giammarco-boscaro-xLhKkk2tKkA-unsplash.webp?resize=700%2C400&ssl=1 2x, https:\/\/i0.wp.com\/kohenavocats.com\/wp-content\/uploads\/2024\/08\/giammarco-boscaro-xLhKkk2tKkA-unsplash.webp?resize=1050%2C600&ssl=1 3x, https:\/\/i0.wp.com\/kohenavocats.com\/wp-content\/uploads\/2024\/08\/giammarco-boscaro-xLhKkk2tKkA-unsplash.webp?resize=1400%2C800&ssl=1 4x"},"classes":[]},{"id":236562,"url":"https:\/\/kohenavocats.com\/tr\/conseil-constitutionnel-decision-n-2015-491r-qpc-du-11-decembre-2015\/","url_meta":{"origin":653764,"position":3},"title":"Conseil constitutionnel, D\u00e9cision n\u00b0 2015-491R QPC du 11 d\u00e9cembre 2015","author":"Kohen","date":"29 Aral\u0131k 2025","format":false,"excerpt":"Par sa d\u00e9cision du 10 d\u00e9cembre 2015, le Conseil constitutionnel rejette une demande de rectification d'erreur mat\u00e9rielle portant sur un pr\u00e9c\u00e9dent arr\u00eat. Cette requ\u00eate faisait suite \u00e0 l'irrecevabilit\u00e9 d'une question prioritaire de constitutionnalit\u00e9 soulev\u00e9e initialement devant la cour administrative d'appel de Bordeaux. Le Conseil d'\u00c9tat avait rendu une ordonnance de\u2026","rel":"","context":"&quot;Conseil constitutionnel&quot; i\u00e7inde","block_context":{"text":"Conseil constitutionnel","link":"https:\/\/kohenavocats.com\/category\/jurisprudence-constitutionnelle\/"},"img":{"alt_text":"","src":"https:\/\/i0.wp.com\/kohenavocats.com\/wp-content\/uploads\/2024\/08\/jan-zinnbauer-XoiUrDgtB-g-unsplash.webp?resize=350%2C200&ssl=1","width":350,"height":200,"srcset":"https:\/\/i0.wp.com\/kohenavocats.com\/wp-content\/uploads\/2024\/08\/jan-zinnbauer-XoiUrDgtB-g-unsplash.webp?resize=350%2C200&ssl=1 1x, https:\/\/i0.wp.com\/kohenavocats.com\/wp-content\/uploads\/2024\/08\/jan-zinnbauer-XoiUrDgtB-g-unsplash.webp?resize=525%2C300&ssl=1 1.5x, https:\/\/i0.wp.com\/kohenavocats.com\/wp-content\/uploads\/2024\/08\/jan-zinnbauer-XoiUrDgtB-g-unsplash.webp?resize=700%2C400&ssl=1 2x, https:\/\/i0.wp.com\/kohenavocats.com\/wp-content\/uploads\/2024\/08\/jan-zinnbauer-XoiUrDgtB-g-unsplash.webp?resize=1050%2C600&ssl=1 3x, https:\/\/i0.wp.com\/kohenavocats.com\/wp-content\/uploads\/2024\/08\/jan-zinnbauer-XoiUrDgtB-g-unsplash.webp?resize=1400%2C800&ssl=1 4x"},"classes":[]},{"id":236558,"url":"https:\/\/kohenavocats.com\/tr\/cour-dappel-de-versailles-le-10-juillet-2025-n25-02061\/","url_meta":{"origin":653764,"position":4},"title":"Cour d&#8217;appel de Versailles, le 10 juillet 2025, n\u00b025\/02061","author":"Kohen","date":"29 Aral\u0131k 2025","format":false,"excerpt":"La Cour d'appel de Versailles, dans un arr\u00eat du 10 juillet 2025, statue sur une requ\u00eate en rectification d'erreur mat\u00e9rielle portant sur un arr\u00eat rendu par cette m\u00eame juridiction le 3 juillet 2025. Le litige initial opposait un salari\u00e9 \u00e0 son employeur devant le conseil de prud'hommes de Boulogne-Billancourt, lequel\u2026","rel":"","context":"&quot;Cour d'appel&quot; i\u00e7inde","block_context":{"text":"Cour d'appel","link":"https:\/\/kohenavocats.com\/category\/cour-dappel\/"},"img":{"alt_text":"","src":"https:\/\/i0.wp.com\/kohenavocats.com\/wp-content\/uploads\/2024\/11\/viktor-forgacs-uWfXBePbvnw-unsplash.webp?resize=350%2C200&ssl=1","width":350,"height":200,"srcset":"https:\/\/i0.wp.com\/kohenavocats.com\/wp-content\/uploads\/2024\/11\/viktor-forgacs-uWfXBePbvnw-unsplash.webp?resize=350%2C200&ssl=1 1x, https:\/\/i0.wp.com\/kohenavocats.com\/wp-content\/uploads\/2024\/11\/viktor-forgacs-uWfXBePbvnw-unsplash.webp?resize=525%2C300&ssl=1 1.5x, https:\/\/i0.wp.com\/kohenavocats.com\/wp-content\/uploads\/2024\/11\/viktor-forgacs-uWfXBePbvnw-unsplash.webp?resize=700%2C400&ssl=1 2x, https:\/\/i0.wp.com\/kohenavocats.com\/wp-content\/uploads\/2024\/11\/viktor-forgacs-uWfXBePbvnw-unsplash.webp?resize=1050%2C600&ssl=1 3x, https:\/\/i0.wp.com\/kohenavocats.com\/wp-content\/uploads\/2024\/11\/viktor-forgacs-uWfXBePbvnw-unsplash.webp?resize=1400%2C800&ssl=1 4x"},"classes":[]},{"id":235642,"url":"https:\/\/kohenavocats.com\/tr\/cour-dappel-de-agen-le-2-juillet-2025-n25-00426\/","url_meta":{"origin":653764,"position":5},"title":"Cour d&#8217;appel de Agen, le 2 juillet 2025, n\u00b025\/00426","author":"Kohen","date":"28 Aral\u0131k 2025","format":false,"excerpt":"L'article 462 du Code de proc\u00e9dure civile permet aux juridictions de rectifier les erreurs mat\u00e9rielles affectant leurs d\u00e9cisions. Par un arr\u00eat du 2 juillet 2025, la Cour d'appel d'Agen illustre le fonctionnement de cette proc\u00e9dure, en corrigeant une erreur portant sur la d\u00e9nomination d'un cr\u00e9ancier dans le dispositif d'un pr\u00e9c\u00e9dent\u2026","rel":"","context":"&quot;Cour d'appel&quot; i\u00e7inde","block_context":{"text":"Cour d'appel","link":"https:\/\/kohenavocats.com\/category\/cour-dappel\/"},"img":{"alt_text":"","src":"https:\/\/i0.wp.com\/kohenavocats.com\/wp-content\/uploads\/2024\/11\/gabriella-clare-marino-K7jFghPMaFo-unsplash.webp?resize=350%2C200&ssl=1","width":350,"height":200,"srcset":"https:\/\/i0.wp.com\/kohenavocats.com\/wp-content\/uploads\/2024\/11\/gabriella-clare-marino-K7jFghPMaFo-unsplash.webp?resize=350%2C200&ssl=1 1x, https:\/\/i0.wp.com\/kohenavocats.com\/wp-content\/uploads\/2024\/11\/gabriella-clare-marino-K7jFghPMaFo-unsplash.webp?resize=525%2C300&ssl=1 1.5x, https:\/\/i0.wp.com\/kohenavocats.com\/wp-content\/uploads\/2024\/11\/gabriella-clare-marino-K7jFghPMaFo-unsplash.webp?resize=700%2C400&ssl=1 2x, https:\/\/i0.wp.com\/kohenavocats.com\/wp-content\/uploads\/2024\/11\/gabriella-clare-marino-K7jFghPMaFo-unsplash.webp?resize=1050%2C600&ssl=1 3x, https:\/\/i0.wp.com\/kohenavocats.com\/wp-content\/uploads\/2024\/11\/gabriella-clare-marino-K7jFghPMaFo-unsplash.webp?resize=1400%2C800&ssl=1 4x"},"classes":[]}],"jetpack_sharing_enabled":true,"_links":{"self":[{"href":"https:\/\/kohenavocats.com\/tr\/wp-json\/wp\/v2\/posts\/653764","targetHints":{"allow":["GET"]}}],"collection":[{"href":"https:\/\/kohenavocats.com\/tr\/wp-json\/wp\/v2\/posts"}],"about":[{"href":"https:\/\/kohenavocats.com\/tr\/wp-json\/wp\/v2\/types\/post"}],"author":[{"embeddable":true,"href":"https:\/\/kohenavocats.com\/tr\/wp-json\/wp\/v2\/users\/232070755"}],"replies":[{"embeddable":true,"href":"https:\/\/kohenavocats.com\/tr\/wp-json\/wp\/v2\/comments?post=653764"}],"version-history":[{"count":0,"href":"https:\/\/kohenavocats.com\/tr\/wp-json\/wp\/v2\/posts\/653764\/revisions"}],"wp:featuredmedia":[{"embeddable":true,"href":"https:\/\/kohenavocats.com\/tr\/wp-json\/wp\/v2\/media\/4922"}],"wp:attachment":[{"href":"https:\/\/kohenavocats.com\/tr\/wp-json\/wp\/v2\/media?parent=653764"}],"wp:term":[{"taxonomy":"category","embeddable":true,"href":"https:\/\/kohenavocats.com\/tr\/wp-json\/wp\/v2\/categories?post=653764"},{"taxonomy":"post_tag","embeddable":true,"href":"https:\/\/kohenavocats.com\/tr\/wp-json\/wp\/v2\/tags?post=653764"}],"curies":[{"name":"wp","href":"https:\/\/api.w.org\/{rel}","templated":true}]}}