{"id":654252,"date":"2026-04-23T03:12:03","date_gmt":"2026-04-23T01:12:03","guid":{"rendered":"https:\/\/kohenavocats.com\/tribunal-judiciaire-de-orleans-le-1-octobre-2025-n25-01919\/"},"modified":"2026-04-23T03:12:03","modified_gmt":"2026-04-23T01:12:03","slug":"tribunal-judiciaire-de-orleans-le-1-octobre-2025-n25-01919","status":"publish","type":"post","link":"https:\/\/kohenavocats.com\/tr\/tribunal-judiciaire-de-orleans-le-1-octobre-2025-n25-01919\/","title":{"rendered":"Tribunal judiciaire de Orl\u00e9ans, le 1 octobre 2025, n\u00b025\/01919"},"content":{"rendered":"<div class=\"article-content\">\n<p>Le tribunal judiciaire, statuant le premier octobre 2025, a \u00e9t\u00e9 saisi d&#8217;un litige n\u00e9 d&#8217;un contrat de prestation de services relatif \u00e0 la transformation d&#8217;un v\u00e9hicule. Un client avait confi\u00e9 la restauration et l&#8217;am\u00e9nagement de son v\u00e9hicule en food truck \u00e0 une entreprise individuelle. Suite \u00e0 des d\u00e9saccords sur l&#8217;avancement des travaux en f\u00e9vrier 2023, le client a demand\u00e9 la r\u00e9solution du contrat et la restitution de son acompte. Le tribunal a prononc\u00e9 la r\u00e9solution aux torts partag\u00e9s et a ordonn\u00e9 des restitutions financi\u00e8res crois\u00e9es entre les parties.<\/p>\n<p>La qualification du lien contractuel et son ex\u00e9cution imparfaite<\/p>\n<p>La d\u00e9termination de l&#8217;acte fondateur du contrat. Le juge a d&#8217;abord identifi\u00e9 l&#8217;existence d&#8217;un contrat de prestation de services form\u00e9 \u00e0 compter du huit octobre 2022. L&#8217;acte initial \u00e9tait un document intitul\u00e9 devis\/offre de prix non sign\u00e9 d\u00e9taillant la prestation et le prix. Sa nature contractuelle a \u00e9t\u00e9 confirm\u00e9e par des \u00e9changes post\u00e9rieurs et le versement d&#8217;un acompte. &#8220;L&#8217;article 1113 du code civil dispose que le contrat est form\u00e9 par la rencontre d&#8217;une offre et d&#8217;une acceptation par lesquelles les parties manifestent leur volont\u00e9 de s&#8217;engager et que cette volont\u00e9 peut r\u00e9sulter d&#8217;une d\u00e9claration ou d&#8217;un comportement non \u00e9quivoque de son auteur.&#8221; (Motifs de la d\u00e9cision). La jurisprudence rappelle que la volont\u00e9 contractuelle peut se d\u00e9duire de comportements non \u00e9quivoques. La port\u00e9e de cette analyse est de valider la formation d&#8217;un contrat malgr\u00e9 l&#8217;absence de signature formelle sur le devis initial.<\/p>\n<p>L&#8217;appr\u00e9ciation d&#8217;une inex\u00e9cution justifiant la r\u00e9solution. Le tribunal a constat\u00e9 une inex\u00e9cution imparfaite des obligations au mois de f\u00e9vrier 2023. Seule une partie des travaux avait \u00e9t\u00e9 engag\u00e9e, alors que le d\u00e9lai final convenu \u00e9tait juillet 2023. Le client \u00e9tait donc fond\u00e9 \u00e0 provoquer la r\u00e9solution en application de l&#8217;article 1217 du code civil. Toutefois, le juge a relev\u00e9 que le d\u00e9lai final n&#8217;\u00e9tait pas encore \u00e9chu, ce qui influera sur l&#8217;\u00e9valuation des cons\u00e9quences financi\u00e8res. Cette analyse distingue le droit \u00e0 la r\u00e9solution de ses effets, prot\u00e9geant la partie qui a d\u00e9j\u00e0 engag\u00e9 des d\u00e9penses utiles avant le terme.<\/p>\n<p>La mise en \u0153uvre des sanctions et leur quantification \u00e9quilibr\u00e9e<\/p>\n<p>Le principe de restitution et ses limites au regard des d\u00e9penses utiles. La r\u00e9solution entra\u00eene la restitution de l&#8217;acompte de cinq mille euros par la prestataire. Cependant, le tribunal a op\u00e9r\u00e9 une compensation en tenant compte des d\u00e9penses utiles d\u00e9j\u00e0 engag\u00e9es par cette derni\u00e8re. Seules les d\u00e9penses directement li\u00e9es \u00e0 l&#8217;objet contractuel et justifi\u00e9es par des factures ont \u00e9t\u00e9 retenues, pour un montant de sept cent quatre-vingt-cinq euros. Les autres frais, comme le remorquage ou un moteur non pos\u00e9, ont \u00e9t\u00e9 exclus car non contractuels ou non prouv\u00e9s. Cette approche vise \u00e0 \u00e9viter un enrichissement sans cause du client au d\u00e9triment de la prestataire.<\/p>\n<p>Le rejet des demandes indemnitaires compl\u00e9mentaires. Le tribunal a d\u00e9bout\u00e9 le client de ses demandes de dommages et int\u00e9r\u00eats pour pr\u00e9judice \u00e9conomique et moral. Le juge a estim\u00e9 que le projet li\u00e9 aux Jeux Olympiques de 2024 n&#8217;\u00e9tait pas compromis en f\u00e9vrier 2023, le d\u00e9lai contractuel de juillet 2023 n&#8217;\u00e9tant pas d\u00e9pass\u00e9. De m\u00eame, le droit de r\u00e9tention du v\u00e9hicule et des frais de gardiennage invoqu\u00e9s par la prestataire ont \u00e9t\u00e9 \u00e9cart\u00e9s, la r\u00e9solution effa\u00e7ant le contrat fondateur de ces pr\u00e9tentions. Cette solution affirme le principe selon lequel la r\u00e9solution r\u00e9troagit pour an\u00e9antir le contrat, limitant strictement les cr\u00e9ances annexes.<\/p>\n<\/div>\n","protected":false},"excerpt":{"rendered":"<p>Le tribunal judiciaire, statuant le premier octobre 2025, a \u00e9t\u00e9 saisi d&#8217;un litige n\u00e9 d&#8217;un contrat de prestation de services relatif \u00e0 la transformation d&#8217;un &#8230;<\/p>\n","protected":false},"author":232070755,"featured_media":9726,"comment_status":"open","ping_status":"open","sticky":false,"template":"","format":"standard","meta":{"_crdt_document":"","_jetpack_newsletter_access":"","_jetpack_dont_email_post_to_subs":false,"_jetpack_newsletter_tier_id":0,"_jetpack_memberships_contains_paywalled_content":false,"_kj_source_type":"judilibre","_kj_official_id":"68deeb946af9fd1f80973040","_kj_official_url":"https:\/\/www.courdecassation.fr\/decision\/68deeb946af9fd1f80973040","_kj_judilibre_id":"68deeb946af9fd1f80973040","_kj_jur":"Tribunal judiciaire","_kj_lieu":"Tribunal judiciaire d'Orl\u00e9ans","_kj_chambre":"Chambre 1- section A","_kj_rg":"25\/01919","_kj_date":"2025-10-01","_jetpack_memberships_contains_paid_content":false,"footnotes":"","jetpack_post_was_ever_published":false},"categories":[7597],"tags":[],"class_list":["post-654252","post","type-post","status-publish","format-standard","has-post-thumbnail","hentry","category-jurisprudence"],"yoast_head":"<!-- This site is optimized with the Yoast SEO Premium plugin v27.5 (Yoast SEO v27.5) - https:\/\/yoast.com\/product\/yoast-seo-premium-wordpress\/ -->\n<title>Tribunal judiciaire de Orl\u00e9ans, le 1 octobre 2025, n\u00b025\/01919 - Ma\u00eetre Hassan Kohen, avocat en droit p\u00e9nal \u00e0 Paris<\/title>\n<meta name=\"description\" content=\"Le tribunal judiciaire, statuant le premier octobre 2025, a \u00e9t\u00e9 saisi d&#039;un litige n\u00e9 d&#039;un contrat de prestation de services relatif \u00e0 la transformation d&#039;un ...\" \/>\n<meta name=\"robots\" content=\"index, follow, max-snippet:-1, max-image-preview:large, max-video-preview:-1\" \/>\n<link rel=\"canonical\" href=\"https:\/\/kohenavocats.com\/tr\/tribunal-judiciaire-de-orleans-le-1-octobre-2025-n25-01919\/\" \/>\n<meta property=\"og:locale\" content=\"tr_TR\" \/>\n<meta property=\"og:type\" content=\"article\" \/>\n<meta property=\"og:title\" content=\"Tribunal judiciaire de Orl\u00e9ans, le 1 octobre 2025, n\u00b025\/01919\" \/>\n<meta property=\"og:description\" content=\"Le tribunal judiciaire, statuant le premier octobre 2025, a \u00e9t\u00e9 saisi d&#039;un litige n\u00e9 d&#039;un contrat de prestation de services relatif \u00e0 la transformation d&#039;un ...\" \/>\n<meta property=\"og:url\" content=\"https:\/\/kohenavocats.com\/tr\/tribunal-judiciaire-de-orleans-le-1-octobre-2025-n25-01919\/\" \/>\n<meta property=\"og:site_name\" content=\"Ma\u00eetre Hassan Kohen, avocat en droit p\u00e9nal \u00e0 Paris\" \/>\n<meta property=\"article:published_time\" content=\"2026-04-23T01:12:03+00:00\" \/>\n<meta property=\"og:image\" content=\"https:\/\/kohenavocats.com\/wp-content\/uploads\/2024\/11\/mourad-saadi-tgP7H6LH4OU-unsplash.webp\" \/>\n\t<meta property=\"og:image:width\" content=\"4016\" \/>\n\t<meta property=\"og:image:height\" content=\"6016\" \/>\n\t<meta property=\"og:image:type\" content=\"image\/webp\" \/>\n<meta name=\"author\" content=\"Kohen\" \/>\n<meta name=\"twitter:card\" content=\"summary_large_image\" \/>\n<meta name=\"twitter:label1\" content=\"Yazan:\" \/>\n\t<meta name=\"twitter:data1\" content=\"Kohen\" \/>\n\t<meta name=\"twitter:label2\" content=\"Tahmini okuma s\u00fcresi\" \/>\n\t<meta name=\"twitter:data2\" content=\"3 dakika\" \/>\n<script type=\"application\/ld+json\" class=\"yoast-schema-graph\">{\"@context\":\"https:\\\/\\\/schema.org\",\"@graph\":[{\"@type\":\"Article\",\"@id\":\"https:\\\/\\\/kohenavocats.com\\\/tr\\\/tribunal-judiciaire-de-orleans-le-1-octobre-2025-n25-01919\\\/#article\",\"isPartOf\":{\"@id\":\"https:\\\/\\\/kohenavocats.com\\\/tr\\\/tribunal-judiciaire-de-orleans-le-1-octobre-2025-n25-01919\\\/\"},\"author\":{\"name\":\"Kohen\",\"@id\":\"https:\\\/\\\/kohenavocats.com\\\/tr\\\/#\\\/schema\\\/person\\\/761c9ba54fa1ca84d405cef0831ff751\"},\"headline\":\"Tribunal judiciaire de Orl\u00e9ans, le 1 octobre 2025, n\u00b025\\\/01919\",\"datePublished\":\"2026-04-23T01:12:03+00:00\",\"mainEntityOfPage\":{\"@id\":\"https:\\\/\\\/kohenavocats.com\\\/tr\\\/tribunal-judiciaire-de-orleans-le-1-octobre-2025-n25-01919\\\/\"},\"wordCount\":639,\"commentCount\":0,\"publisher\":{\"@id\":\"https:\\\/\\\/kohenavocats.com\\\/tr\\\/#organization\"},\"image\":{\"@id\":\"https:\\\/\\\/kohenavocats.com\\\/tr\\\/tribunal-judiciaire-de-orleans-le-1-octobre-2025-n25-01919\\\/#primaryimage\"},\"thumbnailUrl\":\"https:\\\/\\\/kohenavocats.com\\\/wp-content\\\/uploads\\\/2024\\\/11\\\/mourad-saadi-tgP7H6LH4OU-unsplash.webp\",\"articleSection\":[\"Jurisprudence\"],\"inLanguage\":\"tr\",\"potentialAction\":[{\"@type\":\"CommentAction\",\"name\":\"Comment\",\"target\":[\"https:\\\/\\\/kohenavocats.com\\\/tr\\\/tribunal-judiciaire-de-orleans-le-1-octobre-2025-n25-01919\\\/#respond\"]}],\"citation\":\"Tribunal judiciaire de Orl\u00e9ans, le 1 octobre 2025, n\u00b025\\\/01919\",\"about\":[{\"@type\":\"Thing\",\"name\":\"Jurisprudence\"}],\"dateModified\":\"2026-04-23T01:12:03+00:00\",\"speakable\":{\"@type\":\"SpeakableSpecification\",\"cssSelector\":[\".article-content > p:first-of-type\"]}},{\"@type\":\"WebPage\",\"@id\":\"https:\\\/\\\/kohenavocats.com\\\/tr\\\/tribunal-judiciaire-de-orleans-le-1-octobre-2025-n25-01919\\\/\",\"url\":\"https:\\\/\\\/kohenavocats.com\\\/tr\\\/tribunal-judiciaire-de-orleans-le-1-octobre-2025-n25-01919\\\/\",\"name\":\"Tribunal judiciaire de Orl\u00e9ans, le 1 octobre 2025, n\u00b025\\\/01919 - Ma\u00eetre Hassan Kohen, avocat en droit p\u00e9nal \u00e0 Paris\",\"isPartOf\":{\"@id\":\"https:\\\/\\\/kohenavocats.com\\\/tr\\\/#website\"},\"primaryImageOfPage\":{\"@id\":\"https:\\\/\\\/kohenavocats.com\\\/tr\\\/tribunal-judiciaire-de-orleans-le-1-octobre-2025-n25-01919\\\/#primaryimage\"},\"image\":{\"@id\":\"https:\\\/\\\/kohenavocats.com\\\/tr\\\/tribunal-judiciaire-de-orleans-le-1-octobre-2025-n25-01919\\\/#primaryimage\"},\"thumbnailUrl\":\"https:\\\/\\\/kohenavocats.com\\\/wp-content\\\/uploads\\\/2024\\\/11\\\/mourad-saadi-tgP7H6LH4OU-unsplash.webp\",\"datePublished\":\"2026-04-23T01:12:03+00:00\",\"description\":\"Le tribunal judiciaire, statuant le premier octobre 2025, a \u00e9t\u00e9 saisi d'un litige n\u00e9 d'un contrat de prestation de services relatif \u00e0 la transformation d'un ...\",\"breadcrumb\":{\"@id\":\"https:\\\/\\\/kohenavocats.com\\\/tr\\\/tribunal-judiciaire-de-orleans-le-1-octobre-2025-n25-01919\\\/#breadcrumb\"},\"inLanguage\":\"tr\",\"potentialAction\":[{\"@type\":\"ReadAction\",\"target\":[\"https:\\\/\\\/kohenavocats.com\\\/tr\\\/tribunal-judiciaire-de-orleans-le-1-octobre-2025-n25-01919\\\/\"]}]},{\"@type\":\"ImageObject\",\"inLanguage\":\"tr\",\"@id\":\"https:\\\/\\\/kohenavocats.com\\\/tr\\\/tribunal-judiciaire-de-orleans-le-1-octobre-2025-n25-01919\\\/#primaryimage\",\"url\":\"https:\\\/\\\/kohenavocats.com\\\/wp-content\\\/uploads\\\/2024\\\/11\\\/mourad-saadi-tgP7H6LH4OU-unsplash.webp\",\"contentUrl\":\"https:\\\/\\\/kohenavocats.com\\\/wp-content\\\/uploads\\\/2024\\\/11\\\/mourad-saadi-tgP7H6LH4OU-unsplash.webp\",\"width\":4016,\"height\":6016},{\"@type\":\"BreadcrumbList\",\"@id\":\"https:\\\/\\\/kohenavocats.com\\\/tr\\\/tribunal-judiciaire-de-orleans-le-1-octobre-2025-n25-01919\\\/#breadcrumb\",\"itemListElement\":[{\"@type\":\"ListItem\",\"position\":1,\"name\":\"Home\",\"item\":\"https:\\\/\\\/kohenavocats.com\\\/tr\\\/avocats-en-droit-penal-a-paris-conseil-et-defense-strategique\\\/\"},{\"@type\":\"ListItem\",\"position\":2,\"name\":\"Tribunal judiciaire de Orl\u00e9ans, le 1 octobre 2025, n\u00b025\\\/01919\"}]},{\"@type\":\"WebSite\",\"@id\":\"https:\\\/\\\/kohenavocats.com\\\/tr\\\/#website\",\"url\":\"https:\\\/\\\/kohenavocats.com\\\/tr\\\/\",\"name\":\"Kohen Avocats\",\"description\":\"Ma\u00eetre Hassan Kohen, avocat p\u00e9naliste \u00e0 Paris, intervient exclusivement en droit p\u00e9nal pour la d\u00e9fense des particuliers, notamment en mati\u00e8re d\u2019accusations de viol. Il assure un accompagnement rigoureux d\u00e8s la garde \u00e0 vue jusqu\u2019\u00e0 la Cour d\u2019assises, veillant au strict respect des garanties proc\u00e9durales.\",\"publisher\":{\"@id\":\"https:\\\/\\\/kohenavocats.com\\\/tr\\\/#organization\"},\"potentialAction\":[{\"@type\":\"SearchAction\",\"target\":{\"@type\":\"EntryPoint\",\"urlTemplate\":\"https:\\\/\\\/kohenavocats.com\\\/tr\\\/?s={search_term_string}\"},\"query-input\":{\"@type\":\"PropertyValueSpecification\",\"valueRequired\":true,\"valueName\":\"search_term_string\"}}],\"inLanguage\":\"tr\"},{\"@type\":\"Organization\",\"@id\":\"https:\\\/\\\/kohenavocats.com\\\/tr\\\/#organization\",\"name\":\"Kohen Avocats\",\"url\":\"https:\\\/\\\/kohenavocats.com\\\/tr\\\/\",\"logo\":{\"@type\":\"ImageObject\",\"inLanguage\":\"tr\",\"@id\":\"https:\\\/\\\/kohenavocats.com\\\/tr\\\/#\\\/schema\\\/logo\\\/image\\\/\",\"url\":\"https:\\\/\\\/kohenavocats.com\\\/wp-content\\\/uploads\\\/2026\\\/01\\\/Logo-2-1.webp\",\"contentUrl\":\"https:\\\/\\\/kohenavocats.com\\\/wp-content\\\/uploads\\\/2026\\\/01\\\/Logo-2-1.webp\",\"width\":2114,\"height\":1253,\"caption\":\"Kohen Avocats\"},\"image\":{\"@id\":\"https:\\\/\\\/kohenavocats.com\\\/tr\\\/#\\\/schema\\\/logo\\\/image\\\/\"}},{\"@type\":\"Person\",\"@id\":\"https:\\\/\\\/kohenavocats.com\\\/tr\\\/#\\\/schema\\\/person\\\/761c9ba54fa1ca84d405cef0831ff751\",\"name\":\"Kohen\",\"image\":{\"@type\":\"ImageObject\",\"inLanguage\":\"tr\",\"@id\":\"https:\\\/\\\/secure.gravatar.com\\\/avatar\\\/1c5e76ef76bbbfdd2b4da984e2bf2fa4056fd51a27d25ce2c332047f1dfd6e00?s=96&d=identicon&r=g\",\"url\":\"https:\\\/\\\/secure.gravatar.com\\\/avatar\\\/1c5e76ef76bbbfdd2b4da984e2bf2fa4056fd51a27d25ce2c332047f1dfd6e00?s=96&d=identicon&r=g\",\"contentUrl\":\"https:\\\/\\\/secure.gravatar.com\\\/avatar\\\/1c5e76ef76bbbfdd2b4da984e2bf2fa4056fd51a27d25ce2c332047f1dfd6e00?s=96&d=identicon&r=g\",\"caption\":\"Kohen\"},\"sameAs\":[\"https:\\\/\\\/www.linkedin.com\\\/in\\\/hassan-kohen-448548192\\\/\",\"https:\\\/\\\/www.youtube.com\\\/@Kohen-Avocats\"],\"url\":\"https:\\\/\\\/kohenavocats.com\\\/tr\\\/author\\\/kohenmlk\\\/\"}]}<\/script>\n<!-- \/ Yoast SEO Premium plugin. -->","yoast_head_json":{"title":"Tribunal judiciaire de Orl\u00e9ans, le 1 octobre 2025, n\u00b025\/01919 - Ma\u00eetre Hassan Kohen, avocat en droit p\u00e9nal \u00e0 Paris","description":"Le tribunal judiciaire, statuant le premier octobre 2025, a \u00e9t\u00e9 saisi d'un litige n\u00e9 d'un contrat de prestation de services relatif \u00e0 la transformation d'un ...","robots":{"index":"index","follow":"follow","max-snippet":"max-snippet:-1","max-image-preview":"max-image-preview:large","max-video-preview":"max-video-preview:-1"},"canonical":"https:\/\/kohenavocats.com\/tr\/tribunal-judiciaire-de-orleans-le-1-octobre-2025-n25-01919\/","og_locale":"tr_TR","og_type":"article","og_title":"Tribunal judiciaire de Orl\u00e9ans, le 1 octobre 2025, n\u00b025\/01919","og_description":"Le tribunal judiciaire, statuant le premier octobre 2025, a \u00e9t\u00e9 saisi d'un litige n\u00e9 d'un contrat de prestation de services relatif \u00e0 la transformation d'un ...","og_url":"https:\/\/kohenavocats.com\/tr\/tribunal-judiciaire-de-orleans-le-1-octobre-2025-n25-01919\/","og_site_name":"Ma\u00eetre Hassan Kohen, avocat en droit p\u00e9nal \u00e0 Paris","article_published_time":"2026-04-23T01:12:03+00:00","og_image":[{"width":4016,"height":6016,"url":"https:\/\/kohenavocats.com\/wp-content\/uploads\/2024\/11\/mourad-saadi-tgP7H6LH4OU-unsplash.webp","type":"image\/webp"}],"author":"Kohen","twitter_card":"summary_large_image","twitter_misc":{"Yazan:":"Kohen","Tahmini okuma s\u00fcresi":"3 dakika"},"schema":{"@context":"https:\/\/schema.org","@graph":[{"@type":"Article","@id":"https:\/\/kohenavocats.com\/tr\/tribunal-judiciaire-de-orleans-le-1-octobre-2025-n25-01919\/#article","isPartOf":{"@id":"https:\/\/kohenavocats.com\/tr\/tribunal-judiciaire-de-orleans-le-1-octobre-2025-n25-01919\/"},"author":{"name":"Kohen","@id":"https:\/\/kohenavocats.com\/tr\/#\/schema\/person\/761c9ba54fa1ca84d405cef0831ff751"},"headline":"Tribunal judiciaire de Orl\u00e9ans, le 1 octobre 2025, n\u00b025\/01919","datePublished":"2026-04-23T01:12:03+00:00","mainEntityOfPage":{"@id":"https:\/\/kohenavocats.com\/tr\/tribunal-judiciaire-de-orleans-le-1-octobre-2025-n25-01919\/"},"wordCount":639,"commentCount":0,"publisher":{"@id":"https:\/\/kohenavocats.com\/tr\/#organization"},"image":{"@id":"https:\/\/kohenavocats.com\/tr\/tribunal-judiciaire-de-orleans-le-1-octobre-2025-n25-01919\/#primaryimage"},"thumbnailUrl":"https:\/\/kohenavocats.com\/wp-content\/uploads\/2024\/11\/mourad-saadi-tgP7H6LH4OU-unsplash.webp","articleSection":["Jurisprudence"],"inLanguage":"tr","potentialAction":[{"@type":"CommentAction","name":"Comment","target":["https:\/\/kohenavocats.com\/tr\/tribunal-judiciaire-de-orleans-le-1-octobre-2025-n25-01919\/#respond"]}],"citation":"Tribunal judiciaire de Orl\u00e9ans, le 1 octobre 2025, n\u00b025\/01919","about":[{"@type":"Thing","name":"Jurisprudence"}],"dateModified":"2026-04-23T01:12:03+00:00","speakable":{"@type":"SpeakableSpecification","cssSelector":[".article-content > p:first-of-type"]}},{"@type":"WebPage","@id":"https:\/\/kohenavocats.com\/tr\/tribunal-judiciaire-de-orleans-le-1-octobre-2025-n25-01919\/","url":"https:\/\/kohenavocats.com\/tr\/tribunal-judiciaire-de-orleans-le-1-octobre-2025-n25-01919\/","name":"Tribunal judiciaire de Orl\u00e9ans, le 1 octobre 2025, n\u00b025\/01919 - Ma\u00eetre Hassan Kohen, avocat en droit p\u00e9nal \u00e0 Paris","isPartOf":{"@id":"https:\/\/kohenavocats.com\/tr\/#website"},"primaryImageOfPage":{"@id":"https:\/\/kohenavocats.com\/tr\/tribunal-judiciaire-de-orleans-le-1-octobre-2025-n25-01919\/#primaryimage"},"image":{"@id":"https:\/\/kohenavocats.com\/tr\/tribunal-judiciaire-de-orleans-le-1-octobre-2025-n25-01919\/#primaryimage"},"thumbnailUrl":"https:\/\/kohenavocats.com\/wp-content\/uploads\/2024\/11\/mourad-saadi-tgP7H6LH4OU-unsplash.webp","datePublished":"2026-04-23T01:12:03+00:00","description":"Le tribunal judiciaire, statuant le premier octobre 2025, a \u00e9t\u00e9 saisi d'un litige n\u00e9 d'un contrat de prestation de services relatif \u00e0 la transformation d'un ...","breadcrumb":{"@id":"https:\/\/kohenavocats.com\/tr\/tribunal-judiciaire-de-orleans-le-1-octobre-2025-n25-01919\/#breadcrumb"},"inLanguage":"tr","potentialAction":[{"@type":"ReadAction","target":["https:\/\/kohenavocats.com\/tr\/tribunal-judiciaire-de-orleans-le-1-octobre-2025-n25-01919\/"]}]},{"@type":"ImageObject","inLanguage":"tr","@id":"https:\/\/kohenavocats.com\/tr\/tribunal-judiciaire-de-orleans-le-1-octobre-2025-n25-01919\/#primaryimage","url":"https:\/\/kohenavocats.com\/wp-content\/uploads\/2024\/11\/mourad-saadi-tgP7H6LH4OU-unsplash.webp","contentUrl":"https:\/\/kohenavocats.com\/wp-content\/uploads\/2024\/11\/mourad-saadi-tgP7H6LH4OU-unsplash.webp","width":4016,"height":6016},{"@type":"BreadcrumbList","@id":"https:\/\/kohenavocats.com\/tr\/tribunal-judiciaire-de-orleans-le-1-octobre-2025-n25-01919\/#breadcrumb","itemListElement":[{"@type":"ListItem","position":1,"name":"Home","item":"https:\/\/kohenavocats.com\/tr\/avocats-en-droit-penal-a-paris-conseil-et-defense-strategique\/"},{"@type":"ListItem","position":2,"name":"Tribunal judiciaire de Orl\u00e9ans, le 1 octobre 2025, n\u00b025\/01919"}]},{"@type":"WebSite","@id":"https:\/\/kohenavocats.com\/tr\/#website","url":"https:\/\/kohenavocats.com\/tr\/","name":"Kohen Avocats","description":"Ma\u00eetre Hassan Kohen, avocat p\u00e9naliste \u00e0 Paris, intervient exclusivement en droit p\u00e9nal pour la d\u00e9fense des particuliers, notamment en mati\u00e8re d\u2019accusations de viol. Il assure un accompagnement rigoureux d\u00e8s la garde \u00e0 vue jusqu\u2019\u00e0 la Cour d\u2019assises, veillant au strict respect des garanties proc\u00e9durales.","publisher":{"@id":"https:\/\/kohenavocats.com\/tr\/#organization"},"potentialAction":[{"@type":"SearchAction","target":{"@type":"EntryPoint","urlTemplate":"https:\/\/kohenavocats.com\/tr\/?s={search_term_string}"},"query-input":{"@type":"PropertyValueSpecification","valueRequired":true,"valueName":"search_term_string"}}],"inLanguage":"tr"},{"@type":"Organization","@id":"https:\/\/kohenavocats.com\/tr\/#organization","name":"Kohen Avocats","url":"https:\/\/kohenavocats.com\/tr\/","logo":{"@type":"ImageObject","inLanguage":"tr","@id":"https:\/\/kohenavocats.com\/tr\/#\/schema\/logo\/image\/","url":"https:\/\/kohenavocats.com\/wp-content\/uploads\/2026\/01\/Logo-2-1.webp","contentUrl":"https:\/\/kohenavocats.com\/wp-content\/uploads\/2026\/01\/Logo-2-1.webp","width":2114,"height":1253,"caption":"Kohen Avocats"},"image":{"@id":"https:\/\/kohenavocats.com\/tr\/#\/schema\/logo\/image\/"}},{"@type":"Person","@id":"https:\/\/kohenavocats.com\/tr\/#\/schema\/person\/761c9ba54fa1ca84d405cef0831ff751","name":"Kohen","image":{"@type":"ImageObject","inLanguage":"tr","@id":"https:\/\/secure.gravatar.com\/avatar\/1c5e76ef76bbbfdd2b4da984e2bf2fa4056fd51a27d25ce2c332047f1dfd6e00?s=96&d=identicon&r=g","url":"https:\/\/secure.gravatar.com\/avatar\/1c5e76ef76bbbfdd2b4da984e2bf2fa4056fd51a27d25ce2c332047f1dfd6e00?s=96&d=identicon&r=g","contentUrl":"https:\/\/secure.gravatar.com\/avatar\/1c5e76ef76bbbfdd2b4da984e2bf2fa4056fd51a27d25ce2c332047f1dfd6e00?s=96&d=identicon&r=g","caption":"Kohen"},"sameAs":["https:\/\/www.linkedin.com\/in\/hassan-kohen-448548192\/","https:\/\/www.youtube.com\/@Kohen-Avocats"],"url":"https:\/\/kohenavocats.com\/tr\/author\/kohenmlk\/"}]}},"jetpack_featured_media_url":"https:\/\/kohenavocats.com\/wp-content\/uploads\/2024\/11\/mourad-saadi-tgP7H6LH4OU-unsplash.webp","jetpack_likes_enabled":false,"jetpack_shortlink":"https:\/\/wp.me\/peCrII-2Kcs","jetpack-related-posts":[{"id":615575,"url":"https:\/\/kohenavocats.com\/tr\/tribunal-judiciaire-de-cambrai-le-23-octobre-2025-n25-00411\/","url_meta":{"origin":654252,"position":0},"title":"Tribunal judiciaire de Cambrai, le 23 octobre 2025, n\u00b025\/00411","author":"Kohen","date":"20 Nisan 2026","format":false,"excerpt":"Le tribunal judiciaire de Cambrai, statuant le 23 octobre 2025, a examin\u00e9 un litige relatif \u00e0 un contrat de travaux. Un consommateur avait vers\u00e9 un acompte \u00e0...","rel":"","context":"&quot;Jurisprudence&quot; i\u00e7inde","block_context":{"text":"Jurisprudence","link":"https:\/\/kohenavocats.com\/category\/jurisprudence\/"},"img":{"alt_text":"","src":"https:\/\/i0.wp.com\/kohenavocats.com\/wp-content\/uploads\/2024\/08\/luis-cortes-m92ge4NGDIM-unsplash-1.webp?resize=350%2C200&ssl=1","width":350,"height":200,"srcset":"https:\/\/i0.wp.com\/kohenavocats.com\/wp-content\/uploads\/2024\/08\/luis-cortes-m92ge4NGDIM-unsplash-1.webp?resize=350%2C200&ssl=1 1x, https:\/\/i0.wp.com\/kohenavocats.com\/wp-content\/uploads\/2024\/08\/luis-cortes-m92ge4NGDIM-unsplash-1.webp?resize=525%2C300&ssl=1 1.5x, https:\/\/i0.wp.com\/kohenavocats.com\/wp-content\/uploads\/2024\/08\/luis-cortes-m92ge4NGDIM-unsplash-1.webp?resize=700%2C400&ssl=1 2x, https:\/\/i0.wp.com\/kohenavocats.com\/wp-content\/uploads\/2024\/08\/luis-cortes-m92ge4NGDIM-unsplash-1.webp?resize=1050%2C600&ssl=1 3x, https:\/\/i0.wp.com\/kohenavocats.com\/wp-content\/uploads\/2024\/08\/luis-cortes-m92ge4NGDIM-unsplash-1.webp?resize=1400%2C800&ssl=1 4x"},"classes":[]},{"id":291782,"url":"https:\/\/kohenavocats.com\/tr\/tribunal-judiciaire-de-papeete-le-4-juillet-2025-n25-00016\/","url_meta":{"origin":654252,"position":1},"title":"Tribunal judiciaire de Papeete, le 4 juillet 2025, n\u00b025\/00016","author":"Kohen","date":"22 Ocak 2026","format":false,"excerpt":"Le Tribunal civil de premi\u00e8re instance de Papeete, section d\u00e9tach\u00e9e de Raiatea, a rendu un jugement le 4 juillet 2025. Il statue sur une demande en restitution de v\u00e9hicule et en paiement de sommes. Un v\u00e9hicule accident\u00e9 fut confi\u00e9 en 2022 pour r\u00e9paration. Un acompte fut vers\u00e9. Le garagiste re\u00e7ut\u2026","rel":"","context":"&quot;D\u00e9cisions juridiques&quot; i\u00e7inde","block_context":{"text":"D\u00e9cisions juridiques","link":"https:\/\/kohenavocats.com\/category\/decisions-juridiques\/"},"img":{"alt_text":"","src":"https:\/\/i0.wp.com\/kohenavocats.com\/wp-content\/uploads\/2024\/11\/pawel-czerwinski-ZJk8NX0aR8s-unsplash.webp?resize=350%2C200&ssl=1","width":350,"height":200,"srcset":"https:\/\/i0.wp.com\/kohenavocats.com\/wp-content\/uploads\/2024\/11\/pawel-czerwinski-ZJk8NX0aR8s-unsplash.webp?resize=350%2C200&ssl=1 1x, https:\/\/i0.wp.com\/kohenavocats.com\/wp-content\/uploads\/2024\/11\/pawel-czerwinski-ZJk8NX0aR8s-unsplash.webp?resize=525%2C300&ssl=1 1.5x, https:\/\/i0.wp.com\/kohenavocats.com\/wp-content\/uploads\/2024\/11\/pawel-czerwinski-ZJk8NX0aR8s-unsplash.webp?resize=700%2C400&ssl=1 2x, https:\/\/i0.wp.com\/kohenavocats.com\/wp-content\/uploads\/2024\/11\/pawel-czerwinski-ZJk8NX0aR8s-unsplash.webp?resize=1050%2C600&ssl=1 3x, https:\/\/i0.wp.com\/kohenavocats.com\/wp-content\/uploads\/2024\/11\/pawel-czerwinski-ZJk8NX0aR8s-unsplash.webp?resize=1400%2C800&ssl=1 4x"},"classes":[]},{"id":650047,"url":"https:\/\/kohenavocats.com\/tr\/tribunal-judiciaire-de-caen-le-2-octobre-2025-n24-00620\/","url_meta":{"origin":654252,"position":2},"title":"Tribunal judiciaire de Caen, le 2 octobre 2025, n\u00b024\/00620","author":"Kohen","date":"22 Nisan 2026","format":false,"excerpt":"Le juge des contentieux de la protection, statuant par jugement r\u00e9put\u00e9 contradictoire, se prononce sur une action en recouvrement li\u00e9e \u00e0 un contrat de locati...","rel":"","context":"&quot;Jurisprudence&quot; i\u00e7inde","block_context":{"text":"Jurisprudence","link":"https:\/\/kohenavocats.com\/category\/jurisprudence\/"},"img":{"alt_text":"","src":"https:\/\/i0.wp.com\/kohenavocats.com\/wp-content\/uploads\/2024\/08\/mahdi-samadzad-8wGLqHdkKbk-unsplash.webp?resize=350%2C200&ssl=1","width":350,"height":200,"srcset":"https:\/\/i0.wp.com\/kohenavocats.com\/wp-content\/uploads\/2024\/08\/mahdi-samadzad-8wGLqHdkKbk-unsplash.webp?resize=350%2C200&ssl=1 1x, https:\/\/i0.wp.com\/kohenavocats.com\/wp-content\/uploads\/2024\/08\/mahdi-samadzad-8wGLqHdkKbk-unsplash.webp?resize=525%2C300&ssl=1 1.5x, https:\/\/i0.wp.com\/kohenavocats.com\/wp-content\/uploads\/2024\/08\/mahdi-samadzad-8wGLqHdkKbk-unsplash.webp?resize=700%2C400&ssl=1 2x, https:\/\/i0.wp.com\/kohenavocats.com\/wp-content\/uploads\/2024\/08\/mahdi-samadzad-8wGLqHdkKbk-unsplash.webp?resize=1050%2C600&ssl=1 3x, https:\/\/i0.wp.com\/kohenavocats.com\/wp-content\/uploads\/2024\/08\/mahdi-samadzad-8wGLqHdkKbk-unsplash.webp?resize=1400%2C800&ssl=1 4x"},"classes":[]},{"id":236519,"url":"https:\/\/kohenavocats.com\/tr\/cour-dappel-de-lyon-le-2-juillet-2025-n24-04384\/","url_meta":{"origin":654252,"position":3},"title":"Cour d&#8217;appel de Lyon, le 2 juillet 2025, n\u00b024\/04384","author":"Kohen","date":"29 Aral\u0131k 2025","format":false,"excerpt":"Un contrat de r\u00e9fection d'un v\u00e9hicule de collection peut engendrer des difficult\u00e9s particuli\u00e8res lorsque le prestataire est soumis \u00e0 une proc\u00e9dure collective. La cour d'appel de Lyon, par un arr\u00eat du 2 juillet 2025, apporte des pr\u00e9cisions utiles sur l'articulation entre le r\u00e9f\u00e9r\u00e9 et les r\u00e8gles gouvernant les proc\u00e9dures collectives.En\u2026","rel":"","context":"&quot;Cour d'appel&quot; i\u00e7inde","block_context":{"text":"Cour d'appel","link":"https:\/\/kohenavocats.com\/category\/cour-dappel\/"},"img":{"alt_text":"","src":"https:\/\/i0.wp.com\/kohenavocats.com\/wp-content\/uploads\/2024\/07\/alex-block-PdDBTrkGYLo-unsplash-1-1.webp?resize=350%2C200&ssl=1","width":350,"height":200,"srcset":"https:\/\/i0.wp.com\/kohenavocats.com\/wp-content\/uploads\/2024\/07\/alex-block-PdDBTrkGYLo-unsplash-1-1.webp?resize=350%2C200&ssl=1 1x, https:\/\/i0.wp.com\/kohenavocats.com\/wp-content\/uploads\/2024\/07\/alex-block-PdDBTrkGYLo-unsplash-1-1.webp?resize=525%2C300&ssl=1 1.5x, https:\/\/i0.wp.com\/kohenavocats.com\/wp-content\/uploads\/2024\/07\/alex-block-PdDBTrkGYLo-unsplash-1-1.webp?resize=700%2C400&ssl=1 2x, https:\/\/i0.wp.com\/kohenavocats.com\/wp-content\/uploads\/2024\/07\/alex-block-PdDBTrkGYLo-unsplash-1-1.webp?resize=1050%2C600&ssl=1 3x, https:\/\/i0.wp.com\/kohenavocats.com\/wp-content\/uploads\/2024\/07\/alex-block-PdDBTrkGYLo-unsplash-1-1.webp?resize=1400%2C800&ssl=1 4x"},"classes":[]},{"id":608200,"url":"https:\/\/kohenavocats.com\/tr\/tribunal-judiciaire-de-chambery-le-4-decembre-2025-n22-01848\/","url_meta":{"origin":654252,"position":4},"title":"Tribunal judiciaire de Chamb\u00e9ry, le 4 d\u00e9cembre 2025, n\u00b022\/01848","author":"Kohen","date":"19 Nisan 2026","format":false,"excerpt":"Le Tribunal judiciaire de Chamb\u00e9ry, statuant le 4 d\u00e9cembre 2025, a tranch\u00e9 un litige n\u00e9 du d\u00e9p\u00f4t d\u2019un v\u00e9hicule \u00e0 la suite d\u2019un accident. Le garage demandait ...","rel":"","context":"&quot;Jurisprudence&quot; i\u00e7inde","block_context":{"text":"Jurisprudence","link":"https:\/\/kohenavocats.com\/category\/jurisprudence\/"},"img":{"alt_text":"","src":"https:\/\/i0.wp.com\/kohenavocats.com\/wp-content\/uploads\/2024\/11\/getty-images-F5R9DuVUaPU-unsplash.webp?resize=350%2C200&ssl=1","width":350,"height":200,"srcset":"https:\/\/i0.wp.com\/kohenavocats.com\/wp-content\/uploads\/2024\/11\/getty-images-F5R9DuVUaPU-unsplash.webp?resize=350%2C200&ssl=1 1x, https:\/\/i0.wp.com\/kohenavocats.com\/wp-content\/uploads\/2024\/11\/getty-images-F5R9DuVUaPU-unsplash.webp?resize=525%2C300&ssl=1 1.5x, https:\/\/i0.wp.com\/kohenavocats.com\/wp-content\/uploads\/2024\/11\/getty-images-F5R9DuVUaPU-unsplash.webp?resize=700%2C400&ssl=1 2x, https:\/\/i0.wp.com\/kohenavocats.com\/wp-content\/uploads\/2024\/11\/getty-images-F5R9DuVUaPU-unsplash.webp?resize=1050%2C600&ssl=1 3x, https:\/\/i0.wp.com\/kohenavocats.com\/wp-content\/uploads\/2024\/11\/getty-images-F5R9DuVUaPU-unsplash.webp?resize=1400%2C800&ssl=1 4x"},"classes":[]},{"id":439918,"url":"https:\/\/kohenavocats.com\/tr\/cour-dappel-de-paris-le-12-mai-2011-n07-19209\/","url_meta":{"origin":654252,"position":5},"title":"Cour d&#8217;appel de Paris, le 12 mai 2011, n\u00b007\/19209","author":"Kohen","date":"27 Mart 2026","format":false,"excerpt":"La Cour d\u2019appel de Paris, dans un arr\u00eat du 12 mai 2011, a \u00e9t\u00e9 saisie d\u2019un litige complexe n\u00e9 de l\u2019\u00e9chec d\u2019un projet informatique. Une soci\u00e9t\u00e9 avait command\u00e9 la mise en place d\u2019un syst\u00e8me de gestion des ressources humaines. Le contrat initial, conclu le 29 juin 2000, pr\u00e9voyait une impl\u00e9mentation\u2026","rel":"","context":"&quot;Cour d'appel&quot; i\u00e7inde","block_context":{"text":"Cour d'appel","link":"https:\/\/kohenavocats.com\/category\/cour-dappel\/"},"img":{"alt_text":"","src":"https:\/\/i0.wp.com\/kohenavocats.com\/wp-content\/uploads\/2024\/11\/mohamed-nohassi-EJVxjuWkqSY-unsplash.webp?resize=350%2C200&ssl=1","width":350,"height":200,"srcset":"https:\/\/i0.wp.com\/kohenavocats.com\/wp-content\/uploads\/2024\/11\/mohamed-nohassi-EJVxjuWkqSY-unsplash.webp?resize=350%2C200&ssl=1 1x, https:\/\/i0.wp.com\/kohenavocats.com\/wp-content\/uploads\/2024\/11\/mohamed-nohassi-EJVxjuWkqSY-unsplash.webp?resize=525%2C300&ssl=1 1.5x, https:\/\/i0.wp.com\/kohenavocats.com\/wp-content\/uploads\/2024\/11\/mohamed-nohassi-EJVxjuWkqSY-unsplash.webp?resize=700%2C400&ssl=1 2x, https:\/\/i0.wp.com\/kohenavocats.com\/wp-content\/uploads\/2024\/11\/mohamed-nohassi-EJVxjuWkqSY-unsplash.webp?resize=1050%2C600&ssl=1 3x, https:\/\/i0.wp.com\/kohenavocats.com\/wp-content\/uploads\/2024\/11\/mohamed-nohassi-EJVxjuWkqSY-unsplash.webp?resize=1400%2C800&ssl=1 4x"},"classes":[]}],"jetpack_sharing_enabled":true,"_links":{"self":[{"href":"https:\/\/kohenavocats.com\/tr\/wp-json\/wp\/v2\/posts\/654252","targetHints":{"allow":["GET"]}}],"collection":[{"href":"https:\/\/kohenavocats.com\/tr\/wp-json\/wp\/v2\/posts"}],"about":[{"href":"https:\/\/kohenavocats.com\/tr\/wp-json\/wp\/v2\/types\/post"}],"author":[{"embeddable":true,"href":"https:\/\/kohenavocats.com\/tr\/wp-json\/wp\/v2\/users\/232070755"}],"replies":[{"embeddable":true,"href":"https:\/\/kohenavocats.com\/tr\/wp-json\/wp\/v2\/comments?post=654252"}],"version-history":[{"count":0,"href":"https:\/\/kohenavocats.com\/tr\/wp-json\/wp\/v2\/posts\/654252\/revisions"}],"wp:featuredmedia":[{"embeddable":true,"href":"https:\/\/kohenavocats.com\/tr\/wp-json\/wp\/v2\/media\/9726"}],"wp:attachment":[{"href":"https:\/\/kohenavocats.com\/tr\/wp-json\/wp\/v2\/media?parent=654252"}],"wp:term":[{"taxonomy":"category","embeddable":true,"href":"https:\/\/kohenavocats.com\/tr\/wp-json\/wp\/v2\/categories?post=654252"},{"taxonomy":"post_tag","embeddable":true,"href":"https:\/\/kohenavocats.com\/tr\/wp-json\/wp\/v2\/tags?post=654252"}],"curies":[{"name":"wp","href":"https:\/\/api.w.org\/{rel}","templated":true}]}}