{"id":654703,"date":"2026-04-23T03:55:56","date_gmt":"2026-04-23T01:55:56","guid":{"rendered":"https:\/\/kohenavocats.com\/cour-dappel-de-colmar-le-3-septembre-2024-n20-01042\/"},"modified":"2026-04-23T03:55:56","modified_gmt":"2026-04-23T01:55:56","slug":"cour-dappel-de-colmar-le-3-septembre-2024-n20-01042","status":"publish","type":"post","link":"https:\/\/kohenavocats.com\/tr\/cour-dappel-de-colmar-le-3-septembre-2024-n20-01042\/","title":{"rendered":"Cour d&#8217;appel de Colmar, le 3 septembre 2024, n\u00b020\/01042"},"content":{"rendered":"<div class=\"article-content\">\n<p>La cour d&#8217;appel de Colmar, statuant le 3 septembre 2024, se prononce sur la liquidation des pr\u00e9judices corporels d&#8217;une victime retrait\u00e9e. L&#8217;accident, survenu le 26 juin 2017, a entra\u00een\u00e9 un d\u00e9ficit fonctionnel permanent de dix pour cent. La juridiction doit d\u00e9terminer l&#8217;\u00e9tendue de la r\u00e9paration des pr\u00e9judices patrimoniaux et extra-patrimoniaux. Elle fixe l&#8217;indemnit\u00e9 totale \u00e0 vingt-neuf mille huit cent soixante-deux euros apr\u00e8s d\u00e9duction des provisions vers\u00e9es.<\/p>\n<p>L&#8217;encadrement strict des pr\u00e9judices patrimoniaux futurs<\/p>\n<p>La cour op\u00e8re une application rigoureuse de la jurisprudence r\u00e9cente sur la perte de gains professionnels futurs. Elle rappelle le principe selon lequel l&#8217;indemnisation int\u00e9grale n\u00e9cessite une impossibilit\u00e9 d\u00e9finitive d&#8217;exercer une activit\u00e9. &#8220;la victime d&#8217;un dommage corporel ne peut \u00eatre indemnis\u00e9e d&#8217;une perte totale de gains professionnels futurs que si, en raison du dommage, apr\u00e8s la consolidation, elle se trouve dans l&#8217;impossibilit\u00e9 d\u00e9finitive d&#8217;exercer une quelconque activit\u00e9 professionnelle lui procurant des gains&#8221; (Civ. 2\u00b0, 6 juillet 2023, n\u00b0 22-10.347). La d\u00e9cision \u00e9carte donc cette demande au vu des revenus post-consolidation de la victime.<\/p>\n<p>Cette solution consacre le revirement jurisprudentiel de 2022 et en pr\u00e9cise la port\u00e9e pratique. Elle limite strictement l&#8217;indemnisation des pertes de revenus \u00e0 des situations d&#8217;inaptitude totale av\u00e9r\u00e9e. La cour refuse de suivre la nomenclature Dintilhac lorsque celle-ci semble contredire la position de la Cour de cassation. Cette approche renforce la s\u00e9curit\u00e9 juridique pour les assureurs mais peut restreindre l&#8217;indemnisation de certaines victimes partiellement handicap\u00e9es.<\/p>\n<p>La r\u00e9paration nuanc\u00e9e des pr\u00e9judices extra-patrimoniaux<\/p>\n<p>La juridiction proc\u00e8de \u00e0 une \u00e9valuation d\u00e9taill\u00e9e et individualis\u00e9e de chaque chef de pr\u00e9judice moral. Elle module l&#8217;indemnisation des souffrances endur\u00e9es au-del\u00e0 de la simple cotation experte. L&#8217;expert avait pourtant \u00e9valu\u00e9 ce pr\u00e9judice \u00e0 2,5\/7 par une quantification interm\u00e9diaire. La cour reconna\u00eet la souffrance morale en allouant une somme compl\u00e9mentaire de deux mille euros.<\/p>\n<p>Elle admet \u00e9galement le pr\u00e9judice d&#8217;agr\u00e9ment malgr\u00e9 l&#8217;absence de contre-indication m\u00e9dicale formelle. La cour retient l&#8217;impossibilit\u00e9 psychologique de pratiquer les activit\u00e9s sportives ant\u00e9rieures. &#8220;Ce poste de pr\u00e9judice r\u00e9pare \u00e9galement l&#8217;impossibilit\u00e9 psychologique de pratiquer l&#8217;activit\u00e9 ant\u00e9rieure&#8221; (2\u00e8 Civ., 5 juillet 2018, n\u00b0 16-21.776). Les attestations concordantes des proches fondent cette d\u00e9cision qui d\u00e9passe le strict rapport m\u00e9dical.<\/p>\n<p>Cette approche d\u00e9montre la primaut\u00e9 du principe de r\u00e9paration int\u00e9grale sur une lecture purement arithm\u00e9tique de l&#8217;expertise. La cour affine l&#8217;\u00e9valuation en int\u00e9grant des \u00e9l\u00e9ments subjectifs et psychologiques corrobor\u00e9s par des preuves. Elle assure ainsi une indemnisation plus juste et personnalis\u00e9e de la victime, sans pour autant remettre en cause l&#8217;utilit\u00e9 du travail de l&#8217;expert.<\/p>\n<\/div>\n","protected":false},"excerpt":{"rendered":"<p>La cour d&#8217;appel de Colmar, statuant le 3 septembre 2024, se prononce sur la liquidation des pr\u00e9judices corporels d&#8217;une victime retrait\u00e9e. L&#8217;accident, survenu&#8230;<\/p>\n","protected":false},"author":232070755,"featured_media":4752,"comment_status":"open","ping_status":"open","sticky":false,"template":"","format":"standard","meta":{"_crdt_document":"","_jetpack_newsletter_access":"","_jetpack_dont_email_post_to_subs":false,"_jetpack_newsletter_tier_id":0,"_jetpack_memberships_contains_paywalled_content":false,"_jetpack_memberships_contains_paid_content":false,"footnotes":"","jetpack_post_was_ever_published":false},"categories":[7597],"tags":[],"class_list":["post-654703","post","type-post","status-publish","format-standard","has-post-thumbnail","hentry","category-jurisprudence"],"yoast_head":"<!-- This site is optimized with the Yoast SEO Premium plugin v27.4 (Yoast SEO v27.4) - https:\/\/yoast.com\/product\/yoast-seo-premium-wordpress\/ -->\n<title>Cour d&#039;appel de Colmar, le 3 septembre 2024, n\u00b020\/01042 - Ma\u00eetre Hassan Kohen, avocat en droit p\u00e9nal \u00e0 Paris<\/title>\n<meta name=\"description\" content=\"La cour d&#039;appel de Colmar, statuant le 3 septembre 2024, se prononce sur la liquidation des pr\u00e9judices corporels d&#039;une victime retrait\u00e9e. L&#039;accident, survenu...\" \/>\n<meta name=\"robots\" content=\"index, follow, max-snippet:-1, max-image-preview:large, max-video-preview:-1\" \/>\n<link rel=\"canonical\" href=\"https:\/\/kohenavocats.com\/tr\/cour-dappel-de-colmar-le-3-septembre-2024-n20-01042\/\" \/>\n<meta property=\"og:locale\" content=\"tr_TR\" \/>\n<meta property=\"og:type\" content=\"article\" \/>\n<meta property=\"og:title\" content=\"Cour d&#039;appel de Colmar, le 3 septembre 2024, n\u00b020\/01042\" \/>\n<meta property=\"og:description\" content=\"La cour d&#039;appel de Colmar, statuant le 3 septembre 2024, se prononce sur la liquidation des pr\u00e9judices corporels d&#039;une victime retrait\u00e9e. L&#039;accident, survenu...\" \/>\n<meta property=\"og:url\" content=\"https:\/\/kohenavocats.com\/tr\/cour-dappel-de-colmar-le-3-septembre-2024-n20-01042\/\" \/>\n<meta property=\"og:site_name\" content=\"Ma\u00eetre Hassan Kohen, avocat en droit p\u00e9nal \u00e0 Paris\" \/>\n<meta property=\"article:published_time\" content=\"2026-04-23T01:55:56+00:00\" \/>\n<meta property=\"og:image\" content=\"https:\/\/kohenavocats.com\/wp-content\/uploads\/2024\/08\/jan-zinnbauer-NeLDhX6pbxE-unsplash.webp\" \/>\n\t<meta property=\"og:image:width\" content=\"6000\" \/>\n\t<meta property=\"og:image:height\" content=\"4000\" \/>\n\t<meta property=\"og:image:type\" content=\"image\/webp\" \/>\n<meta name=\"author\" content=\"Kohen\" \/>\n<meta name=\"twitter:card\" content=\"summary_large_image\" \/>\n<meta name=\"twitter:label1\" content=\"Yazan:\" \/>\n\t<meta name=\"twitter:data1\" content=\"Kohen\" \/>\n\t<meta name=\"twitter:label2\" content=\"Tahmini okuma s\u00fcresi\" \/>\n\t<meta name=\"twitter:data2\" content=\"2 dakika\" \/>\n<script type=\"application\/ld+json\" class=\"yoast-schema-graph\">{\"@context\":\"https:\\\/\\\/schema.org\",\"@graph\":[{\"@type\":\"Article\",\"@id\":\"https:\\\/\\\/kohenavocats.com\\\/tr\\\/cour-dappel-de-colmar-le-3-septembre-2024-n20-01042\\\/#article\",\"isPartOf\":{\"@id\":\"https:\\\/\\\/kohenavocats.com\\\/tr\\\/cour-dappel-de-colmar-le-3-septembre-2024-n20-01042\\\/\"},\"author\":{\"name\":\"Kohen\",\"@id\":\"https:\\\/\\\/kohenavocats.com\\\/tr\\\/#\\\/schema\\\/person\\\/761c9ba54fa1ca84d405cef0831ff751\"},\"headline\":\"Cour d&#8217;appel de Colmar, le 3 septembre 2024, n\u00b020\\\/01042\",\"datePublished\":\"2026-04-23T01:55:56+00:00\",\"mainEntityOfPage\":{\"@id\":\"https:\\\/\\\/kohenavocats.com\\\/tr\\\/cour-dappel-de-colmar-le-3-septembre-2024-n20-01042\\\/\"},\"wordCount\":477,\"commentCount\":0,\"publisher\":{\"@id\":\"https:\\\/\\\/kohenavocats.com\\\/tr\\\/#organization\"},\"image\":{\"@id\":\"https:\\\/\\\/kohenavocats.com\\\/tr\\\/cour-dappel-de-colmar-le-3-septembre-2024-n20-01042\\\/#primaryimage\"},\"thumbnailUrl\":\"https:\\\/\\\/kohenavocats.com\\\/wp-content\\\/uploads\\\/2024\\\/08\\\/jan-zinnbauer-NeLDhX6pbxE-unsplash.webp\",\"articleSection\":[\"Jurisprudence\"],\"inLanguage\":\"tr\",\"potentialAction\":[{\"@type\":\"CommentAction\",\"name\":\"Comment\",\"target\":[\"https:\\\/\\\/kohenavocats.com\\\/tr\\\/cour-dappel-de-colmar-le-3-septembre-2024-n20-01042\\\/#respond\"]}],\"citation\":\"Cour d&#8217;appel de Colmar, le 3 septembre 2024, n\u00b020\\\/01042\",\"about\":[{\"@type\":\"Thing\",\"name\":\"Jurisprudence\"}],\"dateModified\":\"2026-04-23T01:55:56+00:00\",\"speakable\":{\"@type\":\"SpeakableSpecification\",\"cssSelector\":[\".article-content > p:first-of-type\"]}},{\"@type\":\"WebPage\",\"@id\":\"https:\\\/\\\/kohenavocats.com\\\/tr\\\/cour-dappel-de-colmar-le-3-septembre-2024-n20-01042\\\/\",\"url\":\"https:\\\/\\\/kohenavocats.com\\\/tr\\\/cour-dappel-de-colmar-le-3-septembre-2024-n20-01042\\\/\",\"name\":\"Cour d'appel de Colmar, le 3 septembre 2024, n\u00b020\\\/01042 - Ma\u00eetre Hassan Kohen, avocat en droit p\u00e9nal \u00e0 Paris\",\"isPartOf\":{\"@id\":\"https:\\\/\\\/kohenavocats.com\\\/tr\\\/#website\"},\"primaryImageOfPage\":{\"@id\":\"https:\\\/\\\/kohenavocats.com\\\/tr\\\/cour-dappel-de-colmar-le-3-septembre-2024-n20-01042\\\/#primaryimage\"},\"image\":{\"@id\":\"https:\\\/\\\/kohenavocats.com\\\/tr\\\/cour-dappel-de-colmar-le-3-septembre-2024-n20-01042\\\/#primaryimage\"},\"thumbnailUrl\":\"https:\\\/\\\/kohenavocats.com\\\/wp-content\\\/uploads\\\/2024\\\/08\\\/jan-zinnbauer-NeLDhX6pbxE-unsplash.webp\",\"datePublished\":\"2026-04-23T01:55:56+00:00\",\"description\":\"La cour d'appel de Colmar, statuant le 3 septembre 2024, se prononce sur la liquidation des pr\u00e9judices corporels d'une victime retrait\u00e9e. L'accident, survenu...\",\"breadcrumb\":{\"@id\":\"https:\\\/\\\/kohenavocats.com\\\/tr\\\/cour-dappel-de-colmar-le-3-septembre-2024-n20-01042\\\/#breadcrumb\"},\"inLanguage\":\"tr\",\"potentialAction\":[{\"@type\":\"ReadAction\",\"target\":[\"https:\\\/\\\/kohenavocats.com\\\/tr\\\/cour-dappel-de-colmar-le-3-septembre-2024-n20-01042\\\/\"]}]},{\"@type\":\"ImageObject\",\"inLanguage\":\"tr\",\"@id\":\"https:\\\/\\\/kohenavocats.com\\\/tr\\\/cour-dappel-de-colmar-le-3-septembre-2024-n20-01042\\\/#primaryimage\",\"url\":\"https:\\\/\\\/kohenavocats.com\\\/wp-content\\\/uploads\\\/2024\\\/08\\\/jan-zinnbauer-NeLDhX6pbxE-unsplash.webp\",\"contentUrl\":\"https:\\\/\\\/kohenavocats.com\\\/wp-content\\\/uploads\\\/2024\\\/08\\\/jan-zinnbauer-NeLDhX6pbxE-unsplash.webp\",\"width\":6000,\"height\":4000},{\"@type\":\"BreadcrumbList\",\"@id\":\"https:\\\/\\\/kohenavocats.com\\\/tr\\\/cour-dappel-de-colmar-le-3-septembre-2024-n20-01042\\\/#breadcrumb\",\"itemListElement\":[{\"@type\":\"ListItem\",\"position\":1,\"name\":\"Home\",\"item\":\"https:\\\/\\\/kohenavocats.com\\\/tr\\\/avocats-en-droit-penal-a-paris-conseil-et-defense-strategique\\\/\"},{\"@type\":\"ListItem\",\"position\":2,\"name\":\"Cour d&rsquo;appel de Colmar, le 3 septembre 2024, n\u00b020\\\/01042\"}]},{\"@type\":\"WebSite\",\"@id\":\"https:\\\/\\\/kohenavocats.com\\\/tr\\\/#website\",\"url\":\"https:\\\/\\\/kohenavocats.com\\\/tr\\\/\",\"name\":\"Kohen Avocats\",\"description\":\"Ma\u00eetre Hassan Kohen, avocat p\u00e9naliste \u00e0 Paris, intervient exclusivement en droit p\u00e9nal pour la d\u00e9fense des particuliers, notamment en mati\u00e8re d\u2019accusations de viol. Il assure un accompagnement rigoureux d\u00e8s la garde \u00e0 vue jusqu\u2019\u00e0 la Cour d\u2019assises, veillant au strict respect des garanties proc\u00e9durales.\",\"publisher\":{\"@id\":\"https:\\\/\\\/kohenavocats.com\\\/tr\\\/#organization\"},\"potentialAction\":[{\"@type\":\"SearchAction\",\"target\":{\"@type\":\"EntryPoint\",\"urlTemplate\":\"https:\\\/\\\/kohenavocats.com\\\/tr\\\/?s={search_term_string}\"},\"query-input\":{\"@type\":\"PropertyValueSpecification\",\"valueRequired\":true,\"valueName\":\"search_term_string\"}}],\"inLanguage\":\"tr\"},{\"@type\":\"Organization\",\"@id\":\"https:\\\/\\\/kohenavocats.com\\\/tr\\\/#organization\",\"name\":\"Kohen Avocats\",\"url\":\"https:\\\/\\\/kohenavocats.com\\\/tr\\\/\",\"logo\":{\"@type\":\"ImageObject\",\"inLanguage\":\"tr\",\"@id\":\"https:\\\/\\\/kohenavocats.com\\\/tr\\\/#\\\/schema\\\/logo\\\/image\\\/\",\"url\":\"https:\\\/\\\/kohenavocats.com\\\/wp-content\\\/uploads\\\/2026\\\/01\\\/Logo-2-1.webp\",\"contentUrl\":\"https:\\\/\\\/kohenavocats.com\\\/wp-content\\\/uploads\\\/2026\\\/01\\\/Logo-2-1.webp\",\"width\":2114,\"height\":1253,\"caption\":\"Kohen Avocats\"},\"image\":{\"@id\":\"https:\\\/\\\/kohenavocats.com\\\/tr\\\/#\\\/schema\\\/logo\\\/image\\\/\"}},{\"@type\":\"Person\",\"@id\":\"https:\\\/\\\/kohenavocats.com\\\/tr\\\/#\\\/schema\\\/person\\\/761c9ba54fa1ca84d405cef0831ff751\",\"name\":\"Kohen\",\"image\":{\"@type\":\"ImageObject\",\"inLanguage\":\"tr\",\"@id\":\"https:\\\/\\\/secure.gravatar.com\\\/avatar\\\/1c5e76ef76bbbfdd2b4da984e2bf2fa4056fd51a27d25ce2c332047f1dfd6e00?s=96&d=identicon&r=g\",\"url\":\"https:\\\/\\\/secure.gravatar.com\\\/avatar\\\/1c5e76ef76bbbfdd2b4da984e2bf2fa4056fd51a27d25ce2c332047f1dfd6e00?s=96&d=identicon&r=g\",\"contentUrl\":\"https:\\\/\\\/secure.gravatar.com\\\/avatar\\\/1c5e76ef76bbbfdd2b4da984e2bf2fa4056fd51a27d25ce2c332047f1dfd6e00?s=96&d=identicon&r=g\",\"caption\":\"Kohen\"},\"sameAs\":[\"https:\\\/\\\/www.linkedin.com\\\/in\\\/hassan-kohen-448548192\\\/\",\"https:\\\/\\\/www.youtube.com\\\/@Kohen-Avocats\"],\"url\":\"https:\\\/\\\/kohenavocats.com\\\/tr\\\/author\\\/kohenmlk\\\/\"}]}<\/script>\n<!-- \/ Yoast SEO Premium plugin. -->","yoast_head_json":{"title":"Cour d'appel de Colmar, le 3 septembre 2024, n\u00b020\/01042 - Ma\u00eetre Hassan Kohen, avocat en droit p\u00e9nal \u00e0 Paris","description":"La cour d'appel de Colmar, statuant le 3 septembre 2024, se prononce sur la liquidation des pr\u00e9judices corporels d'une victime retrait\u00e9e. L'accident, survenu...","robots":{"index":"index","follow":"follow","max-snippet":"max-snippet:-1","max-image-preview":"max-image-preview:large","max-video-preview":"max-video-preview:-1"},"canonical":"https:\/\/kohenavocats.com\/tr\/cour-dappel-de-colmar-le-3-septembre-2024-n20-01042\/","og_locale":"tr_TR","og_type":"article","og_title":"Cour d'appel de Colmar, le 3 septembre 2024, n\u00b020\/01042","og_description":"La cour d'appel de Colmar, statuant le 3 septembre 2024, se prononce sur la liquidation des pr\u00e9judices corporels d'une victime retrait\u00e9e. L'accident, survenu...","og_url":"https:\/\/kohenavocats.com\/tr\/cour-dappel-de-colmar-le-3-septembre-2024-n20-01042\/","og_site_name":"Ma\u00eetre Hassan Kohen, avocat en droit p\u00e9nal \u00e0 Paris","article_published_time":"2026-04-23T01:55:56+00:00","og_image":[{"width":6000,"height":4000,"url":"https:\/\/kohenavocats.com\/wp-content\/uploads\/2024\/08\/jan-zinnbauer-NeLDhX6pbxE-unsplash.webp","type":"image\/webp"}],"author":"Kohen","twitter_card":"summary_large_image","twitter_misc":{"Yazan:":"Kohen","Tahmini okuma s\u00fcresi":"2 dakika"},"schema":{"@context":"https:\/\/schema.org","@graph":[{"@type":"Article","@id":"https:\/\/kohenavocats.com\/tr\/cour-dappel-de-colmar-le-3-septembre-2024-n20-01042\/#article","isPartOf":{"@id":"https:\/\/kohenavocats.com\/tr\/cour-dappel-de-colmar-le-3-septembre-2024-n20-01042\/"},"author":{"name":"Kohen","@id":"https:\/\/kohenavocats.com\/tr\/#\/schema\/person\/761c9ba54fa1ca84d405cef0831ff751"},"headline":"Cour d&#8217;appel de Colmar, le 3 septembre 2024, n\u00b020\/01042","datePublished":"2026-04-23T01:55:56+00:00","mainEntityOfPage":{"@id":"https:\/\/kohenavocats.com\/tr\/cour-dappel-de-colmar-le-3-septembre-2024-n20-01042\/"},"wordCount":477,"commentCount":0,"publisher":{"@id":"https:\/\/kohenavocats.com\/tr\/#organization"},"image":{"@id":"https:\/\/kohenavocats.com\/tr\/cour-dappel-de-colmar-le-3-septembre-2024-n20-01042\/#primaryimage"},"thumbnailUrl":"https:\/\/kohenavocats.com\/wp-content\/uploads\/2024\/08\/jan-zinnbauer-NeLDhX6pbxE-unsplash.webp","articleSection":["Jurisprudence"],"inLanguage":"tr","potentialAction":[{"@type":"CommentAction","name":"Comment","target":["https:\/\/kohenavocats.com\/tr\/cour-dappel-de-colmar-le-3-septembre-2024-n20-01042\/#respond"]}],"citation":"Cour d&#8217;appel de Colmar, le 3 septembre 2024, n\u00b020\/01042","about":[{"@type":"Thing","name":"Jurisprudence"}],"dateModified":"2026-04-23T01:55:56+00:00","speakable":{"@type":"SpeakableSpecification","cssSelector":[".article-content > p:first-of-type"]}},{"@type":"WebPage","@id":"https:\/\/kohenavocats.com\/tr\/cour-dappel-de-colmar-le-3-septembre-2024-n20-01042\/","url":"https:\/\/kohenavocats.com\/tr\/cour-dappel-de-colmar-le-3-septembre-2024-n20-01042\/","name":"Cour d'appel de Colmar, le 3 septembre 2024, n\u00b020\/01042 - Ma\u00eetre Hassan Kohen, avocat en droit p\u00e9nal \u00e0 Paris","isPartOf":{"@id":"https:\/\/kohenavocats.com\/tr\/#website"},"primaryImageOfPage":{"@id":"https:\/\/kohenavocats.com\/tr\/cour-dappel-de-colmar-le-3-septembre-2024-n20-01042\/#primaryimage"},"image":{"@id":"https:\/\/kohenavocats.com\/tr\/cour-dappel-de-colmar-le-3-septembre-2024-n20-01042\/#primaryimage"},"thumbnailUrl":"https:\/\/kohenavocats.com\/wp-content\/uploads\/2024\/08\/jan-zinnbauer-NeLDhX6pbxE-unsplash.webp","datePublished":"2026-04-23T01:55:56+00:00","description":"La cour d'appel de Colmar, statuant le 3 septembre 2024, se prononce sur la liquidation des pr\u00e9judices corporels d'une victime retrait\u00e9e. L'accident, survenu...","breadcrumb":{"@id":"https:\/\/kohenavocats.com\/tr\/cour-dappel-de-colmar-le-3-septembre-2024-n20-01042\/#breadcrumb"},"inLanguage":"tr","potentialAction":[{"@type":"ReadAction","target":["https:\/\/kohenavocats.com\/tr\/cour-dappel-de-colmar-le-3-septembre-2024-n20-01042\/"]}]},{"@type":"ImageObject","inLanguage":"tr","@id":"https:\/\/kohenavocats.com\/tr\/cour-dappel-de-colmar-le-3-septembre-2024-n20-01042\/#primaryimage","url":"https:\/\/kohenavocats.com\/wp-content\/uploads\/2024\/08\/jan-zinnbauer-NeLDhX6pbxE-unsplash.webp","contentUrl":"https:\/\/kohenavocats.com\/wp-content\/uploads\/2024\/08\/jan-zinnbauer-NeLDhX6pbxE-unsplash.webp","width":6000,"height":4000},{"@type":"BreadcrumbList","@id":"https:\/\/kohenavocats.com\/tr\/cour-dappel-de-colmar-le-3-septembre-2024-n20-01042\/#breadcrumb","itemListElement":[{"@type":"ListItem","position":1,"name":"Home","item":"https:\/\/kohenavocats.com\/tr\/avocats-en-droit-penal-a-paris-conseil-et-defense-strategique\/"},{"@type":"ListItem","position":2,"name":"Cour d&rsquo;appel de Colmar, le 3 septembre 2024, n\u00b020\/01042"}]},{"@type":"WebSite","@id":"https:\/\/kohenavocats.com\/tr\/#website","url":"https:\/\/kohenavocats.com\/tr\/","name":"Kohen Avocats","description":"Ma\u00eetre Hassan Kohen, avocat p\u00e9naliste \u00e0 Paris, intervient exclusivement en droit p\u00e9nal pour la d\u00e9fense des particuliers, notamment en mati\u00e8re d\u2019accusations de viol. Il assure un accompagnement rigoureux d\u00e8s la garde \u00e0 vue jusqu\u2019\u00e0 la Cour d\u2019assises, veillant au strict respect des garanties proc\u00e9durales.","publisher":{"@id":"https:\/\/kohenavocats.com\/tr\/#organization"},"potentialAction":[{"@type":"SearchAction","target":{"@type":"EntryPoint","urlTemplate":"https:\/\/kohenavocats.com\/tr\/?s={search_term_string}"},"query-input":{"@type":"PropertyValueSpecification","valueRequired":true,"valueName":"search_term_string"}}],"inLanguage":"tr"},{"@type":"Organization","@id":"https:\/\/kohenavocats.com\/tr\/#organization","name":"Kohen Avocats","url":"https:\/\/kohenavocats.com\/tr\/","logo":{"@type":"ImageObject","inLanguage":"tr","@id":"https:\/\/kohenavocats.com\/tr\/#\/schema\/logo\/image\/","url":"https:\/\/kohenavocats.com\/wp-content\/uploads\/2026\/01\/Logo-2-1.webp","contentUrl":"https:\/\/kohenavocats.com\/wp-content\/uploads\/2026\/01\/Logo-2-1.webp","width":2114,"height":1253,"caption":"Kohen Avocats"},"image":{"@id":"https:\/\/kohenavocats.com\/tr\/#\/schema\/logo\/image\/"}},{"@type":"Person","@id":"https:\/\/kohenavocats.com\/tr\/#\/schema\/person\/761c9ba54fa1ca84d405cef0831ff751","name":"Kohen","image":{"@type":"ImageObject","inLanguage":"tr","@id":"https:\/\/secure.gravatar.com\/avatar\/1c5e76ef76bbbfdd2b4da984e2bf2fa4056fd51a27d25ce2c332047f1dfd6e00?s=96&d=identicon&r=g","url":"https:\/\/secure.gravatar.com\/avatar\/1c5e76ef76bbbfdd2b4da984e2bf2fa4056fd51a27d25ce2c332047f1dfd6e00?s=96&d=identicon&r=g","contentUrl":"https:\/\/secure.gravatar.com\/avatar\/1c5e76ef76bbbfdd2b4da984e2bf2fa4056fd51a27d25ce2c332047f1dfd6e00?s=96&d=identicon&r=g","caption":"Kohen"},"sameAs":["https:\/\/www.linkedin.com\/in\/hassan-kohen-448548192\/","https:\/\/www.youtube.com\/@Kohen-Avocats"],"url":"https:\/\/kohenavocats.com\/tr\/author\/kohenmlk\/"}]}},"jetpack_featured_media_url":"https:\/\/kohenavocats.com\/wp-content\/uploads\/2024\/08\/jan-zinnbauer-NeLDhX6pbxE-unsplash.webp","jetpack_likes_enabled":false,"jetpack_shortlink":"https:\/\/wp.me\/peCrII-2KjJ","jetpack-related-posts":[{"id":597756,"url":"https:\/\/kohenavocats.com\/tr\/tribunal-judiciaire-de-nanterre-le-4-decembre-2025-n23-10375\/","url_meta":{"origin":654703,"position":0},"title":"Tribunal judiciaire de Nanterre, le 4 d\u00e9cembre 2025, n\u00b023\/10375","author":"Kohen","date":"18 Nisan 2026","format":false,"excerpt":"Le Tribunal judiciaire de premi\u00e8re instance, statuant le 4 d\u00e9cembre 2025, a \u00e9t\u00e9 saisi d'une demande en indemnisation suite \u00e0 un accident de la circulation su...","rel":"","context":"&quot;Jurisprudence&quot; i\u00e7inde","block_context":{"text":"Jurisprudence","link":"https:\/\/kohenavocats.com\/category\/jurisprudence\/"},"img":{"alt_text":"","src":"https:\/\/i0.wp.com\/kohenavocats.com\/wp-content\/uploads\/2024\/08\/chris-linnett-aoJDcEy2tBo-unsplash.webp?resize=350%2C200&ssl=1","width":350,"height":200,"srcset":"https:\/\/i0.wp.com\/kohenavocats.com\/wp-content\/uploads\/2024\/08\/chris-linnett-aoJDcEy2tBo-unsplash.webp?resize=350%2C200&ssl=1 1x, https:\/\/i0.wp.com\/kohenavocats.com\/wp-content\/uploads\/2024\/08\/chris-linnett-aoJDcEy2tBo-unsplash.webp?resize=525%2C300&ssl=1 1.5x, https:\/\/i0.wp.com\/kohenavocats.com\/wp-content\/uploads\/2024\/08\/chris-linnett-aoJDcEy2tBo-unsplash.webp?resize=700%2C400&ssl=1 2x, https:\/\/i0.wp.com\/kohenavocats.com\/wp-content\/uploads\/2024\/08\/chris-linnett-aoJDcEy2tBo-unsplash.webp?resize=1050%2C600&ssl=1 3x, https:\/\/i0.wp.com\/kohenavocats.com\/wp-content\/uploads\/2024\/08\/chris-linnett-aoJDcEy2tBo-unsplash.webp?resize=1400%2C800&ssl=1 4x"},"classes":[]},{"id":597818,"url":"https:\/\/kohenavocats.com\/tr\/cour-dappel-de-paris-le-10-juillet-2024-n22-03047\/","url_meta":{"origin":654703,"position":1},"title":"Cour d&#8217;appel de Paris, le 10 juillet 2024, n\u00b022\/03047","author":"Kohen","date":"18 Nisan 2026","format":false,"excerpt":"La cour d'appel de Paris, statuant le 10 juillet 2024, a examin\u00e9 un litige opposant une soci\u00e9t\u00e9 \u00e0 l'URSSAF concernant un redressement pour travail dissimul\u00e9....","rel":"","context":"&quot;Jurisprudence&quot; i\u00e7inde","block_context":{"text":"Jurisprudence","link":"https:\/\/kohenavocats.com\/category\/jurisprudence\/"},"img":{"alt_text":"","src":"https:\/\/i0.wp.com\/kohenavocats.com\/wp-content\/uploads\/2024\/11\/kristijan-arsov-A2a12i_diJs-unsplash.webp?resize=350%2C200&ssl=1","width":350,"height":200,"srcset":"https:\/\/i0.wp.com\/kohenavocats.com\/wp-content\/uploads\/2024\/11\/kristijan-arsov-A2a12i_diJs-unsplash.webp?resize=350%2C200&ssl=1 1x, https:\/\/i0.wp.com\/kohenavocats.com\/wp-content\/uploads\/2024\/11\/kristijan-arsov-A2a12i_diJs-unsplash.webp?resize=525%2C300&ssl=1 1.5x, https:\/\/i0.wp.com\/kohenavocats.com\/wp-content\/uploads\/2024\/11\/kristijan-arsov-A2a12i_diJs-unsplash.webp?resize=700%2C400&ssl=1 2x, https:\/\/i0.wp.com\/kohenavocats.com\/wp-content\/uploads\/2024\/11\/kristijan-arsov-A2a12i_diJs-unsplash.webp?resize=1050%2C600&ssl=1 3x, https:\/\/i0.wp.com\/kohenavocats.com\/wp-content\/uploads\/2024\/11\/kristijan-arsov-A2a12i_diJs-unsplash.webp?resize=1400%2C800&ssl=1 4x"},"classes":[]},{"id":597815,"url":"https:\/\/kohenavocats.com\/tr\/cour-dappel-de-saint-denis-de-la-reunion-le-20-decembre-2023-n23-01025\/","url_meta":{"origin":654703,"position":2},"title":"Cour d&#8217;appel de Saint-Denis de La R\u00e9union, le 20 d\u00e9cembre 2023, n\u00b023\/01025","author":"Kohen","date":"18 Nisan 2026","format":false,"excerpt":"La cour d'appel de Saint-Denis de La R\u00e9union, statuant publiquement le 20 d\u00e9cembre 2023, se prononce sur un litige relatif \u00e0 l'annulation d'une assembl\u00e9e g\u00e9n...","rel":"","context":"&quot;Jurisprudence&quot; i\u00e7inde","block_context":{"text":"Jurisprudence","link":"https:\/\/kohenavocats.com\/category\/jurisprudence\/"},"img":{"alt_text":"","src":"https:\/\/i0.wp.com\/kohenavocats.com\/wp-content\/uploads\/2024\/07\/daniel-roe-2OqFyMN7R_E-unsplash.webp?resize=350%2C200&ssl=1","width":350,"height":200,"srcset":"https:\/\/i0.wp.com\/kohenavocats.com\/wp-content\/uploads\/2024\/07\/daniel-roe-2OqFyMN7R_E-unsplash.webp?resize=350%2C200&ssl=1 1x, https:\/\/i0.wp.com\/kohenavocats.com\/wp-content\/uploads\/2024\/07\/daniel-roe-2OqFyMN7R_E-unsplash.webp?resize=525%2C300&ssl=1 1.5x, https:\/\/i0.wp.com\/kohenavocats.com\/wp-content\/uploads\/2024\/07\/daniel-roe-2OqFyMN7R_E-unsplash.webp?resize=700%2C400&ssl=1 2x, https:\/\/i0.wp.com\/kohenavocats.com\/wp-content\/uploads\/2024\/07\/daniel-roe-2OqFyMN7R_E-unsplash.webp?resize=1050%2C600&ssl=1 3x, https:\/\/i0.wp.com\/kohenavocats.com\/wp-content\/uploads\/2024\/07\/daniel-roe-2OqFyMN7R_E-unsplash.webp?resize=1400%2C800&ssl=1 4x"},"classes":[]},{"id":597751,"url":"https:\/\/kohenavocats.com\/tr\/tribunal-judiciaire-de-paris-le-4-decembre-2025-n19-03611\/","url_meta":{"origin":654703,"position":3},"title":"Tribunal judiciaire de Paris, le 4 d\u00e9cembre 2025, n\u00b019\/03611","author":"Kohen","date":"18 Nisan 2026","format":false,"excerpt":"Le Tribunal judiciaire de Paris, statuant en mati\u00e8re sociale le 4 d\u00e9cembre 2025, a examin\u00e9 un recours form\u00e9 par un employeur. Cet employeur contestait le tau...","rel":"","context":"&quot;Jurisprudence&quot; i\u00e7inde","block_context":{"text":"Jurisprudence","link":"https:\/\/kohenavocats.com\/category\/jurisprudence\/"},"img":{"alt_text":"","src":"https:\/\/i0.wp.com\/kohenavocats.com\/wp-content\/uploads\/2024\/11\/getty-images-ZIgIJuMcKZI-unsplash.webp?resize=350%2C200&ssl=1","width":350,"height":200,"srcset":"https:\/\/i0.wp.com\/kohenavocats.com\/wp-content\/uploads\/2024\/11\/getty-images-ZIgIJuMcKZI-unsplash.webp?resize=350%2C200&ssl=1 1x, https:\/\/i0.wp.com\/kohenavocats.com\/wp-content\/uploads\/2024\/11\/getty-images-ZIgIJuMcKZI-unsplash.webp?resize=525%2C300&ssl=1 1.5x, https:\/\/i0.wp.com\/kohenavocats.com\/wp-content\/uploads\/2024\/11\/getty-images-ZIgIJuMcKZI-unsplash.webp?resize=700%2C400&ssl=1 2x, https:\/\/i0.wp.com\/kohenavocats.com\/wp-content\/uploads\/2024\/11\/getty-images-ZIgIJuMcKZI-unsplash.webp?resize=1050%2C600&ssl=1 3x, https:\/\/i0.wp.com\/kohenavocats.com\/wp-content\/uploads\/2024\/11\/getty-images-ZIgIJuMcKZI-unsplash.webp?resize=1400%2C800&ssl=1 4x"},"classes":[]},{"id":597768,"url":"https:\/\/kohenavocats.com\/tr\/cour-dappel-de-paris-le-4-decembre-2025-n25-01248\/","url_meta":{"origin":654703,"position":4},"title":"Cour d&#8217;appel de Paris, le 4 d\u00e9cembre 2025, n\u00b025\/01248","author":"Kohen","date":"18 Nisan 2026","format":false,"excerpt":"La cour d\u2019appel de Paris, statuant en r\u00e9f\u00e9r\u00e9 le 4 d\u00e9cembre 2025, examine une demande d\u2019expertise dans un litige relatif \u00e0 un pr\u00e9judice corporel. La juridicti...","rel":"","context":"&quot;Jurisprudence&quot; i\u00e7inde","block_context":{"text":"Jurisprudence","link":"https:\/\/kohenavocats.com\/category\/jurisprudence\/"},"img":{"alt_text":"","src":"https:\/\/i0.wp.com\/kohenavocats.com\/wp-content\/uploads\/2024\/11\/laura-adai-aOfktR2DUFI-unsplash.webp?resize=350%2C200&ssl=1","width":350,"height":200,"srcset":"https:\/\/i0.wp.com\/kohenavocats.com\/wp-content\/uploads\/2024\/11\/laura-adai-aOfktR2DUFI-unsplash.webp?resize=350%2C200&ssl=1 1x, https:\/\/i0.wp.com\/kohenavocats.com\/wp-content\/uploads\/2024\/11\/laura-adai-aOfktR2DUFI-unsplash.webp?resize=525%2C300&ssl=1 1.5x, https:\/\/i0.wp.com\/kohenavocats.com\/wp-content\/uploads\/2024\/11\/laura-adai-aOfktR2DUFI-unsplash.webp?resize=700%2C400&ssl=1 2x, https:\/\/i0.wp.com\/kohenavocats.com\/wp-content\/uploads\/2024\/11\/laura-adai-aOfktR2DUFI-unsplash.webp?resize=1050%2C600&ssl=1 3x, https:\/\/i0.wp.com\/kohenavocats.com\/wp-content\/uploads\/2024\/11\/laura-adai-aOfktR2DUFI-unsplash.webp?resize=1400%2C800&ssl=1 4x"},"classes":[]},{"id":597820,"url":"https:\/\/kohenavocats.com\/tr\/cour-dappel-de-paris-le-7-juin-2023-n22-07903\/","url_meta":{"origin":654703,"position":5},"title":"Cour d&#8217;appel de Paris, le 7 juin 2023, n\u00b022\/07903","author":"Kohen","date":"18 Nisan 2026","format":false,"excerpt":"La Cour d'appel de Paris, dans un arr\u00eat du 7 juin 2023, a examin\u00e9 un litige opposant une caisse de s\u00e9curit\u00e9 sociale \u00e0 un employeur. L'affaire concernait la p...","rel":"","context":"&quot;Jurisprudence&quot; i\u00e7inde","block_context":{"text":"Jurisprudence","link":"https:\/\/kohenavocats.com\/category\/jurisprudence\/"},"img":{"alt_text":"","src":"https:\/\/i0.wp.com\/kohenavocats.com\/wp-content\/uploads\/2024\/11\/planet-volumes-69z5zredkrw-unsplash.webp?resize=350%2C200&ssl=1","width":350,"height":200,"srcset":"https:\/\/i0.wp.com\/kohenavocats.com\/wp-content\/uploads\/2024\/11\/planet-volumes-69z5zredkrw-unsplash.webp?resize=350%2C200&ssl=1 1x, https:\/\/i0.wp.com\/kohenavocats.com\/wp-content\/uploads\/2024\/11\/planet-volumes-69z5zredkrw-unsplash.webp?resize=525%2C300&ssl=1 1.5x, https:\/\/i0.wp.com\/kohenavocats.com\/wp-content\/uploads\/2024\/11\/planet-volumes-69z5zredkrw-unsplash.webp?resize=700%2C400&ssl=1 2x, https:\/\/i0.wp.com\/kohenavocats.com\/wp-content\/uploads\/2024\/11\/planet-volumes-69z5zredkrw-unsplash.webp?resize=1050%2C600&ssl=1 3x, https:\/\/i0.wp.com\/kohenavocats.com\/wp-content\/uploads\/2024\/11\/planet-volumes-69z5zredkrw-unsplash.webp?resize=1400%2C800&ssl=1 4x"},"classes":[]}],"jetpack_sharing_enabled":true,"_links":{"self":[{"href":"https:\/\/kohenavocats.com\/tr\/wp-json\/wp\/v2\/posts\/654703","targetHints":{"allow":["GET"]}}],"collection":[{"href":"https:\/\/kohenavocats.com\/tr\/wp-json\/wp\/v2\/posts"}],"about":[{"href":"https:\/\/kohenavocats.com\/tr\/wp-json\/wp\/v2\/types\/post"}],"author":[{"embeddable":true,"href":"https:\/\/kohenavocats.com\/tr\/wp-json\/wp\/v2\/users\/232070755"}],"replies":[{"embeddable":true,"href":"https:\/\/kohenavocats.com\/tr\/wp-json\/wp\/v2\/comments?post=654703"}],"version-history":[{"count":0,"href":"https:\/\/kohenavocats.com\/tr\/wp-json\/wp\/v2\/posts\/654703\/revisions"}],"wp:featuredmedia":[{"embeddable":true,"href":"https:\/\/kohenavocats.com\/tr\/wp-json\/wp\/v2\/media\/4752"}],"wp:attachment":[{"href":"https:\/\/kohenavocats.com\/tr\/wp-json\/wp\/v2\/media?parent=654703"}],"wp:term":[{"taxonomy":"category","embeddable":true,"href":"https:\/\/kohenavocats.com\/tr\/wp-json\/wp\/v2\/categories?post=654703"},{"taxonomy":"post_tag","embeddable":true,"href":"https:\/\/kohenavocats.com\/tr\/wp-json\/wp\/v2\/tags?post=654703"}],"curies":[{"name":"wp","href":"https:\/\/api.w.org\/{rel}","templated":true}]}}