{"id":655534,"date":"2026-04-23T05:44:08","date_gmt":"2026-04-23T03:44:08","guid":{"rendered":"https:\/\/kohenavocats.com\/tribunal-judiciaire-de-bordeaux-le-30-septembre-2023-n23-00265\/"},"modified":"2026-04-23T05:44:08","modified_gmt":"2026-04-23T03:44:08","slug":"tribunal-judiciaire-de-bordeaux-le-30-septembre-2023-n23-00265","status":"publish","type":"post","link":"https:\/\/kohenavocats.com\/tr\/tribunal-judiciaire-de-bordeaux-le-30-septembre-2023-n23-00265\/","title":{"rendered":"Tribunal judiciaire de Bordeaux, le 30 septembre 2023, n\u00b023\/00265"},"content":{"rendered":"<div class=\"article-content\">\n<p>Le tribunal judiciaire de Bordeaux, le 30 septembre 2023, a statu\u00e9 sur une opposition \u00e0 contrainte \u00e9mise par l&#8217;URSSAF. Un travailleur ind\u00e9pendant contestait la r\u00e9gularit\u00e9 de la proc\u00e9dure de recouvrement et le bien-fond\u00e9 de la cr\u00e9ance. La juridiction a rejet\u00e9 l&#8217;ensemble des demandes en nullit\u00e9 et a d\u00e9clar\u00e9 l&#8217;opposition mal fond\u00e9e. Elle a condamn\u00e9 le cotisant au paiement des sommes r\u00e9clam\u00e9es, des frais de proc\u00e9dure et des d\u00e9pens.<\/p>\n<p>La r\u00e9gularit\u00e9 formelle de la contrainte contest\u00e9e<\/p>\n<p>L&#8217;exigence d&#8217;une mise en demeure pr\u00e9alable et identifi\u00e9e. Le droit social impose que la contrainte soit pr\u00e9c\u00e9d\u00e9e d&#8217;une mise en demeure motiv\u00e9e. La d\u00e9cision rappelle que &#8220;la validit\u00e9 d&#8217;une contrainte qui ne contient pas elle-m\u00eame toutes ces mentions est admise si elle se r\u00e9f\u00e8re \u00e0 une ou plusieurs mises en demeure les comportant&#8221;. En l&#8217;esp\u00e8ce, une erreur mat\u00e9rielle sur la date \u00e9tait invoqu\u00e9e. Le tribunal a \u00e9cart\u00e9 ce moyen en constatant que la contrainte et la mise en demeure partageaient un num\u00e9ro unique. La r\u00e9f\u00e9rence pr\u00e9cise permet une identification certaine malgr\u00e9 l&#8217;erreur de date. Cette analyse assure la s\u00e9curit\u00e9 juridique des proc\u00e9dures de recouvrement. Elle \u00e9vite la nullit\u00e9 pour un vice purement formel et sans cons\u00e9quence sur l&#8217;information du d\u00e9biteur.<\/p>\n<p>L&#8217;incidence d&#8217;une modification du montant r\u00e9clam\u00e9. Le cotisant soutenait qu&#8217;une diff\u00e9rence de montant entre la mise en demeure et la contrainte entra\u00eenait la nullit\u00e9. La juridiction a rappel\u00e9 le principe selon lequel l&#8217;organisme peut r\u00e9duire sa cr\u00e9ance. Elle a jug\u00e9 que la r\u00e9duction, li\u00e9e \u00e0 un recalcul sur revenus d\u00e9finitifs, \u00e9tait l\u00e9gale. Cette solution est conforme \u00e0 la jurisprudence de la Cour de cassation. &#8220;La r\u00e9duction de sa cr\u00e9ance au profit du cotisant ne saurait en soi priver la cr\u00e9ance de ses caract\u00e8res de certitude et de liquidit\u00e9&#8221; (Cour de cassation civile 2\u00b0, 7 janvier 2021, n\u00b019-24831). La port\u00e9e est importante pour les proc\u00e9dures de r\u00e9gularisation. Elle permet \u00e0 l&#8217;organisme de rectifier son calcul sans invalider l&#8217;acte de recouvrement.<\/p>\n<p>Le contr\u00f4le du bien-fond\u00e9 de la cr\u00e9ance sociale<\/p>\n<p>La motivation suffisante de l&#8217;acte de mise en demeure. Le requ\u00e9rant arguait d&#8217;un d\u00e9faut de motivation car la cause pr\u00e9cise du recouvrement n&#8217;\u00e9tait pas indiqu\u00e9e. Le tribunal a rappel\u00e9 le contenu exig\u00e9 par l&#8217;article R.244-1 du code de la s\u00e9curit\u00e9 sociale. Il a jug\u00e9 que la liste d\u00e9taill\u00e9e des cotisations, des p\u00e9riodes et des montants suffisait. La cause de l&#8217;obligation est l&#8217;affiliation, non l&#8217;absence de versement. Cette interpr\u00e9tation restrictive des vices de forme prot\u00e8ge l&#8217;efficacit\u00e9 du recouvrement. Elle place sur le d\u00e9biteur la charge de contester le d\u00e9tail chiffr\u00e9 qui lui est communiqu\u00e9.<\/p>\n<p>La r\u00e9partition de la charge de la preuve sur le fond. La d\u00e9cision souligne vigoureusement que &#8220;il incombe \u00e0 l\u2019opposant \u00e0 contrainte de rapporter la preuve du caract\u00e8re infond\u00e9 de l\u2019appel de cotisations&#8221;. En l&#8217;absence de tout \u00e9l\u00e9ment produit par le cotisant, le tribunal a valid\u00e9 le calcul de l&#8217;URSSAF. Cette application stricte de la charge de la preuve est syst\u00e9matique en la mati\u00e8re. Elle confirme la nature d\u00e9clarative du r\u00e9gime des travailleurs ind\u00e9pendants. La solution consacre la force probante des \u00e9valuations r\u00e9alis\u00e9es par l&#8217;organisme social. Elle oblige le cotisant \u00e0 une contestation active et \u00e9tay\u00e9e pour prosp\u00e9rer.<\/p>\n<\/div>\n","protected":false},"excerpt":{"rendered":"<p>Le tribunal judiciaire de Bordeaux, le 30 septembre 2023, a statu\u00e9 sur une opposition \u00e0 contrainte \u00e9mise par l&#8217;URSSAF. Un travailleur ind\u00e9pendant contestait &#8230;<\/p>\n","protected":false},"author":232070755,"featured_media":9426,"comment_status":"open","ping_status":"open","sticky":false,"template":"","format":"standard","meta":{"_crdt_document":"","_jetpack_newsletter_access":"","_jetpack_dont_email_post_to_subs":false,"_jetpack_newsletter_tier_id":0,"_jetpack_memberships_contains_paywalled_content":false,"_kj_source_type":"","_kj_official_id":"","_kj_official_url":"","_kj_judilibre_id":"","_kj_jur":"","_kj_lieu":"","_kj_chambre":"","_kj_rg":"","_kj_date":"","_jetpack_memberships_contains_paid_content":false,"footnotes":"","jetpack_post_was_ever_published":false},"categories":[7597],"tags":[],"class_list":["post-655534","post","type-post","status-publish","format-standard","has-post-thumbnail","hentry","category-jurisprudence"],"yoast_head":"<!-- This site is optimized with the Yoast SEO Premium plugin v27.5 (Yoast SEO v27.5) - https:\/\/yoast.com\/product\/yoast-seo-premium-wordpress\/ -->\n<title>Tribunal judiciaire de Bordeaux, le 30 septembre 2023, n\u00b023\/00265 - Ma\u00eetre Hassan Kohen, avocat en droit p\u00e9nal \u00e0 Paris<\/title>\n<meta name=\"description\" content=\"Le tribunal judiciaire de Bordeaux, le 30 septembre 2023, a statu\u00e9 sur une opposition \u00e0 contrainte \u00e9mise par l&#039;URSSAF. Un travailleur ind\u00e9pendant contestait ...\" \/>\n<meta name=\"robots\" content=\"index, follow, max-snippet:-1, max-image-preview:large, max-video-preview:-1\" \/>\n<link rel=\"canonical\" href=\"https:\/\/kohenavocats.com\/tr\/tribunal-judiciaire-de-bordeaux-le-30-septembre-2023-n23-00265\/\" \/>\n<meta property=\"og:locale\" content=\"tr_TR\" \/>\n<meta property=\"og:type\" content=\"article\" \/>\n<meta property=\"og:title\" content=\"Tribunal judiciaire de Bordeaux, le 30 septembre 2023, n\u00b023\/00265\" \/>\n<meta property=\"og:description\" content=\"Le tribunal judiciaire de Bordeaux, le 30 septembre 2023, a statu\u00e9 sur une opposition \u00e0 contrainte \u00e9mise par l&#039;URSSAF. Un travailleur ind\u00e9pendant contestait ...\" \/>\n<meta property=\"og:url\" content=\"https:\/\/kohenavocats.com\/tr\/tribunal-judiciaire-de-bordeaux-le-30-septembre-2023-n23-00265\/\" \/>\n<meta property=\"og:site_name\" content=\"Ma\u00eetre Hassan Kohen, avocat en droit p\u00e9nal \u00e0 Paris\" \/>\n<meta property=\"article:published_time\" content=\"2026-04-23T03:44:08+00:00\" \/>\n<meta property=\"og:image\" content=\"https:\/\/kohenavocats.com\/wp-content\/uploads\/2024\/11\/mohamed-nohassi-_gRInX3DeBQ-unsplash.webp\" \/>\n\t<meta property=\"og:image:width\" content=\"6998\" \/>\n\t<meta property=\"og:image:height\" content=\"4096\" \/>\n\t<meta property=\"og:image:type\" content=\"image\/webp\" \/>\n<meta name=\"author\" content=\"Kohen\" \/>\n<meta name=\"twitter:card\" content=\"summary_large_image\" \/>\n<meta name=\"twitter:label1\" content=\"Yazan:\" \/>\n\t<meta name=\"twitter:data1\" content=\"Kohen\" \/>\n\t<meta name=\"twitter:label2\" content=\"Tahmini okuma s\u00fcresi\" \/>\n\t<meta name=\"twitter:data2\" content=\"3 dakika\" \/>\n<script type=\"application\/ld+json\" class=\"yoast-schema-graph\">{\"@context\":\"https:\\\/\\\/schema.org\",\"@graph\":[{\"@type\":\"Article\",\"@id\":\"https:\\\/\\\/kohenavocats.com\\\/tr\\\/tribunal-judiciaire-de-bordeaux-le-30-septembre-2023-n23-00265\\\/#article\",\"isPartOf\":{\"@id\":\"https:\\\/\\\/kohenavocats.com\\\/tr\\\/tribunal-judiciaire-de-bordeaux-le-30-septembre-2023-n23-00265\\\/\"},\"author\":{\"name\":\"Kohen\",\"@id\":\"https:\\\/\\\/kohenavocats.com\\\/tr\\\/#\\\/schema\\\/person\\\/761c9ba54fa1ca84d405cef0831ff751\"},\"headline\":\"Tribunal judiciaire de Bordeaux, le 30 septembre 2023, n\u00b023\\\/00265\",\"datePublished\":\"2026-04-23T03:44:08+00:00\",\"mainEntityOfPage\":{\"@id\":\"https:\\\/\\\/kohenavocats.com\\\/tr\\\/tribunal-judiciaire-de-bordeaux-le-30-septembre-2023-n23-00265\\\/\"},\"wordCount\":614,\"commentCount\":0,\"publisher\":{\"@id\":\"https:\\\/\\\/kohenavocats.com\\\/tr\\\/#organization\"},\"image\":{\"@id\":\"https:\\\/\\\/kohenavocats.com\\\/tr\\\/tribunal-judiciaire-de-bordeaux-le-30-septembre-2023-n23-00265\\\/#primaryimage\"},\"thumbnailUrl\":\"https:\\\/\\\/kohenavocats.com\\\/wp-content\\\/uploads\\\/2024\\\/11\\\/mohamed-nohassi-_gRInX3DeBQ-unsplash.webp\",\"articleSection\":[\"Jurisprudence\"],\"inLanguage\":\"tr\",\"potentialAction\":[{\"@type\":\"CommentAction\",\"name\":\"Comment\",\"target\":[\"https:\\\/\\\/kohenavocats.com\\\/tr\\\/tribunal-judiciaire-de-bordeaux-le-30-septembre-2023-n23-00265\\\/#respond\"]}],\"citation\":\"Tribunal judiciaire de Bordeaux, le 30 septembre 2023, n\u00b023\\\/00265\",\"about\":[{\"@type\":\"Thing\",\"name\":\"Jurisprudence\"}],\"dateModified\":\"2026-04-23T03:44:08+00:00\",\"speakable\":{\"@type\":\"SpeakableSpecification\",\"cssSelector\":[\".article-content > p:first-of-type\"]}},{\"@type\":\"WebPage\",\"@id\":\"https:\\\/\\\/kohenavocats.com\\\/tr\\\/tribunal-judiciaire-de-bordeaux-le-30-septembre-2023-n23-00265\\\/\",\"url\":\"https:\\\/\\\/kohenavocats.com\\\/tr\\\/tribunal-judiciaire-de-bordeaux-le-30-septembre-2023-n23-00265\\\/\",\"name\":\"Tribunal judiciaire de Bordeaux, le 30 septembre 2023, n\u00b023\\\/00265 - Ma\u00eetre Hassan Kohen, avocat en droit p\u00e9nal \u00e0 Paris\",\"isPartOf\":{\"@id\":\"https:\\\/\\\/kohenavocats.com\\\/tr\\\/#website\"},\"primaryImageOfPage\":{\"@id\":\"https:\\\/\\\/kohenavocats.com\\\/tr\\\/tribunal-judiciaire-de-bordeaux-le-30-septembre-2023-n23-00265\\\/#primaryimage\"},\"image\":{\"@id\":\"https:\\\/\\\/kohenavocats.com\\\/tr\\\/tribunal-judiciaire-de-bordeaux-le-30-septembre-2023-n23-00265\\\/#primaryimage\"},\"thumbnailUrl\":\"https:\\\/\\\/kohenavocats.com\\\/wp-content\\\/uploads\\\/2024\\\/11\\\/mohamed-nohassi-_gRInX3DeBQ-unsplash.webp\",\"datePublished\":\"2026-04-23T03:44:08+00:00\",\"description\":\"Le tribunal judiciaire de Bordeaux, le 30 septembre 2023, a statu\u00e9 sur une opposition \u00e0 contrainte \u00e9mise par l'URSSAF. Un travailleur ind\u00e9pendant contestait ...\",\"breadcrumb\":{\"@id\":\"https:\\\/\\\/kohenavocats.com\\\/tr\\\/tribunal-judiciaire-de-bordeaux-le-30-septembre-2023-n23-00265\\\/#breadcrumb\"},\"inLanguage\":\"tr\",\"potentialAction\":[{\"@type\":\"ReadAction\",\"target\":[\"https:\\\/\\\/kohenavocats.com\\\/tr\\\/tribunal-judiciaire-de-bordeaux-le-30-septembre-2023-n23-00265\\\/\"]}]},{\"@type\":\"ImageObject\",\"inLanguage\":\"tr\",\"@id\":\"https:\\\/\\\/kohenavocats.com\\\/tr\\\/tribunal-judiciaire-de-bordeaux-le-30-septembre-2023-n23-00265\\\/#primaryimage\",\"url\":\"https:\\\/\\\/kohenavocats.com\\\/wp-content\\\/uploads\\\/2024\\\/11\\\/mohamed-nohassi-_gRInX3DeBQ-unsplash.webp\",\"contentUrl\":\"https:\\\/\\\/kohenavocats.com\\\/wp-content\\\/uploads\\\/2024\\\/11\\\/mohamed-nohassi-_gRInX3DeBQ-unsplash.webp\",\"width\":6998,\"height\":4096},{\"@type\":\"BreadcrumbList\",\"@id\":\"https:\\\/\\\/kohenavocats.com\\\/tr\\\/tribunal-judiciaire-de-bordeaux-le-30-septembre-2023-n23-00265\\\/#breadcrumb\",\"itemListElement\":[{\"@type\":\"ListItem\",\"position\":1,\"name\":\"Home\",\"item\":\"https:\\\/\\\/kohenavocats.com\\\/tr\\\/avocats-en-droit-penal-a-paris-conseil-et-defense-strategique\\\/\"},{\"@type\":\"ListItem\",\"position\":2,\"name\":\"Tribunal judiciaire de Bordeaux, le 30 septembre 2023, n\u00b023\\\/00265\"}]},{\"@type\":\"WebSite\",\"@id\":\"https:\\\/\\\/kohenavocats.com\\\/tr\\\/#website\",\"url\":\"https:\\\/\\\/kohenavocats.com\\\/tr\\\/\",\"name\":\"Kohen Avocats\",\"description\":\"Ma\u00eetre Hassan Kohen, avocat p\u00e9naliste \u00e0 Paris, intervient exclusivement en droit p\u00e9nal pour la d\u00e9fense des particuliers, notamment en mati\u00e8re d\u2019accusations de viol. Il assure un accompagnement rigoureux d\u00e8s la garde \u00e0 vue jusqu\u2019\u00e0 la Cour d\u2019assises, veillant au strict respect des garanties proc\u00e9durales.\",\"publisher\":{\"@id\":\"https:\\\/\\\/kohenavocats.com\\\/tr\\\/#organization\"},\"potentialAction\":[{\"@type\":\"SearchAction\",\"target\":{\"@type\":\"EntryPoint\",\"urlTemplate\":\"https:\\\/\\\/kohenavocats.com\\\/tr\\\/?s={search_term_string}\"},\"query-input\":{\"@type\":\"PropertyValueSpecification\",\"valueRequired\":true,\"valueName\":\"search_term_string\"}}],\"inLanguage\":\"tr\"},{\"@type\":\"Organization\",\"@id\":\"https:\\\/\\\/kohenavocats.com\\\/tr\\\/#organization\",\"name\":\"Kohen Avocats\",\"url\":\"https:\\\/\\\/kohenavocats.com\\\/tr\\\/\",\"logo\":{\"@type\":\"ImageObject\",\"inLanguage\":\"tr\",\"@id\":\"https:\\\/\\\/kohenavocats.com\\\/tr\\\/#\\\/schema\\\/logo\\\/image\\\/\",\"url\":\"https:\\\/\\\/kohenavocats.com\\\/wp-content\\\/uploads\\\/2026\\\/01\\\/Logo-2-1.webp\",\"contentUrl\":\"https:\\\/\\\/kohenavocats.com\\\/wp-content\\\/uploads\\\/2026\\\/01\\\/Logo-2-1.webp\",\"width\":2114,\"height\":1253,\"caption\":\"Kohen Avocats\"},\"image\":{\"@id\":\"https:\\\/\\\/kohenavocats.com\\\/tr\\\/#\\\/schema\\\/logo\\\/image\\\/\"}},{\"@type\":\"Person\",\"@id\":\"https:\\\/\\\/kohenavocats.com\\\/tr\\\/#\\\/schema\\\/person\\\/761c9ba54fa1ca84d405cef0831ff751\",\"name\":\"Kohen\",\"image\":{\"@type\":\"ImageObject\",\"inLanguage\":\"tr\",\"@id\":\"https:\\\/\\\/secure.gravatar.com\\\/avatar\\\/1c5e76ef76bbbfdd2b4da984e2bf2fa4056fd51a27d25ce2c332047f1dfd6e00?s=96&d=identicon&r=g\",\"url\":\"https:\\\/\\\/secure.gravatar.com\\\/avatar\\\/1c5e76ef76bbbfdd2b4da984e2bf2fa4056fd51a27d25ce2c332047f1dfd6e00?s=96&d=identicon&r=g\",\"contentUrl\":\"https:\\\/\\\/secure.gravatar.com\\\/avatar\\\/1c5e76ef76bbbfdd2b4da984e2bf2fa4056fd51a27d25ce2c332047f1dfd6e00?s=96&d=identicon&r=g\",\"caption\":\"Kohen\"},\"sameAs\":[\"https:\\\/\\\/www.linkedin.com\\\/in\\\/hassan-kohen-448548192\\\/\",\"https:\\\/\\\/www.youtube.com\\\/@Kohen-Avocats\"],\"url\":\"https:\\\/\\\/kohenavocats.com\\\/tr\\\/author\\\/kohenmlk\\\/\"}]}<\/script>\n<!-- \/ Yoast SEO Premium plugin. -->","yoast_head_json":{"title":"Tribunal judiciaire de Bordeaux, le 30 septembre 2023, n\u00b023\/00265 - Ma\u00eetre Hassan Kohen, avocat en droit p\u00e9nal \u00e0 Paris","description":"Le tribunal judiciaire de Bordeaux, le 30 septembre 2023, a statu\u00e9 sur une opposition \u00e0 contrainte \u00e9mise par l'URSSAF. Un travailleur ind\u00e9pendant contestait ...","robots":{"index":"index","follow":"follow","max-snippet":"max-snippet:-1","max-image-preview":"max-image-preview:large","max-video-preview":"max-video-preview:-1"},"canonical":"https:\/\/kohenavocats.com\/tr\/tribunal-judiciaire-de-bordeaux-le-30-septembre-2023-n23-00265\/","og_locale":"tr_TR","og_type":"article","og_title":"Tribunal judiciaire de Bordeaux, le 30 septembre 2023, n\u00b023\/00265","og_description":"Le tribunal judiciaire de Bordeaux, le 30 septembre 2023, a statu\u00e9 sur une opposition \u00e0 contrainte \u00e9mise par l'URSSAF. Un travailleur ind\u00e9pendant contestait ...","og_url":"https:\/\/kohenavocats.com\/tr\/tribunal-judiciaire-de-bordeaux-le-30-septembre-2023-n23-00265\/","og_site_name":"Ma\u00eetre Hassan Kohen, avocat en droit p\u00e9nal \u00e0 Paris","article_published_time":"2026-04-23T03:44:08+00:00","og_image":[{"width":6998,"height":4096,"url":"https:\/\/kohenavocats.com\/wp-content\/uploads\/2024\/11\/mohamed-nohassi-_gRInX3DeBQ-unsplash.webp","type":"image\/webp"}],"author":"Kohen","twitter_card":"summary_large_image","twitter_misc":{"Yazan:":"Kohen","Tahmini okuma s\u00fcresi":"3 dakika"},"schema":{"@context":"https:\/\/schema.org","@graph":[{"@type":"Article","@id":"https:\/\/kohenavocats.com\/tr\/tribunal-judiciaire-de-bordeaux-le-30-septembre-2023-n23-00265\/#article","isPartOf":{"@id":"https:\/\/kohenavocats.com\/tr\/tribunal-judiciaire-de-bordeaux-le-30-septembre-2023-n23-00265\/"},"author":{"name":"Kohen","@id":"https:\/\/kohenavocats.com\/tr\/#\/schema\/person\/761c9ba54fa1ca84d405cef0831ff751"},"headline":"Tribunal judiciaire de Bordeaux, le 30 septembre 2023, n\u00b023\/00265","datePublished":"2026-04-23T03:44:08+00:00","mainEntityOfPage":{"@id":"https:\/\/kohenavocats.com\/tr\/tribunal-judiciaire-de-bordeaux-le-30-septembre-2023-n23-00265\/"},"wordCount":614,"commentCount":0,"publisher":{"@id":"https:\/\/kohenavocats.com\/tr\/#organization"},"image":{"@id":"https:\/\/kohenavocats.com\/tr\/tribunal-judiciaire-de-bordeaux-le-30-septembre-2023-n23-00265\/#primaryimage"},"thumbnailUrl":"https:\/\/kohenavocats.com\/wp-content\/uploads\/2024\/11\/mohamed-nohassi-_gRInX3DeBQ-unsplash.webp","articleSection":["Jurisprudence"],"inLanguage":"tr","potentialAction":[{"@type":"CommentAction","name":"Comment","target":["https:\/\/kohenavocats.com\/tr\/tribunal-judiciaire-de-bordeaux-le-30-septembre-2023-n23-00265\/#respond"]}],"citation":"Tribunal judiciaire de Bordeaux, le 30 septembre 2023, n\u00b023\/00265","about":[{"@type":"Thing","name":"Jurisprudence"}],"dateModified":"2026-04-23T03:44:08+00:00","speakable":{"@type":"SpeakableSpecification","cssSelector":[".article-content > p:first-of-type"]}},{"@type":"WebPage","@id":"https:\/\/kohenavocats.com\/tr\/tribunal-judiciaire-de-bordeaux-le-30-septembre-2023-n23-00265\/","url":"https:\/\/kohenavocats.com\/tr\/tribunal-judiciaire-de-bordeaux-le-30-septembre-2023-n23-00265\/","name":"Tribunal judiciaire de Bordeaux, le 30 septembre 2023, n\u00b023\/00265 - Ma\u00eetre Hassan Kohen, avocat en droit p\u00e9nal \u00e0 Paris","isPartOf":{"@id":"https:\/\/kohenavocats.com\/tr\/#website"},"primaryImageOfPage":{"@id":"https:\/\/kohenavocats.com\/tr\/tribunal-judiciaire-de-bordeaux-le-30-septembre-2023-n23-00265\/#primaryimage"},"image":{"@id":"https:\/\/kohenavocats.com\/tr\/tribunal-judiciaire-de-bordeaux-le-30-septembre-2023-n23-00265\/#primaryimage"},"thumbnailUrl":"https:\/\/kohenavocats.com\/wp-content\/uploads\/2024\/11\/mohamed-nohassi-_gRInX3DeBQ-unsplash.webp","datePublished":"2026-04-23T03:44:08+00:00","description":"Le tribunal judiciaire de Bordeaux, le 30 septembre 2023, a statu\u00e9 sur une opposition \u00e0 contrainte \u00e9mise par l'URSSAF. Un travailleur ind\u00e9pendant contestait ...","breadcrumb":{"@id":"https:\/\/kohenavocats.com\/tr\/tribunal-judiciaire-de-bordeaux-le-30-septembre-2023-n23-00265\/#breadcrumb"},"inLanguage":"tr","potentialAction":[{"@type":"ReadAction","target":["https:\/\/kohenavocats.com\/tr\/tribunal-judiciaire-de-bordeaux-le-30-septembre-2023-n23-00265\/"]}]},{"@type":"ImageObject","inLanguage":"tr","@id":"https:\/\/kohenavocats.com\/tr\/tribunal-judiciaire-de-bordeaux-le-30-septembre-2023-n23-00265\/#primaryimage","url":"https:\/\/kohenavocats.com\/wp-content\/uploads\/2024\/11\/mohamed-nohassi-_gRInX3DeBQ-unsplash.webp","contentUrl":"https:\/\/kohenavocats.com\/wp-content\/uploads\/2024\/11\/mohamed-nohassi-_gRInX3DeBQ-unsplash.webp","width":6998,"height":4096},{"@type":"BreadcrumbList","@id":"https:\/\/kohenavocats.com\/tr\/tribunal-judiciaire-de-bordeaux-le-30-septembre-2023-n23-00265\/#breadcrumb","itemListElement":[{"@type":"ListItem","position":1,"name":"Home","item":"https:\/\/kohenavocats.com\/tr\/avocats-en-droit-penal-a-paris-conseil-et-defense-strategique\/"},{"@type":"ListItem","position":2,"name":"Tribunal judiciaire de Bordeaux, le 30 septembre 2023, n\u00b023\/00265"}]},{"@type":"WebSite","@id":"https:\/\/kohenavocats.com\/tr\/#website","url":"https:\/\/kohenavocats.com\/tr\/","name":"Kohen Avocats","description":"Ma\u00eetre Hassan Kohen, avocat p\u00e9naliste \u00e0 Paris, intervient exclusivement en droit p\u00e9nal pour la d\u00e9fense des particuliers, notamment en mati\u00e8re d\u2019accusations de viol. Il assure un accompagnement rigoureux d\u00e8s la garde \u00e0 vue jusqu\u2019\u00e0 la Cour d\u2019assises, veillant au strict respect des garanties proc\u00e9durales.","publisher":{"@id":"https:\/\/kohenavocats.com\/tr\/#organization"},"potentialAction":[{"@type":"SearchAction","target":{"@type":"EntryPoint","urlTemplate":"https:\/\/kohenavocats.com\/tr\/?s={search_term_string}"},"query-input":{"@type":"PropertyValueSpecification","valueRequired":true,"valueName":"search_term_string"}}],"inLanguage":"tr"},{"@type":"Organization","@id":"https:\/\/kohenavocats.com\/tr\/#organization","name":"Kohen Avocats","url":"https:\/\/kohenavocats.com\/tr\/","logo":{"@type":"ImageObject","inLanguage":"tr","@id":"https:\/\/kohenavocats.com\/tr\/#\/schema\/logo\/image\/","url":"https:\/\/kohenavocats.com\/wp-content\/uploads\/2026\/01\/Logo-2-1.webp","contentUrl":"https:\/\/kohenavocats.com\/wp-content\/uploads\/2026\/01\/Logo-2-1.webp","width":2114,"height":1253,"caption":"Kohen Avocats"},"image":{"@id":"https:\/\/kohenavocats.com\/tr\/#\/schema\/logo\/image\/"}},{"@type":"Person","@id":"https:\/\/kohenavocats.com\/tr\/#\/schema\/person\/761c9ba54fa1ca84d405cef0831ff751","name":"Kohen","image":{"@type":"ImageObject","inLanguage":"tr","@id":"https:\/\/secure.gravatar.com\/avatar\/1c5e76ef76bbbfdd2b4da984e2bf2fa4056fd51a27d25ce2c332047f1dfd6e00?s=96&d=identicon&r=g","url":"https:\/\/secure.gravatar.com\/avatar\/1c5e76ef76bbbfdd2b4da984e2bf2fa4056fd51a27d25ce2c332047f1dfd6e00?s=96&d=identicon&r=g","contentUrl":"https:\/\/secure.gravatar.com\/avatar\/1c5e76ef76bbbfdd2b4da984e2bf2fa4056fd51a27d25ce2c332047f1dfd6e00?s=96&d=identicon&r=g","caption":"Kohen"},"sameAs":["https:\/\/www.linkedin.com\/in\/hassan-kohen-448548192\/","https:\/\/www.youtube.com\/@Kohen-Avocats"],"url":"https:\/\/kohenavocats.com\/tr\/author\/kohenmlk\/"}]}},"jetpack_featured_media_url":"https:\/\/kohenavocats.com\/wp-content\/uploads\/2024\/11\/mohamed-nohassi-_gRInX3DeBQ-unsplash.webp","jetpack_likes_enabled":false,"jetpack_shortlink":"https:\/\/wp.me\/peCrII-2Kx8","jetpack-related-posts":[{"id":266082,"url":"https:\/\/kohenavocats.com\/tr\/tribunal-judiciaire-de-versailles-le-27-juin-2025-n24-00655\/","url_meta":{"origin":655534,"position":0},"title":"Tribunal judiciaire de Versailles, le 27 juin 2025, n\u00b024\/00655","author":"Kohen","date":"10 Ocak 2026","format":false,"excerpt":"Rendu par le tribunal de proximit\u00e9 de Saint\u2011Germain\u2011en\u2011Laye le 27 juin 2025, le jugement tranche un contentieux d\u2019opposition \u00e0 contrainte \u00e9mise pour la restitution d\u2019allocations pr\u00e9tendument ind\u00fbment vers\u00e9es. La contrainte avait \u00e9t\u00e9 d\u00e9livr\u00e9e le 17 septembre 2024, signifi\u00e9e le 30 septembre, puis contest\u00e9e par opposition form\u00e9e le 11 octobre et\u2026","rel":"","context":"&quot;D\u00e9cisions juridiques&quot; i\u00e7inde","block_context":{"text":"D\u00e9cisions juridiques","link":"https:\/\/kohenavocats.com\/category\/decisions-juridiques\/"},"img":{"alt_text":"","src":"https:\/\/i0.wp.com\/kohenavocats.com\/wp-content\/uploads\/2024\/08\/tom-gainor-TRALLodRQE0-unsplash.webp?resize=350%2C200&ssl=1","width":350,"height":200,"srcset":"https:\/\/i0.wp.com\/kohenavocats.com\/wp-content\/uploads\/2024\/08\/tom-gainor-TRALLodRQE0-unsplash.webp?resize=350%2C200&ssl=1 1x, https:\/\/i0.wp.com\/kohenavocats.com\/wp-content\/uploads\/2024\/08\/tom-gainor-TRALLodRQE0-unsplash.webp?resize=525%2C300&ssl=1 1.5x, https:\/\/i0.wp.com\/kohenavocats.com\/wp-content\/uploads\/2024\/08\/tom-gainor-TRALLodRQE0-unsplash.webp?resize=700%2C400&ssl=1 2x, https:\/\/i0.wp.com\/kohenavocats.com\/wp-content\/uploads\/2024\/08\/tom-gainor-TRALLodRQE0-unsplash.webp?resize=1050%2C600&ssl=1 3x, https:\/\/i0.wp.com\/kohenavocats.com\/wp-content\/uploads\/2024\/08\/tom-gainor-TRALLodRQE0-unsplash.webp?resize=1400%2C800&ssl=1 4x"},"classes":[]},{"id":266186,"url":"https:\/\/kohenavocats.com\/tr\/tribunal-judiciaire-de-creteil-le-26-juin-2025-n24-00295\/","url_meta":{"origin":655534,"position":1},"title":"Tribunal judiciaire de Cr\u00e9teil, le 26 juin 2025, n\u00b024\/00295","author":"Kohen","date":"10 Ocak 2026","format":false,"excerpt":"Le tribunal judiciaire de Cr\u00e9teil, p\u00f4le social, a rendu le 26 juin 2025 un jugement en dernier ressort relatif \u00e0 une opposition \u00e0 contrainte en mati\u00e8re de recouvrement de cotisations sociales. Une soci\u00e9t\u00e9 avait form\u00e9 opposition \u00e0 une contrainte du 29 f\u00e9vrier 2024, d\u2019un montant initial de 2 394 euros\u2026","rel":"","context":"&quot;6923&quot; i\u00e7inde","block_context":{"text":"6923","link":"https:\/\/kohenavocats.com\/category\/6923\/"},"img":{"alt_text":"","src":"https:\/\/i0.wp.com\/kohenavocats.com\/wp-content\/uploads\/2024\/08\/diane-picchiottino-KI_-ZrxR6J4-unsplash.webp?resize=350%2C200&ssl=1","width":350,"height":200,"srcset":"https:\/\/i0.wp.com\/kohenavocats.com\/wp-content\/uploads\/2024\/08\/diane-picchiottino-KI_-ZrxR6J4-unsplash.webp?resize=350%2C200&ssl=1 1x, https:\/\/i0.wp.com\/kohenavocats.com\/wp-content\/uploads\/2024\/08\/diane-picchiottino-KI_-ZrxR6J4-unsplash.webp?resize=525%2C300&ssl=1 1.5x, https:\/\/i0.wp.com\/kohenavocats.com\/wp-content\/uploads\/2024\/08\/diane-picchiottino-KI_-ZrxR6J4-unsplash.webp?resize=700%2C400&ssl=1 2x, https:\/\/i0.wp.com\/kohenavocats.com\/wp-content\/uploads\/2024\/08\/diane-picchiottino-KI_-ZrxR6J4-unsplash.webp?resize=1050%2C600&ssl=1 3x, https:\/\/i0.wp.com\/kohenavocats.com\/wp-content\/uploads\/2024\/08\/diane-picchiottino-KI_-ZrxR6J4-unsplash.webp?resize=1400%2C800&ssl=1 4x"},"classes":[]},{"id":263719,"url":"https:\/\/kohenavocats.com\/tr\/tribunal-judiciaire-de-bobigny-le-25-juin-2025-n24-01027\/","url_meta":{"origin":655534,"position":2},"title":"Tribunal judiciaire de Bobigny, le 25 juin 2025, n\u00b024\/01027","author":"Kohen","date":"9 Ocak 2026","format":false,"excerpt":"Le Tribunal judiciaire de Bobigny, 25 juin 2025, statue sur l\u2019opposition d\u2019une soci\u00e9t\u00e9 plac\u00e9e en liquidation judiciaire contre une contrainte \u00e9mise pour insuffisance de versement au titre de d\u00e9cembre 2023. La contrainte a \u00e9t\u00e9 pr\u00e9c\u00e9d\u00e9e d\u2019une mise en demeure r\u00e9ceptionn\u00e9e, l\u2019opposition a \u00e9t\u00e9 form\u00e9e dans le d\u00e9lai l\u00e9gal, et le\u2026","rel":"","context":"&quot;D\u00e9cisions juridiques&quot; i\u00e7inde","block_context":{"text":"D\u00e9cisions juridiques","link":"https:\/\/kohenavocats.com\/category\/decisions-juridiques\/"},"img":{"alt_text":"","src":"https:\/\/i0.wp.com\/kohenavocats.com\/wp-content\/uploads\/2024\/11\/aakash-dhage-qZlPncXgGno-unsplash.webp?resize=350%2C200&ssl=1","width":350,"height":200,"srcset":"https:\/\/i0.wp.com\/kohenavocats.com\/wp-content\/uploads\/2024\/11\/aakash-dhage-qZlPncXgGno-unsplash.webp?resize=350%2C200&ssl=1 1x, https:\/\/i0.wp.com\/kohenavocats.com\/wp-content\/uploads\/2024\/11\/aakash-dhage-qZlPncXgGno-unsplash.webp?resize=525%2C300&ssl=1 1.5x, https:\/\/i0.wp.com\/kohenavocats.com\/wp-content\/uploads\/2024\/11\/aakash-dhage-qZlPncXgGno-unsplash.webp?resize=700%2C400&ssl=1 2x, https:\/\/i0.wp.com\/kohenavocats.com\/wp-content\/uploads\/2024\/11\/aakash-dhage-qZlPncXgGno-unsplash.webp?resize=1050%2C600&ssl=1 3x, https:\/\/i0.wp.com\/kohenavocats.com\/wp-content\/uploads\/2024\/11\/aakash-dhage-qZlPncXgGno-unsplash.webp?resize=1400%2C800&ssl=1 4x"},"classes":[]},{"id":269070,"url":"https:\/\/kohenavocats.com\/tr\/tribunal-judiciaire-de-grenoble-le-26-juin-2025-n24-00550\/","url_meta":{"origin":655534,"position":3},"title":"Tribunal judiciaire de Grenoble, le 26 juin 2025, n\u00b024\/00550","author":"Kohen","date":"10 Ocak 2026","format":false,"excerpt":"Rendu par le p\u00f4le social du tribunal judiciaire de Grenoble le 26 juin 2025, le jugement tranche une opposition \u00e0 contrainte en recouvrement d\u2019un indu d\u2019indemnit\u00e9s journali\u00e8res. La question centrale porte sur la r\u00e9gularit\u00e9 de la proc\u00e9dure de contrainte apr\u00e8s mise en demeure, ainsi que sur l\u2019office du juge saisi\u2026","rel":"","context":"&quot;D\u00e9cisions juridiques&quot; i\u00e7inde","block_context":{"text":"D\u00e9cisions juridiques","link":"https:\/\/kohenavocats.com\/category\/decisions-juridiques\/"},"img":{"alt_text":"","src":"https:\/\/i0.wp.com\/kohenavocats.com\/wp-content\/uploads\/2024\/08\/dmitrii-eliuseev-4Sv_AnXrGnQ-unsplash.webp?resize=350%2C200&ssl=1","width":350,"height":200,"srcset":"https:\/\/i0.wp.com\/kohenavocats.com\/wp-content\/uploads\/2024\/08\/dmitrii-eliuseev-4Sv_AnXrGnQ-unsplash.webp?resize=350%2C200&ssl=1 1x, https:\/\/i0.wp.com\/kohenavocats.com\/wp-content\/uploads\/2024\/08\/dmitrii-eliuseev-4Sv_AnXrGnQ-unsplash.webp?resize=525%2C300&ssl=1 1.5x, https:\/\/i0.wp.com\/kohenavocats.com\/wp-content\/uploads\/2024\/08\/dmitrii-eliuseev-4Sv_AnXrGnQ-unsplash.webp?resize=700%2C400&ssl=1 2x, https:\/\/i0.wp.com\/kohenavocats.com\/wp-content\/uploads\/2024\/08\/dmitrii-eliuseev-4Sv_AnXrGnQ-unsplash.webp?resize=1050%2C600&ssl=1 3x, https:\/\/i0.wp.com\/kohenavocats.com\/wp-content\/uploads\/2024\/08\/dmitrii-eliuseev-4Sv_AnXrGnQ-unsplash.webp?resize=1400%2C800&ssl=1 4x"},"classes":[]},{"id":266224,"url":"https:\/\/kohenavocats.com\/tr\/tribunal-judiciaire-de-creteil-le-23-juin-2025-n23-01294\/","url_meta":{"origin":655534,"position":4},"title":"Tribunal judiciaire de Cr\u00e9teil, le 23 juin 2025, n\u00b023\/01294","author":"Kohen","date":"10 Ocak 2026","format":false,"excerpt":"Rendu par le tribunal judiciaire de Cr\u00e9teil, p\u00f4le social, le 23 juin 2025 (n\u00b0 RG 23\/01294), ce jugement statue sur l\u2019opposition d\u2019un cotisant \u00e0 une contrainte d\u00e9cern\u00e9e pour des cotisations sociales des mois d\u2019ao\u00fbt \u00e0 octobre 2018. L\u2019organisme de recouvrement sollicitait la validation int\u00e9grale de la contrainte, tandis que l\u2019opposant\u2026","rel":"","context":"&quot;D\u00e9cisions juridiques&quot; i\u00e7inde","block_context":{"text":"D\u00e9cisions juridiques","link":"https:\/\/kohenavocats.com\/category\/decisions-juridiques\/"},"img":{"alt_text":"","src":"https:\/\/i0.wp.com\/kohenavocats.com\/wp-content\/uploads\/2024\/11\/planet-volumes-gJ9Y6Ip-X4o-unsplash.webp?resize=350%2C200&ssl=1","width":350,"height":200,"srcset":"https:\/\/i0.wp.com\/kohenavocats.com\/wp-content\/uploads\/2024\/11\/planet-volumes-gJ9Y6Ip-X4o-unsplash.webp?resize=350%2C200&ssl=1 1x, https:\/\/i0.wp.com\/kohenavocats.com\/wp-content\/uploads\/2024\/11\/planet-volumes-gJ9Y6Ip-X4o-unsplash.webp?resize=525%2C300&ssl=1 1.5x, https:\/\/i0.wp.com\/kohenavocats.com\/wp-content\/uploads\/2024\/11\/planet-volumes-gJ9Y6Ip-X4o-unsplash.webp?resize=700%2C400&ssl=1 2x, https:\/\/i0.wp.com\/kohenavocats.com\/wp-content\/uploads\/2024\/11\/planet-volumes-gJ9Y6Ip-X4o-unsplash.webp?resize=1050%2C600&ssl=1 3x, https:\/\/i0.wp.com\/kohenavocats.com\/wp-content\/uploads\/2024\/11\/planet-volumes-gJ9Y6Ip-X4o-unsplash.webp?resize=1400%2C800&ssl=1 4x"},"classes":[]},{"id":263750,"url":"https:\/\/kohenavocats.com\/tr\/tribunal-judiciaire-de-bordeaux-le-25-juin-2025-n25-01973\/","url_meta":{"origin":655534,"position":5},"title":"Tribunal judiciaire de Bordeaux, le 25 juin 2025, n\u00b025\/01973","author":"Kohen","date":"9 Ocak 2026","format":false,"excerpt":"Tribunal judiciaire de Bordeaux, ordonnance du 25 juin 2025. \u00c0 la suite d\u2019une admission en soins psychiatriques sur d\u00e9cision du directeur, selon la proc\u00e9dure d\u2019urgence, une hospitalisation compl\u00e8te a \u00e9t\u00e9 maintenue. L\u2019int\u00e9ress\u00e9e, connue pour un \u00e9pisode d\u00e9pressif avec id\u00e9ations suicidaires, a \u00e9t\u00e9 admise apr\u00e8s une tentative de noyade le 15\u2026","rel":"","context":"&quot;D\u00e9cisions juridiques&quot; i\u00e7inde","block_context":{"text":"D\u00e9cisions juridiques","link":"https:\/\/kohenavocats.com\/category\/decisions-juridiques\/"},"img":{"alt_text":"","src":"https:\/\/i0.wp.com\/kohenavocats.com\/wp-content\/uploads\/2024\/11\/mohamed-nohassi-JRDWIrzOZpI-unsplash.webp?resize=350%2C200&ssl=1","width":350,"height":200,"srcset":"https:\/\/i0.wp.com\/kohenavocats.com\/wp-content\/uploads\/2024\/11\/mohamed-nohassi-JRDWIrzOZpI-unsplash.webp?resize=350%2C200&ssl=1 1x, https:\/\/i0.wp.com\/kohenavocats.com\/wp-content\/uploads\/2024\/11\/mohamed-nohassi-JRDWIrzOZpI-unsplash.webp?resize=525%2C300&ssl=1 1.5x, https:\/\/i0.wp.com\/kohenavocats.com\/wp-content\/uploads\/2024\/11\/mohamed-nohassi-JRDWIrzOZpI-unsplash.webp?resize=700%2C400&ssl=1 2x, https:\/\/i0.wp.com\/kohenavocats.com\/wp-content\/uploads\/2024\/11\/mohamed-nohassi-JRDWIrzOZpI-unsplash.webp?resize=1050%2C600&ssl=1 3x, https:\/\/i0.wp.com\/kohenavocats.com\/wp-content\/uploads\/2024\/11\/mohamed-nohassi-JRDWIrzOZpI-unsplash.webp?resize=1400%2C800&ssl=1 4x"},"classes":[]}],"jetpack_sharing_enabled":true,"_links":{"self":[{"href":"https:\/\/kohenavocats.com\/tr\/wp-json\/wp\/v2\/posts\/655534","targetHints":{"allow":["GET"]}}],"collection":[{"href":"https:\/\/kohenavocats.com\/tr\/wp-json\/wp\/v2\/posts"}],"about":[{"href":"https:\/\/kohenavocats.com\/tr\/wp-json\/wp\/v2\/types\/post"}],"author":[{"embeddable":true,"href":"https:\/\/kohenavocats.com\/tr\/wp-json\/wp\/v2\/users\/232070755"}],"replies":[{"embeddable":true,"href":"https:\/\/kohenavocats.com\/tr\/wp-json\/wp\/v2\/comments?post=655534"}],"version-history":[{"count":0,"href":"https:\/\/kohenavocats.com\/tr\/wp-json\/wp\/v2\/posts\/655534\/revisions"}],"wp:featuredmedia":[{"embeddable":true,"href":"https:\/\/kohenavocats.com\/tr\/wp-json\/wp\/v2\/media\/9426"}],"wp:attachment":[{"href":"https:\/\/kohenavocats.com\/tr\/wp-json\/wp\/v2\/media?parent=655534"}],"wp:term":[{"taxonomy":"category","embeddable":true,"href":"https:\/\/kohenavocats.com\/tr\/wp-json\/wp\/v2\/categories?post=655534"},{"taxonomy":"post_tag","embeddable":true,"href":"https:\/\/kohenavocats.com\/tr\/wp-json\/wp\/v2\/tags?post=655534"}],"curies":[{"name":"wp","href":"https:\/\/api.w.org\/{rel}","templated":true}]}}