{"id":655613,"date":"2026-04-23T05:50:23","date_gmt":"2026-04-23T03:50:23","guid":{"rendered":"https:\/\/kohenavocats.com\/tribunal-judiciaire-de-paris-le-29-avril-2025-n24-00942\/"},"modified":"2026-04-23T05:50:23","modified_gmt":"2026-04-23T03:50:23","slug":"tribunal-judiciaire-de-paris-le-29-avril-2025-n24-00942","status":"publish","type":"post","link":"https:\/\/kohenavocats.com\/tr\/tribunal-judiciaire-de-paris-le-29-avril-2025-n24-00942\/","title":{"rendered":"Tribunal judiciaire de Paris, le 29 avril 2025, n\u00b024\/00942"},"content":{"rendered":"<div class=\"article-content\">\n<p>Le juge des contentieux de la protection, statuant publiquement, a rendu un jugement le 29 avril 2025. Des consommateurs avaient assign\u00e9 un vendeur et un \u00e9tablissement de cr\u00e9dit en nullit\u00e9 de contrats conclus en 2015 pour l\u2019installation de panneaux photovolta\u00efques. Ils invoquaient des vices du consentement et des manquements aux dispositions protectrices du code de la consommation. Le juge a d\u00e9clar\u00e9 irrecevables toutes leurs demandes au motif de la prescription quinquennale. Il a \u00e9galement rejet\u00e9 une demande en indemnisation pour proc\u00e9dure abusive form\u00e9e par la banque.<\/p>\n<p>La d\u00e9termination rigoureuse du point de d\u00e9part de la prescription<\/p>\n<p>Le juge op\u00e8re une analyse distincte des causes de nullit\u00e9 pour appr\u00e9cier la prescription. Concernant la nullit\u00e9 pour violation du code de la consommation, il retient la date de signature du contrat. Il estime que les consommateurs pouvaient v\u00e9rifier d\u00e8s ce jour l\u2019absence des mentions litigieuses. &#8220;Les demandeurs \u00e9taient en mesure de v\u00e9rifier au jour de la signature du bon de commande, soit le 25 juin 2015, que les mentions qu\u2019ils jugent essentielles pour la validit\u00e9 de celui-ci n\u2019y figuraient pas.&#8221; (Motifs, I-1\u00b0) Le juge \u00e9carte l\u2019application d\u2019un arr\u00eat de la Cour de cassation de 2024 au domaine de la prescription, limitant sa port\u00e9e \u00e0 la confirmation de la nullit\u00e9. Pour le dol, le point de d\u00e9part est \u00e9galement fix\u00e9 \u00e0 la date de conclusion de l\u2019acte. Le juge note que les requ\u00e9rants n\u2019ont pas produit la premi\u00e8re facture de revente d\u2019\u00e9lectricit\u00e9. Ils ne d\u00e9montrent pas que la d\u00e9couverte du dol soit post\u00e9rieure \u00e0 la signature. Cette approche consacre une vision objective de la connaissance des faits par le consommateur. Elle fait pr\u00e9valoir la s\u00e9curit\u00e9 des transactions sur la protection du consentement lorsque le d\u00e9lai est \u00e9coul\u00e9.<\/p>\n<p>Les cons\u00e9quences proc\u00e9durales de l\u2019interd\u00e9pendance contractuelle et de la qualification des demandes<\/p>\n<p>Le rejet de la nullit\u00e9 du contrat principal entra\u00eene l\u2019irrecevabilit\u00e9 de celle du cr\u00e9dit affect\u00e9. Le juge rappelle le lien juridique entre les deux actes. &#8220;La demande d\u2019annulation du contrat de pr\u00eat conclu le 25 juin 2015 ne pourra prosp\u00e9rer tant elle est fond\u00e9e sur le lien entre le contrat principal de vente et l\u2019affectation du contrat de cr\u00e9dit \u00e0 ce contrat principal, lequel n\u2019a pas \u00e9t\u00e9 d\u00e9clar\u00e9 nul.&#8221; (Motifs, I-2)) Cette solution est conforme au principe d\u2019accessoire. Elle illustre que la nullit\u00e9 du cr\u00e9dit affect\u00e9 est subordonn\u00e9e \u00e0 celle du contrat de vente. Par ailleurs, la demande de d\u00e9ch\u00e9ance du droit aux int\u00e9r\u00eats est qualifi\u00e9e de demande additionnelle et non de d\u00e9fense au fond. Cette qualification est d\u00e9terminante pour l\u2019application de la prescription. Le juge estime que cette action, form\u00e9e tardivement, est soumise au d\u00e9lai quinquennal. &#8220;La d\u00e9ch\u00e9ance du droit aux int\u00e9r\u00eats \u00e9tant form\u00e9e \u00e0 titre de demande et non de d\u00e9fense au fond.&#8221; (Motifs, II) La distinction entre demande et d\u00e9fense conditionne ainsi directement la recevabilit\u00e9 de l\u2019action. Elle renforce les exigences de c\u00e9l\u00e9rit\u00e9 dans l\u2019exercice des droits par les consommateurs.<\/p>\n<p>Cette d\u00e9cision affirme une interpr\u00e9tation stricte des r\u00e8gles de prescription en mati\u00e8re de consommation. Elle rappelle que la connaissance des faits s\u2019appr\u00e9cie souvent \u00e0 la date de signature du contrat. Le juge refuse d\u2019\u00e9tendre au droit de la prescription les solutions protectrices d\u00e9velopp\u00e9es pour la confirmation de la nullit\u00e9. La port\u00e9e de l\u2019arr\u00eat de la Cour de cassation du 24 janvier 2024 est ainsi circonscrite. Enfin, le rejet de la demande en indemnisation pour proc\u00e9dure abusive temp\u00e8re la rigueur du dispositif. Le juge admet qu\u2019une erreur sur ses droits n\u2019est pas n\u00e9cessairement fautive. &#8220;La mauvaise appr\u00e9ciation par une partie de ses droits ne traduit pas en revanche d&#8217;abus du droit d&#8217;agir en justice.&#8221; (Motifs, III) Cette d\u00e9cision \u00e9quilibre finalement la s\u00e9curit\u00e9 juridique des professionnels et le droit d\u2019acc\u00e8s au juge des consommateurs.<\/p>\n<\/div>\n","protected":false},"excerpt":{"rendered":"<p>Le juge des contentieux de la protection, statuant publiquement, a rendu un jugement le 29 avril 2025. Des consommateurs avaient assign\u00e9 un vendeur et un \u00e9ta&#8230;<\/p>\n","protected":false},"author":232070755,"featured_media":9454,"comment_status":"open","ping_status":"open","sticky":false,"template":"","format":"standard","meta":{"_crdt_document":"","_jetpack_newsletter_access":"","_jetpack_dont_email_post_to_subs":false,"_jetpack_newsletter_tier_id":0,"_jetpack_memberships_contains_paywalled_content":false,"_kj_source_type":"","_kj_official_id":"","_kj_official_url":"","_kj_judilibre_id":"","_kj_jur":"","_kj_lieu":"","_kj_chambre":"","_kj_rg":"","_kj_date":"","_jetpack_memberships_contains_paid_content":false,"footnotes":"","jetpack_post_was_ever_published":false},"categories":[7597],"tags":[],"class_list":["post-655613","post","type-post","status-publish","format-standard","has-post-thumbnail","hentry","category-jurisprudence"],"yoast_head":"<!-- This site is optimized with the Yoast SEO Premium plugin v27.4 (Yoast SEO v27.4) - https:\/\/yoast.com\/product\/yoast-seo-premium-wordpress\/ -->\n<title>Tribunal judiciaire de Paris, le 29 avril 2025, n\u00b024\/00942 - Ma\u00eetre Hassan Kohen, avocat en droit p\u00e9nal \u00e0 Paris<\/title>\n<meta name=\"description\" content=\"Le juge des contentieux de la protection, statuant publiquement, a rendu un jugement le 29 avril 2025. Des consommateurs avaient assign\u00e9 un vendeur et un \u00e9ta...\" \/>\n<meta name=\"robots\" content=\"index, follow, max-snippet:-1, max-image-preview:large, max-video-preview:-1\" \/>\n<link rel=\"canonical\" href=\"https:\/\/kohenavocats.com\/tr\/tribunal-judiciaire-de-paris-le-29-avril-2025-n24-00942\/\" \/>\n<meta property=\"og:locale\" content=\"tr_TR\" \/>\n<meta property=\"og:type\" content=\"article\" \/>\n<meta property=\"og:title\" content=\"Tribunal judiciaire de Paris, le 29 avril 2025, n\u00b024\/00942\" \/>\n<meta property=\"og:description\" content=\"Le juge des contentieux de la protection, statuant publiquement, a rendu un jugement le 29 avril 2025. Des consommateurs avaient assign\u00e9 un vendeur et un \u00e9ta...\" \/>\n<meta property=\"og:url\" content=\"https:\/\/kohenavocats.com\/tr\/tribunal-judiciaire-de-paris-le-29-avril-2025-n24-00942\/\" \/>\n<meta property=\"og:site_name\" content=\"Ma\u00eetre Hassan Kohen, avocat en droit p\u00e9nal \u00e0 Paris\" \/>\n<meta property=\"article:published_time\" content=\"2026-04-23T03:50:23+00:00\" \/>\n<meta property=\"og:image\" content=\"https:\/\/kohenavocats.com\/wp-content\/uploads\/2024\/11\/allison-saeng-Hpw4nI_QUWQ-unsplash.webp\" \/>\n\t<meta property=\"og:image:width\" content=\"4000\" \/>\n\t<meta property=\"og:image:height\" content=\"3000\" \/>\n\t<meta property=\"og:image:type\" content=\"image\/webp\" \/>\n<meta name=\"author\" content=\"Kohen\" \/>\n<meta name=\"twitter:card\" content=\"summary_large_image\" \/>\n<meta name=\"twitter:label1\" content=\"Yazan:\" \/>\n\t<meta name=\"twitter:data1\" content=\"Kohen\" \/>\n\t<meta name=\"twitter:label2\" content=\"Tahmini okuma s\u00fcresi\" \/>\n\t<meta name=\"twitter:data2\" content=\"3 dakika\" \/>\n<script type=\"application\/ld+json\" class=\"yoast-schema-graph\">{\"@context\":\"https:\\\/\\\/schema.org\",\"@graph\":[{\"@type\":\"Article\",\"@id\":\"https:\\\/\\\/kohenavocats.com\\\/tr\\\/tribunal-judiciaire-de-paris-le-29-avril-2025-n24-00942\\\/#article\",\"isPartOf\":{\"@id\":\"https:\\\/\\\/kohenavocats.com\\\/tr\\\/tribunal-judiciaire-de-paris-le-29-avril-2025-n24-00942\\\/\"},\"author\":{\"name\":\"Kohen\",\"@id\":\"https:\\\/\\\/kohenavocats.com\\\/tr\\\/#\\\/schema\\\/person\\\/761c9ba54fa1ca84d405cef0831ff751\"},\"headline\":\"Tribunal judiciaire de Paris, le 29 avril 2025, n\u00b024\\\/00942\",\"datePublished\":\"2026-04-23T03:50:23+00:00\",\"mainEntityOfPage\":{\"@id\":\"https:\\\/\\\/kohenavocats.com\\\/tr\\\/tribunal-judiciaire-de-paris-le-29-avril-2025-n24-00942\\\/\"},\"wordCount\":695,\"commentCount\":0,\"publisher\":{\"@id\":\"https:\\\/\\\/kohenavocats.com\\\/tr\\\/#organization\"},\"image\":{\"@id\":\"https:\\\/\\\/kohenavocats.com\\\/tr\\\/tribunal-judiciaire-de-paris-le-29-avril-2025-n24-00942\\\/#primaryimage\"},\"thumbnailUrl\":\"https:\\\/\\\/kohenavocats.com\\\/wp-content\\\/uploads\\\/2024\\\/11\\\/allison-saeng-Hpw4nI_QUWQ-unsplash.webp\",\"articleSection\":[\"Jurisprudence\"],\"inLanguage\":\"tr\",\"potentialAction\":[{\"@type\":\"CommentAction\",\"name\":\"Comment\",\"target\":[\"https:\\\/\\\/kohenavocats.com\\\/tr\\\/tribunal-judiciaire-de-paris-le-29-avril-2025-n24-00942\\\/#respond\"]}],\"citation\":\"Tribunal judiciaire de Paris, le 29 avril 2025, n\u00b024\\\/00942\",\"about\":[{\"@type\":\"Thing\",\"name\":\"Jurisprudence\"}],\"dateModified\":\"2026-04-23T03:50:23+00:00\",\"speakable\":{\"@type\":\"SpeakableSpecification\",\"cssSelector\":[\".article-content > p:first-of-type\"]}},{\"@type\":\"WebPage\",\"@id\":\"https:\\\/\\\/kohenavocats.com\\\/tr\\\/tribunal-judiciaire-de-paris-le-29-avril-2025-n24-00942\\\/\",\"url\":\"https:\\\/\\\/kohenavocats.com\\\/tr\\\/tribunal-judiciaire-de-paris-le-29-avril-2025-n24-00942\\\/\",\"name\":\"Tribunal judiciaire de Paris, le 29 avril 2025, n\u00b024\\\/00942 - Ma\u00eetre Hassan Kohen, avocat en droit p\u00e9nal \u00e0 Paris\",\"isPartOf\":{\"@id\":\"https:\\\/\\\/kohenavocats.com\\\/tr\\\/#website\"},\"primaryImageOfPage\":{\"@id\":\"https:\\\/\\\/kohenavocats.com\\\/tr\\\/tribunal-judiciaire-de-paris-le-29-avril-2025-n24-00942\\\/#primaryimage\"},\"image\":{\"@id\":\"https:\\\/\\\/kohenavocats.com\\\/tr\\\/tribunal-judiciaire-de-paris-le-29-avril-2025-n24-00942\\\/#primaryimage\"},\"thumbnailUrl\":\"https:\\\/\\\/kohenavocats.com\\\/wp-content\\\/uploads\\\/2024\\\/11\\\/allison-saeng-Hpw4nI_QUWQ-unsplash.webp\",\"datePublished\":\"2026-04-23T03:50:23+00:00\",\"description\":\"Le juge des contentieux de la protection, statuant publiquement, a rendu un jugement le 29 avril 2025. Des consommateurs avaient assign\u00e9 un vendeur et un \u00e9ta...\",\"breadcrumb\":{\"@id\":\"https:\\\/\\\/kohenavocats.com\\\/tr\\\/tribunal-judiciaire-de-paris-le-29-avril-2025-n24-00942\\\/#breadcrumb\"},\"inLanguage\":\"tr\",\"potentialAction\":[{\"@type\":\"ReadAction\",\"target\":[\"https:\\\/\\\/kohenavocats.com\\\/tr\\\/tribunal-judiciaire-de-paris-le-29-avril-2025-n24-00942\\\/\"]}]},{\"@type\":\"ImageObject\",\"inLanguage\":\"tr\",\"@id\":\"https:\\\/\\\/kohenavocats.com\\\/tr\\\/tribunal-judiciaire-de-paris-le-29-avril-2025-n24-00942\\\/#primaryimage\",\"url\":\"https:\\\/\\\/kohenavocats.com\\\/wp-content\\\/uploads\\\/2024\\\/11\\\/allison-saeng-Hpw4nI_QUWQ-unsplash.webp\",\"contentUrl\":\"https:\\\/\\\/kohenavocats.com\\\/wp-content\\\/uploads\\\/2024\\\/11\\\/allison-saeng-Hpw4nI_QUWQ-unsplash.webp\",\"width\":4000,\"height\":3000},{\"@type\":\"BreadcrumbList\",\"@id\":\"https:\\\/\\\/kohenavocats.com\\\/tr\\\/tribunal-judiciaire-de-paris-le-29-avril-2025-n24-00942\\\/#breadcrumb\",\"itemListElement\":[{\"@type\":\"ListItem\",\"position\":1,\"name\":\"Home\",\"item\":\"https:\\\/\\\/kohenavocats.com\\\/tr\\\/avocats-en-droit-penal-a-paris-conseil-et-defense-strategique\\\/\"},{\"@type\":\"ListItem\",\"position\":2,\"name\":\"Tribunal judiciaire de Paris, le 29 avril 2025, n\u00b024\\\/00942\"}]},{\"@type\":\"WebSite\",\"@id\":\"https:\\\/\\\/kohenavocats.com\\\/tr\\\/#website\",\"url\":\"https:\\\/\\\/kohenavocats.com\\\/tr\\\/\",\"name\":\"Kohen Avocats\",\"description\":\"Ma\u00eetre Hassan Kohen, avocat p\u00e9naliste \u00e0 Paris, intervient exclusivement en droit p\u00e9nal pour la d\u00e9fense des particuliers, notamment en mati\u00e8re d\u2019accusations de viol. Il assure un accompagnement rigoureux d\u00e8s la garde \u00e0 vue jusqu\u2019\u00e0 la Cour d\u2019assises, veillant au strict respect des garanties proc\u00e9durales.\",\"publisher\":{\"@id\":\"https:\\\/\\\/kohenavocats.com\\\/tr\\\/#organization\"},\"potentialAction\":[{\"@type\":\"SearchAction\",\"target\":{\"@type\":\"EntryPoint\",\"urlTemplate\":\"https:\\\/\\\/kohenavocats.com\\\/tr\\\/?s={search_term_string}\"},\"query-input\":{\"@type\":\"PropertyValueSpecification\",\"valueRequired\":true,\"valueName\":\"search_term_string\"}}],\"inLanguage\":\"tr\"},{\"@type\":\"Organization\",\"@id\":\"https:\\\/\\\/kohenavocats.com\\\/tr\\\/#organization\",\"name\":\"Kohen Avocats\",\"url\":\"https:\\\/\\\/kohenavocats.com\\\/tr\\\/\",\"logo\":{\"@type\":\"ImageObject\",\"inLanguage\":\"tr\",\"@id\":\"https:\\\/\\\/kohenavocats.com\\\/tr\\\/#\\\/schema\\\/logo\\\/image\\\/\",\"url\":\"https:\\\/\\\/kohenavocats.com\\\/wp-content\\\/uploads\\\/2026\\\/01\\\/Logo-2-1.webp\",\"contentUrl\":\"https:\\\/\\\/kohenavocats.com\\\/wp-content\\\/uploads\\\/2026\\\/01\\\/Logo-2-1.webp\",\"width\":2114,\"height\":1253,\"caption\":\"Kohen Avocats\"},\"image\":{\"@id\":\"https:\\\/\\\/kohenavocats.com\\\/tr\\\/#\\\/schema\\\/logo\\\/image\\\/\"}},{\"@type\":\"Person\",\"@id\":\"https:\\\/\\\/kohenavocats.com\\\/tr\\\/#\\\/schema\\\/person\\\/761c9ba54fa1ca84d405cef0831ff751\",\"name\":\"Kohen\",\"image\":{\"@type\":\"ImageObject\",\"inLanguage\":\"tr\",\"@id\":\"https:\\\/\\\/secure.gravatar.com\\\/avatar\\\/1c5e76ef76bbbfdd2b4da984e2bf2fa4056fd51a27d25ce2c332047f1dfd6e00?s=96&d=identicon&r=g\",\"url\":\"https:\\\/\\\/secure.gravatar.com\\\/avatar\\\/1c5e76ef76bbbfdd2b4da984e2bf2fa4056fd51a27d25ce2c332047f1dfd6e00?s=96&d=identicon&r=g\",\"contentUrl\":\"https:\\\/\\\/secure.gravatar.com\\\/avatar\\\/1c5e76ef76bbbfdd2b4da984e2bf2fa4056fd51a27d25ce2c332047f1dfd6e00?s=96&d=identicon&r=g\",\"caption\":\"Kohen\"},\"sameAs\":[\"https:\\\/\\\/www.linkedin.com\\\/in\\\/hassan-kohen-448548192\\\/\",\"https:\\\/\\\/www.youtube.com\\\/@Kohen-Avocats\"],\"url\":\"https:\\\/\\\/kohenavocats.com\\\/tr\\\/author\\\/kohenmlk\\\/\"}]}<\/script>\n<!-- \/ Yoast SEO Premium plugin. -->","yoast_head_json":{"title":"Tribunal judiciaire de Paris, le 29 avril 2025, n\u00b024\/00942 - Ma\u00eetre Hassan Kohen, avocat en droit p\u00e9nal \u00e0 Paris","description":"Le juge des contentieux de la protection, statuant publiquement, a rendu un jugement le 29 avril 2025. Des consommateurs avaient assign\u00e9 un vendeur et un \u00e9ta...","robots":{"index":"index","follow":"follow","max-snippet":"max-snippet:-1","max-image-preview":"max-image-preview:large","max-video-preview":"max-video-preview:-1"},"canonical":"https:\/\/kohenavocats.com\/tr\/tribunal-judiciaire-de-paris-le-29-avril-2025-n24-00942\/","og_locale":"tr_TR","og_type":"article","og_title":"Tribunal judiciaire de Paris, le 29 avril 2025, n\u00b024\/00942","og_description":"Le juge des contentieux de la protection, statuant publiquement, a rendu un jugement le 29 avril 2025. Des consommateurs avaient assign\u00e9 un vendeur et un \u00e9ta...","og_url":"https:\/\/kohenavocats.com\/tr\/tribunal-judiciaire-de-paris-le-29-avril-2025-n24-00942\/","og_site_name":"Ma\u00eetre Hassan Kohen, avocat en droit p\u00e9nal \u00e0 Paris","article_published_time":"2026-04-23T03:50:23+00:00","og_image":[{"width":4000,"height":3000,"url":"https:\/\/kohenavocats.com\/wp-content\/uploads\/2024\/11\/allison-saeng-Hpw4nI_QUWQ-unsplash.webp","type":"image\/webp"}],"author":"Kohen","twitter_card":"summary_large_image","twitter_misc":{"Yazan:":"Kohen","Tahmini okuma s\u00fcresi":"3 dakika"},"schema":{"@context":"https:\/\/schema.org","@graph":[{"@type":"Article","@id":"https:\/\/kohenavocats.com\/tr\/tribunal-judiciaire-de-paris-le-29-avril-2025-n24-00942\/#article","isPartOf":{"@id":"https:\/\/kohenavocats.com\/tr\/tribunal-judiciaire-de-paris-le-29-avril-2025-n24-00942\/"},"author":{"name":"Kohen","@id":"https:\/\/kohenavocats.com\/tr\/#\/schema\/person\/761c9ba54fa1ca84d405cef0831ff751"},"headline":"Tribunal judiciaire de Paris, le 29 avril 2025, n\u00b024\/00942","datePublished":"2026-04-23T03:50:23+00:00","mainEntityOfPage":{"@id":"https:\/\/kohenavocats.com\/tr\/tribunal-judiciaire-de-paris-le-29-avril-2025-n24-00942\/"},"wordCount":695,"commentCount":0,"publisher":{"@id":"https:\/\/kohenavocats.com\/tr\/#organization"},"image":{"@id":"https:\/\/kohenavocats.com\/tr\/tribunal-judiciaire-de-paris-le-29-avril-2025-n24-00942\/#primaryimage"},"thumbnailUrl":"https:\/\/kohenavocats.com\/wp-content\/uploads\/2024\/11\/allison-saeng-Hpw4nI_QUWQ-unsplash.webp","articleSection":["Jurisprudence"],"inLanguage":"tr","potentialAction":[{"@type":"CommentAction","name":"Comment","target":["https:\/\/kohenavocats.com\/tr\/tribunal-judiciaire-de-paris-le-29-avril-2025-n24-00942\/#respond"]}],"citation":"Tribunal judiciaire de Paris, le 29 avril 2025, n\u00b024\/00942","about":[{"@type":"Thing","name":"Jurisprudence"}],"dateModified":"2026-04-23T03:50:23+00:00","speakable":{"@type":"SpeakableSpecification","cssSelector":[".article-content > p:first-of-type"]}},{"@type":"WebPage","@id":"https:\/\/kohenavocats.com\/tr\/tribunal-judiciaire-de-paris-le-29-avril-2025-n24-00942\/","url":"https:\/\/kohenavocats.com\/tr\/tribunal-judiciaire-de-paris-le-29-avril-2025-n24-00942\/","name":"Tribunal judiciaire de Paris, le 29 avril 2025, n\u00b024\/00942 - Ma\u00eetre Hassan Kohen, avocat en droit p\u00e9nal \u00e0 Paris","isPartOf":{"@id":"https:\/\/kohenavocats.com\/tr\/#website"},"primaryImageOfPage":{"@id":"https:\/\/kohenavocats.com\/tr\/tribunal-judiciaire-de-paris-le-29-avril-2025-n24-00942\/#primaryimage"},"image":{"@id":"https:\/\/kohenavocats.com\/tr\/tribunal-judiciaire-de-paris-le-29-avril-2025-n24-00942\/#primaryimage"},"thumbnailUrl":"https:\/\/kohenavocats.com\/wp-content\/uploads\/2024\/11\/allison-saeng-Hpw4nI_QUWQ-unsplash.webp","datePublished":"2026-04-23T03:50:23+00:00","description":"Le juge des contentieux de la protection, statuant publiquement, a rendu un jugement le 29 avril 2025. Des consommateurs avaient assign\u00e9 un vendeur et un \u00e9ta...","breadcrumb":{"@id":"https:\/\/kohenavocats.com\/tr\/tribunal-judiciaire-de-paris-le-29-avril-2025-n24-00942\/#breadcrumb"},"inLanguage":"tr","potentialAction":[{"@type":"ReadAction","target":["https:\/\/kohenavocats.com\/tr\/tribunal-judiciaire-de-paris-le-29-avril-2025-n24-00942\/"]}]},{"@type":"ImageObject","inLanguage":"tr","@id":"https:\/\/kohenavocats.com\/tr\/tribunal-judiciaire-de-paris-le-29-avril-2025-n24-00942\/#primaryimage","url":"https:\/\/kohenavocats.com\/wp-content\/uploads\/2024\/11\/allison-saeng-Hpw4nI_QUWQ-unsplash.webp","contentUrl":"https:\/\/kohenavocats.com\/wp-content\/uploads\/2024\/11\/allison-saeng-Hpw4nI_QUWQ-unsplash.webp","width":4000,"height":3000},{"@type":"BreadcrumbList","@id":"https:\/\/kohenavocats.com\/tr\/tribunal-judiciaire-de-paris-le-29-avril-2025-n24-00942\/#breadcrumb","itemListElement":[{"@type":"ListItem","position":1,"name":"Home","item":"https:\/\/kohenavocats.com\/tr\/avocats-en-droit-penal-a-paris-conseil-et-defense-strategique\/"},{"@type":"ListItem","position":2,"name":"Tribunal judiciaire de Paris, le 29 avril 2025, n\u00b024\/00942"}]},{"@type":"WebSite","@id":"https:\/\/kohenavocats.com\/tr\/#website","url":"https:\/\/kohenavocats.com\/tr\/","name":"Kohen Avocats","description":"Ma\u00eetre Hassan Kohen, avocat p\u00e9naliste \u00e0 Paris, intervient exclusivement en droit p\u00e9nal pour la d\u00e9fense des particuliers, notamment en mati\u00e8re d\u2019accusations de viol. Il assure un accompagnement rigoureux d\u00e8s la garde \u00e0 vue jusqu\u2019\u00e0 la Cour d\u2019assises, veillant au strict respect des garanties proc\u00e9durales.","publisher":{"@id":"https:\/\/kohenavocats.com\/tr\/#organization"},"potentialAction":[{"@type":"SearchAction","target":{"@type":"EntryPoint","urlTemplate":"https:\/\/kohenavocats.com\/tr\/?s={search_term_string}"},"query-input":{"@type":"PropertyValueSpecification","valueRequired":true,"valueName":"search_term_string"}}],"inLanguage":"tr"},{"@type":"Organization","@id":"https:\/\/kohenavocats.com\/tr\/#organization","name":"Kohen Avocats","url":"https:\/\/kohenavocats.com\/tr\/","logo":{"@type":"ImageObject","inLanguage":"tr","@id":"https:\/\/kohenavocats.com\/tr\/#\/schema\/logo\/image\/","url":"https:\/\/kohenavocats.com\/wp-content\/uploads\/2026\/01\/Logo-2-1.webp","contentUrl":"https:\/\/kohenavocats.com\/wp-content\/uploads\/2026\/01\/Logo-2-1.webp","width":2114,"height":1253,"caption":"Kohen Avocats"},"image":{"@id":"https:\/\/kohenavocats.com\/tr\/#\/schema\/logo\/image\/"}},{"@type":"Person","@id":"https:\/\/kohenavocats.com\/tr\/#\/schema\/person\/761c9ba54fa1ca84d405cef0831ff751","name":"Kohen","image":{"@type":"ImageObject","inLanguage":"tr","@id":"https:\/\/secure.gravatar.com\/avatar\/1c5e76ef76bbbfdd2b4da984e2bf2fa4056fd51a27d25ce2c332047f1dfd6e00?s=96&d=identicon&r=g","url":"https:\/\/secure.gravatar.com\/avatar\/1c5e76ef76bbbfdd2b4da984e2bf2fa4056fd51a27d25ce2c332047f1dfd6e00?s=96&d=identicon&r=g","contentUrl":"https:\/\/secure.gravatar.com\/avatar\/1c5e76ef76bbbfdd2b4da984e2bf2fa4056fd51a27d25ce2c332047f1dfd6e00?s=96&d=identicon&r=g","caption":"Kohen"},"sameAs":["https:\/\/www.linkedin.com\/in\/hassan-kohen-448548192\/","https:\/\/www.youtube.com\/@Kohen-Avocats"],"url":"https:\/\/kohenavocats.com\/tr\/author\/kohenmlk\/"}]}},"jetpack_featured_media_url":"https:\/\/kohenavocats.com\/wp-content\/uploads\/2024\/11\/allison-saeng-Hpw4nI_QUWQ-unsplash.webp","jetpack_likes_enabled":false,"jetpack_shortlink":"https:\/\/wp.me\/peCrII-2Kyp","jetpack-related-posts":[{"id":479007,"url":"https:\/\/kohenavocats.com\/tr\/cour-dappel-de-rennes-le-24-avril-2025-n23-05704\/","url_meta":{"origin":655613,"position":0},"title":"Cour d&#8217;appel de Rennes, le 24 avril 2025, n\u00b023\/05704","author":"Kohen","date":"7 Nisan 2026","format":false,"excerpt":"La cour d'appel de Rennes, dans un arr\u00eat du 24 avril 2025, statue sur un litige opposant des consommateurs \u00e0 un \u00e9tablissement de cr\u00e9dit. Les premiers demanda...","rel":"","context":"&quot;Jurisprudence&quot; i\u00e7inde","block_context":{"text":"Jurisprudence","link":"https:\/\/kohenavocats.com\/category\/jurisprudence\/"},"img":{"alt_text":"","src":"https:\/\/i0.wp.com\/kohenavocats.com\/wp-content\/uploads\/2024\/06\/alex-block-PdDBTrkGYLo-unsplash.jpg?resize=350%2C200&ssl=1","width":350,"height":200,"srcset":"https:\/\/i0.wp.com\/kohenavocats.com\/wp-content\/uploads\/2024\/06\/alex-block-PdDBTrkGYLo-unsplash.jpg?resize=350%2C200&ssl=1 1x, https:\/\/i0.wp.com\/kohenavocats.com\/wp-content\/uploads\/2024\/06\/alex-block-PdDBTrkGYLo-unsplash.jpg?resize=525%2C300&ssl=1 1.5x, https:\/\/i0.wp.com\/kohenavocats.com\/wp-content\/uploads\/2024\/06\/alex-block-PdDBTrkGYLo-unsplash.jpg?resize=700%2C400&ssl=1 2x, https:\/\/i0.wp.com\/kohenavocats.com\/wp-content\/uploads\/2024\/06\/alex-block-PdDBTrkGYLo-unsplash.jpg?resize=1050%2C600&ssl=1 3x, https:\/\/i0.wp.com\/kohenavocats.com\/wp-content\/uploads\/2024\/06\/alex-block-PdDBTrkGYLo-unsplash.jpg?resize=1400%2C800&ssl=1 4x"},"classes":[]},{"id":479820,"url":"https:\/\/kohenavocats.com\/tr\/cour-dappel-de-paris-le-24-avril-2025-n24-12406\/","url_meta":{"origin":655613,"position":1},"title":"Cour d&#8217;appel de Paris, le 24 avril 2025, n\u00b024\/12406","author":"Kohen","date":"7 Nisan 2026","format":false,"excerpt":"Cour d'appel de Douai, statuant par d\u00e9faut en dernier ressort le 24 avril 2025, examine un litige n\u00e9 de contrats de vente et de cr\u00e9dit affect\u00e9 conclus en 201...","rel":"","context":"&quot;Jurisprudence&quot; i\u00e7inde","block_context":{"text":"Jurisprudence","link":"https:\/\/kohenavocats.com\/category\/jurisprudence\/"},"img":{"alt_text":"","src":"https:\/\/i0.wp.com\/kohenavocats.com\/wp-content\/uploads\/2024\/08\/mathias-reding-AUDG_Ja0MOU-unsplash.webp?resize=350%2C200&ssl=1","width":350,"height":200,"srcset":"https:\/\/i0.wp.com\/kohenavocats.com\/wp-content\/uploads\/2024\/08\/mathias-reding-AUDG_Ja0MOU-unsplash.webp?resize=350%2C200&ssl=1 1x, https:\/\/i0.wp.com\/kohenavocats.com\/wp-content\/uploads\/2024\/08\/mathias-reding-AUDG_Ja0MOU-unsplash.webp?resize=525%2C300&ssl=1 1.5x, https:\/\/i0.wp.com\/kohenavocats.com\/wp-content\/uploads\/2024\/08\/mathias-reding-AUDG_Ja0MOU-unsplash.webp?resize=700%2C400&ssl=1 2x, https:\/\/i0.wp.com\/kohenavocats.com\/wp-content\/uploads\/2024\/08\/mathias-reding-AUDG_Ja0MOU-unsplash.webp?resize=1050%2C600&ssl=1 3x, https:\/\/i0.wp.com\/kohenavocats.com\/wp-content\/uploads\/2024\/08\/mathias-reding-AUDG_Ja0MOU-unsplash.webp?resize=1400%2C800&ssl=1 4x"},"classes":[]},{"id":490439,"url":"https:\/\/kohenavocats.com\/tr\/cour-dappel-de-grenoble-le-15-avril-2025-n24-01427\/","url_meta":{"origin":655613,"position":2},"title":"Cour d&#8217;appel de Grenoble, le 15 avril 2025, n\u00b024\/01427","author":"Kohen","date":"8 Nisan 2026","format":false,"excerpt":"La cour d'appel de Grenoble, statuant en dernier ressort le 15 avril 2025, a examin\u00e9 un litige relatif \u00e0 un contrat de vente avec cr\u00e9dit. Les consommateurs a...","rel":"","context":"&quot;Jurisprudence&quot; i\u00e7inde","block_context":{"text":"Jurisprudence","link":"https:\/\/kohenavocats.com\/category\/jurisprudence\/"},"img":{"alt_text":"","src":"https:\/\/i0.wp.com\/kohenavocats.com\/wp-content\/uploads\/2024\/08\/giammarco-boscaro-xLhKkk2tKkA-unsplash.webp?resize=350%2C200&ssl=1","width":350,"height":200,"srcset":"https:\/\/i0.wp.com\/kohenavocats.com\/wp-content\/uploads\/2024\/08\/giammarco-boscaro-xLhKkk2tKkA-unsplash.webp?resize=350%2C200&ssl=1 1x, https:\/\/i0.wp.com\/kohenavocats.com\/wp-content\/uploads\/2024\/08\/giammarco-boscaro-xLhKkk2tKkA-unsplash.webp?resize=525%2C300&ssl=1 1.5x, https:\/\/i0.wp.com\/kohenavocats.com\/wp-content\/uploads\/2024\/08\/giammarco-boscaro-xLhKkk2tKkA-unsplash.webp?resize=700%2C400&ssl=1 2x, https:\/\/i0.wp.com\/kohenavocats.com\/wp-content\/uploads\/2024\/08\/giammarco-boscaro-xLhKkk2tKkA-unsplash.webp?resize=1050%2C600&ssl=1 3x, https:\/\/i0.wp.com\/kohenavocats.com\/wp-content\/uploads\/2024\/08\/giammarco-boscaro-xLhKkk2tKkA-unsplash.webp?resize=1400%2C800&ssl=1 4x"},"classes":[]},{"id":648364,"url":"https:\/\/kohenavocats.com\/tr\/tribunal-judiciaire-de-poitiers-le-30-juin-2023-n23-00338\/","url_meta":{"origin":655613,"position":3},"title":"Tribunal judiciaire de Poitiers, le 30 juin 2023, n\u00b023\/00338","author":"Kohen","date":"22 Nisan 2026","format":false,"excerpt":"Le juge des contentieux de la protection, statuant en premier ressort, a rendu un jugement le 30 juin 2023. Des consommateurs avaient conclu un contrat de ve...","rel":"","context":"&quot;Jurisprudence&quot; i\u00e7inde","block_context":{"text":"Jurisprudence","link":"https:\/\/kohenavocats.com\/category\/jurisprudence\/"},"img":{"alt_text":"","src":"https:\/\/i0.wp.com\/kohenavocats.com\/wp-content\/uploads\/2024\/11\/ave-calvar-ffCZpxDJSo-unsplash.webp?resize=350%2C200&ssl=1","width":350,"height":200,"srcset":"https:\/\/i0.wp.com\/kohenavocats.com\/wp-content\/uploads\/2024\/11\/ave-calvar-ffCZpxDJSo-unsplash.webp?resize=350%2C200&ssl=1 1x, https:\/\/i0.wp.com\/kohenavocats.com\/wp-content\/uploads\/2024\/11\/ave-calvar-ffCZpxDJSo-unsplash.webp?resize=525%2C300&ssl=1 1.5x, https:\/\/i0.wp.com\/kohenavocats.com\/wp-content\/uploads\/2024\/11\/ave-calvar-ffCZpxDJSo-unsplash.webp?resize=700%2C400&ssl=1 2x, https:\/\/i0.wp.com\/kohenavocats.com\/wp-content\/uploads\/2024\/11\/ave-calvar-ffCZpxDJSo-unsplash.webp?resize=1050%2C600&ssl=1 3x, https:\/\/i0.wp.com\/kohenavocats.com\/wp-content\/uploads\/2024\/11\/ave-calvar-ffCZpxDJSo-unsplash.webp?resize=1400%2C800&ssl=1 4x"},"classes":[]},{"id":633209,"url":"https:\/\/kohenavocats.com\/tr\/tribunal-judiciaire-de-bobigny-le-7-aout-2024-n24-07218\/","url_meta":{"origin":655613,"position":4},"title":"Tribunal judiciaire de Bobigny, le 7 ao\u00fbt 2024, n\u00b024\/07218","author":"Kohen","date":"21 Nisan 2026","format":false,"excerpt":"Le juge des contentieux de la protection, statuant en premier ressort, a rendu un jugement le 7 ao\u00fbt 2024. L'affaire concernait des consommateurs ayant sousc...","rel":"","context":"&quot;Jurisprudence&quot; i\u00e7inde","block_context":{"text":"Jurisprudence","link":"https:\/\/kohenavocats.com\/category\/jurisprudence\/"},"img":{"alt_text":"","src":"https:\/\/i0.wp.com\/kohenavocats.com\/wp-content\/uploads\/2024\/08\/viktor-hesse-qPwYg5s1Fs-unsplash.webp?resize=350%2C200&ssl=1","width":350,"height":200,"srcset":"https:\/\/i0.wp.com\/kohenavocats.com\/wp-content\/uploads\/2024\/08\/viktor-hesse-qPwYg5s1Fs-unsplash.webp?resize=350%2C200&ssl=1 1x, https:\/\/i0.wp.com\/kohenavocats.com\/wp-content\/uploads\/2024\/08\/viktor-hesse-qPwYg5s1Fs-unsplash.webp?resize=525%2C300&ssl=1 1.5x, https:\/\/i0.wp.com\/kohenavocats.com\/wp-content\/uploads\/2024\/08\/viktor-hesse-qPwYg5s1Fs-unsplash.webp?resize=700%2C400&ssl=1 2x, https:\/\/i0.wp.com\/kohenavocats.com\/wp-content\/uploads\/2024\/08\/viktor-hesse-qPwYg5s1Fs-unsplash.webp?resize=1050%2C600&ssl=1 3x, https:\/\/i0.wp.com\/kohenavocats.com\/wp-content\/uploads\/2024\/08\/viktor-hesse-qPwYg5s1Fs-unsplash.webp?resize=1400%2C800&ssl=1 4x"},"classes":[]},{"id":608857,"url":"https:\/\/kohenavocats.com\/tr\/cour-dappel-de-paris-le-12-mars-2025-n24-16131\/","url_meta":{"origin":655613,"position":5},"title":"Cour d&#8217;appel de Paris, le 12 mars 2025, n\u00b024\/16131","author":"Kohen","date":"19 Nisan 2026","format":false,"excerpt":"Cour d\u2019appel de Paris, arr\u00eat du 12 mars 2025. Des consommateurs ayant souscrit un contrat de vente avec cr\u00e9dit affect\u00e9 suite \u00e0 un d\u00e9marchage \u00e0 domicile en de...","rel":"","context":"&quot;Jurisprudence&quot; i\u00e7inde","block_context":{"text":"Jurisprudence","link":"https:\/\/kohenavocats.com\/category\/jurisprudence\/"},"img":{"alt_text":"","src":"https:\/\/i0.wp.com\/kohenavocats.com\/wp-content\/uploads\/2024\/11\/getty-images-lG4kfeF1q-I-unsplash.webp?resize=350%2C200&ssl=1","width":350,"height":200,"srcset":"https:\/\/i0.wp.com\/kohenavocats.com\/wp-content\/uploads\/2024\/11\/getty-images-lG4kfeF1q-I-unsplash.webp?resize=350%2C200&ssl=1 1x, https:\/\/i0.wp.com\/kohenavocats.com\/wp-content\/uploads\/2024\/11\/getty-images-lG4kfeF1q-I-unsplash.webp?resize=525%2C300&ssl=1 1.5x, https:\/\/i0.wp.com\/kohenavocats.com\/wp-content\/uploads\/2024\/11\/getty-images-lG4kfeF1q-I-unsplash.webp?resize=700%2C400&ssl=1 2x, https:\/\/i0.wp.com\/kohenavocats.com\/wp-content\/uploads\/2024\/11\/getty-images-lG4kfeF1q-I-unsplash.webp?resize=1050%2C600&ssl=1 3x, https:\/\/i0.wp.com\/kohenavocats.com\/wp-content\/uploads\/2024\/11\/getty-images-lG4kfeF1q-I-unsplash.webp?resize=1400%2C800&ssl=1 4x"},"classes":[]}],"jetpack_sharing_enabled":true,"_links":{"self":[{"href":"https:\/\/kohenavocats.com\/tr\/wp-json\/wp\/v2\/posts\/655613","targetHints":{"allow":["GET"]}}],"collection":[{"href":"https:\/\/kohenavocats.com\/tr\/wp-json\/wp\/v2\/posts"}],"about":[{"href":"https:\/\/kohenavocats.com\/tr\/wp-json\/wp\/v2\/types\/post"}],"author":[{"embeddable":true,"href":"https:\/\/kohenavocats.com\/tr\/wp-json\/wp\/v2\/users\/232070755"}],"replies":[{"embeddable":true,"href":"https:\/\/kohenavocats.com\/tr\/wp-json\/wp\/v2\/comments?post=655613"}],"version-history":[{"count":0,"href":"https:\/\/kohenavocats.com\/tr\/wp-json\/wp\/v2\/posts\/655613\/revisions"}],"wp:featuredmedia":[{"embeddable":true,"href":"https:\/\/kohenavocats.com\/tr\/wp-json\/wp\/v2\/media\/9454"}],"wp:attachment":[{"href":"https:\/\/kohenavocats.com\/tr\/wp-json\/wp\/v2\/media?parent=655613"}],"wp:term":[{"taxonomy":"category","embeddable":true,"href":"https:\/\/kohenavocats.com\/tr\/wp-json\/wp\/v2\/categories?post=655613"},{"taxonomy":"post_tag","embeddable":true,"href":"https:\/\/kohenavocats.com\/tr\/wp-json\/wp\/v2\/tags?post=655613"}],"curies":[{"name":"wp","href":"https:\/\/api.w.org\/{rel}","templated":true}]}}