{"id":655650,"date":"2026-04-23T05:55:10","date_gmt":"2026-04-23T03:55:10","guid":{"rendered":"https:\/\/kohenavocats.com\/tribunal-judiciaire-de-saint-etienne-le-30-septembre-2025-n25-00496-2\/"},"modified":"2026-04-23T05:55:10","modified_gmt":"2026-04-23T03:55:10","slug":"tribunal-judiciaire-de-saint-etienne-le-30-septembre-2025-n25-00496-2","status":"publish","type":"post","link":"https:\/\/kohenavocats.com\/tr\/tribunal-judiciaire-de-saint-etienne-le-30-septembre-2025-n25-00496-2\/","title":{"rendered":"Tribunal judiciaire de Saint-\u00c9tienne, le 30 septembre 2025, n\u00b025\/00496"},"content":{"rendered":"<div class=\"article-content\">\n<p>Le tribunal judiciaire de Saint-\u00c9tienne, statuant en r\u00e9f\u00e9r\u00e9 le 30 septembre 2025, se prononce sur une demande en d\u00e9signation d\u2019expert. Une copropri\u00e9taire subit des infiltrations d\u2019eau dans son garage et son logement, imput\u00e9es \u00e0 une terrasse mitoyenne. Elle sollicite une mesure d\u2019expertise pr\u00e9alable. Le juge accueille la demande et d\u00e9clare recevable l\u2019intervention de l\u2019assureur de la copropri\u00e9t\u00e9. Il ordonne une expertise contradictoire pour d\u00e9terminer l\u2019origine des d\u00e9sordres et \u00e9valuer les pr\u00e9judices.<\/p>\n<p>La recevabilit\u00e9 de l\u2019intervention volontaire de l\u2019assureur<\/p>\n<p>L\u2019ordonnance valide sans discussion l\u2019intervention de la soci\u00e9t\u00e9 d\u2019assurance. Cette derni\u00e8re, en sa qualit\u00e9 d\u2019assureur du syndicat des copropri\u00e9taires, est admise \u00e0 participer \u00e0 l\u2019instance. Le juge se contente d\u2019\u00e9noncer cette recevabilit\u00e9 sans la motiver sp\u00e9cifiquement. La solution s\u2019inscrit dans la ligne jurisprudentielle admettant l\u2019intervention de l\u2019assureur d\u2019une partie. &#8220;L\u2019intervention volontaire accessoire est recevable si son auteur a int\u00e9r\u00eat, pour la conservation de ses droits, \u00e0 soutenir une partie \u00e0 l\u2019instance&#8221; (Tribunal judiciaire de Paris, le 10 juin 2025, n\u00b023\/15789). L\u2019int\u00e9r\u00eat de l\u2019assureur \u00e0 contr\u00f4ler la mise en \u0153uvre de la garantie justifie ainsi sa pr\u00e9sence.<\/p>\n<p>La port\u00e9e de cette d\u00e9cision est pratique et proc\u00e9durale. Elle permet la participation effective au contradictoire de tous les acteurs \u00e9conomiquement concern\u00e9s. L\u2019assureur pourra ainsi suivre l\u2019expertise et contester \u00e9ventuellement sa mise en cause future. Cette admission facilite une instruction compl\u00e8te et \u00e9vite des proc\u00e9dures disjointes. Elle renforce le principe du contradictoire en assurant la repr\u00e9sentation de tous les int\u00e9r\u00eats en pr\u00e9sence d\u00e8s la phase probatoire.<\/p>\n<p>Les conditions de l\u2019expertise en r\u00e9f\u00e9r\u00e9 pr\u00e9alable<\/p>\n<p>Le juge retient l\u2019existence d\u2019un int\u00e9r\u00eat l\u00e9gitime \u00e0 ordonner la mesure. La requ\u00e9rante justifie de d\u00e9sordles importants par un rapport technique et un constat d\u2019huissier. &#8220;Il rel\u00e8ve que le sol est humide sur l\u2019ensemble de sa superficie et pr\u00e9sente une zone recouverte d\u2019eau saum\u00e2tre&#8221; (Proc\u00e8s-verbal de constat du 28 avril 2025). Les dommages sont corr\u00e9l\u00e9s \u00e0 la terrasse du b\u00e2timent voisin, \u00e9tablissant un lien de causalit\u00e9 plausible. L\u2019expertise est n\u00e9cessaire pour \u00e9tablir les faits avant tout proc\u00e8s sur le fond.<\/p>\n<p>La mission confi\u00e9e \u00e0 l\u2019expert est d\u2019une ampleur remarquable pour une mesure pr\u00e9alable. Elle d\u00e9passe le simple constat pour inclure la recherche des causes et l\u2019\u00e9valuation des travaux. &#8220;Examiner les d\u00e9sordres all\u00e9gu\u00e9s [&#8230;] en rechercher l\u2019origine et la ou les causes&#8221; (Ordonnance). Le juge anticipe ainsi les besoins du litige futur sur la responsabilit\u00e9 et l\u2019indemnisation. La mesure sert \u00e0 cristalliser la preuve technique dans un litige complexe impliquant des parties multiples.<\/p>\n<p>La valeur de cette ordonnance r\u00e9side dans son caract\u00e8re pr\u00e9paratoire \u00e0 un r\u00e8glement judiciaire ou amiable. L\u2019expertise contradictoire fournira une base technique neutre pour les discussions. Le juge encadre strictement la proc\u00e9dure d\u2019expertise avec un calendrier et un contr\u00f4le magistral. Il adapte les r\u00e8gles de financement \u00e0 la situation de la requ\u00e9rante, b\u00e9n\u00e9ficiaire de l\u2019aide juridictionnelle. Les frais sont avanc\u00e9s par l\u2019\u00c9tat, levant un obstacle pratique \u00e0 l\u2019acc\u00e8s \u00e0 la preuve.<\/p>\n<\/div>\n","protected":false},"excerpt":{"rendered":"<p>Le tribunal judiciaire de Saint-\u00c9tienne, statuant en r\u00e9f\u00e9r\u00e9 le 30 septembre 2025, se prononce sur une demande en d\u00e9signation d\u2019expert. Une copropri\u00e9taire sub&#8230;<\/p>\n","protected":false},"author":232070755,"featured_media":9430,"comment_status":"open","ping_status":"open","sticky":false,"template":"","format":"standard","meta":{"_crdt_document":"","_jetpack_newsletter_access":"","_jetpack_dont_email_post_to_subs":false,"_jetpack_newsletter_tier_id":0,"_jetpack_memberships_contains_paywalled_content":false,"_kj_source_type":"","_kj_official_id":"","_kj_official_url":"","_kj_judilibre_id":"","_kj_jur":"","_kj_lieu":"","_kj_chambre":"","_kj_rg":"","_kj_date":"","_jetpack_memberships_contains_paid_content":false,"footnotes":"","jetpack_post_was_ever_published":false},"categories":[7597],"tags":[],"class_list":["post-655650","post","type-post","status-publish","format-standard","has-post-thumbnail","hentry","category-jurisprudence"],"yoast_head":"<!-- This site is optimized with the Yoast SEO Premium plugin v27.5 (Yoast SEO v27.5) - https:\/\/yoast.com\/product\/yoast-seo-premium-wordpress\/ -->\n<title>Tribunal judiciaire de Saint-\u00c9tienne, le 30 septembre 2025, n\u00b025\/00496 - Ma\u00eetre Hassan Kohen, avocat en droit p\u00e9nal \u00e0 Paris<\/title>\n<meta name=\"description\" content=\"Le tribunal judiciaire de Saint-\u00c9tienne, statuant en r\u00e9f\u00e9r\u00e9 le 30 septembre 2025, se prononce sur une demande en d\u00e9signation d\u2019expert. Une copropri\u00e9taire sub...\" \/>\n<meta name=\"robots\" content=\"index, follow, max-snippet:-1, max-image-preview:large, max-video-preview:-1\" \/>\n<link rel=\"canonical\" href=\"https:\/\/kohenavocats.com\/tr\/tribunal-judiciaire-de-saint-etienne-le-30-septembre-2025-n25-00496-2\/\" \/>\n<meta property=\"og:locale\" content=\"tr_TR\" \/>\n<meta property=\"og:type\" content=\"article\" \/>\n<meta property=\"og:title\" content=\"Tribunal judiciaire de Saint-\u00c9tienne, le 30 septembre 2025, n\u00b025\/00496\" \/>\n<meta property=\"og:description\" content=\"Le tribunal judiciaire de Saint-\u00c9tienne, statuant en r\u00e9f\u00e9r\u00e9 le 30 septembre 2025, se prononce sur une demande en d\u00e9signation d\u2019expert. Une copropri\u00e9taire sub...\" \/>\n<meta property=\"og:url\" content=\"https:\/\/kohenavocats.com\/tr\/tribunal-judiciaire-de-saint-etienne-le-30-septembre-2025-n25-00496-2\/\" \/>\n<meta property=\"og:site_name\" content=\"Ma\u00eetre Hassan Kohen, avocat en droit p\u00e9nal \u00e0 Paris\" \/>\n<meta property=\"article:published_time\" content=\"2026-04-23T03:55:10+00:00\" \/>\n<meta property=\"og:image\" content=\"https:\/\/kohenavocats.com\/wp-content\/uploads\/2024\/11\/steve-johnson-3HpZG4u5zyM-unsplash.webp\" \/>\n\t<meta property=\"og:image:width\" content=\"4500\" \/>\n\t<meta property=\"og:image:height\" content=\"8000\" \/>\n\t<meta property=\"og:image:type\" content=\"image\/webp\" \/>\n<meta name=\"author\" content=\"Kohen\" \/>\n<meta name=\"twitter:card\" content=\"summary_large_image\" \/>\n<meta name=\"twitter:label1\" content=\"Yazan:\" \/>\n\t<meta name=\"twitter:data1\" content=\"Kohen\" \/>\n\t<meta name=\"twitter:label2\" content=\"Tahmini okuma s\u00fcresi\" \/>\n\t<meta name=\"twitter:data2\" content=\"3 dakika\" \/>\n<script type=\"application\/ld+json\" class=\"yoast-schema-graph\">{\"@context\":\"https:\\\/\\\/schema.org\",\"@graph\":[{\"@type\":\"Article\",\"@id\":\"https:\\\/\\\/kohenavocats.com\\\/tr\\\/tribunal-judiciaire-de-saint-etienne-le-30-septembre-2025-n25-00496-2\\\/#article\",\"isPartOf\":{\"@id\":\"https:\\\/\\\/kohenavocats.com\\\/tr\\\/tribunal-judiciaire-de-saint-etienne-le-30-septembre-2025-n25-00496-2\\\/\"},\"author\":{\"name\":\"Kohen\",\"@id\":\"https:\\\/\\\/kohenavocats.com\\\/tr\\\/#\\\/schema\\\/person\\\/761c9ba54fa1ca84d405cef0831ff751\"},\"headline\":\"Tribunal judiciaire de Saint-\u00c9tienne, le 30 septembre 2025, n\u00b025\\\/00496\",\"datePublished\":\"2026-04-23T03:55:10+00:00\",\"mainEntityOfPage\":{\"@id\":\"https:\\\/\\\/kohenavocats.com\\\/tr\\\/tribunal-judiciaire-de-saint-etienne-le-30-septembre-2025-n25-00496-2\\\/\"},\"wordCount\":566,\"commentCount\":0,\"publisher\":{\"@id\":\"https:\\\/\\\/kohenavocats.com\\\/tr\\\/#organization\"},\"image\":{\"@id\":\"https:\\\/\\\/kohenavocats.com\\\/tr\\\/tribunal-judiciaire-de-saint-etienne-le-30-septembre-2025-n25-00496-2\\\/#primaryimage\"},\"thumbnailUrl\":\"https:\\\/\\\/kohenavocats.com\\\/wp-content\\\/uploads\\\/2024\\\/11\\\/steve-johnson-3HpZG4u5zyM-unsplash.webp\",\"articleSection\":[\"Jurisprudence\"],\"inLanguage\":\"tr\",\"potentialAction\":[{\"@type\":\"CommentAction\",\"name\":\"Comment\",\"target\":[\"https:\\\/\\\/kohenavocats.com\\\/tr\\\/tribunal-judiciaire-de-saint-etienne-le-30-septembre-2025-n25-00496-2\\\/#respond\"]}],\"citation\":\"Tribunal judiciaire de Saint-\u00c9tienne, le 30 septembre 2025, n\u00b025\\\/00496\",\"about\":[{\"@type\":\"Thing\",\"name\":\"Jurisprudence\"}],\"dateModified\":\"2026-04-23T03:55:10+00:00\",\"speakable\":{\"@type\":\"SpeakableSpecification\",\"cssSelector\":[\".article-content > p:first-of-type\"]}},{\"@type\":\"WebPage\",\"@id\":\"https:\\\/\\\/kohenavocats.com\\\/tr\\\/tribunal-judiciaire-de-saint-etienne-le-30-septembre-2025-n25-00496-2\\\/\",\"url\":\"https:\\\/\\\/kohenavocats.com\\\/tr\\\/tribunal-judiciaire-de-saint-etienne-le-30-septembre-2025-n25-00496-2\\\/\",\"name\":\"Tribunal judiciaire de Saint-\u00c9tienne, le 30 septembre 2025, n\u00b025\\\/00496 - Ma\u00eetre Hassan Kohen, avocat en droit p\u00e9nal \u00e0 Paris\",\"isPartOf\":{\"@id\":\"https:\\\/\\\/kohenavocats.com\\\/tr\\\/#website\"},\"primaryImageOfPage\":{\"@id\":\"https:\\\/\\\/kohenavocats.com\\\/tr\\\/tribunal-judiciaire-de-saint-etienne-le-30-septembre-2025-n25-00496-2\\\/#primaryimage\"},\"image\":{\"@id\":\"https:\\\/\\\/kohenavocats.com\\\/tr\\\/tribunal-judiciaire-de-saint-etienne-le-30-septembre-2025-n25-00496-2\\\/#primaryimage\"},\"thumbnailUrl\":\"https:\\\/\\\/kohenavocats.com\\\/wp-content\\\/uploads\\\/2024\\\/11\\\/steve-johnson-3HpZG4u5zyM-unsplash.webp\",\"datePublished\":\"2026-04-23T03:55:10+00:00\",\"description\":\"Le tribunal judiciaire de Saint-\u00c9tienne, statuant en r\u00e9f\u00e9r\u00e9 le 30 septembre 2025, se prononce sur une demande en d\u00e9signation d\u2019expert. Une copropri\u00e9taire sub...\",\"breadcrumb\":{\"@id\":\"https:\\\/\\\/kohenavocats.com\\\/tr\\\/tribunal-judiciaire-de-saint-etienne-le-30-septembre-2025-n25-00496-2\\\/#breadcrumb\"},\"inLanguage\":\"tr\",\"potentialAction\":[{\"@type\":\"ReadAction\",\"target\":[\"https:\\\/\\\/kohenavocats.com\\\/tr\\\/tribunal-judiciaire-de-saint-etienne-le-30-septembre-2025-n25-00496-2\\\/\"]}]},{\"@type\":\"ImageObject\",\"inLanguage\":\"tr\",\"@id\":\"https:\\\/\\\/kohenavocats.com\\\/tr\\\/tribunal-judiciaire-de-saint-etienne-le-30-septembre-2025-n25-00496-2\\\/#primaryimage\",\"url\":\"https:\\\/\\\/kohenavocats.com\\\/wp-content\\\/uploads\\\/2024\\\/11\\\/steve-johnson-3HpZG4u5zyM-unsplash.webp\",\"contentUrl\":\"https:\\\/\\\/kohenavocats.com\\\/wp-content\\\/uploads\\\/2024\\\/11\\\/steve-johnson-3HpZG4u5zyM-unsplash.webp\",\"width\":4500,\"height\":8000},{\"@type\":\"BreadcrumbList\",\"@id\":\"https:\\\/\\\/kohenavocats.com\\\/tr\\\/tribunal-judiciaire-de-saint-etienne-le-30-septembre-2025-n25-00496-2\\\/#breadcrumb\",\"itemListElement\":[{\"@type\":\"ListItem\",\"position\":1,\"name\":\"Home\",\"item\":\"https:\\\/\\\/kohenavocats.com\\\/tr\\\/avocats-en-droit-penal-a-paris-conseil-et-defense-strategique\\\/\"},{\"@type\":\"ListItem\",\"position\":2,\"name\":\"Tribunal judiciaire de Saint-\u00c9tienne, le 30 septembre 2025, n\u00b025\\\/00496\"}]},{\"@type\":\"WebSite\",\"@id\":\"https:\\\/\\\/kohenavocats.com\\\/tr\\\/#website\",\"url\":\"https:\\\/\\\/kohenavocats.com\\\/tr\\\/\",\"name\":\"Kohen Avocats\",\"description\":\"Ma\u00eetre Hassan Kohen, avocat p\u00e9naliste \u00e0 Paris, intervient exclusivement en droit p\u00e9nal pour la d\u00e9fense des particuliers, notamment en mati\u00e8re d\u2019accusations de viol. Il assure un accompagnement rigoureux d\u00e8s la garde \u00e0 vue jusqu\u2019\u00e0 la Cour d\u2019assises, veillant au strict respect des garanties proc\u00e9durales.\",\"publisher\":{\"@id\":\"https:\\\/\\\/kohenavocats.com\\\/tr\\\/#organization\"},\"potentialAction\":[{\"@type\":\"SearchAction\",\"target\":{\"@type\":\"EntryPoint\",\"urlTemplate\":\"https:\\\/\\\/kohenavocats.com\\\/tr\\\/?s={search_term_string}\"},\"query-input\":{\"@type\":\"PropertyValueSpecification\",\"valueRequired\":true,\"valueName\":\"search_term_string\"}}],\"inLanguage\":\"tr\"},{\"@type\":\"Organization\",\"@id\":\"https:\\\/\\\/kohenavocats.com\\\/tr\\\/#organization\",\"name\":\"Kohen Avocats\",\"url\":\"https:\\\/\\\/kohenavocats.com\\\/tr\\\/\",\"logo\":{\"@type\":\"ImageObject\",\"inLanguage\":\"tr\",\"@id\":\"https:\\\/\\\/kohenavocats.com\\\/tr\\\/#\\\/schema\\\/logo\\\/image\\\/\",\"url\":\"https:\\\/\\\/kohenavocats.com\\\/wp-content\\\/uploads\\\/2026\\\/01\\\/Logo-2-1.webp\",\"contentUrl\":\"https:\\\/\\\/kohenavocats.com\\\/wp-content\\\/uploads\\\/2026\\\/01\\\/Logo-2-1.webp\",\"width\":2114,\"height\":1253,\"caption\":\"Kohen Avocats\"},\"image\":{\"@id\":\"https:\\\/\\\/kohenavocats.com\\\/tr\\\/#\\\/schema\\\/logo\\\/image\\\/\"}},{\"@type\":\"Person\",\"@id\":\"https:\\\/\\\/kohenavocats.com\\\/tr\\\/#\\\/schema\\\/person\\\/761c9ba54fa1ca84d405cef0831ff751\",\"name\":\"Kohen\",\"image\":{\"@type\":\"ImageObject\",\"inLanguage\":\"tr\",\"@id\":\"https:\\\/\\\/secure.gravatar.com\\\/avatar\\\/1c5e76ef76bbbfdd2b4da984e2bf2fa4056fd51a27d25ce2c332047f1dfd6e00?s=96&d=identicon&r=g\",\"url\":\"https:\\\/\\\/secure.gravatar.com\\\/avatar\\\/1c5e76ef76bbbfdd2b4da984e2bf2fa4056fd51a27d25ce2c332047f1dfd6e00?s=96&d=identicon&r=g\",\"contentUrl\":\"https:\\\/\\\/secure.gravatar.com\\\/avatar\\\/1c5e76ef76bbbfdd2b4da984e2bf2fa4056fd51a27d25ce2c332047f1dfd6e00?s=96&d=identicon&r=g\",\"caption\":\"Kohen\"},\"sameAs\":[\"https:\\\/\\\/www.linkedin.com\\\/in\\\/hassan-kohen-448548192\\\/\",\"https:\\\/\\\/www.youtube.com\\\/@Kohen-Avocats\"],\"url\":\"https:\\\/\\\/kohenavocats.com\\\/tr\\\/author\\\/kohenmlk\\\/\"}]}<\/script>\n<!-- \/ Yoast SEO Premium plugin. -->","yoast_head_json":{"title":"Tribunal judiciaire de Saint-\u00c9tienne, le 30 septembre 2025, n\u00b025\/00496 - Ma\u00eetre Hassan Kohen, avocat en droit p\u00e9nal \u00e0 Paris","description":"Le tribunal judiciaire de Saint-\u00c9tienne, statuant en r\u00e9f\u00e9r\u00e9 le 30 septembre 2025, se prononce sur une demande en d\u00e9signation d\u2019expert. Une copropri\u00e9taire sub...","robots":{"index":"index","follow":"follow","max-snippet":"max-snippet:-1","max-image-preview":"max-image-preview:large","max-video-preview":"max-video-preview:-1"},"canonical":"https:\/\/kohenavocats.com\/tr\/tribunal-judiciaire-de-saint-etienne-le-30-septembre-2025-n25-00496-2\/","og_locale":"tr_TR","og_type":"article","og_title":"Tribunal judiciaire de Saint-\u00c9tienne, le 30 septembre 2025, n\u00b025\/00496","og_description":"Le tribunal judiciaire de Saint-\u00c9tienne, statuant en r\u00e9f\u00e9r\u00e9 le 30 septembre 2025, se prononce sur une demande en d\u00e9signation d\u2019expert. Une copropri\u00e9taire sub...","og_url":"https:\/\/kohenavocats.com\/tr\/tribunal-judiciaire-de-saint-etienne-le-30-septembre-2025-n25-00496-2\/","og_site_name":"Ma\u00eetre Hassan Kohen, avocat en droit p\u00e9nal \u00e0 Paris","article_published_time":"2026-04-23T03:55:10+00:00","og_image":[{"width":4500,"height":8000,"url":"https:\/\/kohenavocats.com\/wp-content\/uploads\/2024\/11\/steve-johnson-3HpZG4u5zyM-unsplash.webp","type":"image\/webp"}],"author":"Kohen","twitter_card":"summary_large_image","twitter_misc":{"Yazan:":"Kohen","Tahmini okuma s\u00fcresi":"3 dakika"},"schema":{"@context":"https:\/\/schema.org","@graph":[{"@type":"Article","@id":"https:\/\/kohenavocats.com\/tr\/tribunal-judiciaire-de-saint-etienne-le-30-septembre-2025-n25-00496-2\/#article","isPartOf":{"@id":"https:\/\/kohenavocats.com\/tr\/tribunal-judiciaire-de-saint-etienne-le-30-septembre-2025-n25-00496-2\/"},"author":{"name":"Kohen","@id":"https:\/\/kohenavocats.com\/tr\/#\/schema\/person\/761c9ba54fa1ca84d405cef0831ff751"},"headline":"Tribunal judiciaire de Saint-\u00c9tienne, le 30 septembre 2025, n\u00b025\/00496","datePublished":"2026-04-23T03:55:10+00:00","mainEntityOfPage":{"@id":"https:\/\/kohenavocats.com\/tr\/tribunal-judiciaire-de-saint-etienne-le-30-septembre-2025-n25-00496-2\/"},"wordCount":566,"commentCount":0,"publisher":{"@id":"https:\/\/kohenavocats.com\/tr\/#organization"},"image":{"@id":"https:\/\/kohenavocats.com\/tr\/tribunal-judiciaire-de-saint-etienne-le-30-septembre-2025-n25-00496-2\/#primaryimage"},"thumbnailUrl":"https:\/\/kohenavocats.com\/wp-content\/uploads\/2024\/11\/steve-johnson-3HpZG4u5zyM-unsplash.webp","articleSection":["Jurisprudence"],"inLanguage":"tr","potentialAction":[{"@type":"CommentAction","name":"Comment","target":["https:\/\/kohenavocats.com\/tr\/tribunal-judiciaire-de-saint-etienne-le-30-septembre-2025-n25-00496-2\/#respond"]}],"citation":"Tribunal judiciaire de Saint-\u00c9tienne, le 30 septembre 2025, n\u00b025\/00496","about":[{"@type":"Thing","name":"Jurisprudence"}],"dateModified":"2026-04-23T03:55:10+00:00","speakable":{"@type":"SpeakableSpecification","cssSelector":[".article-content > p:first-of-type"]}},{"@type":"WebPage","@id":"https:\/\/kohenavocats.com\/tr\/tribunal-judiciaire-de-saint-etienne-le-30-septembre-2025-n25-00496-2\/","url":"https:\/\/kohenavocats.com\/tr\/tribunal-judiciaire-de-saint-etienne-le-30-septembre-2025-n25-00496-2\/","name":"Tribunal judiciaire de Saint-\u00c9tienne, le 30 septembre 2025, n\u00b025\/00496 - Ma\u00eetre Hassan Kohen, avocat en droit p\u00e9nal \u00e0 Paris","isPartOf":{"@id":"https:\/\/kohenavocats.com\/tr\/#website"},"primaryImageOfPage":{"@id":"https:\/\/kohenavocats.com\/tr\/tribunal-judiciaire-de-saint-etienne-le-30-septembre-2025-n25-00496-2\/#primaryimage"},"image":{"@id":"https:\/\/kohenavocats.com\/tr\/tribunal-judiciaire-de-saint-etienne-le-30-septembre-2025-n25-00496-2\/#primaryimage"},"thumbnailUrl":"https:\/\/kohenavocats.com\/wp-content\/uploads\/2024\/11\/steve-johnson-3HpZG4u5zyM-unsplash.webp","datePublished":"2026-04-23T03:55:10+00:00","description":"Le tribunal judiciaire de Saint-\u00c9tienne, statuant en r\u00e9f\u00e9r\u00e9 le 30 septembre 2025, se prononce sur une demande en d\u00e9signation d\u2019expert. Une copropri\u00e9taire sub...","breadcrumb":{"@id":"https:\/\/kohenavocats.com\/tr\/tribunal-judiciaire-de-saint-etienne-le-30-septembre-2025-n25-00496-2\/#breadcrumb"},"inLanguage":"tr","potentialAction":[{"@type":"ReadAction","target":["https:\/\/kohenavocats.com\/tr\/tribunal-judiciaire-de-saint-etienne-le-30-septembre-2025-n25-00496-2\/"]}]},{"@type":"ImageObject","inLanguage":"tr","@id":"https:\/\/kohenavocats.com\/tr\/tribunal-judiciaire-de-saint-etienne-le-30-septembre-2025-n25-00496-2\/#primaryimage","url":"https:\/\/kohenavocats.com\/wp-content\/uploads\/2024\/11\/steve-johnson-3HpZG4u5zyM-unsplash.webp","contentUrl":"https:\/\/kohenavocats.com\/wp-content\/uploads\/2024\/11\/steve-johnson-3HpZG4u5zyM-unsplash.webp","width":4500,"height":8000},{"@type":"BreadcrumbList","@id":"https:\/\/kohenavocats.com\/tr\/tribunal-judiciaire-de-saint-etienne-le-30-septembre-2025-n25-00496-2\/#breadcrumb","itemListElement":[{"@type":"ListItem","position":1,"name":"Home","item":"https:\/\/kohenavocats.com\/tr\/avocats-en-droit-penal-a-paris-conseil-et-defense-strategique\/"},{"@type":"ListItem","position":2,"name":"Tribunal judiciaire de Saint-\u00c9tienne, le 30 septembre 2025, n\u00b025\/00496"}]},{"@type":"WebSite","@id":"https:\/\/kohenavocats.com\/tr\/#website","url":"https:\/\/kohenavocats.com\/tr\/","name":"Kohen Avocats","description":"Ma\u00eetre Hassan Kohen, avocat p\u00e9naliste \u00e0 Paris, intervient exclusivement en droit p\u00e9nal pour la d\u00e9fense des particuliers, notamment en mati\u00e8re d\u2019accusations de viol. Il assure un accompagnement rigoureux d\u00e8s la garde \u00e0 vue jusqu\u2019\u00e0 la Cour d\u2019assises, veillant au strict respect des garanties proc\u00e9durales.","publisher":{"@id":"https:\/\/kohenavocats.com\/tr\/#organization"},"potentialAction":[{"@type":"SearchAction","target":{"@type":"EntryPoint","urlTemplate":"https:\/\/kohenavocats.com\/tr\/?s={search_term_string}"},"query-input":{"@type":"PropertyValueSpecification","valueRequired":true,"valueName":"search_term_string"}}],"inLanguage":"tr"},{"@type":"Organization","@id":"https:\/\/kohenavocats.com\/tr\/#organization","name":"Kohen Avocats","url":"https:\/\/kohenavocats.com\/tr\/","logo":{"@type":"ImageObject","inLanguage":"tr","@id":"https:\/\/kohenavocats.com\/tr\/#\/schema\/logo\/image\/","url":"https:\/\/kohenavocats.com\/wp-content\/uploads\/2026\/01\/Logo-2-1.webp","contentUrl":"https:\/\/kohenavocats.com\/wp-content\/uploads\/2026\/01\/Logo-2-1.webp","width":2114,"height":1253,"caption":"Kohen Avocats"},"image":{"@id":"https:\/\/kohenavocats.com\/tr\/#\/schema\/logo\/image\/"}},{"@type":"Person","@id":"https:\/\/kohenavocats.com\/tr\/#\/schema\/person\/761c9ba54fa1ca84d405cef0831ff751","name":"Kohen","image":{"@type":"ImageObject","inLanguage":"tr","@id":"https:\/\/secure.gravatar.com\/avatar\/1c5e76ef76bbbfdd2b4da984e2bf2fa4056fd51a27d25ce2c332047f1dfd6e00?s=96&d=identicon&r=g","url":"https:\/\/secure.gravatar.com\/avatar\/1c5e76ef76bbbfdd2b4da984e2bf2fa4056fd51a27d25ce2c332047f1dfd6e00?s=96&d=identicon&r=g","contentUrl":"https:\/\/secure.gravatar.com\/avatar\/1c5e76ef76bbbfdd2b4da984e2bf2fa4056fd51a27d25ce2c332047f1dfd6e00?s=96&d=identicon&r=g","caption":"Kohen"},"sameAs":["https:\/\/www.linkedin.com\/in\/hassan-kohen-448548192\/","https:\/\/www.youtube.com\/@Kohen-Avocats"],"url":"https:\/\/kohenavocats.com\/tr\/author\/kohenmlk\/"}]}},"jetpack_featured_media_url":"https:\/\/kohenavocats.com\/wp-content\/uploads\/2024\/11\/steve-johnson-3HpZG4u5zyM-unsplash.webp","jetpack_likes_enabled":false,"jetpack_shortlink":"https:\/\/wp.me\/peCrII-2Kz0","jetpack-related-posts":[{"id":661609,"url":"https:\/\/kohenavocats.com\/tr\/tribunal-judiciaire-de-saint-etienne-le-25-septembre-2025-n25-00474-2\/","url_meta":{"origin":655650,"position":0},"title":"Tribunal judiciaire de Saint-\u00c9tienne, le 25 septembre 2025, n\u00b025\/00474","author":"Kohen","date":"23 Nisan 2026","format":false,"excerpt":"Le tribunal judiciaire de Saint-\u00c9tienne, statuant en r\u00e9f\u00e9r\u00e9 le 25 septembre 2025, se prononce sur la l\u00e9gitimit\u00e9 d\u2019appels en cause dans une expertise. Suite \u00e0...","rel":"","context":"&quot;Jurisprudence&quot; i\u00e7inde","block_context":{"text":"Jurisprudence","link":"https:\/\/kohenavocats.com\/category\/jurisprudence\/"},"img":{"alt_text":"","src":"https:\/\/i0.wp.com\/kohenavocats.com\/wp-content\/uploads\/2024\/11\/getty-images-HWIZ10Iyb84-unsplash.webp?resize=350%2C200&ssl=1","width":350,"height":200,"srcset":"https:\/\/i0.wp.com\/kohenavocats.com\/wp-content\/uploads\/2024\/11\/getty-images-HWIZ10Iyb84-unsplash.webp?resize=350%2C200&ssl=1 1x, https:\/\/i0.wp.com\/kohenavocats.com\/wp-content\/uploads\/2024\/11\/getty-images-HWIZ10Iyb84-unsplash.webp?resize=525%2C300&ssl=1 1.5x, https:\/\/i0.wp.com\/kohenavocats.com\/wp-content\/uploads\/2024\/11\/getty-images-HWIZ10Iyb84-unsplash.webp?resize=700%2C400&ssl=1 2x, https:\/\/i0.wp.com\/kohenavocats.com\/wp-content\/uploads\/2024\/11\/getty-images-HWIZ10Iyb84-unsplash.webp?resize=1050%2C600&ssl=1 3x, https:\/\/i0.wp.com\/kohenavocats.com\/wp-content\/uploads\/2024\/11\/getty-images-HWIZ10Iyb84-unsplash.webp?resize=1400%2C800&ssl=1 4x"},"classes":[]},{"id":490352,"url":"https:\/\/kohenavocats.com\/tr\/tribunal-judiciaire-de-saint-etienne-le-20-novembre-2025-n25-00692\/","url_meta":{"origin":655650,"position":1},"title":"Tribunal judiciaire de Saint-\u00c9tienne, le 20 novembre 2025, n\u00b025\/00692","author":"Kohen","date":"8 Nisan 2026","format":false,"excerpt":"Le tribunal judiciaire de Saint-\u00c9tienne, statuant en r\u00e9f\u00e9r\u00e9 le 20 novembre 2025, se prononce sur une demande d'expertise fond\u00e9e sur l'article 145 du code de ...","rel":"","context":"&quot;Jurisprudence&quot; i\u00e7inde","block_context":{"text":"Jurisprudence","link":"https:\/\/kohenavocats.com\/category\/jurisprudence\/"},"img":{"alt_text":"","src":"https:\/\/i0.wp.com\/kohenavocats.com\/wp-content\/uploads\/2024\/11\/getty-images-wRCxUP603nE-unsplash.webp?resize=350%2C200&ssl=1","width":350,"height":200,"srcset":"https:\/\/i0.wp.com\/kohenavocats.com\/wp-content\/uploads\/2024\/11\/getty-images-wRCxUP603nE-unsplash.webp?resize=350%2C200&ssl=1 1x, https:\/\/i0.wp.com\/kohenavocats.com\/wp-content\/uploads\/2024\/11\/getty-images-wRCxUP603nE-unsplash.webp?resize=525%2C300&ssl=1 1.5x, https:\/\/i0.wp.com\/kohenavocats.com\/wp-content\/uploads\/2024\/11\/getty-images-wRCxUP603nE-unsplash.webp?resize=700%2C400&ssl=1 2x, https:\/\/i0.wp.com\/kohenavocats.com\/wp-content\/uploads\/2024\/11\/getty-images-wRCxUP603nE-unsplash.webp?resize=1050%2C600&ssl=1 3x, https:\/\/i0.wp.com\/kohenavocats.com\/wp-content\/uploads\/2024\/11\/getty-images-wRCxUP603nE-unsplash.webp?resize=1400%2C800&ssl=1 4x"},"classes":[]},{"id":656394,"url":"https:\/\/kohenavocats.com\/tr\/tribunal-judiciaire-de-saint-etienne-le-30-septembre-2025-n25-00456-2\/","url_meta":{"origin":655650,"position":2},"title":"Tribunal judiciaire de Saint-\u00c9tienne, le 30 septembre 2025, n\u00b025\/00456","author":"Kohen","date":"23 Nisan 2026","format":false,"excerpt":"Le tribunal judiciaire de Saint-\u00c9tienne, statuant en r\u00e9f\u00e9r\u00e9 le 30 septembre 2025, se prononce sur une demande de mesures d'instruction et de provisions suite...","rel":"","context":"&quot;Jurisprudence&quot; i\u00e7inde","block_context":{"text":"Jurisprudence","link":"https:\/\/kohenavocats.com\/category\/jurisprudence\/"},"img":{"alt_text":"","src":"https:\/\/i0.wp.com\/kohenavocats.com\/wp-content\/uploads\/2024\/08\/nelson-ricardo-7L4Yr-xfHE0-unsplash.webp?resize=350%2C200&ssl=1","width":350,"height":200,"srcset":"https:\/\/i0.wp.com\/kohenavocats.com\/wp-content\/uploads\/2024\/08\/nelson-ricardo-7L4Yr-xfHE0-unsplash.webp?resize=350%2C200&ssl=1 1x, https:\/\/i0.wp.com\/kohenavocats.com\/wp-content\/uploads\/2024\/08\/nelson-ricardo-7L4Yr-xfHE0-unsplash.webp?resize=525%2C300&ssl=1 1.5x, https:\/\/i0.wp.com\/kohenavocats.com\/wp-content\/uploads\/2024\/08\/nelson-ricardo-7L4Yr-xfHE0-unsplash.webp?resize=700%2C400&ssl=1 2x, https:\/\/i0.wp.com\/kohenavocats.com\/wp-content\/uploads\/2024\/08\/nelson-ricardo-7L4Yr-xfHE0-unsplash.webp?resize=1050%2C600&ssl=1 3x, https:\/\/i0.wp.com\/kohenavocats.com\/wp-content\/uploads\/2024\/08\/nelson-ricardo-7L4Yr-xfHE0-unsplash.webp?resize=1400%2C800&ssl=1 4x"},"classes":[]},{"id":624664,"url":"https:\/\/kohenavocats.com\/tr\/tribunal-judiciaire-de-saint-etienne-le-16-octobre-2025-n25-00618\/","url_meta":{"origin":655650,"position":3},"title":"Tribunal judiciaire de Saint-\u00c9tienne, le 16 octobre 2025, n\u00b025\/00618","author":"Kohen","date":"20 Nisan 2026","format":false,"excerpt":"Le tribunal judiciaire de Saint-\u00c9tienne, statuant en r\u00e9f\u00e9r\u00e9 le 16 octobre 2025, se prononce sur une demande de mise hors de cause dans le cadre d\u2019une experti...","rel":"","context":"&quot;Jurisprudence&quot; i\u00e7inde","block_context":{"text":"Jurisprudence","link":"https:\/\/kohenavocats.com\/category\/jurisprudence\/"},"img":{"alt_text":"","src":"https:\/\/i0.wp.com\/kohenavocats.com\/wp-content\/uploads\/2024\/08\/jonathan-velasquez-eUSpDPSFdKU-unsplash-1.webp?resize=350%2C200&ssl=1","width":350,"height":200,"srcset":"https:\/\/i0.wp.com\/kohenavocats.com\/wp-content\/uploads\/2024\/08\/jonathan-velasquez-eUSpDPSFdKU-unsplash-1.webp?resize=350%2C200&ssl=1 1x, https:\/\/i0.wp.com\/kohenavocats.com\/wp-content\/uploads\/2024\/08\/jonathan-velasquez-eUSpDPSFdKU-unsplash-1.webp?resize=525%2C300&ssl=1 1.5x, https:\/\/i0.wp.com\/kohenavocats.com\/wp-content\/uploads\/2024\/08\/jonathan-velasquez-eUSpDPSFdKU-unsplash-1.webp?resize=700%2C400&ssl=1 2x, https:\/\/i0.wp.com\/kohenavocats.com\/wp-content\/uploads\/2024\/08\/jonathan-velasquez-eUSpDPSFdKU-unsplash-1.webp?resize=1050%2C600&ssl=1 3x, https:\/\/i0.wp.com\/kohenavocats.com\/wp-content\/uploads\/2024\/08\/jonathan-velasquez-eUSpDPSFdKU-unsplash-1.webp?resize=1400%2C800&ssl=1 4x"},"classes":[]},{"id":655702,"url":"https:\/\/kohenavocats.com\/tr\/tribunal-judiciaire-de-saint-etienne-le-30-septembre-2025-n25-00418-2\/","url_meta":{"origin":655650,"position":4},"title":"Tribunal judiciaire de Saint-Etienne, le 30 septembre 2025, n\u00b025\/00418","author":"Kohen","date":"23 Nisan 2026","format":false,"excerpt":"Le tribunal judiciaire, statuant en r\u00e9f\u00e9r\u00e9 le 30 septembre 2025, examine une demande du syndicat des copropri\u00e9taires. Ce dernier sollicite la remise en \u00e9tat ...","rel":"","context":"&quot;Jurisprudence&quot; i\u00e7inde","block_context":{"text":"Jurisprudence","link":"https:\/\/kohenavocats.com\/category\/jurisprudence\/"},"img":{"alt_text":"","src":"https:\/\/i0.wp.com\/kohenavocats.com\/wp-content\/uploads\/2024\/11\/levi-meir-clancy-7G0nL85xi-w-unsplash.webp?resize=350%2C200&ssl=1","width":350,"height":200,"srcset":"https:\/\/i0.wp.com\/kohenavocats.com\/wp-content\/uploads\/2024\/11\/levi-meir-clancy-7G0nL85xi-w-unsplash.webp?resize=350%2C200&ssl=1 1x, https:\/\/i0.wp.com\/kohenavocats.com\/wp-content\/uploads\/2024\/11\/levi-meir-clancy-7G0nL85xi-w-unsplash.webp?resize=525%2C300&ssl=1 1.5x, https:\/\/i0.wp.com\/kohenavocats.com\/wp-content\/uploads\/2024\/11\/levi-meir-clancy-7G0nL85xi-w-unsplash.webp?resize=700%2C400&ssl=1 2x, https:\/\/i0.wp.com\/kohenavocats.com\/wp-content\/uploads\/2024\/11\/levi-meir-clancy-7G0nL85xi-w-unsplash.webp?resize=1050%2C600&ssl=1 3x, https:\/\/i0.wp.com\/kohenavocats.com\/wp-content\/uploads\/2024\/11\/levi-meir-clancy-7G0nL85xi-w-unsplash.webp?resize=1400%2C800&ssl=1 4x"},"classes":[]},{"id":682334,"url":"https:\/\/kohenavocats.com\/tr\/tribunal-judiciaire-de-saint-etienne-le-18-septembre-2025-n25-00472-2\/","url_meta":{"origin":655650,"position":5},"title":"Tribunal judiciaire de Saint-Etienne, le 18 septembre 2025, n\u00b025\/00472","author":"Kohen","date":"25 Nisan 2026","format":false,"excerpt":"Le tribunal judiciaire statuant en r\u00e9f\u00e9r\u00e9, le 18 septembre 2025, se prononce sur deux demandes cons\u00e9cutives \u00e0 un accident de la circulation. La victime solli...","rel":"","context":"&quot;Jurisprudence&quot; i\u00e7inde","block_context":{"text":"Jurisprudence","link":"https:\/\/kohenavocats.com\/category\/jurisprudence\/"},"img":{"alt_text":"","src":"https:\/\/i0.wp.com\/kohenavocats.com\/wp-content\/uploads\/2024\/11\/getty-images-xdphsBoOFvY-unsplash.webp?resize=350%2C200&ssl=1","width":350,"height":200,"srcset":"https:\/\/i0.wp.com\/kohenavocats.com\/wp-content\/uploads\/2024\/11\/getty-images-xdphsBoOFvY-unsplash.webp?resize=350%2C200&ssl=1 1x, https:\/\/i0.wp.com\/kohenavocats.com\/wp-content\/uploads\/2024\/11\/getty-images-xdphsBoOFvY-unsplash.webp?resize=525%2C300&ssl=1 1.5x, https:\/\/i0.wp.com\/kohenavocats.com\/wp-content\/uploads\/2024\/11\/getty-images-xdphsBoOFvY-unsplash.webp?resize=700%2C400&ssl=1 2x, https:\/\/i0.wp.com\/kohenavocats.com\/wp-content\/uploads\/2024\/11\/getty-images-xdphsBoOFvY-unsplash.webp?resize=1050%2C600&ssl=1 3x, https:\/\/i0.wp.com\/kohenavocats.com\/wp-content\/uploads\/2024\/11\/getty-images-xdphsBoOFvY-unsplash.webp?resize=1400%2C800&ssl=1 4x"},"classes":[]}],"jetpack_sharing_enabled":true,"_links":{"self":[{"href":"https:\/\/kohenavocats.com\/tr\/wp-json\/wp\/v2\/posts\/655650","targetHints":{"allow":["GET"]}}],"collection":[{"href":"https:\/\/kohenavocats.com\/tr\/wp-json\/wp\/v2\/posts"}],"about":[{"href":"https:\/\/kohenavocats.com\/tr\/wp-json\/wp\/v2\/types\/post"}],"author":[{"embeddable":true,"href":"https:\/\/kohenavocats.com\/tr\/wp-json\/wp\/v2\/users\/232070755"}],"replies":[{"embeddable":true,"href":"https:\/\/kohenavocats.com\/tr\/wp-json\/wp\/v2\/comments?post=655650"}],"version-history":[{"count":0,"href":"https:\/\/kohenavocats.com\/tr\/wp-json\/wp\/v2\/posts\/655650\/revisions"}],"wp:featuredmedia":[{"embeddable":true,"href":"https:\/\/kohenavocats.com\/tr\/wp-json\/wp\/v2\/media\/9430"}],"wp:attachment":[{"href":"https:\/\/kohenavocats.com\/tr\/wp-json\/wp\/v2\/media?parent=655650"}],"wp:term":[{"taxonomy":"category","embeddable":true,"href":"https:\/\/kohenavocats.com\/tr\/wp-json\/wp\/v2\/categories?post=655650"},{"taxonomy":"post_tag","embeddable":true,"href":"https:\/\/kohenavocats.com\/tr\/wp-json\/wp\/v2\/tags?post=655650"}],"curies":[{"name":"wp","href":"https:\/\/api.w.org\/{rel}","templated":true}]}}