{"id":655776,"date":"2026-04-23T06:14:26","date_gmt":"2026-04-23T04:14:26","guid":{"rendered":"https:\/\/kohenavocats.com\/cour-dappel-de-paris-le-15-mars-2024-n25-00402\/"},"modified":"2026-04-23T06:14:26","modified_gmt":"2026-04-23T04:14:26","slug":"cour-dappel-de-paris-le-15-mars-2024-n25-00402","status":"publish","type":"post","link":"https:\/\/kohenavocats.com\/tr\/cour-dappel-de-paris-le-15-mars-2024-n25-00402\/","title":{"rendered":"Cour d&#8217;appel de Paris, le 15 mars 2024, n\u00b025\/00402"},"content":{"rendered":"<div class=\"article-content\">\n<p>La cour d\u2019appel de Paris, le 15 mars 2024, statue sur une demande d\u2019extension d\u2019une mesure d\u2019instruction. Un d\u00e9g\u00e2t des eaux dans un appartement a conduit \u00e0 une expertise. Le propri\u00e9taire de l\u2019\u00e9tage sup\u00e9rieur et son assureur sollicitent leur participation \u00e0 cette expertise. La juridiction doit d\u00e9terminer les conditions de cette extension en r\u00e9f\u00e9r\u00e9. Elle acc\u00e8de \u00e0 la demande et rejette la condamnation aux frais irr\u00e9p\u00e9tibles.<\/p>\n<p>Les conditions de l\u2019extension<br \/>\nLe juge rappelle le fondement l\u00e9gal de sa d\u00e9cision en se r\u00e9f\u00e9rant \u00e0 l\u2019article 145 du code de proc\u00e9dure civile. Il est n\u00e9cessaire qu\u2019existe un motif l\u00e9gitime pour \u00e9tendre une mesure d\u2019instruction \u00e0 de nouvelles parties. Ce motif d\u00e9coule directement des constatations techniques de l\u2019expert d\u00e9j\u00e0 d\u00e9sign\u00e9. La responsabilit\u00e9 du propri\u00e9taire du logement situ\u00e9 \u00e0 l\u2019\u00e9tage sup\u00e9rieur est \u00e9voqu\u00e9e dans le rapport. &#8220;Il convient de permettre au propri\u00e9taire de l\u2019appartement situ\u00e9 au dessus de celui dans lequel le d\u00e9g\u00e2t des eaux est survenu et \u00e0 son assureur de participer d\u00e9sormais aux op\u00e9rations techniques d\u00e8s lors que l\u2019expert a estim\u00e9 que la responsabilit\u00e9 du premier \u00e9tait susceptible d\u2019\u00eatre engag\u00e9e.&#8221; (Motifs de la d\u00e9cision) Ce lien causal potentiel constitue un int\u00e9r\u00eat suffisant pour justifier l\u2019extension. La jurisprudence confirme cette approche en exigeant un int\u00e9r\u00eat manifeste pour discuter une responsabilit\u00e9. &#8220;La MAIF justifie d\u2019un motif l\u00e9gitime pour obtenir la mesure d\u2019extension r\u00e9clam\u00e9e d\u00e8s lors qu\u2019est \u00e9tabli un int\u00e9r\u00eat manifeste \u00e0 pouvoir discuter l\u2019\u00e9ventuelle responsabilit\u00e9 des locataires dans les d\u00e9sordres constat\u00e9s apr\u00e8s leur d\u00e9part.&#8221; (Tribunal judiciaire de Saint-Denis de La R\u00e9union, le 9 octobre 2025, n\u00b025\/00269) La d\u00e9cision renforce ainsi la condition du motif l\u00e9gitime, li\u00e9 \u00e0 une pr\u00e9somption de responsabilit\u00e9.<\/p>\n<p>Les cons\u00e9quences proc\u00e9durales<br \/>\nL\u2019ordonnance pr\u00e9cise les modalit\u00e9s pratiques de la poursuite de l\u2019expertise d\u00e9sormais commune. Les nouvelles parties devront \u00eatre r\u00e9guli\u00e8rement convoqu\u00e9es \u00e0 toutes les op\u00e9rations techniques. Le juge ordonne que les op\u00e9rations se d\u00e9roulent en pr\u00e9sence des personnes concern\u00e9es ou d\u00fbment appel\u00e9es. &#8220;Dit en cons\u00e9quence que les op\u00e9rations de M. [W] se poursuivront d\u00e9sormais en pr\u00e9sence de ces personnes ou d\u00fbment appel\u00e9es ainsi que leurs conseils \u00e9ventuels&#8221; (Par ces motifs) Cette pr\u00e9cision garantit le respect du principe contradictoire durant toute la mesure d\u2019instruction. Concernant les frais de la proc\u00e9dure, la demande sur le fondement de l\u2019article 700 du code de proc\u00e9dure civile est rejet\u00e9e. &#8220;D\u00e9boute la soci\u00e9t\u00e9 AE immobilier de sa demande fond\u00e9e sur les dispositions de l\u2019article 700 du code de proc\u00e9dure civile&#8221; (Par ces motifs) Les d\u00e9pens du r\u00e9f\u00e9r\u00e9 sont laiss\u00e9s \u00e0 la charge de la demanderesse \u00e0 l\u2019extension. Cette solution souligne le caract\u00e8re accessoire de cette demande dans le cadre d\u2019une proc\u00e9dure d\u2019extension. Elle rappelle que la condamnation aux frais irr\u00e9p\u00e9tibles n\u2019est pas automatique en mati\u00e8re d\u2019instruction.<\/p>\n<\/div>\n","protected":false},"excerpt":{"rendered":"<p>La cour d\u2019appel de Paris, le 15 mars 2024, statue sur une demande d\u2019extension d\u2019une mesure d\u2019instruction. Un d\u00e9g\u00e2t des eaux dans un appartement a conduit \u00e0 u&#8230;<\/p>\n","protected":false},"author":232070755,"featured_media":3924,"comment_status":"open","ping_status":"open","sticky":false,"template":"","format":"standard","meta":{"_crdt_document":"","_jetpack_newsletter_access":"","_jetpack_dont_email_post_to_subs":false,"_jetpack_newsletter_tier_id":0,"_jetpack_memberships_contains_paywalled_content":false,"_kj_source_type":"judilibre","_kj_official_id":"68decac46af9fd1f8095487b","_kj_official_url":"https:\/\/www.courdecassation.fr\/decision\/68decac46af9fd1f8095487b","_kj_judilibre_id":"68decac46af9fd1f8095487b","_kj_jur":"Tribunal judiciaire","_kj_lieu":"Tribunal judiciaire de Bourg-en-Bresse","_kj_chambre":"R\u00e9f\u00e9r\u00e9s","_kj_rg":"25\/00402","_kj_date":"2025-09-30","_jetpack_memberships_contains_paid_content":false,"footnotes":"","jetpack_post_was_ever_published":false},"categories":[7597],"tags":[],"class_list":["post-655776","post","type-post","status-publish","format-standard","has-post-thumbnail","hentry","category-jurisprudence"],"yoast_head":"<!-- This site is optimized with the Yoast SEO Premium plugin v27.5 (Yoast SEO v27.5) - https:\/\/yoast.com\/product\/yoast-seo-premium-wordpress\/ -->\n<title>Cour d&#039;appel de Paris, le 15 mars 2024, n\u00b025\/00402 - Ma\u00eetre Hassan Kohen, avocat en droit p\u00e9nal \u00e0 Paris<\/title>\n<meta name=\"description\" content=\"La cour d\u2019appel de Paris, le 15 mars 2024, statue sur une demande d\u2019extension d\u2019une mesure d\u2019instruction. Un d\u00e9g\u00e2t des eaux dans un appartement a conduit \u00e0 u...\" \/>\n<meta name=\"robots\" content=\"index, follow, max-snippet:-1, max-image-preview:large, max-video-preview:-1\" \/>\n<link rel=\"canonical\" href=\"https:\/\/kohenavocats.com\/tr\/cour-dappel-de-paris-le-15-mars-2024-n25-00402\/\" \/>\n<meta property=\"og:locale\" content=\"tr_TR\" \/>\n<meta property=\"og:type\" content=\"article\" \/>\n<meta property=\"og:title\" content=\"Cour d&#039;appel de Paris, le 15 mars 2024, n\u00b025\/00402\" \/>\n<meta property=\"og:description\" content=\"La cour d\u2019appel de Paris, le 15 mars 2024, statue sur une demande d\u2019extension d\u2019une mesure d\u2019instruction. Un d\u00e9g\u00e2t des eaux dans un appartement a conduit \u00e0 u...\" \/>\n<meta property=\"og:url\" content=\"https:\/\/kohenavocats.com\/tr\/cour-dappel-de-paris-le-15-mars-2024-n25-00402\/\" \/>\n<meta property=\"og:site_name\" content=\"Ma\u00eetre Hassan Kohen, avocat en droit p\u00e9nal \u00e0 Paris\" \/>\n<meta property=\"article:published_time\" content=\"2026-04-23T04:14:26+00:00\" \/>\n<meta property=\"og:image\" content=\"https:\/\/kohenavocats.com\/wp-content\/uploads\/2024\/07\/zach-plank-o-cpCRdEgxs-unsplash.webp\" \/>\n\t<meta property=\"og:image:width\" content=\"6028\" \/>\n\t<meta property=\"og:image:height\" content=\"4019\" \/>\n\t<meta property=\"og:image:type\" content=\"image\/webp\" \/>\n<meta name=\"author\" content=\"Kohen\" \/>\n<meta name=\"twitter:card\" content=\"summary_large_image\" \/>\n<meta name=\"twitter:label1\" content=\"Yazan:\" \/>\n\t<meta name=\"twitter:data1\" content=\"Kohen\" \/>\n\t<meta name=\"twitter:label2\" content=\"Tahmini okuma s\u00fcresi\" \/>\n\t<meta name=\"twitter:data2\" content=\"3 dakika\" \/>\n<script type=\"application\/ld+json\" class=\"yoast-schema-graph\">{\"@context\":\"https:\\\/\\\/schema.org\",\"@graph\":[{\"@type\":\"Article\",\"@id\":\"https:\\\/\\\/kohenavocats.com\\\/tr\\\/cour-dappel-de-paris-le-15-mars-2024-n25-00402\\\/#article\",\"isPartOf\":{\"@id\":\"https:\\\/\\\/kohenavocats.com\\\/tr\\\/cour-dappel-de-paris-le-15-mars-2024-n25-00402\\\/\"},\"author\":{\"name\":\"Kohen\",\"@id\":\"https:\\\/\\\/kohenavocats.com\\\/tr\\\/#\\\/schema\\\/person\\\/761c9ba54fa1ca84d405cef0831ff751\"},\"headline\":\"Cour d&#8217;appel de Paris, le 15 mars 2024, n\u00b025\\\/00402\",\"datePublished\":\"2026-04-23T04:14:26+00:00\",\"mainEntityOfPage\":{\"@id\":\"https:\\\/\\\/kohenavocats.com\\\/tr\\\/cour-dappel-de-paris-le-15-mars-2024-n25-00402\\\/\"},\"wordCount\":543,\"commentCount\":0,\"publisher\":{\"@id\":\"https:\\\/\\\/kohenavocats.com\\\/tr\\\/#organization\"},\"image\":{\"@id\":\"https:\\\/\\\/kohenavocats.com\\\/tr\\\/cour-dappel-de-paris-le-15-mars-2024-n25-00402\\\/#primaryimage\"},\"thumbnailUrl\":\"https:\\\/\\\/kohenavocats.com\\\/wp-content\\\/uploads\\\/2024\\\/07\\\/zach-plank-o-cpCRdEgxs-unsplash.webp\",\"articleSection\":[\"Jurisprudence\"],\"inLanguage\":\"tr\",\"potentialAction\":[{\"@type\":\"CommentAction\",\"name\":\"Comment\",\"target\":[\"https:\\\/\\\/kohenavocats.com\\\/tr\\\/cour-dappel-de-paris-le-15-mars-2024-n25-00402\\\/#respond\"]}],\"citation\":\"Cour d&#8217;appel de Paris, le 15 mars 2024, n\u00b025\\\/00402\",\"about\":[{\"@type\":\"Thing\",\"name\":\"Jurisprudence\"}],\"dateModified\":\"2026-04-23T04:14:26+00:00\",\"speakable\":{\"@type\":\"SpeakableSpecification\",\"cssSelector\":[\".article-content > p:first-of-type\"]}},{\"@type\":\"WebPage\",\"@id\":\"https:\\\/\\\/kohenavocats.com\\\/tr\\\/cour-dappel-de-paris-le-15-mars-2024-n25-00402\\\/\",\"url\":\"https:\\\/\\\/kohenavocats.com\\\/tr\\\/cour-dappel-de-paris-le-15-mars-2024-n25-00402\\\/\",\"name\":\"Cour d'appel de Paris, le 15 mars 2024, n\u00b025\\\/00402 - Ma\u00eetre Hassan Kohen, avocat en droit p\u00e9nal \u00e0 Paris\",\"isPartOf\":{\"@id\":\"https:\\\/\\\/kohenavocats.com\\\/tr\\\/#website\"},\"primaryImageOfPage\":{\"@id\":\"https:\\\/\\\/kohenavocats.com\\\/tr\\\/cour-dappel-de-paris-le-15-mars-2024-n25-00402\\\/#primaryimage\"},\"image\":{\"@id\":\"https:\\\/\\\/kohenavocats.com\\\/tr\\\/cour-dappel-de-paris-le-15-mars-2024-n25-00402\\\/#primaryimage\"},\"thumbnailUrl\":\"https:\\\/\\\/kohenavocats.com\\\/wp-content\\\/uploads\\\/2024\\\/07\\\/zach-plank-o-cpCRdEgxs-unsplash.webp\",\"datePublished\":\"2026-04-23T04:14:26+00:00\",\"description\":\"La cour d\u2019appel de Paris, le 15 mars 2024, statue sur une demande d\u2019extension d\u2019une mesure d\u2019instruction. Un d\u00e9g\u00e2t des eaux dans un appartement a conduit \u00e0 u...\",\"breadcrumb\":{\"@id\":\"https:\\\/\\\/kohenavocats.com\\\/tr\\\/cour-dappel-de-paris-le-15-mars-2024-n25-00402\\\/#breadcrumb\"},\"inLanguage\":\"tr\",\"potentialAction\":[{\"@type\":\"ReadAction\",\"target\":[\"https:\\\/\\\/kohenavocats.com\\\/tr\\\/cour-dappel-de-paris-le-15-mars-2024-n25-00402\\\/\"]}]},{\"@type\":\"ImageObject\",\"inLanguage\":\"tr\",\"@id\":\"https:\\\/\\\/kohenavocats.com\\\/tr\\\/cour-dappel-de-paris-le-15-mars-2024-n25-00402\\\/#primaryimage\",\"url\":\"https:\\\/\\\/kohenavocats.com\\\/wp-content\\\/uploads\\\/2024\\\/07\\\/zach-plank-o-cpCRdEgxs-unsplash.webp\",\"contentUrl\":\"https:\\\/\\\/kohenavocats.com\\\/wp-content\\\/uploads\\\/2024\\\/07\\\/zach-plank-o-cpCRdEgxs-unsplash.webp\",\"width\":6028,\"height\":4019},{\"@type\":\"BreadcrumbList\",\"@id\":\"https:\\\/\\\/kohenavocats.com\\\/tr\\\/cour-dappel-de-paris-le-15-mars-2024-n25-00402\\\/#breadcrumb\",\"itemListElement\":[{\"@type\":\"ListItem\",\"position\":1,\"name\":\"Home\",\"item\":\"https:\\\/\\\/kohenavocats.com\\\/tr\\\/avocats-en-droit-penal-a-paris-conseil-et-defense-strategique\\\/\"},{\"@type\":\"ListItem\",\"position\":2,\"name\":\"Cour d&rsquo;appel de Paris, le 15 mars 2024, n\u00b025\\\/00402\"}]},{\"@type\":\"WebSite\",\"@id\":\"https:\\\/\\\/kohenavocats.com\\\/tr\\\/#website\",\"url\":\"https:\\\/\\\/kohenavocats.com\\\/tr\\\/\",\"name\":\"Kohen Avocats\",\"description\":\"Ma\u00eetre Hassan Kohen, avocat p\u00e9naliste \u00e0 Paris, intervient exclusivement en droit p\u00e9nal pour la d\u00e9fense des particuliers, notamment en mati\u00e8re d\u2019accusations de viol. Il assure un accompagnement rigoureux d\u00e8s la garde \u00e0 vue jusqu\u2019\u00e0 la Cour d\u2019assises, veillant au strict respect des garanties proc\u00e9durales.\",\"publisher\":{\"@id\":\"https:\\\/\\\/kohenavocats.com\\\/tr\\\/#organization\"},\"potentialAction\":[{\"@type\":\"SearchAction\",\"target\":{\"@type\":\"EntryPoint\",\"urlTemplate\":\"https:\\\/\\\/kohenavocats.com\\\/tr\\\/?s={search_term_string}\"},\"query-input\":{\"@type\":\"PropertyValueSpecification\",\"valueRequired\":true,\"valueName\":\"search_term_string\"}}],\"inLanguage\":\"tr\"},{\"@type\":\"Organization\",\"@id\":\"https:\\\/\\\/kohenavocats.com\\\/tr\\\/#organization\",\"name\":\"Kohen Avocats\",\"url\":\"https:\\\/\\\/kohenavocats.com\\\/tr\\\/\",\"logo\":{\"@type\":\"ImageObject\",\"inLanguage\":\"tr\",\"@id\":\"https:\\\/\\\/kohenavocats.com\\\/tr\\\/#\\\/schema\\\/logo\\\/image\\\/\",\"url\":\"https:\\\/\\\/kohenavocats.com\\\/wp-content\\\/uploads\\\/2026\\\/01\\\/Logo-2-1.webp\",\"contentUrl\":\"https:\\\/\\\/kohenavocats.com\\\/wp-content\\\/uploads\\\/2026\\\/01\\\/Logo-2-1.webp\",\"width\":2114,\"height\":1253,\"caption\":\"Kohen Avocats\"},\"image\":{\"@id\":\"https:\\\/\\\/kohenavocats.com\\\/tr\\\/#\\\/schema\\\/logo\\\/image\\\/\"}},{\"@type\":\"Person\",\"@id\":\"https:\\\/\\\/kohenavocats.com\\\/tr\\\/#\\\/schema\\\/person\\\/761c9ba54fa1ca84d405cef0831ff751\",\"name\":\"Kohen\",\"image\":{\"@type\":\"ImageObject\",\"inLanguage\":\"tr\",\"@id\":\"https:\\\/\\\/secure.gravatar.com\\\/avatar\\\/1c5e76ef76bbbfdd2b4da984e2bf2fa4056fd51a27d25ce2c332047f1dfd6e00?s=96&d=identicon&r=g\",\"url\":\"https:\\\/\\\/secure.gravatar.com\\\/avatar\\\/1c5e76ef76bbbfdd2b4da984e2bf2fa4056fd51a27d25ce2c332047f1dfd6e00?s=96&d=identicon&r=g\",\"contentUrl\":\"https:\\\/\\\/secure.gravatar.com\\\/avatar\\\/1c5e76ef76bbbfdd2b4da984e2bf2fa4056fd51a27d25ce2c332047f1dfd6e00?s=96&d=identicon&r=g\",\"caption\":\"Kohen\"},\"sameAs\":[\"https:\\\/\\\/www.linkedin.com\\\/in\\\/hassan-kohen-448548192\\\/\",\"https:\\\/\\\/www.youtube.com\\\/@Kohen-Avocats\"],\"url\":\"https:\\\/\\\/kohenavocats.com\\\/tr\\\/author\\\/kohenmlk\\\/\"}]}<\/script>\n<!-- \/ Yoast SEO Premium plugin. -->","yoast_head_json":{"title":"Cour d'appel de Paris, le 15 mars 2024, n\u00b025\/00402 - Ma\u00eetre Hassan Kohen, avocat en droit p\u00e9nal \u00e0 Paris","description":"La cour d\u2019appel de Paris, le 15 mars 2024, statue sur une demande d\u2019extension d\u2019une mesure d\u2019instruction. Un d\u00e9g\u00e2t des eaux dans un appartement a conduit \u00e0 u...","robots":{"index":"index","follow":"follow","max-snippet":"max-snippet:-1","max-image-preview":"max-image-preview:large","max-video-preview":"max-video-preview:-1"},"canonical":"https:\/\/kohenavocats.com\/tr\/cour-dappel-de-paris-le-15-mars-2024-n25-00402\/","og_locale":"tr_TR","og_type":"article","og_title":"Cour d'appel de Paris, le 15 mars 2024, n\u00b025\/00402","og_description":"La cour d\u2019appel de Paris, le 15 mars 2024, statue sur une demande d\u2019extension d\u2019une mesure d\u2019instruction. Un d\u00e9g\u00e2t des eaux dans un appartement a conduit \u00e0 u...","og_url":"https:\/\/kohenavocats.com\/tr\/cour-dappel-de-paris-le-15-mars-2024-n25-00402\/","og_site_name":"Ma\u00eetre Hassan Kohen, avocat en droit p\u00e9nal \u00e0 Paris","article_published_time":"2026-04-23T04:14:26+00:00","og_image":[{"width":6028,"height":4019,"url":"https:\/\/kohenavocats.com\/wp-content\/uploads\/2024\/07\/zach-plank-o-cpCRdEgxs-unsplash.webp","type":"image\/webp"}],"author":"Kohen","twitter_card":"summary_large_image","twitter_misc":{"Yazan:":"Kohen","Tahmini okuma s\u00fcresi":"3 dakika"},"schema":{"@context":"https:\/\/schema.org","@graph":[{"@type":"Article","@id":"https:\/\/kohenavocats.com\/tr\/cour-dappel-de-paris-le-15-mars-2024-n25-00402\/#article","isPartOf":{"@id":"https:\/\/kohenavocats.com\/tr\/cour-dappel-de-paris-le-15-mars-2024-n25-00402\/"},"author":{"name":"Kohen","@id":"https:\/\/kohenavocats.com\/tr\/#\/schema\/person\/761c9ba54fa1ca84d405cef0831ff751"},"headline":"Cour d&#8217;appel de Paris, le 15 mars 2024, n\u00b025\/00402","datePublished":"2026-04-23T04:14:26+00:00","mainEntityOfPage":{"@id":"https:\/\/kohenavocats.com\/tr\/cour-dappel-de-paris-le-15-mars-2024-n25-00402\/"},"wordCount":543,"commentCount":0,"publisher":{"@id":"https:\/\/kohenavocats.com\/tr\/#organization"},"image":{"@id":"https:\/\/kohenavocats.com\/tr\/cour-dappel-de-paris-le-15-mars-2024-n25-00402\/#primaryimage"},"thumbnailUrl":"https:\/\/kohenavocats.com\/wp-content\/uploads\/2024\/07\/zach-plank-o-cpCRdEgxs-unsplash.webp","articleSection":["Jurisprudence"],"inLanguage":"tr","potentialAction":[{"@type":"CommentAction","name":"Comment","target":["https:\/\/kohenavocats.com\/tr\/cour-dappel-de-paris-le-15-mars-2024-n25-00402\/#respond"]}],"citation":"Cour d&#8217;appel de Paris, le 15 mars 2024, n\u00b025\/00402","about":[{"@type":"Thing","name":"Jurisprudence"}],"dateModified":"2026-04-23T04:14:26+00:00","speakable":{"@type":"SpeakableSpecification","cssSelector":[".article-content > p:first-of-type"]}},{"@type":"WebPage","@id":"https:\/\/kohenavocats.com\/tr\/cour-dappel-de-paris-le-15-mars-2024-n25-00402\/","url":"https:\/\/kohenavocats.com\/tr\/cour-dappel-de-paris-le-15-mars-2024-n25-00402\/","name":"Cour d'appel de Paris, le 15 mars 2024, n\u00b025\/00402 - Ma\u00eetre Hassan Kohen, avocat en droit p\u00e9nal \u00e0 Paris","isPartOf":{"@id":"https:\/\/kohenavocats.com\/tr\/#website"},"primaryImageOfPage":{"@id":"https:\/\/kohenavocats.com\/tr\/cour-dappel-de-paris-le-15-mars-2024-n25-00402\/#primaryimage"},"image":{"@id":"https:\/\/kohenavocats.com\/tr\/cour-dappel-de-paris-le-15-mars-2024-n25-00402\/#primaryimage"},"thumbnailUrl":"https:\/\/kohenavocats.com\/wp-content\/uploads\/2024\/07\/zach-plank-o-cpCRdEgxs-unsplash.webp","datePublished":"2026-04-23T04:14:26+00:00","description":"La cour d\u2019appel de Paris, le 15 mars 2024, statue sur une demande d\u2019extension d\u2019une mesure d\u2019instruction. Un d\u00e9g\u00e2t des eaux dans un appartement a conduit \u00e0 u...","breadcrumb":{"@id":"https:\/\/kohenavocats.com\/tr\/cour-dappel-de-paris-le-15-mars-2024-n25-00402\/#breadcrumb"},"inLanguage":"tr","potentialAction":[{"@type":"ReadAction","target":["https:\/\/kohenavocats.com\/tr\/cour-dappel-de-paris-le-15-mars-2024-n25-00402\/"]}]},{"@type":"ImageObject","inLanguage":"tr","@id":"https:\/\/kohenavocats.com\/tr\/cour-dappel-de-paris-le-15-mars-2024-n25-00402\/#primaryimage","url":"https:\/\/kohenavocats.com\/wp-content\/uploads\/2024\/07\/zach-plank-o-cpCRdEgxs-unsplash.webp","contentUrl":"https:\/\/kohenavocats.com\/wp-content\/uploads\/2024\/07\/zach-plank-o-cpCRdEgxs-unsplash.webp","width":6028,"height":4019},{"@type":"BreadcrumbList","@id":"https:\/\/kohenavocats.com\/tr\/cour-dappel-de-paris-le-15-mars-2024-n25-00402\/#breadcrumb","itemListElement":[{"@type":"ListItem","position":1,"name":"Home","item":"https:\/\/kohenavocats.com\/tr\/avocats-en-droit-penal-a-paris-conseil-et-defense-strategique\/"},{"@type":"ListItem","position":2,"name":"Cour d&rsquo;appel de Paris, le 15 mars 2024, n\u00b025\/00402"}]},{"@type":"WebSite","@id":"https:\/\/kohenavocats.com\/tr\/#website","url":"https:\/\/kohenavocats.com\/tr\/","name":"Kohen Avocats","description":"Ma\u00eetre Hassan Kohen, avocat p\u00e9naliste \u00e0 Paris, intervient exclusivement en droit p\u00e9nal pour la d\u00e9fense des particuliers, notamment en mati\u00e8re d\u2019accusations de viol. Il assure un accompagnement rigoureux d\u00e8s la garde \u00e0 vue jusqu\u2019\u00e0 la Cour d\u2019assises, veillant au strict respect des garanties proc\u00e9durales.","publisher":{"@id":"https:\/\/kohenavocats.com\/tr\/#organization"},"potentialAction":[{"@type":"SearchAction","target":{"@type":"EntryPoint","urlTemplate":"https:\/\/kohenavocats.com\/tr\/?s={search_term_string}"},"query-input":{"@type":"PropertyValueSpecification","valueRequired":true,"valueName":"search_term_string"}}],"inLanguage":"tr"},{"@type":"Organization","@id":"https:\/\/kohenavocats.com\/tr\/#organization","name":"Kohen Avocats","url":"https:\/\/kohenavocats.com\/tr\/","logo":{"@type":"ImageObject","inLanguage":"tr","@id":"https:\/\/kohenavocats.com\/tr\/#\/schema\/logo\/image\/","url":"https:\/\/kohenavocats.com\/wp-content\/uploads\/2026\/01\/Logo-2-1.webp","contentUrl":"https:\/\/kohenavocats.com\/wp-content\/uploads\/2026\/01\/Logo-2-1.webp","width":2114,"height":1253,"caption":"Kohen Avocats"},"image":{"@id":"https:\/\/kohenavocats.com\/tr\/#\/schema\/logo\/image\/"}},{"@type":"Person","@id":"https:\/\/kohenavocats.com\/tr\/#\/schema\/person\/761c9ba54fa1ca84d405cef0831ff751","name":"Kohen","image":{"@type":"ImageObject","inLanguage":"tr","@id":"https:\/\/secure.gravatar.com\/avatar\/1c5e76ef76bbbfdd2b4da984e2bf2fa4056fd51a27d25ce2c332047f1dfd6e00?s=96&d=identicon&r=g","url":"https:\/\/secure.gravatar.com\/avatar\/1c5e76ef76bbbfdd2b4da984e2bf2fa4056fd51a27d25ce2c332047f1dfd6e00?s=96&d=identicon&r=g","contentUrl":"https:\/\/secure.gravatar.com\/avatar\/1c5e76ef76bbbfdd2b4da984e2bf2fa4056fd51a27d25ce2c332047f1dfd6e00?s=96&d=identicon&r=g","caption":"Kohen"},"sameAs":["https:\/\/www.linkedin.com\/in\/hassan-kohen-448548192\/","https:\/\/www.youtube.com\/@Kohen-Avocats"],"url":"https:\/\/kohenavocats.com\/tr\/author\/kohenmlk\/"}]}},"jetpack_featured_media_url":"https:\/\/kohenavocats.com\/wp-content\/uploads\/2024\/07\/zach-plank-o-cpCRdEgxs-unsplash.webp","jetpack_likes_enabled":false,"jetpack_shortlink":"https:\/\/wp.me\/peCrII-2KB2","jetpack-related-posts":[{"id":637673,"url":"https:\/\/kohenavocats.com\/tr\/cour-dappel-le-5-decembre-2024-n25-00969\/","url_meta":{"origin":655776,"position":0},"title":"Cour d&#8217;appel, le 5 d\u00e9cembre 2024, n\u00b025\/00969","author":"Kohen","date":"21 Nisan 2026","format":false,"excerpt":"La Cour d'appel, statuant en r\u00e9f\u00e9r\u00e9 le 5 d\u00e9cembre 2024, examine une demande d'extension d'une mesure d'expertise. Une propri\u00e9taire fait \u00e9tat d'infiltrations ...","rel":"","context":"&quot;Jurisprudence&quot; i\u00e7inde","block_context":{"text":"Jurisprudence","link":"https:\/\/kohenavocats.com\/category\/jurisprudence\/"},"img":{"alt_text":"","src":"https:\/\/i0.wp.com\/kohenavocats.com\/wp-content\/uploads\/2024\/11\/samuel-pujades-3y1FUf7mjFw-unsplash.webp?resize=350%2C200&ssl=1","width":350,"height":200,"srcset":"https:\/\/i0.wp.com\/kohenavocats.com\/wp-content\/uploads\/2024\/11\/samuel-pujades-3y1FUf7mjFw-unsplash.webp?resize=350%2C200&ssl=1 1x, https:\/\/i0.wp.com\/kohenavocats.com\/wp-content\/uploads\/2024\/11\/samuel-pujades-3y1FUf7mjFw-unsplash.webp?resize=525%2C300&ssl=1 1.5x, https:\/\/i0.wp.com\/kohenavocats.com\/wp-content\/uploads\/2024\/11\/samuel-pujades-3y1FUf7mjFw-unsplash.webp?resize=700%2C400&ssl=1 2x, https:\/\/i0.wp.com\/kohenavocats.com\/wp-content\/uploads\/2024\/11\/samuel-pujades-3y1FUf7mjFw-unsplash.webp?resize=1050%2C600&ssl=1 3x, https:\/\/i0.wp.com\/kohenavocats.com\/wp-content\/uploads\/2024\/11\/samuel-pujades-3y1FUf7mjFw-unsplash.webp?resize=1400%2C800&ssl=1 4x"},"classes":[]},{"id":482000,"url":"https:\/\/kohenavocats.com\/tr\/tribunal-judiciaire-de-creteil-le-18-novembre-2025-n25-00964\/","url_meta":{"origin":655776,"position":1},"title":"Tribunal judiciaire de Cr\u00e9teil, le 18 novembre 2025, n\u00b025\/00964","author":"Kohen","date":"8 Nisan 2026","format":false,"excerpt":"Le tribunal judiciaire de Cr\u00e9teil, statuant en r\u00e9f\u00e9r\u00e9 le 18 novembre 2025, se prononce sur une demande d\u2019extension d\u2019une mesure d\u2019instruction. Suite \u00e0 un d\u00e9g...","rel":"","context":"&quot;Jurisprudence&quot; i\u00e7inde","block_context":{"text":"Jurisprudence","link":"https:\/\/kohenavocats.com\/category\/jurisprudence\/"},"img":{"alt_text":"","src":"https:\/\/i0.wp.com\/kohenavocats.com\/wp-content\/uploads\/2024\/11\/jay-skyler-Ysbp5CrlNDo-unsplash.webp?resize=350%2C200&ssl=1","width":350,"height":200,"srcset":"https:\/\/i0.wp.com\/kohenavocats.com\/wp-content\/uploads\/2024\/11\/jay-skyler-Ysbp5CrlNDo-unsplash.webp?resize=350%2C200&ssl=1 1x, https:\/\/i0.wp.com\/kohenavocats.com\/wp-content\/uploads\/2024\/11\/jay-skyler-Ysbp5CrlNDo-unsplash.webp?resize=525%2C300&ssl=1 1.5x, https:\/\/i0.wp.com\/kohenavocats.com\/wp-content\/uploads\/2024\/11\/jay-skyler-Ysbp5CrlNDo-unsplash.webp?resize=700%2C400&ssl=1 2x, https:\/\/i0.wp.com\/kohenavocats.com\/wp-content\/uploads\/2024\/11\/jay-skyler-Ysbp5CrlNDo-unsplash.webp?resize=1050%2C600&ssl=1 3x, https:\/\/i0.wp.com\/kohenavocats.com\/wp-content\/uploads\/2024\/11\/jay-skyler-Ysbp5CrlNDo-unsplash.webp?resize=1400%2C800&ssl=1 4x"},"classes":[]},{"id":236280,"url":"https:\/\/kohenavocats.com\/tr\/tribunal-judiciaire-de-paris-le-18-juin-2025-n25-51705\/","url_meta":{"origin":655776,"position":2},"title":"Tribunal judiciaire de Paris, le 18 juin 2025, n\u00b025\/51705","author":"Kohen","date":"29 Aral\u0131k 2025","format":false,"excerpt":"Par ordonnance de r\u00e9f\u00e9r\u00e9 en date du 18 juin 2025, le Tribunal judiciaire de Paris a statu\u00e9 sur une demande d'expertise judiciaire fond\u00e9e sur l'article 145 du code de proc\u00e9dure civile. La demanderesse, propri\u00e9taire d'un appartement situ\u00e9 au sixi\u00e8me \u00e9tage d'un immeuble parisien, sollicitait la d\u00e9signation d'un expert aux fins\u2026","rel":"","context":"&quot;D\u00e9cisions juridiques&quot; i\u00e7inde","block_context":{"text":"D\u00e9cisions juridiques","link":"https:\/\/kohenavocats.com\/category\/decisions-juridiques\/"},"img":{"alt_text":"","src":"https:\/\/i0.wp.com\/kohenavocats.com\/wp-content\/uploads\/2024\/08\/pierre-antona-ir9dYEOvx5s-unsplash-1.webp?resize=350%2C200&ssl=1","width":350,"height":200,"srcset":"https:\/\/i0.wp.com\/kohenavocats.com\/wp-content\/uploads\/2024\/08\/pierre-antona-ir9dYEOvx5s-unsplash-1.webp?resize=350%2C200&ssl=1 1x, https:\/\/i0.wp.com\/kohenavocats.com\/wp-content\/uploads\/2024\/08\/pierre-antona-ir9dYEOvx5s-unsplash-1.webp?resize=525%2C300&ssl=1 1.5x, https:\/\/i0.wp.com\/kohenavocats.com\/wp-content\/uploads\/2024\/08\/pierre-antona-ir9dYEOvx5s-unsplash-1.webp?resize=700%2C400&ssl=1 2x, https:\/\/i0.wp.com\/kohenavocats.com\/wp-content\/uploads\/2024\/08\/pierre-antona-ir9dYEOvx5s-unsplash-1.webp?resize=1050%2C600&ssl=1 3x, https:\/\/i0.wp.com\/kohenavocats.com\/wp-content\/uploads\/2024\/08\/pierre-antona-ir9dYEOvx5s-unsplash-1.webp?resize=1400%2C800&ssl=1 4x"},"classes":[]},{"id":636241,"url":"https:\/\/kohenavocats.com\/tr\/cour-dappel-de-paris-le-15-mars-2026-n25-01253\/","url_meta":{"origin":655776,"position":3},"title":"Cour d&#8217;appel de Paris, le 15 mars 2026, n\u00b025\/01253","author":"Kohen","date":"21 Nisan 2026","format":false,"excerpt":"La Cour d\u2019appel de Paris, statuant en r\u00e9f\u00e9r\u00e9 le 15 mars 2026, a examin\u00e9 une demande d\u2019extension d\u2019une expertise. Suite \u00e0 un sinistre dans un immeuble, une ex...","rel":"","context":"&quot;Jurisprudence&quot; i\u00e7inde","block_context":{"text":"Jurisprudence","link":"https:\/\/kohenavocats.com\/category\/jurisprudence\/"},"img":{"alt_text":"","src":"https:\/\/i0.wp.com\/kohenavocats.com\/wp-content\/uploads\/2024\/08\/jacob-diehl-P_iWOHWnawg-unsplash.webp?resize=350%2C200&ssl=1","width":350,"height":200,"srcset":"https:\/\/i0.wp.com\/kohenavocats.com\/wp-content\/uploads\/2024\/08\/jacob-diehl-P_iWOHWnawg-unsplash.webp?resize=350%2C200&ssl=1 1x, https:\/\/i0.wp.com\/kohenavocats.com\/wp-content\/uploads\/2024\/08\/jacob-diehl-P_iWOHWnawg-unsplash.webp?resize=525%2C300&ssl=1 1.5x, https:\/\/i0.wp.com\/kohenavocats.com\/wp-content\/uploads\/2024\/08\/jacob-diehl-P_iWOHWnawg-unsplash.webp?resize=700%2C400&ssl=1 2x, https:\/\/i0.wp.com\/kohenavocats.com\/wp-content\/uploads\/2024\/08\/jacob-diehl-P_iWOHWnawg-unsplash.webp?resize=1050%2C600&ssl=1 3x, https:\/\/i0.wp.com\/kohenavocats.com\/wp-content\/uploads\/2024\/08\/jacob-diehl-P_iWOHWnawg-unsplash.webp?resize=1400%2C800&ssl=1 4x"},"classes":[]},{"id":449428,"url":"https:\/\/kohenavocats.com\/tr\/tribunal-judiciaire-le-7-aout-2025-n25-00556\/","url_meta":{"origin":655776,"position":4},"title":"Tribunal judiciaire, le 7 ao\u00fbt 2025, n\u00b025\/00556","author":"","date":"5 Nisan 2026","format":false,"excerpt":"La Cour d\u2019appel de Rennes, statuant en r\u00e9f\u00e9r\u00e9 le 7 ao\u00fbt 2025, a \u00e9t\u00e9 saisie par une copropri\u00e9taire, Mme [D] [N], afin d\u2019obtenir l\u2019extension d\u2019une mission...","rel":"","context":"&quot;D\u00e9cisions juridiques&quot; i\u00e7inde","block_context":{"text":"D\u00e9cisions juridiques","link":"https:\/\/kohenavocats.com\/category\/decisions-juridiques\/"},"img":{"alt_text":"","src":"https:\/\/i0.wp.com\/kohenavocats.com\/wp-content\/uploads\/2024\/08\/marina-vitale-ZYfLkRgZJQk-unsplash.webp?resize=350%2C200&ssl=1","width":350,"height":200,"srcset":"https:\/\/i0.wp.com\/kohenavocats.com\/wp-content\/uploads\/2024\/08\/marina-vitale-ZYfLkRgZJQk-unsplash.webp?resize=350%2C200&ssl=1 1x, https:\/\/i0.wp.com\/kohenavocats.com\/wp-content\/uploads\/2024\/08\/marina-vitale-ZYfLkRgZJQk-unsplash.webp?resize=525%2C300&ssl=1 1.5x, https:\/\/i0.wp.com\/kohenavocats.com\/wp-content\/uploads\/2024\/08\/marina-vitale-ZYfLkRgZJQk-unsplash.webp?resize=700%2C400&ssl=1 2x, https:\/\/i0.wp.com\/kohenavocats.com\/wp-content\/uploads\/2024\/08\/marina-vitale-ZYfLkRgZJQk-unsplash.webp?resize=1050%2C600&ssl=1 3x, https:\/\/i0.wp.com\/kohenavocats.com\/wp-content\/uploads\/2024\/08\/marina-vitale-ZYfLkRgZJQk-unsplash.webp?resize=1400%2C800&ssl=1 4x"},"classes":[]},{"id":523334,"url":"https:\/\/kohenavocats.com\/tr\/tribunal-judiciaire-de-nantes-le-9-octobre-2025-n25-00969\/","url_meta":{"origin":655776,"position":5},"title":"Tribunal judiciaire de Nantes, le 9 octobre 2025, n\u00b025\/00969","author":"Kohen","date":"9 Nisan 2026","format":false,"excerpt":"La Cour d'appel, statuant en r\u00e9f\u00e9r\u00e9 le 5 d\u00e9cembre 2024, examine une demande d'extension d'une mesure d'expertise. Une propri\u00e9taire fait \u00e9tat...","rel":"","context":"&quot;D\u00e9cisions juridiques&quot; i\u00e7inde","block_context":{"text":"D\u00e9cisions juridiques","link":"https:\/\/kohenavocats.com\/category\/decisions-juridiques\/"},"img":{"alt_text":"","src":"https:\/\/i0.wp.com\/kohenavocats.com\/wp-content\/uploads\/2024\/08\/stephanie-leblanc-5dZBzZxISXE-unsplash.webp?resize=350%2C200&ssl=1","width":350,"height":200,"srcset":"https:\/\/i0.wp.com\/kohenavocats.com\/wp-content\/uploads\/2024\/08\/stephanie-leblanc-5dZBzZxISXE-unsplash.webp?resize=350%2C200&ssl=1 1x, https:\/\/i0.wp.com\/kohenavocats.com\/wp-content\/uploads\/2024\/08\/stephanie-leblanc-5dZBzZxISXE-unsplash.webp?resize=525%2C300&ssl=1 1.5x, https:\/\/i0.wp.com\/kohenavocats.com\/wp-content\/uploads\/2024\/08\/stephanie-leblanc-5dZBzZxISXE-unsplash.webp?resize=700%2C400&ssl=1 2x, https:\/\/i0.wp.com\/kohenavocats.com\/wp-content\/uploads\/2024\/08\/stephanie-leblanc-5dZBzZxISXE-unsplash.webp?resize=1050%2C600&ssl=1 3x, https:\/\/i0.wp.com\/kohenavocats.com\/wp-content\/uploads\/2024\/08\/stephanie-leblanc-5dZBzZxISXE-unsplash.webp?resize=1400%2C800&ssl=1 4x"},"classes":[]}],"jetpack_sharing_enabled":true,"_links":{"self":[{"href":"https:\/\/kohenavocats.com\/tr\/wp-json\/wp\/v2\/posts\/655776","targetHints":{"allow":["GET"]}}],"collection":[{"href":"https:\/\/kohenavocats.com\/tr\/wp-json\/wp\/v2\/posts"}],"about":[{"href":"https:\/\/kohenavocats.com\/tr\/wp-json\/wp\/v2\/types\/post"}],"author":[{"embeddable":true,"href":"https:\/\/kohenavocats.com\/tr\/wp-json\/wp\/v2\/users\/232070755"}],"replies":[{"embeddable":true,"href":"https:\/\/kohenavocats.com\/tr\/wp-json\/wp\/v2\/comments?post=655776"}],"version-history":[{"count":0,"href":"https:\/\/kohenavocats.com\/tr\/wp-json\/wp\/v2\/posts\/655776\/revisions"}],"wp:featuredmedia":[{"embeddable":true,"href":"https:\/\/kohenavocats.com\/tr\/wp-json\/wp\/v2\/media\/3924"}],"wp:attachment":[{"href":"https:\/\/kohenavocats.com\/tr\/wp-json\/wp\/v2\/media?parent=655776"}],"wp:term":[{"taxonomy":"category","embeddable":true,"href":"https:\/\/kohenavocats.com\/tr\/wp-json\/wp\/v2\/categories?post=655776"},{"taxonomy":"post_tag","embeddable":true,"href":"https:\/\/kohenavocats.com\/tr\/wp-json\/wp\/v2\/tags?post=655776"}],"curies":[{"name":"wp","href":"https:\/\/api.w.org\/{rel}","templated":true}]}}